{"id":68217,"date":"2024-09-04T18:48:22","date_gmt":"2024-09-04T16:48:22","guid":{"rendered":"https:\/\/now-news.de\/de\/deutschland\/zwoelfjaehrige-im-schwimmbad-vergewaltigt-ermittlungen-gegen-15-jaehrigen-syrer\/"},"modified":"2024-09-04T18:48:22","modified_gmt":"2024-09-04T16:48:22","slug":"zwoelfjaehrige-im-schwimmbad-vergewaltigt-ermittlungen-gegen-15-jaehrigen-syrer","status":"publish","type":"post","link":"https:\/\/now-news.de\/de\/deutschland\/zwoelfjaehrige-im-schwimmbad-vergewaltigt-ermittlungen-gegen-15-jaehrigen-syrer\/","title":{"rendered":"Zw\u00f6lfj\u00e4hrige im Schwimmbad vergewaltigt: Ermittlungen gegen 15-j\u00e4hrigen Syrer"},"content":{"rendered":"<p><img decoding=\"async\" src=\"https:\/\/now-news.de\/de\/wp-content\/uploads\/sites\/3\/2024\/09\/66d86239b480cc1e503118b5.jpg\" \/><\/p>\n<div class=\"Text-root Text-type_1 \">\n                Die Beh\u00f6rden in Braunschweig ermitteln gegen einen 15-j\u00e4hrigen Syrer. Dieser soll in einem Schwimmbad ein zw\u00f6lfj\u00e4hriges M\u00e4dchen vergewaltigt haben. Der Vorfall ereignete sich bereits vor \u00fcber drei Wochen, wurde aber von der Polizei unter Verschluss gehalten.\n            <\/div>\n<p><\/p>\n<div class=\"Text-root Text-type_5 ArticleView-text ViewText-root \">\n<p>Die Oberstaatsanwaltschaft Braunschweig ermittelt wegen des Verdachts der Vergewaltigung eines zw\u00f6lfj\u00e4hrigen M\u00e4dchens in einem Schwimmbad gegen einen 15-j\u00e4hrigen Syrer. Das best\u00e4tigte Oberstaatsanwalt Hans Christian Wolters gegen\u00fcber dem Springerblatt <em>Welt<\/em>. Zuerst hatten die <em>Braunschweiger Zeitung<\/em> und das Portal r<em>egionalHeute<\/em> \u00fcber das mutma\u00dfliche Verbrechen berichtet.<\/p>\n<p>Der Vorfall in der\u00a0Braunschweiger Wasserwelt ereignete sich demnach bereits am 10. August. Der Oberstaatsanwalt\u00a0beschrieb ihn\u00a0gegen\u00fcber der <em>Welt<\/em> so:<\/p>\n<p><em>&#8220;Das sp\u00e4tere Opfer befand sich mit Freundinnen im Schwimmbad und wurde dort im Wasser von dem 15-J\u00e4hrigen und dessen Freund bel\u00e4stigt.&#8221;<\/em><\/p>\n<p>Wolters gebrauchte den Begriff der &#8220;sexuellen Bel\u00e4stigung&#8221;. Die mutma\u00dfliche Vergewaltigung der 12-J\u00e4hrigen durch den 15-J\u00e4hrigen soll dann in der\u00a0Umkleidekabine erfolgt sein.\u00a0Viel mehr ist \u00fcber das mutma\u00dfliche Verbrechen noch nicht bekannt. Die <em>Braunschweiger Zeitung<\/em> zitiert einen Sprecher der\u00a0Oberstaatsanwaltschaft mit dieser Aussage:<\/p>\n<p><em>&#8220;Die weiteren Hintergr\u00fcnde, insbesondere der genaue Geschehensablauf, sind Gegenstand der laufenden Ermittlungen. Es stehen insbesondere noch Spurenabgleiche aus. Die Ermittlungen befinden sich, auch wenn die Tat bereits drei Wochen zur\u00fcckliegt, noch relativ am Anfang.&#8221;<\/em><\/p>\n<p>Dagegen ist bekannt, was nach der mutma\u00dflichen\u00a0Vergewaltigung\u00a0geschah. Eine Sprecherin der Braunschweiger Polizei sagte der <em>Welt<\/em>:<\/p>\n<p><em>&#8220;Ein Mitarbeiter des Bades alarmierte die Polizei, nachdem das mutma\u00dflich gesch\u00e4digte M\u00e4dchen sich an ihn gewendet hatte.&#8221;<\/em><\/p>\n<p>Die Beamten h\u00e4tten von Zeugen Hinweise zum Beschuldigten erhalten und\u00a0so den jugendlichen Verd\u00e4chtigen noch auf dem Gel\u00e4nde des Bades stellen k\u00f6nnen. Die Beamten h\u00e4tten die Personalien des Syrers und die des Opfers sowie zwei ihrer Freundinnen aufgenommen. Zu dem Einsatz seien zehn Beamte in f\u00fcnf Einsatzfahrzeugen ausger\u00fcckt.\u00a0Weitere Ma\u00dfnahmen gegen den mutma\u00dflichen T\u00e4ter erfolgten\u00a0demnach nicht.<\/p>\n<p>Wie die\u00a0<em>Braunschweiger Zeitung<\/em>\u00a0berichtet,\u00a0habe die Polizei den Vorfall der \u00d6ffentlichkeit gegen\u00fcber zun\u00e4chst verschwiegen, angeblich aus R\u00fccksicht auf das jugendliche Alter des Opfers. Erst als ein Leser die Zeitung auf den Vorfall aufmerksam machte und diese bei den Beh\u00f6rden nachfragte, wurden die Ermittlungen best\u00e4tigt.<\/p>\n<p><strong>Mehr zum Thema<\/strong> &#8211; <a rel=\"nofollow noopener\" target=\"_blank\" href=\"https:\/\/freedert.online\/inland\/209777-hamburg-20-jaehrige-erhaelt-jugendarrest-gruppenvergewaltiger-im-netz-beleidigt\/\">Hamburg: 20-J\u00e4hrige erh\u00e4lt Jugendarrest, weil sie Gruppenvergewaltiger im Netz beleidigte<\/a><\/p>\n<div class=\"EmbedBlock-root EmbedBlock-externalVideo EmbedBlock-rumble\">\n<div class=\"VkEmbed\"><iframe class=\"lazyload\" data-src=\"https:\/\/rumble.com\/embed\/v51xqlx\" frameborder=\"0\" width=\"853\" height=\"480\" allowfullscreen><\/iframe><\/div>\n<\/div>\n<\/div>\n<p><br \/>\n<br \/><a href=\"https:\/\/de.rt.com\/inland\/218058-15-jaehriger-syrer-soll-zwoelfjaehrige\/\">Source link <\/a><\/p>\n","protected":false},"excerpt":{"rendered":"<p>Die Beh\u00f6rden in Braunschweig ermitteln gegen einen 15-j\u00e4hrigen Syrer. Dieser soll in einem Schwimmbad ein zw\u00f6lfj\u00e4hriges M\u00e4dchen vergewaltigt haben. Der Vorfall ereignete sich bereits vor \u00fcber drei Wochen, wurde aber von der Polizei unter Verschluss gehalten. Die Oberstaatsanwaltschaft Braunschweig ermittelt wegen des Verdachts der Vergewaltigung eines zw\u00f6lfj\u00e4hrigen M\u00e4dchens in einem Schwimmbad gegen einen 15-j\u00e4hrigen Syrer. [&hellip;]<\/p>\n","protected":false},"author":3,"featured_media":68218,"comment_status":"open","ping_status":"open","sticky":false,"template":"","format":"standard","meta":{"_yoast_indexnow_last_ping":["1725468525"],"wp_automatic_camp":["217"],"8fc70e1b6d84dfdd82c1fc447acf387b":["Zw\u00f6lfj\u00e4hrige im Schwimmbad vergewaltigt: Ermittlungen gegen 15-j\u00e4hrigen Syrer"],"original_link":["https:\/\/de.rt.com\/inland\/218058-15-jaehriger-syrer-soll-zwoelfjaehrige\/"],"_thumbnail_id":["68218"],"_wptgpro_p2tg_sent2tg":["a:1:{i:23737;s:19:\"2024-09-04 18:49:53\";}"],"jnews_social_counter_last_update":["1776835999"]},"categories":[19,23],"tags":[18651,11020,278,25189,18074,8220,58220],"yoast_head":"<!-- This site is optimized with the Yoast SEO Premium plugin v22.7 (Yoast SEO v22.7) - https:\/\/yoast.com\/wordpress\/plugins\/seo\/ -->\n<title>Zw\u00f6lfj\u00e4hrige im Schwimmbad vergewaltigt: Ermittlungen gegen 15-j\u00e4hrigen Syrer - just-now.NEWS Deutschland<\/title>\n<meta name=\"robots\" content=\"index, follow, max-snippet:-1, max-image-preview:large, max-video-preview:-1\" \/>\n<link rel=\"canonical\" href=\"https:\/\/now-news.de\/de\/deutschland\/zwoelfjaehrige-im-schwimmbad-vergewaltigt-ermittlungen-gegen-15-jaehrigen-syrer\/\" \/>\n<meta property=\"og:locale\" content=\"de_DE\" \/>\n<meta property=\"og:type\" content=\"article\" \/>\n<meta property=\"og:title\" content=\"Zw\u00f6lfj\u00e4hrige im Schwimmbad vergewaltigt: Ermittlungen gegen 15-j\u00e4hrigen Syrer\" \/>\n<meta property=\"og:description\" content=\"Die Beh\u00f6rden in Braunschweig ermitteln gegen einen 15-j\u00e4hrigen Syrer. Dieser soll in einem Schwimmbad ein zw\u00f6lfj\u00e4hriges M\u00e4dchen vergewaltigt haben. Der Vorfall ereignete sich bereits vor \u00fcber drei Wochen, wurde aber von der Polizei unter Verschluss gehalten. Die Oberstaatsanwaltschaft Braunschweig ermittelt wegen des Verdachts der Vergewaltigung eines zw\u00f6lfj\u00e4hrigen M\u00e4dchens in einem Schwimmbad gegen einen 15-j\u00e4hrigen Syrer. [&hellip;]\" \/>\n<meta property=\"og:url\" content=\"https:\/\/now-news.de\/de\/deutschland\/zwoelfjaehrige-im-schwimmbad-vergewaltigt-ermittlungen-gegen-15-jaehrigen-syrer\/\" \/>\n<meta property=\"og:site_name\" content=\"just-now.NEWS Deutschland\" \/>\n<meta property=\"article:publisher\" content=\"https:\/\/www.facebook.com\/wirmachenauf\" \/>\n<meta property=\"article:published_time\" content=\"2024-09-04T16:48:22+00:00\" \/>\n<meta property=\"og:image\" content=\"https:\/\/now-news.de\/de\/wp-content\/uploads\/sites\/3\/2024\/09\/66d86239b480cc1e503118b5.jpg\" \/>\n<meta name=\"author\" content=\"rtnews\" \/>\n<meta name=\"twitter:card\" content=\"summary_large_image\" \/>\n<meta name=\"twitter:creator\" content=\"@WirMachenAuf_de\" \/>\n<meta name=\"twitter:site\" content=\"@WirMachenAuf_de\" \/>\n<meta name=\"twitter:label1\" content=\"Verfasst von\" \/>\n\t<meta name=\"twitter:data1\" content=\"rtnews\" \/>\n\t<meta name=\"twitter:label2\" content=\"Gesch\u00e4tzte Lesezeit\" \/>\n\t<meta name=\"twitter:data2\" content=\"2\u00a0Minuten\" \/>\n<script type=\"application\/ld+json\" class=\"yoast-schema-graph\">{\"@context\":\"https:\/\/schema.org\",\"@graph\":[{\"@type\":\"Article\",\"@id\":\"https:\/\/now-news.de\/de\/deutschland\/zwoelfjaehrige-im-schwimmbad-vergewaltigt-ermittlungen-gegen-15-jaehrigen-syrer\/#article\",\"isPartOf\":{\"@id\":\"https:\/\/now-news.de\/de\/deutschland\/zwoelfjaehrige-im-schwimmbad-vergewaltigt-ermittlungen-gegen-15-jaehrigen-syrer\/\"},\"author\":{\"name\":\"rtnews\",\"@id\":\"https:\/\/now-news.de\/de\/#\/schema\/person\/fb534a4e865501d8b3285208df34a9b5\"},\"headline\":\"Zw\u00f6lfj\u00e4hrige im Schwimmbad vergewaltigt: Ermittlungen gegen 15-j\u00e4hrigen Syrer\",\"datePublished\":\"2024-09-04T16:48:22+00:00\",\"dateModified\":\"2024-09-04T16:48:22+00:00\",\"mainEntityOfPage\":{\"@id\":\"https:\/\/now-news.de\/de\/deutschland\/zwoelfjaehrige-im-schwimmbad-vergewaltigt-ermittlungen-gegen-15-jaehrigen-syrer\/\"},\"wordCount\":405,\"commentCount\":0,\"publisher\":{\"@id\":\"https:\/\/now-news.de\/de\/#organization\"},\"image\":{\"@id\":\"https:\/\/now-news.de\/de\/deutschland\/zwoelfjaehrige-im-schwimmbad-vergewaltigt-ermittlungen-gegen-15-jaehrigen-syrer\/#primaryimage\"},\"thumbnailUrl\":\"https:\/\/now-news.de\/de\/wp-content\/uploads\/sites\/3\/2024\/09\/Zwoelfjaehrige-im-Schwimmbad-vergewaltigt-Ermittlungen-gegen-15-jaehrigen-Syrer.jpg\",\"keywords\":[\"15j\u00e4hrigen\",\"Ermittlungen\",\"gegen\",\"Schwimmbad\",\"Syrer\",\"vergewaltigt\",\"Zw\u00f6lfj\u00e4hrige\"],\"articleSection\":[\"Deutschland\",\"Russland\"],\"inLanguage\":\"de\",\"potentialAction\":[{\"@type\":\"CommentAction\",\"name\":\"Comment\",\"target\":[\"https:\/\/now-news.de\/de\/deutschland\/zwoelfjaehrige-im-schwimmbad-vergewaltigt-ermittlungen-gegen-15-jaehrigen-syrer\/#respond\"]}]},{\"@type\":\"WebPage\",\"@id\":\"https:\/\/now-news.de\/de\/deutschland\/zwoelfjaehrige-im-schwimmbad-vergewaltigt-ermittlungen-gegen-15-jaehrigen-syrer\/\",\"url\":\"https:\/\/now-news.de\/de\/deutschland\/zwoelfjaehrige-im-schwimmbad-vergewaltigt-ermittlungen-gegen-15-jaehrigen-syrer\/\",\"name\":\"Zw\u00f6lfj\u00e4hrige im Schwimmbad vergewaltigt: Ermittlungen gegen 15-j\u00e4hrigen Syrer - just-now.NEWS Deutschland\",\"isPartOf\":{\"@id\":\"https:\/\/now-news.de\/de\/#website\"},\"primaryImageOfPage\":{\"@id\":\"https:\/\/now-news.de\/de\/deutschland\/zwoelfjaehrige-im-schwimmbad-vergewaltigt-ermittlungen-gegen-15-jaehrigen-syrer\/#primaryimage\"},\"image\":{\"@id\":\"https:\/\/now-news.de\/de\/deutschland\/zwoelfjaehrige-im-schwimmbad-vergewaltigt-ermittlungen-gegen-15-jaehrigen-syrer\/#primaryimage\"},\"thumbnailUrl\":\"https:\/\/now-news.de\/de\/wp-content\/uploads\/sites\/3\/2024\/09\/Zwoelfjaehrige-im-Schwimmbad-vergewaltigt-Ermittlungen-gegen-15-jaehrigen-Syrer.jpg\",\"datePublished\":\"2024-09-04T16:48:22+00:00\",\"dateModified\":\"2024-09-04T16:48:22+00:00\",\"breadcrumb\":{\"@id\":\"https:\/\/now-news.de\/de\/deutschland\/zwoelfjaehrige-im-schwimmbad-vergewaltigt-ermittlungen-gegen-15-jaehrigen-syrer\/#breadcrumb\"},\"inLanguage\":\"de\",\"potentialAction\":[{\"@type\":\"ReadAction\",\"target\":[\"https:\/\/now-news.de\/de\/deutschland\/zwoelfjaehrige-im-schwimmbad-vergewaltigt-ermittlungen-gegen-15-jaehrigen-syrer\/\"]}]},{\"@type\":\"ImageObject\",\"inLanguage\":\"de\",\"@id\":\"https:\/\/now-news.de\/de\/deutschland\/zwoelfjaehrige-im-schwimmbad-vergewaltigt-ermittlungen-gegen-15-jaehrigen-syrer\/#primaryimage\",\"url\":\"https:\/\/now-news.de\/de\/wp-content\/uploads\/sites\/3\/2024\/09\/Zwoelfjaehrige-im-Schwimmbad-vergewaltigt-Ermittlungen-gegen-15-jaehrigen-Syrer.jpg\",\"contentUrl\":\"https:\/\/now-news.de\/de\/wp-content\/uploads\/sites\/3\/2024\/09\/Zwoelfjaehrige-im-Schwimmbad-vergewaltigt-Ermittlungen-gegen-15-jaehrigen-Syrer.jpg\",\"width\":460,\"height\":259,\"caption\":\"Zw\u00f6lfj\u00e4hrige im Schwimmbad vergewaltigt: Ermittlungen gegen 15-j\u00e4hrigen Syrer\"},{\"@type\":\"BreadcrumbList\",\"@id\":\"https:\/\/now-news.de\/de\/deutschland\/zwoelfjaehrige-im-schwimmbad-vergewaltigt-ermittlungen-gegen-15-jaehrigen-syrer\/#breadcrumb\",\"itemListElement\":[{\"@type\":\"ListItem\",\"position\":1,\"name\":\"Home\",\"item\":\"https:\/\/now-news.de\/de\/\"},{\"@type\":\"ListItem\",\"position\":2,\"name\":\"Zw\u00f6lfj\u00e4hrige im Schwimmbad vergewaltigt: Ermittlungen gegen 15-j\u00e4hrigen Syrer\"}]},{\"@type\":\"WebSite\",\"@id\":\"https:\/\/now-news.de\/de\/#website\",\"url\":\"https:\/\/now-news.de\/de\/\",\"name\":\"just-now.NEWS Deutschland\",\"description\":\"Das Portal f\u00fcr unzensierte Nachrichten aus der Welt\",\"publisher\":{\"@id\":\"https:\/\/now-news.de\/de\/#organization\"},\"potentialAction\":[{\"@type\":\"SearchAction\",\"target\":{\"@type\":\"EntryPoint\",\"urlTemplate\":\"https:\/\/now-news.de\/de\/?s={search_term_string}\"},\"query-input\":\"required name=search_term_string\"}],\"inLanguage\":\"de\"},{\"@type\":\"Organization\",\"@id\":\"https:\/\/now-news.de\/de\/#organization\",\"name\":\"Just Now News\",\"url\":\"https:\/\/now-news.de\/de\/\",\"logo\":{\"@type\":\"ImageObject\",\"inLanguage\":\"de\",\"@id\":\"https:\/\/now-news.de\/de\/#\/schema\/logo\/image\/\",\"url\":\"http:\/\/just-now.news\/de\/wp-content\/uploads\/sites\/3\/2022\/04\/logo500x500.jpg\",\"contentUrl\":\"http:\/\/just-now.news\/de\/wp-content\/uploads\/sites\/3\/2022\/04\/logo500x500.jpg\",\"width\":500,\"height\":500,\"caption\":\"Just Now News\"},\"image\":{\"@id\":\"https:\/\/now-news.de\/de\/#\/schema\/logo\/image\/\"},\"sameAs\":[\"https:\/\/www.facebook.com\/wirmachenauf\",\"https:\/\/x.com\/WirMachenAuf_de\"]},{\"@type\":\"Person\",\"@id\":\"https:\/\/now-news.de\/de\/#\/schema\/person\/fb534a4e865501d8b3285208df34a9b5\",\"name\":\"rtnews\",\"image\":{\"@type\":\"ImageObject\",\"inLanguage\":\"de\",\"@id\":\"https:\/\/now-news.de\/de\/#\/schema\/person\/image\/\",\"url\":\"https:\/\/secure.gravatar.com\/avatar\/82aafea7d8127119dd649515f56e2117?s=96&d=mm&r=g\",\"contentUrl\":\"https:\/\/secure.gravatar.com\/avatar\/82aafea7d8127119dd649515f56e2117?s=96&d=mm&r=g\",\"caption\":\"rtnews\"},\"url\":\"https:\/\/now-news.de\/de\/author\/rnews\/\"}]}<\/script>\n<!-- \/ Yoast SEO Premium plugin. -->","yoast_head_json":{"title":"Zw\u00f6lfj\u00e4hrige im Schwimmbad vergewaltigt: Ermittlungen gegen 15-j\u00e4hrigen Syrer - just-now.NEWS Deutschland","robots":{"index":"index","follow":"follow","max-snippet":"max-snippet:-1","max-image-preview":"max-image-preview:large","max-video-preview":"max-video-preview:-1"},"canonical":"https:\/\/now-news.de\/de\/deutschland\/zwoelfjaehrige-im-schwimmbad-vergewaltigt-ermittlungen-gegen-15-jaehrigen-syrer\/","og_locale":"de_DE","og_type":"article","og_title":"Zw\u00f6lfj\u00e4hrige im Schwimmbad vergewaltigt: Ermittlungen gegen 15-j\u00e4hrigen Syrer","og_description":"Die Beh\u00f6rden in Braunschweig ermitteln gegen einen 15-j\u00e4hrigen Syrer. Dieser soll in einem Schwimmbad ein zw\u00f6lfj\u00e4hriges M\u00e4dchen vergewaltigt haben. Der Vorfall ereignete sich bereits vor \u00fcber drei Wochen, wurde aber von der Polizei unter Verschluss gehalten. Die Oberstaatsanwaltschaft Braunschweig ermittelt wegen des Verdachts der Vergewaltigung eines zw\u00f6lfj\u00e4hrigen M\u00e4dchens in einem Schwimmbad gegen einen 15-j\u00e4hrigen Syrer. [&hellip;]","og_url":"https:\/\/now-news.de\/de\/deutschland\/zwoelfjaehrige-im-schwimmbad-vergewaltigt-ermittlungen-gegen-15-jaehrigen-syrer\/","og_site_name":"just-now.NEWS Deutschland","article_publisher":"https:\/\/www.facebook.com\/wirmachenauf","article_published_time":"2024-09-04T16:48:22+00:00","og_image":[{"url":"https:\/\/now-news.de\/de\/wp-content\/uploads\/sites\/3\/2024\/09\/66d86239b480cc1e503118b5.jpg"}],"author":"rtnews","twitter_card":"summary_large_image","twitter_creator":"@WirMachenAuf_de","twitter_site":"@WirMachenAuf_de","twitter_misc":{"Verfasst von":"rtnews","Gesch\u00e4tzte Lesezeit":"2\u00a0Minuten"},"schema":{"@context":"https:\/\/schema.org","@graph":[{"@type":"Article","@id":"https:\/\/now-news.de\/de\/deutschland\/zwoelfjaehrige-im-schwimmbad-vergewaltigt-ermittlungen-gegen-15-jaehrigen-syrer\/#article","isPartOf":{"@id":"https:\/\/now-news.de\/de\/deutschland\/zwoelfjaehrige-im-schwimmbad-vergewaltigt-ermittlungen-gegen-15-jaehrigen-syrer\/"},"author":{"name":"rtnews","@id":"https:\/\/now-news.de\/de\/#\/schema\/person\/fb534a4e865501d8b3285208df34a9b5"},"headline":"Zw\u00f6lfj\u00e4hrige im Schwimmbad vergewaltigt: Ermittlungen gegen 15-j\u00e4hrigen Syrer","datePublished":"2024-09-04T16:48:22+00:00","dateModified":"2024-09-04T16:48:22+00:00","mainEntityOfPage":{"@id":"https:\/\/now-news.de\/de\/deutschland\/zwoelfjaehrige-im-schwimmbad-vergewaltigt-ermittlungen-gegen-15-jaehrigen-syrer\/"},"wordCount":405,"commentCount":0,"publisher":{"@id":"https:\/\/now-news.de\/de\/#organization"},"image":{"@id":"https:\/\/now-news.de\/de\/deutschland\/zwoelfjaehrige-im-schwimmbad-vergewaltigt-ermittlungen-gegen-15-jaehrigen-syrer\/#primaryimage"},"thumbnailUrl":"https:\/\/now-news.de\/de\/wp-content\/uploads\/sites\/3\/2024\/09\/Zwoelfjaehrige-im-Schwimmbad-vergewaltigt-Ermittlungen-gegen-15-jaehrigen-Syrer.jpg","keywords":["15j\u00e4hrigen","Ermittlungen","gegen","Schwimmbad","Syrer","vergewaltigt","Zw\u00f6lfj\u00e4hrige"],"articleSection":["Deutschland","Russland"],"inLanguage":"de","potentialAction":[{"@type":"CommentAction","name":"Comment","target":["https:\/\/now-news.de\/de\/deutschland\/zwoelfjaehrige-im-schwimmbad-vergewaltigt-ermittlungen-gegen-15-jaehrigen-syrer\/#respond"]}]},{"@type":"WebPage","@id":"https:\/\/now-news.de\/de\/deutschland\/zwoelfjaehrige-im-schwimmbad-vergewaltigt-ermittlungen-gegen-15-jaehrigen-syrer\/","url":"https:\/\/now-news.de\/de\/deutschland\/zwoelfjaehrige-im-schwimmbad-vergewaltigt-ermittlungen-gegen-15-jaehrigen-syrer\/","name":"Zw\u00f6lfj\u00e4hrige im Schwimmbad vergewaltigt: Ermittlungen gegen 15-j\u00e4hrigen Syrer - just-now.NEWS Deutschland","isPartOf":{"@id":"https:\/\/now-news.de\/de\/#website"},"primaryImageOfPage":{"@id":"https:\/\/now-news.de\/de\/deutschland\/zwoelfjaehrige-im-schwimmbad-vergewaltigt-ermittlungen-gegen-15-jaehrigen-syrer\/#primaryimage"},"image":{"@id":"https:\/\/now-news.de\/de\/deutschland\/zwoelfjaehrige-im-schwimmbad-vergewaltigt-ermittlungen-gegen-15-jaehrigen-syrer\/#primaryimage"},"thumbnailUrl":"https:\/\/now-news.de\/de\/wp-content\/uploads\/sites\/3\/2024\/09\/Zwoelfjaehrige-im-Schwimmbad-vergewaltigt-Ermittlungen-gegen-15-jaehrigen-Syrer.jpg","datePublished":"2024-09-04T16:48:22+00:00","dateModified":"2024-09-04T16:48:22+00:00","breadcrumb":{"@id":"https:\/\/now-news.de\/de\/deutschland\/zwoelfjaehrige-im-schwimmbad-vergewaltigt-ermittlungen-gegen-15-jaehrigen-syrer\/#breadcrumb"},"inLanguage":"de","potentialAction":[{"@type":"ReadAction","target":["https:\/\/now-news.de\/de\/deutschland\/zwoelfjaehrige-im-schwimmbad-vergewaltigt-ermittlungen-gegen-15-jaehrigen-syrer\/"]}]},{"@type":"ImageObject","inLanguage":"de","@id":"https:\/\/now-news.de\/de\/deutschland\/zwoelfjaehrige-im-schwimmbad-vergewaltigt-ermittlungen-gegen-15-jaehrigen-syrer\/#primaryimage","url":"https:\/\/now-news.de\/de\/wp-content\/uploads\/sites\/3\/2024\/09\/Zwoelfjaehrige-im-Schwimmbad-vergewaltigt-Ermittlungen-gegen-15-jaehrigen-Syrer.jpg","contentUrl":"https:\/\/now-news.de\/de\/wp-content\/uploads\/sites\/3\/2024\/09\/Zwoelfjaehrige-im-Schwimmbad-vergewaltigt-Ermittlungen-gegen-15-jaehrigen-Syrer.jpg","width":460,"height":259,"caption":"Zw\u00f6lfj\u00e4hrige im Schwimmbad vergewaltigt: Ermittlungen gegen 15-j\u00e4hrigen Syrer"},{"@type":"BreadcrumbList","@id":"https:\/\/now-news.de\/de\/deutschland\/zwoelfjaehrige-im-schwimmbad-vergewaltigt-ermittlungen-gegen-15-jaehrigen-syrer\/#breadcrumb","itemListElement":[{"@type":"ListItem","position":1,"name":"Home","item":"https:\/\/now-news.de\/de\/"},{"@type":"ListItem","position":2,"name":"Zw\u00f6lfj\u00e4hrige im Schwimmbad vergewaltigt: Ermittlungen gegen 15-j\u00e4hrigen Syrer"}]},{"@type":"WebSite","@id":"https:\/\/now-news.de\/de\/#website","url":"https:\/\/now-news.de\/de\/","name":"just-now.NEWS Deutschland","description":"Das Portal f\u00fcr unzensierte Nachrichten aus der Welt","publisher":{"@id":"https:\/\/now-news.de\/de\/#organization"},"potentialAction":[{"@type":"SearchAction","target":{"@type":"EntryPoint","urlTemplate":"https:\/\/now-news.de\/de\/?s={search_term_string}"},"query-input":"required name=search_term_string"}],"inLanguage":"de"},{"@type":"Organization","@id":"https:\/\/now-news.de\/de\/#organization","name":"Just Now News","url":"https:\/\/now-news.de\/de\/","logo":{"@type":"ImageObject","inLanguage":"de","@id":"https:\/\/now-news.de\/de\/#\/schema\/logo\/image\/","url":"http:\/\/just-now.news\/de\/wp-content\/uploads\/sites\/3\/2022\/04\/logo500x500.jpg","contentUrl":"http:\/\/just-now.news\/de\/wp-content\/uploads\/sites\/3\/2022\/04\/logo500x500.jpg","width":500,"height":500,"caption":"Just Now News"},"image":{"@id":"https:\/\/now-news.de\/de\/#\/schema\/logo\/image\/"},"sameAs":["https:\/\/www.facebook.com\/wirmachenauf","https:\/\/x.com\/WirMachenAuf_de"]},{"@type":"Person","@id":"https:\/\/now-news.de\/de\/#\/schema\/person\/fb534a4e865501d8b3285208df34a9b5","name":"rtnews","image":{"@type":"ImageObject","inLanguage":"de","@id":"https:\/\/now-news.de\/de\/#\/schema\/person\/image\/","url":"https:\/\/secure.gravatar.com\/avatar\/82aafea7d8127119dd649515f56e2117?s=96&d=mm&r=g","contentUrl":"https:\/\/secure.gravatar.com\/avatar\/82aafea7d8127119dd649515f56e2117?s=96&d=mm&r=g","caption":"rtnews"},"url":"https:\/\/now-news.de\/de\/author\/rnews\/"}]}},"_links":{"self":[{"href":"https:\/\/now-news.de\/de\/wp-json\/wp\/v2\/posts\/68217"}],"collection":[{"href":"https:\/\/now-news.de\/de\/wp-json\/wp\/v2\/posts"}],"about":[{"href":"https:\/\/now-news.de\/de\/wp-json\/wp\/v2\/types\/post"}],"author":[{"embeddable":true,"href":"https:\/\/now-news.de\/de\/wp-json\/wp\/v2\/users\/3"}],"replies":[{"embeddable":true,"href":"https:\/\/now-news.de\/de\/wp-json\/wp\/v2\/comments?post=68217"}],"version-history":[{"count":0,"href":"https:\/\/now-news.de\/de\/wp-json\/wp\/v2\/posts\/68217\/revisions"}],"wp:featuredmedia":[{"embeddable":true,"href":"https:\/\/now-news.de\/de\/wp-json\/wp\/v2\/media\/68218"}],"wp:attachment":[{"href":"https:\/\/now-news.de\/de\/wp-json\/wp\/v2\/media?parent=68217"}],"wp:term":[{"taxonomy":"category","embeddable":true,"href":"https:\/\/now-news.de\/de\/wp-json\/wp\/v2\/categories?post=68217"},{"taxonomy":"post_tag","embeddable":true,"href":"https:\/\/now-news.de\/de\/wp-json\/wp\/v2\/tags?post=68217"}],"curies":[{"name":"wp","href":"https:\/\/api.w.org\/{rel}","templated":true}]}}