{"id":68198,"date":"2024-09-04T15:58:24","date_gmt":"2024-09-04T13:58:24","guid":{"rendered":"https:\/\/now-news.de\/de\/deutschland\/verlaengerter-arm-des-kreml-cdu-politiker-stellen-sich-gegen-zusammenarbeit-mit-bsw\/"},"modified":"2024-09-04T15:58:24","modified_gmt":"2024-09-04T13:58:24","slug":"verlaengerter-arm-des-kreml-cdu-politiker-stellen-sich-gegen-zusammenarbeit-mit-bsw","status":"publish","type":"post","link":"https:\/\/now-news.de\/de\/deutschland\/verlaengerter-arm-des-kreml-cdu-politiker-stellen-sich-gegen-zusammenarbeit-mit-bsw\/","title":{"rendered":"&quot;Verl\u00e4ngerter Arm des Kreml&quot; \u2013 CDU-Politiker stellen sich gegen Zusammenarbeit mit BSW"},"content":{"rendered":"<p><img decoding=\"async\" src=\"https:\/\/now-news.de\/de\/wp-content\/uploads\/sites\/3\/2024\/09\/66d827eb48fbef4609200109.jpg\" \/><\/p>\n<div class=\"Text-root Text-type_1 \">\n                Mit dem BSW koalieren? Diese Vorstellung sorgt vor allem im Westen in der CDU f\u00fcr Schnappatmung. Nun haben sich 40 CDU-Politiker zusammengeschlossen, um derartige B\u00fcndnisse zu verhindern. Ihre Argumente und ihre Sprache erinnern an den Kalten Krieg.\n            <\/div>\n<p><\/p>\n<div class=\"Text-root Text-type_5 ArticleView-text ViewText-root \">\n<p>Innerhalb der Christlich-Demokratischen Union\u00a0(CDU) formiert sich nach den Landtagswahlen in Sachsen und Th\u00fcringen Widerstand gegen eine m\u00f6gliche Koalition mit dem B\u00fcndnis Sahra Wagenknecht (BSW).<\/p>\n<p>Laut einem Bericht des Berliner\u00a0<em>Tagesspiegels<\/em>\u00a0hat sich eine Gruppe von etwa 40 CDU-Mitgliedern zusammengeschlossen, um eine Ausweitung des Unvereinbarkeitsbeschlusses ihrer Partei auf das BSW zu erwirken. Bislang gelten entsprechende Beschl\u00fcsse f\u00fcr eine Zusammenarbeit mit der AfD und mit der Linken. Zu der Gruppe z\u00e4hlen demnach der Abgeordnete\u00a0Roderich Kiesewetter, der designierte Chef des Arbeitnehmerfl\u00fcgels CDA Dennis Radtke und das Bundesvorstandsmitglied Monica W\u00fcllner.<\/p>\n<p>Der nordrhein-westf\u00e4lische CDU-Politiker Frank Sarfeld\u00a0begr\u00fcndete die Forderung gegen\u00fcber dem ebenfalls streng transatlantisch ausgerichteten\u00a0<em>Tagesspiegel<\/em>:<\/p>\n<p><em>&#8220;Wagenknecht widerspricht allem, wof\u00fcr die Unionsparteien seit Gr\u00fcndung der Bundesrepublik Deutschland stehen: klare Westbindung, ein vereintes Europa und Mitgliedschaft in der NATO als dem gr\u00f6\u00dften Friedensprojekt der Geschichte.&#8221;<\/em><\/p>\n<p>Damit nicht genug. Sarfeld weiter:<\/p>\n<p><em>&#8220;Wie die AfD wendet sich auch das BSW autorit\u00e4ren Systemen zu. Mit solchen Gruppierungen darf es keine Zusammenarbeit geben.&#8221;<\/em><\/p>\n<p>\u00c4hnlich \u00e4u\u00dferte sich ebenfalls im\u00a0<em>Tagesspiegel<\/em>\u00a0CDA-Mann Radtke:<\/p>\n<p><em>&#8220;Jeder politische Akteur wei\u00df, wof\u00fcr das BSW inhaltlich steht \u2013 n\u00e4mlich gegen elementare christdemokratische Grund\u00fcberzeugungen wie die Westbindung, die liberale Demokratie und die europ\u00e4ische Einigung. Von einer &#8220;Blackbox&#8221; kann h\u00f6chstens in Bezug auf undurchsichtige Geldgeber die Rede sein.&#8221;<\/em><\/p>\n<p>Radtke bef\u00fcrchtet, dass seine Partei auf einen Abgrund zusteure, &#8220;wenn wir uns vor den Karren von Sahra Wagenknecht spannen lassen&#8221;. Weiter erkl\u00e4rt er:<\/p>\n<p><em>&#8220;AfD und BSW wollen die CDU zerst\u00f6ren, weil wir das letzte Bollwerk der politischen Mitte sind.&#8221;<\/em><\/p>\n<p>Der EU-Abgeordnete kritisierte in diesem Zusammenhang auch den Umgang seiner Partei mit den Gr\u00fcnen. Dabei griff er besonders tief in die Mottenkiste \u2013 und nannte die Vertreter der neuen Konkurrenz &#8220;Stalinisten&#8221;:<\/p>\n<p><em>&#8220;Wer soll noch verstehen, dass wir mit Stalinisten paktieren wollen, aber Koalitionen mit einem demokratischen Wettbewerber ausschlie\u00dfen, der dazu noch weitgehend unsere au\u00dfenpolitischen \u00dcberzeugungen teilt?&#8221;<\/em><\/p>\n<p>Man stehe, so Radtke weiter, &#8220;im Kampf um unsere Demokratie und ein freies Europa wieder an einem Scheidepunkt. Das muss jedem klar sein bei seinem Verhalten in den n\u00e4chsten Monaten&#8221;.<\/p>\n<p>\u00c4hnlich \u00e4u\u00dferte sich der bereits in der Vergangenheit wiederholt als eskalationsfreudig und russophob aufgefallene Au\u00dfenpolitiker Roderich Kiesewetter. Dieser sagte dem Tagesspiegel:<\/p>\n<p><em>&#8220;Das BSW agiert als verl\u00e4ngerter Arm des Kreml.&#8221;<\/em><\/p>\n<p>Das BSW, so der stellvertretende Vorsitzende des Geheimdienstkontrollgremiums im Bundestag weiter, wolle &#8220;die demokratische Mitte inklusive der Union als Volkspartei aush\u00f6hlen und unsere Grundwerte unterminieren, weshalb eine Zusammenarbeit ausgeschlossen sein sollte.&#8221;<\/p>\n<div class=\"EmbedBlock-root EmbedBlock-twitter\">\n<div class=\"TwitterEmbed\">\n<blockquote class=\"twitter-tweet lazyload\" data-twitter=\"twitter-tweet\">\n<p lang=\"de\" dir=\"ltr\">Schon klar, <a rel=\"nofollow noopener\" target=\"_blank\" href=\"https:\/\/twitter.com\/_FriedrichMerz?ref_src=twsrc%5Etfw\">@_FriedrichMerz<\/a> Wer kennst sie nicht. Diese wirklich wichtigen Fragen in Deutschland: die Abwassergeb\u00fchren in Th\u00fcringen und Sachsen. Was f\u00fcr eine Comedy-Show der CDU. <a rel=\"nofollow noopener\" target=\"_blank\" href=\"https:\/\/t.co\/U77mV11baF\">pic.twitter.com\/U77mV11baF<\/a><\/p>\n<p>\u2014 Dr. Friedrich P\u00fcrner, MPH (@DrPuerner) <a rel=\"nofollow noopener\" target=\"_blank\" href=\"https:\/\/twitter.com\/DrPuerner\/status\/1830939735281606788?ref_src=twsrc%5Etfw\">September 3, 2024<\/a><\/p><\/blockquote>\n<\/div>\n<\/div>\n<p>Die 40 CDU-Politiker stellen sich mit ihren \u00c4u\u00dferungen offen gegen den Parteivorsitzenden Friedrich Merz.\u00a0Dieser hatte bereits vor den Wahlen erkl\u00e4rt, den Landesverb\u00e4nden im Umgang mit dem\u00a0BSW freie Hand zu lassen, um \u00fcberhaupt eine Regierung bilden zu k\u00f6nnen. Diese Haltung bekr\u00e4ftigte er nach den Wahlen. Der Th\u00fcringer Landesverband k\u00fcndigte bereits Gespr\u00e4che mit dem BSW an.<\/p>\n<p>BSW-Gr\u00fcnderin Sahra Wagenknecht hatte vor den Landtagswahlen die Ablehnung weiterer Hilfen f\u00fcr Kiew und der Stationierung neuer US-Raketen in Deutschland zur Bedingung f\u00fcr Koalitionen mit ihrer Partei erkl\u00e4rt \u2013 und damit im transatlantischen politisch-medialen Mainstream Emp\u00f6rung ausgel\u00f6st.<\/p>\n<p><strong>Mehr zum Thema<\/strong>\u00a0&#8211;\u00a0<a rel=\"nofollow noopener\" target=\"_blank\" href=\"https:\/\/freedert.online\/meinung\/217719-wahlen-in-ostdeutschland-wen-interessiert\/\">Wahlen in Ostdeutschland: Wen interessiert schon der Ukraine-Krieg?<\/a><\/p>\n<div class=\"EmbedBlock-root EmbedBlock-externalVideo EmbedBlock-rumble\">\n<div class=\"VkEmbed\"><iframe class=\"lazyload\" data-src=\"https:\/\/rumble.com\/embed\/v5b5x2i\" frameborder=\"0\" width=\"853\" height=\"480\" allowfullscreen><\/iframe><\/div>\n<\/div>\n<\/div>\n<p><script async src=\"https:\/\/platform.twitter.com\/widgets.js\" charset=\"utf-8\"><\/script><br \/>\n<br \/><br \/>\n<br \/><a href=\"https:\/\/de.rt.com\/inland\/218002-verlaengerter-arm-kreml-cdu-politiker\/\">Source link <\/a><\/p>\n","protected":false},"excerpt":{"rendered":"<p>Mit dem BSW koalieren? Diese Vorstellung sorgt vor allem im Westen in der CDU f\u00fcr Schnappatmung. Nun haben sich 40 CDU-Politiker zusammengeschlossen, um derartige B\u00fcndnisse zu verhindern. Ihre Argumente und ihre Sprache erinnern an den Kalten Krieg. Innerhalb der Christlich-Demokratischen Union\u00a0(CDU) formiert sich nach den Landtagswahlen in Sachsen und Th\u00fcringen Widerstand gegen eine m\u00f6gliche Koalition [&hellip;]<\/p>\n","protected":false},"author":3,"featured_media":68199,"comment_status":"open","ping_status":"open","sticky":false,"template":"","format":"standard","meta":{"_yoast_indexnow_last_ping":["1725458922"],"wp_automatic_camp":["217"],"dd5f0ea38cafb40d7415d080e957be6d":["&quot;Verl\u00e4ngerter Arm des Kreml&quot; \u2013 CDU-Politiker stellen sich gegen Zusammenarbeit mit BSW"],"original_link":["https:\/\/de.rt.com\/inland\/218002-verlaengerter-arm-kreml-cdu-politiker\/"],"_thumbnail_id":["68199"],"_wptgpro_p2tg_sent2tg":["a:1:{i:23737;s:19:\"2024-09-04 16:09:45\";}"],"jnews_social_counter_last_update":["1777591613"]},"categories":[19,23],"tags":[39830,51583,39526,583,278,34092,419,58212,434,4436,5645],"yoast_head":"<!-- This site is optimized with the Yoast SEO Premium plugin v22.7 (Yoast SEO v22.7) - https:\/\/yoast.com\/wordpress\/plugins\/seo\/ -->\n<title>&quot;Verl\u00e4ngerter Arm des Kreml&quot; \u2013 CDU-Politiker stellen sich gegen Zusammenarbeit mit BSW - just-now.NEWS Deutschland<\/title>\n<meta name=\"robots\" content=\"index, follow, max-snippet:-1, max-image-preview:large, max-video-preview:-1\" \/>\n<link rel=\"canonical\" href=\"https:\/\/now-news.de\/de\/deutschland\/verlaengerter-arm-des-kreml-cdu-politiker-stellen-sich-gegen-zusammenarbeit-mit-bsw\/\" \/>\n<meta property=\"og:locale\" content=\"de_DE\" \/>\n<meta property=\"og:type\" content=\"article\" \/>\n<meta property=\"og:title\" content=\"&quot;Verl\u00e4ngerter Arm des Kreml&quot; \u2013 CDU-Politiker stellen sich gegen Zusammenarbeit mit BSW\" \/>\n<meta property=\"og:description\" content=\"Mit dem BSW koalieren? Diese Vorstellung sorgt vor allem im Westen in der CDU f\u00fcr Schnappatmung. Nun haben sich 40 CDU-Politiker zusammengeschlossen, um derartige B\u00fcndnisse zu verhindern. Ihre Argumente und ihre Sprache erinnern an den Kalten Krieg. Innerhalb der Christlich-Demokratischen Union\u00a0(CDU) formiert sich nach den Landtagswahlen in Sachsen und Th\u00fcringen Widerstand gegen eine m\u00f6gliche Koalition [&hellip;]\" \/>\n<meta property=\"og:url\" content=\"https:\/\/now-news.de\/de\/deutschland\/verlaengerter-arm-des-kreml-cdu-politiker-stellen-sich-gegen-zusammenarbeit-mit-bsw\/\" \/>\n<meta property=\"og:site_name\" content=\"just-now.NEWS Deutschland\" \/>\n<meta property=\"article:publisher\" content=\"https:\/\/www.facebook.com\/wirmachenauf\" \/>\n<meta property=\"article:published_time\" content=\"2024-09-04T13:58:24+00:00\" \/>\n<meta property=\"og:image\" content=\"https:\/\/now-news.de\/de\/wp-content\/uploads\/sites\/3\/2024\/09\/66d827eb48fbef4609200109.jpg\" \/>\n<meta name=\"author\" content=\"rtnews\" \/>\n<meta name=\"twitter:card\" content=\"summary_large_image\" \/>\n<meta name=\"twitter:creator\" content=\"@WirMachenAuf_de\" \/>\n<meta name=\"twitter:site\" content=\"@WirMachenAuf_de\" \/>\n<meta name=\"twitter:label1\" content=\"Verfasst von\" \/>\n\t<meta name=\"twitter:data1\" content=\"rtnews\" \/>\n\t<meta name=\"twitter:label2\" content=\"Gesch\u00e4tzte Lesezeit\" \/>\n\t<meta name=\"twitter:data2\" content=\"3\u00a0Minuten\" \/>\n<script type=\"application\/ld+json\" class=\"yoast-schema-graph\">{\"@context\":\"https:\/\/schema.org\",\"@graph\":[{\"@type\":\"Article\",\"@id\":\"https:\/\/now-news.de\/de\/deutschland\/verlaengerter-arm-des-kreml-cdu-politiker-stellen-sich-gegen-zusammenarbeit-mit-bsw\/#article\",\"isPartOf\":{\"@id\":\"https:\/\/now-news.de\/de\/deutschland\/verlaengerter-arm-des-kreml-cdu-politiker-stellen-sich-gegen-zusammenarbeit-mit-bsw\/\"},\"author\":{\"name\":\"rtnews\",\"@id\":\"https:\/\/now-news.de\/de\/#\/schema\/person\/fb534a4e865501d8b3285208df34a9b5\"},\"headline\":\"&quot;Verl\u00e4ngerter Arm des Kreml&quot; \u2013 CDU-Politiker stellen sich gegen Zusammenarbeit mit BSW\",\"datePublished\":\"2024-09-04T13:58:24+00:00\",\"dateModified\":\"2024-09-04T13:58:24+00:00\",\"mainEntityOfPage\":{\"@id\":\"https:\/\/now-news.de\/de\/deutschland\/verlaengerter-arm-des-kreml-cdu-politiker-stellen-sich-gegen-zusammenarbeit-mit-bsw\/\"},\"wordCount\":628,\"commentCount\":0,\"publisher\":{\"@id\":\"https:\/\/now-news.de\/de\/#organization\"},\"image\":{\"@id\":\"https:\/\/now-news.de\/de\/deutschland\/verlaengerter-arm-des-kreml-cdu-politiker-stellen-sich-gegen-zusammenarbeit-mit-bsw\/#primaryimage\"},\"thumbnailUrl\":\"https:\/\/now-news.de\/de\/wp-content\/uploads\/sites\/3\/2024\/09\/quotVerlaengerter-Arm-des-Kremlquot-\u2013-CDU-Politiker-stellen-sich-gegen-Zusammenarbeit.jpg\",\"keywords\":[\"arm\",\"BSW\",\"CDUPolitiker\",\"des\",\"gegen\",\"Kremlquot\",\"mit\",\"quotVerl\u00e4ngerter\",\"sich\",\"stellen\",\"Zusammenarbeit\"],\"articleSection\":[\"Deutschland\",\"Russland\"],\"inLanguage\":\"de\",\"potentialAction\":[{\"@type\":\"CommentAction\",\"name\":\"Comment\",\"target\":[\"https:\/\/now-news.de\/de\/deutschland\/verlaengerter-arm-des-kreml-cdu-politiker-stellen-sich-gegen-zusammenarbeit-mit-bsw\/#respond\"]}]},{\"@type\":\"WebPage\",\"@id\":\"https:\/\/now-news.de\/de\/deutschland\/verlaengerter-arm-des-kreml-cdu-politiker-stellen-sich-gegen-zusammenarbeit-mit-bsw\/\",\"url\":\"https:\/\/now-news.de\/de\/deutschland\/verlaengerter-arm-des-kreml-cdu-politiker-stellen-sich-gegen-zusammenarbeit-mit-bsw\/\",\"name\":\"&quot;Verl\u00e4ngerter Arm des Kreml&quot; \u2013 CDU-Politiker stellen sich gegen Zusammenarbeit mit BSW - just-now.NEWS Deutschland\",\"isPartOf\":{\"@id\":\"https:\/\/now-news.de\/de\/#website\"},\"primaryImageOfPage\":{\"@id\":\"https:\/\/now-news.de\/de\/deutschland\/verlaengerter-arm-des-kreml-cdu-politiker-stellen-sich-gegen-zusammenarbeit-mit-bsw\/#primaryimage\"},\"image\":{\"@id\":\"https:\/\/now-news.de\/de\/deutschland\/verlaengerter-arm-des-kreml-cdu-politiker-stellen-sich-gegen-zusammenarbeit-mit-bsw\/#primaryimage\"},\"thumbnailUrl\":\"https:\/\/now-news.de\/de\/wp-content\/uploads\/sites\/3\/2024\/09\/quotVerlaengerter-Arm-des-Kremlquot-\u2013-CDU-Politiker-stellen-sich-gegen-Zusammenarbeit.jpg\",\"datePublished\":\"2024-09-04T13:58:24+00:00\",\"dateModified\":\"2024-09-04T13:58:24+00:00\",\"breadcrumb\":{\"@id\":\"https:\/\/now-news.de\/de\/deutschland\/verlaengerter-arm-des-kreml-cdu-politiker-stellen-sich-gegen-zusammenarbeit-mit-bsw\/#breadcrumb\"},\"inLanguage\":\"de\",\"potentialAction\":[{\"@type\":\"ReadAction\",\"target\":[\"https:\/\/now-news.de\/de\/deutschland\/verlaengerter-arm-des-kreml-cdu-politiker-stellen-sich-gegen-zusammenarbeit-mit-bsw\/\"]}]},{\"@type\":\"ImageObject\",\"inLanguage\":\"de\",\"@id\":\"https:\/\/now-news.de\/de\/deutschland\/verlaengerter-arm-des-kreml-cdu-politiker-stellen-sich-gegen-zusammenarbeit-mit-bsw\/#primaryimage\",\"url\":\"https:\/\/now-news.de\/de\/wp-content\/uploads\/sites\/3\/2024\/09\/quotVerlaengerter-Arm-des-Kremlquot-\u2013-CDU-Politiker-stellen-sich-gegen-Zusammenarbeit.jpg\",\"contentUrl\":\"https:\/\/now-news.de\/de\/wp-content\/uploads\/sites\/3\/2024\/09\/quotVerlaengerter-Arm-des-Kremlquot-\u2013-CDU-Politiker-stellen-sich-gegen-Zusammenarbeit.jpg\",\"width\":460,\"height\":259,\"caption\":\"&quot;Verl\u00e4ngerter Arm des Kreml&quot; \u2013 CDU-Politiker stellen sich gegen Zusammenarbeit mit BSW\"},{\"@type\":\"BreadcrumbList\",\"@id\":\"https:\/\/now-news.de\/de\/deutschland\/verlaengerter-arm-des-kreml-cdu-politiker-stellen-sich-gegen-zusammenarbeit-mit-bsw\/#breadcrumb\",\"itemListElement\":[{\"@type\":\"ListItem\",\"position\":1,\"name\":\"Home\",\"item\":\"https:\/\/now-news.de\/de\/\"},{\"@type\":\"ListItem\",\"position\":2,\"name\":\"&quot;Verl\u00e4ngerter Arm des Kreml&quot; \u2013 CDU-Politiker stellen sich gegen Zusammenarbeit mit BSW\"}]},{\"@type\":\"WebSite\",\"@id\":\"https:\/\/now-news.de\/de\/#website\",\"url\":\"https:\/\/now-news.de\/de\/\",\"name\":\"just-now.NEWS Deutschland\",\"description\":\"Das Portal f\u00fcr unzensierte Nachrichten aus der Welt\",\"publisher\":{\"@id\":\"https:\/\/now-news.de\/de\/#organization\"},\"potentialAction\":[{\"@type\":\"SearchAction\",\"target\":{\"@type\":\"EntryPoint\",\"urlTemplate\":\"https:\/\/now-news.de\/de\/?s={search_term_string}\"},\"query-input\":\"required name=search_term_string\"}],\"inLanguage\":\"de\"},{\"@type\":\"Organization\",\"@id\":\"https:\/\/now-news.de\/de\/#organization\",\"name\":\"Just Now News\",\"url\":\"https:\/\/now-news.de\/de\/\",\"logo\":{\"@type\":\"ImageObject\",\"inLanguage\":\"de\",\"@id\":\"https:\/\/now-news.de\/de\/#\/schema\/logo\/image\/\",\"url\":\"http:\/\/just-now.news\/de\/wp-content\/uploads\/sites\/3\/2022\/04\/logo500x500.jpg\",\"contentUrl\":\"http:\/\/just-now.news\/de\/wp-content\/uploads\/sites\/3\/2022\/04\/logo500x500.jpg\",\"width\":500,\"height\":500,\"caption\":\"Just Now News\"},\"image\":{\"@id\":\"https:\/\/now-news.de\/de\/#\/schema\/logo\/image\/\"},\"sameAs\":[\"https:\/\/www.facebook.com\/wirmachenauf\",\"https:\/\/x.com\/WirMachenAuf_de\"]},{\"@type\":\"Person\",\"@id\":\"https:\/\/now-news.de\/de\/#\/schema\/person\/fb534a4e865501d8b3285208df34a9b5\",\"name\":\"rtnews\",\"image\":{\"@type\":\"ImageObject\",\"inLanguage\":\"de\",\"@id\":\"https:\/\/now-news.de\/de\/#\/schema\/person\/image\/\",\"url\":\"https:\/\/secure.gravatar.com\/avatar\/82aafea7d8127119dd649515f56e2117?s=96&d=mm&r=g\",\"contentUrl\":\"https:\/\/secure.gravatar.com\/avatar\/82aafea7d8127119dd649515f56e2117?s=96&d=mm&r=g\",\"caption\":\"rtnews\"},\"url\":\"https:\/\/now-news.de\/de\/author\/rnews\/\"}]}<\/script>\n<!-- \/ Yoast SEO Premium plugin. -->","yoast_head_json":{"title":"&quot;Verl\u00e4ngerter Arm des Kreml&quot; \u2013 CDU-Politiker stellen sich gegen Zusammenarbeit mit BSW - just-now.NEWS Deutschland","robots":{"index":"index","follow":"follow","max-snippet":"max-snippet:-1","max-image-preview":"max-image-preview:large","max-video-preview":"max-video-preview:-1"},"canonical":"https:\/\/now-news.de\/de\/deutschland\/verlaengerter-arm-des-kreml-cdu-politiker-stellen-sich-gegen-zusammenarbeit-mit-bsw\/","og_locale":"de_DE","og_type":"article","og_title":"&quot;Verl\u00e4ngerter Arm des Kreml&quot; \u2013 CDU-Politiker stellen sich gegen Zusammenarbeit mit BSW","og_description":"Mit dem BSW koalieren? Diese Vorstellung sorgt vor allem im Westen in der CDU f\u00fcr Schnappatmung. Nun haben sich 40 CDU-Politiker zusammengeschlossen, um derartige B\u00fcndnisse zu verhindern. Ihre Argumente und ihre Sprache erinnern an den Kalten Krieg. Innerhalb der Christlich-Demokratischen Union\u00a0(CDU) formiert sich nach den Landtagswahlen in Sachsen und Th\u00fcringen Widerstand gegen eine m\u00f6gliche Koalition [&hellip;]","og_url":"https:\/\/now-news.de\/de\/deutschland\/verlaengerter-arm-des-kreml-cdu-politiker-stellen-sich-gegen-zusammenarbeit-mit-bsw\/","og_site_name":"just-now.NEWS Deutschland","article_publisher":"https:\/\/www.facebook.com\/wirmachenauf","article_published_time":"2024-09-04T13:58:24+00:00","og_image":[{"url":"https:\/\/now-news.de\/de\/wp-content\/uploads\/sites\/3\/2024\/09\/66d827eb48fbef4609200109.jpg"}],"author":"rtnews","twitter_card":"summary_large_image","twitter_creator":"@WirMachenAuf_de","twitter_site":"@WirMachenAuf_de","twitter_misc":{"Verfasst von":"rtnews","Gesch\u00e4tzte Lesezeit":"3\u00a0Minuten"},"schema":{"@context":"https:\/\/schema.org","@graph":[{"@type":"Article","@id":"https:\/\/now-news.de\/de\/deutschland\/verlaengerter-arm-des-kreml-cdu-politiker-stellen-sich-gegen-zusammenarbeit-mit-bsw\/#article","isPartOf":{"@id":"https:\/\/now-news.de\/de\/deutschland\/verlaengerter-arm-des-kreml-cdu-politiker-stellen-sich-gegen-zusammenarbeit-mit-bsw\/"},"author":{"name":"rtnews","@id":"https:\/\/now-news.de\/de\/#\/schema\/person\/fb534a4e865501d8b3285208df34a9b5"},"headline":"&quot;Verl\u00e4ngerter Arm des Kreml&quot; \u2013 CDU-Politiker stellen sich gegen Zusammenarbeit mit BSW","datePublished":"2024-09-04T13:58:24+00:00","dateModified":"2024-09-04T13:58:24+00:00","mainEntityOfPage":{"@id":"https:\/\/now-news.de\/de\/deutschland\/verlaengerter-arm-des-kreml-cdu-politiker-stellen-sich-gegen-zusammenarbeit-mit-bsw\/"},"wordCount":628,"commentCount":0,"publisher":{"@id":"https:\/\/now-news.de\/de\/#organization"},"image":{"@id":"https:\/\/now-news.de\/de\/deutschland\/verlaengerter-arm-des-kreml-cdu-politiker-stellen-sich-gegen-zusammenarbeit-mit-bsw\/#primaryimage"},"thumbnailUrl":"https:\/\/now-news.de\/de\/wp-content\/uploads\/sites\/3\/2024\/09\/quotVerlaengerter-Arm-des-Kremlquot-\u2013-CDU-Politiker-stellen-sich-gegen-Zusammenarbeit.jpg","keywords":["arm","BSW","CDUPolitiker","des","gegen","Kremlquot","mit","quotVerl\u00e4ngerter","sich","stellen","Zusammenarbeit"],"articleSection":["Deutschland","Russland"],"inLanguage":"de","potentialAction":[{"@type":"CommentAction","name":"Comment","target":["https:\/\/now-news.de\/de\/deutschland\/verlaengerter-arm-des-kreml-cdu-politiker-stellen-sich-gegen-zusammenarbeit-mit-bsw\/#respond"]}]},{"@type":"WebPage","@id":"https:\/\/now-news.de\/de\/deutschland\/verlaengerter-arm-des-kreml-cdu-politiker-stellen-sich-gegen-zusammenarbeit-mit-bsw\/","url":"https:\/\/now-news.de\/de\/deutschland\/verlaengerter-arm-des-kreml-cdu-politiker-stellen-sich-gegen-zusammenarbeit-mit-bsw\/","name":"&quot;Verl\u00e4ngerter Arm des Kreml&quot; \u2013 CDU-Politiker stellen sich gegen Zusammenarbeit mit BSW - just-now.NEWS Deutschland","isPartOf":{"@id":"https:\/\/now-news.de\/de\/#website"},"primaryImageOfPage":{"@id":"https:\/\/now-news.de\/de\/deutschland\/verlaengerter-arm-des-kreml-cdu-politiker-stellen-sich-gegen-zusammenarbeit-mit-bsw\/#primaryimage"},"image":{"@id":"https:\/\/now-news.de\/de\/deutschland\/verlaengerter-arm-des-kreml-cdu-politiker-stellen-sich-gegen-zusammenarbeit-mit-bsw\/#primaryimage"},"thumbnailUrl":"https:\/\/now-news.de\/de\/wp-content\/uploads\/sites\/3\/2024\/09\/quotVerlaengerter-Arm-des-Kremlquot-\u2013-CDU-Politiker-stellen-sich-gegen-Zusammenarbeit.jpg","datePublished":"2024-09-04T13:58:24+00:00","dateModified":"2024-09-04T13:58:24+00:00","breadcrumb":{"@id":"https:\/\/now-news.de\/de\/deutschland\/verlaengerter-arm-des-kreml-cdu-politiker-stellen-sich-gegen-zusammenarbeit-mit-bsw\/#breadcrumb"},"inLanguage":"de","potentialAction":[{"@type":"ReadAction","target":["https:\/\/now-news.de\/de\/deutschland\/verlaengerter-arm-des-kreml-cdu-politiker-stellen-sich-gegen-zusammenarbeit-mit-bsw\/"]}]},{"@type":"ImageObject","inLanguage":"de","@id":"https:\/\/now-news.de\/de\/deutschland\/verlaengerter-arm-des-kreml-cdu-politiker-stellen-sich-gegen-zusammenarbeit-mit-bsw\/#primaryimage","url":"https:\/\/now-news.de\/de\/wp-content\/uploads\/sites\/3\/2024\/09\/quotVerlaengerter-Arm-des-Kremlquot-\u2013-CDU-Politiker-stellen-sich-gegen-Zusammenarbeit.jpg","contentUrl":"https:\/\/now-news.de\/de\/wp-content\/uploads\/sites\/3\/2024\/09\/quotVerlaengerter-Arm-des-Kremlquot-\u2013-CDU-Politiker-stellen-sich-gegen-Zusammenarbeit.jpg","width":460,"height":259,"caption":"&quot;Verl\u00e4ngerter Arm des Kreml&quot; \u2013 CDU-Politiker stellen sich gegen Zusammenarbeit mit BSW"},{"@type":"BreadcrumbList","@id":"https:\/\/now-news.de\/de\/deutschland\/verlaengerter-arm-des-kreml-cdu-politiker-stellen-sich-gegen-zusammenarbeit-mit-bsw\/#breadcrumb","itemListElement":[{"@type":"ListItem","position":1,"name":"Home","item":"https:\/\/now-news.de\/de\/"},{"@type":"ListItem","position":2,"name":"&quot;Verl\u00e4ngerter Arm des Kreml&quot; \u2013 CDU-Politiker stellen sich gegen Zusammenarbeit mit BSW"}]},{"@type":"WebSite","@id":"https:\/\/now-news.de\/de\/#website","url":"https:\/\/now-news.de\/de\/","name":"just-now.NEWS Deutschland","description":"Das Portal f\u00fcr unzensierte Nachrichten aus der Welt","publisher":{"@id":"https:\/\/now-news.de\/de\/#organization"},"potentialAction":[{"@type":"SearchAction","target":{"@type":"EntryPoint","urlTemplate":"https:\/\/now-news.de\/de\/?s={search_term_string}"},"query-input":"required name=search_term_string"}],"inLanguage":"de"},{"@type":"Organization","@id":"https:\/\/now-news.de\/de\/#organization","name":"Just Now News","url":"https:\/\/now-news.de\/de\/","logo":{"@type":"ImageObject","inLanguage":"de","@id":"https:\/\/now-news.de\/de\/#\/schema\/logo\/image\/","url":"http:\/\/just-now.news\/de\/wp-content\/uploads\/sites\/3\/2022\/04\/logo500x500.jpg","contentUrl":"http:\/\/just-now.news\/de\/wp-content\/uploads\/sites\/3\/2022\/04\/logo500x500.jpg","width":500,"height":500,"caption":"Just Now News"},"image":{"@id":"https:\/\/now-news.de\/de\/#\/schema\/logo\/image\/"},"sameAs":["https:\/\/www.facebook.com\/wirmachenauf","https:\/\/x.com\/WirMachenAuf_de"]},{"@type":"Person","@id":"https:\/\/now-news.de\/de\/#\/schema\/person\/fb534a4e865501d8b3285208df34a9b5","name":"rtnews","image":{"@type":"ImageObject","inLanguage":"de","@id":"https:\/\/now-news.de\/de\/#\/schema\/person\/image\/","url":"https:\/\/secure.gravatar.com\/avatar\/82aafea7d8127119dd649515f56e2117?s=96&d=mm&r=g","contentUrl":"https:\/\/secure.gravatar.com\/avatar\/82aafea7d8127119dd649515f56e2117?s=96&d=mm&r=g","caption":"rtnews"},"url":"https:\/\/now-news.de\/de\/author\/rnews\/"}]}},"_links":{"self":[{"href":"https:\/\/now-news.de\/de\/wp-json\/wp\/v2\/posts\/68198"}],"collection":[{"href":"https:\/\/now-news.de\/de\/wp-json\/wp\/v2\/posts"}],"about":[{"href":"https:\/\/now-news.de\/de\/wp-json\/wp\/v2\/types\/post"}],"author":[{"embeddable":true,"href":"https:\/\/now-news.de\/de\/wp-json\/wp\/v2\/users\/3"}],"replies":[{"embeddable":true,"href":"https:\/\/now-news.de\/de\/wp-json\/wp\/v2\/comments?post=68198"}],"version-history":[{"count":0,"href":"https:\/\/now-news.de\/de\/wp-json\/wp\/v2\/posts\/68198\/revisions"}],"wp:featuredmedia":[{"embeddable":true,"href":"https:\/\/now-news.de\/de\/wp-json\/wp\/v2\/media\/68199"}],"wp:attachment":[{"href":"https:\/\/now-news.de\/de\/wp-json\/wp\/v2\/media?parent=68198"}],"wp:term":[{"taxonomy":"category","embeddable":true,"href":"https:\/\/now-news.de\/de\/wp-json\/wp\/v2\/categories?post=68198"},{"taxonomy":"post_tag","embeddable":true,"href":"https:\/\/now-news.de\/de\/wp-json\/wp\/v2\/tags?post=68198"}],"curies":[{"name":"wp","href":"https:\/\/api.w.org\/{rel}","templated":true}]}}