{"id":68192,"date":"2024-09-04T14:54:08","date_gmt":"2024-09-04T12:54:08","guid":{"rendered":"https:\/\/now-news.de\/de\/deutschland\/ex-ifo-chef-sinn-afd-mit-geringen-auswirkungen-auf-die-wirtschaft-wie-in-italien\/"},"modified":"2024-09-04T14:54:08","modified_gmt":"2024-09-04T12:54:08","slug":"ex-ifo-chef-sinn-afd-mit-geringen-auswirkungen-auf-die-wirtschaft-wie-in-italien","status":"publish","type":"post","link":"https:\/\/now-news.de\/de\/deutschland\/ex-ifo-chef-sinn-afd-mit-geringen-auswirkungen-auf-die-wirtschaft-wie-in-italien\/","title":{"rendered":"Ex-Ifo-Chef Sinn: AfD mit geringen Auswirkungen auf die Wirtschaft &#8211; wie in Italien"},"content":{"rendered":"<p><img decoding=\"async\" src=\"https:\/\/now-news.de\/de\/wp-content\/uploads\/sites\/3\/2024\/09\/66d8166f48fbef29e66746f5.jpg\" \/><\/p>\n<div class=\"Text-root Text-type_1 \">\n                \u00d6konom Hans-Werner Sinn kritisiert die Energiewende der Ampelregierung. Er warnt, dass Deutschland seine eigene Industrie zerst\u00f6re. Zugleich beruhigt er, dass eine AfD-Regierungsbeteiligung nur geringe Auswirkungen h\u00e4tte, \u00e4hnlich wie in Italien. Er warnt auch, dass eine Zinssenkung der EZB eine neue Inflationswelle ausl\u00f6sen und ein Schuldendrama mit Staatsanleihenk\u00e4ufen verursachen k\u00f6nnte.\n            <\/div>\n<p><\/p>\n<div class=\"Text-root Text-type_5 ArticleView-text ViewText-root \">\n<p>Hans-Werner Sinn \u00e4u\u00dfert sich in einem Interview auch zu den politischen Entwicklungen in Deutschland. Er sieht die zunehmende Unterst\u00fctzung f\u00fcr Parteien wie die AfD und das B\u00fcndnis Sahra Wagenknecht (BSW) als Zeichen f\u00fcr die Unzufriedenheit vieler B\u00fcrger mit dem aktuellen Kurs der Regierung.<\/p>\n<p>Sinn\u00a0kritisiert die etablierten Parteien daf\u00fcr, dass sie sich nicht argumentativ mit den neuen politischen Kr\u00e4ften auseinandersetzen, sondern sich hinter &#8220;Brandmauern&#8221; verstecken und stattdessen Verunglimpfungen aussprechen. Dies habe viele Menschen, besonders in Ostdeutschland, ver\u00e4rgert und zur Unterst\u00fctzung dieser Parteien beigetragen.<\/p>\n<p>In Bezug auf die AfD betont Sinn, dass eine Regierungsbeteiligung der Partei in Th\u00fcringen und Sachsen aus wirtschaftlicher Sicht voraussichtlich keine gravierenden Auswirkungen haben w\u00fcrde. Er vergleicht die Situation mit Italien nach dem Wahlsieg der Fratelli d&#8217;Italia, wo bef\u00fcrchtete wirtschaftliche Turbulenzen ausblieben.<\/p>\n<p>Vielmehr k\u00f6nnten Unternehmen die politische Stabilit\u00e4t begr\u00fc\u00dfen, wenn es gelingt, die Unregierbarkeit in den betroffenen Bundesl\u00e4ndern zu verringern. Allerdings bef\u00fcrchten einige, dass eine Beteiligung der AfD zu einem Migrationsstopp f\u00fchren k\u00f6nnte, was zu einer Verknappung an Arbeitskr\u00e4ften und damit zu Lohnerh\u00f6hungen f\u00fchren w\u00fcrde.<\/p>\n<p>Ein zentraler Punkt seiner Kritik ist die Energiepolitik der Bundesregierung, die laut Sinn zur Deindustrialisierung Deutschlands f\u00fchrt.<\/p>\n<p>Das erzwungene Verbot von Verbrennungsmotoren, die Abschaltung von Kernkraftwerken und der Fokus auf erneuerbare Energien wie Wind- und Sonnenenergie seien Fehlentscheidungen, die nicht nur die Strompreise in die H\u00f6he trieben, sondern auch die industrielle Wettbewerbsf\u00e4higkeit des Landes schw\u00e4chten. Sinn argumentiert, dass diese Politik die deutsche Industrie an den Rand des Ruins treibe und andere L\u00e4nder dies zwar wohlwollend beobachten, aber keinesfalls nachahmen w\u00fcrden.<\/p>\n<p>Sinn sieht darin eine existenzielle Gefahr f\u00fcr den deutschen Wirtschaftsstandort. Er betont, dass Deutschland, anders als viele andere L\u00e4nder, nicht auf Erd\u00f6l oder andere fossile Energien verzichten k\u00f6nne, ohne dabei seine industrielle Basis zu verlieren.<\/p>\n<p><strong>Senkt die EZB den Leitzins, klettert die Inflation<\/strong><br \/><strong><\/strong><\/p>\n<p>Hans-Werner Sinn kritisiert im Interview zudem scharf die Rolle der Europ\u00e4ischen Zentralbank (EZB). Er warnt, dass eine R\u00fcckkehr zur schuldenfinanzierten Politik eine neue Inflationswelle ausl\u00f6sen k\u00f6nnte, da die EZB gezwungen w\u00e4re, erneut Staatsanleihen aufzukaufen, um finanzschwache L\u00e4nder wie Italien zu unterst\u00fctzen. Dies w\u00fcrde die Zinskosten und Risikopr\u00e4mien in der gesamten Eurozone erh\u00f6hen. Sinn betont, dass die EZB durch ihre Politik strukturelle Probleme \u00fcberdecke, und pl\u00e4diert f\u00fcr ein System, in dem jedes Land f\u00fcr seine eigenen Schulden verantwortlich ist, anstatt sich auf die Zentralbank oder andere L\u00e4nder zu verlassen.<\/p>\n<p>Die Vorstellung, dass Deutschland durch sein Vorgehen eine Vorbildfunktion f\u00fcr andere L\u00e4nder einnehmen k\u00f6nnte, h\u00e4lt er f\u00fcr naiv. Stattdessen w\u00fcrden andere L\u00e4nder von der Schw\u00e4chung der deutschen Industrie profitieren, indem sie g\u00fcnstigeres \u00d6l nutzten und ihre eigene Wirtschaft st\u00e4rkten, w\u00e4hrend Deutschland seine industrielle Grundlage und damit langfristig seinen Wohlstand gef\u00e4hrde.<\/p>\n<p><strong>Mehr zum Thema<\/strong>\u00a0\u2013\u00a0<a rel=\"nofollow noopener\" target=\"_blank\" href=\"https:\/\/freedert.online\/inland\/193734-deutsche-stahlproduktion-faellt-auf-niedrigsten\/\">Deutsche Stahlproduktion f\u00e4llt auf niedrigsten Stand seit der Finanzmarktkrise 2009<\/a><\/p>\n<div class=\"EmbedBlock-root EmbedBlock-externalVideo EmbedBlock-rumble\">\n<div class=\"VkEmbed\"><iframe class=\"lazyload\" data-src=\"https:\/\/rumble.com\/embed\/v5adi1x\" frameborder=\"0\" width=\"853\" height=\"480\" allowfullscreen><\/iframe><\/div>\n<\/div>\n<\/div>\n<p><br \/>\n<br \/><a href=\"https:\/\/de.rt.com\/inland\/217992-deindustrialisierung-deutschland-zerstoert-sich-selbst\/\">Source link <\/a><\/p>\n","protected":false},"excerpt":{"rendered":"<p>\u00d6konom Hans-Werner Sinn kritisiert die Energiewende der Ampelregierung. Er warnt, dass Deutschland seine eigene Industrie zerst\u00f6re. Zugleich beruhigt er, dass eine AfD-Regierungsbeteiligung nur geringe Auswirkungen h\u00e4tte, \u00e4hnlich wie in Italien. Er warnt auch, dass eine Zinssenkung der EZB eine neue Inflationswelle ausl\u00f6sen und ein Schuldendrama mit Staatsanleihenk\u00e4ufen verursachen k\u00f6nnte. Hans-Werner Sinn \u00e4u\u00dfert sich in einem [&hellip;]<\/p>\n","protected":false},"author":3,"featured_media":68193,"comment_status":"open","ping_status":"open","sticky":false,"template":"","format":"standard","meta":{"_yoast_indexnow_last_ping":["1725454979"],"wp_automatic_camp":["217"],"76ffc53d97ab3d45bb0381718058b3f9":["Ex-Ifo-Chef Sinn: AfD mit geringen Auswirkungen auf die Wirtschaft - wie in Italien"],"original_link":["https:\/\/de.rt.com\/inland\/217992-deindustrialisierung-deutschland-zerstoert-sich-selbst\/"],"_thumbnail_id":["68193"],"_wptgpro_p2tg_sent2tg":["a:1:{i:23737;s:19:\"2024-09-04 15:04:15\";}"],"jnews_social_counter_last_update":["1777423617"]},"categories":[19,23],"tags":[3815,133,597,45,25462,58209,43,419,2292,579,291],"yoast_head":"<!-- This site is optimized with the Yoast SEO Premium plugin v22.7 (Yoast SEO v22.7) - https:\/\/yoast.com\/wordpress\/plugins\/seo\/ -->\n<title>Ex-Ifo-Chef Sinn: AfD mit geringen Auswirkungen auf die Wirtschaft - wie in Italien - just-now.NEWS Deutschland<\/title>\n<meta name=\"robots\" content=\"index, follow, max-snippet:-1, max-image-preview:large, max-video-preview:-1\" \/>\n<link rel=\"canonical\" href=\"https:\/\/now-news.de\/de\/deutschland\/ex-ifo-chef-sinn-afd-mit-geringen-auswirkungen-auf-die-wirtschaft-wie-in-italien\/\" \/>\n<meta property=\"og:locale\" content=\"de_DE\" \/>\n<meta property=\"og:type\" content=\"article\" \/>\n<meta property=\"og:title\" content=\"Ex-Ifo-Chef Sinn: AfD mit geringen Auswirkungen auf die Wirtschaft - wie in Italien\" \/>\n<meta property=\"og:description\" content=\"\u00d6konom Hans-Werner Sinn kritisiert die Energiewende der Ampelregierung. Er warnt, dass Deutschland seine eigene Industrie zerst\u00f6re. Zugleich beruhigt er, dass eine AfD-Regierungsbeteiligung nur geringe Auswirkungen h\u00e4tte, \u00e4hnlich wie in Italien. Er warnt auch, dass eine Zinssenkung der EZB eine neue Inflationswelle ausl\u00f6sen und ein Schuldendrama mit Staatsanleihenk\u00e4ufen verursachen k\u00f6nnte. Hans-Werner Sinn \u00e4u\u00dfert sich in einem [&hellip;]\" \/>\n<meta property=\"og:url\" content=\"https:\/\/now-news.de\/de\/deutschland\/ex-ifo-chef-sinn-afd-mit-geringen-auswirkungen-auf-die-wirtschaft-wie-in-italien\/\" \/>\n<meta property=\"og:site_name\" content=\"just-now.NEWS Deutschland\" \/>\n<meta property=\"article:publisher\" content=\"https:\/\/www.facebook.com\/wirmachenauf\" \/>\n<meta property=\"article:published_time\" content=\"2024-09-04T12:54:08+00:00\" \/>\n<meta property=\"og:image\" content=\"https:\/\/now-news.de\/de\/wp-content\/uploads\/sites\/3\/2024\/09\/66d8166f48fbef29e66746f5.jpg\" \/>\n<meta name=\"author\" content=\"rtnews\" \/>\n<meta name=\"twitter:card\" content=\"summary_large_image\" \/>\n<meta name=\"twitter:creator\" content=\"@WirMachenAuf_de\" \/>\n<meta name=\"twitter:site\" content=\"@WirMachenAuf_de\" \/>\n<meta name=\"twitter:label1\" content=\"Verfasst von\" \/>\n\t<meta name=\"twitter:data1\" content=\"rtnews\" \/>\n\t<meta name=\"twitter:label2\" content=\"Gesch\u00e4tzte Lesezeit\" \/>\n\t<meta name=\"twitter:data2\" content=\"3\u00a0Minuten\" \/>\n<script type=\"application\/ld+json\" class=\"yoast-schema-graph\">{\"@context\":\"https:\/\/schema.org\",\"@graph\":[{\"@type\":\"Article\",\"@id\":\"https:\/\/now-news.de\/de\/deutschland\/ex-ifo-chef-sinn-afd-mit-geringen-auswirkungen-auf-die-wirtschaft-wie-in-italien\/#article\",\"isPartOf\":{\"@id\":\"https:\/\/now-news.de\/de\/deutschland\/ex-ifo-chef-sinn-afd-mit-geringen-auswirkungen-auf-die-wirtschaft-wie-in-italien\/\"},\"author\":{\"name\":\"rtnews\",\"@id\":\"https:\/\/now-news.de\/de\/#\/schema\/person\/fb534a4e865501d8b3285208df34a9b5\"},\"headline\":\"Ex-Ifo-Chef Sinn: AfD mit geringen Auswirkungen auf die Wirtschaft &#8211; wie in Italien\",\"datePublished\":\"2024-09-04T12:54:08+00:00\",\"dateModified\":\"2024-09-04T12:54:08+00:00\",\"mainEntityOfPage\":{\"@id\":\"https:\/\/now-news.de\/de\/deutschland\/ex-ifo-chef-sinn-afd-mit-geringen-auswirkungen-auf-die-wirtschaft-wie-in-italien\/\"},\"wordCount\":573,\"commentCount\":0,\"publisher\":{\"@id\":\"https:\/\/now-news.de\/de\/#organization\"},\"image\":{\"@id\":\"https:\/\/now-news.de\/de\/deutschland\/ex-ifo-chef-sinn-afd-mit-geringen-auswirkungen-auf-die-wirtschaft-wie-in-italien\/#primaryimage\"},\"thumbnailUrl\":\"https:\/\/now-news.de\/de\/wp-content\/uploads\/sites\/3\/2024\/09\/Ex-Ifo-Chef-Sinn-AfD-mit-geringen-Auswirkungen-auf-die-Wirtschaft.jpg\",\"keywords\":[\"AfD\",\"AUF\",\"Auswirkungen\",\"die\",\"ExIfoChef\",\"geringen\",\"Italien\",\"mit\",\"Sinn\",\"Wie\",\"wirtschaft\"],\"articleSection\":[\"Deutschland\",\"Russland\"],\"inLanguage\":\"de\",\"potentialAction\":[{\"@type\":\"CommentAction\",\"name\":\"Comment\",\"target\":[\"https:\/\/now-news.de\/de\/deutschland\/ex-ifo-chef-sinn-afd-mit-geringen-auswirkungen-auf-die-wirtschaft-wie-in-italien\/#respond\"]}]},{\"@type\":\"WebPage\",\"@id\":\"https:\/\/now-news.de\/de\/deutschland\/ex-ifo-chef-sinn-afd-mit-geringen-auswirkungen-auf-die-wirtschaft-wie-in-italien\/\",\"url\":\"https:\/\/now-news.de\/de\/deutschland\/ex-ifo-chef-sinn-afd-mit-geringen-auswirkungen-auf-die-wirtschaft-wie-in-italien\/\",\"name\":\"Ex-Ifo-Chef Sinn: AfD mit geringen Auswirkungen auf die Wirtschaft - wie in Italien - just-now.NEWS Deutschland\",\"isPartOf\":{\"@id\":\"https:\/\/now-news.de\/de\/#website\"},\"primaryImageOfPage\":{\"@id\":\"https:\/\/now-news.de\/de\/deutschland\/ex-ifo-chef-sinn-afd-mit-geringen-auswirkungen-auf-die-wirtschaft-wie-in-italien\/#primaryimage\"},\"image\":{\"@id\":\"https:\/\/now-news.de\/de\/deutschland\/ex-ifo-chef-sinn-afd-mit-geringen-auswirkungen-auf-die-wirtschaft-wie-in-italien\/#primaryimage\"},\"thumbnailUrl\":\"https:\/\/now-news.de\/de\/wp-content\/uploads\/sites\/3\/2024\/09\/Ex-Ifo-Chef-Sinn-AfD-mit-geringen-Auswirkungen-auf-die-Wirtschaft.jpg\",\"datePublished\":\"2024-09-04T12:54:08+00:00\",\"dateModified\":\"2024-09-04T12:54:08+00:00\",\"breadcrumb\":{\"@id\":\"https:\/\/now-news.de\/de\/deutschland\/ex-ifo-chef-sinn-afd-mit-geringen-auswirkungen-auf-die-wirtschaft-wie-in-italien\/#breadcrumb\"},\"inLanguage\":\"de\",\"potentialAction\":[{\"@type\":\"ReadAction\",\"target\":[\"https:\/\/now-news.de\/de\/deutschland\/ex-ifo-chef-sinn-afd-mit-geringen-auswirkungen-auf-die-wirtschaft-wie-in-italien\/\"]}]},{\"@type\":\"ImageObject\",\"inLanguage\":\"de\",\"@id\":\"https:\/\/now-news.de\/de\/deutschland\/ex-ifo-chef-sinn-afd-mit-geringen-auswirkungen-auf-die-wirtschaft-wie-in-italien\/#primaryimage\",\"url\":\"https:\/\/now-news.de\/de\/wp-content\/uploads\/sites\/3\/2024\/09\/Ex-Ifo-Chef-Sinn-AfD-mit-geringen-Auswirkungen-auf-die-Wirtschaft.jpg\",\"contentUrl\":\"https:\/\/now-news.de\/de\/wp-content\/uploads\/sites\/3\/2024\/09\/Ex-Ifo-Chef-Sinn-AfD-mit-geringen-Auswirkungen-auf-die-Wirtschaft.jpg\",\"width\":460,\"height\":259,\"caption\":\"Ex-Ifo-Chef Sinn: AfD mit geringen Auswirkungen auf die Wirtschaft - wie in Italien\"},{\"@type\":\"BreadcrumbList\",\"@id\":\"https:\/\/now-news.de\/de\/deutschland\/ex-ifo-chef-sinn-afd-mit-geringen-auswirkungen-auf-die-wirtschaft-wie-in-italien\/#breadcrumb\",\"itemListElement\":[{\"@type\":\"ListItem\",\"position\":1,\"name\":\"Home\",\"item\":\"https:\/\/now-news.de\/de\/\"},{\"@type\":\"ListItem\",\"position\":2,\"name\":\"Ex-Ifo-Chef Sinn: AfD mit geringen Auswirkungen auf die Wirtschaft &#8211; wie in Italien\"}]},{\"@type\":\"WebSite\",\"@id\":\"https:\/\/now-news.de\/de\/#website\",\"url\":\"https:\/\/now-news.de\/de\/\",\"name\":\"just-now.NEWS Deutschland\",\"description\":\"Das Portal f\u00fcr unzensierte Nachrichten aus der Welt\",\"publisher\":{\"@id\":\"https:\/\/now-news.de\/de\/#organization\"},\"potentialAction\":[{\"@type\":\"SearchAction\",\"target\":{\"@type\":\"EntryPoint\",\"urlTemplate\":\"https:\/\/now-news.de\/de\/?s={search_term_string}\"},\"query-input\":\"required name=search_term_string\"}],\"inLanguage\":\"de\"},{\"@type\":\"Organization\",\"@id\":\"https:\/\/now-news.de\/de\/#organization\",\"name\":\"Just Now News\",\"url\":\"https:\/\/now-news.de\/de\/\",\"logo\":{\"@type\":\"ImageObject\",\"inLanguage\":\"de\",\"@id\":\"https:\/\/now-news.de\/de\/#\/schema\/logo\/image\/\",\"url\":\"http:\/\/just-now.news\/de\/wp-content\/uploads\/sites\/3\/2022\/04\/logo500x500.jpg\",\"contentUrl\":\"http:\/\/just-now.news\/de\/wp-content\/uploads\/sites\/3\/2022\/04\/logo500x500.jpg\",\"width\":500,\"height\":500,\"caption\":\"Just Now News\"},\"image\":{\"@id\":\"https:\/\/now-news.de\/de\/#\/schema\/logo\/image\/\"},\"sameAs\":[\"https:\/\/www.facebook.com\/wirmachenauf\",\"https:\/\/x.com\/WirMachenAuf_de\"]},{\"@type\":\"Person\",\"@id\":\"https:\/\/now-news.de\/de\/#\/schema\/person\/fb534a4e865501d8b3285208df34a9b5\",\"name\":\"rtnews\",\"image\":{\"@type\":\"ImageObject\",\"inLanguage\":\"de\",\"@id\":\"https:\/\/now-news.de\/de\/#\/schema\/person\/image\/\",\"url\":\"https:\/\/secure.gravatar.com\/avatar\/82aafea7d8127119dd649515f56e2117?s=96&d=mm&r=g\",\"contentUrl\":\"https:\/\/secure.gravatar.com\/avatar\/82aafea7d8127119dd649515f56e2117?s=96&d=mm&r=g\",\"caption\":\"rtnews\"},\"url\":\"https:\/\/now-news.de\/de\/author\/rnews\/\"}]}<\/script>\n<!-- \/ Yoast SEO Premium plugin. -->","yoast_head_json":{"title":"Ex-Ifo-Chef Sinn: AfD mit geringen Auswirkungen auf die Wirtschaft - wie in Italien - just-now.NEWS Deutschland","robots":{"index":"index","follow":"follow","max-snippet":"max-snippet:-1","max-image-preview":"max-image-preview:large","max-video-preview":"max-video-preview:-1"},"canonical":"https:\/\/now-news.de\/de\/deutschland\/ex-ifo-chef-sinn-afd-mit-geringen-auswirkungen-auf-die-wirtschaft-wie-in-italien\/","og_locale":"de_DE","og_type":"article","og_title":"Ex-Ifo-Chef Sinn: AfD mit geringen Auswirkungen auf die Wirtschaft - wie in Italien","og_description":"\u00d6konom Hans-Werner Sinn kritisiert die Energiewende der Ampelregierung. Er warnt, dass Deutschland seine eigene Industrie zerst\u00f6re. Zugleich beruhigt er, dass eine AfD-Regierungsbeteiligung nur geringe Auswirkungen h\u00e4tte, \u00e4hnlich wie in Italien. Er warnt auch, dass eine Zinssenkung der EZB eine neue Inflationswelle ausl\u00f6sen und ein Schuldendrama mit Staatsanleihenk\u00e4ufen verursachen k\u00f6nnte. Hans-Werner Sinn \u00e4u\u00dfert sich in einem [&hellip;]","og_url":"https:\/\/now-news.de\/de\/deutschland\/ex-ifo-chef-sinn-afd-mit-geringen-auswirkungen-auf-die-wirtschaft-wie-in-italien\/","og_site_name":"just-now.NEWS Deutschland","article_publisher":"https:\/\/www.facebook.com\/wirmachenauf","article_published_time":"2024-09-04T12:54:08+00:00","og_image":[{"url":"https:\/\/now-news.de\/de\/wp-content\/uploads\/sites\/3\/2024\/09\/66d8166f48fbef29e66746f5.jpg"}],"author":"rtnews","twitter_card":"summary_large_image","twitter_creator":"@WirMachenAuf_de","twitter_site":"@WirMachenAuf_de","twitter_misc":{"Verfasst von":"rtnews","Gesch\u00e4tzte Lesezeit":"3\u00a0Minuten"},"schema":{"@context":"https:\/\/schema.org","@graph":[{"@type":"Article","@id":"https:\/\/now-news.de\/de\/deutschland\/ex-ifo-chef-sinn-afd-mit-geringen-auswirkungen-auf-die-wirtschaft-wie-in-italien\/#article","isPartOf":{"@id":"https:\/\/now-news.de\/de\/deutschland\/ex-ifo-chef-sinn-afd-mit-geringen-auswirkungen-auf-die-wirtschaft-wie-in-italien\/"},"author":{"name":"rtnews","@id":"https:\/\/now-news.de\/de\/#\/schema\/person\/fb534a4e865501d8b3285208df34a9b5"},"headline":"Ex-Ifo-Chef Sinn: AfD mit geringen Auswirkungen auf die Wirtschaft &#8211; wie in Italien","datePublished":"2024-09-04T12:54:08+00:00","dateModified":"2024-09-04T12:54:08+00:00","mainEntityOfPage":{"@id":"https:\/\/now-news.de\/de\/deutschland\/ex-ifo-chef-sinn-afd-mit-geringen-auswirkungen-auf-die-wirtschaft-wie-in-italien\/"},"wordCount":573,"commentCount":0,"publisher":{"@id":"https:\/\/now-news.de\/de\/#organization"},"image":{"@id":"https:\/\/now-news.de\/de\/deutschland\/ex-ifo-chef-sinn-afd-mit-geringen-auswirkungen-auf-die-wirtschaft-wie-in-italien\/#primaryimage"},"thumbnailUrl":"https:\/\/now-news.de\/de\/wp-content\/uploads\/sites\/3\/2024\/09\/Ex-Ifo-Chef-Sinn-AfD-mit-geringen-Auswirkungen-auf-die-Wirtschaft.jpg","keywords":["AfD","AUF","Auswirkungen","die","ExIfoChef","geringen","Italien","mit","Sinn","Wie","wirtschaft"],"articleSection":["Deutschland","Russland"],"inLanguage":"de","potentialAction":[{"@type":"CommentAction","name":"Comment","target":["https:\/\/now-news.de\/de\/deutschland\/ex-ifo-chef-sinn-afd-mit-geringen-auswirkungen-auf-die-wirtschaft-wie-in-italien\/#respond"]}]},{"@type":"WebPage","@id":"https:\/\/now-news.de\/de\/deutschland\/ex-ifo-chef-sinn-afd-mit-geringen-auswirkungen-auf-die-wirtschaft-wie-in-italien\/","url":"https:\/\/now-news.de\/de\/deutschland\/ex-ifo-chef-sinn-afd-mit-geringen-auswirkungen-auf-die-wirtschaft-wie-in-italien\/","name":"Ex-Ifo-Chef Sinn: AfD mit geringen Auswirkungen auf die Wirtschaft - wie in Italien - just-now.NEWS Deutschland","isPartOf":{"@id":"https:\/\/now-news.de\/de\/#website"},"primaryImageOfPage":{"@id":"https:\/\/now-news.de\/de\/deutschland\/ex-ifo-chef-sinn-afd-mit-geringen-auswirkungen-auf-die-wirtschaft-wie-in-italien\/#primaryimage"},"image":{"@id":"https:\/\/now-news.de\/de\/deutschland\/ex-ifo-chef-sinn-afd-mit-geringen-auswirkungen-auf-die-wirtschaft-wie-in-italien\/#primaryimage"},"thumbnailUrl":"https:\/\/now-news.de\/de\/wp-content\/uploads\/sites\/3\/2024\/09\/Ex-Ifo-Chef-Sinn-AfD-mit-geringen-Auswirkungen-auf-die-Wirtschaft.jpg","datePublished":"2024-09-04T12:54:08+00:00","dateModified":"2024-09-04T12:54:08+00:00","breadcrumb":{"@id":"https:\/\/now-news.de\/de\/deutschland\/ex-ifo-chef-sinn-afd-mit-geringen-auswirkungen-auf-die-wirtschaft-wie-in-italien\/#breadcrumb"},"inLanguage":"de","potentialAction":[{"@type":"ReadAction","target":["https:\/\/now-news.de\/de\/deutschland\/ex-ifo-chef-sinn-afd-mit-geringen-auswirkungen-auf-die-wirtschaft-wie-in-italien\/"]}]},{"@type":"ImageObject","inLanguage":"de","@id":"https:\/\/now-news.de\/de\/deutschland\/ex-ifo-chef-sinn-afd-mit-geringen-auswirkungen-auf-die-wirtschaft-wie-in-italien\/#primaryimage","url":"https:\/\/now-news.de\/de\/wp-content\/uploads\/sites\/3\/2024\/09\/Ex-Ifo-Chef-Sinn-AfD-mit-geringen-Auswirkungen-auf-die-Wirtschaft.jpg","contentUrl":"https:\/\/now-news.de\/de\/wp-content\/uploads\/sites\/3\/2024\/09\/Ex-Ifo-Chef-Sinn-AfD-mit-geringen-Auswirkungen-auf-die-Wirtschaft.jpg","width":460,"height":259,"caption":"Ex-Ifo-Chef Sinn: AfD mit geringen Auswirkungen auf die Wirtschaft - wie in Italien"},{"@type":"BreadcrumbList","@id":"https:\/\/now-news.de\/de\/deutschland\/ex-ifo-chef-sinn-afd-mit-geringen-auswirkungen-auf-die-wirtschaft-wie-in-italien\/#breadcrumb","itemListElement":[{"@type":"ListItem","position":1,"name":"Home","item":"https:\/\/now-news.de\/de\/"},{"@type":"ListItem","position":2,"name":"Ex-Ifo-Chef Sinn: AfD mit geringen Auswirkungen auf die Wirtschaft &#8211; wie in Italien"}]},{"@type":"WebSite","@id":"https:\/\/now-news.de\/de\/#website","url":"https:\/\/now-news.de\/de\/","name":"just-now.NEWS Deutschland","description":"Das Portal f\u00fcr unzensierte Nachrichten aus der Welt","publisher":{"@id":"https:\/\/now-news.de\/de\/#organization"},"potentialAction":[{"@type":"SearchAction","target":{"@type":"EntryPoint","urlTemplate":"https:\/\/now-news.de\/de\/?s={search_term_string}"},"query-input":"required name=search_term_string"}],"inLanguage":"de"},{"@type":"Organization","@id":"https:\/\/now-news.de\/de\/#organization","name":"Just Now News","url":"https:\/\/now-news.de\/de\/","logo":{"@type":"ImageObject","inLanguage":"de","@id":"https:\/\/now-news.de\/de\/#\/schema\/logo\/image\/","url":"http:\/\/just-now.news\/de\/wp-content\/uploads\/sites\/3\/2022\/04\/logo500x500.jpg","contentUrl":"http:\/\/just-now.news\/de\/wp-content\/uploads\/sites\/3\/2022\/04\/logo500x500.jpg","width":500,"height":500,"caption":"Just Now News"},"image":{"@id":"https:\/\/now-news.de\/de\/#\/schema\/logo\/image\/"},"sameAs":["https:\/\/www.facebook.com\/wirmachenauf","https:\/\/x.com\/WirMachenAuf_de"]},{"@type":"Person","@id":"https:\/\/now-news.de\/de\/#\/schema\/person\/fb534a4e865501d8b3285208df34a9b5","name":"rtnews","image":{"@type":"ImageObject","inLanguage":"de","@id":"https:\/\/now-news.de\/de\/#\/schema\/person\/image\/","url":"https:\/\/secure.gravatar.com\/avatar\/82aafea7d8127119dd649515f56e2117?s=96&d=mm&r=g","contentUrl":"https:\/\/secure.gravatar.com\/avatar\/82aafea7d8127119dd649515f56e2117?s=96&d=mm&r=g","caption":"rtnews"},"url":"https:\/\/now-news.de\/de\/author\/rnews\/"}]}},"_links":{"self":[{"href":"https:\/\/now-news.de\/de\/wp-json\/wp\/v2\/posts\/68192"}],"collection":[{"href":"https:\/\/now-news.de\/de\/wp-json\/wp\/v2\/posts"}],"about":[{"href":"https:\/\/now-news.de\/de\/wp-json\/wp\/v2\/types\/post"}],"author":[{"embeddable":true,"href":"https:\/\/now-news.de\/de\/wp-json\/wp\/v2\/users\/3"}],"replies":[{"embeddable":true,"href":"https:\/\/now-news.de\/de\/wp-json\/wp\/v2\/comments?post=68192"}],"version-history":[{"count":0,"href":"https:\/\/now-news.de\/de\/wp-json\/wp\/v2\/posts\/68192\/revisions"}],"wp:featuredmedia":[{"embeddable":true,"href":"https:\/\/now-news.de\/de\/wp-json\/wp\/v2\/media\/68193"}],"wp:attachment":[{"href":"https:\/\/now-news.de\/de\/wp-json\/wp\/v2\/media?parent=68192"}],"wp:term":[{"taxonomy":"category","embeddable":true,"href":"https:\/\/now-news.de\/de\/wp-json\/wp\/v2\/categories?post=68192"},{"taxonomy":"post_tag","embeddable":true,"href":"https:\/\/now-news.de\/de\/wp-json\/wp\/v2\/tags?post=68192"}],"curies":[{"name":"wp","href":"https:\/\/api.w.org\/{rel}","templated":true}]}}