{"id":68184,"date":"2024-09-04T13:47:05","date_gmt":"2024-09-04T11:47:05","guid":{"rendered":"https:\/\/now-news.de\/de\/deutschland\/arbeitsminister-heil-alle-vw-standorte-in-deutschland-sichern\/"},"modified":"2024-09-04T13:47:05","modified_gmt":"2024-09-04T11:47:05","slug":"arbeitsminister-heil-alle-vw-standorte-in-deutschland-sichern","status":"publish","type":"post","link":"https:\/\/now-news.de\/de\/deutschland\/arbeitsminister-heil-alle-vw-standorte-in-deutschland-sichern\/","title":{"rendered":"Arbeitsminister Heil: Alle VW-Standorte in Deutschland sichern"},"content":{"rendered":"<p><img decoding=\"async\" src=\"https:\/\/now-news.de\/de\/wp-content\/uploads\/sites\/3\/2024\/09\/66d8341b48fbef45cf7be2db.jpg\" \/><\/p>\n<div class=\"Text-root Text-type_1 \">\n                VW steckt in der Krise. Nun hat sich auch Arbeitsminister Hubertus Heil besorgt \u00fcber die Lage beim gr\u00f6\u00dften europ\u00e4ischen Autobauer gezeigt und den Erhalt aller Standorte gefordert. Auch betriebsbedingte K\u00fcndigungen m\u00fcssten vermieden werden.\n            <\/div>\n<p><\/p>\n<div class=\"Text-root Text-type_5 ArticleView-text ViewText-root \">\n<p>Bundesarbeitsminister Hubertus Heil (SPD) hat sich besorgt \u00fcber die Lage bei VW ge\u00e4u\u00dfert und den Erhalt aller Standorte gefordert.\u00a0In der Sendung &#8220;Fr\u00fchstart&#8221;\u00a0der Sender\u00a0<em>RTL<\/em>\u00a0und\u00a0<em>ntv<\/em>\u00a0sprach Heil am Mittwochmorgen von einer\u00a0&#8220;bedr\u00fcckenden Situation&#8221; f\u00fcr die Besch\u00e4ftigten:<\/p>\n<p><em>&#8220;Es ist jetzt Aufgabe, daf\u00fcr zu sorgen, dass die Standorte, und zwar alle Standorte, gesichert werden und dass betriebsbedingte K\u00fcndigungen vermieden werden.&#8221;<\/em><\/p>\n<p>Dar\u00fcber m\u00fcsse nun verhandelt werden. Heil warf dem Management vor, in der Vergangenheit Fehler gemacht zu haben und erkl\u00e4rte, den Prozess politisch flankieren zu wollen:<\/p>\n<p><em>&#8220;Die Bundesregierung wird heute auch im Kabinett Impulse f\u00fcr Elektromobilit\u00e4t setzen.&#8221;<\/em><\/p>\n<p>Auch arbeitsmarktpolitische Unterst\u00fctzung sei m\u00f6glich, vorher sei aber das Unternehmen am Zug.\u00a0Der Arbeitsminister weiter:<\/p>\n<p><em>&#8220;Deutschland muss ein starkes Autoland bleiben. Wir tun alles daf\u00fcr, dass das auch m\u00f6glich ist. Aber Unternehmer und Manager m\u00fcssen ihren Job machen.&#8221;<\/em><\/p>\n<p>Ganz \u00e4hnlich wie Heil hatte sich bereits am Dienstag Bundeswirtschaftsminister Robert Habeck ge\u00e4u\u00dfert. Der Gr\u00fcnen-Politiker nannte die nicht zuletzt durch seine Politik im Niedergang befindliche Autoindustrie einen &#8220;Eckpfeiler&#8221; des Industriestandorts Deutschland:<\/p>\n<p><em>&#8220;Das soll auch so bleiben.&#8221; <\/em><\/p>\n<p>Die gro\u00dfen Automobilhersteller und ihre Zulieferer seien gute Arbeitgeber f\u00fcr zigtausende Besch\u00e4ftigte und &#8220;Wohlstandsmotor&#8221; in Regionen quer durch das Land:<\/p>\n<p><em>&#8220;F\u00fcr VW als zweitgr\u00f6\u00dftem Automobilhersteller gilt das umso mehr und das Unternehmen tr\u00e4gt hier eine hohe Verantwortung.&#8221;<\/em><\/p>\n<p>Mit Blick auf den verordneten Wandel hin zur E-Mobilit\u00e4t sprach der Kinderbuchautor von enormen &#8220;Transformationsanstrengungen&#8221;. Der Minister lobte die umstrittene EU-Vorgabe, wonach ab 2035 nur noch &#8220;CO\u2082-neutrale&#8221; Fahrzeuge neu zugelassen werden d\u00fcrfen. Diese bringe der Branche langfristige Planungssicherheit.<\/p>\n<p><strong>Mehr zum Thema<\/strong> &#8211; <a rel=\"nofollow noopener\" target=\"_blank\" href=\"https:\/\/freedert.online\/inland\/214058-scholz-scheitert-daran-deutschen-wirtschaft\/\">Bloomberg: Scholz scheitert daran, der deutschen Wirtschaft Auftrieb zu geben<\/a><\/p>\n<div class=\"EmbedBlock-root EmbedBlock-externalVideo EmbedBlock-rumble\">\n<div class=\"VkEmbed\"><iframe class=\"lazyload\" data-src=\"https:\/\/rumble.com\/embed\/v5bad2s\" frameborder=\"0\" width=\"853\" height=\"480\" allowfullscreen><\/iframe><\/div>\n<\/div>\n<\/div>\n<p><br \/>\n<br \/><a href=\"https:\/\/de.rt.com\/wirtschaft\/218014-heil-fordert-sicherung-aller-vw\/\">Source link <\/a><\/p>\n","protected":false},"excerpt":{"rendered":"<p>VW steckt in der Krise. Nun hat sich auch Arbeitsminister Hubertus Heil besorgt \u00fcber die Lage beim gr\u00f6\u00dften europ\u00e4ischen Autobauer gezeigt und den Erhalt aller Standorte gefordert. Auch betriebsbedingte K\u00fcndigungen m\u00fcssten vermieden werden. Bundesarbeitsminister Hubertus Heil (SPD) hat sich besorgt \u00fcber die Lage bei VW ge\u00e4u\u00dfert und den Erhalt aller Standorte gefordert.\u00a0In der Sendung &#8220;Fr\u00fchstart&#8221;\u00a0der [&hellip;]<\/p>\n","protected":false},"author":3,"featured_media":68185,"comment_status":"open","ping_status":"open","sticky":false,"template":"","format":"standard","meta":{"_yoast_indexnow_last_ping":["1725451067"],"wp_automatic_camp":["217"],"b3f300988216ef9f5332a618255e08d9":["Arbeitsminister Heil: Alle VW-Standorte in Deutschland sichern"],"original_link":["https:\/\/de.rt.com\/wirtschaft\/218014-heil-fordert-sicherung-aller-vw\/"],"_thumbnail_id":["68185"],"_wptgpro_p2tg_sent2tg":["a:1:{i:23737;s:19:\"2024-09-04 13:58:49\";}"],"jnews_social_counter_last_update":["1777199425"]},"categories":[19,23],"tags":[271,22266,179,188,9681,58208],"yoast_head":"<!-- This site is optimized with the Yoast SEO Premium plugin v22.7 (Yoast SEO v22.7) - https:\/\/yoast.com\/wordpress\/plugins\/seo\/ -->\n<title>Arbeitsminister Heil: Alle VW-Standorte in Deutschland sichern - just-now.NEWS Deutschland<\/title>\n<meta name=\"robots\" content=\"index, follow, max-snippet:-1, max-image-preview:large, max-video-preview:-1\" \/>\n<link rel=\"canonical\" href=\"https:\/\/now-news.de\/de\/deutschland\/arbeitsminister-heil-alle-vw-standorte-in-deutschland-sichern\/\" \/>\n<meta property=\"og:locale\" content=\"de_DE\" \/>\n<meta property=\"og:type\" content=\"article\" \/>\n<meta property=\"og:title\" content=\"Arbeitsminister Heil: Alle VW-Standorte in Deutschland sichern\" \/>\n<meta property=\"og:description\" content=\"VW steckt in der Krise. Nun hat sich auch Arbeitsminister Hubertus Heil besorgt \u00fcber die Lage beim gr\u00f6\u00dften europ\u00e4ischen Autobauer gezeigt und den Erhalt aller Standorte gefordert. Auch betriebsbedingte K\u00fcndigungen m\u00fcssten vermieden werden. Bundesarbeitsminister Hubertus Heil (SPD) hat sich besorgt \u00fcber die Lage bei VW ge\u00e4u\u00dfert und den Erhalt aller Standorte gefordert.\u00a0In der Sendung &#8220;Fr\u00fchstart&#8221;\u00a0der [&hellip;]\" \/>\n<meta property=\"og:url\" content=\"https:\/\/now-news.de\/de\/deutschland\/arbeitsminister-heil-alle-vw-standorte-in-deutschland-sichern\/\" \/>\n<meta property=\"og:site_name\" content=\"just-now.NEWS Deutschland\" \/>\n<meta property=\"article:publisher\" content=\"https:\/\/www.facebook.com\/wirmachenauf\" \/>\n<meta property=\"article:published_time\" content=\"2024-09-04T11:47:05+00:00\" \/>\n<meta property=\"og:image\" content=\"https:\/\/now-news.de\/de\/wp-content\/uploads\/sites\/3\/2024\/09\/66d8341b48fbef45cf7be2db.jpg\" \/>\n<meta name=\"author\" content=\"rtnews\" \/>\n<meta name=\"twitter:card\" content=\"summary_large_image\" \/>\n<meta name=\"twitter:creator\" content=\"@WirMachenAuf_de\" \/>\n<meta name=\"twitter:site\" content=\"@WirMachenAuf_de\" \/>\n<meta name=\"twitter:label1\" content=\"Verfasst von\" \/>\n\t<meta name=\"twitter:data1\" content=\"rtnews\" \/>\n\t<meta name=\"twitter:label2\" content=\"Gesch\u00e4tzte Lesezeit\" \/>\n\t<meta name=\"twitter:data2\" content=\"2\u00a0Minuten\" \/>\n<script type=\"application\/ld+json\" class=\"yoast-schema-graph\">{\"@context\":\"https:\/\/schema.org\",\"@graph\":[{\"@type\":\"Article\",\"@id\":\"https:\/\/now-news.de\/de\/deutschland\/arbeitsminister-heil-alle-vw-standorte-in-deutschland-sichern\/#article\",\"isPartOf\":{\"@id\":\"https:\/\/now-news.de\/de\/deutschland\/arbeitsminister-heil-alle-vw-standorte-in-deutschland-sichern\/\"},\"author\":{\"name\":\"rtnews\",\"@id\":\"https:\/\/now-news.de\/de\/#\/schema\/person\/fb534a4e865501d8b3285208df34a9b5\"},\"headline\":\"Arbeitsminister Heil: Alle VW-Standorte in Deutschland sichern\",\"datePublished\":\"2024-09-04T11:47:05+00:00\",\"dateModified\":\"2024-09-04T11:47:05+00:00\",\"mainEntityOfPage\":{\"@id\":\"https:\/\/now-news.de\/de\/deutschland\/arbeitsminister-heil-alle-vw-standorte-in-deutschland-sichern\/\"},\"wordCount\":336,\"commentCount\":0,\"publisher\":{\"@id\":\"https:\/\/now-news.de\/de\/#organization\"},\"image\":{\"@id\":\"https:\/\/now-news.de\/de\/deutschland\/arbeitsminister-heil-alle-vw-standorte-in-deutschland-sichern\/#primaryimage\"},\"thumbnailUrl\":\"https:\/\/now-news.de\/de\/wp-content\/uploads\/sites\/3\/2024\/09\/Arbeitsminister-Heil-Alle-VW-Standorte-in-Deutschland-sichern.jpg\",\"keywords\":[\"ALLE\",\"Arbeitsminister\",\"Deutschland\",\"Heil\",\"sichern\",\"VWStandorte\"],\"articleSection\":[\"Deutschland\",\"Russland\"],\"inLanguage\":\"de\",\"potentialAction\":[{\"@type\":\"CommentAction\",\"name\":\"Comment\",\"target\":[\"https:\/\/now-news.de\/de\/deutschland\/arbeitsminister-heil-alle-vw-standorte-in-deutschland-sichern\/#respond\"]}]},{\"@type\":\"WebPage\",\"@id\":\"https:\/\/now-news.de\/de\/deutschland\/arbeitsminister-heil-alle-vw-standorte-in-deutschland-sichern\/\",\"url\":\"https:\/\/now-news.de\/de\/deutschland\/arbeitsminister-heil-alle-vw-standorte-in-deutschland-sichern\/\",\"name\":\"Arbeitsminister Heil: Alle VW-Standorte in Deutschland sichern - just-now.NEWS Deutschland\",\"isPartOf\":{\"@id\":\"https:\/\/now-news.de\/de\/#website\"},\"primaryImageOfPage\":{\"@id\":\"https:\/\/now-news.de\/de\/deutschland\/arbeitsminister-heil-alle-vw-standorte-in-deutschland-sichern\/#primaryimage\"},\"image\":{\"@id\":\"https:\/\/now-news.de\/de\/deutschland\/arbeitsminister-heil-alle-vw-standorte-in-deutschland-sichern\/#primaryimage\"},\"thumbnailUrl\":\"https:\/\/now-news.de\/de\/wp-content\/uploads\/sites\/3\/2024\/09\/Arbeitsminister-Heil-Alle-VW-Standorte-in-Deutschland-sichern.jpg\",\"datePublished\":\"2024-09-04T11:47:05+00:00\",\"dateModified\":\"2024-09-04T11:47:05+00:00\",\"breadcrumb\":{\"@id\":\"https:\/\/now-news.de\/de\/deutschland\/arbeitsminister-heil-alle-vw-standorte-in-deutschland-sichern\/#breadcrumb\"},\"inLanguage\":\"de\",\"potentialAction\":[{\"@type\":\"ReadAction\",\"target\":[\"https:\/\/now-news.de\/de\/deutschland\/arbeitsminister-heil-alle-vw-standorte-in-deutschland-sichern\/\"]}]},{\"@type\":\"ImageObject\",\"inLanguage\":\"de\",\"@id\":\"https:\/\/now-news.de\/de\/deutschland\/arbeitsminister-heil-alle-vw-standorte-in-deutschland-sichern\/#primaryimage\",\"url\":\"https:\/\/now-news.de\/de\/wp-content\/uploads\/sites\/3\/2024\/09\/Arbeitsminister-Heil-Alle-VW-Standorte-in-Deutschland-sichern.jpg\",\"contentUrl\":\"https:\/\/now-news.de\/de\/wp-content\/uploads\/sites\/3\/2024\/09\/Arbeitsminister-Heil-Alle-VW-Standorte-in-Deutschland-sichern.jpg\",\"width\":460,\"height\":259,\"caption\":\"Arbeitsminister Heil: Alle VW-Standorte in Deutschland sichern\"},{\"@type\":\"BreadcrumbList\",\"@id\":\"https:\/\/now-news.de\/de\/deutschland\/arbeitsminister-heil-alle-vw-standorte-in-deutschland-sichern\/#breadcrumb\",\"itemListElement\":[{\"@type\":\"ListItem\",\"position\":1,\"name\":\"Home\",\"item\":\"https:\/\/now-news.de\/de\/\"},{\"@type\":\"ListItem\",\"position\":2,\"name\":\"Arbeitsminister Heil: Alle VW-Standorte in Deutschland sichern\"}]},{\"@type\":\"WebSite\",\"@id\":\"https:\/\/now-news.de\/de\/#website\",\"url\":\"https:\/\/now-news.de\/de\/\",\"name\":\"just-now.NEWS Deutschland\",\"description\":\"Das Portal f\u00fcr unzensierte Nachrichten aus der Welt\",\"publisher\":{\"@id\":\"https:\/\/now-news.de\/de\/#organization\"},\"potentialAction\":[{\"@type\":\"SearchAction\",\"target\":{\"@type\":\"EntryPoint\",\"urlTemplate\":\"https:\/\/now-news.de\/de\/?s={search_term_string}\"},\"query-input\":\"required name=search_term_string\"}],\"inLanguage\":\"de\"},{\"@type\":\"Organization\",\"@id\":\"https:\/\/now-news.de\/de\/#organization\",\"name\":\"Just Now News\",\"url\":\"https:\/\/now-news.de\/de\/\",\"logo\":{\"@type\":\"ImageObject\",\"inLanguage\":\"de\",\"@id\":\"https:\/\/now-news.de\/de\/#\/schema\/logo\/image\/\",\"url\":\"http:\/\/just-now.news\/de\/wp-content\/uploads\/sites\/3\/2022\/04\/logo500x500.jpg\",\"contentUrl\":\"http:\/\/just-now.news\/de\/wp-content\/uploads\/sites\/3\/2022\/04\/logo500x500.jpg\",\"width\":500,\"height\":500,\"caption\":\"Just Now News\"},\"image\":{\"@id\":\"https:\/\/now-news.de\/de\/#\/schema\/logo\/image\/\"},\"sameAs\":[\"https:\/\/www.facebook.com\/wirmachenauf\",\"https:\/\/x.com\/WirMachenAuf_de\"]},{\"@type\":\"Person\",\"@id\":\"https:\/\/now-news.de\/de\/#\/schema\/person\/fb534a4e865501d8b3285208df34a9b5\",\"name\":\"rtnews\",\"image\":{\"@type\":\"ImageObject\",\"inLanguage\":\"de\",\"@id\":\"https:\/\/now-news.de\/de\/#\/schema\/person\/image\/\",\"url\":\"https:\/\/secure.gravatar.com\/avatar\/82aafea7d8127119dd649515f56e2117?s=96&d=mm&r=g\",\"contentUrl\":\"https:\/\/secure.gravatar.com\/avatar\/82aafea7d8127119dd649515f56e2117?s=96&d=mm&r=g\",\"caption\":\"rtnews\"},\"url\":\"https:\/\/now-news.de\/de\/author\/rnews\/\"}]}<\/script>\n<!-- \/ Yoast SEO Premium plugin. -->","yoast_head_json":{"title":"Arbeitsminister Heil: Alle VW-Standorte in Deutschland sichern - just-now.NEWS Deutschland","robots":{"index":"index","follow":"follow","max-snippet":"max-snippet:-1","max-image-preview":"max-image-preview:large","max-video-preview":"max-video-preview:-1"},"canonical":"https:\/\/now-news.de\/de\/deutschland\/arbeitsminister-heil-alle-vw-standorte-in-deutschland-sichern\/","og_locale":"de_DE","og_type":"article","og_title":"Arbeitsminister Heil: Alle VW-Standorte in Deutschland sichern","og_description":"VW steckt in der Krise. Nun hat sich auch Arbeitsminister Hubertus Heil besorgt \u00fcber die Lage beim gr\u00f6\u00dften europ\u00e4ischen Autobauer gezeigt und den Erhalt aller Standorte gefordert. Auch betriebsbedingte K\u00fcndigungen m\u00fcssten vermieden werden. Bundesarbeitsminister Hubertus Heil (SPD) hat sich besorgt \u00fcber die Lage bei VW ge\u00e4u\u00dfert und den Erhalt aller Standorte gefordert.\u00a0In der Sendung &#8220;Fr\u00fchstart&#8221;\u00a0der [&hellip;]","og_url":"https:\/\/now-news.de\/de\/deutschland\/arbeitsminister-heil-alle-vw-standorte-in-deutschland-sichern\/","og_site_name":"just-now.NEWS Deutschland","article_publisher":"https:\/\/www.facebook.com\/wirmachenauf","article_published_time":"2024-09-04T11:47:05+00:00","og_image":[{"url":"https:\/\/now-news.de\/de\/wp-content\/uploads\/sites\/3\/2024\/09\/66d8341b48fbef45cf7be2db.jpg"}],"author":"rtnews","twitter_card":"summary_large_image","twitter_creator":"@WirMachenAuf_de","twitter_site":"@WirMachenAuf_de","twitter_misc":{"Verfasst von":"rtnews","Gesch\u00e4tzte Lesezeit":"2\u00a0Minuten"},"schema":{"@context":"https:\/\/schema.org","@graph":[{"@type":"Article","@id":"https:\/\/now-news.de\/de\/deutschland\/arbeitsminister-heil-alle-vw-standorte-in-deutschland-sichern\/#article","isPartOf":{"@id":"https:\/\/now-news.de\/de\/deutschland\/arbeitsminister-heil-alle-vw-standorte-in-deutschland-sichern\/"},"author":{"name":"rtnews","@id":"https:\/\/now-news.de\/de\/#\/schema\/person\/fb534a4e865501d8b3285208df34a9b5"},"headline":"Arbeitsminister Heil: Alle VW-Standorte in Deutschland sichern","datePublished":"2024-09-04T11:47:05+00:00","dateModified":"2024-09-04T11:47:05+00:00","mainEntityOfPage":{"@id":"https:\/\/now-news.de\/de\/deutschland\/arbeitsminister-heil-alle-vw-standorte-in-deutschland-sichern\/"},"wordCount":336,"commentCount":0,"publisher":{"@id":"https:\/\/now-news.de\/de\/#organization"},"image":{"@id":"https:\/\/now-news.de\/de\/deutschland\/arbeitsminister-heil-alle-vw-standorte-in-deutschland-sichern\/#primaryimage"},"thumbnailUrl":"https:\/\/now-news.de\/de\/wp-content\/uploads\/sites\/3\/2024\/09\/Arbeitsminister-Heil-Alle-VW-Standorte-in-Deutschland-sichern.jpg","keywords":["ALLE","Arbeitsminister","Deutschland","Heil","sichern","VWStandorte"],"articleSection":["Deutschland","Russland"],"inLanguage":"de","potentialAction":[{"@type":"CommentAction","name":"Comment","target":["https:\/\/now-news.de\/de\/deutschland\/arbeitsminister-heil-alle-vw-standorte-in-deutschland-sichern\/#respond"]}]},{"@type":"WebPage","@id":"https:\/\/now-news.de\/de\/deutschland\/arbeitsminister-heil-alle-vw-standorte-in-deutschland-sichern\/","url":"https:\/\/now-news.de\/de\/deutschland\/arbeitsminister-heil-alle-vw-standorte-in-deutschland-sichern\/","name":"Arbeitsminister Heil: Alle VW-Standorte in Deutschland sichern - just-now.NEWS Deutschland","isPartOf":{"@id":"https:\/\/now-news.de\/de\/#website"},"primaryImageOfPage":{"@id":"https:\/\/now-news.de\/de\/deutschland\/arbeitsminister-heil-alle-vw-standorte-in-deutschland-sichern\/#primaryimage"},"image":{"@id":"https:\/\/now-news.de\/de\/deutschland\/arbeitsminister-heil-alle-vw-standorte-in-deutschland-sichern\/#primaryimage"},"thumbnailUrl":"https:\/\/now-news.de\/de\/wp-content\/uploads\/sites\/3\/2024\/09\/Arbeitsminister-Heil-Alle-VW-Standorte-in-Deutschland-sichern.jpg","datePublished":"2024-09-04T11:47:05+00:00","dateModified":"2024-09-04T11:47:05+00:00","breadcrumb":{"@id":"https:\/\/now-news.de\/de\/deutschland\/arbeitsminister-heil-alle-vw-standorte-in-deutschland-sichern\/#breadcrumb"},"inLanguage":"de","potentialAction":[{"@type":"ReadAction","target":["https:\/\/now-news.de\/de\/deutschland\/arbeitsminister-heil-alle-vw-standorte-in-deutschland-sichern\/"]}]},{"@type":"ImageObject","inLanguage":"de","@id":"https:\/\/now-news.de\/de\/deutschland\/arbeitsminister-heil-alle-vw-standorte-in-deutschland-sichern\/#primaryimage","url":"https:\/\/now-news.de\/de\/wp-content\/uploads\/sites\/3\/2024\/09\/Arbeitsminister-Heil-Alle-VW-Standorte-in-Deutschland-sichern.jpg","contentUrl":"https:\/\/now-news.de\/de\/wp-content\/uploads\/sites\/3\/2024\/09\/Arbeitsminister-Heil-Alle-VW-Standorte-in-Deutschland-sichern.jpg","width":460,"height":259,"caption":"Arbeitsminister Heil: Alle VW-Standorte in Deutschland sichern"},{"@type":"BreadcrumbList","@id":"https:\/\/now-news.de\/de\/deutschland\/arbeitsminister-heil-alle-vw-standorte-in-deutschland-sichern\/#breadcrumb","itemListElement":[{"@type":"ListItem","position":1,"name":"Home","item":"https:\/\/now-news.de\/de\/"},{"@type":"ListItem","position":2,"name":"Arbeitsminister Heil: Alle VW-Standorte in Deutschland sichern"}]},{"@type":"WebSite","@id":"https:\/\/now-news.de\/de\/#website","url":"https:\/\/now-news.de\/de\/","name":"just-now.NEWS Deutschland","description":"Das Portal f\u00fcr unzensierte Nachrichten aus der Welt","publisher":{"@id":"https:\/\/now-news.de\/de\/#organization"},"potentialAction":[{"@type":"SearchAction","target":{"@type":"EntryPoint","urlTemplate":"https:\/\/now-news.de\/de\/?s={search_term_string}"},"query-input":"required name=search_term_string"}],"inLanguage":"de"},{"@type":"Organization","@id":"https:\/\/now-news.de\/de\/#organization","name":"Just Now News","url":"https:\/\/now-news.de\/de\/","logo":{"@type":"ImageObject","inLanguage":"de","@id":"https:\/\/now-news.de\/de\/#\/schema\/logo\/image\/","url":"http:\/\/just-now.news\/de\/wp-content\/uploads\/sites\/3\/2022\/04\/logo500x500.jpg","contentUrl":"http:\/\/just-now.news\/de\/wp-content\/uploads\/sites\/3\/2022\/04\/logo500x500.jpg","width":500,"height":500,"caption":"Just Now News"},"image":{"@id":"https:\/\/now-news.de\/de\/#\/schema\/logo\/image\/"},"sameAs":["https:\/\/www.facebook.com\/wirmachenauf","https:\/\/x.com\/WirMachenAuf_de"]},{"@type":"Person","@id":"https:\/\/now-news.de\/de\/#\/schema\/person\/fb534a4e865501d8b3285208df34a9b5","name":"rtnews","image":{"@type":"ImageObject","inLanguage":"de","@id":"https:\/\/now-news.de\/de\/#\/schema\/person\/image\/","url":"https:\/\/secure.gravatar.com\/avatar\/82aafea7d8127119dd649515f56e2117?s=96&d=mm&r=g","contentUrl":"https:\/\/secure.gravatar.com\/avatar\/82aafea7d8127119dd649515f56e2117?s=96&d=mm&r=g","caption":"rtnews"},"url":"https:\/\/now-news.de\/de\/author\/rnews\/"}]}},"_links":{"self":[{"href":"https:\/\/now-news.de\/de\/wp-json\/wp\/v2\/posts\/68184"}],"collection":[{"href":"https:\/\/now-news.de\/de\/wp-json\/wp\/v2\/posts"}],"about":[{"href":"https:\/\/now-news.de\/de\/wp-json\/wp\/v2\/types\/post"}],"author":[{"embeddable":true,"href":"https:\/\/now-news.de\/de\/wp-json\/wp\/v2\/users\/3"}],"replies":[{"embeddable":true,"href":"https:\/\/now-news.de\/de\/wp-json\/wp\/v2\/comments?post=68184"}],"version-history":[{"count":0,"href":"https:\/\/now-news.de\/de\/wp-json\/wp\/v2\/posts\/68184\/revisions"}],"wp:featuredmedia":[{"embeddable":true,"href":"https:\/\/now-news.de\/de\/wp-json\/wp\/v2\/media\/68185"}],"wp:attachment":[{"href":"https:\/\/now-news.de\/de\/wp-json\/wp\/v2\/media?parent=68184"}],"wp:term":[{"taxonomy":"category","embeddable":true,"href":"https:\/\/now-news.de\/de\/wp-json\/wp\/v2\/categories?post=68184"},{"taxonomy":"post_tag","embeddable":true,"href":"https:\/\/now-news.de\/de\/wp-json\/wp\/v2\/tags?post=68184"}],"curies":[{"name":"wp","href":"https:\/\/api.w.org\/{rel}","templated":true}]}}