{"id":68168,"date":"2024-09-04T10:14:02","date_gmt":"2024-09-04T08:14:02","guid":{"rendered":"https:\/\/now-news.de\/de\/deutschland\/berlin-feuerwehr-registriert-drastischen-anstieg-der-messergewalt\/"},"modified":"2024-09-04T10:14:02","modified_gmt":"2024-09-04T08:14:02","slug":"berlin-feuerwehr-registriert-drastischen-anstieg-der-messergewalt","status":"publish","type":"post","link":"https:\/\/now-news.de\/de\/deutschland\/berlin-feuerwehr-registriert-drastischen-anstieg-der-messergewalt\/","title":{"rendered":"Berlin: Feuerwehr registriert drastischen Anstieg der Messergewalt"},"content":{"rendered":"<p><img decoding=\"async\" src=\"https:\/\/now-news.de\/de\/wp-content\/uploads\/sites\/3\/2024\/09\/66d7eda748fbef297f27d5c7.jpg\" \/><\/p>\n<div class=\"Text-root Text-type_1 \">\n                Die Berliner Zeitung erfuhr nach einer Anfrage zu Messergewalt dokumentierte Zahlen in der Hauptstadt. Demnach sei die &#8220;Entwicklung erschreckend&#8221;. Bis Ende Juli dieses Jahres waren bereits ann\u00e4hernd so viele derartige Eins\u00e4tze erforderlich wie im gesamten letzten Jahr.\n            <\/div>\n<p><\/p>\n<div class=\"Text-root Text-type_5 ArticleView-text ViewText-root \">\n<p>Die\u00a0<em>Berliner Zeitung<\/em>\u00a0stellte bei der hauptst\u00e4dtischen Feuerwehr eine Anfrage zu registrierten und dokumentierten &#8220;Messerverletzungen&#8221;. Der Artikel verweist darauf, dass\u00a0themenbezogen die &#8220;meisten Berliner Kliniken \u2013 au\u00dfer die\u00a0Charit\u00e9\u00a0\u2013 ein Geheimnis&#8221; aus ihren vorliegenden Statistiken machen w\u00fcrden. Die nun vorliegenden Zahlen der Feuerwehr seien in der &#8220;Entwicklung erschreckend&#8221;.\u00a0<\/p>\n<p>Bezugnehmend auf die der\u00a0<em>Berliner Zeitung\u00a0<\/em>zur Verf\u00fcgung gestellten Zahlen<em>\u00a0<\/em>betont ein Feuerwehrsprecher, dass es sich dabei &#8220;um Eins\u00e4tze handele, bei denen ein Notfallgeschehen mit dem Gegenstand &#8216;Messer&#8217; durch Fremdeinwirkung hervorgerufen wurde&#8221;. Die Daten w\u00fcrden\u00a0einen guten \u00dcberblick liefern, &#8220;seien jedoch unter dem Wissen von einer Dunkelziffer zu betrachten&#8221;.<\/p>\n<p>Die n\u00fcchterne Statistik der vergangenen drei Jahre dokumentiert in der Quersumme\u00a0eine stetige Steigerung von &#8220;Messervorf\u00e4llen&#8221;, die mit der Notwendigkeit eines Feuereinsatzes in Verbindung stehen. So hei\u00dft es nach Auswertung der Zahlen:<\/p>\n<p><em>&#8220;Im Jahr 2023 hatte die Berliner Feuerwehr 294 Rettungseins\u00e4tze wegen Stich- oder Schnittverletzungen \u2013 64 mehr als im Vorjahr. Und in diesem Jahr waren es bis Ende Juli bereits 234 Eins\u00e4tze. Das ist eine Steigerung um 84 F\u00e4lle gegen\u00fcber dem Vergleichszeitraum des vorigen Jahres und bereits jetzt deutlich mehr als im vorvergangenen Jahr.&#8221;<\/em><\/p>\n<p>Der Feuerwehrsprecher erkl\u00e4rte zu den internen Abl\u00e4ufen und Vorgaben der Dokumentation:<\/p>\n<p><em>&#8220;Ausgewertet wurden Eins\u00e4tze, bei denen das Meldebild auf eine Stich- oder Schnittverletzung durch eine fremde Person hinwies. Nicht ber\u00fccksichtigt wurden Eins\u00e4tze, bei denen die Ursache der Verletzung aufgrund des Meldebildes unklar war oder eine Selbstverletzung als Ursache gemeldet wurde.&#8221;<\/em><\/p>\n<p>Entsprechende &#8220;Einsatzcodes&#8221; zu Eins\u00e4tzen bei &#8220;Messerverletzungen&#8221; w\u00fcrden dabei die Dokumentation und dementsprechende Auswertungen erm\u00f6glichen.\u00a0F\u00fcr eine &#8220;valide Auswertung&#8221; m\u00fcssten jedoch &#8220;alle Eins\u00e4tze und erfassten Patientenprotokolle h\u00e4ndisch ausgewertet werden&#8221;.<\/p>\n<p>Die\u00a0vorliegenden Zahlen lassen also bef\u00fcrchten, dass es &#8220;noch weitere Messerverletzungen geben d\u00fcrfte, die von der Feuerwehr nicht erfasst wurden&#8221;, so die\u00a0<em>Berliner Zeitung<\/em>\u00a0res\u00fcmierend nach Auswertungen der Unterlagen.<\/p>\n<p>Eine Auff\u00e4lligkeit stellt die Tatsache dar, dass &#8220;die monatlichen Zahlen im Sommer besonders hoch sind, wenn sich viele Menschen im Freien aufhalten&#8221;. Weiter hei\u00dft es dazu:<\/p>\n<p><em>&#8220;Dies korreliert mit der Zahl der Polizeieins\u00e4tze wegen K\u00f6rperverletzungen oder Raubtaten in der \u00d6ffentlichkeit, die in der warmen Jahreszeit ebenfalls h\u00f6her liegen.&#8221;<\/em><\/p>\n<p>Der Krankenhausbetreiber Vivantes teilte der Redaktion zu den angefragten Zahlen f\u00fcr das Neuk\u00f6llner Urban-Krankenhaus mit,\u00a0dass demnach keine Daten zu Verletzten &#8220;wegen Messerangriffen in den vergangenen Jahren&#8221; zugesandt werden k\u00f6nnten. Daten aus nur einem Krankenhaus &#8220;w\u00e4ren ohnehin nicht repr\u00e4sentativ&#8221;, so ein Sprecher.<\/p>\n<p>Demgegen\u00fcber berichtete der Berliner\u00a0<em>rbb<\/em>\u00a0Anfang August\u00a0\u00fcber vorliegende Zahlen von der\u00a0Berliner Charit\u00e9. So w\u00e4ren im ersten Halbjahr 2024 so viele Stichverletzungen registriert worden wie sonst in einem ganzen Jahr. Ein leitender Mediziner berichtete der\u00a0<em>rbb-Abendschau<\/em>, dass das Haus &#8220;normalerweise etwa 50 bis 55 Messerstichverletzungen pro Jahr erlebt, aber die haben wir im ersten Halbjahr dieses Jahr schon&#8221;. Weiter hei\u00dft es im Beitrag:<\/p>\n<p><em>&#8220;Charit\u00e9-Mediziner schlagen Alarm: Die Zahl der Patienten mit Stichverletzungen steigt deutlich an. Anscheinend nehme die Brutalit\u00e4t insgesamt zu. Das habe auch psychologische Folgen f\u00fcr die Krankenhausmitarbeiter.&#8221;<\/em><\/p>\n<p>Der Artikel der\u00a0<em>Berliner Zeitung\u00a0<\/em>verweist auf die j\u00fcngste Statistik des Bundeskriminalamts (BKA), die deutschlandweit f\u00fcr das Jahr 2023 &#8220;8.951 Messerangriffe im Bereich gef\u00e4hrliche und schwere K\u00f6rperverletzung (im Vorjahr: 8160 F\u00e4lle) und 4.893 F\u00e4lle im Bereich Raub (Vorjahr: 4195)&#8221; registrierte.<\/p>\n<p>Zu entsprechenden Vorf\u00e4llen in der Hauptstadt wurden seitens der Berliner Polizei im Vorjahr &#8220;insgesamt 3.482 F\u00e4lle mit einem Messer als Tatmittel (165 mehr als im Vorjahr)&#8221; erfasst.<\/p>\n<p><strong>Mehr zum Thema &#8211;<\/strong>\u00a0<a rel=\"nofollow noopener\" target=\"_blank\" href=\"https:\/\/freedert.online\/inland\/217906-messermord-in-niedersachsen-opfer-war\/\">Messermord in Niedersachsen: Das Opfer war Leiter der Fl\u00fcchtlingsunterkunft, in der der T\u00e4ter lebte<\/a><\/p>\n<\/div>\n<p><br \/>\n<br \/><a href=\"https:\/\/de.rt.com\/inland\/217967-berlin-feuerwehr-bestaetigt-zahlen-auf\/\">Source link <\/a><\/p>\n","protected":false},"excerpt":{"rendered":"<p>Die Berliner Zeitung erfuhr nach einer Anfrage zu Messergewalt dokumentierte Zahlen in der Hauptstadt. Demnach sei die &#8220;Entwicklung erschreckend&#8221;. Bis Ende Juli dieses Jahres waren bereits ann\u00e4hernd so viele derartige Eins\u00e4tze erforderlich wie im gesamten letzten Jahr. Die\u00a0Berliner Zeitung\u00a0stellte bei der hauptst\u00e4dtischen Feuerwehr eine Anfrage zu registrierten und dokumentierten &#8220;Messerverletzungen&#8221;. Der Artikel verweist darauf, dass\u00a0themenbezogen [&hellip;]<\/p>\n","protected":false},"author":3,"featured_media":68169,"comment_status":"open","ping_status":"open","sticky":false,"template":"","format":"standard","meta":{"_yoast_indexnow_last_ping":["1725438591"],"wp_automatic_camp":["217"],"6d8c26bd771118e77c18a0c56b17a86d":["Berlin: Feuerwehr registriert drastischen Anstieg der Messergewalt"],"original_link":["https:\/\/de.rt.com\/inland\/217967-berlin-feuerwehr-bestaetigt-zahlen-auf\/"],"_thumbnail_id":["68169"],"_wptgpro_p2tg_sent2tg":["a:1:{i:23737;s:19:\"2024-09-04 10:30:59\";}"],"jnews_social_counter_last_update":["1776922565"]},"categories":[19,23],"tags":[19969,943,82,20506,19131,55997,4402],"yoast_head":"<!-- This site is optimized with the Yoast SEO Premium plugin v22.7 (Yoast SEO v22.7) - https:\/\/yoast.com\/wordpress\/plugins\/seo\/ -->\n<title>Berlin: Feuerwehr registriert drastischen Anstieg der Messergewalt - just-now.NEWS Deutschland<\/title>\n<meta name=\"robots\" content=\"index, follow, max-snippet:-1, max-image-preview:large, max-video-preview:-1\" \/>\n<link rel=\"canonical\" href=\"https:\/\/now-news.de\/de\/deutschland\/berlin-feuerwehr-registriert-drastischen-anstieg-der-messergewalt\/\" \/>\n<meta property=\"og:locale\" content=\"de_DE\" \/>\n<meta property=\"og:type\" content=\"article\" \/>\n<meta property=\"og:title\" content=\"Berlin: Feuerwehr registriert drastischen Anstieg der Messergewalt\" \/>\n<meta property=\"og:description\" content=\"Die Berliner Zeitung erfuhr nach einer Anfrage zu Messergewalt dokumentierte Zahlen in der Hauptstadt. Demnach sei die &#8220;Entwicklung erschreckend&#8221;. Bis Ende Juli dieses Jahres waren bereits ann\u00e4hernd so viele derartige Eins\u00e4tze erforderlich wie im gesamten letzten Jahr. Die\u00a0Berliner Zeitung\u00a0stellte bei der hauptst\u00e4dtischen Feuerwehr eine Anfrage zu registrierten und dokumentierten &#8220;Messerverletzungen&#8221;. Der Artikel verweist darauf, dass\u00a0themenbezogen [&hellip;]\" \/>\n<meta property=\"og:url\" content=\"https:\/\/now-news.de\/de\/deutschland\/berlin-feuerwehr-registriert-drastischen-anstieg-der-messergewalt\/\" \/>\n<meta property=\"og:site_name\" content=\"just-now.NEWS Deutschland\" \/>\n<meta property=\"article:publisher\" content=\"https:\/\/www.facebook.com\/wirmachenauf\" \/>\n<meta property=\"article:published_time\" content=\"2024-09-04T08:14:02+00:00\" \/>\n<meta property=\"og:image\" content=\"https:\/\/now-news.de\/de\/wp-content\/uploads\/sites\/3\/2024\/09\/66d7eda748fbef297f27d5c7.jpg\" \/>\n<meta name=\"author\" content=\"rtnews\" \/>\n<meta name=\"twitter:card\" content=\"summary_large_image\" \/>\n<meta name=\"twitter:creator\" content=\"@WirMachenAuf_de\" \/>\n<meta name=\"twitter:site\" content=\"@WirMachenAuf_de\" \/>\n<meta name=\"twitter:label1\" content=\"Verfasst von\" \/>\n\t<meta name=\"twitter:data1\" content=\"rtnews\" \/>\n\t<meta name=\"twitter:label2\" content=\"Gesch\u00e4tzte Lesezeit\" \/>\n\t<meta name=\"twitter:data2\" content=\"3\u00a0Minuten\" \/>\n<script type=\"application\/ld+json\" class=\"yoast-schema-graph\">{\"@context\":\"https:\/\/schema.org\",\"@graph\":[{\"@type\":\"Article\",\"@id\":\"https:\/\/now-news.de\/de\/deutschland\/berlin-feuerwehr-registriert-drastischen-anstieg-der-messergewalt\/#article\",\"isPartOf\":{\"@id\":\"https:\/\/now-news.de\/de\/deutschland\/berlin-feuerwehr-registriert-drastischen-anstieg-der-messergewalt\/\"},\"author\":{\"name\":\"rtnews\",\"@id\":\"https:\/\/now-news.de\/de\/#\/schema\/person\/fb534a4e865501d8b3285208df34a9b5\"},\"headline\":\"Berlin: Feuerwehr registriert drastischen Anstieg der Messergewalt\",\"datePublished\":\"2024-09-04T08:14:02+00:00\",\"dateModified\":\"2024-09-04T08:14:02+00:00\",\"mainEntityOfPage\":{\"@id\":\"https:\/\/now-news.de\/de\/deutschland\/berlin-feuerwehr-registriert-drastischen-anstieg-der-messergewalt\/\"},\"wordCount\":640,\"commentCount\":0,\"publisher\":{\"@id\":\"https:\/\/now-news.de\/de\/#organization\"},\"image\":{\"@id\":\"https:\/\/now-news.de\/de\/deutschland\/berlin-feuerwehr-registriert-drastischen-anstieg-der-messergewalt\/#primaryimage\"},\"thumbnailUrl\":\"https:\/\/now-news.de\/de\/wp-content\/uploads\/sites\/3\/2024\/09\/Berlin-Feuerwehr-registriert-drastischen-Anstieg-der-Messergewalt.jpg\",\"keywords\":[\"Anstieg\",\"Berlin\",\"der\",\"drastischen\",\"Feuerwehr\",\"MesserGewalt\",\"registriert\"],\"articleSection\":[\"Deutschland\",\"Russland\"],\"inLanguage\":\"de\",\"potentialAction\":[{\"@type\":\"CommentAction\",\"name\":\"Comment\",\"target\":[\"https:\/\/now-news.de\/de\/deutschland\/berlin-feuerwehr-registriert-drastischen-anstieg-der-messergewalt\/#respond\"]}]},{\"@type\":\"WebPage\",\"@id\":\"https:\/\/now-news.de\/de\/deutschland\/berlin-feuerwehr-registriert-drastischen-anstieg-der-messergewalt\/\",\"url\":\"https:\/\/now-news.de\/de\/deutschland\/berlin-feuerwehr-registriert-drastischen-anstieg-der-messergewalt\/\",\"name\":\"Berlin: Feuerwehr registriert drastischen Anstieg der Messergewalt - just-now.NEWS Deutschland\",\"isPartOf\":{\"@id\":\"https:\/\/now-news.de\/de\/#website\"},\"primaryImageOfPage\":{\"@id\":\"https:\/\/now-news.de\/de\/deutschland\/berlin-feuerwehr-registriert-drastischen-anstieg-der-messergewalt\/#primaryimage\"},\"image\":{\"@id\":\"https:\/\/now-news.de\/de\/deutschland\/berlin-feuerwehr-registriert-drastischen-anstieg-der-messergewalt\/#primaryimage\"},\"thumbnailUrl\":\"https:\/\/now-news.de\/de\/wp-content\/uploads\/sites\/3\/2024\/09\/Berlin-Feuerwehr-registriert-drastischen-Anstieg-der-Messergewalt.jpg\",\"datePublished\":\"2024-09-04T08:14:02+00:00\",\"dateModified\":\"2024-09-04T08:14:02+00:00\",\"breadcrumb\":{\"@id\":\"https:\/\/now-news.de\/de\/deutschland\/berlin-feuerwehr-registriert-drastischen-anstieg-der-messergewalt\/#breadcrumb\"},\"inLanguage\":\"de\",\"potentialAction\":[{\"@type\":\"ReadAction\",\"target\":[\"https:\/\/now-news.de\/de\/deutschland\/berlin-feuerwehr-registriert-drastischen-anstieg-der-messergewalt\/\"]}]},{\"@type\":\"ImageObject\",\"inLanguage\":\"de\",\"@id\":\"https:\/\/now-news.de\/de\/deutschland\/berlin-feuerwehr-registriert-drastischen-anstieg-der-messergewalt\/#primaryimage\",\"url\":\"https:\/\/now-news.de\/de\/wp-content\/uploads\/sites\/3\/2024\/09\/Berlin-Feuerwehr-registriert-drastischen-Anstieg-der-Messergewalt.jpg\",\"contentUrl\":\"https:\/\/now-news.de\/de\/wp-content\/uploads\/sites\/3\/2024\/09\/Berlin-Feuerwehr-registriert-drastischen-Anstieg-der-Messergewalt.jpg\",\"width\":460,\"height\":259,\"caption\":\"Berlin: Feuerwehr registriert drastischen Anstieg der Messergewalt\"},{\"@type\":\"BreadcrumbList\",\"@id\":\"https:\/\/now-news.de\/de\/deutschland\/berlin-feuerwehr-registriert-drastischen-anstieg-der-messergewalt\/#breadcrumb\",\"itemListElement\":[{\"@type\":\"ListItem\",\"position\":1,\"name\":\"Home\",\"item\":\"https:\/\/now-news.de\/de\/\"},{\"@type\":\"ListItem\",\"position\":2,\"name\":\"Berlin: Feuerwehr registriert drastischen Anstieg der Messergewalt\"}]},{\"@type\":\"WebSite\",\"@id\":\"https:\/\/now-news.de\/de\/#website\",\"url\":\"https:\/\/now-news.de\/de\/\",\"name\":\"just-now.NEWS Deutschland\",\"description\":\"Das Portal f\u00fcr unzensierte Nachrichten aus der Welt\",\"publisher\":{\"@id\":\"https:\/\/now-news.de\/de\/#organization\"},\"potentialAction\":[{\"@type\":\"SearchAction\",\"target\":{\"@type\":\"EntryPoint\",\"urlTemplate\":\"https:\/\/now-news.de\/de\/?s={search_term_string}\"},\"query-input\":\"required name=search_term_string\"}],\"inLanguage\":\"de\"},{\"@type\":\"Organization\",\"@id\":\"https:\/\/now-news.de\/de\/#organization\",\"name\":\"Just Now News\",\"url\":\"https:\/\/now-news.de\/de\/\",\"logo\":{\"@type\":\"ImageObject\",\"inLanguage\":\"de\",\"@id\":\"https:\/\/now-news.de\/de\/#\/schema\/logo\/image\/\",\"url\":\"http:\/\/just-now.news\/de\/wp-content\/uploads\/sites\/3\/2022\/04\/logo500x500.jpg\",\"contentUrl\":\"http:\/\/just-now.news\/de\/wp-content\/uploads\/sites\/3\/2022\/04\/logo500x500.jpg\",\"width\":500,\"height\":500,\"caption\":\"Just Now News\"},\"image\":{\"@id\":\"https:\/\/now-news.de\/de\/#\/schema\/logo\/image\/\"},\"sameAs\":[\"https:\/\/www.facebook.com\/wirmachenauf\",\"https:\/\/x.com\/WirMachenAuf_de\"]},{\"@type\":\"Person\",\"@id\":\"https:\/\/now-news.de\/de\/#\/schema\/person\/fb534a4e865501d8b3285208df34a9b5\",\"name\":\"rtnews\",\"image\":{\"@type\":\"ImageObject\",\"inLanguage\":\"de\",\"@id\":\"https:\/\/now-news.de\/de\/#\/schema\/person\/image\/\",\"url\":\"https:\/\/secure.gravatar.com\/avatar\/82aafea7d8127119dd649515f56e2117?s=96&d=mm&r=g\",\"contentUrl\":\"https:\/\/secure.gravatar.com\/avatar\/82aafea7d8127119dd649515f56e2117?s=96&d=mm&r=g\",\"caption\":\"rtnews\"},\"url\":\"https:\/\/now-news.de\/de\/author\/rnews\/\"}]}<\/script>\n<!-- \/ Yoast SEO Premium plugin. -->","yoast_head_json":{"title":"Berlin: Feuerwehr registriert drastischen Anstieg der Messergewalt - just-now.NEWS Deutschland","robots":{"index":"index","follow":"follow","max-snippet":"max-snippet:-1","max-image-preview":"max-image-preview:large","max-video-preview":"max-video-preview:-1"},"canonical":"https:\/\/now-news.de\/de\/deutschland\/berlin-feuerwehr-registriert-drastischen-anstieg-der-messergewalt\/","og_locale":"de_DE","og_type":"article","og_title":"Berlin: Feuerwehr registriert drastischen Anstieg der Messergewalt","og_description":"Die Berliner Zeitung erfuhr nach einer Anfrage zu Messergewalt dokumentierte Zahlen in der Hauptstadt. Demnach sei die &#8220;Entwicklung erschreckend&#8221;. Bis Ende Juli dieses Jahres waren bereits ann\u00e4hernd so viele derartige Eins\u00e4tze erforderlich wie im gesamten letzten Jahr. Die\u00a0Berliner Zeitung\u00a0stellte bei der hauptst\u00e4dtischen Feuerwehr eine Anfrage zu registrierten und dokumentierten &#8220;Messerverletzungen&#8221;. Der Artikel verweist darauf, dass\u00a0themenbezogen [&hellip;]","og_url":"https:\/\/now-news.de\/de\/deutschland\/berlin-feuerwehr-registriert-drastischen-anstieg-der-messergewalt\/","og_site_name":"just-now.NEWS Deutschland","article_publisher":"https:\/\/www.facebook.com\/wirmachenauf","article_published_time":"2024-09-04T08:14:02+00:00","og_image":[{"url":"https:\/\/now-news.de\/de\/wp-content\/uploads\/sites\/3\/2024\/09\/66d7eda748fbef297f27d5c7.jpg"}],"author":"rtnews","twitter_card":"summary_large_image","twitter_creator":"@WirMachenAuf_de","twitter_site":"@WirMachenAuf_de","twitter_misc":{"Verfasst von":"rtnews","Gesch\u00e4tzte Lesezeit":"3\u00a0Minuten"},"schema":{"@context":"https:\/\/schema.org","@graph":[{"@type":"Article","@id":"https:\/\/now-news.de\/de\/deutschland\/berlin-feuerwehr-registriert-drastischen-anstieg-der-messergewalt\/#article","isPartOf":{"@id":"https:\/\/now-news.de\/de\/deutschland\/berlin-feuerwehr-registriert-drastischen-anstieg-der-messergewalt\/"},"author":{"name":"rtnews","@id":"https:\/\/now-news.de\/de\/#\/schema\/person\/fb534a4e865501d8b3285208df34a9b5"},"headline":"Berlin: Feuerwehr registriert drastischen Anstieg der Messergewalt","datePublished":"2024-09-04T08:14:02+00:00","dateModified":"2024-09-04T08:14:02+00:00","mainEntityOfPage":{"@id":"https:\/\/now-news.de\/de\/deutschland\/berlin-feuerwehr-registriert-drastischen-anstieg-der-messergewalt\/"},"wordCount":640,"commentCount":0,"publisher":{"@id":"https:\/\/now-news.de\/de\/#organization"},"image":{"@id":"https:\/\/now-news.de\/de\/deutschland\/berlin-feuerwehr-registriert-drastischen-anstieg-der-messergewalt\/#primaryimage"},"thumbnailUrl":"https:\/\/now-news.de\/de\/wp-content\/uploads\/sites\/3\/2024\/09\/Berlin-Feuerwehr-registriert-drastischen-Anstieg-der-Messergewalt.jpg","keywords":["Anstieg","Berlin","der","drastischen","Feuerwehr","MesserGewalt","registriert"],"articleSection":["Deutschland","Russland"],"inLanguage":"de","potentialAction":[{"@type":"CommentAction","name":"Comment","target":["https:\/\/now-news.de\/de\/deutschland\/berlin-feuerwehr-registriert-drastischen-anstieg-der-messergewalt\/#respond"]}]},{"@type":"WebPage","@id":"https:\/\/now-news.de\/de\/deutschland\/berlin-feuerwehr-registriert-drastischen-anstieg-der-messergewalt\/","url":"https:\/\/now-news.de\/de\/deutschland\/berlin-feuerwehr-registriert-drastischen-anstieg-der-messergewalt\/","name":"Berlin: Feuerwehr registriert drastischen Anstieg der Messergewalt - just-now.NEWS Deutschland","isPartOf":{"@id":"https:\/\/now-news.de\/de\/#website"},"primaryImageOfPage":{"@id":"https:\/\/now-news.de\/de\/deutschland\/berlin-feuerwehr-registriert-drastischen-anstieg-der-messergewalt\/#primaryimage"},"image":{"@id":"https:\/\/now-news.de\/de\/deutschland\/berlin-feuerwehr-registriert-drastischen-anstieg-der-messergewalt\/#primaryimage"},"thumbnailUrl":"https:\/\/now-news.de\/de\/wp-content\/uploads\/sites\/3\/2024\/09\/Berlin-Feuerwehr-registriert-drastischen-Anstieg-der-Messergewalt.jpg","datePublished":"2024-09-04T08:14:02+00:00","dateModified":"2024-09-04T08:14:02+00:00","breadcrumb":{"@id":"https:\/\/now-news.de\/de\/deutschland\/berlin-feuerwehr-registriert-drastischen-anstieg-der-messergewalt\/#breadcrumb"},"inLanguage":"de","potentialAction":[{"@type":"ReadAction","target":["https:\/\/now-news.de\/de\/deutschland\/berlin-feuerwehr-registriert-drastischen-anstieg-der-messergewalt\/"]}]},{"@type":"ImageObject","inLanguage":"de","@id":"https:\/\/now-news.de\/de\/deutschland\/berlin-feuerwehr-registriert-drastischen-anstieg-der-messergewalt\/#primaryimage","url":"https:\/\/now-news.de\/de\/wp-content\/uploads\/sites\/3\/2024\/09\/Berlin-Feuerwehr-registriert-drastischen-Anstieg-der-Messergewalt.jpg","contentUrl":"https:\/\/now-news.de\/de\/wp-content\/uploads\/sites\/3\/2024\/09\/Berlin-Feuerwehr-registriert-drastischen-Anstieg-der-Messergewalt.jpg","width":460,"height":259,"caption":"Berlin: Feuerwehr registriert drastischen Anstieg der Messergewalt"},{"@type":"BreadcrumbList","@id":"https:\/\/now-news.de\/de\/deutschland\/berlin-feuerwehr-registriert-drastischen-anstieg-der-messergewalt\/#breadcrumb","itemListElement":[{"@type":"ListItem","position":1,"name":"Home","item":"https:\/\/now-news.de\/de\/"},{"@type":"ListItem","position":2,"name":"Berlin: Feuerwehr registriert drastischen Anstieg der Messergewalt"}]},{"@type":"WebSite","@id":"https:\/\/now-news.de\/de\/#website","url":"https:\/\/now-news.de\/de\/","name":"just-now.NEWS Deutschland","description":"Das Portal f\u00fcr unzensierte Nachrichten aus der Welt","publisher":{"@id":"https:\/\/now-news.de\/de\/#organization"},"potentialAction":[{"@type":"SearchAction","target":{"@type":"EntryPoint","urlTemplate":"https:\/\/now-news.de\/de\/?s={search_term_string}"},"query-input":"required name=search_term_string"}],"inLanguage":"de"},{"@type":"Organization","@id":"https:\/\/now-news.de\/de\/#organization","name":"Just Now News","url":"https:\/\/now-news.de\/de\/","logo":{"@type":"ImageObject","inLanguage":"de","@id":"https:\/\/now-news.de\/de\/#\/schema\/logo\/image\/","url":"http:\/\/just-now.news\/de\/wp-content\/uploads\/sites\/3\/2022\/04\/logo500x500.jpg","contentUrl":"http:\/\/just-now.news\/de\/wp-content\/uploads\/sites\/3\/2022\/04\/logo500x500.jpg","width":500,"height":500,"caption":"Just Now News"},"image":{"@id":"https:\/\/now-news.de\/de\/#\/schema\/logo\/image\/"},"sameAs":["https:\/\/www.facebook.com\/wirmachenauf","https:\/\/x.com\/WirMachenAuf_de"]},{"@type":"Person","@id":"https:\/\/now-news.de\/de\/#\/schema\/person\/fb534a4e865501d8b3285208df34a9b5","name":"rtnews","image":{"@type":"ImageObject","inLanguage":"de","@id":"https:\/\/now-news.de\/de\/#\/schema\/person\/image\/","url":"https:\/\/secure.gravatar.com\/avatar\/82aafea7d8127119dd649515f56e2117?s=96&d=mm&r=g","contentUrl":"https:\/\/secure.gravatar.com\/avatar\/82aafea7d8127119dd649515f56e2117?s=96&d=mm&r=g","caption":"rtnews"},"url":"https:\/\/now-news.de\/de\/author\/rnews\/"}]}},"_links":{"self":[{"href":"https:\/\/now-news.de\/de\/wp-json\/wp\/v2\/posts\/68168"}],"collection":[{"href":"https:\/\/now-news.de\/de\/wp-json\/wp\/v2\/posts"}],"about":[{"href":"https:\/\/now-news.de\/de\/wp-json\/wp\/v2\/types\/post"}],"author":[{"embeddable":true,"href":"https:\/\/now-news.de\/de\/wp-json\/wp\/v2\/users\/3"}],"replies":[{"embeddable":true,"href":"https:\/\/now-news.de\/de\/wp-json\/wp\/v2\/comments?post=68168"}],"version-history":[{"count":0,"href":"https:\/\/now-news.de\/de\/wp-json\/wp\/v2\/posts\/68168\/revisions"}],"wp:featuredmedia":[{"embeddable":true,"href":"https:\/\/now-news.de\/de\/wp-json\/wp\/v2\/media\/68169"}],"wp:attachment":[{"href":"https:\/\/now-news.de\/de\/wp-json\/wp\/v2\/media?parent=68168"}],"wp:term":[{"taxonomy":"category","embeddable":true,"href":"https:\/\/now-news.de\/de\/wp-json\/wp\/v2\/categories?post=68168"},{"taxonomy":"post_tag","embeddable":true,"href":"https:\/\/now-news.de\/de\/wp-json\/wp\/v2\/tags?post=68168"}],"curies":[{"name":"wp","href":"https:\/\/api.w.org\/{rel}","templated":true}]}}