{"id":68136,"date":"2024-09-03T18:09:09","date_gmt":"2024-09-03T16:09:09","guid":{"rendered":"https:\/\/now-news.de\/de\/deutschland\/kleinboot-mit-migranten-im-aermelkanal-gekentert-mindestens-zwoelf-tote\/"},"modified":"2024-09-03T18:09:09","modified_gmt":"2024-09-03T16:09:09","slug":"kleinboot-mit-migranten-im-aermelkanal-gekentert-mindestens-zwoelf-tote","status":"publish","type":"post","link":"https:\/\/now-news.de\/de\/deutschland\/kleinboot-mit-migranten-im-aermelkanal-gekentert-mindestens-zwoelf-tote\/","title":{"rendered":"Kleinboot mit Migranten im \u00c4rmelkanal gekentert \u2013 mindestens zw\u00f6lf Tote"},"content":{"rendered":"<p><img decoding=\"async\" src=\"https:\/\/now-news.de\/de\/wp-content\/uploads\/sites\/3\/2024\/09\/66d7292b48fbef29eb60fd58.jpg\" \/><\/p>\n<div class=\"Text-root Text-type_1 \">\n                Mehrere Menschen sind am Dienstag bei dem Versuch, den \u00c4rmelkanal zu \u00fcberqueren, gestorben. Offiziell werden Informationen \u00fcber zw\u00f6lf Tote best\u00e4tigt. Mehr als 50 Menschen konnten gerettet werden.\n            <\/div>\n<p><\/p>\n<div class=\"Text-root Text-type_5 ArticleView-text ViewText-root \">\n<p>Ein Kleinboot mit Migranten ist im \u00c4rmelkanal zwischen den K\u00fcsten Gro\u00dfbritanniens und Frankreichs gekentert. Nach Angaben des amtierenden Innenministers G\u00e9rald Darmanin ereignete sich der Unfall nahe der Stadt Wimereux in der Stra\u00dfe von Dover.\u00a0Er\u00a0sprach zun\u00e4chst\u00a0von zw\u00f6lf Toten, zwei Vermissten und mehreren Verletzten. Eine Such- und Rettungsoperation werde fortgesetzt.<\/p>\n<p>Wie <em>BFMTV<\/em> unter Verweis auf eine offizielle Erkl\u00e4rung berichtete, h\u00e4tten sich an Bord des gesunkenen Wasserfahrzeuges 65 Menschen befunden, zw\u00f6lf davon seien ums Leben gekommen. \u00dcber 50 Insassen seien gerettet worden, manche von ihnen br\u00e4uchten medizinische Behandlung.<\/p>\n<p><em>The Guardian<\/em> betonte, dass\u00a0das Boot\u00a0allem Anschein nach in franz\u00f6sischen Gew\u00e4ssern gesunken sei. An der Such- und Rettungsoperation\u00a0seien bislang nur franz\u00f6sische Kr\u00e4fte beteiligt.<\/p>\n<p>Fr\u00e9d\u00e9ric Cuvillier, der\u00a0B\u00fcrgermeister der n\u00e4chstgelegenen\u00a0Stadt\u00a0Boulogne-sur-Mer,\u00a0schrieb auf Facebook\u00a0von &#8220;einer neuen Trag\u00f6die vor unserer K\u00fcste&#8221;. Ihm zufolge seien fast 70 Menschen an Bord gewesen.<\/p>\n<p>Migranten versuchen immer wieder, die Stra\u00dfe von Dover, die engste Stelle des \u00c4rmelkanals, mit Kleinbooten zu \u00fcberwinden. Die\u00a0<em>BBC<\/em> berichtete zuletzt Anfang August \u00fcber einen Unfall,\u00a0bei dem zwei M\u00e4nner\u00a0in der Meerenge\u00a0ertrunken waren.\u00a0<\/p>\n<p><strong>Mehr zum Thema\u00a0\u2013<\/strong>\u00a0<a rel=\"nofollow noopener\" target=\"_blank\" href=\"https:\/\/freedert.online\/europa\/214578-musk-buergerkrieg-in-grossbritannien-ist\/\">Musk: B\u00fcrgerkrieg in Gro\u00dfbritannien ist &#8220;unvermeidlich&#8221;<\/a><\/p>\n<\/div>\n<p><br \/>\n<br \/><a href=\"https:\/\/de.rt.com\/europa\/217940-kleinboot-mit-migranten-im-aermelkanal\/\">Source link <\/a><\/p>\n","protected":false},"excerpt":{"rendered":"<p>Mehrere Menschen sind am Dienstag bei dem Versuch, den \u00c4rmelkanal zu \u00fcberqueren, gestorben. Offiziell werden Informationen \u00fcber zw\u00f6lf Tote best\u00e4tigt. Mehr als 50 Menschen konnten gerettet werden. Ein Kleinboot mit Migranten ist im \u00c4rmelkanal zwischen den K\u00fcsten Gro\u00dfbritanniens und Frankreichs gekentert. Nach Angaben des amtierenden Innenministers G\u00e9rald Darmanin ereignete sich der Unfall nahe der Stadt [&hellip;]<\/p>\n","protected":false},"author":3,"featured_media":68137,"comment_status":"open","ping_status":"open","sticky":false,"template":"","format":"standard","meta":{"_yoast_indexnow_last_ping":["1725380683"],"wp_automatic_camp":["217"],"bd3e8a2c2d51df8ad964ffca463e0553":["Kleinboot mit Migranten im \u00c4rmelkanal gekentert \u2013 mindestens zw\u00f6lf Tote"],"original_link":["https:\/\/de.rt.com\/europa\/217940-kleinboot-mit-migranten-im-aermelkanal\/"],"_thumbnail_id":["68137"],"_wptgpro_p2tg_sent2tg":["a:1:{i:23737;s:19:\"2024-09-03 18:25:44\";}"],"jnews_social_counter_last_update":["1777202233"]},"categories":[19,23],"tags":[31571,58185,58184,14789,3231,419,3233,22392],"yoast_head":"<!-- This site is optimized with the Yoast SEO Premium plugin v22.7 (Yoast SEO v22.7) - https:\/\/yoast.com\/wordpress\/plugins\/seo\/ -->\n<title>Kleinboot mit Migranten im \u00c4rmelkanal gekentert \u2013 mindestens zw\u00f6lf Tote - just-now.NEWS Deutschland<\/title>\n<meta name=\"robots\" content=\"index, follow, max-snippet:-1, max-image-preview:large, max-video-preview:-1\" \/>\n<link rel=\"canonical\" href=\"https:\/\/now-news.de\/de\/deutschland\/kleinboot-mit-migranten-im-aermelkanal-gekentert-mindestens-zwoelf-tote\/\" \/>\n<meta property=\"og:locale\" content=\"de_DE\" \/>\n<meta property=\"og:type\" content=\"article\" \/>\n<meta property=\"og:title\" content=\"Kleinboot mit Migranten im \u00c4rmelkanal gekentert \u2013 mindestens zw\u00f6lf Tote\" \/>\n<meta property=\"og:description\" content=\"Mehrere Menschen sind am Dienstag bei dem Versuch, den \u00c4rmelkanal zu \u00fcberqueren, gestorben. Offiziell werden Informationen \u00fcber zw\u00f6lf Tote best\u00e4tigt. Mehr als 50 Menschen konnten gerettet werden. Ein Kleinboot mit Migranten ist im \u00c4rmelkanal zwischen den K\u00fcsten Gro\u00dfbritanniens und Frankreichs gekentert. Nach Angaben des amtierenden Innenministers G\u00e9rald Darmanin ereignete sich der Unfall nahe der Stadt [&hellip;]\" \/>\n<meta property=\"og:url\" content=\"https:\/\/now-news.de\/de\/deutschland\/kleinboot-mit-migranten-im-aermelkanal-gekentert-mindestens-zwoelf-tote\/\" \/>\n<meta property=\"og:site_name\" content=\"just-now.NEWS Deutschland\" \/>\n<meta property=\"article:publisher\" content=\"https:\/\/www.facebook.com\/wirmachenauf\" \/>\n<meta property=\"article:published_time\" content=\"2024-09-03T16:09:09+00:00\" \/>\n<meta property=\"og:image\" content=\"https:\/\/now-news.de\/de\/wp-content\/uploads\/sites\/3\/2024\/09\/66d7292b48fbef29eb60fd58.jpg\" \/>\n<meta name=\"author\" content=\"rtnews\" \/>\n<meta name=\"twitter:card\" content=\"summary_large_image\" \/>\n<meta name=\"twitter:creator\" content=\"@WirMachenAuf_de\" \/>\n<meta name=\"twitter:site\" content=\"@WirMachenAuf_de\" \/>\n<meta name=\"twitter:label1\" content=\"Verfasst von\" \/>\n\t<meta name=\"twitter:data1\" content=\"rtnews\" \/>\n\t<meta name=\"twitter:label2\" content=\"Gesch\u00e4tzte Lesezeit\" \/>\n\t<meta name=\"twitter:data2\" content=\"1\u00a0Minute\" \/>\n<script type=\"application\/ld+json\" class=\"yoast-schema-graph\">{\"@context\":\"https:\/\/schema.org\",\"@graph\":[{\"@type\":\"Article\",\"@id\":\"https:\/\/now-news.de\/de\/deutschland\/kleinboot-mit-migranten-im-aermelkanal-gekentert-mindestens-zwoelf-tote\/#article\",\"isPartOf\":{\"@id\":\"https:\/\/now-news.de\/de\/deutschland\/kleinboot-mit-migranten-im-aermelkanal-gekentert-mindestens-zwoelf-tote\/\"},\"author\":{\"name\":\"rtnews\",\"@id\":\"https:\/\/now-news.de\/de\/#\/schema\/person\/fb534a4e865501d8b3285208df34a9b5\"},\"headline\":\"Kleinboot mit Migranten im \u00c4rmelkanal gekentert \u2013 mindestens zw\u00f6lf Tote\",\"datePublished\":\"2024-09-03T16:09:09+00:00\",\"dateModified\":\"2024-09-03T16:09:09+00:00\",\"mainEntityOfPage\":{\"@id\":\"https:\/\/now-news.de\/de\/deutschland\/kleinboot-mit-migranten-im-aermelkanal-gekentert-mindestens-zwoelf-tote\/\"},\"wordCount\":246,\"commentCount\":0,\"publisher\":{\"@id\":\"https:\/\/now-news.de\/de\/#organization\"},\"image\":{\"@id\":\"https:\/\/now-news.de\/de\/deutschland\/kleinboot-mit-migranten-im-aermelkanal-gekentert-mindestens-zwoelf-tote\/#primaryimage\"},\"thumbnailUrl\":\"https:\/\/now-news.de\/de\/wp-content\/uploads\/sites\/3\/2024\/09\/Kleinboot-mit-Migranten-im-Aermelkanal-gekentert-\u2013-mindestens-zwoelf-Tote.jpg\",\"keywords\":[\"\u00c4rmelkanal\",\"gekentert\",\"Kleinboot\",\"Migranten\",\"Mindestens\",\"mit\",\"Tote\",\"zw\u00f6lf\"],\"articleSection\":[\"Deutschland\",\"Russland\"],\"inLanguage\":\"de\",\"potentialAction\":[{\"@type\":\"CommentAction\",\"name\":\"Comment\",\"target\":[\"https:\/\/now-news.de\/de\/deutschland\/kleinboot-mit-migranten-im-aermelkanal-gekentert-mindestens-zwoelf-tote\/#respond\"]}]},{\"@type\":\"WebPage\",\"@id\":\"https:\/\/now-news.de\/de\/deutschland\/kleinboot-mit-migranten-im-aermelkanal-gekentert-mindestens-zwoelf-tote\/\",\"url\":\"https:\/\/now-news.de\/de\/deutschland\/kleinboot-mit-migranten-im-aermelkanal-gekentert-mindestens-zwoelf-tote\/\",\"name\":\"Kleinboot mit Migranten im \u00c4rmelkanal gekentert \u2013 mindestens zw\u00f6lf Tote - just-now.NEWS Deutschland\",\"isPartOf\":{\"@id\":\"https:\/\/now-news.de\/de\/#website\"},\"primaryImageOfPage\":{\"@id\":\"https:\/\/now-news.de\/de\/deutschland\/kleinboot-mit-migranten-im-aermelkanal-gekentert-mindestens-zwoelf-tote\/#primaryimage\"},\"image\":{\"@id\":\"https:\/\/now-news.de\/de\/deutschland\/kleinboot-mit-migranten-im-aermelkanal-gekentert-mindestens-zwoelf-tote\/#primaryimage\"},\"thumbnailUrl\":\"https:\/\/now-news.de\/de\/wp-content\/uploads\/sites\/3\/2024\/09\/Kleinboot-mit-Migranten-im-Aermelkanal-gekentert-\u2013-mindestens-zwoelf-Tote.jpg\",\"datePublished\":\"2024-09-03T16:09:09+00:00\",\"dateModified\":\"2024-09-03T16:09:09+00:00\",\"breadcrumb\":{\"@id\":\"https:\/\/now-news.de\/de\/deutschland\/kleinboot-mit-migranten-im-aermelkanal-gekentert-mindestens-zwoelf-tote\/#breadcrumb\"},\"inLanguage\":\"de\",\"potentialAction\":[{\"@type\":\"ReadAction\",\"target\":[\"https:\/\/now-news.de\/de\/deutschland\/kleinboot-mit-migranten-im-aermelkanal-gekentert-mindestens-zwoelf-tote\/\"]}]},{\"@type\":\"ImageObject\",\"inLanguage\":\"de\",\"@id\":\"https:\/\/now-news.de\/de\/deutschland\/kleinboot-mit-migranten-im-aermelkanal-gekentert-mindestens-zwoelf-tote\/#primaryimage\",\"url\":\"https:\/\/now-news.de\/de\/wp-content\/uploads\/sites\/3\/2024\/09\/Kleinboot-mit-Migranten-im-Aermelkanal-gekentert-\u2013-mindestens-zwoelf-Tote.jpg\",\"contentUrl\":\"https:\/\/now-news.de\/de\/wp-content\/uploads\/sites\/3\/2024\/09\/Kleinboot-mit-Migranten-im-Aermelkanal-gekentert-\u2013-mindestens-zwoelf-Tote.jpg\",\"width\":460,\"height\":259,\"caption\":\"Kleinboot mit Migranten im \u00c4rmelkanal gekentert \u2013 mindestens zw\u00f6lf Tote\"},{\"@type\":\"BreadcrumbList\",\"@id\":\"https:\/\/now-news.de\/de\/deutschland\/kleinboot-mit-migranten-im-aermelkanal-gekentert-mindestens-zwoelf-tote\/#breadcrumb\",\"itemListElement\":[{\"@type\":\"ListItem\",\"position\":1,\"name\":\"Home\",\"item\":\"https:\/\/now-news.de\/de\/\"},{\"@type\":\"ListItem\",\"position\":2,\"name\":\"Kleinboot mit Migranten im \u00c4rmelkanal gekentert \u2013 mindestens zw\u00f6lf Tote\"}]},{\"@type\":\"WebSite\",\"@id\":\"https:\/\/now-news.de\/de\/#website\",\"url\":\"https:\/\/now-news.de\/de\/\",\"name\":\"just-now.NEWS Deutschland\",\"description\":\"Das Portal f\u00fcr unzensierte Nachrichten aus der Welt\",\"publisher\":{\"@id\":\"https:\/\/now-news.de\/de\/#organization\"},\"potentialAction\":[{\"@type\":\"SearchAction\",\"target\":{\"@type\":\"EntryPoint\",\"urlTemplate\":\"https:\/\/now-news.de\/de\/?s={search_term_string}\"},\"query-input\":\"required name=search_term_string\"}],\"inLanguage\":\"de\"},{\"@type\":\"Organization\",\"@id\":\"https:\/\/now-news.de\/de\/#organization\",\"name\":\"Just Now News\",\"url\":\"https:\/\/now-news.de\/de\/\",\"logo\":{\"@type\":\"ImageObject\",\"inLanguage\":\"de\",\"@id\":\"https:\/\/now-news.de\/de\/#\/schema\/logo\/image\/\",\"url\":\"http:\/\/just-now.news\/de\/wp-content\/uploads\/sites\/3\/2022\/04\/logo500x500.jpg\",\"contentUrl\":\"http:\/\/just-now.news\/de\/wp-content\/uploads\/sites\/3\/2022\/04\/logo500x500.jpg\",\"width\":500,\"height\":500,\"caption\":\"Just Now News\"},\"image\":{\"@id\":\"https:\/\/now-news.de\/de\/#\/schema\/logo\/image\/\"},\"sameAs\":[\"https:\/\/www.facebook.com\/wirmachenauf\",\"https:\/\/x.com\/WirMachenAuf_de\"]},{\"@type\":\"Person\",\"@id\":\"https:\/\/now-news.de\/de\/#\/schema\/person\/fb534a4e865501d8b3285208df34a9b5\",\"name\":\"rtnews\",\"image\":{\"@type\":\"ImageObject\",\"inLanguage\":\"de\",\"@id\":\"https:\/\/now-news.de\/de\/#\/schema\/person\/image\/\",\"url\":\"https:\/\/secure.gravatar.com\/avatar\/82aafea7d8127119dd649515f56e2117?s=96&d=mm&r=g\",\"contentUrl\":\"https:\/\/secure.gravatar.com\/avatar\/82aafea7d8127119dd649515f56e2117?s=96&d=mm&r=g\",\"caption\":\"rtnews\"},\"url\":\"https:\/\/now-news.de\/de\/author\/rnews\/\"}]}<\/script>\n<!-- \/ Yoast SEO Premium plugin. -->","yoast_head_json":{"title":"Kleinboot mit Migranten im \u00c4rmelkanal gekentert \u2013 mindestens zw\u00f6lf Tote - just-now.NEWS Deutschland","robots":{"index":"index","follow":"follow","max-snippet":"max-snippet:-1","max-image-preview":"max-image-preview:large","max-video-preview":"max-video-preview:-1"},"canonical":"https:\/\/now-news.de\/de\/deutschland\/kleinboot-mit-migranten-im-aermelkanal-gekentert-mindestens-zwoelf-tote\/","og_locale":"de_DE","og_type":"article","og_title":"Kleinboot mit Migranten im \u00c4rmelkanal gekentert \u2013 mindestens zw\u00f6lf Tote","og_description":"Mehrere Menschen sind am Dienstag bei dem Versuch, den \u00c4rmelkanal zu \u00fcberqueren, gestorben. Offiziell werden Informationen \u00fcber zw\u00f6lf Tote best\u00e4tigt. Mehr als 50 Menschen konnten gerettet werden. Ein Kleinboot mit Migranten ist im \u00c4rmelkanal zwischen den K\u00fcsten Gro\u00dfbritanniens und Frankreichs gekentert. Nach Angaben des amtierenden Innenministers G\u00e9rald Darmanin ereignete sich der Unfall nahe der Stadt [&hellip;]","og_url":"https:\/\/now-news.de\/de\/deutschland\/kleinboot-mit-migranten-im-aermelkanal-gekentert-mindestens-zwoelf-tote\/","og_site_name":"just-now.NEWS Deutschland","article_publisher":"https:\/\/www.facebook.com\/wirmachenauf","article_published_time":"2024-09-03T16:09:09+00:00","og_image":[{"url":"https:\/\/now-news.de\/de\/wp-content\/uploads\/sites\/3\/2024\/09\/66d7292b48fbef29eb60fd58.jpg"}],"author":"rtnews","twitter_card":"summary_large_image","twitter_creator":"@WirMachenAuf_de","twitter_site":"@WirMachenAuf_de","twitter_misc":{"Verfasst von":"rtnews","Gesch\u00e4tzte Lesezeit":"1\u00a0Minute"},"schema":{"@context":"https:\/\/schema.org","@graph":[{"@type":"Article","@id":"https:\/\/now-news.de\/de\/deutschland\/kleinboot-mit-migranten-im-aermelkanal-gekentert-mindestens-zwoelf-tote\/#article","isPartOf":{"@id":"https:\/\/now-news.de\/de\/deutschland\/kleinboot-mit-migranten-im-aermelkanal-gekentert-mindestens-zwoelf-tote\/"},"author":{"name":"rtnews","@id":"https:\/\/now-news.de\/de\/#\/schema\/person\/fb534a4e865501d8b3285208df34a9b5"},"headline":"Kleinboot mit Migranten im \u00c4rmelkanal gekentert \u2013 mindestens zw\u00f6lf Tote","datePublished":"2024-09-03T16:09:09+00:00","dateModified":"2024-09-03T16:09:09+00:00","mainEntityOfPage":{"@id":"https:\/\/now-news.de\/de\/deutschland\/kleinboot-mit-migranten-im-aermelkanal-gekentert-mindestens-zwoelf-tote\/"},"wordCount":246,"commentCount":0,"publisher":{"@id":"https:\/\/now-news.de\/de\/#organization"},"image":{"@id":"https:\/\/now-news.de\/de\/deutschland\/kleinboot-mit-migranten-im-aermelkanal-gekentert-mindestens-zwoelf-tote\/#primaryimage"},"thumbnailUrl":"https:\/\/now-news.de\/de\/wp-content\/uploads\/sites\/3\/2024\/09\/Kleinboot-mit-Migranten-im-Aermelkanal-gekentert-\u2013-mindestens-zwoelf-Tote.jpg","keywords":["\u00c4rmelkanal","gekentert","Kleinboot","Migranten","Mindestens","mit","Tote","zw\u00f6lf"],"articleSection":["Deutschland","Russland"],"inLanguage":"de","potentialAction":[{"@type":"CommentAction","name":"Comment","target":["https:\/\/now-news.de\/de\/deutschland\/kleinboot-mit-migranten-im-aermelkanal-gekentert-mindestens-zwoelf-tote\/#respond"]}]},{"@type":"WebPage","@id":"https:\/\/now-news.de\/de\/deutschland\/kleinboot-mit-migranten-im-aermelkanal-gekentert-mindestens-zwoelf-tote\/","url":"https:\/\/now-news.de\/de\/deutschland\/kleinboot-mit-migranten-im-aermelkanal-gekentert-mindestens-zwoelf-tote\/","name":"Kleinboot mit Migranten im \u00c4rmelkanal gekentert \u2013 mindestens zw\u00f6lf Tote - just-now.NEWS Deutschland","isPartOf":{"@id":"https:\/\/now-news.de\/de\/#website"},"primaryImageOfPage":{"@id":"https:\/\/now-news.de\/de\/deutschland\/kleinboot-mit-migranten-im-aermelkanal-gekentert-mindestens-zwoelf-tote\/#primaryimage"},"image":{"@id":"https:\/\/now-news.de\/de\/deutschland\/kleinboot-mit-migranten-im-aermelkanal-gekentert-mindestens-zwoelf-tote\/#primaryimage"},"thumbnailUrl":"https:\/\/now-news.de\/de\/wp-content\/uploads\/sites\/3\/2024\/09\/Kleinboot-mit-Migranten-im-Aermelkanal-gekentert-\u2013-mindestens-zwoelf-Tote.jpg","datePublished":"2024-09-03T16:09:09+00:00","dateModified":"2024-09-03T16:09:09+00:00","breadcrumb":{"@id":"https:\/\/now-news.de\/de\/deutschland\/kleinboot-mit-migranten-im-aermelkanal-gekentert-mindestens-zwoelf-tote\/#breadcrumb"},"inLanguage":"de","potentialAction":[{"@type":"ReadAction","target":["https:\/\/now-news.de\/de\/deutschland\/kleinboot-mit-migranten-im-aermelkanal-gekentert-mindestens-zwoelf-tote\/"]}]},{"@type":"ImageObject","inLanguage":"de","@id":"https:\/\/now-news.de\/de\/deutschland\/kleinboot-mit-migranten-im-aermelkanal-gekentert-mindestens-zwoelf-tote\/#primaryimage","url":"https:\/\/now-news.de\/de\/wp-content\/uploads\/sites\/3\/2024\/09\/Kleinboot-mit-Migranten-im-Aermelkanal-gekentert-\u2013-mindestens-zwoelf-Tote.jpg","contentUrl":"https:\/\/now-news.de\/de\/wp-content\/uploads\/sites\/3\/2024\/09\/Kleinboot-mit-Migranten-im-Aermelkanal-gekentert-\u2013-mindestens-zwoelf-Tote.jpg","width":460,"height":259,"caption":"Kleinboot mit Migranten im \u00c4rmelkanal gekentert \u2013 mindestens zw\u00f6lf Tote"},{"@type":"BreadcrumbList","@id":"https:\/\/now-news.de\/de\/deutschland\/kleinboot-mit-migranten-im-aermelkanal-gekentert-mindestens-zwoelf-tote\/#breadcrumb","itemListElement":[{"@type":"ListItem","position":1,"name":"Home","item":"https:\/\/now-news.de\/de\/"},{"@type":"ListItem","position":2,"name":"Kleinboot mit Migranten im \u00c4rmelkanal gekentert \u2013 mindestens zw\u00f6lf Tote"}]},{"@type":"WebSite","@id":"https:\/\/now-news.de\/de\/#website","url":"https:\/\/now-news.de\/de\/","name":"just-now.NEWS Deutschland","description":"Das Portal f\u00fcr unzensierte Nachrichten aus der Welt","publisher":{"@id":"https:\/\/now-news.de\/de\/#organization"},"potentialAction":[{"@type":"SearchAction","target":{"@type":"EntryPoint","urlTemplate":"https:\/\/now-news.de\/de\/?s={search_term_string}"},"query-input":"required name=search_term_string"}],"inLanguage":"de"},{"@type":"Organization","@id":"https:\/\/now-news.de\/de\/#organization","name":"Just Now News","url":"https:\/\/now-news.de\/de\/","logo":{"@type":"ImageObject","inLanguage":"de","@id":"https:\/\/now-news.de\/de\/#\/schema\/logo\/image\/","url":"http:\/\/just-now.news\/de\/wp-content\/uploads\/sites\/3\/2022\/04\/logo500x500.jpg","contentUrl":"http:\/\/just-now.news\/de\/wp-content\/uploads\/sites\/3\/2022\/04\/logo500x500.jpg","width":500,"height":500,"caption":"Just Now News"},"image":{"@id":"https:\/\/now-news.de\/de\/#\/schema\/logo\/image\/"},"sameAs":["https:\/\/www.facebook.com\/wirmachenauf","https:\/\/x.com\/WirMachenAuf_de"]},{"@type":"Person","@id":"https:\/\/now-news.de\/de\/#\/schema\/person\/fb534a4e865501d8b3285208df34a9b5","name":"rtnews","image":{"@type":"ImageObject","inLanguage":"de","@id":"https:\/\/now-news.de\/de\/#\/schema\/person\/image\/","url":"https:\/\/secure.gravatar.com\/avatar\/82aafea7d8127119dd649515f56e2117?s=96&d=mm&r=g","contentUrl":"https:\/\/secure.gravatar.com\/avatar\/82aafea7d8127119dd649515f56e2117?s=96&d=mm&r=g","caption":"rtnews"},"url":"https:\/\/now-news.de\/de\/author\/rnews\/"}]}},"_links":{"self":[{"href":"https:\/\/now-news.de\/de\/wp-json\/wp\/v2\/posts\/68136"}],"collection":[{"href":"https:\/\/now-news.de\/de\/wp-json\/wp\/v2\/posts"}],"about":[{"href":"https:\/\/now-news.de\/de\/wp-json\/wp\/v2\/types\/post"}],"author":[{"embeddable":true,"href":"https:\/\/now-news.de\/de\/wp-json\/wp\/v2\/users\/3"}],"replies":[{"embeddable":true,"href":"https:\/\/now-news.de\/de\/wp-json\/wp\/v2\/comments?post=68136"}],"version-history":[{"count":0,"href":"https:\/\/now-news.de\/de\/wp-json\/wp\/v2\/posts\/68136\/revisions"}],"wp:featuredmedia":[{"embeddable":true,"href":"https:\/\/now-news.de\/de\/wp-json\/wp\/v2\/media\/68137"}],"wp:attachment":[{"href":"https:\/\/now-news.de\/de\/wp-json\/wp\/v2\/media?parent=68136"}],"wp:term":[{"taxonomy":"category","embeddable":true,"href":"https:\/\/now-news.de\/de\/wp-json\/wp\/v2\/categories?post=68136"},{"taxonomy":"post_tag","embeddable":true,"href":"https:\/\/now-news.de\/de\/wp-json\/wp\/v2\/tags?post=68136"}],"curies":[{"name":"wp","href":"https:\/\/api.w.org\/{rel}","templated":true}]}}