{"id":68102,"date":"2024-09-03T12:47:40","date_gmt":"2024-09-03T10:47:40","guid":{"rendered":"https:\/\/now-news.de\/de\/deutschland\/weiterer-rueckschlag-fuer-habeck-geplante-intel-fabrik-in-magdeburg-offenbar-vor-dem-aus\/"},"modified":"2024-09-03T12:47:40","modified_gmt":"2024-09-03T10:47:40","slug":"weiterer-rueckschlag-fuer-habeck-geplante-intel-fabrik-in-magdeburg-offenbar-vor-dem-aus","status":"publish","type":"post","link":"https:\/\/now-news.de\/de\/deutschland\/weiterer-rueckschlag-fuer-habeck-geplante-intel-fabrik-in-magdeburg-offenbar-vor-dem-aus\/","title":{"rendered":"Weiterer R\u00fcckschlag f\u00fcr Habeck: Geplante Intel-Fabrik in Magdeburg offenbar vor dem Aus"},"content":{"rendered":"<p><img decoding=\"async\" src=\"https:\/\/now-news.de\/de\/wp-content\/uploads\/sites\/3\/2024\/09\/66d6bb4eb480cc2140292ae2.jpg\" \/><\/p>\n<div class=\"Text-root Text-type_1 \">\n                Ein &#8220;Leuchtturmprojekt&#8221; sollte es werden, Robert Habeck war begeistert. Doch nun steht der Bau zweier &#8220;hochmoderner Halbleiterfabriken&#8221; des US-Konzerns Intel in Magdeburg offenbar vor dem Aus. Hintergrund ist die schwere Krise des Chipherstellers.\n            <\/div>\n<p><\/p>\n<div class=\"Text-root Text-type_5 ArticleView-text ViewText-root \">\n<p>Die geplante Chipfabrik von\u00a0Intel\u00a0in Magdeburg k\u00f6nnte vor dem Aus stehen. Das berichten \u00fcbereinstimmend mehrere Medien unter Berufung auf einen &#8220;Insider&#8221;. Demnach k\u00f6nnte die Investition dem milliardenschweren Sparpaket des US-Konzerns zum Opfer fallen.<\/p>\n<p>Der CEO des kriselnden US-Unternehmens, Pat Gelsinger, werde bei einer Sitzung des Verwaltungsrates in den kommenden Tagen Details der anstehenden Sanierung vorstellen. Dies habe eine &#8220;mit der Angelegenheit vertraute Person&#8221; am Sonntag erkl\u00e4rt. Im Gespr\u00e4ch ist dabei etwa die Abspaltung von Unternehmensteilen und das Eindampfen geplanter Investitionen. Auch eine m\u00f6gliche Aufspaltung des Konzerns liegt demnach im Bereich des M\u00f6glichen.<\/p>\n<p>Intel befindet sich in einer schweren Krise. Der Konzern hat den Boom bei der K\u00fcnstlichen Intelligenz (KI) verpasst. Konkurrenzf\u00e4hige Hochleistungschips f\u00fcr derartige rechenintensive Anwendungen hat Intel derzeit nicht zu bieten. Der Aktienkurs des Unternehmens ist seit Jahresbeginn um 60 Prozent gefallen.\u00a0Mit einem Marktwert von\u00a0etwa 90 Milliarden Dollar ist\u00a0der fr\u00fchere Branchenprimus\u00a0nicht mehr unter den Top Ten der gr\u00f6\u00dften Chiphersteller. Bereits Ende Juli hatte Intel angek\u00fcndigt, weltweit 15.000 Stellen zu streichen.<\/p>\n<p>Im M\u00e4rz 2022 hatte Intel bekannt gegeben, zwei &#8220;hochmoderne Halbleiterfabriken&#8221; in Magdeburg bauen zu wollen. Insgesamt sollten 30 Milliarden Euro investiert und dabei 3.000 Arbeitspl\u00e4tze geschaffen werden. Die Bundesregierung sagte\u00a0Subventionen in H\u00f6he von 9,9 Milliarden Euro zu \u2013 die Genehmigung durch die EU-Kommission steht noch aus \u2013 und sicherte dem Investor m\u00f6glichst g\u00fcnstige Stromkosten zu. Erst vor wenigen Tagen erteilte das Landesverwaltungsamt die Baugenehmigungen f\u00fcr alle\u00a0beantragten Haupt- und Nebengeb\u00e4ude.<\/p>\n<p>Sollte das Gro\u00dfvorhaben in Magdeburg tats\u00e4chlich abgesagt werden, w\u00e4re das auch eine weitere Schlappe f\u00fcr Bundeswirtschaftsminister Robert Habeck. Habeck hatte die angek\u00fcndigte Investition stets \u00fcberschw\u00e4nglich gelobt und auch die exorbitant hohen Subventionen gerechtfertigt. Noch vor wenigen Tagen hatte sich der Kinderbuchautor zuversichtlich gezeigt, dass Intel seine Pl\u00e4ne umsetzen werde, sobald Br\u00fcssel die Subventionen genehmigt hat. Der Abstimmungsprozess zwischen Intel, Bundesregierung und EU dazu laufe:<\/p>\n<p><em>&#8220;Wir sind voll im Zeitplan.&#8221;<\/em><\/p>\n<p><strong>Mehr zum Thema<\/strong> \u2013 <a rel=\"nofollow noopener\" target=\"_blank\" href=\"https:\/\/freedert.online\/inland\/173307-habeck-zur-intel-blackrock-bmwk\/\">Habeck zu Intel-Milliarden: &#8220;Ich bin kein Gedankenleser, was soll ich dazu sagen?<\/a>&#8220;<\/p>\n<div class=\"EmbedBlock-root EmbedBlock-externalVideo EmbedBlock-rumble\">\n<div class=\"VkEmbed\"><iframe class=\"lazyload\" data-src=\"https:\/\/rumble.com\/embed\/v596sox\" frameborder=\"0\" width=\"853\" height=\"480\" allowfullscreen><\/iframe><\/div>\n<\/div>\n<\/div>\n<p><br \/>\n<br \/><a href=\"https:\/\/de.rt.com\/wirtschaft\/217816-weiterer-rueckschlag-fuer-habeck-geplante\/\">Source link <\/a><\/p>\n","protected":false},"excerpt":{"rendered":"<p>Ein &#8220;Leuchtturmprojekt&#8221; sollte es werden, Robert Habeck war begeistert. Doch nun steht der Bau zweier &#8220;hochmoderner Halbleiterfabriken&#8221; des US-Konzerns Intel in Magdeburg offenbar vor dem Aus. Hintergrund ist die schwere Krise des Chipherstellers. Die geplante Chipfabrik von\u00a0Intel\u00a0in Magdeburg k\u00f6nnte vor dem Aus stehen. Das berichten \u00fcbereinstimmend mehrere Medien unter Berufung auf einen &#8220;Insider&#8221;. Demnach k\u00f6nnte [&hellip;]<\/p>\n","protected":false},"author":3,"featured_media":68103,"comment_status":"open","ping_status":"open","sticky":false,"template":"","format":"standard","meta":{"_yoast_indexnow_last_ping":["1725361376"],"wp_automatic_camp":["217"],"0dada14b7c3efd3994d0ade9fcf3afcb":["Weiterer R\u00fcckschlag f\u00fcr Habeck: Geplante Intel-Fabrik in Magdeburg offenbar vor dem Aus"],"original_link":["https:\/\/de.rt.com\/wirtschaft\/217816-weiterer-rueckschlag-fuer-habeck-geplante\/"],"_thumbnail_id":["68103"],"jnews_social_counter_last_update":["1777561014"],"_wptgpro_p2tg_sent2tg":["a:1:{i:23737;s:19:\"2024-09-03 13:04:10\";}"]},"categories":[19,23],"tags":[679,134,221,10358,911,58171,40441,18105,27153,320,4012],"yoast_head":"<!-- This site is optimized with the Yoast SEO Premium plugin v22.7 (Yoast SEO v22.7) - https:\/\/yoast.com\/wordpress\/plugins\/seo\/ -->\n<title>Weiterer R\u00fcckschlag f\u00fcr Habeck: Geplante Intel-Fabrik in Magdeburg offenbar vor dem Aus - just-now.NEWS Deutschland<\/title>\n<meta name=\"robots\" content=\"index, follow, max-snippet:-1, max-image-preview:large, max-video-preview:-1\" \/>\n<link rel=\"canonical\" href=\"https:\/\/now-news.de\/de\/deutschland\/weiterer-rueckschlag-fuer-habeck-geplante-intel-fabrik-in-magdeburg-offenbar-vor-dem-aus\/\" \/>\n<meta property=\"og:locale\" content=\"de_DE\" \/>\n<meta property=\"og:type\" content=\"article\" \/>\n<meta property=\"og:title\" content=\"Weiterer R\u00fcckschlag f\u00fcr Habeck: Geplante Intel-Fabrik in Magdeburg offenbar vor dem Aus\" \/>\n<meta property=\"og:description\" content=\"Ein &#8220;Leuchtturmprojekt&#8221; sollte es werden, Robert Habeck war begeistert. Doch nun steht der Bau zweier &#8220;hochmoderner Halbleiterfabriken&#8221; des US-Konzerns Intel in Magdeburg offenbar vor dem Aus. Hintergrund ist die schwere Krise des Chipherstellers. Die geplante Chipfabrik von\u00a0Intel\u00a0in Magdeburg k\u00f6nnte vor dem Aus stehen. Das berichten \u00fcbereinstimmend mehrere Medien unter Berufung auf einen &#8220;Insider&#8221;. Demnach k\u00f6nnte [&hellip;]\" \/>\n<meta property=\"og:url\" content=\"https:\/\/now-news.de\/de\/deutschland\/weiterer-rueckschlag-fuer-habeck-geplante-intel-fabrik-in-magdeburg-offenbar-vor-dem-aus\/\" \/>\n<meta property=\"og:site_name\" content=\"just-now.NEWS Deutschland\" \/>\n<meta property=\"article:publisher\" content=\"https:\/\/www.facebook.com\/wirmachenauf\" \/>\n<meta property=\"article:published_time\" content=\"2024-09-03T10:47:40+00:00\" \/>\n<meta property=\"og:image\" content=\"https:\/\/now-news.de\/de\/wp-content\/uploads\/sites\/3\/2024\/09\/66d6bb4eb480cc2140292ae2.jpg\" \/>\n<meta name=\"author\" content=\"rtnews\" \/>\n<meta name=\"twitter:card\" content=\"summary_large_image\" \/>\n<meta name=\"twitter:creator\" content=\"@WirMachenAuf_de\" \/>\n<meta name=\"twitter:site\" content=\"@WirMachenAuf_de\" \/>\n<meta name=\"twitter:label1\" content=\"Verfasst von\" \/>\n\t<meta name=\"twitter:data1\" content=\"rtnews\" \/>\n\t<meta name=\"twitter:label2\" content=\"Gesch\u00e4tzte Lesezeit\" \/>\n\t<meta name=\"twitter:data2\" content=\"2\u00a0Minuten\" \/>\n<script type=\"application\/ld+json\" class=\"yoast-schema-graph\">{\"@context\":\"https:\/\/schema.org\",\"@graph\":[{\"@type\":\"Article\",\"@id\":\"https:\/\/now-news.de\/de\/deutschland\/weiterer-rueckschlag-fuer-habeck-geplante-intel-fabrik-in-magdeburg-offenbar-vor-dem-aus\/#article\",\"isPartOf\":{\"@id\":\"https:\/\/now-news.de\/de\/deutschland\/weiterer-rueckschlag-fuer-habeck-geplante-intel-fabrik-in-magdeburg-offenbar-vor-dem-aus\/\"},\"author\":{\"name\":\"rtnews\",\"@id\":\"https:\/\/now-news.de\/de\/#\/schema\/person\/fb534a4e865501d8b3285208df34a9b5\"},\"headline\":\"Weiterer R\u00fcckschlag f\u00fcr Habeck: Geplante Intel-Fabrik in Magdeburg offenbar vor dem Aus\",\"datePublished\":\"2024-09-03T10:47:40+00:00\",\"dateModified\":\"2024-09-03T10:47:40+00:00\",\"mainEntityOfPage\":{\"@id\":\"https:\/\/now-news.de\/de\/deutschland\/weiterer-rueckschlag-fuer-habeck-geplante-intel-fabrik-in-magdeburg-offenbar-vor-dem-aus\/\"},\"wordCount\":389,\"commentCount\":0,\"publisher\":{\"@id\":\"https:\/\/now-news.de\/de\/#organization\"},\"image\":{\"@id\":\"https:\/\/now-news.de\/de\/deutschland\/weiterer-rueckschlag-fuer-habeck-geplante-intel-fabrik-in-magdeburg-offenbar-vor-dem-aus\/#primaryimage\"},\"thumbnailUrl\":\"https:\/\/now-news.de\/de\/wp-content\/uploads\/sites\/3\/2024\/09\/Weiterer-Rueckschlag-fuer-Habeck-Geplante-Intel-Fabrik-in-Magdeburg-offenbar-vor.jpg\",\"keywords\":[\"aus\",\"DEM\",\"f\u00fcr\",\"geplante\",\"Habeck\",\"IntelFabrik\",\"Magdeburg\",\"offenbar\",\"R\u00fcckschlag\",\"vor\",\"weiterer\"],\"articleSection\":[\"Deutschland\",\"Russland\"],\"inLanguage\":\"de\",\"potentialAction\":[{\"@type\":\"CommentAction\",\"name\":\"Comment\",\"target\":[\"https:\/\/now-news.de\/de\/deutschland\/weiterer-rueckschlag-fuer-habeck-geplante-intel-fabrik-in-magdeburg-offenbar-vor-dem-aus\/#respond\"]}]},{\"@type\":\"WebPage\",\"@id\":\"https:\/\/now-news.de\/de\/deutschland\/weiterer-rueckschlag-fuer-habeck-geplante-intel-fabrik-in-magdeburg-offenbar-vor-dem-aus\/\",\"url\":\"https:\/\/now-news.de\/de\/deutschland\/weiterer-rueckschlag-fuer-habeck-geplante-intel-fabrik-in-magdeburg-offenbar-vor-dem-aus\/\",\"name\":\"Weiterer R\u00fcckschlag f\u00fcr Habeck: Geplante Intel-Fabrik in Magdeburg offenbar vor dem Aus - just-now.NEWS Deutschland\",\"isPartOf\":{\"@id\":\"https:\/\/now-news.de\/de\/#website\"},\"primaryImageOfPage\":{\"@id\":\"https:\/\/now-news.de\/de\/deutschland\/weiterer-rueckschlag-fuer-habeck-geplante-intel-fabrik-in-magdeburg-offenbar-vor-dem-aus\/#primaryimage\"},\"image\":{\"@id\":\"https:\/\/now-news.de\/de\/deutschland\/weiterer-rueckschlag-fuer-habeck-geplante-intel-fabrik-in-magdeburg-offenbar-vor-dem-aus\/#primaryimage\"},\"thumbnailUrl\":\"https:\/\/now-news.de\/de\/wp-content\/uploads\/sites\/3\/2024\/09\/Weiterer-Rueckschlag-fuer-Habeck-Geplante-Intel-Fabrik-in-Magdeburg-offenbar-vor.jpg\",\"datePublished\":\"2024-09-03T10:47:40+00:00\",\"dateModified\":\"2024-09-03T10:47:40+00:00\",\"breadcrumb\":{\"@id\":\"https:\/\/now-news.de\/de\/deutschland\/weiterer-rueckschlag-fuer-habeck-geplante-intel-fabrik-in-magdeburg-offenbar-vor-dem-aus\/#breadcrumb\"},\"inLanguage\":\"de\",\"potentialAction\":[{\"@type\":\"ReadAction\",\"target\":[\"https:\/\/now-news.de\/de\/deutschland\/weiterer-rueckschlag-fuer-habeck-geplante-intel-fabrik-in-magdeburg-offenbar-vor-dem-aus\/\"]}]},{\"@type\":\"ImageObject\",\"inLanguage\":\"de\",\"@id\":\"https:\/\/now-news.de\/de\/deutschland\/weiterer-rueckschlag-fuer-habeck-geplante-intel-fabrik-in-magdeburg-offenbar-vor-dem-aus\/#primaryimage\",\"url\":\"https:\/\/now-news.de\/de\/wp-content\/uploads\/sites\/3\/2024\/09\/Weiterer-Rueckschlag-fuer-Habeck-Geplante-Intel-Fabrik-in-Magdeburg-offenbar-vor.jpg\",\"contentUrl\":\"https:\/\/now-news.de\/de\/wp-content\/uploads\/sites\/3\/2024\/09\/Weiterer-Rueckschlag-fuer-Habeck-Geplante-Intel-Fabrik-in-Magdeburg-offenbar-vor.jpg\",\"width\":460,\"height\":259,\"caption\":\"Weiterer R\u00fcckschlag f\u00fcr Habeck: Geplante Intel-Fabrik in Magdeburg offenbar vor dem Aus\"},{\"@type\":\"BreadcrumbList\",\"@id\":\"https:\/\/now-news.de\/de\/deutschland\/weiterer-rueckschlag-fuer-habeck-geplante-intel-fabrik-in-magdeburg-offenbar-vor-dem-aus\/#breadcrumb\",\"itemListElement\":[{\"@type\":\"ListItem\",\"position\":1,\"name\":\"Home\",\"item\":\"https:\/\/now-news.de\/de\/\"},{\"@type\":\"ListItem\",\"position\":2,\"name\":\"Weiterer R\u00fcckschlag f\u00fcr Habeck: Geplante Intel-Fabrik in Magdeburg offenbar vor dem Aus\"}]},{\"@type\":\"WebSite\",\"@id\":\"https:\/\/now-news.de\/de\/#website\",\"url\":\"https:\/\/now-news.de\/de\/\",\"name\":\"just-now.NEWS Deutschland\",\"description\":\"Das Portal f\u00fcr unzensierte Nachrichten aus der Welt\",\"publisher\":{\"@id\":\"https:\/\/now-news.de\/de\/#organization\"},\"potentialAction\":[{\"@type\":\"SearchAction\",\"target\":{\"@type\":\"EntryPoint\",\"urlTemplate\":\"https:\/\/now-news.de\/de\/?s={search_term_string}\"},\"query-input\":\"required name=search_term_string\"}],\"inLanguage\":\"de\"},{\"@type\":\"Organization\",\"@id\":\"https:\/\/now-news.de\/de\/#organization\",\"name\":\"Just Now News\",\"url\":\"https:\/\/now-news.de\/de\/\",\"logo\":{\"@type\":\"ImageObject\",\"inLanguage\":\"de\",\"@id\":\"https:\/\/now-news.de\/de\/#\/schema\/logo\/image\/\",\"url\":\"http:\/\/just-now.news\/de\/wp-content\/uploads\/sites\/3\/2022\/04\/logo500x500.jpg\",\"contentUrl\":\"http:\/\/just-now.news\/de\/wp-content\/uploads\/sites\/3\/2022\/04\/logo500x500.jpg\",\"width\":500,\"height\":500,\"caption\":\"Just Now News\"},\"image\":{\"@id\":\"https:\/\/now-news.de\/de\/#\/schema\/logo\/image\/\"},\"sameAs\":[\"https:\/\/www.facebook.com\/wirmachenauf\",\"https:\/\/x.com\/WirMachenAuf_de\"]},{\"@type\":\"Person\",\"@id\":\"https:\/\/now-news.de\/de\/#\/schema\/person\/fb534a4e865501d8b3285208df34a9b5\",\"name\":\"rtnews\",\"image\":{\"@type\":\"ImageObject\",\"inLanguage\":\"de\",\"@id\":\"https:\/\/now-news.de\/de\/#\/schema\/person\/image\/\",\"url\":\"https:\/\/secure.gravatar.com\/avatar\/82aafea7d8127119dd649515f56e2117?s=96&d=mm&r=g\",\"contentUrl\":\"https:\/\/secure.gravatar.com\/avatar\/82aafea7d8127119dd649515f56e2117?s=96&d=mm&r=g\",\"caption\":\"rtnews\"},\"url\":\"https:\/\/now-news.de\/de\/author\/rnews\/\"}]}<\/script>\n<!-- \/ Yoast SEO Premium plugin. -->","yoast_head_json":{"title":"Weiterer R\u00fcckschlag f\u00fcr Habeck: Geplante Intel-Fabrik in Magdeburg offenbar vor dem Aus - just-now.NEWS Deutschland","robots":{"index":"index","follow":"follow","max-snippet":"max-snippet:-1","max-image-preview":"max-image-preview:large","max-video-preview":"max-video-preview:-1"},"canonical":"https:\/\/now-news.de\/de\/deutschland\/weiterer-rueckschlag-fuer-habeck-geplante-intel-fabrik-in-magdeburg-offenbar-vor-dem-aus\/","og_locale":"de_DE","og_type":"article","og_title":"Weiterer R\u00fcckschlag f\u00fcr Habeck: Geplante Intel-Fabrik in Magdeburg offenbar vor dem Aus","og_description":"Ein &#8220;Leuchtturmprojekt&#8221; sollte es werden, Robert Habeck war begeistert. Doch nun steht der Bau zweier &#8220;hochmoderner Halbleiterfabriken&#8221; des US-Konzerns Intel in Magdeburg offenbar vor dem Aus. Hintergrund ist die schwere Krise des Chipherstellers. Die geplante Chipfabrik von\u00a0Intel\u00a0in Magdeburg k\u00f6nnte vor dem Aus stehen. Das berichten \u00fcbereinstimmend mehrere Medien unter Berufung auf einen &#8220;Insider&#8221;. Demnach k\u00f6nnte [&hellip;]","og_url":"https:\/\/now-news.de\/de\/deutschland\/weiterer-rueckschlag-fuer-habeck-geplante-intel-fabrik-in-magdeburg-offenbar-vor-dem-aus\/","og_site_name":"just-now.NEWS Deutschland","article_publisher":"https:\/\/www.facebook.com\/wirmachenauf","article_published_time":"2024-09-03T10:47:40+00:00","og_image":[{"url":"https:\/\/now-news.de\/de\/wp-content\/uploads\/sites\/3\/2024\/09\/66d6bb4eb480cc2140292ae2.jpg"}],"author":"rtnews","twitter_card":"summary_large_image","twitter_creator":"@WirMachenAuf_de","twitter_site":"@WirMachenAuf_de","twitter_misc":{"Verfasst von":"rtnews","Gesch\u00e4tzte Lesezeit":"2\u00a0Minuten"},"schema":{"@context":"https:\/\/schema.org","@graph":[{"@type":"Article","@id":"https:\/\/now-news.de\/de\/deutschland\/weiterer-rueckschlag-fuer-habeck-geplante-intel-fabrik-in-magdeburg-offenbar-vor-dem-aus\/#article","isPartOf":{"@id":"https:\/\/now-news.de\/de\/deutschland\/weiterer-rueckschlag-fuer-habeck-geplante-intel-fabrik-in-magdeburg-offenbar-vor-dem-aus\/"},"author":{"name":"rtnews","@id":"https:\/\/now-news.de\/de\/#\/schema\/person\/fb534a4e865501d8b3285208df34a9b5"},"headline":"Weiterer R\u00fcckschlag f\u00fcr Habeck: Geplante Intel-Fabrik in Magdeburg offenbar vor dem Aus","datePublished":"2024-09-03T10:47:40+00:00","dateModified":"2024-09-03T10:47:40+00:00","mainEntityOfPage":{"@id":"https:\/\/now-news.de\/de\/deutschland\/weiterer-rueckschlag-fuer-habeck-geplante-intel-fabrik-in-magdeburg-offenbar-vor-dem-aus\/"},"wordCount":389,"commentCount":0,"publisher":{"@id":"https:\/\/now-news.de\/de\/#organization"},"image":{"@id":"https:\/\/now-news.de\/de\/deutschland\/weiterer-rueckschlag-fuer-habeck-geplante-intel-fabrik-in-magdeburg-offenbar-vor-dem-aus\/#primaryimage"},"thumbnailUrl":"https:\/\/now-news.de\/de\/wp-content\/uploads\/sites\/3\/2024\/09\/Weiterer-Rueckschlag-fuer-Habeck-Geplante-Intel-Fabrik-in-Magdeburg-offenbar-vor.jpg","keywords":["aus","DEM","f\u00fcr","geplante","Habeck","IntelFabrik","Magdeburg","offenbar","R\u00fcckschlag","vor","weiterer"],"articleSection":["Deutschland","Russland"],"inLanguage":"de","potentialAction":[{"@type":"CommentAction","name":"Comment","target":["https:\/\/now-news.de\/de\/deutschland\/weiterer-rueckschlag-fuer-habeck-geplante-intel-fabrik-in-magdeburg-offenbar-vor-dem-aus\/#respond"]}]},{"@type":"WebPage","@id":"https:\/\/now-news.de\/de\/deutschland\/weiterer-rueckschlag-fuer-habeck-geplante-intel-fabrik-in-magdeburg-offenbar-vor-dem-aus\/","url":"https:\/\/now-news.de\/de\/deutschland\/weiterer-rueckschlag-fuer-habeck-geplante-intel-fabrik-in-magdeburg-offenbar-vor-dem-aus\/","name":"Weiterer R\u00fcckschlag f\u00fcr Habeck: Geplante Intel-Fabrik in Magdeburg offenbar vor dem Aus - just-now.NEWS Deutschland","isPartOf":{"@id":"https:\/\/now-news.de\/de\/#website"},"primaryImageOfPage":{"@id":"https:\/\/now-news.de\/de\/deutschland\/weiterer-rueckschlag-fuer-habeck-geplante-intel-fabrik-in-magdeburg-offenbar-vor-dem-aus\/#primaryimage"},"image":{"@id":"https:\/\/now-news.de\/de\/deutschland\/weiterer-rueckschlag-fuer-habeck-geplante-intel-fabrik-in-magdeburg-offenbar-vor-dem-aus\/#primaryimage"},"thumbnailUrl":"https:\/\/now-news.de\/de\/wp-content\/uploads\/sites\/3\/2024\/09\/Weiterer-Rueckschlag-fuer-Habeck-Geplante-Intel-Fabrik-in-Magdeburg-offenbar-vor.jpg","datePublished":"2024-09-03T10:47:40+00:00","dateModified":"2024-09-03T10:47:40+00:00","breadcrumb":{"@id":"https:\/\/now-news.de\/de\/deutschland\/weiterer-rueckschlag-fuer-habeck-geplante-intel-fabrik-in-magdeburg-offenbar-vor-dem-aus\/#breadcrumb"},"inLanguage":"de","potentialAction":[{"@type":"ReadAction","target":["https:\/\/now-news.de\/de\/deutschland\/weiterer-rueckschlag-fuer-habeck-geplante-intel-fabrik-in-magdeburg-offenbar-vor-dem-aus\/"]}]},{"@type":"ImageObject","inLanguage":"de","@id":"https:\/\/now-news.de\/de\/deutschland\/weiterer-rueckschlag-fuer-habeck-geplante-intel-fabrik-in-magdeburg-offenbar-vor-dem-aus\/#primaryimage","url":"https:\/\/now-news.de\/de\/wp-content\/uploads\/sites\/3\/2024\/09\/Weiterer-Rueckschlag-fuer-Habeck-Geplante-Intel-Fabrik-in-Magdeburg-offenbar-vor.jpg","contentUrl":"https:\/\/now-news.de\/de\/wp-content\/uploads\/sites\/3\/2024\/09\/Weiterer-Rueckschlag-fuer-Habeck-Geplante-Intel-Fabrik-in-Magdeburg-offenbar-vor.jpg","width":460,"height":259,"caption":"Weiterer R\u00fcckschlag f\u00fcr Habeck: Geplante Intel-Fabrik in Magdeburg offenbar vor dem Aus"},{"@type":"BreadcrumbList","@id":"https:\/\/now-news.de\/de\/deutschland\/weiterer-rueckschlag-fuer-habeck-geplante-intel-fabrik-in-magdeburg-offenbar-vor-dem-aus\/#breadcrumb","itemListElement":[{"@type":"ListItem","position":1,"name":"Home","item":"https:\/\/now-news.de\/de\/"},{"@type":"ListItem","position":2,"name":"Weiterer R\u00fcckschlag f\u00fcr Habeck: Geplante Intel-Fabrik in Magdeburg offenbar vor dem Aus"}]},{"@type":"WebSite","@id":"https:\/\/now-news.de\/de\/#website","url":"https:\/\/now-news.de\/de\/","name":"just-now.NEWS Deutschland","description":"Das Portal f\u00fcr unzensierte Nachrichten aus der Welt","publisher":{"@id":"https:\/\/now-news.de\/de\/#organization"},"potentialAction":[{"@type":"SearchAction","target":{"@type":"EntryPoint","urlTemplate":"https:\/\/now-news.de\/de\/?s={search_term_string}"},"query-input":"required name=search_term_string"}],"inLanguage":"de"},{"@type":"Organization","@id":"https:\/\/now-news.de\/de\/#organization","name":"Just Now News","url":"https:\/\/now-news.de\/de\/","logo":{"@type":"ImageObject","inLanguage":"de","@id":"https:\/\/now-news.de\/de\/#\/schema\/logo\/image\/","url":"http:\/\/just-now.news\/de\/wp-content\/uploads\/sites\/3\/2022\/04\/logo500x500.jpg","contentUrl":"http:\/\/just-now.news\/de\/wp-content\/uploads\/sites\/3\/2022\/04\/logo500x500.jpg","width":500,"height":500,"caption":"Just Now News"},"image":{"@id":"https:\/\/now-news.de\/de\/#\/schema\/logo\/image\/"},"sameAs":["https:\/\/www.facebook.com\/wirmachenauf","https:\/\/x.com\/WirMachenAuf_de"]},{"@type":"Person","@id":"https:\/\/now-news.de\/de\/#\/schema\/person\/fb534a4e865501d8b3285208df34a9b5","name":"rtnews","image":{"@type":"ImageObject","inLanguage":"de","@id":"https:\/\/now-news.de\/de\/#\/schema\/person\/image\/","url":"https:\/\/secure.gravatar.com\/avatar\/82aafea7d8127119dd649515f56e2117?s=96&d=mm&r=g","contentUrl":"https:\/\/secure.gravatar.com\/avatar\/82aafea7d8127119dd649515f56e2117?s=96&d=mm&r=g","caption":"rtnews"},"url":"https:\/\/now-news.de\/de\/author\/rnews\/"}]}},"_links":{"self":[{"href":"https:\/\/now-news.de\/de\/wp-json\/wp\/v2\/posts\/68102"}],"collection":[{"href":"https:\/\/now-news.de\/de\/wp-json\/wp\/v2\/posts"}],"about":[{"href":"https:\/\/now-news.de\/de\/wp-json\/wp\/v2\/types\/post"}],"author":[{"embeddable":true,"href":"https:\/\/now-news.de\/de\/wp-json\/wp\/v2\/users\/3"}],"replies":[{"embeddable":true,"href":"https:\/\/now-news.de\/de\/wp-json\/wp\/v2\/comments?post=68102"}],"version-history":[{"count":0,"href":"https:\/\/now-news.de\/de\/wp-json\/wp\/v2\/posts\/68102\/revisions"}],"wp:featuredmedia":[{"embeddable":true,"href":"https:\/\/now-news.de\/de\/wp-json\/wp\/v2\/media\/68103"}],"wp:attachment":[{"href":"https:\/\/now-news.de\/de\/wp-json\/wp\/v2\/media?parent=68102"}],"wp:term":[{"taxonomy":"category","embeddable":true,"href":"https:\/\/now-news.de\/de\/wp-json\/wp\/v2\/categories?post=68102"},{"taxonomy":"post_tag","embeddable":true,"href":"https:\/\/now-news.de\/de\/wp-json\/wp\/v2\/tags?post=68102"}],"curies":[{"name":"wp","href":"https:\/\/api.w.org\/{rel}","templated":true}]}}