{"id":68078,"date":"2024-09-02T21:47:08","date_gmt":"2024-09-02T19:47:08","guid":{"rendered":"https:\/\/now-news.de\/de\/deutschland\/pck-raffinerie-schwedt-bleibt-weiter-unter-treuhandverwaltung\/"},"modified":"2024-09-02T21:47:08","modified_gmt":"2024-09-02T19:47:08","slug":"pck-raffinerie-schwedt-bleibt-weiter-unter-treuhandverwaltung","status":"publish","type":"post","link":"https:\/\/now-news.de\/de\/deutschland\/pck-raffinerie-schwedt-bleibt-weiter-unter-treuhandverwaltung\/","title":{"rendered":"PCK-Raffinerie Schwedt bleibt weiter unter Treuhandverwaltung"},"content":{"rendered":"<p><img decoding=\"async\" src=\"https:\/\/now-news.de\/de\/wp-content\/uploads\/sites\/3\/2024\/09\/66d60a94b480cc34a95c5529.jpg\" \/><\/p>\n<div class=\"Text-root Text-type_1 \">\n                Die Treuhandverwaltung der Rosneft-Mehrheitsanteile an der PCK-Raffinerie Schwedt durch den deutschen Staat, die am 10. September auslaufen sollte, wurde um nochmals sechs Monate bis zum 10. M\u00e4rz 2025 verl\u00e4ngert. Das teilte das Bundeswirtschaftsministerium am Montag mit.\n            <\/div>\n<p><\/p>\n<div class=\"Text-root Text-type_5 ArticleView-text ViewText-root \">\n<p>Die \u00d6lraffinerie PCK in Schwedt bleibt weiter unter Verwaltung durch das Bundeswirtschaftsministerium. Die Bundesregierung verl\u00e4ngerte die Treuhandverwaltung \u00fcber die Mehrheitsanteile des russischen Konzerns mit Staatsbeteiligung Rosneft an der PCK-Raffinerie um weitere sechs Monate bis zum 10. M\u00e4rz 2025. Das teilte das Bundeswirtschaftsministerium am Montag mit.<\/p>\n<p>Laut dem Ministerium habe Rosneft glaubhaft erkl\u00e4rt, dass die Anteile bis Jahresende verkauft werden sollen. Insidern zufolge finden derzeit Gespr\u00e4che mit Katar statt, das offensichtlich Interesse an einem Einstieg hat. Deshalb habe man auf eine Enteignung der Rosneft-Anteile vorerst verzichtet, hie\u00df es weiter.<\/p>\n<p>Die Raffinerie in Schwedt steht seit Oktober 2022 unter Verwaltung des Bundes.<\/p>\n<p><strong>Mehr zum Thema<\/strong> &#8211; <a rel=\"nofollow noopener\" target=\"_blank\" href=\"https:\/\/freedert.online\/meinung\/189988-raffinerie-schwedt-denkmal-einer-souveraenen-energiepolitik\/\">Raffinerie Schwedt: Denkmal einer souver\u00e4nen Energiepolitik<\/a><\/p>\n<\/div>\n<p><br \/>\n<br \/><a href=\"https:\/\/de.rt.com\/inland\/217803-pck-raffinerie-schwedt-bleibt-weiter\/\">Source link <\/a><\/p>\n","protected":false},"excerpt":{"rendered":"<p>Die Treuhandverwaltung der Rosneft-Mehrheitsanteile an der PCK-Raffinerie Schwedt durch den deutschen Staat, die am 10. September auslaufen sollte, wurde um nochmals sechs Monate bis zum 10. M\u00e4rz 2025 verl\u00e4ngert. Das teilte das Bundeswirtschaftsministerium am Montag mit. Die \u00d6lraffinerie PCK in Schwedt bleibt weiter unter Verwaltung durch das Bundeswirtschaftsministerium. Die Bundesregierung verl\u00e4ngerte die Treuhandverwaltung \u00fcber die [&hellip;]<\/p>\n","protected":false},"author":3,"featured_media":68079,"comment_status":"open","ping_status":"open","sticky":false,"template":"","format":"standard","meta":{"_yoast_indexnow_last_ping":["1725306523"],"wp_automatic_camp":["217"],"47326eef083fc273ce8dcc855fa5d3e4":["PCK-Raffinerie Schwedt bleibt weiter unter Treuhandverwaltung"],"original_link":["https:\/\/de.rt.com\/inland\/217803-pck-raffinerie-schwedt-bleibt-weiter\/"],"_thumbnail_id":["68079"],"_wptgpro_p2tg_sent2tg":["a:1:{i:23737;s:19:\"2024-09-02 21:49:42\";}"],"jnews_social_counter_last_update":["1777284762"]},"categories":[19,23],"tags":[487,21667,19520,41150,908,601],"yoast_head":"<!-- This site is optimized with the Yoast SEO Premium plugin v22.7 (Yoast SEO v22.7) - https:\/\/yoast.com\/wordpress\/plugins\/seo\/ -->\n<title>PCK-Raffinerie Schwedt bleibt weiter unter Treuhandverwaltung - just-now.NEWS Deutschland<\/title>\n<meta name=\"robots\" content=\"index, follow, max-snippet:-1, max-image-preview:large, max-video-preview:-1\" \/>\n<link rel=\"canonical\" href=\"https:\/\/now-news.de\/de\/deutschland\/pck-raffinerie-schwedt-bleibt-weiter-unter-treuhandverwaltung\/\" \/>\n<meta property=\"og:locale\" content=\"de_DE\" \/>\n<meta property=\"og:type\" content=\"article\" \/>\n<meta property=\"og:title\" content=\"PCK-Raffinerie Schwedt bleibt weiter unter Treuhandverwaltung\" \/>\n<meta property=\"og:description\" content=\"Die Treuhandverwaltung der Rosneft-Mehrheitsanteile an der PCK-Raffinerie Schwedt durch den deutschen Staat, die am 10. September auslaufen sollte, wurde um nochmals sechs Monate bis zum 10. M\u00e4rz 2025 verl\u00e4ngert. Das teilte das Bundeswirtschaftsministerium am Montag mit. Die \u00d6lraffinerie PCK in Schwedt bleibt weiter unter Verwaltung durch das Bundeswirtschaftsministerium. Die Bundesregierung verl\u00e4ngerte die Treuhandverwaltung \u00fcber die [&hellip;]\" \/>\n<meta property=\"og:url\" content=\"https:\/\/now-news.de\/de\/deutschland\/pck-raffinerie-schwedt-bleibt-weiter-unter-treuhandverwaltung\/\" \/>\n<meta property=\"og:site_name\" content=\"just-now.NEWS Deutschland\" \/>\n<meta property=\"article:publisher\" content=\"https:\/\/www.facebook.com\/wirmachenauf\" \/>\n<meta property=\"article:published_time\" content=\"2024-09-02T19:47:08+00:00\" \/>\n<meta property=\"og:image\" content=\"https:\/\/now-news.de\/de\/wp-content\/uploads\/sites\/3\/2024\/09\/66d60a94b480cc34a95c5529.jpg\" \/>\n<meta name=\"author\" content=\"rtnews\" \/>\n<meta name=\"twitter:card\" content=\"summary_large_image\" \/>\n<meta name=\"twitter:creator\" content=\"@WirMachenAuf_de\" \/>\n<meta name=\"twitter:site\" content=\"@WirMachenAuf_de\" \/>\n<meta name=\"twitter:label1\" content=\"Verfasst von\" \/>\n\t<meta name=\"twitter:data1\" content=\"rtnews\" \/>\n\t<meta name=\"twitter:label2\" content=\"Gesch\u00e4tzte Lesezeit\" \/>\n\t<meta name=\"twitter:data2\" content=\"1\u00a0Minute\" \/>\n<script type=\"application\/ld+json\" class=\"yoast-schema-graph\">{\"@context\":\"https:\/\/schema.org\",\"@graph\":[{\"@type\":\"Article\",\"@id\":\"https:\/\/now-news.de\/de\/deutschland\/pck-raffinerie-schwedt-bleibt-weiter-unter-treuhandverwaltung\/#article\",\"isPartOf\":{\"@id\":\"https:\/\/now-news.de\/de\/deutschland\/pck-raffinerie-schwedt-bleibt-weiter-unter-treuhandverwaltung\/\"},\"author\":{\"name\":\"rtnews\",\"@id\":\"https:\/\/now-news.de\/de\/#\/schema\/person\/fb534a4e865501d8b3285208df34a9b5\"},\"headline\":\"PCK-Raffinerie Schwedt bleibt weiter unter Treuhandverwaltung\",\"datePublished\":\"2024-09-02T19:47:08+00:00\",\"dateModified\":\"2024-09-02T19:47:08+00:00\",\"mainEntityOfPage\":{\"@id\":\"https:\/\/now-news.de\/de\/deutschland\/pck-raffinerie-schwedt-bleibt-weiter-unter-treuhandverwaltung\/\"},\"wordCount\":156,\"commentCount\":0,\"publisher\":{\"@id\":\"https:\/\/now-news.de\/de\/#organization\"},\"image\":{\"@id\":\"https:\/\/now-news.de\/de\/deutschland\/pck-raffinerie-schwedt-bleibt-weiter-unter-treuhandverwaltung\/#primaryimage\"},\"thumbnailUrl\":\"https:\/\/now-news.de\/de\/wp-content\/uploads\/sites\/3\/2024\/09\/PCK-Raffinerie-Schwedt-bleibt-weiter-unter-Treuhandverwaltung.jpg\",\"keywords\":[\"bleibt\",\"PCKRaffinerie\",\"Schwedt\",\"Treuhandverwaltung\",\"unter\",\"weiter\"],\"articleSection\":[\"Deutschland\",\"Russland\"],\"inLanguage\":\"de\",\"potentialAction\":[{\"@type\":\"CommentAction\",\"name\":\"Comment\",\"target\":[\"https:\/\/now-news.de\/de\/deutschland\/pck-raffinerie-schwedt-bleibt-weiter-unter-treuhandverwaltung\/#respond\"]}]},{\"@type\":\"WebPage\",\"@id\":\"https:\/\/now-news.de\/de\/deutschland\/pck-raffinerie-schwedt-bleibt-weiter-unter-treuhandverwaltung\/\",\"url\":\"https:\/\/now-news.de\/de\/deutschland\/pck-raffinerie-schwedt-bleibt-weiter-unter-treuhandverwaltung\/\",\"name\":\"PCK-Raffinerie Schwedt bleibt weiter unter Treuhandverwaltung - just-now.NEWS Deutschland\",\"isPartOf\":{\"@id\":\"https:\/\/now-news.de\/de\/#website\"},\"primaryImageOfPage\":{\"@id\":\"https:\/\/now-news.de\/de\/deutschland\/pck-raffinerie-schwedt-bleibt-weiter-unter-treuhandverwaltung\/#primaryimage\"},\"image\":{\"@id\":\"https:\/\/now-news.de\/de\/deutschland\/pck-raffinerie-schwedt-bleibt-weiter-unter-treuhandverwaltung\/#primaryimage\"},\"thumbnailUrl\":\"https:\/\/now-news.de\/de\/wp-content\/uploads\/sites\/3\/2024\/09\/PCK-Raffinerie-Schwedt-bleibt-weiter-unter-Treuhandverwaltung.jpg\",\"datePublished\":\"2024-09-02T19:47:08+00:00\",\"dateModified\":\"2024-09-02T19:47:08+00:00\",\"breadcrumb\":{\"@id\":\"https:\/\/now-news.de\/de\/deutschland\/pck-raffinerie-schwedt-bleibt-weiter-unter-treuhandverwaltung\/#breadcrumb\"},\"inLanguage\":\"de\",\"potentialAction\":[{\"@type\":\"ReadAction\",\"target\":[\"https:\/\/now-news.de\/de\/deutschland\/pck-raffinerie-schwedt-bleibt-weiter-unter-treuhandverwaltung\/\"]}]},{\"@type\":\"ImageObject\",\"inLanguage\":\"de\",\"@id\":\"https:\/\/now-news.de\/de\/deutschland\/pck-raffinerie-schwedt-bleibt-weiter-unter-treuhandverwaltung\/#primaryimage\",\"url\":\"https:\/\/now-news.de\/de\/wp-content\/uploads\/sites\/3\/2024\/09\/PCK-Raffinerie-Schwedt-bleibt-weiter-unter-Treuhandverwaltung.jpg\",\"contentUrl\":\"https:\/\/now-news.de\/de\/wp-content\/uploads\/sites\/3\/2024\/09\/PCK-Raffinerie-Schwedt-bleibt-weiter-unter-Treuhandverwaltung.jpg\",\"width\":460,\"height\":259,\"caption\":\"PCK-Raffinerie Schwedt bleibt weiter unter Treuhandverwaltung\"},{\"@type\":\"BreadcrumbList\",\"@id\":\"https:\/\/now-news.de\/de\/deutschland\/pck-raffinerie-schwedt-bleibt-weiter-unter-treuhandverwaltung\/#breadcrumb\",\"itemListElement\":[{\"@type\":\"ListItem\",\"position\":1,\"name\":\"Home\",\"item\":\"https:\/\/now-news.de\/de\/\"},{\"@type\":\"ListItem\",\"position\":2,\"name\":\"PCK-Raffinerie Schwedt bleibt weiter unter Treuhandverwaltung\"}]},{\"@type\":\"WebSite\",\"@id\":\"https:\/\/now-news.de\/de\/#website\",\"url\":\"https:\/\/now-news.de\/de\/\",\"name\":\"just-now.NEWS Deutschland\",\"description\":\"Das Portal f\u00fcr unzensierte Nachrichten aus der Welt\",\"publisher\":{\"@id\":\"https:\/\/now-news.de\/de\/#organization\"},\"potentialAction\":[{\"@type\":\"SearchAction\",\"target\":{\"@type\":\"EntryPoint\",\"urlTemplate\":\"https:\/\/now-news.de\/de\/?s={search_term_string}\"},\"query-input\":\"required name=search_term_string\"}],\"inLanguage\":\"de\"},{\"@type\":\"Organization\",\"@id\":\"https:\/\/now-news.de\/de\/#organization\",\"name\":\"Just Now News\",\"url\":\"https:\/\/now-news.de\/de\/\",\"logo\":{\"@type\":\"ImageObject\",\"inLanguage\":\"de\",\"@id\":\"https:\/\/now-news.de\/de\/#\/schema\/logo\/image\/\",\"url\":\"http:\/\/just-now.news\/de\/wp-content\/uploads\/sites\/3\/2022\/04\/logo500x500.jpg\",\"contentUrl\":\"http:\/\/just-now.news\/de\/wp-content\/uploads\/sites\/3\/2022\/04\/logo500x500.jpg\",\"width\":500,\"height\":500,\"caption\":\"Just Now News\"},\"image\":{\"@id\":\"https:\/\/now-news.de\/de\/#\/schema\/logo\/image\/\"},\"sameAs\":[\"https:\/\/www.facebook.com\/wirmachenauf\",\"https:\/\/x.com\/WirMachenAuf_de\"]},{\"@type\":\"Person\",\"@id\":\"https:\/\/now-news.de\/de\/#\/schema\/person\/fb534a4e865501d8b3285208df34a9b5\",\"name\":\"rtnews\",\"image\":{\"@type\":\"ImageObject\",\"inLanguage\":\"de\",\"@id\":\"https:\/\/now-news.de\/de\/#\/schema\/person\/image\/\",\"url\":\"https:\/\/secure.gravatar.com\/avatar\/82aafea7d8127119dd649515f56e2117?s=96&d=mm&r=g\",\"contentUrl\":\"https:\/\/secure.gravatar.com\/avatar\/82aafea7d8127119dd649515f56e2117?s=96&d=mm&r=g\",\"caption\":\"rtnews\"},\"url\":\"https:\/\/now-news.de\/de\/author\/rnews\/\"}]}<\/script>\n<!-- \/ Yoast SEO Premium plugin. -->","yoast_head_json":{"title":"PCK-Raffinerie Schwedt bleibt weiter unter Treuhandverwaltung - just-now.NEWS Deutschland","robots":{"index":"index","follow":"follow","max-snippet":"max-snippet:-1","max-image-preview":"max-image-preview:large","max-video-preview":"max-video-preview:-1"},"canonical":"https:\/\/now-news.de\/de\/deutschland\/pck-raffinerie-schwedt-bleibt-weiter-unter-treuhandverwaltung\/","og_locale":"de_DE","og_type":"article","og_title":"PCK-Raffinerie Schwedt bleibt weiter unter Treuhandverwaltung","og_description":"Die Treuhandverwaltung der Rosneft-Mehrheitsanteile an der PCK-Raffinerie Schwedt durch den deutschen Staat, die am 10. September auslaufen sollte, wurde um nochmals sechs Monate bis zum 10. M\u00e4rz 2025 verl\u00e4ngert. Das teilte das Bundeswirtschaftsministerium am Montag mit. Die \u00d6lraffinerie PCK in Schwedt bleibt weiter unter Verwaltung durch das Bundeswirtschaftsministerium. Die Bundesregierung verl\u00e4ngerte die Treuhandverwaltung \u00fcber die [&hellip;]","og_url":"https:\/\/now-news.de\/de\/deutschland\/pck-raffinerie-schwedt-bleibt-weiter-unter-treuhandverwaltung\/","og_site_name":"just-now.NEWS Deutschland","article_publisher":"https:\/\/www.facebook.com\/wirmachenauf","article_published_time":"2024-09-02T19:47:08+00:00","og_image":[{"url":"https:\/\/now-news.de\/de\/wp-content\/uploads\/sites\/3\/2024\/09\/66d60a94b480cc34a95c5529.jpg"}],"author":"rtnews","twitter_card":"summary_large_image","twitter_creator":"@WirMachenAuf_de","twitter_site":"@WirMachenAuf_de","twitter_misc":{"Verfasst von":"rtnews","Gesch\u00e4tzte Lesezeit":"1\u00a0Minute"},"schema":{"@context":"https:\/\/schema.org","@graph":[{"@type":"Article","@id":"https:\/\/now-news.de\/de\/deutschland\/pck-raffinerie-schwedt-bleibt-weiter-unter-treuhandverwaltung\/#article","isPartOf":{"@id":"https:\/\/now-news.de\/de\/deutschland\/pck-raffinerie-schwedt-bleibt-weiter-unter-treuhandverwaltung\/"},"author":{"name":"rtnews","@id":"https:\/\/now-news.de\/de\/#\/schema\/person\/fb534a4e865501d8b3285208df34a9b5"},"headline":"PCK-Raffinerie Schwedt bleibt weiter unter Treuhandverwaltung","datePublished":"2024-09-02T19:47:08+00:00","dateModified":"2024-09-02T19:47:08+00:00","mainEntityOfPage":{"@id":"https:\/\/now-news.de\/de\/deutschland\/pck-raffinerie-schwedt-bleibt-weiter-unter-treuhandverwaltung\/"},"wordCount":156,"commentCount":0,"publisher":{"@id":"https:\/\/now-news.de\/de\/#organization"},"image":{"@id":"https:\/\/now-news.de\/de\/deutschland\/pck-raffinerie-schwedt-bleibt-weiter-unter-treuhandverwaltung\/#primaryimage"},"thumbnailUrl":"https:\/\/now-news.de\/de\/wp-content\/uploads\/sites\/3\/2024\/09\/PCK-Raffinerie-Schwedt-bleibt-weiter-unter-Treuhandverwaltung.jpg","keywords":["bleibt","PCKRaffinerie","Schwedt","Treuhandverwaltung","unter","weiter"],"articleSection":["Deutschland","Russland"],"inLanguage":"de","potentialAction":[{"@type":"CommentAction","name":"Comment","target":["https:\/\/now-news.de\/de\/deutschland\/pck-raffinerie-schwedt-bleibt-weiter-unter-treuhandverwaltung\/#respond"]}]},{"@type":"WebPage","@id":"https:\/\/now-news.de\/de\/deutschland\/pck-raffinerie-schwedt-bleibt-weiter-unter-treuhandverwaltung\/","url":"https:\/\/now-news.de\/de\/deutschland\/pck-raffinerie-schwedt-bleibt-weiter-unter-treuhandverwaltung\/","name":"PCK-Raffinerie Schwedt bleibt weiter unter Treuhandverwaltung - just-now.NEWS Deutschland","isPartOf":{"@id":"https:\/\/now-news.de\/de\/#website"},"primaryImageOfPage":{"@id":"https:\/\/now-news.de\/de\/deutschland\/pck-raffinerie-schwedt-bleibt-weiter-unter-treuhandverwaltung\/#primaryimage"},"image":{"@id":"https:\/\/now-news.de\/de\/deutschland\/pck-raffinerie-schwedt-bleibt-weiter-unter-treuhandverwaltung\/#primaryimage"},"thumbnailUrl":"https:\/\/now-news.de\/de\/wp-content\/uploads\/sites\/3\/2024\/09\/PCK-Raffinerie-Schwedt-bleibt-weiter-unter-Treuhandverwaltung.jpg","datePublished":"2024-09-02T19:47:08+00:00","dateModified":"2024-09-02T19:47:08+00:00","breadcrumb":{"@id":"https:\/\/now-news.de\/de\/deutschland\/pck-raffinerie-schwedt-bleibt-weiter-unter-treuhandverwaltung\/#breadcrumb"},"inLanguage":"de","potentialAction":[{"@type":"ReadAction","target":["https:\/\/now-news.de\/de\/deutschland\/pck-raffinerie-schwedt-bleibt-weiter-unter-treuhandverwaltung\/"]}]},{"@type":"ImageObject","inLanguage":"de","@id":"https:\/\/now-news.de\/de\/deutschland\/pck-raffinerie-schwedt-bleibt-weiter-unter-treuhandverwaltung\/#primaryimage","url":"https:\/\/now-news.de\/de\/wp-content\/uploads\/sites\/3\/2024\/09\/PCK-Raffinerie-Schwedt-bleibt-weiter-unter-Treuhandverwaltung.jpg","contentUrl":"https:\/\/now-news.de\/de\/wp-content\/uploads\/sites\/3\/2024\/09\/PCK-Raffinerie-Schwedt-bleibt-weiter-unter-Treuhandverwaltung.jpg","width":460,"height":259,"caption":"PCK-Raffinerie Schwedt bleibt weiter unter Treuhandverwaltung"},{"@type":"BreadcrumbList","@id":"https:\/\/now-news.de\/de\/deutschland\/pck-raffinerie-schwedt-bleibt-weiter-unter-treuhandverwaltung\/#breadcrumb","itemListElement":[{"@type":"ListItem","position":1,"name":"Home","item":"https:\/\/now-news.de\/de\/"},{"@type":"ListItem","position":2,"name":"PCK-Raffinerie Schwedt bleibt weiter unter Treuhandverwaltung"}]},{"@type":"WebSite","@id":"https:\/\/now-news.de\/de\/#website","url":"https:\/\/now-news.de\/de\/","name":"just-now.NEWS Deutschland","description":"Das Portal f\u00fcr unzensierte Nachrichten aus der Welt","publisher":{"@id":"https:\/\/now-news.de\/de\/#organization"},"potentialAction":[{"@type":"SearchAction","target":{"@type":"EntryPoint","urlTemplate":"https:\/\/now-news.de\/de\/?s={search_term_string}"},"query-input":"required name=search_term_string"}],"inLanguage":"de"},{"@type":"Organization","@id":"https:\/\/now-news.de\/de\/#organization","name":"Just Now News","url":"https:\/\/now-news.de\/de\/","logo":{"@type":"ImageObject","inLanguage":"de","@id":"https:\/\/now-news.de\/de\/#\/schema\/logo\/image\/","url":"http:\/\/just-now.news\/de\/wp-content\/uploads\/sites\/3\/2022\/04\/logo500x500.jpg","contentUrl":"http:\/\/just-now.news\/de\/wp-content\/uploads\/sites\/3\/2022\/04\/logo500x500.jpg","width":500,"height":500,"caption":"Just Now News"},"image":{"@id":"https:\/\/now-news.de\/de\/#\/schema\/logo\/image\/"},"sameAs":["https:\/\/www.facebook.com\/wirmachenauf","https:\/\/x.com\/WirMachenAuf_de"]},{"@type":"Person","@id":"https:\/\/now-news.de\/de\/#\/schema\/person\/fb534a4e865501d8b3285208df34a9b5","name":"rtnews","image":{"@type":"ImageObject","inLanguage":"de","@id":"https:\/\/now-news.de\/de\/#\/schema\/person\/image\/","url":"https:\/\/secure.gravatar.com\/avatar\/82aafea7d8127119dd649515f56e2117?s=96&d=mm&r=g","contentUrl":"https:\/\/secure.gravatar.com\/avatar\/82aafea7d8127119dd649515f56e2117?s=96&d=mm&r=g","caption":"rtnews"},"url":"https:\/\/now-news.de\/de\/author\/rnews\/"}]}},"_links":{"self":[{"href":"https:\/\/now-news.de\/de\/wp-json\/wp\/v2\/posts\/68078"}],"collection":[{"href":"https:\/\/now-news.de\/de\/wp-json\/wp\/v2\/posts"}],"about":[{"href":"https:\/\/now-news.de\/de\/wp-json\/wp\/v2\/types\/post"}],"author":[{"embeddable":true,"href":"https:\/\/now-news.de\/de\/wp-json\/wp\/v2\/users\/3"}],"replies":[{"embeddable":true,"href":"https:\/\/now-news.de\/de\/wp-json\/wp\/v2\/comments?post=68078"}],"version-history":[{"count":0,"href":"https:\/\/now-news.de\/de\/wp-json\/wp\/v2\/posts\/68078\/revisions"}],"wp:featuredmedia":[{"embeddable":true,"href":"https:\/\/now-news.de\/de\/wp-json\/wp\/v2\/media\/68079"}],"wp:attachment":[{"href":"https:\/\/now-news.de\/de\/wp-json\/wp\/v2\/media?parent=68078"}],"wp:term":[{"taxonomy":"category","embeddable":true,"href":"https:\/\/now-news.de\/de\/wp-json\/wp\/v2\/categories?post=68078"},{"taxonomy":"post_tag","embeddable":true,"href":"https:\/\/now-news.de\/de\/wp-json\/wp\/v2\/tags?post=68078"}],"curies":[{"name":"wp","href":"https:\/\/api.w.org\/{rel}","templated":true}]}}