{"id":68019,"date":"2024-09-02T07:00:48","date_gmt":"2024-09-02T05:00:48","guid":{"rendered":"https:\/\/now-news.de\/de\/deutschland\/krieg-wurde-zu-einer-frage-des-ueberlebens-und-nicht-der-politik\/"},"modified":"2024-09-02T07:00:48","modified_gmt":"2024-09-02T05:00:48","slug":"krieg-wurde-zu-einer-frage-des-ueberlebens-und-nicht-der-politik","status":"publish","type":"post","link":"https:\/\/now-news.de\/de\/deutschland\/krieg-wurde-zu-einer-frage-des-ueberlebens-und-nicht-der-politik\/","title":{"rendered":"Krieg wurde zu einer Frage des \u00dcberlebens und nicht der Politik"},"content":{"rendered":"<div class=\"Text-root Text-type_1 \">\n                Selbst wenn jetzt unsere alten Menschen auf den Stra\u00dfen im Gebiet Kursk schikaniert und die Schulen und Einkaufszentren in Donezk beschossen werden, gibt es immer noch viele Leute, die sagen, das sei &#8220;Politik&#8221;.\n            <\/div>\n<p><\/p>\n<div class=\"Text-root Text-type_5 ArticleView-text ViewText-root \">\n<p><em>Von Ewdokija Scheremetjewa<\/em><\/p>\n<p>Neun Jahre ist es her, dass die Eltern der Mitsch\u00fcler meiner Tochter in einem Schulklasse-Chat beschlossen, aktiv zu werden und Pflegeheimen zu helfen. Zu dieser Zeit hatten ich und mein Team bereits mehreren solcher Heime im Donbass geholfen. Wir betreuten auch mehrere Hospize, Waisenh\u00e4user und Internate. Und einfach nur einsame alte Menschen, die sich im Kriegsgebiet befanden. Ich reiste fast st\u00e4ndig dorthin, machte Berichte, drehte Videos, schrieb dar\u00fcber und sammelte Spenden, um den Menschen zu helfen.<\/p>\n<p>Also schrieb ich in ebendiesem Chat, dass jeder, der helfen wolle, dies tun und beispielsweise den \u00e4lteren Menschen im Donbass helfen k\u00f6nne. Sofort reagierte einer der Lehrer sehr aggressiv und sagte, wir sollten auf Politik verzichten. Es folgten weitere unangenehme \u00c4u\u00dferungen von ihm, deren Inhalt ich aber, Gott sei Dank, schon wieder vergessen habe. Aber gut, lassen wir die Politik beiseite. Wie ihr wollt, Freunde.<\/p>\n<p>Damals, im Jahr 2015, schrieben einige Eltern privat zur\u00fcck, dass sie teilnehmen wollten, aber insgesamt herrschte Totenstille im Chat. Weil es um die &#8220;falschen&#8221; alten Menschen ging. Diese alten Menschen seien selbst schuld: Sie wurden am falschen Ort geboren. Den Gebrechlichen mit den falschen Sichtweisen zu helfen (auch wenn viele von ihnen gar keine Sichtweise mehr hatten), sei Politik. Das ist so.<\/p>\n<p>Ich erinnere mich gut an das Gef\u00fchl, dass ich so behandelt wurde, als h\u00e4tte ich etwas Sch\u00e4ndliches vorgeschlagen, wof\u00fcr sich viele Leute sch\u00e4mten. Ich erw\u00e4hnte dieses Thema nie wieder. Und das betrifft selbstverst\u00e4ndlich auch das Thema der von uns eingeleiteten Unterst\u00fctzung des Milit\u00e4rs bei der speziellen Milit\u00e4roperation.<\/p>\n<p>Warum erinnere ich mich jetzt daran? Ich h\u00f6re oft von Menschen, die sich in der humanit\u00e4ren Hilfe engagieren, dass viele in ihrem Umfeld genauso reagieren wie dieser Lehrer. Wenn jemand am Arbeitsplatz oder in einer Kindergartengruppe zaghaft anbietet, sich an der Hilfe zu beteiligen, bekommt er die Reaktion, das sei &#8220;Politik&#8221;, &#8220;Milit\u00e4rkl\u00fcngel&#8221; usw.<\/p>\n<figure class=\"RTImage-root\">\n<div class=\"RTImage-image RTImage-original\"><picture class=\"Picture-root Picture-original\"><!--[if IE 9]><video style=\"display: none;\"><![endif]--><source media=\"(-webkit-min-device-pixel-ratio: 2) and (min-resolution: 120dpi)\" data-srcset=\" \nhttps:\/\/now-news.de\/de\/wp-content\/uploads\/sites\/3\/2024\/09\/66d0972348fbef130b1042b6.jpg 850w,\n                https:\/\/now-news.de\/de\/wp-content\/uploads\/sites\/3\/2024\/09\/66d0972348fbef130b1042b6.jpg 1960w,            \" ><source data-srcset=\" \nhttps:\/\/now-news.de\/de\/wp-content\/uploads\/sites\/3\/2024\/09\/66d0972348fbef130b1042b6.jpg 460w,\n              https:\/\/now-news.de\/de\/wp-content\/uploads\/sites\/3\/2024\/09\/66d0972348fbef130b1042b6.jpg 980w,\n            \" ><!--[if IE 9]><\/video><![endif]--><img decoding=\"async\" data- src=\"data:image\/png;base64,iVBORw0KGgoAAAANSUhEUgAAABAAAAAJCAQAAACRI2S5AAAAEElEQVR42mNkIAAYRxWAAQAG9gAKqv6+AwAAAABJRU5ErkJggg==\" class=\"Picture-root Picture-original lazyload\" data-src=\"https:\/\/now-news.de\/de\/wp-content\/uploads\/sites\/3\/2024\/09\/66d0972348fbef130b1042b6.jpg\" alt=\"\"><\/source><\/source><\/picture><!-- noscript pattern --><noscript><img decoding=\"async\" src=\"https:\/\/now-news.de\/de\/wp-content\/uploads\/sites\/3\/2024\/09\/66d0972348fbef130b1042b6.jpg\" alt=\"\"><\/noscript><\/div><figcaption class=\"RTImage-footer\"><span class=\"RTImage-caption\"><span class=\"RTImage-captionItem\">Humanit\u00e4re Helfer verteilen Essen an Bed\u00fcrftige in der Stadt Debalzewo, Volksrepubik Donezk (Winter 2015)<\/span><\/span><span class=\"RTImage-source\"><span class=\"RTImage-captionItem\">Sergei Awerin \/ RIA Nowosti<\/span><span class=\"RTImage-captionItem\"> \/ Sputnik<\/span><\/span><\/figcaption><\/figure>\n<p>Diese Rhetorik \u00fcber das Milit\u00e4r \u2013 sie ist doch nicht so bedeutsam. Diejenigen, die es als &#8220;Politik&#8221; bezeichnen, sehen es als Schande, den &#8220;falschen&#8221; alten Menschen zu helfen. Viele Unternehmen versuchen, diese &#8220;heiklen&#8221; Themen zu umgehen. Und dies geschieht nicht nur in kleinen Teams, sondern auch in gro\u00dfen Unternehmen. Sie versuchen, &#8220;neutral&#8221; zu sein.<\/p>\n<p>Neutral. Wenn gerade jetzt, auf den Stra\u00dfen im Gebiet Kursk, unsere \u00e4lteren Menschen schikaniert werden. Die Schulen und Einkaufszentren in Donezk werden beschossen. Auch die Str\u00e4nde von Sewastopol. Trotzdem gibt es viele Leute, die sagen, es sei &#8220;Politik&#8221;.<\/p>\n<p>Ich sage ihnen Folgendes.<\/p>\n<p>Wenn eure Eltern unter Beschuss geraten, vergesst ihr eure Sichtweise und auch ihre Sichtweise. Ihr werdet heulen, weil ihr ihnen nicht helfen k\u00f6nnt. Ihr vergesst eure Prinzipien und euren Glauben an den &#8220;Weltfrieden&#8221;. Nat\u00fcrlich nur, wenn ihr normale Menschen seid.<\/p>\n<p>Hier geht es nicht mehr um &#8220;Politik&#8221;, Freunde, sondern ums blanke \u00dcberleben. Um unser und unter anderem auch um euer \u00dcberleben. Falls wir diesen Krieg verlieren, werden eure Zeigefinger, begleitet von den Worten &#8220;Politik&#8221;, euch nicht helfen, in der Neuen Welt einen warmen Platz unter der Sonne zu bekommen. Ihr werdet auch, zusammen mit mir, die so &#8220;falsch&#8221; ist, eliminiert werden.<\/p>\n<p>Ja, nat\u00fcrlich ist jeder frei in seinen Entscheidungen und Sichtweisen. Aber die Zeiten sind jetzt anders. Also wird auch eure Verantwortung eine andere sein.<\/p>\n<p>Aber wir werden so oder so gewinnen. Ob mit oder ohne euch, das ist uns eigentlich egal.<\/p>\n<p><em>\u00dcbersetzt aus dem <a rel=\"nofollow noopener\" target=\"_blank\" href=\"https:\/\/vz.ru\/opinions\/2024\/8\/28\/1283270.html\">Russischen<\/a>. Der Artikel ist am 28. August 2024 zuerst in der Zeitung Wsgljad erschienen.<\/em><\/p>\n<p><em><strong>Ewdokija Scheremetjewa<\/strong> ist Schriftstellerin. Sie organisiert humanit\u00e4re Hilfe f\u00fcr den Donbass.<\/em><\/p>\n<p><strong>Mehr zum Thema<\/strong> &#8211; <a rel=\"nofollow noopener\" target=\"_blank\" href=\"https:\/\/freedert.online\/meinung\/193580-donezk-ganz-russland-vereint-in-trauer\/\">Blutbad in Donezk: Warum es keinen ukrainischen Donbass mehr geben wird<\/a><\/p>\n<div class=\"EmbedBlock-root EmbedBlock-externalVideo EmbedBlock-rumble\">\n<div class=\"VkEmbed\"><iframe class=\"lazyload\" data-src=\"https:\/\/rumble.com\/embed\/v5air03\" frameborder=\"0\" width=\"853\" height=\"480\" allowfullscreen><\/iframe><\/div>\n<\/div>\n<\/div>\n<p><br \/>\n<br \/><a href=\"https:\/\/de.rt.com\/meinung\/217328-krieg-wurde-zu-frage-ueberlebens\/\">Source link <\/a><\/p>\n","protected":false},"excerpt":{"rendered":"<p>Selbst wenn jetzt unsere alten Menschen auf den Stra\u00dfen im Gebiet Kursk schikaniert und die Schulen und Einkaufszentren in Donezk beschossen werden, gibt es immer noch viele Leute, die sagen, das sei &#8220;Politik&#8221;. Von Ewdokija Scheremetjewa Neun Jahre ist es her, dass die Eltern der Mitsch\u00fcler meiner Tochter in einem Schulklasse-Chat beschlossen, aktiv zu werden [&hellip;]<\/p>\n","protected":false},"author":3,"featured_media":68020,"comment_status":"open","ping_status":"open","sticky":false,"template":"","format":"standard","meta":{"_yoast_indexnow_last_ping":["1725254327"],"wp_automatic_camp":["217"],"d23574cc9c043036a38c6c0299e222b7":["Krieg wurde zu einer Frage des \u00dcberlebens und nicht der Politik"],"original_link":["https:\/\/de.rt.com\/meinung\/217328-krieg-wurde-zu-frage-ueberlebens\/"],"_thumbnail_id":["68020"],"_wptgpro_p2tg_sent2tg":["a:1:{i:23737;s:19:\"2024-09-02 07:20:06\";}"],"jnews_social_counter_last_update":["1777370483"]},"categories":[19,23],"tags":[82,583,212,16962,130,800,592,58124,140,528],"yoast_head":"<!-- This site is optimized with the Yoast SEO Premium plugin v22.7 (Yoast SEO v22.7) - https:\/\/yoast.com\/wordpress\/plugins\/seo\/ -->\n<title>Krieg wurde zu einer Frage des \u00dcberlebens und nicht der Politik - just-now.NEWS Deutschland<\/title>\n<meta name=\"robots\" content=\"index, follow, max-snippet:-1, max-image-preview:large, max-video-preview:-1\" \/>\n<link rel=\"canonical\" href=\"https:\/\/now-news.de\/de\/deutschland\/krieg-wurde-zu-einer-frage-des-ueberlebens-und-nicht-der-politik\/\" \/>\n<meta property=\"og:locale\" content=\"de_DE\" \/>\n<meta property=\"og:type\" content=\"article\" \/>\n<meta property=\"og:title\" content=\"Krieg wurde zu einer Frage des \u00dcberlebens und nicht der Politik\" \/>\n<meta property=\"og:description\" content=\"Selbst wenn jetzt unsere alten Menschen auf den Stra\u00dfen im Gebiet Kursk schikaniert und die Schulen und Einkaufszentren in Donezk beschossen werden, gibt es immer noch viele Leute, die sagen, das sei &#8220;Politik&#8221;. Von Ewdokija Scheremetjewa Neun Jahre ist es her, dass die Eltern der Mitsch\u00fcler meiner Tochter in einem Schulklasse-Chat beschlossen, aktiv zu werden [&hellip;]\" \/>\n<meta property=\"og:url\" content=\"https:\/\/now-news.de\/de\/deutschland\/krieg-wurde-zu-einer-frage-des-ueberlebens-und-nicht-der-politik\/\" \/>\n<meta property=\"og:site_name\" content=\"just-now.NEWS Deutschland\" \/>\n<meta property=\"article:publisher\" content=\"https:\/\/www.facebook.com\/wirmachenauf\" \/>\n<meta property=\"article:published_time\" content=\"2024-09-02T05:00:48+00:00\" \/>\n<meta property=\"og:image\" content=\"https:\/\/now-news.de\/de\/wp-content\/uploads\/sites\/3\/2024\/09\/66d0972348fbef130b1042b6.jpg\" \/>\n<meta name=\"author\" content=\"rtnews\" \/>\n<meta name=\"twitter:card\" content=\"summary_large_image\" \/>\n<meta name=\"twitter:creator\" content=\"@WirMachenAuf_de\" \/>\n<meta name=\"twitter:site\" content=\"@WirMachenAuf_de\" \/>\n<meta name=\"twitter:label1\" content=\"Verfasst von\" \/>\n\t<meta name=\"twitter:data1\" content=\"rtnews\" \/>\n\t<meta name=\"twitter:label2\" content=\"Gesch\u00e4tzte Lesezeit\" \/>\n\t<meta name=\"twitter:data2\" content=\"3\u00a0Minuten\" \/>\n<script type=\"application\/ld+json\" class=\"yoast-schema-graph\">{\"@context\":\"https:\/\/schema.org\",\"@graph\":[{\"@type\":\"Article\",\"@id\":\"https:\/\/now-news.de\/de\/deutschland\/krieg-wurde-zu-einer-frage-des-ueberlebens-und-nicht-der-politik\/#article\",\"isPartOf\":{\"@id\":\"https:\/\/now-news.de\/de\/deutschland\/krieg-wurde-zu-einer-frage-des-ueberlebens-und-nicht-der-politik\/\"},\"author\":{\"name\":\"rtnews\",\"@id\":\"https:\/\/now-news.de\/de\/#\/schema\/person\/fb534a4e865501d8b3285208df34a9b5\"},\"headline\":\"Krieg wurde zu einer Frage des \u00dcberlebens und nicht der Politik\",\"datePublished\":\"2024-09-02T05:00:48+00:00\",\"dateModified\":\"2024-09-02T05:00:48+00:00\",\"mainEntityOfPage\":{\"@id\":\"https:\/\/now-news.de\/de\/deutschland\/krieg-wurde-zu-einer-frage-des-ueberlebens-und-nicht-der-politik\/\"},\"wordCount\":681,\"commentCount\":0,\"publisher\":{\"@id\":\"https:\/\/now-news.de\/de\/#organization\"},\"image\":{\"@id\":\"https:\/\/now-news.de\/de\/deutschland\/krieg-wurde-zu-einer-frage-des-ueberlebens-und-nicht-der-politik\/#primaryimage\"},\"thumbnailUrl\":\"https:\/\/now-news.de\/de\/wp-content\/uploads\/sites\/3\/2024\/09\/Krieg-wurde-zu-einer-Frage-des-Ueberlebens-und-nicht-der.jpg\",\"keywords\":[\"der\",\"des\",\"einer\",\"Frage\",\"krieg\",\"nicht\",\"Politik\",\"\u00dcberlebens\",\"und\",\"wurde\"],\"articleSection\":[\"Deutschland\",\"Russland\"],\"inLanguage\":\"de\",\"potentialAction\":[{\"@type\":\"CommentAction\",\"name\":\"Comment\",\"target\":[\"https:\/\/now-news.de\/de\/deutschland\/krieg-wurde-zu-einer-frage-des-ueberlebens-und-nicht-der-politik\/#respond\"]}]},{\"@type\":\"WebPage\",\"@id\":\"https:\/\/now-news.de\/de\/deutschland\/krieg-wurde-zu-einer-frage-des-ueberlebens-und-nicht-der-politik\/\",\"url\":\"https:\/\/now-news.de\/de\/deutschland\/krieg-wurde-zu-einer-frage-des-ueberlebens-und-nicht-der-politik\/\",\"name\":\"Krieg wurde zu einer Frage des \u00dcberlebens und nicht der Politik - just-now.NEWS Deutschland\",\"isPartOf\":{\"@id\":\"https:\/\/now-news.de\/de\/#website\"},\"primaryImageOfPage\":{\"@id\":\"https:\/\/now-news.de\/de\/deutschland\/krieg-wurde-zu-einer-frage-des-ueberlebens-und-nicht-der-politik\/#primaryimage\"},\"image\":{\"@id\":\"https:\/\/now-news.de\/de\/deutschland\/krieg-wurde-zu-einer-frage-des-ueberlebens-und-nicht-der-politik\/#primaryimage\"},\"thumbnailUrl\":\"https:\/\/now-news.de\/de\/wp-content\/uploads\/sites\/3\/2024\/09\/Krieg-wurde-zu-einer-Frage-des-Ueberlebens-und-nicht-der.jpg\",\"datePublished\":\"2024-09-02T05:00:48+00:00\",\"dateModified\":\"2024-09-02T05:00:48+00:00\",\"breadcrumb\":{\"@id\":\"https:\/\/now-news.de\/de\/deutschland\/krieg-wurde-zu-einer-frage-des-ueberlebens-und-nicht-der-politik\/#breadcrumb\"},\"inLanguage\":\"de\",\"potentialAction\":[{\"@type\":\"ReadAction\",\"target\":[\"https:\/\/now-news.de\/de\/deutschland\/krieg-wurde-zu-einer-frage-des-ueberlebens-und-nicht-der-politik\/\"]}]},{\"@type\":\"ImageObject\",\"inLanguage\":\"de\",\"@id\":\"https:\/\/now-news.de\/de\/deutschland\/krieg-wurde-zu-einer-frage-des-ueberlebens-und-nicht-der-politik\/#primaryimage\",\"url\":\"https:\/\/now-news.de\/de\/wp-content\/uploads\/sites\/3\/2024\/09\/Krieg-wurde-zu-einer-Frage-des-Ueberlebens-und-nicht-der.jpg\",\"contentUrl\":\"https:\/\/now-news.de\/de\/wp-content\/uploads\/sites\/3\/2024\/09\/Krieg-wurde-zu-einer-Frage-des-Ueberlebens-und-nicht-der.jpg\",\"width\":1623,\"height\":1080,\"caption\":\"Krieg wurde zu einer Frage des \u00dcberlebens und nicht der Politik\"},{\"@type\":\"BreadcrumbList\",\"@id\":\"https:\/\/now-news.de\/de\/deutschland\/krieg-wurde-zu-einer-frage-des-ueberlebens-und-nicht-der-politik\/#breadcrumb\",\"itemListElement\":[{\"@type\":\"ListItem\",\"position\":1,\"name\":\"Home\",\"item\":\"https:\/\/now-news.de\/de\/\"},{\"@type\":\"ListItem\",\"position\":2,\"name\":\"Krieg wurde zu einer Frage des \u00dcberlebens und nicht der Politik\"}]},{\"@type\":\"WebSite\",\"@id\":\"https:\/\/now-news.de\/de\/#website\",\"url\":\"https:\/\/now-news.de\/de\/\",\"name\":\"just-now.NEWS Deutschland\",\"description\":\"Das Portal f\u00fcr unzensierte Nachrichten aus der Welt\",\"publisher\":{\"@id\":\"https:\/\/now-news.de\/de\/#organization\"},\"potentialAction\":[{\"@type\":\"SearchAction\",\"target\":{\"@type\":\"EntryPoint\",\"urlTemplate\":\"https:\/\/now-news.de\/de\/?s={search_term_string}\"},\"query-input\":\"required name=search_term_string\"}],\"inLanguage\":\"de\"},{\"@type\":\"Organization\",\"@id\":\"https:\/\/now-news.de\/de\/#organization\",\"name\":\"Just Now News\",\"url\":\"https:\/\/now-news.de\/de\/\",\"logo\":{\"@type\":\"ImageObject\",\"inLanguage\":\"de\",\"@id\":\"https:\/\/now-news.de\/de\/#\/schema\/logo\/image\/\",\"url\":\"http:\/\/just-now.news\/de\/wp-content\/uploads\/sites\/3\/2022\/04\/logo500x500.jpg\",\"contentUrl\":\"http:\/\/just-now.news\/de\/wp-content\/uploads\/sites\/3\/2022\/04\/logo500x500.jpg\",\"width\":500,\"height\":500,\"caption\":\"Just Now News\"},\"image\":{\"@id\":\"https:\/\/now-news.de\/de\/#\/schema\/logo\/image\/\"},\"sameAs\":[\"https:\/\/www.facebook.com\/wirmachenauf\",\"https:\/\/x.com\/WirMachenAuf_de\"]},{\"@type\":\"Person\",\"@id\":\"https:\/\/now-news.de\/de\/#\/schema\/person\/fb534a4e865501d8b3285208df34a9b5\",\"name\":\"rtnews\",\"image\":{\"@type\":\"ImageObject\",\"inLanguage\":\"de\",\"@id\":\"https:\/\/now-news.de\/de\/#\/schema\/person\/image\/\",\"url\":\"https:\/\/secure.gravatar.com\/avatar\/82aafea7d8127119dd649515f56e2117?s=96&d=mm&r=g\",\"contentUrl\":\"https:\/\/secure.gravatar.com\/avatar\/82aafea7d8127119dd649515f56e2117?s=96&d=mm&r=g\",\"caption\":\"rtnews\"},\"url\":\"https:\/\/now-news.de\/de\/author\/rnews\/\"}]}<\/script>\n<!-- \/ Yoast SEO Premium plugin. -->","yoast_head_json":{"title":"Krieg wurde zu einer Frage des \u00dcberlebens und nicht der Politik - just-now.NEWS Deutschland","robots":{"index":"index","follow":"follow","max-snippet":"max-snippet:-1","max-image-preview":"max-image-preview:large","max-video-preview":"max-video-preview:-1"},"canonical":"https:\/\/now-news.de\/de\/deutschland\/krieg-wurde-zu-einer-frage-des-ueberlebens-und-nicht-der-politik\/","og_locale":"de_DE","og_type":"article","og_title":"Krieg wurde zu einer Frage des \u00dcberlebens und nicht der Politik","og_description":"Selbst wenn jetzt unsere alten Menschen auf den Stra\u00dfen im Gebiet Kursk schikaniert und die Schulen und Einkaufszentren in Donezk beschossen werden, gibt es immer noch viele Leute, die sagen, das sei &#8220;Politik&#8221;. Von Ewdokija Scheremetjewa Neun Jahre ist es her, dass die Eltern der Mitsch\u00fcler meiner Tochter in einem Schulklasse-Chat beschlossen, aktiv zu werden [&hellip;]","og_url":"https:\/\/now-news.de\/de\/deutschland\/krieg-wurde-zu-einer-frage-des-ueberlebens-und-nicht-der-politik\/","og_site_name":"just-now.NEWS Deutschland","article_publisher":"https:\/\/www.facebook.com\/wirmachenauf","article_published_time":"2024-09-02T05:00:48+00:00","og_image":[{"url":"https:\/\/now-news.de\/de\/wp-content\/uploads\/sites\/3\/2024\/09\/66d0972348fbef130b1042b6.jpg"}],"author":"rtnews","twitter_card":"summary_large_image","twitter_creator":"@WirMachenAuf_de","twitter_site":"@WirMachenAuf_de","twitter_misc":{"Verfasst von":"rtnews","Gesch\u00e4tzte Lesezeit":"3\u00a0Minuten"},"schema":{"@context":"https:\/\/schema.org","@graph":[{"@type":"Article","@id":"https:\/\/now-news.de\/de\/deutschland\/krieg-wurde-zu-einer-frage-des-ueberlebens-und-nicht-der-politik\/#article","isPartOf":{"@id":"https:\/\/now-news.de\/de\/deutschland\/krieg-wurde-zu-einer-frage-des-ueberlebens-und-nicht-der-politik\/"},"author":{"name":"rtnews","@id":"https:\/\/now-news.de\/de\/#\/schema\/person\/fb534a4e865501d8b3285208df34a9b5"},"headline":"Krieg wurde zu einer Frage des \u00dcberlebens und nicht der Politik","datePublished":"2024-09-02T05:00:48+00:00","dateModified":"2024-09-02T05:00:48+00:00","mainEntityOfPage":{"@id":"https:\/\/now-news.de\/de\/deutschland\/krieg-wurde-zu-einer-frage-des-ueberlebens-und-nicht-der-politik\/"},"wordCount":681,"commentCount":0,"publisher":{"@id":"https:\/\/now-news.de\/de\/#organization"},"image":{"@id":"https:\/\/now-news.de\/de\/deutschland\/krieg-wurde-zu-einer-frage-des-ueberlebens-und-nicht-der-politik\/#primaryimage"},"thumbnailUrl":"https:\/\/now-news.de\/de\/wp-content\/uploads\/sites\/3\/2024\/09\/Krieg-wurde-zu-einer-Frage-des-Ueberlebens-und-nicht-der.jpg","keywords":["der","des","einer","Frage","krieg","nicht","Politik","\u00dcberlebens","und","wurde"],"articleSection":["Deutschland","Russland"],"inLanguage":"de","potentialAction":[{"@type":"CommentAction","name":"Comment","target":["https:\/\/now-news.de\/de\/deutschland\/krieg-wurde-zu-einer-frage-des-ueberlebens-und-nicht-der-politik\/#respond"]}]},{"@type":"WebPage","@id":"https:\/\/now-news.de\/de\/deutschland\/krieg-wurde-zu-einer-frage-des-ueberlebens-und-nicht-der-politik\/","url":"https:\/\/now-news.de\/de\/deutschland\/krieg-wurde-zu-einer-frage-des-ueberlebens-und-nicht-der-politik\/","name":"Krieg wurde zu einer Frage des \u00dcberlebens und nicht der Politik - just-now.NEWS Deutschland","isPartOf":{"@id":"https:\/\/now-news.de\/de\/#website"},"primaryImageOfPage":{"@id":"https:\/\/now-news.de\/de\/deutschland\/krieg-wurde-zu-einer-frage-des-ueberlebens-und-nicht-der-politik\/#primaryimage"},"image":{"@id":"https:\/\/now-news.de\/de\/deutschland\/krieg-wurde-zu-einer-frage-des-ueberlebens-und-nicht-der-politik\/#primaryimage"},"thumbnailUrl":"https:\/\/now-news.de\/de\/wp-content\/uploads\/sites\/3\/2024\/09\/Krieg-wurde-zu-einer-Frage-des-Ueberlebens-und-nicht-der.jpg","datePublished":"2024-09-02T05:00:48+00:00","dateModified":"2024-09-02T05:00:48+00:00","breadcrumb":{"@id":"https:\/\/now-news.de\/de\/deutschland\/krieg-wurde-zu-einer-frage-des-ueberlebens-und-nicht-der-politik\/#breadcrumb"},"inLanguage":"de","potentialAction":[{"@type":"ReadAction","target":["https:\/\/now-news.de\/de\/deutschland\/krieg-wurde-zu-einer-frage-des-ueberlebens-und-nicht-der-politik\/"]}]},{"@type":"ImageObject","inLanguage":"de","@id":"https:\/\/now-news.de\/de\/deutschland\/krieg-wurde-zu-einer-frage-des-ueberlebens-und-nicht-der-politik\/#primaryimage","url":"https:\/\/now-news.de\/de\/wp-content\/uploads\/sites\/3\/2024\/09\/Krieg-wurde-zu-einer-Frage-des-Ueberlebens-und-nicht-der.jpg","contentUrl":"https:\/\/now-news.de\/de\/wp-content\/uploads\/sites\/3\/2024\/09\/Krieg-wurde-zu-einer-Frage-des-Ueberlebens-und-nicht-der.jpg","width":1623,"height":1080,"caption":"Krieg wurde zu einer Frage des \u00dcberlebens und nicht der Politik"},{"@type":"BreadcrumbList","@id":"https:\/\/now-news.de\/de\/deutschland\/krieg-wurde-zu-einer-frage-des-ueberlebens-und-nicht-der-politik\/#breadcrumb","itemListElement":[{"@type":"ListItem","position":1,"name":"Home","item":"https:\/\/now-news.de\/de\/"},{"@type":"ListItem","position":2,"name":"Krieg wurde zu einer Frage des \u00dcberlebens und nicht der Politik"}]},{"@type":"WebSite","@id":"https:\/\/now-news.de\/de\/#website","url":"https:\/\/now-news.de\/de\/","name":"just-now.NEWS Deutschland","description":"Das Portal f\u00fcr unzensierte Nachrichten aus der Welt","publisher":{"@id":"https:\/\/now-news.de\/de\/#organization"},"potentialAction":[{"@type":"SearchAction","target":{"@type":"EntryPoint","urlTemplate":"https:\/\/now-news.de\/de\/?s={search_term_string}"},"query-input":"required name=search_term_string"}],"inLanguage":"de"},{"@type":"Organization","@id":"https:\/\/now-news.de\/de\/#organization","name":"Just Now News","url":"https:\/\/now-news.de\/de\/","logo":{"@type":"ImageObject","inLanguage":"de","@id":"https:\/\/now-news.de\/de\/#\/schema\/logo\/image\/","url":"http:\/\/just-now.news\/de\/wp-content\/uploads\/sites\/3\/2022\/04\/logo500x500.jpg","contentUrl":"http:\/\/just-now.news\/de\/wp-content\/uploads\/sites\/3\/2022\/04\/logo500x500.jpg","width":500,"height":500,"caption":"Just Now News"},"image":{"@id":"https:\/\/now-news.de\/de\/#\/schema\/logo\/image\/"},"sameAs":["https:\/\/www.facebook.com\/wirmachenauf","https:\/\/x.com\/WirMachenAuf_de"]},{"@type":"Person","@id":"https:\/\/now-news.de\/de\/#\/schema\/person\/fb534a4e865501d8b3285208df34a9b5","name":"rtnews","image":{"@type":"ImageObject","inLanguage":"de","@id":"https:\/\/now-news.de\/de\/#\/schema\/person\/image\/","url":"https:\/\/secure.gravatar.com\/avatar\/82aafea7d8127119dd649515f56e2117?s=96&d=mm&r=g","contentUrl":"https:\/\/secure.gravatar.com\/avatar\/82aafea7d8127119dd649515f56e2117?s=96&d=mm&r=g","caption":"rtnews"},"url":"https:\/\/now-news.de\/de\/author\/rnews\/"}]}},"_links":{"self":[{"href":"https:\/\/now-news.de\/de\/wp-json\/wp\/v2\/posts\/68019"}],"collection":[{"href":"https:\/\/now-news.de\/de\/wp-json\/wp\/v2\/posts"}],"about":[{"href":"https:\/\/now-news.de\/de\/wp-json\/wp\/v2\/types\/post"}],"author":[{"embeddable":true,"href":"https:\/\/now-news.de\/de\/wp-json\/wp\/v2\/users\/3"}],"replies":[{"embeddable":true,"href":"https:\/\/now-news.de\/de\/wp-json\/wp\/v2\/comments?post=68019"}],"version-history":[{"count":0,"href":"https:\/\/now-news.de\/de\/wp-json\/wp\/v2\/posts\/68019\/revisions"}],"wp:featuredmedia":[{"embeddable":true,"href":"https:\/\/now-news.de\/de\/wp-json\/wp\/v2\/media\/68020"}],"wp:attachment":[{"href":"https:\/\/now-news.de\/de\/wp-json\/wp\/v2\/media?parent=68019"}],"wp:term":[{"taxonomy":"category","embeddable":true,"href":"https:\/\/now-news.de\/de\/wp-json\/wp\/v2\/categories?post=68019"},{"taxonomy":"post_tag","embeddable":true,"href":"https:\/\/now-news.de\/de\/wp-json\/wp\/v2\/tags?post=68019"}],"curies":[{"name":"wp","href":"https:\/\/api.w.org\/{rel}","templated":true}]}}