{"id":68013,"date":"2024-09-01T21:45:55","date_gmt":"2024-09-01T19:45:55","guid":{"rendered":"https:\/\/now-news.de\/de\/deutschland\/gedenktag-polens-praesident-besteht-weiter-auf-reparationen-von-deutschland\/"},"modified":"2024-09-01T21:45:55","modified_gmt":"2024-09-01T19:45:55","slug":"gedenktag-polens-praesident-besteht-weiter-auf-reparationen-von-deutschland","status":"publish","type":"post","link":"https:\/\/now-news.de\/de\/deutschland\/gedenktag-polens-praesident-besteht-weiter-auf-reparationen-von-deutschland\/","title":{"rendered":"Gedenktag: Polens Pr\u00e4sident besteht weiter auf Reparationen von Deutschland"},"content":{"rendered":"<p><img decoding=\"async\" src=\"https:\/\/now-news.de\/de\/wp-content\/uploads\/sites\/3\/2024\/09\/66d468c7b480cc485a0bbcf5.jpg\" \/><\/p>\n<div class=\"Text-root Text-type_1 \">\n                Bei der Gedenkfeier zum 85. Jahrestag des deutschen \u00dcberfalls auf sein Land hat Polens Pr\u00e4sident Andrzej Duda erneut von Deutschland Kompensation f\u00fcr die im Zweiten Weltkrieg erlittenen Sch\u00e4den gefordert.\n            <\/div>\n<p><\/p>\n<div class=\"Text-root Text-type_5 ArticleView-text ViewText-root \">\n<p>Zum 85. Jahrestag des deutschen \u00dcberfalls auf Polen hat Pr\u00e4sident Andrzej Duda erneut\u00a0Reparationen\u00a0von Deutschland f\u00fcr die im Zweiten Weltkrieg erlittenen Sch\u00e4den gefordert.<\/p>\n<p>&#8220;Vergebung und Schuldanerkenntnis sind eine Sache, Wiedergutmachung des Schadens eine andere&#8221;, sagte Duda in der polnischen Kleinstadt Wielu\u0144. Er f\u00fcgte hinzu:<\/p>\n<blockquote>\n<p><em>&#8220;Und diese Frage ist immer noch nicht gekl\u00e4rt, und das seit 80 Jahren, wenn man die Zeit des Zweiten Weltkriegs mitz\u00e4hlt.&#8221;<\/em><\/p>\n<\/blockquote>\n<p>Der deutsche \u00dcberfall auf Polen am 1. September 1939 gilt als Beginn des Zweiten Weltkriegs. Noch vor dem Beschuss der Westerplatte bei Danzig wurde das St\u00e4dtchen Wielu\u0144 nahe der damaligen deutsch-polnischen Grenze von den deutschen Luftstreitkr\u00e4ften bombardiert.<\/p>\n<p>Sch\u00e4tzungen gehen von bis zu 1.200 get\u00f6teten Zivilisten aus, die allein bei diesem Angriff starben. W\u00e4hrend des gesamten Zweiten Weltkrieges kamen in Polen nach Sch\u00e4tzungen bis zu sechs Millionen Menschen ums Leben. Die Hauptstadt Warschau wurde vollkommen zerst\u00f6rt.<\/p>\n<p>Pr\u00e4sident Duda stammt aus den Reihen der nationalkonservativen PiS, die Polen von 2015 bis 2023 f\u00fchrte. Die PiS-Regierung hatte seinerzeit das Verh\u00e4ltnis zu Berlin mit antideutschen T\u00f6nen und Reparationsforderungen in H\u00f6he von 1,3 Billionen Euro belastet.<\/p>\n<p>Doch auch f\u00fcr die seit Dezember amtierende Mitte-links-Regierung von Donald Tusk ist das Thema Weltkriegsentsch\u00e4digungen nicht vom Tisch.<\/p>\n<p>Bei den deutsch-polnischen Regierungskonsultationen Anfang Juli k\u00fcndigte der Bundeskanzler Olaf Scholz (SPD) Hilfe f\u00fcr \u00fcberlebende Opfer der deutschen Besatzung in Polen an. Konkrete Zahlen nannte er jedoch nicht.<\/p>\n<p><strong>Mehr zum Thema<\/strong> \u2013\u00a0<a rel=\"nofollow noopener\" target=\"_blank\" href=\"https:\/\/freeassange.rtde.life\/europa\/217545-fehler-des-ukrainischen-aussenministers-verschaerft-hass-der-polen\/\">Fehler des ukrainischen Au\u00dfenministers versch\u00e4rft Hass der Polen auf ihre Nachbarn<\/a><\/p>\n<div class=\"EmbedBlock-root EmbedBlock-externalVideo EmbedBlock-rumble\">\n<div class=\"VkEmbed\"><iframe class=\"lazyload\" data-src=\"https:\/\/rumble.com\/embed\/v59nlob\" frameborder=\"0\" width=\"853\" height=\"480\" allowfullscreen><\/iframe><\/div>\n<\/div>\n<\/div>\n<p><br \/>\n<br \/><a href=\"https:\/\/de.rt.com\/international\/217597-polens-praesident-besteht-weiter-auf-entschaedigungsforderungen\/\">Source link <\/a><\/p>\n","protected":false},"excerpt":{"rendered":"<p>Bei der Gedenkfeier zum 85. Jahrestag des deutschen \u00dcberfalls auf sein Land hat Polens Pr\u00e4sident Andrzej Duda erneut von Deutschland Kompensation f\u00fcr die im Zweiten Weltkrieg erlittenen Sch\u00e4den gefordert. Zum 85. Jahrestag des deutschen \u00dcberfalls auf Polen hat Pr\u00e4sident Andrzej Duda erneut\u00a0Reparationen\u00a0von Deutschland f\u00fcr die im Zweiten Weltkrieg erlittenen Sch\u00e4den gefordert. &#8220;Vergebung und Schuldanerkenntnis sind [&hellip;]<\/p>\n","protected":false},"author":3,"featured_media":68014,"comment_status":"open","ping_status":"open","sticky":false,"template":"","format":"standard","meta":{"_yoast_indexnow_last_ping":["1725220663"],"wp_automatic_camp":["217"],"1690751bb722d8d42224f59aa9ecfeba":["Gedenktag: Polens Pr\u00e4sident besteht weiter auf Reparationen von Deutschland"],"original_link":["https:\/\/de.rt.com\/international\/217597-polens-praesident-besteht-weiter-auf-entschaedigungsforderungen\/"],"_thumbnail_id":["68014"],"jnews_social_counter_last_update":["1777326099"],"_wptgpro_p2tg_sent2tg":["a:1:{i:23737;s:19:\"2024-09-01 21:58:49\";}"]},"categories":[19,23],"tags":[133,6450,179,28634,14418,3464,7689,50,601],"yoast_head":"<!-- This site is optimized with the Yoast SEO Premium plugin v22.7 (Yoast SEO v22.7) - https:\/\/yoast.com\/wordpress\/plugins\/seo\/ -->\n<title>Gedenktag: Polens Pr\u00e4sident besteht weiter auf Reparationen von Deutschland - just-now.NEWS Deutschland<\/title>\n<meta name=\"robots\" content=\"index, follow, max-snippet:-1, max-image-preview:large, max-video-preview:-1\" \/>\n<link rel=\"canonical\" href=\"https:\/\/now-news.de\/de\/deutschland\/gedenktag-polens-praesident-besteht-weiter-auf-reparationen-von-deutschland\/\" \/>\n<meta property=\"og:locale\" content=\"de_DE\" \/>\n<meta property=\"og:type\" content=\"article\" \/>\n<meta property=\"og:title\" content=\"Gedenktag: Polens Pr\u00e4sident besteht weiter auf Reparationen von Deutschland\" \/>\n<meta property=\"og:description\" content=\"Bei der Gedenkfeier zum 85. Jahrestag des deutschen \u00dcberfalls auf sein Land hat Polens Pr\u00e4sident Andrzej Duda erneut von Deutschland Kompensation f\u00fcr die im Zweiten Weltkrieg erlittenen Sch\u00e4den gefordert. Zum 85. Jahrestag des deutschen \u00dcberfalls auf Polen hat Pr\u00e4sident Andrzej Duda erneut\u00a0Reparationen\u00a0von Deutschland f\u00fcr die im Zweiten Weltkrieg erlittenen Sch\u00e4den gefordert. &#8220;Vergebung und Schuldanerkenntnis sind [&hellip;]\" \/>\n<meta property=\"og:url\" content=\"https:\/\/now-news.de\/de\/deutschland\/gedenktag-polens-praesident-besteht-weiter-auf-reparationen-von-deutschland\/\" \/>\n<meta property=\"og:site_name\" content=\"just-now.NEWS Deutschland\" \/>\n<meta property=\"article:publisher\" content=\"https:\/\/www.facebook.com\/wirmachenauf\" \/>\n<meta property=\"article:published_time\" content=\"2024-09-01T19:45:55+00:00\" \/>\n<meta property=\"og:image\" content=\"https:\/\/now-news.de\/de\/wp-content\/uploads\/sites\/3\/2024\/09\/66d468c7b480cc485a0bbcf5.jpg\" \/>\n<meta name=\"author\" content=\"rtnews\" \/>\n<meta name=\"twitter:card\" content=\"summary_large_image\" \/>\n<meta name=\"twitter:creator\" content=\"@WirMachenAuf_de\" \/>\n<meta name=\"twitter:site\" content=\"@WirMachenAuf_de\" \/>\n<meta name=\"twitter:label1\" content=\"Verfasst von\" \/>\n\t<meta name=\"twitter:data1\" content=\"rtnews\" \/>\n\t<meta name=\"twitter:label2\" content=\"Gesch\u00e4tzte Lesezeit\" \/>\n\t<meta name=\"twitter:data2\" content=\"1\u00a0Minute\" \/>\n<script type=\"application\/ld+json\" class=\"yoast-schema-graph\">{\"@context\":\"https:\/\/schema.org\",\"@graph\":[{\"@type\":\"Article\",\"@id\":\"https:\/\/now-news.de\/de\/deutschland\/gedenktag-polens-praesident-besteht-weiter-auf-reparationen-von-deutschland\/#article\",\"isPartOf\":{\"@id\":\"https:\/\/now-news.de\/de\/deutschland\/gedenktag-polens-praesident-besteht-weiter-auf-reparationen-von-deutschland\/\"},\"author\":{\"name\":\"rtnews\",\"@id\":\"https:\/\/now-news.de\/de\/#\/schema\/person\/fb534a4e865501d8b3285208df34a9b5\"},\"headline\":\"Gedenktag: Polens Pr\u00e4sident besteht weiter auf Reparationen von Deutschland\",\"datePublished\":\"2024-09-01T19:45:55+00:00\",\"dateModified\":\"2024-09-01T19:45:55+00:00\",\"mainEntityOfPage\":{\"@id\":\"https:\/\/now-news.de\/de\/deutschland\/gedenktag-polens-praesident-besteht-weiter-auf-reparationen-von-deutschland\/\"},\"wordCount\":297,\"commentCount\":0,\"publisher\":{\"@id\":\"https:\/\/now-news.de\/de\/#organization\"},\"image\":{\"@id\":\"https:\/\/now-news.de\/de\/deutschland\/gedenktag-polens-praesident-besteht-weiter-auf-reparationen-von-deutschland\/#primaryimage\"},\"thumbnailUrl\":\"https:\/\/now-news.de\/de\/wp-content\/uploads\/sites\/3\/2024\/09\/Gedenktag-Polens-Praesident-besteht-weiter-auf-Reparationen-von-Deutschland.jpg\",\"keywords\":[\"AUF\",\"besteht\",\"Deutschland\",\"Gedenktag\",\"Polens\",\"Pr\u00e4sident\",\"Reparationen\",\"von\",\"weiter\"],\"articleSection\":[\"Deutschland\",\"Russland\"],\"inLanguage\":\"de\",\"potentialAction\":[{\"@type\":\"CommentAction\",\"name\":\"Comment\",\"target\":[\"https:\/\/now-news.de\/de\/deutschland\/gedenktag-polens-praesident-besteht-weiter-auf-reparationen-von-deutschland\/#respond\"]}]},{\"@type\":\"WebPage\",\"@id\":\"https:\/\/now-news.de\/de\/deutschland\/gedenktag-polens-praesident-besteht-weiter-auf-reparationen-von-deutschland\/\",\"url\":\"https:\/\/now-news.de\/de\/deutschland\/gedenktag-polens-praesident-besteht-weiter-auf-reparationen-von-deutschland\/\",\"name\":\"Gedenktag: Polens Pr\u00e4sident besteht weiter auf Reparationen von Deutschland - just-now.NEWS Deutschland\",\"isPartOf\":{\"@id\":\"https:\/\/now-news.de\/de\/#website\"},\"primaryImageOfPage\":{\"@id\":\"https:\/\/now-news.de\/de\/deutschland\/gedenktag-polens-praesident-besteht-weiter-auf-reparationen-von-deutschland\/#primaryimage\"},\"image\":{\"@id\":\"https:\/\/now-news.de\/de\/deutschland\/gedenktag-polens-praesident-besteht-weiter-auf-reparationen-von-deutschland\/#primaryimage\"},\"thumbnailUrl\":\"https:\/\/now-news.de\/de\/wp-content\/uploads\/sites\/3\/2024\/09\/Gedenktag-Polens-Praesident-besteht-weiter-auf-Reparationen-von-Deutschland.jpg\",\"datePublished\":\"2024-09-01T19:45:55+00:00\",\"dateModified\":\"2024-09-01T19:45:55+00:00\",\"breadcrumb\":{\"@id\":\"https:\/\/now-news.de\/de\/deutschland\/gedenktag-polens-praesident-besteht-weiter-auf-reparationen-von-deutschland\/#breadcrumb\"},\"inLanguage\":\"de\",\"potentialAction\":[{\"@type\":\"ReadAction\",\"target\":[\"https:\/\/now-news.de\/de\/deutschland\/gedenktag-polens-praesident-besteht-weiter-auf-reparationen-von-deutschland\/\"]}]},{\"@type\":\"ImageObject\",\"inLanguage\":\"de\",\"@id\":\"https:\/\/now-news.de\/de\/deutschland\/gedenktag-polens-praesident-besteht-weiter-auf-reparationen-von-deutschland\/#primaryimage\",\"url\":\"https:\/\/now-news.de\/de\/wp-content\/uploads\/sites\/3\/2024\/09\/Gedenktag-Polens-Praesident-besteht-weiter-auf-Reparationen-von-Deutschland.jpg\",\"contentUrl\":\"https:\/\/now-news.de\/de\/wp-content\/uploads\/sites\/3\/2024\/09\/Gedenktag-Polens-Praesident-besteht-weiter-auf-Reparationen-von-Deutschland.jpg\",\"width\":460,\"height\":259,\"caption\":\"Gedenktag: Polens Pr\u00e4sident besteht weiter auf Reparationen von Deutschland\"},{\"@type\":\"BreadcrumbList\",\"@id\":\"https:\/\/now-news.de\/de\/deutschland\/gedenktag-polens-praesident-besteht-weiter-auf-reparationen-von-deutschland\/#breadcrumb\",\"itemListElement\":[{\"@type\":\"ListItem\",\"position\":1,\"name\":\"Home\",\"item\":\"https:\/\/now-news.de\/de\/\"},{\"@type\":\"ListItem\",\"position\":2,\"name\":\"Gedenktag: Polens Pr\u00e4sident besteht weiter auf Reparationen von Deutschland\"}]},{\"@type\":\"WebSite\",\"@id\":\"https:\/\/now-news.de\/de\/#website\",\"url\":\"https:\/\/now-news.de\/de\/\",\"name\":\"just-now.NEWS Deutschland\",\"description\":\"Das Portal f\u00fcr unzensierte Nachrichten aus der Welt\",\"publisher\":{\"@id\":\"https:\/\/now-news.de\/de\/#organization\"},\"potentialAction\":[{\"@type\":\"SearchAction\",\"target\":{\"@type\":\"EntryPoint\",\"urlTemplate\":\"https:\/\/now-news.de\/de\/?s={search_term_string}\"},\"query-input\":\"required name=search_term_string\"}],\"inLanguage\":\"de\"},{\"@type\":\"Organization\",\"@id\":\"https:\/\/now-news.de\/de\/#organization\",\"name\":\"Just Now News\",\"url\":\"https:\/\/now-news.de\/de\/\",\"logo\":{\"@type\":\"ImageObject\",\"inLanguage\":\"de\",\"@id\":\"https:\/\/now-news.de\/de\/#\/schema\/logo\/image\/\",\"url\":\"http:\/\/just-now.news\/de\/wp-content\/uploads\/sites\/3\/2022\/04\/logo500x500.jpg\",\"contentUrl\":\"http:\/\/just-now.news\/de\/wp-content\/uploads\/sites\/3\/2022\/04\/logo500x500.jpg\",\"width\":500,\"height\":500,\"caption\":\"Just Now News\"},\"image\":{\"@id\":\"https:\/\/now-news.de\/de\/#\/schema\/logo\/image\/\"},\"sameAs\":[\"https:\/\/www.facebook.com\/wirmachenauf\",\"https:\/\/x.com\/WirMachenAuf_de\"]},{\"@type\":\"Person\",\"@id\":\"https:\/\/now-news.de\/de\/#\/schema\/person\/fb534a4e865501d8b3285208df34a9b5\",\"name\":\"rtnews\",\"image\":{\"@type\":\"ImageObject\",\"inLanguage\":\"de\",\"@id\":\"https:\/\/now-news.de\/de\/#\/schema\/person\/image\/\",\"url\":\"https:\/\/secure.gravatar.com\/avatar\/82aafea7d8127119dd649515f56e2117?s=96&d=mm&r=g\",\"contentUrl\":\"https:\/\/secure.gravatar.com\/avatar\/82aafea7d8127119dd649515f56e2117?s=96&d=mm&r=g\",\"caption\":\"rtnews\"},\"url\":\"https:\/\/now-news.de\/de\/author\/rnews\/\"}]}<\/script>\n<!-- \/ Yoast SEO Premium plugin. -->","yoast_head_json":{"title":"Gedenktag: Polens Pr\u00e4sident besteht weiter auf Reparationen von Deutschland - just-now.NEWS Deutschland","robots":{"index":"index","follow":"follow","max-snippet":"max-snippet:-1","max-image-preview":"max-image-preview:large","max-video-preview":"max-video-preview:-1"},"canonical":"https:\/\/now-news.de\/de\/deutschland\/gedenktag-polens-praesident-besteht-weiter-auf-reparationen-von-deutschland\/","og_locale":"de_DE","og_type":"article","og_title":"Gedenktag: Polens Pr\u00e4sident besteht weiter auf Reparationen von Deutschland","og_description":"Bei der Gedenkfeier zum 85. Jahrestag des deutschen \u00dcberfalls auf sein Land hat Polens Pr\u00e4sident Andrzej Duda erneut von Deutschland Kompensation f\u00fcr die im Zweiten Weltkrieg erlittenen Sch\u00e4den gefordert. Zum 85. Jahrestag des deutschen \u00dcberfalls auf Polen hat Pr\u00e4sident Andrzej Duda erneut\u00a0Reparationen\u00a0von Deutschland f\u00fcr die im Zweiten Weltkrieg erlittenen Sch\u00e4den gefordert. &#8220;Vergebung und Schuldanerkenntnis sind [&hellip;]","og_url":"https:\/\/now-news.de\/de\/deutschland\/gedenktag-polens-praesident-besteht-weiter-auf-reparationen-von-deutschland\/","og_site_name":"just-now.NEWS Deutschland","article_publisher":"https:\/\/www.facebook.com\/wirmachenauf","article_published_time":"2024-09-01T19:45:55+00:00","og_image":[{"url":"https:\/\/now-news.de\/de\/wp-content\/uploads\/sites\/3\/2024\/09\/66d468c7b480cc485a0bbcf5.jpg"}],"author":"rtnews","twitter_card":"summary_large_image","twitter_creator":"@WirMachenAuf_de","twitter_site":"@WirMachenAuf_de","twitter_misc":{"Verfasst von":"rtnews","Gesch\u00e4tzte Lesezeit":"1\u00a0Minute"},"schema":{"@context":"https:\/\/schema.org","@graph":[{"@type":"Article","@id":"https:\/\/now-news.de\/de\/deutschland\/gedenktag-polens-praesident-besteht-weiter-auf-reparationen-von-deutschland\/#article","isPartOf":{"@id":"https:\/\/now-news.de\/de\/deutschland\/gedenktag-polens-praesident-besteht-weiter-auf-reparationen-von-deutschland\/"},"author":{"name":"rtnews","@id":"https:\/\/now-news.de\/de\/#\/schema\/person\/fb534a4e865501d8b3285208df34a9b5"},"headline":"Gedenktag: Polens Pr\u00e4sident besteht weiter auf Reparationen von Deutschland","datePublished":"2024-09-01T19:45:55+00:00","dateModified":"2024-09-01T19:45:55+00:00","mainEntityOfPage":{"@id":"https:\/\/now-news.de\/de\/deutschland\/gedenktag-polens-praesident-besteht-weiter-auf-reparationen-von-deutschland\/"},"wordCount":297,"commentCount":0,"publisher":{"@id":"https:\/\/now-news.de\/de\/#organization"},"image":{"@id":"https:\/\/now-news.de\/de\/deutschland\/gedenktag-polens-praesident-besteht-weiter-auf-reparationen-von-deutschland\/#primaryimage"},"thumbnailUrl":"https:\/\/now-news.de\/de\/wp-content\/uploads\/sites\/3\/2024\/09\/Gedenktag-Polens-Praesident-besteht-weiter-auf-Reparationen-von-Deutschland.jpg","keywords":["AUF","besteht","Deutschland","Gedenktag","Polens","Pr\u00e4sident","Reparationen","von","weiter"],"articleSection":["Deutschland","Russland"],"inLanguage":"de","potentialAction":[{"@type":"CommentAction","name":"Comment","target":["https:\/\/now-news.de\/de\/deutschland\/gedenktag-polens-praesident-besteht-weiter-auf-reparationen-von-deutschland\/#respond"]}]},{"@type":"WebPage","@id":"https:\/\/now-news.de\/de\/deutschland\/gedenktag-polens-praesident-besteht-weiter-auf-reparationen-von-deutschland\/","url":"https:\/\/now-news.de\/de\/deutschland\/gedenktag-polens-praesident-besteht-weiter-auf-reparationen-von-deutschland\/","name":"Gedenktag: Polens Pr\u00e4sident besteht weiter auf Reparationen von Deutschland - just-now.NEWS Deutschland","isPartOf":{"@id":"https:\/\/now-news.de\/de\/#website"},"primaryImageOfPage":{"@id":"https:\/\/now-news.de\/de\/deutschland\/gedenktag-polens-praesident-besteht-weiter-auf-reparationen-von-deutschland\/#primaryimage"},"image":{"@id":"https:\/\/now-news.de\/de\/deutschland\/gedenktag-polens-praesident-besteht-weiter-auf-reparationen-von-deutschland\/#primaryimage"},"thumbnailUrl":"https:\/\/now-news.de\/de\/wp-content\/uploads\/sites\/3\/2024\/09\/Gedenktag-Polens-Praesident-besteht-weiter-auf-Reparationen-von-Deutschland.jpg","datePublished":"2024-09-01T19:45:55+00:00","dateModified":"2024-09-01T19:45:55+00:00","breadcrumb":{"@id":"https:\/\/now-news.de\/de\/deutschland\/gedenktag-polens-praesident-besteht-weiter-auf-reparationen-von-deutschland\/#breadcrumb"},"inLanguage":"de","potentialAction":[{"@type":"ReadAction","target":["https:\/\/now-news.de\/de\/deutschland\/gedenktag-polens-praesident-besteht-weiter-auf-reparationen-von-deutschland\/"]}]},{"@type":"ImageObject","inLanguage":"de","@id":"https:\/\/now-news.de\/de\/deutschland\/gedenktag-polens-praesident-besteht-weiter-auf-reparationen-von-deutschland\/#primaryimage","url":"https:\/\/now-news.de\/de\/wp-content\/uploads\/sites\/3\/2024\/09\/Gedenktag-Polens-Praesident-besteht-weiter-auf-Reparationen-von-Deutschland.jpg","contentUrl":"https:\/\/now-news.de\/de\/wp-content\/uploads\/sites\/3\/2024\/09\/Gedenktag-Polens-Praesident-besteht-weiter-auf-Reparationen-von-Deutschland.jpg","width":460,"height":259,"caption":"Gedenktag: Polens Pr\u00e4sident besteht weiter auf Reparationen von Deutschland"},{"@type":"BreadcrumbList","@id":"https:\/\/now-news.de\/de\/deutschland\/gedenktag-polens-praesident-besteht-weiter-auf-reparationen-von-deutschland\/#breadcrumb","itemListElement":[{"@type":"ListItem","position":1,"name":"Home","item":"https:\/\/now-news.de\/de\/"},{"@type":"ListItem","position":2,"name":"Gedenktag: Polens Pr\u00e4sident besteht weiter auf Reparationen von Deutschland"}]},{"@type":"WebSite","@id":"https:\/\/now-news.de\/de\/#website","url":"https:\/\/now-news.de\/de\/","name":"just-now.NEWS Deutschland","description":"Das Portal f\u00fcr unzensierte Nachrichten aus der Welt","publisher":{"@id":"https:\/\/now-news.de\/de\/#organization"},"potentialAction":[{"@type":"SearchAction","target":{"@type":"EntryPoint","urlTemplate":"https:\/\/now-news.de\/de\/?s={search_term_string}"},"query-input":"required name=search_term_string"}],"inLanguage":"de"},{"@type":"Organization","@id":"https:\/\/now-news.de\/de\/#organization","name":"Just Now News","url":"https:\/\/now-news.de\/de\/","logo":{"@type":"ImageObject","inLanguage":"de","@id":"https:\/\/now-news.de\/de\/#\/schema\/logo\/image\/","url":"http:\/\/just-now.news\/de\/wp-content\/uploads\/sites\/3\/2022\/04\/logo500x500.jpg","contentUrl":"http:\/\/just-now.news\/de\/wp-content\/uploads\/sites\/3\/2022\/04\/logo500x500.jpg","width":500,"height":500,"caption":"Just Now News"},"image":{"@id":"https:\/\/now-news.de\/de\/#\/schema\/logo\/image\/"},"sameAs":["https:\/\/www.facebook.com\/wirmachenauf","https:\/\/x.com\/WirMachenAuf_de"]},{"@type":"Person","@id":"https:\/\/now-news.de\/de\/#\/schema\/person\/fb534a4e865501d8b3285208df34a9b5","name":"rtnews","image":{"@type":"ImageObject","inLanguage":"de","@id":"https:\/\/now-news.de\/de\/#\/schema\/person\/image\/","url":"https:\/\/secure.gravatar.com\/avatar\/82aafea7d8127119dd649515f56e2117?s=96&d=mm&r=g","contentUrl":"https:\/\/secure.gravatar.com\/avatar\/82aafea7d8127119dd649515f56e2117?s=96&d=mm&r=g","caption":"rtnews"},"url":"https:\/\/now-news.de\/de\/author\/rnews\/"}]}},"_links":{"self":[{"href":"https:\/\/now-news.de\/de\/wp-json\/wp\/v2\/posts\/68013"}],"collection":[{"href":"https:\/\/now-news.de\/de\/wp-json\/wp\/v2\/posts"}],"about":[{"href":"https:\/\/now-news.de\/de\/wp-json\/wp\/v2\/types\/post"}],"author":[{"embeddable":true,"href":"https:\/\/now-news.de\/de\/wp-json\/wp\/v2\/users\/3"}],"replies":[{"embeddable":true,"href":"https:\/\/now-news.de\/de\/wp-json\/wp\/v2\/comments?post=68013"}],"version-history":[{"count":0,"href":"https:\/\/now-news.de\/de\/wp-json\/wp\/v2\/posts\/68013\/revisions"}],"wp:featuredmedia":[{"embeddable":true,"href":"https:\/\/now-news.de\/de\/wp-json\/wp\/v2\/media\/68014"}],"wp:attachment":[{"href":"https:\/\/now-news.de\/de\/wp-json\/wp\/v2\/media?parent=68013"}],"wp:term":[{"taxonomy":"category","embeddable":true,"href":"https:\/\/now-news.de\/de\/wp-json\/wp\/v2\/categories?post=68013"},{"taxonomy":"post_tag","embeddable":true,"href":"https:\/\/now-news.de\/de\/wp-json\/wp\/v2\/tags?post=68013"}],"curies":[{"name":"wp","href":"https:\/\/api.w.org\/{rel}","templated":true}]}}