{"id":6801,"date":"2022-05-05T07:20:42","date_gmt":"2022-05-05T05:20:42","guid":{"rendered":"http:\/\/just-now.news\/de\/deutschland\/palaestinenser-rufen-un-sicherheitsrat-zur-eindaemmung-israelischer-aktivitaeten-auf\/"},"modified":"2022-05-05T07:20:42","modified_gmt":"2022-05-05T05:20:42","slug":"palaestinenser-rufen-un-sicherheitsrat-zur-eindaemmung-israelischer-aktivitaeten-auf","status":"publish","type":"post","link":"https:\/\/now-news.de\/de\/deutschland\/palaestinenser-rufen-un-sicherheitsrat-zur-eindaemmung-israelischer-aktivitaeten-auf\/","title":{"rendered":"Pal\u00e4stinenser rufen UN-Sicherheitsrat zur Eind\u00e4mmung israelischer Aktivit\u00e4ten auf"},"content":{"rendered":"<div class=\"Text-root Text-type_5 ArticleView-text ViewText-root \">\n<p>Die pal\u00e4stinensische F\u00fchrung hat am Dienstag den Sicherheitsrat der Vereinten Nationen dazu aufgerufen, Israel von Schritten abzuhalten, die die Spannungen in Jerusalem mit Pal\u00e4stinensern weiter anheizen k\u00f6nnten, wie die amtliche chinesische Nachrichtenagentur <em>Xinhua<\/em> meldete. Zuvor waren Berichte verbreitet worden, denen zufolge j\u00fcdisch-israelische Aktivisten angeblich sich dazu entschlossen h\u00e4tten, gewaltsam in die Al-Aqsa-Moschee in Jerusalem einzudringen.<\/p>\n<p>Israelische Medien berichteten, dass Aktivisten einiger j\u00fcdsicher Organisationen zu einem &#8220;Einbruch in das Gel\u00e4nde der Al-Aqsa Moschee&#8221; aufgerufen hatten. Die geplante Aktion soll am Donnerstag stattfinden.<\/p>\n<p>Das pal\u00e4stinensische Au\u00dfenministerium verurteilte die Pl\u00e4ne der Aktivisten, die den Medienberichten zufolge das Hissen der israelischen Flaggen zu hissen und das Vortragen der israelischen Nationalhymne in der Moschee umfassen w\u00fcrden. \u00a0Das Ministerium kritisierte in einer Mitteilung, dass &#8220;diese Verst\u00f6\u00dfe das offizielle israelische Beharren auf einer Eskalation der Situation und die Umsetzung seiner Pl\u00e4ne zur Aufrechterhaltung der Besatzung widerspiegeln&#8221;.<\/p>\n<div class=\"ReadMore-root Section-root Section-is1to3-xs_is1to1\" data-widgets=\"ReadMore\" data-has-alias>\n<div class=\"Section-container Section-isRow-isTop-isWrap\">\n<article class=\"Card-root Card-is1to1 \">\n<div class=\"Card-imageWrap\">\n<div class=\"Card-picture\">\n<picture class=\"Picture-root Picture-default\"><!--[if IE 9]><video style=\"display: none;\"><![endif]--><source media=\"(-webkit-min-device-pixel-ratio: 2) and (min-resolution: 120dpi)\" data-srcset=\" \nhttp:\/\/just-now.news\/de\/wp-content\/uploads\/sites\/3\/2022\/05\/626e33ecb480cc37a120e835.jpg 850w,\n                http:\/\/just-now.news\/de\/wp-content\/uploads\/sites\/3\/2022\/05\/Westjordanland-Tote-bei-neuer-Gewalt-zwischen-Israelis-und-Palaestinensern.jpg 1960w,\n            \" ><source data-srcset=\" \nhttp:\/\/just-now.news\/de\/wp-content\/uploads\/sites\/3\/2022\/05\/626e33ecb480cc37a120e835.jpg 460w,\n              http:\/\/just-now.news\/de\/wp-content\/uploads\/sites\/3\/2022\/05\/Westjordanland-Tote-bei-neuer-Gewalt-zwischen-Israelis-und-Palaestinensern.jpg 980w,\n            \" ><!--[if IE 9]><\/video><![endif]--><\/source><\/source><\/picture><!-- noscript pattern --><noscript><img decoding=\"async\" src=\"http:\/\/just-now.news\/de\/wp-content\/uploads\/sites\/3\/2022\/05\/Westjordanland-Tote-bei-neuer-Gewalt-zwischen-Israelis-und-Palaestinensern.jpg\" alt=\"Westjordanland: Tote bei neuer Gewalt zwischen Israelis und Pal\u00e4stinensern\"><\/noscript>    <\/div><\/div>\n<div class=\"Card-contentWrap\">\n<div class=\"Card-content\">\n<div class=\"Card-title\">\n<div class=\"HeaderNews-root HeaderNews-type_6 \">\n<p>            <a rel=\"nofollow noopener\" target=\"_blank\" href=\"https:\/\/de.rt.com\/der-nahe-osten\/137452-westjordanland-tote-bei-neuer-gewalt\/\" class=\"Link-root Link-isFullCard \"><br \/>\n                Westjordanland: Tote bei neuer Gewalt zwischen Israelis und Pal\u00e4stinensern<br \/>\n            <\/a><\/p><\/div><\/div><\/div><\/div>\n<\/article>\n<\/div><\/div>\n<p>Die pal\u00e4stinensischen Beh\u00f6rden riefen den Sicherheitsrat auf, &#8220;die notwendigen Ma\u00dfnahmen zu ergreifen, um Druck auf Israel auszu\u00fcben, damit es seine Eskalation gegen das pal\u00e4stinensische Volk beendet&#8221;.<\/p>\n<p>Hussein Al-Scheich, Mitglied des Exekutivkomitees der Pal\u00e4stinensischen Befreiungsorganisation, brandmarkte die Pl\u00e4ne der Extremisten als &#8220;eine emp\u00f6rende Missachtung der Gef\u00fchle der Pal\u00e4stinenser, Araber und Muslime&#8221; und &#8220;eine Fortsetzung der extremistischen rassistischen Kampagnen&#8221;.<\/p>\n<p>Die israelische Regierung \u00e4u\u00dferte sich bisher nicht zu den Aufrufen der israelischen Extremisten.<\/p>\n<p>Seit dem Beginn des muslimischen Fastenmonats Ramadan Anfang April sind die Spannungen zwischen Israelis und Pal\u00e4stinensern hoch.<\/p>\n<p>Ostjerusalem ist seit der Eroberung des Gebiets durch Israel im Sechstagekrieg im Jahr 1967 zwischen Pal\u00e4stinensern und Israelis umstritten. W\u00e4hrend Pal\u00e4stinenser den Stadtteil als Hauptstadt eines zuk\u00fcnftigen eigenen Staates beanspruchen, annektierte Israel kurz nach der Eroberung das Gebiet in einem international nicht anerkannten Schritt.<\/p>\n<p>Besonders brisant ist der Status des Tempelberges, auf dem sich die al-Aqsa-Moschee befindet, die eine besondere Bedeutung f\u00fcr Muslime hat. Aber auf dem Terrain soll sich in der Antike ebenfalls der israelitische Tempel befunden haben. W\u00e4hrend die meisten j\u00fcdischen Str\u00f6mungen eine Wiederrichtung des Tempels ablehnen und keine Schritte unternehmen, um den derzeitigen Status quo zu \u00e4ndern, fordern nationalistisch-fundamentalistische j\u00fcdische Gruppen, den Tempelberg erneut als j\u00fcdische Glaubensst\u00e4tte zu errichten. Die pal\u00e4stinensische Seite wirft den israelischen Beh\u00f6rden vor, trotz ihres offiziellen Bekenntnisses zum derzeitigen Status-Quo, der ein Verbot f\u00fcr j\u00fcdische Besucher des Areals f\u00fcr Gebetszwecke vorsieht, zu untergraben und stillschweigend die radikalen j\u00fcdsichen Kr\u00e4fte zu f\u00f6rdern, um zuk\u00fcnftig den Status der Al-Aqsa-Moschee infragestellen zu k\u00f6nnen.<\/p>\n<p><strong>Mehr zum Thema<\/strong> \u2013 <a rel=\"nofollow noopener\" target=\"_blank\" href=\"https:\/\/deutsch.rt.com\/international\/137070-china-palaestina-frage-darf-nicht-aus-dem-blick-geraten\/\">China: Pal\u00e4stina-Frage darf nicht aus dem Blick geraten<\/a><\/p>\n<\/div>\n<p><br \/>\n<br \/><a href=\"https:\/\/de.rt.com\/der-nahe-osten\/137694-palastina-ruft-un-sicherheitsrat-zur\/\">Source link <\/a><\/p>\n","protected":false},"excerpt":{"rendered":"<p>Die pal\u00e4stinensische F\u00fchrung hat am Dienstag den Sicherheitsrat der Vereinten Nationen dazu aufgerufen, Israel von Schritten abzuhalten, die die Spannungen in Jerusalem mit Pal\u00e4stinensern weiter anheizen k\u00f6nnten, wie die amtliche chinesische Nachrichtenagentur Xinhua meldete. Zuvor waren Berichte verbreitet worden, denen zufolge j\u00fcdisch-israelische Aktivisten angeblich sich dazu entschlossen h\u00e4tten, gewaltsam in die Al-Aqsa-Moschee in Jerusalem einzudringen. [&hellip;]<\/p>\n","protected":false},"author":3,"featured_media":6802,"comment_status":"open","ping_status":"open","sticky":false,"template":"","format":"standard","meta":{"wp_automatic_camp":["217"],"26bd70d84f39ae3903b889918f29cbed":["Pal\u00e4stinenser rufen UN-Sicherheitsrat zur Eind\u00e4mmung israelischer Aktivit\u00e4ten auf"],"original_link":["https:\/\/de.rt.com\/der-nahe-osten\/137694-palastina-ruft-un-sicherheitsrat-zur\/"],"_thumbnail_id":["6802"],"wp_automatic_remove_first_image":["yes"],"_wptg_p2tg_sent2tg":["2022-05-05 07:32:02"],"jnews_social_counter_last_update":["1777601368"]},"categories":[19,23],"tags":[948,133,18726,5032,7583,18724,18725,581],"yoast_head":"<!-- This site is optimized with the Yoast SEO Premium plugin v22.7 (Yoast SEO v22.7) - https:\/\/yoast.com\/wordpress\/plugins\/seo\/ -->\n<title>Pal\u00e4stinenser rufen UN-Sicherheitsrat zur Eind\u00e4mmung israelischer Aktivit\u00e4ten auf - just-now.NEWS Deutschland<\/title>\n<meta name=\"robots\" content=\"index, follow, max-snippet:-1, max-image-preview:large, max-video-preview:-1\" \/>\n<link rel=\"canonical\" href=\"https:\/\/now-news.de\/de\/deutschland\/palaestinenser-rufen-un-sicherheitsrat-zur-eindaemmung-israelischer-aktivitaeten-auf\/\" \/>\n<meta property=\"og:locale\" content=\"de_DE\" \/>\n<meta property=\"og:type\" content=\"article\" \/>\n<meta property=\"og:title\" content=\"Pal\u00e4stinenser rufen UN-Sicherheitsrat zur Eind\u00e4mmung israelischer Aktivit\u00e4ten auf\" \/>\n<meta property=\"og:description\" content=\"Die pal\u00e4stinensische F\u00fchrung hat am Dienstag den Sicherheitsrat der Vereinten Nationen dazu aufgerufen, Israel von Schritten abzuhalten, die die Spannungen in Jerusalem mit Pal\u00e4stinensern weiter anheizen k\u00f6nnten, wie die amtliche chinesische Nachrichtenagentur Xinhua meldete. Zuvor waren Berichte verbreitet worden, denen zufolge j\u00fcdisch-israelische Aktivisten angeblich sich dazu entschlossen h\u00e4tten, gewaltsam in die Al-Aqsa-Moschee in Jerusalem einzudringen. [&hellip;]\" \/>\n<meta property=\"og:url\" content=\"https:\/\/now-news.de\/de\/deutschland\/palaestinenser-rufen-un-sicherheitsrat-zur-eindaemmung-israelischer-aktivitaeten-auf\/\" \/>\n<meta property=\"og:site_name\" content=\"just-now.NEWS Deutschland\" \/>\n<meta property=\"article:publisher\" content=\"https:\/\/www.facebook.com\/wirmachenauf\" \/>\n<meta property=\"article:published_time\" content=\"2022-05-05T05:20:42+00:00\" \/>\n<meta property=\"og:image\" content=\"https:\/\/now-news.de\/de\/wp-content\/uploads\/sites\/3\/2022\/05\/Palaestinenser-rufen-UN-Sicherheitsrat-zur-Eindaemmung-israelischer-Aktivitaeten-auf.jpeg\" \/>\n\t<meta property=\"og:image:width\" content=\"1104\" \/>\n\t<meta property=\"og:image:height\" content=\"622\" \/>\n\t<meta property=\"og:image:type\" content=\"image\/jpeg\" \/>\n<meta name=\"author\" content=\"rtnews\" \/>\n<meta name=\"twitter:card\" content=\"summary_large_image\" \/>\n<meta name=\"twitter:creator\" content=\"@WirMachenAuf_de\" \/>\n<meta name=\"twitter:site\" content=\"@WirMachenAuf_de\" \/>\n<meta name=\"twitter:label1\" content=\"Verfasst von\" \/>\n\t<meta name=\"twitter:data1\" content=\"rtnews\" \/>\n\t<meta name=\"twitter:label2\" content=\"Gesch\u00e4tzte Lesezeit\" \/>\n\t<meta name=\"twitter:data2\" content=\"2\u00a0Minuten\" \/>\n<script type=\"application\/ld+json\" class=\"yoast-schema-graph\">{\"@context\":\"https:\/\/schema.org\",\"@graph\":[{\"@type\":\"Article\",\"@id\":\"https:\/\/now-news.de\/de\/deutschland\/palaestinenser-rufen-un-sicherheitsrat-zur-eindaemmung-israelischer-aktivitaeten-auf\/#article\",\"isPartOf\":{\"@id\":\"https:\/\/now-news.de\/de\/deutschland\/palaestinenser-rufen-un-sicherheitsrat-zur-eindaemmung-israelischer-aktivitaeten-auf\/\"},\"author\":{\"name\":\"rtnews\",\"@id\":\"https:\/\/now-news.de\/de\/#\/schema\/person\/fb534a4e865501d8b3285208df34a9b5\"},\"headline\":\"Pal\u00e4stinenser rufen UN-Sicherheitsrat zur Eind\u00e4mmung israelischer Aktivit\u00e4ten auf\",\"datePublished\":\"2022-05-05T05:20:42+00:00\",\"dateModified\":\"2022-05-05T05:20:42+00:00\",\"mainEntityOfPage\":{\"@id\":\"https:\/\/now-news.de\/de\/deutschland\/palaestinenser-rufen-un-sicherheitsrat-zur-eindaemmung-israelischer-aktivitaeten-auf\/\"},\"wordCount\":465,\"commentCount\":0,\"publisher\":{\"@id\":\"https:\/\/now-news.de\/de\/#organization\"},\"image\":{\"@id\":\"https:\/\/now-news.de\/de\/deutschland\/palaestinenser-rufen-un-sicherheitsrat-zur-eindaemmung-israelischer-aktivitaeten-auf\/#primaryimage\"},\"thumbnailUrl\":\"https:\/\/now-news.de\/de\/wp-content\/uploads\/sites\/3\/2022\/05\/Palaestinenser-rufen-UN-Sicherheitsrat-zur-Eindaemmung-israelischer-Aktivitaeten-auf.jpeg\",\"keywords\":[\"Aktivit\u00e4ten\",\"AUF\",\"Eind\u00e4mmung\",\"Israelischer\",\"Pal\u00e4stinenser\",\"rufen\",\"UNSicherheitsrat\",\"zur\"],\"articleSection\":[\"Deutschland\",\"Russland\"],\"inLanguage\":\"de\",\"potentialAction\":[{\"@type\":\"CommentAction\",\"name\":\"Comment\",\"target\":[\"https:\/\/now-news.de\/de\/deutschland\/palaestinenser-rufen-un-sicherheitsrat-zur-eindaemmung-israelischer-aktivitaeten-auf\/#respond\"]}]},{\"@type\":\"WebPage\",\"@id\":\"https:\/\/now-news.de\/de\/deutschland\/palaestinenser-rufen-un-sicherheitsrat-zur-eindaemmung-israelischer-aktivitaeten-auf\/\",\"url\":\"https:\/\/now-news.de\/de\/deutschland\/palaestinenser-rufen-un-sicherheitsrat-zur-eindaemmung-israelischer-aktivitaeten-auf\/\",\"name\":\"Pal\u00e4stinenser rufen UN-Sicherheitsrat zur Eind\u00e4mmung israelischer Aktivit\u00e4ten auf - just-now.NEWS Deutschland\",\"isPartOf\":{\"@id\":\"https:\/\/now-news.de\/de\/#website\"},\"primaryImageOfPage\":{\"@id\":\"https:\/\/now-news.de\/de\/deutschland\/palaestinenser-rufen-un-sicherheitsrat-zur-eindaemmung-israelischer-aktivitaeten-auf\/#primaryimage\"},\"image\":{\"@id\":\"https:\/\/now-news.de\/de\/deutschland\/palaestinenser-rufen-un-sicherheitsrat-zur-eindaemmung-israelischer-aktivitaeten-auf\/#primaryimage\"},\"thumbnailUrl\":\"https:\/\/now-news.de\/de\/wp-content\/uploads\/sites\/3\/2022\/05\/Palaestinenser-rufen-UN-Sicherheitsrat-zur-Eindaemmung-israelischer-Aktivitaeten-auf.jpeg\",\"datePublished\":\"2022-05-05T05:20:42+00:00\",\"dateModified\":\"2022-05-05T05:20:42+00:00\",\"breadcrumb\":{\"@id\":\"https:\/\/now-news.de\/de\/deutschland\/palaestinenser-rufen-un-sicherheitsrat-zur-eindaemmung-israelischer-aktivitaeten-auf\/#breadcrumb\"},\"inLanguage\":\"de\",\"potentialAction\":[{\"@type\":\"ReadAction\",\"target\":[\"https:\/\/now-news.de\/de\/deutschland\/palaestinenser-rufen-un-sicherheitsrat-zur-eindaemmung-israelischer-aktivitaeten-auf\/\"]}]},{\"@type\":\"ImageObject\",\"inLanguage\":\"de\",\"@id\":\"https:\/\/now-news.de\/de\/deutschland\/palaestinenser-rufen-un-sicherheitsrat-zur-eindaemmung-israelischer-aktivitaeten-auf\/#primaryimage\",\"url\":\"https:\/\/now-news.de\/de\/wp-content\/uploads\/sites\/3\/2022\/05\/Palaestinenser-rufen-UN-Sicherheitsrat-zur-Eindaemmung-israelischer-Aktivitaeten-auf.jpeg\",\"contentUrl\":\"https:\/\/now-news.de\/de\/wp-content\/uploads\/sites\/3\/2022\/05\/Palaestinenser-rufen-UN-Sicherheitsrat-zur-Eindaemmung-israelischer-Aktivitaeten-auf.jpeg\",\"width\":1104,\"height\":622},{\"@type\":\"BreadcrumbList\",\"@id\":\"https:\/\/now-news.de\/de\/deutschland\/palaestinenser-rufen-un-sicherheitsrat-zur-eindaemmung-israelischer-aktivitaeten-auf\/#breadcrumb\",\"itemListElement\":[{\"@type\":\"ListItem\",\"position\":1,\"name\":\"Home\",\"item\":\"https:\/\/now-news.de\/de\/\"},{\"@type\":\"ListItem\",\"position\":2,\"name\":\"Pal\u00e4stinenser rufen UN-Sicherheitsrat zur Eind\u00e4mmung israelischer Aktivit\u00e4ten auf\"}]},{\"@type\":\"WebSite\",\"@id\":\"https:\/\/now-news.de\/de\/#website\",\"url\":\"https:\/\/now-news.de\/de\/\",\"name\":\"just-now.NEWS Deutschland\",\"description\":\"Das Portal f\u00fcr unzensierte Nachrichten aus der Welt\",\"publisher\":{\"@id\":\"https:\/\/now-news.de\/de\/#organization\"},\"potentialAction\":[{\"@type\":\"SearchAction\",\"target\":{\"@type\":\"EntryPoint\",\"urlTemplate\":\"https:\/\/now-news.de\/de\/?s={search_term_string}\"},\"query-input\":\"required name=search_term_string\"}],\"inLanguage\":\"de\"},{\"@type\":\"Organization\",\"@id\":\"https:\/\/now-news.de\/de\/#organization\",\"name\":\"Just Now News\",\"url\":\"https:\/\/now-news.de\/de\/\",\"logo\":{\"@type\":\"ImageObject\",\"inLanguage\":\"de\",\"@id\":\"https:\/\/now-news.de\/de\/#\/schema\/logo\/image\/\",\"url\":\"http:\/\/just-now.news\/de\/wp-content\/uploads\/sites\/3\/2022\/04\/logo500x500.jpg\",\"contentUrl\":\"http:\/\/just-now.news\/de\/wp-content\/uploads\/sites\/3\/2022\/04\/logo500x500.jpg\",\"width\":500,\"height\":500,\"caption\":\"Just Now News\"},\"image\":{\"@id\":\"https:\/\/now-news.de\/de\/#\/schema\/logo\/image\/\"},\"sameAs\":[\"https:\/\/www.facebook.com\/wirmachenauf\",\"https:\/\/x.com\/WirMachenAuf_de\"]},{\"@type\":\"Person\",\"@id\":\"https:\/\/now-news.de\/de\/#\/schema\/person\/fb534a4e865501d8b3285208df34a9b5\",\"name\":\"rtnews\",\"image\":{\"@type\":\"ImageObject\",\"inLanguage\":\"de\",\"@id\":\"https:\/\/now-news.de\/de\/#\/schema\/person\/image\/\",\"url\":\"https:\/\/secure.gravatar.com\/avatar\/82aafea7d8127119dd649515f56e2117?s=96&d=mm&r=g\",\"contentUrl\":\"https:\/\/secure.gravatar.com\/avatar\/82aafea7d8127119dd649515f56e2117?s=96&d=mm&r=g\",\"caption\":\"rtnews\"},\"url\":\"https:\/\/now-news.de\/de\/author\/rnews\/\"}]}<\/script>\n<!-- \/ Yoast SEO Premium plugin. -->","yoast_head_json":{"title":"Pal\u00e4stinenser rufen UN-Sicherheitsrat zur Eind\u00e4mmung israelischer Aktivit\u00e4ten auf - just-now.NEWS Deutschland","robots":{"index":"index","follow":"follow","max-snippet":"max-snippet:-1","max-image-preview":"max-image-preview:large","max-video-preview":"max-video-preview:-1"},"canonical":"https:\/\/now-news.de\/de\/deutschland\/palaestinenser-rufen-un-sicherheitsrat-zur-eindaemmung-israelischer-aktivitaeten-auf\/","og_locale":"de_DE","og_type":"article","og_title":"Pal\u00e4stinenser rufen UN-Sicherheitsrat zur Eind\u00e4mmung israelischer Aktivit\u00e4ten auf","og_description":"Die pal\u00e4stinensische F\u00fchrung hat am Dienstag den Sicherheitsrat der Vereinten Nationen dazu aufgerufen, Israel von Schritten abzuhalten, die die Spannungen in Jerusalem mit Pal\u00e4stinensern weiter anheizen k\u00f6nnten, wie die amtliche chinesische Nachrichtenagentur Xinhua meldete. Zuvor waren Berichte verbreitet worden, denen zufolge j\u00fcdisch-israelische Aktivisten angeblich sich dazu entschlossen h\u00e4tten, gewaltsam in die Al-Aqsa-Moschee in Jerusalem einzudringen. [&hellip;]","og_url":"https:\/\/now-news.de\/de\/deutschland\/palaestinenser-rufen-un-sicherheitsrat-zur-eindaemmung-israelischer-aktivitaeten-auf\/","og_site_name":"just-now.NEWS Deutschland","article_publisher":"https:\/\/www.facebook.com\/wirmachenauf","article_published_time":"2022-05-05T05:20:42+00:00","og_image":[{"width":1104,"height":622,"url":"https:\/\/now-news.de\/de\/wp-content\/uploads\/sites\/3\/2022\/05\/Palaestinenser-rufen-UN-Sicherheitsrat-zur-Eindaemmung-israelischer-Aktivitaeten-auf.jpeg","type":"image\/jpeg"}],"author":"rtnews","twitter_card":"summary_large_image","twitter_creator":"@WirMachenAuf_de","twitter_site":"@WirMachenAuf_de","twitter_misc":{"Verfasst von":"rtnews","Gesch\u00e4tzte Lesezeit":"2\u00a0Minuten"},"schema":{"@context":"https:\/\/schema.org","@graph":[{"@type":"Article","@id":"https:\/\/now-news.de\/de\/deutschland\/palaestinenser-rufen-un-sicherheitsrat-zur-eindaemmung-israelischer-aktivitaeten-auf\/#article","isPartOf":{"@id":"https:\/\/now-news.de\/de\/deutschland\/palaestinenser-rufen-un-sicherheitsrat-zur-eindaemmung-israelischer-aktivitaeten-auf\/"},"author":{"name":"rtnews","@id":"https:\/\/now-news.de\/de\/#\/schema\/person\/fb534a4e865501d8b3285208df34a9b5"},"headline":"Pal\u00e4stinenser rufen UN-Sicherheitsrat zur Eind\u00e4mmung israelischer Aktivit\u00e4ten auf","datePublished":"2022-05-05T05:20:42+00:00","dateModified":"2022-05-05T05:20:42+00:00","mainEntityOfPage":{"@id":"https:\/\/now-news.de\/de\/deutschland\/palaestinenser-rufen-un-sicherheitsrat-zur-eindaemmung-israelischer-aktivitaeten-auf\/"},"wordCount":465,"commentCount":0,"publisher":{"@id":"https:\/\/now-news.de\/de\/#organization"},"image":{"@id":"https:\/\/now-news.de\/de\/deutschland\/palaestinenser-rufen-un-sicherheitsrat-zur-eindaemmung-israelischer-aktivitaeten-auf\/#primaryimage"},"thumbnailUrl":"https:\/\/now-news.de\/de\/wp-content\/uploads\/sites\/3\/2022\/05\/Palaestinenser-rufen-UN-Sicherheitsrat-zur-Eindaemmung-israelischer-Aktivitaeten-auf.jpeg","keywords":["Aktivit\u00e4ten","AUF","Eind\u00e4mmung","Israelischer","Pal\u00e4stinenser","rufen","UNSicherheitsrat","zur"],"articleSection":["Deutschland","Russland"],"inLanguage":"de","potentialAction":[{"@type":"CommentAction","name":"Comment","target":["https:\/\/now-news.de\/de\/deutschland\/palaestinenser-rufen-un-sicherheitsrat-zur-eindaemmung-israelischer-aktivitaeten-auf\/#respond"]}]},{"@type":"WebPage","@id":"https:\/\/now-news.de\/de\/deutschland\/palaestinenser-rufen-un-sicherheitsrat-zur-eindaemmung-israelischer-aktivitaeten-auf\/","url":"https:\/\/now-news.de\/de\/deutschland\/palaestinenser-rufen-un-sicherheitsrat-zur-eindaemmung-israelischer-aktivitaeten-auf\/","name":"Pal\u00e4stinenser rufen UN-Sicherheitsrat zur Eind\u00e4mmung israelischer Aktivit\u00e4ten auf - just-now.NEWS Deutschland","isPartOf":{"@id":"https:\/\/now-news.de\/de\/#website"},"primaryImageOfPage":{"@id":"https:\/\/now-news.de\/de\/deutschland\/palaestinenser-rufen-un-sicherheitsrat-zur-eindaemmung-israelischer-aktivitaeten-auf\/#primaryimage"},"image":{"@id":"https:\/\/now-news.de\/de\/deutschland\/palaestinenser-rufen-un-sicherheitsrat-zur-eindaemmung-israelischer-aktivitaeten-auf\/#primaryimage"},"thumbnailUrl":"https:\/\/now-news.de\/de\/wp-content\/uploads\/sites\/3\/2022\/05\/Palaestinenser-rufen-UN-Sicherheitsrat-zur-Eindaemmung-israelischer-Aktivitaeten-auf.jpeg","datePublished":"2022-05-05T05:20:42+00:00","dateModified":"2022-05-05T05:20:42+00:00","breadcrumb":{"@id":"https:\/\/now-news.de\/de\/deutschland\/palaestinenser-rufen-un-sicherheitsrat-zur-eindaemmung-israelischer-aktivitaeten-auf\/#breadcrumb"},"inLanguage":"de","potentialAction":[{"@type":"ReadAction","target":["https:\/\/now-news.de\/de\/deutschland\/palaestinenser-rufen-un-sicherheitsrat-zur-eindaemmung-israelischer-aktivitaeten-auf\/"]}]},{"@type":"ImageObject","inLanguage":"de","@id":"https:\/\/now-news.de\/de\/deutschland\/palaestinenser-rufen-un-sicherheitsrat-zur-eindaemmung-israelischer-aktivitaeten-auf\/#primaryimage","url":"https:\/\/now-news.de\/de\/wp-content\/uploads\/sites\/3\/2022\/05\/Palaestinenser-rufen-UN-Sicherheitsrat-zur-Eindaemmung-israelischer-Aktivitaeten-auf.jpeg","contentUrl":"https:\/\/now-news.de\/de\/wp-content\/uploads\/sites\/3\/2022\/05\/Palaestinenser-rufen-UN-Sicherheitsrat-zur-Eindaemmung-israelischer-Aktivitaeten-auf.jpeg","width":1104,"height":622},{"@type":"BreadcrumbList","@id":"https:\/\/now-news.de\/de\/deutschland\/palaestinenser-rufen-un-sicherheitsrat-zur-eindaemmung-israelischer-aktivitaeten-auf\/#breadcrumb","itemListElement":[{"@type":"ListItem","position":1,"name":"Home","item":"https:\/\/now-news.de\/de\/"},{"@type":"ListItem","position":2,"name":"Pal\u00e4stinenser rufen UN-Sicherheitsrat zur Eind\u00e4mmung israelischer Aktivit\u00e4ten auf"}]},{"@type":"WebSite","@id":"https:\/\/now-news.de\/de\/#website","url":"https:\/\/now-news.de\/de\/","name":"just-now.NEWS Deutschland","description":"Das Portal f\u00fcr unzensierte Nachrichten aus der Welt","publisher":{"@id":"https:\/\/now-news.de\/de\/#organization"},"potentialAction":[{"@type":"SearchAction","target":{"@type":"EntryPoint","urlTemplate":"https:\/\/now-news.de\/de\/?s={search_term_string}"},"query-input":"required name=search_term_string"}],"inLanguage":"de"},{"@type":"Organization","@id":"https:\/\/now-news.de\/de\/#organization","name":"Just Now News","url":"https:\/\/now-news.de\/de\/","logo":{"@type":"ImageObject","inLanguage":"de","@id":"https:\/\/now-news.de\/de\/#\/schema\/logo\/image\/","url":"http:\/\/just-now.news\/de\/wp-content\/uploads\/sites\/3\/2022\/04\/logo500x500.jpg","contentUrl":"http:\/\/just-now.news\/de\/wp-content\/uploads\/sites\/3\/2022\/04\/logo500x500.jpg","width":500,"height":500,"caption":"Just Now News"},"image":{"@id":"https:\/\/now-news.de\/de\/#\/schema\/logo\/image\/"},"sameAs":["https:\/\/www.facebook.com\/wirmachenauf","https:\/\/x.com\/WirMachenAuf_de"]},{"@type":"Person","@id":"https:\/\/now-news.de\/de\/#\/schema\/person\/fb534a4e865501d8b3285208df34a9b5","name":"rtnews","image":{"@type":"ImageObject","inLanguage":"de","@id":"https:\/\/now-news.de\/de\/#\/schema\/person\/image\/","url":"https:\/\/secure.gravatar.com\/avatar\/82aafea7d8127119dd649515f56e2117?s=96&d=mm&r=g","contentUrl":"https:\/\/secure.gravatar.com\/avatar\/82aafea7d8127119dd649515f56e2117?s=96&d=mm&r=g","caption":"rtnews"},"url":"https:\/\/now-news.de\/de\/author\/rnews\/"}]}},"_links":{"self":[{"href":"https:\/\/now-news.de\/de\/wp-json\/wp\/v2\/posts\/6801"}],"collection":[{"href":"https:\/\/now-news.de\/de\/wp-json\/wp\/v2\/posts"}],"about":[{"href":"https:\/\/now-news.de\/de\/wp-json\/wp\/v2\/types\/post"}],"author":[{"embeddable":true,"href":"https:\/\/now-news.de\/de\/wp-json\/wp\/v2\/users\/3"}],"replies":[{"embeddable":true,"href":"https:\/\/now-news.de\/de\/wp-json\/wp\/v2\/comments?post=6801"}],"version-history":[{"count":0,"href":"https:\/\/now-news.de\/de\/wp-json\/wp\/v2\/posts\/6801\/revisions"}],"wp:featuredmedia":[{"embeddable":true,"href":"https:\/\/now-news.de\/de\/wp-json\/wp\/v2\/media\/6802"}],"wp:attachment":[{"href":"https:\/\/now-news.de\/de\/wp-json\/wp\/v2\/media?parent=6801"}],"wp:term":[{"taxonomy":"category","embeddable":true,"href":"https:\/\/now-news.de\/de\/wp-json\/wp\/v2\/categories?post=6801"},{"taxonomy":"post_tag","embeddable":true,"href":"https:\/\/now-news.de\/de\/wp-json\/wp\/v2\/tags?post=6801"}],"curies":[{"name":"wp","href":"https:\/\/api.w.org\/{rel}","templated":true}]}}