{"id":67987,"date":"2024-09-01T17:01:41","date_gmt":"2024-09-01T15:01:41","guid":{"rendered":"https:\/\/now-news.de\/de\/deutschland\/live-ticker-wahlen-in-sachsen-und-thueringen\/"},"modified":"2024-09-01T17:01:41","modified_gmt":"2024-09-01T15:01:41","slug":"live-ticker-wahlen-in-sachsen-und-thueringen","status":"publish","type":"post","link":"https:\/\/now-news.de\/de\/deutschland\/live-ticker-wahlen-in-sachsen-und-thueringen\/","title":{"rendered":"Live-Ticker: Wahlen in Sachsen und Th\u00fcringen"},"content":{"rendered":"<div class=\"Text-root Text-type_1 \">\n                Herzlich willkommen zu den wohl spannendsten Wahlen des Jahres. Sowohl in Sachsen als auch in Th\u00fcringen wird ein neuer Landtag gew\u00e4hlt. An dieser Stelle informieren wir Sie \u00fcber die aktuellen Entwicklungen zu den Wahlen in Sachsen und Th\u00fcringen.\n            <\/div>\n<p><\/p>\n<div class=\"ArticleView-liveUpdates\">\n<div class=\"LiveUpdates-root\">\n<div class=\"LiveUpdates-content\">\n<ul class=\"LiveUpdates-list Listing-root\" data-listing=\"LiveUpdates\" data-count=\"10\">\n<li class=\"LiveUpdates-item Listing-item\">\n<div class=\"LiveUpdates-date\">\n<p class=\"HeaderNews-root HeaderNews-type_2 \">\n                1.09.2024 16:41 Uhr\n            <\/p>\n<\/div>\n<div class=\"LiveUpdate-root\">\n<div class=\"LiveUpdate-date\">\n<p class=\"HeaderNews-root HeaderNews-type_6 \">\n                16:41 Uhr\n            <\/p>\n<\/div>\n<div class=\"LiveUpdate-content\">\n<div class=\"LiveUpdate-text\">\n<div class=\"Text-root Text-type_5 ViewText-root\">\n<p><strong>Ramelow: &#8220;Irgendetwas Besonderes in Th\u00fcringen&#8221;<\/strong><\/p>\n<figure class=\"RTImage-root\">\n<div class=\"RTImage-image RTImage-original\"><picture class=\"Picture-root Picture-original\"><!--[if IE 9]><video style=\"display: none;\"><![endif]--><source media=\"(-webkit-min-device-pixel-ratio: 2) and (min-resolution: 120dpi)\" data-srcset=\" \nhttps:\/\/now-news.de\/de\/wp-content\/uploads\/sites\/3\/2024\/09\/66d47d92b480cc485a0bbd0b.jpg 850w,\n                https:\/\/now-news.de\/de\/wp-content\/uploads\/sites\/3\/2024\/09\/66d47d92b480cc485a0bbd0b.jpg 1960w,            \" ><source data-srcset=\" \nhttps:\/\/now-news.de\/de\/wp-content\/uploads\/sites\/3\/2024\/09\/66d47d92b480cc485a0bbd0b.jpg 460w,\n              https:\/\/now-news.de\/de\/wp-content\/uploads\/sites\/3\/2024\/09\/66d47d92b480cc485a0bbd0b.jpg 980w,\n            \" ><!--[if IE 9]><\/video><![endif]--><img decoding=\"async\" data- src=\"data:image\/png;base64,iVBORw0KGgoAAAANSUhEUgAAABAAAAAJCAQAAACRI2S5AAAAEElEQVR42mNkIAAYRxWAAQAG9gAKqv6+AwAAAABJRU5ErkJggg==\" class=\"Picture-root Picture-original lazyload\" data-src=\"https:\/\/now-news.de\/de\/wp-content\/uploads\/sites\/3\/2024\/09\/66d47d92b480cc485a0bbd0b.jpg\" alt=\"\"><\/source><\/source><\/picture><!-- noscript pattern --><noscript><img decoding=\"async\" src=\"https:\/\/now-news.de\/de\/wp-content\/uploads\/sites\/3\/2024\/09\/66d47d92b480cc485a0bbd0b.jpg\" alt=\"\"><\/noscript><\/div><figcaption class=\"RTImage-footer\"><span class=\"RTImage-caption\"><\/span><span class=\"RTImage-source\"><span class=\"RTImage-captionItem\">IMAGO\/Matthias Gr\u00e4nzd\u00f6rfer<\/span><span class=\"RTImage-captionItem\"> \/ www.globallookpress.com<\/span><\/span><\/figcaption><\/figure>\n<p>Bodo Ramelow, Th\u00fcringens amtierender Ministerpr\u00e4sident von der Linken, hat heute Mittag in Erfurt seine Stimme abgegeben. Trotz seiner voraussichtlichen Abwahl sagte er: &#8220;Wie man den vielen Kameras ansehen kann, ist irgendetwas Besonderes in Th\u00fcringen los&#8221;, und sprach von einem <strong>&#8220;Festtag der Demokratie&#8221;<\/strong>. Dem Linken-Politiker zufolge werden die akkreditierten Medienschaffenden \u00fcber eine Wahl berichten, nach der Ramelow, wie er sagte, &#8220;alles in meiner Kraft stehende&#8221; tun werde, &#8220;damit es zu einer Regierungsmehrheit kommt, die demokratisch getragen wird, und keine Situation eintritt, in der Demokraten erpressbar sind&#8221;.\u00a0<\/p>\n<\/p>\n<\/div>\n<\/div>\n<\/div>\n<\/div>\n<\/li>\n<li class=\"LiveUpdates-item Listing-item\">\n<div class=\"LiveUpdate-root\">\n<div class=\"LiveUpdate-date\">\n<p class=\"HeaderNews-root HeaderNews-type_6 \">\n                16:35 Uhr\n            <\/p>\n<\/div>\n<div class=\"LiveUpdate-content\">\n<div class=\"LiveUpdate-text\">\n<div class=\"Text-root Text-type_5 ViewText-root\">\n<p><strong>Spitzenkandidaten der Parteien geben ihre Stimme ab<\/strong><\/p>\n<p>Zu jeder Landtagswahl geh\u00f6rt auch die medial inszenierte Stimmabgabe der Spitzenkandidaten: Bj\u00f6rn H\u00f6cke, der Spitzenkandidat der AfD, w\u00e4hlte in Bornhagen im Landkreis Eichsfeld. Seine Partei liegt in den Umfragen klar vorn \u2013 mit rund 30 Prozent der Stimmen.<\/p>\n<figure class=\"RTImage-root\">\n<div class=\"RTImage-image RTImage-original\"><picture class=\"Picture-root Picture-original\"><!--[if IE 9]><video style=\"display: none;\"><![endif]--><source media=\"(-webkit-min-device-pixel-ratio: 2) and (min-resolution: 120dpi)\" data-srcset=\" \nhttps:\/\/now-news.de\/de\/wp-content\/uploads\/sites\/3\/2024\/09\/66d47c20b480cc6baa187428.jpg 850w,\n                https:\/\/now-news.de\/de\/wp-content\/uploads\/sites\/3\/2024\/09\/66d47c20b480cc6baa187428.jpg 1960w,            \" ><source data-srcset=\" \nhttps:\/\/now-news.de\/de\/wp-content\/uploads\/sites\/3\/2024\/09\/66d47c20b480cc6baa187428.jpg 460w,\n              https:\/\/now-news.de\/de\/wp-content\/uploads\/sites\/3\/2024\/09\/66d47c20b480cc6baa187428.jpg 980w,\n            \" ><!--[if IE 9]><\/video><![endif]--><img decoding=\"async\" data- src=\"data:image\/png;base64,iVBORw0KGgoAAAANSUhEUgAAABAAAAAJCAQAAACRI2S5AAAAEElEQVR42mNkIAAYRxWAAQAG9gAKqv6+AwAAAABJRU5ErkJggg==\" class=\"Picture-root Picture-original lazyload\" data-src=\"https:\/\/now-news.de\/de\/wp-content\/uploads\/sites\/3\/2024\/09\/66d47c20b480cc6baa187428.jpg\" alt=\"\"><\/source><\/source><\/picture><!-- noscript pattern --><noscript><img decoding=\"async\" src=\"https:\/\/now-news.de\/de\/wp-content\/uploads\/sites\/3\/2024\/09\/66d47c20b480cc6baa187428.jpg\" alt=\"\"><\/noscript><\/div><figcaption class=\"RTImage-footer\"><span class=\"RTImage-caption\"><\/span><span class=\"RTImage-source\"><span class=\"RTImage-captionItem\">Sean Gallup\/Getty Images<\/span><span class=\"RTImage-captionItem\"> \/ Gettyimages.ru<\/span><\/span><\/figcaption><\/figure>\n<p>Katja Wolf, die Th\u00fcringer Spitzenkandidatin des BSW, w\u00e4hlte in ihrem Wahllokal in Eisenach.<\/p>\n<figure class=\"RTImage-root\">\n<div class=\"RTImage-image RTImage-original\"><picture class=\"Picture-root Picture-original\"><!--[if IE 9]><video style=\"display: none;\"><![endif]--><source media=\"(-webkit-min-device-pixel-ratio: 2) and (min-resolution: 120dpi)\" data-srcset=\" \nhttps:\/\/now-news.de\/de\/wp-content\/uploads\/sites\/3\/2024\/09\/66d47c6d48fbef61de37622f.jpg 850w,\n                https:\/\/now-news.de\/de\/wp-content\/uploads\/sites\/3\/2024\/09\/66d47c6d48fbef61de37622f.jpg 1960w,            \" ><source data-srcset=\" \nhttps:\/\/now-news.de\/de\/wp-content\/uploads\/sites\/3\/2024\/09\/66d47c6d48fbef61de37622f.jpg 460w,\n              https:\/\/now-news.de\/de\/wp-content\/uploads\/sites\/3\/2024\/09\/66d47c6d48fbef61de37622f.jpg 980w,\n            \" ><!--[if IE 9]><\/video><![endif]--><img decoding=\"async\" data- src=\"data:image\/png;base64,iVBORw0KGgoAAAANSUhEUgAAABAAAAAJCAQAAACRI2S5AAAAEElEQVR42mNkIAAYRxWAAQAG9gAKqv6+AwAAAABJRU5ErkJggg==\" class=\"Picture-root Picture-original lazyload\" data-src=\"https:\/\/now-news.de\/de\/wp-content\/uploads\/sites\/3\/2024\/09\/66d47c6d48fbef61de37622f.jpg\" alt=\"\"><\/source><\/source><\/picture><!-- noscript pattern --><noscript><img decoding=\"async\" src=\"https:\/\/now-news.de\/de\/wp-content\/uploads\/sites\/3\/2024\/09\/66d47c6d48fbef61de37622f.jpg\" alt=\"\"><\/noscript><\/div><figcaption class=\"RTImage-footer\"><span class=\"RTImage-caption\"><\/span><span class=\"RTImage-source\"><span class=\"RTImage-captionItem\">Bodo Schackow\/dpa<\/span><span class=\"RTImage-captionItem\"> \/ www.globallookpress.com<\/span><\/span><\/figcaption><\/figure>\n<p>Bodo Ramelow, der Spitzenkandidat der Linkspartei, hat im Wahllokal Moritzschule in Erfurt gew\u00e4hlt. Im Vergleich zur vorigen Landtagswahl wird sich das Ergebnis seiner Partei wahrscheinlich mindestens halbieren.<\/p>\n<figure class=\"RTImage-root\">\n<div class=\"RTImage-image RTImage-original\"><picture class=\"Picture-root Picture-original\"><!--[if IE 9]><video style=\"display: none;\"><![endif]--><source media=\"(-webkit-min-device-pixel-ratio: 2) and (min-resolution: 120dpi)\" data-srcset=\" \nhttps:\/\/now-news.de\/de\/wp-content\/uploads\/sites\/3\/2024\/09\/66d47cd248fbef3fd7764ddf.jpg 850w,\n                https:\/\/now-news.de\/de\/wp-content\/uploads\/sites\/3\/2024\/09\/66d47cd248fbef3fd7764ddf.jpg 1960w,            \" ><source data-srcset=\" \nhttps:\/\/now-news.de\/de\/wp-content\/uploads\/sites\/3\/2024\/09\/66d47cd248fbef3fd7764ddf.jpg 460w,\n              https:\/\/now-news.de\/de\/wp-content\/uploads\/sites\/3\/2024\/09\/66d47cd248fbef3fd7764ddf.jpg 980w,\n            \" ><!--[if IE 9]><\/video><![endif]--><img decoding=\"async\" data- src=\"data:image\/png;base64,iVBORw0KGgoAAAANSUhEUgAAABAAAAAJCAQAAACRI2S5AAAAEElEQVR42mNkIAAYRxWAAQAG9gAKqv6+AwAAAABJRU5ErkJggg==\" class=\"Picture-root Picture-original lazyload\" data-src=\"https:\/\/now-news.de\/de\/wp-content\/uploads\/sites\/3\/2024\/09\/66d47cd248fbef3fd7764ddf.jpg\" alt=\"\"><\/source><\/source><\/picture><!-- noscript pattern --><noscript><img decoding=\"async\" src=\"https:\/\/now-news.de\/de\/wp-content\/uploads\/sites\/3\/2024\/09\/66d47cd248fbef3fd7764ddf.jpg\" alt=\"\"><\/noscript><\/div><figcaption class=\"RTImage-footer\"><span class=\"RTImage-caption\"><\/span><span class=\"RTImage-source\"><span class=\"RTImage-captionItem\">Michael Kappeler\/dpa<\/span><span class=\"RTImage-captionItem\"> \/ www.globallookpress.com<\/span><\/span><\/figcaption><\/figure>\n<\/p>\n<\/div>\n<\/div>\n<\/div>\n<\/div>\n<\/li>\n<li class=\"LiveUpdates-item Listing-item\">\n<div class=\"LiveUpdate-root\">\n<div class=\"LiveUpdate-date\">\n<p class=\"HeaderNews-root HeaderNews-type_6 \">\n                16:16 Uhr\n            <\/p>\n<\/div>\n<div class=\"LiveUpdate-content\">\n<div class=\"LiveUpdate-text\">\n<div class=\"Text-root Text-type_5 ViewText-root\">\n<p><strong> &#8220;Verkleiden Sie sich immer in der \u00d6ffentlichkeit?&#8221;: Humorist will H\u00f6cke vorf\u00fchren und wird entlarvt<\/strong><\/p>\n<p>Im Kampf gegen die AfD ist dem \u00f6ffentlich-rechtlichen Rundfunk bekanntlich fast jedes Mittel recht. Und so pirschte sich der geb\u00fchrenfinanzierte &#8220;Kabarettist&#8221; Florian Schr\u00f6der am Donnerstag beim Wahlkampf in Nordhausen an Bj\u00f6rn H\u00f6cke heran \u2013 verkleidet als angeblicher AfD-Unterst\u00fctzer aus Syrien, samt Per\u00fccke, angeklebtem Bart und geschw\u00e4rztem Gesicht. Sein Ziel: dem Th\u00fcringer AfD-Chef unter dieser Tarnung m\u00f6glichst kompromittierende Aussagen zu entlocken.<\/p>\n<div class=\"EmbedBlock-root EmbedBlock-externalVideo EmbedBlock-rumble\">\n<div class=\"VkEmbed\"><iframe class=\"lazyload\" data-src=\"https:\/\/rumble.com\/embed\/v5assoj\" frameborder=\"0\" width=\"853\" height=\"480\" allowfullscreen><\/iframe><\/div>\n<\/div>\n<\/div>\n<\/div>\n<\/div>\n<\/div>\n<\/li>\n<li class=\"LiveUpdates-item Listing-item\">\n<div class=\"LiveUpdate-root\">\n<div class=\"LiveUpdate-date\">\n<p class=\"HeaderNews-root HeaderNews-type_6 \">\n                16:12 Uhr\n            <\/p>\n<\/div>\n<div class=\"LiveUpdate-content\">\n<div class=\"LiveUpdate-text\">\n<div class=\"Text-root Text-type_5 ViewText-root\">\n<p><strong>Wahlbeteiligung in Sachsen bis 14 Uhr bei 35,4 Prozent<\/strong><\/p>\n<p>Bis zum fr\u00fchen Nachmittag sind in Sachsen etwas mehr Stimmen abgegeben worden als zum gleichen Zeitpunkt 2019. Der Anteil der Briefw\u00e4hler ist dieses Mal allerdings deutlich h\u00f6her.\u00a0<\/p>\n<\/div>\n<\/div>\n<\/div>\n<\/div>\n<\/li>\n<li class=\"LiveUpdates-item Listing-item\">\n<div class=\"LiveUpdate-root\">\n<div class=\"LiveUpdate-date\">\n<p class=\"HeaderNews-root HeaderNews-type_6 \">\n                16:09 Uhr\n            <\/p>\n<\/div>\n<div class=\"LiveUpdate-content\">\n<div class=\"LiveUpdate-text\">\n<div class=\"Text-root Text-type_5 ViewText-root\">\n<p><strong> CDU Th\u00fcringen teilt &#8220;versehentlich&#8221; H\u00f6cke-Hitler-Video<\/strong><\/p>\n<p>Mausgerutscht? Die Th\u00fcringer CDU hat auf Instagram ein Video geteilt, in dem Adolf Hitler bei Bj\u00f6rn H\u00f6cke die Strippen zieht. Nun ist das Video gel\u00f6scht, doch der Schaden bleibt. Die Partei erkl\u00e4rt das Malheur mit der &#8220;Verwechslung eines Accounts&#8221;.<\/p>\n<div class=\"EmbedBlock-root EmbedBlock-externalVideo EmbedBlock-rumble\">\n<div class=\"VkEmbed\"><iframe class=\"lazyload\" data-src=\"https:\/\/rumble.com\/embed\/v5awlrh\" frameborder=\"0\" width=\"853\" height=\"480\" allowfullscreen><\/iframe><\/div>\n<\/div>\n<\/div>\n<\/div>\n<\/div>\n<\/div>\n<\/li>\n<li class=\"LiveUpdates-item Listing-item\">\n<div class=\"LiveUpdate-root\">\n<div class=\"LiveUpdate-date\">\n<p class=\"HeaderNews-root HeaderNews-type_6 \">\n                15:55 Uhr\n            <\/p>\n<\/div>\n<div class=\"LiveUpdate-content\">\n<div class=\"LiveUpdate-text\">\n<div class=\"Text-root Text-type_5 ViewText-root\">\n<p><strong>Kretschmer: Wichtigste Wahl seit 34 Jahren<\/strong><\/p>\n<p>Der s\u00e4chsische Ministerpr\u00e4sident Michael Kretschmer (CDU) hat am Morgen im Gymnasium Klotzsche in Dresden seine Stimme bei der s\u00e4chsischen Landtagswahl abgegeben. Gegen\u00fcber der <em>S\u00fcddeutschen Zeitung<\/em> sagte er: &#8220;Das ist die wichtigste Wahl seit 34 Jahren in unserem Freistaat Sachsen. Es geht um die Lebenschancen von uns allen, die wir hier in Sachsen leben wollen.&#8221;<\/p>\n<\/div>\n<\/div>\n<\/div>\n<\/div>\n<\/li>\n<li class=\"LiveUpdates-item Listing-item\">\n<div class=\"LiveUpdate-root\">\n<div class=\"LiveUpdate-date\">\n<p class=\"HeaderNews-root HeaderNews-type_6 \">\n                15:54 Uhr\n            <\/p>\n<\/div>\n<div class=\"LiveUpdate-content\">\n<div class=\"LiveUpdate-text\">\n<div class=\"Text-root Text-type_5 ViewText-root\">\n<p><strong>Th\u00fcringen: Hohe Wahlbeteiligung gegen Mittag<\/strong><\/p>\n<p>Bis zum Mittag gaben rund 32 Prozent der wahlberechtigten Th\u00fcringer ihre Stimme im Wahllokal ab, wie der Landeswahlleiter in Erfurt mitteilte. Das waren etwas mehr als im Jahr 2019 (31,2 Prozent). Zudem sei angesichts des &#8220;allgemeinen Trends&#8221; bei Wahlen in den vergangenen Jahren mit einem h\u00f6heren Anteil an Briefw\u00e4hlern zu rechnen.<\/p>\n<\/div>\n<\/div>\n<\/div>\n<\/div>\n<\/li>\n<li class=\"LiveUpdates-item Listing-item\">\n<div class=\"LiveUpdate-root\">\n<div class=\"LiveUpdate-date\">\n<p class=\"HeaderNews-root HeaderNews-type_6 \">\n                15:50 Uhr\n            <\/p>\n<\/div>\n<div class=\"LiveUpdate-content\">\n<div class=\"LiveUpdate-text\">\n<div class=\"Text-root Text-type_5 ViewText-root\">\n<p><strong>So w\u00e4hlten die Sachsen beim letzten Mal<\/strong><\/p>\n<p>Bei der letzten Landtagswahl in Sachsen am 1. September 2019 wurde die CDU mit 32,1 Prozent der Zweitstimmen die st\u00e4rkste Kraft. Zweitst\u00e4rkste Partei wurde damals die AfD mit 27,5 Prozent der Stimmen; die SPD verlor im\u00a0Vergleich zur vorherigen Wahl deutlich und erhielt 7,7 Prozent der W\u00e4hlerstimmen. Die gr\u00f6\u00dften Verluste gegen\u00fcber der Wahl im Jahr 2014 musste die Linke hinnehmen; die Partei kam 2019 nur noch auf 10,4 Prozent der W\u00e4hlerstimmen.<\/p>\n<\/div>\n<\/div>\n<\/div>\n<\/div>\n<\/li>\n<li class=\"LiveUpdates-item Listing-item\">\n<div class=\"LiveUpdate-root\">\n<div class=\"LiveUpdate-date\">\n<p class=\"HeaderNews-root HeaderNews-type_6 \">\n                15:45 Uhr\n            <\/p>\n<\/div>\n<div class=\"LiveUpdate-content\">\n<div class=\"LiveUpdate-text\">\n<div class=\"Text-root Text-type_5 ViewText-root\">\n<p><strong>Ergebnisse der letzten Th\u00fcringer Landtagswahl<\/strong><\/p>\n<p>Bei der Landtagswahl 2019 wurde Die Linke des amtierenden Ministerpr\u00e4sidenten Bodo Ramelow mit 31 Prozent st\u00e4rkste Kraft. Auf Platz zwei folgte die AfD mit 23,4 Prozent der Stimmen, gefolgt von der CDU mit 21,8 Prozent. SPD und B\u00fcndnis 90\/Die Gr\u00fcnen erreichten 8,2 beziehungsweise 5,2 Prozent der Stimmen, die FDP zog mit 5,0066 Prozent gerade so in den Landtag ein.<\/p>\n<\/div>\n<\/div>\n<\/div>\n<\/div>\n<\/li>\n<li class=\"LiveUpdates-item Listing-item\">\n<div class=\"LiveUpdate-root\">\n<div class=\"LiveUpdate-date\">\n<p class=\"HeaderNews-root HeaderNews-type_6 \">\n                15:40 Uhr\n            <\/p>\n<\/div>\n<div class=\"LiveUpdate-content\">\n<div class=\"LiveUpdate-text\">\n<div class=\"Text-root Text-type_5 ViewText-root\">\n<p><strong>Letzte Umfrage zur Sachsen-Wahl<\/strong><\/p>\n<p>In Sachsen liegt die CDU, die mit Michael Kretschmer den Regierungschef stellt, laut dem <em>ZDF-Politbarometer<\/em> vom Donnerstag mit 33 Prozent vor der AfD mit 30 Prozent.<\/p>\n<p>Das BSW liegt in der Umfrage bei zw\u00f6lf Prozent. Die Linke w\u00e4re mit vier Prozent nicht mehr im Landtag vertreten \u2013 die Gr\u00fcnen und die SPD k\u00e4men jeweils auf sechs Prozent.<\/p>\n<\/div>\n<\/div>\n<\/div>\n<\/div>\n<\/li>\n<\/ul>\n<div class=\"Listing-isReact\" data-rtmodule=\"Listing\" onload=\"return {\n                page: '1',\n                limit: '10',\n                listing: '\/listing\/parent.66d4684748fbef4a6978bc9d\/noprepare\/liveupdates\/10\/1',\n            };\"><\/div>\n<\/div>\n<\/div>\n<\/div>\n<p><br \/>\n<br \/><a href=\"https:\/\/de.rt.com\/inland\/217601-live-ticker-wahlen-in-sachsen\/\">Source link <\/a><\/p>\n","protected":false},"excerpt":{"rendered":"<p>Herzlich willkommen zu den wohl spannendsten Wahlen des Jahres. Sowohl in Sachsen als auch in Th\u00fcringen wird ein neuer Landtag gew\u00e4hlt. An dieser Stelle informieren wir Sie \u00fcber die aktuellen Entwicklungen zu den Wahlen in Sachsen und Th\u00fcringen. 1.09.2024 16:41 Uhr 16:41 Uhr Ramelow: &#8220;Irgendetwas Besonderes in Th\u00fcringen&#8221; IMAGO\/Matthias Gr\u00e4nzd\u00f6rfer \/ www.globallookpress.com Bodo Ramelow, Th\u00fcringens [&hellip;]<\/p>\n","protected":false},"author":3,"featured_media":67988,"comment_status":"open","ping_status":"open","sticky":false,"template":"","format":"standard","meta":{"_yoast_indexnow_last_ping":["1725203388"],"wp_automatic_camp":["217"],"6d378d5df24f88747f42ecd151113a5f":["Live-Ticker: Wahlen in Sachsen und Th\u00fcringen"],"original_link":["https:\/\/de.rt.com\/inland\/217601-live-ticker-wahlen-in-sachsen\/"],"_thumbnail_id":["67988"],"jnews_social_counter_last_update":["1776944080"],"_wptgpro_p2tg_sent2tg":["a:1:{i:23737;s:19:\"2024-09-01 17:10:51\";}"]},"categories":[19,23],"tags":[564,5488,8673,140,2576],"yoast_head":"<!-- This site is optimized with the Yoast SEO Premium plugin v22.7 (Yoast SEO v22.7) - https:\/\/yoast.com\/wordpress\/plugins\/seo\/ -->\n<title>Live-Ticker: Wahlen in Sachsen und Th\u00fcringen - just-now.NEWS Deutschland<\/title>\n<meta name=\"robots\" content=\"index, follow, max-snippet:-1, max-image-preview:large, max-video-preview:-1\" \/>\n<link rel=\"canonical\" href=\"https:\/\/now-news.de\/de\/deutschland\/live-ticker-wahlen-in-sachsen-und-thueringen\/\" \/>\n<meta property=\"og:locale\" content=\"de_DE\" \/>\n<meta property=\"og:type\" content=\"article\" \/>\n<meta property=\"og:title\" content=\"Live-Ticker: Wahlen in Sachsen und Th\u00fcringen\" \/>\n<meta property=\"og:description\" content=\"Herzlich willkommen zu den wohl spannendsten Wahlen des Jahres. Sowohl in Sachsen als auch in Th\u00fcringen wird ein neuer Landtag gew\u00e4hlt. An dieser Stelle informieren wir Sie \u00fcber die aktuellen Entwicklungen zu den Wahlen in Sachsen und Th\u00fcringen. 1.09.2024 16:41 Uhr 16:41 Uhr Ramelow: &#8220;Irgendetwas Besonderes in Th\u00fcringen&#8221; IMAGO\/Matthias Gr\u00e4nzd\u00f6rfer \/ www.globallookpress.com Bodo Ramelow, Th\u00fcringens [&hellip;]\" \/>\n<meta property=\"og:url\" content=\"https:\/\/now-news.de\/de\/deutschland\/live-ticker-wahlen-in-sachsen-und-thueringen\/\" \/>\n<meta property=\"og:site_name\" content=\"just-now.NEWS Deutschland\" \/>\n<meta property=\"article:publisher\" content=\"https:\/\/www.facebook.com\/wirmachenauf\" \/>\n<meta property=\"article:published_time\" content=\"2024-09-01T15:01:41+00:00\" \/>\n<meta property=\"og:image\" content=\"https:\/\/now-news.de\/de\/wp-content\/uploads\/sites\/3\/2024\/09\/66d47d92b480cc485a0bbd0b.jpg\" \/>\n<meta name=\"author\" content=\"rtnews\" \/>\n<meta name=\"twitter:card\" content=\"summary_large_image\" \/>\n<meta name=\"twitter:creator\" content=\"@WirMachenAuf_de\" \/>\n<meta name=\"twitter:site\" content=\"@WirMachenAuf_de\" \/>\n<meta name=\"twitter:label1\" content=\"Verfasst von\" \/>\n\t<meta name=\"twitter:data1\" content=\"rtnews\" \/>\n\t<meta name=\"twitter:label2\" content=\"Gesch\u00e4tzte Lesezeit\" \/>\n\t<meta name=\"twitter:data2\" content=\"4\u00a0Minuten\" \/>\n<script type=\"application\/ld+json\" class=\"yoast-schema-graph\">{\"@context\":\"https:\/\/schema.org\",\"@graph\":[{\"@type\":\"Article\",\"@id\":\"https:\/\/now-news.de\/de\/deutschland\/live-ticker-wahlen-in-sachsen-und-thueringen\/#article\",\"isPartOf\":{\"@id\":\"https:\/\/now-news.de\/de\/deutschland\/live-ticker-wahlen-in-sachsen-und-thueringen\/\"},\"author\":{\"name\":\"rtnews\",\"@id\":\"https:\/\/now-news.de\/de\/#\/schema\/person\/fb534a4e865501d8b3285208df34a9b5\"},\"headline\":\"Live-Ticker: Wahlen in Sachsen und Th\u00fcringen\",\"datePublished\":\"2024-09-01T15:01:41+00:00\",\"dateModified\":\"2024-09-01T15:01:41+00:00\",\"mainEntityOfPage\":{\"@id\":\"https:\/\/now-news.de\/de\/deutschland\/live-ticker-wahlen-in-sachsen-und-thueringen\/\"},\"wordCount\":764,\"commentCount\":0,\"publisher\":{\"@id\":\"https:\/\/now-news.de\/de\/#organization\"},\"image\":{\"@id\":\"https:\/\/now-news.de\/de\/deutschland\/live-ticker-wahlen-in-sachsen-und-thueringen\/#primaryimage\"},\"thumbnailUrl\":\"https:\/\/now-news.de\/de\/wp-content\/uploads\/sites\/3\/2024\/09\/Live-Ticker-Wahlen-in-Sachsen-und-Thueringen.jpg\",\"keywords\":[\"Liveticker\",\"Sachsen\",\"Th\u00fcringen\",\"und\",\"Wahlen\"],\"articleSection\":[\"Deutschland\",\"Russland\"],\"inLanguage\":\"de\",\"potentialAction\":[{\"@type\":\"CommentAction\",\"name\":\"Comment\",\"target\":[\"https:\/\/now-news.de\/de\/deutschland\/live-ticker-wahlen-in-sachsen-und-thueringen\/#respond\"]}]},{\"@type\":\"WebPage\",\"@id\":\"https:\/\/now-news.de\/de\/deutschland\/live-ticker-wahlen-in-sachsen-und-thueringen\/\",\"url\":\"https:\/\/now-news.de\/de\/deutschland\/live-ticker-wahlen-in-sachsen-und-thueringen\/\",\"name\":\"Live-Ticker: Wahlen in Sachsen und Th\u00fcringen - just-now.NEWS Deutschland\",\"isPartOf\":{\"@id\":\"https:\/\/now-news.de\/de\/#website\"},\"primaryImageOfPage\":{\"@id\":\"https:\/\/now-news.de\/de\/deutschland\/live-ticker-wahlen-in-sachsen-und-thueringen\/#primaryimage\"},\"image\":{\"@id\":\"https:\/\/now-news.de\/de\/deutschland\/live-ticker-wahlen-in-sachsen-und-thueringen\/#primaryimage\"},\"thumbnailUrl\":\"https:\/\/now-news.de\/de\/wp-content\/uploads\/sites\/3\/2024\/09\/Live-Ticker-Wahlen-in-Sachsen-und-Thueringen.jpg\",\"datePublished\":\"2024-09-01T15:01:41+00:00\",\"dateModified\":\"2024-09-01T15:01:41+00:00\",\"breadcrumb\":{\"@id\":\"https:\/\/now-news.de\/de\/deutschland\/live-ticker-wahlen-in-sachsen-und-thueringen\/#breadcrumb\"},\"inLanguage\":\"de\",\"potentialAction\":[{\"@type\":\"ReadAction\",\"target\":[\"https:\/\/now-news.de\/de\/deutschland\/live-ticker-wahlen-in-sachsen-und-thueringen\/\"]}]},{\"@type\":\"ImageObject\",\"inLanguage\":\"de\",\"@id\":\"https:\/\/now-news.de\/de\/deutschland\/live-ticker-wahlen-in-sachsen-und-thueringen\/#primaryimage\",\"url\":\"https:\/\/now-news.de\/de\/wp-content\/uploads\/sites\/3\/2024\/09\/Live-Ticker-Wahlen-in-Sachsen-und-Thueringen.jpg\",\"contentUrl\":\"https:\/\/now-news.de\/de\/wp-content\/uploads\/sites\/3\/2024\/09\/Live-Ticker-Wahlen-in-Sachsen-und-Thueringen.jpg\",\"width\":1620,\"height\":1080,\"caption\":\"Live-Ticker: Wahlen in Sachsen und Th\u00fcringen\"},{\"@type\":\"BreadcrumbList\",\"@id\":\"https:\/\/now-news.de\/de\/deutschland\/live-ticker-wahlen-in-sachsen-und-thueringen\/#breadcrumb\",\"itemListElement\":[{\"@type\":\"ListItem\",\"position\":1,\"name\":\"Home\",\"item\":\"https:\/\/now-news.de\/de\/\"},{\"@type\":\"ListItem\",\"position\":2,\"name\":\"Live-Ticker: Wahlen in Sachsen und Th\u00fcringen\"}]},{\"@type\":\"WebSite\",\"@id\":\"https:\/\/now-news.de\/de\/#website\",\"url\":\"https:\/\/now-news.de\/de\/\",\"name\":\"just-now.NEWS Deutschland\",\"description\":\"Das Portal f\u00fcr unzensierte Nachrichten aus der Welt\",\"publisher\":{\"@id\":\"https:\/\/now-news.de\/de\/#organization\"},\"potentialAction\":[{\"@type\":\"SearchAction\",\"target\":{\"@type\":\"EntryPoint\",\"urlTemplate\":\"https:\/\/now-news.de\/de\/?s={search_term_string}\"},\"query-input\":\"required name=search_term_string\"}],\"inLanguage\":\"de\"},{\"@type\":\"Organization\",\"@id\":\"https:\/\/now-news.de\/de\/#organization\",\"name\":\"Just Now News\",\"url\":\"https:\/\/now-news.de\/de\/\",\"logo\":{\"@type\":\"ImageObject\",\"inLanguage\":\"de\",\"@id\":\"https:\/\/now-news.de\/de\/#\/schema\/logo\/image\/\",\"url\":\"http:\/\/just-now.news\/de\/wp-content\/uploads\/sites\/3\/2022\/04\/logo500x500.jpg\",\"contentUrl\":\"http:\/\/just-now.news\/de\/wp-content\/uploads\/sites\/3\/2022\/04\/logo500x500.jpg\",\"width\":500,\"height\":500,\"caption\":\"Just Now News\"},\"image\":{\"@id\":\"https:\/\/now-news.de\/de\/#\/schema\/logo\/image\/\"},\"sameAs\":[\"https:\/\/www.facebook.com\/wirmachenauf\",\"https:\/\/x.com\/WirMachenAuf_de\"]},{\"@type\":\"Person\",\"@id\":\"https:\/\/now-news.de\/de\/#\/schema\/person\/fb534a4e865501d8b3285208df34a9b5\",\"name\":\"rtnews\",\"image\":{\"@type\":\"ImageObject\",\"inLanguage\":\"de\",\"@id\":\"https:\/\/now-news.de\/de\/#\/schema\/person\/image\/\",\"url\":\"https:\/\/secure.gravatar.com\/avatar\/82aafea7d8127119dd649515f56e2117?s=96&d=mm&r=g\",\"contentUrl\":\"https:\/\/secure.gravatar.com\/avatar\/82aafea7d8127119dd649515f56e2117?s=96&d=mm&r=g\",\"caption\":\"rtnews\"},\"url\":\"https:\/\/now-news.de\/de\/author\/rnews\/\"}]}<\/script>\n<!-- \/ Yoast SEO Premium plugin. -->","yoast_head_json":{"title":"Live-Ticker: Wahlen in Sachsen und Th\u00fcringen - just-now.NEWS Deutschland","robots":{"index":"index","follow":"follow","max-snippet":"max-snippet:-1","max-image-preview":"max-image-preview:large","max-video-preview":"max-video-preview:-1"},"canonical":"https:\/\/now-news.de\/de\/deutschland\/live-ticker-wahlen-in-sachsen-und-thueringen\/","og_locale":"de_DE","og_type":"article","og_title":"Live-Ticker: Wahlen in Sachsen und Th\u00fcringen","og_description":"Herzlich willkommen zu den wohl spannendsten Wahlen des Jahres. Sowohl in Sachsen als auch in Th\u00fcringen wird ein neuer Landtag gew\u00e4hlt. An dieser Stelle informieren wir Sie \u00fcber die aktuellen Entwicklungen zu den Wahlen in Sachsen und Th\u00fcringen. 1.09.2024 16:41 Uhr 16:41 Uhr Ramelow: &#8220;Irgendetwas Besonderes in Th\u00fcringen&#8221; IMAGO\/Matthias Gr\u00e4nzd\u00f6rfer \/ www.globallookpress.com Bodo Ramelow, Th\u00fcringens [&hellip;]","og_url":"https:\/\/now-news.de\/de\/deutschland\/live-ticker-wahlen-in-sachsen-und-thueringen\/","og_site_name":"just-now.NEWS Deutschland","article_publisher":"https:\/\/www.facebook.com\/wirmachenauf","article_published_time":"2024-09-01T15:01:41+00:00","og_image":[{"url":"https:\/\/now-news.de\/de\/wp-content\/uploads\/sites\/3\/2024\/09\/66d47d92b480cc485a0bbd0b.jpg"}],"author":"rtnews","twitter_card":"summary_large_image","twitter_creator":"@WirMachenAuf_de","twitter_site":"@WirMachenAuf_de","twitter_misc":{"Verfasst von":"rtnews","Gesch\u00e4tzte Lesezeit":"4\u00a0Minuten"},"schema":{"@context":"https:\/\/schema.org","@graph":[{"@type":"Article","@id":"https:\/\/now-news.de\/de\/deutschland\/live-ticker-wahlen-in-sachsen-und-thueringen\/#article","isPartOf":{"@id":"https:\/\/now-news.de\/de\/deutschland\/live-ticker-wahlen-in-sachsen-und-thueringen\/"},"author":{"name":"rtnews","@id":"https:\/\/now-news.de\/de\/#\/schema\/person\/fb534a4e865501d8b3285208df34a9b5"},"headline":"Live-Ticker: Wahlen in Sachsen und Th\u00fcringen","datePublished":"2024-09-01T15:01:41+00:00","dateModified":"2024-09-01T15:01:41+00:00","mainEntityOfPage":{"@id":"https:\/\/now-news.de\/de\/deutschland\/live-ticker-wahlen-in-sachsen-und-thueringen\/"},"wordCount":764,"commentCount":0,"publisher":{"@id":"https:\/\/now-news.de\/de\/#organization"},"image":{"@id":"https:\/\/now-news.de\/de\/deutschland\/live-ticker-wahlen-in-sachsen-und-thueringen\/#primaryimage"},"thumbnailUrl":"https:\/\/now-news.de\/de\/wp-content\/uploads\/sites\/3\/2024\/09\/Live-Ticker-Wahlen-in-Sachsen-und-Thueringen.jpg","keywords":["Liveticker","Sachsen","Th\u00fcringen","und","Wahlen"],"articleSection":["Deutschland","Russland"],"inLanguage":"de","potentialAction":[{"@type":"CommentAction","name":"Comment","target":["https:\/\/now-news.de\/de\/deutschland\/live-ticker-wahlen-in-sachsen-und-thueringen\/#respond"]}]},{"@type":"WebPage","@id":"https:\/\/now-news.de\/de\/deutschland\/live-ticker-wahlen-in-sachsen-und-thueringen\/","url":"https:\/\/now-news.de\/de\/deutschland\/live-ticker-wahlen-in-sachsen-und-thueringen\/","name":"Live-Ticker: Wahlen in Sachsen und Th\u00fcringen - just-now.NEWS Deutschland","isPartOf":{"@id":"https:\/\/now-news.de\/de\/#website"},"primaryImageOfPage":{"@id":"https:\/\/now-news.de\/de\/deutschland\/live-ticker-wahlen-in-sachsen-und-thueringen\/#primaryimage"},"image":{"@id":"https:\/\/now-news.de\/de\/deutschland\/live-ticker-wahlen-in-sachsen-und-thueringen\/#primaryimage"},"thumbnailUrl":"https:\/\/now-news.de\/de\/wp-content\/uploads\/sites\/3\/2024\/09\/Live-Ticker-Wahlen-in-Sachsen-und-Thueringen.jpg","datePublished":"2024-09-01T15:01:41+00:00","dateModified":"2024-09-01T15:01:41+00:00","breadcrumb":{"@id":"https:\/\/now-news.de\/de\/deutschland\/live-ticker-wahlen-in-sachsen-und-thueringen\/#breadcrumb"},"inLanguage":"de","potentialAction":[{"@type":"ReadAction","target":["https:\/\/now-news.de\/de\/deutschland\/live-ticker-wahlen-in-sachsen-und-thueringen\/"]}]},{"@type":"ImageObject","inLanguage":"de","@id":"https:\/\/now-news.de\/de\/deutschland\/live-ticker-wahlen-in-sachsen-und-thueringen\/#primaryimage","url":"https:\/\/now-news.de\/de\/wp-content\/uploads\/sites\/3\/2024\/09\/Live-Ticker-Wahlen-in-Sachsen-und-Thueringen.jpg","contentUrl":"https:\/\/now-news.de\/de\/wp-content\/uploads\/sites\/3\/2024\/09\/Live-Ticker-Wahlen-in-Sachsen-und-Thueringen.jpg","width":1620,"height":1080,"caption":"Live-Ticker: Wahlen in Sachsen und Th\u00fcringen"},{"@type":"BreadcrumbList","@id":"https:\/\/now-news.de\/de\/deutschland\/live-ticker-wahlen-in-sachsen-und-thueringen\/#breadcrumb","itemListElement":[{"@type":"ListItem","position":1,"name":"Home","item":"https:\/\/now-news.de\/de\/"},{"@type":"ListItem","position":2,"name":"Live-Ticker: Wahlen in Sachsen und Th\u00fcringen"}]},{"@type":"WebSite","@id":"https:\/\/now-news.de\/de\/#website","url":"https:\/\/now-news.de\/de\/","name":"just-now.NEWS Deutschland","description":"Das Portal f\u00fcr unzensierte Nachrichten aus der Welt","publisher":{"@id":"https:\/\/now-news.de\/de\/#organization"},"potentialAction":[{"@type":"SearchAction","target":{"@type":"EntryPoint","urlTemplate":"https:\/\/now-news.de\/de\/?s={search_term_string}"},"query-input":"required name=search_term_string"}],"inLanguage":"de"},{"@type":"Organization","@id":"https:\/\/now-news.de\/de\/#organization","name":"Just Now News","url":"https:\/\/now-news.de\/de\/","logo":{"@type":"ImageObject","inLanguage":"de","@id":"https:\/\/now-news.de\/de\/#\/schema\/logo\/image\/","url":"http:\/\/just-now.news\/de\/wp-content\/uploads\/sites\/3\/2022\/04\/logo500x500.jpg","contentUrl":"http:\/\/just-now.news\/de\/wp-content\/uploads\/sites\/3\/2022\/04\/logo500x500.jpg","width":500,"height":500,"caption":"Just Now News"},"image":{"@id":"https:\/\/now-news.de\/de\/#\/schema\/logo\/image\/"},"sameAs":["https:\/\/www.facebook.com\/wirmachenauf","https:\/\/x.com\/WirMachenAuf_de"]},{"@type":"Person","@id":"https:\/\/now-news.de\/de\/#\/schema\/person\/fb534a4e865501d8b3285208df34a9b5","name":"rtnews","image":{"@type":"ImageObject","inLanguage":"de","@id":"https:\/\/now-news.de\/de\/#\/schema\/person\/image\/","url":"https:\/\/secure.gravatar.com\/avatar\/82aafea7d8127119dd649515f56e2117?s=96&d=mm&r=g","contentUrl":"https:\/\/secure.gravatar.com\/avatar\/82aafea7d8127119dd649515f56e2117?s=96&d=mm&r=g","caption":"rtnews"},"url":"https:\/\/now-news.de\/de\/author\/rnews\/"}]}},"_links":{"self":[{"href":"https:\/\/now-news.de\/de\/wp-json\/wp\/v2\/posts\/67987"}],"collection":[{"href":"https:\/\/now-news.de\/de\/wp-json\/wp\/v2\/posts"}],"about":[{"href":"https:\/\/now-news.de\/de\/wp-json\/wp\/v2\/types\/post"}],"author":[{"embeddable":true,"href":"https:\/\/now-news.de\/de\/wp-json\/wp\/v2\/users\/3"}],"replies":[{"embeddable":true,"href":"https:\/\/now-news.de\/de\/wp-json\/wp\/v2\/comments?post=67987"}],"version-history":[{"count":0,"href":"https:\/\/now-news.de\/de\/wp-json\/wp\/v2\/posts\/67987\/revisions"}],"wp:featuredmedia":[{"embeddable":true,"href":"https:\/\/now-news.de\/de\/wp-json\/wp\/v2\/media\/67988"}],"wp:attachment":[{"href":"https:\/\/now-news.de\/de\/wp-json\/wp\/v2\/media?parent=67987"}],"wp:term":[{"taxonomy":"category","embeddable":true,"href":"https:\/\/now-news.de\/de\/wp-json\/wp\/v2\/categories?post=67987"},{"taxonomy":"post_tag","embeddable":true,"href":"https:\/\/now-news.de\/de\/wp-json\/wp\/v2\/tags?post=67987"}],"curies":[{"name":"wp","href":"https:\/\/api.w.org\/{rel}","templated":true}]}}