{"id":67983,"date":"2024-09-01T16:06:57","date_gmt":"2024-09-01T14:06:57","guid":{"rendered":"https:\/\/now-news.de\/de\/deutschland\/credit-suisse-haette-ueberleben-koennen-linke-medien-machen-svp-hardliner-ueli-maurer-zum-suendenbock\/"},"modified":"2024-09-01T16:06:57","modified_gmt":"2024-09-01T14:06:57","slug":"credit-suisse-haette-ueberleben-koennen-linke-medien-machen-svp-hardliner-ueli-maurer-zum-suendenbock","status":"publish","type":"post","link":"https:\/\/now-news.de\/de\/deutschland\/credit-suisse-haette-ueberleben-koennen-linke-medien-machen-svp-hardliner-ueli-maurer-zum-suendenbock\/","title":{"rendered":"Credit Suisse h\u00e4tte \u00fcberleben k\u00f6nnen: Linke Medien machen SVP-Hardliner Ueli Maurer zum S\u00fcndenbock"},"content":{"rendered":"<div class=\"Text-root Text-type_1 \">\n                &#8220;Es wurde nichts protokolliert und niemand \u00fcber den Inhalt der Gespr\u00e4che informiert \u2013 weder der Bundesrat noch das Finanzdepartement oder die Finanzdirektion waren eingeweiht.&#8221; Linke Medien haben sensationelle Leaks aus den Untersuchungen zur Credit Suisse ver\u00f6ffentlicht und kamen schnell zu dem Schluss: Finanzminister Maurer ist der S\u00fcndenbock. Stimmt das?\n            <\/div>\n<p><\/p>\n<div class=\"Text-root Text-type_5 ArticleView-text ViewText-root \">\n<p><em>Von Hans-Ueli L\u00e4ppli<\/em><\/p>\n<p>Obwohl es den Anschein hat, die Schweiz h\u00e4tte den Untergang der Credit Suisse verdaut, tr\u00fcgt der Schein. Die Wunden der Krise sind tief und das Verlangen nach klaren Antworten gro\u00df.<\/p>\n<p>Ein heute von der Schweizer Presse vorgestellter Entwurf der parlamentarischen Untersuchungskommission zur Credit Suisse-Krise l\u00e4sst tief blicken: Die Rettung der Bank w\u00e4re m\u00f6glich gewesen, h\u00e4tte nicht das \u00fcberdimensionierte Ego und die Arroganz einzelner politischer Akteure eine L\u00f6sung verhindert. Im Zentrum der Vorw\u00fcrfe steht der ehemalige Finanzminister Ueli Maurer, den linke Medien bereits als S\u00fcndenbock ausgemacht und zum Hauptverantwortlichen erkl\u00e4rt haben.<\/p>\n<p>Seine Nachfolgerin, Karin Keller-Sutter, die das Ruder im Finanzdepartement \u00fcbernahm, wird hingegen geschont. Sie entschied sich gegen die informellen Treffen ihres Vorg\u00e4ngers und lud stattdessen Axel Lehmann zu offiziellen Gespr\u00e4chen in ihr B\u00fcro ein. Dennoch blieb es bis M\u00e4rz 2023 auffallend ruhig.<\/p>\n<figure class=\"RTImage-root\">\n<div class=\"RTImage-image RTImage-original\"><picture class=\"Picture-root Picture-original\"><!--[if IE 9]><video style=\"display: none;\"><![endif]--><source media=\"(-webkit-min-device-pixel-ratio: 2) and (min-resolution: 120dpi)\" data-srcset=\" \nhttps:\/\/now-news.de\/de\/wp-content\/uploads\/sites\/3\/2024\/09\/66d4499d48fbef4a6978bc7d.jpg 850w,\n                https:\/\/now-news.de\/de\/wp-content\/uploads\/sites\/3\/2024\/09\/66d4499d48fbef4a6978bc7c.jpg 1960w,            \" ><source data-srcset=\" \nhttps:\/\/now-news.de\/de\/wp-content\/uploads\/sites\/3\/2024\/09\/66d4499d48fbef4a6978bc7d.jpg 460w,\n              https:\/\/now-news.de\/de\/wp-content\/uploads\/sites\/3\/2024\/09\/66d4499d48fbef4a6978bc7c.jpg 980w,\n            \" ><!--[if IE 9]><\/video><![endif]--><img decoding=\"async\" data- src=\"data:image\/png;base64,iVBORw0KGgoAAAANSUhEUgAAABAAAAAJCAQAAACRI2S5AAAAEElEQVR42mNkIAAYRxWAAQAG9gAKqv6+AwAAAABJRU5ErkJggg==\" class=\"Picture-root Picture-original lazyload\" data-src=\"https:\/\/now-news.de\/de\/wp-content\/uploads\/sites\/3\/2024\/09\/66d4499d48fbef4a6978bc7d.jpg\" alt=\"\"><\/source><\/source><\/picture><!-- noscript pattern --><noscript><img decoding=\"async\" src=\"https:\/\/now-news.de\/de\/wp-content\/uploads\/sites\/3\/2024\/09\/66d4499d48fbef4a6978bc7c.jpg\" alt=\"\"><\/noscript><\/div><figcaption class=\"RTImage-footer\"><span class=\"RTImage-caption\"><\/span><span class=\"RTImage-source\"><span class=\"RTImage-captionItem\">RT<\/span><\/span><\/figcaption><\/figure>\n<p>W\u00e4hrenddessen spitzte sich die Krise weiter zu. Die politische und mediale Aufarbeitung der Frage, wer die Verantwortung f\u00fcr die Eskalation der Credit Suisse-Krise tr\u00e4gt, gewinnt an Fahrt.<\/p>\n<p>Ob letztlich ein Schuldiger benannt wird, ist ungewiss, doch die Debatte um Verantwortlichkeiten hat l\u00e4ngst Fahrt aufgenommen.<\/p>\n<p>Unklar ist beispielsweise, warum die <em>KPMG<\/em>, die von 2000 bis 2019 als Revisionsstelle t\u00e4tig war, die Probleme nicht erkannte oder sie nicht an den Verwaltungsrat und die <em>FINMA <\/em>(<em>Eidgen\u00f6ssische Finanzmarktaufsicht)<\/em> kommunizierte. Thomas Jordan von der Schweizerischen Nationalbank ist zur\u00fcckgetreten, doch bei der <em>FINMA<\/em> sind bisher keine weiteren Konsequenzen erkennbar.<\/p>\n<p>Die parlamentarische Untersuchungskommission (<em>PUK<\/em>) hat in ihrem neuesten Bericht brisante Details \u00fcber die Rolle des Schweizer Finanzministers Ueli Maurer im Zusammenhang mit dem Niedergang der Credit Suisse offengelegt.<\/p>\n<p>Wie bekannt wurde, hielt Maurer zwischen Oktober 2022 und Ende des Jahres regelm\u00e4\u00dfig Treffen mit Thomas Jordan, dem Chef der Nationalbank, und Axel Lehmann, dem Pr\u00e4sidenten der Credit Suisse, ab. Diese Zusammenk\u00fcnfte fanden an Wochenenden statt und wurden geheim gehalten.<\/p>\n<p>Die <em>PUK<\/em>, die seit 2015 die Hintergr\u00fcnde des Zusammenbruchs der Credit Suisse untersucht, stellte fest, dass Maurer dabei eine aktivere Rolle spielte, als bisher angenommen. Dieser Zeitraum f\u00e4llt mit Maurers Amtszeit als Finanzminister zusammen, die im Jahr 2008 begann.<\/p>\n<p>W\u00e4hrend seiner Amtszeit kam es zu bedeutenden finanziellen Verlusten f\u00fcr die Bank, einschlie\u00dflich eines Verlustes von fast drei Milliarden Franken im Jahr 2015 und speziell 6,5 Milliarden im letzten Quartal desselben Jahres.<\/p>\n<p>Trotz internationaler und nationaler Vorschriften, die eine angemessene Eigenkapitaldeckung fordern, nutzte die Credit Suisse einen sogenannten Portfolio-Ansatz, der behauptete, dass die Tochtergesellschaften zusammen mehr wert seien als einzeln. Dieses Prinzip, das dazu diente, die realen Risiken zu verschleiern,\u00a0wird von der PUK stark kritisiert.<\/p>\n<p>Die <em>PUK<\/em> legt dar, dass Maurer m\u00f6glicherweise Druck auf die Eidgen\u00f6ssische Finanzmarktaufsicht (<em>FINMA<\/em>) ausge\u00fcbt hat, um der Credit Suisse Erleichterungen \u00fcber die bestehenden Regulierungen hinaus zu gew\u00e4hren. Diese Vorgehensweise hat zur weiteren Destabilisierung der Bank beigetragen.<\/p>\n<p>In der Schlussphase der Krise, die mit einem massiven Kapitalabzug, vor allem durch asiatische Kunden, begann, zeigte sich Maurers dubiose Rolle besonders deutlich. Es wurde berichtet, dass er sogar eine Bundesratssitzung absagte, nachdem er und Jordan eine vorl\u00e4ufige L\u00f6sung gefunden hatten, deren Details er jedoch nicht offenlegte.<\/p>\n<figure class=\"RTImage-root\">\n<div class=\"RTImage-image RTImage-original\"><picture class=\"Picture-root Picture-original\"><!--[if IE 9]><video style=\"display: none;\"><![endif]--><source media=\"(-webkit-min-device-pixel-ratio: 2) and (min-resolution: 120dpi)\" data-srcset=\" \nhttps:\/\/now-news.de\/de\/wp-content\/uploads\/sites\/3\/2024\/09\/66d457bbb480cc47b42c45cb.jpg 850w,\n                https:\/\/now-news.de\/de\/wp-content\/uploads\/sites\/3\/2024\/09\/66d457bbb480cc47b42c45cb.jpg 1960w,            \" ><source data-srcset=\" \nhttps:\/\/now-news.de\/de\/wp-content\/uploads\/sites\/3\/2024\/09\/66d457bbb480cc47b42c45cb.jpg 460w,\n              https:\/\/now-news.de\/de\/wp-content\/uploads\/sites\/3\/2024\/09\/66d457bbb480cc47b42c45cb.jpg 980w,\n            \" ><!--[if IE 9]><\/video><![endif]--><img decoding=\"async\" data- src=\"data:image\/png;base64,iVBORw0KGgoAAAANSUhEUgAAABAAAAAJCAQAAACRI2S5AAAAEElEQVR42mNkIAAYRxWAAQAG9gAKqv6+AwAAAABJRU5ErkJggg==\" class=\"Picture-root Picture-original lazyload\" data-src=\"https:\/\/now-news.de\/de\/wp-content\/uploads\/sites\/3\/2024\/09\/66d457bbb480cc47b42c45cb.jpg\" alt=\"\"><\/source><\/source><\/picture><!-- noscript pattern --><noscript><img decoding=\"async\" src=\"https:\/\/now-news.de\/de\/wp-content\/uploads\/sites\/3\/2024\/09\/66d457bbb480cc47b42c45cb.jpg\" alt=\"\"><\/noscript><\/div><figcaption class=\"RTImage-footer\"><span class=\"RTImage-caption\"><span class=\"RTImage-captionItem\">Linke Medien haben einen vorl\u00e4ufigen Bericht der PUK erhalten, scheinbar um die Stimmung gegen die SVP zu sch\u00fcren.<\/span><\/span><span class=\"RTImage-source\"><span class=\"RTImage-captionItem\">RT<\/span><\/span><\/figcaption><\/figure>\n<p>Linke Medien haben gezielt vorab Ergebnisse der parlamentarischen Untersuchungskommission (<em>PUK<\/em>) geleakt, bevor der offizielle Bericht im November ver\u00f6ffentlicht wird. Diese vorzeitige Enth\u00fcllung wirft Fragen auf, ob die Berichterstattung die Untersuchung beeinflusst.<\/p>\n<p>W\u00e4hrend Ueli Maurer nun \u00f6ffentlich unter Druck steht, bleibt die Rolle der Credit Suisse-F\u00fchrung unklar, die ebenso kritische Fragen zur Kompetenz verdient h\u00e4tte. Es scheint, dass die Medien Maurer gezielt als S\u00fcndenbock positionieren wollen, um die Schuld f\u00fcr eine der kritischsten Phasen der Schweizer Finanzgeschichte zuzuschreiben. Das Narrativ, das sich bereits abzeichnet, gibt einen Hinweis darauf, wen die Medien verantwortlich sehen m\u00f6chten.<\/p>\n<p><strong>Mehr zum Thema\u00a0<\/strong>\u2013\u00a0<a rel=\"nofollow noopener\" target=\"_blank\" href=\"https:\/\/freedert.online\/europa\/181753-schweizer-uhrenchef-westen-ist-arrogant\/\">Schweizer Unternehmenschef: Der Westen ist &#8220;arrogant und heuchlerisch&#8221;<\/a><\/p>\n<div class=\"EmbedBlock-root EmbedBlock-externalVideo EmbedBlock-rumble\">\n<div class=\"VkEmbed\"><iframe class=\"lazyload\" data-src=\"https:\/\/rumble.com\/embed\/v5adi1x\" frameborder=\"0\" width=\"853\" height=\"480\" allowfullscreen><\/iframe><\/div>\n<\/div>\n<\/div>\n<p><br \/>\n<br \/><a href=\"https:\/\/de.rt.com\/schweiz\/217586-credit-suisse-haette-ueberleben-koennen\/\">Source link <\/a><\/p>\n","protected":false},"excerpt":{"rendered":"<p>&#8220;Es wurde nichts protokolliert und niemand \u00fcber den Inhalt der Gespr\u00e4che informiert \u2013 weder der Bundesrat noch das Finanzdepartement oder die Finanzdirektion waren eingeweiht.&#8221; Linke Medien haben sensationelle Leaks aus den Untersuchungen zur Credit Suisse ver\u00f6ffentlicht und kamen schnell zu dem Schluss: Finanzminister Maurer ist der S\u00fcndenbock. Stimmt das? Von Hans-Ueli L\u00e4ppli Obwohl es den [&hellip;]<\/p>\n","protected":false},"author":3,"featured_media":67984,"comment_status":"open","ping_status":"open","sticky":false,"template":"","format":"standard","meta":{"_yoast_indexnow_last_ping":["1725200537"],"wp_automatic_camp":["217"],"36b57b5510e37ed49253ebb34f2aeded":["Credit Suisse h\u00e4tte \u00fcberleben k\u00f6nnen: Linke Medien machen SVP-Hardliner Ueli Maurer zum S\u00fcndenbock"],"original_link":["https:\/\/de.rt.com\/schweiz\/217586-credit-suisse-haette-ueberleben-koennen\/"],"_thumbnail_id":["67984"],"jnews_social_counter_last_update":["1777031348"],"_wptgpro_p2tg_sent2tg":["a:1:{i:23737;s:19:\"2024-09-01 16:23:18\";}"]},"categories":[19,23],"tags":[9069,5373,4296,1301,3570,31842,580,42016,30825,58108,1207,53181,565],"yoast_head":"<!-- This site is optimized with the Yoast SEO Premium plugin v22.7 (Yoast SEO v22.7) - https:\/\/yoast.com\/wordpress\/plugins\/seo\/ -->\n<title>Credit Suisse h\u00e4tte \u00fcberleben k\u00f6nnen: Linke Medien machen SVP-Hardliner Ueli Maurer zum S\u00fcndenbock - just-now.NEWS Deutschland<\/title>\n<meta name=\"robots\" content=\"index, follow, max-snippet:-1, max-image-preview:large, max-video-preview:-1\" \/>\n<link rel=\"canonical\" href=\"https:\/\/now-news.de\/de\/deutschland\/credit-suisse-haette-ueberleben-koennen-linke-medien-machen-svp-hardliner-ueli-maurer-zum-suendenbock\/\" \/>\n<meta property=\"og:locale\" content=\"de_DE\" \/>\n<meta property=\"og:type\" content=\"article\" \/>\n<meta property=\"og:title\" content=\"Credit Suisse h\u00e4tte \u00fcberleben k\u00f6nnen: Linke Medien machen SVP-Hardliner Ueli Maurer zum S\u00fcndenbock\" \/>\n<meta property=\"og:description\" content=\"&#8220;Es wurde nichts protokolliert und niemand \u00fcber den Inhalt der Gespr\u00e4che informiert \u2013 weder der Bundesrat noch das Finanzdepartement oder die Finanzdirektion waren eingeweiht.&#8221; Linke Medien haben sensationelle Leaks aus den Untersuchungen zur Credit Suisse ver\u00f6ffentlicht und kamen schnell zu dem Schluss: Finanzminister Maurer ist der S\u00fcndenbock. Stimmt das? Von Hans-Ueli L\u00e4ppli Obwohl es den [&hellip;]\" \/>\n<meta property=\"og:url\" content=\"https:\/\/now-news.de\/de\/deutschland\/credit-suisse-haette-ueberleben-koennen-linke-medien-machen-svp-hardliner-ueli-maurer-zum-suendenbock\/\" \/>\n<meta property=\"og:site_name\" content=\"just-now.NEWS Deutschland\" \/>\n<meta property=\"article:publisher\" content=\"https:\/\/www.facebook.com\/wirmachenauf\" \/>\n<meta property=\"article:published_time\" content=\"2024-09-01T14:06:57+00:00\" \/>\n<meta property=\"og:image\" content=\"https:\/\/now-news.de\/de\/wp-content\/uploads\/sites\/3\/2024\/09\/66d4499d48fbef4a6978bc7c.jpg\" \/>\n<meta name=\"author\" content=\"rtnews\" \/>\n<meta name=\"twitter:card\" content=\"summary_large_image\" \/>\n<meta name=\"twitter:creator\" content=\"@WirMachenAuf_de\" \/>\n<meta name=\"twitter:site\" content=\"@WirMachenAuf_de\" \/>\n<meta name=\"twitter:label1\" content=\"Verfasst von\" \/>\n\t<meta name=\"twitter:data1\" content=\"rtnews\" \/>\n\t<meta name=\"twitter:label2\" content=\"Gesch\u00e4tzte Lesezeit\" \/>\n\t<meta name=\"twitter:data2\" content=\"4\u00a0Minuten\" \/>\n<script type=\"application\/ld+json\" class=\"yoast-schema-graph\">{\"@context\":\"https:\/\/schema.org\",\"@graph\":[{\"@type\":\"Article\",\"@id\":\"https:\/\/now-news.de\/de\/deutschland\/credit-suisse-haette-ueberleben-koennen-linke-medien-machen-svp-hardliner-ueli-maurer-zum-suendenbock\/#article\",\"isPartOf\":{\"@id\":\"https:\/\/now-news.de\/de\/deutschland\/credit-suisse-haette-ueberleben-koennen-linke-medien-machen-svp-hardliner-ueli-maurer-zum-suendenbock\/\"},\"author\":{\"name\":\"rtnews\",\"@id\":\"https:\/\/now-news.de\/de\/#\/schema\/person\/fb534a4e865501d8b3285208df34a9b5\"},\"headline\":\"Credit Suisse h\u00e4tte \u00fcberleben k\u00f6nnen: Linke Medien machen SVP-Hardliner Ueli Maurer zum S\u00fcndenbock\",\"datePublished\":\"2024-09-01T14:06:57+00:00\",\"dateModified\":\"2024-09-01T14:06:57+00:00\",\"mainEntityOfPage\":{\"@id\":\"https:\/\/now-news.de\/de\/deutschland\/credit-suisse-haette-ueberleben-koennen-linke-medien-machen-svp-hardliner-ueli-maurer-zum-suendenbock\/\"},\"wordCount\":726,\"commentCount\":0,\"publisher\":{\"@id\":\"https:\/\/now-news.de\/de\/#organization\"},\"image\":{\"@id\":\"https:\/\/now-news.de\/de\/deutschland\/credit-suisse-haette-ueberleben-koennen-linke-medien-machen-svp-hardliner-ueli-maurer-zum-suendenbock\/#primaryimage\"},\"thumbnailUrl\":\"https:\/\/now-news.de\/de\/wp-content\/uploads\/sites\/3\/2024\/09\/Credit-Suisse-haette-ueberleben-koennen-Linke-Medien-machen-SVP-Hardliner-Ueli.jpg\",\"keywords\":[\"Credit\",\"h\u00e4tte\",\"k\u00f6nnen\",\"Linke\",\"machen\",\"Maurer\",\"Medien\",\"Suisse\",\"S\u00fcndenbock\",\"SVPHardliner\",\"\u00dcberleben\",\"Ueli\",\"zum\"],\"articleSection\":[\"Deutschland\",\"Russland\"],\"inLanguage\":\"de\",\"potentialAction\":[{\"@type\":\"CommentAction\",\"name\":\"Comment\",\"target\":[\"https:\/\/now-news.de\/de\/deutschland\/credit-suisse-haette-ueberleben-koennen-linke-medien-machen-svp-hardliner-ueli-maurer-zum-suendenbock\/#respond\"]}]},{\"@type\":\"WebPage\",\"@id\":\"https:\/\/now-news.de\/de\/deutschland\/credit-suisse-haette-ueberleben-koennen-linke-medien-machen-svp-hardliner-ueli-maurer-zum-suendenbock\/\",\"url\":\"https:\/\/now-news.de\/de\/deutschland\/credit-suisse-haette-ueberleben-koennen-linke-medien-machen-svp-hardliner-ueli-maurer-zum-suendenbock\/\",\"name\":\"Credit Suisse h\u00e4tte \u00fcberleben k\u00f6nnen: Linke Medien machen SVP-Hardliner Ueli Maurer zum S\u00fcndenbock - just-now.NEWS Deutschland\",\"isPartOf\":{\"@id\":\"https:\/\/now-news.de\/de\/#website\"},\"primaryImageOfPage\":{\"@id\":\"https:\/\/now-news.de\/de\/deutschland\/credit-suisse-haette-ueberleben-koennen-linke-medien-machen-svp-hardliner-ueli-maurer-zum-suendenbock\/#primaryimage\"},\"image\":{\"@id\":\"https:\/\/now-news.de\/de\/deutschland\/credit-suisse-haette-ueberleben-koennen-linke-medien-machen-svp-hardliner-ueli-maurer-zum-suendenbock\/#primaryimage\"},\"thumbnailUrl\":\"https:\/\/now-news.de\/de\/wp-content\/uploads\/sites\/3\/2024\/09\/Credit-Suisse-haette-ueberleben-koennen-Linke-Medien-machen-SVP-Hardliner-Ueli.jpg\",\"datePublished\":\"2024-09-01T14:06:57+00:00\",\"dateModified\":\"2024-09-01T14:06:57+00:00\",\"breadcrumb\":{\"@id\":\"https:\/\/now-news.de\/de\/deutschland\/credit-suisse-haette-ueberleben-koennen-linke-medien-machen-svp-hardliner-ueli-maurer-zum-suendenbock\/#breadcrumb\"},\"inLanguage\":\"de\",\"potentialAction\":[{\"@type\":\"ReadAction\",\"target\":[\"https:\/\/now-news.de\/de\/deutschland\/credit-suisse-haette-ueberleben-koennen-linke-medien-machen-svp-hardliner-ueli-maurer-zum-suendenbock\/\"]}]},{\"@type\":\"ImageObject\",\"inLanguage\":\"de\",\"@id\":\"https:\/\/now-news.de\/de\/deutschland\/credit-suisse-haette-ueberleben-koennen-linke-medien-machen-svp-hardliner-ueli-maurer-zum-suendenbock\/#primaryimage\",\"url\":\"https:\/\/now-news.de\/de\/wp-content\/uploads\/sites\/3\/2024\/09\/Credit-Suisse-haette-ueberleben-koennen-Linke-Medien-machen-SVP-Hardliner-Ueli.jpg\",\"contentUrl\":\"https:\/\/now-news.de\/de\/wp-content\/uploads\/sites\/3\/2024\/09\/Credit-Suisse-haette-ueberleben-koennen-Linke-Medien-machen-SVP-Hardliner-Ueli.jpg\",\"width\":460,\"height\":259,\"caption\":\"Credit Suisse h\u00e4tte \u00fcberleben k\u00f6nnen: Linke Medien machen SVP-Hardliner Ueli Maurer zum S\u00fcndenbock\"},{\"@type\":\"BreadcrumbList\",\"@id\":\"https:\/\/now-news.de\/de\/deutschland\/credit-suisse-haette-ueberleben-koennen-linke-medien-machen-svp-hardliner-ueli-maurer-zum-suendenbock\/#breadcrumb\",\"itemListElement\":[{\"@type\":\"ListItem\",\"position\":1,\"name\":\"Home\",\"item\":\"https:\/\/now-news.de\/de\/\"},{\"@type\":\"ListItem\",\"position\":2,\"name\":\"Credit Suisse h\u00e4tte \u00fcberleben k\u00f6nnen: Linke Medien machen SVP-Hardliner Ueli Maurer zum S\u00fcndenbock\"}]},{\"@type\":\"WebSite\",\"@id\":\"https:\/\/now-news.de\/de\/#website\",\"url\":\"https:\/\/now-news.de\/de\/\",\"name\":\"just-now.NEWS Deutschland\",\"description\":\"Das Portal f\u00fcr unzensierte Nachrichten aus der Welt\",\"publisher\":{\"@id\":\"https:\/\/now-news.de\/de\/#organization\"},\"potentialAction\":[{\"@type\":\"SearchAction\",\"target\":{\"@type\":\"EntryPoint\",\"urlTemplate\":\"https:\/\/now-news.de\/de\/?s={search_term_string}\"},\"query-input\":\"required name=search_term_string\"}],\"inLanguage\":\"de\"},{\"@type\":\"Organization\",\"@id\":\"https:\/\/now-news.de\/de\/#organization\",\"name\":\"Just Now News\",\"url\":\"https:\/\/now-news.de\/de\/\",\"logo\":{\"@type\":\"ImageObject\",\"inLanguage\":\"de\",\"@id\":\"https:\/\/now-news.de\/de\/#\/schema\/logo\/image\/\",\"url\":\"http:\/\/just-now.news\/de\/wp-content\/uploads\/sites\/3\/2022\/04\/logo500x500.jpg\",\"contentUrl\":\"http:\/\/just-now.news\/de\/wp-content\/uploads\/sites\/3\/2022\/04\/logo500x500.jpg\",\"width\":500,\"height\":500,\"caption\":\"Just Now News\"},\"image\":{\"@id\":\"https:\/\/now-news.de\/de\/#\/schema\/logo\/image\/\"},\"sameAs\":[\"https:\/\/www.facebook.com\/wirmachenauf\",\"https:\/\/x.com\/WirMachenAuf_de\"]},{\"@type\":\"Person\",\"@id\":\"https:\/\/now-news.de\/de\/#\/schema\/person\/fb534a4e865501d8b3285208df34a9b5\",\"name\":\"rtnews\",\"image\":{\"@type\":\"ImageObject\",\"inLanguage\":\"de\",\"@id\":\"https:\/\/now-news.de\/de\/#\/schema\/person\/image\/\",\"url\":\"https:\/\/secure.gravatar.com\/avatar\/82aafea7d8127119dd649515f56e2117?s=96&d=mm&r=g\",\"contentUrl\":\"https:\/\/secure.gravatar.com\/avatar\/82aafea7d8127119dd649515f56e2117?s=96&d=mm&r=g\",\"caption\":\"rtnews\"},\"url\":\"https:\/\/now-news.de\/de\/author\/rnews\/\"}]}<\/script>\n<!-- \/ Yoast SEO Premium plugin. -->","yoast_head_json":{"title":"Credit Suisse h\u00e4tte \u00fcberleben k\u00f6nnen: Linke Medien machen SVP-Hardliner Ueli Maurer zum S\u00fcndenbock - just-now.NEWS Deutschland","robots":{"index":"index","follow":"follow","max-snippet":"max-snippet:-1","max-image-preview":"max-image-preview:large","max-video-preview":"max-video-preview:-1"},"canonical":"https:\/\/now-news.de\/de\/deutschland\/credit-suisse-haette-ueberleben-koennen-linke-medien-machen-svp-hardliner-ueli-maurer-zum-suendenbock\/","og_locale":"de_DE","og_type":"article","og_title":"Credit Suisse h\u00e4tte \u00fcberleben k\u00f6nnen: Linke Medien machen SVP-Hardliner Ueli Maurer zum S\u00fcndenbock","og_description":"&#8220;Es wurde nichts protokolliert und niemand \u00fcber den Inhalt der Gespr\u00e4che informiert \u2013 weder der Bundesrat noch das Finanzdepartement oder die Finanzdirektion waren eingeweiht.&#8221; Linke Medien haben sensationelle Leaks aus den Untersuchungen zur Credit Suisse ver\u00f6ffentlicht und kamen schnell zu dem Schluss: Finanzminister Maurer ist der S\u00fcndenbock. Stimmt das? Von Hans-Ueli L\u00e4ppli Obwohl es den [&hellip;]","og_url":"https:\/\/now-news.de\/de\/deutschland\/credit-suisse-haette-ueberleben-koennen-linke-medien-machen-svp-hardliner-ueli-maurer-zum-suendenbock\/","og_site_name":"just-now.NEWS Deutschland","article_publisher":"https:\/\/www.facebook.com\/wirmachenauf","article_published_time":"2024-09-01T14:06:57+00:00","og_image":[{"url":"https:\/\/now-news.de\/de\/wp-content\/uploads\/sites\/3\/2024\/09\/66d4499d48fbef4a6978bc7c.jpg"}],"author":"rtnews","twitter_card":"summary_large_image","twitter_creator":"@WirMachenAuf_de","twitter_site":"@WirMachenAuf_de","twitter_misc":{"Verfasst von":"rtnews","Gesch\u00e4tzte Lesezeit":"4\u00a0Minuten"},"schema":{"@context":"https:\/\/schema.org","@graph":[{"@type":"Article","@id":"https:\/\/now-news.de\/de\/deutschland\/credit-suisse-haette-ueberleben-koennen-linke-medien-machen-svp-hardliner-ueli-maurer-zum-suendenbock\/#article","isPartOf":{"@id":"https:\/\/now-news.de\/de\/deutschland\/credit-suisse-haette-ueberleben-koennen-linke-medien-machen-svp-hardliner-ueli-maurer-zum-suendenbock\/"},"author":{"name":"rtnews","@id":"https:\/\/now-news.de\/de\/#\/schema\/person\/fb534a4e865501d8b3285208df34a9b5"},"headline":"Credit Suisse h\u00e4tte \u00fcberleben k\u00f6nnen: Linke Medien machen SVP-Hardliner Ueli Maurer zum S\u00fcndenbock","datePublished":"2024-09-01T14:06:57+00:00","dateModified":"2024-09-01T14:06:57+00:00","mainEntityOfPage":{"@id":"https:\/\/now-news.de\/de\/deutschland\/credit-suisse-haette-ueberleben-koennen-linke-medien-machen-svp-hardliner-ueli-maurer-zum-suendenbock\/"},"wordCount":726,"commentCount":0,"publisher":{"@id":"https:\/\/now-news.de\/de\/#organization"},"image":{"@id":"https:\/\/now-news.de\/de\/deutschland\/credit-suisse-haette-ueberleben-koennen-linke-medien-machen-svp-hardliner-ueli-maurer-zum-suendenbock\/#primaryimage"},"thumbnailUrl":"https:\/\/now-news.de\/de\/wp-content\/uploads\/sites\/3\/2024\/09\/Credit-Suisse-haette-ueberleben-koennen-Linke-Medien-machen-SVP-Hardliner-Ueli.jpg","keywords":["Credit","h\u00e4tte","k\u00f6nnen","Linke","machen","Maurer","Medien","Suisse","S\u00fcndenbock","SVPHardliner","\u00dcberleben","Ueli","zum"],"articleSection":["Deutschland","Russland"],"inLanguage":"de","potentialAction":[{"@type":"CommentAction","name":"Comment","target":["https:\/\/now-news.de\/de\/deutschland\/credit-suisse-haette-ueberleben-koennen-linke-medien-machen-svp-hardliner-ueli-maurer-zum-suendenbock\/#respond"]}]},{"@type":"WebPage","@id":"https:\/\/now-news.de\/de\/deutschland\/credit-suisse-haette-ueberleben-koennen-linke-medien-machen-svp-hardliner-ueli-maurer-zum-suendenbock\/","url":"https:\/\/now-news.de\/de\/deutschland\/credit-suisse-haette-ueberleben-koennen-linke-medien-machen-svp-hardliner-ueli-maurer-zum-suendenbock\/","name":"Credit Suisse h\u00e4tte \u00fcberleben k\u00f6nnen: Linke Medien machen SVP-Hardliner Ueli Maurer zum S\u00fcndenbock - just-now.NEWS Deutschland","isPartOf":{"@id":"https:\/\/now-news.de\/de\/#website"},"primaryImageOfPage":{"@id":"https:\/\/now-news.de\/de\/deutschland\/credit-suisse-haette-ueberleben-koennen-linke-medien-machen-svp-hardliner-ueli-maurer-zum-suendenbock\/#primaryimage"},"image":{"@id":"https:\/\/now-news.de\/de\/deutschland\/credit-suisse-haette-ueberleben-koennen-linke-medien-machen-svp-hardliner-ueli-maurer-zum-suendenbock\/#primaryimage"},"thumbnailUrl":"https:\/\/now-news.de\/de\/wp-content\/uploads\/sites\/3\/2024\/09\/Credit-Suisse-haette-ueberleben-koennen-Linke-Medien-machen-SVP-Hardliner-Ueli.jpg","datePublished":"2024-09-01T14:06:57+00:00","dateModified":"2024-09-01T14:06:57+00:00","breadcrumb":{"@id":"https:\/\/now-news.de\/de\/deutschland\/credit-suisse-haette-ueberleben-koennen-linke-medien-machen-svp-hardliner-ueli-maurer-zum-suendenbock\/#breadcrumb"},"inLanguage":"de","potentialAction":[{"@type":"ReadAction","target":["https:\/\/now-news.de\/de\/deutschland\/credit-suisse-haette-ueberleben-koennen-linke-medien-machen-svp-hardliner-ueli-maurer-zum-suendenbock\/"]}]},{"@type":"ImageObject","inLanguage":"de","@id":"https:\/\/now-news.de\/de\/deutschland\/credit-suisse-haette-ueberleben-koennen-linke-medien-machen-svp-hardliner-ueli-maurer-zum-suendenbock\/#primaryimage","url":"https:\/\/now-news.de\/de\/wp-content\/uploads\/sites\/3\/2024\/09\/Credit-Suisse-haette-ueberleben-koennen-Linke-Medien-machen-SVP-Hardliner-Ueli.jpg","contentUrl":"https:\/\/now-news.de\/de\/wp-content\/uploads\/sites\/3\/2024\/09\/Credit-Suisse-haette-ueberleben-koennen-Linke-Medien-machen-SVP-Hardliner-Ueli.jpg","width":460,"height":259,"caption":"Credit Suisse h\u00e4tte \u00fcberleben k\u00f6nnen: Linke Medien machen SVP-Hardliner Ueli Maurer zum S\u00fcndenbock"},{"@type":"BreadcrumbList","@id":"https:\/\/now-news.de\/de\/deutschland\/credit-suisse-haette-ueberleben-koennen-linke-medien-machen-svp-hardliner-ueli-maurer-zum-suendenbock\/#breadcrumb","itemListElement":[{"@type":"ListItem","position":1,"name":"Home","item":"https:\/\/now-news.de\/de\/"},{"@type":"ListItem","position":2,"name":"Credit Suisse h\u00e4tte \u00fcberleben k\u00f6nnen: Linke Medien machen SVP-Hardliner Ueli Maurer zum S\u00fcndenbock"}]},{"@type":"WebSite","@id":"https:\/\/now-news.de\/de\/#website","url":"https:\/\/now-news.de\/de\/","name":"just-now.NEWS Deutschland","description":"Das Portal f\u00fcr unzensierte Nachrichten aus der Welt","publisher":{"@id":"https:\/\/now-news.de\/de\/#organization"},"potentialAction":[{"@type":"SearchAction","target":{"@type":"EntryPoint","urlTemplate":"https:\/\/now-news.de\/de\/?s={search_term_string}"},"query-input":"required name=search_term_string"}],"inLanguage":"de"},{"@type":"Organization","@id":"https:\/\/now-news.de\/de\/#organization","name":"Just Now News","url":"https:\/\/now-news.de\/de\/","logo":{"@type":"ImageObject","inLanguage":"de","@id":"https:\/\/now-news.de\/de\/#\/schema\/logo\/image\/","url":"http:\/\/just-now.news\/de\/wp-content\/uploads\/sites\/3\/2022\/04\/logo500x500.jpg","contentUrl":"http:\/\/just-now.news\/de\/wp-content\/uploads\/sites\/3\/2022\/04\/logo500x500.jpg","width":500,"height":500,"caption":"Just Now News"},"image":{"@id":"https:\/\/now-news.de\/de\/#\/schema\/logo\/image\/"},"sameAs":["https:\/\/www.facebook.com\/wirmachenauf","https:\/\/x.com\/WirMachenAuf_de"]},{"@type":"Person","@id":"https:\/\/now-news.de\/de\/#\/schema\/person\/fb534a4e865501d8b3285208df34a9b5","name":"rtnews","image":{"@type":"ImageObject","inLanguage":"de","@id":"https:\/\/now-news.de\/de\/#\/schema\/person\/image\/","url":"https:\/\/secure.gravatar.com\/avatar\/82aafea7d8127119dd649515f56e2117?s=96&d=mm&r=g","contentUrl":"https:\/\/secure.gravatar.com\/avatar\/82aafea7d8127119dd649515f56e2117?s=96&d=mm&r=g","caption":"rtnews"},"url":"https:\/\/now-news.de\/de\/author\/rnews\/"}]}},"_links":{"self":[{"href":"https:\/\/now-news.de\/de\/wp-json\/wp\/v2\/posts\/67983"}],"collection":[{"href":"https:\/\/now-news.de\/de\/wp-json\/wp\/v2\/posts"}],"about":[{"href":"https:\/\/now-news.de\/de\/wp-json\/wp\/v2\/types\/post"}],"author":[{"embeddable":true,"href":"https:\/\/now-news.de\/de\/wp-json\/wp\/v2\/users\/3"}],"replies":[{"embeddable":true,"href":"https:\/\/now-news.de\/de\/wp-json\/wp\/v2\/comments?post=67983"}],"version-history":[{"count":0,"href":"https:\/\/now-news.de\/de\/wp-json\/wp\/v2\/posts\/67983\/revisions"}],"wp:featuredmedia":[{"embeddable":true,"href":"https:\/\/now-news.de\/de\/wp-json\/wp\/v2\/media\/67984"}],"wp:attachment":[{"href":"https:\/\/now-news.de\/de\/wp-json\/wp\/v2\/media?parent=67983"}],"wp:term":[{"taxonomy":"category","embeddable":true,"href":"https:\/\/now-news.de\/de\/wp-json\/wp\/v2\/categories?post=67983"},{"taxonomy":"post_tag","embeddable":true,"href":"https:\/\/now-news.de\/de\/wp-json\/wp\/v2\/tags?post=67983"}],"curies":[{"name":"wp","href":"https:\/\/api.w.org\/{rel}","templated":true}]}}