{"id":67933,"date":"2024-08-31T17:20:55","date_gmt":"2024-08-31T15:20:55","guid":{"rendered":"https:\/\/now-news.de\/de\/deutschland\/medienbericht-f-16-koennte-von-patriot-luftabwehrsystem-abgeschossen-worden-sein\/"},"modified":"2024-08-31T17:20:55","modified_gmt":"2024-08-31T15:20:55","slug":"medienbericht-f-16-koennte-von-patriot-luftabwehrsystem-abgeschossen-worden-sein","status":"publish","type":"post","link":"https:\/\/now-news.de\/de\/deutschland\/medienbericht-f-16-koennte-von-patriot-luftabwehrsystem-abgeschossen-worden-sein\/","title":{"rendered":"Medienbericht: F-16 k\u00f6nnte von Patriot-Luftabwehrsystem abgeschossen worden sein"},"content":{"rendered":"<p><img decoding=\"async\" src=\"https:\/\/now-news.de\/de\/wp-content\/uploads\/sites\/3\/2024\/08\/66d32b5cb480cc18352cd81c.jpg\" \/><\/p>\n<div class=\"Text-root Text-type_1 \">\n                Die ukrainischen Streitkr\u00e4fte haben den ersten der von westlichen L\u00e4ndern gelieferten F-16-Kampfjets verloren. Die New York Times berichtet von Hinweisen, dass Patriot-Raketen die F-16 abgeschossen haben. Aber auch Fehlfunktionen und Pilotenfehler wurden nicht ausgeschlossen.\n            <\/div>\n<p><\/p>\n<div class=\"Text-root Text-type_5 ArticleView-text ViewText-root \">\n<p>Das an die Ukraine \u00fcbergebene F-16-Kampfflugzeug k\u00f6nnte von den Ukrainern selbst mit einem Boden-Luft-Raketensystem vom Typ Patriot abgeschossen worden sein. Darauf hat ein westlicher Beamter hingewiesen, der \u00fcber die vorl\u00e4ufige Untersuchung des Absturzes informiert ist, <a rel=\"nofollow noopener\" target=\"_blank\" href=\"https:\/\/www.nytimes.com\/2024\/08\/30\/world\/europe\/ukraine-f16-crash.html\">berichtete<\/a> die <em>New York Times<\/em>.<strong><\/strong><\/p>\n<p>Auch eine Fehlfunktion oder ein Pilotenfehler seien nicht ausgeschlossen worden, schrieb die Zeitung. Wie die stellvertretende Pentagon-Sprecherin Sabrina Singh bereits mitteilte, kann nicht best\u00e4tigt werden, dass das Flugzeug, das Kiew erhalten hat, von einer Patriot-Rakete abgeschossen wurde. Die Vermutung, dass die F-16 versehentlich von einem Flugabwehrraketensystem getroffen worden sein k\u00f6nnte, wurde von der Abgeordneten der Werchowna Rada, Marjana Besuglaja, ge\u00e4u\u00dfert.<\/p>\n<p>Der Verlust eines der an die Ukraine gelieferten Flugzeuge kurz nach deren Erhalt ist ein schwerer Schlag f\u00fcr die Bem\u00fchungen Kiews, seine NATO-Verb\u00fcndeten davon zu \u00fcberzeugen, dass es mit hoch entwickelten westlichen Waffen umgehen kann, so die Zeitung.<\/p>\n<p>Der bei dem Absturz get\u00f6tete F-16-Pilot Alexei Mes befand sich in einer beschleunigten Ausbildung f\u00fcr diesen Flugzeugtyp. Die USA und die Ukraine arbeiten bei der Untersuchung des Absturzes zusammen.<\/p>\n<p>Am Vorabend des Absturzes entlie\u00df Wladimir Selenskij den Kommandeur der ukrainischen Luftwaffe, Nikolai Oleschtschuk. Den Grund daf\u00fcr gab er nicht bekannt. Der von Besuglaja vorgetragenen Version zufolge warf Oleschtschuk ihr vor, die milit\u00e4rische F\u00fchrung des Landes zu diskreditieren. Nach der Entlassung zitierte er den ehemaligen Oberkommandierenden der ukrainischen Streitkr\u00e4fte, Waleri Saluschny:<\/p>\n<blockquote>\n<p><em>&#8220;So schwer es f\u00fcr uns auch ist, peinlich wird es sicher nicht mehr sein.&#8221;<\/em><\/p>\n<\/blockquote>\n<p>Die ukrainischen Streitkr\u00e4fte verloren am 26. August die erste der vom Westen gelieferten F-16-Maschinen. An diesem Tag meldete das russische Verteidigungsministerium einen massiven Raketenangriff auf ukrainische Energieanlagen. Selenskij sagte damals, Kiew habe die F-16 eingesetzt, um russische Raketen w\u00e4hrend der Angriffe auf die Energieinfrastruktur abzuschie\u00dfen.<\/p>\n<p><strong>Mehr zum Thema<\/strong> &#8211; <a rel=\"nofollow noopener\" target=\"_blank\" href=\"https:\/\/freedert.online\/international\/217514-medienbericht-usa-entsenden-keine-militaerdienstleister-zur-wartung-ukrainischer-f-16\/\">Medienbericht: USA entsenden keine Milit\u00e4rdienstleister zur Wartung ukrainischer F-16<\/a><\/p>\n<div class=\"EmbedBlock-root EmbedBlock-externalVideo EmbedBlock-rumble\">\n<div class=\"VkEmbed\"><iframe class=\"lazyload\" data-src=\"https:\/\/rumble.com\/embed\/v5aoox9\" frameborder=\"0\" width=\"853\" height=\"480\" allowfullscreen><\/iframe><\/div>\n<\/div>\n<\/div>\n<p><br \/>\n<br \/><a href=\"https:\/\/de.rt.com\/international\/217536-nyt-f-16-koennte-von\/\">Source link <\/a><\/p>\n","protected":false},"excerpt":{"rendered":"<p>Die ukrainischen Streitkr\u00e4fte haben den ersten der von westlichen L\u00e4ndern gelieferten F-16-Kampfjets verloren. Die New York Times berichtet von Hinweisen, dass Patriot-Raketen die F-16 abgeschossen haben. Aber auch Fehlfunktionen und Pilotenfehler wurden nicht ausgeschlossen. Das an die Ukraine \u00fcbergebene F-16-Kampfflugzeug k\u00f6nnte von den Ukrainern selbst mit einem Boden-Luft-Raketensystem vom Typ Patriot abgeschossen worden sein. Darauf [&hellip;]<\/p>\n","protected":false},"author":3,"featured_media":67934,"comment_status":"open","ping_status":"open","sticky":false,"template":"","format":"standard","meta":{"_yoast_indexnow_last_ping":["1725118497"],"wp_automatic_camp":["217"],"946e5ad5a68e683dfa652db4b2262610":["Medienbericht: F-16 k\u00f6nnte von Patriot-Luftabwehrsystem abgeschossen worden sein"],"original_link":["https:\/\/de.rt.com\/international\/217536-nyt-f-16-koennte-von\/"],"_thumbnail_id":["67934"],"_wptgpro_p2tg_sent2tg":["a:1:{i:23737;s:19:\"2024-08-31 17:36:05\";}"],"jnews_social_counter_last_update":["1777377396"]},"categories":[19,23],"tags":[36034,26456,970,869,58089,3950,50,17465],"yoast_head":"<!-- This site is optimized with the Yoast SEO Premium plugin v22.7 (Yoast SEO v22.7) - https:\/\/yoast.com\/wordpress\/plugins\/seo\/ -->\n<title>Medienbericht: F-16 k\u00f6nnte von Patriot-Luftabwehrsystem abgeschossen worden sein - just-now.NEWS Deutschland<\/title>\n<meta name=\"robots\" content=\"index, follow, max-snippet:-1, max-image-preview:large, max-video-preview:-1\" \/>\n<link rel=\"canonical\" href=\"https:\/\/now-news.de\/de\/deutschland\/medienbericht-f-16-koennte-von-patriot-luftabwehrsystem-abgeschossen-worden-sein\/\" \/>\n<meta property=\"og:locale\" content=\"de_DE\" \/>\n<meta property=\"og:type\" content=\"article\" \/>\n<meta property=\"og:title\" content=\"Medienbericht: F-16 k\u00f6nnte von Patriot-Luftabwehrsystem abgeschossen worden sein\" \/>\n<meta property=\"og:description\" content=\"Die ukrainischen Streitkr\u00e4fte haben den ersten der von westlichen L\u00e4ndern gelieferten F-16-Kampfjets verloren. Die New York Times berichtet von Hinweisen, dass Patriot-Raketen die F-16 abgeschossen haben. Aber auch Fehlfunktionen und Pilotenfehler wurden nicht ausgeschlossen. Das an die Ukraine \u00fcbergebene F-16-Kampfflugzeug k\u00f6nnte von den Ukrainern selbst mit einem Boden-Luft-Raketensystem vom Typ Patriot abgeschossen worden sein. Darauf [&hellip;]\" \/>\n<meta property=\"og:url\" content=\"https:\/\/now-news.de\/de\/deutschland\/medienbericht-f-16-koennte-von-patriot-luftabwehrsystem-abgeschossen-worden-sein\/\" \/>\n<meta property=\"og:site_name\" content=\"just-now.NEWS Deutschland\" \/>\n<meta property=\"article:publisher\" content=\"https:\/\/www.facebook.com\/wirmachenauf\" \/>\n<meta property=\"article:published_time\" content=\"2024-08-31T15:20:55+00:00\" \/>\n<meta property=\"og:image\" content=\"https:\/\/now-news.de\/de\/wp-content\/uploads\/sites\/3\/2024\/08\/66d32b5cb480cc18352cd81c.jpg\" \/>\n<meta name=\"author\" content=\"rtnews\" \/>\n<meta name=\"twitter:card\" content=\"summary_large_image\" \/>\n<meta name=\"twitter:creator\" content=\"@WirMachenAuf_de\" \/>\n<meta name=\"twitter:site\" content=\"@WirMachenAuf_de\" \/>\n<meta name=\"twitter:label1\" content=\"Verfasst von\" \/>\n\t<meta name=\"twitter:data1\" content=\"rtnews\" \/>\n\t<meta name=\"twitter:label2\" content=\"Gesch\u00e4tzte Lesezeit\" \/>\n\t<meta name=\"twitter:data2\" content=\"2\u00a0Minuten\" \/>\n<script type=\"application\/ld+json\" class=\"yoast-schema-graph\">{\"@context\":\"https:\/\/schema.org\",\"@graph\":[{\"@type\":\"Article\",\"@id\":\"https:\/\/now-news.de\/de\/deutschland\/medienbericht-f-16-koennte-von-patriot-luftabwehrsystem-abgeschossen-worden-sein\/#article\",\"isPartOf\":{\"@id\":\"https:\/\/now-news.de\/de\/deutschland\/medienbericht-f-16-koennte-von-patriot-luftabwehrsystem-abgeschossen-worden-sein\/\"},\"author\":{\"name\":\"rtnews\",\"@id\":\"https:\/\/now-news.de\/de\/#\/schema\/person\/fb534a4e865501d8b3285208df34a9b5\"},\"headline\":\"Medienbericht: F-16 k\u00f6nnte von Patriot-Luftabwehrsystem abgeschossen worden sein\",\"datePublished\":\"2024-08-31T15:20:55+00:00\",\"dateModified\":\"2024-08-31T15:20:55+00:00\",\"mainEntityOfPage\":{\"@id\":\"https:\/\/now-news.de\/de\/deutschland\/medienbericht-f-16-koennte-von-patriot-luftabwehrsystem-abgeschossen-worden-sein\/\"},\"wordCount\":361,\"commentCount\":0,\"publisher\":{\"@id\":\"https:\/\/now-news.de\/de\/#organization\"},\"image\":{\"@id\":\"https:\/\/now-news.de\/de\/deutschland\/medienbericht-f-16-koennte-von-patriot-luftabwehrsystem-abgeschossen-worden-sein\/#primaryimage\"},\"thumbnailUrl\":\"https:\/\/now-news.de\/de\/wp-content\/uploads\/sites\/3\/2024\/08\/Medienbericht-F-16-koennte-von-Patriot-Luftabwehrsystem-abgeschossen-worden-sein.jpg\",\"keywords\":[\"abgeschossen\",\"F16\",\"K\u00f6nnte\",\"Medienbericht\",\"PatriotLuftabwehrsystem\",\"sein\",\"von\",\"Worden\"],\"articleSection\":[\"Deutschland\",\"Russland\"],\"inLanguage\":\"de\",\"potentialAction\":[{\"@type\":\"CommentAction\",\"name\":\"Comment\",\"target\":[\"https:\/\/now-news.de\/de\/deutschland\/medienbericht-f-16-koennte-von-patriot-luftabwehrsystem-abgeschossen-worden-sein\/#respond\"]}]},{\"@type\":\"WebPage\",\"@id\":\"https:\/\/now-news.de\/de\/deutschland\/medienbericht-f-16-koennte-von-patriot-luftabwehrsystem-abgeschossen-worden-sein\/\",\"url\":\"https:\/\/now-news.de\/de\/deutschland\/medienbericht-f-16-koennte-von-patriot-luftabwehrsystem-abgeschossen-worden-sein\/\",\"name\":\"Medienbericht: F-16 k\u00f6nnte von Patriot-Luftabwehrsystem abgeschossen worden sein - just-now.NEWS Deutschland\",\"isPartOf\":{\"@id\":\"https:\/\/now-news.de\/de\/#website\"},\"primaryImageOfPage\":{\"@id\":\"https:\/\/now-news.de\/de\/deutschland\/medienbericht-f-16-koennte-von-patriot-luftabwehrsystem-abgeschossen-worden-sein\/#primaryimage\"},\"image\":{\"@id\":\"https:\/\/now-news.de\/de\/deutschland\/medienbericht-f-16-koennte-von-patriot-luftabwehrsystem-abgeschossen-worden-sein\/#primaryimage\"},\"thumbnailUrl\":\"https:\/\/now-news.de\/de\/wp-content\/uploads\/sites\/3\/2024\/08\/Medienbericht-F-16-koennte-von-Patriot-Luftabwehrsystem-abgeschossen-worden-sein.jpg\",\"datePublished\":\"2024-08-31T15:20:55+00:00\",\"dateModified\":\"2024-08-31T15:20:55+00:00\",\"breadcrumb\":{\"@id\":\"https:\/\/now-news.de\/de\/deutschland\/medienbericht-f-16-koennte-von-patriot-luftabwehrsystem-abgeschossen-worden-sein\/#breadcrumb\"},\"inLanguage\":\"de\",\"potentialAction\":[{\"@type\":\"ReadAction\",\"target\":[\"https:\/\/now-news.de\/de\/deutschland\/medienbericht-f-16-koennte-von-patriot-luftabwehrsystem-abgeschossen-worden-sein\/\"]}]},{\"@type\":\"ImageObject\",\"inLanguage\":\"de\",\"@id\":\"https:\/\/now-news.de\/de\/deutschland\/medienbericht-f-16-koennte-von-patriot-luftabwehrsystem-abgeschossen-worden-sein\/#primaryimage\",\"url\":\"https:\/\/now-news.de\/de\/wp-content\/uploads\/sites\/3\/2024\/08\/Medienbericht-F-16-koennte-von-Patriot-Luftabwehrsystem-abgeschossen-worden-sein.jpg\",\"contentUrl\":\"https:\/\/now-news.de\/de\/wp-content\/uploads\/sites\/3\/2024\/08\/Medienbericht-F-16-koennte-von-Patriot-Luftabwehrsystem-abgeschossen-worden-sein.jpg\",\"width\":460,\"height\":259,\"caption\":\"Medienbericht: F-16 k\u00f6nnte von Patriot-Luftabwehrsystem abgeschossen worden sein\"},{\"@type\":\"BreadcrumbList\",\"@id\":\"https:\/\/now-news.de\/de\/deutschland\/medienbericht-f-16-koennte-von-patriot-luftabwehrsystem-abgeschossen-worden-sein\/#breadcrumb\",\"itemListElement\":[{\"@type\":\"ListItem\",\"position\":1,\"name\":\"Home\",\"item\":\"https:\/\/now-news.de\/de\/\"},{\"@type\":\"ListItem\",\"position\":2,\"name\":\"Medienbericht: F-16 k\u00f6nnte von Patriot-Luftabwehrsystem abgeschossen worden sein\"}]},{\"@type\":\"WebSite\",\"@id\":\"https:\/\/now-news.de\/de\/#website\",\"url\":\"https:\/\/now-news.de\/de\/\",\"name\":\"just-now.NEWS Deutschland\",\"description\":\"Das Portal f\u00fcr unzensierte Nachrichten aus der Welt\",\"publisher\":{\"@id\":\"https:\/\/now-news.de\/de\/#organization\"},\"potentialAction\":[{\"@type\":\"SearchAction\",\"target\":{\"@type\":\"EntryPoint\",\"urlTemplate\":\"https:\/\/now-news.de\/de\/?s={search_term_string}\"},\"query-input\":\"required name=search_term_string\"}],\"inLanguage\":\"de\"},{\"@type\":\"Organization\",\"@id\":\"https:\/\/now-news.de\/de\/#organization\",\"name\":\"Just Now News\",\"url\":\"https:\/\/now-news.de\/de\/\",\"logo\":{\"@type\":\"ImageObject\",\"inLanguage\":\"de\",\"@id\":\"https:\/\/now-news.de\/de\/#\/schema\/logo\/image\/\",\"url\":\"http:\/\/just-now.news\/de\/wp-content\/uploads\/sites\/3\/2022\/04\/logo500x500.jpg\",\"contentUrl\":\"http:\/\/just-now.news\/de\/wp-content\/uploads\/sites\/3\/2022\/04\/logo500x500.jpg\",\"width\":500,\"height\":500,\"caption\":\"Just Now News\"},\"image\":{\"@id\":\"https:\/\/now-news.de\/de\/#\/schema\/logo\/image\/\"},\"sameAs\":[\"https:\/\/www.facebook.com\/wirmachenauf\",\"https:\/\/x.com\/WirMachenAuf_de\"]},{\"@type\":\"Person\",\"@id\":\"https:\/\/now-news.de\/de\/#\/schema\/person\/fb534a4e865501d8b3285208df34a9b5\",\"name\":\"rtnews\",\"image\":{\"@type\":\"ImageObject\",\"inLanguage\":\"de\",\"@id\":\"https:\/\/now-news.de\/de\/#\/schema\/person\/image\/\",\"url\":\"https:\/\/secure.gravatar.com\/avatar\/82aafea7d8127119dd649515f56e2117?s=96&d=mm&r=g\",\"contentUrl\":\"https:\/\/secure.gravatar.com\/avatar\/82aafea7d8127119dd649515f56e2117?s=96&d=mm&r=g\",\"caption\":\"rtnews\"},\"url\":\"https:\/\/now-news.de\/de\/author\/rnews\/\"}]}<\/script>\n<!-- \/ Yoast SEO Premium plugin. -->","yoast_head_json":{"title":"Medienbericht: F-16 k\u00f6nnte von Patriot-Luftabwehrsystem abgeschossen worden sein - just-now.NEWS Deutschland","robots":{"index":"index","follow":"follow","max-snippet":"max-snippet:-1","max-image-preview":"max-image-preview:large","max-video-preview":"max-video-preview:-1"},"canonical":"https:\/\/now-news.de\/de\/deutschland\/medienbericht-f-16-koennte-von-patriot-luftabwehrsystem-abgeschossen-worden-sein\/","og_locale":"de_DE","og_type":"article","og_title":"Medienbericht: F-16 k\u00f6nnte von Patriot-Luftabwehrsystem abgeschossen worden sein","og_description":"Die ukrainischen Streitkr\u00e4fte haben den ersten der von westlichen L\u00e4ndern gelieferten F-16-Kampfjets verloren. Die New York Times berichtet von Hinweisen, dass Patriot-Raketen die F-16 abgeschossen haben. Aber auch Fehlfunktionen und Pilotenfehler wurden nicht ausgeschlossen. Das an die Ukraine \u00fcbergebene F-16-Kampfflugzeug k\u00f6nnte von den Ukrainern selbst mit einem Boden-Luft-Raketensystem vom Typ Patriot abgeschossen worden sein. Darauf [&hellip;]","og_url":"https:\/\/now-news.de\/de\/deutschland\/medienbericht-f-16-koennte-von-patriot-luftabwehrsystem-abgeschossen-worden-sein\/","og_site_name":"just-now.NEWS Deutschland","article_publisher":"https:\/\/www.facebook.com\/wirmachenauf","article_published_time":"2024-08-31T15:20:55+00:00","og_image":[{"url":"https:\/\/now-news.de\/de\/wp-content\/uploads\/sites\/3\/2024\/08\/66d32b5cb480cc18352cd81c.jpg"}],"author":"rtnews","twitter_card":"summary_large_image","twitter_creator":"@WirMachenAuf_de","twitter_site":"@WirMachenAuf_de","twitter_misc":{"Verfasst von":"rtnews","Gesch\u00e4tzte Lesezeit":"2\u00a0Minuten"},"schema":{"@context":"https:\/\/schema.org","@graph":[{"@type":"Article","@id":"https:\/\/now-news.de\/de\/deutschland\/medienbericht-f-16-koennte-von-patriot-luftabwehrsystem-abgeschossen-worden-sein\/#article","isPartOf":{"@id":"https:\/\/now-news.de\/de\/deutschland\/medienbericht-f-16-koennte-von-patriot-luftabwehrsystem-abgeschossen-worden-sein\/"},"author":{"name":"rtnews","@id":"https:\/\/now-news.de\/de\/#\/schema\/person\/fb534a4e865501d8b3285208df34a9b5"},"headline":"Medienbericht: F-16 k\u00f6nnte von Patriot-Luftabwehrsystem abgeschossen worden sein","datePublished":"2024-08-31T15:20:55+00:00","dateModified":"2024-08-31T15:20:55+00:00","mainEntityOfPage":{"@id":"https:\/\/now-news.de\/de\/deutschland\/medienbericht-f-16-koennte-von-patriot-luftabwehrsystem-abgeschossen-worden-sein\/"},"wordCount":361,"commentCount":0,"publisher":{"@id":"https:\/\/now-news.de\/de\/#organization"},"image":{"@id":"https:\/\/now-news.de\/de\/deutschland\/medienbericht-f-16-koennte-von-patriot-luftabwehrsystem-abgeschossen-worden-sein\/#primaryimage"},"thumbnailUrl":"https:\/\/now-news.de\/de\/wp-content\/uploads\/sites\/3\/2024\/08\/Medienbericht-F-16-koennte-von-Patriot-Luftabwehrsystem-abgeschossen-worden-sein.jpg","keywords":["abgeschossen","F16","K\u00f6nnte","Medienbericht","PatriotLuftabwehrsystem","sein","von","Worden"],"articleSection":["Deutschland","Russland"],"inLanguage":"de","potentialAction":[{"@type":"CommentAction","name":"Comment","target":["https:\/\/now-news.de\/de\/deutschland\/medienbericht-f-16-koennte-von-patriot-luftabwehrsystem-abgeschossen-worden-sein\/#respond"]}]},{"@type":"WebPage","@id":"https:\/\/now-news.de\/de\/deutschland\/medienbericht-f-16-koennte-von-patriot-luftabwehrsystem-abgeschossen-worden-sein\/","url":"https:\/\/now-news.de\/de\/deutschland\/medienbericht-f-16-koennte-von-patriot-luftabwehrsystem-abgeschossen-worden-sein\/","name":"Medienbericht: F-16 k\u00f6nnte von Patriot-Luftabwehrsystem abgeschossen worden sein - just-now.NEWS Deutschland","isPartOf":{"@id":"https:\/\/now-news.de\/de\/#website"},"primaryImageOfPage":{"@id":"https:\/\/now-news.de\/de\/deutschland\/medienbericht-f-16-koennte-von-patriot-luftabwehrsystem-abgeschossen-worden-sein\/#primaryimage"},"image":{"@id":"https:\/\/now-news.de\/de\/deutschland\/medienbericht-f-16-koennte-von-patriot-luftabwehrsystem-abgeschossen-worden-sein\/#primaryimage"},"thumbnailUrl":"https:\/\/now-news.de\/de\/wp-content\/uploads\/sites\/3\/2024\/08\/Medienbericht-F-16-koennte-von-Patriot-Luftabwehrsystem-abgeschossen-worden-sein.jpg","datePublished":"2024-08-31T15:20:55+00:00","dateModified":"2024-08-31T15:20:55+00:00","breadcrumb":{"@id":"https:\/\/now-news.de\/de\/deutschland\/medienbericht-f-16-koennte-von-patriot-luftabwehrsystem-abgeschossen-worden-sein\/#breadcrumb"},"inLanguage":"de","potentialAction":[{"@type":"ReadAction","target":["https:\/\/now-news.de\/de\/deutschland\/medienbericht-f-16-koennte-von-patriot-luftabwehrsystem-abgeschossen-worden-sein\/"]}]},{"@type":"ImageObject","inLanguage":"de","@id":"https:\/\/now-news.de\/de\/deutschland\/medienbericht-f-16-koennte-von-patriot-luftabwehrsystem-abgeschossen-worden-sein\/#primaryimage","url":"https:\/\/now-news.de\/de\/wp-content\/uploads\/sites\/3\/2024\/08\/Medienbericht-F-16-koennte-von-Patriot-Luftabwehrsystem-abgeschossen-worden-sein.jpg","contentUrl":"https:\/\/now-news.de\/de\/wp-content\/uploads\/sites\/3\/2024\/08\/Medienbericht-F-16-koennte-von-Patriot-Luftabwehrsystem-abgeschossen-worden-sein.jpg","width":460,"height":259,"caption":"Medienbericht: F-16 k\u00f6nnte von Patriot-Luftabwehrsystem abgeschossen worden sein"},{"@type":"BreadcrumbList","@id":"https:\/\/now-news.de\/de\/deutschland\/medienbericht-f-16-koennte-von-patriot-luftabwehrsystem-abgeschossen-worden-sein\/#breadcrumb","itemListElement":[{"@type":"ListItem","position":1,"name":"Home","item":"https:\/\/now-news.de\/de\/"},{"@type":"ListItem","position":2,"name":"Medienbericht: F-16 k\u00f6nnte von Patriot-Luftabwehrsystem abgeschossen worden sein"}]},{"@type":"WebSite","@id":"https:\/\/now-news.de\/de\/#website","url":"https:\/\/now-news.de\/de\/","name":"just-now.NEWS Deutschland","description":"Das Portal f\u00fcr unzensierte Nachrichten aus der Welt","publisher":{"@id":"https:\/\/now-news.de\/de\/#organization"},"potentialAction":[{"@type":"SearchAction","target":{"@type":"EntryPoint","urlTemplate":"https:\/\/now-news.de\/de\/?s={search_term_string}"},"query-input":"required name=search_term_string"}],"inLanguage":"de"},{"@type":"Organization","@id":"https:\/\/now-news.de\/de\/#organization","name":"Just Now News","url":"https:\/\/now-news.de\/de\/","logo":{"@type":"ImageObject","inLanguage":"de","@id":"https:\/\/now-news.de\/de\/#\/schema\/logo\/image\/","url":"http:\/\/just-now.news\/de\/wp-content\/uploads\/sites\/3\/2022\/04\/logo500x500.jpg","contentUrl":"http:\/\/just-now.news\/de\/wp-content\/uploads\/sites\/3\/2022\/04\/logo500x500.jpg","width":500,"height":500,"caption":"Just Now News"},"image":{"@id":"https:\/\/now-news.de\/de\/#\/schema\/logo\/image\/"},"sameAs":["https:\/\/www.facebook.com\/wirmachenauf","https:\/\/x.com\/WirMachenAuf_de"]},{"@type":"Person","@id":"https:\/\/now-news.de\/de\/#\/schema\/person\/fb534a4e865501d8b3285208df34a9b5","name":"rtnews","image":{"@type":"ImageObject","inLanguage":"de","@id":"https:\/\/now-news.de\/de\/#\/schema\/person\/image\/","url":"https:\/\/secure.gravatar.com\/avatar\/82aafea7d8127119dd649515f56e2117?s=96&d=mm&r=g","contentUrl":"https:\/\/secure.gravatar.com\/avatar\/82aafea7d8127119dd649515f56e2117?s=96&d=mm&r=g","caption":"rtnews"},"url":"https:\/\/now-news.de\/de\/author\/rnews\/"}]}},"_links":{"self":[{"href":"https:\/\/now-news.de\/de\/wp-json\/wp\/v2\/posts\/67933"}],"collection":[{"href":"https:\/\/now-news.de\/de\/wp-json\/wp\/v2\/posts"}],"about":[{"href":"https:\/\/now-news.de\/de\/wp-json\/wp\/v2\/types\/post"}],"author":[{"embeddable":true,"href":"https:\/\/now-news.de\/de\/wp-json\/wp\/v2\/users\/3"}],"replies":[{"embeddable":true,"href":"https:\/\/now-news.de\/de\/wp-json\/wp\/v2\/comments?post=67933"}],"version-history":[{"count":0,"href":"https:\/\/now-news.de\/de\/wp-json\/wp\/v2\/posts\/67933\/revisions"}],"wp:featuredmedia":[{"embeddable":true,"href":"https:\/\/now-news.de\/de\/wp-json\/wp\/v2\/media\/67934"}],"wp:attachment":[{"href":"https:\/\/now-news.de\/de\/wp-json\/wp\/v2\/media?parent=67933"}],"wp:term":[{"taxonomy":"category","embeddable":true,"href":"https:\/\/now-news.de\/de\/wp-json\/wp\/v2\/categories?post=67933"},{"taxonomy":"post_tag","embeddable":true,"href":"https:\/\/now-news.de\/de\/wp-json\/wp\/v2\/tags?post=67933"}],"curies":[{"name":"wp","href":"https:\/\/api.w.org\/{rel}","templated":true}]}}