{"id":67927,"date":"2024-08-31T15:30:08","date_gmt":"2024-08-31T13:30:08","guid":{"rendered":"https:\/\/now-news.de\/de\/deutschland\/netanjahu-betrachtet-befreiung-der-geiseln-nicht-als-israelische-prioritaet\/"},"modified":"2024-08-31T15:30:08","modified_gmt":"2024-08-31T13:30:08","slug":"netanjahu-betrachtet-befreiung-der-geiseln-nicht-als-israelische-prioritaet","status":"publish","type":"post","link":"https:\/\/now-news.de\/de\/deutschland\/netanjahu-betrachtet-befreiung-der-geiseln-nicht-als-israelische-prioritaet\/","title":{"rendered":"Netanjahu betrachtet Befreiung der Geiseln nicht als israelische Priorit\u00e4t"},"content":{"rendered":"<p><img decoding=\"async\" src=\"https:\/\/now-news.de\/de\/wp-content\/uploads\/sites\/3\/2024\/08\/66d30923b480cc1818032215.jpg\" \/><\/p>\n<div class=\"Text-root Text-type_1 \">\n                Verteidigungsminister Joaw Galant erkl\u00e4rte Benjamin Netanjahu, dass Israel vor der Wahl stehe: Truppen in der Philadelphi-Passage zu belassen oder die Geiseln zur\u00fcckzugeben. Netanjahu entgegnete, dass der Verbleib der Truppen dort f\u00fcr den Staat von entscheidender Bedeutung sei.\n            <\/div>\n<p><\/p>\n<div class=\"Text-root Text-type_5 ArticleView-text ViewText-root \">\n<p>Israels Ministerpr\u00e4sident Benjamin Netanjahu hat dem Verteidigungsminister des Landes Joaw Galant mitgeteilt, dass er dem Verbleib der israelischen Truppen in der Philadelphi-Passage Vorrang vor der Rettung des Lebens der verbleibenden Geiseln im Gazastreifen einr\u00e4umt. Dies <a rel=\"nofollow noopener\" target=\"_blank\" href=\"https:\/\/www.timesofisrael.com\/asked-to-decide-between-hostages-or-philadelphi-netanyahu-said-to-prefer-latter\/\">berichtete<\/a> die <em>Times of Israel<\/em>.<em><\/em><\/p>\n<p>Der Ministerpr\u00e4sident habe diese Erkl\u00e4rung bei einer Sitzung des Sicherheitskabinetts am Abend des 29.\u00a0August abgegeben, so die Zeitung. Netanjahu forderte das Kabinett auf, mehrere von den Israelischen Verteidigungsstreitkr\u00e4ften (IDF) vorgelegte Karten zu genehmigen, die zeigen, wie Israel seine Truppen im Philadelphi-Korridor einsetzen will.<\/p>\n<p>Galant forderte den Ministerpr\u00e4sidenten auf, die Notwendigkeit der Abstimmung zu erl\u00e4utern: Aus dem von <em>Channel\u00a012<\/em> ver\u00f6ffentlichten Protokoll der Sitzung gehe hervor, dass die Minister nicht im Voraus dar\u00fcber informiert worden seien. Galant erkl\u00e4rte seinen Kollegen:<\/p>\n<blockquote>\n<p><em>&#8220;Die Hamas wird dem nicht zustimmen, also wird es keine Einigung geben, und die Geiseln werden nicht freigelassen.&#8221;<\/em><\/p>\n<\/blockquote>\n<p>Netanjahu entgegnete, dass &#8220;die L\u00f6sung diese ist&#8221;.<\/p>\n<p>Die Philadelphi-Passage ist die 20\u00a0Kilometer lange Grenze zwischen dem Gazastreifen und \u00c4gypten. Sie verl\u00e4uft vom Kibbuz Kerem Schalom (an der Grenze zwischen Israel und dem Gazastreifen) durch die Stadt Rafah (eine Stadt an der Grenze zwischen dem Gazastreifen und \u00c4gypten) bis zur Mittelmeerk\u00fcste. Sie wurde bis 2005 von den israelischen Streitkr\u00e4ften kontrolliert.<\/p>\n<p>Im Jahr 2005 hatten sich die israelischen Truppen zur\u00fcckgezogen, und es war das Philadelphia-Abkommen mit \u00c4gypten geschlossen worden, das Kairo die Stationierung von 750\u00a0Grenzbeamten auf seiner Seite der Passage erm\u00f6glicht hatte. Die pal\u00e4stinensische Seite war von der Pal\u00e4stinensischen Beh\u00f6rde kontrolliert worden, bis die Hamas 2007 an die Macht kam. Der Grenz\u00fcbergang Rafah (\u00fcber den nach Beginn des Krieges zwischen Israel und der Hamas die Einwohner des Gazastreifens evakuiert und humanit\u00e4re Hilfsg\u00fcter geliefert wurden) wurde gemeinsam von \u00c4gypten und der Pal\u00e4stinensischen Autonomiebeh\u00f6rde kontrolliert.<\/p>\n<p>Galant behauptete, Netanjahu habe seine Position den Sicherheitsbeh\u00f6rden und den Verhandlungsf\u00fchrern aufgezwungen, und die von den IDF vorgelegten Karten widerspr\u00e4chen seiner Position. Der Ministerpr\u00e4sident wies die Vorw\u00fcrfe zur\u00fcck.<\/p>\n<p>Dann erkl\u00e4rte der Minister seinen Kollegen, sie st\u00fcnden vor der Wahl, die Truppen im Korridor zu belassen oder die Geiseln zur\u00fcckzugeben. Galant fragte Netanjahu:<\/p>\n<blockquote>\n<p><em>&#8220;Wenn [Yahya] Sinwar (der Chef des Politb\u00fcros der Hamas) Sie vor die Wahl stellt, entweder Philadelphia zu verlassen oder die Geiseln zur\u00fcckzubringen, was werden Sie tun?&#8221;<\/em><\/p>\n<\/blockquote>\n<p>Der Ministerpr\u00e4sident antwortete ihm, dass es f\u00fcr den Staat von entscheidender Bedeutung sei, die IDF in dem Korridor zu halten.<\/p>\n<p>Es gibt keine genauen Angaben \u00fcber die Zahl der Geiseln, die sich noch in der Gewalt der Hamas befinden. Nach mehreren Austauschrunden zwischen Israel und der Gruppe waren es etwa 130. Nach Angaben der Pal\u00e4stinenserorganisation wurden bei der israelischen Operation im Gazastreifen 70\u00a0Geiseln get\u00f6tet. Israel hat sich zu diesen Informationen nicht ge\u00e4u\u00dfert.<\/p>\n<p>Netanjahu hat die R\u00fcckgabe der von der Hamas entf\u00fchrten Geiseln bereits \u00f6ffentlich als israelische Priorit\u00e4t und als Bedingung f\u00fcr einen Waffenstillstand bezeichnet.<\/p>\n<p>Die Hamas und Israel haben in den letzten Monaten mit Vermittlern \u00fcber ein neues Abkommen verhandelt. <em>Reuters<\/em>-Quellen zufolge war die israelische Forderung, die Truppen im Philadelphi-Korridor zu belassen, eine der Unstimmigkeiten, \u00fcber die die Hamas &#8220;besonders besorgt&#8221; war.<\/p>\n<p><strong>Mehr zum Thema<\/strong> \u2013 <a rel=\"nofollow noopener\" target=\"_blank\" href=\"https:\/\/freedert.online\/der-nahe-osten\/217227-palaestinensische-milizen-rufen-zur-mobilisierung\/\">Pal\u00e4stinensische Milizen rufen\u00a0zur Mobilisierung f\u00fcr die Verteidigung des Westjordanlandes auf<\/a><\/p>\n<\/div>\n<p><br \/>\n<br \/><a href=\"https:\/\/de.rt.com\/der-nahe-osten\/217520-netanjahu-betrachtet-befreiung-der-geiseln-nicht-als-israelische-prioritaet\/\">Source link <\/a><\/p>\n","protected":false},"excerpt":{"rendered":"<p>Verteidigungsminister Joaw Galant erkl\u00e4rte Benjamin Netanjahu, dass Israel vor der Wahl stehe: Truppen in der Philadelphi-Passage zu belassen oder die Geiseln zur\u00fcckzugeben. Netanjahu entgegnete, dass der Verbleib der Truppen dort f\u00fcr den Staat von entscheidender Bedeutung sei. Israels Ministerpr\u00e4sident Benjamin Netanjahu hat dem Verteidigungsminister des Landes Joaw Galant mitgeteilt, dass er dem Verbleib der israelischen [&hellip;]<\/p>\n","protected":false},"author":3,"featured_media":67928,"comment_status":"open","ping_status":"open","sticky":false,"template":"","format":"standard","meta":{"_yoast_indexnow_last_ping":["1725111762"],"wp_automatic_camp":["217"],"acc083436e1be8bc97ac4b29b8085bc9":["Netanjahu betrachtet Befreiung der Geiseln nicht als israelische Priorit\u00e4t"],"original_link":["https:\/\/de.rt.com\/der-nahe-osten\/217520-netanjahu-betrachtet-befreiung-der-geiseln-nicht-als-israelische-prioritaet\/"],"_thumbnail_id":["67928"],"_wptgpro_p2tg_sent2tg":["a:1:{i:23737;s:19:\"2024-08-31 15:43:48\";}"],"jnews_social_counter_last_update":["1777562305"]},"categories":[19,23],"tags":[273,5542,20767,82,33143,1166,21113,800,24618],"yoast_head":"<!-- This site is optimized with the Yoast SEO Premium plugin v22.7 (Yoast SEO v22.7) - https:\/\/yoast.com\/wordpress\/plugins\/seo\/ -->\n<title>Netanjahu betrachtet Befreiung der Geiseln nicht als israelische Priorit\u00e4t - just-now.NEWS Deutschland<\/title>\n<meta name=\"robots\" content=\"index, follow, max-snippet:-1, max-image-preview:large, max-video-preview:-1\" \/>\n<link rel=\"canonical\" href=\"https:\/\/now-news.de\/de\/deutschland\/netanjahu-betrachtet-befreiung-der-geiseln-nicht-als-israelische-prioritaet\/\" \/>\n<meta property=\"og:locale\" content=\"de_DE\" \/>\n<meta property=\"og:type\" content=\"article\" \/>\n<meta property=\"og:title\" content=\"Netanjahu betrachtet Befreiung der Geiseln nicht als israelische Priorit\u00e4t\" \/>\n<meta property=\"og:description\" content=\"Verteidigungsminister Joaw Galant erkl\u00e4rte Benjamin Netanjahu, dass Israel vor der Wahl stehe: Truppen in der Philadelphi-Passage zu belassen oder die Geiseln zur\u00fcckzugeben. Netanjahu entgegnete, dass der Verbleib der Truppen dort f\u00fcr den Staat von entscheidender Bedeutung sei. Israels Ministerpr\u00e4sident Benjamin Netanjahu hat dem Verteidigungsminister des Landes Joaw Galant mitgeteilt, dass er dem Verbleib der israelischen [&hellip;]\" \/>\n<meta property=\"og:url\" content=\"https:\/\/now-news.de\/de\/deutschland\/netanjahu-betrachtet-befreiung-der-geiseln-nicht-als-israelische-prioritaet\/\" \/>\n<meta property=\"og:site_name\" content=\"just-now.NEWS Deutschland\" \/>\n<meta property=\"article:publisher\" content=\"https:\/\/www.facebook.com\/wirmachenauf\" \/>\n<meta property=\"article:published_time\" content=\"2024-08-31T13:30:08+00:00\" \/>\n<meta property=\"og:image\" content=\"https:\/\/now-news.de\/de\/wp-content\/uploads\/sites\/3\/2024\/08\/66d30923b480cc1818032215.jpg\" \/>\n<meta name=\"author\" content=\"rtnews\" \/>\n<meta name=\"twitter:card\" content=\"summary_large_image\" \/>\n<meta name=\"twitter:creator\" content=\"@WirMachenAuf_de\" \/>\n<meta name=\"twitter:site\" content=\"@WirMachenAuf_de\" \/>\n<meta name=\"twitter:label1\" content=\"Verfasst von\" \/>\n\t<meta name=\"twitter:data1\" content=\"rtnews\" \/>\n\t<meta name=\"twitter:label2\" content=\"Gesch\u00e4tzte Lesezeit\" \/>\n\t<meta name=\"twitter:data2\" content=\"3\u00a0Minuten\" \/>\n<script type=\"application\/ld+json\" class=\"yoast-schema-graph\">{\"@context\":\"https:\/\/schema.org\",\"@graph\":[{\"@type\":\"Article\",\"@id\":\"https:\/\/now-news.de\/de\/deutschland\/netanjahu-betrachtet-befreiung-der-geiseln-nicht-als-israelische-prioritaet\/#article\",\"isPartOf\":{\"@id\":\"https:\/\/now-news.de\/de\/deutschland\/netanjahu-betrachtet-befreiung-der-geiseln-nicht-als-israelische-prioritaet\/\"},\"author\":{\"name\":\"rtnews\",\"@id\":\"https:\/\/now-news.de\/de\/#\/schema\/person\/fb534a4e865501d8b3285208df34a9b5\"},\"headline\":\"Netanjahu betrachtet Befreiung der Geiseln nicht als israelische Priorit\u00e4t\",\"datePublished\":\"2024-08-31T13:30:08+00:00\",\"dateModified\":\"2024-08-31T13:30:08+00:00\",\"mainEntityOfPage\":{\"@id\":\"https:\/\/now-news.de\/de\/deutschland\/netanjahu-betrachtet-befreiung-der-geiseln-nicht-als-israelische-prioritaet\/\"},\"wordCount\":597,\"commentCount\":0,\"publisher\":{\"@id\":\"https:\/\/now-news.de\/de\/#organization\"},\"image\":{\"@id\":\"https:\/\/now-news.de\/de\/deutschland\/netanjahu-betrachtet-befreiung-der-geiseln-nicht-als-israelische-prioritaet\/#primaryimage\"},\"thumbnailUrl\":\"https:\/\/now-news.de\/de\/wp-content\/uploads\/sites\/3\/2024\/08\/Netanjahu-betrachtet-Befreiung-der-Geiseln-nicht-als-israelische-Prioritaet.jpg\",\"keywords\":[\"als\",\"Befreiung\",\"betrachtet\",\"der\",\"Geiseln\",\"Israelische\",\"Netanjahu\",\"nicht\",\"Priorit\u00e4t\"],\"articleSection\":[\"Deutschland\",\"Russland\"],\"inLanguage\":\"de\",\"potentialAction\":[{\"@type\":\"CommentAction\",\"name\":\"Comment\",\"target\":[\"https:\/\/now-news.de\/de\/deutschland\/netanjahu-betrachtet-befreiung-der-geiseln-nicht-als-israelische-prioritaet\/#respond\"]}]},{\"@type\":\"WebPage\",\"@id\":\"https:\/\/now-news.de\/de\/deutschland\/netanjahu-betrachtet-befreiung-der-geiseln-nicht-als-israelische-prioritaet\/\",\"url\":\"https:\/\/now-news.de\/de\/deutschland\/netanjahu-betrachtet-befreiung-der-geiseln-nicht-als-israelische-prioritaet\/\",\"name\":\"Netanjahu betrachtet Befreiung der Geiseln nicht als israelische Priorit\u00e4t - just-now.NEWS Deutschland\",\"isPartOf\":{\"@id\":\"https:\/\/now-news.de\/de\/#website\"},\"primaryImageOfPage\":{\"@id\":\"https:\/\/now-news.de\/de\/deutschland\/netanjahu-betrachtet-befreiung-der-geiseln-nicht-als-israelische-prioritaet\/#primaryimage\"},\"image\":{\"@id\":\"https:\/\/now-news.de\/de\/deutschland\/netanjahu-betrachtet-befreiung-der-geiseln-nicht-als-israelische-prioritaet\/#primaryimage\"},\"thumbnailUrl\":\"https:\/\/now-news.de\/de\/wp-content\/uploads\/sites\/3\/2024\/08\/Netanjahu-betrachtet-Befreiung-der-Geiseln-nicht-als-israelische-Prioritaet.jpg\",\"datePublished\":\"2024-08-31T13:30:08+00:00\",\"dateModified\":\"2024-08-31T13:30:08+00:00\",\"breadcrumb\":{\"@id\":\"https:\/\/now-news.de\/de\/deutschland\/netanjahu-betrachtet-befreiung-der-geiseln-nicht-als-israelische-prioritaet\/#breadcrumb\"},\"inLanguage\":\"de\",\"potentialAction\":[{\"@type\":\"ReadAction\",\"target\":[\"https:\/\/now-news.de\/de\/deutschland\/netanjahu-betrachtet-befreiung-der-geiseln-nicht-als-israelische-prioritaet\/\"]}]},{\"@type\":\"ImageObject\",\"inLanguage\":\"de\",\"@id\":\"https:\/\/now-news.de\/de\/deutschland\/netanjahu-betrachtet-befreiung-der-geiseln-nicht-als-israelische-prioritaet\/#primaryimage\",\"url\":\"https:\/\/now-news.de\/de\/wp-content\/uploads\/sites\/3\/2024\/08\/Netanjahu-betrachtet-Befreiung-der-Geiseln-nicht-als-israelische-Prioritaet.jpg\",\"contentUrl\":\"https:\/\/now-news.de\/de\/wp-content\/uploads\/sites\/3\/2024\/08\/Netanjahu-betrachtet-Befreiung-der-Geiseln-nicht-als-israelische-Prioritaet.jpg\",\"width\":460,\"height\":259,\"caption\":\"Netanjahu betrachtet Befreiung der Geiseln nicht als israelische Priorit\u00e4t\"},{\"@type\":\"BreadcrumbList\",\"@id\":\"https:\/\/now-news.de\/de\/deutschland\/netanjahu-betrachtet-befreiung-der-geiseln-nicht-als-israelische-prioritaet\/#breadcrumb\",\"itemListElement\":[{\"@type\":\"ListItem\",\"position\":1,\"name\":\"Home\",\"item\":\"https:\/\/now-news.de\/de\/\"},{\"@type\":\"ListItem\",\"position\":2,\"name\":\"Netanjahu betrachtet Befreiung der Geiseln nicht als israelische Priorit\u00e4t\"}]},{\"@type\":\"WebSite\",\"@id\":\"https:\/\/now-news.de\/de\/#website\",\"url\":\"https:\/\/now-news.de\/de\/\",\"name\":\"just-now.NEWS Deutschland\",\"description\":\"Das Portal f\u00fcr unzensierte Nachrichten aus der Welt\",\"publisher\":{\"@id\":\"https:\/\/now-news.de\/de\/#organization\"},\"potentialAction\":[{\"@type\":\"SearchAction\",\"target\":{\"@type\":\"EntryPoint\",\"urlTemplate\":\"https:\/\/now-news.de\/de\/?s={search_term_string}\"},\"query-input\":\"required name=search_term_string\"}],\"inLanguage\":\"de\"},{\"@type\":\"Organization\",\"@id\":\"https:\/\/now-news.de\/de\/#organization\",\"name\":\"Just Now News\",\"url\":\"https:\/\/now-news.de\/de\/\",\"logo\":{\"@type\":\"ImageObject\",\"inLanguage\":\"de\",\"@id\":\"https:\/\/now-news.de\/de\/#\/schema\/logo\/image\/\",\"url\":\"http:\/\/just-now.news\/de\/wp-content\/uploads\/sites\/3\/2022\/04\/logo500x500.jpg\",\"contentUrl\":\"http:\/\/just-now.news\/de\/wp-content\/uploads\/sites\/3\/2022\/04\/logo500x500.jpg\",\"width\":500,\"height\":500,\"caption\":\"Just Now News\"},\"image\":{\"@id\":\"https:\/\/now-news.de\/de\/#\/schema\/logo\/image\/\"},\"sameAs\":[\"https:\/\/www.facebook.com\/wirmachenauf\",\"https:\/\/x.com\/WirMachenAuf_de\"]},{\"@type\":\"Person\",\"@id\":\"https:\/\/now-news.de\/de\/#\/schema\/person\/fb534a4e865501d8b3285208df34a9b5\",\"name\":\"rtnews\",\"image\":{\"@type\":\"ImageObject\",\"inLanguage\":\"de\",\"@id\":\"https:\/\/now-news.de\/de\/#\/schema\/person\/image\/\",\"url\":\"https:\/\/secure.gravatar.com\/avatar\/82aafea7d8127119dd649515f56e2117?s=96&d=mm&r=g\",\"contentUrl\":\"https:\/\/secure.gravatar.com\/avatar\/82aafea7d8127119dd649515f56e2117?s=96&d=mm&r=g\",\"caption\":\"rtnews\"},\"url\":\"https:\/\/now-news.de\/de\/author\/rnews\/\"}]}<\/script>\n<!-- \/ Yoast SEO Premium plugin. -->","yoast_head_json":{"title":"Netanjahu betrachtet Befreiung der Geiseln nicht als israelische Priorit\u00e4t - just-now.NEWS Deutschland","robots":{"index":"index","follow":"follow","max-snippet":"max-snippet:-1","max-image-preview":"max-image-preview:large","max-video-preview":"max-video-preview:-1"},"canonical":"https:\/\/now-news.de\/de\/deutschland\/netanjahu-betrachtet-befreiung-der-geiseln-nicht-als-israelische-prioritaet\/","og_locale":"de_DE","og_type":"article","og_title":"Netanjahu betrachtet Befreiung der Geiseln nicht als israelische Priorit\u00e4t","og_description":"Verteidigungsminister Joaw Galant erkl\u00e4rte Benjamin Netanjahu, dass Israel vor der Wahl stehe: Truppen in der Philadelphi-Passage zu belassen oder die Geiseln zur\u00fcckzugeben. Netanjahu entgegnete, dass der Verbleib der Truppen dort f\u00fcr den Staat von entscheidender Bedeutung sei. Israels Ministerpr\u00e4sident Benjamin Netanjahu hat dem Verteidigungsminister des Landes Joaw Galant mitgeteilt, dass er dem Verbleib der israelischen [&hellip;]","og_url":"https:\/\/now-news.de\/de\/deutschland\/netanjahu-betrachtet-befreiung-der-geiseln-nicht-als-israelische-prioritaet\/","og_site_name":"just-now.NEWS Deutschland","article_publisher":"https:\/\/www.facebook.com\/wirmachenauf","article_published_time":"2024-08-31T13:30:08+00:00","og_image":[{"url":"https:\/\/now-news.de\/de\/wp-content\/uploads\/sites\/3\/2024\/08\/66d30923b480cc1818032215.jpg"}],"author":"rtnews","twitter_card":"summary_large_image","twitter_creator":"@WirMachenAuf_de","twitter_site":"@WirMachenAuf_de","twitter_misc":{"Verfasst von":"rtnews","Gesch\u00e4tzte Lesezeit":"3\u00a0Minuten"},"schema":{"@context":"https:\/\/schema.org","@graph":[{"@type":"Article","@id":"https:\/\/now-news.de\/de\/deutschland\/netanjahu-betrachtet-befreiung-der-geiseln-nicht-als-israelische-prioritaet\/#article","isPartOf":{"@id":"https:\/\/now-news.de\/de\/deutschland\/netanjahu-betrachtet-befreiung-der-geiseln-nicht-als-israelische-prioritaet\/"},"author":{"name":"rtnews","@id":"https:\/\/now-news.de\/de\/#\/schema\/person\/fb534a4e865501d8b3285208df34a9b5"},"headline":"Netanjahu betrachtet Befreiung der Geiseln nicht als israelische Priorit\u00e4t","datePublished":"2024-08-31T13:30:08+00:00","dateModified":"2024-08-31T13:30:08+00:00","mainEntityOfPage":{"@id":"https:\/\/now-news.de\/de\/deutschland\/netanjahu-betrachtet-befreiung-der-geiseln-nicht-als-israelische-prioritaet\/"},"wordCount":597,"commentCount":0,"publisher":{"@id":"https:\/\/now-news.de\/de\/#organization"},"image":{"@id":"https:\/\/now-news.de\/de\/deutschland\/netanjahu-betrachtet-befreiung-der-geiseln-nicht-als-israelische-prioritaet\/#primaryimage"},"thumbnailUrl":"https:\/\/now-news.de\/de\/wp-content\/uploads\/sites\/3\/2024\/08\/Netanjahu-betrachtet-Befreiung-der-Geiseln-nicht-als-israelische-Prioritaet.jpg","keywords":["als","Befreiung","betrachtet","der","Geiseln","Israelische","Netanjahu","nicht","Priorit\u00e4t"],"articleSection":["Deutschland","Russland"],"inLanguage":"de","potentialAction":[{"@type":"CommentAction","name":"Comment","target":["https:\/\/now-news.de\/de\/deutschland\/netanjahu-betrachtet-befreiung-der-geiseln-nicht-als-israelische-prioritaet\/#respond"]}]},{"@type":"WebPage","@id":"https:\/\/now-news.de\/de\/deutschland\/netanjahu-betrachtet-befreiung-der-geiseln-nicht-als-israelische-prioritaet\/","url":"https:\/\/now-news.de\/de\/deutschland\/netanjahu-betrachtet-befreiung-der-geiseln-nicht-als-israelische-prioritaet\/","name":"Netanjahu betrachtet Befreiung der Geiseln nicht als israelische Priorit\u00e4t - just-now.NEWS Deutschland","isPartOf":{"@id":"https:\/\/now-news.de\/de\/#website"},"primaryImageOfPage":{"@id":"https:\/\/now-news.de\/de\/deutschland\/netanjahu-betrachtet-befreiung-der-geiseln-nicht-als-israelische-prioritaet\/#primaryimage"},"image":{"@id":"https:\/\/now-news.de\/de\/deutschland\/netanjahu-betrachtet-befreiung-der-geiseln-nicht-als-israelische-prioritaet\/#primaryimage"},"thumbnailUrl":"https:\/\/now-news.de\/de\/wp-content\/uploads\/sites\/3\/2024\/08\/Netanjahu-betrachtet-Befreiung-der-Geiseln-nicht-als-israelische-Prioritaet.jpg","datePublished":"2024-08-31T13:30:08+00:00","dateModified":"2024-08-31T13:30:08+00:00","breadcrumb":{"@id":"https:\/\/now-news.de\/de\/deutschland\/netanjahu-betrachtet-befreiung-der-geiseln-nicht-als-israelische-prioritaet\/#breadcrumb"},"inLanguage":"de","potentialAction":[{"@type":"ReadAction","target":["https:\/\/now-news.de\/de\/deutschland\/netanjahu-betrachtet-befreiung-der-geiseln-nicht-als-israelische-prioritaet\/"]}]},{"@type":"ImageObject","inLanguage":"de","@id":"https:\/\/now-news.de\/de\/deutschland\/netanjahu-betrachtet-befreiung-der-geiseln-nicht-als-israelische-prioritaet\/#primaryimage","url":"https:\/\/now-news.de\/de\/wp-content\/uploads\/sites\/3\/2024\/08\/Netanjahu-betrachtet-Befreiung-der-Geiseln-nicht-als-israelische-Prioritaet.jpg","contentUrl":"https:\/\/now-news.de\/de\/wp-content\/uploads\/sites\/3\/2024\/08\/Netanjahu-betrachtet-Befreiung-der-Geiseln-nicht-als-israelische-Prioritaet.jpg","width":460,"height":259,"caption":"Netanjahu betrachtet Befreiung der Geiseln nicht als israelische Priorit\u00e4t"},{"@type":"BreadcrumbList","@id":"https:\/\/now-news.de\/de\/deutschland\/netanjahu-betrachtet-befreiung-der-geiseln-nicht-als-israelische-prioritaet\/#breadcrumb","itemListElement":[{"@type":"ListItem","position":1,"name":"Home","item":"https:\/\/now-news.de\/de\/"},{"@type":"ListItem","position":2,"name":"Netanjahu betrachtet Befreiung der Geiseln nicht als israelische Priorit\u00e4t"}]},{"@type":"WebSite","@id":"https:\/\/now-news.de\/de\/#website","url":"https:\/\/now-news.de\/de\/","name":"just-now.NEWS Deutschland","description":"Das Portal f\u00fcr unzensierte Nachrichten aus der Welt","publisher":{"@id":"https:\/\/now-news.de\/de\/#organization"},"potentialAction":[{"@type":"SearchAction","target":{"@type":"EntryPoint","urlTemplate":"https:\/\/now-news.de\/de\/?s={search_term_string}"},"query-input":"required name=search_term_string"}],"inLanguage":"de"},{"@type":"Organization","@id":"https:\/\/now-news.de\/de\/#organization","name":"Just Now News","url":"https:\/\/now-news.de\/de\/","logo":{"@type":"ImageObject","inLanguage":"de","@id":"https:\/\/now-news.de\/de\/#\/schema\/logo\/image\/","url":"http:\/\/just-now.news\/de\/wp-content\/uploads\/sites\/3\/2022\/04\/logo500x500.jpg","contentUrl":"http:\/\/just-now.news\/de\/wp-content\/uploads\/sites\/3\/2022\/04\/logo500x500.jpg","width":500,"height":500,"caption":"Just Now News"},"image":{"@id":"https:\/\/now-news.de\/de\/#\/schema\/logo\/image\/"},"sameAs":["https:\/\/www.facebook.com\/wirmachenauf","https:\/\/x.com\/WirMachenAuf_de"]},{"@type":"Person","@id":"https:\/\/now-news.de\/de\/#\/schema\/person\/fb534a4e865501d8b3285208df34a9b5","name":"rtnews","image":{"@type":"ImageObject","inLanguage":"de","@id":"https:\/\/now-news.de\/de\/#\/schema\/person\/image\/","url":"https:\/\/secure.gravatar.com\/avatar\/82aafea7d8127119dd649515f56e2117?s=96&d=mm&r=g","contentUrl":"https:\/\/secure.gravatar.com\/avatar\/82aafea7d8127119dd649515f56e2117?s=96&d=mm&r=g","caption":"rtnews"},"url":"https:\/\/now-news.de\/de\/author\/rnews\/"}]}},"_links":{"self":[{"href":"https:\/\/now-news.de\/de\/wp-json\/wp\/v2\/posts\/67927"}],"collection":[{"href":"https:\/\/now-news.de\/de\/wp-json\/wp\/v2\/posts"}],"about":[{"href":"https:\/\/now-news.de\/de\/wp-json\/wp\/v2\/types\/post"}],"author":[{"embeddable":true,"href":"https:\/\/now-news.de\/de\/wp-json\/wp\/v2\/users\/3"}],"replies":[{"embeddable":true,"href":"https:\/\/now-news.de\/de\/wp-json\/wp\/v2\/comments?post=67927"}],"version-history":[{"count":0,"href":"https:\/\/now-news.de\/de\/wp-json\/wp\/v2\/posts\/67927\/revisions"}],"wp:featuredmedia":[{"embeddable":true,"href":"https:\/\/now-news.de\/de\/wp-json\/wp\/v2\/media\/67928"}],"wp:attachment":[{"href":"https:\/\/now-news.de\/de\/wp-json\/wp\/v2\/media?parent=67927"}],"wp:term":[{"taxonomy":"category","embeddable":true,"href":"https:\/\/now-news.de\/de\/wp-json\/wp\/v2\/categories?post=67927"},{"taxonomy":"post_tag","embeddable":true,"href":"https:\/\/now-news.de\/de\/wp-json\/wp\/v2\/tags?post=67927"}],"curies":[{"name":"wp","href":"https:\/\/api.w.org\/{rel}","templated":true}]}}