{"id":67921,"date":"2024-08-31T13:53:12","date_gmt":"2024-08-31T11:53:12","guid":{"rendered":"https:\/\/now-news.de\/de\/deutschland\/nach-daenischem-vorbild-wagenknecht-fordert-neue-asylpolitik\/"},"modified":"2024-08-31T13:53:12","modified_gmt":"2024-08-31T11:53:12","slug":"nach-daenischem-vorbild-wagenknecht-fordert-neue-asylpolitik","status":"publish","type":"post","link":"https:\/\/now-news.de\/de\/deutschland\/nach-daenischem-vorbild-wagenknecht-fordert-neue-asylpolitik\/","title":{"rendered":"Nach d\u00e4nischem Vorbild: Wagenknecht fordert neue Asylpolitik"},"content":{"rendered":"<p><img decoding=\"async\" src=\"https:\/\/now-news.de\/de\/wp-content\/uploads\/sites\/3\/2024\/08\/66d2e2a2b480cc18352cd7da.jpg\" \/><\/p>\n<div class=\"Text-root Text-type_1 \">\n                Die Bundesregierung hat ein Asylpaket vorgestellt, das eine L\u00f6sung der Migrationskrise herbeif\u00fchren soll. Grotesk nennt das Sahra Wagenknecht, die eine komplette Neuausrichtung der Asylpolitik nach d\u00e4nischem Vorbild fordert.\n            <\/div>\n<p><\/p>\n<div class=\"Text-root Text-type_5 ArticleView-text ViewText-root \">\n<p>Die BSW-Vorsitzende Sahra Wagenknecht hat das neue Asylpaket der Bundesregierung als unzureichend kritisiert und einen vollkommen neuen Ansatz in diesem Politikfeld gefordert. Den\u00a0Zeitungen der <em>Funke Mediengruppe<\/em> sagte Wagenknecht:<\/p>\n<p><em>&#8220;Das ist ein aktionistisches Asylp\u00e4ckchen, das \u00e4hnlich undurchdacht ist wie so viele Ampel-Gesetze.&#8221;<\/em><\/p>\n<p>Die am Donnerstag, also drei Tage vor den Landtagswahlen in Sachsen und Th\u00fcringen, vorgestellten Ma\u00dfnahmen der Regierung umfassen unter anderem weniger Geld f\u00fcr Asylbewerber, f\u00fcr die nach Dublin-Regeln ein anderer EU-Staat zust\u00e4ndig ist. Das kritisierte Wagenknecht.<\/p>\n<p>Die Ma\u00dfnahmen w\u00fcrden nur einen Bruchteil der Fl\u00fcchtlinge betreffen und k\u00f6nnten sogar kontraproduktiv wirken. So k\u00f6nnten Fl\u00fcchtlinge, die nach Deutschland wollen, einfach die Registrierung in einem anderen Land vermeiden. Das neue Asylpaket als Antwort auf die Migrationskrise zu bezeichnen, sei &#8220;grotesk&#8221;.<\/p>\n<p>Stattdessen\u00a0sprach sich die BSW-Vorsitzende f\u00fcr &#8220;eine Fl\u00fcchtlingspolitik nach d\u00e4nischem Vorbild&#8221; aus. Demnach h\u00e4tten Fl\u00fcchtlinge, die aus einem sicheren Drittstaat\u00a0in die Bundesrepublik einreisen, keinen Anspruch auf ein Asylverfahren oder soziale Leistungen \u2013 und das unabh\u00e4ngig davon, ob sie bereits in einem anderen Staat registriert sind.<\/p>\n<p><strong>Mehr zum Thema<\/strong>\u00a0\u2013\u00a0<a rel=\"nofollow noopener\" target=\"_blank\" href=\"https:\/\/freedert.online\/inland\/217358-mit-farbe-ins-gesicht-anschlag-auf-wagenknecht\/\">&#8220;Mit Farbe ins Gesicht&#8221;: Anschlag auf Sahra Wagenknecht in Erfurt<\/a><\/p>\n<div class=\"EmbedBlock-root EmbedBlock-externalVideo EmbedBlock-rumble\">\n<div class=\"VkEmbed\"><iframe class=\"lazyload\" data-src=\"https:\/\/rumble.com\/embed\/v5aqjrp\" frameborder=\"0\" width=\"853\" height=\"480\" allowfullscreen><\/iframe><\/div>\n<\/div>\n<\/div>\n<p><br \/>\n<br \/><a href=\"https:\/\/de.rt.com\/inland\/217509-nach-daenischem-vorbild-wagenknecht-fordert\/\">Source link <\/a><\/p>\n","protected":false},"excerpt":{"rendered":"<p>Die Bundesregierung hat ein Asylpaket vorgestellt, das eine L\u00f6sung der Migrationskrise herbeif\u00fchren soll. Grotesk nennt das Sahra Wagenknecht, die eine komplette Neuausrichtung der Asylpolitik nach d\u00e4nischem Vorbild fordert. Die BSW-Vorsitzende Sahra Wagenknecht hat das neue Asylpaket der Bundesregierung als unzureichend kritisiert und einen vollkommen neuen Ansatz in diesem Politikfeld gefordert. Den\u00a0Zeitungen der Funke Mediengruppe sagte [&hellip;]<\/p>\n","protected":false},"author":3,"featured_media":67922,"comment_status":"open","ping_status":"open","sticky":false,"template":"","format":"standard","meta":{"_yoast_indexnow_last_ping":["1725105941"],"wp_automatic_camp":["217"],"dd172df4ce898c7e4f5ed96638403db0":["Nach d\u00e4nischem Vorbild: Wagenknecht fordert neue Asylpolitik"],"original_link":["https:\/\/de.rt.com\/inland\/217509-nach-daenischem-vorbild-wagenknecht-fordert\/"],"_thumbnail_id":["67922"],"_wptgpro_p2tg_sent2tg":["a:1:{i:23737;s:19:\"2024-08-31 14:06:42\";}"],"jnews_social_counter_last_update":["1777332924"]},"categories":[19,23],"tags":[50158,58082,355,979,1227,2668,17968],"yoast_head":"<!-- This site is optimized with the Yoast SEO Premium plugin v22.7 (Yoast SEO v22.7) - https:\/\/yoast.com\/wordpress\/plugins\/seo\/ -->\n<title>Nach d\u00e4nischem Vorbild: Wagenknecht fordert neue Asylpolitik - just-now.NEWS Deutschland<\/title>\n<meta name=\"robots\" content=\"index, follow, max-snippet:-1, max-image-preview:large, max-video-preview:-1\" \/>\n<link rel=\"canonical\" href=\"https:\/\/now-news.de\/de\/deutschland\/nach-daenischem-vorbild-wagenknecht-fordert-neue-asylpolitik\/\" \/>\n<meta property=\"og:locale\" content=\"de_DE\" \/>\n<meta property=\"og:type\" content=\"article\" \/>\n<meta property=\"og:title\" content=\"Nach d\u00e4nischem Vorbild: Wagenknecht fordert neue Asylpolitik\" \/>\n<meta property=\"og:description\" content=\"Die Bundesregierung hat ein Asylpaket vorgestellt, das eine L\u00f6sung der Migrationskrise herbeif\u00fchren soll. Grotesk nennt das Sahra Wagenknecht, die eine komplette Neuausrichtung der Asylpolitik nach d\u00e4nischem Vorbild fordert. Die BSW-Vorsitzende Sahra Wagenknecht hat das neue Asylpaket der Bundesregierung als unzureichend kritisiert und einen vollkommen neuen Ansatz in diesem Politikfeld gefordert. Den\u00a0Zeitungen der Funke Mediengruppe sagte [&hellip;]\" \/>\n<meta property=\"og:url\" content=\"https:\/\/now-news.de\/de\/deutschland\/nach-daenischem-vorbild-wagenknecht-fordert-neue-asylpolitik\/\" \/>\n<meta property=\"og:site_name\" content=\"just-now.NEWS Deutschland\" \/>\n<meta property=\"article:publisher\" content=\"https:\/\/www.facebook.com\/wirmachenauf\" \/>\n<meta property=\"article:published_time\" content=\"2024-08-31T11:53:12+00:00\" \/>\n<meta property=\"og:image\" content=\"https:\/\/now-news.de\/de\/wp-content\/uploads\/sites\/3\/2024\/08\/66d2e2a2b480cc18352cd7da.jpg\" \/>\n<meta name=\"author\" content=\"rtnews\" \/>\n<meta name=\"twitter:card\" content=\"summary_large_image\" \/>\n<meta name=\"twitter:creator\" content=\"@WirMachenAuf_de\" \/>\n<meta name=\"twitter:site\" content=\"@WirMachenAuf_de\" \/>\n<meta name=\"twitter:label1\" content=\"Verfasst von\" \/>\n\t<meta name=\"twitter:data1\" content=\"rtnews\" \/>\n\t<meta name=\"twitter:label2\" content=\"Gesch\u00e4tzte Lesezeit\" \/>\n\t<meta name=\"twitter:data2\" content=\"1\u00a0Minute\" \/>\n<script type=\"application\/ld+json\" class=\"yoast-schema-graph\">{\"@context\":\"https:\/\/schema.org\",\"@graph\":[{\"@type\":\"Article\",\"@id\":\"https:\/\/now-news.de\/de\/deutschland\/nach-daenischem-vorbild-wagenknecht-fordert-neue-asylpolitik\/#article\",\"isPartOf\":{\"@id\":\"https:\/\/now-news.de\/de\/deutschland\/nach-daenischem-vorbild-wagenknecht-fordert-neue-asylpolitik\/\"},\"author\":{\"name\":\"rtnews\",\"@id\":\"https:\/\/now-news.de\/de\/#\/schema\/person\/fb534a4e865501d8b3285208df34a9b5\"},\"headline\":\"Nach d\u00e4nischem Vorbild: Wagenknecht fordert neue Asylpolitik\",\"datePublished\":\"2024-08-31T11:53:12+00:00\",\"dateModified\":\"2024-08-31T11:53:12+00:00\",\"mainEntityOfPage\":{\"@id\":\"https:\/\/now-news.de\/de\/deutschland\/nach-daenischem-vorbild-wagenknecht-fordert-neue-asylpolitik\/\"},\"wordCount\":237,\"commentCount\":0,\"publisher\":{\"@id\":\"https:\/\/now-news.de\/de\/#organization\"},\"image\":{\"@id\":\"https:\/\/now-news.de\/de\/deutschland\/nach-daenischem-vorbild-wagenknecht-fordert-neue-asylpolitik\/#primaryimage\"},\"thumbnailUrl\":\"https:\/\/now-news.de\/de\/wp-content\/uploads\/sites\/3\/2024\/08\/Nach-daenischem-Vorbild-Wagenknecht-fordert-neue-Asylpolitik.jpg\",\"keywords\":[\"Asylpolitik\",\"d\u00e4nischem\",\"fordert\",\"nach\",\"NEUE\",\"Vorbild\",\"Wagenknecht\"],\"articleSection\":[\"Deutschland\",\"Russland\"],\"inLanguage\":\"de\",\"potentialAction\":[{\"@type\":\"CommentAction\",\"name\":\"Comment\",\"target\":[\"https:\/\/now-news.de\/de\/deutschland\/nach-daenischem-vorbild-wagenknecht-fordert-neue-asylpolitik\/#respond\"]}]},{\"@type\":\"WebPage\",\"@id\":\"https:\/\/now-news.de\/de\/deutschland\/nach-daenischem-vorbild-wagenknecht-fordert-neue-asylpolitik\/\",\"url\":\"https:\/\/now-news.de\/de\/deutschland\/nach-daenischem-vorbild-wagenknecht-fordert-neue-asylpolitik\/\",\"name\":\"Nach d\u00e4nischem Vorbild: Wagenknecht fordert neue Asylpolitik - just-now.NEWS Deutschland\",\"isPartOf\":{\"@id\":\"https:\/\/now-news.de\/de\/#website\"},\"primaryImageOfPage\":{\"@id\":\"https:\/\/now-news.de\/de\/deutschland\/nach-daenischem-vorbild-wagenknecht-fordert-neue-asylpolitik\/#primaryimage\"},\"image\":{\"@id\":\"https:\/\/now-news.de\/de\/deutschland\/nach-daenischem-vorbild-wagenknecht-fordert-neue-asylpolitik\/#primaryimage\"},\"thumbnailUrl\":\"https:\/\/now-news.de\/de\/wp-content\/uploads\/sites\/3\/2024\/08\/Nach-daenischem-Vorbild-Wagenknecht-fordert-neue-Asylpolitik.jpg\",\"datePublished\":\"2024-08-31T11:53:12+00:00\",\"dateModified\":\"2024-08-31T11:53:12+00:00\",\"breadcrumb\":{\"@id\":\"https:\/\/now-news.de\/de\/deutschland\/nach-daenischem-vorbild-wagenknecht-fordert-neue-asylpolitik\/#breadcrumb\"},\"inLanguage\":\"de\",\"potentialAction\":[{\"@type\":\"ReadAction\",\"target\":[\"https:\/\/now-news.de\/de\/deutschland\/nach-daenischem-vorbild-wagenknecht-fordert-neue-asylpolitik\/\"]}]},{\"@type\":\"ImageObject\",\"inLanguage\":\"de\",\"@id\":\"https:\/\/now-news.de\/de\/deutschland\/nach-daenischem-vorbild-wagenknecht-fordert-neue-asylpolitik\/#primaryimage\",\"url\":\"https:\/\/now-news.de\/de\/wp-content\/uploads\/sites\/3\/2024\/08\/Nach-daenischem-Vorbild-Wagenknecht-fordert-neue-Asylpolitik.jpg\",\"contentUrl\":\"https:\/\/now-news.de\/de\/wp-content\/uploads\/sites\/3\/2024\/08\/Nach-daenischem-Vorbild-Wagenknecht-fordert-neue-Asylpolitik.jpg\",\"width\":460,\"height\":259,\"caption\":\"Nach d\u00e4nischem Vorbild: Wagenknecht fordert neue Asylpolitik\"},{\"@type\":\"BreadcrumbList\",\"@id\":\"https:\/\/now-news.de\/de\/deutschland\/nach-daenischem-vorbild-wagenknecht-fordert-neue-asylpolitik\/#breadcrumb\",\"itemListElement\":[{\"@type\":\"ListItem\",\"position\":1,\"name\":\"Home\",\"item\":\"https:\/\/now-news.de\/de\/\"},{\"@type\":\"ListItem\",\"position\":2,\"name\":\"Nach d\u00e4nischem Vorbild: Wagenknecht fordert neue Asylpolitik\"}]},{\"@type\":\"WebSite\",\"@id\":\"https:\/\/now-news.de\/de\/#website\",\"url\":\"https:\/\/now-news.de\/de\/\",\"name\":\"just-now.NEWS Deutschland\",\"description\":\"Das Portal f\u00fcr unzensierte Nachrichten aus der Welt\",\"publisher\":{\"@id\":\"https:\/\/now-news.de\/de\/#organization\"},\"potentialAction\":[{\"@type\":\"SearchAction\",\"target\":{\"@type\":\"EntryPoint\",\"urlTemplate\":\"https:\/\/now-news.de\/de\/?s={search_term_string}\"},\"query-input\":\"required name=search_term_string\"}],\"inLanguage\":\"de\"},{\"@type\":\"Organization\",\"@id\":\"https:\/\/now-news.de\/de\/#organization\",\"name\":\"Just Now News\",\"url\":\"https:\/\/now-news.de\/de\/\",\"logo\":{\"@type\":\"ImageObject\",\"inLanguage\":\"de\",\"@id\":\"https:\/\/now-news.de\/de\/#\/schema\/logo\/image\/\",\"url\":\"http:\/\/just-now.news\/de\/wp-content\/uploads\/sites\/3\/2022\/04\/logo500x500.jpg\",\"contentUrl\":\"http:\/\/just-now.news\/de\/wp-content\/uploads\/sites\/3\/2022\/04\/logo500x500.jpg\",\"width\":500,\"height\":500,\"caption\":\"Just Now News\"},\"image\":{\"@id\":\"https:\/\/now-news.de\/de\/#\/schema\/logo\/image\/\"},\"sameAs\":[\"https:\/\/www.facebook.com\/wirmachenauf\",\"https:\/\/x.com\/WirMachenAuf_de\"]},{\"@type\":\"Person\",\"@id\":\"https:\/\/now-news.de\/de\/#\/schema\/person\/fb534a4e865501d8b3285208df34a9b5\",\"name\":\"rtnews\",\"image\":{\"@type\":\"ImageObject\",\"inLanguage\":\"de\",\"@id\":\"https:\/\/now-news.de\/de\/#\/schema\/person\/image\/\",\"url\":\"https:\/\/secure.gravatar.com\/avatar\/82aafea7d8127119dd649515f56e2117?s=96&d=mm&r=g\",\"contentUrl\":\"https:\/\/secure.gravatar.com\/avatar\/82aafea7d8127119dd649515f56e2117?s=96&d=mm&r=g\",\"caption\":\"rtnews\"},\"url\":\"https:\/\/now-news.de\/de\/author\/rnews\/\"}]}<\/script>\n<!-- \/ Yoast SEO Premium plugin. -->","yoast_head_json":{"title":"Nach d\u00e4nischem Vorbild: Wagenknecht fordert neue Asylpolitik - just-now.NEWS Deutschland","robots":{"index":"index","follow":"follow","max-snippet":"max-snippet:-1","max-image-preview":"max-image-preview:large","max-video-preview":"max-video-preview:-1"},"canonical":"https:\/\/now-news.de\/de\/deutschland\/nach-daenischem-vorbild-wagenknecht-fordert-neue-asylpolitik\/","og_locale":"de_DE","og_type":"article","og_title":"Nach d\u00e4nischem Vorbild: Wagenknecht fordert neue Asylpolitik","og_description":"Die Bundesregierung hat ein Asylpaket vorgestellt, das eine L\u00f6sung der Migrationskrise herbeif\u00fchren soll. Grotesk nennt das Sahra Wagenknecht, die eine komplette Neuausrichtung der Asylpolitik nach d\u00e4nischem Vorbild fordert. Die BSW-Vorsitzende Sahra Wagenknecht hat das neue Asylpaket der Bundesregierung als unzureichend kritisiert und einen vollkommen neuen Ansatz in diesem Politikfeld gefordert. Den\u00a0Zeitungen der Funke Mediengruppe sagte [&hellip;]","og_url":"https:\/\/now-news.de\/de\/deutschland\/nach-daenischem-vorbild-wagenknecht-fordert-neue-asylpolitik\/","og_site_name":"just-now.NEWS Deutschland","article_publisher":"https:\/\/www.facebook.com\/wirmachenauf","article_published_time":"2024-08-31T11:53:12+00:00","og_image":[{"url":"https:\/\/now-news.de\/de\/wp-content\/uploads\/sites\/3\/2024\/08\/66d2e2a2b480cc18352cd7da.jpg"}],"author":"rtnews","twitter_card":"summary_large_image","twitter_creator":"@WirMachenAuf_de","twitter_site":"@WirMachenAuf_de","twitter_misc":{"Verfasst von":"rtnews","Gesch\u00e4tzte Lesezeit":"1\u00a0Minute"},"schema":{"@context":"https:\/\/schema.org","@graph":[{"@type":"Article","@id":"https:\/\/now-news.de\/de\/deutschland\/nach-daenischem-vorbild-wagenknecht-fordert-neue-asylpolitik\/#article","isPartOf":{"@id":"https:\/\/now-news.de\/de\/deutschland\/nach-daenischem-vorbild-wagenknecht-fordert-neue-asylpolitik\/"},"author":{"name":"rtnews","@id":"https:\/\/now-news.de\/de\/#\/schema\/person\/fb534a4e865501d8b3285208df34a9b5"},"headline":"Nach d\u00e4nischem Vorbild: Wagenknecht fordert neue Asylpolitik","datePublished":"2024-08-31T11:53:12+00:00","dateModified":"2024-08-31T11:53:12+00:00","mainEntityOfPage":{"@id":"https:\/\/now-news.de\/de\/deutschland\/nach-daenischem-vorbild-wagenknecht-fordert-neue-asylpolitik\/"},"wordCount":237,"commentCount":0,"publisher":{"@id":"https:\/\/now-news.de\/de\/#organization"},"image":{"@id":"https:\/\/now-news.de\/de\/deutschland\/nach-daenischem-vorbild-wagenknecht-fordert-neue-asylpolitik\/#primaryimage"},"thumbnailUrl":"https:\/\/now-news.de\/de\/wp-content\/uploads\/sites\/3\/2024\/08\/Nach-daenischem-Vorbild-Wagenknecht-fordert-neue-Asylpolitik.jpg","keywords":["Asylpolitik","d\u00e4nischem","fordert","nach","NEUE","Vorbild","Wagenknecht"],"articleSection":["Deutschland","Russland"],"inLanguage":"de","potentialAction":[{"@type":"CommentAction","name":"Comment","target":["https:\/\/now-news.de\/de\/deutschland\/nach-daenischem-vorbild-wagenknecht-fordert-neue-asylpolitik\/#respond"]}]},{"@type":"WebPage","@id":"https:\/\/now-news.de\/de\/deutschland\/nach-daenischem-vorbild-wagenknecht-fordert-neue-asylpolitik\/","url":"https:\/\/now-news.de\/de\/deutschland\/nach-daenischem-vorbild-wagenknecht-fordert-neue-asylpolitik\/","name":"Nach d\u00e4nischem Vorbild: Wagenknecht fordert neue Asylpolitik - just-now.NEWS Deutschland","isPartOf":{"@id":"https:\/\/now-news.de\/de\/#website"},"primaryImageOfPage":{"@id":"https:\/\/now-news.de\/de\/deutschland\/nach-daenischem-vorbild-wagenknecht-fordert-neue-asylpolitik\/#primaryimage"},"image":{"@id":"https:\/\/now-news.de\/de\/deutschland\/nach-daenischem-vorbild-wagenknecht-fordert-neue-asylpolitik\/#primaryimage"},"thumbnailUrl":"https:\/\/now-news.de\/de\/wp-content\/uploads\/sites\/3\/2024\/08\/Nach-daenischem-Vorbild-Wagenknecht-fordert-neue-Asylpolitik.jpg","datePublished":"2024-08-31T11:53:12+00:00","dateModified":"2024-08-31T11:53:12+00:00","breadcrumb":{"@id":"https:\/\/now-news.de\/de\/deutschland\/nach-daenischem-vorbild-wagenknecht-fordert-neue-asylpolitik\/#breadcrumb"},"inLanguage":"de","potentialAction":[{"@type":"ReadAction","target":["https:\/\/now-news.de\/de\/deutschland\/nach-daenischem-vorbild-wagenknecht-fordert-neue-asylpolitik\/"]}]},{"@type":"ImageObject","inLanguage":"de","@id":"https:\/\/now-news.de\/de\/deutschland\/nach-daenischem-vorbild-wagenknecht-fordert-neue-asylpolitik\/#primaryimage","url":"https:\/\/now-news.de\/de\/wp-content\/uploads\/sites\/3\/2024\/08\/Nach-daenischem-Vorbild-Wagenknecht-fordert-neue-Asylpolitik.jpg","contentUrl":"https:\/\/now-news.de\/de\/wp-content\/uploads\/sites\/3\/2024\/08\/Nach-daenischem-Vorbild-Wagenknecht-fordert-neue-Asylpolitik.jpg","width":460,"height":259,"caption":"Nach d\u00e4nischem Vorbild: Wagenknecht fordert neue Asylpolitik"},{"@type":"BreadcrumbList","@id":"https:\/\/now-news.de\/de\/deutschland\/nach-daenischem-vorbild-wagenknecht-fordert-neue-asylpolitik\/#breadcrumb","itemListElement":[{"@type":"ListItem","position":1,"name":"Home","item":"https:\/\/now-news.de\/de\/"},{"@type":"ListItem","position":2,"name":"Nach d\u00e4nischem Vorbild: Wagenknecht fordert neue Asylpolitik"}]},{"@type":"WebSite","@id":"https:\/\/now-news.de\/de\/#website","url":"https:\/\/now-news.de\/de\/","name":"just-now.NEWS Deutschland","description":"Das Portal f\u00fcr unzensierte Nachrichten aus der Welt","publisher":{"@id":"https:\/\/now-news.de\/de\/#organization"},"potentialAction":[{"@type":"SearchAction","target":{"@type":"EntryPoint","urlTemplate":"https:\/\/now-news.de\/de\/?s={search_term_string}"},"query-input":"required name=search_term_string"}],"inLanguage":"de"},{"@type":"Organization","@id":"https:\/\/now-news.de\/de\/#organization","name":"Just Now News","url":"https:\/\/now-news.de\/de\/","logo":{"@type":"ImageObject","inLanguage":"de","@id":"https:\/\/now-news.de\/de\/#\/schema\/logo\/image\/","url":"http:\/\/just-now.news\/de\/wp-content\/uploads\/sites\/3\/2022\/04\/logo500x500.jpg","contentUrl":"http:\/\/just-now.news\/de\/wp-content\/uploads\/sites\/3\/2022\/04\/logo500x500.jpg","width":500,"height":500,"caption":"Just Now News"},"image":{"@id":"https:\/\/now-news.de\/de\/#\/schema\/logo\/image\/"},"sameAs":["https:\/\/www.facebook.com\/wirmachenauf","https:\/\/x.com\/WirMachenAuf_de"]},{"@type":"Person","@id":"https:\/\/now-news.de\/de\/#\/schema\/person\/fb534a4e865501d8b3285208df34a9b5","name":"rtnews","image":{"@type":"ImageObject","inLanguage":"de","@id":"https:\/\/now-news.de\/de\/#\/schema\/person\/image\/","url":"https:\/\/secure.gravatar.com\/avatar\/82aafea7d8127119dd649515f56e2117?s=96&d=mm&r=g","contentUrl":"https:\/\/secure.gravatar.com\/avatar\/82aafea7d8127119dd649515f56e2117?s=96&d=mm&r=g","caption":"rtnews"},"url":"https:\/\/now-news.de\/de\/author\/rnews\/"}]}},"_links":{"self":[{"href":"https:\/\/now-news.de\/de\/wp-json\/wp\/v2\/posts\/67921"}],"collection":[{"href":"https:\/\/now-news.de\/de\/wp-json\/wp\/v2\/posts"}],"about":[{"href":"https:\/\/now-news.de\/de\/wp-json\/wp\/v2\/types\/post"}],"author":[{"embeddable":true,"href":"https:\/\/now-news.de\/de\/wp-json\/wp\/v2\/users\/3"}],"replies":[{"embeddable":true,"href":"https:\/\/now-news.de\/de\/wp-json\/wp\/v2\/comments?post=67921"}],"version-history":[{"count":0,"href":"https:\/\/now-news.de\/de\/wp-json\/wp\/v2\/posts\/67921\/revisions"}],"wp:featuredmedia":[{"embeddable":true,"href":"https:\/\/now-news.de\/de\/wp-json\/wp\/v2\/media\/67922"}],"wp:attachment":[{"href":"https:\/\/now-news.de\/de\/wp-json\/wp\/v2\/media?parent=67921"}],"wp:term":[{"taxonomy":"category","embeddable":true,"href":"https:\/\/now-news.de\/de\/wp-json\/wp\/v2\/categories?post=67921"},{"taxonomy":"post_tag","embeddable":true,"href":"https:\/\/now-news.de\/de\/wp-json\/wp\/v2\/tags?post=67921"}],"curies":[{"name":"wp","href":"https:\/\/api.w.org\/{rel}","templated":true}]}}