{"id":67833,"date":"2024-08-30T06:56:00","date_gmt":"2024-08-30T04:56:00","guid":{"rendered":"https:\/\/now-news.de\/de\/deutschland\/selenskij-packt-aus-westen-weiss-nicht-wie-er-die-gefluechteten-ukrainer-geschickt-wieder-los-wird\/"},"modified":"2024-08-30T06:56:00","modified_gmt":"2024-08-30T04:56:00","slug":"selenskij-packt-aus-westen-weiss-nicht-wie-er-die-gefluechteten-ukrainer-geschickt-wieder-los-wird","status":"publish","type":"post","link":"https:\/\/now-news.de\/de\/deutschland\/selenskij-packt-aus-westen-weiss-nicht-wie-er-die-gefluechteten-ukrainer-geschickt-wieder-los-wird\/","title":{"rendered":"Selenskij packt aus: Westen wei\u00df nicht, wie er die gefl\u00fcchteten Ukrainer geschickt wieder los wird"},"content":{"rendered":"<p><img decoding=\"async\" src=\"https:\/\/now-news.de\/de\/wp-content\/uploads\/sites\/3\/2024\/08\/66cf5ac448fbef70cf5e2585.jpg\" \/><\/p>\n<div class=\"Text-root Text-type_1 \">\n                Wladimir Selenskij ist sehr besorgt dar\u00fcber, dass 7,5 Millionen Ukrainer aus dem Land geflohen sind. Seit langem will er die wehrf\u00e4higen M\u00e4nner und potenziellen Steuerzahler ins Land zur\u00fcckholen. Nun sagt er, dass die westlichen Politiker die gleichen Ziele wie er anstreben \u2012 allerdings heimlich.\n            <\/div>\n<p><\/p>\n<div class=\"Text-root Text-type_5 ArticleView-text ViewText-root \">\n<p><em>Von Wladislaw Sankin\u00a0<\/em><\/p>\n<p>Wladimir Selenskij hat eine Wende in der Frage\u00a0der ukrainischen Fl\u00fcchtlinge verk\u00fcndet. Eine Entscheidung dar\u00fcber werde im Herbst getroffen, <a rel=\"nofollow noopener\" target=\"_blank\" href=\"https:\/\/ctrana.one\/news\/471055-zelenskij-zajavil-chto-zapadu-vyhodnee-vernut-bezhentsev-domoj-chem-tratit-na-nikh-denhi.html\">versprach<\/a> er vor Journalisten auf einer Pressekonferenz am Dienstag. Er deutete an, dass diese Entscheidung &#8220;motivierend&#8221; zur R\u00fcckkehr der\u00a0Fl\u00fcchtlinge in ihre Heimat beitragen solle.\u00a0Dabei plauderte er heikle Details aus seinen privaten Gespr\u00e4chen mit westlichen Politikern aus.\u00a0<\/p>\n<p>So sagte er im Klartext, dass es\u00a0&#8220;politisch g\u00fcnstig&#8221; f\u00fcr den Westen sei, kein Geld mehr f\u00fcr diejenigen Ukrainer auszugeben, die in ihrem Gastland keiner Arbeit nachgehen. Stattdessen sollten sie nach Hause zur\u00fcckkehren, wo sie viel nutzbarer sein k\u00f6nnten \u2012 zum Beispiel im Kampf gegen Russland.<\/p>\n<p>Als Paradebeispiel f\u00fcr\u00a0eine derartige\u00a0Haltung k\u00f6nnte man die Position der Union in Deutschland nennen. Seit Monaten fordern vor allem die CDU-Politiker, dass\u00a0eine Luxus-Verg\u00fctung in Form\u00a0des B\u00fcrgergeldes zumindest den wehrf\u00e4higen M\u00e4nnern fortan nicht mehr zur Verf\u00fcgung stehen soll.<\/p>\n<p>Doch die K\u00fcrzung der Hilfsleistungen w\u00e4re in der heutigen Nervosit\u00e4t zweifelsohne ein bedeutungsvolles politisches Signal, das Deutschland offenbar noch nicht bereit ist zu senden. Die Frage aber, ob Deutschland f\u00fcr kampfunwillige,\u00a0von Politik und Medien hierzulande als &#8220;Verteidiger unserer Freiheit&#8221; gepriesene Ukrainer weiterhin zahlen muss, ist in der \u00d6ffentlichkeit seit langem kein Tabu mehr.\u00a0<\/p>\n<p>Gleichzeitig bestritt Selenskij, dass er westliche Politiker aufgefordert habe, M\u00e4nner im wehrf\u00e4higen Alter in die Ukraine zur\u00fcckzuschicken. Er erkl\u00e4rte, dass sie diese Frage in privaten Gespr\u00e4chen selbst ansprechen w\u00fcrden. Aber \u00f6ffentlich zu sagen &#8220;Wir schicken die Ukrainer nach Hause, es ist sehr teuer f\u00fcr uns, sie zu unterst\u00fctzen&#8221;, sei politisch unrentabel.<\/p>\n<p>Also beschrieb Selenskij in diesen knappen S\u00e4tzen das ganze Dilemma, mit dem sich der Westen zurzeit konfrontiert sieht. Die nicht n\u00e4her genannten westlichen Kollegen Selenskijs sind ihren W\u00e4hlern zunehmend die Frage schuldig, warum bei\u00a0Mangel an Jobs, Kitapl\u00e4tzen oder Wohnungen die Ukrainer oft beinahe als B\u00fcrger erster Klasse behandelt werden, w\u00e4hrend in ihrem gar nicht so unsicheren Land nur noch wenige k\u00e4mpfen und das Land am Laufen halten m\u00fcssen.<\/p>\n<p>Doch als &#8220;Unbarmherzige&#8221; dastehen wollen sie offenbar auch nicht. Ob sie die Meute der Ukraine-Lobby in den Medien und der Wohlfahrtswirtschaft f\u00fcrchten oder immer noch der Meinung sind, mit Willkommenskultur politische Punkte machen zu k\u00f6nnen, ist unklar. Hierzu gab\u00a0der gespr\u00e4chige und nicht mehr ganz so legitime Pr\u00e4sident weiter preis:<\/p>\n<blockquote>\n<p><em>&#8220;Es ist einfacher, dieses Thema bei einem Treffen mit dem ukrainischen Pr\u00e4sidenten anzusprechen und dann zu sagen, dass der Pr\u00e4sident um die R\u00fcckkehr der Ukrainer gebeten hat. Ich bin\u00a0komplett daf\u00fcr, aber ohne Zwang.&#8221;\u00a0<\/em><\/p>\n<\/blockquote>\n<p>Seiner Meinung nach sollte die Ukraine 7,5 Millionen Fl\u00fcchtlinge aus dem Ausland zur\u00fcckholen, um 10,5 Millionen Rentner zu &#8220;ern\u00e4hren&#8221;. Das aber, so betonte er nochmals, sollte &#8220;ohne Zwang geschehen, damit sie es tun wollen&#8221;. In seinem Redeschwall plauderte Selenskij ein weiteres seiner politischen Motive f\u00fcr die R\u00fcckholung der ukrainischen Fl\u00fcchtlinge aus.\u00a0<\/p>\n<p>Er will n\u00e4mlich, dass die\u00a0emigrierten Ukrainer in das Einflussgebiet der ukrainischen Propaganda zur\u00fcckkehren. Immerhin\u00a0\u00e4u\u00dferte er sich besorgt dar\u00fcber, dass viele seiner Landsleute durch das Wirken der &#8220;russischen Agenturnetze&#8221; und der Russisch-Orthodoxen Kirche nicht mehr glauben, dass Russland der Feind sei. Dies sei noch keine Mehrheit, versicherte er, aber offenbar scheint das Problem nun bedrohlich genug zu sein, dass er, der ausgewiesene Profi der antirussischen Propaganda, vor anderen ausgewiesenen Profis des von ihm kontrollierten Medienpools die Schw\u00e4che des ukrainischen Narrativs\u00a0vom &#8220;unprovozierten Angriffskrieg&#8221; Russlands eingestehen musste.\u00a0<\/p>\n<p>Dieses Problem, dass die Ukrainer, solange sie auf freiem Fu\u00df sind, die Tendenz haben, wieder zu &#8220;Russen&#8221; zu werden, besitzt auch eine ganz klare statistisch-demografische Dimension. T\u00e4glich werden hunderte einreisewillige ukrainische B\u00fcrger am Moskauer Flughafen Scheremetjewo durch FSB-Mitarbeiter einer aufwendigen Kontrolle unterzogen, die bis zu 20 Stunden dauern und nicht selten mit einer Absage enden kann \u2012 so kommt es oft vor, dass auch Familien auf diese Weise zerrissen werden.\u00a0<\/p>\n<p>Wie viele Ukrainer bislang durch den &#8220;Filtrationspunkt&#8221; in Scheremetjewo nach Russland eingereist sind, ist nicht bekannt, aber dass es mitunter sehr viele sind, steht au\u00dfer Zweifel. Die Telegram-Gruppe f\u00fcr den Erfahrungsaustausch zu Problemen und T\u00fccken bei der Grenzkontrolle umfasst aktuell \u00fcber 12.000 Mitglieder.\u00a0<\/p>\n<p><strong>Mehr zum Thema<\/strong>\u00a0\u2012 <a rel=\"nofollow noopener\" target=\"_blank\" href=\"https:\/\/freedert.online\/meinung\/202050-general-alle-ukrainer-muessen-krieg-mitkampfen-niemand-kann-aussitzen\/\">Kiewer General: Alle Ukrainer m\u00fcssen im Krieg k\u00e4mpfen, niemand kann ihn aussitzen<\/a><\/p>\n<div class=\"EmbedBlock-root EmbedBlock-externalVideo EmbedBlock-rumble\">\n<div class=\"VkEmbed\"><iframe class=\"lazyload\" data-src=\"https:\/\/rumble.com\/embed\/v4vbrv8\" frameborder=\"0\" width=\"853\" height=\"480\" allowfullscreen><\/iframe><\/div>\n<\/div>\n<\/div>\n<p><br \/>\n<br \/><a href=\"https:\/\/de.rt.com\/europa\/217176-selenski-packt-aus-westen-weiss-ukrainer-geschicktesten-los-werden-kann\/\">Source link <\/a><\/p>\n","protected":false},"excerpt":{"rendered":"<p>Wladimir Selenskij ist sehr besorgt dar\u00fcber, dass 7,5 Millionen Ukrainer aus dem Land geflohen sind. Seit langem will er die wehrf\u00e4higen M\u00e4nner und potenziellen Steuerzahler ins Land zur\u00fcckholen. Nun sagt er, dass die westlichen Politiker die gleichen Ziele wie er anstreben \u2012 allerdings heimlich. Von Wladislaw Sankin\u00a0 Wladimir Selenskij hat eine Wende in der Frage\u00a0der [&hellip;]<\/p>\n","protected":false},"author":3,"featured_media":67834,"comment_status":"open","ping_status":"open","sticky":false,"template":"","format":"standard","meta":{"_yoast_indexnow_last_ping":["1724998309"],"wp_automatic_camp":["217"],"c8a75708f293a46d08ecd55aaad36078":["Selenskij packt aus: Westen wei\u00df nicht, wie er die gefl\u00fcchteten Ukrainer geschickt wieder los wird"],"original_link":["https:\/\/de.rt.com\/europa\/217176-selenski-packt-aus-westen-weiss-ukrainer-geschicktesten-los-werden-kann\/"],"_thumbnail_id":["67834"],"_wptgpro_p2tg_sent2tg":["a:1:{i:23737;s:19:\"2024-08-30 08:12:51\";}"],"jnews_social_counter_last_update":["1777277286"]},"categories":[19,23],"tags":[679,45,58052,23744,11578,800,5408,6158,5757,20543,378,579,904,374],"yoast_head":"<!-- This site is optimized with the Yoast SEO Premium plugin v22.7 (Yoast SEO v22.7) - https:\/\/yoast.com\/wordpress\/plugins\/seo\/ -->\n<title>Selenskij packt aus: Westen wei\u00df nicht, wie er die gefl\u00fcchteten Ukrainer geschickt wieder los wird - just-now.NEWS Deutschland<\/title>\n<meta name=\"robots\" content=\"index, follow, max-snippet:-1, max-image-preview:large, max-video-preview:-1\" \/>\n<link rel=\"canonical\" href=\"https:\/\/now-news.de\/de\/deutschland\/selenskij-packt-aus-westen-weiss-nicht-wie-er-die-gefluechteten-ukrainer-geschickt-wieder-los-wird\/\" \/>\n<meta property=\"og:locale\" content=\"de_DE\" \/>\n<meta property=\"og:type\" content=\"article\" \/>\n<meta property=\"og:title\" content=\"Selenskij packt aus: Westen wei\u00df nicht, wie er die gefl\u00fcchteten Ukrainer geschickt wieder los wird\" \/>\n<meta property=\"og:description\" content=\"Wladimir Selenskij ist sehr besorgt dar\u00fcber, dass 7,5 Millionen Ukrainer aus dem Land geflohen sind. Seit langem will er die wehrf\u00e4higen M\u00e4nner und potenziellen Steuerzahler ins Land zur\u00fcckholen. Nun sagt er, dass die westlichen Politiker die gleichen Ziele wie er anstreben \u2012 allerdings heimlich. Von Wladislaw Sankin\u00a0 Wladimir Selenskij hat eine Wende in der Frage\u00a0der [&hellip;]\" \/>\n<meta property=\"og:url\" content=\"https:\/\/now-news.de\/de\/deutschland\/selenskij-packt-aus-westen-weiss-nicht-wie-er-die-gefluechteten-ukrainer-geschickt-wieder-los-wird\/\" \/>\n<meta property=\"og:site_name\" content=\"just-now.NEWS Deutschland\" \/>\n<meta property=\"article:publisher\" content=\"https:\/\/www.facebook.com\/wirmachenauf\" \/>\n<meta property=\"article:published_time\" content=\"2024-08-30T04:56:00+00:00\" \/>\n<meta property=\"og:image\" content=\"https:\/\/now-news.de\/de\/wp-content\/uploads\/sites\/3\/2024\/08\/66cf5ac448fbef70cf5e2585.jpg\" \/>\n<meta name=\"author\" content=\"rtnews\" \/>\n<meta name=\"twitter:card\" content=\"summary_large_image\" \/>\n<meta name=\"twitter:creator\" content=\"@WirMachenAuf_de\" \/>\n<meta name=\"twitter:site\" content=\"@WirMachenAuf_de\" \/>\n<meta name=\"twitter:label1\" content=\"Verfasst von\" \/>\n\t<meta name=\"twitter:data1\" content=\"rtnews\" \/>\n\t<meta name=\"twitter:label2\" content=\"Gesch\u00e4tzte Lesezeit\" \/>\n\t<meta name=\"twitter:data2\" content=\"4\u00a0Minuten\" \/>\n<script type=\"application\/ld+json\" class=\"yoast-schema-graph\">{\"@context\":\"https:\/\/schema.org\",\"@graph\":[{\"@type\":\"Article\",\"@id\":\"https:\/\/now-news.de\/de\/deutschland\/selenskij-packt-aus-westen-weiss-nicht-wie-er-die-gefluechteten-ukrainer-geschickt-wieder-los-wird\/#article\",\"isPartOf\":{\"@id\":\"https:\/\/now-news.de\/de\/deutschland\/selenskij-packt-aus-westen-weiss-nicht-wie-er-die-gefluechteten-ukrainer-geschickt-wieder-los-wird\/\"},\"author\":{\"name\":\"rtnews\",\"@id\":\"https:\/\/now-news.de\/de\/#\/schema\/person\/fb534a4e865501d8b3285208df34a9b5\"},\"headline\":\"Selenskij packt aus: Westen wei\u00df nicht, wie er die gefl\u00fcchteten Ukrainer geschickt wieder los wird\",\"datePublished\":\"2024-08-30T04:56:00+00:00\",\"dateModified\":\"2024-08-30T04:56:00+00:00\",\"mainEntityOfPage\":{\"@id\":\"https:\/\/now-news.de\/de\/deutschland\/selenskij-packt-aus-westen-weiss-nicht-wie-er-die-gefluechteten-ukrainer-geschickt-wieder-los-wird\/\"},\"wordCount\":793,\"commentCount\":0,\"publisher\":{\"@id\":\"https:\/\/now-news.de\/de\/#organization\"},\"image\":{\"@id\":\"https:\/\/now-news.de\/de\/deutschland\/selenskij-packt-aus-westen-weiss-nicht-wie-er-die-gefluechteten-ukrainer-geschickt-wieder-los-wird\/#primaryimage\"},\"thumbnailUrl\":\"https:\/\/now-news.de\/de\/wp-content\/uploads\/sites\/3\/2024\/08\/Selenskij-packt-aus-Westen-weiss-nicht-wie-er-die-gefluechteten.jpg\",\"keywords\":[\"aus\",\"die\",\"gefl\u00fcchteten\",\"geschickt\",\"los\",\"nicht\",\"packt\",\"Selenskij\",\"Ukrainer\",\"wei\u00df\",\"Westen\",\"Wie\",\"wieder\",\"wird\"],\"articleSection\":[\"Deutschland\",\"Russland\"],\"inLanguage\":\"de\",\"potentialAction\":[{\"@type\":\"CommentAction\",\"name\":\"Comment\",\"target\":[\"https:\/\/now-news.de\/de\/deutschland\/selenskij-packt-aus-westen-weiss-nicht-wie-er-die-gefluechteten-ukrainer-geschickt-wieder-los-wird\/#respond\"]}]},{\"@type\":\"WebPage\",\"@id\":\"https:\/\/now-news.de\/de\/deutschland\/selenskij-packt-aus-westen-weiss-nicht-wie-er-die-gefluechteten-ukrainer-geschickt-wieder-los-wird\/\",\"url\":\"https:\/\/now-news.de\/de\/deutschland\/selenskij-packt-aus-westen-weiss-nicht-wie-er-die-gefluechteten-ukrainer-geschickt-wieder-los-wird\/\",\"name\":\"Selenskij packt aus: Westen wei\u00df nicht, wie er die gefl\u00fcchteten Ukrainer geschickt wieder los wird - just-now.NEWS Deutschland\",\"isPartOf\":{\"@id\":\"https:\/\/now-news.de\/de\/#website\"},\"primaryImageOfPage\":{\"@id\":\"https:\/\/now-news.de\/de\/deutschland\/selenskij-packt-aus-westen-weiss-nicht-wie-er-die-gefluechteten-ukrainer-geschickt-wieder-los-wird\/#primaryimage\"},\"image\":{\"@id\":\"https:\/\/now-news.de\/de\/deutschland\/selenskij-packt-aus-westen-weiss-nicht-wie-er-die-gefluechteten-ukrainer-geschickt-wieder-los-wird\/#primaryimage\"},\"thumbnailUrl\":\"https:\/\/now-news.de\/de\/wp-content\/uploads\/sites\/3\/2024\/08\/Selenskij-packt-aus-Westen-weiss-nicht-wie-er-die-gefluechteten.jpg\",\"datePublished\":\"2024-08-30T04:56:00+00:00\",\"dateModified\":\"2024-08-30T04:56:00+00:00\",\"breadcrumb\":{\"@id\":\"https:\/\/now-news.de\/de\/deutschland\/selenskij-packt-aus-westen-weiss-nicht-wie-er-die-gefluechteten-ukrainer-geschickt-wieder-los-wird\/#breadcrumb\"},\"inLanguage\":\"de\",\"potentialAction\":[{\"@type\":\"ReadAction\",\"target\":[\"https:\/\/now-news.de\/de\/deutschland\/selenskij-packt-aus-westen-weiss-nicht-wie-er-die-gefluechteten-ukrainer-geschickt-wieder-los-wird\/\"]}]},{\"@type\":\"ImageObject\",\"inLanguage\":\"de\",\"@id\":\"https:\/\/now-news.de\/de\/deutschland\/selenskij-packt-aus-westen-weiss-nicht-wie-er-die-gefluechteten-ukrainer-geschickt-wieder-los-wird\/#primaryimage\",\"url\":\"https:\/\/now-news.de\/de\/wp-content\/uploads\/sites\/3\/2024\/08\/Selenskij-packt-aus-Westen-weiss-nicht-wie-er-die-gefluechteten.jpg\",\"contentUrl\":\"https:\/\/now-news.de\/de\/wp-content\/uploads\/sites\/3\/2024\/08\/Selenskij-packt-aus-Westen-weiss-nicht-wie-er-die-gefluechteten.jpg\",\"width\":460,\"height\":259,\"caption\":\"Selenskij packt aus: Westen wei\u00df nicht, wie er die gefl\u00fcchteten Ukrainer geschickt wieder los wird\"},{\"@type\":\"BreadcrumbList\",\"@id\":\"https:\/\/now-news.de\/de\/deutschland\/selenskij-packt-aus-westen-weiss-nicht-wie-er-die-gefluechteten-ukrainer-geschickt-wieder-los-wird\/#breadcrumb\",\"itemListElement\":[{\"@type\":\"ListItem\",\"position\":1,\"name\":\"Home\",\"item\":\"https:\/\/now-news.de\/de\/\"},{\"@type\":\"ListItem\",\"position\":2,\"name\":\"Selenskij packt aus: Westen wei\u00df nicht, wie er die gefl\u00fcchteten Ukrainer geschickt wieder los wird\"}]},{\"@type\":\"WebSite\",\"@id\":\"https:\/\/now-news.de\/de\/#website\",\"url\":\"https:\/\/now-news.de\/de\/\",\"name\":\"just-now.NEWS Deutschland\",\"description\":\"Das Portal f\u00fcr unzensierte Nachrichten aus der Welt\",\"publisher\":{\"@id\":\"https:\/\/now-news.de\/de\/#organization\"},\"potentialAction\":[{\"@type\":\"SearchAction\",\"target\":{\"@type\":\"EntryPoint\",\"urlTemplate\":\"https:\/\/now-news.de\/de\/?s={search_term_string}\"},\"query-input\":\"required name=search_term_string\"}],\"inLanguage\":\"de\"},{\"@type\":\"Organization\",\"@id\":\"https:\/\/now-news.de\/de\/#organization\",\"name\":\"Just Now News\",\"url\":\"https:\/\/now-news.de\/de\/\",\"logo\":{\"@type\":\"ImageObject\",\"inLanguage\":\"de\",\"@id\":\"https:\/\/now-news.de\/de\/#\/schema\/logo\/image\/\",\"url\":\"http:\/\/just-now.news\/de\/wp-content\/uploads\/sites\/3\/2022\/04\/logo500x500.jpg\",\"contentUrl\":\"http:\/\/just-now.news\/de\/wp-content\/uploads\/sites\/3\/2022\/04\/logo500x500.jpg\",\"width\":500,\"height\":500,\"caption\":\"Just Now News\"},\"image\":{\"@id\":\"https:\/\/now-news.de\/de\/#\/schema\/logo\/image\/\"},\"sameAs\":[\"https:\/\/www.facebook.com\/wirmachenauf\",\"https:\/\/x.com\/WirMachenAuf_de\"]},{\"@type\":\"Person\",\"@id\":\"https:\/\/now-news.de\/de\/#\/schema\/person\/fb534a4e865501d8b3285208df34a9b5\",\"name\":\"rtnews\",\"image\":{\"@type\":\"ImageObject\",\"inLanguage\":\"de\",\"@id\":\"https:\/\/now-news.de\/de\/#\/schema\/person\/image\/\",\"url\":\"https:\/\/secure.gravatar.com\/avatar\/82aafea7d8127119dd649515f56e2117?s=96&d=mm&r=g\",\"contentUrl\":\"https:\/\/secure.gravatar.com\/avatar\/82aafea7d8127119dd649515f56e2117?s=96&d=mm&r=g\",\"caption\":\"rtnews\"},\"url\":\"https:\/\/now-news.de\/de\/author\/rnews\/\"}]}<\/script>\n<!-- \/ Yoast SEO Premium plugin. -->","yoast_head_json":{"title":"Selenskij packt aus: Westen wei\u00df nicht, wie er die gefl\u00fcchteten Ukrainer geschickt wieder los wird - just-now.NEWS Deutschland","robots":{"index":"index","follow":"follow","max-snippet":"max-snippet:-1","max-image-preview":"max-image-preview:large","max-video-preview":"max-video-preview:-1"},"canonical":"https:\/\/now-news.de\/de\/deutschland\/selenskij-packt-aus-westen-weiss-nicht-wie-er-die-gefluechteten-ukrainer-geschickt-wieder-los-wird\/","og_locale":"de_DE","og_type":"article","og_title":"Selenskij packt aus: Westen wei\u00df nicht, wie er die gefl\u00fcchteten Ukrainer geschickt wieder los wird","og_description":"Wladimir Selenskij ist sehr besorgt dar\u00fcber, dass 7,5 Millionen Ukrainer aus dem Land geflohen sind. Seit langem will er die wehrf\u00e4higen M\u00e4nner und potenziellen Steuerzahler ins Land zur\u00fcckholen. Nun sagt er, dass die westlichen Politiker die gleichen Ziele wie er anstreben \u2012 allerdings heimlich. Von Wladislaw Sankin\u00a0 Wladimir Selenskij hat eine Wende in der Frage\u00a0der [&hellip;]","og_url":"https:\/\/now-news.de\/de\/deutschland\/selenskij-packt-aus-westen-weiss-nicht-wie-er-die-gefluechteten-ukrainer-geschickt-wieder-los-wird\/","og_site_name":"just-now.NEWS Deutschland","article_publisher":"https:\/\/www.facebook.com\/wirmachenauf","article_published_time":"2024-08-30T04:56:00+00:00","og_image":[{"url":"https:\/\/now-news.de\/de\/wp-content\/uploads\/sites\/3\/2024\/08\/66cf5ac448fbef70cf5e2585.jpg"}],"author":"rtnews","twitter_card":"summary_large_image","twitter_creator":"@WirMachenAuf_de","twitter_site":"@WirMachenAuf_de","twitter_misc":{"Verfasst von":"rtnews","Gesch\u00e4tzte Lesezeit":"4\u00a0Minuten"},"schema":{"@context":"https:\/\/schema.org","@graph":[{"@type":"Article","@id":"https:\/\/now-news.de\/de\/deutschland\/selenskij-packt-aus-westen-weiss-nicht-wie-er-die-gefluechteten-ukrainer-geschickt-wieder-los-wird\/#article","isPartOf":{"@id":"https:\/\/now-news.de\/de\/deutschland\/selenskij-packt-aus-westen-weiss-nicht-wie-er-die-gefluechteten-ukrainer-geschickt-wieder-los-wird\/"},"author":{"name":"rtnews","@id":"https:\/\/now-news.de\/de\/#\/schema\/person\/fb534a4e865501d8b3285208df34a9b5"},"headline":"Selenskij packt aus: Westen wei\u00df nicht, wie er die gefl\u00fcchteten Ukrainer geschickt wieder los wird","datePublished":"2024-08-30T04:56:00+00:00","dateModified":"2024-08-30T04:56:00+00:00","mainEntityOfPage":{"@id":"https:\/\/now-news.de\/de\/deutschland\/selenskij-packt-aus-westen-weiss-nicht-wie-er-die-gefluechteten-ukrainer-geschickt-wieder-los-wird\/"},"wordCount":793,"commentCount":0,"publisher":{"@id":"https:\/\/now-news.de\/de\/#organization"},"image":{"@id":"https:\/\/now-news.de\/de\/deutschland\/selenskij-packt-aus-westen-weiss-nicht-wie-er-die-gefluechteten-ukrainer-geschickt-wieder-los-wird\/#primaryimage"},"thumbnailUrl":"https:\/\/now-news.de\/de\/wp-content\/uploads\/sites\/3\/2024\/08\/Selenskij-packt-aus-Westen-weiss-nicht-wie-er-die-gefluechteten.jpg","keywords":["aus","die","gefl\u00fcchteten","geschickt","los","nicht","packt","Selenskij","Ukrainer","wei\u00df","Westen","Wie","wieder","wird"],"articleSection":["Deutschland","Russland"],"inLanguage":"de","potentialAction":[{"@type":"CommentAction","name":"Comment","target":["https:\/\/now-news.de\/de\/deutschland\/selenskij-packt-aus-westen-weiss-nicht-wie-er-die-gefluechteten-ukrainer-geschickt-wieder-los-wird\/#respond"]}]},{"@type":"WebPage","@id":"https:\/\/now-news.de\/de\/deutschland\/selenskij-packt-aus-westen-weiss-nicht-wie-er-die-gefluechteten-ukrainer-geschickt-wieder-los-wird\/","url":"https:\/\/now-news.de\/de\/deutschland\/selenskij-packt-aus-westen-weiss-nicht-wie-er-die-gefluechteten-ukrainer-geschickt-wieder-los-wird\/","name":"Selenskij packt aus: Westen wei\u00df nicht, wie er die gefl\u00fcchteten Ukrainer geschickt wieder los wird - just-now.NEWS Deutschland","isPartOf":{"@id":"https:\/\/now-news.de\/de\/#website"},"primaryImageOfPage":{"@id":"https:\/\/now-news.de\/de\/deutschland\/selenskij-packt-aus-westen-weiss-nicht-wie-er-die-gefluechteten-ukrainer-geschickt-wieder-los-wird\/#primaryimage"},"image":{"@id":"https:\/\/now-news.de\/de\/deutschland\/selenskij-packt-aus-westen-weiss-nicht-wie-er-die-gefluechteten-ukrainer-geschickt-wieder-los-wird\/#primaryimage"},"thumbnailUrl":"https:\/\/now-news.de\/de\/wp-content\/uploads\/sites\/3\/2024\/08\/Selenskij-packt-aus-Westen-weiss-nicht-wie-er-die-gefluechteten.jpg","datePublished":"2024-08-30T04:56:00+00:00","dateModified":"2024-08-30T04:56:00+00:00","breadcrumb":{"@id":"https:\/\/now-news.de\/de\/deutschland\/selenskij-packt-aus-westen-weiss-nicht-wie-er-die-gefluechteten-ukrainer-geschickt-wieder-los-wird\/#breadcrumb"},"inLanguage":"de","potentialAction":[{"@type":"ReadAction","target":["https:\/\/now-news.de\/de\/deutschland\/selenskij-packt-aus-westen-weiss-nicht-wie-er-die-gefluechteten-ukrainer-geschickt-wieder-los-wird\/"]}]},{"@type":"ImageObject","inLanguage":"de","@id":"https:\/\/now-news.de\/de\/deutschland\/selenskij-packt-aus-westen-weiss-nicht-wie-er-die-gefluechteten-ukrainer-geschickt-wieder-los-wird\/#primaryimage","url":"https:\/\/now-news.de\/de\/wp-content\/uploads\/sites\/3\/2024\/08\/Selenskij-packt-aus-Westen-weiss-nicht-wie-er-die-gefluechteten.jpg","contentUrl":"https:\/\/now-news.de\/de\/wp-content\/uploads\/sites\/3\/2024\/08\/Selenskij-packt-aus-Westen-weiss-nicht-wie-er-die-gefluechteten.jpg","width":460,"height":259,"caption":"Selenskij packt aus: Westen wei\u00df nicht, wie er die gefl\u00fcchteten Ukrainer geschickt wieder los wird"},{"@type":"BreadcrumbList","@id":"https:\/\/now-news.de\/de\/deutschland\/selenskij-packt-aus-westen-weiss-nicht-wie-er-die-gefluechteten-ukrainer-geschickt-wieder-los-wird\/#breadcrumb","itemListElement":[{"@type":"ListItem","position":1,"name":"Home","item":"https:\/\/now-news.de\/de\/"},{"@type":"ListItem","position":2,"name":"Selenskij packt aus: Westen wei\u00df nicht, wie er die gefl\u00fcchteten Ukrainer geschickt wieder los wird"}]},{"@type":"WebSite","@id":"https:\/\/now-news.de\/de\/#website","url":"https:\/\/now-news.de\/de\/","name":"just-now.NEWS Deutschland","description":"Das Portal f\u00fcr unzensierte Nachrichten aus der Welt","publisher":{"@id":"https:\/\/now-news.de\/de\/#organization"},"potentialAction":[{"@type":"SearchAction","target":{"@type":"EntryPoint","urlTemplate":"https:\/\/now-news.de\/de\/?s={search_term_string}"},"query-input":"required name=search_term_string"}],"inLanguage":"de"},{"@type":"Organization","@id":"https:\/\/now-news.de\/de\/#organization","name":"Just Now News","url":"https:\/\/now-news.de\/de\/","logo":{"@type":"ImageObject","inLanguage":"de","@id":"https:\/\/now-news.de\/de\/#\/schema\/logo\/image\/","url":"http:\/\/just-now.news\/de\/wp-content\/uploads\/sites\/3\/2022\/04\/logo500x500.jpg","contentUrl":"http:\/\/just-now.news\/de\/wp-content\/uploads\/sites\/3\/2022\/04\/logo500x500.jpg","width":500,"height":500,"caption":"Just Now News"},"image":{"@id":"https:\/\/now-news.de\/de\/#\/schema\/logo\/image\/"},"sameAs":["https:\/\/www.facebook.com\/wirmachenauf","https:\/\/x.com\/WirMachenAuf_de"]},{"@type":"Person","@id":"https:\/\/now-news.de\/de\/#\/schema\/person\/fb534a4e865501d8b3285208df34a9b5","name":"rtnews","image":{"@type":"ImageObject","inLanguage":"de","@id":"https:\/\/now-news.de\/de\/#\/schema\/person\/image\/","url":"https:\/\/secure.gravatar.com\/avatar\/82aafea7d8127119dd649515f56e2117?s=96&d=mm&r=g","contentUrl":"https:\/\/secure.gravatar.com\/avatar\/82aafea7d8127119dd649515f56e2117?s=96&d=mm&r=g","caption":"rtnews"},"url":"https:\/\/now-news.de\/de\/author\/rnews\/"}]}},"_links":{"self":[{"href":"https:\/\/now-news.de\/de\/wp-json\/wp\/v2\/posts\/67833"}],"collection":[{"href":"https:\/\/now-news.de\/de\/wp-json\/wp\/v2\/posts"}],"about":[{"href":"https:\/\/now-news.de\/de\/wp-json\/wp\/v2\/types\/post"}],"author":[{"embeddable":true,"href":"https:\/\/now-news.de\/de\/wp-json\/wp\/v2\/users\/3"}],"replies":[{"embeddable":true,"href":"https:\/\/now-news.de\/de\/wp-json\/wp\/v2\/comments?post=67833"}],"version-history":[{"count":0,"href":"https:\/\/now-news.de\/de\/wp-json\/wp\/v2\/posts\/67833\/revisions"}],"wp:featuredmedia":[{"embeddable":true,"href":"https:\/\/now-news.de\/de\/wp-json\/wp\/v2\/media\/67834"}],"wp:attachment":[{"href":"https:\/\/now-news.de\/de\/wp-json\/wp\/v2\/media?parent=67833"}],"wp:term":[{"taxonomy":"category","embeddable":true,"href":"https:\/\/now-news.de\/de\/wp-json\/wp\/v2\/categories?post=67833"},{"taxonomy":"post_tag","embeddable":true,"href":"https:\/\/now-news.de\/de\/wp-json\/wp\/v2\/tags?post=67833"}],"curies":[{"name":"wp","href":"https:\/\/api.w.org\/{rel}","templated":true}]}}