{"id":67798,"date":"2024-08-29T18:38:24","date_gmt":"2024-08-29T16:38:24","guid":{"rendered":"https:\/\/now-news.de\/de\/deutschland\/abschiebedebatte-alter-wein-in-alten-schlaeuchen\/"},"modified":"2024-08-29T18:38:24","modified_gmt":"2024-08-29T16:38:24","slug":"abschiebedebatte-alter-wein-in-alten-schlaeuchen","status":"publish","type":"post","link":"https:\/\/now-news.de\/de\/deutschland\/abschiebedebatte-alter-wein-in-alten-schlaeuchen\/","title":{"rendered":"Abschiebedebatte: Alter Wein in alten Schl\u00e4uchen"},"content":{"rendered":"<p><img decoding=\"async\" src=\"https:\/\/now-news.de\/de\/wp-content\/uploads\/sites\/3\/2024\/08\/66d08f57b480cc081457a2f3.jpg\" \/><\/p>\n<div class=\"Text-root Text-type_1 \">\n                Die Ampel schl\u00e4gt Ma\u00dfnahmen vor, mit denen Anschl\u00e4ge wie der von Solingen k\u00fcnftig verhindert werden sollen. Dabei verl\u00e4uft die Debatte nach jedem Anschlag gleich, die neuen Ma\u00dfnahmen verpuffen wirkungslos. Es braucht nicht Gesetzesversch\u00e4rfungen, sondern den Willen, Gesetze durchzusetzen.\n            <\/div>\n<p><\/p>\n<div class=\"Text-root Text-type_5 ArticleView-text ViewText-root \">\n<p><em>Von Gert Ewen Ungar<\/em><\/p>\n<p>Es ist ein gut einge\u00fcbter deutscher Reflex. Nach Anschl\u00e4gen wie dem von Solingen beginnen Debatten \u00fcber die Reform des Asylrechts und beschleunigte Ausweisung schneller, als sich bis drei z\u00e4hlen l\u00e4sst. Ebenso schnell verlaufen sie dann auch im Sand, ohne dass sich substanziell etwas \u00e4ndern w\u00fcrde. Politik suggeriert beim Thema regelm\u00e4\u00dfig Handlungsbereitschaft und Handlungsf\u00e4higkeit, die sie faktisch gar nicht besitzt und allem Anschein nach auch nicht besitzen will. Heute wurde von der Bundesregierung ein Ma\u00dfnahmenpaket verk\u00fcndet, das ebenso wirkungslos sein wird wie alle zuvor geschn\u00fcrten Ma\u00dfnahmenpakete. Es handelt sich dabei um alten Wein in noch \u00e4lteren Schl\u00e4uchen.\u00a0<\/p>\n<p>Als im Jahr 2016 der aus Tunesien stammende Anis Amri mit einem Lkw in eine Menschenmenge auf dem Berliner Breitscheidplatz raste und damit 13 Menschen t\u00f6tete, war der Aufschrei gro\u00df. F\u00fcnf Jahre sp\u00e4ter, im Jahr 2021, erstellte der <em>Mediendienst Integration<\/em> eine <a rel=\"nofollow noopener\" target=\"_blank\" href=\"https:\/\/mediendienst-integration.de\/artikel\/was-sich-seit-dem-terroranschlag-geaendert-hat.html\">\u00dcbersicht <\/a>\u00fcber das, was sich nach dem Anschlag ge\u00e4ndert hat.<\/p>\n<p>Die Ma\u00dfnahmen sind \u00fcberschaubar, um es mal euphemistisch auszudr\u00fccken. Ein paar Arbeitsgruppen wurden gegr\u00fcndet, das Abfassen von Arbeitsprotokollen wurde optimiert, man hat sich besser vernetzt. Wer wei\u00df, wie Beh\u00f6rden arbeiten, der wei\u00df auch, all das ist inzwischen l\u00e4ngst wieder eingeschlafen, weil irgendetwas anderes pl\u00f6tzlich auf der Agenda stand, das Personal aber knapp ist.\u00a0Es gibt eine etwas vereinfachte M\u00f6glichkeit, Gef\u00e4hrder in Abschiebehaft zu bringen.\u00a0Vorhanden\u00a0ist sie eigentlich.\u00a0\u00a0<\/p>\n<p>Inzwischen gab es weitere Anschl\u00e4ge, in deren Folge immer wieder eine beschleunigte Abschiebung und h\u00e4rtere Regeln gefordert wurden. Erst im Juni nach dem Anschlag in Mannheim debattierte der Bundestag wieder einmal \u00fcber Abschieberegeln und deren Versch\u00e4rfung. Zwei Monate sp\u00e4ter attackiert ein syrischer Asylbewerber Menschen auf dem Stadtfest in Solingen mit einem Messer und t\u00f6tet drei Personen.\u00a0<\/p>\n<p>H\u00e4tte sich wirklich etwas getan, w\u00e4re das Problem l\u00e4ngst gel\u00f6st, weil jedem Asylbewerber klar w\u00e4re, wenn er straff\u00e4llig wird, muss er Deutschland und die EU verlassen. Ganz offensichtlich ist das nicht der Fall.\u00a0<\/p>\n<p>Auch die heute verk\u00fcndeten Ma\u00dfnahmen wie Messerverbote und die Durchsetzung der Dublin-Regeln werden keine L\u00f6sung bringen. Deutschland hat bereits ein strenges Waffengesetz, die Dublin-Regeln gibt es seit Jahren. Beides konnte Solingen nicht verhindern. Die Frage ist, warum?\u00a0<\/p>\n<p>Das Problem ist systemisch. Sozialarbeiter, Rechtsanw\u00e4lte und Psychologen \u2013 eine ganze Hilfeindustrie profitiert finanziell davon, rechtliche Konsequenzen f\u00fcr ihre Klientel m\u00f6glichst lange aufzuschieben. Kettenduldungen, endloses Aufschieben von Gef\u00e4ngnisstrafen, ein institutionalisiertes System der Konsequenzlosigkeit gepaart mit Sparorgien, durch die die \u00f6ffentliche Verwaltung in Richtung Handlungsf\u00e4higkeit gedr\u00e4ngt wird, sind urs\u00e4chlich verantwortlich.<\/p>\n<p>Es ist nicht notwendig, erneut eine Debatte \u00fcber schnellere Abschiebung loszutreten und nach sch\u00e4rferen Gesetzen zu rufen. Was Politik sicherstellen muss, ist, dass bestehende Regeln zeitnah angewandt werden und angewandt werden k\u00f6nnen. Das ist nicht gegeben, weil das deutsche Hilfesystem darauf ausgerichtet ist, Konsequenzen f\u00fcr Fehlverhalten zu verhindern. Es setzt klare Fehlanreize.\u00a0<\/p>\n<p>Den Attent\u00e4tern gemeinsam ist, dass sie aktenkundig sind. Sie sind im deutschen Hilfesystem gelandet und wurden dort nicht nur gehalten, sondern auch gesch\u00fctzt. Das darf nicht sein.<\/p>\n<p>Geschuldet ist das\u00a0einem ideologischen Spin in den an Migration angelagerten Berufen. All die Besch\u00e4ftigten in den um das Thema Migration und Asyl angesiedelten Berufsgruppen eint eine N\u00e4he zu einer liberalen Ideologie. Es ist dort gang und g\u00e4be, das Eigene, das Deutsche, zutiefst zu verachten. Im umgekehrten Ma\u00df, wie man sich sch\u00fctzend und noch das letzte Rechtsmittel ausreizend vor seine migrantische Klientel stellt, ist man gegen\u00fcber Menschen empathielos, die sich kritisch zu Migration \u00e4u\u00dfern, die in Zuwanderung nicht die L\u00f6sung, sondern ein Problem sehen, die \u00c4ngste haben. Man misst mit zweierlei Ma\u00df und ist stolz darauf.\u00a0<\/p>\n<p>In den sozialen Berufen sammelt sich die liberale W\u00e4hlerklientel. Es ist eine Gruppe voller innerer Widerspr\u00fcche und Selbsthass, die Zensur und Repression begr\u00fc\u00dft und Strafen f\u00fcr das \u00c4u\u00dfern &#8220;falscher Meinungen&#8221; guthei\u00dft. Eine Gruppe, die aber gleichzeitig versucht, jede strafrechtliche Konsequenz auch bei schwersten Vergehen von ihren Klienten fernzuhalten. Vor allem hier m\u00fcsste sich etwas \u00e4ndern.<\/p>\n<p>Es braucht in Deutschland ein Hilfesystem, das hilft und unterst\u00fctzt, das aber nicht strafrechtliche Konsequenzen endlos abwendet und Straftaten beg\u00fcnstigt. Man muss Gesetze nicht versch\u00e4rfen, sondern sie durchsetzen \u2013 auf allen Ebenen. Es braucht eine Handhabe gegen\u00fcber Mitarbeitern im Hilfesystem, die Straftaten decken und verschleiern. Dass im Hilfesystem Straftaten gedeckt werden, ist aber in Deutschland nicht die Ausnahme, sondern die institutionalisierte Regel.\u00a0<\/p>\n<p><strong>Mehr zum Thema<\/strong>\u00a0\u2013 <a rel=\"nofollow noopener\" target=\"_blank\" href=\"https:\/\/freedert.online\/inland\/217320-bundesregierung-schnuert-nach-solingen-anschlag\/\">Bundesregierung schn\u00fcrt nach Solingen-Anschlag Ma\u00dfnahmenpaket gegen Asylmissbrauch<\/a><\/p>\n<div class=\"EmbedBlock-root EmbedBlock-externalVideo EmbedBlock-rumble\">\n<div class=\"VkEmbed\"><iframe class=\"lazyload\" data-src=\"https:\/\/rumble.com\/embed\/v5ais1e\" frameborder=\"0\" width=\"853\" height=\"480\" allowfullscreen><\/iframe><\/div>\n<\/div>\n<\/div>\n<p><br \/>\n<br \/><a href=\"https:\/\/de.rt.com\/inland\/217336-abschiebedebatte-alter-wein-in-alten\/\">Source link <\/a><\/p>\n","protected":false},"excerpt":{"rendered":"<p>Die Ampel schl\u00e4gt Ma\u00dfnahmen vor, mit denen Anschl\u00e4ge wie der von Solingen k\u00fcnftig verhindert werden sollen. Dabei verl\u00e4uft die Debatte nach jedem Anschlag gleich, die neuen Ma\u00dfnahmen verpuffen wirkungslos. Es braucht nicht Gesetzesversch\u00e4rfungen, sondern den Willen, Gesetze durchzusetzen. Von Gert Ewen Ungar Es ist ein gut einge\u00fcbter deutscher Reflex. Nach Anschl\u00e4gen wie dem von Solingen [&hellip;]<\/p>\n","protected":false},"author":3,"featured_media":67799,"comment_status":"open","ping_status":"open","sticky":false,"template":"","format":"standard","meta":{"_yoast_indexnow_last_ping":["1724950208"],"wp_automatic_camp":["217"],"13cf43e7cea06617510fd04088e5aabd":["Abschiebedebatte: Alter Wein in alten Schl\u00e4uchen"],"original_link":["https:\/\/de.rt.com\/inland\/217336-abschiebedebatte-alter-wein-in-alten\/"],"_thumbnail_id":["67799"],"_wptgpro_p2tg_sent2tg":["a:1:{i:23737;s:19:\"2024-08-29 18:52:19\";}"],"jnews_social_counter_last_update":["1777087052"]},"categories":[19,23],"tags":[58035,16706,10154,33000,20027],"yoast_head":"<!-- This site is optimized with the Yoast SEO Premium plugin v22.7 (Yoast SEO v22.7) - https:\/\/yoast.com\/wordpress\/plugins\/seo\/ -->\n<title>Abschiebedebatte: Alter Wein in alten Schl\u00e4uchen - just-now.NEWS Deutschland<\/title>\n<meta name=\"robots\" content=\"index, follow, max-snippet:-1, max-image-preview:large, max-video-preview:-1\" \/>\n<link rel=\"canonical\" href=\"https:\/\/now-news.de\/de\/deutschland\/abschiebedebatte-alter-wein-in-alten-schlaeuchen\/\" \/>\n<meta property=\"og:locale\" content=\"de_DE\" \/>\n<meta property=\"og:type\" content=\"article\" \/>\n<meta property=\"og:title\" content=\"Abschiebedebatte: Alter Wein in alten Schl\u00e4uchen\" \/>\n<meta property=\"og:description\" content=\"Die Ampel schl\u00e4gt Ma\u00dfnahmen vor, mit denen Anschl\u00e4ge wie der von Solingen k\u00fcnftig verhindert werden sollen. Dabei verl\u00e4uft die Debatte nach jedem Anschlag gleich, die neuen Ma\u00dfnahmen verpuffen wirkungslos. Es braucht nicht Gesetzesversch\u00e4rfungen, sondern den Willen, Gesetze durchzusetzen. Von Gert Ewen Ungar Es ist ein gut einge\u00fcbter deutscher Reflex. Nach Anschl\u00e4gen wie dem von Solingen [&hellip;]\" \/>\n<meta property=\"og:url\" content=\"https:\/\/now-news.de\/de\/deutschland\/abschiebedebatte-alter-wein-in-alten-schlaeuchen\/\" \/>\n<meta property=\"og:site_name\" content=\"just-now.NEWS Deutschland\" \/>\n<meta property=\"article:publisher\" content=\"https:\/\/www.facebook.com\/wirmachenauf\" \/>\n<meta property=\"article:published_time\" content=\"2024-08-29T16:38:24+00:00\" \/>\n<meta property=\"og:image\" content=\"https:\/\/now-news.de\/de\/wp-content\/uploads\/sites\/3\/2024\/08\/66d08f57b480cc081457a2f3.jpg\" \/>\n<meta name=\"author\" content=\"rtnews\" \/>\n<meta name=\"twitter:card\" content=\"summary_large_image\" \/>\n<meta name=\"twitter:creator\" content=\"@WirMachenAuf_de\" \/>\n<meta name=\"twitter:site\" content=\"@WirMachenAuf_de\" \/>\n<meta name=\"twitter:label1\" content=\"Verfasst von\" \/>\n\t<meta name=\"twitter:data1\" content=\"rtnews\" \/>\n\t<meta name=\"twitter:label2\" content=\"Gesch\u00e4tzte Lesezeit\" \/>\n\t<meta name=\"twitter:data2\" content=\"4\u00a0Minuten\" \/>\n<script type=\"application\/ld+json\" class=\"yoast-schema-graph\">{\"@context\":\"https:\/\/schema.org\",\"@graph\":[{\"@type\":\"Article\",\"@id\":\"https:\/\/now-news.de\/de\/deutschland\/abschiebedebatte-alter-wein-in-alten-schlaeuchen\/#article\",\"isPartOf\":{\"@id\":\"https:\/\/now-news.de\/de\/deutschland\/abschiebedebatte-alter-wein-in-alten-schlaeuchen\/\"},\"author\":{\"name\":\"rtnews\",\"@id\":\"https:\/\/now-news.de\/de\/#\/schema\/person\/fb534a4e865501d8b3285208df34a9b5\"},\"headline\":\"Abschiebedebatte: Alter Wein in alten Schl\u00e4uchen\",\"datePublished\":\"2024-08-29T16:38:24+00:00\",\"dateModified\":\"2024-08-29T16:38:24+00:00\",\"mainEntityOfPage\":{\"@id\":\"https:\/\/now-news.de\/de\/deutschland\/abschiebedebatte-alter-wein-in-alten-schlaeuchen\/\"},\"wordCount\":816,\"commentCount\":0,\"publisher\":{\"@id\":\"https:\/\/now-news.de\/de\/#organization\"},\"image\":{\"@id\":\"https:\/\/now-news.de\/de\/deutschland\/abschiebedebatte-alter-wein-in-alten-schlaeuchen\/#primaryimage\"},\"thumbnailUrl\":\"https:\/\/now-news.de\/de\/wp-content\/uploads\/sites\/3\/2024\/08\/Abschiebedebatte-Alter-Wein-in-alten-Schlaeuchen.jpg\",\"keywords\":[\"Abschiebedebatte\",\"alten\",\"Alter\",\"Schl\u00e4uchen\",\"Wein\"],\"articleSection\":[\"Deutschland\",\"Russland\"],\"inLanguage\":\"de\",\"potentialAction\":[{\"@type\":\"CommentAction\",\"name\":\"Comment\",\"target\":[\"https:\/\/now-news.de\/de\/deutschland\/abschiebedebatte-alter-wein-in-alten-schlaeuchen\/#respond\"]}]},{\"@type\":\"WebPage\",\"@id\":\"https:\/\/now-news.de\/de\/deutschland\/abschiebedebatte-alter-wein-in-alten-schlaeuchen\/\",\"url\":\"https:\/\/now-news.de\/de\/deutschland\/abschiebedebatte-alter-wein-in-alten-schlaeuchen\/\",\"name\":\"Abschiebedebatte: Alter Wein in alten Schl\u00e4uchen - just-now.NEWS Deutschland\",\"isPartOf\":{\"@id\":\"https:\/\/now-news.de\/de\/#website\"},\"primaryImageOfPage\":{\"@id\":\"https:\/\/now-news.de\/de\/deutschland\/abschiebedebatte-alter-wein-in-alten-schlaeuchen\/#primaryimage\"},\"image\":{\"@id\":\"https:\/\/now-news.de\/de\/deutschland\/abschiebedebatte-alter-wein-in-alten-schlaeuchen\/#primaryimage\"},\"thumbnailUrl\":\"https:\/\/now-news.de\/de\/wp-content\/uploads\/sites\/3\/2024\/08\/Abschiebedebatte-Alter-Wein-in-alten-Schlaeuchen.jpg\",\"datePublished\":\"2024-08-29T16:38:24+00:00\",\"dateModified\":\"2024-08-29T16:38:24+00:00\",\"breadcrumb\":{\"@id\":\"https:\/\/now-news.de\/de\/deutschland\/abschiebedebatte-alter-wein-in-alten-schlaeuchen\/#breadcrumb\"},\"inLanguage\":\"de\",\"potentialAction\":[{\"@type\":\"ReadAction\",\"target\":[\"https:\/\/now-news.de\/de\/deutschland\/abschiebedebatte-alter-wein-in-alten-schlaeuchen\/\"]}]},{\"@type\":\"ImageObject\",\"inLanguage\":\"de\",\"@id\":\"https:\/\/now-news.de\/de\/deutschland\/abschiebedebatte-alter-wein-in-alten-schlaeuchen\/#primaryimage\",\"url\":\"https:\/\/now-news.de\/de\/wp-content\/uploads\/sites\/3\/2024\/08\/Abschiebedebatte-Alter-Wein-in-alten-Schlaeuchen.jpg\",\"contentUrl\":\"https:\/\/now-news.de\/de\/wp-content\/uploads\/sites\/3\/2024\/08\/Abschiebedebatte-Alter-Wein-in-alten-Schlaeuchen.jpg\",\"width\":460,\"height\":259,\"caption\":\"Abschiebedebatte: Alter Wein in alten Schl\u00e4uchen\"},{\"@type\":\"BreadcrumbList\",\"@id\":\"https:\/\/now-news.de\/de\/deutschland\/abschiebedebatte-alter-wein-in-alten-schlaeuchen\/#breadcrumb\",\"itemListElement\":[{\"@type\":\"ListItem\",\"position\":1,\"name\":\"Home\",\"item\":\"https:\/\/now-news.de\/de\/\"},{\"@type\":\"ListItem\",\"position\":2,\"name\":\"Abschiebedebatte: Alter Wein in alten Schl\u00e4uchen\"}]},{\"@type\":\"WebSite\",\"@id\":\"https:\/\/now-news.de\/de\/#website\",\"url\":\"https:\/\/now-news.de\/de\/\",\"name\":\"just-now.NEWS Deutschland\",\"description\":\"Das Portal f\u00fcr unzensierte Nachrichten aus der Welt\",\"publisher\":{\"@id\":\"https:\/\/now-news.de\/de\/#organization\"},\"potentialAction\":[{\"@type\":\"SearchAction\",\"target\":{\"@type\":\"EntryPoint\",\"urlTemplate\":\"https:\/\/now-news.de\/de\/?s={search_term_string}\"},\"query-input\":\"required name=search_term_string\"}],\"inLanguage\":\"de\"},{\"@type\":\"Organization\",\"@id\":\"https:\/\/now-news.de\/de\/#organization\",\"name\":\"Just Now News\",\"url\":\"https:\/\/now-news.de\/de\/\",\"logo\":{\"@type\":\"ImageObject\",\"inLanguage\":\"de\",\"@id\":\"https:\/\/now-news.de\/de\/#\/schema\/logo\/image\/\",\"url\":\"http:\/\/just-now.news\/de\/wp-content\/uploads\/sites\/3\/2022\/04\/logo500x500.jpg\",\"contentUrl\":\"http:\/\/just-now.news\/de\/wp-content\/uploads\/sites\/3\/2022\/04\/logo500x500.jpg\",\"width\":500,\"height\":500,\"caption\":\"Just Now News\"},\"image\":{\"@id\":\"https:\/\/now-news.de\/de\/#\/schema\/logo\/image\/\"},\"sameAs\":[\"https:\/\/www.facebook.com\/wirmachenauf\",\"https:\/\/x.com\/WirMachenAuf_de\"]},{\"@type\":\"Person\",\"@id\":\"https:\/\/now-news.de\/de\/#\/schema\/person\/fb534a4e865501d8b3285208df34a9b5\",\"name\":\"rtnews\",\"image\":{\"@type\":\"ImageObject\",\"inLanguage\":\"de\",\"@id\":\"https:\/\/now-news.de\/de\/#\/schema\/person\/image\/\",\"url\":\"https:\/\/secure.gravatar.com\/avatar\/82aafea7d8127119dd649515f56e2117?s=96&d=mm&r=g\",\"contentUrl\":\"https:\/\/secure.gravatar.com\/avatar\/82aafea7d8127119dd649515f56e2117?s=96&d=mm&r=g\",\"caption\":\"rtnews\"},\"url\":\"https:\/\/now-news.de\/de\/author\/rnews\/\"}]}<\/script>\n<!-- \/ Yoast SEO Premium plugin. -->","yoast_head_json":{"title":"Abschiebedebatte: Alter Wein in alten Schl\u00e4uchen - just-now.NEWS Deutschland","robots":{"index":"index","follow":"follow","max-snippet":"max-snippet:-1","max-image-preview":"max-image-preview:large","max-video-preview":"max-video-preview:-1"},"canonical":"https:\/\/now-news.de\/de\/deutschland\/abschiebedebatte-alter-wein-in-alten-schlaeuchen\/","og_locale":"de_DE","og_type":"article","og_title":"Abschiebedebatte: Alter Wein in alten Schl\u00e4uchen","og_description":"Die Ampel schl\u00e4gt Ma\u00dfnahmen vor, mit denen Anschl\u00e4ge wie der von Solingen k\u00fcnftig verhindert werden sollen. Dabei verl\u00e4uft die Debatte nach jedem Anschlag gleich, die neuen Ma\u00dfnahmen verpuffen wirkungslos. Es braucht nicht Gesetzesversch\u00e4rfungen, sondern den Willen, Gesetze durchzusetzen. Von Gert Ewen Ungar Es ist ein gut einge\u00fcbter deutscher Reflex. Nach Anschl\u00e4gen wie dem von Solingen [&hellip;]","og_url":"https:\/\/now-news.de\/de\/deutschland\/abschiebedebatte-alter-wein-in-alten-schlaeuchen\/","og_site_name":"just-now.NEWS Deutschland","article_publisher":"https:\/\/www.facebook.com\/wirmachenauf","article_published_time":"2024-08-29T16:38:24+00:00","og_image":[{"url":"https:\/\/now-news.de\/de\/wp-content\/uploads\/sites\/3\/2024\/08\/66d08f57b480cc081457a2f3.jpg"}],"author":"rtnews","twitter_card":"summary_large_image","twitter_creator":"@WirMachenAuf_de","twitter_site":"@WirMachenAuf_de","twitter_misc":{"Verfasst von":"rtnews","Gesch\u00e4tzte Lesezeit":"4\u00a0Minuten"},"schema":{"@context":"https:\/\/schema.org","@graph":[{"@type":"Article","@id":"https:\/\/now-news.de\/de\/deutschland\/abschiebedebatte-alter-wein-in-alten-schlaeuchen\/#article","isPartOf":{"@id":"https:\/\/now-news.de\/de\/deutschland\/abschiebedebatte-alter-wein-in-alten-schlaeuchen\/"},"author":{"name":"rtnews","@id":"https:\/\/now-news.de\/de\/#\/schema\/person\/fb534a4e865501d8b3285208df34a9b5"},"headline":"Abschiebedebatte: Alter Wein in alten Schl\u00e4uchen","datePublished":"2024-08-29T16:38:24+00:00","dateModified":"2024-08-29T16:38:24+00:00","mainEntityOfPage":{"@id":"https:\/\/now-news.de\/de\/deutschland\/abschiebedebatte-alter-wein-in-alten-schlaeuchen\/"},"wordCount":816,"commentCount":0,"publisher":{"@id":"https:\/\/now-news.de\/de\/#organization"},"image":{"@id":"https:\/\/now-news.de\/de\/deutschland\/abschiebedebatte-alter-wein-in-alten-schlaeuchen\/#primaryimage"},"thumbnailUrl":"https:\/\/now-news.de\/de\/wp-content\/uploads\/sites\/3\/2024\/08\/Abschiebedebatte-Alter-Wein-in-alten-Schlaeuchen.jpg","keywords":["Abschiebedebatte","alten","Alter","Schl\u00e4uchen","Wein"],"articleSection":["Deutschland","Russland"],"inLanguage":"de","potentialAction":[{"@type":"CommentAction","name":"Comment","target":["https:\/\/now-news.de\/de\/deutschland\/abschiebedebatte-alter-wein-in-alten-schlaeuchen\/#respond"]}]},{"@type":"WebPage","@id":"https:\/\/now-news.de\/de\/deutschland\/abschiebedebatte-alter-wein-in-alten-schlaeuchen\/","url":"https:\/\/now-news.de\/de\/deutschland\/abschiebedebatte-alter-wein-in-alten-schlaeuchen\/","name":"Abschiebedebatte: Alter Wein in alten Schl\u00e4uchen - just-now.NEWS Deutschland","isPartOf":{"@id":"https:\/\/now-news.de\/de\/#website"},"primaryImageOfPage":{"@id":"https:\/\/now-news.de\/de\/deutschland\/abschiebedebatte-alter-wein-in-alten-schlaeuchen\/#primaryimage"},"image":{"@id":"https:\/\/now-news.de\/de\/deutschland\/abschiebedebatte-alter-wein-in-alten-schlaeuchen\/#primaryimage"},"thumbnailUrl":"https:\/\/now-news.de\/de\/wp-content\/uploads\/sites\/3\/2024\/08\/Abschiebedebatte-Alter-Wein-in-alten-Schlaeuchen.jpg","datePublished":"2024-08-29T16:38:24+00:00","dateModified":"2024-08-29T16:38:24+00:00","breadcrumb":{"@id":"https:\/\/now-news.de\/de\/deutschland\/abschiebedebatte-alter-wein-in-alten-schlaeuchen\/#breadcrumb"},"inLanguage":"de","potentialAction":[{"@type":"ReadAction","target":["https:\/\/now-news.de\/de\/deutschland\/abschiebedebatte-alter-wein-in-alten-schlaeuchen\/"]}]},{"@type":"ImageObject","inLanguage":"de","@id":"https:\/\/now-news.de\/de\/deutschland\/abschiebedebatte-alter-wein-in-alten-schlaeuchen\/#primaryimage","url":"https:\/\/now-news.de\/de\/wp-content\/uploads\/sites\/3\/2024\/08\/Abschiebedebatte-Alter-Wein-in-alten-Schlaeuchen.jpg","contentUrl":"https:\/\/now-news.de\/de\/wp-content\/uploads\/sites\/3\/2024\/08\/Abschiebedebatte-Alter-Wein-in-alten-Schlaeuchen.jpg","width":460,"height":259,"caption":"Abschiebedebatte: Alter Wein in alten Schl\u00e4uchen"},{"@type":"BreadcrumbList","@id":"https:\/\/now-news.de\/de\/deutschland\/abschiebedebatte-alter-wein-in-alten-schlaeuchen\/#breadcrumb","itemListElement":[{"@type":"ListItem","position":1,"name":"Home","item":"https:\/\/now-news.de\/de\/"},{"@type":"ListItem","position":2,"name":"Abschiebedebatte: Alter Wein in alten Schl\u00e4uchen"}]},{"@type":"WebSite","@id":"https:\/\/now-news.de\/de\/#website","url":"https:\/\/now-news.de\/de\/","name":"just-now.NEWS Deutschland","description":"Das Portal f\u00fcr unzensierte Nachrichten aus der Welt","publisher":{"@id":"https:\/\/now-news.de\/de\/#organization"},"potentialAction":[{"@type":"SearchAction","target":{"@type":"EntryPoint","urlTemplate":"https:\/\/now-news.de\/de\/?s={search_term_string}"},"query-input":"required name=search_term_string"}],"inLanguage":"de"},{"@type":"Organization","@id":"https:\/\/now-news.de\/de\/#organization","name":"Just Now News","url":"https:\/\/now-news.de\/de\/","logo":{"@type":"ImageObject","inLanguage":"de","@id":"https:\/\/now-news.de\/de\/#\/schema\/logo\/image\/","url":"http:\/\/just-now.news\/de\/wp-content\/uploads\/sites\/3\/2022\/04\/logo500x500.jpg","contentUrl":"http:\/\/just-now.news\/de\/wp-content\/uploads\/sites\/3\/2022\/04\/logo500x500.jpg","width":500,"height":500,"caption":"Just Now News"},"image":{"@id":"https:\/\/now-news.de\/de\/#\/schema\/logo\/image\/"},"sameAs":["https:\/\/www.facebook.com\/wirmachenauf","https:\/\/x.com\/WirMachenAuf_de"]},{"@type":"Person","@id":"https:\/\/now-news.de\/de\/#\/schema\/person\/fb534a4e865501d8b3285208df34a9b5","name":"rtnews","image":{"@type":"ImageObject","inLanguage":"de","@id":"https:\/\/now-news.de\/de\/#\/schema\/person\/image\/","url":"https:\/\/secure.gravatar.com\/avatar\/82aafea7d8127119dd649515f56e2117?s=96&d=mm&r=g","contentUrl":"https:\/\/secure.gravatar.com\/avatar\/82aafea7d8127119dd649515f56e2117?s=96&d=mm&r=g","caption":"rtnews"},"url":"https:\/\/now-news.de\/de\/author\/rnews\/"}]}},"_links":{"self":[{"href":"https:\/\/now-news.de\/de\/wp-json\/wp\/v2\/posts\/67798"}],"collection":[{"href":"https:\/\/now-news.de\/de\/wp-json\/wp\/v2\/posts"}],"about":[{"href":"https:\/\/now-news.de\/de\/wp-json\/wp\/v2\/types\/post"}],"author":[{"embeddable":true,"href":"https:\/\/now-news.de\/de\/wp-json\/wp\/v2\/users\/3"}],"replies":[{"embeddable":true,"href":"https:\/\/now-news.de\/de\/wp-json\/wp\/v2\/comments?post=67798"}],"version-history":[{"count":0,"href":"https:\/\/now-news.de\/de\/wp-json\/wp\/v2\/posts\/67798\/revisions"}],"wp:featuredmedia":[{"embeddable":true,"href":"https:\/\/now-news.de\/de\/wp-json\/wp\/v2\/media\/67799"}],"wp:attachment":[{"href":"https:\/\/now-news.de\/de\/wp-json\/wp\/v2\/media?parent=67798"}],"wp:term":[{"taxonomy":"category","embeddable":true,"href":"https:\/\/now-news.de\/de\/wp-json\/wp\/v2\/categories?post=67798"},{"taxonomy":"post_tag","embeddable":true,"href":"https:\/\/now-news.de\/de\/wp-json\/wp\/v2\/tags?post=67798"}],"curies":[{"name":"wp","href":"https:\/\/api.w.org\/{rel}","templated":true}]}}