{"id":67790,"date":"2024-08-29T17:39:58","date_gmt":"2024-08-29T15:39:58","guid":{"rendered":"https:\/\/now-news.de\/de\/deutschland\/baerbock-in-bruessel-putin-fuehrt-einen-kaeltekrieg-gegen-die-ukraine\/"},"modified":"2024-08-29T17:39:58","modified_gmt":"2024-08-29T15:39:58","slug":"baerbock-in-bruessel-putin-fuehrt-einen-kaeltekrieg-gegen-die-ukraine","status":"publish","type":"post","link":"https:\/\/now-news.de\/de\/deutschland\/baerbock-in-bruessel-putin-fuehrt-einen-kaeltekrieg-gegen-die-ukraine\/","title":{"rendered":"Baerbock in Br\u00fcssel: &quot;Putin f\u00fchrt einen K\u00e4ltekrieg gegen die Ukraine&quot;"},"content":{"rendered":"<p><img decoding=\"async\" src=\"https:\/\/now-news.de\/de\/wp-content\/uploads\/sites\/3\/2024\/08\/66d07ceb48fbef7d5b5a52db.jpg\" \/><\/p>\n<div class=\"Text-root Text-type_1 \">\n                Der Nahe Osten und die Ukraine stehen beim heutigen Treffen der EU-Au\u00dfenminister in Br\u00fcssel oben auf der Agenda. Au\u00dfenministerin Baerbock will den eingeschlagenen au\u00dfenpolitischen Kurs weitgehend beibehalten. Die Ukraine soll weiter unterst\u00fctzt werden; f\u00fcr Gaza fordert Baerbock eine Feuerpause.\n            <\/div>\n<p><\/p>\n<div class=\"Text-root Text-type_5 ArticleView-text ViewText-root \">\n<p>Heute treffen sich die EU-Au\u00dfenminister zu einem informellen Treffen in Br\u00fcssel. Das Treffen war urspr\u00fcnglich in der ungarischen Hauptstadt Budapest geplant. Als Zeichen des Protests gegen\u00fcber der Reisediplomatie von Ungarns Ministerpr\u00e4sidenten Viktor Orb\u00e1n, der sich f\u00fcr eine Verhandlungsl\u00f6sung in der Ukraine einsetzt, boykottiert die EU die ungarische Ratspr\u00e4sidentschaft. Das Treffen wurde daher in Br\u00fcssel anberaumt.\u00a0<\/p>\n<p>Zu besprechen gibt es viel, denn w\u00e4hrend die EU in die Sommerpause ging, liefen die Krisen der Welt weiter.\u00a0Bei ihrem Treffen stehen die Nahost-Krise und der Ukraine-Konflikt im Mittelpunkt. Teilnehmen wird daher auch der Au\u00dfenminister der Ukraine, Dmitri Kuleba.\u00a0<\/p>\n<p>In einem Doorstep-Statement sagte Au\u00dfenministerin Annalena Baerbock (B\u00fcndnis 90\/Die Gr\u00fcnen), niemand arbeite h\u00e4rter an einer Friedensl\u00f6sung als Europa. Faktische Vorschl\u00e4ge f\u00fcr eine diplomatische L\u00f6sung kommen bisher allerdings\u00a0nur aus China, den arabischen L\u00e4ndern, Brasilien und der T\u00fcrkei. Lediglich das europ\u00e4ische Ungarn hat sich bisher international f\u00fcr eine Verhandlungsl\u00f6sung eingesetzt. Das Land wird daf\u00fcr jedoch von der EU und der Mehrzahl der Mitgliedsl\u00e4nder abgestraft.\u00a0<\/p>\n<p>Die Menschen in der Westukraine will Baerbock weiterhin unterst\u00fctzen. Sie f\u00fchrt aus, Putin f\u00fchre einen &#8220;K\u00e4ltekrieg&#8221; gegen die Ukraine. Das Ziel der Angriffe auf die Energieinfrastruktur in der Westukraine sei es, Menschen im Winter erfrieren zu lassen. Nach dem \u00dcberfall auf die russische Grenzregion Kursk durch die Ukraine antwortete Russland mit gezielten Luftschl\u00e4gen gegen ukrainische R\u00fcstungsbetriebe, milit\u00e4rische Einrichtungen, aber auch gegen die Energieinfrastruktur des Landes. Experten meinen, die Angriffe auf Kraft- und Umspannwerke zielen ebenfalls auf die energieintensive R\u00fcstungsproduktion. Direkte Angriffe auf Zivilisten hat Russland bisher stets vermieden.\u00a0<\/p>\n<p>Im Gaza-Konflikt setzt sich Baerbock wiederum f\u00fcr eine humanit\u00e4re Feuerpause ein. Bisher sei das nicht gelungen, aber man d\u00fcrfe die Hoffnung nicht aufgeben, sagte sie. Man k\u00f6nne sich nicht vorstellen, wie es sei, monatelang ohne humanit\u00e4re Hilfe \u00fcberleben zu m\u00fcssen.\u00a0<\/p>\n<p>Angesichts des wachsenden Risikos der Ausbreitung von Poliomyelitis, meint die deutsche Au\u00dfenministerin, f\u00fcr einen wirksamen Schutz vor Polio m\u00fcssten Polio-Impfstoffe auch verimpft werden. W\u00f6rtlich f\u00fchrte die Ministerin aus:\u00a0<\/p>\n<p><em>&#8220;Dosen zur Impfung stehen bereit. Sie m\u00fcssen nicht nur nach Gaza reinkommen, sie m\u00fcssen nat\u00fcrlich auch verimpft werden. Polio-Impfungen bringen \u00fcberhaupt nichts, wenn sie Neugeborenen nicht auch geimpft werden k\u00f6nnen.&#8221;<\/em><\/p>\n<p>Angesprochen auf die erleichterte Visa-Vergabe f\u00fcr russische B\u00fcrger durch Ungarn mahnte Baerbock zur Vorsicht. Man wisse nicht, wer da komme. Allerdings br\u00e4uchten Menschen Schutz, die in Opposition zur russischen Regierung stehen. Diese m\u00fcssten aber gut \u00fcberpr\u00fcft werden, bevor man sie in den Schengen-Raum lasse, denn Russland ziele auf Destabilisierung und verbreite Desinformation.\u00a0\u00a0<\/p>\n<p>F\u00fcr \u00fcbermorgen ist ein Treffen der Verteidigungsminister der EU-L\u00e4nder geplant. Dabei wird es auch um die Finanzierung der Streitkr\u00e4fte gehen. Teilnehmen wird unter anderem Marie-Agnes Strack-Zimmermann in ihrer Eigenschaft als Vorsitzende des EU-Verteidigungsausschusses.\u00a0<\/p>\n<p><strong>Mehr zum Thema<\/strong>\u00a0\u2013\u00a0<a rel=\"nofollow noopener\" target=\"_blank\" href=\"https:\/\/freedert.online\/europa\/217055-rekrutierung-in-eu-beginnt-ukraine-ukraine-plant-bildung-zwei-mechanisierten-brigaden-ausland\/\">Rekrutierung in Europa beginnt: Ukraine plant Bildung zweier mechanisierter Brigaden im Ausland<\/a><\/p>\n<div class=\"EmbedBlock-root EmbedBlock-externalVideo EmbedBlock-rumble\">\n<div class=\"VkEmbed\"><iframe class=\"lazyload\" data-src=\"https:\/\/rumble.com\/embed\/v5aefq9\" frameborder=\"0\" width=\"853\" height=\"480\" allowfullscreen><\/iframe><\/div>\n<\/div>\n<\/div>\n<p><br \/>\n<br \/><a href=\"https:\/\/de.rt.com\/europa\/217258-baerbock-in-bruessel-putin-fuehrt\/\">Source link <\/a><\/p>\n","protected":false},"excerpt":{"rendered":"<p>Der Nahe Osten und die Ukraine stehen beim heutigen Treffen der EU-Au\u00dfenminister in Br\u00fcssel oben auf der Agenda. Au\u00dfenministerin Baerbock will den eingeschlagenen au\u00dfenpolitischen Kurs weitgehend beibehalten. Die Ukraine soll weiter unterst\u00fctzt werden; f\u00fcr Gaza fordert Baerbock eine Feuerpause. Heute treffen sich die EU-Au\u00dfenminister zu einem informellen Treffen in Br\u00fcssel. Das Treffen war urspr\u00fcnglich in [&hellip;]<\/p>\n","protected":false},"author":3,"featured_media":67791,"comment_status":"open","ping_status":"open","sticky":false,"template":"","format":"standard","meta":{"_yoast_indexnow_last_ping":["1724946231"],"wp_automatic_camp":["217"],"9ae9b76992d47c4f4d15cfa34b1e6548":["Baerbock in Br\u00fcssel: &quot;Putin f\u00fchrt einen K\u00e4ltekrieg gegen die Ukraine&quot;"],"original_link":["https:\/\/de.rt.com\/europa\/217258-baerbock-in-bruessel-putin-fuehrt\/"],"_thumbnail_id":["67791"],"_wptgpro_p2tg_sent2tg":["a:1:{i:23737;s:19:\"2024-08-29 17:45:00\";}"],"jnews_social_counter_last_update":["1777433621"]},"categories":[19,23],"tags":[587,17026,45,768,3525,278,58032,9480,19275],"yoast_head":"<!-- This site is optimized with the Yoast SEO Premium plugin v22.7 (Yoast SEO v22.7) - https:\/\/yoast.com\/wordpress\/plugins\/seo\/ -->\n<title>Baerbock in Br\u00fcssel: &quot;Putin f\u00fchrt einen K\u00e4ltekrieg gegen die Ukraine&quot; - just-now.NEWS Deutschland<\/title>\n<meta name=\"robots\" content=\"index, follow, max-snippet:-1, max-image-preview:large, max-video-preview:-1\" \/>\n<link rel=\"canonical\" href=\"https:\/\/now-news.de\/de\/deutschland\/baerbock-in-bruessel-putin-fuehrt-einen-kaeltekrieg-gegen-die-ukraine\/\" \/>\n<meta property=\"og:locale\" content=\"de_DE\" \/>\n<meta property=\"og:type\" content=\"article\" \/>\n<meta property=\"og:title\" content=\"Baerbock in Br\u00fcssel: &quot;Putin f\u00fchrt einen K\u00e4ltekrieg gegen die Ukraine&quot;\" \/>\n<meta property=\"og:description\" content=\"Der Nahe Osten und die Ukraine stehen beim heutigen Treffen der EU-Au\u00dfenminister in Br\u00fcssel oben auf der Agenda. Au\u00dfenministerin Baerbock will den eingeschlagenen au\u00dfenpolitischen Kurs weitgehend beibehalten. Die Ukraine soll weiter unterst\u00fctzt werden; f\u00fcr Gaza fordert Baerbock eine Feuerpause. Heute treffen sich die EU-Au\u00dfenminister zu einem informellen Treffen in Br\u00fcssel. Das Treffen war urspr\u00fcnglich in [&hellip;]\" \/>\n<meta property=\"og:url\" content=\"https:\/\/now-news.de\/de\/deutschland\/baerbock-in-bruessel-putin-fuehrt-einen-kaeltekrieg-gegen-die-ukraine\/\" \/>\n<meta property=\"og:site_name\" content=\"just-now.NEWS Deutschland\" \/>\n<meta property=\"article:publisher\" content=\"https:\/\/www.facebook.com\/wirmachenauf\" \/>\n<meta property=\"article:published_time\" content=\"2024-08-29T15:39:58+00:00\" \/>\n<meta property=\"og:image\" content=\"https:\/\/now-news.de\/de\/wp-content\/uploads\/sites\/3\/2024\/08\/66d07ceb48fbef7d5b5a52db.jpg\" \/>\n<meta name=\"author\" content=\"rtnews\" \/>\n<meta name=\"twitter:card\" content=\"summary_large_image\" \/>\n<meta name=\"twitter:creator\" content=\"@WirMachenAuf_de\" \/>\n<meta name=\"twitter:site\" content=\"@WirMachenAuf_de\" \/>\n<meta name=\"twitter:label1\" content=\"Verfasst von\" \/>\n\t<meta name=\"twitter:data1\" content=\"rtnews\" \/>\n\t<meta name=\"twitter:label2\" content=\"Gesch\u00e4tzte Lesezeit\" \/>\n\t<meta name=\"twitter:data2\" content=\"3\u00a0Minuten\" \/>\n<script type=\"application\/ld+json\" class=\"yoast-schema-graph\">{\"@context\":\"https:\/\/schema.org\",\"@graph\":[{\"@type\":\"Article\",\"@id\":\"https:\/\/now-news.de\/de\/deutschland\/baerbock-in-bruessel-putin-fuehrt-einen-kaeltekrieg-gegen-die-ukraine\/#article\",\"isPartOf\":{\"@id\":\"https:\/\/now-news.de\/de\/deutschland\/baerbock-in-bruessel-putin-fuehrt-einen-kaeltekrieg-gegen-die-ukraine\/\"},\"author\":{\"name\":\"rtnews\",\"@id\":\"https:\/\/now-news.de\/de\/#\/schema\/person\/fb534a4e865501d8b3285208df34a9b5\"},\"headline\":\"Baerbock in Br\u00fcssel: &quot;Putin f\u00fchrt einen K\u00e4ltekrieg gegen die Ukraine&quot;\",\"datePublished\":\"2024-08-29T15:39:58+00:00\",\"dateModified\":\"2024-08-29T15:39:58+00:00\",\"mainEntityOfPage\":{\"@id\":\"https:\/\/now-news.de\/de\/deutschland\/baerbock-in-bruessel-putin-fuehrt-einen-kaeltekrieg-gegen-die-ukraine\/\"},\"wordCount\":565,\"commentCount\":0,\"publisher\":{\"@id\":\"https:\/\/now-news.de\/de\/#organization\"},\"image\":{\"@id\":\"https:\/\/now-news.de\/de\/deutschland\/baerbock-in-bruessel-putin-fuehrt-einen-kaeltekrieg-gegen-die-ukraine\/#primaryimage\"},\"thumbnailUrl\":\"https:\/\/now-news.de\/de\/wp-content\/uploads\/sites\/3\/2024\/08\/Baerbock-in-Bruessel-quotPutin-fuehrt-einen-Kaeltekrieg-gegen-die-Ukrainequot.jpg\",\"keywords\":[\"Baerbock\",\"Br\u00fcssel\",\"die\",\"einen\",\"f\u00fchrt\",\"gegen\",\"K\u00e4ltekrieg\",\"quotPutin\",\"Ukrainequot\"],\"articleSection\":[\"Deutschland\",\"Russland\"],\"inLanguage\":\"de\",\"potentialAction\":[{\"@type\":\"CommentAction\",\"name\":\"Comment\",\"target\":[\"https:\/\/now-news.de\/de\/deutschland\/baerbock-in-bruessel-putin-fuehrt-einen-kaeltekrieg-gegen-die-ukraine\/#respond\"]}]},{\"@type\":\"WebPage\",\"@id\":\"https:\/\/now-news.de\/de\/deutschland\/baerbock-in-bruessel-putin-fuehrt-einen-kaeltekrieg-gegen-die-ukraine\/\",\"url\":\"https:\/\/now-news.de\/de\/deutschland\/baerbock-in-bruessel-putin-fuehrt-einen-kaeltekrieg-gegen-die-ukraine\/\",\"name\":\"Baerbock in Br\u00fcssel: &quot;Putin f\u00fchrt einen K\u00e4ltekrieg gegen die Ukraine&quot; - just-now.NEWS Deutschland\",\"isPartOf\":{\"@id\":\"https:\/\/now-news.de\/de\/#website\"},\"primaryImageOfPage\":{\"@id\":\"https:\/\/now-news.de\/de\/deutschland\/baerbock-in-bruessel-putin-fuehrt-einen-kaeltekrieg-gegen-die-ukraine\/#primaryimage\"},\"image\":{\"@id\":\"https:\/\/now-news.de\/de\/deutschland\/baerbock-in-bruessel-putin-fuehrt-einen-kaeltekrieg-gegen-die-ukraine\/#primaryimage\"},\"thumbnailUrl\":\"https:\/\/now-news.de\/de\/wp-content\/uploads\/sites\/3\/2024\/08\/Baerbock-in-Bruessel-quotPutin-fuehrt-einen-Kaeltekrieg-gegen-die-Ukrainequot.jpg\",\"datePublished\":\"2024-08-29T15:39:58+00:00\",\"dateModified\":\"2024-08-29T15:39:58+00:00\",\"breadcrumb\":{\"@id\":\"https:\/\/now-news.de\/de\/deutschland\/baerbock-in-bruessel-putin-fuehrt-einen-kaeltekrieg-gegen-die-ukraine\/#breadcrumb\"},\"inLanguage\":\"de\",\"potentialAction\":[{\"@type\":\"ReadAction\",\"target\":[\"https:\/\/now-news.de\/de\/deutschland\/baerbock-in-bruessel-putin-fuehrt-einen-kaeltekrieg-gegen-die-ukraine\/\"]}]},{\"@type\":\"ImageObject\",\"inLanguage\":\"de\",\"@id\":\"https:\/\/now-news.de\/de\/deutschland\/baerbock-in-bruessel-putin-fuehrt-einen-kaeltekrieg-gegen-die-ukraine\/#primaryimage\",\"url\":\"https:\/\/now-news.de\/de\/wp-content\/uploads\/sites\/3\/2024\/08\/Baerbock-in-Bruessel-quotPutin-fuehrt-einen-Kaeltekrieg-gegen-die-Ukrainequot.jpg\",\"contentUrl\":\"https:\/\/now-news.de\/de\/wp-content\/uploads\/sites\/3\/2024\/08\/Baerbock-in-Bruessel-quotPutin-fuehrt-einen-Kaeltekrieg-gegen-die-Ukrainequot.jpg\",\"width\":460,\"height\":259,\"caption\":\"Baerbock in Br\u00fcssel: &quot;Putin f\u00fchrt einen K\u00e4ltekrieg gegen die Ukraine&quot;\"},{\"@type\":\"BreadcrumbList\",\"@id\":\"https:\/\/now-news.de\/de\/deutschland\/baerbock-in-bruessel-putin-fuehrt-einen-kaeltekrieg-gegen-die-ukraine\/#breadcrumb\",\"itemListElement\":[{\"@type\":\"ListItem\",\"position\":1,\"name\":\"Home\",\"item\":\"https:\/\/now-news.de\/de\/\"},{\"@type\":\"ListItem\",\"position\":2,\"name\":\"Baerbock in Br\u00fcssel: &quot;Putin f\u00fchrt einen K\u00e4ltekrieg gegen die Ukraine&quot;\"}]},{\"@type\":\"WebSite\",\"@id\":\"https:\/\/now-news.de\/de\/#website\",\"url\":\"https:\/\/now-news.de\/de\/\",\"name\":\"just-now.NEWS Deutschland\",\"description\":\"Das Portal f\u00fcr unzensierte Nachrichten aus der Welt\",\"publisher\":{\"@id\":\"https:\/\/now-news.de\/de\/#organization\"},\"potentialAction\":[{\"@type\":\"SearchAction\",\"target\":{\"@type\":\"EntryPoint\",\"urlTemplate\":\"https:\/\/now-news.de\/de\/?s={search_term_string}\"},\"query-input\":\"required name=search_term_string\"}],\"inLanguage\":\"de\"},{\"@type\":\"Organization\",\"@id\":\"https:\/\/now-news.de\/de\/#organization\",\"name\":\"Just Now News\",\"url\":\"https:\/\/now-news.de\/de\/\",\"logo\":{\"@type\":\"ImageObject\",\"inLanguage\":\"de\",\"@id\":\"https:\/\/now-news.de\/de\/#\/schema\/logo\/image\/\",\"url\":\"http:\/\/just-now.news\/de\/wp-content\/uploads\/sites\/3\/2022\/04\/logo500x500.jpg\",\"contentUrl\":\"http:\/\/just-now.news\/de\/wp-content\/uploads\/sites\/3\/2022\/04\/logo500x500.jpg\",\"width\":500,\"height\":500,\"caption\":\"Just Now News\"},\"image\":{\"@id\":\"https:\/\/now-news.de\/de\/#\/schema\/logo\/image\/\"},\"sameAs\":[\"https:\/\/www.facebook.com\/wirmachenauf\",\"https:\/\/x.com\/WirMachenAuf_de\"]},{\"@type\":\"Person\",\"@id\":\"https:\/\/now-news.de\/de\/#\/schema\/person\/fb534a4e865501d8b3285208df34a9b5\",\"name\":\"rtnews\",\"image\":{\"@type\":\"ImageObject\",\"inLanguage\":\"de\",\"@id\":\"https:\/\/now-news.de\/de\/#\/schema\/person\/image\/\",\"url\":\"https:\/\/secure.gravatar.com\/avatar\/82aafea7d8127119dd649515f56e2117?s=96&d=mm&r=g\",\"contentUrl\":\"https:\/\/secure.gravatar.com\/avatar\/82aafea7d8127119dd649515f56e2117?s=96&d=mm&r=g\",\"caption\":\"rtnews\"},\"url\":\"https:\/\/now-news.de\/de\/author\/rnews\/\"}]}<\/script>\n<!-- \/ Yoast SEO Premium plugin. -->","yoast_head_json":{"title":"Baerbock in Br\u00fcssel: &quot;Putin f\u00fchrt einen K\u00e4ltekrieg gegen die Ukraine&quot; - just-now.NEWS Deutschland","robots":{"index":"index","follow":"follow","max-snippet":"max-snippet:-1","max-image-preview":"max-image-preview:large","max-video-preview":"max-video-preview:-1"},"canonical":"https:\/\/now-news.de\/de\/deutschland\/baerbock-in-bruessel-putin-fuehrt-einen-kaeltekrieg-gegen-die-ukraine\/","og_locale":"de_DE","og_type":"article","og_title":"Baerbock in Br\u00fcssel: &quot;Putin f\u00fchrt einen K\u00e4ltekrieg gegen die Ukraine&quot;","og_description":"Der Nahe Osten und die Ukraine stehen beim heutigen Treffen der EU-Au\u00dfenminister in Br\u00fcssel oben auf der Agenda. Au\u00dfenministerin Baerbock will den eingeschlagenen au\u00dfenpolitischen Kurs weitgehend beibehalten. Die Ukraine soll weiter unterst\u00fctzt werden; f\u00fcr Gaza fordert Baerbock eine Feuerpause. Heute treffen sich die EU-Au\u00dfenminister zu einem informellen Treffen in Br\u00fcssel. Das Treffen war urspr\u00fcnglich in [&hellip;]","og_url":"https:\/\/now-news.de\/de\/deutschland\/baerbock-in-bruessel-putin-fuehrt-einen-kaeltekrieg-gegen-die-ukraine\/","og_site_name":"just-now.NEWS Deutschland","article_publisher":"https:\/\/www.facebook.com\/wirmachenauf","article_published_time":"2024-08-29T15:39:58+00:00","og_image":[{"url":"https:\/\/now-news.de\/de\/wp-content\/uploads\/sites\/3\/2024\/08\/66d07ceb48fbef7d5b5a52db.jpg"}],"author":"rtnews","twitter_card":"summary_large_image","twitter_creator":"@WirMachenAuf_de","twitter_site":"@WirMachenAuf_de","twitter_misc":{"Verfasst von":"rtnews","Gesch\u00e4tzte Lesezeit":"3\u00a0Minuten"},"schema":{"@context":"https:\/\/schema.org","@graph":[{"@type":"Article","@id":"https:\/\/now-news.de\/de\/deutschland\/baerbock-in-bruessel-putin-fuehrt-einen-kaeltekrieg-gegen-die-ukraine\/#article","isPartOf":{"@id":"https:\/\/now-news.de\/de\/deutschland\/baerbock-in-bruessel-putin-fuehrt-einen-kaeltekrieg-gegen-die-ukraine\/"},"author":{"name":"rtnews","@id":"https:\/\/now-news.de\/de\/#\/schema\/person\/fb534a4e865501d8b3285208df34a9b5"},"headline":"Baerbock in Br\u00fcssel: &quot;Putin f\u00fchrt einen K\u00e4ltekrieg gegen die Ukraine&quot;","datePublished":"2024-08-29T15:39:58+00:00","dateModified":"2024-08-29T15:39:58+00:00","mainEntityOfPage":{"@id":"https:\/\/now-news.de\/de\/deutschland\/baerbock-in-bruessel-putin-fuehrt-einen-kaeltekrieg-gegen-die-ukraine\/"},"wordCount":565,"commentCount":0,"publisher":{"@id":"https:\/\/now-news.de\/de\/#organization"},"image":{"@id":"https:\/\/now-news.de\/de\/deutschland\/baerbock-in-bruessel-putin-fuehrt-einen-kaeltekrieg-gegen-die-ukraine\/#primaryimage"},"thumbnailUrl":"https:\/\/now-news.de\/de\/wp-content\/uploads\/sites\/3\/2024\/08\/Baerbock-in-Bruessel-quotPutin-fuehrt-einen-Kaeltekrieg-gegen-die-Ukrainequot.jpg","keywords":["Baerbock","Br\u00fcssel","die","einen","f\u00fchrt","gegen","K\u00e4ltekrieg","quotPutin","Ukrainequot"],"articleSection":["Deutschland","Russland"],"inLanguage":"de","potentialAction":[{"@type":"CommentAction","name":"Comment","target":["https:\/\/now-news.de\/de\/deutschland\/baerbock-in-bruessel-putin-fuehrt-einen-kaeltekrieg-gegen-die-ukraine\/#respond"]}]},{"@type":"WebPage","@id":"https:\/\/now-news.de\/de\/deutschland\/baerbock-in-bruessel-putin-fuehrt-einen-kaeltekrieg-gegen-die-ukraine\/","url":"https:\/\/now-news.de\/de\/deutschland\/baerbock-in-bruessel-putin-fuehrt-einen-kaeltekrieg-gegen-die-ukraine\/","name":"Baerbock in Br\u00fcssel: &quot;Putin f\u00fchrt einen K\u00e4ltekrieg gegen die Ukraine&quot; - just-now.NEWS Deutschland","isPartOf":{"@id":"https:\/\/now-news.de\/de\/#website"},"primaryImageOfPage":{"@id":"https:\/\/now-news.de\/de\/deutschland\/baerbock-in-bruessel-putin-fuehrt-einen-kaeltekrieg-gegen-die-ukraine\/#primaryimage"},"image":{"@id":"https:\/\/now-news.de\/de\/deutschland\/baerbock-in-bruessel-putin-fuehrt-einen-kaeltekrieg-gegen-die-ukraine\/#primaryimage"},"thumbnailUrl":"https:\/\/now-news.de\/de\/wp-content\/uploads\/sites\/3\/2024\/08\/Baerbock-in-Bruessel-quotPutin-fuehrt-einen-Kaeltekrieg-gegen-die-Ukrainequot.jpg","datePublished":"2024-08-29T15:39:58+00:00","dateModified":"2024-08-29T15:39:58+00:00","breadcrumb":{"@id":"https:\/\/now-news.de\/de\/deutschland\/baerbock-in-bruessel-putin-fuehrt-einen-kaeltekrieg-gegen-die-ukraine\/#breadcrumb"},"inLanguage":"de","potentialAction":[{"@type":"ReadAction","target":["https:\/\/now-news.de\/de\/deutschland\/baerbock-in-bruessel-putin-fuehrt-einen-kaeltekrieg-gegen-die-ukraine\/"]}]},{"@type":"ImageObject","inLanguage":"de","@id":"https:\/\/now-news.de\/de\/deutschland\/baerbock-in-bruessel-putin-fuehrt-einen-kaeltekrieg-gegen-die-ukraine\/#primaryimage","url":"https:\/\/now-news.de\/de\/wp-content\/uploads\/sites\/3\/2024\/08\/Baerbock-in-Bruessel-quotPutin-fuehrt-einen-Kaeltekrieg-gegen-die-Ukrainequot.jpg","contentUrl":"https:\/\/now-news.de\/de\/wp-content\/uploads\/sites\/3\/2024\/08\/Baerbock-in-Bruessel-quotPutin-fuehrt-einen-Kaeltekrieg-gegen-die-Ukrainequot.jpg","width":460,"height":259,"caption":"Baerbock in Br\u00fcssel: &quot;Putin f\u00fchrt einen K\u00e4ltekrieg gegen die Ukraine&quot;"},{"@type":"BreadcrumbList","@id":"https:\/\/now-news.de\/de\/deutschland\/baerbock-in-bruessel-putin-fuehrt-einen-kaeltekrieg-gegen-die-ukraine\/#breadcrumb","itemListElement":[{"@type":"ListItem","position":1,"name":"Home","item":"https:\/\/now-news.de\/de\/"},{"@type":"ListItem","position":2,"name":"Baerbock in Br\u00fcssel: &quot;Putin f\u00fchrt einen K\u00e4ltekrieg gegen die Ukraine&quot;"}]},{"@type":"WebSite","@id":"https:\/\/now-news.de\/de\/#website","url":"https:\/\/now-news.de\/de\/","name":"just-now.NEWS Deutschland","description":"Das Portal f\u00fcr unzensierte Nachrichten aus der Welt","publisher":{"@id":"https:\/\/now-news.de\/de\/#organization"},"potentialAction":[{"@type":"SearchAction","target":{"@type":"EntryPoint","urlTemplate":"https:\/\/now-news.de\/de\/?s={search_term_string}"},"query-input":"required name=search_term_string"}],"inLanguage":"de"},{"@type":"Organization","@id":"https:\/\/now-news.de\/de\/#organization","name":"Just Now News","url":"https:\/\/now-news.de\/de\/","logo":{"@type":"ImageObject","inLanguage":"de","@id":"https:\/\/now-news.de\/de\/#\/schema\/logo\/image\/","url":"http:\/\/just-now.news\/de\/wp-content\/uploads\/sites\/3\/2022\/04\/logo500x500.jpg","contentUrl":"http:\/\/just-now.news\/de\/wp-content\/uploads\/sites\/3\/2022\/04\/logo500x500.jpg","width":500,"height":500,"caption":"Just Now News"},"image":{"@id":"https:\/\/now-news.de\/de\/#\/schema\/logo\/image\/"},"sameAs":["https:\/\/www.facebook.com\/wirmachenauf","https:\/\/x.com\/WirMachenAuf_de"]},{"@type":"Person","@id":"https:\/\/now-news.de\/de\/#\/schema\/person\/fb534a4e865501d8b3285208df34a9b5","name":"rtnews","image":{"@type":"ImageObject","inLanguage":"de","@id":"https:\/\/now-news.de\/de\/#\/schema\/person\/image\/","url":"https:\/\/secure.gravatar.com\/avatar\/82aafea7d8127119dd649515f56e2117?s=96&d=mm&r=g","contentUrl":"https:\/\/secure.gravatar.com\/avatar\/82aafea7d8127119dd649515f56e2117?s=96&d=mm&r=g","caption":"rtnews"},"url":"https:\/\/now-news.de\/de\/author\/rnews\/"}]}},"_links":{"self":[{"href":"https:\/\/now-news.de\/de\/wp-json\/wp\/v2\/posts\/67790"}],"collection":[{"href":"https:\/\/now-news.de\/de\/wp-json\/wp\/v2\/posts"}],"about":[{"href":"https:\/\/now-news.de\/de\/wp-json\/wp\/v2\/types\/post"}],"author":[{"embeddable":true,"href":"https:\/\/now-news.de\/de\/wp-json\/wp\/v2\/users\/3"}],"replies":[{"embeddable":true,"href":"https:\/\/now-news.de\/de\/wp-json\/wp\/v2\/comments?post=67790"}],"version-history":[{"count":0,"href":"https:\/\/now-news.de\/de\/wp-json\/wp\/v2\/posts\/67790\/revisions"}],"wp:featuredmedia":[{"embeddable":true,"href":"https:\/\/now-news.de\/de\/wp-json\/wp\/v2\/media\/67791"}],"wp:attachment":[{"href":"https:\/\/now-news.de\/de\/wp-json\/wp\/v2\/media?parent=67790"}],"wp:term":[{"taxonomy":"category","embeddable":true,"href":"https:\/\/now-news.de\/de\/wp-json\/wp\/v2\/categories?post=67790"},{"taxonomy":"post_tag","embeddable":true,"href":"https:\/\/now-news.de\/de\/wp-json\/wp\/v2\/tags?post=67790"}],"curies":[{"name":"wp","href":"https:\/\/api.w.org\/{rel}","templated":true}]}}