{"id":67786,"date":"2024-08-29T17:05:36","date_gmt":"2024-08-29T15:05:36","guid":{"rendered":"https:\/\/now-news.de\/de\/deutschland\/habecks-plaene-gruener-wahnsinn-droht-deutschland-den-garaus-zu-machen\/"},"modified":"2024-08-29T17:05:36","modified_gmt":"2024-08-29T15:05:36","slug":"habecks-plaene-gruener-wahnsinn-droht-deutschland-den-garaus-zu-machen","status":"publish","type":"post","link":"https:\/\/now-news.de\/de\/deutschland\/habecks-plaene-gruener-wahnsinn-droht-deutschland-den-garaus-zu-machen\/","title":{"rendered":"Habecks Pl\u00e4ne: Gr\u00fcner Wahnsinn droht Deutschland den Garaus zu machen"},"content":{"rendered":"<p><img decoding=\"async\" src=\"https:\/\/now-news.de\/de\/wp-content\/uploads\/sites\/3\/2024\/08\/66d0661ab480cc081457a286.jpg\" \/><\/p>\n<div class=\"Text-root Text-type_1 \">\n                Es klingt wie ein Aprilscherz, ist aber ernst gemeint. Wirtschaftsminister Robert Habeck will, dass sich die Industrie an der zur Verf\u00fcgung stehenden Energie ausrichtet. Bei Sonne und Wind sollen die Energiepreise sinken, w\u00e4hrend einer Dunkelflaute dagegen steigen.\n            <\/div>\n<p><\/p>\n<div class=\"Text-root Text-type_5 ArticleView-text ViewText-root \">\n<p><em>Von Tatjana Montjan<\/em><\/p>\n<p>Die deutschen Beh\u00f6rden drehen in beeindruckendem Tempo durch: Nun hat Wirtschaftsminister Robert Habeck angek\u00fcndigt, dass Fabriken und Betriebe ihre Produktionspl\u00e4ne k\u00fcnftig an das Wetter anpassen m\u00fcssen, das den Energieertrag von Sonnenkollektoren und Windr\u00e4dern bestimmt.<\/p>\n<p>Mit anderen Worten: Wenn es windig und sonnig ist, darf die deutsche Industrie arbeiten, ist es aber bew\u00f6lkt und windstill, sodass nicht genug &#8220;gr\u00fcne&#8221; Energie erzeugt wird, m\u00fcssen sie die Produktion drosseln. Die Bundesnetzagentur, die dem Wirtschaftsministerium untersteht und f\u00fcr die deutschen Energienetze zust\u00e4ndig ist, soll die Tarife f\u00fcr Stromnetzdienstleistungen \u00e4ndern und Unternehmen entsprechend belohnen oder bestrafen, beschreibt Bild die Pl\u00e4ne des gr\u00fcnen Ministers.<\/p>\n<p>Die Idee ist nicht nur absolut idiotisch, sondern auch geradezu b\u00f6sartig: Selbst die einfachsten Produktionsanlagen haben bestimmte Zeitpl\u00e4ne f\u00fcr die Anlieferung von Rohstoffen und Bauteilen sowie den Versand der fertigen Produkte. Ohne die Einhaltung dieser Zeitpl\u00e4ne geht die gesamte Wirtschaft den Bach runter. Das Wetter bei der Produktionsplanung einzukalkulieren ist schlicht unm\u00f6glich: Leider k\u00f6nnen wir das Wetter nicht einmal eine Woche im Voraus genau vorhersagen, und es ist unwahrscheinlich, dass die Meteorologen in n\u00e4chster Zeit lernen werden, bei ihren Vorhersagen besser zu sein.<\/p>\n<p>Unternehmen, die sich rein technisch nicht an das Wetter anpassen k\u00f6nnen, wie Chemieanlagen, Stahlwerke und so weiter, habe ich da noch nicht einmal angesprochen.<\/p>\n<p>Und was ist, wenn das Jahr, sagen wir, generell wolkig und windschwach ist? Was dann? Vereinfacht gesagt, schl\u00e4gt Habeck ernsthaft vor, die deutsche Wirtschaft ins Mittelalter zur\u00fcckzuversetzen, als die Wirtschaftst\u00e4tigkeit vom Wetter und \u00e4hnlichen Dingen abhing.<\/p>\n<p>Da hat Deutschland aber einen lustigen Animateur engagiert. Mit sprudelndem Witz und spannenden Wettbewerben!<\/p>\n<p><em><strong>Tatjana Montjan<\/strong>\u00a0ist eine ukrainische Rechtsanw\u00e4ltin und Strafverteidigerin, Publizistin und Bloggerin. Vor Beginn der russischen milit\u00e4rischen Intervention musste sie Kiew verlassen, nachdem sie vor der UNO \u00fcber die Zust\u00e4nde in der Ukraine gesprochen hatte. Derzeit lebt sie im Donbass, engagiert sich f\u00fcr humanit\u00e4re Hilfe und f\u00fchrt Videoblogs.\u00a0Man kann ihr auf ihrem\u00a0<a rel=\"nofollow noopener\" target=\"_blank\" href=\"https:\/\/t.me\/montyan2\">Telegram-Kanal<\/a>\u00a0folgen.<\/em>\u00a0<\/p>\n<p><strong>Mehr zum Thema<\/strong> \u2013 <a rel=\"nofollow noopener\" target=\"_blank\" href=\"https:\/\/freedert.online\/inland\/217134-wirtschaft-in-panik-habeck-will\/\">Wirtschaft in Panik: Habeck will Energiepreise an Wetter koppeln<\/a><\/p>\n<\/div>\n<p><br \/>\n<br \/><a href=\"https:\/\/de.rt.com\/meinung\/217295-habecks-plaene-gruener-wahnsinn-bedroht-deutschland\/\">Source link <\/a><\/p>\n","protected":false},"excerpt":{"rendered":"<p>Es klingt wie ein Aprilscherz, ist aber ernst gemeint. Wirtschaftsminister Robert Habeck will, dass sich die Industrie an der zur Verf\u00fcgung stehenden Energie ausrichtet. Bei Sonne und Wind sollen die Energiepreise sinken, w\u00e4hrend einer Dunkelflaute dagegen steigen. Von Tatjana Montjan Die deutschen Beh\u00f6rden drehen in beeindruckendem Tempo durch: Nun hat Wirtschaftsminister Robert Habeck angek\u00fcndigt, dass [&hellip;]<\/p>\n","protected":false},"author":3,"featured_media":67787,"comment_status":"open","ping_status":"open","sticky":false,"template":"","format":"standard","meta":{"_yoast_indexnow_last_ping":["1724944300"],"wp_automatic_camp":["217"],"0775baf8ba5c4adf72b85faa60c066bc":["Habecks Pl\u00e4ne: Gr\u00fcner Wahnsinn droht Deutschland den Garaus zu machen"],"original_link":["https:\/\/de.rt.com\/meinung\/217295-habecks-plaene-gruener-wahnsinn-bedroht-deutschland\/"],"_thumbnail_id":["67787"],"_wptgpro_p2tg_sent2tg":["a:1:{i:23737;s:19:\"2024-08-29 17:12:53\";}"],"jnews_social_counter_last_update":["1777225056"]},"categories":[19,23],"tags":[48,179,44,34499,12313,27726,3570,5349,21180],"yoast_head":"<!-- This site is optimized with the Yoast SEO Premium plugin v22.7 (Yoast SEO v22.7) - https:\/\/yoast.com\/wordpress\/plugins\/seo\/ -->\n<title>Habecks Pl\u00e4ne: Gr\u00fcner Wahnsinn droht Deutschland den Garaus zu machen - just-now.NEWS Deutschland<\/title>\n<meta name=\"robots\" content=\"index, follow, max-snippet:-1, max-image-preview:large, max-video-preview:-1\" \/>\n<link rel=\"canonical\" href=\"https:\/\/now-news.de\/de\/deutschland\/habecks-plaene-gruener-wahnsinn-droht-deutschland-den-garaus-zu-machen\/\" \/>\n<meta property=\"og:locale\" content=\"de_DE\" \/>\n<meta property=\"og:type\" content=\"article\" \/>\n<meta property=\"og:title\" content=\"Habecks Pl\u00e4ne: Gr\u00fcner Wahnsinn droht Deutschland den Garaus zu machen\" \/>\n<meta property=\"og:description\" content=\"Es klingt wie ein Aprilscherz, ist aber ernst gemeint. Wirtschaftsminister Robert Habeck will, dass sich die Industrie an der zur Verf\u00fcgung stehenden Energie ausrichtet. Bei Sonne und Wind sollen die Energiepreise sinken, w\u00e4hrend einer Dunkelflaute dagegen steigen. Von Tatjana Montjan Die deutschen Beh\u00f6rden drehen in beeindruckendem Tempo durch: Nun hat Wirtschaftsminister Robert Habeck angek\u00fcndigt, dass [&hellip;]\" \/>\n<meta property=\"og:url\" content=\"https:\/\/now-news.de\/de\/deutschland\/habecks-plaene-gruener-wahnsinn-droht-deutschland-den-garaus-zu-machen\/\" \/>\n<meta property=\"og:site_name\" content=\"just-now.NEWS Deutschland\" \/>\n<meta property=\"article:publisher\" content=\"https:\/\/www.facebook.com\/wirmachenauf\" \/>\n<meta property=\"article:published_time\" content=\"2024-08-29T15:05:36+00:00\" \/>\n<meta property=\"og:image\" content=\"https:\/\/now-news.de\/de\/wp-content\/uploads\/sites\/3\/2024\/08\/66d0661ab480cc081457a286.jpg\" \/>\n<meta name=\"author\" content=\"rtnews\" \/>\n<meta name=\"twitter:card\" content=\"summary_large_image\" \/>\n<meta name=\"twitter:creator\" content=\"@WirMachenAuf_de\" \/>\n<meta name=\"twitter:site\" content=\"@WirMachenAuf_de\" \/>\n<meta name=\"twitter:label1\" content=\"Verfasst von\" \/>\n\t<meta name=\"twitter:data1\" content=\"rtnews\" \/>\n\t<meta name=\"twitter:label2\" content=\"Gesch\u00e4tzte Lesezeit\" \/>\n\t<meta name=\"twitter:data2\" content=\"2\u00a0Minuten\" \/>\n<script type=\"application\/ld+json\" class=\"yoast-schema-graph\">{\"@context\":\"https:\/\/schema.org\",\"@graph\":[{\"@type\":\"Article\",\"@id\":\"https:\/\/now-news.de\/de\/deutschland\/habecks-plaene-gruener-wahnsinn-droht-deutschland-den-garaus-zu-machen\/#article\",\"isPartOf\":{\"@id\":\"https:\/\/now-news.de\/de\/deutschland\/habecks-plaene-gruener-wahnsinn-droht-deutschland-den-garaus-zu-machen\/\"},\"author\":{\"name\":\"rtnews\",\"@id\":\"https:\/\/now-news.de\/de\/#\/schema\/person\/fb534a4e865501d8b3285208df34a9b5\"},\"headline\":\"Habecks Pl\u00e4ne: Gr\u00fcner Wahnsinn droht Deutschland den Garaus zu machen\",\"datePublished\":\"2024-08-29T15:05:36+00:00\",\"dateModified\":\"2024-08-29T15:05:36+00:00\",\"mainEntityOfPage\":{\"@id\":\"https:\/\/now-news.de\/de\/deutschland\/habecks-plaene-gruener-wahnsinn-droht-deutschland-den-garaus-zu-machen\/\"},\"wordCount\":409,\"commentCount\":0,\"publisher\":{\"@id\":\"https:\/\/now-news.de\/de\/#organization\"},\"image\":{\"@id\":\"https:\/\/now-news.de\/de\/deutschland\/habecks-plaene-gruener-wahnsinn-droht-deutschland-den-garaus-zu-machen\/#primaryimage\"},\"thumbnailUrl\":\"https:\/\/now-news.de\/de\/wp-content\/uploads\/sites\/3\/2024\/08\/Habecks-Plaene-Gruener-Wahnsinn-droht-Deutschland-den-Garaus-zu-machen.jpg\",\"keywords\":[\"den\",\"Deutschland\",\"droht\",\"Garaus\",\"gr\u00fcner\",\"Habecks\",\"machen\",\"Pl\u00e4ne\",\"Wahnsinn\"],\"articleSection\":[\"Deutschland\",\"Russland\"],\"inLanguage\":\"de\",\"potentialAction\":[{\"@type\":\"CommentAction\",\"name\":\"Comment\",\"target\":[\"https:\/\/now-news.de\/de\/deutschland\/habecks-plaene-gruener-wahnsinn-droht-deutschland-den-garaus-zu-machen\/#respond\"]}]},{\"@type\":\"WebPage\",\"@id\":\"https:\/\/now-news.de\/de\/deutschland\/habecks-plaene-gruener-wahnsinn-droht-deutschland-den-garaus-zu-machen\/\",\"url\":\"https:\/\/now-news.de\/de\/deutschland\/habecks-plaene-gruener-wahnsinn-droht-deutschland-den-garaus-zu-machen\/\",\"name\":\"Habecks Pl\u00e4ne: Gr\u00fcner Wahnsinn droht Deutschland den Garaus zu machen - just-now.NEWS Deutschland\",\"isPartOf\":{\"@id\":\"https:\/\/now-news.de\/de\/#website\"},\"primaryImageOfPage\":{\"@id\":\"https:\/\/now-news.de\/de\/deutschland\/habecks-plaene-gruener-wahnsinn-droht-deutschland-den-garaus-zu-machen\/#primaryimage\"},\"image\":{\"@id\":\"https:\/\/now-news.de\/de\/deutschland\/habecks-plaene-gruener-wahnsinn-droht-deutschland-den-garaus-zu-machen\/#primaryimage\"},\"thumbnailUrl\":\"https:\/\/now-news.de\/de\/wp-content\/uploads\/sites\/3\/2024\/08\/Habecks-Plaene-Gruener-Wahnsinn-droht-Deutschland-den-Garaus-zu-machen.jpg\",\"datePublished\":\"2024-08-29T15:05:36+00:00\",\"dateModified\":\"2024-08-29T15:05:36+00:00\",\"breadcrumb\":{\"@id\":\"https:\/\/now-news.de\/de\/deutschland\/habecks-plaene-gruener-wahnsinn-droht-deutschland-den-garaus-zu-machen\/#breadcrumb\"},\"inLanguage\":\"de\",\"potentialAction\":[{\"@type\":\"ReadAction\",\"target\":[\"https:\/\/now-news.de\/de\/deutschland\/habecks-plaene-gruener-wahnsinn-droht-deutschland-den-garaus-zu-machen\/\"]}]},{\"@type\":\"ImageObject\",\"inLanguage\":\"de\",\"@id\":\"https:\/\/now-news.de\/de\/deutschland\/habecks-plaene-gruener-wahnsinn-droht-deutschland-den-garaus-zu-machen\/#primaryimage\",\"url\":\"https:\/\/now-news.de\/de\/wp-content\/uploads\/sites\/3\/2024\/08\/Habecks-Plaene-Gruener-Wahnsinn-droht-Deutschland-den-Garaus-zu-machen.jpg\",\"contentUrl\":\"https:\/\/now-news.de\/de\/wp-content\/uploads\/sites\/3\/2024\/08\/Habecks-Plaene-Gruener-Wahnsinn-droht-Deutschland-den-Garaus-zu-machen.jpg\",\"width\":460,\"height\":259,\"caption\":\"Habecks Pl\u00e4ne: Gr\u00fcner Wahnsinn droht Deutschland den Garaus zu machen\"},{\"@type\":\"BreadcrumbList\",\"@id\":\"https:\/\/now-news.de\/de\/deutschland\/habecks-plaene-gruener-wahnsinn-droht-deutschland-den-garaus-zu-machen\/#breadcrumb\",\"itemListElement\":[{\"@type\":\"ListItem\",\"position\":1,\"name\":\"Home\",\"item\":\"https:\/\/now-news.de\/de\/\"},{\"@type\":\"ListItem\",\"position\":2,\"name\":\"Habecks Pl\u00e4ne: Gr\u00fcner Wahnsinn droht Deutschland den Garaus zu machen\"}]},{\"@type\":\"WebSite\",\"@id\":\"https:\/\/now-news.de\/de\/#website\",\"url\":\"https:\/\/now-news.de\/de\/\",\"name\":\"just-now.NEWS Deutschland\",\"description\":\"Das Portal f\u00fcr unzensierte Nachrichten aus der Welt\",\"publisher\":{\"@id\":\"https:\/\/now-news.de\/de\/#organization\"},\"potentialAction\":[{\"@type\":\"SearchAction\",\"target\":{\"@type\":\"EntryPoint\",\"urlTemplate\":\"https:\/\/now-news.de\/de\/?s={search_term_string}\"},\"query-input\":\"required name=search_term_string\"}],\"inLanguage\":\"de\"},{\"@type\":\"Organization\",\"@id\":\"https:\/\/now-news.de\/de\/#organization\",\"name\":\"Just Now News\",\"url\":\"https:\/\/now-news.de\/de\/\",\"logo\":{\"@type\":\"ImageObject\",\"inLanguage\":\"de\",\"@id\":\"https:\/\/now-news.de\/de\/#\/schema\/logo\/image\/\",\"url\":\"http:\/\/just-now.news\/de\/wp-content\/uploads\/sites\/3\/2022\/04\/logo500x500.jpg\",\"contentUrl\":\"http:\/\/just-now.news\/de\/wp-content\/uploads\/sites\/3\/2022\/04\/logo500x500.jpg\",\"width\":500,\"height\":500,\"caption\":\"Just Now News\"},\"image\":{\"@id\":\"https:\/\/now-news.de\/de\/#\/schema\/logo\/image\/\"},\"sameAs\":[\"https:\/\/www.facebook.com\/wirmachenauf\",\"https:\/\/x.com\/WirMachenAuf_de\"]},{\"@type\":\"Person\",\"@id\":\"https:\/\/now-news.de\/de\/#\/schema\/person\/fb534a4e865501d8b3285208df34a9b5\",\"name\":\"rtnews\",\"image\":{\"@type\":\"ImageObject\",\"inLanguage\":\"de\",\"@id\":\"https:\/\/now-news.de\/de\/#\/schema\/person\/image\/\",\"url\":\"https:\/\/secure.gravatar.com\/avatar\/82aafea7d8127119dd649515f56e2117?s=96&d=mm&r=g\",\"contentUrl\":\"https:\/\/secure.gravatar.com\/avatar\/82aafea7d8127119dd649515f56e2117?s=96&d=mm&r=g\",\"caption\":\"rtnews\"},\"url\":\"https:\/\/now-news.de\/de\/author\/rnews\/\"}]}<\/script>\n<!-- \/ Yoast SEO Premium plugin. -->","yoast_head_json":{"title":"Habecks Pl\u00e4ne: Gr\u00fcner Wahnsinn droht Deutschland den Garaus zu machen - just-now.NEWS Deutschland","robots":{"index":"index","follow":"follow","max-snippet":"max-snippet:-1","max-image-preview":"max-image-preview:large","max-video-preview":"max-video-preview:-1"},"canonical":"https:\/\/now-news.de\/de\/deutschland\/habecks-plaene-gruener-wahnsinn-droht-deutschland-den-garaus-zu-machen\/","og_locale":"de_DE","og_type":"article","og_title":"Habecks Pl\u00e4ne: Gr\u00fcner Wahnsinn droht Deutschland den Garaus zu machen","og_description":"Es klingt wie ein Aprilscherz, ist aber ernst gemeint. Wirtschaftsminister Robert Habeck will, dass sich die Industrie an der zur Verf\u00fcgung stehenden Energie ausrichtet. Bei Sonne und Wind sollen die Energiepreise sinken, w\u00e4hrend einer Dunkelflaute dagegen steigen. Von Tatjana Montjan Die deutschen Beh\u00f6rden drehen in beeindruckendem Tempo durch: Nun hat Wirtschaftsminister Robert Habeck angek\u00fcndigt, dass [&hellip;]","og_url":"https:\/\/now-news.de\/de\/deutschland\/habecks-plaene-gruener-wahnsinn-droht-deutschland-den-garaus-zu-machen\/","og_site_name":"just-now.NEWS Deutschland","article_publisher":"https:\/\/www.facebook.com\/wirmachenauf","article_published_time":"2024-08-29T15:05:36+00:00","og_image":[{"url":"https:\/\/now-news.de\/de\/wp-content\/uploads\/sites\/3\/2024\/08\/66d0661ab480cc081457a286.jpg"}],"author":"rtnews","twitter_card":"summary_large_image","twitter_creator":"@WirMachenAuf_de","twitter_site":"@WirMachenAuf_de","twitter_misc":{"Verfasst von":"rtnews","Gesch\u00e4tzte Lesezeit":"2\u00a0Minuten"},"schema":{"@context":"https:\/\/schema.org","@graph":[{"@type":"Article","@id":"https:\/\/now-news.de\/de\/deutschland\/habecks-plaene-gruener-wahnsinn-droht-deutschland-den-garaus-zu-machen\/#article","isPartOf":{"@id":"https:\/\/now-news.de\/de\/deutschland\/habecks-plaene-gruener-wahnsinn-droht-deutschland-den-garaus-zu-machen\/"},"author":{"name":"rtnews","@id":"https:\/\/now-news.de\/de\/#\/schema\/person\/fb534a4e865501d8b3285208df34a9b5"},"headline":"Habecks Pl\u00e4ne: Gr\u00fcner Wahnsinn droht Deutschland den Garaus zu machen","datePublished":"2024-08-29T15:05:36+00:00","dateModified":"2024-08-29T15:05:36+00:00","mainEntityOfPage":{"@id":"https:\/\/now-news.de\/de\/deutschland\/habecks-plaene-gruener-wahnsinn-droht-deutschland-den-garaus-zu-machen\/"},"wordCount":409,"commentCount":0,"publisher":{"@id":"https:\/\/now-news.de\/de\/#organization"},"image":{"@id":"https:\/\/now-news.de\/de\/deutschland\/habecks-plaene-gruener-wahnsinn-droht-deutschland-den-garaus-zu-machen\/#primaryimage"},"thumbnailUrl":"https:\/\/now-news.de\/de\/wp-content\/uploads\/sites\/3\/2024\/08\/Habecks-Plaene-Gruener-Wahnsinn-droht-Deutschland-den-Garaus-zu-machen.jpg","keywords":["den","Deutschland","droht","Garaus","gr\u00fcner","Habecks","machen","Pl\u00e4ne","Wahnsinn"],"articleSection":["Deutschland","Russland"],"inLanguage":"de","potentialAction":[{"@type":"CommentAction","name":"Comment","target":["https:\/\/now-news.de\/de\/deutschland\/habecks-plaene-gruener-wahnsinn-droht-deutschland-den-garaus-zu-machen\/#respond"]}]},{"@type":"WebPage","@id":"https:\/\/now-news.de\/de\/deutschland\/habecks-plaene-gruener-wahnsinn-droht-deutschland-den-garaus-zu-machen\/","url":"https:\/\/now-news.de\/de\/deutschland\/habecks-plaene-gruener-wahnsinn-droht-deutschland-den-garaus-zu-machen\/","name":"Habecks Pl\u00e4ne: Gr\u00fcner Wahnsinn droht Deutschland den Garaus zu machen - just-now.NEWS Deutschland","isPartOf":{"@id":"https:\/\/now-news.de\/de\/#website"},"primaryImageOfPage":{"@id":"https:\/\/now-news.de\/de\/deutschland\/habecks-plaene-gruener-wahnsinn-droht-deutschland-den-garaus-zu-machen\/#primaryimage"},"image":{"@id":"https:\/\/now-news.de\/de\/deutschland\/habecks-plaene-gruener-wahnsinn-droht-deutschland-den-garaus-zu-machen\/#primaryimage"},"thumbnailUrl":"https:\/\/now-news.de\/de\/wp-content\/uploads\/sites\/3\/2024\/08\/Habecks-Plaene-Gruener-Wahnsinn-droht-Deutschland-den-Garaus-zu-machen.jpg","datePublished":"2024-08-29T15:05:36+00:00","dateModified":"2024-08-29T15:05:36+00:00","breadcrumb":{"@id":"https:\/\/now-news.de\/de\/deutschland\/habecks-plaene-gruener-wahnsinn-droht-deutschland-den-garaus-zu-machen\/#breadcrumb"},"inLanguage":"de","potentialAction":[{"@type":"ReadAction","target":["https:\/\/now-news.de\/de\/deutschland\/habecks-plaene-gruener-wahnsinn-droht-deutschland-den-garaus-zu-machen\/"]}]},{"@type":"ImageObject","inLanguage":"de","@id":"https:\/\/now-news.de\/de\/deutschland\/habecks-plaene-gruener-wahnsinn-droht-deutschland-den-garaus-zu-machen\/#primaryimage","url":"https:\/\/now-news.de\/de\/wp-content\/uploads\/sites\/3\/2024\/08\/Habecks-Plaene-Gruener-Wahnsinn-droht-Deutschland-den-Garaus-zu-machen.jpg","contentUrl":"https:\/\/now-news.de\/de\/wp-content\/uploads\/sites\/3\/2024\/08\/Habecks-Plaene-Gruener-Wahnsinn-droht-Deutschland-den-Garaus-zu-machen.jpg","width":460,"height":259,"caption":"Habecks Pl\u00e4ne: Gr\u00fcner Wahnsinn droht Deutschland den Garaus zu machen"},{"@type":"BreadcrumbList","@id":"https:\/\/now-news.de\/de\/deutschland\/habecks-plaene-gruener-wahnsinn-droht-deutschland-den-garaus-zu-machen\/#breadcrumb","itemListElement":[{"@type":"ListItem","position":1,"name":"Home","item":"https:\/\/now-news.de\/de\/"},{"@type":"ListItem","position":2,"name":"Habecks Pl\u00e4ne: Gr\u00fcner Wahnsinn droht Deutschland den Garaus zu machen"}]},{"@type":"WebSite","@id":"https:\/\/now-news.de\/de\/#website","url":"https:\/\/now-news.de\/de\/","name":"just-now.NEWS Deutschland","description":"Das Portal f\u00fcr unzensierte Nachrichten aus der Welt","publisher":{"@id":"https:\/\/now-news.de\/de\/#organization"},"potentialAction":[{"@type":"SearchAction","target":{"@type":"EntryPoint","urlTemplate":"https:\/\/now-news.de\/de\/?s={search_term_string}"},"query-input":"required name=search_term_string"}],"inLanguage":"de"},{"@type":"Organization","@id":"https:\/\/now-news.de\/de\/#organization","name":"Just Now News","url":"https:\/\/now-news.de\/de\/","logo":{"@type":"ImageObject","inLanguage":"de","@id":"https:\/\/now-news.de\/de\/#\/schema\/logo\/image\/","url":"http:\/\/just-now.news\/de\/wp-content\/uploads\/sites\/3\/2022\/04\/logo500x500.jpg","contentUrl":"http:\/\/just-now.news\/de\/wp-content\/uploads\/sites\/3\/2022\/04\/logo500x500.jpg","width":500,"height":500,"caption":"Just Now News"},"image":{"@id":"https:\/\/now-news.de\/de\/#\/schema\/logo\/image\/"},"sameAs":["https:\/\/www.facebook.com\/wirmachenauf","https:\/\/x.com\/WirMachenAuf_de"]},{"@type":"Person","@id":"https:\/\/now-news.de\/de\/#\/schema\/person\/fb534a4e865501d8b3285208df34a9b5","name":"rtnews","image":{"@type":"ImageObject","inLanguage":"de","@id":"https:\/\/now-news.de\/de\/#\/schema\/person\/image\/","url":"https:\/\/secure.gravatar.com\/avatar\/82aafea7d8127119dd649515f56e2117?s=96&d=mm&r=g","contentUrl":"https:\/\/secure.gravatar.com\/avatar\/82aafea7d8127119dd649515f56e2117?s=96&d=mm&r=g","caption":"rtnews"},"url":"https:\/\/now-news.de\/de\/author\/rnews\/"}]}},"_links":{"self":[{"href":"https:\/\/now-news.de\/de\/wp-json\/wp\/v2\/posts\/67786"}],"collection":[{"href":"https:\/\/now-news.de\/de\/wp-json\/wp\/v2\/posts"}],"about":[{"href":"https:\/\/now-news.de\/de\/wp-json\/wp\/v2\/types\/post"}],"author":[{"embeddable":true,"href":"https:\/\/now-news.de\/de\/wp-json\/wp\/v2\/users\/3"}],"replies":[{"embeddable":true,"href":"https:\/\/now-news.de\/de\/wp-json\/wp\/v2\/comments?post=67786"}],"version-history":[{"count":0,"href":"https:\/\/now-news.de\/de\/wp-json\/wp\/v2\/posts\/67786\/revisions"}],"wp:featuredmedia":[{"embeddable":true,"href":"https:\/\/now-news.de\/de\/wp-json\/wp\/v2\/media\/67787"}],"wp:attachment":[{"href":"https:\/\/now-news.de\/de\/wp-json\/wp\/v2\/media?parent=67786"}],"wp:term":[{"taxonomy":"category","embeddable":true,"href":"https:\/\/now-news.de\/de\/wp-json\/wp\/v2\/categories?post=67786"},{"taxonomy":"post_tag","embeddable":true,"href":"https:\/\/now-news.de\/de\/wp-json\/wp\/v2\/tags?post=67786"}],"curies":[{"name":"wp","href":"https:\/\/api.w.org\/{rel}","templated":true}]}}