{"id":67682,"date":"2024-08-28T15:53:57","date_gmt":"2024-08-28T13:53:57","guid":{"rendered":"https:\/\/now-news.de\/de\/deutschland\/bischofskonferenz-warnt-vor-wahl-von-afd-und-bsw\/"},"modified":"2024-08-28T15:53:57","modified_gmt":"2024-08-28T13:53:57","slug":"bischofskonferenz-warnt-vor-wahl-von-afd-und-bsw","status":"publish","type":"post","link":"https:\/\/now-news.de\/de\/deutschland\/bischofskonferenz-warnt-vor-wahl-von-afd-und-bsw\/","title":{"rendered":"Bischofskonferenz warnt vor Wahl von AfD und BSW"},"content":{"rendered":"<p><img decoding=\"async\" src=\"https:\/\/now-news.de\/de\/wp-content\/uploads\/sites\/3\/2024\/08\/66cf273db480cc7d766011f7.jpg\" \/><\/p>\n<div class=\"Text-root Text-type_1 \">\n                Sowohl die AfD als auch das BSW sind f\u00fcr Christen nicht w\u00e4hlbar, sagt der Vorsitzende der deutschen Bischofskonferenz. V\u00f6lkischer Nationalismus sei mit den Werten des Christentums unvereinbar. Die katholische Kirche hat den Faschismus in Deutschland, Spanien und Italien unterst\u00fctzt.\n            <\/div>\n<p><\/p>\n<div class=\"Text-root Text-type_5 ArticleView-text ViewText-root \">\n<p>Kurz vor der Landtagswahl in Th\u00fcringen und Sachsen mischt sich die katholische Kirche in den Wahlkampf ein. Die deutsche Bischofskonferenz warnt ihre Sch\u00e4fchen davor, ihr Kreuz bei der AfD oder dem BSW zu machen.\u00a0<\/p>\n<p>Der Vorsitzende der deutschen Bischofskonferenz, Georg B\u00e4tzing, sagte mit Blick auf die AfD:<\/p>\n<p><em>&#8220;Diese Partei will unser demokratisches, freiheitliches System umst\u00fcrzen. Davor muss ich Christinnen und Christen warnen.&#8221;<\/em><\/p>\n<p>&#8220;V\u00f6lkischer Nationalismus ist mit den Grundwerten des Christentums nicht vereinbar&#8221;, f\u00fcgte der Vertreter der Kirche hinzu, die w\u00e4hrend der Zeit des Nationalsozialismus v\u00f6lkischen Nationalismus bereitwillig\u00a0unterst\u00fctzt\u00a0hat. W\u00e4hrend der faschistischen Franco-Diktatur in Spanien war die katholische Kirche systemtragend, in Italien unter Mussolini diente sich die katholische Kirche dem faschistischen Diktator an.\u00a0<\/p>\n<p>Die neuerlich entwickelte Abstinenz zum V\u00f6lkisch-Nationalen wirkt daher wenig glaubhaft, zumal man eine kritische \u00c4u\u00dferung der deutschen Bischofskonferenz zum Verbot der russisch-orthodoxen Kirche in der Ukraine auf der <a rel=\"nofollow noopener\" target=\"_blank\" href=\"https:\/\/www.dbk.de\/themen\/krieg-in-der-ukraine\">Webseite<\/a> der Bisch\u00f6fe vergeblich sucht. Auch in der Ukraine wird ein v\u00f6lkischer Nationalismus gez\u00fcchtet. Bischof Meier reist dennoch gern in die Ukraine und pflegt einen einseitigen Blick auf den Konflikt.<\/p>\n<p>Einsatz f\u00fcr Demokratie ist laut B\u00e4tzing, seine Stimme den etablierten Parteien zu geben. Wahl ist B\u00fcrgerpflicht, sagt er, aber die Wahl der AfD verbietet sich f\u00fcr Christen ebenso wie die Wahl des BSW. Die AfD will Menschen auch dann abschieben, wenn sie zwar die deutsche Staatsb\u00fcrgerschaft, aber Migrationsgrund haben, behauptet B\u00e4tzing. Vermutlich rekurriert er dabei auf einen Bericht des sogenannten Rechercheportals <em>Correctiv,<\/em> der sich allerdings inzwischen l\u00e4ngst als weitgehend frei erfunden erwiesen hat.\u00a0<\/p>\n<p>Das BSW lehnt der Bischof aufgrund dessen Haltung zu Russland und zu Putin ab. Putin habe ein souver\u00e4nes Land \u00fcberfallen und \u00fcberziehe es mit Krieg, verk\u00fcrzt der Bischof die Entwicklung hin zum Krieg.\u00a0<\/p>\n<p><em>&#8220;Wer angesichts dessen mit Putin sympathisiert, hat f\u00fcr mich keine politische Autorit\u00e4t und gef\u00e4hrdet zentrale demokratische und v\u00f6lkerrechtliche Grunds\u00e4tze und unsere europ\u00e4ische Friedensordnung.&#8221;<\/em><\/p>\n<p>Demokratisch, ist, die bestehenden Verh\u00e4ltnisse zu st\u00fctzen. V\u00f6lkerrecht ist, Waffen zu liefern sowie Diplomatie und die Suche nach L\u00f6sungen pauschal abzulehnen. Die europ\u00e4ische Friedensordnung besteht darin, einen Sieg \u00fcber Russland anzustreben. So in etwa lassen sich die Ausf\u00fchrungen des Bischofs zusammenfassen. Man wird das nicht nur an der Wahlurne einzuordnen wissen. Die Mitgliederzahlen der Kirchen sind aus guten Gr\u00fcnden im freien Fall.\u00a0<\/p>\n<p><strong>Mehr zum Thema<\/strong>\u00a0\u2013\u00a0<a rel=\"nofollow noopener\" target=\"_blank\" href=\"https:\/\/freedert.online\/meinung\/217112-deutschen-wollen-frieden-mit-russland\/\">Die Deutschen wollen Frieden mit Russland, die Machthaber sind aber Washington und Kiew verpflichtet<\/a><\/p>\n<div class=\"EmbedBlock-root EmbedBlock-externalVideo EmbedBlock-rumble\">\n<div class=\"VkEmbed\"><iframe class=\"lazyload\" data-src=\"https:\/\/rumble.com\/embed\/v59u21v\" frameborder=\"0\" width=\"853\" height=\"480\" allowfullscreen><\/iframe><\/div>\n<\/div>\n<\/div>\n<p><br \/>\n<br \/><a href=\"https:\/\/de.rt.com\/inland\/217171-bischofskonferenz-warnt-vor-wahl-von\/\">Source link <\/a><\/p>\n","protected":false},"excerpt":{"rendered":"<p>Sowohl die AfD als auch das BSW sind f\u00fcr Christen nicht w\u00e4hlbar, sagt der Vorsitzende der deutschen Bischofskonferenz. V\u00f6lkischer Nationalismus sei mit den Werten des Christentums unvereinbar. Die katholische Kirche hat den Faschismus in Deutschland, Spanien und Italien unterst\u00fctzt. Kurz vor der Landtagswahl in Th\u00fcringen und Sachsen mischt sich die katholische Kirche in den Wahlkampf [&hellip;]<\/p>\n","protected":false},"author":3,"featured_media":67683,"comment_status":"open","ping_status":"open","sticky":false,"template":"","format":"standard","meta":{"_yoast_indexnow_last_ping":["1724853580"],"wp_automatic_camp":["217"],"db978ec0296ec38d01bb1da07e67ba02":["Bischofskonferenz warnt vor Wahl von AfD und BSW"],"original_link":["https:\/\/de.rt.com\/inland\/217171-bischofskonferenz-warnt-vor-wahl-von\/"],"_thumbnail_id":["67683"],"_wptgpro_p2tg_sent2tg":["a:1:{i:23737;s:19:\"2024-08-28 16:00:41\";}"],"jnews_social_counter_last_update":["1777328829"]},"categories":[19,23],"tags":[3815,44587,51583,140,50,320,4351,912],"yoast_head":"<!-- This site is optimized with the Yoast SEO Premium plugin v22.7 (Yoast SEO v22.7) - https:\/\/yoast.com\/wordpress\/plugins\/seo\/ -->\n<title>Bischofskonferenz warnt vor Wahl von AfD und BSW - just-now.NEWS Deutschland<\/title>\n<meta name=\"robots\" content=\"index, follow, max-snippet:-1, max-image-preview:large, max-video-preview:-1\" \/>\n<link rel=\"canonical\" href=\"https:\/\/now-news.de\/de\/deutschland\/bischofskonferenz-warnt-vor-wahl-von-afd-und-bsw\/\" \/>\n<meta property=\"og:locale\" content=\"de_DE\" \/>\n<meta property=\"og:type\" content=\"article\" \/>\n<meta property=\"og:title\" content=\"Bischofskonferenz warnt vor Wahl von AfD und BSW\" \/>\n<meta property=\"og:description\" content=\"Sowohl die AfD als auch das BSW sind f\u00fcr Christen nicht w\u00e4hlbar, sagt der Vorsitzende der deutschen Bischofskonferenz. V\u00f6lkischer Nationalismus sei mit den Werten des Christentums unvereinbar. Die katholische Kirche hat den Faschismus in Deutschland, Spanien und Italien unterst\u00fctzt. Kurz vor der Landtagswahl in Th\u00fcringen und Sachsen mischt sich die katholische Kirche in den Wahlkampf [&hellip;]\" \/>\n<meta property=\"og:url\" content=\"https:\/\/now-news.de\/de\/deutschland\/bischofskonferenz-warnt-vor-wahl-von-afd-und-bsw\/\" \/>\n<meta property=\"og:site_name\" content=\"just-now.NEWS Deutschland\" \/>\n<meta property=\"article:publisher\" content=\"https:\/\/www.facebook.com\/wirmachenauf\" \/>\n<meta property=\"article:published_time\" content=\"2024-08-28T13:53:57+00:00\" \/>\n<meta property=\"og:image\" content=\"https:\/\/now-news.de\/de\/wp-content\/uploads\/sites\/3\/2024\/08\/66cf273db480cc7d766011f7.jpg\" \/>\n<meta name=\"author\" content=\"rtnews\" \/>\n<meta name=\"twitter:card\" content=\"summary_large_image\" \/>\n<meta name=\"twitter:creator\" content=\"@WirMachenAuf_de\" \/>\n<meta name=\"twitter:site\" content=\"@WirMachenAuf_de\" \/>\n<meta name=\"twitter:label1\" content=\"Verfasst von\" \/>\n\t<meta name=\"twitter:data1\" content=\"rtnews\" \/>\n\t<meta name=\"twitter:label2\" content=\"Gesch\u00e4tzte Lesezeit\" \/>\n\t<meta name=\"twitter:data2\" content=\"2\u00a0Minuten\" \/>\n<script type=\"application\/ld+json\" class=\"yoast-schema-graph\">{\"@context\":\"https:\/\/schema.org\",\"@graph\":[{\"@type\":\"Article\",\"@id\":\"https:\/\/now-news.de\/de\/deutschland\/bischofskonferenz-warnt-vor-wahl-von-afd-und-bsw\/#article\",\"isPartOf\":{\"@id\":\"https:\/\/now-news.de\/de\/deutschland\/bischofskonferenz-warnt-vor-wahl-von-afd-und-bsw\/\"},\"author\":{\"name\":\"rtnews\",\"@id\":\"https:\/\/now-news.de\/de\/#\/schema\/person\/fb534a4e865501d8b3285208df34a9b5\"},\"headline\":\"Bischofskonferenz warnt vor Wahl von AfD und BSW\",\"datePublished\":\"2024-08-28T13:53:57+00:00\",\"dateModified\":\"2024-08-28T13:53:57+00:00\",\"mainEntityOfPage\":{\"@id\":\"https:\/\/now-news.de\/de\/deutschland\/bischofskonferenz-warnt-vor-wahl-von-afd-und-bsw\/\"},\"wordCount\":470,\"commentCount\":0,\"publisher\":{\"@id\":\"https:\/\/now-news.de\/de\/#organization\"},\"image\":{\"@id\":\"https:\/\/now-news.de\/de\/deutschland\/bischofskonferenz-warnt-vor-wahl-von-afd-und-bsw\/#primaryimage\"},\"thumbnailUrl\":\"https:\/\/now-news.de\/de\/wp-content\/uploads\/sites\/3\/2024\/08\/Bischofskonferenz-warnt-vor-Wahl-von-AfD-und-BSW.jpg\",\"keywords\":[\"AfD\",\"Bischofskonferenz\",\"BSW\",\"und\",\"von\",\"vor\",\"Wahl\",\"warnt\"],\"articleSection\":[\"Deutschland\",\"Russland\"],\"inLanguage\":\"de\",\"potentialAction\":[{\"@type\":\"CommentAction\",\"name\":\"Comment\",\"target\":[\"https:\/\/now-news.de\/de\/deutschland\/bischofskonferenz-warnt-vor-wahl-von-afd-und-bsw\/#respond\"]}]},{\"@type\":\"WebPage\",\"@id\":\"https:\/\/now-news.de\/de\/deutschland\/bischofskonferenz-warnt-vor-wahl-von-afd-und-bsw\/\",\"url\":\"https:\/\/now-news.de\/de\/deutschland\/bischofskonferenz-warnt-vor-wahl-von-afd-und-bsw\/\",\"name\":\"Bischofskonferenz warnt vor Wahl von AfD und BSW - just-now.NEWS Deutschland\",\"isPartOf\":{\"@id\":\"https:\/\/now-news.de\/de\/#website\"},\"primaryImageOfPage\":{\"@id\":\"https:\/\/now-news.de\/de\/deutschland\/bischofskonferenz-warnt-vor-wahl-von-afd-und-bsw\/#primaryimage\"},\"image\":{\"@id\":\"https:\/\/now-news.de\/de\/deutschland\/bischofskonferenz-warnt-vor-wahl-von-afd-und-bsw\/#primaryimage\"},\"thumbnailUrl\":\"https:\/\/now-news.de\/de\/wp-content\/uploads\/sites\/3\/2024\/08\/Bischofskonferenz-warnt-vor-Wahl-von-AfD-und-BSW.jpg\",\"datePublished\":\"2024-08-28T13:53:57+00:00\",\"dateModified\":\"2024-08-28T13:53:57+00:00\",\"breadcrumb\":{\"@id\":\"https:\/\/now-news.de\/de\/deutschland\/bischofskonferenz-warnt-vor-wahl-von-afd-und-bsw\/#breadcrumb\"},\"inLanguage\":\"de\",\"potentialAction\":[{\"@type\":\"ReadAction\",\"target\":[\"https:\/\/now-news.de\/de\/deutschland\/bischofskonferenz-warnt-vor-wahl-von-afd-und-bsw\/\"]}]},{\"@type\":\"ImageObject\",\"inLanguage\":\"de\",\"@id\":\"https:\/\/now-news.de\/de\/deutschland\/bischofskonferenz-warnt-vor-wahl-von-afd-und-bsw\/#primaryimage\",\"url\":\"https:\/\/now-news.de\/de\/wp-content\/uploads\/sites\/3\/2024\/08\/Bischofskonferenz-warnt-vor-Wahl-von-AfD-und-BSW.jpg\",\"contentUrl\":\"https:\/\/now-news.de\/de\/wp-content\/uploads\/sites\/3\/2024\/08\/Bischofskonferenz-warnt-vor-Wahl-von-AfD-und-BSW.jpg\",\"width\":460,\"height\":259,\"caption\":\"Bischofskonferenz warnt vor Wahl von AfD und BSW\"},{\"@type\":\"BreadcrumbList\",\"@id\":\"https:\/\/now-news.de\/de\/deutschland\/bischofskonferenz-warnt-vor-wahl-von-afd-und-bsw\/#breadcrumb\",\"itemListElement\":[{\"@type\":\"ListItem\",\"position\":1,\"name\":\"Home\",\"item\":\"https:\/\/now-news.de\/de\/\"},{\"@type\":\"ListItem\",\"position\":2,\"name\":\"Bischofskonferenz warnt vor Wahl von AfD und BSW\"}]},{\"@type\":\"WebSite\",\"@id\":\"https:\/\/now-news.de\/de\/#website\",\"url\":\"https:\/\/now-news.de\/de\/\",\"name\":\"just-now.NEWS Deutschland\",\"description\":\"Das Portal f\u00fcr unzensierte Nachrichten aus der Welt\",\"publisher\":{\"@id\":\"https:\/\/now-news.de\/de\/#organization\"},\"potentialAction\":[{\"@type\":\"SearchAction\",\"target\":{\"@type\":\"EntryPoint\",\"urlTemplate\":\"https:\/\/now-news.de\/de\/?s={search_term_string}\"},\"query-input\":\"required name=search_term_string\"}],\"inLanguage\":\"de\"},{\"@type\":\"Organization\",\"@id\":\"https:\/\/now-news.de\/de\/#organization\",\"name\":\"Just Now News\",\"url\":\"https:\/\/now-news.de\/de\/\",\"logo\":{\"@type\":\"ImageObject\",\"inLanguage\":\"de\",\"@id\":\"https:\/\/now-news.de\/de\/#\/schema\/logo\/image\/\",\"url\":\"http:\/\/just-now.news\/de\/wp-content\/uploads\/sites\/3\/2022\/04\/logo500x500.jpg\",\"contentUrl\":\"http:\/\/just-now.news\/de\/wp-content\/uploads\/sites\/3\/2022\/04\/logo500x500.jpg\",\"width\":500,\"height\":500,\"caption\":\"Just Now News\"},\"image\":{\"@id\":\"https:\/\/now-news.de\/de\/#\/schema\/logo\/image\/\"},\"sameAs\":[\"https:\/\/www.facebook.com\/wirmachenauf\",\"https:\/\/x.com\/WirMachenAuf_de\"]},{\"@type\":\"Person\",\"@id\":\"https:\/\/now-news.de\/de\/#\/schema\/person\/fb534a4e865501d8b3285208df34a9b5\",\"name\":\"rtnews\",\"image\":{\"@type\":\"ImageObject\",\"inLanguage\":\"de\",\"@id\":\"https:\/\/now-news.de\/de\/#\/schema\/person\/image\/\",\"url\":\"https:\/\/secure.gravatar.com\/avatar\/82aafea7d8127119dd649515f56e2117?s=96&d=mm&r=g\",\"contentUrl\":\"https:\/\/secure.gravatar.com\/avatar\/82aafea7d8127119dd649515f56e2117?s=96&d=mm&r=g\",\"caption\":\"rtnews\"},\"url\":\"https:\/\/now-news.de\/de\/author\/rnews\/\"}]}<\/script>\n<!-- \/ Yoast SEO Premium plugin. -->","yoast_head_json":{"title":"Bischofskonferenz warnt vor Wahl von AfD und BSW - just-now.NEWS Deutschland","robots":{"index":"index","follow":"follow","max-snippet":"max-snippet:-1","max-image-preview":"max-image-preview:large","max-video-preview":"max-video-preview:-1"},"canonical":"https:\/\/now-news.de\/de\/deutschland\/bischofskonferenz-warnt-vor-wahl-von-afd-und-bsw\/","og_locale":"de_DE","og_type":"article","og_title":"Bischofskonferenz warnt vor Wahl von AfD und BSW","og_description":"Sowohl die AfD als auch das BSW sind f\u00fcr Christen nicht w\u00e4hlbar, sagt der Vorsitzende der deutschen Bischofskonferenz. V\u00f6lkischer Nationalismus sei mit den Werten des Christentums unvereinbar. Die katholische Kirche hat den Faschismus in Deutschland, Spanien und Italien unterst\u00fctzt. Kurz vor der Landtagswahl in Th\u00fcringen und Sachsen mischt sich die katholische Kirche in den Wahlkampf [&hellip;]","og_url":"https:\/\/now-news.de\/de\/deutschland\/bischofskonferenz-warnt-vor-wahl-von-afd-und-bsw\/","og_site_name":"just-now.NEWS Deutschland","article_publisher":"https:\/\/www.facebook.com\/wirmachenauf","article_published_time":"2024-08-28T13:53:57+00:00","og_image":[{"url":"https:\/\/now-news.de\/de\/wp-content\/uploads\/sites\/3\/2024\/08\/66cf273db480cc7d766011f7.jpg"}],"author":"rtnews","twitter_card":"summary_large_image","twitter_creator":"@WirMachenAuf_de","twitter_site":"@WirMachenAuf_de","twitter_misc":{"Verfasst von":"rtnews","Gesch\u00e4tzte Lesezeit":"2\u00a0Minuten"},"schema":{"@context":"https:\/\/schema.org","@graph":[{"@type":"Article","@id":"https:\/\/now-news.de\/de\/deutschland\/bischofskonferenz-warnt-vor-wahl-von-afd-und-bsw\/#article","isPartOf":{"@id":"https:\/\/now-news.de\/de\/deutschland\/bischofskonferenz-warnt-vor-wahl-von-afd-und-bsw\/"},"author":{"name":"rtnews","@id":"https:\/\/now-news.de\/de\/#\/schema\/person\/fb534a4e865501d8b3285208df34a9b5"},"headline":"Bischofskonferenz warnt vor Wahl von AfD und BSW","datePublished":"2024-08-28T13:53:57+00:00","dateModified":"2024-08-28T13:53:57+00:00","mainEntityOfPage":{"@id":"https:\/\/now-news.de\/de\/deutschland\/bischofskonferenz-warnt-vor-wahl-von-afd-und-bsw\/"},"wordCount":470,"commentCount":0,"publisher":{"@id":"https:\/\/now-news.de\/de\/#organization"},"image":{"@id":"https:\/\/now-news.de\/de\/deutschland\/bischofskonferenz-warnt-vor-wahl-von-afd-und-bsw\/#primaryimage"},"thumbnailUrl":"https:\/\/now-news.de\/de\/wp-content\/uploads\/sites\/3\/2024\/08\/Bischofskonferenz-warnt-vor-Wahl-von-AfD-und-BSW.jpg","keywords":["AfD","Bischofskonferenz","BSW","und","von","vor","Wahl","warnt"],"articleSection":["Deutschland","Russland"],"inLanguage":"de","potentialAction":[{"@type":"CommentAction","name":"Comment","target":["https:\/\/now-news.de\/de\/deutschland\/bischofskonferenz-warnt-vor-wahl-von-afd-und-bsw\/#respond"]}]},{"@type":"WebPage","@id":"https:\/\/now-news.de\/de\/deutschland\/bischofskonferenz-warnt-vor-wahl-von-afd-und-bsw\/","url":"https:\/\/now-news.de\/de\/deutschland\/bischofskonferenz-warnt-vor-wahl-von-afd-und-bsw\/","name":"Bischofskonferenz warnt vor Wahl von AfD und BSW - just-now.NEWS Deutschland","isPartOf":{"@id":"https:\/\/now-news.de\/de\/#website"},"primaryImageOfPage":{"@id":"https:\/\/now-news.de\/de\/deutschland\/bischofskonferenz-warnt-vor-wahl-von-afd-und-bsw\/#primaryimage"},"image":{"@id":"https:\/\/now-news.de\/de\/deutschland\/bischofskonferenz-warnt-vor-wahl-von-afd-und-bsw\/#primaryimage"},"thumbnailUrl":"https:\/\/now-news.de\/de\/wp-content\/uploads\/sites\/3\/2024\/08\/Bischofskonferenz-warnt-vor-Wahl-von-AfD-und-BSW.jpg","datePublished":"2024-08-28T13:53:57+00:00","dateModified":"2024-08-28T13:53:57+00:00","breadcrumb":{"@id":"https:\/\/now-news.de\/de\/deutschland\/bischofskonferenz-warnt-vor-wahl-von-afd-und-bsw\/#breadcrumb"},"inLanguage":"de","potentialAction":[{"@type":"ReadAction","target":["https:\/\/now-news.de\/de\/deutschland\/bischofskonferenz-warnt-vor-wahl-von-afd-und-bsw\/"]}]},{"@type":"ImageObject","inLanguage":"de","@id":"https:\/\/now-news.de\/de\/deutschland\/bischofskonferenz-warnt-vor-wahl-von-afd-und-bsw\/#primaryimage","url":"https:\/\/now-news.de\/de\/wp-content\/uploads\/sites\/3\/2024\/08\/Bischofskonferenz-warnt-vor-Wahl-von-AfD-und-BSW.jpg","contentUrl":"https:\/\/now-news.de\/de\/wp-content\/uploads\/sites\/3\/2024\/08\/Bischofskonferenz-warnt-vor-Wahl-von-AfD-und-BSW.jpg","width":460,"height":259,"caption":"Bischofskonferenz warnt vor Wahl von AfD und BSW"},{"@type":"BreadcrumbList","@id":"https:\/\/now-news.de\/de\/deutschland\/bischofskonferenz-warnt-vor-wahl-von-afd-und-bsw\/#breadcrumb","itemListElement":[{"@type":"ListItem","position":1,"name":"Home","item":"https:\/\/now-news.de\/de\/"},{"@type":"ListItem","position":2,"name":"Bischofskonferenz warnt vor Wahl von AfD und BSW"}]},{"@type":"WebSite","@id":"https:\/\/now-news.de\/de\/#website","url":"https:\/\/now-news.de\/de\/","name":"just-now.NEWS Deutschland","description":"Das Portal f\u00fcr unzensierte Nachrichten aus der Welt","publisher":{"@id":"https:\/\/now-news.de\/de\/#organization"},"potentialAction":[{"@type":"SearchAction","target":{"@type":"EntryPoint","urlTemplate":"https:\/\/now-news.de\/de\/?s={search_term_string}"},"query-input":"required name=search_term_string"}],"inLanguage":"de"},{"@type":"Organization","@id":"https:\/\/now-news.de\/de\/#organization","name":"Just Now News","url":"https:\/\/now-news.de\/de\/","logo":{"@type":"ImageObject","inLanguage":"de","@id":"https:\/\/now-news.de\/de\/#\/schema\/logo\/image\/","url":"http:\/\/just-now.news\/de\/wp-content\/uploads\/sites\/3\/2022\/04\/logo500x500.jpg","contentUrl":"http:\/\/just-now.news\/de\/wp-content\/uploads\/sites\/3\/2022\/04\/logo500x500.jpg","width":500,"height":500,"caption":"Just Now News"},"image":{"@id":"https:\/\/now-news.de\/de\/#\/schema\/logo\/image\/"},"sameAs":["https:\/\/www.facebook.com\/wirmachenauf","https:\/\/x.com\/WirMachenAuf_de"]},{"@type":"Person","@id":"https:\/\/now-news.de\/de\/#\/schema\/person\/fb534a4e865501d8b3285208df34a9b5","name":"rtnews","image":{"@type":"ImageObject","inLanguage":"de","@id":"https:\/\/now-news.de\/de\/#\/schema\/person\/image\/","url":"https:\/\/secure.gravatar.com\/avatar\/82aafea7d8127119dd649515f56e2117?s=96&d=mm&r=g","contentUrl":"https:\/\/secure.gravatar.com\/avatar\/82aafea7d8127119dd649515f56e2117?s=96&d=mm&r=g","caption":"rtnews"},"url":"https:\/\/now-news.de\/de\/author\/rnews\/"}]}},"_links":{"self":[{"href":"https:\/\/now-news.de\/de\/wp-json\/wp\/v2\/posts\/67682"}],"collection":[{"href":"https:\/\/now-news.de\/de\/wp-json\/wp\/v2\/posts"}],"about":[{"href":"https:\/\/now-news.de\/de\/wp-json\/wp\/v2\/types\/post"}],"author":[{"embeddable":true,"href":"https:\/\/now-news.de\/de\/wp-json\/wp\/v2\/users\/3"}],"replies":[{"embeddable":true,"href":"https:\/\/now-news.de\/de\/wp-json\/wp\/v2\/comments?post=67682"}],"version-history":[{"count":0,"href":"https:\/\/now-news.de\/de\/wp-json\/wp\/v2\/posts\/67682\/revisions"}],"wp:featuredmedia":[{"embeddable":true,"href":"https:\/\/now-news.de\/de\/wp-json\/wp\/v2\/media\/67683"}],"wp:attachment":[{"href":"https:\/\/now-news.de\/de\/wp-json\/wp\/v2\/media?parent=67682"}],"wp:term":[{"taxonomy":"category","embeddable":true,"href":"https:\/\/now-news.de\/de\/wp-json\/wp\/v2\/categories?post=67682"},{"taxonomy":"post_tag","embeddable":true,"href":"https:\/\/now-news.de\/de\/wp-json\/wp\/v2\/tags?post=67682"}],"curies":[{"name":"wp","href":"https:\/\/api.w.org\/{rel}","templated":true}]}}