{"id":67680,"date":"2024-08-28T15:17:52","date_gmt":"2024-08-28T13:17:52","guid":{"rendered":"https:\/\/now-news.de\/de\/deutschland\/doppelmoral-im-westen-irans-oberster-fuehrer-aeussert-sich-zur-verhaftung-des-telegram-gruenders\/"},"modified":"2024-08-28T15:17:52","modified_gmt":"2024-08-28T13:17:52","slug":"doppelmoral-im-westen-irans-oberster-fuehrer-aeussert-sich-zur-verhaftung-des-telegram-gruenders","status":"publish","type":"post","link":"https:\/\/now-news.de\/de\/deutschland\/doppelmoral-im-westen-irans-oberster-fuehrer-aeussert-sich-zur-verhaftung-des-telegram-gruenders\/","title":{"rendered":"Doppelmoral im Westen: Irans oberster F\u00fchrer \u00e4u\u00dfert sich zur Verhaftung des Telegram-Gr\u00fcnders"},"content":{"rendered":"<p><img decoding=\"async\" src=\"https:\/\/now-news.de\/de\/wp-content\/uploads\/sites\/3\/2024\/08\/66ceff8cb480cc56fd2100c4.jpg\" \/><\/p>\n<div class=\"Text-root Text-type_1 \">\n                Die Verhaftung von Pawel Durow in Frankreich hat international eine intensive Debatte ausgel\u00f6st. Nun nimmt auch das Staatsoberhaupt des Iran Stellung zum Fall. Die ganze Welt brauche Regeln im virtuellen Raum, und nicht nur der Westen.\n            <\/div>\n<p><\/p>\n<div class=\"Text-root Text-type_5 ArticleView-text ViewText-root \">\n<p>Nachdem die franz\u00f6sischen Beh\u00f6rden den Telegram-Gr\u00fcnder Pawel Durow festgenommen hatten, \u00e4u\u00dferte sich\u00a0Irans Oberster F\u00fchrer Ajatollah Ali Chamenei am Dienstag bei einem Treffen mit dem\u00a0Kabinett\u00a0des\u00a0neuen\u00a0als reformorientiert geltenden Pr\u00e4sidenten Massud Peseschkian zur Regulierung des Cyberspace.<\/p>\n<p>&#8220;Das Gesetz muss im Cyberspace herrschen. Sehen Sie sich diesen armen jungen Mann an \u2013 die Franzosen haben ihn so fest im Griff, sie stecken ihn ins Gef\u00e4ngnis, sie drohen ihm 20 Jahre Haft an. Alles nur, weil er gegen das Gesetz versto\u00dfen hat&#8221;,\u00a0wird Chamenei\u00a0von den iranischen Nachrichtenagenturen zitiert. &#8220;Wenn es im virtuellen Raum keine Rechtsstaatlichkeit gibt, wird er unreguliert. Wenn es kein Gesetz gibt, sollte man eines entwickeln und auf der Grundlage dieses Gesetzes regieren. Die ganze Welt tut dies&#8221;, f\u00fcgte der iranische Anf\u00fchrer hinzu.<\/p>\n<p>Chamenei weist auf die Doppelmoral\u00a0im Westen hin, wenn westliche Staaten jegliche iranische Regelung zur Nutzung der westlichen sozialen Medien als\u00a0&#8220;Angriff\u00a0auf die\u00a0Meinungsfreiheit&#8221;\u00a0darstellen.<\/p>\n<p>Irans Oberster F\u00fchrer, Ajatollah Ali Chamenei, rief bei seiner Rede unter anderem zu neuen Investitionen in die K\u00fcnstliche Intelligenz (KI) auf und betonte gleichzeitig die j\u00fcngsten technologischen, wirtschaftlichen und milit\u00e4rischen Fortschritte Irans, berichtete\u00a0<em>Press TV<\/em>\u00a0am\u00a0Dienstag.<\/p>\n<p>&#8220;Einst war Iran f\u00fcr seine Teppiche und sein \u00d6l bekannt; heute ist Iran in der Welt f\u00fcr seine Wissenschaft, seinen milit\u00e4rischen Fortschritt, seine regionale Macht und seine strategische Tiefe bekannt&#8221;, sagte Chamenei bei\u00a0dem Treffen mit dem neuen iranischen Pr\u00e4sidenten Masoud Pezeshkian und seinem Kabinett.<\/p>\n<p>Der Oberste F\u00fchrer Irans hob die nat\u00fcrlichen Ressourcen, die geografische Lage, die klimatische Vielfalt und den Reichtum an menschlichen F\u00e4higkeiten, einschlie\u00dflich der Religion und des politischen Glaubens der iranischen Bev\u00f6lkerung, als wichtige Vorz\u00fcge des Landes hervor. &#8220;Dies ist die Chance, die uns zur Verf\u00fcgung steht. Die F\u00e4higkeit, die L\u00e4nder der Welt und der Region zu beeinflussen, ist keine Kleinigkeit. Dies ist eine sehr wichtige Angelegenheit&#8221;, erkl\u00e4rte er weiter.<\/p>\n<p><strong>Mehr zum Thema <\/strong>\u2013<strong><\/strong><a rel=\"nofollow noopener\" target=\"_blank\" href=\"https:\/\/de.rt.com\/international\/215708-chamenei-haelt-an-bestrafung-israels\/\">Chamenei h\u00e4lt an &#8220;Bestrafung&#8221; Israels fest: Katar-Verhandlungen sollen Fl\u00e4chenbrand noch abwenden<\/a><\/p>\n<div class=\"EmbedBlock-root EmbedBlock-externalVideo EmbedBlock-rumble\">\n<div class=\"VkEmbed\"><iframe class=\"lazyload\" data-src=\"https:\/\/rumble.com\/embed\/v5aabj1\" frameborder=\"0\" width=\"853\" height=\"480\" allowfullscreen><\/iframe><\/div>\n<\/div>\n<\/div>\n<p><br \/>\n<br \/><a href=\"https:\/\/de.rt.com\/der-nahe-osten\/217140-irans-oberster-fuehrer-aeussert-sich\/\">Source link <\/a><\/p>\n","protected":false},"excerpt":{"rendered":"<p>Die Verhaftung von Pawel Durow in Frankreich hat international eine intensive Debatte ausgel\u00f6st. Nun nimmt auch das Staatsoberhaupt des Iran Stellung zum Fall. Die ganze Welt brauche Regeln im virtuellen Raum, und nicht nur der Westen. Nachdem die franz\u00f6sischen Beh\u00f6rden den Telegram-Gr\u00fcnder Pawel Durow festgenommen hatten, \u00e4u\u00dferte sich\u00a0Irans Oberster F\u00fchrer Ajatollah Ali Chamenei am Dienstag [&hellip;]<\/p>\n","protected":false},"author":3,"featured_media":67681,"comment_status":"open","ping_status":"open","sticky":false,"template":"","format":"standard","meta":{"_yoast_indexnow_last_ping":["1724851663"],"wp_automatic_camp":["217"],"3abdf23e05635999bbbc226bd9b5e67b":["Doppelmoral im Westen: Irans oberster F\u00fchrer \u00e4u\u00dfert sich zur Verhaftung des Telegram-Gr\u00fcnders"],"original_link":["https:\/\/de.rt.com\/der-nahe-osten\/217140-irans-oberster-fuehrer-aeussert-sich\/"],"_thumbnail_id":["67681"],"jnews_social_counter_last_update":["1777285487"],"_wptgpro_p2tg_sent2tg":["a:1:{i:23737;s:19:\"2024-08-28 15:28:44\";}"]},"categories":[19,23],"tags":[10518,583,5977,4532,12414,17273,434,57878,22486,378,581],"yoast_head":"<!-- This site is optimized with the Yoast SEO Premium plugin v22.7 (Yoast SEO v22.7) - https:\/\/yoast.com\/wordpress\/plugins\/seo\/ -->\n<title>Doppelmoral im Westen: Irans oberster F\u00fchrer \u00e4u\u00dfert sich zur Verhaftung des Telegram-Gr\u00fcnders - just-now.NEWS Deutschland<\/title>\n<meta name=\"robots\" content=\"index, follow, max-snippet:-1, max-image-preview:large, max-video-preview:-1\" \/>\n<link rel=\"canonical\" href=\"https:\/\/now-news.de\/de\/deutschland\/doppelmoral-im-westen-irans-oberster-fuehrer-aeussert-sich-zur-verhaftung-des-telegram-gruenders\/\" \/>\n<meta property=\"og:locale\" content=\"de_DE\" \/>\n<meta property=\"og:type\" content=\"article\" \/>\n<meta property=\"og:title\" content=\"Doppelmoral im Westen: Irans oberster F\u00fchrer \u00e4u\u00dfert sich zur Verhaftung des Telegram-Gr\u00fcnders\" \/>\n<meta property=\"og:description\" content=\"Die Verhaftung von Pawel Durow in Frankreich hat international eine intensive Debatte ausgel\u00f6st. Nun nimmt auch das Staatsoberhaupt des Iran Stellung zum Fall. Die ganze Welt brauche Regeln im virtuellen Raum, und nicht nur der Westen. Nachdem die franz\u00f6sischen Beh\u00f6rden den Telegram-Gr\u00fcnder Pawel Durow festgenommen hatten, \u00e4u\u00dferte sich\u00a0Irans Oberster F\u00fchrer Ajatollah Ali Chamenei am Dienstag [&hellip;]\" \/>\n<meta property=\"og:url\" content=\"https:\/\/now-news.de\/de\/deutschland\/doppelmoral-im-westen-irans-oberster-fuehrer-aeussert-sich-zur-verhaftung-des-telegram-gruenders\/\" \/>\n<meta property=\"og:site_name\" content=\"just-now.NEWS Deutschland\" \/>\n<meta property=\"article:publisher\" content=\"https:\/\/www.facebook.com\/wirmachenauf\" \/>\n<meta property=\"article:published_time\" content=\"2024-08-28T13:17:52+00:00\" \/>\n<meta property=\"og:image\" content=\"https:\/\/now-news.de\/de\/wp-content\/uploads\/sites\/3\/2024\/08\/66ceff8cb480cc56fd2100c4.jpg\" \/>\n<meta name=\"author\" content=\"rtnews\" \/>\n<meta name=\"twitter:card\" content=\"summary_large_image\" \/>\n<meta name=\"twitter:creator\" content=\"@WirMachenAuf_de\" \/>\n<meta name=\"twitter:site\" content=\"@WirMachenAuf_de\" \/>\n<meta name=\"twitter:label1\" content=\"Verfasst von\" \/>\n\t<meta name=\"twitter:data1\" content=\"rtnews\" \/>\n\t<meta name=\"twitter:label2\" content=\"Gesch\u00e4tzte Lesezeit\" \/>\n\t<meta name=\"twitter:data2\" content=\"2\u00a0Minuten\" \/>\n<script type=\"application\/ld+json\" class=\"yoast-schema-graph\">{\"@context\":\"https:\/\/schema.org\",\"@graph\":[{\"@type\":\"Article\",\"@id\":\"https:\/\/now-news.de\/de\/deutschland\/doppelmoral-im-westen-irans-oberster-fuehrer-aeussert-sich-zur-verhaftung-des-telegram-gruenders\/#article\",\"isPartOf\":{\"@id\":\"https:\/\/now-news.de\/de\/deutschland\/doppelmoral-im-westen-irans-oberster-fuehrer-aeussert-sich-zur-verhaftung-des-telegram-gruenders\/\"},\"author\":{\"name\":\"rtnews\",\"@id\":\"https:\/\/now-news.de\/de\/#\/schema\/person\/fb534a4e865501d8b3285208df34a9b5\"},\"headline\":\"Doppelmoral im Westen: Irans oberster F\u00fchrer \u00e4u\u00dfert sich zur Verhaftung des Telegram-Gr\u00fcnders\",\"datePublished\":\"2024-08-28T13:17:52+00:00\",\"dateModified\":\"2024-08-28T13:17:52+00:00\",\"mainEntityOfPage\":{\"@id\":\"https:\/\/now-news.de\/de\/deutschland\/doppelmoral-im-westen-irans-oberster-fuehrer-aeussert-sich-zur-verhaftung-des-telegram-gruenders\/\"},\"wordCount\":399,\"commentCount\":0,\"publisher\":{\"@id\":\"https:\/\/now-news.de\/de\/#organization\"},\"image\":{\"@id\":\"https:\/\/now-news.de\/de\/deutschland\/doppelmoral-im-westen-irans-oberster-fuehrer-aeussert-sich-zur-verhaftung-des-telegram-gruenders\/#primaryimage\"},\"thumbnailUrl\":\"https:\/\/now-news.de\/de\/wp-content\/uploads\/sites\/3\/2024\/08\/Doppelmoral-im-Westen-Irans-oberster-Fuehrer-aeussert-sich-zur-Verhaftung.jpg\",\"keywords\":[\"\u00e4u\u00dfert\",\"des\",\"Doppelmoral\",\"F\u00fchrer\",\"Irans\",\"Oberster\",\"sich\",\"TelegramGr\u00fcnders\",\"Verhaftung\",\"Westen\",\"zur\"],\"articleSection\":[\"Deutschland\",\"Russland\"],\"inLanguage\":\"de\",\"potentialAction\":[{\"@type\":\"CommentAction\",\"name\":\"Comment\",\"target\":[\"https:\/\/now-news.de\/de\/deutschland\/doppelmoral-im-westen-irans-oberster-fuehrer-aeussert-sich-zur-verhaftung-des-telegram-gruenders\/#respond\"]}]},{\"@type\":\"WebPage\",\"@id\":\"https:\/\/now-news.de\/de\/deutschland\/doppelmoral-im-westen-irans-oberster-fuehrer-aeussert-sich-zur-verhaftung-des-telegram-gruenders\/\",\"url\":\"https:\/\/now-news.de\/de\/deutschland\/doppelmoral-im-westen-irans-oberster-fuehrer-aeussert-sich-zur-verhaftung-des-telegram-gruenders\/\",\"name\":\"Doppelmoral im Westen: Irans oberster F\u00fchrer \u00e4u\u00dfert sich zur Verhaftung des Telegram-Gr\u00fcnders - just-now.NEWS Deutschland\",\"isPartOf\":{\"@id\":\"https:\/\/now-news.de\/de\/#website\"},\"primaryImageOfPage\":{\"@id\":\"https:\/\/now-news.de\/de\/deutschland\/doppelmoral-im-westen-irans-oberster-fuehrer-aeussert-sich-zur-verhaftung-des-telegram-gruenders\/#primaryimage\"},\"image\":{\"@id\":\"https:\/\/now-news.de\/de\/deutschland\/doppelmoral-im-westen-irans-oberster-fuehrer-aeussert-sich-zur-verhaftung-des-telegram-gruenders\/#primaryimage\"},\"thumbnailUrl\":\"https:\/\/now-news.de\/de\/wp-content\/uploads\/sites\/3\/2024\/08\/Doppelmoral-im-Westen-Irans-oberster-Fuehrer-aeussert-sich-zur-Verhaftung.jpg\",\"datePublished\":\"2024-08-28T13:17:52+00:00\",\"dateModified\":\"2024-08-28T13:17:52+00:00\",\"breadcrumb\":{\"@id\":\"https:\/\/now-news.de\/de\/deutschland\/doppelmoral-im-westen-irans-oberster-fuehrer-aeussert-sich-zur-verhaftung-des-telegram-gruenders\/#breadcrumb\"},\"inLanguage\":\"de\",\"potentialAction\":[{\"@type\":\"ReadAction\",\"target\":[\"https:\/\/now-news.de\/de\/deutschland\/doppelmoral-im-westen-irans-oberster-fuehrer-aeussert-sich-zur-verhaftung-des-telegram-gruenders\/\"]}]},{\"@type\":\"ImageObject\",\"inLanguage\":\"de\",\"@id\":\"https:\/\/now-news.de\/de\/deutschland\/doppelmoral-im-westen-irans-oberster-fuehrer-aeussert-sich-zur-verhaftung-des-telegram-gruenders\/#primaryimage\",\"url\":\"https:\/\/now-news.de\/de\/wp-content\/uploads\/sites\/3\/2024\/08\/Doppelmoral-im-Westen-Irans-oberster-Fuehrer-aeussert-sich-zur-Verhaftung.jpg\",\"contentUrl\":\"https:\/\/now-news.de\/de\/wp-content\/uploads\/sites\/3\/2024\/08\/Doppelmoral-im-Westen-Irans-oberster-Fuehrer-aeussert-sich-zur-Verhaftung.jpg\",\"width\":460,\"height\":259,\"caption\":\"Doppelmoral im Westen: Irans oberster F\u00fchrer \u00e4u\u00dfert sich zur Verhaftung des Telegram-Gr\u00fcnders\"},{\"@type\":\"BreadcrumbList\",\"@id\":\"https:\/\/now-news.de\/de\/deutschland\/doppelmoral-im-westen-irans-oberster-fuehrer-aeussert-sich-zur-verhaftung-des-telegram-gruenders\/#breadcrumb\",\"itemListElement\":[{\"@type\":\"ListItem\",\"position\":1,\"name\":\"Home\",\"item\":\"https:\/\/now-news.de\/de\/\"},{\"@type\":\"ListItem\",\"position\":2,\"name\":\"Doppelmoral im Westen: Irans oberster F\u00fchrer \u00e4u\u00dfert sich zur Verhaftung des Telegram-Gr\u00fcnders\"}]},{\"@type\":\"WebSite\",\"@id\":\"https:\/\/now-news.de\/de\/#website\",\"url\":\"https:\/\/now-news.de\/de\/\",\"name\":\"just-now.NEWS Deutschland\",\"description\":\"Das Portal f\u00fcr unzensierte Nachrichten aus der Welt\",\"publisher\":{\"@id\":\"https:\/\/now-news.de\/de\/#organization\"},\"potentialAction\":[{\"@type\":\"SearchAction\",\"target\":{\"@type\":\"EntryPoint\",\"urlTemplate\":\"https:\/\/now-news.de\/de\/?s={search_term_string}\"},\"query-input\":\"required name=search_term_string\"}],\"inLanguage\":\"de\"},{\"@type\":\"Organization\",\"@id\":\"https:\/\/now-news.de\/de\/#organization\",\"name\":\"Just Now News\",\"url\":\"https:\/\/now-news.de\/de\/\",\"logo\":{\"@type\":\"ImageObject\",\"inLanguage\":\"de\",\"@id\":\"https:\/\/now-news.de\/de\/#\/schema\/logo\/image\/\",\"url\":\"http:\/\/just-now.news\/de\/wp-content\/uploads\/sites\/3\/2022\/04\/logo500x500.jpg\",\"contentUrl\":\"http:\/\/just-now.news\/de\/wp-content\/uploads\/sites\/3\/2022\/04\/logo500x500.jpg\",\"width\":500,\"height\":500,\"caption\":\"Just Now News\"},\"image\":{\"@id\":\"https:\/\/now-news.de\/de\/#\/schema\/logo\/image\/\"},\"sameAs\":[\"https:\/\/www.facebook.com\/wirmachenauf\",\"https:\/\/x.com\/WirMachenAuf_de\"]},{\"@type\":\"Person\",\"@id\":\"https:\/\/now-news.de\/de\/#\/schema\/person\/fb534a4e865501d8b3285208df34a9b5\",\"name\":\"rtnews\",\"image\":{\"@type\":\"ImageObject\",\"inLanguage\":\"de\",\"@id\":\"https:\/\/now-news.de\/de\/#\/schema\/person\/image\/\",\"url\":\"https:\/\/secure.gravatar.com\/avatar\/82aafea7d8127119dd649515f56e2117?s=96&d=mm&r=g\",\"contentUrl\":\"https:\/\/secure.gravatar.com\/avatar\/82aafea7d8127119dd649515f56e2117?s=96&d=mm&r=g\",\"caption\":\"rtnews\"},\"url\":\"https:\/\/now-news.de\/de\/author\/rnews\/\"}]}<\/script>\n<!-- \/ Yoast SEO Premium plugin. -->","yoast_head_json":{"title":"Doppelmoral im Westen: Irans oberster F\u00fchrer \u00e4u\u00dfert sich zur Verhaftung des Telegram-Gr\u00fcnders - just-now.NEWS Deutschland","robots":{"index":"index","follow":"follow","max-snippet":"max-snippet:-1","max-image-preview":"max-image-preview:large","max-video-preview":"max-video-preview:-1"},"canonical":"https:\/\/now-news.de\/de\/deutschland\/doppelmoral-im-westen-irans-oberster-fuehrer-aeussert-sich-zur-verhaftung-des-telegram-gruenders\/","og_locale":"de_DE","og_type":"article","og_title":"Doppelmoral im Westen: Irans oberster F\u00fchrer \u00e4u\u00dfert sich zur Verhaftung des Telegram-Gr\u00fcnders","og_description":"Die Verhaftung von Pawel Durow in Frankreich hat international eine intensive Debatte ausgel\u00f6st. Nun nimmt auch das Staatsoberhaupt des Iran Stellung zum Fall. Die ganze Welt brauche Regeln im virtuellen Raum, und nicht nur der Westen. Nachdem die franz\u00f6sischen Beh\u00f6rden den Telegram-Gr\u00fcnder Pawel Durow festgenommen hatten, \u00e4u\u00dferte sich\u00a0Irans Oberster F\u00fchrer Ajatollah Ali Chamenei am Dienstag [&hellip;]","og_url":"https:\/\/now-news.de\/de\/deutschland\/doppelmoral-im-westen-irans-oberster-fuehrer-aeussert-sich-zur-verhaftung-des-telegram-gruenders\/","og_site_name":"just-now.NEWS Deutschland","article_publisher":"https:\/\/www.facebook.com\/wirmachenauf","article_published_time":"2024-08-28T13:17:52+00:00","og_image":[{"url":"https:\/\/now-news.de\/de\/wp-content\/uploads\/sites\/3\/2024\/08\/66ceff8cb480cc56fd2100c4.jpg"}],"author":"rtnews","twitter_card":"summary_large_image","twitter_creator":"@WirMachenAuf_de","twitter_site":"@WirMachenAuf_de","twitter_misc":{"Verfasst von":"rtnews","Gesch\u00e4tzte Lesezeit":"2\u00a0Minuten"},"schema":{"@context":"https:\/\/schema.org","@graph":[{"@type":"Article","@id":"https:\/\/now-news.de\/de\/deutschland\/doppelmoral-im-westen-irans-oberster-fuehrer-aeussert-sich-zur-verhaftung-des-telegram-gruenders\/#article","isPartOf":{"@id":"https:\/\/now-news.de\/de\/deutschland\/doppelmoral-im-westen-irans-oberster-fuehrer-aeussert-sich-zur-verhaftung-des-telegram-gruenders\/"},"author":{"name":"rtnews","@id":"https:\/\/now-news.de\/de\/#\/schema\/person\/fb534a4e865501d8b3285208df34a9b5"},"headline":"Doppelmoral im Westen: Irans oberster F\u00fchrer \u00e4u\u00dfert sich zur Verhaftung des Telegram-Gr\u00fcnders","datePublished":"2024-08-28T13:17:52+00:00","dateModified":"2024-08-28T13:17:52+00:00","mainEntityOfPage":{"@id":"https:\/\/now-news.de\/de\/deutschland\/doppelmoral-im-westen-irans-oberster-fuehrer-aeussert-sich-zur-verhaftung-des-telegram-gruenders\/"},"wordCount":399,"commentCount":0,"publisher":{"@id":"https:\/\/now-news.de\/de\/#organization"},"image":{"@id":"https:\/\/now-news.de\/de\/deutschland\/doppelmoral-im-westen-irans-oberster-fuehrer-aeussert-sich-zur-verhaftung-des-telegram-gruenders\/#primaryimage"},"thumbnailUrl":"https:\/\/now-news.de\/de\/wp-content\/uploads\/sites\/3\/2024\/08\/Doppelmoral-im-Westen-Irans-oberster-Fuehrer-aeussert-sich-zur-Verhaftung.jpg","keywords":["\u00e4u\u00dfert","des","Doppelmoral","F\u00fchrer","Irans","Oberster","sich","TelegramGr\u00fcnders","Verhaftung","Westen","zur"],"articleSection":["Deutschland","Russland"],"inLanguage":"de","potentialAction":[{"@type":"CommentAction","name":"Comment","target":["https:\/\/now-news.de\/de\/deutschland\/doppelmoral-im-westen-irans-oberster-fuehrer-aeussert-sich-zur-verhaftung-des-telegram-gruenders\/#respond"]}]},{"@type":"WebPage","@id":"https:\/\/now-news.de\/de\/deutschland\/doppelmoral-im-westen-irans-oberster-fuehrer-aeussert-sich-zur-verhaftung-des-telegram-gruenders\/","url":"https:\/\/now-news.de\/de\/deutschland\/doppelmoral-im-westen-irans-oberster-fuehrer-aeussert-sich-zur-verhaftung-des-telegram-gruenders\/","name":"Doppelmoral im Westen: Irans oberster F\u00fchrer \u00e4u\u00dfert sich zur Verhaftung des Telegram-Gr\u00fcnders - just-now.NEWS Deutschland","isPartOf":{"@id":"https:\/\/now-news.de\/de\/#website"},"primaryImageOfPage":{"@id":"https:\/\/now-news.de\/de\/deutschland\/doppelmoral-im-westen-irans-oberster-fuehrer-aeussert-sich-zur-verhaftung-des-telegram-gruenders\/#primaryimage"},"image":{"@id":"https:\/\/now-news.de\/de\/deutschland\/doppelmoral-im-westen-irans-oberster-fuehrer-aeussert-sich-zur-verhaftung-des-telegram-gruenders\/#primaryimage"},"thumbnailUrl":"https:\/\/now-news.de\/de\/wp-content\/uploads\/sites\/3\/2024\/08\/Doppelmoral-im-Westen-Irans-oberster-Fuehrer-aeussert-sich-zur-Verhaftung.jpg","datePublished":"2024-08-28T13:17:52+00:00","dateModified":"2024-08-28T13:17:52+00:00","breadcrumb":{"@id":"https:\/\/now-news.de\/de\/deutschland\/doppelmoral-im-westen-irans-oberster-fuehrer-aeussert-sich-zur-verhaftung-des-telegram-gruenders\/#breadcrumb"},"inLanguage":"de","potentialAction":[{"@type":"ReadAction","target":["https:\/\/now-news.de\/de\/deutschland\/doppelmoral-im-westen-irans-oberster-fuehrer-aeussert-sich-zur-verhaftung-des-telegram-gruenders\/"]}]},{"@type":"ImageObject","inLanguage":"de","@id":"https:\/\/now-news.de\/de\/deutschland\/doppelmoral-im-westen-irans-oberster-fuehrer-aeussert-sich-zur-verhaftung-des-telegram-gruenders\/#primaryimage","url":"https:\/\/now-news.de\/de\/wp-content\/uploads\/sites\/3\/2024\/08\/Doppelmoral-im-Westen-Irans-oberster-Fuehrer-aeussert-sich-zur-Verhaftung.jpg","contentUrl":"https:\/\/now-news.de\/de\/wp-content\/uploads\/sites\/3\/2024\/08\/Doppelmoral-im-Westen-Irans-oberster-Fuehrer-aeussert-sich-zur-Verhaftung.jpg","width":460,"height":259,"caption":"Doppelmoral im Westen: Irans oberster F\u00fchrer \u00e4u\u00dfert sich zur Verhaftung des Telegram-Gr\u00fcnders"},{"@type":"BreadcrumbList","@id":"https:\/\/now-news.de\/de\/deutschland\/doppelmoral-im-westen-irans-oberster-fuehrer-aeussert-sich-zur-verhaftung-des-telegram-gruenders\/#breadcrumb","itemListElement":[{"@type":"ListItem","position":1,"name":"Home","item":"https:\/\/now-news.de\/de\/"},{"@type":"ListItem","position":2,"name":"Doppelmoral im Westen: Irans oberster F\u00fchrer \u00e4u\u00dfert sich zur Verhaftung des Telegram-Gr\u00fcnders"}]},{"@type":"WebSite","@id":"https:\/\/now-news.de\/de\/#website","url":"https:\/\/now-news.de\/de\/","name":"just-now.NEWS Deutschland","description":"Das Portal f\u00fcr unzensierte Nachrichten aus der Welt","publisher":{"@id":"https:\/\/now-news.de\/de\/#organization"},"potentialAction":[{"@type":"SearchAction","target":{"@type":"EntryPoint","urlTemplate":"https:\/\/now-news.de\/de\/?s={search_term_string}"},"query-input":"required name=search_term_string"}],"inLanguage":"de"},{"@type":"Organization","@id":"https:\/\/now-news.de\/de\/#organization","name":"Just Now News","url":"https:\/\/now-news.de\/de\/","logo":{"@type":"ImageObject","inLanguage":"de","@id":"https:\/\/now-news.de\/de\/#\/schema\/logo\/image\/","url":"http:\/\/just-now.news\/de\/wp-content\/uploads\/sites\/3\/2022\/04\/logo500x500.jpg","contentUrl":"http:\/\/just-now.news\/de\/wp-content\/uploads\/sites\/3\/2022\/04\/logo500x500.jpg","width":500,"height":500,"caption":"Just Now News"},"image":{"@id":"https:\/\/now-news.de\/de\/#\/schema\/logo\/image\/"},"sameAs":["https:\/\/www.facebook.com\/wirmachenauf","https:\/\/x.com\/WirMachenAuf_de"]},{"@type":"Person","@id":"https:\/\/now-news.de\/de\/#\/schema\/person\/fb534a4e865501d8b3285208df34a9b5","name":"rtnews","image":{"@type":"ImageObject","inLanguage":"de","@id":"https:\/\/now-news.de\/de\/#\/schema\/person\/image\/","url":"https:\/\/secure.gravatar.com\/avatar\/82aafea7d8127119dd649515f56e2117?s=96&d=mm&r=g","contentUrl":"https:\/\/secure.gravatar.com\/avatar\/82aafea7d8127119dd649515f56e2117?s=96&d=mm&r=g","caption":"rtnews"},"url":"https:\/\/now-news.de\/de\/author\/rnews\/"}]}},"_links":{"self":[{"href":"https:\/\/now-news.de\/de\/wp-json\/wp\/v2\/posts\/67680"}],"collection":[{"href":"https:\/\/now-news.de\/de\/wp-json\/wp\/v2\/posts"}],"about":[{"href":"https:\/\/now-news.de\/de\/wp-json\/wp\/v2\/types\/post"}],"author":[{"embeddable":true,"href":"https:\/\/now-news.de\/de\/wp-json\/wp\/v2\/users\/3"}],"replies":[{"embeddable":true,"href":"https:\/\/now-news.de\/de\/wp-json\/wp\/v2\/comments?post=67680"}],"version-history":[{"count":0,"href":"https:\/\/now-news.de\/de\/wp-json\/wp\/v2\/posts\/67680\/revisions"}],"wp:featuredmedia":[{"embeddable":true,"href":"https:\/\/now-news.de\/de\/wp-json\/wp\/v2\/media\/67681"}],"wp:attachment":[{"href":"https:\/\/now-news.de\/de\/wp-json\/wp\/v2\/media?parent=67680"}],"wp:term":[{"taxonomy":"category","embeddable":true,"href":"https:\/\/now-news.de\/de\/wp-json\/wp\/v2\/categories?post=67680"},{"taxonomy":"post_tag","embeddable":true,"href":"https:\/\/now-news.de\/de\/wp-json\/wp\/v2\/tags?post=67680"}],"curies":[{"name":"wp","href":"https:\/\/api.w.org\/{rel}","templated":true}]}}