{"id":67673,"date":"2024-08-28T13:02:29","date_gmt":"2024-08-28T11:02:29","guid":{"rendered":"https:\/\/now-news.de\/de\/deutschland\/krankenhaeuser-abgeriegelt-israel-beginnt-im-westjordanland-grossangelegte-operation\/"},"modified":"2024-08-28T13:02:29","modified_gmt":"2024-08-28T11:02:29","slug":"krankenhaeuser-abgeriegelt-israel-beginnt-im-westjordanland-grossangelegte-operation","status":"publish","type":"post","link":"https:\/\/now-news.de\/de\/deutschland\/krankenhaeuser-abgeriegelt-israel-beginnt-im-westjordanland-grossangelegte-operation\/","title":{"rendered":"Krankenh\u00e4user abgeriegelt: Israel beginnt im Westjordanland gro\u00dfangelegte Operation"},"content":{"rendered":"<p><img decoding=\"async\" src=\"https:\/\/now-news.de\/de\/wp-content\/uploads\/sites\/3\/2024\/08\/66cee9bb48fbef50863e2188.jpg\" \/><\/p>\n<div class=\"Text-root Text-type_1 \">\n                Israel erkl\u00e4rt offenbar einen Krieg gegen pal\u00e4stinensische Milizen im Westjordanland. Der Au\u00dfenminister Katz forderte vor\u00fcbergehende Evakuierung der pal\u00e4stinensischen Bewohner und aller erforderlichen Ma\u00dfnahmen in der Westbank.\n            <\/div>\n<p><\/p>\n<div class=\"Text-root Text-type_5 ArticleView-text ViewText-root \">\n<p>Bei einer israelischen Gro\u00dfoffensive in Dschenin, Tulkarm und Tubas im besetzten Westjordanland sind nach Angaben der pal\u00e4stinensischen Gesundheitsbeh\u00f6rden am Mittwoch mindestens neun Menschen get\u00f6tet worden.<\/p>\n<p>Seit dem Beginn des Krieges zwischen Israel und der Hamas im Gazastreifen haben die Zusammenst\u00f6\u00dfe im Westjordanland stark zugenommen. Israel ist verst\u00e4rkt gegen bewaffnete militante Gruppen in dem Gebiet vorgegangen, und auch j\u00fcdische Siedler haben immer wieder Angriffe auf pal\u00e4stinensische Gemeinden im Stil der Selbstjustiz ver\u00fcbt.<\/p>\n<p data-v-755f0215=\"\" data-v-774959dd=\"\">Israelische Sicherheitskr\u00e4fte waren nach pal\u00e4stinensischen Angaben gegen Mitternacht am\u00a0Mittwoch koordiniert in die drei Orte einger\u00fcckt. Weite Teile der St\u00e4dte seien abgeriegelt worden, darunter auch mehrere Krankenh\u00e4user. Aus israelischen Quellen hie\u00df es, die Operationen k\u00f6nnten mehrere Tage andauern.<\/p>\n<p data-v-755f0215=\"\" data-v-774959dd=\"\">Die israelischen Medien bezeichnen diese Operation, an der Berichten zufolge Tausende Soldaten beteiligt sein werden und die mehrere Tage dauern wird, als die gr\u00f6\u00dfte Milit\u00e4roperation im besetzten Westjordanland seit 2002.<\/p>\n<div class=\"EmbedBlock-root EmbedBlock-twitter\">\n<div class=\"TwitterEmbed\">\n<blockquote class=\"twitter-tweet lazyload\" data-twitter=\"twitter-tweet\">\n<p lang=\"en\" dir=\"ltr\">Israeli media announces this invasion, which will reportedly involve thousands of soldiers and last for days, as the largest military operation in the occupied West Bank since 2002.Yedioth Ahronoth reports that the army plans to evacuate civilian neighborhoods in order to\u2026 <a rel=\"nofollow noopener\" target=\"_blank\" href=\"https:\/\/t.co\/TLjr6qJlrB\">pic.twitter.com\/TLjr6qJlrB<\/a><\/p>\n<p>\u2014 The Cradle (@TheCradleMedia) <a rel=\"nofollow noopener\" target=\"_blank\" href=\"https:\/\/twitter.com\/TheCradleMedia\/status\/1828580243411480973?ref_src=twsrc%5Etfw\">August 27, 2024<\/a><\/p><\/blockquote>\n<\/div>\n<\/div>\n<p>Die Hamas rief die Pal\u00e4stinenser in der Westbank auf, sich gegen die Besatzer zu erheben. Sie erkl\u00e4rte, die Razzien seien Teil eines gr\u00f6\u00dferen Plans zur Ausweitung des Krieges im Gazastreifen und machte die US-Unterst\u00fctzung f\u00fcr Israel f\u00fcr die Eskalation verantwortlich.<\/p>\n<p>Die bewaffneten Fl\u00fcgel der Hamas, des Islamischen Dschihad und der Fatah verk\u00fcndeten zudem in getrennten Erkl\u00e4rungen, dass ihre Bewaffneten im Kampf gegen die israelischen Streitkr\u00e4fte in den drei Gebieten im Westjordanland Bomben gegen israelische Milit\u00e4rfahrzeuge gez\u00fcndet h\u00e4tten.<\/p>\n<p>Der Islamische Dschihad warnte, Israel versuche, den Konflikt vom Gazastreifen auf das Westjordanland auszuweiten, und f\u00fcgte hinzu, dass seine K\u00e4mpfer im Nahkampf mit israelischen Truppen Maschinengewehre einsetzen und mit Sprengstoff auf milit\u00e4rische Bulldozer zielen werden.<\/p>\n<p>Israels Au\u00dfenminister Israel Katz warf Iran vor, im Westjordanland ein &#8220;Terrornetzwerk&#8221; nach dem Vorbild Libanons und des Gazastreifens aufzubauen. Er forderte, die Kampfzonen in der Westbank vor\u00fcbergehend zu evakuieren.<\/p>\n<div class=\"EmbedBlock-root EmbedBlock-twitter\">\n<div class=\"TwitterEmbed\">\n<blockquote class=\"twitter-tweet lazyload\" data-twitter=\"twitter-tweet\">\n<p lang=\"iw\" dir=\"rtl\">\u05e6\u05d4&#8221;\u05dc \u05e4\u05d5\u05e2\u05dc \u05de\u05d4\u05dc\u05d9\u05dc\u05d4 \u05d1\u05e2\u05d5\u05e6\u05de\u05d4 \u05d1\u05de\u05d7\u05e0\u05d5\u05ea \u05d4\u05e4\u05dc\u05d9\u05d8\u05d9\u05dd \u05d2&#8217;\u05e0\u05d9\u05df \u05d5\u05d8\u05d5\u05dc \u05db\u05e8\u05dd \u05dc\u05e1\u05d9\u05db\u05d5\u05dc \u05ea\u05e9\u05ea\u05d9\u05d5\u05ea \u05d8\u05e8\u05d5\u05e8 \u05d0\u05d9\u05e1\u05dc\u05de\u05d9\u05d5\u05ea-\u05d0\u05d9\u05e8\u05e0\u05d9\u05d5\u05ea \u05e9\u05d4\u05d5\u05e7\u05de\u05d5 \u05d1\u05de\u05e7\u05d5\u05dd. \u05d0\u05d9\u05e8\u05d0\u05df \u05e4\u05d5\u05e2\u05dc\u05ea \u05dc\u05d4\u05e7\u05d9\u05dd \u05d7\u05d6\u05d9\u05ea \u05d8\u05e8\u05d5\u05e8 \u05de\u05d6\u05e8\u05d7\u05d9\u05ea \u05e0\u05d2\u05d3 \u05d9\u05e9\u05e8\u05d0\u05dc \u05d1\u05d9\u05d5&#8221;\u05e9, \u05dc\u05e4\u05d9 \u05de\u05d5\u05d3\u05dc \u05e2\u05d6\u05d4 \u05d5\u05dc\u05d1\u05e0\u05d5\u05df, \u05d1\u05d0\u05de\u05e6\u05e2\u05d5\u05ea \u05de\u05d9\u05de\u05d5\u05df \u05d5\u05d7\u05d9\u05de\u05d5\u05e9 \u05de\u05d7\u05d1\u05dc\u05d9\u05dd \u05d5\u05d4\u05d1\u05e8\u05d7\u05ea \u05e0\u05e9\u05e7 \u05de\u05ea\u05e7\u05d3\u05dd \u05de\u05d9\u05e8\u05d3\u05df.\u05e2\u05dc\u05d9\u05e0\u05d5 \u05dc\u05d8\u05e4\u05dc \u05d1\u05d0\u05d9\u05d5\u05dd \u05d1\u05d3\u05d9\u05d5\u05e7 \u05db\u05e4\u05d9 \u05e9\u05de\u05d8\u05e4\u05dc\u05d9\u05dd \u05d1\u05ea\u05e9\u05ea\u05d9\u05d5\u05ea \u05d4\u05d8\u05e8\u05d5\u05e8\u2026<\/p>\n<p>\u2014 \u05d9\u05e9\u05e8\u05d0\u05dc \u05db\u201d\u05e5 Israel Katz (@Israel_katz) <a rel=\"nofollow noopener\" target=\"_blank\" href=\"https:\/\/twitter.com\/Israel_katz\/status\/1828654399360586025?ref_src=twsrc%5Etfw\">August 28, 2024<\/a><\/p><\/blockquote>\n<\/div>\n<\/div>\n<p data-v-755f0215=\"\" data-v-774959dd=\"\">Hintergrund der neuen israelischen Operation ist offenbar der versuchte Selbstmordanschlag vom 18. August in Tel Aviv. Damals war ein Mann aus Nablus auf einem B\u00fcrgersteig in Tel Aviv ums Leben gekommen, als eine Bombe in seinem Rucksack detonierte. Offenbar hatte der Mann einen Anschlag aus\u00fcben wollen, doch wurde der Sprengsatz vorzeitig gez\u00fcndet. Ein israelischer Passant wurde bei dem Vorfall verletzt. Hamas und Islamischer Dschihad reklamierten die Tat f\u00fcr sich. Israelische Sicherheitsbeh\u00f6rden vermuten die Hinterm\u00e4nner des Anschlags in Nablus und Umgebung.<\/p>\n<p data-v-755f0215=\"\" data-v-774959dd=\"\"><strong>Mehr zum Thema<\/strong> \u2013 <a rel=\"nofollow noopener\" target=\"_blank\" href=\"https:\/\/freedert.online\/meinung\/217006-israel-und-ukraine-botschafter-westlichen\/\">Israel und die Ukraine &#8211; &#8220;Botschafter&#8221; des westlichen Faschismus<\/a><\/p>\n<div class=\"EmbedBlock-root EmbedBlock-externalVideo EmbedBlock-rumble\">\n<div class=\"VkEmbed\"><iframe class=\"lazyload\" data-src=\"https:\/\/rumble.com\/embed\/v59go25\" frameborder=\"0\" width=\"853\" height=\"480\" allowfullscreen><\/iframe><\/div>\n<\/div>\n<\/div>\n<p><script async src=\"https:\/\/platform.twitter.com\/widgets.js\" charset=\"utf-8\"><\/script><br \/>\n<br \/><br \/>\n<br \/><a href=\"https:\/\/de.rt.com\/der-nahe-osten\/217119-israel-beginnt-im-westjordanland-grossangelegte\/\">Source link <\/a><\/p>\n","protected":false},"excerpt":{"rendered":"<p>Israel erkl\u00e4rt offenbar einen Krieg gegen pal\u00e4stinensische Milizen im Westjordanland. Der Au\u00dfenminister Katz forderte vor\u00fcbergehende Evakuierung der pal\u00e4stinensischen Bewohner und aller erforderlichen Ma\u00dfnahmen in der Westbank. Bei einer israelischen Gro\u00dfoffensive in Dschenin, Tulkarm und Tubas im besetzten Westjordanland sind nach Angaben der pal\u00e4stinensischen Gesundheitsbeh\u00f6rden am Mittwoch mindestens neun Menschen get\u00f6tet worden. Seit dem Beginn des [&hellip;]<\/p>\n","protected":false},"author":3,"featured_media":67674,"comment_status":"open","ping_status":"open","sticky":false,"template":"","format":"standard","meta":{"_yoast_indexnow_last_ping":["1724847838"],"wp_automatic_camp":["217"],"b6d63224a08b1af33fc9d6890b10759d":["Krankenh\u00e4user abgeriegelt: Israel beginnt im Westjordanland gro\u00dfangelegte Operation"],"original_link":["https:\/\/de.rt.com\/der-nahe-osten\/217119-israel-beginnt-im-westjordanland-grossangelegte\/"],"_thumbnail_id":["67674"],"jnews_social_counter_last_update":["1777302547"],"_wptgpro_p2tg_sent2tg":["a:1:{i:23737;s:19:\"2024-08-28 14:25:03\";}"]},"categories":[19,23],"tags":[22161,490,35296,432,9099,10676,15698],"yoast_head":"<!-- This site is optimized with the Yoast SEO Premium plugin v22.7 (Yoast SEO v22.7) - https:\/\/yoast.com\/wordpress\/plugins\/seo\/ -->\n<title>Krankenh\u00e4user abgeriegelt: Israel beginnt im Westjordanland gro\u00dfangelegte Operation - just-now.NEWS Deutschland<\/title>\n<meta name=\"robots\" content=\"index, follow, max-snippet:-1, max-image-preview:large, max-video-preview:-1\" \/>\n<link rel=\"canonical\" href=\"https:\/\/now-news.de\/de\/deutschland\/krankenhaeuser-abgeriegelt-israel-beginnt-im-westjordanland-grossangelegte-operation\/\" \/>\n<meta property=\"og:locale\" content=\"de_DE\" \/>\n<meta property=\"og:type\" content=\"article\" \/>\n<meta property=\"og:title\" content=\"Krankenh\u00e4user abgeriegelt: Israel beginnt im Westjordanland gro\u00dfangelegte Operation\" \/>\n<meta property=\"og:description\" content=\"Israel erkl\u00e4rt offenbar einen Krieg gegen pal\u00e4stinensische Milizen im Westjordanland. Der Au\u00dfenminister Katz forderte vor\u00fcbergehende Evakuierung der pal\u00e4stinensischen Bewohner und aller erforderlichen Ma\u00dfnahmen in der Westbank. Bei einer israelischen Gro\u00dfoffensive in Dschenin, Tulkarm und Tubas im besetzten Westjordanland sind nach Angaben der pal\u00e4stinensischen Gesundheitsbeh\u00f6rden am Mittwoch mindestens neun Menschen get\u00f6tet worden. Seit dem Beginn des [&hellip;]\" \/>\n<meta property=\"og:url\" content=\"https:\/\/now-news.de\/de\/deutschland\/krankenhaeuser-abgeriegelt-israel-beginnt-im-westjordanland-grossangelegte-operation\/\" \/>\n<meta property=\"og:site_name\" content=\"just-now.NEWS Deutschland\" \/>\n<meta property=\"article:publisher\" content=\"https:\/\/www.facebook.com\/wirmachenauf\" \/>\n<meta property=\"article:published_time\" content=\"2024-08-28T11:02:29+00:00\" \/>\n<meta property=\"og:image\" content=\"https:\/\/now-news.de\/de\/wp-content\/uploads\/sites\/3\/2024\/08\/66cee9bb48fbef50863e2188.jpg\" \/>\n<meta name=\"author\" content=\"rtnews\" \/>\n<meta name=\"twitter:card\" content=\"summary_large_image\" \/>\n<meta name=\"twitter:creator\" content=\"@WirMachenAuf_de\" \/>\n<meta name=\"twitter:site\" content=\"@WirMachenAuf_de\" \/>\n<meta name=\"twitter:label1\" content=\"Verfasst von\" \/>\n\t<meta name=\"twitter:data1\" content=\"rtnews\" \/>\n\t<meta name=\"twitter:label2\" content=\"Gesch\u00e4tzte Lesezeit\" \/>\n\t<meta name=\"twitter:data2\" content=\"3\u00a0Minuten\" \/>\n<script type=\"application\/ld+json\" class=\"yoast-schema-graph\">{\"@context\":\"https:\/\/schema.org\",\"@graph\":[{\"@type\":\"Article\",\"@id\":\"https:\/\/now-news.de\/de\/deutschland\/krankenhaeuser-abgeriegelt-israel-beginnt-im-westjordanland-grossangelegte-operation\/#article\",\"isPartOf\":{\"@id\":\"https:\/\/now-news.de\/de\/deutschland\/krankenhaeuser-abgeriegelt-israel-beginnt-im-westjordanland-grossangelegte-operation\/\"},\"author\":{\"name\":\"rtnews\",\"@id\":\"https:\/\/now-news.de\/de\/#\/schema\/person\/fb534a4e865501d8b3285208df34a9b5\"},\"headline\":\"Krankenh\u00e4user abgeriegelt: Israel beginnt im Westjordanland gro\u00dfangelegte Operation\",\"datePublished\":\"2024-08-28T11:02:29+00:00\",\"dateModified\":\"2024-08-28T11:02:29+00:00\",\"mainEntityOfPage\":{\"@id\":\"https:\/\/now-news.de\/de\/deutschland\/krankenhaeuser-abgeriegelt-israel-beginnt-im-westjordanland-grossangelegte-operation\/\"},\"wordCount\":512,\"commentCount\":0,\"publisher\":{\"@id\":\"https:\/\/now-news.de\/de\/#organization\"},\"image\":{\"@id\":\"https:\/\/now-news.de\/de\/deutschland\/krankenhaeuser-abgeriegelt-israel-beginnt-im-westjordanland-grossangelegte-operation\/#primaryimage\"},\"thumbnailUrl\":\"https:\/\/now-news.de\/de\/wp-content\/uploads\/sites\/3\/2024\/08\/Krankenhaeuser-abgeriegelt-Israel-beginnt-im-Westjordanland-grossangelegte-Operation.jpg\",\"keywords\":[\"abgeriegelt\",\"beginnt\",\"gro\u00dfangelegte\",\"Israel\",\"Krankenh\u00e4user\",\"Operation\",\"Westjordanland\"],\"articleSection\":[\"Deutschland\",\"Russland\"],\"inLanguage\":\"de\",\"potentialAction\":[{\"@type\":\"CommentAction\",\"name\":\"Comment\",\"target\":[\"https:\/\/now-news.de\/de\/deutschland\/krankenhaeuser-abgeriegelt-israel-beginnt-im-westjordanland-grossangelegte-operation\/#respond\"]}]},{\"@type\":\"WebPage\",\"@id\":\"https:\/\/now-news.de\/de\/deutschland\/krankenhaeuser-abgeriegelt-israel-beginnt-im-westjordanland-grossangelegte-operation\/\",\"url\":\"https:\/\/now-news.de\/de\/deutschland\/krankenhaeuser-abgeriegelt-israel-beginnt-im-westjordanland-grossangelegte-operation\/\",\"name\":\"Krankenh\u00e4user abgeriegelt: Israel beginnt im Westjordanland gro\u00dfangelegte Operation - just-now.NEWS Deutschland\",\"isPartOf\":{\"@id\":\"https:\/\/now-news.de\/de\/#website\"},\"primaryImageOfPage\":{\"@id\":\"https:\/\/now-news.de\/de\/deutschland\/krankenhaeuser-abgeriegelt-israel-beginnt-im-westjordanland-grossangelegte-operation\/#primaryimage\"},\"image\":{\"@id\":\"https:\/\/now-news.de\/de\/deutschland\/krankenhaeuser-abgeriegelt-israel-beginnt-im-westjordanland-grossangelegte-operation\/#primaryimage\"},\"thumbnailUrl\":\"https:\/\/now-news.de\/de\/wp-content\/uploads\/sites\/3\/2024\/08\/Krankenhaeuser-abgeriegelt-Israel-beginnt-im-Westjordanland-grossangelegte-Operation.jpg\",\"datePublished\":\"2024-08-28T11:02:29+00:00\",\"dateModified\":\"2024-08-28T11:02:29+00:00\",\"breadcrumb\":{\"@id\":\"https:\/\/now-news.de\/de\/deutschland\/krankenhaeuser-abgeriegelt-israel-beginnt-im-westjordanland-grossangelegte-operation\/#breadcrumb\"},\"inLanguage\":\"de\",\"potentialAction\":[{\"@type\":\"ReadAction\",\"target\":[\"https:\/\/now-news.de\/de\/deutschland\/krankenhaeuser-abgeriegelt-israel-beginnt-im-westjordanland-grossangelegte-operation\/\"]}]},{\"@type\":\"ImageObject\",\"inLanguage\":\"de\",\"@id\":\"https:\/\/now-news.de\/de\/deutschland\/krankenhaeuser-abgeriegelt-israel-beginnt-im-westjordanland-grossangelegte-operation\/#primaryimage\",\"url\":\"https:\/\/now-news.de\/de\/wp-content\/uploads\/sites\/3\/2024\/08\/Krankenhaeuser-abgeriegelt-Israel-beginnt-im-Westjordanland-grossangelegte-Operation.jpg\",\"contentUrl\":\"https:\/\/now-news.de\/de\/wp-content\/uploads\/sites\/3\/2024\/08\/Krankenhaeuser-abgeriegelt-Israel-beginnt-im-Westjordanland-grossangelegte-Operation.jpg\",\"width\":460,\"height\":259,\"caption\":\"Krankenh\u00e4user abgeriegelt: Israel beginnt im Westjordanland gro\u00dfangelegte Operation\"},{\"@type\":\"BreadcrumbList\",\"@id\":\"https:\/\/now-news.de\/de\/deutschland\/krankenhaeuser-abgeriegelt-israel-beginnt-im-westjordanland-grossangelegte-operation\/#breadcrumb\",\"itemListElement\":[{\"@type\":\"ListItem\",\"position\":1,\"name\":\"Home\",\"item\":\"https:\/\/now-news.de\/de\/\"},{\"@type\":\"ListItem\",\"position\":2,\"name\":\"Krankenh\u00e4user abgeriegelt: Israel beginnt im Westjordanland gro\u00dfangelegte Operation\"}]},{\"@type\":\"WebSite\",\"@id\":\"https:\/\/now-news.de\/de\/#website\",\"url\":\"https:\/\/now-news.de\/de\/\",\"name\":\"just-now.NEWS Deutschland\",\"description\":\"Das Portal f\u00fcr unzensierte Nachrichten aus der Welt\",\"publisher\":{\"@id\":\"https:\/\/now-news.de\/de\/#organization\"},\"potentialAction\":[{\"@type\":\"SearchAction\",\"target\":{\"@type\":\"EntryPoint\",\"urlTemplate\":\"https:\/\/now-news.de\/de\/?s={search_term_string}\"},\"query-input\":\"required name=search_term_string\"}],\"inLanguage\":\"de\"},{\"@type\":\"Organization\",\"@id\":\"https:\/\/now-news.de\/de\/#organization\",\"name\":\"Just Now News\",\"url\":\"https:\/\/now-news.de\/de\/\",\"logo\":{\"@type\":\"ImageObject\",\"inLanguage\":\"de\",\"@id\":\"https:\/\/now-news.de\/de\/#\/schema\/logo\/image\/\",\"url\":\"http:\/\/just-now.news\/de\/wp-content\/uploads\/sites\/3\/2022\/04\/logo500x500.jpg\",\"contentUrl\":\"http:\/\/just-now.news\/de\/wp-content\/uploads\/sites\/3\/2022\/04\/logo500x500.jpg\",\"width\":500,\"height\":500,\"caption\":\"Just Now News\"},\"image\":{\"@id\":\"https:\/\/now-news.de\/de\/#\/schema\/logo\/image\/\"},\"sameAs\":[\"https:\/\/www.facebook.com\/wirmachenauf\",\"https:\/\/x.com\/WirMachenAuf_de\"]},{\"@type\":\"Person\",\"@id\":\"https:\/\/now-news.de\/de\/#\/schema\/person\/fb534a4e865501d8b3285208df34a9b5\",\"name\":\"rtnews\",\"image\":{\"@type\":\"ImageObject\",\"inLanguage\":\"de\",\"@id\":\"https:\/\/now-news.de\/de\/#\/schema\/person\/image\/\",\"url\":\"https:\/\/secure.gravatar.com\/avatar\/82aafea7d8127119dd649515f56e2117?s=96&d=mm&r=g\",\"contentUrl\":\"https:\/\/secure.gravatar.com\/avatar\/82aafea7d8127119dd649515f56e2117?s=96&d=mm&r=g\",\"caption\":\"rtnews\"},\"url\":\"https:\/\/now-news.de\/de\/author\/rnews\/\"}]}<\/script>\n<!-- \/ Yoast SEO Premium plugin. -->","yoast_head_json":{"title":"Krankenh\u00e4user abgeriegelt: Israel beginnt im Westjordanland gro\u00dfangelegte Operation - just-now.NEWS Deutschland","robots":{"index":"index","follow":"follow","max-snippet":"max-snippet:-1","max-image-preview":"max-image-preview:large","max-video-preview":"max-video-preview:-1"},"canonical":"https:\/\/now-news.de\/de\/deutschland\/krankenhaeuser-abgeriegelt-israel-beginnt-im-westjordanland-grossangelegte-operation\/","og_locale":"de_DE","og_type":"article","og_title":"Krankenh\u00e4user abgeriegelt: Israel beginnt im Westjordanland gro\u00dfangelegte Operation","og_description":"Israel erkl\u00e4rt offenbar einen Krieg gegen pal\u00e4stinensische Milizen im Westjordanland. Der Au\u00dfenminister Katz forderte vor\u00fcbergehende Evakuierung der pal\u00e4stinensischen Bewohner und aller erforderlichen Ma\u00dfnahmen in der Westbank. Bei einer israelischen Gro\u00dfoffensive in Dschenin, Tulkarm und Tubas im besetzten Westjordanland sind nach Angaben der pal\u00e4stinensischen Gesundheitsbeh\u00f6rden am Mittwoch mindestens neun Menschen get\u00f6tet worden. Seit dem Beginn des [&hellip;]","og_url":"https:\/\/now-news.de\/de\/deutschland\/krankenhaeuser-abgeriegelt-israel-beginnt-im-westjordanland-grossangelegte-operation\/","og_site_name":"just-now.NEWS Deutschland","article_publisher":"https:\/\/www.facebook.com\/wirmachenauf","article_published_time":"2024-08-28T11:02:29+00:00","og_image":[{"url":"https:\/\/now-news.de\/de\/wp-content\/uploads\/sites\/3\/2024\/08\/66cee9bb48fbef50863e2188.jpg"}],"author":"rtnews","twitter_card":"summary_large_image","twitter_creator":"@WirMachenAuf_de","twitter_site":"@WirMachenAuf_de","twitter_misc":{"Verfasst von":"rtnews","Gesch\u00e4tzte Lesezeit":"3\u00a0Minuten"},"schema":{"@context":"https:\/\/schema.org","@graph":[{"@type":"Article","@id":"https:\/\/now-news.de\/de\/deutschland\/krankenhaeuser-abgeriegelt-israel-beginnt-im-westjordanland-grossangelegte-operation\/#article","isPartOf":{"@id":"https:\/\/now-news.de\/de\/deutschland\/krankenhaeuser-abgeriegelt-israel-beginnt-im-westjordanland-grossangelegte-operation\/"},"author":{"name":"rtnews","@id":"https:\/\/now-news.de\/de\/#\/schema\/person\/fb534a4e865501d8b3285208df34a9b5"},"headline":"Krankenh\u00e4user abgeriegelt: Israel beginnt im Westjordanland gro\u00dfangelegte Operation","datePublished":"2024-08-28T11:02:29+00:00","dateModified":"2024-08-28T11:02:29+00:00","mainEntityOfPage":{"@id":"https:\/\/now-news.de\/de\/deutschland\/krankenhaeuser-abgeriegelt-israel-beginnt-im-westjordanland-grossangelegte-operation\/"},"wordCount":512,"commentCount":0,"publisher":{"@id":"https:\/\/now-news.de\/de\/#organization"},"image":{"@id":"https:\/\/now-news.de\/de\/deutschland\/krankenhaeuser-abgeriegelt-israel-beginnt-im-westjordanland-grossangelegte-operation\/#primaryimage"},"thumbnailUrl":"https:\/\/now-news.de\/de\/wp-content\/uploads\/sites\/3\/2024\/08\/Krankenhaeuser-abgeriegelt-Israel-beginnt-im-Westjordanland-grossangelegte-Operation.jpg","keywords":["abgeriegelt","beginnt","gro\u00dfangelegte","Israel","Krankenh\u00e4user","Operation","Westjordanland"],"articleSection":["Deutschland","Russland"],"inLanguage":"de","potentialAction":[{"@type":"CommentAction","name":"Comment","target":["https:\/\/now-news.de\/de\/deutschland\/krankenhaeuser-abgeriegelt-israel-beginnt-im-westjordanland-grossangelegte-operation\/#respond"]}]},{"@type":"WebPage","@id":"https:\/\/now-news.de\/de\/deutschland\/krankenhaeuser-abgeriegelt-israel-beginnt-im-westjordanland-grossangelegte-operation\/","url":"https:\/\/now-news.de\/de\/deutschland\/krankenhaeuser-abgeriegelt-israel-beginnt-im-westjordanland-grossangelegte-operation\/","name":"Krankenh\u00e4user abgeriegelt: Israel beginnt im Westjordanland gro\u00dfangelegte Operation - just-now.NEWS Deutschland","isPartOf":{"@id":"https:\/\/now-news.de\/de\/#website"},"primaryImageOfPage":{"@id":"https:\/\/now-news.de\/de\/deutschland\/krankenhaeuser-abgeriegelt-israel-beginnt-im-westjordanland-grossangelegte-operation\/#primaryimage"},"image":{"@id":"https:\/\/now-news.de\/de\/deutschland\/krankenhaeuser-abgeriegelt-israel-beginnt-im-westjordanland-grossangelegte-operation\/#primaryimage"},"thumbnailUrl":"https:\/\/now-news.de\/de\/wp-content\/uploads\/sites\/3\/2024\/08\/Krankenhaeuser-abgeriegelt-Israel-beginnt-im-Westjordanland-grossangelegte-Operation.jpg","datePublished":"2024-08-28T11:02:29+00:00","dateModified":"2024-08-28T11:02:29+00:00","breadcrumb":{"@id":"https:\/\/now-news.de\/de\/deutschland\/krankenhaeuser-abgeriegelt-israel-beginnt-im-westjordanland-grossangelegte-operation\/#breadcrumb"},"inLanguage":"de","potentialAction":[{"@type":"ReadAction","target":["https:\/\/now-news.de\/de\/deutschland\/krankenhaeuser-abgeriegelt-israel-beginnt-im-westjordanland-grossangelegte-operation\/"]}]},{"@type":"ImageObject","inLanguage":"de","@id":"https:\/\/now-news.de\/de\/deutschland\/krankenhaeuser-abgeriegelt-israel-beginnt-im-westjordanland-grossangelegte-operation\/#primaryimage","url":"https:\/\/now-news.de\/de\/wp-content\/uploads\/sites\/3\/2024\/08\/Krankenhaeuser-abgeriegelt-Israel-beginnt-im-Westjordanland-grossangelegte-Operation.jpg","contentUrl":"https:\/\/now-news.de\/de\/wp-content\/uploads\/sites\/3\/2024\/08\/Krankenhaeuser-abgeriegelt-Israel-beginnt-im-Westjordanland-grossangelegte-Operation.jpg","width":460,"height":259,"caption":"Krankenh\u00e4user abgeriegelt: Israel beginnt im Westjordanland gro\u00dfangelegte Operation"},{"@type":"BreadcrumbList","@id":"https:\/\/now-news.de\/de\/deutschland\/krankenhaeuser-abgeriegelt-israel-beginnt-im-westjordanland-grossangelegte-operation\/#breadcrumb","itemListElement":[{"@type":"ListItem","position":1,"name":"Home","item":"https:\/\/now-news.de\/de\/"},{"@type":"ListItem","position":2,"name":"Krankenh\u00e4user abgeriegelt: Israel beginnt im Westjordanland gro\u00dfangelegte Operation"}]},{"@type":"WebSite","@id":"https:\/\/now-news.de\/de\/#website","url":"https:\/\/now-news.de\/de\/","name":"just-now.NEWS Deutschland","description":"Das Portal f\u00fcr unzensierte Nachrichten aus der Welt","publisher":{"@id":"https:\/\/now-news.de\/de\/#organization"},"potentialAction":[{"@type":"SearchAction","target":{"@type":"EntryPoint","urlTemplate":"https:\/\/now-news.de\/de\/?s={search_term_string}"},"query-input":"required name=search_term_string"}],"inLanguage":"de"},{"@type":"Organization","@id":"https:\/\/now-news.de\/de\/#organization","name":"Just Now News","url":"https:\/\/now-news.de\/de\/","logo":{"@type":"ImageObject","inLanguage":"de","@id":"https:\/\/now-news.de\/de\/#\/schema\/logo\/image\/","url":"http:\/\/just-now.news\/de\/wp-content\/uploads\/sites\/3\/2022\/04\/logo500x500.jpg","contentUrl":"http:\/\/just-now.news\/de\/wp-content\/uploads\/sites\/3\/2022\/04\/logo500x500.jpg","width":500,"height":500,"caption":"Just Now News"},"image":{"@id":"https:\/\/now-news.de\/de\/#\/schema\/logo\/image\/"},"sameAs":["https:\/\/www.facebook.com\/wirmachenauf","https:\/\/x.com\/WirMachenAuf_de"]},{"@type":"Person","@id":"https:\/\/now-news.de\/de\/#\/schema\/person\/fb534a4e865501d8b3285208df34a9b5","name":"rtnews","image":{"@type":"ImageObject","inLanguage":"de","@id":"https:\/\/now-news.de\/de\/#\/schema\/person\/image\/","url":"https:\/\/secure.gravatar.com\/avatar\/82aafea7d8127119dd649515f56e2117?s=96&d=mm&r=g","contentUrl":"https:\/\/secure.gravatar.com\/avatar\/82aafea7d8127119dd649515f56e2117?s=96&d=mm&r=g","caption":"rtnews"},"url":"https:\/\/now-news.de\/de\/author\/rnews\/"}]}},"_links":{"self":[{"href":"https:\/\/now-news.de\/de\/wp-json\/wp\/v2\/posts\/67673"}],"collection":[{"href":"https:\/\/now-news.de\/de\/wp-json\/wp\/v2\/posts"}],"about":[{"href":"https:\/\/now-news.de\/de\/wp-json\/wp\/v2\/types\/post"}],"author":[{"embeddable":true,"href":"https:\/\/now-news.de\/de\/wp-json\/wp\/v2\/users\/3"}],"replies":[{"embeddable":true,"href":"https:\/\/now-news.de\/de\/wp-json\/wp\/v2\/comments?post=67673"}],"version-history":[{"count":0,"href":"https:\/\/now-news.de\/de\/wp-json\/wp\/v2\/posts\/67673\/revisions"}],"wp:featuredmedia":[{"embeddable":true,"href":"https:\/\/now-news.de\/de\/wp-json\/wp\/v2\/media\/67674"}],"wp:attachment":[{"href":"https:\/\/now-news.de\/de\/wp-json\/wp\/v2\/media?parent=67673"}],"wp:term":[{"taxonomy":"category","embeddable":true,"href":"https:\/\/now-news.de\/de\/wp-json\/wp\/v2\/categories?post=67673"},{"taxonomy":"post_tag","embeddable":true,"href":"https:\/\/now-news.de\/de\/wp-json\/wp\/v2\/tags?post=67673"}],"curies":[{"name":"wp","href":"https:\/\/api.w.org\/{rel}","templated":true}]}}