{"id":67658,"date":"2024-08-28T11:04:58","date_gmt":"2024-08-28T09:04:58","guid":{"rendered":"https:\/\/now-news.de\/de\/deutschland\/konfliktloesung-in-der-ukraine-muetzenich-plaediert-in-china-fuer-das-zypern-modell\/"},"modified":"2024-08-28T11:04:58","modified_gmt":"2024-08-28T09:04:58","slug":"konfliktloesung-in-der-ukraine-muetzenich-plaediert-in-china-fuer-das-zypern-modell","status":"publish","type":"post","link":"https:\/\/now-news.de\/de\/deutschland\/konfliktloesung-in-der-ukraine-muetzenich-plaediert-in-china-fuer-das-zypern-modell\/","title":{"rendered":"Konfliktl\u00f6sung in der Ukraine: M\u00fctzenich pl\u00e4diert in China f\u00fcr das Zypern-Modell"},"content":{"rendered":"<p><img decoding=\"async\" src=\"https:\/\/now-news.de\/de\/wp-content\/uploads\/sites\/3\/2024\/08\/66ced051b480cc794e65b05c.jpg\" \/><\/p>\n<div class=\"Text-root Text-type_1 \">\n                Der SPD-Fraktionsvorsitzende wurde am Dienstag in Peking vom chinesischen Au\u00dfenminister Wang Yi empfangen.  Dass das eine gro\u00dfe Ehre ist f\u00fcr einen Fraktionsvorsitzenden aus Deutschland, ist auch M\u00fctzenich aufgefallen. Der SPD-Politiker sprach sich erneut f\u00fcr ein Einfrieren des Konflikts in der Ukraine aus.\n            <\/div>\n<p><\/p>\n<div class=\"Text-root Text-type_5 ArticleView-text ViewText-root \">\n<p data-v-774959dd=\"\" data-v-755f0215=\"\">Der SPD-Fraktionsvorsitzende Rolf M\u00fctzenich\u00a0wurde am Dienstag in Peking vom chinesischen Au\u00dfenminister Wang Yi in der Gro\u00dfen Halle des Volkes empfangen. Anlass der eint\u00e4gigen Chinareise des Sozialdemokraten war der 40. Jahrestag des sogenannten Parteiendialogs zwischen der\u00a0SPD\u00a0und der Kommunistischen Partei. Davon, dass er zu diesem Anlass ranghoch auch von Wang empfangen wurde, zeigte sich M\u00fctzenich &#8220;\u00fcberrascht&#8221;.<\/p>\n<p data-spm-anchor-id=\"0.0.0.i1\">Wang Yi <a rel=\"nofollow noopener\" target=\"_blank\" href=\"https:\/\/german.cri.cn\/2024\/08\/27\/ARTIhsJJKuc7F50IttqhL5u5240827.shtml\">sagte<\/a> bei dem Treffen, in diesem Jahr werde der 10. Jahrestag der Gr\u00fcndung einer umfassenden strategischen Partnerschaft zwischen China und Deutschland gefeiert. China sei bereit, mit Deutschland zusammenzuarbeiten, um das strategische gegenseitige Vertrauen zu festigen, und die praktische Zusammenarbeit zu vertiefen, um eine stabile und langfristige Entwicklung der Beziehungen zwischen China und Deutschland sowie zwischen China und der EU zu f\u00f6rdern.<\/p>\n<p data-spm-anchor-id=\"0.0.0.i1\">M\u00fctzenich erkl\u00e4rte, Deutschland messe den Beziehungen zu\u00a0Peking gro\u00dfe Bedeutung bei und sch\u00e4tze die enormen Entwicklungsleistungen Chinas. Die SPD sei bereit, die Zusammenarbeit und den Dialog mit der Kommunistischen Partei Chinas fortzusetzen.\u00a0Zudem habe\u00a0Wang\u00a0die Ausgleichsz\u00f6lle der EU-Kommission gegen\u00a0Peking angesprochen und den Eindruck erweckt,\u00a0Berlin w\u00fcrde bei diesem Thema allein einem US-Narrativ folgen, hie\u00df es in <em>FAZ<\/em>.<\/p>\n<p data-spm-anchor-id=\"0.0.0.i1\">Am l\u00e4ngsten sei \u00fcber den Krieg in der <a rel=\"nofollow noopener\" target=\"_blank\" href=\"https:\/\/www.faz.net\/aktuell\/politik\/ukraine\/muetzenich-spricht-mit-aussenminister-chinas-ueber-ukraine-19945790.html\">Ukraine<\/a>\u00a0gesprochen worden. Dabei habe Wang ausdr\u00fccklich Bezug auf die zwei Reisen des Bundeskanzlers nach China genommen, &#8220;sowohl was das nukleare Tabu betrifft, als auch die Frage der Verhinderung, dass zivile Nuklearanlagen angegriffen werden&#8221;, so M\u00fctzenich.\u00a0\u00a0In diesem Zusammenhang griff der SPD-Politiker seine \u00c4u\u00dferung aus dem Fr\u00fchjahr auf, den Ukraine-Krieg &#8220;einzufrieren&#8221;.<\/p>\n<p data-v-774959dd=\"\" data-v-755f0215=\"\">Nun kann man diskutieren, ob &#8220;eingefrorener Konflikt der richtige (Begriff) ist&#8221;, sagte M\u00fctzenich in Peking. Gleichwohl erinnerte er daran, dass es etwa auf Zypern &#8220;einen seit vierzig Jahren eingefrorenen Konflikt gibt.&#8221; Damit k\u00f6nne sich auch erstmal jeder arrangieren.<\/p>\n<p data-v-774959dd=\"\" data-v-755f0215=\"\">Auch zur Ukraine werde mittlerweile &#8220;etwas angstfreier, etwas weniger ideologisch \u00fcber die Frage gesprochen, ob es sich nicht vielleicht lohnt, \u00fcber humanit\u00e4re Waffenstillst\u00e4nde, \u00fcber Nichtangriffsgebiete zu sprechen, in die sich Zivilisten hin zur\u00fcckziehen k\u00f6nnen&#8221;, so M\u00fctzenich.<\/p>\n<p data-v-774959dd=\"\" data-v-755f0215=\"\">Er f\u00fcgte hinzu, der ukrainische Pr\u00e4sident Selenskij\u00a0&#8220;bittet ausdr\u00fccklich darum, dass Russland bei den n\u00e4chsten Gespr\u00e4chen, die vielleicht im November sind, auch dabei ist. Das er\u00f6ffnet nat\u00fcrlich auch der chinesischen Seite aus meiner Sicht die M\u00f6glichkeit, st\u00e4rker dabei zu sein.&#8221;<\/p>\n<p data-v-774959dd=\"\" data-v-755f0215=\"\">M\u00fctzenich zog sich da lieber in &#8220;humanit\u00e4re Waffenstillst\u00e4nde und Nichtangriffsgebiete&#8221; zur\u00fcck. Seinen Gastgebern d\u00fcrfte das besser gefallen als die Sanktionen, die Washington gerade erst gegen chinesische Firmen verh\u00e4ngt hat, kommentierte die\u00a0<em>FAZ<\/em>.\u00a0Der nationale Sicherheitsberater von US-Pr\u00e4sident Joe Biden, Jake Sullivan,\u00a0war am Dienstag ebenfalls zu einem Besuch in China eingetroffen, um Pekings Rolle bei den Ukraine-Verhandlungen mit den Chinesen zu besprechen.<\/p>\n<p data-v-774959dd=\"\" data-v-755f0215=\"\"><strong>Mehr zum Thema<\/strong> &#8211; <a rel=\"nofollow noopener\" target=\"_blank\" href=\"https:\/\/freedert.online\/international\/214283-experten-trump-koennte-im-rahmen-der-konfrontation-mit-china-den-dialog-mit-russland-suchen\/\">Experten: Trump k\u00f6nnte im Rahmen der Konfrontation mit China den Dialog mit Russland suchen<\/a><\/p>\n<div class=\"EmbedBlock-root EmbedBlock-externalVideo EmbedBlock-odysee\">\n<div class=\"VkEmbed\"><iframe class=\"lazyload\" data-src=\"https:\/\/odysee.com\/%24\/embed\/%40RTDE%3Ae%2F-Chinesischer-Botschafter-einbestellt--%E2%80%93-Bundesregierung-macht-China-f%C3%BCr-Cyberangriff-verantwortlich-%3A5\" frameborder=\"0\" width=\"853\" height=\"480\" allowfullscreen><\/iframe><\/div>\n<\/div>\n<\/div>\n<p><br \/>\n<br \/><a href=\"https:\/\/de.rt.com\/asien\/217106-zur-konfliktloesung-in-ukraine-muetzenich\/\">Source link <\/a><\/p>\n","protected":false},"excerpt":{"rendered":"<p>Der SPD-Fraktionsvorsitzende wurde am Dienstag in Peking vom chinesischen Au\u00dfenminister Wang Yi empfangen. Dass das eine gro\u00dfe Ehre ist f\u00fcr einen Fraktionsvorsitzenden aus Deutschland, ist auch M\u00fctzenich aufgefallen. Der SPD-Politiker sprach sich erneut f\u00fcr ein Einfrieren des Konflikts in der Ukraine aus. Der SPD-Fraktionsvorsitzende Rolf M\u00fctzenich\u00a0wurde am Dienstag in Peking vom chinesischen Au\u00dfenminister Wang Yi [&hellip;]<\/p>\n","protected":false},"author":3,"featured_media":67659,"comment_status":"open","ping_status":"open","sticky":false,"template":"","format":"standard","meta":{"_yoast_indexnow_last_ping":["1724836182"],"wp_automatic_camp":["217"],"2a9d92a74d0ebf1804f0c7b7317b9016":["Konfliktl\u00f6sung in der Ukraine: M\u00fctzenich pl\u00e4diert in China f\u00fcr das Zypern-Modell"],"original_link":["https:\/\/de.rt.com\/asien\/217106-zur-konfliktloesung-in-ukraine-muetzenich\/"],"_thumbnail_id":["67659"],"_wptgpro_p2tg_sent2tg":["a:1:{i:23737;s:19:\"2024-08-28 11:10:44\";}"],"jnews_social_counter_last_update":["1777556260"]},"categories":[19,23],"tags":[192,427,82,221,31291,35388,24062,127,57966],"yoast_head":"<!-- This site is optimized with the Yoast SEO Premium plugin v22.7 (Yoast SEO v22.7) - https:\/\/yoast.com\/wordpress\/plugins\/seo\/ -->\n<title>Konfliktl\u00f6sung in der Ukraine: M\u00fctzenich pl\u00e4diert in China f\u00fcr das Zypern-Modell - just-now.NEWS Deutschland<\/title>\n<meta name=\"robots\" content=\"index, follow, max-snippet:-1, max-image-preview:large, max-video-preview:-1\" \/>\n<link rel=\"canonical\" href=\"https:\/\/now-news.de\/de\/deutschland\/konfliktloesung-in-der-ukraine-muetzenich-plaediert-in-china-fuer-das-zypern-modell\/\" \/>\n<meta property=\"og:locale\" content=\"de_DE\" \/>\n<meta property=\"og:type\" content=\"article\" \/>\n<meta property=\"og:title\" content=\"Konfliktl\u00f6sung in der Ukraine: M\u00fctzenich pl\u00e4diert in China f\u00fcr das Zypern-Modell\" \/>\n<meta property=\"og:description\" content=\"Der SPD-Fraktionsvorsitzende wurde am Dienstag in Peking vom chinesischen Au\u00dfenminister Wang Yi empfangen. Dass das eine gro\u00dfe Ehre ist f\u00fcr einen Fraktionsvorsitzenden aus Deutschland, ist auch M\u00fctzenich aufgefallen. Der SPD-Politiker sprach sich erneut f\u00fcr ein Einfrieren des Konflikts in der Ukraine aus. Der SPD-Fraktionsvorsitzende Rolf M\u00fctzenich\u00a0wurde am Dienstag in Peking vom chinesischen Au\u00dfenminister Wang Yi [&hellip;]\" \/>\n<meta property=\"og:url\" content=\"https:\/\/now-news.de\/de\/deutschland\/konfliktloesung-in-der-ukraine-muetzenich-plaediert-in-china-fuer-das-zypern-modell\/\" \/>\n<meta property=\"og:site_name\" content=\"just-now.NEWS Deutschland\" \/>\n<meta property=\"article:publisher\" content=\"https:\/\/www.facebook.com\/wirmachenauf\" \/>\n<meta property=\"article:published_time\" content=\"2024-08-28T09:04:58+00:00\" \/>\n<meta property=\"og:image\" content=\"https:\/\/now-news.de\/de\/wp-content\/uploads\/sites\/3\/2024\/08\/66ced051b480cc794e65b05c.jpg\" \/>\n<meta name=\"author\" content=\"rtnews\" \/>\n<meta name=\"twitter:card\" content=\"summary_large_image\" \/>\n<meta name=\"twitter:creator\" content=\"@WirMachenAuf_de\" \/>\n<meta name=\"twitter:site\" content=\"@WirMachenAuf_de\" \/>\n<meta name=\"twitter:label1\" content=\"Verfasst von\" \/>\n\t<meta name=\"twitter:data1\" content=\"rtnews\" \/>\n\t<meta name=\"twitter:label2\" content=\"Gesch\u00e4tzte Lesezeit\" \/>\n\t<meta name=\"twitter:data2\" content=\"3\u00a0Minuten\" \/>\n<script type=\"application\/ld+json\" class=\"yoast-schema-graph\">{\"@context\":\"https:\/\/schema.org\",\"@graph\":[{\"@type\":\"Article\",\"@id\":\"https:\/\/now-news.de\/de\/deutschland\/konfliktloesung-in-der-ukraine-muetzenich-plaediert-in-china-fuer-das-zypern-modell\/#article\",\"isPartOf\":{\"@id\":\"https:\/\/now-news.de\/de\/deutschland\/konfliktloesung-in-der-ukraine-muetzenich-plaediert-in-china-fuer-das-zypern-modell\/\"},\"author\":{\"name\":\"rtnews\",\"@id\":\"https:\/\/now-news.de\/de\/#\/schema\/person\/fb534a4e865501d8b3285208df34a9b5\"},\"headline\":\"Konfliktl\u00f6sung in der Ukraine: M\u00fctzenich pl\u00e4diert in China f\u00fcr das Zypern-Modell\",\"datePublished\":\"2024-08-28T09:04:58+00:00\",\"dateModified\":\"2024-08-28T09:04:58+00:00\",\"mainEntityOfPage\":{\"@id\":\"https:\/\/now-news.de\/de\/deutschland\/konfliktloesung-in-der-ukraine-muetzenich-plaediert-in-china-fuer-das-zypern-modell\/\"},\"wordCount\":537,\"commentCount\":0,\"publisher\":{\"@id\":\"https:\/\/now-news.de\/de\/#organization\"},\"image\":{\"@id\":\"https:\/\/now-news.de\/de\/deutschland\/konfliktloesung-in-der-ukraine-muetzenich-plaediert-in-china-fuer-das-zypern-modell\/#primaryimage\"},\"thumbnailUrl\":\"https:\/\/now-news.de\/de\/wp-content\/uploads\/sites\/3\/2024\/08\/Konfliktloesung-in-der-Ukraine-Muetzenich-plaediert-in-China-fuer-das.jpg\",\"keywords\":[\"China\",\"das\",\"der\",\"f\u00fcr\",\"Konfliktl\u00f6sung\",\"M\u00fctzenich\",\"pl\u00e4diert\",\"ukraine\",\"ZypernModell\"],\"articleSection\":[\"Deutschland\",\"Russland\"],\"inLanguage\":\"de\",\"potentialAction\":[{\"@type\":\"CommentAction\",\"name\":\"Comment\",\"target\":[\"https:\/\/now-news.de\/de\/deutschland\/konfliktloesung-in-der-ukraine-muetzenich-plaediert-in-china-fuer-das-zypern-modell\/#respond\"]}]},{\"@type\":\"WebPage\",\"@id\":\"https:\/\/now-news.de\/de\/deutschland\/konfliktloesung-in-der-ukraine-muetzenich-plaediert-in-china-fuer-das-zypern-modell\/\",\"url\":\"https:\/\/now-news.de\/de\/deutschland\/konfliktloesung-in-der-ukraine-muetzenich-plaediert-in-china-fuer-das-zypern-modell\/\",\"name\":\"Konfliktl\u00f6sung in der Ukraine: M\u00fctzenich pl\u00e4diert in China f\u00fcr das Zypern-Modell - just-now.NEWS Deutschland\",\"isPartOf\":{\"@id\":\"https:\/\/now-news.de\/de\/#website\"},\"primaryImageOfPage\":{\"@id\":\"https:\/\/now-news.de\/de\/deutschland\/konfliktloesung-in-der-ukraine-muetzenich-plaediert-in-china-fuer-das-zypern-modell\/#primaryimage\"},\"image\":{\"@id\":\"https:\/\/now-news.de\/de\/deutschland\/konfliktloesung-in-der-ukraine-muetzenich-plaediert-in-china-fuer-das-zypern-modell\/#primaryimage\"},\"thumbnailUrl\":\"https:\/\/now-news.de\/de\/wp-content\/uploads\/sites\/3\/2024\/08\/Konfliktloesung-in-der-Ukraine-Muetzenich-plaediert-in-China-fuer-das.jpg\",\"datePublished\":\"2024-08-28T09:04:58+00:00\",\"dateModified\":\"2024-08-28T09:04:58+00:00\",\"breadcrumb\":{\"@id\":\"https:\/\/now-news.de\/de\/deutschland\/konfliktloesung-in-der-ukraine-muetzenich-plaediert-in-china-fuer-das-zypern-modell\/#breadcrumb\"},\"inLanguage\":\"de\",\"potentialAction\":[{\"@type\":\"ReadAction\",\"target\":[\"https:\/\/now-news.de\/de\/deutschland\/konfliktloesung-in-der-ukraine-muetzenich-plaediert-in-china-fuer-das-zypern-modell\/\"]}]},{\"@type\":\"ImageObject\",\"inLanguage\":\"de\",\"@id\":\"https:\/\/now-news.de\/de\/deutschland\/konfliktloesung-in-der-ukraine-muetzenich-plaediert-in-china-fuer-das-zypern-modell\/#primaryimage\",\"url\":\"https:\/\/now-news.de\/de\/wp-content\/uploads\/sites\/3\/2024\/08\/Konfliktloesung-in-der-Ukraine-Muetzenich-plaediert-in-China-fuer-das.jpg\",\"contentUrl\":\"https:\/\/now-news.de\/de\/wp-content\/uploads\/sites\/3\/2024\/08\/Konfliktloesung-in-der-Ukraine-Muetzenich-plaediert-in-China-fuer-das.jpg\",\"width\":460,\"height\":259,\"caption\":\"Konfliktl\u00f6sung in der Ukraine: M\u00fctzenich pl\u00e4diert in China f\u00fcr das Zypern-Modell\"},{\"@type\":\"BreadcrumbList\",\"@id\":\"https:\/\/now-news.de\/de\/deutschland\/konfliktloesung-in-der-ukraine-muetzenich-plaediert-in-china-fuer-das-zypern-modell\/#breadcrumb\",\"itemListElement\":[{\"@type\":\"ListItem\",\"position\":1,\"name\":\"Home\",\"item\":\"https:\/\/now-news.de\/de\/\"},{\"@type\":\"ListItem\",\"position\":2,\"name\":\"Konfliktl\u00f6sung in der Ukraine: M\u00fctzenich pl\u00e4diert in China f\u00fcr das Zypern-Modell\"}]},{\"@type\":\"WebSite\",\"@id\":\"https:\/\/now-news.de\/de\/#website\",\"url\":\"https:\/\/now-news.de\/de\/\",\"name\":\"just-now.NEWS Deutschland\",\"description\":\"Das Portal f\u00fcr unzensierte Nachrichten aus der Welt\",\"publisher\":{\"@id\":\"https:\/\/now-news.de\/de\/#organization\"},\"potentialAction\":[{\"@type\":\"SearchAction\",\"target\":{\"@type\":\"EntryPoint\",\"urlTemplate\":\"https:\/\/now-news.de\/de\/?s={search_term_string}\"},\"query-input\":\"required name=search_term_string\"}],\"inLanguage\":\"de\"},{\"@type\":\"Organization\",\"@id\":\"https:\/\/now-news.de\/de\/#organization\",\"name\":\"Just Now News\",\"url\":\"https:\/\/now-news.de\/de\/\",\"logo\":{\"@type\":\"ImageObject\",\"inLanguage\":\"de\",\"@id\":\"https:\/\/now-news.de\/de\/#\/schema\/logo\/image\/\",\"url\":\"http:\/\/just-now.news\/de\/wp-content\/uploads\/sites\/3\/2022\/04\/logo500x500.jpg\",\"contentUrl\":\"http:\/\/just-now.news\/de\/wp-content\/uploads\/sites\/3\/2022\/04\/logo500x500.jpg\",\"width\":500,\"height\":500,\"caption\":\"Just Now News\"},\"image\":{\"@id\":\"https:\/\/now-news.de\/de\/#\/schema\/logo\/image\/\"},\"sameAs\":[\"https:\/\/www.facebook.com\/wirmachenauf\",\"https:\/\/x.com\/WirMachenAuf_de\"]},{\"@type\":\"Person\",\"@id\":\"https:\/\/now-news.de\/de\/#\/schema\/person\/fb534a4e865501d8b3285208df34a9b5\",\"name\":\"rtnews\",\"image\":{\"@type\":\"ImageObject\",\"inLanguage\":\"de\",\"@id\":\"https:\/\/now-news.de\/de\/#\/schema\/person\/image\/\",\"url\":\"https:\/\/secure.gravatar.com\/avatar\/82aafea7d8127119dd649515f56e2117?s=96&d=mm&r=g\",\"contentUrl\":\"https:\/\/secure.gravatar.com\/avatar\/82aafea7d8127119dd649515f56e2117?s=96&d=mm&r=g\",\"caption\":\"rtnews\"},\"url\":\"https:\/\/now-news.de\/de\/author\/rnews\/\"}]}<\/script>\n<!-- \/ Yoast SEO Premium plugin. -->","yoast_head_json":{"title":"Konfliktl\u00f6sung in der Ukraine: M\u00fctzenich pl\u00e4diert in China f\u00fcr das Zypern-Modell - just-now.NEWS Deutschland","robots":{"index":"index","follow":"follow","max-snippet":"max-snippet:-1","max-image-preview":"max-image-preview:large","max-video-preview":"max-video-preview:-1"},"canonical":"https:\/\/now-news.de\/de\/deutschland\/konfliktloesung-in-der-ukraine-muetzenich-plaediert-in-china-fuer-das-zypern-modell\/","og_locale":"de_DE","og_type":"article","og_title":"Konfliktl\u00f6sung in der Ukraine: M\u00fctzenich pl\u00e4diert in China f\u00fcr das Zypern-Modell","og_description":"Der SPD-Fraktionsvorsitzende wurde am Dienstag in Peking vom chinesischen Au\u00dfenminister Wang Yi empfangen. Dass das eine gro\u00dfe Ehre ist f\u00fcr einen Fraktionsvorsitzenden aus Deutschland, ist auch M\u00fctzenich aufgefallen. Der SPD-Politiker sprach sich erneut f\u00fcr ein Einfrieren des Konflikts in der Ukraine aus. Der SPD-Fraktionsvorsitzende Rolf M\u00fctzenich\u00a0wurde am Dienstag in Peking vom chinesischen Au\u00dfenminister Wang Yi [&hellip;]","og_url":"https:\/\/now-news.de\/de\/deutschland\/konfliktloesung-in-der-ukraine-muetzenich-plaediert-in-china-fuer-das-zypern-modell\/","og_site_name":"just-now.NEWS Deutschland","article_publisher":"https:\/\/www.facebook.com\/wirmachenauf","article_published_time":"2024-08-28T09:04:58+00:00","og_image":[{"url":"https:\/\/now-news.de\/de\/wp-content\/uploads\/sites\/3\/2024\/08\/66ced051b480cc794e65b05c.jpg"}],"author":"rtnews","twitter_card":"summary_large_image","twitter_creator":"@WirMachenAuf_de","twitter_site":"@WirMachenAuf_de","twitter_misc":{"Verfasst von":"rtnews","Gesch\u00e4tzte Lesezeit":"3\u00a0Minuten"},"schema":{"@context":"https:\/\/schema.org","@graph":[{"@type":"Article","@id":"https:\/\/now-news.de\/de\/deutschland\/konfliktloesung-in-der-ukraine-muetzenich-plaediert-in-china-fuer-das-zypern-modell\/#article","isPartOf":{"@id":"https:\/\/now-news.de\/de\/deutschland\/konfliktloesung-in-der-ukraine-muetzenich-plaediert-in-china-fuer-das-zypern-modell\/"},"author":{"name":"rtnews","@id":"https:\/\/now-news.de\/de\/#\/schema\/person\/fb534a4e865501d8b3285208df34a9b5"},"headline":"Konfliktl\u00f6sung in der Ukraine: M\u00fctzenich pl\u00e4diert in China f\u00fcr das Zypern-Modell","datePublished":"2024-08-28T09:04:58+00:00","dateModified":"2024-08-28T09:04:58+00:00","mainEntityOfPage":{"@id":"https:\/\/now-news.de\/de\/deutschland\/konfliktloesung-in-der-ukraine-muetzenich-plaediert-in-china-fuer-das-zypern-modell\/"},"wordCount":537,"commentCount":0,"publisher":{"@id":"https:\/\/now-news.de\/de\/#organization"},"image":{"@id":"https:\/\/now-news.de\/de\/deutschland\/konfliktloesung-in-der-ukraine-muetzenich-plaediert-in-china-fuer-das-zypern-modell\/#primaryimage"},"thumbnailUrl":"https:\/\/now-news.de\/de\/wp-content\/uploads\/sites\/3\/2024\/08\/Konfliktloesung-in-der-Ukraine-Muetzenich-plaediert-in-China-fuer-das.jpg","keywords":["China","das","der","f\u00fcr","Konfliktl\u00f6sung","M\u00fctzenich","pl\u00e4diert","ukraine","ZypernModell"],"articleSection":["Deutschland","Russland"],"inLanguage":"de","potentialAction":[{"@type":"CommentAction","name":"Comment","target":["https:\/\/now-news.de\/de\/deutschland\/konfliktloesung-in-der-ukraine-muetzenich-plaediert-in-china-fuer-das-zypern-modell\/#respond"]}]},{"@type":"WebPage","@id":"https:\/\/now-news.de\/de\/deutschland\/konfliktloesung-in-der-ukraine-muetzenich-plaediert-in-china-fuer-das-zypern-modell\/","url":"https:\/\/now-news.de\/de\/deutschland\/konfliktloesung-in-der-ukraine-muetzenich-plaediert-in-china-fuer-das-zypern-modell\/","name":"Konfliktl\u00f6sung in der Ukraine: M\u00fctzenich pl\u00e4diert in China f\u00fcr das Zypern-Modell - just-now.NEWS Deutschland","isPartOf":{"@id":"https:\/\/now-news.de\/de\/#website"},"primaryImageOfPage":{"@id":"https:\/\/now-news.de\/de\/deutschland\/konfliktloesung-in-der-ukraine-muetzenich-plaediert-in-china-fuer-das-zypern-modell\/#primaryimage"},"image":{"@id":"https:\/\/now-news.de\/de\/deutschland\/konfliktloesung-in-der-ukraine-muetzenich-plaediert-in-china-fuer-das-zypern-modell\/#primaryimage"},"thumbnailUrl":"https:\/\/now-news.de\/de\/wp-content\/uploads\/sites\/3\/2024\/08\/Konfliktloesung-in-der-Ukraine-Muetzenich-plaediert-in-China-fuer-das.jpg","datePublished":"2024-08-28T09:04:58+00:00","dateModified":"2024-08-28T09:04:58+00:00","breadcrumb":{"@id":"https:\/\/now-news.de\/de\/deutschland\/konfliktloesung-in-der-ukraine-muetzenich-plaediert-in-china-fuer-das-zypern-modell\/#breadcrumb"},"inLanguage":"de","potentialAction":[{"@type":"ReadAction","target":["https:\/\/now-news.de\/de\/deutschland\/konfliktloesung-in-der-ukraine-muetzenich-plaediert-in-china-fuer-das-zypern-modell\/"]}]},{"@type":"ImageObject","inLanguage":"de","@id":"https:\/\/now-news.de\/de\/deutschland\/konfliktloesung-in-der-ukraine-muetzenich-plaediert-in-china-fuer-das-zypern-modell\/#primaryimage","url":"https:\/\/now-news.de\/de\/wp-content\/uploads\/sites\/3\/2024\/08\/Konfliktloesung-in-der-Ukraine-Muetzenich-plaediert-in-China-fuer-das.jpg","contentUrl":"https:\/\/now-news.de\/de\/wp-content\/uploads\/sites\/3\/2024\/08\/Konfliktloesung-in-der-Ukraine-Muetzenich-plaediert-in-China-fuer-das.jpg","width":460,"height":259,"caption":"Konfliktl\u00f6sung in der Ukraine: M\u00fctzenich pl\u00e4diert in China f\u00fcr das Zypern-Modell"},{"@type":"BreadcrumbList","@id":"https:\/\/now-news.de\/de\/deutschland\/konfliktloesung-in-der-ukraine-muetzenich-plaediert-in-china-fuer-das-zypern-modell\/#breadcrumb","itemListElement":[{"@type":"ListItem","position":1,"name":"Home","item":"https:\/\/now-news.de\/de\/"},{"@type":"ListItem","position":2,"name":"Konfliktl\u00f6sung in der Ukraine: M\u00fctzenich pl\u00e4diert in China f\u00fcr das Zypern-Modell"}]},{"@type":"WebSite","@id":"https:\/\/now-news.de\/de\/#website","url":"https:\/\/now-news.de\/de\/","name":"just-now.NEWS Deutschland","description":"Das Portal f\u00fcr unzensierte Nachrichten aus der Welt","publisher":{"@id":"https:\/\/now-news.de\/de\/#organization"},"potentialAction":[{"@type":"SearchAction","target":{"@type":"EntryPoint","urlTemplate":"https:\/\/now-news.de\/de\/?s={search_term_string}"},"query-input":"required name=search_term_string"}],"inLanguage":"de"},{"@type":"Organization","@id":"https:\/\/now-news.de\/de\/#organization","name":"Just Now News","url":"https:\/\/now-news.de\/de\/","logo":{"@type":"ImageObject","inLanguage":"de","@id":"https:\/\/now-news.de\/de\/#\/schema\/logo\/image\/","url":"http:\/\/just-now.news\/de\/wp-content\/uploads\/sites\/3\/2022\/04\/logo500x500.jpg","contentUrl":"http:\/\/just-now.news\/de\/wp-content\/uploads\/sites\/3\/2022\/04\/logo500x500.jpg","width":500,"height":500,"caption":"Just Now News"},"image":{"@id":"https:\/\/now-news.de\/de\/#\/schema\/logo\/image\/"},"sameAs":["https:\/\/www.facebook.com\/wirmachenauf","https:\/\/x.com\/WirMachenAuf_de"]},{"@type":"Person","@id":"https:\/\/now-news.de\/de\/#\/schema\/person\/fb534a4e865501d8b3285208df34a9b5","name":"rtnews","image":{"@type":"ImageObject","inLanguage":"de","@id":"https:\/\/now-news.de\/de\/#\/schema\/person\/image\/","url":"https:\/\/secure.gravatar.com\/avatar\/82aafea7d8127119dd649515f56e2117?s=96&d=mm&r=g","contentUrl":"https:\/\/secure.gravatar.com\/avatar\/82aafea7d8127119dd649515f56e2117?s=96&d=mm&r=g","caption":"rtnews"},"url":"https:\/\/now-news.de\/de\/author\/rnews\/"}]}},"_links":{"self":[{"href":"https:\/\/now-news.de\/de\/wp-json\/wp\/v2\/posts\/67658"}],"collection":[{"href":"https:\/\/now-news.de\/de\/wp-json\/wp\/v2\/posts"}],"about":[{"href":"https:\/\/now-news.de\/de\/wp-json\/wp\/v2\/types\/post"}],"author":[{"embeddable":true,"href":"https:\/\/now-news.de\/de\/wp-json\/wp\/v2\/users\/3"}],"replies":[{"embeddable":true,"href":"https:\/\/now-news.de\/de\/wp-json\/wp\/v2\/comments?post=67658"}],"version-history":[{"count":0,"href":"https:\/\/now-news.de\/de\/wp-json\/wp\/v2\/posts\/67658\/revisions"}],"wp:featuredmedia":[{"embeddable":true,"href":"https:\/\/now-news.de\/de\/wp-json\/wp\/v2\/media\/67659"}],"wp:attachment":[{"href":"https:\/\/now-news.de\/de\/wp-json\/wp\/v2\/media?parent=67658"}],"wp:term":[{"taxonomy":"category","embeddable":true,"href":"https:\/\/now-news.de\/de\/wp-json\/wp\/v2\/categories?post=67658"},{"taxonomy":"post_tag","embeddable":true,"href":"https:\/\/now-news.de\/de\/wp-json\/wp\/v2\/tags?post=67658"}],"curies":[{"name":"wp","href":"https:\/\/api.w.org\/{rel}","templated":true}]}}