{"id":67652,"date":"2024-08-28T09:36:57","date_gmt":"2024-08-28T07:36:57","guid":{"rendered":"https:\/\/now-news.de\/de\/deutschland\/jugendwahlstudie-2024-der-regierung-sind-wir-einfache-menschen-egal-sorge-vor-afd-und-gruenen\/"},"modified":"2024-08-28T09:36:57","modified_gmt":"2024-08-28T07:36:57","slug":"jugendwahlstudie-2024-der-regierung-sind-wir-einfache-menschen-egal-sorge-vor-afd-und-gruenen","status":"publish","type":"post","link":"https:\/\/now-news.de\/de\/deutschland\/jugendwahlstudie-2024-der-regierung-sind-wir-einfache-menschen-egal-sorge-vor-afd-und-gruenen\/","title":{"rendered":"Jugendwahlstudie 2024: &quot;Der Regierung sind wir einfache Menschen egal&quot; \u2013 Sorge vor AfD und Gr\u00fcnen"},"content":{"rendered":"<div class=\"Text-root Text-type_1 \">\n                Jugendforscher attestieren im Rahmen einer &#8220;repr\u00e4sentativen&#8221; Umfrage den Jugendlichen in Deutschland eine Abkehr vom klassischen &#8220;Links-Rechts-Schema&#8221;. Zum Thema Perspektivlosigkeit ist die Zuversicht bei der sogenannten Generation Z demnach im Westen geringer als im Osten.\n            <\/div>\n<p><\/p>\n<div class=\"Text-root Text-type_5 ArticleView-text ViewText-root \">\n<p>Wenige Tage vor dem mit Spannung erwarteten Wahlsonntag in Th\u00fcringen und Sachsen am 1. September erkl\u00e4ren die Macher der &#8220;Jugendwahlstudie 2024&#8221;, das\u00a0Institut f\u00fcr Generationenforschung, die Auswertungen der befragten Jugendlichen der Zielgruppe: 16- bis 25-J\u00e4hrige h\u00e4tten ergeben, dass ein &#8220;neues Verst\u00e4ndnis von Politik, Extremismus und Gemeinschaft bei den Erstw\u00e4hlern&#8221; festgestellt werden k\u00f6nne. Demnach w\u00fcrden 26 Prozent der Befragten das klassische Links-Rechts-Schema ablehnen. Die <a rel=\"nofollow noopener\" target=\"_blank\" href=\"https:\/\/www.generation-thinking.de\/post\/jugenwahlstudie-2024\">Studie<\/a> erhielt die \u00dcberschrift: &#8220;Politische Rosinenpickerei (Cherry Picking) der Generation Z&#8221;.<\/p>\n<p>Weitere Auswertungen belegen, dass\u00a041 Prozent der Befragten der Aussage demnach &#8220;eher bis voll zustimmen: &#8220;Ich bin mir sicher, der Regierung sind wir einfache Menschen egal.&#8221; Jugendliche, die sich f\u00fcr diese Wahrnehmung entschlossen, gaben zu einer potenziellen Erstw\u00e4hlerentscheidung zu Protokoll:<\/p>\n<figure class=\"RTImage-root\">\n<div class=\"RTImage-image RTImage-original\"><picture class=\"Picture-root Picture-original\"><!--[if IE 9]><video style=\"display: none;\"><![endif]--><source media=\"(-webkit-min-device-pixel-ratio: 2) and (min-resolution: 120dpi)\" data-srcset=\" \nhttps:\/\/now-news.de\/de\/wp-content\/uploads\/sites\/3\/2024\/08\/66cebf45b480cc7c55428578.JPG 850w,\n                https:\/\/now-news.de\/de\/wp-content\/uploads\/sites\/3\/2024\/08\/66cebf45b480cc7c55428578.JPG 1960w,            \" ><source data-srcset=\" \nhttps:\/\/now-news.de\/de\/wp-content\/uploads\/sites\/3\/2024\/08\/66cebf45b480cc7c55428578.JPG 460w,\n              https:\/\/now-news.de\/de\/wp-content\/uploads\/sites\/3\/2024\/08\/66cebf45b480cc7c55428578.JPG 980w,\n            \" ><!--[if IE 9]><\/video><![endif]--><img decoding=\"async\" data- src=\"data:image\/png;base64,iVBORw0KGgoAAAANSUhEUgAAABAAAAAJCAQAAACRI2S5AAAAEElEQVR42mNkIAAYRxWAAQAG9gAKqv6+AwAAAABJRU5ErkJggg==\" class=\"Picture-root Picture-original lazyload\" data-src=\"https:\/\/now-news.de\/de\/wp-content\/uploads\/sites\/3\/2024\/08\/66cebf45b480cc7c55428578.JPG\" alt=\"\"><\/source><\/source><\/picture><!-- noscript pattern --><noscript><img decoding=\"async\" src=\"https:\/\/now-news.de\/de\/wp-content\/uploads\/sites\/3\/2024\/08\/66cebf45b480cc7c55428578.JPG\" alt=\"\"><\/noscript><\/div><figcaption class=\"RTImage-footer\"><span class=\"RTImage-caption\"><\/span><span class=\"RTImage-source\"><span class=\"RTImage-captionItem\">Screenshot: Studie IfG<\/span><\/span><\/figcaption><\/figure>\n<p>Studienleiter und Generationenforscher Dr. R\u00fcdiger Maas <a rel=\"nofollow noopener\" target=\"_blank\" href=\"https:\/\/www.spiegel.de\/panorama\/bildung\/jugendwahlstudie-2024-forscher-attestieren-jungen-menschen-politische-rosinenpickerei-a-c227b1da-c1aa-4313-9c50-fec378d86bb1\">kommentierte<\/a> das Ergebnis mit der Feststellung, f\u00fcr ihn zeichne sich damit ab, dass &#8220;mittlerweile eine gro\u00dfe Toleranz der Generation Z f\u00fcr Rassismus und reaktion\u00e4re Politik&#8221; existiere.<\/p>\n<p>32 Prozent Zustimmung konnten die Jugendlichen der Aussage: &#8220;Ich bin mir sicher die Regierung arbeitet gegen die Bev\u00f6lkerung&#8221; abgewinnen, bezogen auf das Wahlverhalten wie folgt in der Studie dargelegt:<\/p>\n<figure class=\"RTImage-root\">\n<div class=\"RTImage-image RTImage-original\"><picture class=\"Picture-root Picture-original\"><!--[if IE 9]><video style=\"display: none;\"><![endif]--><source media=\"(-webkit-min-device-pixel-ratio: 2) and (min-resolution: 120dpi)\" data-srcset=\" \nhttps:\/\/now-news.de\/de\/wp-content\/uploads\/sites\/3\/2024\/08\/66cec0ef48fbef70cf5e24b1.JPG 850w,\n                https:\/\/now-news.de\/de\/wp-content\/uploads\/sites\/3\/2024\/08\/66cec0ef48fbef70cf5e24b1.JPG 1960w,            \" ><source data-srcset=\" \nhttps:\/\/now-news.de\/de\/wp-content\/uploads\/sites\/3\/2024\/08\/66cec0ef48fbef70cf5e24b1.JPG 460w,\n              https:\/\/now-news.de\/de\/wp-content\/uploads\/sites\/3\/2024\/08\/66cec0ef48fbef70cf5e24b1.JPG 980w,\n            \" ><!--[if IE 9]><\/video><![endif]--><img decoding=\"async\" data- src=\"data:image\/png;base64,iVBORw0KGgoAAAANSUhEUgAAABAAAAAJCAQAAACRI2S5AAAAEElEQVR42mNkIAAYRxWAAQAG9gAKqv6+AwAAAABJRU5ErkJggg==\" class=\"Picture-root Picture-original lazyload\" data-src=\"https:\/\/now-news.de\/de\/wp-content\/uploads\/sites\/3\/2024\/08\/66cec0ef48fbef70cf5e24b1.JPG\" alt=\"\"><\/source><\/source><\/picture><!-- noscript pattern --><noscript><img decoding=\"async\" src=\"https:\/\/now-news.de\/de\/wp-content\/uploads\/sites\/3\/2024\/08\/66cec0ef48fbef70cf5e24b1.JPG\" alt=\"\"><\/noscript><\/div><figcaption class=\"RTImage-footer\"><span class=\"RTImage-caption\"><\/span><span class=\"RTImage-source\"><span class=\"RTImage-captionItem\">Screenshot: Studie IfG<\/span><\/span><\/figcaption><\/figure>\n<p>Maas erkl\u00e4rt zu den entsprechenden Umfrageergebnissen, im Rahmen der durchgef\u00fchrten Gespr\u00e4che habe sich gezeigt, dass die\u00a0Befragten mehrheitlich &#8220;Zukunfts\u00e4ngste und ein Gef\u00fchl von Hoffnungslosigkeit empfinden.&#8221; Die Befragungen zeigten, dass\u00a0als wichtigstes politisches Thema die Migration genannt wurde. Die Themen\u00a0Klimawandel\u00a0und Umweltschutz h\u00e4tten dagegen &#8220;bei den 16- bis 25-J\u00e4hrigen an Bedeutung verloren, mit Folgen f\u00fcr die Zustimmungswerte der Gr\u00fcnen.&#8221; Dazu hei\u00dft es:<\/p>\n<p><em>&#8220;Asyl-Migration wird als wichtiges Problem von nahezu allen Befragten genannt, unabh\u00e4ngig ihrer potenziellen Parteizugeh\u00f6rigkeit. Auff\u00e4llig war eine Unterscheidung zwischen: Menschen mit Migrationshintergrund die sich &#8220;integrieren&#8221; und die, die dies vermeintlich nicht tun.&#8221;\u00a0<\/em><\/p>\n<p>Weitere Spitzenthemen in Gespr\u00e4chen bei Jugendlichen lauten &#8220;Rechtsextremismus und Klimawandel&#8221;, dies zu gleichen Teilen. Dazu erkl\u00e4ren die Studienmacher:<\/p>\n<p><em>&#8220;Viele junge Menschen gaben Rechtsextremismus und Rassismus als Problem an, vor allem W\u00e4hler der Gr\u00fcnen und der Linken.&#8221;<\/em><\/p>\n<p>In der Rubrik &#8220;Angst vor der Zukunft&#8221; ergaben die Auswertungen:<\/p>\n<ul>\n<li>Platz 1: 65 Prozent der befragten ostdeutschen und 74 Prozent der westdeutschen\u00a0Erstw\u00e4hler gaben an, Angst vor der AfD zu haben.\u00a062 Prozent der AfD-W\u00e4hler finden den Kurs der AfD richtig. 38 Prozent w\u00fcnschen sich einen weniger extremen Rechtskurs.<\/li>\n<li>Platz 2: 30 Prozent der befragten ostdeutschen Erstw\u00e4hler und 25 Prozent der westdeutschen gaben an, Angst vor den Gr\u00fcnen zu haben. Dies trifft zu 83 Prozent auf potenzielle AfD bzw. auf 35 Prozent BSW-W\u00e4hler zu.<\/li>\n<\/ul>\n<p>Die Gr\u00fcnen werden von den Befragten als &#8220;extreme Partei&#8221; wahrgenommen, die laut Interviewaussagen\u00a0&#8220;in das Leben der Menschen eingreifen will (Stichworte Heizungsgesetz oder Verbrennerverbot).&#8221; Viele sehen die Partei der Studie zufolge sogar als Bedrohung. 25 Prozent der Befragten im Westen und 30 Prozent im Osten gaben an, dass &#8220;die Partei ihnen Angst mache.&#8221;<\/p>\n<p>Platz 3 fiel auf das BSW, wobei &#8220;vor allem potenzielle W\u00e4hler linker Parteien (Linke, Gr\u00fcne, Volt) \u00c4ngste vor dem BSW&#8221; nannten. Potenzielle\u00a0AfD-W\u00e4hler gaben zu Protokoll, dass &#8220;die inhaltlichen Positionen der Partei am wichtigsten f\u00fcr ihre Wahlentscheidung sind.&#8221;<\/p>\n<p>Zum Thema Zukunftsvisionen und Perspektivlosigkeit hei\u00dft es in der Studie:<\/p>\n<p><em>&#8220;Im Westen ist die Zuversicht geringer als im Osten.\u00a0Auf die Frage: &#8216;Was gibt dir zurzeit am meisten Zuversicht?&#8217;, konnten 56 Prozent der befragten Erstw\u00e4hler nichts nennen, dass ihnen Zuversicht gibt. In den Validierungsinterviews wurden Perspektivlosigkeit sowie ein Gef\u00fchl der Ohnmacht erw\u00e4hnt. Vor allem wurden die Themenfelder Rente, soziale Ungleichheit und finanzielle Aussichten genannt.&#8221;<\/em>\u00a0<\/p>\n<p>Bei der Meinungsbildung der Generation Z spielen laut der Erhebung soziale Medien eine zentrale Rolle. Mehr als die H\u00e4lfte der Befragten nutzen demnach ausschlie\u00dflich\u00a0die bekannten Social-Media-Plattformen, wie Instagram und TikTok, zur eigenen Information. Die Studienmacher bemerken zu diesem Thema:<\/p>\n<p><em>&#8220;Die klassischen Medien haben ihre Glaubw\u00fcrdigkeit bei der Jugend verloren.&#8221;<\/em><\/p>\n<p>Zum Thema der gew\u00e4hlten \u00dcberschrift des unterstellten &#8220;Cherry Picking&#8221; bei der Generation Z hei\u00dft es laut dem Studienleiter:<\/p>\n<p><em>&#8220;Man kann sich links einordnen und gleichzeitig AfD w\u00e4hlen \u2013 das ist bei dieser Generation m\u00f6glich.&#8221;<\/em><\/p>\n<p>Die Befragungen erfolgten im Zeitraum\u00a0Anfang Juli bis Mitte August 2024. Insgesamt wurden 1.002\u00a0Teilnehmerinnen und Teilnehmer interviewt.<\/p>\n<p><strong>Mehr zum Thema &#8211;<\/strong>\u00a0<a rel=\"nofollow noopener\" target=\"_blank\" href=\"https:\/\/freedert.online\/inland\/214272-berlin-vera-schultest-fuehrt-zu\/\">Schultest: &#8220;Dramatisch schlechte&#8221; Ergebnisse bei Dritt- und Achtkl\u00e4sslern in Berlin<\/a><\/p>\n<div class=\"EmbedBlock-root EmbedBlock-externalVideo EmbedBlock-rumble\">\n<div class=\"VkEmbed\"><iframe class=\"lazyload\" data-src=\"https:\/\/rumble.com\/embed\/v5a4p1x\" frameborder=\"0\" width=\"853\" height=\"480\" allowfullscreen><\/iframe><\/div>\n<\/div>\n<\/div>\n<p><br \/>\n<br \/><a href=\"https:\/\/de.rt.com\/inland\/217101-jugendwahlstudie-2024-regierung-sind-wir\/\">Source link <\/a><\/p>\n","protected":false},"excerpt":{"rendered":"<p>Jugendforscher attestieren im Rahmen einer &#8220;repr\u00e4sentativen&#8221; Umfrage den Jugendlichen in Deutschland eine Abkehr vom klassischen &#8220;Links-Rechts-Schema&#8221;. Zum Thema Perspektivlosigkeit ist die Zuversicht bei der sogenannten Generation Z demnach im Westen geringer als im Osten. Wenige Tage vor dem mit Spannung erwarteten Wahlsonntag in Th\u00fcringen und Sachsen am 1. September erkl\u00e4ren die Macher der &#8220;Jugendwahlstudie 2024&#8221;, [&hellip;]<\/p>\n","protected":false},"author":3,"featured_media":67653,"comment_status":"open","ping_status":"open","sticky":false,"template":"","format":"standard","meta":{"_yoast_indexnow_last_ping":["1724832297"],"wp_automatic_camp":["217"],"d8e5c53873c083c30c2e7e642f29f7a9":["Jugendwahlstudie 2024: &quot;Der Regierung sind wir einfache Menschen egal&quot; \u2013 Sorge vor AfD und Gr\u00fcnen"],"original_link":["https:\/\/de.rt.com\/inland\/217101-jugendwahlstudie-2024-regierung-sind-wir\/"],"_thumbnail_id":["67653"],"jnews_social_counter_last_update":["1777068570"],"_wptgpro_p2tg_sent2tg":["a:1:{i:23737;s:19:\"2024-08-28 10:06:02\";}"]},"categories":[19,23],"tags":[3815,56984,30917,594,57962,1378,1174,46,1046,13676,140,320,1801],"yoast_head":"<!-- This site is optimized with the Yoast SEO Premium plugin v22.7 (Yoast SEO v22.7) - https:\/\/yoast.com\/wordpress\/plugins\/seo\/ -->\n<title>Jugendwahlstudie 2024: &quot;Der Regierung sind wir einfache Menschen egal&quot; \u2013 Sorge vor AfD und Gr\u00fcnen - just-now.NEWS Deutschland<\/title>\n<meta name=\"robots\" content=\"index, follow, max-snippet:-1, max-image-preview:large, max-video-preview:-1\" \/>\n<link rel=\"canonical\" href=\"https:\/\/now-news.de\/de\/deutschland\/jugendwahlstudie-2024-der-regierung-sind-wir-einfache-menschen-egal-sorge-vor-afd-und-gruenen\/\" \/>\n<meta property=\"og:locale\" content=\"de_DE\" \/>\n<meta property=\"og:type\" content=\"article\" \/>\n<meta property=\"og:title\" content=\"Jugendwahlstudie 2024: &quot;Der Regierung sind wir einfache Menschen egal&quot; \u2013 Sorge vor AfD und Gr\u00fcnen\" \/>\n<meta property=\"og:description\" content=\"Jugendforscher attestieren im Rahmen einer &#8220;repr\u00e4sentativen&#8221; Umfrage den Jugendlichen in Deutschland eine Abkehr vom klassischen &#8220;Links-Rechts-Schema&#8221;. Zum Thema Perspektivlosigkeit ist die Zuversicht bei der sogenannten Generation Z demnach im Westen geringer als im Osten. Wenige Tage vor dem mit Spannung erwarteten Wahlsonntag in Th\u00fcringen und Sachsen am 1. September erkl\u00e4ren die Macher der &#8220;Jugendwahlstudie 2024&#8221;, [&hellip;]\" \/>\n<meta property=\"og:url\" content=\"https:\/\/now-news.de\/de\/deutschland\/jugendwahlstudie-2024-der-regierung-sind-wir-einfache-menschen-egal-sorge-vor-afd-und-gruenen\/\" \/>\n<meta property=\"og:site_name\" content=\"just-now.NEWS Deutschland\" \/>\n<meta property=\"article:publisher\" content=\"https:\/\/www.facebook.com\/wirmachenauf\" \/>\n<meta property=\"article:published_time\" content=\"2024-08-28T07:36:57+00:00\" \/>\n<meta property=\"og:image\" content=\"https:\/\/now-news.de\/de\/wp-content\/uploads\/sites\/3\/2024\/08\/66cebf45b480cc7c55428578.JPG\" \/>\n<meta name=\"author\" content=\"rtnews\" \/>\n<meta name=\"twitter:card\" content=\"summary_large_image\" \/>\n<meta name=\"twitter:creator\" content=\"@WirMachenAuf_de\" \/>\n<meta name=\"twitter:site\" content=\"@WirMachenAuf_de\" \/>\n<meta name=\"twitter:label1\" content=\"Verfasst von\" \/>\n\t<meta name=\"twitter:data1\" content=\"rtnews\" \/>\n\t<meta name=\"twitter:label2\" content=\"Gesch\u00e4tzte Lesezeit\" \/>\n\t<meta name=\"twitter:data2\" content=\"4\u00a0Minuten\" \/>\n<script type=\"application\/ld+json\" class=\"yoast-schema-graph\">{\"@context\":\"https:\/\/schema.org\",\"@graph\":[{\"@type\":\"Article\",\"@id\":\"https:\/\/now-news.de\/de\/deutschland\/jugendwahlstudie-2024-der-regierung-sind-wir-einfache-menschen-egal-sorge-vor-afd-und-gruenen\/#article\",\"isPartOf\":{\"@id\":\"https:\/\/now-news.de\/de\/deutschland\/jugendwahlstudie-2024-der-regierung-sind-wir-einfache-menschen-egal-sorge-vor-afd-und-gruenen\/\"},\"author\":{\"name\":\"rtnews\",\"@id\":\"https:\/\/now-news.de\/de\/#\/schema\/person\/fb534a4e865501d8b3285208df34a9b5\"},\"headline\":\"Jugendwahlstudie 2024: &quot;Der Regierung sind wir einfache Menschen egal&quot; \u2013 Sorge vor AfD und Gr\u00fcnen\",\"datePublished\":\"2024-08-28T07:36:57+00:00\",\"dateModified\":\"2024-08-28T07:36:57+00:00\",\"mainEntityOfPage\":{\"@id\":\"https:\/\/now-news.de\/de\/deutschland\/jugendwahlstudie-2024-der-regierung-sind-wir-einfache-menschen-egal-sorge-vor-afd-und-gruenen\/\"},\"wordCount\":755,\"commentCount\":0,\"publisher\":{\"@id\":\"https:\/\/now-news.de\/de\/#organization\"},\"image\":{\"@id\":\"https:\/\/now-news.de\/de\/deutschland\/jugendwahlstudie-2024-der-regierung-sind-wir-einfache-menschen-egal-sorge-vor-afd-und-gruenen\/#primaryimage\"},\"thumbnailUrl\":\"https:\/\/now-news.de\/de\/wp-content\/uploads\/sites\/3\/2024\/08\/Jugendwahlstudie-2024-quotDer-Regierung-sind-wir-einfache-Menschen-egalquot-\u2013.JPG\",\"keywords\":[\"AfD\",\"egalquot\",\"einfache\",\"GR\u00dcNEN\",\"Jugendwahlstudie\",\"Menschen\",\"quotDer\",\"Regierung\",\"sind\",\"Sorge\",\"und\",\"vor\",\"Wir\"],\"articleSection\":[\"Deutschland\",\"Russland\"],\"inLanguage\":\"de\",\"potentialAction\":[{\"@type\":\"CommentAction\",\"name\":\"Comment\",\"target\":[\"https:\/\/now-news.de\/de\/deutschland\/jugendwahlstudie-2024-der-regierung-sind-wir-einfache-menschen-egal-sorge-vor-afd-und-gruenen\/#respond\"]}]},{\"@type\":\"WebPage\",\"@id\":\"https:\/\/now-news.de\/de\/deutschland\/jugendwahlstudie-2024-der-regierung-sind-wir-einfache-menschen-egal-sorge-vor-afd-und-gruenen\/\",\"url\":\"https:\/\/now-news.de\/de\/deutschland\/jugendwahlstudie-2024-der-regierung-sind-wir-einfache-menschen-egal-sorge-vor-afd-und-gruenen\/\",\"name\":\"Jugendwahlstudie 2024: &quot;Der Regierung sind wir einfache Menschen egal&quot; \u2013 Sorge vor AfD und Gr\u00fcnen - just-now.NEWS Deutschland\",\"isPartOf\":{\"@id\":\"https:\/\/now-news.de\/de\/#website\"},\"primaryImageOfPage\":{\"@id\":\"https:\/\/now-news.de\/de\/deutschland\/jugendwahlstudie-2024-der-regierung-sind-wir-einfache-menschen-egal-sorge-vor-afd-und-gruenen\/#primaryimage\"},\"image\":{\"@id\":\"https:\/\/now-news.de\/de\/deutschland\/jugendwahlstudie-2024-der-regierung-sind-wir-einfache-menschen-egal-sorge-vor-afd-und-gruenen\/#primaryimage\"},\"thumbnailUrl\":\"https:\/\/now-news.de\/de\/wp-content\/uploads\/sites\/3\/2024\/08\/Jugendwahlstudie-2024-quotDer-Regierung-sind-wir-einfache-Menschen-egalquot-\u2013.JPG\",\"datePublished\":\"2024-08-28T07:36:57+00:00\",\"dateModified\":\"2024-08-28T07:36:57+00:00\",\"breadcrumb\":{\"@id\":\"https:\/\/now-news.de\/de\/deutschland\/jugendwahlstudie-2024-der-regierung-sind-wir-einfache-menschen-egal-sorge-vor-afd-und-gruenen\/#breadcrumb\"},\"inLanguage\":\"de\",\"potentialAction\":[{\"@type\":\"ReadAction\",\"target\":[\"https:\/\/now-news.de\/de\/deutschland\/jugendwahlstudie-2024-der-regierung-sind-wir-einfache-menschen-egal-sorge-vor-afd-und-gruenen\/\"]}]},{\"@type\":\"ImageObject\",\"inLanguage\":\"de\",\"@id\":\"https:\/\/now-news.de\/de\/deutschland\/jugendwahlstudie-2024-der-regierung-sind-wir-einfache-menschen-egal-sorge-vor-afd-und-gruenen\/#primaryimage\",\"url\":\"https:\/\/now-news.de\/de\/wp-content\/uploads\/sites\/3\/2024\/08\/Jugendwahlstudie-2024-quotDer-Regierung-sind-wir-einfache-Menschen-egalquot-\u2013.JPG\",\"contentUrl\":\"https:\/\/now-news.de\/de\/wp-content\/uploads\/sites\/3\/2024\/08\/Jugendwahlstudie-2024-quotDer-Regierung-sind-wir-einfache-Menschen-egalquot-\u2013.JPG\",\"width\":728,\"height\":469,\"caption\":\"Jugendwahlstudie 2024: &quot;Der Regierung sind wir einfache Menschen egal&quot; \u2013 Sorge vor AfD und Gr\u00fcnen\"},{\"@type\":\"BreadcrumbList\",\"@id\":\"https:\/\/now-news.de\/de\/deutschland\/jugendwahlstudie-2024-der-regierung-sind-wir-einfache-menschen-egal-sorge-vor-afd-und-gruenen\/#breadcrumb\",\"itemListElement\":[{\"@type\":\"ListItem\",\"position\":1,\"name\":\"Home\",\"item\":\"https:\/\/now-news.de\/de\/\"},{\"@type\":\"ListItem\",\"position\":2,\"name\":\"Jugendwahlstudie 2024: &quot;Der Regierung sind wir einfache Menschen egal&quot; \u2013 Sorge vor AfD und Gr\u00fcnen\"}]},{\"@type\":\"WebSite\",\"@id\":\"https:\/\/now-news.de\/de\/#website\",\"url\":\"https:\/\/now-news.de\/de\/\",\"name\":\"just-now.NEWS Deutschland\",\"description\":\"Das Portal f\u00fcr unzensierte Nachrichten aus der Welt\",\"publisher\":{\"@id\":\"https:\/\/now-news.de\/de\/#organization\"},\"potentialAction\":[{\"@type\":\"SearchAction\",\"target\":{\"@type\":\"EntryPoint\",\"urlTemplate\":\"https:\/\/now-news.de\/de\/?s={search_term_string}\"},\"query-input\":\"required name=search_term_string\"}],\"inLanguage\":\"de\"},{\"@type\":\"Organization\",\"@id\":\"https:\/\/now-news.de\/de\/#organization\",\"name\":\"Just Now News\",\"url\":\"https:\/\/now-news.de\/de\/\",\"logo\":{\"@type\":\"ImageObject\",\"inLanguage\":\"de\",\"@id\":\"https:\/\/now-news.de\/de\/#\/schema\/logo\/image\/\",\"url\":\"http:\/\/just-now.news\/de\/wp-content\/uploads\/sites\/3\/2022\/04\/logo500x500.jpg\",\"contentUrl\":\"http:\/\/just-now.news\/de\/wp-content\/uploads\/sites\/3\/2022\/04\/logo500x500.jpg\",\"width\":500,\"height\":500,\"caption\":\"Just Now News\"},\"image\":{\"@id\":\"https:\/\/now-news.de\/de\/#\/schema\/logo\/image\/\"},\"sameAs\":[\"https:\/\/www.facebook.com\/wirmachenauf\",\"https:\/\/x.com\/WirMachenAuf_de\"]},{\"@type\":\"Person\",\"@id\":\"https:\/\/now-news.de\/de\/#\/schema\/person\/fb534a4e865501d8b3285208df34a9b5\",\"name\":\"rtnews\",\"image\":{\"@type\":\"ImageObject\",\"inLanguage\":\"de\",\"@id\":\"https:\/\/now-news.de\/de\/#\/schema\/person\/image\/\",\"url\":\"https:\/\/secure.gravatar.com\/avatar\/82aafea7d8127119dd649515f56e2117?s=96&d=mm&r=g\",\"contentUrl\":\"https:\/\/secure.gravatar.com\/avatar\/82aafea7d8127119dd649515f56e2117?s=96&d=mm&r=g\",\"caption\":\"rtnews\"},\"url\":\"https:\/\/now-news.de\/de\/author\/rnews\/\"}]}<\/script>\n<!-- \/ Yoast SEO Premium plugin. -->","yoast_head_json":{"title":"Jugendwahlstudie 2024: &quot;Der Regierung sind wir einfache Menschen egal&quot; \u2013 Sorge vor AfD und Gr\u00fcnen - just-now.NEWS Deutschland","robots":{"index":"index","follow":"follow","max-snippet":"max-snippet:-1","max-image-preview":"max-image-preview:large","max-video-preview":"max-video-preview:-1"},"canonical":"https:\/\/now-news.de\/de\/deutschland\/jugendwahlstudie-2024-der-regierung-sind-wir-einfache-menschen-egal-sorge-vor-afd-und-gruenen\/","og_locale":"de_DE","og_type":"article","og_title":"Jugendwahlstudie 2024: &quot;Der Regierung sind wir einfache Menschen egal&quot; \u2013 Sorge vor AfD und Gr\u00fcnen","og_description":"Jugendforscher attestieren im Rahmen einer &#8220;repr\u00e4sentativen&#8221; Umfrage den Jugendlichen in Deutschland eine Abkehr vom klassischen &#8220;Links-Rechts-Schema&#8221;. Zum Thema Perspektivlosigkeit ist die Zuversicht bei der sogenannten Generation Z demnach im Westen geringer als im Osten. Wenige Tage vor dem mit Spannung erwarteten Wahlsonntag in Th\u00fcringen und Sachsen am 1. September erkl\u00e4ren die Macher der &#8220;Jugendwahlstudie 2024&#8221;, [&hellip;]","og_url":"https:\/\/now-news.de\/de\/deutschland\/jugendwahlstudie-2024-der-regierung-sind-wir-einfache-menschen-egal-sorge-vor-afd-und-gruenen\/","og_site_name":"just-now.NEWS Deutschland","article_publisher":"https:\/\/www.facebook.com\/wirmachenauf","article_published_time":"2024-08-28T07:36:57+00:00","og_image":[{"url":"https:\/\/now-news.de\/de\/wp-content\/uploads\/sites\/3\/2024\/08\/66cebf45b480cc7c55428578.JPG"}],"author":"rtnews","twitter_card":"summary_large_image","twitter_creator":"@WirMachenAuf_de","twitter_site":"@WirMachenAuf_de","twitter_misc":{"Verfasst von":"rtnews","Gesch\u00e4tzte Lesezeit":"4\u00a0Minuten"},"schema":{"@context":"https:\/\/schema.org","@graph":[{"@type":"Article","@id":"https:\/\/now-news.de\/de\/deutschland\/jugendwahlstudie-2024-der-regierung-sind-wir-einfache-menschen-egal-sorge-vor-afd-und-gruenen\/#article","isPartOf":{"@id":"https:\/\/now-news.de\/de\/deutschland\/jugendwahlstudie-2024-der-regierung-sind-wir-einfache-menschen-egal-sorge-vor-afd-und-gruenen\/"},"author":{"name":"rtnews","@id":"https:\/\/now-news.de\/de\/#\/schema\/person\/fb534a4e865501d8b3285208df34a9b5"},"headline":"Jugendwahlstudie 2024: &quot;Der Regierung sind wir einfache Menschen egal&quot; \u2013 Sorge vor AfD und Gr\u00fcnen","datePublished":"2024-08-28T07:36:57+00:00","dateModified":"2024-08-28T07:36:57+00:00","mainEntityOfPage":{"@id":"https:\/\/now-news.de\/de\/deutschland\/jugendwahlstudie-2024-der-regierung-sind-wir-einfache-menschen-egal-sorge-vor-afd-und-gruenen\/"},"wordCount":755,"commentCount":0,"publisher":{"@id":"https:\/\/now-news.de\/de\/#organization"},"image":{"@id":"https:\/\/now-news.de\/de\/deutschland\/jugendwahlstudie-2024-der-regierung-sind-wir-einfache-menschen-egal-sorge-vor-afd-und-gruenen\/#primaryimage"},"thumbnailUrl":"https:\/\/now-news.de\/de\/wp-content\/uploads\/sites\/3\/2024\/08\/Jugendwahlstudie-2024-quotDer-Regierung-sind-wir-einfache-Menschen-egalquot-\u2013.JPG","keywords":["AfD","egalquot","einfache","GR\u00dcNEN","Jugendwahlstudie","Menschen","quotDer","Regierung","sind","Sorge","und","vor","Wir"],"articleSection":["Deutschland","Russland"],"inLanguage":"de","potentialAction":[{"@type":"CommentAction","name":"Comment","target":["https:\/\/now-news.de\/de\/deutschland\/jugendwahlstudie-2024-der-regierung-sind-wir-einfache-menschen-egal-sorge-vor-afd-und-gruenen\/#respond"]}]},{"@type":"WebPage","@id":"https:\/\/now-news.de\/de\/deutschland\/jugendwahlstudie-2024-der-regierung-sind-wir-einfache-menschen-egal-sorge-vor-afd-und-gruenen\/","url":"https:\/\/now-news.de\/de\/deutschland\/jugendwahlstudie-2024-der-regierung-sind-wir-einfache-menschen-egal-sorge-vor-afd-und-gruenen\/","name":"Jugendwahlstudie 2024: &quot;Der Regierung sind wir einfache Menschen egal&quot; \u2013 Sorge vor AfD und Gr\u00fcnen - just-now.NEWS Deutschland","isPartOf":{"@id":"https:\/\/now-news.de\/de\/#website"},"primaryImageOfPage":{"@id":"https:\/\/now-news.de\/de\/deutschland\/jugendwahlstudie-2024-der-regierung-sind-wir-einfache-menschen-egal-sorge-vor-afd-und-gruenen\/#primaryimage"},"image":{"@id":"https:\/\/now-news.de\/de\/deutschland\/jugendwahlstudie-2024-der-regierung-sind-wir-einfache-menschen-egal-sorge-vor-afd-und-gruenen\/#primaryimage"},"thumbnailUrl":"https:\/\/now-news.de\/de\/wp-content\/uploads\/sites\/3\/2024\/08\/Jugendwahlstudie-2024-quotDer-Regierung-sind-wir-einfache-Menschen-egalquot-\u2013.JPG","datePublished":"2024-08-28T07:36:57+00:00","dateModified":"2024-08-28T07:36:57+00:00","breadcrumb":{"@id":"https:\/\/now-news.de\/de\/deutschland\/jugendwahlstudie-2024-der-regierung-sind-wir-einfache-menschen-egal-sorge-vor-afd-und-gruenen\/#breadcrumb"},"inLanguage":"de","potentialAction":[{"@type":"ReadAction","target":["https:\/\/now-news.de\/de\/deutschland\/jugendwahlstudie-2024-der-regierung-sind-wir-einfache-menschen-egal-sorge-vor-afd-und-gruenen\/"]}]},{"@type":"ImageObject","inLanguage":"de","@id":"https:\/\/now-news.de\/de\/deutschland\/jugendwahlstudie-2024-der-regierung-sind-wir-einfache-menschen-egal-sorge-vor-afd-und-gruenen\/#primaryimage","url":"https:\/\/now-news.de\/de\/wp-content\/uploads\/sites\/3\/2024\/08\/Jugendwahlstudie-2024-quotDer-Regierung-sind-wir-einfache-Menschen-egalquot-\u2013.JPG","contentUrl":"https:\/\/now-news.de\/de\/wp-content\/uploads\/sites\/3\/2024\/08\/Jugendwahlstudie-2024-quotDer-Regierung-sind-wir-einfache-Menschen-egalquot-\u2013.JPG","width":728,"height":469,"caption":"Jugendwahlstudie 2024: &quot;Der Regierung sind wir einfache Menschen egal&quot; \u2013 Sorge vor AfD und Gr\u00fcnen"},{"@type":"BreadcrumbList","@id":"https:\/\/now-news.de\/de\/deutschland\/jugendwahlstudie-2024-der-regierung-sind-wir-einfache-menschen-egal-sorge-vor-afd-und-gruenen\/#breadcrumb","itemListElement":[{"@type":"ListItem","position":1,"name":"Home","item":"https:\/\/now-news.de\/de\/"},{"@type":"ListItem","position":2,"name":"Jugendwahlstudie 2024: &quot;Der Regierung sind wir einfache Menschen egal&quot; \u2013 Sorge vor AfD und Gr\u00fcnen"}]},{"@type":"WebSite","@id":"https:\/\/now-news.de\/de\/#website","url":"https:\/\/now-news.de\/de\/","name":"just-now.NEWS Deutschland","description":"Das Portal f\u00fcr unzensierte Nachrichten aus der Welt","publisher":{"@id":"https:\/\/now-news.de\/de\/#organization"},"potentialAction":[{"@type":"SearchAction","target":{"@type":"EntryPoint","urlTemplate":"https:\/\/now-news.de\/de\/?s={search_term_string}"},"query-input":"required name=search_term_string"}],"inLanguage":"de"},{"@type":"Organization","@id":"https:\/\/now-news.de\/de\/#organization","name":"Just Now News","url":"https:\/\/now-news.de\/de\/","logo":{"@type":"ImageObject","inLanguage":"de","@id":"https:\/\/now-news.de\/de\/#\/schema\/logo\/image\/","url":"http:\/\/just-now.news\/de\/wp-content\/uploads\/sites\/3\/2022\/04\/logo500x500.jpg","contentUrl":"http:\/\/just-now.news\/de\/wp-content\/uploads\/sites\/3\/2022\/04\/logo500x500.jpg","width":500,"height":500,"caption":"Just Now News"},"image":{"@id":"https:\/\/now-news.de\/de\/#\/schema\/logo\/image\/"},"sameAs":["https:\/\/www.facebook.com\/wirmachenauf","https:\/\/x.com\/WirMachenAuf_de"]},{"@type":"Person","@id":"https:\/\/now-news.de\/de\/#\/schema\/person\/fb534a4e865501d8b3285208df34a9b5","name":"rtnews","image":{"@type":"ImageObject","inLanguage":"de","@id":"https:\/\/now-news.de\/de\/#\/schema\/person\/image\/","url":"https:\/\/secure.gravatar.com\/avatar\/82aafea7d8127119dd649515f56e2117?s=96&d=mm&r=g","contentUrl":"https:\/\/secure.gravatar.com\/avatar\/82aafea7d8127119dd649515f56e2117?s=96&d=mm&r=g","caption":"rtnews"},"url":"https:\/\/now-news.de\/de\/author\/rnews\/"}]}},"_links":{"self":[{"href":"https:\/\/now-news.de\/de\/wp-json\/wp\/v2\/posts\/67652"}],"collection":[{"href":"https:\/\/now-news.de\/de\/wp-json\/wp\/v2\/posts"}],"about":[{"href":"https:\/\/now-news.de\/de\/wp-json\/wp\/v2\/types\/post"}],"author":[{"embeddable":true,"href":"https:\/\/now-news.de\/de\/wp-json\/wp\/v2\/users\/3"}],"replies":[{"embeddable":true,"href":"https:\/\/now-news.de\/de\/wp-json\/wp\/v2\/comments?post=67652"}],"version-history":[{"count":0,"href":"https:\/\/now-news.de\/de\/wp-json\/wp\/v2\/posts\/67652\/revisions"}],"wp:featuredmedia":[{"embeddable":true,"href":"https:\/\/now-news.de\/de\/wp-json\/wp\/v2\/media\/67653"}],"wp:attachment":[{"href":"https:\/\/now-news.de\/de\/wp-json\/wp\/v2\/media?parent=67652"}],"wp:term":[{"taxonomy":"category","embeddable":true,"href":"https:\/\/now-news.de\/de\/wp-json\/wp\/v2\/categories?post=67652"},{"taxonomy":"post_tag","embeddable":true,"href":"https:\/\/now-news.de\/de\/wp-json\/wp\/v2\/tags?post=67652"}],"curies":[{"name":"wp","href":"https:\/\/api.w.org\/{rel}","templated":true}]}}