{"id":67590,"date":"2024-08-27T14:01:57","date_gmt":"2024-08-27T12:01:57","guid":{"rendered":"https:\/\/now-news.de\/de\/deutschland\/palaestina-will-brics-mitgliedschaft-beantragen\/"},"modified":"2024-08-27T14:01:57","modified_gmt":"2024-08-27T12:01:57","slug":"palaestina-will-brics-mitgliedschaft-beantragen","status":"publish","type":"post","link":"https:\/\/now-news.de\/de\/deutschland\/palaestina-will-brics-mitgliedschaft-beantragen\/","title":{"rendered":"Pal\u00e4stina will BRICS-Mitgliedschaft beantragen"},"content":{"rendered":"<p><img decoding=\"async\" src=\"https:\/\/now-news.de\/de\/wp-content\/uploads\/sites\/3\/2024\/08\/66cda797b480cc75ef31ef16.jpg\" \/><\/p>\n<div class=\"Text-root Text-type_1 \">\n                Der russische Pr\u00e4sident Wladimir Putin hat seinen pal\u00e4stinensischen Amtskollegen Mahmoud Abbas zur Teilnahme am BRICS-Gipfel im Oktober in Kasan eingeladen. Diskutiert werden soll dort auch \u00fcber die Situation rund um Pal\u00e4stina, das danach die Aufnahme in die BRICS-Staatengruppe beantragen will.\n            <\/div>\n<p><\/p>\n<div class=\"Text-root Text-type_5 ArticleView-text ViewText-root \">\n<p>Der pal\u00e4stinensische Botschafter in Russland, Abdel Hafiz Nofal, teilte auf einer Pressekonferenz mit, dass Pal\u00e4stina nach dem Oktober-Gipfel in Kasan einen Antrag auf Beitritt zur BRICS-Gruppe stellen wird. Auf dem Gipfel in Kasan soll zudem eine BRICS-Sitzung der Situation im Gazastreifen gewidmet werden. Das <a rel=\"nofollow noopener\" target=\"_blank\" href=\"https:\/\/tass.com\/world\/1833973\">meldete<\/a> die Nachrichtenagentur <em>TASS<\/em> am Montag.<\/p>\n<p>Zuvor am selben Tag hatte die <em>TASS<\/em> schon in einer fr\u00fcheren Nachricht <a rel=\"nofollow noopener\" target=\"_blank\" href=\"https:\/\/tass.com\/politics\/1833931\">berichtet<\/a>, dass der russische Pr\u00e4sident Wladimir Putin den pal\u00e4stinensischen Pr\u00e4sidenten Mahmoud Abbas offiziell zur Teilnahme am BRICS-Gipfel im Oktober in Kasan eingeladen habe. Der pal\u00e4stinensische Botschafter in Russland, Abdel Hafiz Nofal, hatte dies in einer Pressekonferenz erkl\u00e4rt und hinzugef\u00fcgt, dass die Pal\u00e4stinenser sehr positive Erwartungen an diesen BRICS-Gipfel h\u00e4tten. Putin habe zugesagt, dass eine Sitzung auf dem Oktober-Gipfeltreffen ganz der Situation in Pal\u00e4stina gewidmet sein werde. Schlie\u00dflich teilte Nofal auch mit, Pal\u00e4stina werde direkt nach der ersten Teilnahme an einer BRICS-Konferenz den Beitritt zum BRICS-Staatenb\u00fcndnis beantragen<em>. <\/em>Weiters erkl\u00e4rte er, die Einladung Pal\u00e4stinas zum Gipfel in Kasan sei eine &#8220;positive Botschaft&#8221; und ein Zeichen der Unterst\u00fctzung f\u00fcr das pal\u00e4stinensische Volk. Er hob die Bedeutung der Einladung hervor:<\/p>\n<blockquote>\n<p><em>&#8220;Diese Einladung bedeutet, dass trotz aller Verbrechen, Morde und Zerst\u00f6rungen im Gazastreifen unsere Botschaft lautet, dass Pal\u00e4stina leben und sich entwickeln will.&#8221;<\/em><\/p>\n<\/blockquote>\n<p>Zuvor hatte Mahmoud Abbas in einem Interview mit dem Ersten Stellvertretenden Generaldirektor der <em>TASS<\/em>, Mikhail Gusman, die M\u00f6glichkeit erw\u00e4hnt, auf dem BRICS-Gipfel eine Sondersitzung abzuhalten, die ausschlie\u00dflich Pal\u00e4stina gewidmet ist, damit alle teilnehmenden L\u00e4nder ihre Meinung zu den aktuellen Ereignissen dort \u00e4u\u00dfern k\u00f6nnen. Nofal teilte auf der Pressekonferenz zudem mit, dass auch die zwischenstaatliche russisch-pal\u00e4stinensische Wirtschaftskommission f\u00fcr Dezember eine Sitzung in Moskau einberufen habe.<\/p>\n<p>Anl\u00e4sslich der geplanten Teilnahme Pal\u00e4stinas am BRICS-Gipfel im Oktober <a rel=\"nofollow noopener\" target=\"_blank\" href=\"https:\/\/thecradle.co\/articles-id\/26592\">wies das Nachrichtenmagazin<\/a>\u00a0<em>The Cradle<\/em> am Montag noch einmal darauf hin, dass die BRICS-Staaten zuletzt im Juni das Vorgehen Israels gegen die Pal\u00e4stinenser in Gaza verurteilten. Am 10. Juni trafen sich BRICS-Minister f\u00fcr ausw\u00e4rtige Angelegenheiten und internationale Beziehungen in Nischni Nowgorod, Russische F\u00f6deration. In ihrer abschlie\u00dfenden gemeinsamen Erkl\u00e4rung forderten sie die Konfliktparteien zu einem raschen Waffenstillstand und zur ungehinderten Lieferung von Hilfsg\u00fctern in den Gazastreifen auf. Au\u00dferdem wies der Block dabei Versuche zur\u00fcck, die Pal\u00e4stinenser gewaltsam von ihrem Land zu vertreiben, und warnte vor den Auswirkungen der zunehmenden Spannungen in Westasien. Unter <a rel=\"nofollow noopener\" target=\"_blank\" href=\"https:\/\/www.mea.gov.in\/bilateral-documents.htm?dtl\/37860\/Joint_Statement_of_the_BRICS_Ministers_of_Foreign_AffairsInternational_Relations\">Punkt 35 der Erkl\u00e4rung<\/a> verpflichteten sich die BRICS-Mitglieder zum Engagement f\u00fcr die Errichtung eines unabh\u00e4ngigen souver\u00e4nen pal\u00e4stinensischen Staates:<\/p>\n<blockquote>\n<p><em>&#8220;35. Die Minister bekr\u00e4ftigten ihre Unterst\u00fctzung f\u00fcr die Vollmitgliedschaft Pal\u00e4stinas in den Vereinten Nationen. Sie bekr\u00e4ftigten ihr unersch\u00fctterliches Engagement f\u00fcr die Vision einer Zweistaatenl\u00f6sung auf der Grundlage des V\u00f6lkerrechts, einschlie\u00dflich der einschl\u00e4gigen Resolutionen des UN-Sicherheitsrats und der Generalversammlung der Vereinten Nationen sowie der arabischen Friedensinitiative. Diese beinhaltet die Errichtung eines souver\u00e4nen, unabh\u00e4ngigen und lebensf\u00e4higen Staates Pal\u00e4stina in den international anerkannten Grenzen vom Juni 1967 mit Ost-Jerusalem als Hauptstadt, der Seite an Seite mit Israel in Frieden und Sicherheit lebt.&#8221;<\/em><\/p>\n<\/blockquote>\n<p><strong>Mehr zum Thema<\/strong> \u2013 <a rel=\"nofollow noopener\" target=\"_blank\" href=\"https:\/\/dert.online\/meinung\/215346-zwei-pfeiler-brics-russland-und\/\">Die zwei Pfeiler der BRICS: Russland und China als treibende Kr\u00e4fte einer neuen Weltordnung<\/a><\/p>\n<\/div>\n<p><br \/>\n<br \/><a href=\"https:\/\/de.rt.com\/international\/216997-palaestina-wird-brics-mitgliedschaft-beantragen\/\">Source link <\/a><\/p>\n","protected":false},"excerpt":{"rendered":"<p>Der russische Pr\u00e4sident Wladimir Putin hat seinen pal\u00e4stinensischen Amtskollegen Mahmoud Abbas zur Teilnahme am BRICS-Gipfel im Oktober in Kasan eingeladen. Diskutiert werden soll dort auch \u00fcber die Situation rund um Pal\u00e4stina, das danach die Aufnahme in die BRICS-Staatengruppe beantragen will. Der pal\u00e4stinensische Botschafter in Russland, Abdel Hafiz Nofal, teilte auf einer Pressekonferenz mit, dass Pal\u00e4stina [&hellip;]<\/p>\n","protected":false},"author":3,"featured_media":67591,"comment_status":"open","ping_status":"open","sticky":false,"template":"","format":"standard","meta":{"_yoast_indexnow_last_ping":["1724760937"],"wp_automatic_camp":["217"],"4fa3212e316f4a7570566a03b754dcc6":["Pal\u00e4stina will BRICS-Mitgliedschaft beantragen"],"original_link":["https:\/\/de.rt.com\/international\/216997-palaestina-wird-brics-mitgliedschaft-beantragen\/"],"_thumbnail_id":["67591"],"_wptgpro_p2tg_sent2tg":["a:1:{i:23737;s:19:\"2024-08-27 14:16:46\";}"],"jnews_social_counter_last_update":["1777276453"]},"categories":[19,23],"tags":[11850,26039,38071],"yoast_head":"<!-- This site is optimized with the Yoast SEO Premium plugin v22.7 (Yoast SEO v22.7) - https:\/\/yoast.com\/wordpress\/plugins\/seo\/ -->\n<title>Pal\u00e4stina will BRICS-Mitgliedschaft beantragen - just-now.NEWS Deutschland<\/title>\n<meta name=\"robots\" content=\"index, follow, max-snippet:-1, max-image-preview:large, max-video-preview:-1\" \/>\n<link rel=\"canonical\" href=\"https:\/\/now-news.de\/de\/deutschland\/palaestina-will-brics-mitgliedschaft-beantragen\/\" \/>\n<meta property=\"og:locale\" content=\"de_DE\" \/>\n<meta property=\"og:type\" content=\"article\" \/>\n<meta property=\"og:title\" content=\"Pal\u00e4stina will BRICS-Mitgliedschaft beantragen\" \/>\n<meta property=\"og:description\" content=\"Der russische Pr\u00e4sident Wladimir Putin hat seinen pal\u00e4stinensischen Amtskollegen Mahmoud Abbas zur Teilnahme am BRICS-Gipfel im Oktober in Kasan eingeladen. Diskutiert werden soll dort auch \u00fcber die Situation rund um Pal\u00e4stina, das danach die Aufnahme in die BRICS-Staatengruppe beantragen will. Der pal\u00e4stinensische Botschafter in Russland, Abdel Hafiz Nofal, teilte auf einer Pressekonferenz mit, dass Pal\u00e4stina [&hellip;]\" \/>\n<meta property=\"og:url\" content=\"https:\/\/now-news.de\/de\/deutschland\/palaestina-will-brics-mitgliedschaft-beantragen\/\" \/>\n<meta property=\"og:site_name\" content=\"just-now.NEWS Deutschland\" \/>\n<meta property=\"article:publisher\" content=\"https:\/\/www.facebook.com\/wirmachenauf\" \/>\n<meta property=\"article:published_time\" content=\"2024-08-27T12:01:57+00:00\" \/>\n<meta property=\"og:image\" content=\"https:\/\/now-news.de\/de\/wp-content\/uploads\/sites\/3\/2024\/08\/66cda797b480cc75ef31ef16.jpg\" \/>\n<meta name=\"author\" content=\"rtnews\" \/>\n<meta name=\"twitter:card\" content=\"summary_large_image\" \/>\n<meta name=\"twitter:creator\" content=\"@WirMachenAuf_de\" \/>\n<meta name=\"twitter:site\" content=\"@WirMachenAuf_de\" \/>\n<meta name=\"twitter:label1\" content=\"Verfasst von\" \/>\n\t<meta name=\"twitter:data1\" content=\"rtnews\" \/>\n\t<meta name=\"twitter:label2\" content=\"Gesch\u00e4tzte Lesezeit\" \/>\n\t<meta name=\"twitter:data2\" content=\"3\u00a0Minuten\" \/>\n<script type=\"application\/ld+json\" class=\"yoast-schema-graph\">{\"@context\":\"https:\/\/schema.org\",\"@graph\":[{\"@type\":\"Article\",\"@id\":\"https:\/\/now-news.de\/de\/deutschland\/palaestina-will-brics-mitgliedschaft-beantragen\/#article\",\"isPartOf\":{\"@id\":\"https:\/\/now-news.de\/de\/deutschland\/palaestina-will-brics-mitgliedschaft-beantragen\/\"},\"author\":{\"name\":\"rtnews\",\"@id\":\"https:\/\/now-news.de\/de\/#\/schema\/person\/fb534a4e865501d8b3285208df34a9b5\"},\"headline\":\"Pal\u00e4stina will BRICS-Mitgliedschaft beantragen\",\"datePublished\":\"2024-08-27T12:01:57+00:00\",\"dateModified\":\"2024-08-27T12:01:57+00:00\",\"mainEntityOfPage\":{\"@id\":\"https:\/\/now-news.de\/de\/deutschland\/palaestina-will-brics-mitgliedschaft-beantragen\/\"},\"wordCount\":590,\"commentCount\":0,\"publisher\":{\"@id\":\"https:\/\/now-news.de\/de\/#organization\"},\"image\":{\"@id\":\"https:\/\/now-news.de\/de\/deutschland\/palaestina-will-brics-mitgliedschaft-beantragen\/#primaryimage\"},\"thumbnailUrl\":\"https:\/\/now-news.de\/de\/wp-content\/uploads\/sites\/3\/2024\/08\/Palaestina-will-BRICS-Mitgliedschaft-beantragen.jpg\",\"keywords\":[\"beantragen\",\"BRICSMitgliedschaft\",\"Pal\u00e4stina\"],\"articleSection\":[\"Deutschland\",\"Russland\"],\"inLanguage\":\"de\",\"potentialAction\":[{\"@type\":\"CommentAction\",\"name\":\"Comment\",\"target\":[\"https:\/\/now-news.de\/de\/deutschland\/palaestina-will-brics-mitgliedschaft-beantragen\/#respond\"]}]},{\"@type\":\"WebPage\",\"@id\":\"https:\/\/now-news.de\/de\/deutschland\/palaestina-will-brics-mitgliedschaft-beantragen\/\",\"url\":\"https:\/\/now-news.de\/de\/deutschland\/palaestina-will-brics-mitgliedschaft-beantragen\/\",\"name\":\"Pal\u00e4stina will BRICS-Mitgliedschaft beantragen - just-now.NEWS Deutschland\",\"isPartOf\":{\"@id\":\"https:\/\/now-news.de\/de\/#website\"},\"primaryImageOfPage\":{\"@id\":\"https:\/\/now-news.de\/de\/deutschland\/palaestina-will-brics-mitgliedschaft-beantragen\/#primaryimage\"},\"image\":{\"@id\":\"https:\/\/now-news.de\/de\/deutschland\/palaestina-will-brics-mitgliedschaft-beantragen\/#primaryimage\"},\"thumbnailUrl\":\"https:\/\/now-news.de\/de\/wp-content\/uploads\/sites\/3\/2024\/08\/Palaestina-will-BRICS-Mitgliedschaft-beantragen.jpg\",\"datePublished\":\"2024-08-27T12:01:57+00:00\",\"dateModified\":\"2024-08-27T12:01:57+00:00\",\"breadcrumb\":{\"@id\":\"https:\/\/now-news.de\/de\/deutschland\/palaestina-will-brics-mitgliedschaft-beantragen\/#breadcrumb\"},\"inLanguage\":\"de\",\"potentialAction\":[{\"@type\":\"ReadAction\",\"target\":[\"https:\/\/now-news.de\/de\/deutschland\/palaestina-will-brics-mitgliedschaft-beantragen\/\"]}]},{\"@type\":\"ImageObject\",\"inLanguage\":\"de\",\"@id\":\"https:\/\/now-news.de\/de\/deutschland\/palaestina-will-brics-mitgliedschaft-beantragen\/#primaryimage\",\"url\":\"https:\/\/now-news.de\/de\/wp-content\/uploads\/sites\/3\/2024\/08\/Palaestina-will-BRICS-Mitgliedschaft-beantragen.jpg\",\"contentUrl\":\"https:\/\/now-news.de\/de\/wp-content\/uploads\/sites\/3\/2024\/08\/Palaestina-will-BRICS-Mitgliedschaft-beantragen.jpg\",\"width\":460,\"height\":259,\"caption\":\"Pal\u00e4stina will BRICS-Mitgliedschaft beantragen\"},{\"@type\":\"BreadcrumbList\",\"@id\":\"https:\/\/now-news.de\/de\/deutschland\/palaestina-will-brics-mitgliedschaft-beantragen\/#breadcrumb\",\"itemListElement\":[{\"@type\":\"ListItem\",\"position\":1,\"name\":\"Home\",\"item\":\"https:\/\/now-news.de\/de\/\"},{\"@type\":\"ListItem\",\"position\":2,\"name\":\"Pal\u00e4stina will BRICS-Mitgliedschaft beantragen\"}]},{\"@type\":\"WebSite\",\"@id\":\"https:\/\/now-news.de\/de\/#website\",\"url\":\"https:\/\/now-news.de\/de\/\",\"name\":\"just-now.NEWS Deutschland\",\"description\":\"Das Portal f\u00fcr unzensierte Nachrichten aus der Welt\",\"publisher\":{\"@id\":\"https:\/\/now-news.de\/de\/#organization\"},\"potentialAction\":[{\"@type\":\"SearchAction\",\"target\":{\"@type\":\"EntryPoint\",\"urlTemplate\":\"https:\/\/now-news.de\/de\/?s={search_term_string}\"},\"query-input\":\"required name=search_term_string\"}],\"inLanguage\":\"de\"},{\"@type\":\"Organization\",\"@id\":\"https:\/\/now-news.de\/de\/#organization\",\"name\":\"Just Now News\",\"url\":\"https:\/\/now-news.de\/de\/\",\"logo\":{\"@type\":\"ImageObject\",\"inLanguage\":\"de\",\"@id\":\"https:\/\/now-news.de\/de\/#\/schema\/logo\/image\/\",\"url\":\"http:\/\/just-now.news\/de\/wp-content\/uploads\/sites\/3\/2022\/04\/logo500x500.jpg\",\"contentUrl\":\"http:\/\/just-now.news\/de\/wp-content\/uploads\/sites\/3\/2022\/04\/logo500x500.jpg\",\"width\":500,\"height\":500,\"caption\":\"Just Now News\"},\"image\":{\"@id\":\"https:\/\/now-news.de\/de\/#\/schema\/logo\/image\/\"},\"sameAs\":[\"https:\/\/www.facebook.com\/wirmachenauf\",\"https:\/\/x.com\/WirMachenAuf_de\"]},{\"@type\":\"Person\",\"@id\":\"https:\/\/now-news.de\/de\/#\/schema\/person\/fb534a4e865501d8b3285208df34a9b5\",\"name\":\"rtnews\",\"image\":{\"@type\":\"ImageObject\",\"inLanguage\":\"de\",\"@id\":\"https:\/\/now-news.de\/de\/#\/schema\/person\/image\/\",\"url\":\"https:\/\/secure.gravatar.com\/avatar\/82aafea7d8127119dd649515f56e2117?s=96&d=mm&r=g\",\"contentUrl\":\"https:\/\/secure.gravatar.com\/avatar\/82aafea7d8127119dd649515f56e2117?s=96&d=mm&r=g\",\"caption\":\"rtnews\"},\"url\":\"https:\/\/now-news.de\/de\/author\/rnews\/\"}]}<\/script>\n<!-- \/ Yoast SEO Premium plugin. -->","yoast_head_json":{"title":"Pal\u00e4stina will BRICS-Mitgliedschaft beantragen - just-now.NEWS Deutschland","robots":{"index":"index","follow":"follow","max-snippet":"max-snippet:-1","max-image-preview":"max-image-preview:large","max-video-preview":"max-video-preview:-1"},"canonical":"https:\/\/now-news.de\/de\/deutschland\/palaestina-will-brics-mitgliedschaft-beantragen\/","og_locale":"de_DE","og_type":"article","og_title":"Pal\u00e4stina will BRICS-Mitgliedschaft beantragen","og_description":"Der russische Pr\u00e4sident Wladimir Putin hat seinen pal\u00e4stinensischen Amtskollegen Mahmoud Abbas zur Teilnahme am BRICS-Gipfel im Oktober in Kasan eingeladen. Diskutiert werden soll dort auch \u00fcber die Situation rund um Pal\u00e4stina, das danach die Aufnahme in die BRICS-Staatengruppe beantragen will. Der pal\u00e4stinensische Botschafter in Russland, Abdel Hafiz Nofal, teilte auf einer Pressekonferenz mit, dass Pal\u00e4stina [&hellip;]","og_url":"https:\/\/now-news.de\/de\/deutschland\/palaestina-will-brics-mitgliedschaft-beantragen\/","og_site_name":"just-now.NEWS Deutschland","article_publisher":"https:\/\/www.facebook.com\/wirmachenauf","article_published_time":"2024-08-27T12:01:57+00:00","og_image":[{"url":"https:\/\/now-news.de\/de\/wp-content\/uploads\/sites\/3\/2024\/08\/66cda797b480cc75ef31ef16.jpg"}],"author":"rtnews","twitter_card":"summary_large_image","twitter_creator":"@WirMachenAuf_de","twitter_site":"@WirMachenAuf_de","twitter_misc":{"Verfasst von":"rtnews","Gesch\u00e4tzte Lesezeit":"3\u00a0Minuten"},"schema":{"@context":"https:\/\/schema.org","@graph":[{"@type":"Article","@id":"https:\/\/now-news.de\/de\/deutschland\/palaestina-will-brics-mitgliedschaft-beantragen\/#article","isPartOf":{"@id":"https:\/\/now-news.de\/de\/deutschland\/palaestina-will-brics-mitgliedschaft-beantragen\/"},"author":{"name":"rtnews","@id":"https:\/\/now-news.de\/de\/#\/schema\/person\/fb534a4e865501d8b3285208df34a9b5"},"headline":"Pal\u00e4stina will BRICS-Mitgliedschaft beantragen","datePublished":"2024-08-27T12:01:57+00:00","dateModified":"2024-08-27T12:01:57+00:00","mainEntityOfPage":{"@id":"https:\/\/now-news.de\/de\/deutschland\/palaestina-will-brics-mitgliedschaft-beantragen\/"},"wordCount":590,"commentCount":0,"publisher":{"@id":"https:\/\/now-news.de\/de\/#organization"},"image":{"@id":"https:\/\/now-news.de\/de\/deutschland\/palaestina-will-brics-mitgliedschaft-beantragen\/#primaryimage"},"thumbnailUrl":"https:\/\/now-news.de\/de\/wp-content\/uploads\/sites\/3\/2024\/08\/Palaestina-will-BRICS-Mitgliedschaft-beantragen.jpg","keywords":["beantragen","BRICSMitgliedschaft","Pal\u00e4stina"],"articleSection":["Deutschland","Russland"],"inLanguage":"de","potentialAction":[{"@type":"CommentAction","name":"Comment","target":["https:\/\/now-news.de\/de\/deutschland\/palaestina-will-brics-mitgliedschaft-beantragen\/#respond"]}]},{"@type":"WebPage","@id":"https:\/\/now-news.de\/de\/deutschland\/palaestina-will-brics-mitgliedschaft-beantragen\/","url":"https:\/\/now-news.de\/de\/deutschland\/palaestina-will-brics-mitgliedschaft-beantragen\/","name":"Pal\u00e4stina will BRICS-Mitgliedschaft beantragen - just-now.NEWS Deutschland","isPartOf":{"@id":"https:\/\/now-news.de\/de\/#website"},"primaryImageOfPage":{"@id":"https:\/\/now-news.de\/de\/deutschland\/palaestina-will-brics-mitgliedschaft-beantragen\/#primaryimage"},"image":{"@id":"https:\/\/now-news.de\/de\/deutschland\/palaestina-will-brics-mitgliedschaft-beantragen\/#primaryimage"},"thumbnailUrl":"https:\/\/now-news.de\/de\/wp-content\/uploads\/sites\/3\/2024\/08\/Palaestina-will-BRICS-Mitgliedschaft-beantragen.jpg","datePublished":"2024-08-27T12:01:57+00:00","dateModified":"2024-08-27T12:01:57+00:00","breadcrumb":{"@id":"https:\/\/now-news.de\/de\/deutschland\/palaestina-will-brics-mitgliedschaft-beantragen\/#breadcrumb"},"inLanguage":"de","potentialAction":[{"@type":"ReadAction","target":["https:\/\/now-news.de\/de\/deutschland\/palaestina-will-brics-mitgliedschaft-beantragen\/"]}]},{"@type":"ImageObject","inLanguage":"de","@id":"https:\/\/now-news.de\/de\/deutschland\/palaestina-will-brics-mitgliedschaft-beantragen\/#primaryimage","url":"https:\/\/now-news.de\/de\/wp-content\/uploads\/sites\/3\/2024\/08\/Palaestina-will-BRICS-Mitgliedschaft-beantragen.jpg","contentUrl":"https:\/\/now-news.de\/de\/wp-content\/uploads\/sites\/3\/2024\/08\/Palaestina-will-BRICS-Mitgliedschaft-beantragen.jpg","width":460,"height":259,"caption":"Pal\u00e4stina will BRICS-Mitgliedschaft beantragen"},{"@type":"BreadcrumbList","@id":"https:\/\/now-news.de\/de\/deutschland\/palaestina-will-brics-mitgliedschaft-beantragen\/#breadcrumb","itemListElement":[{"@type":"ListItem","position":1,"name":"Home","item":"https:\/\/now-news.de\/de\/"},{"@type":"ListItem","position":2,"name":"Pal\u00e4stina will BRICS-Mitgliedschaft beantragen"}]},{"@type":"WebSite","@id":"https:\/\/now-news.de\/de\/#website","url":"https:\/\/now-news.de\/de\/","name":"just-now.NEWS Deutschland","description":"Das Portal f\u00fcr unzensierte Nachrichten aus der Welt","publisher":{"@id":"https:\/\/now-news.de\/de\/#organization"},"potentialAction":[{"@type":"SearchAction","target":{"@type":"EntryPoint","urlTemplate":"https:\/\/now-news.de\/de\/?s={search_term_string}"},"query-input":"required name=search_term_string"}],"inLanguage":"de"},{"@type":"Organization","@id":"https:\/\/now-news.de\/de\/#organization","name":"Just Now News","url":"https:\/\/now-news.de\/de\/","logo":{"@type":"ImageObject","inLanguage":"de","@id":"https:\/\/now-news.de\/de\/#\/schema\/logo\/image\/","url":"http:\/\/just-now.news\/de\/wp-content\/uploads\/sites\/3\/2022\/04\/logo500x500.jpg","contentUrl":"http:\/\/just-now.news\/de\/wp-content\/uploads\/sites\/3\/2022\/04\/logo500x500.jpg","width":500,"height":500,"caption":"Just Now News"},"image":{"@id":"https:\/\/now-news.de\/de\/#\/schema\/logo\/image\/"},"sameAs":["https:\/\/www.facebook.com\/wirmachenauf","https:\/\/x.com\/WirMachenAuf_de"]},{"@type":"Person","@id":"https:\/\/now-news.de\/de\/#\/schema\/person\/fb534a4e865501d8b3285208df34a9b5","name":"rtnews","image":{"@type":"ImageObject","inLanguage":"de","@id":"https:\/\/now-news.de\/de\/#\/schema\/person\/image\/","url":"https:\/\/secure.gravatar.com\/avatar\/82aafea7d8127119dd649515f56e2117?s=96&d=mm&r=g","contentUrl":"https:\/\/secure.gravatar.com\/avatar\/82aafea7d8127119dd649515f56e2117?s=96&d=mm&r=g","caption":"rtnews"},"url":"https:\/\/now-news.de\/de\/author\/rnews\/"}]}},"_links":{"self":[{"href":"https:\/\/now-news.de\/de\/wp-json\/wp\/v2\/posts\/67590"}],"collection":[{"href":"https:\/\/now-news.de\/de\/wp-json\/wp\/v2\/posts"}],"about":[{"href":"https:\/\/now-news.de\/de\/wp-json\/wp\/v2\/types\/post"}],"author":[{"embeddable":true,"href":"https:\/\/now-news.de\/de\/wp-json\/wp\/v2\/users\/3"}],"replies":[{"embeddable":true,"href":"https:\/\/now-news.de\/de\/wp-json\/wp\/v2\/comments?post=67590"}],"version-history":[{"count":0,"href":"https:\/\/now-news.de\/de\/wp-json\/wp\/v2\/posts\/67590\/revisions"}],"wp:featuredmedia":[{"embeddable":true,"href":"https:\/\/now-news.de\/de\/wp-json\/wp\/v2\/media\/67591"}],"wp:attachment":[{"href":"https:\/\/now-news.de\/de\/wp-json\/wp\/v2\/media?parent=67590"}],"wp:term":[{"taxonomy":"category","embeddable":true,"href":"https:\/\/now-news.de\/de\/wp-json\/wp\/v2\/categories?post=67590"},{"taxonomy":"post_tag","embeddable":true,"href":"https:\/\/now-news.de\/de\/wp-json\/wp\/v2\/tags?post=67590"}],"curies":[{"name":"wp","href":"https:\/\/api.w.org\/{rel}","templated":true}]}}