{"id":67560,"date":"2024-08-27T06:30:24","date_gmt":"2024-08-27T04:30:24","guid":{"rendered":"https:\/\/now-news.de\/de\/deutschland\/pruegeln-treten-wuergen-deutsche-presse-verschweigt-polizeigewalt-gegen-palaestina-demonstranten\/"},"modified":"2024-08-27T06:30:24","modified_gmt":"2024-08-27T04:30:24","slug":"pruegeln-treten-wuergen-deutsche-presse-verschweigt-polizeigewalt-gegen-palaestina-demonstranten","status":"publish","type":"post","link":"https:\/\/now-news.de\/de\/deutschland\/pruegeln-treten-wuergen-deutsche-presse-verschweigt-polizeigewalt-gegen-palaestina-demonstranten\/","title":{"rendered":"Pr\u00fcgeln, treten, w\u00fcrgen: Deutsche Presse verschweigt Polizeigewalt gegen Pal\u00e4stina-Demonstranten"},"content":{"rendered":"<p><img decoding=\"async\" src=\"https:\/\/now-news.de\/de\/wp-content\/uploads\/sites\/3\/2024\/08\/66ccb959b480cc3adc137b36.jpg\" \/><\/p>\n<div class=\"Text-root Text-type_1 \">\n                St\u00e4ndig liest man in deutschen Medien \u00fcber angebliche Volksverhetzung und Gewalt auf Pal\u00e4stina-Demos. Die Botschaft lautet: alles Kriminelle. Doch offensichtlich bl\u00e4st die Presse solche Vorf\u00e4lle k\u00fcnstlich auf, w\u00e4hrend sie exzessive Polizeigewalt verschweigt. Das ist bewusste Manipulation.\n            <\/div>\n<p><\/p>\n<div class=\"Text-root Text-type_5 ArticleView-text ViewText-root \">\n<p><em>Von Susan Bonath<\/em><\/p>\n<p>Totalzerst\u00f6rung der Lebensgrundlage und Massenmord an der in einem Tr\u00fcmmerfeld eingesperrten Bev\u00f6lkerung: Der sichtbare Vernichtungsfeldzug der Israelischen Armee (IDF) \u2013 auch mit deutschen Waffen \u2013 im Gazastreifen nimmt kein Ende. Jede Woche demonstrieren auch in der Bundesrepublik Menschen dagegen. Die deutschen Leitmedien st\u00fcrzen sich auf jede unliebsame Parole, die m\u00f6glicherweise fiel. Ihre Botschaft lautet: alles Kriminelle und Antisemiten. Nur \u00fcber die exzessive Polizeigewalt berichtet sie nicht.<\/p>\n<p><strong>Berliner Polizei im Pr\u00fcgelrausch<\/strong><\/p>\n<p>Um von der Gewalt in Nahost geschockt zu sein, mit welcher der Besatzer-Staat Israel gegen die von ihm unterdr\u00fcckte pal\u00e4stinensische Bev\u00f6lkerung im Gazastreifen sowie im Westjordanland vorgeht, muss man weder vertriebener Pal\u00e4stinenser noch besonders propal\u00e4stinensisch eingestellt sein. Es reicht ein wenig Mitgef\u00fchl und ein halbwegs klarer Blick auf die realen Verh\u00e4ltnisse in diesem Konflikt. Diese zeigen doch sehr deutlich, wer der Unterdr\u00fccker und der Unterdr\u00fcckte ist.<\/p>\n<p>Gewalt ist offenbar auch Bestandteil der deutschen Staatsr\u00e4son, die zwar kein Gesetz ist, aber ma\u00dfgeblich das Handeln der Bundesregierung bestimmt. Bedingungslos unterst\u00fctzt Letztere Israel mit Waffen und Ignoranz gegen\u00fcber schwersten Menschenrechtsverletzungen, die dieser Staat nicht erst seit dem 7. Oktober 2023 an Pal\u00e4stinensern ver\u00fcbt. Gewalt begleitet vielfach auch den Umgang der Polizei mit Gegnern der deutschen Israel-Politik, die Pal\u00e4stinenser ganz offensichtlich als Menschen zweiter Klasse betrachtet.<\/p>\n<p>Polizeigewalt gegen nicht staatstragende Proteste sind in Deutschland nichts Neues. Viele Menschen auch au\u00dferhalb linker Gruppen und der Friedensbewegung haben solche in den letzten Jahren erfahren m\u00fcssen, beispielsweise w\u00e4hrend der Proteste gegen die Corona-Ma\u00dfnahmen. Doch \u00fcber Polizeigewalt im eigenen Staat haben deutsche Leitmedien niemals gern berichtet. Und wenn es einmal nicht zu leugnen ist, greift die bekannte Erz\u00e4hlung: Schuld seien nat\u00fcrlich immer nur kriminelle Demonstranten.<\/p>\n<p>So verh\u00e4lt es sich auch bei den Pal\u00e4stina-Demos. Im Internet kursieren viele Videos, die exzessive Gewalt durch Berliner Polizisten zeigen. Auf <a rel=\"nofollow noopener\" target=\"_blank\" href=\"https:\/\/x.com\/hahauenstein\/status\/1825100328515015079\">Aufnahmen<\/a>, die der Journalist Hanno Hauenstein ver\u00f6ffentlichte, schl\u00e4gt beispielsweise ein Beamter einen fixiert am Boden liegenden Jugendlichen mehrfach mit der Faust in die Seite. Ein weiterer Polizist greift von hinten eine Frau aus der Menge und schleudert sie brutal zu <a rel=\"nofollow noopener\" target=\"_blank\" href=\"https:\/\/x.com\/hahauenstein\/status\/1825068409207271640\">Boden<\/a>. An anderer Stelle <a rel=\"nofollow noopener\" target=\"_blank\" href=\"https:\/\/x.com\/hahauenstein\/status\/1825086621827383429\">w\u00fcrgt<\/a> ein Beamter eine festgesetzte, hilflos vor ihm liegende Frau und herrscht sie an, sie solle aufh\u00f6ren zu schauspielern.<\/p>\n<p><strong>Wegschauen ist keine L\u00f6sung<\/strong><\/p>\n<p>Man mag einwenden, dass die Aufnahmen nicht zeigen, was vorher vorgefallen war. Doch wenn es tats\u00e4chlich eine Straftat gewesen sein sollte: Das berechtigt die staatliche Exekutive nicht, derart rohe Gewalt gegen\u00fcber unbewaffneten Personen anzuwenden, die sich bereits in einer hilflosen Situation befinden \u2013 dies keineswegs nur in Einzelf\u00e4llen, sondern offensichtlich systematisch.<\/p>\n<p>Polizeigewalt kann letztlich jeden treffen, der gegen die Regierung oder bestimmte politische Entscheidungen protestiert, ganz egal, ob man sich \u00f6ffentlich gegen Waffenlieferungen nach Israel oder in die Ukraine ausspricht, soziale K\u00fcrzungen anprangert oder sich gegen staatliche Repressionen wie zu Corona-Zeiten wehrt. Selbst wenn es sich um Forderungen handelt, die man selbst nicht teilt, oder Personen betroffen sind, die man nicht mag: Wegschauen bei Polizeigewalt ist keine gute L\u00f6sung.<\/p>\n<p>Dass ein Gro\u00dfteil der nicht betroffenen Bev\u00f6lkerung dennoch wegschaut, liegt allerdings auch an den Medien. Zu Tatsachen, die einem nicht bekannt sind, kann man sich schlecht positionieren. Desinformieren durch Verschweigen unliebsamer Fakten und Aufblasen von Nebenaspekten, dazu ein paar negativ wertende Adjektive an entscheidende Stellen gesetzt: Fertig ist die Propaganda.<\/p>\n<p><strong>Manipulative Berichterstattung<\/strong><\/p>\n<p>Hat die Presse ihre Leserschaft erst einmal gen\u00fcgend emotionalisiert, ist so ein verzerrtes Bild der Wirklichkeit schwer wieder aus vielen K\u00f6pfen zu bekommen. Wie so ein Zerrbild geschaffen wird, zeigt beispielhaft ein <a rel=\"nofollow noopener\" target=\"_blank\" href=\"https:\/\/www.rbb24.de\/politik\/beitrag\/2024\/08\/berlin-kriminalgericht-moabit-prozessauftakt-pro-palaestina-demo-gewalt.html%20\">Bericht<\/a> des \u00f6ffentlich-rechtlichen <em>rbb<\/em>\u00a0vom vergangenen Donnerstag.<\/p>\n<p>Der Artikel beginnt mit einem Verweis auf einen Prozess gegen eine 28-j\u00e4hrige &#8220;propal\u00e4stinensische Aktivistin vor dem Berliner Kriminalgericht&#8221;, der letztlich wegen vieler Beweisantr\u00e4ge der Verteidigung vertagt wurde. In der \u00dcberschrift hei\u00dft es: &#8220;Festnahmen, B\u00f6llerw\u00fcrfe und Rangeleien bei Pro-Pal\u00e4stina-Demo vor Berliner Gericht&#8221;.<\/p>\n<p>Dann schweift der <em>rbb<\/em>\u00a0ab und erl\u00e4utert, es sei bei Protesten vor dem Gericht &#8220;zu Tumulten und Auseinandersetzungen mit der Polizei gekommen&#8221; und die Beamten h\u00e4tten zw\u00f6lf Teilnehmer festgenommen. Sp\u00e4ter ist von &#8220;100 Demonstranten&#8221; die Rede, die &#8220;lautstark und aggressiv&#8221; Parolen gerufen und einige B\u00f6ller geworfen h\u00e4tten.<\/p>\n<p>Was genau wie abgelaufen ist, bleibt unklar. Offenbar handelt es sich hier um die Version der Polizei. \u00dcber die regelm\u00e4\u00dfige Gewalt der Beamten gegen Teilnehmer, gerade in Berlin, verliert der Sender kein Wort. H\u00e4ngen bleibt nur eins: das Bild von aggressiven, kriminellen Demonstranten.<\/p>\n<p><strong>Verzerrte Wirklichkeit<\/strong><\/p>\n<p>Erst zum Schluss erf\u00e4hrt der Leser, warum die Frau denn vor den Kadi muss: Sie habe im M\u00e4rz auf einer Demo die von der Regierung verbotene \u2013 was mehrere Gerichte allerdings anders sahen \u2013 Parole &#8220;From the river to the sea \u2013 Palestine will be free&#8221; skandiert, zu Deutsch: &#8220;Vom Fluss bis zum Meer \u2013 Pal\u00e4stina wird frei sein&#8221;. Per Strafbefehl wurde sie zu 40 Tagess\u00e4tzen zu je 40 Euro verdonnert, also 1.600 Euro wegen einer Parole. Dagegen ist sie vorgegangen, was zu diesem Prozess f\u00fchrte.<\/p>\n<p>Das klingt schon anders, und man darf sich durchaus fragen: Gew\u00f6hnlich werden Parolen auf Demos von einer gr\u00f6\u00dferen Menge skandiert. Schwer vorstellbar, dass die Frau die Einzige war, die sie gerufen haben soll. Geht der Staat hier etwa nach dem Motto vor: Bestrafe einen, erziehe Hunderte? Und: Warum beginnt der\u00a0<em>rbb<\/em> ausrechnet mit allerlei ungekl\u00e4rten Vorw\u00fcrfen gegen Demonstranten, die mit diesem Prozess offensichtlich nichts zu tun haben? Auch der Kontext der Polizeigewalt fehlt komplett.<\/p>\n<p>Man kennt diese Art der Manipulation \u2013 nennen wir es Propaganda \u2013 in anderen Zusammenh\u00e4ngen. Wie oft blickten Gegner der Corona-Ma\u00dfnahmen ungl\u00e4ubig auf Medienberichte, die sich lasen, als erz\u00e4hlten die Journalisten \u00fcber eine ganz andere Veranstaltung? So ging es schon vielen Regierungskritikern, etwa den Teilnehmern der sogenannten Friedensmahnwachen, die sich ab 2014 gegen den Maidanputsch in der Ukraine richteten, oder den Demonstranten gegen den G20-Gipfel im Jahr 2017 in Hamburg.<\/p>\n<p><strong>T\u00e4ter ermitteln gegen sich selbst<\/strong><\/p>\n<p>Um so heuchlerischer ist es, wenn sich Politiker, Medien oder die Bundesregierung regelm\u00e4\u00dfig \u00fcber Polizeigewalt, Zensur und Propaganda in sogenannten &#8220;autorit\u00e4ren Diktaturen&#8221; echauffieren. Zur Erinnerung: <em>RT<\/em> wurde nicht in China oder Iran, sondern in der EU verboten. Und Israelis k\u00f6nnen den Sender <em>Al Jazeera<\/em> nicht mehr empfangen.<\/p>\n<p>Da ist das Mittel der Projektion besonders beliebt. Alles, was man selber tut, schiebt man dem Gegner in die Schuhe. Nur manchmal kommt es vor, dass sich die Flecken an der eigenen wei\u00dfgewaschenen Weste nicht verstecken lassen. So war es k\u00fcrzlich, als einer der zahlreichen Videobeweise f\u00fcr Berliner Polizeigewalt viral gegangen war. <em>Der<\/em>\u00a0<em>Spiegel<\/em>\u00a0<a rel=\"nofollow noopener\" target=\"_blank\" href=\"https:\/\/www.spiegel.de\/panorama\/justiz\/polizeigewalt-berliner-polizei-leitet-offenbar-ermittlung-gegen-beamten-ein-a-aa1416aa-06ef-4db7-bca7-bb810ef5cfb3\">berichtete<\/a>, die Polizei versprach &#8220;Untersuchungen&#8221;.<\/p>\n<p>Nun ist es genauso wenig glaubw\u00fcrdig, wenn die Polizei gegen T\u00e4ter aus ihren Reihen ermittelt, wie die Versprechen der israelischen Armee, in \u00e4hnlicher Weise bekannt gewordene Kriegsverbrechen zu untersuchen. Was soll denn schon dabei herauskommen, wenn T\u00e4ter gegen sich selbst ermitteln? Und au\u00dferdem: Schlie\u00dflich h\u00e4tten die Demonstranten &#8220;volksverhetzende Parolen gerufen&#8221;. Genaueres wird nicht berichtet, ein Grund f\u00fcr gro\u00dfe Skepsis ist das allemal. Denn die deutschen Qualit\u00e4tsmedien \u2013 Selbstanspruch hin oder her \u2013 sind alles M\u00f6gliche, aber ganz bestimmt nicht neutral und objektiv.<\/p>\n<p><strong>Mehr zum Thema<\/strong> &#8211; <a rel=\"nofollow noopener\" target=\"_blank\" href=\"https:\/\/freedert.online\/kurzclips\/video\/216641-vor-berliner-gericht-proteste-bei\/\">Vor Berliner Gericht: Proteste bei Prozess gegen propal\u00e4stinensische Aktivistin <\/a><\/p>\n<\/p>\n<\/div>\n<p><br \/>\n<br \/><a href=\"https:\/\/de.rt.com\/meinung\/216930-pruegeln-treten-wuergen-deutsche-presse\/\">Source link <\/a><\/p>\n","protected":false},"excerpt":{"rendered":"<p>St\u00e4ndig liest man in deutschen Medien \u00fcber angebliche Volksverhetzung und Gewalt auf Pal\u00e4stina-Demos. Die Botschaft lautet: alles Kriminelle. Doch offensichtlich bl\u00e4st die Presse solche Vorf\u00e4lle k\u00fcnstlich auf, w\u00e4hrend sie exzessive Polizeigewalt verschweigt. Das ist bewusste Manipulation. Von Susan Bonath Totalzerst\u00f6rung der Lebensgrundlage und Massenmord an der in einem Tr\u00fcmmerfeld eingesperrten Bev\u00f6lkerung: Der sichtbare Vernichtungsfeldzug der [&hellip;]<\/p>\n","protected":false},"author":3,"featured_media":67561,"comment_status":"open","ping_status":"open","sticky":false,"template":"","format":"standard","meta":{"_yoast_indexnow_last_ping":["1724733995"],"wp_automatic_camp":["217"],"c4e8f4c22894baf569a5da4da3416abc":["Pr\u00fcgeln, treten, w\u00fcrgen: Deutsche Presse verschweigt Polizeigewalt gegen Pal\u00e4stina-Demonstranten"],"original_link":["https:\/\/de.rt.com\/meinung\/216930-pruegeln-treten-wuergen-deutsche-presse\/"],"_thumbnail_id":["67561"],"_wptgpro_p2tg_sent2tg":["a:1:{i:23737;s:19:\"2024-08-27 06:47:41\";}"],"jnews_social_counter_last_update":["1777777143"]},"categories":[19,23],"tags":[2374,278,57922,6811,3359,40778,19677,21814,57921],"yoast_head":"<!-- This site is optimized with the Yoast SEO Premium plugin v22.7 (Yoast SEO v22.7) - https:\/\/yoast.com\/wordpress\/plugins\/seo\/ -->\n<title>Pr\u00fcgeln, treten, w\u00fcrgen: Deutsche Presse verschweigt Polizeigewalt gegen Pal\u00e4stina-Demonstranten - just-now.NEWS Deutschland<\/title>\n<meta name=\"robots\" content=\"index, follow, max-snippet:-1, max-image-preview:large, max-video-preview:-1\" \/>\n<link rel=\"canonical\" href=\"https:\/\/now-news.de\/de\/deutschland\/pruegeln-treten-wuergen-deutsche-presse-verschweigt-polizeigewalt-gegen-palaestina-demonstranten\/\" \/>\n<meta property=\"og:locale\" content=\"de_DE\" \/>\n<meta property=\"og:type\" content=\"article\" \/>\n<meta property=\"og:title\" content=\"Pr\u00fcgeln, treten, w\u00fcrgen: Deutsche Presse verschweigt Polizeigewalt gegen Pal\u00e4stina-Demonstranten\" \/>\n<meta property=\"og:description\" content=\"St\u00e4ndig liest man in deutschen Medien \u00fcber angebliche Volksverhetzung und Gewalt auf Pal\u00e4stina-Demos. Die Botschaft lautet: alles Kriminelle. Doch offensichtlich bl\u00e4st die Presse solche Vorf\u00e4lle k\u00fcnstlich auf, w\u00e4hrend sie exzessive Polizeigewalt verschweigt. Das ist bewusste Manipulation. Von Susan Bonath Totalzerst\u00f6rung der Lebensgrundlage und Massenmord an der in einem Tr\u00fcmmerfeld eingesperrten Bev\u00f6lkerung: Der sichtbare Vernichtungsfeldzug der [&hellip;]\" \/>\n<meta property=\"og:url\" content=\"https:\/\/now-news.de\/de\/deutschland\/pruegeln-treten-wuergen-deutsche-presse-verschweigt-polizeigewalt-gegen-palaestina-demonstranten\/\" \/>\n<meta property=\"og:site_name\" content=\"just-now.NEWS Deutschland\" \/>\n<meta property=\"article:publisher\" content=\"https:\/\/www.facebook.com\/wirmachenauf\" \/>\n<meta property=\"article:published_time\" content=\"2024-08-27T04:30:24+00:00\" \/>\n<meta property=\"og:image\" content=\"https:\/\/now-news.de\/de\/wp-content\/uploads\/sites\/3\/2024\/08\/66ccb959b480cc3adc137b36.jpg\" \/>\n<meta name=\"author\" content=\"rtnews\" \/>\n<meta name=\"twitter:card\" content=\"summary_large_image\" \/>\n<meta name=\"twitter:creator\" content=\"@WirMachenAuf_de\" \/>\n<meta name=\"twitter:site\" content=\"@WirMachenAuf_de\" \/>\n<meta name=\"twitter:label1\" content=\"Verfasst von\" \/>\n\t<meta name=\"twitter:data1\" content=\"rtnews\" \/>\n\t<meta name=\"twitter:label2\" content=\"Gesch\u00e4tzte Lesezeit\" \/>\n\t<meta name=\"twitter:data2\" content=\"6\u00a0Minuten\" \/>\n<script type=\"application\/ld+json\" class=\"yoast-schema-graph\">{\"@context\":\"https:\/\/schema.org\",\"@graph\":[{\"@type\":\"Article\",\"@id\":\"https:\/\/now-news.de\/de\/deutschland\/pruegeln-treten-wuergen-deutsche-presse-verschweigt-polizeigewalt-gegen-palaestina-demonstranten\/#article\",\"isPartOf\":{\"@id\":\"https:\/\/now-news.de\/de\/deutschland\/pruegeln-treten-wuergen-deutsche-presse-verschweigt-polizeigewalt-gegen-palaestina-demonstranten\/\"},\"author\":{\"name\":\"rtnews\",\"@id\":\"https:\/\/now-news.de\/de\/#\/schema\/person\/fb534a4e865501d8b3285208df34a9b5\"},\"headline\":\"Pr\u00fcgeln, treten, w\u00fcrgen: Deutsche Presse verschweigt Polizeigewalt gegen Pal\u00e4stina-Demonstranten\",\"datePublished\":\"2024-08-27T04:30:24+00:00\",\"dateModified\":\"2024-08-27T04:30:24+00:00\",\"mainEntityOfPage\":{\"@id\":\"https:\/\/now-news.de\/de\/deutschland\/pruegeln-treten-wuergen-deutsche-presse-verschweigt-polizeigewalt-gegen-palaestina-demonstranten\/\"},\"wordCount\":1266,\"commentCount\":0,\"publisher\":{\"@id\":\"https:\/\/now-news.de\/de\/#organization\"},\"image\":{\"@id\":\"https:\/\/now-news.de\/de\/deutschland\/pruegeln-treten-wuergen-deutsche-presse-verschweigt-polizeigewalt-gegen-palaestina-demonstranten\/#primaryimage\"},\"thumbnailUrl\":\"https:\/\/now-news.de\/de\/wp-content\/uploads\/sites\/3\/2024\/08\/Pruegeln-treten-wuergen-Deutsche-Presse-verschweigt-Polizeigewalt-gegen-Palaestina-Demonstranten.jpg\",\"keywords\":[\"Deutsche\",\"gegen\",\"Pal\u00e4stinaDemonstranten\",\"Polizeigewalt\",\"Presse\",\"pr\u00fcgeln\",\"treten\",\"verschweigt\",\"w\u00fcrgen\"],\"articleSection\":[\"Deutschland\",\"Russland\"],\"inLanguage\":\"de\",\"potentialAction\":[{\"@type\":\"CommentAction\",\"name\":\"Comment\",\"target\":[\"https:\/\/now-news.de\/de\/deutschland\/pruegeln-treten-wuergen-deutsche-presse-verschweigt-polizeigewalt-gegen-palaestina-demonstranten\/#respond\"]}]},{\"@type\":\"WebPage\",\"@id\":\"https:\/\/now-news.de\/de\/deutschland\/pruegeln-treten-wuergen-deutsche-presse-verschweigt-polizeigewalt-gegen-palaestina-demonstranten\/\",\"url\":\"https:\/\/now-news.de\/de\/deutschland\/pruegeln-treten-wuergen-deutsche-presse-verschweigt-polizeigewalt-gegen-palaestina-demonstranten\/\",\"name\":\"Pr\u00fcgeln, treten, w\u00fcrgen: Deutsche Presse verschweigt Polizeigewalt gegen Pal\u00e4stina-Demonstranten - just-now.NEWS Deutschland\",\"isPartOf\":{\"@id\":\"https:\/\/now-news.de\/de\/#website\"},\"primaryImageOfPage\":{\"@id\":\"https:\/\/now-news.de\/de\/deutschland\/pruegeln-treten-wuergen-deutsche-presse-verschweigt-polizeigewalt-gegen-palaestina-demonstranten\/#primaryimage\"},\"image\":{\"@id\":\"https:\/\/now-news.de\/de\/deutschland\/pruegeln-treten-wuergen-deutsche-presse-verschweigt-polizeigewalt-gegen-palaestina-demonstranten\/#primaryimage\"},\"thumbnailUrl\":\"https:\/\/now-news.de\/de\/wp-content\/uploads\/sites\/3\/2024\/08\/Pruegeln-treten-wuergen-Deutsche-Presse-verschweigt-Polizeigewalt-gegen-Palaestina-Demonstranten.jpg\",\"datePublished\":\"2024-08-27T04:30:24+00:00\",\"dateModified\":\"2024-08-27T04:30:24+00:00\",\"breadcrumb\":{\"@id\":\"https:\/\/now-news.de\/de\/deutschland\/pruegeln-treten-wuergen-deutsche-presse-verschweigt-polizeigewalt-gegen-palaestina-demonstranten\/#breadcrumb\"},\"inLanguage\":\"de\",\"potentialAction\":[{\"@type\":\"ReadAction\",\"target\":[\"https:\/\/now-news.de\/de\/deutschland\/pruegeln-treten-wuergen-deutsche-presse-verschweigt-polizeigewalt-gegen-palaestina-demonstranten\/\"]}]},{\"@type\":\"ImageObject\",\"inLanguage\":\"de\",\"@id\":\"https:\/\/now-news.de\/de\/deutschland\/pruegeln-treten-wuergen-deutsche-presse-verschweigt-polizeigewalt-gegen-palaestina-demonstranten\/#primaryimage\",\"url\":\"https:\/\/now-news.de\/de\/wp-content\/uploads\/sites\/3\/2024\/08\/Pruegeln-treten-wuergen-Deutsche-Presse-verschweigt-Polizeigewalt-gegen-Palaestina-Demonstranten.jpg\",\"contentUrl\":\"https:\/\/now-news.de\/de\/wp-content\/uploads\/sites\/3\/2024\/08\/Pruegeln-treten-wuergen-Deutsche-Presse-verschweigt-Polizeigewalt-gegen-Palaestina-Demonstranten.jpg\",\"width\":460,\"height\":259,\"caption\":\"Pr\u00fcgeln, treten, w\u00fcrgen: Deutsche Presse verschweigt Polizeigewalt gegen Pal\u00e4stina-Demonstranten\"},{\"@type\":\"BreadcrumbList\",\"@id\":\"https:\/\/now-news.de\/de\/deutschland\/pruegeln-treten-wuergen-deutsche-presse-verschweigt-polizeigewalt-gegen-palaestina-demonstranten\/#breadcrumb\",\"itemListElement\":[{\"@type\":\"ListItem\",\"position\":1,\"name\":\"Home\",\"item\":\"https:\/\/now-news.de\/de\/\"},{\"@type\":\"ListItem\",\"position\":2,\"name\":\"Pr\u00fcgeln, treten, w\u00fcrgen: Deutsche Presse verschweigt Polizeigewalt gegen Pal\u00e4stina-Demonstranten\"}]},{\"@type\":\"WebSite\",\"@id\":\"https:\/\/now-news.de\/de\/#website\",\"url\":\"https:\/\/now-news.de\/de\/\",\"name\":\"just-now.NEWS Deutschland\",\"description\":\"Das Portal f\u00fcr unzensierte Nachrichten aus der Welt\",\"publisher\":{\"@id\":\"https:\/\/now-news.de\/de\/#organization\"},\"potentialAction\":[{\"@type\":\"SearchAction\",\"target\":{\"@type\":\"EntryPoint\",\"urlTemplate\":\"https:\/\/now-news.de\/de\/?s={search_term_string}\"},\"query-input\":\"required name=search_term_string\"}],\"inLanguage\":\"de\"},{\"@type\":\"Organization\",\"@id\":\"https:\/\/now-news.de\/de\/#organization\",\"name\":\"Just Now News\",\"url\":\"https:\/\/now-news.de\/de\/\",\"logo\":{\"@type\":\"ImageObject\",\"inLanguage\":\"de\",\"@id\":\"https:\/\/now-news.de\/de\/#\/schema\/logo\/image\/\",\"url\":\"http:\/\/just-now.news\/de\/wp-content\/uploads\/sites\/3\/2022\/04\/logo500x500.jpg\",\"contentUrl\":\"http:\/\/just-now.news\/de\/wp-content\/uploads\/sites\/3\/2022\/04\/logo500x500.jpg\",\"width\":500,\"height\":500,\"caption\":\"Just Now News\"},\"image\":{\"@id\":\"https:\/\/now-news.de\/de\/#\/schema\/logo\/image\/\"},\"sameAs\":[\"https:\/\/www.facebook.com\/wirmachenauf\",\"https:\/\/x.com\/WirMachenAuf_de\"]},{\"@type\":\"Person\",\"@id\":\"https:\/\/now-news.de\/de\/#\/schema\/person\/fb534a4e865501d8b3285208df34a9b5\",\"name\":\"rtnews\",\"image\":{\"@type\":\"ImageObject\",\"inLanguage\":\"de\",\"@id\":\"https:\/\/now-news.de\/de\/#\/schema\/person\/image\/\",\"url\":\"https:\/\/secure.gravatar.com\/avatar\/82aafea7d8127119dd649515f56e2117?s=96&d=mm&r=g\",\"contentUrl\":\"https:\/\/secure.gravatar.com\/avatar\/82aafea7d8127119dd649515f56e2117?s=96&d=mm&r=g\",\"caption\":\"rtnews\"},\"url\":\"https:\/\/now-news.de\/de\/author\/rnews\/\"}]}<\/script>\n<!-- \/ Yoast SEO Premium plugin. -->","yoast_head_json":{"title":"Pr\u00fcgeln, treten, w\u00fcrgen: Deutsche Presse verschweigt Polizeigewalt gegen Pal\u00e4stina-Demonstranten - just-now.NEWS Deutschland","robots":{"index":"index","follow":"follow","max-snippet":"max-snippet:-1","max-image-preview":"max-image-preview:large","max-video-preview":"max-video-preview:-1"},"canonical":"https:\/\/now-news.de\/de\/deutschland\/pruegeln-treten-wuergen-deutsche-presse-verschweigt-polizeigewalt-gegen-palaestina-demonstranten\/","og_locale":"de_DE","og_type":"article","og_title":"Pr\u00fcgeln, treten, w\u00fcrgen: Deutsche Presse verschweigt Polizeigewalt gegen Pal\u00e4stina-Demonstranten","og_description":"St\u00e4ndig liest man in deutschen Medien \u00fcber angebliche Volksverhetzung und Gewalt auf Pal\u00e4stina-Demos. Die Botschaft lautet: alles Kriminelle. Doch offensichtlich bl\u00e4st die Presse solche Vorf\u00e4lle k\u00fcnstlich auf, w\u00e4hrend sie exzessive Polizeigewalt verschweigt. Das ist bewusste Manipulation. Von Susan Bonath Totalzerst\u00f6rung der Lebensgrundlage und Massenmord an der in einem Tr\u00fcmmerfeld eingesperrten Bev\u00f6lkerung: Der sichtbare Vernichtungsfeldzug der [&hellip;]","og_url":"https:\/\/now-news.de\/de\/deutschland\/pruegeln-treten-wuergen-deutsche-presse-verschweigt-polizeigewalt-gegen-palaestina-demonstranten\/","og_site_name":"just-now.NEWS Deutschland","article_publisher":"https:\/\/www.facebook.com\/wirmachenauf","article_published_time":"2024-08-27T04:30:24+00:00","og_image":[{"url":"https:\/\/now-news.de\/de\/wp-content\/uploads\/sites\/3\/2024\/08\/66ccb959b480cc3adc137b36.jpg"}],"author":"rtnews","twitter_card":"summary_large_image","twitter_creator":"@WirMachenAuf_de","twitter_site":"@WirMachenAuf_de","twitter_misc":{"Verfasst von":"rtnews","Gesch\u00e4tzte Lesezeit":"6\u00a0Minuten"},"schema":{"@context":"https:\/\/schema.org","@graph":[{"@type":"Article","@id":"https:\/\/now-news.de\/de\/deutschland\/pruegeln-treten-wuergen-deutsche-presse-verschweigt-polizeigewalt-gegen-palaestina-demonstranten\/#article","isPartOf":{"@id":"https:\/\/now-news.de\/de\/deutschland\/pruegeln-treten-wuergen-deutsche-presse-verschweigt-polizeigewalt-gegen-palaestina-demonstranten\/"},"author":{"name":"rtnews","@id":"https:\/\/now-news.de\/de\/#\/schema\/person\/fb534a4e865501d8b3285208df34a9b5"},"headline":"Pr\u00fcgeln, treten, w\u00fcrgen: Deutsche Presse verschweigt Polizeigewalt gegen Pal\u00e4stina-Demonstranten","datePublished":"2024-08-27T04:30:24+00:00","dateModified":"2024-08-27T04:30:24+00:00","mainEntityOfPage":{"@id":"https:\/\/now-news.de\/de\/deutschland\/pruegeln-treten-wuergen-deutsche-presse-verschweigt-polizeigewalt-gegen-palaestina-demonstranten\/"},"wordCount":1266,"commentCount":0,"publisher":{"@id":"https:\/\/now-news.de\/de\/#organization"},"image":{"@id":"https:\/\/now-news.de\/de\/deutschland\/pruegeln-treten-wuergen-deutsche-presse-verschweigt-polizeigewalt-gegen-palaestina-demonstranten\/#primaryimage"},"thumbnailUrl":"https:\/\/now-news.de\/de\/wp-content\/uploads\/sites\/3\/2024\/08\/Pruegeln-treten-wuergen-Deutsche-Presse-verschweigt-Polizeigewalt-gegen-Palaestina-Demonstranten.jpg","keywords":["Deutsche","gegen","Pal\u00e4stinaDemonstranten","Polizeigewalt","Presse","pr\u00fcgeln","treten","verschweigt","w\u00fcrgen"],"articleSection":["Deutschland","Russland"],"inLanguage":"de","potentialAction":[{"@type":"CommentAction","name":"Comment","target":["https:\/\/now-news.de\/de\/deutschland\/pruegeln-treten-wuergen-deutsche-presse-verschweigt-polizeigewalt-gegen-palaestina-demonstranten\/#respond"]}]},{"@type":"WebPage","@id":"https:\/\/now-news.de\/de\/deutschland\/pruegeln-treten-wuergen-deutsche-presse-verschweigt-polizeigewalt-gegen-palaestina-demonstranten\/","url":"https:\/\/now-news.de\/de\/deutschland\/pruegeln-treten-wuergen-deutsche-presse-verschweigt-polizeigewalt-gegen-palaestina-demonstranten\/","name":"Pr\u00fcgeln, treten, w\u00fcrgen: Deutsche Presse verschweigt Polizeigewalt gegen Pal\u00e4stina-Demonstranten - just-now.NEWS Deutschland","isPartOf":{"@id":"https:\/\/now-news.de\/de\/#website"},"primaryImageOfPage":{"@id":"https:\/\/now-news.de\/de\/deutschland\/pruegeln-treten-wuergen-deutsche-presse-verschweigt-polizeigewalt-gegen-palaestina-demonstranten\/#primaryimage"},"image":{"@id":"https:\/\/now-news.de\/de\/deutschland\/pruegeln-treten-wuergen-deutsche-presse-verschweigt-polizeigewalt-gegen-palaestina-demonstranten\/#primaryimage"},"thumbnailUrl":"https:\/\/now-news.de\/de\/wp-content\/uploads\/sites\/3\/2024\/08\/Pruegeln-treten-wuergen-Deutsche-Presse-verschweigt-Polizeigewalt-gegen-Palaestina-Demonstranten.jpg","datePublished":"2024-08-27T04:30:24+00:00","dateModified":"2024-08-27T04:30:24+00:00","breadcrumb":{"@id":"https:\/\/now-news.de\/de\/deutschland\/pruegeln-treten-wuergen-deutsche-presse-verschweigt-polizeigewalt-gegen-palaestina-demonstranten\/#breadcrumb"},"inLanguage":"de","potentialAction":[{"@type":"ReadAction","target":["https:\/\/now-news.de\/de\/deutschland\/pruegeln-treten-wuergen-deutsche-presse-verschweigt-polizeigewalt-gegen-palaestina-demonstranten\/"]}]},{"@type":"ImageObject","inLanguage":"de","@id":"https:\/\/now-news.de\/de\/deutschland\/pruegeln-treten-wuergen-deutsche-presse-verschweigt-polizeigewalt-gegen-palaestina-demonstranten\/#primaryimage","url":"https:\/\/now-news.de\/de\/wp-content\/uploads\/sites\/3\/2024\/08\/Pruegeln-treten-wuergen-Deutsche-Presse-verschweigt-Polizeigewalt-gegen-Palaestina-Demonstranten.jpg","contentUrl":"https:\/\/now-news.de\/de\/wp-content\/uploads\/sites\/3\/2024\/08\/Pruegeln-treten-wuergen-Deutsche-Presse-verschweigt-Polizeigewalt-gegen-Palaestina-Demonstranten.jpg","width":460,"height":259,"caption":"Pr\u00fcgeln, treten, w\u00fcrgen: Deutsche Presse verschweigt Polizeigewalt gegen Pal\u00e4stina-Demonstranten"},{"@type":"BreadcrumbList","@id":"https:\/\/now-news.de\/de\/deutschland\/pruegeln-treten-wuergen-deutsche-presse-verschweigt-polizeigewalt-gegen-palaestina-demonstranten\/#breadcrumb","itemListElement":[{"@type":"ListItem","position":1,"name":"Home","item":"https:\/\/now-news.de\/de\/"},{"@type":"ListItem","position":2,"name":"Pr\u00fcgeln, treten, w\u00fcrgen: Deutsche Presse verschweigt Polizeigewalt gegen Pal\u00e4stina-Demonstranten"}]},{"@type":"WebSite","@id":"https:\/\/now-news.de\/de\/#website","url":"https:\/\/now-news.de\/de\/","name":"just-now.NEWS Deutschland","description":"Das Portal f\u00fcr unzensierte Nachrichten aus der Welt","publisher":{"@id":"https:\/\/now-news.de\/de\/#organization"},"potentialAction":[{"@type":"SearchAction","target":{"@type":"EntryPoint","urlTemplate":"https:\/\/now-news.de\/de\/?s={search_term_string}"},"query-input":"required name=search_term_string"}],"inLanguage":"de"},{"@type":"Organization","@id":"https:\/\/now-news.de\/de\/#organization","name":"Just Now News","url":"https:\/\/now-news.de\/de\/","logo":{"@type":"ImageObject","inLanguage":"de","@id":"https:\/\/now-news.de\/de\/#\/schema\/logo\/image\/","url":"http:\/\/just-now.news\/de\/wp-content\/uploads\/sites\/3\/2022\/04\/logo500x500.jpg","contentUrl":"http:\/\/just-now.news\/de\/wp-content\/uploads\/sites\/3\/2022\/04\/logo500x500.jpg","width":500,"height":500,"caption":"Just Now News"},"image":{"@id":"https:\/\/now-news.de\/de\/#\/schema\/logo\/image\/"},"sameAs":["https:\/\/www.facebook.com\/wirmachenauf","https:\/\/x.com\/WirMachenAuf_de"]},{"@type":"Person","@id":"https:\/\/now-news.de\/de\/#\/schema\/person\/fb534a4e865501d8b3285208df34a9b5","name":"rtnews","image":{"@type":"ImageObject","inLanguage":"de","@id":"https:\/\/now-news.de\/de\/#\/schema\/person\/image\/","url":"https:\/\/secure.gravatar.com\/avatar\/82aafea7d8127119dd649515f56e2117?s=96&d=mm&r=g","contentUrl":"https:\/\/secure.gravatar.com\/avatar\/82aafea7d8127119dd649515f56e2117?s=96&d=mm&r=g","caption":"rtnews"},"url":"https:\/\/now-news.de\/de\/author\/rnews\/"}]}},"_links":{"self":[{"href":"https:\/\/now-news.de\/de\/wp-json\/wp\/v2\/posts\/67560"}],"collection":[{"href":"https:\/\/now-news.de\/de\/wp-json\/wp\/v2\/posts"}],"about":[{"href":"https:\/\/now-news.de\/de\/wp-json\/wp\/v2\/types\/post"}],"author":[{"embeddable":true,"href":"https:\/\/now-news.de\/de\/wp-json\/wp\/v2\/users\/3"}],"replies":[{"embeddable":true,"href":"https:\/\/now-news.de\/de\/wp-json\/wp\/v2\/comments?post=67560"}],"version-history":[{"count":0,"href":"https:\/\/now-news.de\/de\/wp-json\/wp\/v2\/posts\/67560\/revisions"}],"wp:featuredmedia":[{"embeddable":true,"href":"https:\/\/now-news.de\/de\/wp-json\/wp\/v2\/media\/67561"}],"wp:attachment":[{"href":"https:\/\/now-news.de\/de\/wp-json\/wp\/v2\/media?parent=67560"}],"wp:term":[{"taxonomy":"category","embeddable":true,"href":"https:\/\/now-news.de\/de\/wp-json\/wp\/v2\/categories?post=67560"},{"taxonomy":"post_tag","embeddable":true,"href":"https:\/\/now-news.de\/de\/wp-json\/wp\/v2\/tags?post=67560"}],"curies":[{"name":"wp","href":"https:\/\/api.w.org\/{rel}","templated":true}]}}