{"id":67518,"date":"2024-08-26T14:01:50","date_gmt":"2024-08-26T12:01:50","guid":{"rendered":"https:\/\/now-news.de\/de\/deutschland\/steinmeier-wer-die-demokratie-angreift-in-dessen-haende-darf-macht-nicht-gelangen\/"},"modified":"2024-08-26T14:01:50","modified_gmt":"2024-08-26T12:01:50","slug":"steinmeier-wer-die-demokratie-angreift-in-dessen-haende-darf-macht-nicht-gelangen","status":"publish","type":"post","link":"https:\/\/now-news.de\/de\/deutschland\/steinmeier-wer-die-demokratie-angreift-in-dessen-haende-darf-macht-nicht-gelangen\/","title":{"rendered":"Steinmeier:  &quot;Wer die Demokratie angreift, in dessen H\u00e4nde darf Macht nicht gelangen&quot;"},"content":{"rendered":"<p><img decoding=\"async\" src=\"https:\/\/now-news.de\/de\/wp-content\/uploads\/sites\/3\/2024\/08\/66cc59d848fbef70b76807bb.jpg\" \/><\/p>\n<div class=\"Text-root Text-type_1 \">\n                Bundespr\u00e4sident Steinmeier spricht im &#8220;ZDF&#8221;-Sommerinterview \u00fcber die Herausforderungen der Politik. Immer mehr B\u00fcrger f\u00fchlen sich nicht mehr repr\u00e4sentiert, analysiert er. Steinmeier fordert, Politik m\u00fcsse mehr zuh\u00f6ren und erkl\u00e4ren, um dann den eingeschlagenen Kurs kompromisslos umzusetzen.\n            <\/div>\n<p><\/p>\n<div class=\"Text-root Text-type_5 ArticleView-text ViewText-root \">\n<p>Im <a rel=\"nofollow noopener\" target=\"_blank\" href=\"https:\/\/www.zdf.de\/nachrichten\/politik\/deutschland\/zdf-sommerinterview-bundespraesident-steinmeier-solingen-anschlag-messer-bka-100.html\">Sommerinterview<\/a> mit dem <em>ZDF<\/em> spricht Bundespr\u00e4sident Frank-Walter Steinmeier (SPD) \u00fcber die gr\u00f6\u00dfer werdende Kluft zwischen Politik und W\u00e4hlern. Politik habe sich von den B\u00fcrgern entfernt. Er wolle daher sich wieder zu den &#8220;Wurzeln der Politik bewegen, raus aus dem Amtszimmer, raus aus Berlin, hinein in die Region und das tun, was den Kern von Politik eigentlich ausmacht: zuh\u00f6ren, erkl\u00e4ren und Botschaften mitnehmen&#8221;.<\/p>\n<p>Dass das nicht ernst gemeint ist, wird im Verlauf des Interviews klar. Es sind Floskeln des Populismus, von denen Steinmeier glaubt, sie seien die passende Medizin f\u00fcr die im Kern richtige Diagnose, dass die deutsche Gesellschaft immer weiter auseinanderf\u00e4llt und der Ton rauer wird.\u00a0<\/p>\n<p>Ein Teil der deutschen Parteienlandschaft w\u00fcrde Anleihen bei Trump nehmen, meint der Bundespr\u00e4sident. Wenn sie gegen das ihnen verhasste &#8220;System&#8221; k\u00e4mpfen, w\u00fcrden sie sich eigentlich gegen die Demokratie richten, gegen die Politik, politische Institutionen, Gewerkschaften und freie Medien.<\/p>\n<p>Nachdem er ein Schreckensszenario der Bedrohung der Demokratie entworfen hat, betreibt Steinmeier direkten Wahlkampf im Sinne der etablierten Parteien. Ohne die AfD und das BSW zu nennen, sagt Steinmeier: &#8220;Wer die Grundfesten unserer Demokratie angreift, in dessen H\u00e4nde darf Macht nicht gelangen.&#8221;<\/p>\n<p>Demokratie, das bedeute schwerf\u00e4llige Prozesse, die aber garantieren, dass nicht ganze gesellschaftliche Teile v\u00f6llig ausgegrenzt werden.\u00a0<\/p>\n<p>Sp\u00e4testens an dieser Stelle wird die Widerspr\u00fcchlichkeit der Ausf\u00fchrungen Steinmeiers offensichtlich. Er nennt es selbst: Gro\u00dfe Teile der deutschen W\u00e4hlerschaft f\u00fchlen sich von der Politik nicht mehr repr\u00e4sentiert. Steinmeier verfolgt mit seinem Konzept von Zuh\u00f6ren und Erkl\u00e4ren vor allem den Aspekt des Erkl\u00e4rens. Das wird unter anderem an seiner Haltung zur Unterst\u00fctzung der Ukraine deutlich. Steinmeier meldete sich im Haushaltsstreit zu Wort. Mit der Aussage, er lehne eine K\u00fcrzung der Ukraine-Hilfe ab, \u00fcberschritt er nicht nur sein Mandat und mischte sich in die Tagespolitik ein. Er ignorierte vor allem den Wunsch der Mehrheit der Deutschen, die sich Verhandlungen und ein Ende des Krieges w\u00fcnschen.\u00a0<\/p>\n<p>Deutlich wird das aber auch an seiner Haltung zum Attentat in Solingen, bei dem am Wochenende drei Personen von einem Asylbewerber aus Syrien get\u00f6tet wurden. Steinmeier \u00e4u\u00dfert seine Betroffenheit, verlangt die H\u00e4rte des Gesetzes, will aber keine \u00c4nderung der Zuwanderungspolitik. Er fordert stattdessen mehr Befugnisse f\u00fcr Sicherheitsbeh\u00f6rden.\u00a0<\/p>\n<p>&#8220;Diejenigen, die Angst und Terror verbreiten, die d\u00fcrfen unsere Angst nicht bekommen&#8221;, sagt Steinmeier und gibt damit die Verantwortung an die B\u00fcrger ab. Er bleibt in seinen Ausf\u00fchrungen zu Solingen insgesamt empathielos.\u00a0<\/p>\n<p>Letztlich ist Steinmeier damit dem bereits gewohnten Prinzip der etablierten Parteien treu geblieben. Man simuliert Gespr\u00e4chsbereitschaft, simuliert Demokratie, um dann den eingeschlagenen Weg kompromisslos zu verfolgen. Jeder, der dieses Verhalten kritisiert, wird als Anti-Demokrat gebrandmarkt. Echte L\u00f6sungen hat Steinmeier nicht zu bieten.\u00a0<\/p>\n<p><strong>Mehr zum Thema<\/strong>\u00a0\u2013\u00a0 <a rel=\"nofollow noopener\" target=\"_blank\" href=\"https:\/\/freedert.online\/inland\/216868-spd-chefin-esken-kann-aus\/\">SPD-Chefin Esken kann aus Anschlag &#8220;nicht viel lernen&#8221; \u2013 und Solingen demonstriert &#8220;gegen rechts&#8221;<\/a><\/p>\n<div class=\"EmbedBlock-root EmbedBlock-externalVideo EmbedBlock-rumble\">\n<div class=\"VkEmbed\"><iframe class=\"lazyload\" data-src=\"https:\/\/rumble.com\/embed\/v57u7kd\" frameborder=\"0\" width=\"853\" height=\"480\" allowfullscreen><\/iframe><\/div>\n<\/div>\n<\/div>\n<p><br \/>\n<br \/><a href=\"https:\/\/de.rt.com\/inland\/216899-steinmeier-im-interview-wer-demokratie\/\">Source link <\/a><\/p>\n","protected":false},"excerpt":{"rendered":"<p>Bundespr\u00e4sident Steinmeier spricht im &#8220;ZDF&#8221;-Sommerinterview \u00fcber die Herausforderungen der Politik. Immer mehr B\u00fcrger f\u00fchlen sich nicht mehr repr\u00e4sentiert, analysiert er. Steinmeier fordert, Politik m\u00fcsse mehr zuh\u00f6ren und erkl\u00e4ren, um dann den eingeschlagenen Kurs kompromisslos umzusetzen. Im Sommerinterview mit dem ZDF spricht Bundespr\u00e4sident Frank-Walter Steinmeier (SPD) \u00fcber die gr\u00f6\u00dfer werdende Kluft zwischen Politik und W\u00e4hlern. Politik [&hellip;]<\/p>\n","protected":false},"author":3,"featured_media":67519,"comment_status":"open","ping_status":"open","sticky":false,"template":"","format":"standard","meta":{"_yoast_indexnow_last_ping":["1724674364"],"wp_automatic_camp":["217"],"e2bb1f7ea873e3d09d989fa793f61037":["Steinmeier:  &quot;Wer die Demokratie angreift, in dessen H\u00e4nde darf Macht nicht gelangen&quot;"],"original_link":["https:\/\/de.rt.com\/inland\/216899-steinmeier-im-interview-wer-demokratie\/"],"_thumbnail_id":["67519"],"jnews_social_counter_last_update":["1777202656"],"_wptgpro_p2tg_sent2tg":["a:1:{i:23737;s:19:\"2024-08-26 14:13:40\";}"]},"categories":[19,23],"tags":[28338,5310,2570,17847,45,57910,23576,4847,800,22676,1723],"yoast_head":"<!-- This site is optimized with the Yoast SEO Premium plugin v22.7 (Yoast SEO v22.7) - https:\/\/yoast.com\/wordpress\/plugins\/seo\/ -->\n<title>Steinmeier: &quot;Wer die Demokratie angreift, in dessen H\u00e4nde darf Macht nicht gelangen&quot; - just-now.NEWS Deutschland<\/title>\n<meta name=\"robots\" content=\"index, follow, max-snippet:-1, max-image-preview:large, max-video-preview:-1\" \/>\n<link rel=\"canonical\" href=\"https:\/\/now-news.de\/de\/deutschland\/steinmeier-wer-die-demokratie-angreift-in-dessen-haende-darf-macht-nicht-gelangen\/\" \/>\n<meta property=\"og:locale\" content=\"de_DE\" \/>\n<meta property=\"og:type\" content=\"article\" \/>\n<meta property=\"og:title\" content=\"Steinmeier: &quot;Wer die Demokratie angreift, in dessen H\u00e4nde darf Macht nicht gelangen&quot;\" \/>\n<meta property=\"og:description\" content=\"Bundespr\u00e4sident Steinmeier spricht im &#8220;ZDF&#8221;-Sommerinterview \u00fcber die Herausforderungen der Politik. Immer mehr B\u00fcrger f\u00fchlen sich nicht mehr repr\u00e4sentiert, analysiert er. Steinmeier fordert, Politik m\u00fcsse mehr zuh\u00f6ren und erkl\u00e4ren, um dann den eingeschlagenen Kurs kompromisslos umzusetzen. Im Sommerinterview mit dem ZDF spricht Bundespr\u00e4sident Frank-Walter Steinmeier (SPD) \u00fcber die gr\u00f6\u00dfer werdende Kluft zwischen Politik und W\u00e4hlern. Politik [&hellip;]\" \/>\n<meta property=\"og:url\" content=\"https:\/\/now-news.de\/de\/deutschland\/steinmeier-wer-die-demokratie-angreift-in-dessen-haende-darf-macht-nicht-gelangen\/\" \/>\n<meta property=\"og:site_name\" content=\"just-now.NEWS Deutschland\" \/>\n<meta property=\"article:publisher\" content=\"https:\/\/www.facebook.com\/wirmachenauf\" \/>\n<meta property=\"article:published_time\" content=\"2024-08-26T12:01:50+00:00\" \/>\n<meta property=\"og:image\" content=\"https:\/\/now-news.de\/de\/wp-content\/uploads\/sites\/3\/2024\/08\/66cc59d848fbef70b76807bb.jpg\" \/>\n<meta name=\"author\" content=\"rtnews\" \/>\n<meta name=\"twitter:card\" content=\"summary_large_image\" \/>\n<meta name=\"twitter:creator\" content=\"@WirMachenAuf_de\" \/>\n<meta name=\"twitter:site\" content=\"@WirMachenAuf_de\" \/>\n<meta name=\"twitter:label1\" content=\"Verfasst von\" \/>\n\t<meta name=\"twitter:data1\" content=\"rtnews\" \/>\n\t<meta name=\"twitter:label2\" content=\"Gesch\u00e4tzte Lesezeit\" \/>\n\t<meta name=\"twitter:data2\" content=\"3\u00a0Minuten\" \/>\n<script type=\"application\/ld+json\" class=\"yoast-schema-graph\">{\"@context\":\"https:\/\/schema.org\",\"@graph\":[{\"@type\":\"Article\",\"@id\":\"https:\/\/now-news.de\/de\/deutschland\/steinmeier-wer-die-demokratie-angreift-in-dessen-haende-darf-macht-nicht-gelangen\/#article\",\"isPartOf\":{\"@id\":\"https:\/\/now-news.de\/de\/deutschland\/steinmeier-wer-die-demokratie-angreift-in-dessen-haende-darf-macht-nicht-gelangen\/\"},\"author\":{\"name\":\"rtnews\",\"@id\":\"https:\/\/now-news.de\/de\/#\/schema\/person\/fb534a4e865501d8b3285208df34a9b5\"},\"headline\":\"Steinmeier: &quot;Wer die Demokratie angreift, in dessen H\u00e4nde darf Macht nicht gelangen&quot;\",\"datePublished\":\"2024-08-26T12:01:50+00:00\",\"dateModified\":\"2024-08-26T12:01:50+00:00\",\"mainEntityOfPage\":{\"@id\":\"https:\/\/now-news.de\/de\/deutschland\/steinmeier-wer-die-demokratie-angreift-in-dessen-haende-darf-macht-nicht-gelangen\/\"},\"wordCount\":543,\"commentCount\":0,\"publisher\":{\"@id\":\"https:\/\/now-news.de\/de\/#organization\"},\"image\":{\"@id\":\"https:\/\/now-news.de\/de\/deutschland\/steinmeier-wer-die-demokratie-angreift-in-dessen-haende-darf-macht-nicht-gelangen\/#primaryimage\"},\"thumbnailUrl\":\"https:\/\/now-news.de\/de\/wp-content\/uploads\/sites\/3\/2024\/08\/Steinmeier-quotWer-die-Demokratie-angreift-in-dessen-Haende-darf-Macht.jpg\",\"keywords\":[\"angreift\",\"darf\",\"Demokratie\",\"dessen\",\"die\",\"gelangenquot\",\"H\u00e4nde\",\"Macht\",\"nicht\",\"quotWer\",\"Steinmeier\"],\"articleSection\":[\"Deutschland\",\"Russland\"],\"inLanguage\":\"de\",\"potentialAction\":[{\"@type\":\"CommentAction\",\"name\":\"Comment\",\"target\":[\"https:\/\/now-news.de\/de\/deutschland\/steinmeier-wer-die-demokratie-angreift-in-dessen-haende-darf-macht-nicht-gelangen\/#respond\"]}]},{\"@type\":\"WebPage\",\"@id\":\"https:\/\/now-news.de\/de\/deutschland\/steinmeier-wer-die-demokratie-angreift-in-dessen-haende-darf-macht-nicht-gelangen\/\",\"url\":\"https:\/\/now-news.de\/de\/deutschland\/steinmeier-wer-die-demokratie-angreift-in-dessen-haende-darf-macht-nicht-gelangen\/\",\"name\":\"Steinmeier: &quot;Wer die Demokratie angreift, in dessen H\u00e4nde darf Macht nicht gelangen&quot; - just-now.NEWS Deutschland\",\"isPartOf\":{\"@id\":\"https:\/\/now-news.de\/de\/#website\"},\"primaryImageOfPage\":{\"@id\":\"https:\/\/now-news.de\/de\/deutschland\/steinmeier-wer-die-demokratie-angreift-in-dessen-haende-darf-macht-nicht-gelangen\/#primaryimage\"},\"image\":{\"@id\":\"https:\/\/now-news.de\/de\/deutschland\/steinmeier-wer-die-demokratie-angreift-in-dessen-haende-darf-macht-nicht-gelangen\/#primaryimage\"},\"thumbnailUrl\":\"https:\/\/now-news.de\/de\/wp-content\/uploads\/sites\/3\/2024\/08\/Steinmeier-quotWer-die-Demokratie-angreift-in-dessen-Haende-darf-Macht.jpg\",\"datePublished\":\"2024-08-26T12:01:50+00:00\",\"dateModified\":\"2024-08-26T12:01:50+00:00\",\"breadcrumb\":{\"@id\":\"https:\/\/now-news.de\/de\/deutschland\/steinmeier-wer-die-demokratie-angreift-in-dessen-haende-darf-macht-nicht-gelangen\/#breadcrumb\"},\"inLanguage\":\"de\",\"potentialAction\":[{\"@type\":\"ReadAction\",\"target\":[\"https:\/\/now-news.de\/de\/deutschland\/steinmeier-wer-die-demokratie-angreift-in-dessen-haende-darf-macht-nicht-gelangen\/\"]}]},{\"@type\":\"ImageObject\",\"inLanguage\":\"de\",\"@id\":\"https:\/\/now-news.de\/de\/deutschland\/steinmeier-wer-die-demokratie-angreift-in-dessen-haende-darf-macht-nicht-gelangen\/#primaryimage\",\"url\":\"https:\/\/now-news.de\/de\/wp-content\/uploads\/sites\/3\/2024\/08\/Steinmeier-quotWer-die-Demokratie-angreift-in-dessen-Haende-darf-Macht.jpg\",\"contentUrl\":\"https:\/\/now-news.de\/de\/wp-content\/uploads\/sites\/3\/2024\/08\/Steinmeier-quotWer-die-Demokratie-angreift-in-dessen-Haende-darf-Macht.jpg\",\"width\":460,\"height\":259,\"caption\":\"Steinmeier: &quot;Wer die Demokratie angreift, in dessen H\u00e4nde darf Macht nicht gelangen&quot;\"},{\"@type\":\"BreadcrumbList\",\"@id\":\"https:\/\/now-news.de\/de\/deutschland\/steinmeier-wer-die-demokratie-angreift-in-dessen-haende-darf-macht-nicht-gelangen\/#breadcrumb\",\"itemListElement\":[{\"@type\":\"ListItem\",\"position\":1,\"name\":\"Home\",\"item\":\"https:\/\/now-news.de\/de\/\"},{\"@type\":\"ListItem\",\"position\":2,\"name\":\"Steinmeier: &quot;Wer die Demokratie angreift, in dessen H\u00e4nde darf Macht nicht gelangen&quot;\"}]},{\"@type\":\"WebSite\",\"@id\":\"https:\/\/now-news.de\/de\/#website\",\"url\":\"https:\/\/now-news.de\/de\/\",\"name\":\"just-now.NEWS Deutschland\",\"description\":\"Das Portal f\u00fcr unzensierte Nachrichten aus der Welt\",\"publisher\":{\"@id\":\"https:\/\/now-news.de\/de\/#organization\"},\"potentialAction\":[{\"@type\":\"SearchAction\",\"target\":{\"@type\":\"EntryPoint\",\"urlTemplate\":\"https:\/\/now-news.de\/de\/?s={search_term_string}\"},\"query-input\":\"required name=search_term_string\"}],\"inLanguage\":\"de\"},{\"@type\":\"Organization\",\"@id\":\"https:\/\/now-news.de\/de\/#organization\",\"name\":\"Just Now News\",\"url\":\"https:\/\/now-news.de\/de\/\",\"logo\":{\"@type\":\"ImageObject\",\"inLanguage\":\"de\",\"@id\":\"https:\/\/now-news.de\/de\/#\/schema\/logo\/image\/\",\"url\":\"http:\/\/just-now.news\/de\/wp-content\/uploads\/sites\/3\/2022\/04\/logo500x500.jpg\",\"contentUrl\":\"http:\/\/just-now.news\/de\/wp-content\/uploads\/sites\/3\/2022\/04\/logo500x500.jpg\",\"width\":500,\"height\":500,\"caption\":\"Just Now News\"},\"image\":{\"@id\":\"https:\/\/now-news.de\/de\/#\/schema\/logo\/image\/\"},\"sameAs\":[\"https:\/\/www.facebook.com\/wirmachenauf\",\"https:\/\/x.com\/WirMachenAuf_de\"]},{\"@type\":\"Person\",\"@id\":\"https:\/\/now-news.de\/de\/#\/schema\/person\/fb534a4e865501d8b3285208df34a9b5\",\"name\":\"rtnews\",\"image\":{\"@type\":\"ImageObject\",\"inLanguage\":\"de\",\"@id\":\"https:\/\/now-news.de\/de\/#\/schema\/person\/image\/\",\"url\":\"https:\/\/secure.gravatar.com\/avatar\/82aafea7d8127119dd649515f56e2117?s=96&d=mm&r=g\",\"contentUrl\":\"https:\/\/secure.gravatar.com\/avatar\/82aafea7d8127119dd649515f56e2117?s=96&d=mm&r=g\",\"caption\":\"rtnews\"},\"url\":\"https:\/\/now-news.de\/de\/author\/rnews\/\"}]}<\/script>\n<!-- \/ Yoast SEO Premium plugin. -->","yoast_head_json":{"title":"Steinmeier: &quot;Wer die Demokratie angreift, in dessen H\u00e4nde darf Macht nicht gelangen&quot; - just-now.NEWS Deutschland","robots":{"index":"index","follow":"follow","max-snippet":"max-snippet:-1","max-image-preview":"max-image-preview:large","max-video-preview":"max-video-preview:-1"},"canonical":"https:\/\/now-news.de\/de\/deutschland\/steinmeier-wer-die-demokratie-angreift-in-dessen-haende-darf-macht-nicht-gelangen\/","og_locale":"de_DE","og_type":"article","og_title":"Steinmeier: &quot;Wer die Demokratie angreift, in dessen H\u00e4nde darf Macht nicht gelangen&quot;","og_description":"Bundespr\u00e4sident Steinmeier spricht im &#8220;ZDF&#8221;-Sommerinterview \u00fcber die Herausforderungen der Politik. Immer mehr B\u00fcrger f\u00fchlen sich nicht mehr repr\u00e4sentiert, analysiert er. Steinmeier fordert, Politik m\u00fcsse mehr zuh\u00f6ren und erkl\u00e4ren, um dann den eingeschlagenen Kurs kompromisslos umzusetzen. Im Sommerinterview mit dem ZDF spricht Bundespr\u00e4sident Frank-Walter Steinmeier (SPD) \u00fcber die gr\u00f6\u00dfer werdende Kluft zwischen Politik und W\u00e4hlern. Politik [&hellip;]","og_url":"https:\/\/now-news.de\/de\/deutschland\/steinmeier-wer-die-demokratie-angreift-in-dessen-haende-darf-macht-nicht-gelangen\/","og_site_name":"just-now.NEWS Deutschland","article_publisher":"https:\/\/www.facebook.com\/wirmachenauf","article_published_time":"2024-08-26T12:01:50+00:00","og_image":[{"url":"https:\/\/now-news.de\/de\/wp-content\/uploads\/sites\/3\/2024\/08\/66cc59d848fbef70b76807bb.jpg"}],"author":"rtnews","twitter_card":"summary_large_image","twitter_creator":"@WirMachenAuf_de","twitter_site":"@WirMachenAuf_de","twitter_misc":{"Verfasst von":"rtnews","Gesch\u00e4tzte Lesezeit":"3\u00a0Minuten"},"schema":{"@context":"https:\/\/schema.org","@graph":[{"@type":"Article","@id":"https:\/\/now-news.de\/de\/deutschland\/steinmeier-wer-die-demokratie-angreift-in-dessen-haende-darf-macht-nicht-gelangen\/#article","isPartOf":{"@id":"https:\/\/now-news.de\/de\/deutschland\/steinmeier-wer-die-demokratie-angreift-in-dessen-haende-darf-macht-nicht-gelangen\/"},"author":{"name":"rtnews","@id":"https:\/\/now-news.de\/de\/#\/schema\/person\/fb534a4e865501d8b3285208df34a9b5"},"headline":"Steinmeier: &quot;Wer die Demokratie angreift, in dessen H\u00e4nde darf Macht nicht gelangen&quot;","datePublished":"2024-08-26T12:01:50+00:00","dateModified":"2024-08-26T12:01:50+00:00","mainEntityOfPage":{"@id":"https:\/\/now-news.de\/de\/deutschland\/steinmeier-wer-die-demokratie-angreift-in-dessen-haende-darf-macht-nicht-gelangen\/"},"wordCount":543,"commentCount":0,"publisher":{"@id":"https:\/\/now-news.de\/de\/#organization"},"image":{"@id":"https:\/\/now-news.de\/de\/deutschland\/steinmeier-wer-die-demokratie-angreift-in-dessen-haende-darf-macht-nicht-gelangen\/#primaryimage"},"thumbnailUrl":"https:\/\/now-news.de\/de\/wp-content\/uploads\/sites\/3\/2024\/08\/Steinmeier-quotWer-die-Demokratie-angreift-in-dessen-Haende-darf-Macht.jpg","keywords":["angreift","darf","Demokratie","dessen","die","gelangenquot","H\u00e4nde","Macht","nicht","quotWer","Steinmeier"],"articleSection":["Deutschland","Russland"],"inLanguage":"de","potentialAction":[{"@type":"CommentAction","name":"Comment","target":["https:\/\/now-news.de\/de\/deutschland\/steinmeier-wer-die-demokratie-angreift-in-dessen-haende-darf-macht-nicht-gelangen\/#respond"]}]},{"@type":"WebPage","@id":"https:\/\/now-news.de\/de\/deutschland\/steinmeier-wer-die-demokratie-angreift-in-dessen-haende-darf-macht-nicht-gelangen\/","url":"https:\/\/now-news.de\/de\/deutschland\/steinmeier-wer-die-demokratie-angreift-in-dessen-haende-darf-macht-nicht-gelangen\/","name":"Steinmeier: &quot;Wer die Demokratie angreift, in dessen H\u00e4nde darf Macht nicht gelangen&quot; - just-now.NEWS Deutschland","isPartOf":{"@id":"https:\/\/now-news.de\/de\/#website"},"primaryImageOfPage":{"@id":"https:\/\/now-news.de\/de\/deutschland\/steinmeier-wer-die-demokratie-angreift-in-dessen-haende-darf-macht-nicht-gelangen\/#primaryimage"},"image":{"@id":"https:\/\/now-news.de\/de\/deutschland\/steinmeier-wer-die-demokratie-angreift-in-dessen-haende-darf-macht-nicht-gelangen\/#primaryimage"},"thumbnailUrl":"https:\/\/now-news.de\/de\/wp-content\/uploads\/sites\/3\/2024\/08\/Steinmeier-quotWer-die-Demokratie-angreift-in-dessen-Haende-darf-Macht.jpg","datePublished":"2024-08-26T12:01:50+00:00","dateModified":"2024-08-26T12:01:50+00:00","breadcrumb":{"@id":"https:\/\/now-news.de\/de\/deutschland\/steinmeier-wer-die-demokratie-angreift-in-dessen-haende-darf-macht-nicht-gelangen\/#breadcrumb"},"inLanguage":"de","potentialAction":[{"@type":"ReadAction","target":["https:\/\/now-news.de\/de\/deutschland\/steinmeier-wer-die-demokratie-angreift-in-dessen-haende-darf-macht-nicht-gelangen\/"]}]},{"@type":"ImageObject","inLanguage":"de","@id":"https:\/\/now-news.de\/de\/deutschland\/steinmeier-wer-die-demokratie-angreift-in-dessen-haende-darf-macht-nicht-gelangen\/#primaryimage","url":"https:\/\/now-news.de\/de\/wp-content\/uploads\/sites\/3\/2024\/08\/Steinmeier-quotWer-die-Demokratie-angreift-in-dessen-Haende-darf-Macht.jpg","contentUrl":"https:\/\/now-news.de\/de\/wp-content\/uploads\/sites\/3\/2024\/08\/Steinmeier-quotWer-die-Demokratie-angreift-in-dessen-Haende-darf-Macht.jpg","width":460,"height":259,"caption":"Steinmeier: &quot;Wer die Demokratie angreift, in dessen H\u00e4nde darf Macht nicht gelangen&quot;"},{"@type":"BreadcrumbList","@id":"https:\/\/now-news.de\/de\/deutschland\/steinmeier-wer-die-demokratie-angreift-in-dessen-haende-darf-macht-nicht-gelangen\/#breadcrumb","itemListElement":[{"@type":"ListItem","position":1,"name":"Home","item":"https:\/\/now-news.de\/de\/"},{"@type":"ListItem","position":2,"name":"Steinmeier: &quot;Wer die Demokratie angreift, in dessen H\u00e4nde darf Macht nicht gelangen&quot;"}]},{"@type":"WebSite","@id":"https:\/\/now-news.de\/de\/#website","url":"https:\/\/now-news.de\/de\/","name":"just-now.NEWS Deutschland","description":"Das Portal f\u00fcr unzensierte Nachrichten aus der Welt","publisher":{"@id":"https:\/\/now-news.de\/de\/#organization"},"potentialAction":[{"@type":"SearchAction","target":{"@type":"EntryPoint","urlTemplate":"https:\/\/now-news.de\/de\/?s={search_term_string}"},"query-input":"required name=search_term_string"}],"inLanguage":"de"},{"@type":"Organization","@id":"https:\/\/now-news.de\/de\/#organization","name":"Just Now News","url":"https:\/\/now-news.de\/de\/","logo":{"@type":"ImageObject","inLanguage":"de","@id":"https:\/\/now-news.de\/de\/#\/schema\/logo\/image\/","url":"http:\/\/just-now.news\/de\/wp-content\/uploads\/sites\/3\/2022\/04\/logo500x500.jpg","contentUrl":"http:\/\/just-now.news\/de\/wp-content\/uploads\/sites\/3\/2022\/04\/logo500x500.jpg","width":500,"height":500,"caption":"Just Now News"},"image":{"@id":"https:\/\/now-news.de\/de\/#\/schema\/logo\/image\/"},"sameAs":["https:\/\/www.facebook.com\/wirmachenauf","https:\/\/x.com\/WirMachenAuf_de"]},{"@type":"Person","@id":"https:\/\/now-news.de\/de\/#\/schema\/person\/fb534a4e865501d8b3285208df34a9b5","name":"rtnews","image":{"@type":"ImageObject","inLanguage":"de","@id":"https:\/\/now-news.de\/de\/#\/schema\/person\/image\/","url":"https:\/\/secure.gravatar.com\/avatar\/82aafea7d8127119dd649515f56e2117?s=96&d=mm&r=g","contentUrl":"https:\/\/secure.gravatar.com\/avatar\/82aafea7d8127119dd649515f56e2117?s=96&d=mm&r=g","caption":"rtnews"},"url":"https:\/\/now-news.de\/de\/author\/rnews\/"}]}},"_links":{"self":[{"href":"https:\/\/now-news.de\/de\/wp-json\/wp\/v2\/posts\/67518"}],"collection":[{"href":"https:\/\/now-news.de\/de\/wp-json\/wp\/v2\/posts"}],"about":[{"href":"https:\/\/now-news.de\/de\/wp-json\/wp\/v2\/types\/post"}],"author":[{"embeddable":true,"href":"https:\/\/now-news.de\/de\/wp-json\/wp\/v2\/users\/3"}],"replies":[{"embeddable":true,"href":"https:\/\/now-news.de\/de\/wp-json\/wp\/v2\/comments?post=67518"}],"version-history":[{"count":0,"href":"https:\/\/now-news.de\/de\/wp-json\/wp\/v2\/posts\/67518\/revisions"}],"wp:featuredmedia":[{"embeddable":true,"href":"https:\/\/now-news.de\/de\/wp-json\/wp\/v2\/media\/67519"}],"wp:attachment":[{"href":"https:\/\/now-news.de\/de\/wp-json\/wp\/v2\/media?parent=67518"}],"wp:term":[{"taxonomy":"category","embeddable":true,"href":"https:\/\/now-news.de\/de\/wp-json\/wp\/v2\/categories?post=67518"},{"taxonomy":"post_tag","embeddable":true,"href":"https:\/\/now-news.de\/de\/wp-json\/wp\/v2\/tags?post=67518"}],"curies":[{"name":"wp","href":"https:\/\/api.w.org\/{rel}","templated":true}]}}