{"id":67502,"date":"2024-08-26T09:59:25","date_gmt":"2024-08-26T07:59:25","guid":{"rendered":"https:\/\/now-news.de\/de\/deutschland\/spd-chefin-esken-kann-aus-anschlag-nicht-viel-lernen-und-solingen-demonstriert-gegen-rechts\/"},"modified":"2024-08-26T09:59:25","modified_gmt":"2024-08-26T07:59:25","slug":"spd-chefin-esken-kann-aus-anschlag-nicht-viel-lernen-und-solingen-demonstriert-gegen-rechts","status":"publish","type":"post","link":"https:\/\/now-news.de\/de\/deutschland\/spd-chefin-esken-kann-aus-anschlag-nicht-viel-lernen-und-solingen-demonstriert-gegen-rechts\/","title":{"rendered":"SPD-Chefin Esken kann aus Anschlag &quot;nicht viel lernen&quot; \u2013 und Solingen demonstriert &quot;gegen rechts&quot;"},"content":{"rendered":"<p><img decoding=\"async\" src=\"https:\/\/now-news.de\/de\/wp-content\/uploads\/sites\/3\/2024\/08\/66cc157b48fbef1bcd736d26.jpg\" \/><\/p>\n<div class=\"Text-root Text-type_1 \">\n                SPD-Chefin Saskia Esken erkl\u00e4rte den ARD-Zuschauern, dass kein Lerneffekt und entsprechende Ma\u00dfnahmen nach dem islamistischen Anschlag erfolgten, da der T\u00e4ter &#8220;ja offenkundig nicht polizeibekannt war&#8221;. In Solingen war eine Gegendemonstration &#8220;gegen rechts&#8221; besser besucht, als die JA-Veranstaltung zum Thema &#8220;Remigration&#8221;.\n            <\/div>\n<p><\/p>\n<div class=\"Text-root Text-type_5 ArticleView-text ViewText-root \">\n<p>Nach dem islamistischen Anschlag in Solingen vom 24. August mit drei Toten und acht teils schwer verletzten Opfern diskutiert das Land kontrovers \u00fcber den Umgang mit dem Attentat, dies rund drei Monate nach dem t\u00f6dlichen Vorfall in Mannheim. In der <em>ARD<\/em>-Talksendung &#8220;Caren Miosga&#8221; erkl\u00e4rte die SPD-Vorsitzende Esken, dass sich aus dem Anschlag nicht viel lernen lie\u00dfe, da der T\u00e4ter nicht unter Beobachtung stand. Die Jugendorganisation der Partei AfD demonstrierte am Sonntag in Solingen zum Thema &#8220;Remigration&#8221;. Die Gegenveranstaltung vom B\u00fcndnis &#8220;Solingen ist bunt statt braun&#8221; erfuhr wesentlich mehr Zustimmung.\u00a0<\/p>\n<p>Jochen Kopelke, Bundesvorsitzender der Gewerkschaft der Polizei, erl\u00e4uterte in der <em>ARD<\/em>-Sendung die aktuellen Probleme der Beh\u00f6rden, um effektiv im Vorfeld gegen potenzielle islamistische Gef\u00e4hrder agieren zu k\u00f6nnen. Aktuelle Regelungen des Informationsaustausches zwischen Polizei und Verfassungsschutz im Rahmen geltender Rechtsgrundlagen w\u00fcrden dabei pr\u00e4ventive Arbeit weiterhin behindern. Seitens der Moderatorin darauf angesprochen, erkl\u00e4rte die SPD-Vorsitzende, dass auch weiterhin zum Thema Trennungsgebot zwischen Polizei und Nachrichtendiensten &#8220;gute Gr\u00fcnde existieren&#8221; w\u00fcrden, und argumentierte mit der laut Esken wahrgenommenen Geschichte von &#8220;Nazi-Deutschland und der DDR&#8221;.<\/p>\n<p>Zu der Frage der Moderatorin, was die SPD-Politikerin pers\u00f6nlich aus dem Anschlag lerne, &#8220;was jetzt ge\u00e4ndert werden muss f\u00fcr die Befugnisse der Polizei&#8221;, <a rel=\"nofollow noopener\" target=\"_blank\" href=\"https:\/\/www.ardmediathek.de\/video\/Y3JpZDovL2Rhc2Vyc3RlLmRlL2NhcmVuLW1pb3NnYS8yMDI0LTA4LTI1XzIyLTAwLU1FU1o\">antwortete<\/a> Esken w\u00f6rtlich:<\/p>\n<p><em>&#8220;Gerade aus diesem Anschlag l\u00e4sst sich, glaube ich, nicht allzu viel lernen, weil der T\u00e4ter ja offenkundig nicht polizeibekannt war, insofern auch nicht unter Beobachtung stand.&#8221;<\/em><\/p>\n<p>Esken bezog sich dabei rein auf den &#8220;islamistischen Gef\u00e4hrder-Aspekt&#8221;, um zu erg\u00e4nzen, dass der Staat nicht die &#8220;Gesamtbev\u00f6lkerung von weit \u00fcber 80 Millionen unter Dauerbeobachtung stellen&#8221; k\u00f6nne, &#8220;das ist etwas, was wir uns sehr gut \u00fcberlegen sollten&#8221;, so die SPD-Vorsitzende.<\/p>\n<p>Die <em>Bild-<\/em>Zeitung erfuhr mittlerweile aus Asylunterlagen des syrischen T\u00e4ters, dass die zust\u00e4ndigen Mitarbeiter der\u00a0Ausl\u00e4nderbeh\u00f6rde Bielefeld nur einmal versucht haben sollen, den Mann anzutreffen. Weiter hei\u00dft es im <a rel=\"nofollow noopener\" target=\"_blank\" href=\"https:\/\/www.bild.de\/politik\/inland\/solingen-terror-das-war-der-toedliche-abschiebe-fehler-66cb1b8b32ae147132a73fa9\">Artikel<\/a> erl\u00e4uternd:<\/p>\n<p><em>&#8220;Die Rechtslage lautet: Taucht der Asylbewerber unter oder entzieht sich seiner Abschiebung, verl\u00e4ngert sich diese sogenannte \u00dcberstellungsfrist von sechs auf 18 Monate. Das hei\u00dft, dass Deutschland 18 Monate Zeit gehabt h\u00e4tte, um den Syrer nach Bulgarien abzuschieben.<\/em><\/p>\n<p><em>Da Issa al Hasan allerdings nur einmal nicht anzutreffen war und die Beh\u00f6rden offenbar nicht weiter versuchten, ihn abzuschieben, galt er\u00a0nicht als untergetaucht. Und die \u00dcberstellungsfrist blieb bei sechs Monaten.<\/em><\/p>\n<p>Da man nicht mehrfach versucht hatte, den Syrer im Asylantenheim anzutreffen, meldete ihn die Ausl\u00e4nderbeh\u00f6rde nicht als untergetaucht. Daraufhin wurde die \u00dcberstellungsfrist nach sechs Monaten eingestellt und nicht notwendigerweise verl\u00e4ngert. Die <em>Bild<\/em>-Redaktion erfuhr:<\/p>\n<p><em>&#8220;Vier Tage, nachdem die \u00dcberstellungsfrist abgelaufen war, meldete sich der Syrer bei den Beh\u00f6rden. Er zog seine Klage gegen den \u00dcberstellungsbescheid nach Bulgarien zur\u00fcck.&#8221;<\/em><\/p>\n<p>Am Tag nach dem t\u00f6dlichen Attentat kam es zu mehreren Demonstrationen in Solingen.\u00a0Zu der unmittelbar nach dem Ereignis angemeldeten Veranstaltung der AfD-Jugendorganisation &#8220;Junge Alternative&#8221; kamen laut Medienberichten &#8220;weniger als 30 Menschen&#8221;.<\/p>\n<div class=\"EmbedBlock-root EmbedBlock-twitter\">\n<div class=\"TwitterEmbed\">\n<blockquote class=\"twitter-tweet lazyload\" data-twitter=\"twitter-tweet\">\n<p lang=\"de\" dir=\"ltr\">Nach dem islamistischen Terroranschlag berichtet das ZDF \u00fcber die &#8220;Demo gegen rechts&#8221; in <a rel=\"nofollow noopener\" target=\"_blank\" href=\"https:\/\/twitter.com\/hashtag\/Solingen?src=hash&amp;ref_src=twsrc%5Etfw\">#Solingen<\/a>. Zu sehen Flaggen der linksextremen MLPD und der Antifa. <a rel=\"nofollow noopener\" target=\"_blank\" href=\"https:\/\/twitter.com\/hashtag\/ReformOerr?src=hash&amp;ref_src=twsrc%5Etfw\">#ReformOerr<\/a><a rel=\"nofollow noopener\" target=\"_blank\" href=\"https:\/\/twitter.com\/hashtag\/OerrBlog?src=hash&amp;ref_src=twsrc%5Etfw\">#OerrBlog<\/a><a rel=\"nofollow noopener\" target=\"_blank\" href=\"https:\/\/t.co\/Sl5rgNsrUI\">pic.twitter.com\/Sl5rgNsrUI<\/a><\/p>\n<p>\u2014 \u00d6RR Blog. (@OERRBlog) <a rel=\"nofollow noopener\" target=\"_blank\" href=\"https:\/\/twitter.com\/OERRBlog\/status\/1827766215781040453?ref_src=twsrc%5Etfw\">August 25, 2024<\/a><\/p><\/blockquote>\n<\/div>\n<\/div>\n<p>Ausgehend der Bekanntmachung organisierte das Solinger\u00a0B\u00fcndnis &#8220;Solingen ist bunt statt braun&#8221; sowie &#8220;b\u00fcrgerliche Gruppen aus Wuppertal und Solingen&#8221; Gegenproteste, die laut <em>Spiegel<\/em>-Informationen von &#8220;rund 400 Demo-Teilnehmern&#8221; unterst\u00fctzt wurden.<\/p>\n<div class=\"EmbedBlock-root EmbedBlock-twitter\">\n<div class=\"TwitterEmbed\">\n<blockquote class=\"twitter-tweet lazyload\" data-twitter=\"twitter-tweet\" data-media-max-width=\"560\">\n<p lang=\"en\" dir=\"ltr\">realsatire <a rel=\"nofollow noopener\" target=\"_blank\" href=\"https:\/\/t.co\/ZjVdTvU8ZS\">pic.twitter.com\/ZjVdTvU8ZS<\/a><\/p>\n<p>\u2014 Ulf Poschardt (@ulfposh) <a rel=\"nofollow noopener\" target=\"_blank\" href=\"https:\/\/twitter.com\/ulfposh\/status\/1827760635301536039?ref_src=twsrc%5Etfw\">August 25, 2024<\/a><\/p><\/blockquote>\n<\/div>\n<\/div>\n<p>Ein B\u00fcndnissprecher erkl\u00e4rte laut <em>Spiegel<\/em>-Artikel in seiner Rede, dass &#8220;wir\u00a0Raum f\u00fcr das Gedenken und die Trauer brauchen&#8221;, aber &#8220;die Nazis, die wollen wir hier auch nicht haben&#8221;, so das Zitat einer Teilnehmerin. Der B\u00fcndnissprecher erkl\u00e4rte, dass sich f\u00fcr ihn schnell angedeutet hat, dass &#8220;Rechtsextreme die Tat instrumentalisieren w\u00fcrden&#8221;. So w\u00e4ren auf der Webseite der Initiative unmittelbar nach dem Attentat &#8220;rechte&#8221; Zuschriften erfolgt:<em><\/em><\/p>\n<p><em>&#8220;Hass und Beschimpfungen, die sich nur deshalb gegen uns richteten, weil wir die Worte &#8216;bunt&#8217; und &#8216;Vielfalt&#8217; nutzen.&#8221;<\/em><\/p>\n<p>FDP-Justizminister Buschmann erkl\u00e4rte via X-Posting:<\/p>\n<div class=\"EmbedBlock-root EmbedBlock-twitter\">\n<div class=\"TwitterEmbed\">\n<blockquote class=\"twitter-tweet lazyload\" data-twitter=\"twitter-tweet\">\n<p lang=\"de\" dir=\"ltr\">Nach <a rel=\"nofollow noopener\" target=\"_blank\" href=\"https:\/\/twitter.com\/hashtag\/Solingen?src=hash&amp;ref_src=twsrc%5Etfw\">#Solingen<\/a> m\u00fcssen alle Themen auf den Tisch: Dabei ist das WaffenG kein Tabu. Wichtiger aber ist die Bek\u00e4mpfung des gewaltbereiten Islamismus und die Zur\u00fcckdr\u00e4ngung irregul\u00e4rer Migration. Wir brauchen L\u00f6sungen in der Sache, keine blo\u00dfen Symbole.<\/p>\n<p>\u2014 Marco Buschmann (@MarcoBuschmann) <a rel=\"nofollow noopener\" target=\"_blank\" href=\"https:\/\/twitter.com\/MarcoBuschmann\/status\/1827695808830951627?ref_src=twsrc%5Etfw\">August 25, 2024<\/a><\/p><\/blockquote>\n<\/div>\n<\/div>\n<p>CDU-Chef Friedrich Merz teilte in einem\u00a0im <em>ARD<\/em>-Brennpunkt vom Sonntag mit:<\/p>\n<p><em>&#8220;Wenn Solingen jetzt f\u00fcr die Koalition nicht der Wendepunkt ist, dann wei\u00df ich nicht, was noch passieren muss, damit hier einige Leute endlich mal zur Besinnung kommen. Ich fordere, dass wir aufh\u00f6ren, eine naive Einwanderungspolitik zu machen.&#8221;<\/em><\/p>\n<p>Zudem stellte er in seinem aktuellen E-Mail-Newsletter &#8220;MerzMail&#8221; fest, dass &#8220;nicht die Messer das Problem sind&#8221;. <a rel=\"nofollow noopener\" target=\"_blank\" href=\"https:\/\/www.tagesspiegel.de\/politik\/polizeibefugnisse-und-migrationspolitik-anschlag-von-solingen-befeuert-politische-debatte-12255869.html\">W\u00f6rtlich<\/a> schrieb er in einem offenen Appell an Bundeskanzler Scholz:<\/p>\n<p><em>&#8220;Nach dem Terrorakt von Solingen d\u00fcrfte nun endg\u00fcltig klar sein: Nicht die Messer sind das Problem, sondern die Personen, die damit herumlaufen. In der Mehrzahl der F\u00e4lle sind dies Fl\u00fcchtlinge, in der Mehrzahl der Taten stehen islamistische Motive dahinter.&#8221;<\/em><\/p>\n<p>Bundeskanzler Olaf Scholz (SPD) will am heutigen Montag in Solingen mit NRW-Ministerpr\u00e4sident Hendrik W\u00fcst (CDU) der Opfer der Messerattacke gedenken. Anschlie\u00dfend sind ein Gespr\u00e4ch mit Einsatzkr\u00e4ften und ein gemeinsames Pressestatement geplant.<\/p>\n<p>Die Opfer des Messeranschlags von\u00a0Solingen\u00a0sollen laut <em>Frankfurter Rundschau<\/em> staatliche Hilfe bekommen. &#8220;Die Bundesregierung wird f\u00fcr die Opfer dieser entsetzlichen Tat da sein&#8221;, teilte demnach der Opferbeauftragte der Bundesregierung, Pascal Kober (FDP), mit.\u00a0<\/p>\n<p><strong>Mehr zum Thema <\/strong>\u2013<strong><\/strong><a rel=\"nofollow noopener\" target=\"_blank\" href=\"https:\/\/freedert.online\/gesellschaft\/216743-solinger-ob-und-nrw-innenminister\/\">Solinger OB und NRW-Innenminister sollen Geld von illegalem Schleuserring erhalten haben<\/a><\/p>\n<div class=\"EmbedBlock-root EmbedBlock-externalVideo EmbedBlock-rumble\">\n<div class=\"VkEmbed\"><iframe class=\"lazyload\" data-src=\"https:\/\/rumble.com\/embed\/v59z9jx\" frameborder=\"0\" width=\"853\" height=\"480\" allowfullscreen><\/iframe><\/div>\n<\/div>\n<\/div>\n<p><script async src=\"https:\/\/platform.twitter.com\/widgets.js\" charset=\"utf-8\"><\/script><br \/>\n<br \/><br \/>\n<br \/><a href=\"https:\/\/de.rt.com\/inland\/216868-spd-chefin-esken-kann-aus\/\">Source link <\/a><\/p>\n","protected":false},"excerpt":{"rendered":"<p>SPD-Chefin Saskia Esken erkl\u00e4rte den ARD-Zuschauern, dass kein Lerneffekt und entsprechende Ma\u00dfnahmen nach dem islamistischen Anschlag erfolgten, da der T\u00e4ter &#8220;ja offenkundig nicht polizeibekannt war&#8221;. In Solingen war eine Gegendemonstration &#8220;gegen rechts&#8221; besser besucht, als die JA-Veranstaltung zum Thema &#8220;Remigration&#8221;. Nach dem islamistischen Anschlag in Solingen vom 24. August mit drei Toten und acht teils [&hellip;]<\/p>\n","protected":false},"author":3,"featured_media":67503,"comment_status":"open","ping_status":"open","sticky":false,"template":"","format":"standard","meta":{"_yoast_indexnow_last_ping":["1724659895"],"wp_automatic_camp":["217"],"17eeee868879c51527426ef27fe37494":["SPD-Chefin Esken kann aus Anschlag &quot;nicht viel lernen&quot; \u2013 und Solingen demonstriert &quot;gegen rechts&quot;"],"original_link":["https:\/\/de.rt.com\/inland\/216868-spd-chefin-esken-kann-aus\/"],"_thumbnail_id":["67503"],"jnews_social_counter_last_update":["1777194575"],"_wptgpro_p2tg_sent2tg":["a:1:{i:23737;s:19:\"2024-08-26 10:12:49\";}"]},"categories":[19,23],"tags":[6315,679,19363,24077,838,38744,31953,1546,25075,56056,39876,140,11607],"yoast_head":"<!-- This site is optimized with the Yoast SEO Premium plugin v22.7 (Yoast SEO v22.7) - https:\/\/yoast.com\/wordpress\/plugins\/seo\/ -->\n<title>SPD-Chefin Esken kann aus Anschlag &quot;nicht viel lernen&quot; \u2013 und Solingen demonstriert &quot;gegen rechts&quot; - just-now.NEWS Deutschland<\/title>\n<meta name=\"robots\" content=\"index, follow, max-snippet:-1, max-image-preview:large, max-video-preview:-1\" \/>\n<link rel=\"canonical\" href=\"https:\/\/now-news.de\/de\/deutschland\/spd-chefin-esken-kann-aus-anschlag-nicht-viel-lernen-und-solingen-demonstriert-gegen-rechts\/\" \/>\n<meta property=\"og:locale\" content=\"de_DE\" \/>\n<meta property=\"og:type\" content=\"article\" \/>\n<meta property=\"og:title\" content=\"SPD-Chefin Esken kann aus Anschlag &quot;nicht viel lernen&quot; \u2013 und Solingen demonstriert &quot;gegen rechts&quot;\" \/>\n<meta property=\"og:description\" content=\"SPD-Chefin Saskia Esken erkl\u00e4rte den ARD-Zuschauern, dass kein Lerneffekt und entsprechende Ma\u00dfnahmen nach dem islamistischen Anschlag erfolgten, da der T\u00e4ter &#8220;ja offenkundig nicht polizeibekannt war&#8221;. In Solingen war eine Gegendemonstration &#8220;gegen rechts&#8221; besser besucht, als die JA-Veranstaltung zum Thema &#8220;Remigration&#8221;. Nach dem islamistischen Anschlag in Solingen vom 24. August mit drei Toten und acht teils [&hellip;]\" \/>\n<meta property=\"og:url\" content=\"https:\/\/now-news.de\/de\/deutschland\/spd-chefin-esken-kann-aus-anschlag-nicht-viel-lernen-und-solingen-demonstriert-gegen-rechts\/\" \/>\n<meta property=\"og:site_name\" content=\"just-now.NEWS Deutschland\" \/>\n<meta property=\"article:publisher\" content=\"https:\/\/www.facebook.com\/wirmachenauf\" \/>\n<meta property=\"article:published_time\" content=\"2024-08-26T07:59:25+00:00\" \/>\n<meta property=\"og:image\" content=\"https:\/\/now-news.de\/de\/wp-content\/uploads\/sites\/3\/2024\/08\/66cc157b48fbef1bcd736d26.jpg\" \/>\n<meta name=\"author\" content=\"rtnews\" \/>\n<meta name=\"twitter:card\" content=\"summary_large_image\" \/>\n<meta name=\"twitter:creator\" content=\"@WirMachenAuf_de\" \/>\n<meta name=\"twitter:site\" content=\"@WirMachenAuf_de\" \/>\n<meta name=\"twitter:label1\" content=\"Verfasst von\" \/>\n\t<meta name=\"twitter:data1\" content=\"rtnews\" \/>\n\t<meta name=\"twitter:label2\" content=\"Gesch\u00e4tzte Lesezeit\" \/>\n\t<meta name=\"twitter:data2\" content=\"5\u00a0Minuten\" \/>\n<script type=\"application\/ld+json\" class=\"yoast-schema-graph\">{\"@context\":\"https:\/\/schema.org\",\"@graph\":[{\"@type\":\"Article\",\"@id\":\"https:\/\/now-news.de\/de\/deutschland\/spd-chefin-esken-kann-aus-anschlag-nicht-viel-lernen-und-solingen-demonstriert-gegen-rechts\/#article\",\"isPartOf\":{\"@id\":\"https:\/\/now-news.de\/de\/deutschland\/spd-chefin-esken-kann-aus-anschlag-nicht-viel-lernen-und-solingen-demonstriert-gegen-rechts\/\"},\"author\":{\"name\":\"rtnews\",\"@id\":\"https:\/\/now-news.de\/de\/#\/schema\/person\/fb534a4e865501d8b3285208df34a9b5\"},\"headline\":\"SPD-Chefin Esken kann aus Anschlag &quot;nicht viel lernen&quot; \u2013 und Solingen demonstriert &quot;gegen rechts&quot;\",\"datePublished\":\"2024-08-26T07:59:25+00:00\",\"dateModified\":\"2024-08-26T07:59:25+00:00\",\"mainEntityOfPage\":{\"@id\":\"https:\/\/now-news.de\/de\/deutschland\/spd-chefin-esken-kann-aus-anschlag-nicht-viel-lernen-und-solingen-demonstriert-gegen-rechts\/\"},\"wordCount\":968,\"commentCount\":0,\"publisher\":{\"@id\":\"https:\/\/now-news.de\/de\/#organization\"},\"image\":{\"@id\":\"https:\/\/now-news.de\/de\/deutschland\/spd-chefin-esken-kann-aus-anschlag-nicht-viel-lernen-und-solingen-demonstriert-gegen-rechts\/#primaryimage\"},\"thumbnailUrl\":\"https:\/\/now-news.de\/de\/wp-content\/uploads\/sites\/3\/2024\/08\/SPD-Chefin-Esken-kann-aus-Anschlag-quotnicht-viel-lernenquot-\u2013-und.jpg\",\"keywords\":[\"Anschlag\",\"aus\",\"demonstriert\",\"Esken\",\"kann\",\"lernenquot\",\"quotGegen\",\"quotnicht\",\"Rechtsquot\",\"Solingen\",\"SPDChefin\",\"und\",\"viel\"],\"articleSection\":[\"Deutschland\",\"Russland\"],\"inLanguage\":\"de\",\"potentialAction\":[{\"@type\":\"CommentAction\",\"name\":\"Comment\",\"target\":[\"https:\/\/now-news.de\/de\/deutschland\/spd-chefin-esken-kann-aus-anschlag-nicht-viel-lernen-und-solingen-demonstriert-gegen-rechts\/#respond\"]}]},{\"@type\":\"WebPage\",\"@id\":\"https:\/\/now-news.de\/de\/deutschland\/spd-chefin-esken-kann-aus-anschlag-nicht-viel-lernen-und-solingen-demonstriert-gegen-rechts\/\",\"url\":\"https:\/\/now-news.de\/de\/deutschland\/spd-chefin-esken-kann-aus-anschlag-nicht-viel-lernen-und-solingen-demonstriert-gegen-rechts\/\",\"name\":\"SPD-Chefin Esken kann aus Anschlag &quot;nicht viel lernen&quot; \u2013 und Solingen demonstriert &quot;gegen rechts&quot; - just-now.NEWS Deutschland\",\"isPartOf\":{\"@id\":\"https:\/\/now-news.de\/de\/#website\"},\"primaryImageOfPage\":{\"@id\":\"https:\/\/now-news.de\/de\/deutschland\/spd-chefin-esken-kann-aus-anschlag-nicht-viel-lernen-und-solingen-demonstriert-gegen-rechts\/#primaryimage\"},\"image\":{\"@id\":\"https:\/\/now-news.de\/de\/deutschland\/spd-chefin-esken-kann-aus-anschlag-nicht-viel-lernen-und-solingen-demonstriert-gegen-rechts\/#primaryimage\"},\"thumbnailUrl\":\"https:\/\/now-news.de\/de\/wp-content\/uploads\/sites\/3\/2024\/08\/SPD-Chefin-Esken-kann-aus-Anschlag-quotnicht-viel-lernenquot-\u2013-und.jpg\",\"datePublished\":\"2024-08-26T07:59:25+00:00\",\"dateModified\":\"2024-08-26T07:59:25+00:00\",\"breadcrumb\":{\"@id\":\"https:\/\/now-news.de\/de\/deutschland\/spd-chefin-esken-kann-aus-anschlag-nicht-viel-lernen-und-solingen-demonstriert-gegen-rechts\/#breadcrumb\"},\"inLanguage\":\"de\",\"potentialAction\":[{\"@type\":\"ReadAction\",\"target\":[\"https:\/\/now-news.de\/de\/deutschland\/spd-chefin-esken-kann-aus-anschlag-nicht-viel-lernen-und-solingen-demonstriert-gegen-rechts\/\"]}]},{\"@type\":\"ImageObject\",\"inLanguage\":\"de\",\"@id\":\"https:\/\/now-news.de\/de\/deutschland\/spd-chefin-esken-kann-aus-anschlag-nicht-viel-lernen-und-solingen-demonstriert-gegen-rechts\/#primaryimage\",\"url\":\"https:\/\/now-news.de\/de\/wp-content\/uploads\/sites\/3\/2024\/08\/SPD-Chefin-Esken-kann-aus-Anschlag-quotnicht-viel-lernenquot-\u2013-und.jpg\",\"contentUrl\":\"https:\/\/now-news.de\/de\/wp-content\/uploads\/sites\/3\/2024\/08\/SPD-Chefin-Esken-kann-aus-Anschlag-quotnicht-viel-lernenquot-\u2013-und.jpg\",\"width\":460,\"height\":259,\"caption\":\"SPD-Chefin Esken kann aus Anschlag &quot;nicht viel lernen&quot; \u2013 und Solingen demonstriert &quot;gegen rechts&quot;\"},{\"@type\":\"BreadcrumbList\",\"@id\":\"https:\/\/now-news.de\/de\/deutschland\/spd-chefin-esken-kann-aus-anschlag-nicht-viel-lernen-und-solingen-demonstriert-gegen-rechts\/#breadcrumb\",\"itemListElement\":[{\"@type\":\"ListItem\",\"position\":1,\"name\":\"Home\",\"item\":\"https:\/\/now-news.de\/de\/\"},{\"@type\":\"ListItem\",\"position\":2,\"name\":\"SPD-Chefin Esken kann aus Anschlag &quot;nicht viel lernen&quot; \u2013 und Solingen demonstriert &quot;gegen rechts&quot;\"}]},{\"@type\":\"WebSite\",\"@id\":\"https:\/\/now-news.de\/de\/#website\",\"url\":\"https:\/\/now-news.de\/de\/\",\"name\":\"just-now.NEWS Deutschland\",\"description\":\"Das Portal f\u00fcr unzensierte Nachrichten aus der Welt\",\"publisher\":{\"@id\":\"https:\/\/now-news.de\/de\/#organization\"},\"potentialAction\":[{\"@type\":\"SearchAction\",\"target\":{\"@type\":\"EntryPoint\",\"urlTemplate\":\"https:\/\/now-news.de\/de\/?s={search_term_string}\"},\"query-input\":\"required name=search_term_string\"}],\"inLanguage\":\"de\"},{\"@type\":\"Organization\",\"@id\":\"https:\/\/now-news.de\/de\/#organization\",\"name\":\"Just Now News\",\"url\":\"https:\/\/now-news.de\/de\/\",\"logo\":{\"@type\":\"ImageObject\",\"inLanguage\":\"de\",\"@id\":\"https:\/\/now-news.de\/de\/#\/schema\/logo\/image\/\",\"url\":\"http:\/\/just-now.news\/de\/wp-content\/uploads\/sites\/3\/2022\/04\/logo500x500.jpg\",\"contentUrl\":\"http:\/\/just-now.news\/de\/wp-content\/uploads\/sites\/3\/2022\/04\/logo500x500.jpg\",\"width\":500,\"height\":500,\"caption\":\"Just Now News\"},\"image\":{\"@id\":\"https:\/\/now-news.de\/de\/#\/schema\/logo\/image\/\"},\"sameAs\":[\"https:\/\/www.facebook.com\/wirmachenauf\",\"https:\/\/x.com\/WirMachenAuf_de\"]},{\"@type\":\"Person\",\"@id\":\"https:\/\/now-news.de\/de\/#\/schema\/person\/fb534a4e865501d8b3285208df34a9b5\",\"name\":\"rtnews\",\"image\":{\"@type\":\"ImageObject\",\"inLanguage\":\"de\",\"@id\":\"https:\/\/now-news.de\/de\/#\/schema\/person\/image\/\",\"url\":\"https:\/\/secure.gravatar.com\/avatar\/82aafea7d8127119dd649515f56e2117?s=96&d=mm&r=g\",\"contentUrl\":\"https:\/\/secure.gravatar.com\/avatar\/82aafea7d8127119dd649515f56e2117?s=96&d=mm&r=g\",\"caption\":\"rtnews\"},\"url\":\"https:\/\/now-news.de\/de\/author\/rnews\/\"}]}<\/script>\n<!-- \/ Yoast SEO Premium plugin. -->","yoast_head_json":{"title":"SPD-Chefin Esken kann aus Anschlag &quot;nicht viel lernen&quot; \u2013 und Solingen demonstriert &quot;gegen rechts&quot; - just-now.NEWS Deutschland","robots":{"index":"index","follow":"follow","max-snippet":"max-snippet:-1","max-image-preview":"max-image-preview:large","max-video-preview":"max-video-preview:-1"},"canonical":"https:\/\/now-news.de\/de\/deutschland\/spd-chefin-esken-kann-aus-anschlag-nicht-viel-lernen-und-solingen-demonstriert-gegen-rechts\/","og_locale":"de_DE","og_type":"article","og_title":"SPD-Chefin Esken kann aus Anschlag &quot;nicht viel lernen&quot; \u2013 und Solingen demonstriert &quot;gegen rechts&quot;","og_description":"SPD-Chefin Saskia Esken erkl\u00e4rte den ARD-Zuschauern, dass kein Lerneffekt und entsprechende Ma\u00dfnahmen nach dem islamistischen Anschlag erfolgten, da der T\u00e4ter &#8220;ja offenkundig nicht polizeibekannt war&#8221;. In Solingen war eine Gegendemonstration &#8220;gegen rechts&#8221; besser besucht, als die JA-Veranstaltung zum Thema &#8220;Remigration&#8221;. Nach dem islamistischen Anschlag in Solingen vom 24. August mit drei Toten und acht teils [&hellip;]","og_url":"https:\/\/now-news.de\/de\/deutschland\/spd-chefin-esken-kann-aus-anschlag-nicht-viel-lernen-und-solingen-demonstriert-gegen-rechts\/","og_site_name":"just-now.NEWS Deutschland","article_publisher":"https:\/\/www.facebook.com\/wirmachenauf","article_published_time":"2024-08-26T07:59:25+00:00","og_image":[{"url":"https:\/\/now-news.de\/de\/wp-content\/uploads\/sites\/3\/2024\/08\/66cc157b48fbef1bcd736d26.jpg"}],"author":"rtnews","twitter_card":"summary_large_image","twitter_creator":"@WirMachenAuf_de","twitter_site":"@WirMachenAuf_de","twitter_misc":{"Verfasst von":"rtnews","Gesch\u00e4tzte Lesezeit":"5\u00a0Minuten"},"schema":{"@context":"https:\/\/schema.org","@graph":[{"@type":"Article","@id":"https:\/\/now-news.de\/de\/deutschland\/spd-chefin-esken-kann-aus-anschlag-nicht-viel-lernen-und-solingen-demonstriert-gegen-rechts\/#article","isPartOf":{"@id":"https:\/\/now-news.de\/de\/deutschland\/spd-chefin-esken-kann-aus-anschlag-nicht-viel-lernen-und-solingen-demonstriert-gegen-rechts\/"},"author":{"name":"rtnews","@id":"https:\/\/now-news.de\/de\/#\/schema\/person\/fb534a4e865501d8b3285208df34a9b5"},"headline":"SPD-Chefin Esken kann aus Anschlag &quot;nicht viel lernen&quot; \u2013 und Solingen demonstriert &quot;gegen rechts&quot;","datePublished":"2024-08-26T07:59:25+00:00","dateModified":"2024-08-26T07:59:25+00:00","mainEntityOfPage":{"@id":"https:\/\/now-news.de\/de\/deutschland\/spd-chefin-esken-kann-aus-anschlag-nicht-viel-lernen-und-solingen-demonstriert-gegen-rechts\/"},"wordCount":968,"commentCount":0,"publisher":{"@id":"https:\/\/now-news.de\/de\/#organization"},"image":{"@id":"https:\/\/now-news.de\/de\/deutschland\/spd-chefin-esken-kann-aus-anschlag-nicht-viel-lernen-und-solingen-demonstriert-gegen-rechts\/#primaryimage"},"thumbnailUrl":"https:\/\/now-news.de\/de\/wp-content\/uploads\/sites\/3\/2024\/08\/SPD-Chefin-Esken-kann-aus-Anschlag-quotnicht-viel-lernenquot-\u2013-und.jpg","keywords":["Anschlag","aus","demonstriert","Esken","kann","lernenquot","quotGegen","quotnicht","Rechtsquot","Solingen","SPDChefin","und","viel"],"articleSection":["Deutschland","Russland"],"inLanguage":"de","potentialAction":[{"@type":"CommentAction","name":"Comment","target":["https:\/\/now-news.de\/de\/deutschland\/spd-chefin-esken-kann-aus-anschlag-nicht-viel-lernen-und-solingen-demonstriert-gegen-rechts\/#respond"]}]},{"@type":"WebPage","@id":"https:\/\/now-news.de\/de\/deutschland\/spd-chefin-esken-kann-aus-anschlag-nicht-viel-lernen-und-solingen-demonstriert-gegen-rechts\/","url":"https:\/\/now-news.de\/de\/deutschland\/spd-chefin-esken-kann-aus-anschlag-nicht-viel-lernen-und-solingen-demonstriert-gegen-rechts\/","name":"SPD-Chefin Esken kann aus Anschlag &quot;nicht viel lernen&quot; \u2013 und Solingen demonstriert &quot;gegen rechts&quot; - just-now.NEWS Deutschland","isPartOf":{"@id":"https:\/\/now-news.de\/de\/#website"},"primaryImageOfPage":{"@id":"https:\/\/now-news.de\/de\/deutschland\/spd-chefin-esken-kann-aus-anschlag-nicht-viel-lernen-und-solingen-demonstriert-gegen-rechts\/#primaryimage"},"image":{"@id":"https:\/\/now-news.de\/de\/deutschland\/spd-chefin-esken-kann-aus-anschlag-nicht-viel-lernen-und-solingen-demonstriert-gegen-rechts\/#primaryimage"},"thumbnailUrl":"https:\/\/now-news.de\/de\/wp-content\/uploads\/sites\/3\/2024\/08\/SPD-Chefin-Esken-kann-aus-Anschlag-quotnicht-viel-lernenquot-\u2013-und.jpg","datePublished":"2024-08-26T07:59:25+00:00","dateModified":"2024-08-26T07:59:25+00:00","breadcrumb":{"@id":"https:\/\/now-news.de\/de\/deutschland\/spd-chefin-esken-kann-aus-anschlag-nicht-viel-lernen-und-solingen-demonstriert-gegen-rechts\/#breadcrumb"},"inLanguage":"de","potentialAction":[{"@type":"ReadAction","target":["https:\/\/now-news.de\/de\/deutschland\/spd-chefin-esken-kann-aus-anschlag-nicht-viel-lernen-und-solingen-demonstriert-gegen-rechts\/"]}]},{"@type":"ImageObject","inLanguage":"de","@id":"https:\/\/now-news.de\/de\/deutschland\/spd-chefin-esken-kann-aus-anschlag-nicht-viel-lernen-und-solingen-demonstriert-gegen-rechts\/#primaryimage","url":"https:\/\/now-news.de\/de\/wp-content\/uploads\/sites\/3\/2024\/08\/SPD-Chefin-Esken-kann-aus-Anschlag-quotnicht-viel-lernenquot-\u2013-und.jpg","contentUrl":"https:\/\/now-news.de\/de\/wp-content\/uploads\/sites\/3\/2024\/08\/SPD-Chefin-Esken-kann-aus-Anschlag-quotnicht-viel-lernenquot-\u2013-und.jpg","width":460,"height":259,"caption":"SPD-Chefin Esken kann aus Anschlag &quot;nicht viel lernen&quot; \u2013 und Solingen demonstriert &quot;gegen rechts&quot;"},{"@type":"BreadcrumbList","@id":"https:\/\/now-news.de\/de\/deutschland\/spd-chefin-esken-kann-aus-anschlag-nicht-viel-lernen-und-solingen-demonstriert-gegen-rechts\/#breadcrumb","itemListElement":[{"@type":"ListItem","position":1,"name":"Home","item":"https:\/\/now-news.de\/de\/"},{"@type":"ListItem","position":2,"name":"SPD-Chefin Esken kann aus Anschlag &quot;nicht viel lernen&quot; \u2013 und Solingen demonstriert &quot;gegen rechts&quot;"}]},{"@type":"WebSite","@id":"https:\/\/now-news.de\/de\/#website","url":"https:\/\/now-news.de\/de\/","name":"just-now.NEWS Deutschland","description":"Das Portal f\u00fcr unzensierte Nachrichten aus der Welt","publisher":{"@id":"https:\/\/now-news.de\/de\/#organization"},"potentialAction":[{"@type":"SearchAction","target":{"@type":"EntryPoint","urlTemplate":"https:\/\/now-news.de\/de\/?s={search_term_string}"},"query-input":"required name=search_term_string"}],"inLanguage":"de"},{"@type":"Organization","@id":"https:\/\/now-news.de\/de\/#organization","name":"Just Now News","url":"https:\/\/now-news.de\/de\/","logo":{"@type":"ImageObject","inLanguage":"de","@id":"https:\/\/now-news.de\/de\/#\/schema\/logo\/image\/","url":"http:\/\/just-now.news\/de\/wp-content\/uploads\/sites\/3\/2022\/04\/logo500x500.jpg","contentUrl":"http:\/\/just-now.news\/de\/wp-content\/uploads\/sites\/3\/2022\/04\/logo500x500.jpg","width":500,"height":500,"caption":"Just Now News"},"image":{"@id":"https:\/\/now-news.de\/de\/#\/schema\/logo\/image\/"},"sameAs":["https:\/\/www.facebook.com\/wirmachenauf","https:\/\/x.com\/WirMachenAuf_de"]},{"@type":"Person","@id":"https:\/\/now-news.de\/de\/#\/schema\/person\/fb534a4e865501d8b3285208df34a9b5","name":"rtnews","image":{"@type":"ImageObject","inLanguage":"de","@id":"https:\/\/now-news.de\/de\/#\/schema\/person\/image\/","url":"https:\/\/secure.gravatar.com\/avatar\/82aafea7d8127119dd649515f56e2117?s=96&d=mm&r=g","contentUrl":"https:\/\/secure.gravatar.com\/avatar\/82aafea7d8127119dd649515f56e2117?s=96&d=mm&r=g","caption":"rtnews"},"url":"https:\/\/now-news.de\/de\/author\/rnews\/"}]}},"_links":{"self":[{"href":"https:\/\/now-news.de\/de\/wp-json\/wp\/v2\/posts\/67502"}],"collection":[{"href":"https:\/\/now-news.de\/de\/wp-json\/wp\/v2\/posts"}],"about":[{"href":"https:\/\/now-news.de\/de\/wp-json\/wp\/v2\/types\/post"}],"author":[{"embeddable":true,"href":"https:\/\/now-news.de\/de\/wp-json\/wp\/v2\/users\/3"}],"replies":[{"embeddable":true,"href":"https:\/\/now-news.de\/de\/wp-json\/wp\/v2\/comments?post=67502"}],"version-history":[{"count":0,"href":"https:\/\/now-news.de\/de\/wp-json\/wp\/v2\/posts\/67502\/revisions"}],"wp:featuredmedia":[{"embeddable":true,"href":"https:\/\/now-news.de\/de\/wp-json\/wp\/v2\/media\/67503"}],"wp:attachment":[{"href":"https:\/\/now-news.de\/de\/wp-json\/wp\/v2\/media?parent=67502"}],"wp:term":[{"taxonomy":"category","embeddable":true,"href":"https:\/\/now-news.de\/de\/wp-json\/wp\/v2\/categories?post=67502"},{"taxonomy":"post_tag","embeddable":true,"href":"https:\/\/now-news.de\/de\/wp-json\/wp\/v2\/tags?post=67502"}],"curies":[{"name":"wp","href":"https:\/\/api.w.org\/{rel}","templated":true}]}}