{"id":67412,"date":"2024-08-24T19:50:11","date_gmt":"2024-08-24T17:50:11","guid":{"rendered":"https:\/\/now-news.de\/de\/deutschland\/selenskij-provoziert-mit-auftritt-an-russischer-grenze\/"},"modified":"2024-08-24T19:50:11","modified_gmt":"2024-08-24T17:50:11","slug":"selenskij-provoziert-mit-auftritt-an-russischer-grenze","status":"publish","type":"post","link":"https:\/\/now-news.de\/de\/deutschland\/selenskij-provoziert-mit-auftritt-an-russischer-grenze\/","title":{"rendered":"Selenskij provoziert mit Auftritt an russischer Grenze"},"content":{"rendered":"<p><img decoding=\"async\" src=\"https:\/\/now-news.de\/de\/wp-content\/uploads\/sites\/3\/2024\/08\/66ca0a7448fbef15053ef5e0.PNG\" \/><\/p>\n<div class=\"Text-root Text-type_1 \">\n                Der 24. August gilt in der Ukraine als Nationalfeiertag: als &#8220;Tag der Unabh\u00e4ngigkeit&#8221;. Der Kiewer Machthaber Wladimir Selenskij zeichnete seinen Videoauftritt dieses Jahr in der Region Sumy auf, nur wenige Kilometer von der russischen Grenze entfernt. Auch der Inhalt der Rede war alles andere als vers\u00f6hnlich.\n            <\/div>\n<p><\/p>\n<div class=\"Text-root Text-type_5 ArticleView-text ViewText-root \">\n<p>Der ukrainische Machthaber Wladimir Selenskij, dessen regul\u00e4re Amtszeit als ukrainischer Pr\u00e4sident Ende Mai dieses Jahres abgelaufen ist, hat am Samstag seine Videobotschaft anl\u00e4sslich des 33.\u00a0Jahrestages der Unabh\u00e4ngigkeit der Ukraine ver\u00f6ffentlicht. Diese wurde offensichtlich im Dorf Mogriza in der Region Sumy in der N\u00e4he des Flusses Psjol aufgezeichnet. Das Dorf liegt in der N\u00e4he der russisch-ukrainischen Grenze und war am 6.\u00a0August Ausgangspunkt des ukrainischen \u00dcberfalls auf die Region Kursk.<\/p>\n<p>In seiner Rede rasselte Selenskij, auf einer kleinen Anh\u00f6he stehend und in der zu seinem Markenzeichen gewordenen Tarnkleidung, Drohungen gegen Moskau herunter, versprach den Russen &#8220;Leid&#8221; und beleidigte den russischen Pr\u00e4sidenten Wladimir Putin. Kiew kenne keine &#8220;roten Linien&#8221;, und die Ukraine sei &#8220;ein Beispiel f\u00fcr Demokratie, das die ganze Welt inspiriert&#8221;, behauptete er.<\/p>\n<div class=\"EmbedBlock-root EmbedBlock-twitter\">\n<div class=\"TwitterEmbed\">\n<blockquote class=\"twitter-tweet lazyload\" data-twitter=\"twitter-tweet\">\n<p lang=\"en\" dir=\"ltr\">Ukraine. Our land. Given by God. Kissed by the sun. Rocked by the winds. Tempered by fire. Defended by its sons and daughters.It cannot be mistaken for anything else.It can never be given away to anyone.Happy Independence Day of Ukraine! <a rel=\"nofollow noopener\" target=\"_blank\" href=\"https:\/\/t.co\/LwnRAjnZnc\">pic.twitter.com\/LwnRAjnZnc<\/a><\/p>\n<p>\u2014 Volodymyr Zelenskyy \/ \u0412\u043e\u043b\u043e\u0434\u0438\u043c\u0438\u0440 \u0417\u0435\u043b\u0435\u043d\u0441\u044c\u043a\u0438\u0439 (@ZelenskyyUa) <a rel=\"nofollow noopener\" target=\"_blank\" href=\"https:\/\/twitter.com\/ZelenskyyUa\/status\/1827225718410871181?ref_src=twsrc%5Etfw\">August 24, 2024<\/a><\/p><\/blockquote>\n<\/div>\n<\/div>\n<p>Die derzeit vom ukrainischen Angriff betroffene Region Kursk setzte Selenskij mit &#8220;S\u00fcmpfen&#8221; gleich.\u00a0Russland bezeichnete er als &#8220;terroristischen Staat Nummer eins&#8221;, und die Geistlichen der kanonischen Ukrainisch-Orthodoxen Kirche\u00a0(UOK) beschimpfte er in der Rede als &#8220;Moskauer Teufel&#8221;.<\/p>\n<p>Russland drohte er \u00dcbel an:<\/p>\n<blockquote>\n<p><em>&#8220;Die Ukrainer zahlen immer alles zur\u00fcck. Derjenige, der unserem Land Kummer gew\u00fcnscht hat, wird ihn zu Hause mit Zinsen zur\u00fcckbekommen. (&#8230;) Dies ist keine Prophezeiung. (&#8230;) Dies ist ein Bumerang f\u00fcr das B\u00f6se, und (der Bumerang) ist hier gestartet, nicht weit von der Stadt entfernt, in der ich diese Rede aufnehme.&#8221;<\/em><\/p>\n<\/blockquote>\n<p>Anfang dieser Woche traf Selenskij w\u00e4hrend seines Besuchs im Grenzbezirk der Region Sumy mit dem Oberbefehlshaber der ukrainischen Streitkr\u00e4fte Alexander Syrski und dem Leiter der regionalen Milit\u00e4rverwaltung auf dem Gel\u00e4nde des Werks Sumichimprom zusammen. Nach Angaben von Milit\u00e4rkorrespondenten hat das russische Milit\u00e4r den Bunker, in dem das Treffen stattfand, mit einer Rakete angegriffen.<\/p>\n<p>Im russischen Expertenumfeld \u00fcberwiegt die Meinung, dass Selenskijs Rede ein weiterer Versuch war, den Grad der Eskalation zu erh\u00f6hen und Russland zu Handlungen zu provozieren, die das Erreichen des Friedens verhindern werden.<\/p>\n<p><strong>Mehr zum Thema<\/strong> \u2013 <a rel=\"nofollow noopener\" target=\"_blank\" href=\"https:\/\/freedert.online\/international\/216627-misserfolge-im-gebiet-kursk-beschleunigen\/\">Gebiet Kursk: Kiews Misserfolge beschleunigen ukrainische Niederlage<\/a><\/p>\n<\/div>\n<p><script async src=\"https:\/\/platform.twitter.com\/widgets.js\" charset=\"utf-8\"><\/script><br \/>\n<br \/><br \/>\n<br \/><a href=\"https:\/\/de.rt.com\/international\/216747-selenskij-provoziert-mit-auftritt-an-russischer-grenze\/\">Source link <\/a><\/p>\n","protected":false},"excerpt":{"rendered":"<p>Der 24. August gilt in der Ukraine als Nationalfeiertag: als &#8220;Tag der Unabh\u00e4ngigkeit&#8221;. Der Kiewer Machthaber Wladimir Selenskij zeichnete seinen Videoauftritt dieses Jahr in der Region Sumy auf, nur wenige Kilometer von der russischen Grenze entfernt. Auch der Inhalt der Rede war alles andere als vers\u00f6hnlich. Der ukrainische Machthaber Wladimir Selenskij, dessen regul\u00e4re Amtszeit als [&hellip;]<\/p>\n","protected":false},"author":3,"featured_media":67413,"comment_status":"open","ping_status":"open","sticky":false,"template":"","format":"standard","meta":{"_yoast_indexnow_last_ping":["1724522206"],"wp_automatic_camp":["217"],"765ae59b094d9231d7a4678022f9c71e":["Selenskij provoziert mit Auftritt an russischer Grenze"],"original_link":["https:\/\/de.rt.com\/international\/216747-selenskij-provoziert-mit-auftritt-an-russischer-grenze\/"],"_thumbnail_id":["67413"],"jnews_social_counter_last_update":["1777342880"],"_wptgpro_p2tg_sent2tg":["a:1:{i:23737;s:19:\"2024-08-24 19:57:49\";}"]},"categories":[19,23],"tags":[26804,366,419,31698,793,6158],"yoast_head":"<!-- This site is optimized with the Yoast SEO Premium plugin v22.7 (Yoast SEO v22.7) - https:\/\/yoast.com\/wordpress\/plugins\/seo\/ -->\n<title>Selenskij provoziert mit Auftritt an russischer Grenze - just-now.NEWS Deutschland<\/title>\n<meta name=\"robots\" content=\"index, follow, max-snippet:-1, max-image-preview:large, max-video-preview:-1\" \/>\n<link rel=\"canonical\" href=\"https:\/\/now-news.de\/de\/deutschland\/selenskij-provoziert-mit-auftritt-an-russischer-grenze\/\" \/>\n<meta property=\"og:locale\" content=\"de_DE\" \/>\n<meta property=\"og:type\" content=\"article\" \/>\n<meta property=\"og:title\" content=\"Selenskij provoziert mit Auftritt an russischer Grenze\" \/>\n<meta property=\"og:description\" content=\"Der 24. August gilt in der Ukraine als Nationalfeiertag: als &#8220;Tag der Unabh\u00e4ngigkeit&#8221;. Der Kiewer Machthaber Wladimir Selenskij zeichnete seinen Videoauftritt dieses Jahr in der Region Sumy auf, nur wenige Kilometer von der russischen Grenze entfernt. Auch der Inhalt der Rede war alles andere als vers\u00f6hnlich. Der ukrainische Machthaber Wladimir Selenskij, dessen regul\u00e4re Amtszeit als [&hellip;]\" \/>\n<meta property=\"og:url\" content=\"https:\/\/now-news.de\/de\/deutschland\/selenskij-provoziert-mit-auftritt-an-russischer-grenze\/\" \/>\n<meta property=\"og:site_name\" content=\"just-now.NEWS Deutschland\" \/>\n<meta property=\"article:publisher\" content=\"https:\/\/www.facebook.com\/wirmachenauf\" \/>\n<meta property=\"article:published_time\" content=\"2024-08-24T17:50:11+00:00\" \/>\n<meta property=\"og:image\" content=\"https:\/\/now-news.de\/de\/wp-content\/uploads\/sites\/3\/2024\/08\/66ca0a7448fbef15053ef5e0.PNG\" \/>\n<meta name=\"author\" content=\"rtnews\" \/>\n<meta name=\"twitter:card\" content=\"summary_large_image\" \/>\n<meta name=\"twitter:creator\" content=\"@WirMachenAuf_de\" \/>\n<meta name=\"twitter:site\" content=\"@WirMachenAuf_de\" \/>\n<meta name=\"twitter:label1\" content=\"Verfasst von\" \/>\n\t<meta name=\"twitter:data1\" content=\"rtnews\" \/>\n\t<meta name=\"twitter:label2\" content=\"Gesch\u00e4tzte Lesezeit\" \/>\n\t<meta name=\"twitter:data2\" content=\"2\u00a0Minuten\" \/>\n<script type=\"application\/ld+json\" class=\"yoast-schema-graph\">{\"@context\":\"https:\/\/schema.org\",\"@graph\":[{\"@type\":\"Article\",\"@id\":\"https:\/\/now-news.de\/de\/deutschland\/selenskij-provoziert-mit-auftritt-an-russischer-grenze\/#article\",\"isPartOf\":{\"@id\":\"https:\/\/now-news.de\/de\/deutschland\/selenskij-provoziert-mit-auftritt-an-russischer-grenze\/\"},\"author\":{\"name\":\"rtnews\",\"@id\":\"https:\/\/now-news.de\/de\/#\/schema\/person\/fb534a4e865501d8b3285208df34a9b5\"},\"headline\":\"Selenskij provoziert mit Auftritt an russischer Grenze\",\"datePublished\":\"2024-08-24T17:50:11+00:00\",\"dateModified\":\"2024-08-24T17:50:11+00:00\",\"mainEntityOfPage\":{\"@id\":\"https:\/\/now-news.de\/de\/deutschland\/selenskij-provoziert-mit-auftritt-an-russischer-grenze\/\"},\"wordCount\":440,\"commentCount\":0,\"publisher\":{\"@id\":\"https:\/\/now-news.de\/de\/#organization\"},\"image\":{\"@id\":\"https:\/\/now-news.de\/de\/deutschland\/selenskij-provoziert-mit-auftritt-an-russischer-grenze\/#primaryimage\"},\"thumbnailUrl\":\"https:\/\/now-news.de\/de\/wp-content\/uploads\/sites\/3\/2024\/08\/Selenskij-provoziert-mit-Auftritt-an-russischer-Grenze.PNG\",\"keywords\":[\"Auftritt\",\"Grenze\",\"mit\",\"provoziert\",\"Russischer\",\"Selenskij\"],\"articleSection\":[\"Deutschland\",\"Russland\"],\"inLanguage\":\"de\",\"potentialAction\":[{\"@type\":\"CommentAction\",\"name\":\"Comment\",\"target\":[\"https:\/\/now-news.de\/de\/deutschland\/selenskij-provoziert-mit-auftritt-an-russischer-grenze\/#respond\"]}]},{\"@type\":\"WebPage\",\"@id\":\"https:\/\/now-news.de\/de\/deutschland\/selenskij-provoziert-mit-auftritt-an-russischer-grenze\/\",\"url\":\"https:\/\/now-news.de\/de\/deutschland\/selenskij-provoziert-mit-auftritt-an-russischer-grenze\/\",\"name\":\"Selenskij provoziert mit Auftritt an russischer Grenze - just-now.NEWS Deutschland\",\"isPartOf\":{\"@id\":\"https:\/\/now-news.de\/de\/#website\"},\"primaryImageOfPage\":{\"@id\":\"https:\/\/now-news.de\/de\/deutschland\/selenskij-provoziert-mit-auftritt-an-russischer-grenze\/#primaryimage\"},\"image\":{\"@id\":\"https:\/\/now-news.de\/de\/deutschland\/selenskij-provoziert-mit-auftritt-an-russischer-grenze\/#primaryimage\"},\"thumbnailUrl\":\"https:\/\/now-news.de\/de\/wp-content\/uploads\/sites\/3\/2024\/08\/Selenskij-provoziert-mit-Auftritt-an-russischer-Grenze.PNG\",\"datePublished\":\"2024-08-24T17:50:11+00:00\",\"dateModified\":\"2024-08-24T17:50:11+00:00\",\"breadcrumb\":{\"@id\":\"https:\/\/now-news.de\/de\/deutschland\/selenskij-provoziert-mit-auftritt-an-russischer-grenze\/#breadcrumb\"},\"inLanguage\":\"de\",\"potentialAction\":[{\"@type\":\"ReadAction\",\"target\":[\"https:\/\/now-news.de\/de\/deutschland\/selenskij-provoziert-mit-auftritt-an-russischer-grenze\/\"]}]},{\"@type\":\"ImageObject\",\"inLanguage\":\"de\",\"@id\":\"https:\/\/now-news.de\/de\/deutschland\/selenskij-provoziert-mit-auftritt-an-russischer-grenze\/#primaryimage\",\"url\":\"https:\/\/now-news.de\/de\/wp-content\/uploads\/sites\/3\/2024\/08\/Selenskij-provoziert-mit-Auftritt-an-russischer-Grenze.PNG\",\"contentUrl\":\"https:\/\/now-news.de\/de\/wp-content\/uploads\/sites\/3\/2024\/08\/Selenskij-provoziert-mit-Auftritt-an-russischer-Grenze.PNG\",\"width\":460,\"height\":259,\"caption\":\"Selenskij provoziert mit Auftritt an russischer Grenze\"},{\"@type\":\"BreadcrumbList\",\"@id\":\"https:\/\/now-news.de\/de\/deutschland\/selenskij-provoziert-mit-auftritt-an-russischer-grenze\/#breadcrumb\",\"itemListElement\":[{\"@type\":\"ListItem\",\"position\":1,\"name\":\"Home\",\"item\":\"https:\/\/now-news.de\/de\/\"},{\"@type\":\"ListItem\",\"position\":2,\"name\":\"Selenskij provoziert mit Auftritt an russischer Grenze\"}]},{\"@type\":\"WebSite\",\"@id\":\"https:\/\/now-news.de\/de\/#website\",\"url\":\"https:\/\/now-news.de\/de\/\",\"name\":\"just-now.NEWS Deutschland\",\"description\":\"Das Portal f\u00fcr unzensierte Nachrichten aus der Welt\",\"publisher\":{\"@id\":\"https:\/\/now-news.de\/de\/#organization\"},\"potentialAction\":[{\"@type\":\"SearchAction\",\"target\":{\"@type\":\"EntryPoint\",\"urlTemplate\":\"https:\/\/now-news.de\/de\/?s={search_term_string}\"},\"query-input\":\"required name=search_term_string\"}],\"inLanguage\":\"de\"},{\"@type\":\"Organization\",\"@id\":\"https:\/\/now-news.de\/de\/#organization\",\"name\":\"Just Now News\",\"url\":\"https:\/\/now-news.de\/de\/\",\"logo\":{\"@type\":\"ImageObject\",\"inLanguage\":\"de\",\"@id\":\"https:\/\/now-news.de\/de\/#\/schema\/logo\/image\/\",\"url\":\"http:\/\/just-now.news\/de\/wp-content\/uploads\/sites\/3\/2022\/04\/logo500x500.jpg\",\"contentUrl\":\"http:\/\/just-now.news\/de\/wp-content\/uploads\/sites\/3\/2022\/04\/logo500x500.jpg\",\"width\":500,\"height\":500,\"caption\":\"Just Now News\"},\"image\":{\"@id\":\"https:\/\/now-news.de\/de\/#\/schema\/logo\/image\/\"},\"sameAs\":[\"https:\/\/www.facebook.com\/wirmachenauf\",\"https:\/\/x.com\/WirMachenAuf_de\"]},{\"@type\":\"Person\",\"@id\":\"https:\/\/now-news.de\/de\/#\/schema\/person\/fb534a4e865501d8b3285208df34a9b5\",\"name\":\"rtnews\",\"image\":{\"@type\":\"ImageObject\",\"inLanguage\":\"de\",\"@id\":\"https:\/\/now-news.de\/de\/#\/schema\/person\/image\/\",\"url\":\"https:\/\/secure.gravatar.com\/avatar\/82aafea7d8127119dd649515f56e2117?s=96&d=mm&r=g\",\"contentUrl\":\"https:\/\/secure.gravatar.com\/avatar\/82aafea7d8127119dd649515f56e2117?s=96&d=mm&r=g\",\"caption\":\"rtnews\"},\"url\":\"https:\/\/now-news.de\/de\/author\/rnews\/\"}]}<\/script>\n<!-- \/ Yoast SEO Premium plugin. -->","yoast_head_json":{"title":"Selenskij provoziert mit Auftritt an russischer Grenze - just-now.NEWS Deutschland","robots":{"index":"index","follow":"follow","max-snippet":"max-snippet:-1","max-image-preview":"max-image-preview:large","max-video-preview":"max-video-preview:-1"},"canonical":"https:\/\/now-news.de\/de\/deutschland\/selenskij-provoziert-mit-auftritt-an-russischer-grenze\/","og_locale":"de_DE","og_type":"article","og_title":"Selenskij provoziert mit Auftritt an russischer Grenze","og_description":"Der 24. August gilt in der Ukraine als Nationalfeiertag: als &#8220;Tag der Unabh\u00e4ngigkeit&#8221;. Der Kiewer Machthaber Wladimir Selenskij zeichnete seinen Videoauftritt dieses Jahr in der Region Sumy auf, nur wenige Kilometer von der russischen Grenze entfernt. Auch der Inhalt der Rede war alles andere als vers\u00f6hnlich. Der ukrainische Machthaber Wladimir Selenskij, dessen regul\u00e4re Amtszeit als [&hellip;]","og_url":"https:\/\/now-news.de\/de\/deutschland\/selenskij-provoziert-mit-auftritt-an-russischer-grenze\/","og_site_name":"just-now.NEWS Deutschland","article_publisher":"https:\/\/www.facebook.com\/wirmachenauf","article_published_time":"2024-08-24T17:50:11+00:00","og_image":[{"url":"https:\/\/now-news.de\/de\/wp-content\/uploads\/sites\/3\/2024\/08\/66ca0a7448fbef15053ef5e0.PNG"}],"author":"rtnews","twitter_card":"summary_large_image","twitter_creator":"@WirMachenAuf_de","twitter_site":"@WirMachenAuf_de","twitter_misc":{"Verfasst von":"rtnews","Gesch\u00e4tzte Lesezeit":"2\u00a0Minuten"},"schema":{"@context":"https:\/\/schema.org","@graph":[{"@type":"Article","@id":"https:\/\/now-news.de\/de\/deutschland\/selenskij-provoziert-mit-auftritt-an-russischer-grenze\/#article","isPartOf":{"@id":"https:\/\/now-news.de\/de\/deutschland\/selenskij-provoziert-mit-auftritt-an-russischer-grenze\/"},"author":{"name":"rtnews","@id":"https:\/\/now-news.de\/de\/#\/schema\/person\/fb534a4e865501d8b3285208df34a9b5"},"headline":"Selenskij provoziert mit Auftritt an russischer Grenze","datePublished":"2024-08-24T17:50:11+00:00","dateModified":"2024-08-24T17:50:11+00:00","mainEntityOfPage":{"@id":"https:\/\/now-news.de\/de\/deutschland\/selenskij-provoziert-mit-auftritt-an-russischer-grenze\/"},"wordCount":440,"commentCount":0,"publisher":{"@id":"https:\/\/now-news.de\/de\/#organization"},"image":{"@id":"https:\/\/now-news.de\/de\/deutschland\/selenskij-provoziert-mit-auftritt-an-russischer-grenze\/#primaryimage"},"thumbnailUrl":"https:\/\/now-news.de\/de\/wp-content\/uploads\/sites\/3\/2024\/08\/Selenskij-provoziert-mit-Auftritt-an-russischer-Grenze.PNG","keywords":["Auftritt","Grenze","mit","provoziert","Russischer","Selenskij"],"articleSection":["Deutschland","Russland"],"inLanguage":"de","potentialAction":[{"@type":"CommentAction","name":"Comment","target":["https:\/\/now-news.de\/de\/deutschland\/selenskij-provoziert-mit-auftritt-an-russischer-grenze\/#respond"]}]},{"@type":"WebPage","@id":"https:\/\/now-news.de\/de\/deutschland\/selenskij-provoziert-mit-auftritt-an-russischer-grenze\/","url":"https:\/\/now-news.de\/de\/deutschland\/selenskij-provoziert-mit-auftritt-an-russischer-grenze\/","name":"Selenskij provoziert mit Auftritt an russischer Grenze - just-now.NEWS Deutschland","isPartOf":{"@id":"https:\/\/now-news.de\/de\/#website"},"primaryImageOfPage":{"@id":"https:\/\/now-news.de\/de\/deutschland\/selenskij-provoziert-mit-auftritt-an-russischer-grenze\/#primaryimage"},"image":{"@id":"https:\/\/now-news.de\/de\/deutschland\/selenskij-provoziert-mit-auftritt-an-russischer-grenze\/#primaryimage"},"thumbnailUrl":"https:\/\/now-news.de\/de\/wp-content\/uploads\/sites\/3\/2024\/08\/Selenskij-provoziert-mit-Auftritt-an-russischer-Grenze.PNG","datePublished":"2024-08-24T17:50:11+00:00","dateModified":"2024-08-24T17:50:11+00:00","breadcrumb":{"@id":"https:\/\/now-news.de\/de\/deutschland\/selenskij-provoziert-mit-auftritt-an-russischer-grenze\/#breadcrumb"},"inLanguage":"de","potentialAction":[{"@type":"ReadAction","target":["https:\/\/now-news.de\/de\/deutschland\/selenskij-provoziert-mit-auftritt-an-russischer-grenze\/"]}]},{"@type":"ImageObject","inLanguage":"de","@id":"https:\/\/now-news.de\/de\/deutschland\/selenskij-provoziert-mit-auftritt-an-russischer-grenze\/#primaryimage","url":"https:\/\/now-news.de\/de\/wp-content\/uploads\/sites\/3\/2024\/08\/Selenskij-provoziert-mit-Auftritt-an-russischer-Grenze.PNG","contentUrl":"https:\/\/now-news.de\/de\/wp-content\/uploads\/sites\/3\/2024\/08\/Selenskij-provoziert-mit-Auftritt-an-russischer-Grenze.PNG","width":460,"height":259,"caption":"Selenskij provoziert mit Auftritt an russischer Grenze"},{"@type":"BreadcrumbList","@id":"https:\/\/now-news.de\/de\/deutschland\/selenskij-provoziert-mit-auftritt-an-russischer-grenze\/#breadcrumb","itemListElement":[{"@type":"ListItem","position":1,"name":"Home","item":"https:\/\/now-news.de\/de\/"},{"@type":"ListItem","position":2,"name":"Selenskij provoziert mit Auftritt an russischer Grenze"}]},{"@type":"WebSite","@id":"https:\/\/now-news.de\/de\/#website","url":"https:\/\/now-news.de\/de\/","name":"just-now.NEWS Deutschland","description":"Das Portal f\u00fcr unzensierte Nachrichten aus der Welt","publisher":{"@id":"https:\/\/now-news.de\/de\/#organization"},"potentialAction":[{"@type":"SearchAction","target":{"@type":"EntryPoint","urlTemplate":"https:\/\/now-news.de\/de\/?s={search_term_string}"},"query-input":"required name=search_term_string"}],"inLanguage":"de"},{"@type":"Organization","@id":"https:\/\/now-news.de\/de\/#organization","name":"Just Now News","url":"https:\/\/now-news.de\/de\/","logo":{"@type":"ImageObject","inLanguage":"de","@id":"https:\/\/now-news.de\/de\/#\/schema\/logo\/image\/","url":"http:\/\/just-now.news\/de\/wp-content\/uploads\/sites\/3\/2022\/04\/logo500x500.jpg","contentUrl":"http:\/\/just-now.news\/de\/wp-content\/uploads\/sites\/3\/2022\/04\/logo500x500.jpg","width":500,"height":500,"caption":"Just Now News"},"image":{"@id":"https:\/\/now-news.de\/de\/#\/schema\/logo\/image\/"},"sameAs":["https:\/\/www.facebook.com\/wirmachenauf","https:\/\/x.com\/WirMachenAuf_de"]},{"@type":"Person","@id":"https:\/\/now-news.de\/de\/#\/schema\/person\/fb534a4e865501d8b3285208df34a9b5","name":"rtnews","image":{"@type":"ImageObject","inLanguage":"de","@id":"https:\/\/now-news.de\/de\/#\/schema\/person\/image\/","url":"https:\/\/secure.gravatar.com\/avatar\/82aafea7d8127119dd649515f56e2117?s=96&d=mm&r=g","contentUrl":"https:\/\/secure.gravatar.com\/avatar\/82aafea7d8127119dd649515f56e2117?s=96&d=mm&r=g","caption":"rtnews"},"url":"https:\/\/now-news.de\/de\/author\/rnews\/"}]}},"_links":{"self":[{"href":"https:\/\/now-news.de\/de\/wp-json\/wp\/v2\/posts\/67412"}],"collection":[{"href":"https:\/\/now-news.de\/de\/wp-json\/wp\/v2\/posts"}],"about":[{"href":"https:\/\/now-news.de\/de\/wp-json\/wp\/v2\/types\/post"}],"author":[{"embeddable":true,"href":"https:\/\/now-news.de\/de\/wp-json\/wp\/v2\/users\/3"}],"replies":[{"embeddable":true,"href":"https:\/\/now-news.de\/de\/wp-json\/wp\/v2\/comments?post=67412"}],"version-history":[{"count":0,"href":"https:\/\/now-news.de\/de\/wp-json\/wp\/v2\/posts\/67412\/revisions"}],"wp:featuredmedia":[{"embeddable":true,"href":"https:\/\/now-news.de\/de\/wp-json\/wp\/v2\/media\/67413"}],"wp:attachment":[{"href":"https:\/\/now-news.de\/de\/wp-json\/wp\/v2\/media?parent=67412"}],"wp:term":[{"taxonomy":"category","embeddable":true,"href":"https:\/\/now-news.de\/de\/wp-json\/wp\/v2\/categories?post=67412"},{"taxonomy":"post_tag","embeddable":true,"href":"https:\/\/now-news.de\/de\/wp-json\/wp\/v2\/tags?post=67412"}],"curies":[{"name":"wp","href":"https:\/\/api.w.org\/{rel}","templated":true}]}}