{"id":67394,"date":"2024-08-24T13:54:34","date_gmt":"2024-08-24T11:54:34","guid":{"rendered":"https:\/\/now-news.de\/de\/deutschland\/migration-und-gewalt-die-falsche-milde\/"},"modified":"2024-08-24T13:54:34","modified_gmt":"2024-08-24T11:54:34","slug":"migration-und-gewalt-die-falsche-milde","status":"publish","type":"post","link":"https:\/\/now-news.de\/de\/deutschland\/migration-und-gewalt-die-falsche-milde\/","title":{"rendered":"Migration und Gewalt: Die falsche Milde"},"content":{"rendered":"<p><img decoding=\"async\" src=\"https:\/\/now-news.de\/de\/wp-content\/uploads\/sites\/3\/2024\/08\/66c5f04148fbef1f456c005e.jpg\" \/><\/p>\n<div class=\"Text-root Text-type_1 \">\n                Ist das nur ein Vorurteil, wenn viele finden, die deutsche Justiz urteile vielfach bei Straftaten wie Messerangriffen oder Gruppenvergewaltigungen zu milde? Ist das wirklich das Ergebnis einer menschenfreundlichen Sicht, oder nicht doch ein fundamentaler Fehler?\n            <\/div>\n<p><\/p>\n<div class=\"Text-root Text-type_5 ArticleView-text ViewText-root \">\n<p><em>Von Dagmar Henn<\/em><\/p>\n<p>Inzwischen ist es amtlich: Die Zahl der Gewalttaten in Deutschland nimmt kontinuierlich zu. Zuletzt best\u00e4tigte das der Jahresbericht der Bundespolizei f\u00fcr die deutschen Bahnh\u00f6fe. Dabei geht es nicht nur um Messerangriffe, sondern in einer ganzen Reihe von St\u00e4dten auch um gewaltt\u00e4tige Auseinandersetzungen zwischen unterschiedlichen Gruppen von Migranten.<\/p>\n<p>Auf der anderen Seite neigt die deutsche Justiz dazu, vergleichsweise milde zu urteilen. Was auch richtig w\u00e4re, ginge es um die einheimische Bev\u00f6lkerung, aber in diesen F\u00e4llen zu einem sich selbst verst\u00e4rkenden Kreislauf f\u00fchrt.<\/p>\n<p>Zu dieser Ansicht komme ich nicht, weil ich in irgendeiner Weise an grunds\u00e4tzliche Unterschiede zwischen Menschen glaube, gleich, ob durch Abstammung, Kultur oder Religion. Im Gegenteil \u2013 weil ich denke, dass Menschen auf bestimmte Situationen in einer durchaus nachvollziehbaren und berechenbaren Weise reagieren, und davon ausgehe, dass vor allem reale Erfahrung das Handeln pr\u00e4gt.<\/p>\n<p>Wann ist die Wahrscheinlichkeit, dass jemand auf Konfliktsituationen mit unmittelbarer physischer Gewalt reagiert, am H\u00f6chsten? Da braucht es keine Konstrukte wie &#8220;toxische Maskulinit\u00e4t&#8221;; in den meisten F\u00e4llen muss man nur betrachten, wie die Lebenserfahrung in L\u00e4ndern mit l\u00e4ngeren B\u00fcrgerkriegen aussieht, vor allem, wenn die Gesellschaft zuvor noch sehr l\u00e4ndlich gepr\u00e4gt war.<\/p>\n<p>Wenn es kein funktionierendes Rechtssystem mehr gibt, keine Polizei, die man anrufen k\u00f6nnte, daf\u00fcr aber ein hohes Niveau allgegenw\u00e4rtiger Gefahr, dann greifen Menschen, unabh\u00e4ngig von Geografie, Religion, Kultur, auf das zur\u00fcck, was unter diesen Umst\u00e4nden noch Sicherheit gew\u00e4hrleisten kann. Das sind prim\u00e4r zwei Punkte: Der erste sind Familienstrukturen, die daf\u00fcr sorgen, dass man m\u00f6glichen Konflikten nicht allein gegen\u00fcbersteht, und das andere ist die Bereitschaft, selbst unmittelbar einen Konflikt mit oder ohne Waffen auszutragen. Wie gesagt, der entscheidende Punkt ist, dass es schlicht gar keine andere M\u00f6glichkeit mehr gibt.<\/p>\n<p>Den Wenigsten in Deutschland ist noch bewusst, wie weit die Lebenslage in solchen L\u00e4ndern von einem Zustand entfernt ist, in dem noch im letzten Winkel Strafzettel wegen Falschparkens erteilt werden. Die Anpassung an einen Zustand, der aus deutscher Sicht eine unvorstellbare Abwesenheit von Ordnung darstellt, ist keine Frage des Wollens, sondern schlicht eine Voraussetzung des \u00dcberlebens. In vielen L\u00e4ndern gibt es zumindest einzelne Gegenden, die sich in einem \u00e4hnlichen Zustand befinden. Niemand w\u00fcrde eine brasilianische Favela mit einem B\u00fcndel Dollarnoten in der Hand betreten, und wenn doch, h\u00e4tte diese Unvernunft sehr schnell deutliche Folgen.<\/p>\n<p>Nun ist es aber nicht so, dass Menschen mit einer derartigen Erfahrung, werden sie in ein anderes Land versetzt, in dem dieser hohe eigene Aufwand (denn das ist es, psychisch wie physisch) nicht erforderlich w\u00e4re, schlicht einen Schalter umlegen und sich wie gesetzestreue B\u00fcrger verhalten. So funktioniert das nicht.<\/p>\n<p>Jeder, der einmal etwas l\u00e4nger in einer Umgebung mit einer hohen Kriminalit\u00e4t gelebt und sich an die Verhaltensvorgaben gew\u00f6hnt hat, wird das best\u00e4tigen k\u00f6nnen. Man kann sich zwar relativ schnell abgew\u00f6hnen, gr\u00f6\u00dfere Geldbetr\u00e4ge in der Unterw\u00e4sche zu transportieren, aber bis man aufh\u00f6rt, die Umgebung au\u00dfer Haus st\u00e4ndig nach m\u00f6glichen Gefahren zu sichten, dauert doch deutlich l\u00e4nger. Bei jemandem, der so aufgewachsen ist, sitzt das noch wesentlich tiefer.<\/p>\n<p>Nun wird in der deutschen Umgebung so getan, als sei so ein wenig Belehrung \u00fcber das Erlaubte und das nicht Erlaubte ausreichend. Aber das Einzige, das konkrete und unter Umst\u00e4nden \u00fcberlebensentscheidende Erfahrung ausgleichen kann, ist eine andere konkrete Erfahrung. Und genau hier kommen wir zum fundamentalen Irrtum.<\/p>\n<p>Ein Teil davon ist das Vorurteil, Migration sei eine an sich problemlose Sache, solange irgendwie Nahrung und Unterkunft gesichert sind. Das ist sie nicht. Selbst unter den g\u00fcnstigsten Bedingungen bleibt sie eine psychische Herausforderung, eine Stresssituation. Allein deshalb, weil man viele Situationen wesentlich schlechter einsch\u00e4tzen kann als in der vertrauten Umgebung, und jemand, der dieser Erfahrung nie gemacht hat, untersch\u00e4tzt die Anzahl dieser Situationen gewaltig. Es gibt Migrationsforschung in Deutschland, auch wenn sie wenig wahrgenommen wird; eines ihrer Ergebnisse ist, dass die psychische Belastung durch die Migration mit dem Verlust eines nahen Angeh\u00f6rigen vergleichbar ist.<\/p>\n<p>Der n\u00e4chste Teil ist die eigenartige Folge, die juristische Milde hat, wenn das Gegen\u00fcber aus einem mehr oder weniger rechtlosen Zustand stammt. Wobei man nat\u00fcrlich anmerken muss, dass Menschen immer und \u00fcberall, au\u00dfer, sie leben nur in einer kleinen, isolierten Gruppe, eine Form des Rechts entwickeln. Selbst von Gangsterbossen regierte Slums \u00e4hneln kleinen F\u00fcrstent\u00fcmern und besitzen Vorgaben und Regeln, die im Kern ein Rechtssystem darstellen, und ebenso verh\u00e4lt es sich mit Gro\u00dffamilien, die als Schutzgemeinschaften an die Stelle gr\u00f6\u00dferer Strukturen treten.<\/p>\n<p>Wenn jetzt ein jugendlicher Straft\u00e4ter vor einen deutschen Richter tritt (\u00fcblicherweise mit jahrelanger Verz\u00f6gerung) und dieser deutsche Richter die gesamte Vorgeschichte so ber\u00fccksichtigt, wie es das deutsche Recht vorsieht (was eigentlich eine Errungenschaft ist, die in diesem Fall aber ins Auge geht), dann wird das von Menschen, deren erlebte Erfahrung aus einer Abwesenheit eines staatlichen Rechtssystems besteht, nicht als Milde erfahren. Ich rede hier nicht von einem strafenden Recht.<\/p>\n<p>Aber die Wahrnehmung rechtlicher Ordnung funktioniert in zwei Richtungen. Auch wenn in diesem Fall der T\u00e4ter selbst sich im ersten Moment freuen wird, gibt es eine R\u00fcckwirkung: Wenn das bei mir so ist, dann ist das auch bei einem anderen so, der vielleicht zu einer anderen Volksgruppe, einer anderen Gro\u00dffamilie, einem anderen Stamm geh\u00f6rt, und der wom\u00f6glich mir selbst \u00dcbles will. (Und ich m\u00f6chte nochmals auf den Treppenwitz hinweisen, dass eine milde Strafe bei zugewanderten Jugendlichen diese wom\u00f6glich der einzigen Chance auf eine echte Berufsausbildung beraubt, die in einer l\u00e4ngeren Haftstrafe besteht.)<\/p>\n<p>Anders ausgedr\u00fcckt, es ist nicht einmal die Schutzfunktion gegen\u00fcber der deutschen Gesellschaft, bei der die Justiz in diesem Moment versagt, sondern die Schutzfunktion gegen\u00fcber dem T\u00e4ter selbst. Weil der Alarmzustand, der das Ergebnis der Erfahrung in einer Umgebung eines schwachen Rechts ist, nie aufgehoben wird. Denn die beiden Reaktionen, was bedeutet es f\u00fcr mich unmittelbar und was bedeutet es f\u00fcr mich im Verh\u00e4ltnis zu anderen, sind nicht voneinander zu trennen.<\/p>\n<p>Und in Bezug auf die Vermittlung konkreter Erfahrungen, die ein funktionierendes Recht erleben lassen, ist Deutschland ausgesprochen schwach. Ein b\u00f6ses Beispiel: Im Jahr 2015 kam es in vielen Fl\u00fcchtlingsunterk\u00fcnften zu sexuellen \u00dcbergriffen. Migranten gegen Migranten; \u00fcbrigens die h\u00e4ufigste Variante, die man in der deutschen Gesellschaft eher nicht wahrnimmt, als w\u00fcrden sich alle Syrer, alle Afghanen untereinander vertragen. Die Reaktion auf diese \u00dcbergriffe jedenfalls war schwach, was wom\u00f6glich auch damit zu tun hatte, dass das Wachpersonal einfach keinen \u00c4rger wollte, und dass politisch ein Interesse daran bestand, solche Vorf\u00e4lle zu vertuschen, um weiter auf &#8220;Willkommenskultur&#8221; zu machen. Stattdessen gab es h\u00fcbsche Brosch\u00fcren, in denen mit Bildchen dargestellt wurde, wie man in der deutschen Gesellschaft mit Sexualit\u00e4t umgehe.<\/p>\n<p>Ein Nichts im Vergleich zu der konkreten, unmittelbaren Erfahrung, dass \u00dcbergriffe keine Folgen haben. Denn ein Recht, das nicht durchgesetzt wird, ist wertlos. Diese Nichtdurchsetzung funktioniert in einer Gesellschaft wie der deutschen eine Zeit lang, weil die Erfahrung der relativen Sicherheit stabilisiert (auch da ger\u00e4t man allm\u00e4hlich an die Grenze). Sie funktioniert aber nicht gegen\u00fcber Menschen, die eine staatliche Form des Rechts nie erlebt haben.<\/p>\n<p>Wobei man keinesfalls \u00fcbersehen darf, dass diese Sicherheit entlastet. Man kann das an einem einfachen Beispiel nachvollziehen. Man muss sich nur eine gro\u00dfe, verkehrsreiche Kreuzung denken und den Zustand mit Ampel mit jenem ohne Ampel vergleichen. Solange die Ampel funktioniert, wird die ganze Kreuzung sowohl von Autofahrern wie von Fussg\u00e4ngern schlicht als vor\u00fcbergehende Unterbrechung der Fortbewegung wahrgenommen. F\u00e4llt die Ampel aus, erfordert die Querung deutlich mehr Aufmerksamkeit und kann f\u00fcr bestimmte Gruppen, wie beispielsweise gehbehinderte Fu\u00dfg\u00e4nger, zur echten Gefahr werden. Wenn dann auch noch die Verkehrsschilder fehlen, die zumindest die Vorfahrt regeln \u2026 Welcher der beiden Zust\u00e4nde ist anstrengender?<\/p>\n<p>Eine schnelle, fassbare und nachvollziehbare Reaktion w\u00e4re, auch wenn man das instinktiv erst einmal anders wahrnimmt, sogar dem T\u00e4ter gegen\u00fcber ein Gefallen, weil nur sie Sicherheit vermitteln und von dem permanenten Stress befreien w\u00fcrde, der aus der Erfahrung einer weitgehend rechtlosen Umgebung resultiert. Das, was tats\u00e4chlich geschieht, ist eher das Gegenteil. Nicht nur, dass die Fl\u00fcchtlingsunterk\u00fcnfte Zonen sind, in denen das geltende Recht kaum durchgesetzt wird, dar\u00fcber hinaus wird selbst innerhalb der deutschen Gesellschaft eine Erfahrung vermittelt, die nicht anders denn als Rechtlosigkeit gelesen werden kann, und das beginnt schon bei der Einreise.<\/p>\n<p>Was passiert aber, wenn ich eine gr\u00f6\u00dfere Anzahl Menschen, die an eine Gesellschaft eines schwachen Rechts angepasst sind (notwendigerweise), in der Wahrnehmung best\u00e4tige, sie bef\u00e4nden sich nur in einer anderen Variante von Rechtlosigkeit, und dem Ganzen auch noch den Stress der Migration hinzuf\u00fcge?<\/p>\n<p>Richtig. Es kommt sogar zu mehr Gewalt, als sie wom\u00f6glich in den Herkunftsl\u00e4ndern ausge\u00fcbt h\u00e4tten, in denen zumindest die &#8220;Ersatzstrukturen&#8221; Gro\u00dffamilie oder Stamm noch funktionieren. W\u00e4hrend die deutsche Bev\u00f6lkerung die Angst, die sich aus zunehmender staatlicher Unzuverl\u00e4ssigkeit ergibt, weitgehend ins Unterbewusste verdr\u00e4ngt, geht das in diesem Fall nicht, und der Verlust der &#8220;Ersatzstrukturen&#8221; versch\u00e4rft das Problem weiter.<\/p>\n<p>Statt also eine menschliche Reaktion auf die Eruptionen der Gewalt zu bieten, die aus dieser Lage resultieren, ist die vermeintliche Milde der Verst\u00e4rker, der die Eruptionen wahrscheinlicher macht. Die Tatsache, dass die deutsche Gesellschaft selbst dabei ist, s\u00e4mtliche kollektiven Bez\u00fcge zu verlieren und sich in lauter Einzelgestalten zu zerlegen, verschlimmert das weiter, denn nichts erzeugt mehr Angst, als alleine einer unberechenbaren Situation ausgesetzt zu sein.<\/p>\n<p>Aber das ist nun einmal das aktuelle deutsche Problem: Nichts wird mehr wirklich durchdacht, von Verantwortung ganz zu schweigen. Welchen Eindruck hinterl\u00e4sst beispielsweise die Tatsache, dass f\u00fcr den Tod der Bewohner des Behindertenheims im Ahrtal, das nach den Flutkarten des zust\u00e4ndigen Landesministeriums in einem m\u00f6glichen Flutgebiet lag, die bis zwei Uhr nachts nicht evakuiert wurden, obwohl bereits um 18 Uhr Notunterk\u00fcnfte bereit standen, bis heute niemand vor Gericht stand? Was hei\u00dft das f\u00fcr jemanden aus einer Gesellschaft, in der in einem solchen Fall die Angeh\u00f6rigen Rache nehmen w\u00fcrden? Macht dieses Rechtssystem ein Angebot, das von der Notwendigkeit, selbst das eigene Recht zu sichern, entlastet?<\/p>\n<p>Ich sage es ungern, aber letztlich wird an dieser zunehmenden Gewalt nur der wahre Zustand des deutschen Rechtssystems sichtbar, das bei seiner eigentlichen Aufgabe immer deutlicher versagt. Die Deutschen tun schlicht aus Tr\u00e4gheit (eher in einem physikalischen als einem mentalen Sinne) noch so, als sei alles in Ordnung. Wollte man aber diese Entwicklung umkehren \u2013 und man kann bei der gegenw\u00e4rtigen politischen Elite starke Zweifel an diesem Willen hegen \u2013, dann w\u00e4ren andere Reaktionen erforderlich als richterliche Milde und ein paar Werbebl\u00e4ttchen.<\/p>\n<p><strong>Mehr zum Thema<\/strong> &#8211; <a rel=\"nofollow noopener\" target=\"_blank\" href=\"https:\/\/freedert.online\/inland\/211043-migration-statt-ueber-grenzen-sollten\/\">Migration: Statt \u00fcber die Grenzen sollten wir \u00fcber Verantwortung reden <\/a><\/p>\n<\/p>\n<\/div>\n<p><br \/>\n<br \/><a href=\"https:\/\/de.rt.com\/meinung\/216409-migration-und-gewalt-falsche-milde\/\">Source link <\/a><\/p>\n","protected":false},"excerpt":{"rendered":"<p>Ist das nur ein Vorurteil, wenn viele finden, die deutsche Justiz urteile vielfach bei Straftaten wie Messerangriffen oder Gruppenvergewaltigungen zu milde? Ist das wirklich das Ergebnis einer menschenfreundlichen Sicht, oder nicht doch ein fundamentaler Fehler? Von Dagmar Henn Inzwischen ist es amtlich: Die Zahl der Gewalttaten in Deutschland nimmt kontinuierlich zu. Zuletzt best\u00e4tigte das der [&hellip;]<\/p>\n","protected":false},"author":3,"featured_media":67395,"comment_status":"open","ping_status":"open","sticky":false,"template":"","format":"standard","meta":{"_yoast_indexnow_last_ping":["1724500964"],"wp_automatic_camp":["217"],"fc1618495297179121ee7a1098af1b3c":["Migration und Gewalt: Die falsche Milde"],"original_link":["https:\/\/de.rt.com\/meinung\/216409-migration-und-gewalt-falsche-milde\/"],"_thumbnail_id":["67395"],"_wptgpro_p2tg_sent2tg":["a:1:{i:23737;s:19:\"2024-08-24 14:03:38\";}"],"jnews_social_counter_last_update":["1777283316"]},"categories":[19,23],"tags":[45,23262,7768,28536,57858,140],"yoast_head":"<!-- This site is optimized with the Yoast SEO Premium plugin v22.7 (Yoast SEO v22.7) - https:\/\/yoast.com\/wordpress\/plugins\/seo\/ -->\n<title>Migration und Gewalt: Die falsche Milde - just-now.NEWS Deutschland<\/title>\n<meta name=\"robots\" content=\"index, follow, max-snippet:-1, max-image-preview:large, max-video-preview:-1\" \/>\n<link rel=\"canonical\" href=\"https:\/\/now-news.de\/de\/deutschland\/migration-und-gewalt-die-falsche-milde\/\" \/>\n<meta property=\"og:locale\" content=\"de_DE\" \/>\n<meta property=\"og:type\" content=\"article\" \/>\n<meta property=\"og:title\" content=\"Migration und Gewalt: Die falsche Milde\" \/>\n<meta property=\"og:description\" content=\"Ist das nur ein Vorurteil, wenn viele finden, die deutsche Justiz urteile vielfach bei Straftaten wie Messerangriffen oder Gruppenvergewaltigungen zu milde? Ist das wirklich das Ergebnis einer menschenfreundlichen Sicht, oder nicht doch ein fundamentaler Fehler? Von Dagmar Henn Inzwischen ist es amtlich: Die Zahl der Gewalttaten in Deutschland nimmt kontinuierlich zu. Zuletzt best\u00e4tigte das der [&hellip;]\" \/>\n<meta property=\"og:url\" content=\"https:\/\/now-news.de\/de\/deutschland\/migration-und-gewalt-die-falsche-milde\/\" \/>\n<meta property=\"og:site_name\" content=\"just-now.NEWS Deutschland\" \/>\n<meta property=\"article:publisher\" content=\"https:\/\/www.facebook.com\/wirmachenauf\" \/>\n<meta property=\"article:published_time\" content=\"2024-08-24T11:54:34+00:00\" \/>\n<meta property=\"og:image\" content=\"https:\/\/now-news.de\/de\/wp-content\/uploads\/sites\/3\/2024\/08\/66c5f04148fbef1f456c005e.jpg\" \/>\n<meta name=\"author\" content=\"rtnews\" \/>\n<meta name=\"twitter:card\" content=\"summary_large_image\" \/>\n<meta name=\"twitter:creator\" content=\"@WirMachenAuf_de\" \/>\n<meta name=\"twitter:site\" content=\"@WirMachenAuf_de\" \/>\n<meta name=\"twitter:label1\" content=\"Verfasst von\" \/>\n\t<meta name=\"twitter:data1\" content=\"rtnews\" \/>\n\t<meta name=\"twitter:label2\" content=\"Gesch\u00e4tzte Lesezeit\" \/>\n\t<meta name=\"twitter:data2\" content=\"9\u00a0Minuten\" \/>\n<script type=\"application\/ld+json\" class=\"yoast-schema-graph\">{\"@context\":\"https:\/\/schema.org\",\"@graph\":[{\"@type\":\"Article\",\"@id\":\"https:\/\/now-news.de\/de\/deutschland\/migration-und-gewalt-die-falsche-milde\/#article\",\"isPartOf\":{\"@id\":\"https:\/\/now-news.de\/de\/deutschland\/migration-und-gewalt-die-falsche-milde\/\"},\"author\":{\"name\":\"rtnews\",\"@id\":\"https:\/\/now-news.de\/de\/#\/schema\/person\/fb534a4e865501d8b3285208df34a9b5\"},\"headline\":\"Migration und Gewalt: Die falsche Milde\",\"datePublished\":\"2024-08-24T11:54:34+00:00\",\"dateModified\":\"2024-08-24T11:54:34+00:00\",\"mainEntityOfPage\":{\"@id\":\"https:\/\/now-news.de\/de\/deutschland\/migration-und-gewalt-die-falsche-milde\/\"},\"wordCount\":1861,\"commentCount\":0,\"publisher\":{\"@id\":\"https:\/\/now-news.de\/de\/#organization\"},\"image\":{\"@id\":\"https:\/\/now-news.de\/de\/deutschland\/migration-und-gewalt-die-falsche-milde\/#primaryimage\"},\"thumbnailUrl\":\"https:\/\/now-news.de\/de\/wp-content\/uploads\/sites\/3\/2024\/08\/Migration-und-Gewalt-Die-falsche-Milde.jpg\",\"keywords\":[\"die\",\"Falsche\",\"Gewalt\",\"Migration\",\"Milde\",\"und\"],\"articleSection\":[\"Deutschland\",\"Russland\"],\"inLanguage\":\"de\",\"potentialAction\":[{\"@type\":\"CommentAction\",\"name\":\"Comment\",\"target\":[\"https:\/\/now-news.de\/de\/deutschland\/migration-und-gewalt-die-falsche-milde\/#respond\"]}]},{\"@type\":\"WebPage\",\"@id\":\"https:\/\/now-news.de\/de\/deutschland\/migration-und-gewalt-die-falsche-milde\/\",\"url\":\"https:\/\/now-news.de\/de\/deutschland\/migration-und-gewalt-die-falsche-milde\/\",\"name\":\"Migration und Gewalt: Die falsche Milde - just-now.NEWS Deutschland\",\"isPartOf\":{\"@id\":\"https:\/\/now-news.de\/de\/#website\"},\"primaryImageOfPage\":{\"@id\":\"https:\/\/now-news.de\/de\/deutschland\/migration-und-gewalt-die-falsche-milde\/#primaryimage\"},\"image\":{\"@id\":\"https:\/\/now-news.de\/de\/deutschland\/migration-und-gewalt-die-falsche-milde\/#primaryimage\"},\"thumbnailUrl\":\"https:\/\/now-news.de\/de\/wp-content\/uploads\/sites\/3\/2024\/08\/Migration-und-Gewalt-Die-falsche-Milde.jpg\",\"datePublished\":\"2024-08-24T11:54:34+00:00\",\"dateModified\":\"2024-08-24T11:54:34+00:00\",\"breadcrumb\":{\"@id\":\"https:\/\/now-news.de\/de\/deutschland\/migration-und-gewalt-die-falsche-milde\/#breadcrumb\"},\"inLanguage\":\"de\",\"potentialAction\":[{\"@type\":\"ReadAction\",\"target\":[\"https:\/\/now-news.de\/de\/deutschland\/migration-und-gewalt-die-falsche-milde\/\"]}]},{\"@type\":\"ImageObject\",\"inLanguage\":\"de\",\"@id\":\"https:\/\/now-news.de\/de\/deutschland\/migration-und-gewalt-die-falsche-milde\/#primaryimage\",\"url\":\"https:\/\/now-news.de\/de\/wp-content\/uploads\/sites\/3\/2024\/08\/Migration-und-Gewalt-Die-falsche-Milde.jpg\",\"contentUrl\":\"https:\/\/now-news.de\/de\/wp-content\/uploads\/sites\/3\/2024\/08\/Migration-und-Gewalt-Die-falsche-Milde.jpg\",\"width\":460,\"height\":259,\"caption\":\"Migration und Gewalt: Die falsche Milde\"},{\"@type\":\"BreadcrumbList\",\"@id\":\"https:\/\/now-news.de\/de\/deutschland\/migration-und-gewalt-die-falsche-milde\/#breadcrumb\",\"itemListElement\":[{\"@type\":\"ListItem\",\"position\":1,\"name\":\"Home\",\"item\":\"https:\/\/now-news.de\/de\/\"},{\"@type\":\"ListItem\",\"position\":2,\"name\":\"Migration und Gewalt: Die falsche Milde\"}]},{\"@type\":\"WebSite\",\"@id\":\"https:\/\/now-news.de\/de\/#website\",\"url\":\"https:\/\/now-news.de\/de\/\",\"name\":\"just-now.NEWS Deutschland\",\"description\":\"Das Portal f\u00fcr unzensierte Nachrichten aus der Welt\",\"publisher\":{\"@id\":\"https:\/\/now-news.de\/de\/#organization\"},\"potentialAction\":[{\"@type\":\"SearchAction\",\"target\":{\"@type\":\"EntryPoint\",\"urlTemplate\":\"https:\/\/now-news.de\/de\/?s={search_term_string}\"},\"query-input\":\"required name=search_term_string\"}],\"inLanguage\":\"de\"},{\"@type\":\"Organization\",\"@id\":\"https:\/\/now-news.de\/de\/#organization\",\"name\":\"Just Now News\",\"url\":\"https:\/\/now-news.de\/de\/\",\"logo\":{\"@type\":\"ImageObject\",\"inLanguage\":\"de\",\"@id\":\"https:\/\/now-news.de\/de\/#\/schema\/logo\/image\/\",\"url\":\"http:\/\/just-now.news\/de\/wp-content\/uploads\/sites\/3\/2022\/04\/logo500x500.jpg\",\"contentUrl\":\"http:\/\/just-now.news\/de\/wp-content\/uploads\/sites\/3\/2022\/04\/logo500x500.jpg\",\"width\":500,\"height\":500,\"caption\":\"Just Now News\"},\"image\":{\"@id\":\"https:\/\/now-news.de\/de\/#\/schema\/logo\/image\/\"},\"sameAs\":[\"https:\/\/www.facebook.com\/wirmachenauf\",\"https:\/\/x.com\/WirMachenAuf_de\"]},{\"@type\":\"Person\",\"@id\":\"https:\/\/now-news.de\/de\/#\/schema\/person\/fb534a4e865501d8b3285208df34a9b5\",\"name\":\"rtnews\",\"image\":{\"@type\":\"ImageObject\",\"inLanguage\":\"de\",\"@id\":\"https:\/\/now-news.de\/de\/#\/schema\/person\/image\/\",\"url\":\"https:\/\/secure.gravatar.com\/avatar\/82aafea7d8127119dd649515f56e2117?s=96&d=mm&r=g\",\"contentUrl\":\"https:\/\/secure.gravatar.com\/avatar\/82aafea7d8127119dd649515f56e2117?s=96&d=mm&r=g\",\"caption\":\"rtnews\"},\"url\":\"https:\/\/now-news.de\/de\/author\/rnews\/\"}]}<\/script>\n<!-- \/ Yoast SEO Premium plugin. -->","yoast_head_json":{"title":"Migration und Gewalt: Die falsche Milde - just-now.NEWS Deutschland","robots":{"index":"index","follow":"follow","max-snippet":"max-snippet:-1","max-image-preview":"max-image-preview:large","max-video-preview":"max-video-preview:-1"},"canonical":"https:\/\/now-news.de\/de\/deutschland\/migration-und-gewalt-die-falsche-milde\/","og_locale":"de_DE","og_type":"article","og_title":"Migration und Gewalt: Die falsche Milde","og_description":"Ist das nur ein Vorurteil, wenn viele finden, die deutsche Justiz urteile vielfach bei Straftaten wie Messerangriffen oder Gruppenvergewaltigungen zu milde? Ist das wirklich das Ergebnis einer menschenfreundlichen Sicht, oder nicht doch ein fundamentaler Fehler? Von Dagmar Henn Inzwischen ist es amtlich: Die Zahl der Gewalttaten in Deutschland nimmt kontinuierlich zu. Zuletzt best\u00e4tigte das der [&hellip;]","og_url":"https:\/\/now-news.de\/de\/deutschland\/migration-und-gewalt-die-falsche-milde\/","og_site_name":"just-now.NEWS Deutschland","article_publisher":"https:\/\/www.facebook.com\/wirmachenauf","article_published_time":"2024-08-24T11:54:34+00:00","og_image":[{"url":"https:\/\/now-news.de\/de\/wp-content\/uploads\/sites\/3\/2024\/08\/66c5f04148fbef1f456c005e.jpg"}],"author":"rtnews","twitter_card":"summary_large_image","twitter_creator":"@WirMachenAuf_de","twitter_site":"@WirMachenAuf_de","twitter_misc":{"Verfasst von":"rtnews","Gesch\u00e4tzte Lesezeit":"9\u00a0Minuten"},"schema":{"@context":"https:\/\/schema.org","@graph":[{"@type":"Article","@id":"https:\/\/now-news.de\/de\/deutschland\/migration-und-gewalt-die-falsche-milde\/#article","isPartOf":{"@id":"https:\/\/now-news.de\/de\/deutschland\/migration-und-gewalt-die-falsche-milde\/"},"author":{"name":"rtnews","@id":"https:\/\/now-news.de\/de\/#\/schema\/person\/fb534a4e865501d8b3285208df34a9b5"},"headline":"Migration und Gewalt: Die falsche Milde","datePublished":"2024-08-24T11:54:34+00:00","dateModified":"2024-08-24T11:54:34+00:00","mainEntityOfPage":{"@id":"https:\/\/now-news.de\/de\/deutschland\/migration-und-gewalt-die-falsche-milde\/"},"wordCount":1861,"commentCount":0,"publisher":{"@id":"https:\/\/now-news.de\/de\/#organization"},"image":{"@id":"https:\/\/now-news.de\/de\/deutschland\/migration-und-gewalt-die-falsche-milde\/#primaryimage"},"thumbnailUrl":"https:\/\/now-news.de\/de\/wp-content\/uploads\/sites\/3\/2024\/08\/Migration-und-Gewalt-Die-falsche-Milde.jpg","keywords":["die","Falsche","Gewalt","Migration","Milde","und"],"articleSection":["Deutschland","Russland"],"inLanguage":"de","potentialAction":[{"@type":"CommentAction","name":"Comment","target":["https:\/\/now-news.de\/de\/deutschland\/migration-und-gewalt-die-falsche-milde\/#respond"]}]},{"@type":"WebPage","@id":"https:\/\/now-news.de\/de\/deutschland\/migration-und-gewalt-die-falsche-milde\/","url":"https:\/\/now-news.de\/de\/deutschland\/migration-und-gewalt-die-falsche-milde\/","name":"Migration und Gewalt: Die falsche Milde - just-now.NEWS Deutschland","isPartOf":{"@id":"https:\/\/now-news.de\/de\/#website"},"primaryImageOfPage":{"@id":"https:\/\/now-news.de\/de\/deutschland\/migration-und-gewalt-die-falsche-milde\/#primaryimage"},"image":{"@id":"https:\/\/now-news.de\/de\/deutschland\/migration-und-gewalt-die-falsche-milde\/#primaryimage"},"thumbnailUrl":"https:\/\/now-news.de\/de\/wp-content\/uploads\/sites\/3\/2024\/08\/Migration-und-Gewalt-Die-falsche-Milde.jpg","datePublished":"2024-08-24T11:54:34+00:00","dateModified":"2024-08-24T11:54:34+00:00","breadcrumb":{"@id":"https:\/\/now-news.de\/de\/deutschland\/migration-und-gewalt-die-falsche-milde\/#breadcrumb"},"inLanguage":"de","potentialAction":[{"@type":"ReadAction","target":["https:\/\/now-news.de\/de\/deutschland\/migration-und-gewalt-die-falsche-milde\/"]}]},{"@type":"ImageObject","inLanguage":"de","@id":"https:\/\/now-news.de\/de\/deutschland\/migration-und-gewalt-die-falsche-milde\/#primaryimage","url":"https:\/\/now-news.de\/de\/wp-content\/uploads\/sites\/3\/2024\/08\/Migration-und-Gewalt-Die-falsche-Milde.jpg","contentUrl":"https:\/\/now-news.de\/de\/wp-content\/uploads\/sites\/3\/2024\/08\/Migration-und-Gewalt-Die-falsche-Milde.jpg","width":460,"height":259,"caption":"Migration und Gewalt: Die falsche Milde"},{"@type":"BreadcrumbList","@id":"https:\/\/now-news.de\/de\/deutschland\/migration-und-gewalt-die-falsche-milde\/#breadcrumb","itemListElement":[{"@type":"ListItem","position":1,"name":"Home","item":"https:\/\/now-news.de\/de\/"},{"@type":"ListItem","position":2,"name":"Migration und Gewalt: Die falsche Milde"}]},{"@type":"WebSite","@id":"https:\/\/now-news.de\/de\/#website","url":"https:\/\/now-news.de\/de\/","name":"just-now.NEWS Deutschland","description":"Das Portal f\u00fcr unzensierte Nachrichten aus der Welt","publisher":{"@id":"https:\/\/now-news.de\/de\/#organization"},"potentialAction":[{"@type":"SearchAction","target":{"@type":"EntryPoint","urlTemplate":"https:\/\/now-news.de\/de\/?s={search_term_string}"},"query-input":"required name=search_term_string"}],"inLanguage":"de"},{"@type":"Organization","@id":"https:\/\/now-news.de\/de\/#organization","name":"Just Now News","url":"https:\/\/now-news.de\/de\/","logo":{"@type":"ImageObject","inLanguage":"de","@id":"https:\/\/now-news.de\/de\/#\/schema\/logo\/image\/","url":"http:\/\/just-now.news\/de\/wp-content\/uploads\/sites\/3\/2022\/04\/logo500x500.jpg","contentUrl":"http:\/\/just-now.news\/de\/wp-content\/uploads\/sites\/3\/2022\/04\/logo500x500.jpg","width":500,"height":500,"caption":"Just Now News"},"image":{"@id":"https:\/\/now-news.de\/de\/#\/schema\/logo\/image\/"},"sameAs":["https:\/\/www.facebook.com\/wirmachenauf","https:\/\/x.com\/WirMachenAuf_de"]},{"@type":"Person","@id":"https:\/\/now-news.de\/de\/#\/schema\/person\/fb534a4e865501d8b3285208df34a9b5","name":"rtnews","image":{"@type":"ImageObject","inLanguage":"de","@id":"https:\/\/now-news.de\/de\/#\/schema\/person\/image\/","url":"https:\/\/secure.gravatar.com\/avatar\/82aafea7d8127119dd649515f56e2117?s=96&d=mm&r=g","contentUrl":"https:\/\/secure.gravatar.com\/avatar\/82aafea7d8127119dd649515f56e2117?s=96&d=mm&r=g","caption":"rtnews"},"url":"https:\/\/now-news.de\/de\/author\/rnews\/"}]}},"_links":{"self":[{"href":"https:\/\/now-news.de\/de\/wp-json\/wp\/v2\/posts\/67394"}],"collection":[{"href":"https:\/\/now-news.de\/de\/wp-json\/wp\/v2\/posts"}],"about":[{"href":"https:\/\/now-news.de\/de\/wp-json\/wp\/v2\/types\/post"}],"author":[{"embeddable":true,"href":"https:\/\/now-news.de\/de\/wp-json\/wp\/v2\/users\/3"}],"replies":[{"embeddable":true,"href":"https:\/\/now-news.de\/de\/wp-json\/wp\/v2\/comments?post=67394"}],"version-history":[{"count":0,"href":"https:\/\/now-news.de\/de\/wp-json\/wp\/v2\/posts\/67394\/revisions"}],"wp:featuredmedia":[{"embeddable":true,"href":"https:\/\/now-news.de\/de\/wp-json\/wp\/v2\/media\/67395"}],"wp:attachment":[{"href":"https:\/\/now-news.de\/de\/wp-json\/wp\/v2\/media?parent=67394"}],"wp:term":[{"taxonomy":"category","embeddable":true,"href":"https:\/\/now-news.de\/de\/wp-json\/wp\/v2\/categories?post=67394"},{"taxonomy":"post_tag","embeddable":true,"href":"https:\/\/now-news.de\/de\/wp-json\/wp\/v2\/tags?post=67394"}],"curies":[{"name":"wp","href":"https:\/\/api.w.org\/{rel}","templated":true}]}}