{"id":67377,"date":"2024-08-24T07:00:42","date_gmt":"2024-08-24T05:00:42","guid":{"rendered":"https:\/\/now-news.de\/de\/deutschland\/panik-beim-regierungsfunk-diffamierung-der-afd-hat-auch-finanzielle-hintergruende\/"},"modified":"2024-08-24T07:00:42","modified_gmt":"2024-08-24T05:00:42","slug":"panik-beim-regierungsfunk-diffamierung-der-afd-hat-auch-finanzielle-hintergruende","status":"publish","type":"post","link":"https:\/\/now-news.de\/de\/deutschland\/panik-beim-regierungsfunk-diffamierung-der-afd-hat-auch-finanzielle-hintergruende\/","title":{"rendered":"Panik beim Regierungsfunk \u2013 Diffamierung der AfD hat auch finanzielle Hintergr\u00fcnde"},"content":{"rendered":"<p><img decoding=\"async\" src=\"https:\/\/now-news.de\/de\/wp-content\/uploads\/sites\/3\/2024\/08\/66c8843fb480cc3d76100396.jpg\" \/><\/p>\n<div class=\"Text-root Text-type_1 \">\n                Geradezu zwanghaft muten die Verrenkungen der \u00f6ffentlich-rechtlichen Medien an, wenn sie immer ma\u00dfloser die beiden einzigen Oppositionsparteien im Land diffamieren. Laut einem Insider gibt es f\u00fcr dieses Verhalten auch handfeste finanzielle Eigeninteressen der &#8220;Top-Journalisten&#8221;.\n            <\/div>\n<p><\/p>\n<div class=\"Text-root Text-type_5 ArticleView-text ViewText-root \">\n<p><em>Von\u00a0Rainer Rupp<\/em><\/p>\n<p>Der Investigativ-Journalist Boris Reitschuster, der wegen seiner vielen kritischen Recherchen und Kommentare im Regierungslager keine Freunde hat,\u00a0ver\u00f6ffentlichte\u00a0am 20. August auf seiner Webseite einen <a rel=\"nofollow noopener\" target=\"_blank\" href=\"https:\/\/reitschuster.de\/post\/die-panik-der-gez-apparatschik-vor-den-wahlen-im-osten\/\">Bericht<\/a>, in dem er sich auf einen Insider aus den \u00d6RR-Anstalten beruft, wonach die von \u00fcppigen Zwangsgeb\u00fchren lebenden GEZ-Apparatschiks angesichts der Wahlprognosen im Osten zunehmend in Panik geraten. Denn eine AfD-Regierungsbeteiligung oder eine gemeinsame Ablehnung der GEZ-Zwangsgeb\u00fchren durch AfD und BSW k\u00f6nnte den ganzen \u00f6ffentlich-rechtlichen Selbstbedienungsladen zum Einsturz bringen.<\/p>\n<p>In seiner unnachahmlichen Art hat Reitschuster darauf hinweisen, dass\u00a0man bei Betrachtung des\u00a0aktuellen Programms von <em>ARD<\/em> und <em>ZDF<\/em>\u00a0den Eindruck gewinnt, im Medienstaatsvertrag stehe geschrieben, dass das Hauptziel der \u00d6RR-Sender die Bek\u00e4mpfung der AfD sei. Man k\u00f6nnte fast meinen, so Reitschuster, dass es au\u00dfer Hass und Hetze gegen die AfD auf den zahlreichen Sendepl\u00e4tzen der sogenannten &#8220;System-Sender&#8221; rund um die Uhr nichts anderes mehr gibt.<\/p>\n<p>Dieses Verhalten hat sicherlich damit zu tun, dass die verantwortlichen &#8220;Meister-Journalisten&#8221; tats\u00e4chlich nichts anderes als billige Drei-Groschen-Presstituierte sind. So\u00a0biedern sie sich bei den Politikern der etablierten Parteien an, denn diese erm\u00f6glichen ihren Presstituierten ein angenehmes Leben, indem sie ihnen allj\u00e4hrlich Milliarden Euro an Zwangsgeb\u00fchren nachwerfen, die sie vorher dem Volk abgepresst haben. Und was machen die \u00d6RR-Medienfunktion\u00e4re mit dem vielen Geld? Sie produzieren drittklassigen Journalismus, zweitklassige Unterhaltungsshows und einschl\u00e4fernd langweilige Krimis am laufenden Band. Und daf\u00fcr bezahlen sie sich gegenseitig stattliche und oft \u00fcbertrieben hohe Honorare und Kosten.<\/p>\n<p>Aber f\u00fcr die Welle an Vitriol und Hass, welche\u00a0die \u00d6RR-Funktion\u00e4re derzeit rund um die Uhr gegen AfD und BSW schleudern, gibt es laut einem Insider aus den Anstalten noch einen tiefer liegenden Grund. Dieser sei in der Besonderheit des \u00f6ffentlich-rechtlichen Systems begr\u00fcndet, das auf der Einstimmigkeit der Bundesl\u00e4nder beruhe, so Reitschuster unter Berufung auf den Insider. Die Vorstellung, dass die AfD auch nur in einem Bundesland eine Regierungsbeteiligung erhalten k\u00f6nnte, lasse derzeit das ganze \u00f6ffentlich-rechtliche Pfr\u00fcndesystem erzittern, denn dann k\u00f6nnte die AfD dieses korrupte System sprengen.<\/p>\n<p>Die Angst davor, dass die AfD bald in einem \u00f6stlichen Bundesland mitregieren und dem GEZ-System den Todessto\u00df versetzen k\u00f6nnte, sei auf allen Etagen der Sender sp\u00fcrbar, so der Insider. Man rechne intern damit, dass trotz aller politischen Brandmauern der System-Parteien dieser Moment nicht mehr fern ist, vor allem, wenn in Th\u00fcringen, Sachsen und Brandenburg bald neue Landtage gew\u00e4hlt werden. Es gehe auch darum, dass ein neuer Ministerpr\u00e4sident in Th\u00fcringen den Rundfunkstaatsvertrag sogar im Alleingang aufk\u00fcndigen k\u00f6nnte, ohne das Parlament zu beteiligen. Ein solcher Schritt w\u00e4re ein Desaster f\u00fcr das \u00f6ffentlich-rechtliche System, das auf wackeligen F\u00fc\u00dfen stehe und bei dem schon ein kleiner Ruck das gesamte Kartenhaus zum Einsturz bringen k\u00f6nnte.<\/p>\n<p>Besonders besorgniserregend sei f\u00fcr die F\u00fchrungsspitze der Sender die M\u00f6glichkeit, dass auch eine vom &#8220;B\u00fcndnis Sahra Wagenknecht&#8221; angef\u00fchrte Landesregierung, die von der AfD toleriert oder unterst\u00fctzt w\u00fcrde, Realit\u00e4t werden k\u00f6nnte. Ein solches Szenario w\u00e4re der &#8220;Gr\u00f6\u00dfte anzunehmende Unfall&#8221; (GAU) f\u00fcr das GEZ-System, das dann in sich zusammenbrechen w\u00fcrde. Die Panik, so der Insider weiter, sei auch deshalb gro\u00df, da der Staatsvertrag durch ein einzelnes Bundesland gek\u00fcndigt werden k\u00f6nnte, was das Ausbleiben der Rundfunkgeb\u00fchren f\u00fcr dieses Land zur Folge h\u00e4tte. Dies w\u00fcrde das System, das auf die vollen 8,5 Milliarden Euro pro Jahr angewiesen ist, unweigerlich kollabieren lassen. Nach aktuellem Recht kann jedes Bundesland den Rundfunkstaatsvertrag mit einer Frist von sechs Monaten zum Jahresende k\u00fcndigen. Die K\u00fcndigung w\u00fcrde dann zum Ende des folgenden Jahres wirksam.<\/p>\n<p>Der Insider stellt zudem klar, dass tiefgreifende Reformen unvermeidbar seien, sollte sich die Lage weiter zuspitzen. Denn die \u00f6ffentlich-rechtlichen Sender w\u00fcrden sich niemals aus eigener Kraft reformieren \u2013 daf\u00fcr sei der finanzielle Kuchen, der Jahr f\u00fcr Jahr verteilt werde, viel zu verlockend. Man spreche hier von Milliardenbetr\u00e4gen, die im Vergleich zu Konzernen in der Privatwirtschaft astronomisch wirken.<\/p>\n<p>Allein das <em>ZDF<\/em> nimmt etwa 2,4 Milliarden Euro ein, was zeigt, dass die \u00f6ffentlich-rechtlichen Sender wie lukrative Unternehmen agieren und ihre Abteilungsleiter wie Feudalherren leben und bezahlt werden. Da kommen Gedanken an Reformen oder daran, den &#8220;G\u00fcrtel enger zu schnallen&#8221;, gar nicht erst auf.<\/p>\n<p>Ein besonderes \u00c4rgernis im \u00d6RR-System stellen dem Insider zufolge die Produktionsfirmen dar, die mit drittklassigen Krimis und Schauspielern die Sendepl\u00e4tze f\u00fcllen und so Teil einer Schickeria geworden seien, die von den \u00f6ffentlich-rechtlichen Geldern hervorragend lebe.<\/p>\n<p>Wenn sich die Rahmenbedingungen nicht \u00e4ndern, werde sich nichts tun, meint der Mann, der die \u00f6ffentlich-rechtliche Senderwelt laut Reitschuster bestens von innen kennt:<\/p>\n<blockquote>\n<p><em>&#8220;Vielleicht das Wichtigste ist, dass sich das System \u00d6RR niemals ohne Druck von au\u00dfen reformieren wird. Wir reden hier so l\u00e4ssig von 2,4 Milliarden alleine etwa f\u00fcr das ZDF, das sind 2.400 Millionen Euro! Die Sender der ARD kommen zusammen auf noch deutlich mehr Milliarden Euro pro Jahr. Schauen Sie bitte bei Konzernen nach, welche Firma hat denn so einen Umsatz? Von den 8,5 Milliarden Gesamtaufkommen ganz zu schweigen.&#8221;<\/em><\/p>\n<\/blockquote>\n<p>Es gebe &#8220;sehr viele Personen, die von dem System sehr gut leben&#8221;, berichtet der Insider:<\/p>\n<blockquote>\n<p><em>&#8220;Das Fu\u00dfvolk in den Anstalten mal ausgenommen, aber all die Produktionsfirmen, welche die drittklassigen Krimis mit drittklassigen Schauspielern im Schnitt zu Kosten von 1,5 bis 2 Millionen Euro produzieren? Da ist eine echte Schickeria entstanden. Die Vielzahl der Tochterfirmen, die prominent besetzt werden, wie die Degeto der ARD.&#8221;<\/em><\/p>\n<\/blockquote>\n<p>Meine eigene Recherche im Internet, unter anderem\u00a0auf den Internetseiten von <a rel=\"nofollow noopener\" target=\"_blank\" href=\"https:\/\/www.fischer-data-science.com\/en\/blog\/salary-report-income-of-employees-in-public-media-such-as-ard-or-zdf-in-germany-in-2024.html\">Fischer|Data Science<\/a>\u00a0und\u00a0<a rel=\"nofollow noopener\" target=\"_blank\" href=\"https:\/\/waccglobal.org\/in-the-public-interest-public-broadcasting-in-germany-and-europe-under-review\/\">WACC Global<\/a>,\u00a0hat folgende Zahlen zutage gef\u00f6rdert:<\/p>\n<p>Die Direktoren beziehungsweise die Intendanten dieser Organisationen verdienen in der Regel zwischen 300.000 und 400.000 Euro j\u00e4hrlich. Andere leitende Positionen wie Abteilungsleiter oder Chefredakteure k\u00f6nnen dagegen zwischen 120.000 und 200.000 Euro pro Jahr verdienen. Diese Zahlen k\u00f6nnen je nach Rundfunkanstalt variieren.<\/p>\n<p>Auch bei den niedrigeren Positionen im \u00f6ffentlichen Rundfunk, zum Beispiel bei Produzenten, Redakteuren und Verwaltungsangestellten, gibt es eine gro\u00dfe Bandbreite an Geh\u00e4ltern. Die Einstiegsgeh\u00e4lter k\u00f6nnen zwischen 3.000 und 4.500 Euro pro Monat liegen, wobei sie je nach Erfahrung und Spezialisierung deutlich ansteigen. Hinzukommt, dass die Geh\u00e4lter im \u00f6ffentlichen Rundfunk h\u00e4ufig Tarifvertr\u00e4gen unterliegen, die einen strukturierten Gehaltsanstieg und zus\u00e4tzliche Leistungen wie Renten und berufliche Entwicklungsm\u00f6glichkeiten vorsehen. Ein besonderes Kapitel seien dann auch noch die Pensionen! Sp\u00f6tter nennen die GEZ-Anstalten auch &#8220;Pensionskassen mit integriertem Sendebetrieb&#8221;, so der Insider.<\/p>\n<p>Die Empf\u00e4nger dieser aus Zwangsgeb\u00fchren finanzierten \u00fcppigen Geh\u00e4lter rechtfertigen ihren Geldsegen mit einer Mischung aus L\u00fcge, Selbstbetrug und Arroganz. Aus ihrer Sicht spiegeln die Gehaltszahlen die angeblich wichtige Rolle wider, die sie selbst und der \u00f6ffentlich-rechtliche Rundfunk in der deutschen Medienlandschaft spielen, wodurch angeblich eine &#8220;unabh\u00e4ngige und objektive Berichterstattung gew\u00e4hrleistet&#8221; w\u00fcrde, &#8220;die zur gesellschaftlichen Debatte beitr\u00e4gt&#8221;.<\/p>\n<p>Aus der Sicht von Boris Reitschuster haben wir es jedoch<\/p>\n<blockquote>\n<p><em>&#8220;mit institutionalisierter Korruption zu tun: Die Politik garantiert den Geb\u00fchren-Journalisten und Apparatschiks ihre \u00fcppigen Pfr\u00fcnde \u2013 die garantieren im Gegenzug genau diesen Politikern durch Propaganda und willf\u00e4hrige Berichterstattung ihre Macht.&#8221;<\/em><\/p>\n<\/blockquote>\n<p>Tats\u00e4chlich sind immer wieder mal F\u00e4lle von finanzieller Misswirtschaft und Korruption im deutschen \u00f6ffentlich-rechtlichen Rundfunk bekannt geworden. Vor zwei Jahren gab es sogar ein prominentes Beispiel mit dem Skandal um Patricia Schlesinger, damals Intendantin des<em> Rundfunks Berlin-Brandenburg (RBB)<\/em>. Schlesingers Jahresgehalt soll rund 303.000 Euro betragen haben. Aber das war ihr offensichtlich nicht genug. Schlesinger wurde beschuldigt, \u00f6ffentliche Mittel f\u00fcr pers\u00f6nliche Ausgaben wie die Nutzung von Luxusfahrzeugen und die verschwenderische Renovierung ihres B\u00fcros missbraucht zu haben, oder \u00fcberh\u00f6hte Ausgaben f\u00fcr Gesch\u00e4ftsessen sowie unverh\u00e4ltnism\u00e4\u00dfig hohe\u00a0Kosten f\u00fcr fragw\u00fcrdige Beratungsdienste abgerechnet zu haben. Der Fall, der wahrscheinlich nur die Spitze des Eisbergs ist, f\u00fchrte zu einem erheblichen \u00f6ffentlichen \u00c4rgernis und schlie\u00dflich zu ihrem R\u00fccktritt 2022.<\/p>\n<p>Die Korruption im \u00d6RR-Rundfunk ist nat\u00fcrlich eng mit der Korruption in der Politik verfilzt. Eine Hand w\u00e4scht die andere. Reitschuster folgert daraus, dass die Hegemonie von Rot-Gr\u00fcn in unserem Land, die bereits einen beachtlichen Teil unserer Wirtschaft und Gesellschaft zerst\u00f6rt hat,<\/p>\n<blockquote>\n<p><em>&#8220;nur dank der gro\u00dfen Medien m\u00f6glich ist, und zwar insbesondere der \u00f6ffentlich-rechtlichen Sender. Ohne deren Dauer-Propaganda, die den Menschen Schein-Realit\u00e4ten vorgaukelt, die \u00fcber die wahren Probleme allenfalls beil\u00e4ufig berichtet und daf\u00fcr ideologisch passende Probleme aufbl\u00e4st, h\u00e4tten wir l\u00e4ngst andere Mehrheitsverh\u00e4ltnisse und andere Zust\u00e4nde in diesem Land.&#8221;<\/em><\/p>\n<\/blockquote>\n<p>Reitschuster schlie\u00dft mit den Worten: &#8220;Solange dieses korrupte System in seiner jetzigen Form Bestand hat, sind wirkliche Ver\u00e4nderungen kaum zu erwarten.&#8221;\u00a0<\/p>\n<p><strong>Mehr zum Thema &#8211;<\/strong>\u00a0<a rel=\"nofollow noopener\" target=\"_blank\" href=\"https:\/\/freedert.online\/inland\/216595-gerichtsbeschluss-afd-thueringen-muss-spiegel\/\">Gerichtsbeschluss: Th\u00fcringer AfD muss Spiegel und Bild Zugang zur Wahlparty gew\u00e4hren<\/a><\/p>\n<\/p>\n<\/div>\n<p><br \/>\n<br \/><a href=\"https:\/\/de.rt.com\/meinung\/216596-panik-beim-regierungsfunk-droht-ende\/\">Source link <\/a><\/p>\n","protected":false},"excerpt":{"rendered":"<p>Geradezu zwanghaft muten die Verrenkungen der \u00f6ffentlich-rechtlichen Medien an, wenn sie immer ma\u00dfloser die beiden einzigen Oppositionsparteien im Land diffamieren. Laut einem Insider gibt es f\u00fcr dieses Verhalten auch handfeste finanzielle Eigeninteressen der &#8220;Top-Journalisten&#8221;. Von\u00a0Rainer Rupp Der Investigativ-Journalist Boris Reitschuster, der wegen seiner vielen kritischen Recherchen und Kommentare im Regierungslager keine Freunde hat,\u00a0ver\u00f6ffentlichte\u00a0am 20. August [&hellip;]<\/p>\n","protected":false},"author":3,"featured_media":67378,"comment_status":"open","ping_status":"open","sticky":false,"template":"","format":"standard","meta":{"_yoast_indexnow_last_ping":["1724476834"],"wp_automatic_camp":["217"],"bb5480733867a38045aa5ec892d87c73":["Panik beim Regierungsfunk \u2013 Diffamierung der AfD hat auch finanzielle Hintergr\u00fcnde"],"original_link":["https:\/\/de.rt.com\/meinung\/216596-panik-beim-regierungsfunk-droht-ende\/"],"_thumbnail_id":["67378"],"jnews_social_counter_last_update":["1777337086"],"_wptgpro_p2tg_sent2tg":["a:1:{i:23737;s:19:\"2024-08-24 07:21:40\";}"]},"categories":[19,23],"tags":[3815,1475,1814,82,39341,24494,423,5469,3379,57846],"yoast_head":"<!-- This site is optimized with the Yoast SEO Premium plugin v22.7 (Yoast SEO v22.7) - https:\/\/yoast.com\/wordpress\/plugins\/seo\/ -->\n<title>Panik beim Regierungsfunk \u2013 Diffamierung der AfD hat auch finanzielle Hintergr\u00fcnde - just-now.NEWS Deutschland<\/title>\n<meta name=\"robots\" content=\"index, follow, max-snippet:-1, max-image-preview:large, max-video-preview:-1\" \/>\n<link rel=\"canonical\" href=\"https:\/\/now-news.de\/de\/deutschland\/panik-beim-regierungsfunk-diffamierung-der-afd-hat-auch-finanzielle-hintergruende\/\" \/>\n<meta property=\"og:locale\" content=\"de_DE\" \/>\n<meta property=\"og:type\" content=\"article\" \/>\n<meta property=\"og:title\" content=\"Panik beim Regierungsfunk \u2013 Diffamierung der AfD hat auch finanzielle Hintergr\u00fcnde\" \/>\n<meta property=\"og:description\" content=\"Geradezu zwanghaft muten die Verrenkungen der \u00f6ffentlich-rechtlichen Medien an, wenn sie immer ma\u00dfloser die beiden einzigen Oppositionsparteien im Land diffamieren. Laut einem Insider gibt es f\u00fcr dieses Verhalten auch handfeste finanzielle Eigeninteressen der &#8220;Top-Journalisten&#8221;. Von\u00a0Rainer Rupp Der Investigativ-Journalist Boris Reitschuster, der wegen seiner vielen kritischen Recherchen und Kommentare im Regierungslager keine Freunde hat,\u00a0ver\u00f6ffentlichte\u00a0am 20. August [&hellip;]\" \/>\n<meta property=\"og:url\" content=\"https:\/\/now-news.de\/de\/deutschland\/panik-beim-regierungsfunk-diffamierung-der-afd-hat-auch-finanzielle-hintergruende\/\" \/>\n<meta property=\"og:site_name\" content=\"just-now.NEWS Deutschland\" \/>\n<meta property=\"article:publisher\" content=\"https:\/\/www.facebook.com\/wirmachenauf\" \/>\n<meta property=\"article:published_time\" content=\"2024-08-24T05:00:42+00:00\" \/>\n<meta property=\"og:image\" content=\"https:\/\/now-news.de\/de\/wp-content\/uploads\/sites\/3\/2024\/08\/66c8843fb480cc3d76100396.jpg\" \/>\n<meta name=\"author\" content=\"rtnews\" \/>\n<meta name=\"twitter:card\" content=\"summary_large_image\" \/>\n<meta name=\"twitter:creator\" content=\"@WirMachenAuf_de\" \/>\n<meta name=\"twitter:site\" content=\"@WirMachenAuf_de\" \/>\n<meta name=\"twitter:label1\" content=\"Verfasst von\" \/>\n\t<meta name=\"twitter:data1\" content=\"rtnews\" \/>\n\t<meta name=\"twitter:label2\" content=\"Gesch\u00e4tzte Lesezeit\" \/>\n\t<meta name=\"twitter:data2\" content=\"7\u00a0Minuten\" \/>\n<script type=\"application\/ld+json\" class=\"yoast-schema-graph\">{\"@context\":\"https:\/\/schema.org\",\"@graph\":[{\"@type\":\"Article\",\"@id\":\"https:\/\/now-news.de\/de\/deutschland\/panik-beim-regierungsfunk-diffamierung-der-afd-hat-auch-finanzielle-hintergruende\/#article\",\"isPartOf\":{\"@id\":\"https:\/\/now-news.de\/de\/deutschland\/panik-beim-regierungsfunk-diffamierung-der-afd-hat-auch-finanzielle-hintergruende\/\"},\"author\":{\"name\":\"rtnews\",\"@id\":\"https:\/\/now-news.de\/de\/#\/schema\/person\/fb534a4e865501d8b3285208df34a9b5\"},\"headline\":\"Panik beim Regierungsfunk \u2013 Diffamierung der AfD hat auch finanzielle Hintergr\u00fcnde\",\"datePublished\":\"2024-08-24T05:00:42+00:00\",\"dateModified\":\"2024-08-24T05:00:42+00:00\",\"mainEntityOfPage\":{\"@id\":\"https:\/\/now-news.de\/de\/deutschland\/panik-beim-regierungsfunk-diffamierung-der-afd-hat-auch-finanzielle-hintergruende\/\"},\"wordCount\":1481,\"commentCount\":0,\"publisher\":{\"@id\":\"https:\/\/now-news.de\/de\/#organization\"},\"image\":{\"@id\":\"https:\/\/now-news.de\/de\/deutschland\/panik-beim-regierungsfunk-diffamierung-der-afd-hat-auch-finanzielle-hintergruende\/#primaryimage\"},\"thumbnailUrl\":\"https:\/\/now-news.de\/de\/wp-content\/uploads\/sites\/3\/2024\/08\/Panik-beim-Regierungsfunk-\u2013-Diffamierung-der-AfD-hat-auch-finanzielle.jpg\",\"keywords\":[\"AfD\",\"auch\",\"beim\",\"der\",\"Diffamierung\",\"finanzielle\",\"hat\",\"Hintergr\u00fcnde\",\"Panik\",\"Regierungsfunk\"],\"articleSection\":[\"Deutschland\",\"Russland\"],\"inLanguage\":\"de\",\"potentialAction\":[{\"@type\":\"CommentAction\",\"name\":\"Comment\",\"target\":[\"https:\/\/now-news.de\/de\/deutschland\/panik-beim-regierungsfunk-diffamierung-der-afd-hat-auch-finanzielle-hintergruende\/#respond\"]}]},{\"@type\":\"WebPage\",\"@id\":\"https:\/\/now-news.de\/de\/deutschland\/panik-beim-regierungsfunk-diffamierung-der-afd-hat-auch-finanzielle-hintergruende\/\",\"url\":\"https:\/\/now-news.de\/de\/deutschland\/panik-beim-regierungsfunk-diffamierung-der-afd-hat-auch-finanzielle-hintergruende\/\",\"name\":\"Panik beim Regierungsfunk \u2013 Diffamierung der AfD hat auch finanzielle Hintergr\u00fcnde - just-now.NEWS Deutschland\",\"isPartOf\":{\"@id\":\"https:\/\/now-news.de\/de\/#website\"},\"primaryImageOfPage\":{\"@id\":\"https:\/\/now-news.de\/de\/deutschland\/panik-beim-regierungsfunk-diffamierung-der-afd-hat-auch-finanzielle-hintergruende\/#primaryimage\"},\"image\":{\"@id\":\"https:\/\/now-news.de\/de\/deutschland\/panik-beim-regierungsfunk-diffamierung-der-afd-hat-auch-finanzielle-hintergruende\/#primaryimage\"},\"thumbnailUrl\":\"https:\/\/now-news.de\/de\/wp-content\/uploads\/sites\/3\/2024\/08\/Panik-beim-Regierungsfunk-\u2013-Diffamierung-der-AfD-hat-auch-finanzielle.jpg\",\"datePublished\":\"2024-08-24T05:00:42+00:00\",\"dateModified\":\"2024-08-24T05:00:42+00:00\",\"breadcrumb\":{\"@id\":\"https:\/\/now-news.de\/de\/deutschland\/panik-beim-regierungsfunk-diffamierung-der-afd-hat-auch-finanzielle-hintergruende\/#breadcrumb\"},\"inLanguage\":\"de\",\"potentialAction\":[{\"@type\":\"ReadAction\",\"target\":[\"https:\/\/now-news.de\/de\/deutschland\/panik-beim-regierungsfunk-diffamierung-der-afd-hat-auch-finanzielle-hintergruende\/\"]}]},{\"@type\":\"ImageObject\",\"inLanguage\":\"de\",\"@id\":\"https:\/\/now-news.de\/de\/deutschland\/panik-beim-regierungsfunk-diffamierung-der-afd-hat-auch-finanzielle-hintergruende\/#primaryimage\",\"url\":\"https:\/\/now-news.de\/de\/wp-content\/uploads\/sites\/3\/2024\/08\/Panik-beim-Regierungsfunk-\u2013-Diffamierung-der-AfD-hat-auch-finanzielle.jpg\",\"contentUrl\":\"https:\/\/now-news.de\/de\/wp-content\/uploads\/sites\/3\/2024\/08\/Panik-beim-Regierungsfunk-\u2013-Diffamierung-der-AfD-hat-auch-finanzielle.jpg\",\"width\":460,\"height\":259,\"caption\":\"Panik beim Regierungsfunk \u2013 Diffamierung der AfD hat auch finanzielle Hintergr\u00fcnde\"},{\"@type\":\"BreadcrumbList\",\"@id\":\"https:\/\/now-news.de\/de\/deutschland\/panik-beim-regierungsfunk-diffamierung-der-afd-hat-auch-finanzielle-hintergruende\/#breadcrumb\",\"itemListElement\":[{\"@type\":\"ListItem\",\"position\":1,\"name\":\"Home\",\"item\":\"https:\/\/now-news.de\/de\/\"},{\"@type\":\"ListItem\",\"position\":2,\"name\":\"Panik beim Regierungsfunk \u2013 Diffamierung der AfD hat auch finanzielle Hintergr\u00fcnde\"}]},{\"@type\":\"WebSite\",\"@id\":\"https:\/\/now-news.de\/de\/#website\",\"url\":\"https:\/\/now-news.de\/de\/\",\"name\":\"just-now.NEWS Deutschland\",\"description\":\"Das Portal f\u00fcr unzensierte Nachrichten aus der Welt\",\"publisher\":{\"@id\":\"https:\/\/now-news.de\/de\/#organization\"},\"potentialAction\":[{\"@type\":\"SearchAction\",\"target\":{\"@type\":\"EntryPoint\",\"urlTemplate\":\"https:\/\/now-news.de\/de\/?s={search_term_string}\"},\"query-input\":\"required name=search_term_string\"}],\"inLanguage\":\"de\"},{\"@type\":\"Organization\",\"@id\":\"https:\/\/now-news.de\/de\/#organization\",\"name\":\"Just Now News\",\"url\":\"https:\/\/now-news.de\/de\/\",\"logo\":{\"@type\":\"ImageObject\",\"inLanguage\":\"de\",\"@id\":\"https:\/\/now-news.de\/de\/#\/schema\/logo\/image\/\",\"url\":\"http:\/\/just-now.news\/de\/wp-content\/uploads\/sites\/3\/2022\/04\/logo500x500.jpg\",\"contentUrl\":\"http:\/\/just-now.news\/de\/wp-content\/uploads\/sites\/3\/2022\/04\/logo500x500.jpg\",\"width\":500,\"height\":500,\"caption\":\"Just Now News\"},\"image\":{\"@id\":\"https:\/\/now-news.de\/de\/#\/schema\/logo\/image\/\"},\"sameAs\":[\"https:\/\/www.facebook.com\/wirmachenauf\",\"https:\/\/x.com\/WirMachenAuf_de\"]},{\"@type\":\"Person\",\"@id\":\"https:\/\/now-news.de\/de\/#\/schema\/person\/fb534a4e865501d8b3285208df34a9b5\",\"name\":\"rtnews\",\"image\":{\"@type\":\"ImageObject\",\"inLanguage\":\"de\",\"@id\":\"https:\/\/now-news.de\/de\/#\/schema\/person\/image\/\",\"url\":\"https:\/\/secure.gravatar.com\/avatar\/82aafea7d8127119dd649515f56e2117?s=96&d=mm&r=g\",\"contentUrl\":\"https:\/\/secure.gravatar.com\/avatar\/82aafea7d8127119dd649515f56e2117?s=96&d=mm&r=g\",\"caption\":\"rtnews\"},\"url\":\"https:\/\/now-news.de\/de\/author\/rnews\/\"}]}<\/script>\n<!-- \/ Yoast SEO Premium plugin. -->","yoast_head_json":{"title":"Panik beim Regierungsfunk \u2013 Diffamierung der AfD hat auch finanzielle Hintergr\u00fcnde - just-now.NEWS Deutschland","robots":{"index":"index","follow":"follow","max-snippet":"max-snippet:-1","max-image-preview":"max-image-preview:large","max-video-preview":"max-video-preview:-1"},"canonical":"https:\/\/now-news.de\/de\/deutschland\/panik-beim-regierungsfunk-diffamierung-der-afd-hat-auch-finanzielle-hintergruende\/","og_locale":"de_DE","og_type":"article","og_title":"Panik beim Regierungsfunk \u2013 Diffamierung der AfD hat auch finanzielle Hintergr\u00fcnde","og_description":"Geradezu zwanghaft muten die Verrenkungen der \u00f6ffentlich-rechtlichen Medien an, wenn sie immer ma\u00dfloser die beiden einzigen Oppositionsparteien im Land diffamieren. Laut einem Insider gibt es f\u00fcr dieses Verhalten auch handfeste finanzielle Eigeninteressen der &#8220;Top-Journalisten&#8221;. Von\u00a0Rainer Rupp Der Investigativ-Journalist Boris Reitschuster, der wegen seiner vielen kritischen Recherchen und Kommentare im Regierungslager keine Freunde hat,\u00a0ver\u00f6ffentlichte\u00a0am 20. August [&hellip;]","og_url":"https:\/\/now-news.de\/de\/deutschland\/panik-beim-regierungsfunk-diffamierung-der-afd-hat-auch-finanzielle-hintergruende\/","og_site_name":"just-now.NEWS Deutschland","article_publisher":"https:\/\/www.facebook.com\/wirmachenauf","article_published_time":"2024-08-24T05:00:42+00:00","og_image":[{"url":"https:\/\/now-news.de\/de\/wp-content\/uploads\/sites\/3\/2024\/08\/66c8843fb480cc3d76100396.jpg"}],"author":"rtnews","twitter_card":"summary_large_image","twitter_creator":"@WirMachenAuf_de","twitter_site":"@WirMachenAuf_de","twitter_misc":{"Verfasst von":"rtnews","Gesch\u00e4tzte Lesezeit":"7\u00a0Minuten"},"schema":{"@context":"https:\/\/schema.org","@graph":[{"@type":"Article","@id":"https:\/\/now-news.de\/de\/deutschland\/panik-beim-regierungsfunk-diffamierung-der-afd-hat-auch-finanzielle-hintergruende\/#article","isPartOf":{"@id":"https:\/\/now-news.de\/de\/deutschland\/panik-beim-regierungsfunk-diffamierung-der-afd-hat-auch-finanzielle-hintergruende\/"},"author":{"name":"rtnews","@id":"https:\/\/now-news.de\/de\/#\/schema\/person\/fb534a4e865501d8b3285208df34a9b5"},"headline":"Panik beim Regierungsfunk \u2013 Diffamierung der AfD hat auch finanzielle Hintergr\u00fcnde","datePublished":"2024-08-24T05:00:42+00:00","dateModified":"2024-08-24T05:00:42+00:00","mainEntityOfPage":{"@id":"https:\/\/now-news.de\/de\/deutschland\/panik-beim-regierungsfunk-diffamierung-der-afd-hat-auch-finanzielle-hintergruende\/"},"wordCount":1481,"commentCount":0,"publisher":{"@id":"https:\/\/now-news.de\/de\/#organization"},"image":{"@id":"https:\/\/now-news.de\/de\/deutschland\/panik-beim-regierungsfunk-diffamierung-der-afd-hat-auch-finanzielle-hintergruende\/#primaryimage"},"thumbnailUrl":"https:\/\/now-news.de\/de\/wp-content\/uploads\/sites\/3\/2024\/08\/Panik-beim-Regierungsfunk-\u2013-Diffamierung-der-AfD-hat-auch-finanzielle.jpg","keywords":["AfD","auch","beim","der","Diffamierung","finanzielle","hat","Hintergr\u00fcnde","Panik","Regierungsfunk"],"articleSection":["Deutschland","Russland"],"inLanguage":"de","potentialAction":[{"@type":"CommentAction","name":"Comment","target":["https:\/\/now-news.de\/de\/deutschland\/panik-beim-regierungsfunk-diffamierung-der-afd-hat-auch-finanzielle-hintergruende\/#respond"]}]},{"@type":"WebPage","@id":"https:\/\/now-news.de\/de\/deutschland\/panik-beim-regierungsfunk-diffamierung-der-afd-hat-auch-finanzielle-hintergruende\/","url":"https:\/\/now-news.de\/de\/deutschland\/panik-beim-regierungsfunk-diffamierung-der-afd-hat-auch-finanzielle-hintergruende\/","name":"Panik beim Regierungsfunk \u2013 Diffamierung der AfD hat auch finanzielle Hintergr\u00fcnde - just-now.NEWS Deutschland","isPartOf":{"@id":"https:\/\/now-news.de\/de\/#website"},"primaryImageOfPage":{"@id":"https:\/\/now-news.de\/de\/deutschland\/panik-beim-regierungsfunk-diffamierung-der-afd-hat-auch-finanzielle-hintergruende\/#primaryimage"},"image":{"@id":"https:\/\/now-news.de\/de\/deutschland\/panik-beim-regierungsfunk-diffamierung-der-afd-hat-auch-finanzielle-hintergruende\/#primaryimage"},"thumbnailUrl":"https:\/\/now-news.de\/de\/wp-content\/uploads\/sites\/3\/2024\/08\/Panik-beim-Regierungsfunk-\u2013-Diffamierung-der-AfD-hat-auch-finanzielle.jpg","datePublished":"2024-08-24T05:00:42+00:00","dateModified":"2024-08-24T05:00:42+00:00","breadcrumb":{"@id":"https:\/\/now-news.de\/de\/deutschland\/panik-beim-regierungsfunk-diffamierung-der-afd-hat-auch-finanzielle-hintergruende\/#breadcrumb"},"inLanguage":"de","potentialAction":[{"@type":"ReadAction","target":["https:\/\/now-news.de\/de\/deutschland\/panik-beim-regierungsfunk-diffamierung-der-afd-hat-auch-finanzielle-hintergruende\/"]}]},{"@type":"ImageObject","inLanguage":"de","@id":"https:\/\/now-news.de\/de\/deutschland\/panik-beim-regierungsfunk-diffamierung-der-afd-hat-auch-finanzielle-hintergruende\/#primaryimage","url":"https:\/\/now-news.de\/de\/wp-content\/uploads\/sites\/3\/2024\/08\/Panik-beim-Regierungsfunk-\u2013-Diffamierung-der-AfD-hat-auch-finanzielle.jpg","contentUrl":"https:\/\/now-news.de\/de\/wp-content\/uploads\/sites\/3\/2024\/08\/Panik-beim-Regierungsfunk-\u2013-Diffamierung-der-AfD-hat-auch-finanzielle.jpg","width":460,"height":259,"caption":"Panik beim Regierungsfunk \u2013 Diffamierung der AfD hat auch finanzielle Hintergr\u00fcnde"},{"@type":"BreadcrumbList","@id":"https:\/\/now-news.de\/de\/deutschland\/panik-beim-regierungsfunk-diffamierung-der-afd-hat-auch-finanzielle-hintergruende\/#breadcrumb","itemListElement":[{"@type":"ListItem","position":1,"name":"Home","item":"https:\/\/now-news.de\/de\/"},{"@type":"ListItem","position":2,"name":"Panik beim Regierungsfunk \u2013 Diffamierung der AfD hat auch finanzielle Hintergr\u00fcnde"}]},{"@type":"WebSite","@id":"https:\/\/now-news.de\/de\/#website","url":"https:\/\/now-news.de\/de\/","name":"just-now.NEWS Deutschland","description":"Das Portal f\u00fcr unzensierte Nachrichten aus der Welt","publisher":{"@id":"https:\/\/now-news.de\/de\/#organization"},"potentialAction":[{"@type":"SearchAction","target":{"@type":"EntryPoint","urlTemplate":"https:\/\/now-news.de\/de\/?s={search_term_string}"},"query-input":"required name=search_term_string"}],"inLanguage":"de"},{"@type":"Organization","@id":"https:\/\/now-news.de\/de\/#organization","name":"Just Now News","url":"https:\/\/now-news.de\/de\/","logo":{"@type":"ImageObject","inLanguage":"de","@id":"https:\/\/now-news.de\/de\/#\/schema\/logo\/image\/","url":"http:\/\/just-now.news\/de\/wp-content\/uploads\/sites\/3\/2022\/04\/logo500x500.jpg","contentUrl":"http:\/\/just-now.news\/de\/wp-content\/uploads\/sites\/3\/2022\/04\/logo500x500.jpg","width":500,"height":500,"caption":"Just Now News"},"image":{"@id":"https:\/\/now-news.de\/de\/#\/schema\/logo\/image\/"},"sameAs":["https:\/\/www.facebook.com\/wirmachenauf","https:\/\/x.com\/WirMachenAuf_de"]},{"@type":"Person","@id":"https:\/\/now-news.de\/de\/#\/schema\/person\/fb534a4e865501d8b3285208df34a9b5","name":"rtnews","image":{"@type":"ImageObject","inLanguage":"de","@id":"https:\/\/now-news.de\/de\/#\/schema\/person\/image\/","url":"https:\/\/secure.gravatar.com\/avatar\/82aafea7d8127119dd649515f56e2117?s=96&d=mm&r=g","contentUrl":"https:\/\/secure.gravatar.com\/avatar\/82aafea7d8127119dd649515f56e2117?s=96&d=mm&r=g","caption":"rtnews"},"url":"https:\/\/now-news.de\/de\/author\/rnews\/"}]}},"_links":{"self":[{"href":"https:\/\/now-news.de\/de\/wp-json\/wp\/v2\/posts\/67377"}],"collection":[{"href":"https:\/\/now-news.de\/de\/wp-json\/wp\/v2\/posts"}],"about":[{"href":"https:\/\/now-news.de\/de\/wp-json\/wp\/v2\/types\/post"}],"author":[{"embeddable":true,"href":"https:\/\/now-news.de\/de\/wp-json\/wp\/v2\/users\/3"}],"replies":[{"embeddable":true,"href":"https:\/\/now-news.de\/de\/wp-json\/wp\/v2\/comments?post=67377"}],"version-history":[{"count":0,"href":"https:\/\/now-news.de\/de\/wp-json\/wp\/v2\/posts\/67377\/revisions"}],"wp:featuredmedia":[{"embeddable":true,"href":"https:\/\/now-news.de\/de\/wp-json\/wp\/v2\/media\/67378"}],"wp:attachment":[{"href":"https:\/\/now-news.de\/de\/wp-json\/wp\/v2\/media?parent=67377"}],"wp:term":[{"taxonomy":"category","embeddable":true,"href":"https:\/\/now-news.de\/de\/wp-json\/wp\/v2\/categories?post=67377"},{"taxonomy":"post_tag","embeddable":true,"href":"https:\/\/now-news.de\/de\/wp-json\/wp\/v2\/tags?post=67377"}],"curies":[{"name":"wp","href":"https:\/\/api.w.org\/{rel}","templated":true}]}}