{"id":67375,"date":"2024-08-24T06:30:22","date_gmt":"2024-08-24T04:30:22","guid":{"rendered":"https:\/\/now-news.de\/de\/deutschland\/erstmals-nach-dem-zweiten-weltkrieg-deutschland-errichtet-militaerbasis-im-ausland\/"},"modified":"2024-08-24T06:30:22","modified_gmt":"2024-08-24T04:30:22","slug":"erstmals-nach-dem-zweiten-weltkrieg-deutschland-errichtet-militaerbasis-im-ausland","status":"publish","type":"post","link":"https:\/\/now-news.de\/de\/deutschland\/erstmals-nach-dem-zweiten-weltkrieg-deutschland-errichtet-militaerbasis-im-ausland\/","title":{"rendered":"Erstmals nach dem Zweiten Weltkrieg: Deutschland errichtet Milit\u00e4rbasis im Ausland"},"content":{"rendered":"<p><img decoding=\"async\" src=\"https:\/\/now-news.de\/de\/wp-content\/uploads\/sites\/3\/2024\/08\/66c850fd48fbef4e83529da8.jpg\" \/><\/p>\n<div class=\"Text-root Text-type_1 \">\n                Deutschland hat mit dem Bau einer st\u00e4ndigen Milit\u00e4rbasis in Litauen nahe der wei\u00dfrussischen Grenze begonnen. Dort sollen bis 2027 etwa 4.000 Bundeswehrsoldaten stationiert werden. Das Projekt wird jedoch von Diskussionen \u00fcber K\u00fcrzungen der Ukraine-Hilfe \u00fcberschattet.\n            <\/div>\n<p><\/p>\n<div class=\"Text-root Text-type_5 ArticleView-text ViewText-root \">\n<p>Deutschland hat in dieser Woche mit dem Bau einer st\u00e4ndigen Milit\u00e4rbasis in Litauen nahe der Grenze zu Wei\u00dfrussland begonnen. Dies ist die erste st\u00e4ndige Milit\u00e4rbasis Deutschlands im Ausland seit dem Zweiten Weltkrieg, berichtet die Zeitung <em>Financial Times<\/em>. Auf der Milit\u00e4rbasis sollen bis zu 4.000 deutsche Soldaten stationiert werden, teilt Brigadegeneral Raimundas Vaik\u0161noras mit, der Kommandeur der litauischen Streitkr\u00e4fte:<\/p>\n<blockquote>\n<p><em>&#8220;Heute ist ein historischer Tag. In ein paar Jahren wird eines der gr\u00f6\u00dften Projekte in der Geschichte Litauens abgeschlossen sein \u2013 eine hochmoderne Milit\u00e4rstadt. Die Brigade wird eine Garantie f\u00fcr unsere Bev\u00f6lkerung und ein Abschreckungsmittel gegen die Russen sein.&#8221;<\/em><\/p>\n<\/blockquote>\n<p>Wie es hei\u00dft,wird das Milit\u00e4rgel\u00e4nde eine Fl\u00e4che von 170 Hektar umfassen und 20 Geb\u00e4ude, Hubschrauberlandepl\u00e4tze, \u00dcbungsfelder und andere Einrichtungen beherbergen. Auf dem St\u00fctzpunkt werden unter anderem Schie\u00dfst\u00e4nde eingerichtet sowie Panzer und andere Ausr\u00fcstung gewartet und untergebracht. Die Basis befindet sich\u00a0nahe Vilnius, in R\u016bdninkai, nur 20 Kilometer von der Grenze zu Wei\u00dfrussland entfernt, berichtet <em>Reuters.<br \/><\/em><\/p>\n<p>Im Dezember 2023 hatte die Bundesregierung beschlossen, die Ostflanke der NATO zu st\u00e4rken. In der Folge unterzeichneten die Verteidigungsminister Litauens und Deutschlands, Arvydas Anu\u0161auskas und Boris Pistorius, ein Abkommen \u00fcber die Entsendung einer Bundeswehrbrigade mit rund 4.800 Soldaten in die baltische Republik bis 2027. Der Gro\u00dfteil der Soldaten wird auf dem Milit\u00e4rst\u00fctzpunkt R\u016bdninkai dauerhaft stationiert, weitere rund 1.000 Soldaten werden in anderen Einrichtungen in Litauen untergebracht.<\/p>\n<p>Zuvor hatten deutsche Medien berichtet, dass die Stationierung einer Kampfbrigade in Litauen Deutschland rund 11 Milliarden Euro kosten wird. Davon entfallen eine Milliarde auf die j\u00e4hrlichen Betriebskosten, vier Milliarden auf die Beschaffung von gepanzerten Fahrzeugen und sechs Milliarden auf weitere Investitionen wie den Aufbau der Infrastruktur und den Kauf von Uniformen. Die genannte Summe ist ohne die Zahlung von Auslandsverwendungszuschl\u00e4gen f\u00fcr die Soldaten berechnet.<\/p>\n<p>Obwohl das Ereignis eigentlich f\u00fcr Aufsehen sorgen sollte, wurde es von Berichten \u00fcber eine K\u00fcrzung der milit\u00e4rischen Unterst\u00fctzung f\u00fcr die Ukraine \u00fcberschattet, was eher die Schw\u00e4che Berlins als dessen St\u00e4rke offenbart, meint die <em>Financial Times<\/em>. Vergangene Woche berichteten Medien, dass Deutschland gezwungen sei, die milit\u00e4rische Hilfe f\u00fcr Kiew zu k\u00fcrzen, da gem\u00e4\u00df der aktuellen Haushaltsplanung der Bundesregierung keine neuen Mittel f\u00fcr diese Zwecke bereitgestellt werden.<\/p>\n<p>Die <em>Frankfurter Allgemeine Zeitung<\/em> informierte unter Verweis auf Quellen, dass Berlin plant, die milit\u00e4rische Hilfe f\u00fcr die Ukraine von 7,48 Milliarden Euro im Jahr 2024 auf vier Milliarden Euro im Jahr 2025 zu k\u00fcrzen. Bis 2027 soll das Volumen dieser Mittel auf 500 Millionen Euro sinken.<\/p>\n<p>Am vergangenen Wochenende berichtete die Zeitung <em>Bild<\/em> unter Berufung auf vertrauliche Dokumente des Bundesverteidigungsministeriums, dass die Beh\u00f6rde aufgrund von Haushaltskorrekturen vor Problemen steht, die es erschweren, die milit\u00e4rische Unterst\u00fctzung f\u00fcr die Ukraine in den kommenden Jahren in dem bisherigen Umfang fortzusetzen. Die Zeitung betonte, dass die Ukraine insbesondere keine Ersatzteile f\u00fcr die Panzerhaubitze 2000 erhalten k\u00f6nnte, die Kiew zuvor angefordert hatte.<\/p>\n<p>Bundeskanzler Olaf Scholz erkl\u00e4rte jedoch, dass Deutschland unter allen europ\u00e4ischen L\u00e4ndern weiterhin die gr\u00f6\u00dfte Unterst\u00fctzung f\u00fcr die Ukraine leisten werde.\u00a0Laut dem Kieler Institut f\u00fcr Weltwirtschaft ist Deutschland nach den USA das Land, das die zweith\u00f6chste Summe f\u00fcr die milit\u00e4rische Unterst\u00fctzung der Ukraine bereitgestellt hat.<\/p>\n<p>Moskau\u00a0bezeichnet die Entsendung von Truppen nach Litauen und die Pl\u00e4ne zur Errichtung einer Milit\u00e4rbasis dort wiederholt als das Schaffen von Gefahrenherden f\u00fcr Russland und warnt vor Gegenma\u00dfnahmen.<\/p>\n<p><strong>Mehr zum Thema <\/strong>\u2013<strong><\/strong><a rel=\"nofollow noopener\" target=\"_blank\" href=\"https:\/\/freedert.online\/europa\/211642-gegen-angriff-aus-russland-nato-plant-aufstockung-50-brigaden\/\">Gegen einen &#8220;Angriff aus Russland&#8221;: NATO plant Aufstockung um 50 Brigaden<br \/><\/a><\/p>\n<div class=\"EmbedBlock-root EmbedBlock-externalVideo EmbedBlock-rumble\">\n<div class=\"VkEmbed\"><iframe class=\"lazyload\" data-src=\"https:\/\/rumble.com\/embed\/v59pio2\" frameborder=\"0\" width=\"853\" height=\"480\" allowfullscreen><\/iframe><\/div>\n<\/div>\n<\/div>\n<p><br \/>\n<br \/><a href=\"https:\/\/de.rt.com\/international\/216601-deutschland-errichtet-erste-militaerbasis-im-ausland-seit-dem-zweiten-weltkrieg\/\">Source link <\/a><\/p>\n","protected":false},"excerpt":{"rendered":"<p>Deutschland hat mit dem Bau einer st\u00e4ndigen Milit\u00e4rbasis in Litauen nahe der wei\u00dfrussischen Grenze begonnen. Dort sollen bis 2027 etwa 4.000 Bundeswehrsoldaten stationiert werden. Das Projekt wird jedoch von Diskussionen \u00fcber K\u00fcrzungen der Ukraine-Hilfe \u00fcberschattet. Deutschland hat in dieser Woche mit dem Bau einer st\u00e4ndigen Milit\u00e4rbasis in Litauen nahe der Grenze zu Wei\u00dfrussland begonnen. Dies [&hellip;]<\/p>\n","protected":false},"author":3,"featured_media":67376,"comment_status":"open","ping_status":"open","sticky":false,"template":"","format":"standard","meta":{"_yoast_indexnow_last_ping":["1724474938"],"wp_automatic_camp":["217"],"65632b4c71f4df56d9936929b836a844":["Erstmals nach dem Zweiten Weltkrieg: Deutschland errichtet Milit\u00e4rbasis im Ausland"],"original_link":["https:\/\/de.rt.com\/international\/216601-deutschland-errichtet-erste-militaerbasis-im-ausland-seit-dem-zweiten-weltkrieg\/"],"_thumbnail_id":["67376"],"jnews_social_counter_last_update":["1777793473"],"_wptgpro_p2tg_sent2tg":["a:1:{i:23737;s:19:\"2024-08-24 06:50:12\";}"]},"categories":[19,23],"tags":[22067,134,179,20998,7182,7779,979,3226,19962],"yoast_head":"<!-- This site is optimized with the Yoast SEO Premium plugin v22.7 (Yoast SEO v22.7) - https:\/\/yoast.com\/wordpress\/plugins\/seo\/ -->\n<title>Erstmals nach dem Zweiten Weltkrieg: Deutschland errichtet Milit\u00e4rbasis im Ausland - just-now.NEWS Deutschland<\/title>\n<meta name=\"robots\" content=\"index, follow, max-snippet:-1, max-image-preview:large, max-video-preview:-1\" \/>\n<link rel=\"canonical\" href=\"https:\/\/now-news.de\/de\/deutschland\/erstmals-nach-dem-zweiten-weltkrieg-deutschland-errichtet-militaerbasis-im-ausland\/\" \/>\n<meta property=\"og:locale\" content=\"de_DE\" \/>\n<meta property=\"og:type\" content=\"article\" \/>\n<meta property=\"og:title\" content=\"Erstmals nach dem Zweiten Weltkrieg: Deutschland errichtet Milit\u00e4rbasis im Ausland\" \/>\n<meta property=\"og:description\" content=\"Deutschland hat mit dem Bau einer st\u00e4ndigen Milit\u00e4rbasis in Litauen nahe der wei\u00dfrussischen Grenze begonnen. Dort sollen bis 2027 etwa 4.000 Bundeswehrsoldaten stationiert werden. Das Projekt wird jedoch von Diskussionen \u00fcber K\u00fcrzungen der Ukraine-Hilfe \u00fcberschattet. Deutschland hat in dieser Woche mit dem Bau einer st\u00e4ndigen Milit\u00e4rbasis in Litauen nahe der Grenze zu Wei\u00dfrussland begonnen. Dies [&hellip;]\" \/>\n<meta property=\"og:url\" content=\"https:\/\/now-news.de\/de\/deutschland\/erstmals-nach-dem-zweiten-weltkrieg-deutschland-errichtet-militaerbasis-im-ausland\/\" \/>\n<meta property=\"og:site_name\" content=\"just-now.NEWS Deutschland\" \/>\n<meta property=\"article:publisher\" content=\"https:\/\/www.facebook.com\/wirmachenauf\" \/>\n<meta property=\"article:published_time\" content=\"2024-08-24T04:30:22+00:00\" \/>\n<meta property=\"og:image\" content=\"https:\/\/now-news.de\/de\/wp-content\/uploads\/sites\/3\/2024\/08\/66c850fd48fbef4e83529da8.jpg\" \/>\n<meta name=\"author\" content=\"rtnews\" \/>\n<meta name=\"twitter:card\" content=\"summary_large_image\" \/>\n<meta name=\"twitter:creator\" content=\"@WirMachenAuf_de\" \/>\n<meta name=\"twitter:site\" content=\"@WirMachenAuf_de\" \/>\n<meta name=\"twitter:label1\" content=\"Verfasst von\" \/>\n\t<meta name=\"twitter:data1\" content=\"rtnews\" \/>\n\t<meta name=\"twitter:label2\" content=\"Gesch\u00e4tzte Lesezeit\" \/>\n\t<meta name=\"twitter:data2\" content=\"3\u00a0Minuten\" \/>\n<script type=\"application\/ld+json\" class=\"yoast-schema-graph\">{\"@context\":\"https:\/\/schema.org\",\"@graph\":[{\"@type\":\"Article\",\"@id\":\"https:\/\/now-news.de\/de\/deutschland\/erstmals-nach-dem-zweiten-weltkrieg-deutschland-errichtet-militaerbasis-im-ausland\/#article\",\"isPartOf\":{\"@id\":\"https:\/\/now-news.de\/de\/deutschland\/erstmals-nach-dem-zweiten-weltkrieg-deutschland-errichtet-militaerbasis-im-ausland\/\"},\"author\":{\"name\":\"rtnews\",\"@id\":\"https:\/\/now-news.de\/de\/#\/schema\/person\/fb534a4e865501d8b3285208df34a9b5\"},\"headline\":\"Erstmals nach dem Zweiten Weltkrieg: Deutschland errichtet Milit\u00e4rbasis im Ausland\",\"datePublished\":\"2024-08-24T04:30:22+00:00\",\"dateModified\":\"2024-08-24T04:30:22+00:00\",\"mainEntityOfPage\":{\"@id\":\"https:\/\/now-news.de\/de\/deutschland\/erstmals-nach-dem-zweiten-weltkrieg-deutschland-errichtet-militaerbasis-im-ausland\/\"},\"wordCount\":644,\"commentCount\":0,\"publisher\":{\"@id\":\"https:\/\/now-news.de\/de\/#organization\"},\"image\":{\"@id\":\"https:\/\/now-news.de\/de\/deutschland\/erstmals-nach-dem-zweiten-weltkrieg-deutschland-errichtet-militaerbasis-im-ausland\/#primaryimage\"},\"thumbnailUrl\":\"https:\/\/now-news.de\/de\/wp-content\/uploads\/sites\/3\/2024\/08\/Erstmals-nach-dem-Zweiten-Weltkrieg-Deutschland-errichtet-Militaerbasis-im-Ausland.jpg\",\"keywords\":[\"Ausland\",\"DEM\",\"Deutschland\",\"errichtet\",\"Erstmals\",\"Milit\u00e4rbasis\",\"nach\",\"Weltkrieg\",\"Zweiten\"],\"articleSection\":[\"Deutschland\",\"Russland\"],\"inLanguage\":\"de\",\"potentialAction\":[{\"@type\":\"CommentAction\",\"name\":\"Comment\",\"target\":[\"https:\/\/now-news.de\/de\/deutschland\/erstmals-nach-dem-zweiten-weltkrieg-deutschland-errichtet-militaerbasis-im-ausland\/#respond\"]}]},{\"@type\":\"WebPage\",\"@id\":\"https:\/\/now-news.de\/de\/deutschland\/erstmals-nach-dem-zweiten-weltkrieg-deutschland-errichtet-militaerbasis-im-ausland\/\",\"url\":\"https:\/\/now-news.de\/de\/deutschland\/erstmals-nach-dem-zweiten-weltkrieg-deutschland-errichtet-militaerbasis-im-ausland\/\",\"name\":\"Erstmals nach dem Zweiten Weltkrieg: Deutschland errichtet Milit\u00e4rbasis im Ausland - just-now.NEWS Deutschland\",\"isPartOf\":{\"@id\":\"https:\/\/now-news.de\/de\/#website\"},\"primaryImageOfPage\":{\"@id\":\"https:\/\/now-news.de\/de\/deutschland\/erstmals-nach-dem-zweiten-weltkrieg-deutschland-errichtet-militaerbasis-im-ausland\/#primaryimage\"},\"image\":{\"@id\":\"https:\/\/now-news.de\/de\/deutschland\/erstmals-nach-dem-zweiten-weltkrieg-deutschland-errichtet-militaerbasis-im-ausland\/#primaryimage\"},\"thumbnailUrl\":\"https:\/\/now-news.de\/de\/wp-content\/uploads\/sites\/3\/2024\/08\/Erstmals-nach-dem-Zweiten-Weltkrieg-Deutschland-errichtet-Militaerbasis-im-Ausland.jpg\",\"datePublished\":\"2024-08-24T04:30:22+00:00\",\"dateModified\":\"2024-08-24T04:30:22+00:00\",\"breadcrumb\":{\"@id\":\"https:\/\/now-news.de\/de\/deutschland\/erstmals-nach-dem-zweiten-weltkrieg-deutschland-errichtet-militaerbasis-im-ausland\/#breadcrumb\"},\"inLanguage\":\"de\",\"potentialAction\":[{\"@type\":\"ReadAction\",\"target\":[\"https:\/\/now-news.de\/de\/deutschland\/erstmals-nach-dem-zweiten-weltkrieg-deutschland-errichtet-militaerbasis-im-ausland\/\"]}]},{\"@type\":\"ImageObject\",\"inLanguage\":\"de\",\"@id\":\"https:\/\/now-news.de\/de\/deutschland\/erstmals-nach-dem-zweiten-weltkrieg-deutschland-errichtet-militaerbasis-im-ausland\/#primaryimage\",\"url\":\"https:\/\/now-news.de\/de\/wp-content\/uploads\/sites\/3\/2024\/08\/Erstmals-nach-dem-Zweiten-Weltkrieg-Deutschland-errichtet-Militaerbasis-im-Ausland.jpg\",\"contentUrl\":\"https:\/\/now-news.de\/de\/wp-content\/uploads\/sites\/3\/2024\/08\/Erstmals-nach-dem-Zweiten-Weltkrieg-Deutschland-errichtet-Militaerbasis-im-Ausland.jpg\",\"width\":460,\"height\":259,\"caption\":\"Erstmals nach dem Zweiten Weltkrieg: Deutschland errichtet Milit\u00e4rbasis im Ausland\"},{\"@type\":\"BreadcrumbList\",\"@id\":\"https:\/\/now-news.de\/de\/deutschland\/erstmals-nach-dem-zweiten-weltkrieg-deutschland-errichtet-militaerbasis-im-ausland\/#breadcrumb\",\"itemListElement\":[{\"@type\":\"ListItem\",\"position\":1,\"name\":\"Home\",\"item\":\"https:\/\/now-news.de\/de\/\"},{\"@type\":\"ListItem\",\"position\":2,\"name\":\"Erstmals nach dem Zweiten Weltkrieg: Deutschland errichtet Milit\u00e4rbasis im Ausland\"}]},{\"@type\":\"WebSite\",\"@id\":\"https:\/\/now-news.de\/de\/#website\",\"url\":\"https:\/\/now-news.de\/de\/\",\"name\":\"just-now.NEWS Deutschland\",\"description\":\"Das Portal f\u00fcr unzensierte Nachrichten aus der Welt\",\"publisher\":{\"@id\":\"https:\/\/now-news.de\/de\/#organization\"},\"potentialAction\":[{\"@type\":\"SearchAction\",\"target\":{\"@type\":\"EntryPoint\",\"urlTemplate\":\"https:\/\/now-news.de\/de\/?s={search_term_string}\"},\"query-input\":\"required name=search_term_string\"}],\"inLanguage\":\"de\"},{\"@type\":\"Organization\",\"@id\":\"https:\/\/now-news.de\/de\/#organization\",\"name\":\"Just Now News\",\"url\":\"https:\/\/now-news.de\/de\/\",\"logo\":{\"@type\":\"ImageObject\",\"inLanguage\":\"de\",\"@id\":\"https:\/\/now-news.de\/de\/#\/schema\/logo\/image\/\",\"url\":\"http:\/\/just-now.news\/de\/wp-content\/uploads\/sites\/3\/2022\/04\/logo500x500.jpg\",\"contentUrl\":\"http:\/\/just-now.news\/de\/wp-content\/uploads\/sites\/3\/2022\/04\/logo500x500.jpg\",\"width\":500,\"height\":500,\"caption\":\"Just Now News\"},\"image\":{\"@id\":\"https:\/\/now-news.de\/de\/#\/schema\/logo\/image\/\"},\"sameAs\":[\"https:\/\/www.facebook.com\/wirmachenauf\",\"https:\/\/x.com\/WirMachenAuf_de\"]},{\"@type\":\"Person\",\"@id\":\"https:\/\/now-news.de\/de\/#\/schema\/person\/fb534a4e865501d8b3285208df34a9b5\",\"name\":\"rtnews\",\"image\":{\"@type\":\"ImageObject\",\"inLanguage\":\"de\",\"@id\":\"https:\/\/now-news.de\/de\/#\/schema\/person\/image\/\",\"url\":\"https:\/\/secure.gravatar.com\/avatar\/82aafea7d8127119dd649515f56e2117?s=96&d=mm&r=g\",\"contentUrl\":\"https:\/\/secure.gravatar.com\/avatar\/82aafea7d8127119dd649515f56e2117?s=96&d=mm&r=g\",\"caption\":\"rtnews\"},\"url\":\"https:\/\/now-news.de\/de\/author\/rnews\/\"}]}<\/script>\n<!-- \/ Yoast SEO Premium plugin. -->","yoast_head_json":{"title":"Erstmals nach dem Zweiten Weltkrieg: Deutschland errichtet Milit\u00e4rbasis im Ausland - just-now.NEWS Deutschland","robots":{"index":"index","follow":"follow","max-snippet":"max-snippet:-1","max-image-preview":"max-image-preview:large","max-video-preview":"max-video-preview:-1"},"canonical":"https:\/\/now-news.de\/de\/deutschland\/erstmals-nach-dem-zweiten-weltkrieg-deutschland-errichtet-militaerbasis-im-ausland\/","og_locale":"de_DE","og_type":"article","og_title":"Erstmals nach dem Zweiten Weltkrieg: Deutschland errichtet Milit\u00e4rbasis im Ausland","og_description":"Deutschland hat mit dem Bau einer st\u00e4ndigen Milit\u00e4rbasis in Litauen nahe der wei\u00dfrussischen Grenze begonnen. Dort sollen bis 2027 etwa 4.000 Bundeswehrsoldaten stationiert werden. Das Projekt wird jedoch von Diskussionen \u00fcber K\u00fcrzungen der Ukraine-Hilfe \u00fcberschattet. Deutschland hat in dieser Woche mit dem Bau einer st\u00e4ndigen Milit\u00e4rbasis in Litauen nahe der Grenze zu Wei\u00dfrussland begonnen. Dies [&hellip;]","og_url":"https:\/\/now-news.de\/de\/deutschland\/erstmals-nach-dem-zweiten-weltkrieg-deutschland-errichtet-militaerbasis-im-ausland\/","og_site_name":"just-now.NEWS Deutschland","article_publisher":"https:\/\/www.facebook.com\/wirmachenauf","article_published_time":"2024-08-24T04:30:22+00:00","og_image":[{"url":"https:\/\/now-news.de\/de\/wp-content\/uploads\/sites\/3\/2024\/08\/66c850fd48fbef4e83529da8.jpg"}],"author":"rtnews","twitter_card":"summary_large_image","twitter_creator":"@WirMachenAuf_de","twitter_site":"@WirMachenAuf_de","twitter_misc":{"Verfasst von":"rtnews","Gesch\u00e4tzte Lesezeit":"3\u00a0Minuten"},"schema":{"@context":"https:\/\/schema.org","@graph":[{"@type":"Article","@id":"https:\/\/now-news.de\/de\/deutschland\/erstmals-nach-dem-zweiten-weltkrieg-deutschland-errichtet-militaerbasis-im-ausland\/#article","isPartOf":{"@id":"https:\/\/now-news.de\/de\/deutschland\/erstmals-nach-dem-zweiten-weltkrieg-deutschland-errichtet-militaerbasis-im-ausland\/"},"author":{"name":"rtnews","@id":"https:\/\/now-news.de\/de\/#\/schema\/person\/fb534a4e865501d8b3285208df34a9b5"},"headline":"Erstmals nach dem Zweiten Weltkrieg: Deutschland errichtet Milit\u00e4rbasis im Ausland","datePublished":"2024-08-24T04:30:22+00:00","dateModified":"2024-08-24T04:30:22+00:00","mainEntityOfPage":{"@id":"https:\/\/now-news.de\/de\/deutschland\/erstmals-nach-dem-zweiten-weltkrieg-deutschland-errichtet-militaerbasis-im-ausland\/"},"wordCount":644,"commentCount":0,"publisher":{"@id":"https:\/\/now-news.de\/de\/#organization"},"image":{"@id":"https:\/\/now-news.de\/de\/deutschland\/erstmals-nach-dem-zweiten-weltkrieg-deutschland-errichtet-militaerbasis-im-ausland\/#primaryimage"},"thumbnailUrl":"https:\/\/now-news.de\/de\/wp-content\/uploads\/sites\/3\/2024\/08\/Erstmals-nach-dem-Zweiten-Weltkrieg-Deutschland-errichtet-Militaerbasis-im-Ausland.jpg","keywords":["Ausland","DEM","Deutschland","errichtet","Erstmals","Milit\u00e4rbasis","nach","Weltkrieg","Zweiten"],"articleSection":["Deutschland","Russland"],"inLanguage":"de","potentialAction":[{"@type":"CommentAction","name":"Comment","target":["https:\/\/now-news.de\/de\/deutschland\/erstmals-nach-dem-zweiten-weltkrieg-deutschland-errichtet-militaerbasis-im-ausland\/#respond"]}]},{"@type":"WebPage","@id":"https:\/\/now-news.de\/de\/deutschland\/erstmals-nach-dem-zweiten-weltkrieg-deutschland-errichtet-militaerbasis-im-ausland\/","url":"https:\/\/now-news.de\/de\/deutschland\/erstmals-nach-dem-zweiten-weltkrieg-deutschland-errichtet-militaerbasis-im-ausland\/","name":"Erstmals nach dem Zweiten Weltkrieg: Deutschland errichtet Milit\u00e4rbasis im Ausland - just-now.NEWS Deutschland","isPartOf":{"@id":"https:\/\/now-news.de\/de\/#website"},"primaryImageOfPage":{"@id":"https:\/\/now-news.de\/de\/deutschland\/erstmals-nach-dem-zweiten-weltkrieg-deutschland-errichtet-militaerbasis-im-ausland\/#primaryimage"},"image":{"@id":"https:\/\/now-news.de\/de\/deutschland\/erstmals-nach-dem-zweiten-weltkrieg-deutschland-errichtet-militaerbasis-im-ausland\/#primaryimage"},"thumbnailUrl":"https:\/\/now-news.de\/de\/wp-content\/uploads\/sites\/3\/2024\/08\/Erstmals-nach-dem-Zweiten-Weltkrieg-Deutschland-errichtet-Militaerbasis-im-Ausland.jpg","datePublished":"2024-08-24T04:30:22+00:00","dateModified":"2024-08-24T04:30:22+00:00","breadcrumb":{"@id":"https:\/\/now-news.de\/de\/deutschland\/erstmals-nach-dem-zweiten-weltkrieg-deutschland-errichtet-militaerbasis-im-ausland\/#breadcrumb"},"inLanguage":"de","potentialAction":[{"@type":"ReadAction","target":["https:\/\/now-news.de\/de\/deutschland\/erstmals-nach-dem-zweiten-weltkrieg-deutschland-errichtet-militaerbasis-im-ausland\/"]}]},{"@type":"ImageObject","inLanguage":"de","@id":"https:\/\/now-news.de\/de\/deutschland\/erstmals-nach-dem-zweiten-weltkrieg-deutschland-errichtet-militaerbasis-im-ausland\/#primaryimage","url":"https:\/\/now-news.de\/de\/wp-content\/uploads\/sites\/3\/2024\/08\/Erstmals-nach-dem-Zweiten-Weltkrieg-Deutschland-errichtet-Militaerbasis-im-Ausland.jpg","contentUrl":"https:\/\/now-news.de\/de\/wp-content\/uploads\/sites\/3\/2024\/08\/Erstmals-nach-dem-Zweiten-Weltkrieg-Deutschland-errichtet-Militaerbasis-im-Ausland.jpg","width":460,"height":259,"caption":"Erstmals nach dem Zweiten Weltkrieg: Deutschland errichtet Milit\u00e4rbasis im Ausland"},{"@type":"BreadcrumbList","@id":"https:\/\/now-news.de\/de\/deutschland\/erstmals-nach-dem-zweiten-weltkrieg-deutschland-errichtet-militaerbasis-im-ausland\/#breadcrumb","itemListElement":[{"@type":"ListItem","position":1,"name":"Home","item":"https:\/\/now-news.de\/de\/"},{"@type":"ListItem","position":2,"name":"Erstmals nach dem Zweiten Weltkrieg: Deutschland errichtet Milit\u00e4rbasis im Ausland"}]},{"@type":"WebSite","@id":"https:\/\/now-news.de\/de\/#website","url":"https:\/\/now-news.de\/de\/","name":"just-now.NEWS Deutschland","description":"Das Portal f\u00fcr unzensierte Nachrichten aus der Welt","publisher":{"@id":"https:\/\/now-news.de\/de\/#organization"},"potentialAction":[{"@type":"SearchAction","target":{"@type":"EntryPoint","urlTemplate":"https:\/\/now-news.de\/de\/?s={search_term_string}"},"query-input":"required name=search_term_string"}],"inLanguage":"de"},{"@type":"Organization","@id":"https:\/\/now-news.de\/de\/#organization","name":"Just Now News","url":"https:\/\/now-news.de\/de\/","logo":{"@type":"ImageObject","inLanguage":"de","@id":"https:\/\/now-news.de\/de\/#\/schema\/logo\/image\/","url":"http:\/\/just-now.news\/de\/wp-content\/uploads\/sites\/3\/2022\/04\/logo500x500.jpg","contentUrl":"http:\/\/just-now.news\/de\/wp-content\/uploads\/sites\/3\/2022\/04\/logo500x500.jpg","width":500,"height":500,"caption":"Just Now News"},"image":{"@id":"https:\/\/now-news.de\/de\/#\/schema\/logo\/image\/"},"sameAs":["https:\/\/www.facebook.com\/wirmachenauf","https:\/\/x.com\/WirMachenAuf_de"]},{"@type":"Person","@id":"https:\/\/now-news.de\/de\/#\/schema\/person\/fb534a4e865501d8b3285208df34a9b5","name":"rtnews","image":{"@type":"ImageObject","inLanguage":"de","@id":"https:\/\/now-news.de\/de\/#\/schema\/person\/image\/","url":"https:\/\/secure.gravatar.com\/avatar\/82aafea7d8127119dd649515f56e2117?s=96&d=mm&r=g","contentUrl":"https:\/\/secure.gravatar.com\/avatar\/82aafea7d8127119dd649515f56e2117?s=96&d=mm&r=g","caption":"rtnews"},"url":"https:\/\/now-news.de\/de\/author\/rnews\/"}]}},"_links":{"self":[{"href":"https:\/\/now-news.de\/de\/wp-json\/wp\/v2\/posts\/67375"}],"collection":[{"href":"https:\/\/now-news.de\/de\/wp-json\/wp\/v2\/posts"}],"about":[{"href":"https:\/\/now-news.de\/de\/wp-json\/wp\/v2\/types\/post"}],"author":[{"embeddable":true,"href":"https:\/\/now-news.de\/de\/wp-json\/wp\/v2\/users\/3"}],"replies":[{"embeddable":true,"href":"https:\/\/now-news.de\/de\/wp-json\/wp\/v2\/comments?post=67375"}],"version-history":[{"count":0,"href":"https:\/\/now-news.de\/de\/wp-json\/wp\/v2\/posts\/67375\/revisions"}],"wp:featuredmedia":[{"embeddable":true,"href":"https:\/\/now-news.de\/de\/wp-json\/wp\/v2\/media\/67376"}],"wp:attachment":[{"href":"https:\/\/now-news.de\/de\/wp-json\/wp\/v2\/media?parent=67375"}],"wp:term":[{"taxonomy":"category","embeddable":true,"href":"https:\/\/now-news.de\/de\/wp-json\/wp\/v2\/categories?post=67375"},{"taxonomy":"post_tag","embeddable":true,"href":"https:\/\/now-news.de\/de\/wp-json\/wp\/v2\/tags?post=67375"}],"curies":[{"name":"wp","href":"https:\/\/api.w.org\/{rel}","templated":true}]}}