{"id":67341,"date":"2024-08-23T14:11:00","date_gmt":"2024-08-23T12:11:00","guid":{"rendered":"https:\/\/now-news.de\/de\/deutschland\/fuellmichs-strafverteidigerin-bittet-um-unterstuetzung-%e2%80%92-gericht-will-verurteilung\/"},"modified":"2024-08-23T14:11:00","modified_gmt":"2024-08-23T12:11:00","slug":"fuellmichs-strafverteidigerin-bittet-um-unterstuetzung-%e2%80%92-gericht-will-verurteilung","status":"publish","type":"post","link":"https:\/\/now-news.de\/de\/deutschland\/fuellmichs-strafverteidigerin-bittet-um-unterstuetzung-%e2%80%92-gericht-will-verurteilung\/","title":{"rendered":"Fuellmichs Strafverteidigerin bittet um Unterst\u00fctzung \u202c\u2012 Gericht will Verurteilung"},"content":{"rendered":"<p><img decoding=\"async\" src=\"https:\/\/now-news.de\/de\/wp-content\/uploads\/sites\/3\/2024\/08\/66c86d5c48fbef511205b389.jpg\" \/><\/p>\n<div class=\"Text-root Text-type_1 \">\n                Die Strafverteidigerin des Corona-Ausschuss-Mitbegr\u00fcnders Reiner Fuellmich bef\u00fcrchtet dessen Verurteilung zu einer &#8220;empfindlichen Haftstrafe&#8221;. Sie ruft die \u00d6ffentlichkeit zur Unterst\u00fctzung auf. Ihr Mandant sitze in Isolationshaft, weil er in der JVA Mitgefangene rechtlich beraten habe.\n            <\/div>\n<p><\/p>\n<div class=\"Text-root Text-type_5 ArticleView-text ViewText-root \">\n<p>Der Mitbegr\u00fcnder des regierungskritischen &#8220;<a rel=\"nofollow noopener\" target=\"_blank\" href=\"https:\/\/corona-ausschuss.de\/\">Corona-Ausschusses<\/a>&#8220;, Rechtsanwalt Dr. Reiner Fuellmich, befindet sich seit zehn Monaten in Untersuchungshaft. Seine Strafverteidigerin, Rechtsanw\u00e4ltin Katja W\u00f6rmer, ist \u00fcberzeugt, dass ihr Mandant aus politischen Gr\u00fcnden inhaftiert wurde, <a rel=\"nofollow noopener\" target=\"_blank\" href=\"https:\/\/transition-news.org\/anwaltin-wormer-fuellmich-wird-an-handen-und-fussen-gefesselt-und-von-mit-mgs\">berichtete das Nachrichtenmagazin<\/a>\u00a0<em>Transition News<\/em> am Donnerstag. Dem Bericht zufolge sei der Bremer Rechtsanwalt Fuellmich seit dem Zeitpunkt seiner Inhaftierung weder vom Gericht angeh\u00f6rt worden, noch seien Beweisantr\u00e4ge der Verteidigung zugelassen worden. Es finde ein reiner Schauprozess statt, der nur auf Verurteilung ausgerichtet sei, so die Verteidigerin.<\/p>\n<p>Reiner Fuellmich wurde im Oktober 2023 wegen <a rel=\"nofollow noopener\" target=\"_blank\" href=\"https:\/\/dert.online\/inland\/183885-rechtsanwalt-und-corona-massnahmenkritiker-rainer\/\">mutma\u00dflicher Veruntreuung<\/a>\u00a0festgenommen. Noch im Februar dieses Jahres habe er sich sehr optimistisch gezeigt und daran geglaubt, dass die f\u00fcr ihn sprechenden Zeugen vor Gericht seine Unschuld belegen w\u00fcrden. <em>Transition News<\/em> zitierte den Angeklagten mit einer Interview-Aussage vom zweiten Verhandlungstag: &#8220;Die Beweisaufnahme geht weiter oder beginnt jetzt erst. Und ich bin absolut sicher, dass die Zeugen, die hier geh\u00f6rt werden, unsere Version der Geschichte best\u00e4tigen.&#8221;<\/p>\n<p>Damals bezichtigte der Bremer Anwalt seinen ehemaligen Corona-Ausschuss-Mitstreiter Dr. Justus Hoffmann als &#8220;Drahtzieher&#8221; seiner Verhaftung. Rechtsanwalt Hoffmann habe gelogen mit seiner Geschichte, wonach Fuellmich dem Ausschuss Millionen beziehungsweise 85 Prozent des gesamten Spendengeldes entzogen habe, &#8220;um sich ein feines Leben zu machen&#8221;. Tats\u00e4chlich h\u00e4tten Fuellmich und die Rechtsanw\u00e4ltin Viviane Fischer, mit der er den Corona-Ausschuss gemeinsam gegr\u00fcndet hatte, die Spendengelder f\u00fcr die Arbeit des Corona-Ausschusses nur f\u00fcr den Zweck\u00a0aus dem Spendenkonto entnommen, einer eventuellen Pf\u00e4ndung des Kontos zuvorzukommen. Das k\u00f6nne man entsprechend auch so belegen, so Fuellmichs Auffassung.<\/p>\n<p>Doch entgegen seinem fr\u00fcheren Optimismus, wonach sich die Vorw\u00fcrfe schnell aufkl\u00e4ren lie\u00dfen, sitzt der Mitbegr\u00fcnder des Corona-Ausschusses ein halbes Jahr sp\u00e4ter immer noch in Haft. Im August wendete sich seine Anw\u00e4ltin laut <em>Transition News<\/em> &#8220;mit einer Art Hilferuf&#8221; an die \u00d6ffentlichkeit. Katja W\u00f6rmer sprach dazu schon Anfang August auf dem <a rel=\"nofollow noopener\" target=\"_blank\" href=\"https:\/\/gerdaus-welt.de\/sind-leitmedien-noch-unabhaengig\/\">Pressesymposium<\/a> zum Thema &#8220;Politisch motivierte Verfolgung von Aufkl\u00e4rern und Hinweisgebern&#8221;, die das Netzwerk &#8220;<a rel=\"nofollow noopener\" target=\"_blank\" href=\"https:\/\/axionresist.com\/\">Axion Resist<\/a>&#8221; in Wetzlar organisiert hatte. Im Rahmen der Konferenz <a rel=\"nofollow noopener\" target=\"_blank\" href=\"https:\/\/www.youtube.com\/watch?v=_zSY1He26Qk\">appellierte sie<\/a> im Auftrag von Reiner Fuellmich an die \u00d6ffentlichkeit :<\/p>\n<blockquote>\n<p><em>&#8220;Dieser Fall braucht dringend internationale Aufmerksamkeit. Der inhaftierte Rechtsanwalt Dr. Reiner Fuellmich bittet um internationale Unterst\u00fctzung. Es gibt keinen Grund, ihn weiter in Haft zu halten.&#8221;<\/em><\/p>\n<\/blockquote>\n<p>Mittlerweile gehe das Anwaltsteam davon aus, so W\u00f6rmer, dass das Gericht &#8220;hier auf jeden Fall verurteilen will&#8221;. Ihrem Mandanten drohe eine &#8220;empfindliche Haftstrafe&#8221;. Zu den Haftbedingungen teilte Fuellmichs Verteidigerin mit, dass sich Fuellmich zum Zeitpunkt der Pressekonferenz am 2. August schon seit mehreren Wochen in Isolationshaft auf einer sogenannten Auffangstation der Justizvollzugsanstalt Rosdorf befinde. Jeglicher Kontakt zu Mith\u00e4ftlingen sei ihm untersagt.<\/p>\n<p><strong>Isolation wegen Rechtsberatung seiner Mith\u00e4ftlinge<\/strong><\/p>\n<p>Laut offizieller Version habe man es seitens der JVA nicht gern gesehen, dass Fuellmich im Gef\u00e4ngnis Rechtsberatungen f\u00fcr Mith\u00e4ftlinge durchgef\u00fchrt haben soll. Dies habe man als potenzielle Aufwiegelung der Gefangenen gewertet. Katja W\u00f6rmer verteidigte Fuellmichs Verhalten im Gef\u00e4ngnis als nat\u00fcrliches Verhalten eines Rechtsanwalts und erkl\u00e4rte:<\/p>\n<blockquote>\n<p><em>&#8220;Klar ist, als Anwalt ist man immer aktiv und ber\u00e4t nat\u00fcrlich auch irgendwie die anderen H\u00e4ftlinge.&#8221;<\/em><\/p>\n<\/blockquote>\n<p>Als Folge dessen d\u00fcrfe der Bremer Anwalt seine Hofg\u00e4nge jetzt nur noch allein machen (Stand 2. August) und auch nur telefonieren, wenn kein anderer H\u00e4ftling auf dem Flur sei. Tagelang sei ihm gar kein Hofgang mehr erlaubt gewesen. Zu den Hauptverhandlungsterminen w\u00fcrde ihr Mandant in Begleitung von bewaffneten Polizisten in Hand- und Fu\u00dffesseln transportiert. W\u00f6rmer f\u00fchrte aus, dass die Polizisten ihn offensichtlich mit Maschinenpistolen im Anschlag begleiteten. Dies erwecke bei ihr den Anschein, als h\u00e4tte sie als Mandanten einen Terroristen der RAF und nicht einen deutschen Rechtsanwalt, der noch nie gewaltt\u00e4tig in Erscheinung getreten sei.<\/p>\n<p><strong>Mehr zum Thema<\/strong>\u00a0\u202c\u2012 <a rel=\"nofollow noopener\" target=\"_blank\" href=\"https:\/\/dert.online\/inland\/205986-unrechtsstaat-brd-willkuer-und-folter\/\">Unrechtsstaat BRD: Willk\u00fcr und Folter im Strafvollzug \u2013 Anwalt Reiner Fuellmich in Isolationshaft <\/a><\/p>\n<div class=\"EmbedBlock-root EmbedBlock-externalVideo EmbedBlock-rumble\">\n<div class=\"VkEmbed\"><iframe class=\"lazyload\" data-src=\"https:\/\/rumble.com\/embed\/v3ngi8m\" frameborder=\"0\" width=\"853\" height=\"480\" allowfullscreen><\/iframe><\/div>\n<\/div>\n<\/div>\n<p><br \/>\n<br \/><a href=\"https:\/\/de.rt.com\/inland\/216609-fuellmichs-strafverteidigerin-bittet-um-unterstuetzung\/\">Source link <\/a><\/p>\n","protected":false},"excerpt":{"rendered":"<p>Die Strafverteidigerin des Corona-Ausschuss-Mitbegr\u00fcnders Reiner Fuellmich bef\u00fcrchtet dessen Verurteilung zu einer &#8220;empfindlichen Haftstrafe&#8221;. Sie ruft die \u00d6ffentlichkeit zur Unterst\u00fctzung auf. Ihr Mandant sitze in Isolationshaft, weil er in der JVA Mitgefangene rechtlich beraten habe. Der Mitbegr\u00fcnder des regierungskritischen &#8220;Corona-Ausschusses&#8220;, Rechtsanwalt Dr. Reiner Fuellmich, befindet sich seit zehn Monaten in Untersuchungshaft. Seine Strafverteidigerin, Rechtsanw\u00e4ltin Katja W\u00f6rmer, [&hellip;]<\/p>\n","protected":false},"author":3,"featured_media":67342,"comment_status":"open","ping_status":"open","sticky":false,"template":"","format":"standard","meta":{"_yoast_indexnow_last_ping":["1724416000"],"wp_automatic_camp":["217"],"e5876047deceb39f741e8bc75345b1f7":["Fuellmichs Strafverteidigerin bittet um Unterst\u00fctzung \u202c\u2012 Gericht will Verurteilung"],"original_link":["https:\/\/de.rt.com\/inland\/216609-fuellmichs-strafverteidigerin-bittet-um-unterstuetzung\/"],"_thumbnail_id":["67342"],"jnews_social_counter_last_update":["1777702568"],"_wptgpro_p2tg_sent2tg":["a:1:{i:23737;s:19:\"2024-08-23 14:27:43\";}"]},"categories":[19,23],"tags":[675,57828,3348,57829,962,13970],"yoast_head":"<!-- This site is optimized with the Yoast SEO Premium plugin v22.7 (Yoast SEO v22.7) - https:\/\/yoast.com\/wordpress\/plugins\/seo\/ -->\n<title>Fuellmichs Strafverteidigerin bittet um Unterst\u00fctzung \u202c\u2012 Gericht will Verurteilung - just-now.NEWS Deutschland<\/title>\n<meta name=\"robots\" content=\"index, follow, max-snippet:-1, max-image-preview:large, max-video-preview:-1\" \/>\n<link rel=\"canonical\" href=\"https:\/\/now-news.de\/de\/deutschland\/fuellmichs-strafverteidigerin-bittet-um-unterstuetzung-\u2012-gericht-will-verurteilung\/\" \/>\n<meta property=\"og:locale\" content=\"de_DE\" \/>\n<meta property=\"og:type\" content=\"article\" \/>\n<meta property=\"og:title\" content=\"Fuellmichs Strafverteidigerin bittet um Unterst\u00fctzung \u202c\u2012 Gericht will Verurteilung\" \/>\n<meta property=\"og:description\" content=\"Die Strafverteidigerin des Corona-Ausschuss-Mitbegr\u00fcnders Reiner Fuellmich bef\u00fcrchtet dessen Verurteilung zu einer &#8220;empfindlichen Haftstrafe&#8221;. Sie ruft die \u00d6ffentlichkeit zur Unterst\u00fctzung auf. Ihr Mandant sitze in Isolationshaft, weil er in der JVA Mitgefangene rechtlich beraten habe. Der Mitbegr\u00fcnder des regierungskritischen &#8220;Corona-Ausschusses&#8220;, Rechtsanwalt Dr. Reiner Fuellmich, befindet sich seit zehn Monaten in Untersuchungshaft. Seine Strafverteidigerin, Rechtsanw\u00e4ltin Katja W\u00f6rmer, [&hellip;]\" \/>\n<meta property=\"og:url\" content=\"https:\/\/now-news.de\/de\/deutschland\/fuellmichs-strafverteidigerin-bittet-um-unterstuetzung-\u2012-gericht-will-verurteilung\/\" \/>\n<meta property=\"og:site_name\" content=\"just-now.NEWS Deutschland\" \/>\n<meta property=\"article:publisher\" content=\"https:\/\/www.facebook.com\/wirmachenauf\" \/>\n<meta property=\"article:published_time\" content=\"2024-08-23T12:11:00+00:00\" \/>\n<meta property=\"og:image\" content=\"https:\/\/now-news.de\/de\/wp-content\/uploads\/sites\/3\/2024\/08\/66c86d5c48fbef511205b389.jpg\" \/>\n<meta name=\"author\" content=\"rtnews\" \/>\n<meta name=\"twitter:card\" content=\"summary_large_image\" \/>\n<meta name=\"twitter:creator\" content=\"@WirMachenAuf_de\" \/>\n<meta name=\"twitter:site\" content=\"@WirMachenAuf_de\" \/>\n<meta name=\"twitter:label1\" content=\"Verfasst von\" \/>\n\t<meta name=\"twitter:data1\" content=\"rtnews\" \/>\n\t<meta name=\"twitter:label2\" content=\"Gesch\u00e4tzte Lesezeit\" \/>\n\t<meta name=\"twitter:data2\" content=\"3\u00a0Minuten\" \/>\n<script type=\"application\/ld+json\" class=\"yoast-schema-graph\">{\"@context\":\"https:\/\/schema.org\",\"@graph\":[{\"@type\":\"Article\",\"@id\":\"https:\/\/now-news.de\/de\/deutschland\/fuellmichs-strafverteidigerin-bittet-um-unterstuetzung-%e2%80%92-gericht-will-verurteilung\/#article\",\"isPartOf\":{\"@id\":\"https:\/\/now-news.de\/de\/deutschland\/fuellmichs-strafverteidigerin-bittet-um-unterstuetzung-%e2%80%92-gericht-will-verurteilung\/\"},\"author\":{\"name\":\"rtnews\",\"@id\":\"https:\/\/now-news.de\/de\/#\/schema\/person\/fb534a4e865501d8b3285208df34a9b5\"},\"headline\":\"Fuellmichs Strafverteidigerin bittet um Unterst\u00fctzung \u202c\u2012 Gericht will Verurteilung\",\"datePublished\":\"2024-08-23T12:11:00+00:00\",\"dateModified\":\"2024-08-23T12:11:00+00:00\",\"mainEntityOfPage\":{\"@id\":\"https:\/\/now-news.de\/de\/deutschland\/fuellmichs-strafverteidigerin-bittet-um-unterstuetzung-%e2%80%92-gericht-will-verurteilung\/\"},\"wordCount\":683,\"commentCount\":0,\"publisher\":{\"@id\":\"https:\/\/now-news.de\/de\/#organization\"},\"image\":{\"@id\":\"https:\/\/now-news.de\/de\/deutschland\/fuellmichs-strafverteidigerin-bittet-um-unterstuetzung-%e2%80%92-gericht-will-verurteilung\/#primaryimage\"},\"thumbnailUrl\":\"https:\/\/now-news.de\/de\/wp-content\/uploads\/sites\/3\/2024\/08\/Fuellmichs-Strafverteidigerin-bittet-um-Unterstuetzung-\u202c\u2012-Gericht-will-Verurteilung.jpg\",\"keywords\":[\"bittet\",\"Fuellmichs\",\"Gericht\",\"Strafverteidigerin\",\"Unterst\u00fctzung\",\"Verurteilung\"],\"articleSection\":[\"Deutschland\",\"Russland\"],\"inLanguage\":\"de\",\"potentialAction\":[{\"@type\":\"CommentAction\",\"name\":\"Comment\",\"target\":[\"https:\/\/now-news.de\/de\/deutschland\/fuellmichs-strafverteidigerin-bittet-um-unterstuetzung-%e2%80%92-gericht-will-verurteilung\/#respond\"]}]},{\"@type\":\"WebPage\",\"@id\":\"https:\/\/now-news.de\/de\/deutschland\/fuellmichs-strafverteidigerin-bittet-um-unterstuetzung-%e2%80%92-gericht-will-verurteilung\/\",\"url\":\"https:\/\/now-news.de\/de\/deutschland\/fuellmichs-strafverteidigerin-bittet-um-unterstuetzung-%e2%80%92-gericht-will-verurteilung\/\",\"name\":\"Fuellmichs Strafverteidigerin bittet um Unterst\u00fctzung \u202c\u2012 Gericht will Verurteilung - just-now.NEWS Deutschland\",\"isPartOf\":{\"@id\":\"https:\/\/now-news.de\/de\/#website\"},\"primaryImageOfPage\":{\"@id\":\"https:\/\/now-news.de\/de\/deutschland\/fuellmichs-strafverteidigerin-bittet-um-unterstuetzung-%e2%80%92-gericht-will-verurteilung\/#primaryimage\"},\"image\":{\"@id\":\"https:\/\/now-news.de\/de\/deutschland\/fuellmichs-strafverteidigerin-bittet-um-unterstuetzung-%e2%80%92-gericht-will-verurteilung\/#primaryimage\"},\"thumbnailUrl\":\"https:\/\/now-news.de\/de\/wp-content\/uploads\/sites\/3\/2024\/08\/Fuellmichs-Strafverteidigerin-bittet-um-Unterstuetzung-\u202c\u2012-Gericht-will-Verurteilung.jpg\",\"datePublished\":\"2024-08-23T12:11:00+00:00\",\"dateModified\":\"2024-08-23T12:11:00+00:00\",\"breadcrumb\":{\"@id\":\"https:\/\/now-news.de\/de\/deutschland\/fuellmichs-strafverteidigerin-bittet-um-unterstuetzung-%e2%80%92-gericht-will-verurteilung\/#breadcrumb\"},\"inLanguage\":\"de\",\"potentialAction\":[{\"@type\":\"ReadAction\",\"target\":[\"https:\/\/now-news.de\/de\/deutschland\/fuellmichs-strafverteidigerin-bittet-um-unterstuetzung-%e2%80%92-gericht-will-verurteilung\/\"]}]},{\"@type\":\"ImageObject\",\"inLanguage\":\"de\",\"@id\":\"https:\/\/now-news.de\/de\/deutschland\/fuellmichs-strafverteidigerin-bittet-um-unterstuetzung-%e2%80%92-gericht-will-verurteilung\/#primaryimage\",\"url\":\"https:\/\/now-news.de\/de\/wp-content\/uploads\/sites\/3\/2024\/08\/Fuellmichs-Strafverteidigerin-bittet-um-Unterstuetzung-\u202c\u2012-Gericht-will-Verurteilung.jpg\",\"contentUrl\":\"https:\/\/now-news.de\/de\/wp-content\/uploads\/sites\/3\/2024\/08\/Fuellmichs-Strafverteidigerin-bittet-um-Unterstuetzung-\u202c\u2012-Gericht-will-Verurteilung.jpg\",\"width\":460,\"height\":259,\"caption\":\"Fuellmichs Strafverteidigerin bittet um Unterst\u00fctzung \u202c\u2012 Gericht will Verurteilung\"},{\"@type\":\"BreadcrumbList\",\"@id\":\"https:\/\/now-news.de\/de\/deutschland\/fuellmichs-strafverteidigerin-bittet-um-unterstuetzung-%e2%80%92-gericht-will-verurteilung\/#breadcrumb\",\"itemListElement\":[{\"@type\":\"ListItem\",\"position\":1,\"name\":\"Home\",\"item\":\"https:\/\/now-news.de\/de\/\"},{\"@type\":\"ListItem\",\"position\":2,\"name\":\"Fuellmichs Strafverteidigerin bittet um Unterst\u00fctzung \u202c\u2012 Gericht will Verurteilung\"}]},{\"@type\":\"WebSite\",\"@id\":\"https:\/\/now-news.de\/de\/#website\",\"url\":\"https:\/\/now-news.de\/de\/\",\"name\":\"just-now.NEWS Deutschland\",\"description\":\"Das Portal f\u00fcr unzensierte Nachrichten aus der Welt\",\"publisher\":{\"@id\":\"https:\/\/now-news.de\/de\/#organization\"},\"potentialAction\":[{\"@type\":\"SearchAction\",\"target\":{\"@type\":\"EntryPoint\",\"urlTemplate\":\"https:\/\/now-news.de\/de\/?s={search_term_string}\"},\"query-input\":\"required name=search_term_string\"}],\"inLanguage\":\"de\"},{\"@type\":\"Organization\",\"@id\":\"https:\/\/now-news.de\/de\/#organization\",\"name\":\"Just Now News\",\"url\":\"https:\/\/now-news.de\/de\/\",\"logo\":{\"@type\":\"ImageObject\",\"inLanguage\":\"de\",\"@id\":\"https:\/\/now-news.de\/de\/#\/schema\/logo\/image\/\",\"url\":\"http:\/\/just-now.news\/de\/wp-content\/uploads\/sites\/3\/2022\/04\/logo500x500.jpg\",\"contentUrl\":\"http:\/\/just-now.news\/de\/wp-content\/uploads\/sites\/3\/2022\/04\/logo500x500.jpg\",\"width\":500,\"height\":500,\"caption\":\"Just Now News\"},\"image\":{\"@id\":\"https:\/\/now-news.de\/de\/#\/schema\/logo\/image\/\"},\"sameAs\":[\"https:\/\/www.facebook.com\/wirmachenauf\",\"https:\/\/x.com\/WirMachenAuf_de\"]},{\"@type\":\"Person\",\"@id\":\"https:\/\/now-news.de\/de\/#\/schema\/person\/fb534a4e865501d8b3285208df34a9b5\",\"name\":\"rtnews\",\"image\":{\"@type\":\"ImageObject\",\"inLanguage\":\"de\",\"@id\":\"https:\/\/now-news.de\/de\/#\/schema\/person\/image\/\",\"url\":\"https:\/\/secure.gravatar.com\/avatar\/82aafea7d8127119dd649515f56e2117?s=96&d=mm&r=g\",\"contentUrl\":\"https:\/\/secure.gravatar.com\/avatar\/82aafea7d8127119dd649515f56e2117?s=96&d=mm&r=g\",\"caption\":\"rtnews\"},\"url\":\"https:\/\/now-news.de\/de\/author\/rnews\/\"}]}<\/script>\n<!-- \/ Yoast SEO Premium plugin. -->","yoast_head_json":{"title":"Fuellmichs Strafverteidigerin bittet um Unterst\u00fctzung \u202c\u2012 Gericht will Verurteilung - just-now.NEWS Deutschland","robots":{"index":"index","follow":"follow","max-snippet":"max-snippet:-1","max-image-preview":"max-image-preview:large","max-video-preview":"max-video-preview:-1"},"canonical":"https:\/\/now-news.de\/de\/deutschland\/fuellmichs-strafverteidigerin-bittet-um-unterstuetzung-\u2012-gericht-will-verurteilung\/","og_locale":"de_DE","og_type":"article","og_title":"Fuellmichs Strafverteidigerin bittet um Unterst\u00fctzung \u202c\u2012 Gericht will Verurteilung","og_description":"Die Strafverteidigerin des Corona-Ausschuss-Mitbegr\u00fcnders Reiner Fuellmich bef\u00fcrchtet dessen Verurteilung zu einer &#8220;empfindlichen Haftstrafe&#8221;. Sie ruft die \u00d6ffentlichkeit zur Unterst\u00fctzung auf. Ihr Mandant sitze in Isolationshaft, weil er in der JVA Mitgefangene rechtlich beraten habe. Der Mitbegr\u00fcnder des regierungskritischen &#8220;Corona-Ausschusses&#8220;, Rechtsanwalt Dr. Reiner Fuellmich, befindet sich seit zehn Monaten in Untersuchungshaft. Seine Strafverteidigerin, Rechtsanw\u00e4ltin Katja W\u00f6rmer, [&hellip;]","og_url":"https:\/\/now-news.de\/de\/deutschland\/fuellmichs-strafverteidigerin-bittet-um-unterstuetzung-\u2012-gericht-will-verurteilung\/","og_site_name":"just-now.NEWS Deutschland","article_publisher":"https:\/\/www.facebook.com\/wirmachenauf","article_published_time":"2024-08-23T12:11:00+00:00","og_image":[{"url":"https:\/\/now-news.de\/de\/wp-content\/uploads\/sites\/3\/2024\/08\/66c86d5c48fbef511205b389.jpg"}],"author":"rtnews","twitter_card":"summary_large_image","twitter_creator":"@WirMachenAuf_de","twitter_site":"@WirMachenAuf_de","twitter_misc":{"Verfasst von":"rtnews","Gesch\u00e4tzte Lesezeit":"3\u00a0Minuten"},"schema":{"@context":"https:\/\/schema.org","@graph":[{"@type":"Article","@id":"https:\/\/now-news.de\/de\/deutschland\/fuellmichs-strafverteidigerin-bittet-um-unterstuetzung-%e2%80%92-gericht-will-verurteilung\/#article","isPartOf":{"@id":"https:\/\/now-news.de\/de\/deutschland\/fuellmichs-strafverteidigerin-bittet-um-unterstuetzung-%e2%80%92-gericht-will-verurteilung\/"},"author":{"name":"rtnews","@id":"https:\/\/now-news.de\/de\/#\/schema\/person\/fb534a4e865501d8b3285208df34a9b5"},"headline":"Fuellmichs Strafverteidigerin bittet um Unterst\u00fctzung \u202c\u2012 Gericht will Verurteilung","datePublished":"2024-08-23T12:11:00+00:00","dateModified":"2024-08-23T12:11:00+00:00","mainEntityOfPage":{"@id":"https:\/\/now-news.de\/de\/deutschland\/fuellmichs-strafverteidigerin-bittet-um-unterstuetzung-%e2%80%92-gericht-will-verurteilung\/"},"wordCount":683,"commentCount":0,"publisher":{"@id":"https:\/\/now-news.de\/de\/#organization"},"image":{"@id":"https:\/\/now-news.de\/de\/deutschland\/fuellmichs-strafverteidigerin-bittet-um-unterstuetzung-%e2%80%92-gericht-will-verurteilung\/#primaryimage"},"thumbnailUrl":"https:\/\/now-news.de\/de\/wp-content\/uploads\/sites\/3\/2024\/08\/Fuellmichs-Strafverteidigerin-bittet-um-Unterstuetzung-\u202c\u2012-Gericht-will-Verurteilung.jpg","keywords":["bittet","Fuellmichs","Gericht","Strafverteidigerin","Unterst\u00fctzung","Verurteilung"],"articleSection":["Deutschland","Russland"],"inLanguage":"de","potentialAction":[{"@type":"CommentAction","name":"Comment","target":["https:\/\/now-news.de\/de\/deutschland\/fuellmichs-strafverteidigerin-bittet-um-unterstuetzung-%e2%80%92-gericht-will-verurteilung\/#respond"]}]},{"@type":"WebPage","@id":"https:\/\/now-news.de\/de\/deutschland\/fuellmichs-strafverteidigerin-bittet-um-unterstuetzung-%e2%80%92-gericht-will-verurteilung\/","url":"https:\/\/now-news.de\/de\/deutschland\/fuellmichs-strafverteidigerin-bittet-um-unterstuetzung-%e2%80%92-gericht-will-verurteilung\/","name":"Fuellmichs Strafverteidigerin bittet um Unterst\u00fctzung \u202c\u2012 Gericht will Verurteilung - just-now.NEWS Deutschland","isPartOf":{"@id":"https:\/\/now-news.de\/de\/#website"},"primaryImageOfPage":{"@id":"https:\/\/now-news.de\/de\/deutschland\/fuellmichs-strafverteidigerin-bittet-um-unterstuetzung-%e2%80%92-gericht-will-verurteilung\/#primaryimage"},"image":{"@id":"https:\/\/now-news.de\/de\/deutschland\/fuellmichs-strafverteidigerin-bittet-um-unterstuetzung-%e2%80%92-gericht-will-verurteilung\/#primaryimage"},"thumbnailUrl":"https:\/\/now-news.de\/de\/wp-content\/uploads\/sites\/3\/2024\/08\/Fuellmichs-Strafverteidigerin-bittet-um-Unterstuetzung-\u202c\u2012-Gericht-will-Verurteilung.jpg","datePublished":"2024-08-23T12:11:00+00:00","dateModified":"2024-08-23T12:11:00+00:00","breadcrumb":{"@id":"https:\/\/now-news.de\/de\/deutschland\/fuellmichs-strafverteidigerin-bittet-um-unterstuetzung-%e2%80%92-gericht-will-verurteilung\/#breadcrumb"},"inLanguage":"de","potentialAction":[{"@type":"ReadAction","target":["https:\/\/now-news.de\/de\/deutschland\/fuellmichs-strafverteidigerin-bittet-um-unterstuetzung-%e2%80%92-gericht-will-verurteilung\/"]}]},{"@type":"ImageObject","inLanguage":"de","@id":"https:\/\/now-news.de\/de\/deutschland\/fuellmichs-strafverteidigerin-bittet-um-unterstuetzung-%e2%80%92-gericht-will-verurteilung\/#primaryimage","url":"https:\/\/now-news.de\/de\/wp-content\/uploads\/sites\/3\/2024\/08\/Fuellmichs-Strafverteidigerin-bittet-um-Unterstuetzung-\u202c\u2012-Gericht-will-Verurteilung.jpg","contentUrl":"https:\/\/now-news.de\/de\/wp-content\/uploads\/sites\/3\/2024\/08\/Fuellmichs-Strafverteidigerin-bittet-um-Unterstuetzung-\u202c\u2012-Gericht-will-Verurteilung.jpg","width":460,"height":259,"caption":"Fuellmichs Strafverteidigerin bittet um Unterst\u00fctzung \u202c\u2012 Gericht will Verurteilung"},{"@type":"BreadcrumbList","@id":"https:\/\/now-news.de\/de\/deutschland\/fuellmichs-strafverteidigerin-bittet-um-unterstuetzung-%e2%80%92-gericht-will-verurteilung\/#breadcrumb","itemListElement":[{"@type":"ListItem","position":1,"name":"Home","item":"https:\/\/now-news.de\/de\/"},{"@type":"ListItem","position":2,"name":"Fuellmichs Strafverteidigerin bittet um Unterst\u00fctzung \u202c\u2012 Gericht will Verurteilung"}]},{"@type":"WebSite","@id":"https:\/\/now-news.de\/de\/#website","url":"https:\/\/now-news.de\/de\/","name":"just-now.NEWS Deutschland","description":"Das Portal f\u00fcr unzensierte Nachrichten aus der Welt","publisher":{"@id":"https:\/\/now-news.de\/de\/#organization"},"potentialAction":[{"@type":"SearchAction","target":{"@type":"EntryPoint","urlTemplate":"https:\/\/now-news.de\/de\/?s={search_term_string}"},"query-input":"required name=search_term_string"}],"inLanguage":"de"},{"@type":"Organization","@id":"https:\/\/now-news.de\/de\/#organization","name":"Just Now News","url":"https:\/\/now-news.de\/de\/","logo":{"@type":"ImageObject","inLanguage":"de","@id":"https:\/\/now-news.de\/de\/#\/schema\/logo\/image\/","url":"http:\/\/just-now.news\/de\/wp-content\/uploads\/sites\/3\/2022\/04\/logo500x500.jpg","contentUrl":"http:\/\/just-now.news\/de\/wp-content\/uploads\/sites\/3\/2022\/04\/logo500x500.jpg","width":500,"height":500,"caption":"Just Now News"},"image":{"@id":"https:\/\/now-news.de\/de\/#\/schema\/logo\/image\/"},"sameAs":["https:\/\/www.facebook.com\/wirmachenauf","https:\/\/x.com\/WirMachenAuf_de"]},{"@type":"Person","@id":"https:\/\/now-news.de\/de\/#\/schema\/person\/fb534a4e865501d8b3285208df34a9b5","name":"rtnews","image":{"@type":"ImageObject","inLanguage":"de","@id":"https:\/\/now-news.de\/de\/#\/schema\/person\/image\/","url":"https:\/\/secure.gravatar.com\/avatar\/82aafea7d8127119dd649515f56e2117?s=96&d=mm&r=g","contentUrl":"https:\/\/secure.gravatar.com\/avatar\/82aafea7d8127119dd649515f56e2117?s=96&d=mm&r=g","caption":"rtnews"},"url":"https:\/\/now-news.de\/de\/author\/rnews\/"}]}},"_links":{"self":[{"href":"https:\/\/now-news.de\/de\/wp-json\/wp\/v2\/posts\/67341"}],"collection":[{"href":"https:\/\/now-news.de\/de\/wp-json\/wp\/v2\/posts"}],"about":[{"href":"https:\/\/now-news.de\/de\/wp-json\/wp\/v2\/types\/post"}],"author":[{"embeddable":true,"href":"https:\/\/now-news.de\/de\/wp-json\/wp\/v2\/users\/3"}],"replies":[{"embeddable":true,"href":"https:\/\/now-news.de\/de\/wp-json\/wp\/v2\/comments?post=67341"}],"version-history":[{"count":0,"href":"https:\/\/now-news.de\/de\/wp-json\/wp\/v2\/posts\/67341\/revisions"}],"wp:featuredmedia":[{"embeddable":true,"href":"https:\/\/now-news.de\/de\/wp-json\/wp\/v2\/media\/67342"}],"wp:attachment":[{"href":"https:\/\/now-news.de\/de\/wp-json\/wp\/v2\/media?parent=67341"}],"wp:term":[{"taxonomy":"category","embeddable":true,"href":"https:\/\/now-news.de\/de\/wp-json\/wp\/v2\/categories?post=67341"},{"taxonomy":"post_tag","embeddable":true,"href":"https:\/\/now-news.de\/de\/wp-json\/wp\/v2\/tags?post=67341"}],"curies":[{"name":"wp","href":"https:\/\/api.w.org\/{rel}","templated":true}]}}