{"id":6729,"date":"2022-05-04T15:24:00","date_gmt":"2022-05-04T13:24:00","guid":{"rendered":"http:\/\/just-now.news\/de\/usa\/brandon-straka-tritt-tucker-carlson-bei-beschreibt-die-schreckliche-behandlung-die-er-durch-das-fbi-und-bidens-doj-wegen-vergehens-gegen-j6-erlitten-hat-video\/"},"modified":"2022-05-04T15:24:00","modified_gmt":"2022-05-04T13:24:00","slug":"brandon-straka-tritt-tucker-carlson-bei-beschreibt-die-schreckliche-behandlung-die-er-durch-das-fbi-und-bidens-doj-wegen-vergehens-gegen-j6-erlitten-hat-video","status":"publish","type":"post","link":"https:\/\/now-news.de\/de\/usa\/brandon-straka-tritt-tucker-carlson-bei-beschreibt-die-schreckliche-behandlung-die-er-durch-das-fbi-und-bidens-doj-wegen-vergehens-gegen-j6-erlitten-hat-video\/","title":{"rendered":"Brandon Straka tritt Tucker Carlson bei: Beschreibt die schreckliche Behandlung, die er durch das FBI und Bidens DOJ wegen Vergehens gegen J6 erlitten hat (VIDEO)"},"content":{"rendered":"<div class=\"entry-content\">\n<p><\/p>\n<p>Brandon Straka, der Gr\u00fcnder und Leiter der beliebten WalkAway-Kampagne, wurde nach den Protesten und Unruhen vom 6. Januar 2021 von Bundesagenten festgenommen.<\/p>\n<p>Brandon ging NICHT in das US-Kapitol, beteiligte sich an KEINER Gewalt, ermutigte nicht zu Gewalt, plante keine Gewalt, doch die korrupte und politisierte Bundesregierung klagte ihn wegen ZWEI Verbrechen und eines Vergehens an.  Nach einem Jahr voller Drohungen, Bel\u00e4stigungen und Misshandlungen bekannte sich Brandon Straka eines Vergehens schuldig.<\/p>\n<div id=\"IC1-ad\" class=\"sponsor IC1\">\n<p class=\"ad-notice flipboard-remove\" fl:fl-noexcerpt=\"true\">Werbung \u2013 die Geschichte geht unten weiter<\/p>\n<div id=\"IC1\">\n<script>\n\t\t\t\t\tif( FFADS.units.IC1 && FFADS.units.IC1.ad_type == 'custom' && FFADS.units.IC1.custom_ads && ! getCookie( 'ff_subbed' ) ) {\n\t\t\t\t\t\tdocument.getElementById( 'IC1' ).innerHTML = FFADS.units.IC1.custom_ads[0].code;\n\t\t\t\t\t\tif( ! FFADS.units.IC1.lazy_load ) eval( FFADS.units.IC1.custom_ads[0].rendering_script );\n\t\t\t\t\t}\n\t\t\t\t\telse if( FFADS.units.IC1 && ! getCookie( 'ff_subbed' ) ) {\n\t\t\t\t\t\tif( 'IC' != 'SB' && 'IC' != 'SA' && FFADS.use_fixed_containers ) {\n\t\t\t\t\t\t\tlet max_wh = firefly_size_list_to_max_wh( FFADS.units.IC1.sizes );\n\t\t\t\t\t\t\tlet el = document.querySelector( '#IC1' );\n\t\t\t\t\t\t\tif( 'IC' != 'SA' && FFADS.slide_pixels ) {\n\t\t\t\t\t\t\t\tmax_wh[1] += parseInt( FFADS.slide_pixels );\n\t\t\t\t\t\t\t\tel.classList.add( 'sliding' );\n\t\t\t\t\t\t\t}\n\t\t\t\t\t\t\tel.style.width = max_wh[0] + 'px';\n\t\t\t\t\t\t\tel.style.height = max_wh[1] + 'px';\n\t\t\t\t\t\t\tel.classList.add( 'fixed-size' );\n\t\t\t\t\t\t}\n\t\t\t\t\t\tgoogletag.cmd.push( function() {\n\t\t\t\t\t\t\tFFADS.debug( 'googletag.displaying IC1' );\n\t\t\t\t\t\t\tgoogletag.display( 'IC1' );\n\t\t\t\t\t\t} );\n\t\t\t\t\t}\n\t\t\t\t\telse {\n\t\t\t\t\t\tdocument.querySelector( '#IC1-ad' ).style.display = 'none';}\n\t\t\t\t<\/script><\/div>\n<\/div>\n<p><strong>Brandon Straka wurde wegen Verbrechen angeklagt, weil Brandon Straka als Grassroots-Organisator EXTREM EFFEKTIV ist!<\/strong><\/p>\n<p>Brandons Geschichte ist erstaunlich.  Nachdem er jahrelang ein engagierter Liberaler war, begann er, ein wenig zu recherchieren und entschied, dass er die B\u00f6sartigkeit und die L\u00fcgen der Linken nicht l\u00e4nger unterst\u00fctzen k\u00f6nne.<\/p>\n<p><script>\n\t\t\t\t\tif( ! getCookie( 'ff_subbed' ) ) if( typeof FFADS.replace_ict != 'undefined' ) if( FFADS.replace_ict ) eval( FFADS.replace_ict );\n\t\t\t\t<\/script><\/p>\n<p><strong>Heute <span style=\"color: #ff0000;\">\u00fcber 600.000<\/span> Die Amerikaner haben sich Brandon und der #WalkAway-Bewegung angeschlossen und haben nicht zur\u00fcckgeschaut! <\/strong><\/p>\n<p>Und DESHALB geriet Brandon Straka ins Visier der korrupten Bundesanwaltschaft, weil er an der Kundgebung am 6. Januar teilgenommen hatte.<\/p>\n<div id=\"IC2-ad\" class=\"sponsor IC2\">\n<p class=\"ad-notice flipboard-remove\" fl:fl-noexcerpt=\"true\">Werbung \u2013 die Geschichte geht unten weiter<\/p>\n<div id=\"IC2\">\n<script>\n\t\t\t\t\tif( FFADS.units.IC2 && FFADS.units.IC2.ad_type == 'custom' && FFADS.units.IC2.custom_ads && ! getCookie( 'ff_subbed' ) ) {\n\t\t\t\t\t\tdocument.getElementById( 'IC2' ).innerHTML = FFADS.units.IC2.custom_ads[0].code;\n\t\t\t\t\t\tif( ! FFADS.units.IC2.lazy_load ) eval( FFADS.units.IC2.custom_ads[0].rendering_script );\n\t\t\t\t\t}\n\t\t\t\t\telse if( FFADS.units.IC2 && ! getCookie( 'ff_subbed' ) ) {\n\t\t\t\t\t\tif( 'IC' != 'SB' && 'IC' != 'SA' && FFADS.use_fixed_containers ) {\n\t\t\t\t\t\t\tlet max_wh = firefly_size_list_to_max_wh( FFADS.units.IC2.sizes );\n\t\t\t\t\t\t\tlet el = document.querySelector( '#IC2' );\n\t\t\t\t\t\t\tif( 'IC' != 'SA' && FFADS.slide_pixels ) {\n\t\t\t\t\t\t\t\tmax_wh[1] += parseInt( FFADS.slide_pixels );\n\t\t\t\t\t\t\t\tel.classList.add( 'sliding' );\n\t\t\t\t\t\t\t}\n\t\t\t\t\t\t\tel.style.width = max_wh[0] + 'px';\n\t\t\t\t\t\t\tel.style.height = max_wh[1] + 'px';\n\t\t\t\t\t\t\tel.classList.add( 'fixed-size' );\n\t\t\t\t\t\t}\n\t\t\t\t\t\tgoogletag.cmd.push( function() {\n\t\t\t\t\t\t\tFFADS.debug( 'googletag.displaying IC2' );\n\t\t\t\t\t\t\tgoogletag.display( 'IC2' );\n\t\t\t\t\t\t} );\n\t\t\t\t\t}\n\t\t\t\t\telse {\n\t\t\t\t\t\tdocument.querySelector( '#IC2-ad' ).style.display = 'none';}\n\t\t\t\t<\/script><\/div>\n<\/div>\n<p>Brandon ist effektiv.  Er f\u00fchrt Linke ans Licht.  Und sobald sie weggehen, gehen sie NICHT zur\u00fcck!<\/p>\n<p>Am Mittwoch, dem 6. Oktober 2021, bekannte sich der Gr\u00fcnder von Walk Away, Brandon Straka, eines Vergehens der Klasse B f\u00fcr das Verbrechen des ungeordneten Verhaltens auf dem Gel\u00e4nde des US-Kapitols am 6. Januar schuldig.<\/p>\n<p>Nach Brandons Anh\u00f6rung stellten die d\u00e4monischen Medien dies als Sieg f\u00fcr ihre Sache dar, indem sie verk\u00fcndeten \u2013 Brandon Straka bekannte sich f\u00fcr seine ROLLE \u201eim Aufstand\u201c schuldig. <\/p>\n<p>Brandon wurde sp\u00e4ter zu weiteren drei Monaten Hausarrest und drei Jahren Bew\u00e4hrung verurteilt.  Die Regierung forderte au\u00dferdem, dass er ihnen w\u00e4hrend seiner Bew\u00e4hrung Zugang zu seinen Social-Media-Konten gew\u00e4hrt.  Das ist b\u00f6ser Missbrauch.  Die US-Regierung ist heute v\u00f6llig korrupt und kaputt.<\/p>\n<p>Am Dienstagabend traf sich Brandon Straka mit Tucker Carlson zu einem exklusiven Einzelinterview.  Brandon beschrieb den schrecklichen Missbrauch, den er von seiner Regierung erlitten hatte.<\/p>\n<div id=\"IC3-ad\" class=\"sponsor IC3\">\n<p class=\"ad-notice flipboard-remove\" fl:fl-noexcerpt=\"true\">Werbung \u2013 die Geschichte geht unten weiter<\/p>\n<div id=\"IC3\">\n<script>\n\t\t\t\t\tif( FFADS.units.IC3 && FFADS.units.IC3.ad_type == 'custom' && FFADS.units.IC3.custom_ads && ! getCookie( 'ff_subbed' ) ) {\n\t\t\t\t\t\tdocument.getElementById( 'IC3' ).innerHTML = FFADS.units.IC3.custom_ads[0].code;\n\t\t\t\t\t\tif( ! FFADS.units.IC3.lazy_load ) eval( FFADS.units.IC3.custom_ads[0].rendering_script );\n\t\t\t\t\t}\n\t\t\t\t\telse if( FFADS.units.IC3 && ! getCookie( 'ff_subbed' ) ) {\n\t\t\t\t\t\tif( 'IC' != 'SB' && 'IC' != 'SA' && FFADS.use_fixed_containers ) {\n\t\t\t\t\t\t\tlet max_wh = firefly_size_list_to_max_wh( FFADS.units.IC3.sizes );\n\t\t\t\t\t\t\tlet el = document.querySelector( '#IC3' );\n\t\t\t\t\t\t\tif( 'IC' != 'SA' && FFADS.slide_pixels ) {\n\t\t\t\t\t\t\t\tmax_wh[1] += parseInt( FFADS.slide_pixels );\n\t\t\t\t\t\t\t\tel.classList.add( 'sliding' );\n\t\t\t\t\t\t\t}\n\t\t\t\t\t\t\tel.style.width = max_wh[0] + 'px';\n\t\t\t\t\t\t\tel.style.height = max_wh[1] + 'px';\n\t\t\t\t\t\t\tel.classList.add( 'fixed-size' );\n\t\t\t\t\t\t}\n\t\t\t\t\t\tgoogletag.cmd.push( function() {\n\t\t\t\t\t\t\tFFADS.debug( 'googletag.displaying IC3' );\n\t\t\t\t\t\t\tgoogletag.display( 'IC3' );\n\t\t\t\t\t\t} );\n\t\t\t\t\t}\n\t\t\t\t\telse {\n\t\t\t\t\t\tdocument.querySelector( '#IC3-ad' ).style.display = 'none';}\n\t\t\t\t<\/script><\/div>\n<\/div>\n<p>Dies war eine fesselnde Diskussion.<\/p>\n<\/p>\n<p><script>!function(r,u,m,b,l,e){r._Rumble=b,r[b]||(r[b]=function(){(r[b]._=r[b]._||[]).push(arguments);if(r[b]._.length==1){l=u.createElement(m),e=u.getElementsByTagName(m)[0],l.async=1,l.src=\"https:\/\/rumble.com\/embedJS\/u5o49d\"+(arguments[1].video?'.'+arguments[1].video:'')+\"\/?url=\"+encodeURIComponent(location.href)+\"&args=\"+encodeURIComponent(JSON.stringify([].slice.apply(arguments))),e.parentNode.insertBefore(l,e)}})}(window, document, \"script\", \"Rumble\");<\/script><\/p>\n<div id=\"rumble_v10vjuj\"><\/div>\n<div id=\"IC4-ad\" class=\"sponsor IC4\">\n<p class=\"ad-notice flipboard-remove\" fl:fl-noexcerpt=\"true\">Werbung \u2013 die Geschichte geht unten weiter<\/p>\n<div id=\"IC4\">\n<script>\n\t\t\t\t\tif( FFADS.units.IC4 && FFADS.units.IC4.ad_type == 'custom' && FFADS.units.IC4.custom_ads && ! getCookie( 'ff_subbed' ) ) {\n\t\t\t\t\t\tdocument.getElementById( 'IC4' ).innerHTML = FFADS.units.IC4.custom_ads[0].code;\n\t\t\t\t\t\tif( ! FFADS.units.IC4.lazy_load ) eval( FFADS.units.IC4.custom_ads[0].rendering_script );\n\t\t\t\t\t}\n\t\t\t\t\telse if( FFADS.units.IC4 && ! getCookie( 'ff_subbed' ) ) {\n\t\t\t\t\t\tif( 'IC' != 'SB' && 'IC' != 'SA' && FFADS.use_fixed_containers ) {\n\t\t\t\t\t\t\tlet max_wh = firefly_size_list_to_max_wh( FFADS.units.IC4.sizes );\n\t\t\t\t\t\t\tlet el = document.querySelector( '#IC4' );\n\t\t\t\t\t\t\tif( 'IC' != 'SA' && FFADS.slide_pixels ) {\n\t\t\t\t\t\t\t\tmax_wh[1] += parseInt( FFADS.slide_pixels );\n\t\t\t\t\t\t\t\tel.classList.add( 'sliding' );\n\t\t\t\t\t\t\t}\n\t\t\t\t\t\t\tel.style.width = max_wh[0] + 'px';\n\t\t\t\t\t\t\tel.style.height = max_wh[1] + 'px';\n\t\t\t\t\t\t\tel.classList.add( 'fixed-size' );\n\t\t\t\t\t\t}\n\t\t\t\t\t\tgoogletag.cmd.push( function() {\n\t\t\t\t\t\t\tFFADS.debug( 'googletag.displaying IC4' );\n\t\t\t\t\t\t\tgoogletag.display( 'IC4' );\n\t\t\t\t\t\t} );\n\t\t\t\t\t}\n\t\t\t\t\telse {\n\t\t\t\t\t\tdocument.querySelector( '#IC4-ad' ).style.display = 'none';}\n\t\t\t\t<\/script><\/div>\n<\/div>\n<p><script>\nRumble(\"play\", {\"video\":\"v10vjuj\",\"div\":\"rumble_v10vjuj\"});<\/script><\/p>\n<p class=\"article-ask\"><span class=\"ask\"><script>\n  if( getParameterByName( \"utm_source\" ) == \"testpage\" ) {\n    !function(e,t,a,n,g){e[n]=e[n]||[],e[n].push({\"gtm.start\":(new Date).getTime(),event:\"gtm.js\"});var m=t.getElementsByTagName(a)[0],r=t.createElement(a);r.async=!0,r.src=\"https:\/\/www.googletagmanager.com\/gtm.js?id=GTM-PL4PD49\",m.parentNode.insertBefore(r,m)}(window.parent,window.parent.document,\"script\",\"dataLayer\");\n    var iframe=window.parent.document.createElement(\"iframe\");iframe.src=\"https:\/\/www.googletagmanager.com\/ns.html?id=GTM-PL4PD49\";iframe.height=\"0\";iframe.width=\"0\";iframe.style=\"display:none;visibility:hidden\";window.parent.document.body.appendChild(iframe);\n    window.parent[\"$$mm-analytics\"] = window.parent[\"$$mm-analytics\"] || {};if (typeof window.parent[\"$$mm-analytics\"].firstEmbed === \"undefined\") {window.parent[\"$$mm-analytics\"].firstEmbed = Date.now();}\n    let as1 = document.createElement( \"script\" );\n    as1.src = \"https:\/\/bucket1.mm-syringe.com\/prod\/configs\/ee2300c8-43d2-7f0b-dac0-40aaf31c9d3d.js\";\n    document.body.appendChild( as1 );\n    let as2 = document.createElement( \"script\" );\n    as2.src = \"https:\/\/bucket1.mm-syringe.com\/prod\/injector\/injector.1.5.3.js\";\n    document.body.appendChild( as2 );\n  }\n<\/script><\/p>\n<div class=\"apester-media\" data-token=\"5f10a39f94902bc81d3d59a7\" data-context=\"true\" data-tags=\"\" data-fallback=\"true\" height=\"350\"><\/div>\n<p><script id=\"apester_script\" src=\"https:\/\/static.apester.com\/js\/sdk\/latest\/apester-sdk.js\" async><\/script><script async src=\"https:\/\/www.googletagmanager.com\/gtag\/js?id=G-EFE91RJVSQ\"><\/script><script>\n  window.dataLayer = window.dataLayer || [];\n  function gtag(){dataLayer.push(arguments);}\n  gtag(\\'js\\', new Date());\n  gtag(\\'config\\', \\'G-EFE91RJVSQ\\');\n<\/script><\/span><\/p>\n<\/div>\n<p><br \/>\n<br \/><a href=\"https:\/\/www.thegatewaypundit.com\/2022\/05\/brandon-straka-joins-tucker-carlson-describes-horrific-treatment-suffered-hands-fbi-bidens-doj-misdemeanor-j6-charge-video\/\">Source link <\/a><\/p>\n","protected":false},"excerpt":{"rendered":"<p>Brandon Straka, der Gr\u00fcnder und Leiter der beliebten WalkAway-Kampagne, wurde nach den Protesten und Unruhen vom 6. Januar 2021 von Bundesagenten festgenommen. Brandon ging NICHT in das US-Kapitol, beteiligte sich an KEINER Gewalt, ermutigte nicht zu Gewalt, plante keine Gewalt, doch die korrupte und politisierte Bundesregierung klagte ihn wegen ZWEI Verbrechen und eines Vergehens an. [&hellip;]<\/p>\n","protected":false},"author":5,"featured_media":6730,"comment_status":"open","ping_status":"open","sticky":false,"template":"","format":"standard","meta":{"wp_automatic_camp":["1161"],"21f438084895cc54bee2a6521b73d8aa":["Brandon Straka tritt Tucker Carlson bei: Beschreibt die schreckliche Behandlung, die er durch das FBI und Bidens DOJ wegen Vergehens gegen J6 erlitten hat (VIDEO)\n"],"original_link":["https:\/\/www.thegatewaypundit.com\/2022\/05\/brandon-straka-joins-tucker-carlson-describes-horrific-treatment-suffered-hands-fbi-bidens-doj-misdemeanor-j6-charge-video\/"],"_thumbnail_id":["6730"],"wp_automatic_remove_first_image":["yes"],"jnews_social_counter_last_update":["1777256665"]},"categories":[25],"tags":[18592,363,18591,670,2556,10167,427,45,4223,1024,18108,5103,278,423,15358,18590,3470,10166,140,18593,173,145],"yoast_head":"<!-- This site is optimized with the Yoast SEO Premium plugin v22.7 (Yoast SEO v22.7) - https:\/\/yoast.com\/wordpress\/plugins\/seo\/ -->\n<title>Brandon Straka tritt Tucker Carlson bei: Beschreibt die schreckliche Behandlung, die er durch das FBI und Bidens DOJ wegen Vergehens gegen J6 erlitten hat (VIDEO) - just-now.NEWS Deutschland<\/title>\n<meta name=\"robots\" content=\"index, follow, max-snippet:-1, max-image-preview:large, max-video-preview:-1\" \/>\n<link rel=\"canonical\" href=\"https:\/\/now-news.de\/de\/usa\/brandon-straka-tritt-tucker-carlson-bei-beschreibt-die-schreckliche-behandlung-die-er-durch-das-fbi-und-bidens-doj-wegen-vergehens-gegen-j6-erlitten-hat-video\/\" \/>\n<meta property=\"og:locale\" content=\"de_DE\" \/>\n<meta property=\"og:type\" content=\"article\" \/>\n<meta property=\"og:title\" content=\"Brandon Straka tritt Tucker Carlson bei: Beschreibt die schreckliche Behandlung, die er durch das FBI und Bidens DOJ wegen Vergehens gegen J6 erlitten hat (VIDEO)\" \/>\n<meta property=\"og:description\" content=\"Brandon Straka, der Gr\u00fcnder und Leiter der beliebten WalkAway-Kampagne, wurde nach den Protesten und Unruhen vom 6. Januar 2021 von Bundesagenten festgenommen. Brandon ging NICHT in das US-Kapitol, beteiligte sich an KEINER Gewalt, ermutigte nicht zu Gewalt, plante keine Gewalt, doch die korrupte und politisierte Bundesregierung klagte ihn wegen ZWEI Verbrechen und eines Vergehens an. [&hellip;]\" \/>\n<meta property=\"og:url\" content=\"https:\/\/now-news.de\/de\/usa\/brandon-straka-tritt-tucker-carlson-bei-beschreibt-die-schreckliche-behandlung-die-er-durch-das-fbi-und-bidens-doj-wegen-vergehens-gegen-j6-erlitten-hat-video\/\" \/>\n<meta property=\"og:site_name\" content=\"just-now.NEWS Deutschland\" \/>\n<meta property=\"article:publisher\" content=\"https:\/\/www.facebook.com\/wirmachenauf\" \/>\n<meta property=\"article:published_time\" content=\"2022-05-04T13:24:00+00:00\" \/>\n<meta property=\"og:image\" content=\"https:\/\/now-news.de\/de\/wp-content\/uploads\/sites\/3\/2022\/05\/Brandon-Straka-tritt-Tucker-Carlson-bei-Beschreibt-die-schreckliche-Behandlung.jpg\" \/>\n\t<meta property=\"og:image:width\" content=\"782\" \/>\n\t<meta property=\"og:image:height\" content=\"444\" \/>\n\t<meta property=\"og:image:type\" content=\"image\/jpeg\" \/>\n<meta name=\"author\" content=\"greatreset\" \/>\n<meta name=\"twitter:card\" content=\"summary_large_image\" \/>\n<meta name=\"twitter:creator\" content=\"@WirMachenAuf_de\" \/>\n<meta name=\"twitter:site\" content=\"@WirMachenAuf_de\" \/>\n<meta name=\"twitter:label1\" content=\"Verfasst von\" \/>\n\t<meta name=\"twitter:data1\" content=\"greatreset\" \/>\n\t<meta name=\"twitter:label2\" content=\"Gesch\u00e4tzte Lesezeit\" \/>\n\t<meta name=\"twitter:data2\" content=\"2\u00a0Minuten\" \/>\n<script type=\"application\/ld+json\" class=\"yoast-schema-graph\">{\"@context\":\"https:\/\/schema.org\",\"@graph\":[{\"@type\":\"Article\",\"@id\":\"https:\/\/now-news.de\/de\/usa\/brandon-straka-tritt-tucker-carlson-bei-beschreibt-die-schreckliche-behandlung-die-er-durch-das-fbi-und-bidens-doj-wegen-vergehens-gegen-j6-erlitten-hat-video\/#article\",\"isPartOf\":{\"@id\":\"https:\/\/now-news.de\/de\/usa\/brandon-straka-tritt-tucker-carlson-bei-beschreibt-die-schreckliche-behandlung-die-er-durch-das-fbi-und-bidens-doj-wegen-vergehens-gegen-j6-erlitten-hat-video\/\"},\"author\":{\"name\":\"greatreset\",\"@id\":\"https:\/\/now-news.de\/de\/#\/schema\/person\/8afb4cd92b68572db7902c13a349ffcb\"},\"headline\":\"Brandon Straka tritt Tucker Carlson bei: Beschreibt die schreckliche Behandlung, die er durch das FBI und Bidens DOJ wegen Vergehens gegen J6 erlitten hat (VIDEO)\",\"datePublished\":\"2022-05-04T13:24:00+00:00\",\"dateModified\":\"2022-05-04T13:24:00+00:00\",\"mainEntityOfPage\":{\"@id\":\"https:\/\/now-news.de\/de\/usa\/brandon-straka-tritt-tucker-carlson-bei-beschreibt-die-schreckliche-behandlung-die-er-durch-das-fbi-und-bidens-doj-wegen-vergehens-gegen-j6-erlitten-hat-video\/\"},\"wordCount\":371,\"commentCount\":0,\"publisher\":{\"@id\":\"https:\/\/now-news.de\/de\/#organization\"},\"image\":{\"@id\":\"https:\/\/now-news.de\/de\/usa\/brandon-straka-tritt-tucker-carlson-bei-beschreibt-die-schreckliche-behandlung-die-er-durch-das-fbi-und-bidens-doj-wegen-vergehens-gegen-j6-erlitten-hat-video\/#primaryimage\"},\"thumbnailUrl\":\"https:\/\/now-news.de\/de\/wp-content\/uploads\/sites\/3\/2022\/05\/Brandon-Straka-tritt-Tucker-Carlson-bei-Beschreibt-die-schreckliche-Behandlung.jpg\",\"keywords\":[\"Behandlung\",\"bei\",\"Beschreibt\",\"Bidens\",\"Brandon\",\"Carlson\",\"das\",\"die\",\"DOJ\",\"durch\",\"erlitten\",\"fbi\",\"gegen\",\"hat\",\"schreckliche\",\"Straka\",\"tritt\",\"Tucker\",\"und\",\"Vergehens\",\"Video\",\"wegen\"],\"articleSection\":[\"USA\"],\"inLanguage\":\"de\",\"potentialAction\":[{\"@type\":\"CommentAction\",\"name\":\"Comment\",\"target\":[\"https:\/\/now-news.de\/de\/usa\/brandon-straka-tritt-tucker-carlson-bei-beschreibt-die-schreckliche-behandlung-die-er-durch-das-fbi-und-bidens-doj-wegen-vergehens-gegen-j6-erlitten-hat-video\/#respond\"]}]},{\"@type\":\"WebPage\",\"@id\":\"https:\/\/now-news.de\/de\/usa\/brandon-straka-tritt-tucker-carlson-bei-beschreibt-die-schreckliche-behandlung-die-er-durch-das-fbi-und-bidens-doj-wegen-vergehens-gegen-j6-erlitten-hat-video\/\",\"url\":\"https:\/\/now-news.de\/de\/usa\/brandon-straka-tritt-tucker-carlson-bei-beschreibt-die-schreckliche-behandlung-die-er-durch-das-fbi-und-bidens-doj-wegen-vergehens-gegen-j6-erlitten-hat-video\/\",\"name\":\"Brandon Straka tritt Tucker Carlson bei: Beschreibt die schreckliche Behandlung, die er durch das FBI und Bidens DOJ wegen Vergehens gegen J6 erlitten hat (VIDEO) - just-now.NEWS Deutschland\",\"isPartOf\":{\"@id\":\"https:\/\/now-news.de\/de\/#website\"},\"primaryImageOfPage\":{\"@id\":\"https:\/\/now-news.de\/de\/usa\/brandon-straka-tritt-tucker-carlson-bei-beschreibt-die-schreckliche-behandlung-die-er-durch-das-fbi-und-bidens-doj-wegen-vergehens-gegen-j6-erlitten-hat-video\/#primaryimage\"},\"image\":{\"@id\":\"https:\/\/now-news.de\/de\/usa\/brandon-straka-tritt-tucker-carlson-bei-beschreibt-die-schreckliche-behandlung-die-er-durch-das-fbi-und-bidens-doj-wegen-vergehens-gegen-j6-erlitten-hat-video\/#primaryimage\"},\"thumbnailUrl\":\"https:\/\/now-news.de\/de\/wp-content\/uploads\/sites\/3\/2022\/05\/Brandon-Straka-tritt-Tucker-Carlson-bei-Beschreibt-die-schreckliche-Behandlung.jpg\",\"datePublished\":\"2022-05-04T13:24:00+00:00\",\"dateModified\":\"2022-05-04T13:24:00+00:00\",\"breadcrumb\":{\"@id\":\"https:\/\/now-news.de\/de\/usa\/brandon-straka-tritt-tucker-carlson-bei-beschreibt-die-schreckliche-behandlung-die-er-durch-das-fbi-und-bidens-doj-wegen-vergehens-gegen-j6-erlitten-hat-video\/#breadcrumb\"},\"inLanguage\":\"de\",\"potentialAction\":[{\"@type\":\"ReadAction\",\"target\":[\"https:\/\/now-news.de\/de\/usa\/brandon-straka-tritt-tucker-carlson-bei-beschreibt-die-schreckliche-behandlung-die-er-durch-das-fbi-und-bidens-doj-wegen-vergehens-gegen-j6-erlitten-hat-video\/\"]}]},{\"@type\":\"ImageObject\",\"inLanguage\":\"de\",\"@id\":\"https:\/\/now-news.de\/de\/usa\/brandon-straka-tritt-tucker-carlson-bei-beschreibt-die-schreckliche-behandlung-die-er-durch-das-fbi-und-bidens-doj-wegen-vergehens-gegen-j6-erlitten-hat-video\/#primaryimage\",\"url\":\"https:\/\/now-news.de\/de\/wp-content\/uploads\/sites\/3\/2022\/05\/Brandon-Straka-tritt-Tucker-Carlson-bei-Beschreibt-die-schreckliche-Behandlung.jpg\",\"contentUrl\":\"https:\/\/now-news.de\/de\/wp-content\/uploads\/sites\/3\/2022\/05\/Brandon-Straka-tritt-Tucker-Carlson-bei-Beschreibt-die-schreckliche-Behandlung.jpg\",\"width\":782,\"height\":444},{\"@type\":\"BreadcrumbList\",\"@id\":\"https:\/\/now-news.de\/de\/usa\/brandon-straka-tritt-tucker-carlson-bei-beschreibt-die-schreckliche-behandlung-die-er-durch-das-fbi-und-bidens-doj-wegen-vergehens-gegen-j6-erlitten-hat-video\/#breadcrumb\",\"itemListElement\":[{\"@type\":\"ListItem\",\"position\":1,\"name\":\"Home\",\"item\":\"https:\/\/now-news.de\/de\/\"},{\"@type\":\"ListItem\",\"position\":2,\"name\":\"Brandon Straka tritt Tucker Carlson bei: Beschreibt die schreckliche Behandlung, die er durch das FBI und Bidens DOJ wegen Vergehens gegen J6 erlitten hat (VIDEO)\"}]},{\"@type\":\"WebSite\",\"@id\":\"https:\/\/now-news.de\/de\/#website\",\"url\":\"https:\/\/now-news.de\/de\/\",\"name\":\"just-now.NEWS Deutschland\",\"description\":\"Das Portal f\u00fcr unzensierte Nachrichten aus der Welt\",\"publisher\":{\"@id\":\"https:\/\/now-news.de\/de\/#organization\"},\"potentialAction\":[{\"@type\":\"SearchAction\",\"target\":{\"@type\":\"EntryPoint\",\"urlTemplate\":\"https:\/\/now-news.de\/de\/?s={search_term_string}\"},\"query-input\":\"required name=search_term_string\"}],\"inLanguage\":\"de\"},{\"@type\":\"Organization\",\"@id\":\"https:\/\/now-news.de\/de\/#organization\",\"name\":\"Just Now News\",\"url\":\"https:\/\/now-news.de\/de\/\",\"logo\":{\"@type\":\"ImageObject\",\"inLanguage\":\"de\",\"@id\":\"https:\/\/now-news.de\/de\/#\/schema\/logo\/image\/\",\"url\":\"http:\/\/just-now.news\/de\/wp-content\/uploads\/sites\/3\/2022\/04\/logo500x500.jpg\",\"contentUrl\":\"http:\/\/just-now.news\/de\/wp-content\/uploads\/sites\/3\/2022\/04\/logo500x500.jpg\",\"width\":500,\"height\":500,\"caption\":\"Just Now News\"},\"image\":{\"@id\":\"https:\/\/now-news.de\/de\/#\/schema\/logo\/image\/\"},\"sameAs\":[\"https:\/\/www.facebook.com\/wirmachenauf\",\"https:\/\/x.com\/WirMachenAuf_de\"]},{\"@type\":\"Person\",\"@id\":\"https:\/\/now-news.de\/de\/#\/schema\/person\/8afb4cd92b68572db7902c13a349ffcb\",\"name\":\"greatreset\",\"image\":{\"@type\":\"ImageObject\",\"inLanguage\":\"de\",\"@id\":\"https:\/\/now-news.de\/de\/#\/schema\/person\/image\/\",\"url\":\"https:\/\/secure.gravatar.com\/avatar\/a088df625d49991c090e78c8b9542592?s=96&d=mm&r=g\",\"contentUrl\":\"https:\/\/secure.gravatar.com\/avatar\/a088df625d49991c090e78c8b9542592?s=96&d=mm&r=g\",\"caption\":\"greatreset\"},\"url\":\"https:\/\/now-news.de\/de\/author\/greatreset\/\"}]}<\/script>\n<!-- \/ Yoast SEO Premium plugin. -->","yoast_head_json":{"title":"Brandon Straka tritt Tucker Carlson bei: Beschreibt die schreckliche Behandlung, die er durch das FBI und Bidens DOJ wegen Vergehens gegen J6 erlitten hat (VIDEO) - just-now.NEWS Deutschland","robots":{"index":"index","follow":"follow","max-snippet":"max-snippet:-1","max-image-preview":"max-image-preview:large","max-video-preview":"max-video-preview:-1"},"canonical":"https:\/\/now-news.de\/de\/usa\/brandon-straka-tritt-tucker-carlson-bei-beschreibt-die-schreckliche-behandlung-die-er-durch-das-fbi-und-bidens-doj-wegen-vergehens-gegen-j6-erlitten-hat-video\/","og_locale":"de_DE","og_type":"article","og_title":"Brandon Straka tritt Tucker Carlson bei: Beschreibt die schreckliche Behandlung, die er durch das FBI und Bidens DOJ wegen Vergehens gegen J6 erlitten hat (VIDEO)","og_description":"Brandon Straka, der Gr\u00fcnder und Leiter der beliebten WalkAway-Kampagne, wurde nach den Protesten und Unruhen vom 6. Januar 2021 von Bundesagenten festgenommen. Brandon ging NICHT in das US-Kapitol, beteiligte sich an KEINER Gewalt, ermutigte nicht zu Gewalt, plante keine Gewalt, doch die korrupte und politisierte Bundesregierung klagte ihn wegen ZWEI Verbrechen und eines Vergehens an. [&hellip;]","og_url":"https:\/\/now-news.de\/de\/usa\/brandon-straka-tritt-tucker-carlson-bei-beschreibt-die-schreckliche-behandlung-die-er-durch-das-fbi-und-bidens-doj-wegen-vergehens-gegen-j6-erlitten-hat-video\/","og_site_name":"just-now.NEWS Deutschland","article_publisher":"https:\/\/www.facebook.com\/wirmachenauf","article_published_time":"2022-05-04T13:24:00+00:00","og_image":[{"width":782,"height":444,"url":"https:\/\/now-news.de\/de\/wp-content\/uploads\/sites\/3\/2022\/05\/Brandon-Straka-tritt-Tucker-Carlson-bei-Beschreibt-die-schreckliche-Behandlung.jpg","type":"image\/jpeg"}],"author":"greatreset","twitter_card":"summary_large_image","twitter_creator":"@WirMachenAuf_de","twitter_site":"@WirMachenAuf_de","twitter_misc":{"Verfasst von":"greatreset","Gesch\u00e4tzte Lesezeit":"2\u00a0Minuten"},"schema":{"@context":"https:\/\/schema.org","@graph":[{"@type":"Article","@id":"https:\/\/now-news.de\/de\/usa\/brandon-straka-tritt-tucker-carlson-bei-beschreibt-die-schreckliche-behandlung-die-er-durch-das-fbi-und-bidens-doj-wegen-vergehens-gegen-j6-erlitten-hat-video\/#article","isPartOf":{"@id":"https:\/\/now-news.de\/de\/usa\/brandon-straka-tritt-tucker-carlson-bei-beschreibt-die-schreckliche-behandlung-die-er-durch-das-fbi-und-bidens-doj-wegen-vergehens-gegen-j6-erlitten-hat-video\/"},"author":{"name":"greatreset","@id":"https:\/\/now-news.de\/de\/#\/schema\/person\/8afb4cd92b68572db7902c13a349ffcb"},"headline":"Brandon Straka tritt Tucker Carlson bei: Beschreibt die schreckliche Behandlung, die er durch das FBI und Bidens DOJ wegen Vergehens gegen J6 erlitten hat (VIDEO)","datePublished":"2022-05-04T13:24:00+00:00","dateModified":"2022-05-04T13:24:00+00:00","mainEntityOfPage":{"@id":"https:\/\/now-news.de\/de\/usa\/brandon-straka-tritt-tucker-carlson-bei-beschreibt-die-schreckliche-behandlung-die-er-durch-das-fbi-und-bidens-doj-wegen-vergehens-gegen-j6-erlitten-hat-video\/"},"wordCount":371,"commentCount":0,"publisher":{"@id":"https:\/\/now-news.de\/de\/#organization"},"image":{"@id":"https:\/\/now-news.de\/de\/usa\/brandon-straka-tritt-tucker-carlson-bei-beschreibt-die-schreckliche-behandlung-die-er-durch-das-fbi-und-bidens-doj-wegen-vergehens-gegen-j6-erlitten-hat-video\/#primaryimage"},"thumbnailUrl":"https:\/\/now-news.de\/de\/wp-content\/uploads\/sites\/3\/2022\/05\/Brandon-Straka-tritt-Tucker-Carlson-bei-Beschreibt-die-schreckliche-Behandlung.jpg","keywords":["Behandlung","bei","Beschreibt","Bidens","Brandon","Carlson","das","die","DOJ","durch","erlitten","fbi","gegen","hat","schreckliche","Straka","tritt","Tucker","und","Vergehens","Video","wegen"],"articleSection":["USA"],"inLanguage":"de","potentialAction":[{"@type":"CommentAction","name":"Comment","target":["https:\/\/now-news.de\/de\/usa\/brandon-straka-tritt-tucker-carlson-bei-beschreibt-die-schreckliche-behandlung-die-er-durch-das-fbi-und-bidens-doj-wegen-vergehens-gegen-j6-erlitten-hat-video\/#respond"]}]},{"@type":"WebPage","@id":"https:\/\/now-news.de\/de\/usa\/brandon-straka-tritt-tucker-carlson-bei-beschreibt-die-schreckliche-behandlung-die-er-durch-das-fbi-und-bidens-doj-wegen-vergehens-gegen-j6-erlitten-hat-video\/","url":"https:\/\/now-news.de\/de\/usa\/brandon-straka-tritt-tucker-carlson-bei-beschreibt-die-schreckliche-behandlung-die-er-durch-das-fbi-und-bidens-doj-wegen-vergehens-gegen-j6-erlitten-hat-video\/","name":"Brandon Straka tritt Tucker Carlson bei: Beschreibt die schreckliche Behandlung, die er durch das FBI und Bidens DOJ wegen Vergehens gegen J6 erlitten hat (VIDEO) - just-now.NEWS Deutschland","isPartOf":{"@id":"https:\/\/now-news.de\/de\/#website"},"primaryImageOfPage":{"@id":"https:\/\/now-news.de\/de\/usa\/brandon-straka-tritt-tucker-carlson-bei-beschreibt-die-schreckliche-behandlung-die-er-durch-das-fbi-und-bidens-doj-wegen-vergehens-gegen-j6-erlitten-hat-video\/#primaryimage"},"image":{"@id":"https:\/\/now-news.de\/de\/usa\/brandon-straka-tritt-tucker-carlson-bei-beschreibt-die-schreckliche-behandlung-die-er-durch-das-fbi-und-bidens-doj-wegen-vergehens-gegen-j6-erlitten-hat-video\/#primaryimage"},"thumbnailUrl":"https:\/\/now-news.de\/de\/wp-content\/uploads\/sites\/3\/2022\/05\/Brandon-Straka-tritt-Tucker-Carlson-bei-Beschreibt-die-schreckliche-Behandlung.jpg","datePublished":"2022-05-04T13:24:00+00:00","dateModified":"2022-05-04T13:24:00+00:00","breadcrumb":{"@id":"https:\/\/now-news.de\/de\/usa\/brandon-straka-tritt-tucker-carlson-bei-beschreibt-die-schreckliche-behandlung-die-er-durch-das-fbi-und-bidens-doj-wegen-vergehens-gegen-j6-erlitten-hat-video\/#breadcrumb"},"inLanguage":"de","potentialAction":[{"@type":"ReadAction","target":["https:\/\/now-news.de\/de\/usa\/brandon-straka-tritt-tucker-carlson-bei-beschreibt-die-schreckliche-behandlung-die-er-durch-das-fbi-und-bidens-doj-wegen-vergehens-gegen-j6-erlitten-hat-video\/"]}]},{"@type":"ImageObject","inLanguage":"de","@id":"https:\/\/now-news.de\/de\/usa\/brandon-straka-tritt-tucker-carlson-bei-beschreibt-die-schreckliche-behandlung-die-er-durch-das-fbi-und-bidens-doj-wegen-vergehens-gegen-j6-erlitten-hat-video\/#primaryimage","url":"https:\/\/now-news.de\/de\/wp-content\/uploads\/sites\/3\/2022\/05\/Brandon-Straka-tritt-Tucker-Carlson-bei-Beschreibt-die-schreckliche-Behandlung.jpg","contentUrl":"https:\/\/now-news.de\/de\/wp-content\/uploads\/sites\/3\/2022\/05\/Brandon-Straka-tritt-Tucker-Carlson-bei-Beschreibt-die-schreckliche-Behandlung.jpg","width":782,"height":444},{"@type":"BreadcrumbList","@id":"https:\/\/now-news.de\/de\/usa\/brandon-straka-tritt-tucker-carlson-bei-beschreibt-die-schreckliche-behandlung-die-er-durch-das-fbi-und-bidens-doj-wegen-vergehens-gegen-j6-erlitten-hat-video\/#breadcrumb","itemListElement":[{"@type":"ListItem","position":1,"name":"Home","item":"https:\/\/now-news.de\/de\/"},{"@type":"ListItem","position":2,"name":"Brandon Straka tritt Tucker Carlson bei: Beschreibt die schreckliche Behandlung, die er durch das FBI und Bidens DOJ wegen Vergehens gegen J6 erlitten hat (VIDEO)"}]},{"@type":"WebSite","@id":"https:\/\/now-news.de\/de\/#website","url":"https:\/\/now-news.de\/de\/","name":"just-now.NEWS Deutschland","description":"Das Portal f\u00fcr unzensierte Nachrichten aus der Welt","publisher":{"@id":"https:\/\/now-news.de\/de\/#organization"},"potentialAction":[{"@type":"SearchAction","target":{"@type":"EntryPoint","urlTemplate":"https:\/\/now-news.de\/de\/?s={search_term_string}"},"query-input":"required name=search_term_string"}],"inLanguage":"de"},{"@type":"Organization","@id":"https:\/\/now-news.de\/de\/#organization","name":"Just Now News","url":"https:\/\/now-news.de\/de\/","logo":{"@type":"ImageObject","inLanguage":"de","@id":"https:\/\/now-news.de\/de\/#\/schema\/logo\/image\/","url":"http:\/\/just-now.news\/de\/wp-content\/uploads\/sites\/3\/2022\/04\/logo500x500.jpg","contentUrl":"http:\/\/just-now.news\/de\/wp-content\/uploads\/sites\/3\/2022\/04\/logo500x500.jpg","width":500,"height":500,"caption":"Just Now News"},"image":{"@id":"https:\/\/now-news.de\/de\/#\/schema\/logo\/image\/"},"sameAs":["https:\/\/www.facebook.com\/wirmachenauf","https:\/\/x.com\/WirMachenAuf_de"]},{"@type":"Person","@id":"https:\/\/now-news.de\/de\/#\/schema\/person\/8afb4cd92b68572db7902c13a349ffcb","name":"greatreset","image":{"@type":"ImageObject","inLanguage":"de","@id":"https:\/\/now-news.de\/de\/#\/schema\/person\/image\/","url":"https:\/\/secure.gravatar.com\/avatar\/a088df625d49991c090e78c8b9542592?s=96&d=mm&r=g","contentUrl":"https:\/\/secure.gravatar.com\/avatar\/a088df625d49991c090e78c8b9542592?s=96&d=mm&r=g","caption":"greatreset"},"url":"https:\/\/now-news.de\/de\/author\/greatreset\/"}]}},"_links":{"self":[{"href":"https:\/\/now-news.de\/de\/wp-json\/wp\/v2\/posts\/6729"}],"collection":[{"href":"https:\/\/now-news.de\/de\/wp-json\/wp\/v2\/posts"}],"about":[{"href":"https:\/\/now-news.de\/de\/wp-json\/wp\/v2\/types\/post"}],"author":[{"embeddable":true,"href":"https:\/\/now-news.de\/de\/wp-json\/wp\/v2\/users\/5"}],"replies":[{"embeddable":true,"href":"https:\/\/now-news.de\/de\/wp-json\/wp\/v2\/comments?post=6729"}],"version-history":[{"count":0,"href":"https:\/\/now-news.de\/de\/wp-json\/wp\/v2\/posts\/6729\/revisions"}],"wp:featuredmedia":[{"embeddable":true,"href":"https:\/\/now-news.de\/de\/wp-json\/wp\/v2\/media\/6730"}],"wp:attachment":[{"href":"https:\/\/now-news.de\/de\/wp-json\/wp\/v2\/media?parent=6729"}],"wp:term":[{"taxonomy":"category","embeddable":true,"href":"https:\/\/now-news.de\/de\/wp-json\/wp\/v2\/categories?post=6729"},{"taxonomy":"post_tag","embeddable":true,"href":"https:\/\/now-news.de\/de\/wp-json\/wp\/v2\/tags?post=6729"}],"curies":[{"name":"wp","href":"https:\/\/api.w.org\/{rel}","templated":true}]}}