{"id":67274,"date":"2024-08-22T18:10:46","date_gmt":"2024-08-22T16:10:46","guid":{"rendered":"https:\/\/now-news.de\/de\/deutschland\/die-demuetigung-deutschlands-wird-zu-einem-wiederaufleben-des-faschismus-fuehren\/"},"modified":"2024-08-22T18:10:46","modified_gmt":"2024-08-22T16:10:46","slug":"die-demuetigung-deutschlands-wird-zu-einem-wiederaufleben-des-faschismus-fuehren","status":"publish","type":"post","link":"https:\/\/now-news.de\/de\/deutschland\/die-demuetigung-deutschlands-wird-zu-einem-wiederaufleben-des-faschismus-fuehren\/","title":{"rendered":"Die Dem\u00fctigung Deutschlands wird zu einem Wiederaufleben des Faschismus f\u00fchren"},"content":{"rendered":"<p><img decoding=\"async\" src=\"https:\/\/now-news.de\/de\/wp-content\/uploads\/sites\/3\/2024\/08\/66c74ae248fbef511205b2c7.jpg\" \/><\/p>\n<div class=\"Text-root Text-type_1 \">\n                Seit Jahren wird vor einem Wiedererstarken des Faschismus in Deutschland gewarnt. Es fragt sich jedoch, in welchem Sinne und von welcher Seite dieser Begriff gebraucht wird. Die Regierenden misbrauchen ihn als Kampfbegriff zur Ablenkung und schaffen damit noch mehr Verwirrung in den Verh\u00e4ltnissen, die l\u00e4ngst auf dem Kopf stehen.\n            <\/div>\n<p><\/p>\n<div class=\"Text-root Text-type_5 ArticleView-text ViewText-root \">\n<p><em>Von Dmitri Bawyrin<\/em><\/p>\n<p>&#8220;Sie sollten mit Medaillen ausgezeichnet werden.&#8221; Solche Worte soll eine hochrangige deutsche Delegation von polnischen Kollegen geh\u00f6rt haben, als sie in Warschau eintraf, um die Auslieferung von Terrorverd\u00e4chtigen im Kontext der Zerst\u00f6rung der Nord-Stream-Gaspipeline zu erreichen.<\/p>\n<p>&#8220;Angeblich&#8221;, weil die amerikanische Ausgabe des\u00a0<em>Wall Street Journal<\/em>\u00a0dar\u00fcber schreibt, und die schreiben eine Menge Dinge, die man nicht glauben sollte (vor allem, wenn sie \u00fcber Russland schreiben). Aber hier w\u00fcrde Stanislawski sagen: &#8220;Ich glaube es!&#8221; Das ist er, das ist der echte polnische D\u00fcnkel. In diesem Fall richtet sie sich gegen einen offiziellen Verb\u00fcndeten, der f\u00fcr Polen Deutschland ist \u2013 ein Mitglied der NATO und der EU, genau wie es selbst.<\/p>\n<p>Deutschland wurde von einem Terroranschlag getroffen, bei dem eine strategisch wichtige Anlage des Energiesystems zerst\u00f6rt wurde. Dies f\u00fchrte zu enormen Verlusten auf allen Ebenen: Investoren verloren Milliarden, Deutsche zahlten schlicht Tausende zu viel f\u00fcr die Krise auf dem Energiemarkt, und die Industrie verlor einen wichtigen Wettbewerbsvorteil wie g\u00fcnstiges russisches Pipelinegas.<\/p>\n<p>Der Anschlag hat eine Rezession f\u00fcr die Wirtschaft eingeleitet, die eine wichtige Quelle des deutschen Stolzes gewesen war. Selten hat ein Terroranschlag eine so verheerende Wirkung auf die gesamte Nation gehabt.<\/p>\n<p>Den Deutschen wurde gesagt, sie sollten sich damit abfinden. Und das taten sie. Aus R\u00fccksicht auf die B\u00fcndnisverpflichtungen gegen\u00fcber den USA, der NATO und der Ukraine fragten sie nicht nach den Auftraggebern. Aber gleichzeitig versuchten die deutschen Strafverfolgungsbeh\u00f6rden, zumindest die T\u00e4ter zu ermitteln. Einfach, weil es ihre Aufgabe ist, und weil es sich um einen der bedeutendsten Terroranschl\u00e4ge in der Geschichte des Landes handelt.<\/p>\n<p>Das ist ihnen gelungen, oder sie haben zumindest drei Verd\u00e4chtige aufgetrieben, die sich dann unerwartet als Ukrainer herausstellten. Diese Ukrainer hielten sich in Polen auf, aber die polnischen Beh\u00f6rden ignorierten wochenlang die deutschen Anfragen. Dann kam eine hohe Delegation mit Bundeskanzler Olaf Scholz an der Spitze nach Warschau, die unter anderem die Aufgabe hatte, die Terrorverd\u00e4chtigen nach Berlin auszuliefern.<\/p>\n<p>Der Erfolg der Expedition l\u00e4sst sich daran ablesen, dass sich einer der Verd\u00e4chtigen nach diesen Ereignissen still und leise in die Ukraine absetzte, und dass die Deutschen genau diesen Satz \u00fcber die Medaillen zu h\u00f6ren bekamen.<\/p>\n<p>Der ist aber viel verletzender, als es auf den ersten Blick erscheinen mag. Zuvor hatte Berlin z\u00e4hneknirschend zugestimmt, angesichts der Konfrontation mit Russland kein russisches Gas zu kaufen \u2013 und h\u00e4tte einfach den Hahn auf seiner Seite zudrehen k\u00f6nnen, wie es im Wesentlichen mit dem einzigen intakt gebliebenen Strang von Nord Stream 2 geschieht. Aber die sogenannten Verb\u00fcndeten haben entschieden, dass es sicherer ist, die Pipelines in die Luft zu jagen, und haben damit den Deutschen die Entschlussf\u00e4higkeit und die M\u00f6glichkeit genommen, ihr Schicksal irgendwie zu beeinflussen.<\/p>\n<p>Verb\u00fcndete verhalten sich nicht auf diese Weise, und wenn sie es tun, sind sie keine Verb\u00fcndeten. Es ist fast genauso schwierig, Polen als Verb\u00fcndeten Deutschlands zu bezeichnen wie in vergangenen Perioden ihrer Geschichte, die von gegenseitiger Feindseligkeit gepr\u00e4gt waren. F\u00fcr eine dieser Perioden \u2013 den Zweiten Weltkrieg \u2013 forderte Warschau offiziell eine milliardenschwere Entsch\u00e4digung von Berlin, obwohl die Angelegenheit nach allgemeiner Auffassung l\u00e4ngst abgeschlossen zu sein schien.<\/p>\n<p>Die polnischen Beh\u00f6rden beschimpfen die deutschen Beh\u00f6rden offen und konsequent. Und es macht kaum einen Unterschied, welche Partei an der Macht ist: die nationalistische Partei &#8220;Recht und Gerechtigkeit&#8221;, bei deren Erw\u00e4hnung die Europ\u00e4ische Union den Finger auf den Kopf legt, oder die proeurop\u00e4ische &#8220;B\u00fcrgerplattform&#8221; des amtierenden Ministerpr\u00e4sidenten Donald Tusk. Nicht eine einzelne Partei, sondern Polen als Staat hat mehr als jedes andere EU-Land gegen Nord Stream gek\u00e4mpft \u2013 und hat mehr als jedes andere Land von dessen Zerst\u00f6rung profitiert, was schwer zu \u00fcbersehen ist.<\/p>\n<p>Jetzt deckt Warschau die Terroristen, ohne bef\u00fcrchten zu m\u00fcssen, als selbst in die Sache verstrickt zu erscheinen, und die Fremdscham ist f\u00fcr die Deutschen \u00fcberw\u00e4ltigend. In den Jahren der gro\u00dfen Wende hat ihnen das Schicksal eine Macht geschickt, unter der ihr Land nicht nur systematisch ausgeraubt, sondern auch systematisch gedem\u00fctigt wurde. Anderen, die sich in einer \u00e4hnlichen Situation befinden, wird wenigstens gedankt, den Deutschen wird gesagt: &#8220;Gib mehr!&#8221; und &#8220;So geschieht\u2019s dir recht!&#8221;<\/p>\n<p>Bei solchen Verb\u00fcndeten braucht man keine Feinde, und die polnischen Verb\u00fcndeten sind f\u00fcr Deutschland noch nicht die schlimmsten und bei weitem nicht die l\u00e4stigsten. Viel \u00fcbler sind zum Beispiel die Ukraine, mit der ein Beistandsvertrag geschlossen wurde, und die USA als Verb\u00fcndete.<\/p>\n<p>Der Ukrainer war derjenige, der f\u00fcr den Deutschen als Freund angeworben wurde, damit der Deutsche dessen Rechnung bezahlte \u2013 und f\u00fcr eine Vernichtung in einem offensichtlich bereits verlorenen Kampf mit dem Russen. Und der Amerikaner war derjenige, der den Betrug durchzog und mit dem Kampf Geld verdiente.<\/p>\n<p>In letzter Zeit nimmt dies f\u00fcr Deutschland eine immer dem\u00fctigendere Form an \u2013 so sehr, dass es besorgniserregend sein sollte. Denn, wie Sie wissen, ist es ein sehr schlechtes Zeichen, die Deutschen gleichzeitig zu berauben und zu dem\u00fctigen. Das l\u00e4sst bei ihnen den Faschismus wieder auferstehen. Auch die deutschen Beh\u00f6rden selbst werden das nicht bestreiten.<\/p>\n<p>Das ist kein b\u00f6ser Scherz, das ist eher der deutsche Trott. Eine Regierung, die so unf\u00e4hig ist, dass sie nur Rechnungen und Ohrfeigen f\u00fcr die Nation kassiert, kann nicht von Dauer sein. Fr\u00fcher oder sp\u00e4ter wird eine solche Regierung vor die T\u00fcr gesetzt, aber der deutsche Fall wird durch die Tatsache kompliziert, dass die f\u00fchrende Oppositionspartei sich in ihrer Herangehensweise an die grundlegenden Probleme \u2013 Unterst\u00fctzung f\u00fcr die Ukraine, Abh\u00e4ngigkeit von den Vereinigten Staaten, Wahrnehmung Polens als Verb\u00fcndeter \u2013 nicht von der derzeitigen Regierung unterscheidet.<\/p>\n<p>Die popul\u00e4rste Partei unter den Anbietern eines alternativen Ansatzes hei\u00dft &#8220;Alternative f\u00fcr Deutschland&#8221;. Schon in diesem Herbst verspricht sie bei den Landtagswahlen im Osten des Landes einen Triumph zu erringen. Es ist die &#8220;Alternative&#8221;, die mit der Erniedrigung durch Verarmung politisch punktet. Und sie ist es, die als der Aufstieg des Faschismus bezeichnet werden wird, sobald sie in bedrohliche N\u00e4he eben jener Macht kommt.<\/p>\n<p>Genauer gesagt, wurde die &#8220;Alternative&#8221; bereits vor langer Zeit f\u00fcr faschistisch erkl\u00e4rt. Es geht um ihr wahrscheinliches Verbot, damit der Faschismus nicht durchkommt. Die Geschichte wiederholt sich in Form einer Farce.<\/p>\n<p>Ein Deutscher zu sein ist ein Dilemma, wenn man entweder ein Faschist oder ein hoffnungsloser Dulder ist. Aber eigentlich gibt es gar keine Wahl: Niemand wird den Deutschen erlauben, sich f\u00fcr den Faschismus zu entscheiden, der in diesem Fall als banale Selbstachtung und mangelnde Bereitschaft, die Rechnungen anderer zu bezahlen, verordnet wurde.<\/p>\n<p>Es gibt keinen Grund f\u00fcr irgendwelche Illusionen \u2013 es gibt keinen Ausweg aus diesem Trott. Der Mangel an milit\u00e4rischer und politischer Souver\u00e4nit\u00e4t ist nicht nur ein teures Vergn\u00fcgen. Es ist \u00fcberhaupt kein Vergn\u00fcgen, sondern eine Reihe von systemischen Dem\u00fctigungen, bei denen man ein untermenschliches Wesen ist, das jederzeit belogen und ausgeraubt werden und dem man eine Gaspipeline in die Luft jagen kann, w\u00e4hrend man sich selbst einen Verb\u00fcndeten nennt.<\/p>\n<p>Ich danke Dir, Gott, dass ich kein Deutscher bin.<\/p>\n<p><em>\u00dcbersetzt aus dem <a rel=\"nofollow noopener\" target=\"_blank\" href=\"https:\/\/ria.ru\/20240822\/unizhenie-1967699032.html\">Russischen<\/a>. Der Artikel ist zuerst am 22. August 2024 bei RIA Nowosti erschienen.<\/em><\/p>\n<p><strong>Mehr zum Thema<\/strong> &#8211; <a rel=\"nofollow noopener\" target=\"_blank\" href=\"https:\/\/dert.site\/meinung\/216100-nord-stream-terrorismus-versteher\/\">Nord Stream: Die Terroristen-Versteher<\/a><\/p>\n<\/div>\n<p><br \/>\n<br \/><a href=\"https:\/\/de.rt.com\/meinung\/216530-demuetigung-deutschlands-wird-zu-wiederaufleben\/\">Source link <\/a><\/p>\n","protected":false},"excerpt":{"rendered":"<p>Seit Jahren wird vor einem Wiedererstarken des Faschismus in Deutschland gewarnt. Es fragt sich jedoch, in welchem Sinne und von welcher Seite dieser Begriff gebraucht wird. Die Regierenden misbrauchen ihn als Kampfbegriff zur Ablenkung und schaffen damit noch mehr Verwirrung in den Verh\u00e4ltnissen, die l\u00e4ngst auf dem Kopf stehen. Von Dmitri Bawyrin &#8220;Sie sollten mit [&hellip;]<\/p>\n","protected":false},"author":3,"featured_media":67275,"comment_status":"open","ping_status":"open","sticky":false,"template":"","format":"standard","meta":{"_yoast_indexnow_last_ping":["1724343575"],"wp_automatic_camp":["217"],"39489bd92a36bd7bf03d6d46a5d91253":["Die Dem\u00fctigung Deutschlands wird zu einem Wiederaufleben des Faschismus f\u00fchren"],"original_link":["https:\/\/de.rt.com\/meinung\/216530-demuetigung-deutschlands-wird-zu-wiederaufleben\/"],"_thumbnail_id":["67275"],"_wptgpro_p2tg_sent2tg":["a:1:{i:23737;s:19:\"2024-08-22 18:20:45\";}"],"jnews_social_counter_last_update":["1777262197"]},"categories":[19,23],"tags":[25921,583,4480,45,352,5001,1402,27660,374],"yoast_head":"<!-- This site is optimized with the Yoast SEO Premium plugin v22.7 (Yoast SEO v22.7) - https:\/\/yoast.com\/wordpress\/plugins\/seo\/ -->\n<title>Die Dem\u00fctigung Deutschlands wird zu einem Wiederaufleben des Faschismus f\u00fchren - just-now.NEWS Deutschland<\/title>\n<meta name=\"robots\" content=\"index, follow, max-snippet:-1, max-image-preview:large, max-video-preview:-1\" \/>\n<link rel=\"canonical\" href=\"https:\/\/now-news.de\/de\/deutschland\/die-demuetigung-deutschlands-wird-zu-einem-wiederaufleben-des-faschismus-fuehren\/\" \/>\n<meta property=\"og:locale\" content=\"de_DE\" \/>\n<meta property=\"og:type\" content=\"article\" \/>\n<meta property=\"og:title\" content=\"Die Dem\u00fctigung Deutschlands wird zu einem Wiederaufleben des Faschismus f\u00fchren\" \/>\n<meta property=\"og:description\" content=\"Seit Jahren wird vor einem Wiedererstarken des Faschismus in Deutschland gewarnt. Es fragt sich jedoch, in welchem Sinne und von welcher Seite dieser Begriff gebraucht wird. Die Regierenden misbrauchen ihn als Kampfbegriff zur Ablenkung und schaffen damit noch mehr Verwirrung in den Verh\u00e4ltnissen, die l\u00e4ngst auf dem Kopf stehen. Von Dmitri Bawyrin &#8220;Sie sollten mit [&hellip;]\" \/>\n<meta property=\"og:url\" content=\"https:\/\/now-news.de\/de\/deutschland\/die-demuetigung-deutschlands-wird-zu-einem-wiederaufleben-des-faschismus-fuehren\/\" \/>\n<meta property=\"og:site_name\" content=\"just-now.NEWS Deutschland\" \/>\n<meta property=\"article:publisher\" content=\"https:\/\/www.facebook.com\/wirmachenauf\" \/>\n<meta property=\"article:published_time\" content=\"2024-08-22T16:10:46+00:00\" \/>\n<meta property=\"og:image\" content=\"https:\/\/now-news.de\/de\/wp-content\/uploads\/sites\/3\/2024\/08\/66c74ae248fbef511205b2c7.jpg\" \/>\n<meta name=\"author\" content=\"rtnews\" \/>\n<meta name=\"twitter:card\" content=\"summary_large_image\" \/>\n<meta name=\"twitter:creator\" content=\"@WirMachenAuf_de\" \/>\n<meta name=\"twitter:site\" content=\"@WirMachenAuf_de\" \/>\n<meta name=\"twitter:label1\" content=\"Verfasst von\" \/>\n\t<meta name=\"twitter:data1\" content=\"rtnews\" \/>\n\t<meta name=\"twitter:label2\" content=\"Gesch\u00e4tzte Lesezeit\" \/>\n\t<meta name=\"twitter:data2\" content=\"6\u00a0Minuten\" \/>\n<script type=\"application\/ld+json\" class=\"yoast-schema-graph\">{\"@context\":\"https:\/\/schema.org\",\"@graph\":[{\"@type\":\"Article\",\"@id\":\"https:\/\/now-news.de\/de\/deutschland\/die-demuetigung-deutschlands-wird-zu-einem-wiederaufleben-des-faschismus-fuehren\/#article\",\"isPartOf\":{\"@id\":\"https:\/\/now-news.de\/de\/deutschland\/die-demuetigung-deutschlands-wird-zu-einem-wiederaufleben-des-faschismus-fuehren\/\"},\"author\":{\"name\":\"rtnews\",\"@id\":\"https:\/\/now-news.de\/de\/#\/schema\/person\/fb534a4e865501d8b3285208df34a9b5\"},\"headline\":\"Die Dem\u00fctigung Deutschlands wird zu einem Wiederaufleben des Faschismus f\u00fchren\",\"datePublished\":\"2024-08-22T16:10:46+00:00\",\"dateModified\":\"2024-08-22T16:10:46+00:00\",\"mainEntityOfPage\":{\"@id\":\"https:\/\/now-news.de\/de\/deutschland\/die-demuetigung-deutschlands-wird-zu-einem-wiederaufleben-des-faschismus-fuehren\/\"},\"wordCount\":1287,\"commentCount\":0,\"publisher\":{\"@id\":\"https:\/\/now-news.de\/de\/#organization\"},\"image\":{\"@id\":\"https:\/\/now-news.de\/de\/deutschland\/die-demuetigung-deutschlands-wird-zu-einem-wiederaufleben-des-faschismus-fuehren\/#primaryimage\"},\"thumbnailUrl\":\"https:\/\/now-news.de\/de\/wp-content\/uploads\/sites\/3\/2024\/08\/Die-Demuetigung-Deutschlands-wird-zu-einem-Wiederaufleben-des-Faschismus-fuehren.jpg\",\"keywords\":[\"Dem\u00fctigung\",\"des\",\"Deutschlands\",\"die\",\"einem\",\"Faschismus\",\"f\u00fchren\",\"Wiederaufleben\",\"wird\"],\"articleSection\":[\"Deutschland\",\"Russland\"],\"inLanguage\":\"de\",\"potentialAction\":[{\"@type\":\"CommentAction\",\"name\":\"Comment\",\"target\":[\"https:\/\/now-news.de\/de\/deutschland\/die-demuetigung-deutschlands-wird-zu-einem-wiederaufleben-des-faschismus-fuehren\/#respond\"]}]},{\"@type\":\"WebPage\",\"@id\":\"https:\/\/now-news.de\/de\/deutschland\/die-demuetigung-deutschlands-wird-zu-einem-wiederaufleben-des-faschismus-fuehren\/\",\"url\":\"https:\/\/now-news.de\/de\/deutschland\/die-demuetigung-deutschlands-wird-zu-einem-wiederaufleben-des-faschismus-fuehren\/\",\"name\":\"Die Dem\u00fctigung Deutschlands wird zu einem Wiederaufleben des Faschismus f\u00fchren - just-now.NEWS Deutschland\",\"isPartOf\":{\"@id\":\"https:\/\/now-news.de\/de\/#website\"},\"primaryImageOfPage\":{\"@id\":\"https:\/\/now-news.de\/de\/deutschland\/die-demuetigung-deutschlands-wird-zu-einem-wiederaufleben-des-faschismus-fuehren\/#primaryimage\"},\"image\":{\"@id\":\"https:\/\/now-news.de\/de\/deutschland\/die-demuetigung-deutschlands-wird-zu-einem-wiederaufleben-des-faschismus-fuehren\/#primaryimage\"},\"thumbnailUrl\":\"https:\/\/now-news.de\/de\/wp-content\/uploads\/sites\/3\/2024\/08\/Die-Demuetigung-Deutschlands-wird-zu-einem-Wiederaufleben-des-Faschismus-fuehren.jpg\",\"datePublished\":\"2024-08-22T16:10:46+00:00\",\"dateModified\":\"2024-08-22T16:10:46+00:00\",\"breadcrumb\":{\"@id\":\"https:\/\/now-news.de\/de\/deutschland\/die-demuetigung-deutschlands-wird-zu-einem-wiederaufleben-des-faschismus-fuehren\/#breadcrumb\"},\"inLanguage\":\"de\",\"potentialAction\":[{\"@type\":\"ReadAction\",\"target\":[\"https:\/\/now-news.de\/de\/deutschland\/die-demuetigung-deutschlands-wird-zu-einem-wiederaufleben-des-faschismus-fuehren\/\"]}]},{\"@type\":\"ImageObject\",\"inLanguage\":\"de\",\"@id\":\"https:\/\/now-news.de\/de\/deutschland\/die-demuetigung-deutschlands-wird-zu-einem-wiederaufleben-des-faschismus-fuehren\/#primaryimage\",\"url\":\"https:\/\/now-news.de\/de\/wp-content\/uploads\/sites\/3\/2024\/08\/Die-Demuetigung-Deutschlands-wird-zu-einem-Wiederaufleben-des-Faschismus-fuehren.jpg\",\"contentUrl\":\"https:\/\/now-news.de\/de\/wp-content\/uploads\/sites\/3\/2024\/08\/Die-Demuetigung-Deutschlands-wird-zu-einem-Wiederaufleben-des-Faschismus-fuehren.jpg\",\"width\":460,\"height\":259,\"caption\":\"Die Dem\u00fctigung Deutschlands wird zu einem Wiederaufleben des Faschismus f\u00fchren\"},{\"@type\":\"BreadcrumbList\",\"@id\":\"https:\/\/now-news.de\/de\/deutschland\/die-demuetigung-deutschlands-wird-zu-einem-wiederaufleben-des-faschismus-fuehren\/#breadcrumb\",\"itemListElement\":[{\"@type\":\"ListItem\",\"position\":1,\"name\":\"Home\",\"item\":\"https:\/\/now-news.de\/de\/\"},{\"@type\":\"ListItem\",\"position\":2,\"name\":\"Die Dem\u00fctigung Deutschlands wird zu einem Wiederaufleben des Faschismus f\u00fchren\"}]},{\"@type\":\"WebSite\",\"@id\":\"https:\/\/now-news.de\/de\/#website\",\"url\":\"https:\/\/now-news.de\/de\/\",\"name\":\"just-now.NEWS Deutschland\",\"description\":\"Das Portal f\u00fcr unzensierte Nachrichten aus der Welt\",\"publisher\":{\"@id\":\"https:\/\/now-news.de\/de\/#organization\"},\"potentialAction\":[{\"@type\":\"SearchAction\",\"target\":{\"@type\":\"EntryPoint\",\"urlTemplate\":\"https:\/\/now-news.de\/de\/?s={search_term_string}\"},\"query-input\":\"required name=search_term_string\"}],\"inLanguage\":\"de\"},{\"@type\":\"Organization\",\"@id\":\"https:\/\/now-news.de\/de\/#organization\",\"name\":\"Just Now News\",\"url\":\"https:\/\/now-news.de\/de\/\",\"logo\":{\"@type\":\"ImageObject\",\"inLanguage\":\"de\",\"@id\":\"https:\/\/now-news.de\/de\/#\/schema\/logo\/image\/\",\"url\":\"http:\/\/just-now.news\/de\/wp-content\/uploads\/sites\/3\/2022\/04\/logo500x500.jpg\",\"contentUrl\":\"http:\/\/just-now.news\/de\/wp-content\/uploads\/sites\/3\/2022\/04\/logo500x500.jpg\",\"width\":500,\"height\":500,\"caption\":\"Just Now News\"},\"image\":{\"@id\":\"https:\/\/now-news.de\/de\/#\/schema\/logo\/image\/\"},\"sameAs\":[\"https:\/\/www.facebook.com\/wirmachenauf\",\"https:\/\/x.com\/WirMachenAuf_de\"]},{\"@type\":\"Person\",\"@id\":\"https:\/\/now-news.de\/de\/#\/schema\/person\/fb534a4e865501d8b3285208df34a9b5\",\"name\":\"rtnews\",\"image\":{\"@type\":\"ImageObject\",\"inLanguage\":\"de\",\"@id\":\"https:\/\/now-news.de\/de\/#\/schema\/person\/image\/\",\"url\":\"https:\/\/secure.gravatar.com\/avatar\/82aafea7d8127119dd649515f56e2117?s=96&d=mm&r=g\",\"contentUrl\":\"https:\/\/secure.gravatar.com\/avatar\/82aafea7d8127119dd649515f56e2117?s=96&d=mm&r=g\",\"caption\":\"rtnews\"},\"url\":\"https:\/\/now-news.de\/de\/author\/rnews\/\"}]}<\/script>\n<!-- \/ Yoast SEO Premium plugin. -->","yoast_head_json":{"title":"Die Dem\u00fctigung Deutschlands wird zu einem Wiederaufleben des Faschismus f\u00fchren - just-now.NEWS Deutschland","robots":{"index":"index","follow":"follow","max-snippet":"max-snippet:-1","max-image-preview":"max-image-preview:large","max-video-preview":"max-video-preview:-1"},"canonical":"https:\/\/now-news.de\/de\/deutschland\/die-demuetigung-deutschlands-wird-zu-einem-wiederaufleben-des-faschismus-fuehren\/","og_locale":"de_DE","og_type":"article","og_title":"Die Dem\u00fctigung Deutschlands wird zu einem Wiederaufleben des Faschismus f\u00fchren","og_description":"Seit Jahren wird vor einem Wiedererstarken des Faschismus in Deutschland gewarnt. Es fragt sich jedoch, in welchem Sinne und von welcher Seite dieser Begriff gebraucht wird. Die Regierenden misbrauchen ihn als Kampfbegriff zur Ablenkung und schaffen damit noch mehr Verwirrung in den Verh\u00e4ltnissen, die l\u00e4ngst auf dem Kopf stehen. Von Dmitri Bawyrin &#8220;Sie sollten mit [&hellip;]","og_url":"https:\/\/now-news.de\/de\/deutschland\/die-demuetigung-deutschlands-wird-zu-einem-wiederaufleben-des-faschismus-fuehren\/","og_site_name":"just-now.NEWS Deutschland","article_publisher":"https:\/\/www.facebook.com\/wirmachenauf","article_published_time":"2024-08-22T16:10:46+00:00","og_image":[{"url":"https:\/\/now-news.de\/de\/wp-content\/uploads\/sites\/3\/2024\/08\/66c74ae248fbef511205b2c7.jpg"}],"author":"rtnews","twitter_card":"summary_large_image","twitter_creator":"@WirMachenAuf_de","twitter_site":"@WirMachenAuf_de","twitter_misc":{"Verfasst von":"rtnews","Gesch\u00e4tzte Lesezeit":"6\u00a0Minuten"},"schema":{"@context":"https:\/\/schema.org","@graph":[{"@type":"Article","@id":"https:\/\/now-news.de\/de\/deutschland\/die-demuetigung-deutschlands-wird-zu-einem-wiederaufleben-des-faschismus-fuehren\/#article","isPartOf":{"@id":"https:\/\/now-news.de\/de\/deutschland\/die-demuetigung-deutschlands-wird-zu-einem-wiederaufleben-des-faschismus-fuehren\/"},"author":{"name":"rtnews","@id":"https:\/\/now-news.de\/de\/#\/schema\/person\/fb534a4e865501d8b3285208df34a9b5"},"headline":"Die Dem\u00fctigung Deutschlands wird zu einem Wiederaufleben des Faschismus f\u00fchren","datePublished":"2024-08-22T16:10:46+00:00","dateModified":"2024-08-22T16:10:46+00:00","mainEntityOfPage":{"@id":"https:\/\/now-news.de\/de\/deutschland\/die-demuetigung-deutschlands-wird-zu-einem-wiederaufleben-des-faschismus-fuehren\/"},"wordCount":1287,"commentCount":0,"publisher":{"@id":"https:\/\/now-news.de\/de\/#organization"},"image":{"@id":"https:\/\/now-news.de\/de\/deutschland\/die-demuetigung-deutschlands-wird-zu-einem-wiederaufleben-des-faschismus-fuehren\/#primaryimage"},"thumbnailUrl":"https:\/\/now-news.de\/de\/wp-content\/uploads\/sites\/3\/2024\/08\/Die-Demuetigung-Deutschlands-wird-zu-einem-Wiederaufleben-des-Faschismus-fuehren.jpg","keywords":["Dem\u00fctigung","des","Deutschlands","die","einem","Faschismus","f\u00fchren","Wiederaufleben","wird"],"articleSection":["Deutschland","Russland"],"inLanguage":"de","potentialAction":[{"@type":"CommentAction","name":"Comment","target":["https:\/\/now-news.de\/de\/deutschland\/die-demuetigung-deutschlands-wird-zu-einem-wiederaufleben-des-faschismus-fuehren\/#respond"]}]},{"@type":"WebPage","@id":"https:\/\/now-news.de\/de\/deutschland\/die-demuetigung-deutschlands-wird-zu-einem-wiederaufleben-des-faschismus-fuehren\/","url":"https:\/\/now-news.de\/de\/deutschland\/die-demuetigung-deutschlands-wird-zu-einem-wiederaufleben-des-faschismus-fuehren\/","name":"Die Dem\u00fctigung Deutschlands wird zu einem Wiederaufleben des Faschismus f\u00fchren - just-now.NEWS Deutschland","isPartOf":{"@id":"https:\/\/now-news.de\/de\/#website"},"primaryImageOfPage":{"@id":"https:\/\/now-news.de\/de\/deutschland\/die-demuetigung-deutschlands-wird-zu-einem-wiederaufleben-des-faschismus-fuehren\/#primaryimage"},"image":{"@id":"https:\/\/now-news.de\/de\/deutschland\/die-demuetigung-deutschlands-wird-zu-einem-wiederaufleben-des-faschismus-fuehren\/#primaryimage"},"thumbnailUrl":"https:\/\/now-news.de\/de\/wp-content\/uploads\/sites\/3\/2024\/08\/Die-Demuetigung-Deutschlands-wird-zu-einem-Wiederaufleben-des-Faschismus-fuehren.jpg","datePublished":"2024-08-22T16:10:46+00:00","dateModified":"2024-08-22T16:10:46+00:00","breadcrumb":{"@id":"https:\/\/now-news.de\/de\/deutschland\/die-demuetigung-deutschlands-wird-zu-einem-wiederaufleben-des-faschismus-fuehren\/#breadcrumb"},"inLanguage":"de","potentialAction":[{"@type":"ReadAction","target":["https:\/\/now-news.de\/de\/deutschland\/die-demuetigung-deutschlands-wird-zu-einem-wiederaufleben-des-faschismus-fuehren\/"]}]},{"@type":"ImageObject","inLanguage":"de","@id":"https:\/\/now-news.de\/de\/deutschland\/die-demuetigung-deutschlands-wird-zu-einem-wiederaufleben-des-faschismus-fuehren\/#primaryimage","url":"https:\/\/now-news.de\/de\/wp-content\/uploads\/sites\/3\/2024\/08\/Die-Demuetigung-Deutschlands-wird-zu-einem-Wiederaufleben-des-Faschismus-fuehren.jpg","contentUrl":"https:\/\/now-news.de\/de\/wp-content\/uploads\/sites\/3\/2024\/08\/Die-Demuetigung-Deutschlands-wird-zu-einem-Wiederaufleben-des-Faschismus-fuehren.jpg","width":460,"height":259,"caption":"Die Dem\u00fctigung Deutschlands wird zu einem Wiederaufleben des Faschismus f\u00fchren"},{"@type":"BreadcrumbList","@id":"https:\/\/now-news.de\/de\/deutschland\/die-demuetigung-deutschlands-wird-zu-einem-wiederaufleben-des-faschismus-fuehren\/#breadcrumb","itemListElement":[{"@type":"ListItem","position":1,"name":"Home","item":"https:\/\/now-news.de\/de\/"},{"@type":"ListItem","position":2,"name":"Die Dem\u00fctigung Deutschlands wird zu einem Wiederaufleben des Faschismus f\u00fchren"}]},{"@type":"WebSite","@id":"https:\/\/now-news.de\/de\/#website","url":"https:\/\/now-news.de\/de\/","name":"just-now.NEWS Deutschland","description":"Das Portal f\u00fcr unzensierte Nachrichten aus der Welt","publisher":{"@id":"https:\/\/now-news.de\/de\/#organization"},"potentialAction":[{"@type":"SearchAction","target":{"@type":"EntryPoint","urlTemplate":"https:\/\/now-news.de\/de\/?s={search_term_string}"},"query-input":"required name=search_term_string"}],"inLanguage":"de"},{"@type":"Organization","@id":"https:\/\/now-news.de\/de\/#organization","name":"Just Now News","url":"https:\/\/now-news.de\/de\/","logo":{"@type":"ImageObject","inLanguage":"de","@id":"https:\/\/now-news.de\/de\/#\/schema\/logo\/image\/","url":"http:\/\/just-now.news\/de\/wp-content\/uploads\/sites\/3\/2022\/04\/logo500x500.jpg","contentUrl":"http:\/\/just-now.news\/de\/wp-content\/uploads\/sites\/3\/2022\/04\/logo500x500.jpg","width":500,"height":500,"caption":"Just Now News"},"image":{"@id":"https:\/\/now-news.de\/de\/#\/schema\/logo\/image\/"},"sameAs":["https:\/\/www.facebook.com\/wirmachenauf","https:\/\/x.com\/WirMachenAuf_de"]},{"@type":"Person","@id":"https:\/\/now-news.de\/de\/#\/schema\/person\/fb534a4e865501d8b3285208df34a9b5","name":"rtnews","image":{"@type":"ImageObject","inLanguage":"de","@id":"https:\/\/now-news.de\/de\/#\/schema\/person\/image\/","url":"https:\/\/secure.gravatar.com\/avatar\/82aafea7d8127119dd649515f56e2117?s=96&d=mm&r=g","contentUrl":"https:\/\/secure.gravatar.com\/avatar\/82aafea7d8127119dd649515f56e2117?s=96&d=mm&r=g","caption":"rtnews"},"url":"https:\/\/now-news.de\/de\/author\/rnews\/"}]}},"_links":{"self":[{"href":"https:\/\/now-news.de\/de\/wp-json\/wp\/v2\/posts\/67274"}],"collection":[{"href":"https:\/\/now-news.de\/de\/wp-json\/wp\/v2\/posts"}],"about":[{"href":"https:\/\/now-news.de\/de\/wp-json\/wp\/v2\/types\/post"}],"author":[{"embeddable":true,"href":"https:\/\/now-news.de\/de\/wp-json\/wp\/v2\/users\/3"}],"replies":[{"embeddable":true,"href":"https:\/\/now-news.de\/de\/wp-json\/wp\/v2\/comments?post=67274"}],"version-history":[{"count":0,"href":"https:\/\/now-news.de\/de\/wp-json\/wp\/v2\/posts\/67274\/revisions"}],"wp:featuredmedia":[{"embeddable":true,"href":"https:\/\/now-news.de\/de\/wp-json\/wp\/v2\/media\/67275"}],"wp:attachment":[{"href":"https:\/\/now-news.de\/de\/wp-json\/wp\/v2\/media?parent=67274"}],"wp:term":[{"taxonomy":"category","embeddable":true,"href":"https:\/\/now-news.de\/de\/wp-json\/wp\/v2\/categories?post=67274"},{"taxonomy":"post_tag","embeddable":true,"href":"https:\/\/now-news.de\/de\/wp-json\/wp\/v2\/tags?post=67274"}],"curies":[{"name":"wp","href":"https:\/\/api.w.org\/{rel}","templated":true}]}}