{"id":67272,"date":"2024-08-22T17:44:02","date_gmt":"2024-08-22T15:44:02","guid":{"rendered":"https:\/\/now-news.de\/de\/deutschland\/bericht-kiew-will-weg-fuer-gespraeche-mit-moskau-im-herbst-ebnen\/"},"modified":"2024-08-22T17:44:02","modified_gmt":"2024-08-22T15:44:02","slug":"bericht-kiew-will-weg-fuer-gespraeche-mit-moskau-im-herbst-ebnen","status":"publish","type":"post","link":"https:\/\/now-news.de\/de\/deutschland\/bericht-kiew-will-weg-fuer-gespraeche-mit-moskau-im-herbst-ebnen\/","title":{"rendered":"Bericht: Kiew will Weg f\u00fcr Gespr\u00e4che mit Moskau im Herbst ebnen"},"content":{"rendered":"<p><img decoding=\"async\" src=\"https:\/\/now-news.de\/de\/wp-content\/uploads\/sites\/3\/2024\/08\/66c7224948fbef443a2ddd4c.jpg\" \/><\/p>\n<div class=\"Text-root Text-type_1 \">\n                Die ukrainischen Beh\u00f6rden wollen sich einem Bericht zufolge auf Gespr\u00e4che mit Russland im Herbst dieses Jahres vorbereiten. Dabei soll es um den Austausch von Gefangenen, Lebensmittelsicherheit und nukleare Sicherheit gehen.\n            <\/div>\n<p><\/p>\n<div class=\"Text-root Text-type_5 ArticleView-text ViewText-root \">\n<p>Die Zeitung\u00a0<em>The Kyiv Independent<\/em>\u00a0zitiert eine Quelle aus dem Umfeld des ukrainischen Pr\u00e4sidenten, wonach Kiew plant, sich auf m\u00f6gliche Gespr\u00e4che mit Moskau in diesem Herbst vorzubereiten. Dabei soll es um den Austausch von Gefangenen nach dem Prinzip &#8220;alle gegen alle&#8221;, Lebensmittelsicherheit und nukleare Sicherheit gehen. Die Bem\u00fchungen der Ukraine zur Vorbereitung der Gespr\u00e4che finden demnach im Vorfeld der US-Pr\u00e4sidentschaftswahlen statt.<\/p>\n<p>Laut einer im Juli f\u00fcr die ukrainische Online-Zeitung\u00a0<em>Dzerkalo Tyzhnia<\/em>\u00a0durchgef\u00fchrten Umfrage sind 44 Prozent der Ukrainer in den Gebieten hinter der Frontlinie der Meinung, dass es an der Zeit sei, offizielle Gespr\u00e4che zwischen Kiew und Moskau aufzunehmen. 35 Prozent meinen, es gebe keinen Grund f\u00fcr Friedensgespr\u00e4che, weitere 21 Prozent sind unentschieden.<\/p>\n<p>Vergangene Woche berichtete die <em>Washington Post<\/em>, dass der ukrainische Einmarsch in die Grenzregion Kursk angeblich geplante Gespr\u00e4che zwischen Moskau und Kiew unter Vermittlung von Katar unterbrochen habe. Aus dem russischen Au\u00dfenministerium hie\u00df es, zwischen Russland und der Ukraine gebe es nichts zu besprechen. Das B\u00fcro von Wladimir Selenskij teilte mit, die Gespr\u00e4che seien geplant gewesen, aber verschoben worden.<\/p>\n<p>Mitte Juni hatte Wladimir Putin der Ukraine f\u00fcr die Aufnahme von Verhandlungen mehrere Bedingungen gestellt: den R\u00fcckzug der Truppen aus den Regionen Donezk, Lugansk, Saporoschje und Cherson sowie den Verzicht auf die NATO-Mitgliedschaft. Kiew lehnte diese Bedingungen ab und bezeichnete sie als Ultimaten. Nach dem Einmarsch der ukrainischen Armee in die Grenzregion Kursk sagte Putin, es sei sinnlos, mit Leuten zu verhandeln, die &#8220;wahllos friedliche Menschen angreifen&#8221; oder &#8220;versuchen, eine Bedrohung f\u00fcr Atomkraftwerke zu schaffen&#8221;.\u00a0Kiew erkl\u00e4rte, die Operation in der Region Kursk sei ein Versuch, seine Verhandlungsposition zu st\u00e4rken.\u00a0<\/p>\n<p><strong>Mehr zum Thema<\/strong> &#8211; <a rel=\"nofollow noopener\" target=\"_blank\" href=\"https:\/\/freedert.online\/russland\/216221-russisches-aussenministerium-keine-friedensgespraeche-mit\/\">Russisches Au\u00dfenministerium: Keine Friedensgespr\u00e4che mit Kiew nach Angriff auf Kursk<\/a><\/p>\n<\/div>\n<p><br \/>\n<br \/><a href=\"https:\/\/de.rt.com\/europa\/216500-bericht-kiew-will-weg-fuer\/\">Source link <\/a><\/p>\n","protected":false},"excerpt":{"rendered":"<p>Die ukrainischen Beh\u00f6rden wollen sich einem Bericht zufolge auf Gespr\u00e4che mit Russland im Herbst dieses Jahres vorbereiten. Dabei soll es um den Austausch von Gefangenen, Lebensmittelsicherheit und nukleare Sicherheit gehen. Die Zeitung\u00a0The Kyiv Independent\u00a0zitiert eine Quelle aus dem Umfeld des ukrainischen Pr\u00e4sidenten, wonach Kiew plant, sich auf m\u00f6gliche Gespr\u00e4che mit Moskau in diesem Herbst vorzubereiten. [&hellip;]<\/p>\n","protected":false},"author":3,"featured_media":67273,"comment_status":"open","ping_status":"open","sticky":false,"template":"","format":"standard","meta":{"_yoast_indexnow_last_ping":["1724342615"],"wp_automatic_camp":["217"],"2afb86a1d4bb3f810620788f87eed997":["Bericht: Kiew will Weg f\u00fcr Gespr\u00e4che mit Moskau im Herbst ebnen"],"original_link":["https:\/\/de.rt.com\/europa\/216500-bericht-kiew-will-weg-fuer\/"],"_thumbnail_id":["67273"],"_wptgpro_p2tg_sent2tg":["a:1:{i:23737;s:19:\"2024-08-22 18:04:37\";}"],"jnews_social_counter_last_update":["1777279699"]},"categories":[19,23],"tags":[667,43577,221,11231,529,1025,419,946,2404],"yoast_head":"<!-- This site is optimized with the Yoast SEO Premium plugin v22.7 (Yoast SEO v22.7) - https:\/\/yoast.com\/wordpress\/plugins\/seo\/ -->\n<title>Bericht: Kiew will Weg f\u00fcr Gespr\u00e4che mit Moskau im Herbst ebnen - just-now.NEWS Deutschland<\/title>\n<meta name=\"robots\" content=\"index, follow, max-snippet:-1, max-image-preview:large, max-video-preview:-1\" \/>\n<link rel=\"canonical\" href=\"https:\/\/now-news.de\/de\/deutschland\/bericht-kiew-will-weg-fuer-gespraeche-mit-moskau-im-herbst-ebnen\/\" \/>\n<meta property=\"og:locale\" content=\"de_DE\" \/>\n<meta property=\"og:type\" content=\"article\" \/>\n<meta property=\"og:title\" content=\"Bericht: Kiew will Weg f\u00fcr Gespr\u00e4che mit Moskau im Herbst ebnen\" \/>\n<meta property=\"og:description\" content=\"Die ukrainischen Beh\u00f6rden wollen sich einem Bericht zufolge auf Gespr\u00e4che mit Russland im Herbst dieses Jahres vorbereiten. Dabei soll es um den Austausch von Gefangenen, Lebensmittelsicherheit und nukleare Sicherheit gehen. Die Zeitung\u00a0The Kyiv Independent\u00a0zitiert eine Quelle aus dem Umfeld des ukrainischen Pr\u00e4sidenten, wonach Kiew plant, sich auf m\u00f6gliche Gespr\u00e4che mit Moskau in diesem Herbst vorzubereiten. [&hellip;]\" \/>\n<meta property=\"og:url\" content=\"https:\/\/now-news.de\/de\/deutschland\/bericht-kiew-will-weg-fuer-gespraeche-mit-moskau-im-herbst-ebnen\/\" \/>\n<meta property=\"og:site_name\" content=\"just-now.NEWS Deutschland\" \/>\n<meta property=\"article:publisher\" content=\"https:\/\/www.facebook.com\/wirmachenauf\" \/>\n<meta property=\"article:published_time\" content=\"2024-08-22T15:44:02+00:00\" \/>\n<meta property=\"og:image\" content=\"https:\/\/now-news.de\/de\/wp-content\/uploads\/sites\/3\/2024\/08\/66c7224948fbef443a2ddd4c.jpg\" \/>\n<meta name=\"author\" content=\"rtnews\" \/>\n<meta name=\"twitter:card\" content=\"summary_large_image\" \/>\n<meta name=\"twitter:creator\" content=\"@WirMachenAuf_de\" \/>\n<meta name=\"twitter:site\" content=\"@WirMachenAuf_de\" \/>\n<meta name=\"twitter:label1\" content=\"Verfasst von\" \/>\n\t<meta name=\"twitter:data1\" content=\"rtnews\" \/>\n\t<meta name=\"twitter:label2\" content=\"Gesch\u00e4tzte Lesezeit\" \/>\n\t<meta name=\"twitter:data2\" content=\"2\u00a0Minuten\" \/>\n<script type=\"application\/ld+json\" class=\"yoast-schema-graph\">{\"@context\":\"https:\/\/schema.org\",\"@graph\":[{\"@type\":\"Article\",\"@id\":\"https:\/\/now-news.de\/de\/deutschland\/bericht-kiew-will-weg-fuer-gespraeche-mit-moskau-im-herbst-ebnen\/#article\",\"isPartOf\":{\"@id\":\"https:\/\/now-news.de\/de\/deutschland\/bericht-kiew-will-weg-fuer-gespraeche-mit-moskau-im-herbst-ebnen\/\"},\"author\":{\"name\":\"rtnews\",\"@id\":\"https:\/\/now-news.de\/de\/#\/schema\/person\/fb534a4e865501d8b3285208df34a9b5\"},\"headline\":\"Bericht: Kiew will Weg f\u00fcr Gespr\u00e4che mit Moskau im Herbst ebnen\",\"datePublished\":\"2024-08-22T15:44:02+00:00\",\"dateModified\":\"2024-08-22T15:44:02+00:00\",\"mainEntityOfPage\":{\"@id\":\"https:\/\/now-news.de\/de\/deutschland\/bericht-kiew-will-weg-fuer-gespraeche-mit-moskau-im-herbst-ebnen\/\"},\"wordCount\":342,\"commentCount\":0,\"publisher\":{\"@id\":\"https:\/\/now-news.de\/de\/#organization\"},\"image\":{\"@id\":\"https:\/\/now-news.de\/de\/deutschland\/bericht-kiew-will-weg-fuer-gespraeche-mit-moskau-im-herbst-ebnen\/#primaryimage\"},\"thumbnailUrl\":\"https:\/\/now-news.de\/de\/wp-content\/uploads\/sites\/3\/2024\/08\/Bericht-Kiew-will-Weg-fuer-Gespraeche-mit-Moskau-im-Herbst.jpg\",\"keywords\":[\"Bericht\",\"ebnen\",\"f\u00fcr\",\"Gespr\u00e4che\",\"Herbst\",\"Kiew\",\"mit\",\"Moskau\",\"Weg\"],\"articleSection\":[\"Deutschland\",\"Russland\"],\"inLanguage\":\"de\",\"potentialAction\":[{\"@type\":\"CommentAction\",\"name\":\"Comment\",\"target\":[\"https:\/\/now-news.de\/de\/deutschland\/bericht-kiew-will-weg-fuer-gespraeche-mit-moskau-im-herbst-ebnen\/#respond\"]}]},{\"@type\":\"WebPage\",\"@id\":\"https:\/\/now-news.de\/de\/deutschland\/bericht-kiew-will-weg-fuer-gespraeche-mit-moskau-im-herbst-ebnen\/\",\"url\":\"https:\/\/now-news.de\/de\/deutschland\/bericht-kiew-will-weg-fuer-gespraeche-mit-moskau-im-herbst-ebnen\/\",\"name\":\"Bericht: Kiew will Weg f\u00fcr Gespr\u00e4che mit Moskau im Herbst ebnen - just-now.NEWS Deutschland\",\"isPartOf\":{\"@id\":\"https:\/\/now-news.de\/de\/#website\"},\"primaryImageOfPage\":{\"@id\":\"https:\/\/now-news.de\/de\/deutschland\/bericht-kiew-will-weg-fuer-gespraeche-mit-moskau-im-herbst-ebnen\/#primaryimage\"},\"image\":{\"@id\":\"https:\/\/now-news.de\/de\/deutschland\/bericht-kiew-will-weg-fuer-gespraeche-mit-moskau-im-herbst-ebnen\/#primaryimage\"},\"thumbnailUrl\":\"https:\/\/now-news.de\/de\/wp-content\/uploads\/sites\/3\/2024\/08\/Bericht-Kiew-will-Weg-fuer-Gespraeche-mit-Moskau-im-Herbst.jpg\",\"datePublished\":\"2024-08-22T15:44:02+00:00\",\"dateModified\":\"2024-08-22T15:44:02+00:00\",\"breadcrumb\":{\"@id\":\"https:\/\/now-news.de\/de\/deutschland\/bericht-kiew-will-weg-fuer-gespraeche-mit-moskau-im-herbst-ebnen\/#breadcrumb\"},\"inLanguage\":\"de\",\"potentialAction\":[{\"@type\":\"ReadAction\",\"target\":[\"https:\/\/now-news.de\/de\/deutschland\/bericht-kiew-will-weg-fuer-gespraeche-mit-moskau-im-herbst-ebnen\/\"]}]},{\"@type\":\"ImageObject\",\"inLanguage\":\"de\",\"@id\":\"https:\/\/now-news.de\/de\/deutschland\/bericht-kiew-will-weg-fuer-gespraeche-mit-moskau-im-herbst-ebnen\/#primaryimage\",\"url\":\"https:\/\/now-news.de\/de\/wp-content\/uploads\/sites\/3\/2024\/08\/Bericht-Kiew-will-Weg-fuer-Gespraeche-mit-Moskau-im-Herbst.jpg\",\"contentUrl\":\"https:\/\/now-news.de\/de\/wp-content\/uploads\/sites\/3\/2024\/08\/Bericht-Kiew-will-Weg-fuer-Gespraeche-mit-Moskau-im-Herbst.jpg\",\"width\":460,\"height\":259,\"caption\":\"Bericht: Kiew will Weg f\u00fcr Gespr\u00e4che mit Moskau im Herbst ebnen\"},{\"@type\":\"BreadcrumbList\",\"@id\":\"https:\/\/now-news.de\/de\/deutschland\/bericht-kiew-will-weg-fuer-gespraeche-mit-moskau-im-herbst-ebnen\/#breadcrumb\",\"itemListElement\":[{\"@type\":\"ListItem\",\"position\":1,\"name\":\"Home\",\"item\":\"https:\/\/now-news.de\/de\/\"},{\"@type\":\"ListItem\",\"position\":2,\"name\":\"Bericht: Kiew will Weg f\u00fcr Gespr\u00e4che mit Moskau im Herbst ebnen\"}]},{\"@type\":\"WebSite\",\"@id\":\"https:\/\/now-news.de\/de\/#website\",\"url\":\"https:\/\/now-news.de\/de\/\",\"name\":\"just-now.NEWS Deutschland\",\"description\":\"Das Portal f\u00fcr unzensierte Nachrichten aus der Welt\",\"publisher\":{\"@id\":\"https:\/\/now-news.de\/de\/#organization\"},\"potentialAction\":[{\"@type\":\"SearchAction\",\"target\":{\"@type\":\"EntryPoint\",\"urlTemplate\":\"https:\/\/now-news.de\/de\/?s={search_term_string}\"},\"query-input\":\"required name=search_term_string\"}],\"inLanguage\":\"de\"},{\"@type\":\"Organization\",\"@id\":\"https:\/\/now-news.de\/de\/#organization\",\"name\":\"Just Now News\",\"url\":\"https:\/\/now-news.de\/de\/\",\"logo\":{\"@type\":\"ImageObject\",\"inLanguage\":\"de\",\"@id\":\"https:\/\/now-news.de\/de\/#\/schema\/logo\/image\/\",\"url\":\"http:\/\/just-now.news\/de\/wp-content\/uploads\/sites\/3\/2022\/04\/logo500x500.jpg\",\"contentUrl\":\"http:\/\/just-now.news\/de\/wp-content\/uploads\/sites\/3\/2022\/04\/logo500x500.jpg\",\"width\":500,\"height\":500,\"caption\":\"Just Now News\"},\"image\":{\"@id\":\"https:\/\/now-news.de\/de\/#\/schema\/logo\/image\/\"},\"sameAs\":[\"https:\/\/www.facebook.com\/wirmachenauf\",\"https:\/\/x.com\/WirMachenAuf_de\"]},{\"@type\":\"Person\",\"@id\":\"https:\/\/now-news.de\/de\/#\/schema\/person\/fb534a4e865501d8b3285208df34a9b5\",\"name\":\"rtnews\",\"image\":{\"@type\":\"ImageObject\",\"inLanguage\":\"de\",\"@id\":\"https:\/\/now-news.de\/de\/#\/schema\/person\/image\/\",\"url\":\"https:\/\/secure.gravatar.com\/avatar\/82aafea7d8127119dd649515f56e2117?s=96&d=mm&r=g\",\"contentUrl\":\"https:\/\/secure.gravatar.com\/avatar\/82aafea7d8127119dd649515f56e2117?s=96&d=mm&r=g\",\"caption\":\"rtnews\"},\"url\":\"https:\/\/now-news.de\/de\/author\/rnews\/\"}]}<\/script>\n<!-- \/ Yoast SEO Premium plugin. -->","yoast_head_json":{"title":"Bericht: Kiew will Weg f\u00fcr Gespr\u00e4che mit Moskau im Herbst ebnen - just-now.NEWS Deutschland","robots":{"index":"index","follow":"follow","max-snippet":"max-snippet:-1","max-image-preview":"max-image-preview:large","max-video-preview":"max-video-preview:-1"},"canonical":"https:\/\/now-news.de\/de\/deutschland\/bericht-kiew-will-weg-fuer-gespraeche-mit-moskau-im-herbst-ebnen\/","og_locale":"de_DE","og_type":"article","og_title":"Bericht: Kiew will Weg f\u00fcr Gespr\u00e4che mit Moskau im Herbst ebnen","og_description":"Die ukrainischen Beh\u00f6rden wollen sich einem Bericht zufolge auf Gespr\u00e4che mit Russland im Herbst dieses Jahres vorbereiten. Dabei soll es um den Austausch von Gefangenen, Lebensmittelsicherheit und nukleare Sicherheit gehen. Die Zeitung\u00a0The Kyiv Independent\u00a0zitiert eine Quelle aus dem Umfeld des ukrainischen Pr\u00e4sidenten, wonach Kiew plant, sich auf m\u00f6gliche Gespr\u00e4che mit Moskau in diesem Herbst vorzubereiten. [&hellip;]","og_url":"https:\/\/now-news.de\/de\/deutschland\/bericht-kiew-will-weg-fuer-gespraeche-mit-moskau-im-herbst-ebnen\/","og_site_name":"just-now.NEWS Deutschland","article_publisher":"https:\/\/www.facebook.com\/wirmachenauf","article_published_time":"2024-08-22T15:44:02+00:00","og_image":[{"url":"https:\/\/now-news.de\/de\/wp-content\/uploads\/sites\/3\/2024\/08\/66c7224948fbef443a2ddd4c.jpg"}],"author":"rtnews","twitter_card":"summary_large_image","twitter_creator":"@WirMachenAuf_de","twitter_site":"@WirMachenAuf_de","twitter_misc":{"Verfasst von":"rtnews","Gesch\u00e4tzte Lesezeit":"2\u00a0Minuten"},"schema":{"@context":"https:\/\/schema.org","@graph":[{"@type":"Article","@id":"https:\/\/now-news.de\/de\/deutschland\/bericht-kiew-will-weg-fuer-gespraeche-mit-moskau-im-herbst-ebnen\/#article","isPartOf":{"@id":"https:\/\/now-news.de\/de\/deutschland\/bericht-kiew-will-weg-fuer-gespraeche-mit-moskau-im-herbst-ebnen\/"},"author":{"name":"rtnews","@id":"https:\/\/now-news.de\/de\/#\/schema\/person\/fb534a4e865501d8b3285208df34a9b5"},"headline":"Bericht: Kiew will Weg f\u00fcr Gespr\u00e4che mit Moskau im Herbst ebnen","datePublished":"2024-08-22T15:44:02+00:00","dateModified":"2024-08-22T15:44:02+00:00","mainEntityOfPage":{"@id":"https:\/\/now-news.de\/de\/deutschland\/bericht-kiew-will-weg-fuer-gespraeche-mit-moskau-im-herbst-ebnen\/"},"wordCount":342,"commentCount":0,"publisher":{"@id":"https:\/\/now-news.de\/de\/#organization"},"image":{"@id":"https:\/\/now-news.de\/de\/deutschland\/bericht-kiew-will-weg-fuer-gespraeche-mit-moskau-im-herbst-ebnen\/#primaryimage"},"thumbnailUrl":"https:\/\/now-news.de\/de\/wp-content\/uploads\/sites\/3\/2024\/08\/Bericht-Kiew-will-Weg-fuer-Gespraeche-mit-Moskau-im-Herbst.jpg","keywords":["Bericht","ebnen","f\u00fcr","Gespr\u00e4che","Herbst","Kiew","mit","Moskau","Weg"],"articleSection":["Deutschland","Russland"],"inLanguage":"de","potentialAction":[{"@type":"CommentAction","name":"Comment","target":["https:\/\/now-news.de\/de\/deutschland\/bericht-kiew-will-weg-fuer-gespraeche-mit-moskau-im-herbst-ebnen\/#respond"]}]},{"@type":"WebPage","@id":"https:\/\/now-news.de\/de\/deutschland\/bericht-kiew-will-weg-fuer-gespraeche-mit-moskau-im-herbst-ebnen\/","url":"https:\/\/now-news.de\/de\/deutschland\/bericht-kiew-will-weg-fuer-gespraeche-mit-moskau-im-herbst-ebnen\/","name":"Bericht: Kiew will Weg f\u00fcr Gespr\u00e4che mit Moskau im Herbst ebnen - just-now.NEWS Deutschland","isPartOf":{"@id":"https:\/\/now-news.de\/de\/#website"},"primaryImageOfPage":{"@id":"https:\/\/now-news.de\/de\/deutschland\/bericht-kiew-will-weg-fuer-gespraeche-mit-moskau-im-herbst-ebnen\/#primaryimage"},"image":{"@id":"https:\/\/now-news.de\/de\/deutschland\/bericht-kiew-will-weg-fuer-gespraeche-mit-moskau-im-herbst-ebnen\/#primaryimage"},"thumbnailUrl":"https:\/\/now-news.de\/de\/wp-content\/uploads\/sites\/3\/2024\/08\/Bericht-Kiew-will-Weg-fuer-Gespraeche-mit-Moskau-im-Herbst.jpg","datePublished":"2024-08-22T15:44:02+00:00","dateModified":"2024-08-22T15:44:02+00:00","breadcrumb":{"@id":"https:\/\/now-news.de\/de\/deutschland\/bericht-kiew-will-weg-fuer-gespraeche-mit-moskau-im-herbst-ebnen\/#breadcrumb"},"inLanguage":"de","potentialAction":[{"@type":"ReadAction","target":["https:\/\/now-news.de\/de\/deutschland\/bericht-kiew-will-weg-fuer-gespraeche-mit-moskau-im-herbst-ebnen\/"]}]},{"@type":"ImageObject","inLanguage":"de","@id":"https:\/\/now-news.de\/de\/deutschland\/bericht-kiew-will-weg-fuer-gespraeche-mit-moskau-im-herbst-ebnen\/#primaryimage","url":"https:\/\/now-news.de\/de\/wp-content\/uploads\/sites\/3\/2024\/08\/Bericht-Kiew-will-Weg-fuer-Gespraeche-mit-Moskau-im-Herbst.jpg","contentUrl":"https:\/\/now-news.de\/de\/wp-content\/uploads\/sites\/3\/2024\/08\/Bericht-Kiew-will-Weg-fuer-Gespraeche-mit-Moskau-im-Herbst.jpg","width":460,"height":259,"caption":"Bericht: Kiew will Weg f\u00fcr Gespr\u00e4che mit Moskau im Herbst ebnen"},{"@type":"BreadcrumbList","@id":"https:\/\/now-news.de\/de\/deutschland\/bericht-kiew-will-weg-fuer-gespraeche-mit-moskau-im-herbst-ebnen\/#breadcrumb","itemListElement":[{"@type":"ListItem","position":1,"name":"Home","item":"https:\/\/now-news.de\/de\/"},{"@type":"ListItem","position":2,"name":"Bericht: Kiew will Weg f\u00fcr Gespr\u00e4che mit Moskau im Herbst ebnen"}]},{"@type":"WebSite","@id":"https:\/\/now-news.de\/de\/#website","url":"https:\/\/now-news.de\/de\/","name":"just-now.NEWS Deutschland","description":"Das Portal f\u00fcr unzensierte Nachrichten aus der Welt","publisher":{"@id":"https:\/\/now-news.de\/de\/#organization"},"potentialAction":[{"@type":"SearchAction","target":{"@type":"EntryPoint","urlTemplate":"https:\/\/now-news.de\/de\/?s={search_term_string}"},"query-input":"required name=search_term_string"}],"inLanguage":"de"},{"@type":"Organization","@id":"https:\/\/now-news.de\/de\/#organization","name":"Just Now News","url":"https:\/\/now-news.de\/de\/","logo":{"@type":"ImageObject","inLanguage":"de","@id":"https:\/\/now-news.de\/de\/#\/schema\/logo\/image\/","url":"http:\/\/just-now.news\/de\/wp-content\/uploads\/sites\/3\/2022\/04\/logo500x500.jpg","contentUrl":"http:\/\/just-now.news\/de\/wp-content\/uploads\/sites\/3\/2022\/04\/logo500x500.jpg","width":500,"height":500,"caption":"Just Now News"},"image":{"@id":"https:\/\/now-news.de\/de\/#\/schema\/logo\/image\/"},"sameAs":["https:\/\/www.facebook.com\/wirmachenauf","https:\/\/x.com\/WirMachenAuf_de"]},{"@type":"Person","@id":"https:\/\/now-news.de\/de\/#\/schema\/person\/fb534a4e865501d8b3285208df34a9b5","name":"rtnews","image":{"@type":"ImageObject","inLanguage":"de","@id":"https:\/\/now-news.de\/de\/#\/schema\/person\/image\/","url":"https:\/\/secure.gravatar.com\/avatar\/82aafea7d8127119dd649515f56e2117?s=96&d=mm&r=g","contentUrl":"https:\/\/secure.gravatar.com\/avatar\/82aafea7d8127119dd649515f56e2117?s=96&d=mm&r=g","caption":"rtnews"},"url":"https:\/\/now-news.de\/de\/author\/rnews\/"}]}},"_links":{"self":[{"href":"https:\/\/now-news.de\/de\/wp-json\/wp\/v2\/posts\/67272"}],"collection":[{"href":"https:\/\/now-news.de\/de\/wp-json\/wp\/v2\/posts"}],"about":[{"href":"https:\/\/now-news.de\/de\/wp-json\/wp\/v2\/types\/post"}],"author":[{"embeddable":true,"href":"https:\/\/now-news.de\/de\/wp-json\/wp\/v2\/users\/3"}],"replies":[{"embeddable":true,"href":"https:\/\/now-news.de\/de\/wp-json\/wp\/v2\/comments?post=67272"}],"version-history":[{"count":0,"href":"https:\/\/now-news.de\/de\/wp-json\/wp\/v2\/posts\/67272\/revisions"}],"wp:featuredmedia":[{"embeddable":true,"href":"https:\/\/now-news.de\/de\/wp-json\/wp\/v2\/media\/67273"}],"wp:attachment":[{"href":"https:\/\/now-news.de\/de\/wp-json\/wp\/v2\/media?parent=67272"}],"wp:term":[{"taxonomy":"category","embeddable":true,"href":"https:\/\/now-news.de\/de\/wp-json\/wp\/v2\/categories?post=67272"},{"taxonomy":"post_tag","embeddable":true,"href":"https:\/\/now-news.de\/de\/wp-json\/wp\/v2\/tags?post=67272"}],"curies":[{"name":"wp","href":"https:\/\/api.w.org\/{rel}","templated":true}]}}