{"id":67258,"date":"2024-08-22T16:05:15","date_gmt":"2024-08-22T14:05:15","guid":{"rendered":"https:\/\/now-news.de\/de\/deutschland\/finnland-lehnt-teilnahme-an-informellen-eu-treffen-in-ungarn-ab\/"},"modified":"2024-08-22T16:05:15","modified_gmt":"2024-08-22T14:05:15","slug":"finnland-lehnt-teilnahme-an-informellen-eu-treffen-in-ungarn-ab","status":"publish","type":"post","link":"https:\/\/now-news.de\/de\/deutschland\/finnland-lehnt-teilnahme-an-informellen-eu-treffen-in-ungarn-ab\/","title":{"rendered":"Finnland lehnt Teilnahme an informellen EU-Treffen in Ungarn ab"},"content":{"rendered":"<p><img decoding=\"async\" src=\"https:\/\/now-news.de\/de\/wp-content\/uploads\/sites\/3\/2024\/08\/66c72287b480cc7e2a71cbec.jpg\" \/><\/p>\n<div class=\"Text-root Text-type_1 \">\n                Laut einer Mitteilung der finnischen Regierung vom Donnerstag werden keine Minister oder Staatssekret\u00e4re aus Finnland an Treffen unter ungarischer EU-Ratspr\u00e4sidentschaft teilnehmen.\n            <\/div>\n<p><\/p>\n<div class=\"Text-root Text-type_5 ArticleView-text ViewText-root \">\n<p>Helsinki verzichtet auf eine politische Teilnahme an den informellen Ministertreffen, die w\u00e4hrend der ungarischen EU-Ratspr\u00e4sidentschaft in Ungarn organisiert werden. In einer Mitteilung vom Donnerstag <a rel=\"nofollow noopener\" target=\"_blank\" href=\"https:\/\/valtioneuvosto.fi\/-\/eu-ministerivaliokunnassa-osallistuminen-unkarin-pj-kauden-epavirallisiin-kokouksiin\">gibt<\/a> die finnische Regierung bekannt, dass diese Angelegenheit auf einer Sitzung des Ministerkomitees des Europarats er\u00f6rtert worden sei. Das Gremium habe anschie\u00dfend bekanntgegeben, dass Finnland vorerst nicht auf politischer Ebene an den Ratssitzungen in Ungarn teilnehmen werde. Und weiter:<\/p>\n<blockquote>\n<p><em>&#8220;An den Sitzungen nehmen daher weder Minister noch politische Staatssekret\u00e4re teil, stattdessen werden Beamte zu den Treffen entsandt.&#8221;<\/em><\/p>\n<\/blockquote>\n<p>Wie es hei\u00dft, ist die Entscheidung eine Reaktion auf die Vorgehensweise Ungarns w\u00e4hrend seiner EU-Pr\u00e4sidentschaft und stehe mit einem \u00e4hnlichen Beschluss der Beh\u00f6rden vom Juli im Einklang. Damals hatten die sechs EU-Mitgliedsstaaten Schweden, Finnland, Polen, Estland, Lettland und Litauen die Teilnahme an den Treffen in Ungarn boykottiert und angek\u00fcndigt, an den Ratssitzungen auf Beamtenebene teilzunehmen. Hierbei handelte es sich um eine Reaktion auf die Friedensmission des ungarischen Ministerpr\u00e4sidenten Viktor Orb\u00e1n. Unmittelbar nachdem Ungarn am 1. Juli den EU-Ratsvorsitz\u00a0\u00fcbernommen hatte, besuchte Orb\u00e1n Moskau und traf sich mit dem russischen Pr\u00e4sidenten Wladimir Putin, um nach einer diplomatischen L\u00f6sung f\u00fcr den Ukraine-Konflikt zu suchen.<\/p>\n<p>In der aktuellen Mitteilung der Regierung in Helsinki wird betont, dass\u00a0f\u00fcr Finnland die Unterst\u00fctzung der Ukraine oberste Priorit\u00e4t habe.<\/p>\n<p>Nach dem Besuch in Russland traf Orb\u00e1n zu Gespr\u00e4chen mit dem chinesischen Staatschef Xi Jinping in Peking ein. Danach reiste er zum NATO-Gipfel nach Washington, an dessen Rande er sich mit dem t\u00fcrkischen Pr\u00e4sidenten Recep Tayyip Erdo\u011fan traf. Anschlie\u00dfend f\u00fchrte Orb\u00e1n Gespr\u00e4che mit dem ehemaligen US-Pr\u00e4sidenten Donald Trump in dessen Residenz in Mar-a-Lago in Florida.<\/p>\n<p>Vor allem \u00d3rbans Moskau-Besuch ver\u00e4rgerte Br\u00fcssel. Das Europaparlament verurteile seine Reise als eine &#8220;offensichtliche Verletzung der EU-Vertr\u00e4ge und der gemeinsamen Au\u00dfenpolitik&#8221;. \u00d3rban erwiderte die Kritik und erkl\u00e4rte, dass er keine Erlaubnis von Br\u00fcssel ben\u00f6tige, um den Frieden zu f\u00f6rdern und dass seine Gespr\u00e4che keine offiziellen Verhandlungen darstellten. Der ungarische Au\u00dfenminister Peter Szijjarto warf der EU durch die andauernde milit\u00e4rische und finanzielle Unterst\u00fctzung der Ukraine Kriegstreiberei vor.<\/p>\n<p><strong>Mehr zum Thema<\/strong> &#8211; <a rel=\"nofollow noopener\" target=\"_blank\" href=\"https:\/\/freedert.online\/europa\/212605-politico-eu-abgeordnete-wollen-ungarn-das-stimmrecht-entziehen\/\">Politico: EU-Abgeordnete wollen Ungarn das Stimmrecht entziehen<\/a><\/p>\n<\/div>\n<p><br \/>\n<br \/><a href=\"https:\/\/de.rt.com\/international\/216499-finnland-lehnt-teilnahme-an-informellen\/\">Source link <\/a><\/p>\n","protected":false},"excerpt":{"rendered":"<p>Laut einer Mitteilung der finnischen Regierung vom Donnerstag werden keine Minister oder Staatssekret\u00e4re aus Finnland an Treffen unter ungarischer EU-Ratspr\u00e4sidentschaft teilnehmen. Helsinki verzichtet auf eine politische Teilnahme an den informellen Ministertreffen, die w\u00e4hrend der ungarischen EU-Ratspr\u00e4sidentschaft in Ungarn organisiert werden. In einer Mitteilung vom Donnerstag gibt die finnische Regierung bekannt, dass diese Angelegenheit auf einer [&hellip;]<\/p>\n","protected":false},"author":3,"featured_media":67259,"comment_status":"open","ping_status":"open","sticky":false,"template":"","format":"standard","meta":{"_yoast_indexnow_last_ping":["1724335902"],"wp_automatic_camp":["217"],"0a7b562c2979c8b5bf069b339a59a768":["Finnland lehnt Teilnahme an informellen EU-Treffen in Ungarn ab"],"original_link":["https:\/\/de.rt.com\/international\/216499-finnland-lehnt-teilnahme-an-informellen\/"],"_thumbnail_id":["67259"],"_wptgpro_p2tg_sent2tg":["a:1:{i:23737;s:19:\"2024-08-22 16:12:48\";}"],"jnews_social_counter_last_update":["1777229861"]},"categories":[19,23],"tags":[57791,1906,57790,2034,21927,11664],"yoast_head":"<!-- This site is optimized with the Yoast SEO Premium plugin v22.7 (Yoast SEO v22.7) - https:\/\/yoast.com\/wordpress\/plugins\/seo\/ -->\n<title>Finnland lehnt Teilnahme an informellen EU-Treffen in Ungarn ab - just-now.NEWS Deutschland<\/title>\n<meta name=\"robots\" content=\"index, follow, max-snippet:-1, max-image-preview:large, max-video-preview:-1\" \/>\n<link rel=\"canonical\" href=\"https:\/\/now-news.de\/de\/deutschland\/finnland-lehnt-teilnahme-an-informellen-eu-treffen-in-ungarn-ab\/\" \/>\n<meta property=\"og:locale\" content=\"de_DE\" \/>\n<meta property=\"og:type\" content=\"article\" \/>\n<meta property=\"og:title\" content=\"Finnland lehnt Teilnahme an informellen EU-Treffen in Ungarn ab\" \/>\n<meta property=\"og:description\" content=\"Laut einer Mitteilung der finnischen Regierung vom Donnerstag werden keine Minister oder Staatssekret\u00e4re aus Finnland an Treffen unter ungarischer EU-Ratspr\u00e4sidentschaft teilnehmen. Helsinki verzichtet auf eine politische Teilnahme an den informellen Ministertreffen, die w\u00e4hrend der ungarischen EU-Ratspr\u00e4sidentschaft in Ungarn organisiert werden. In einer Mitteilung vom Donnerstag gibt die finnische Regierung bekannt, dass diese Angelegenheit auf einer [&hellip;]\" \/>\n<meta property=\"og:url\" content=\"https:\/\/now-news.de\/de\/deutschland\/finnland-lehnt-teilnahme-an-informellen-eu-treffen-in-ungarn-ab\/\" \/>\n<meta property=\"og:site_name\" content=\"just-now.NEWS Deutschland\" \/>\n<meta property=\"article:publisher\" content=\"https:\/\/www.facebook.com\/wirmachenauf\" \/>\n<meta property=\"article:published_time\" content=\"2024-08-22T14:05:15+00:00\" \/>\n<meta property=\"og:image\" content=\"https:\/\/now-news.de\/de\/wp-content\/uploads\/sites\/3\/2024\/08\/66c72287b480cc7e2a71cbec.jpg\" \/>\n<meta name=\"author\" content=\"rtnews\" \/>\n<meta name=\"twitter:card\" content=\"summary_large_image\" \/>\n<meta name=\"twitter:creator\" content=\"@WirMachenAuf_de\" \/>\n<meta name=\"twitter:site\" content=\"@WirMachenAuf_de\" \/>\n<meta name=\"twitter:label1\" content=\"Verfasst von\" \/>\n\t<meta name=\"twitter:data1\" content=\"rtnews\" \/>\n\t<meta name=\"twitter:label2\" content=\"Gesch\u00e4tzte Lesezeit\" \/>\n\t<meta name=\"twitter:data2\" content=\"2\u00a0Minuten\" \/>\n<script type=\"application\/ld+json\" class=\"yoast-schema-graph\">{\"@context\":\"https:\/\/schema.org\",\"@graph\":[{\"@type\":\"Article\",\"@id\":\"https:\/\/now-news.de\/de\/deutschland\/finnland-lehnt-teilnahme-an-informellen-eu-treffen-in-ungarn-ab\/#article\",\"isPartOf\":{\"@id\":\"https:\/\/now-news.de\/de\/deutschland\/finnland-lehnt-teilnahme-an-informellen-eu-treffen-in-ungarn-ab\/\"},\"author\":{\"name\":\"rtnews\",\"@id\":\"https:\/\/now-news.de\/de\/#\/schema\/person\/fb534a4e865501d8b3285208df34a9b5\"},\"headline\":\"Finnland lehnt Teilnahme an informellen EU-Treffen in Ungarn ab\",\"datePublished\":\"2024-08-22T14:05:15+00:00\",\"dateModified\":\"2024-08-22T14:05:15+00:00\",\"mainEntityOfPage\":{\"@id\":\"https:\/\/now-news.de\/de\/deutschland\/finnland-lehnt-teilnahme-an-informellen-eu-treffen-in-ungarn-ab\/\"},\"wordCount\":410,\"commentCount\":0,\"publisher\":{\"@id\":\"https:\/\/now-news.de\/de\/#organization\"},\"image\":{\"@id\":\"https:\/\/now-news.de\/de\/deutschland\/finnland-lehnt-teilnahme-an-informellen-eu-treffen-in-ungarn-ab\/#primaryimage\"},\"thumbnailUrl\":\"https:\/\/now-news.de\/de\/wp-content\/uploads\/sites\/3\/2024\/08\/Finnland-lehnt-Teilnahme-an-informellen-EU-Treffen-in-Ungarn-ab.jpg\",\"keywords\":[\"EUTreffen\",\"Finnland\",\"informellen\",\"lehnt\",\"Teilnahme\",\"Ungarn\"],\"articleSection\":[\"Deutschland\",\"Russland\"],\"inLanguage\":\"de\",\"potentialAction\":[{\"@type\":\"CommentAction\",\"name\":\"Comment\",\"target\":[\"https:\/\/now-news.de\/de\/deutschland\/finnland-lehnt-teilnahme-an-informellen-eu-treffen-in-ungarn-ab\/#respond\"]}]},{\"@type\":\"WebPage\",\"@id\":\"https:\/\/now-news.de\/de\/deutschland\/finnland-lehnt-teilnahme-an-informellen-eu-treffen-in-ungarn-ab\/\",\"url\":\"https:\/\/now-news.de\/de\/deutschland\/finnland-lehnt-teilnahme-an-informellen-eu-treffen-in-ungarn-ab\/\",\"name\":\"Finnland lehnt Teilnahme an informellen EU-Treffen in Ungarn ab - just-now.NEWS Deutschland\",\"isPartOf\":{\"@id\":\"https:\/\/now-news.de\/de\/#website\"},\"primaryImageOfPage\":{\"@id\":\"https:\/\/now-news.de\/de\/deutschland\/finnland-lehnt-teilnahme-an-informellen-eu-treffen-in-ungarn-ab\/#primaryimage\"},\"image\":{\"@id\":\"https:\/\/now-news.de\/de\/deutschland\/finnland-lehnt-teilnahme-an-informellen-eu-treffen-in-ungarn-ab\/#primaryimage\"},\"thumbnailUrl\":\"https:\/\/now-news.de\/de\/wp-content\/uploads\/sites\/3\/2024\/08\/Finnland-lehnt-Teilnahme-an-informellen-EU-Treffen-in-Ungarn-ab.jpg\",\"datePublished\":\"2024-08-22T14:05:15+00:00\",\"dateModified\":\"2024-08-22T14:05:15+00:00\",\"breadcrumb\":{\"@id\":\"https:\/\/now-news.de\/de\/deutschland\/finnland-lehnt-teilnahme-an-informellen-eu-treffen-in-ungarn-ab\/#breadcrumb\"},\"inLanguage\":\"de\",\"potentialAction\":[{\"@type\":\"ReadAction\",\"target\":[\"https:\/\/now-news.de\/de\/deutschland\/finnland-lehnt-teilnahme-an-informellen-eu-treffen-in-ungarn-ab\/\"]}]},{\"@type\":\"ImageObject\",\"inLanguage\":\"de\",\"@id\":\"https:\/\/now-news.de\/de\/deutschland\/finnland-lehnt-teilnahme-an-informellen-eu-treffen-in-ungarn-ab\/#primaryimage\",\"url\":\"https:\/\/now-news.de\/de\/wp-content\/uploads\/sites\/3\/2024\/08\/Finnland-lehnt-Teilnahme-an-informellen-EU-Treffen-in-Ungarn-ab.jpg\",\"contentUrl\":\"https:\/\/now-news.de\/de\/wp-content\/uploads\/sites\/3\/2024\/08\/Finnland-lehnt-Teilnahme-an-informellen-EU-Treffen-in-Ungarn-ab.jpg\",\"width\":460,\"height\":259,\"caption\":\"Finnland lehnt Teilnahme an informellen EU-Treffen in Ungarn ab\"},{\"@type\":\"BreadcrumbList\",\"@id\":\"https:\/\/now-news.de\/de\/deutschland\/finnland-lehnt-teilnahme-an-informellen-eu-treffen-in-ungarn-ab\/#breadcrumb\",\"itemListElement\":[{\"@type\":\"ListItem\",\"position\":1,\"name\":\"Home\",\"item\":\"https:\/\/now-news.de\/de\/\"},{\"@type\":\"ListItem\",\"position\":2,\"name\":\"Finnland lehnt Teilnahme an informellen EU-Treffen in Ungarn ab\"}]},{\"@type\":\"WebSite\",\"@id\":\"https:\/\/now-news.de\/de\/#website\",\"url\":\"https:\/\/now-news.de\/de\/\",\"name\":\"just-now.NEWS Deutschland\",\"description\":\"Das Portal f\u00fcr unzensierte Nachrichten aus der Welt\",\"publisher\":{\"@id\":\"https:\/\/now-news.de\/de\/#organization\"},\"potentialAction\":[{\"@type\":\"SearchAction\",\"target\":{\"@type\":\"EntryPoint\",\"urlTemplate\":\"https:\/\/now-news.de\/de\/?s={search_term_string}\"},\"query-input\":\"required name=search_term_string\"}],\"inLanguage\":\"de\"},{\"@type\":\"Organization\",\"@id\":\"https:\/\/now-news.de\/de\/#organization\",\"name\":\"Just Now News\",\"url\":\"https:\/\/now-news.de\/de\/\",\"logo\":{\"@type\":\"ImageObject\",\"inLanguage\":\"de\",\"@id\":\"https:\/\/now-news.de\/de\/#\/schema\/logo\/image\/\",\"url\":\"http:\/\/just-now.news\/de\/wp-content\/uploads\/sites\/3\/2022\/04\/logo500x500.jpg\",\"contentUrl\":\"http:\/\/just-now.news\/de\/wp-content\/uploads\/sites\/3\/2022\/04\/logo500x500.jpg\",\"width\":500,\"height\":500,\"caption\":\"Just Now News\"},\"image\":{\"@id\":\"https:\/\/now-news.de\/de\/#\/schema\/logo\/image\/\"},\"sameAs\":[\"https:\/\/www.facebook.com\/wirmachenauf\",\"https:\/\/x.com\/WirMachenAuf_de\"]},{\"@type\":\"Person\",\"@id\":\"https:\/\/now-news.de\/de\/#\/schema\/person\/fb534a4e865501d8b3285208df34a9b5\",\"name\":\"rtnews\",\"image\":{\"@type\":\"ImageObject\",\"inLanguage\":\"de\",\"@id\":\"https:\/\/now-news.de\/de\/#\/schema\/person\/image\/\",\"url\":\"https:\/\/secure.gravatar.com\/avatar\/82aafea7d8127119dd649515f56e2117?s=96&d=mm&r=g\",\"contentUrl\":\"https:\/\/secure.gravatar.com\/avatar\/82aafea7d8127119dd649515f56e2117?s=96&d=mm&r=g\",\"caption\":\"rtnews\"},\"url\":\"https:\/\/now-news.de\/de\/author\/rnews\/\"}]}<\/script>\n<!-- \/ Yoast SEO Premium plugin. -->","yoast_head_json":{"title":"Finnland lehnt Teilnahme an informellen EU-Treffen in Ungarn ab - just-now.NEWS Deutschland","robots":{"index":"index","follow":"follow","max-snippet":"max-snippet:-1","max-image-preview":"max-image-preview:large","max-video-preview":"max-video-preview:-1"},"canonical":"https:\/\/now-news.de\/de\/deutschland\/finnland-lehnt-teilnahme-an-informellen-eu-treffen-in-ungarn-ab\/","og_locale":"de_DE","og_type":"article","og_title":"Finnland lehnt Teilnahme an informellen EU-Treffen in Ungarn ab","og_description":"Laut einer Mitteilung der finnischen Regierung vom Donnerstag werden keine Minister oder Staatssekret\u00e4re aus Finnland an Treffen unter ungarischer EU-Ratspr\u00e4sidentschaft teilnehmen. Helsinki verzichtet auf eine politische Teilnahme an den informellen Ministertreffen, die w\u00e4hrend der ungarischen EU-Ratspr\u00e4sidentschaft in Ungarn organisiert werden. In einer Mitteilung vom Donnerstag gibt die finnische Regierung bekannt, dass diese Angelegenheit auf einer [&hellip;]","og_url":"https:\/\/now-news.de\/de\/deutschland\/finnland-lehnt-teilnahme-an-informellen-eu-treffen-in-ungarn-ab\/","og_site_name":"just-now.NEWS Deutschland","article_publisher":"https:\/\/www.facebook.com\/wirmachenauf","article_published_time":"2024-08-22T14:05:15+00:00","og_image":[{"url":"https:\/\/now-news.de\/de\/wp-content\/uploads\/sites\/3\/2024\/08\/66c72287b480cc7e2a71cbec.jpg"}],"author":"rtnews","twitter_card":"summary_large_image","twitter_creator":"@WirMachenAuf_de","twitter_site":"@WirMachenAuf_de","twitter_misc":{"Verfasst von":"rtnews","Gesch\u00e4tzte Lesezeit":"2\u00a0Minuten"},"schema":{"@context":"https:\/\/schema.org","@graph":[{"@type":"Article","@id":"https:\/\/now-news.de\/de\/deutschland\/finnland-lehnt-teilnahme-an-informellen-eu-treffen-in-ungarn-ab\/#article","isPartOf":{"@id":"https:\/\/now-news.de\/de\/deutschland\/finnland-lehnt-teilnahme-an-informellen-eu-treffen-in-ungarn-ab\/"},"author":{"name":"rtnews","@id":"https:\/\/now-news.de\/de\/#\/schema\/person\/fb534a4e865501d8b3285208df34a9b5"},"headline":"Finnland lehnt Teilnahme an informellen EU-Treffen in Ungarn ab","datePublished":"2024-08-22T14:05:15+00:00","dateModified":"2024-08-22T14:05:15+00:00","mainEntityOfPage":{"@id":"https:\/\/now-news.de\/de\/deutschland\/finnland-lehnt-teilnahme-an-informellen-eu-treffen-in-ungarn-ab\/"},"wordCount":410,"commentCount":0,"publisher":{"@id":"https:\/\/now-news.de\/de\/#organization"},"image":{"@id":"https:\/\/now-news.de\/de\/deutschland\/finnland-lehnt-teilnahme-an-informellen-eu-treffen-in-ungarn-ab\/#primaryimage"},"thumbnailUrl":"https:\/\/now-news.de\/de\/wp-content\/uploads\/sites\/3\/2024\/08\/Finnland-lehnt-Teilnahme-an-informellen-EU-Treffen-in-Ungarn-ab.jpg","keywords":["EUTreffen","Finnland","informellen","lehnt","Teilnahme","Ungarn"],"articleSection":["Deutschland","Russland"],"inLanguage":"de","potentialAction":[{"@type":"CommentAction","name":"Comment","target":["https:\/\/now-news.de\/de\/deutschland\/finnland-lehnt-teilnahme-an-informellen-eu-treffen-in-ungarn-ab\/#respond"]}]},{"@type":"WebPage","@id":"https:\/\/now-news.de\/de\/deutschland\/finnland-lehnt-teilnahme-an-informellen-eu-treffen-in-ungarn-ab\/","url":"https:\/\/now-news.de\/de\/deutschland\/finnland-lehnt-teilnahme-an-informellen-eu-treffen-in-ungarn-ab\/","name":"Finnland lehnt Teilnahme an informellen EU-Treffen in Ungarn ab - just-now.NEWS Deutschland","isPartOf":{"@id":"https:\/\/now-news.de\/de\/#website"},"primaryImageOfPage":{"@id":"https:\/\/now-news.de\/de\/deutschland\/finnland-lehnt-teilnahme-an-informellen-eu-treffen-in-ungarn-ab\/#primaryimage"},"image":{"@id":"https:\/\/now-news.de\/de\/deutschland\/finnland-lehnt-teilnahme-an-informellen-eu-treffen-in-ungarn-ab\/#primaryimage"},"thumbnailUrl":"https:\/\/now-news.de\/de\/wp-content\/uploads\/sites\/3\/2024\/08\/Finnland-lehnt-Teilnahme-an-informellen-EU-Treffen-in-Ungarn-ab.jpg","datePublished":"2024-08-22T14:05:15+00:00","dateModified":"2024-08-22T14:05:15+00:00","breadcrumb":{"@id":"https:\/\/now-news.de\/de\/deutschland\/finnland-lehnt-teilnahme-an-informellen-eu-treffen-in-ungarn-ab\/#breadcrumb"},"inLanguage":"de","potentialAction":[{"@type":"ReadAction","target":["https:\/\/now-news.de\/de\/deutschland\/finnland-lehnt-teilnahme-an-informellen-eu-treffen-in-ungarn-ab\/"]}]},{"@type":"ImageObject","inLanguage":"de","@id":"https:\/\/now-news.de\/de\/deutschland\/finnland-lehnt-teilnahme-an-informellen-eu-treffen-in-ungarn-ab\/#primaryimage","url":"https:\/\/now-news.de\/de\/wp-content\/uploads\/sites\/3\/2024\/08\/Finnland-lehnt-Teilnahme-an-informellen-EU-Treffen-in-Ungarn-ab.jpg","contentUrl":"https:\/\/now-news.de\/de\/wp-content\/uploads\/sites\/3\/2024\/08\/Finnland-lehnt-Teilnahme-an-informellen-EU-Treffen-in-Ungarn-ab.jpg","width":460,"height":259,"caption":"Finnland lehnt Teilnahme an informellen EU-Treffen in Ungarn ab"},{"@type":"BreadcrumbList","@id":"https:\/\/now-news.de\/de\/deutschland\/finnland-lehnt-teilnahme-an-informellen-eu-treffen-in-ungarn-ab\/#breadcrumb","itemListElement":[{"@type":"ListItem","position":1,"name":"Home","item":"https:\/\/now-news.de\/de\/"},{"@type":"ListItem","position":2,"name":"Finnland lehnt Teilnahme an informellen EU-Treffen in Ungarn ab"}]},{"@type":"WebSite","@id":"https:\/\/now-news.de\/de\/#website","url":"https:\/\/now-news.de\/de\/","name":"just-now.NEWS Deutschland","description":"Das Portal f\u00fcr unzensierte Nachrichten aus der Welt","publisher":{"@id":"https:\/\/now-news.de\/de\/#organization"},"potentialAction":[{"@type":"SearchAction","target":{"@type":"EntryPoint","urlTemplate":"https:\/\/now-news.de\/de\/?s={search_term_string}"},"query-input":"required name=search_term_string"}],"inLanguage":"de"},{"@type":"Organization","@id":"https:\/\/now-news.de\/de\/#organization","name":"Just Now News","url":"https:\/\/now-news.de\/de\/","logo":{"@type":"ImageObject","inLanguage":"de","@id":"https:\/\/now-news.de\/de\/#\/schema\/logo\/image\/","url":"http:\/\/just-now.news\/de\/wp-content\/uploads\/sites\/3\/2022\/04\/logo500x500.jpg","contentUrl":"http:\/\/just-now.news\/de\/wp-content\/uploads\/sites\/3\/2022\/04\/logo500x500.jpg","width":500,"height":500,"caption":"Just Now News"},"image":{"@id":"https:\/\/now-news.de\/de\/#\/schema\/logo\/image\/"},"sameAs":["https:\/\/www.facebook.com\/wirmachenauf","https:\/\/x.com\/WirMachenAuf_de"]},{"@type":"Person","@id":"https:\/\/now-news.de\/de\/#\/schema\/person\/fb534a4e865501d8b3285208df34a9b5","name":"rtnews","image":{"@type":"ImageObject","inLanguage":"de","@id":"https:\/\/now-news.de\/de\/#\/schema\/person\/image\/","url":"https:\/\/secure.gravatar.com\/avatar\/82aafea7d8127119dd649515f56e2117?s=96&d=mm&r=g","contentUrl":"https:\/\/secure.gravatar.com\/avatar\/82aafea7d8127119dd649515f56e2117?s=96&d=mm&r=g","caption":"rtnews"},"url":"https:\/\/now-news.de\/de\/author\/rnews\/"}]}},"_links":{"self":[{"href":"https:\/\/now-news.de\/de\/wp-json\/wp\/v2\/posts\/67258"}],"collection":[{"href":"https:\/\/now-news.de\/de\/wp-json\/wp\/v2\/posts"}],"about":[{"href":"https:\/\/now-news.de\/de\/wp-json\/wp\/v2\/types\/post"}],"author":[{"embeddable":true,"href":"https:\/\/now-news.de\/de\/wp-json\/wp\/v2\/users\/3"}],"replies":[{"embeddable":true,"href":"https:\/\/now-news.de\/de\/wp-json\/wp\/v2\/comments?post=67258"}],"version-history":[{"count":0,"href":"https:\/\/now-news.de\/de\/wp-json\/wp\/v2\/posts\/67258\/revisions"}],"wp:featuredmedia":[{"embeddable":true,"href":"https:\/\/now-news.de\/de\/wp-json\/wp\/v2\/media\/67259"}],"wp:attachment":[{"href":"https:\/\/now-news.de\/de\/wp-json\/wp\/v2\/media?parent=67258"}],"wp:term":[{"taxonomy":"category","embeddable":true,"href":"https:\/\/now-news.de\/de\/wp-json\/wp\/v2\/categories?post=67258"},{"taxonomy":"post_tag","embeddable":true,"href":"https:\/\/now-news.de\/de\/wp-json\/wp\/v2\/tags?post=67258"}],"curies":[{"name":"wp","href":"https:\/\/api.w.org\/{rel}","templated":true}]}}