{"id":67256,"date":"2024-08-22T14:52:06","date_gmt":"2024-08-22T12:52:06","guid":{"rendered":"https:\/\/now-news.de\/de\/deutschland\/tim-walz-als-vizekandidat-der-demokraten-nominiert-es-ist-die-ehre-meines-lebens\/"},"modified":"2024-08-22T14:52:06","modified_gmt":"2024-08-22T12:52:06","slug":"tim-walz-als-vizekandidat-der-demokraten-nominiert-es-ist-die-ehre-meines-lebens","status":"publish","type":"post","link":"https:\/\/now-news.de\/de\/deutschland\/tim-walz-als-vizekandidat-der-demokraten-nominiert-es-ist-die-ehre-meines-lebens\/","title":{"rendered":"Tim Walz als Vizekandidat der Demokraten nominiert: &quot;Es ist die Ehre meines Lebens&quot;"},"content":{"rendered":"<p><img decoding=\"async\" src=\"https:\/\/now-news.de\/de\/wp-content\/uploads\/sites\/3\/2024\/08\/66c72f4348fbef1e0671de43.jpg\" \/><\/p>\n<div class=\"Text-root Text-type_1 \">\n                Minnesotas Gouverneur Tim Walz hat seine Nominierung als Vizepr\u00e4sidentschaftskandidat der Demokratischen Partei f\u00fcr die Wahlen im November angenommen. Bei einer Rede in Chicago dankte er Kamala Harris und Pr\u00e4sident Joe Biden f\u00fcr ihr Vertrauen und ihre F\u00fchrung.\n            <\/div>\n<p><\/p>\n<div class=\"Text-root Text-type_5 ArticleView-text ViewText-root \">\n<p>Der Gouverneur von Minnesota Tim Walz hat offiziell bekanntgegeben, dass er als Vizepr\u00e4sident der Vereinigten Staaten f\u00fcr die Demokratische Partei bei den Wahlen am 5. November kandidieren wird, berichtet <em>RIA Nowosti. <\/em>In einer Rede im United Center in Chicago, wo derzeit der nationale Parteitag der Demokraten stattfindet, sagte Walz:<\/p>\n<blockquote>\n<p><em>&#8220;Es ist die Ehre meines Lebens, die Nominierung f\u00fcr das Amt des Vizepr\u00e4sidenten der Vereinigten Staaten anzunehmen. Aus einem einfachen Grund: Wir lieben dieses Land.&#8221;\u00a0<\/em><\/p>\n<\/blockquote>\n<p>Er dankte Vizepr\u00e4sidentin Kamala Harris f\u00fcr das Angebot, an den Wahlen im November teilzunehmen, und Pr\u00e4sident Joe Biden f\u00fcr &#8220;vier Jahre entschlossenes historisches F\u00fchrungsverm\u00f6gen&#8221;. F\u00fcr Donnerstag wird erwartet, dass Kamala Harris ebenfalls ihre formelle Zustimmung zur Nominierung als Pr\u00e4sidentschaftskandidatin der Demokraten gibt. Im Rahmen der Veranstaltung erfolgte eine Ansprache durch Walz an das Auditorium:\u00a0<\/p>\n<blockquote>\n<p><em>&#8220;Ich habe nicht viele gro\u00dfe Reden gehalten, aber ich habe jede Menge Motivationsreden gehalten.\u00a0<\/em><em>Wir haben nur noch 76 Tage. Und wir werden alles geben.&#8221;<br \/><\/em><\/p>\n<\/blockquote>\n<div class=\"EmbedBlock-root EmbedBlock-twitter\">\n<div class=\"TwitterEmbed\">\n<blockquote class=\"twitter-tweet lazyload\" data-twitter=\"twitter-tweet\">\n<p lang=\"en\" dir=\"ltr\">I haven\u2019t given a lot of big speeches, but I have given plenty of pep talks.We\u2019ve only got 76 days to go. And we\u2019re gonna leave it all on the field. <a rel=\"nofollow noopener\" target=\"_blank\" href=\"https:\/\/t.co\/dkoWJu0OCd\">pic.twitter.com\/dkoWJu0OCd<\/a><\/p>\n<p>\u2014 Tim Walz (@Tim_Walz) <a rel=\"nofollow noopener\" target=\"_blank\" href=\"https:\/\/twitter.com\/Tim_Walz\/status\/1826483912870142375?ref_src=twsrc%5Etfw\">August 22, 2024<\/a><\/p><\/blockquote>\n<\/div>\n<\/div>\n<p>Als Gouverneur von Minnesota hat Walz unter anderem Gesetze zum Schutz des Rechts auf Abtreibung, zur Legalisierung des Marihuanakonsums und zur Einf\u00fchrung von Beschr\u00e4nkungen beim Handel mit Schusswaffen unterzeichnet. Hierzu nimmt er auf der Plattform X Stellung.<\/p>\n<div class=\"EmbedBlock-root EmbedBlock-twitter\">\n<div class=\"TwitterEmbed\">\n<blockquote class=\"twitter-tweet lazyload\" data-twitter=\"twitter-tweet\">\n<p lang=\"en\" dir=\"ltr\">I\u2019m a veteran, a hunter, and I was a better shot than most Republicans in Congress.I believe the Second Amendment. But I also believe that our first responsibility is to keep our kids safe. <a rel=\"nofollow noopener\" target=\"_blank\" href=\"https:\/\/t.co\/PjBf1CZZwI\">pic.twitter.com\/PjBf1CZZwI<\/a><\/p>\n<p>\u2014 Tim Walz (@Tim_Walz) <a rel=\"nofollow noopener\" target=\"_blank\" href=\"https:\/\/twitter.com\/Tim_Walz\/status\/1826474446422421900?ref_src=twsrc%5Etfw\">August 22, 2024<\/a><\/p><\/blockquote>\n<\/div>\n<\/div>\n<p>Walz vertritt die Auffassung, dass der ehemalige US-Pr\u00e4sident und republikanische Pr\u00e4sidentschaftskandidat Donald Trump und seine Verb\u00fcndeten im Falle einer R\u00fcckkehr an die Macht eine Politik verfolgen werden, die ausschlie\u00dflich im Interesse der wohlhabendsten Amerikaner ist:<\/p>\n<blockquote>\n<p><em>&#8220;Dies ist ein Programm, das niemandem au\u00dfer den Wohlhabendsten und Extremsten unter uns dient.\u00a0Es\u00a0wird nichts f\u00fcr unsere Nachbarn tun, die Hilfe ben\u00f6tigen. Ist das seltsam? Absolut, aber es ist auch falsch und gef\u00e4hrlich.&#8221;\u00a0<br \/><\/em><\/p>\n<\/blockquote>\n<p>In einer \u00e4hnlichen \u00c4u\u00dferung hatte er zuvor auch J.D. Vance, den Vizepr\u00e4sidentschaftskandidaten der Republikanischen Partei, im sozialen Netzwerk X kritisiert.<\/p>\n<div class=\"EmbedBlock-root EmbedBlock-twitter\">\n<div class=\"TwitterEmbed\">\n<blockquote class=\"twitter-tweet lazyload\" data-twitter=\"twitter-tweet\">\n<p lang=\"en\" dir=\"ltr\">Like all regular people in America&#8217;s heartland, JD Vance studied at Yale, had his career funded by Silicon Valley billionaires, and wrote a bestseller trashing that community. Come on.I can&#8217;t wait to debate the guy\u2014that is, if he&#8217;s willing to get off the couch and show up. <a rel=\"nofollow noopener\" target=\"_blank\" href=\"https:\/\/t.co\/4orv0v2xTZ\">pic.twitter.com\/4orv0v2xTZ<\/a><\/p>\n<p>\u2014 Tim Walz (@Tim_Walz) <a rel=\"nofollow noopener\" target=\"_blank\" href=\"https:\/\/twitter.com\/Tim_Walz\/status\/1820963380108157166?ref_src=twsrc%5Etfw\">August 6, 2024<\/a><\/p><\/blockquote>\n<\/div>\n<\/div>\n<p>Walz betont, dass seine Warnungen vor den potenziellen Konsequenzen einer erneuten Amtszeit von Donald Trump nicht nur seine eigene Einsch\u00e4tzung widerspiegeln. Auch Personen aus Trumps direktem Umfeld, die ihn w\u00e4hrend seiner ersten Amtszeit begleitet h\u00e4tten, \u00e4u\u00dferten Besorgnis und prognostizierten, dass die kommenden vier Jahre noch herausfordernder werden k\u00f6nnten. Zudem vertritt der Demokrat die Auffassung, dass selbst US-amerikanische Teenager \u00fcber bessere F\u00fchrungsqualit\u00e4ten verf\u00fcgten als der republikanische Pr\u00e4sidentschaftskandidat:<\/p>\n<blockquote>\n<p><em>&#8220;Als ich unterrichtete, w\u00e4hlten wir jedes Jahr den Pr\u00e4sidenten des Sch\u00fclerausschusses. Wissen Sie, diese Jugendlichen k\u00f6nnten Donald Trump verdammt viel dar\u00fcber beibringen, was es hei\u00dft, ein echter Anf\u00fchrer zu sein. F\u00fchrungspersonen verbringen nicht den ganzen Tag damit, Menschen zu beleidigen und andere verantwortlich zu machen. Sie machen ihre Arbeit.&#8221;<\/em><\/p>\n<\/blockquote>\n<p>\u00dcberdies verurteilt Walz die milit\u00e4rische Sonderoperation in der Ukraine. Er verh\u00e4ngte Verbote f\u00fcr Investitionen aus Minnesota in Russland und Wei\u00dfrussland sowie f\u00fcr Vertragsabschl\u00fcsse mit diesen L\u00e4ndern. Im April 2023 nahm er an einem virtuellen Treffen US-amerikanischer Gouverneure mit dem ukrainischen Pr\u00e4sidenten Wladimir Selenskij teil. Im Rahmen der Veranstaltung brachten die US-Politiker ihre Unterst\u00fctzung f\u00fcr Kiew zum Ausdruck.<\/p>\n<p>Walz kritisierte zudem den Angriff der Hamas auf Israel am 7. Oktober 2023, der mit der Ermordung von Bewohnern grenznaher Ortschaften und der Entf\u00fchrung von mehr als 240 Geiseln einherging. Gleichzeitig betonte Walz die Notwendigkeit, humanit\u00e4re Hilfe in den Gazastreifen zu liefern.<\/p>\n<p>In den USA finden am 5. November Pr\u00e4sidentschaftswahlen statt. Urspr\u00fcnglich war geplant, dass der amtierende US-Pr\u00e4sident Joe Biden die Demokratische Partei vertreten w\u00fcrde. Nach dem Debakel bei der TV-Debatte mit Trump im Juni wurden aber selbst unter Demokraten die Rufe immer lauter, dass Biden auf die Kandidatur verzichten solle. Am 21. Juli entschied er sich, aus dem Rennen auszusteigen und unterst\u00fctzt seitdem die Kandidatur von Vizepr\u00e4sidentin Kamala Harris f\u00fcr das h\u00f6chste Amt der USA.<\/p>\n<p><strong>Mehr zum Thema <\/strong>\u2013<strong>\u00a0<\/strong><a rel=\"nofollow noopener\" target=\"_blank\" href=\"https:\/\/freedert.online\/nordamerika\/216175-seid-ihr-bereit-freiheit-zu\/\">&#8220;Seid ihr bereit, die Freiheit zu w\u00e4hlen?&#8221; \u2013 Der Parteitag der US-Demokraten hat begonnen<\/a><\/p>\n<div class=\"EmbedBlock-root EmbedBlock-externalVideo EmbedBlock-odysee\">\n<div class=\"VkEmbed\"><iframe class=\"lazyload\" data-src=\"https:\/\/odysee.com\/%24\/embed\/%40RTDE%3Ae%2FTrump--Ich%2C-freundlich-zu-Russland--Ich-habe-Nord-Stream-2-gestoppt%3Aa\" frameborder=\"0\" width=\"853\" height=\"480\" allowfullscreen><\/iframe><\/div>\n<\/div>\n<\/div>\n<p><script async src=\"https:\/\/platform.twitter.com\/widgets.js\" charset=\"utf-8\"><\/script><br \/>\n<br \/><br \/>\n<br \/><a href=\"https:\/\/de.rt.com\/nordamerika\/216482-tim-walz-als-vizekandidat-demokraten-nominiert\/\">Source link <\/a><\/p>\n","protected":false},"excerpt":{"rendered":"<p>Minnesotas Gouverneur Tim Walz hat seine Nominierung als Vizepr\u00e4sidentschaftskandidat der Demokratischen Partei f\u00fcr die Wahlen im November angenommen. Bei einer Rede in Chicago dankte er Kamala Harris und Pr\u00e4sident Joe Biden f\u00fcr ihr Vertrauen und ihre F\u00fchrung. Der Gouverneur von Minnesota Tim Walz hat offiziell bekanntgegeben, dass er als Vizepr\u00e4sident der Vereinigten Staaten f\u00fcr die [&hellip;]<\/p>\n","protected":false},"author":3,"featured_media":67257,"comment_status":"open","ping_status":"open","sticky":false,"template":"","format":"standard","meta":{"_yoast_indexnow_last_ping":["1724334931"],"wp_automatic_camp":["217"],"bc070d18f089577d8cae787a7ff45f7a":["Tim Walz als Vizekandidat der Demokraten nominiert: &quot;Es ist die Ehre meines Lebens&quot;"],"original_link":["https:\/\/de.rt.com\/nordamerika\/216482-tim-walz-als-vizekandidat-demokraten-nominiert\/"],"_thumbnail_id":["67257"],"jnews_social_counter_last_update":["1777199868"],"_wptgpro_p2tg_sent2tg":["a:1:{i:23737;s:19:\"2024-08-22 15:56:37\";}"]},"categories":[19,23],"tags":[273,3383,82,45,29932,414,48893,46785,26721,19377,3588,56657,57414],"yoast_head":"<!-- This site is optimized with the Yoast SEO Premium plugin v22.7 (Yoast SEO v22.7) - https:\/\/yoast.com\/wordpress\/plugins\/seo\/ -->\n<title>Tim Walz als Vizekandidat der Demokraten nominiert: &quot;Es ist die Ehre meines Lebens&quot; - just-now.NEWS Deutschland<\/title>\n<meta name=\"robots\" content=\"index, follow, max-snippet:-1, max-image-preview:large, max-video-preview:-1\" \/>\n<link rel=\"canonical\" href=\"https:\/\/now-news.de\/de\/deutschland\/tim-walz-als-vizekandidat-der-demokraten-nominiert-es-ist-die-ehre-meines-lebens\/\" \/>\n<meta property=\"og:locale\" content=\"de_DE\" \/>\n<meta property=\"og:type\" content=\"article\" \/>\n<meta property=\"og:title\" content=\"Tim Walz als Vizekandidat der Demokraten nominiert: &quot;Es ist die Ehre meines Lebens&quot;\" \/>\n<meta property=\"og:description\" content=\"Minnesotas Gouverneur Tim Walz hat seine Nominierung als Vizepr\u00e4sidentschaftskandidat der Demokratischen Partei f\u00fcr die Wahlen im November angenommen. Bei einer Rede in Chicago dankte er Kamala Harris und Pr\u00e4sident Joe Biden f\u00fcr ihr Vertrauen und ihre F\u00fchrung. Der Gouverneur von Minnesota Tim Walz hat offiziell bekanntgegeben, dass er als Vizepr\u00e4sident der Vereinigten Staaten f\u00fcr die [&hellip;]\" \/>\n<meta property=\"og:url\" content=\"https:\/\/now-news.de\/de\/deutschland\/tim-walz-als-vizekandidat-der-demokraten-nominiert-es-ist-die-ehre-meines-lebens\/\" \/>\n<meta property=\"og:site_name\" content=\"just-now.NEWS Deutschland\" \/>\n<meta property=\"article:publisher\" content=\"https:\/\/www.facebook.com\/wirmachenauf\" \/>\n<meta property=\"article:published_time\" content=\"2024-08-22T12:52:06+00:00\" \/>\n<meta property=\"og:image\" content=\"https:\/\/now-news.de\/de\/wp-content\/uploads\/sites\/3\/2024\/08\/66c72f4348fbef1e0671de43.jpg\" \/>\n<meta name=\"author\" content=\"rtnews\" \/>\n<meta name=\"twitter:card\" content=\"summary_large_image\" \/>\n<meta name=\"twitter:creator\" content=\"@WirMachenAuf_de\" \/>\n<meta name=\"twitter:site\" content=\"@WirMachenAuf_de\" \/>\n<meta name=\"twitter:label1\" content=\"Verfasst von\" \/>\n\t<meta name=\"twitter:data1\" content=\"rtnews\" \/>\n\t<meta name=\"twitter:label2\" content=\"Gesch\u00e4tzte Lesezeit\" \/>\n\t<meta name=\"twitter:data2\" content=\"4\u00a0Minuten\" \/>\n<script type=\"application\/ld+json\" class=\"yoast-schema-graph\">{\"@context\":\"https:\/\/schema.org\",\"@graph\":[{\"@type\":\"Article\",\"@id\":\"https:\/\/now-news.de\/de\/deutschland\/tim-walz-als-vizekandidat-der-demokraten-nominiert-es-ist-die-ehre-meines-lebens\/#article\",\"isPartOf\":{\"@id\":\"https:\/\/now-news.de\/de\/deutschland\/tim-walz-als-vizekandidat-der-demokraten-nominiert-es-ist-die-ehre-meines-lebens\/\"},\"author\":{\"name\":\"rtnews\",\"@id\":\"https:\/\/now-news.de\/de\/#\/schema\/person\/fb534a4e865501d8b3285208df34a9b5\"},\"headline\":\"Tim Walz als Vizekandidat der Demokraten nominiert: &quot;Es ist die Ehre meines Lebens&quot;\",\"datePublished\":\"2024-08-22T12:52:06+00:00\",\"dateModified\":\"2024-08-22T12:52:06+00:00\",\"mainEntityOfPage\":{\"@id\":\"https:\/\/now-news.de\/de\/deutschland\/tim-walz-als-vizekandidat-der-demokraten-nominiert-es-ist-die-ehre-meines-lebens\/\"},\"wordCount\":854,\"commentCount\":0,\"publisher\":{\"@id\":\"https:\/\/now-news.de\/de\/#organization\"},\"image\":{\"@id\":\"https:\/\/now-news.de\/de\/deutschland\/tim-walz-als-vizekandidat-der-demokraten-nominiert-es-ist-die-ehre-meines-lebens\/#primaryimage\"},\"thumbnailUrl\":\"https:\/\/now-news.de\/de\/wp-content\/uploads\/sites\/3\/2024\/08\/Tim-Walz-als-Vizekandidat-der-Demokraten-nominiert-quotEs-ist-die.jpg\",\"keywords\":[\"als\",\"Demokraten\",\"der\",\"die\",\"Ehre\",\"ist\",\"Lebensquot\",\"meines\",\"nominiert\",\"quotEs\",\"Tim\",\"VizeKandidat\",\"Walz\"],\"articleSection\":[\"Deutschland\",\"Russland\"],\"inLanguage\":\"de\",\"potentialAction\":[{\"@type\":\"CommentAction\",\"name\":\"Comment\",\"target\":[\"https:\/\/now-news.de\/de\/deutschland\/tim-walz-als-vizekandidat-der-demokraten-nominiert-es-ist-die-ehre-meines-lebens\/#respond\"]}]},{\"@type\":\"WebPage\",\"@id\":\"https:\/\/now-news.de\/de\/deutschland\/tim-walz-als-vizekandidat-der-demokraten-nominiert-es-ist-die-ehre-meines-lebens\/\",\"url\":\"https:\/\/now-news.de\/de\/deutschland\/tim-walz-als-vizekandidat-der-demokraten-nominiert-es-ist-die-ehre-meines-lebens\/\",\"name\":\"Tim Walz als Vizekandidat der Demokraten nominiert: &quot;Es ist die Ehre meines Lebens&quot; - just-now.NEWS Deutschland\",\"isPartOf\":{\"@id\":\"https:\/\/now-news.de\/de\/#website\"},\"primaryImageOfPage\":{\"@id\":\"https:\/\/now-news.de\/de\/deutschland\/tim-walz-als-vizekandidat-der-demokraten-nominiert-es-ist-die-ehre-meines-lebens\/#primaryimage\"},\"image\":{\"@id\":\"https:\/\/now-news.de\/de\/deutschland\/tim-walz-als-vizekandidat-der-demokraten-nominiert-es-ist-die-ehre-meines-lebens\/#primaryimage\"},\"thumbnailUrl\":\"https:\/\/now-news.de\/de\/wp-content\/uploads\/sites\/3\/2024\/08\/Tim-Walz-als-Vizekandidat-der-Demokraten-nominiert-quotEs-ist-die.jpg\",\"datePublished\":\"2024-08-22T12:52:06+00:00\",\"dateModified\":\"2024-08-22T12:52:06+00:00\",\"breadcrumb\":{\"@id\":\"https:\/\/now-news.de\/de\/deutschland\/tim-walz-als-vizekandidat-der-demokraten-nominiert-es-ist-die-ehre-meines-lebens\/#breadcrumb\"},\"inLanguage\":\"de\",\"potentialAction\":[{\"@type\":\"ReadAction\",\"target\":[\"https:\/\/now-news.de\/de\/deutschland\/tim-walz-als-vizekandidat-der-demokraten-nominiert-es-ist-die-ehre-meines-lebens\/\"]}]},{\"@type\":\"ImageObject\",\"inLanguage\":\"de\",\"@id\":\"https:\/\/now-news.de\/de\/deutschland\/tim-walz-als-vizekandidat-der-demokraten-nominiert-es-ist-die-ehre-meines-lebens\/#primaryimage\",\"url\":\"https:\/\/now-news.de\/de\/wp-content\/uploads\/sites\/3\/2024\/08\/Tim-Walz-als-Vizekandidat-der-Demokraten-nominiert-quotEs-ist-die.jpg\",\"contentUrl\":\"https:\/\/now-news.de\/de\/wp-content\/uploads\/sites\/3\/2024\/08\/Tim-Walz-als-Vizekandidat-der-Demokraten-nominiert-quotEs-ist-die.jpg\",\"width\":460,\"height\":259,\"caption\":\"Tim Walz als Vizekandidat der Demokraten nominiert: &quot;Es ist die Ehre meines Lebens&quot;\"},{\"@type\":\"BreadcrumbList\",\"@id\":\"https:\/\/now-news.de\/de\/deutschland\/tim-walz-als-vizekandidat-der-demokraten-nominiert-es-ist-die-ehre-meines-lebens\/#breadcrumb\",\"itemListElement\":[{\"@type\":\"ListItem\",\"position\":1,\"name\":\"Home\",\"item\":\"https:\/\/now-news.de\/de\/\"},{\"@type\":\"ListItem\",\"position\":2,\"name\":\"Tim Walz als Vizekandidat der Demokraten nominiert: &quot;Es ist die Ehre meines Lebens&quot;\"}]},{\"@type\":\"WebSite\",\"@id\":\"https:\/\/now-news.de\/de\/#website\",\"url\":\"https:\/\/now-news.de\/de\/\",\"name\":\"just-now.NEWS Deutschland\",\"description\":\"Das Portal f\u00fcr unzensierte Nachrichten aus der Welt\",\"publisher\":{\"@id\":\"https:\/\/now-news.de\/de\/#organization\"},\"potentialAction\":[{\"@type\":\"SearchAction\",\"target\":{\"@type\":\"EntryPoint\",\"urlTemplate\":\"https:\/\/now-news.de\/de\/?s={search_term_string}\"},\"query-input\":\"required name=search_term_string\"}],\"inLanguage\":\"de\"},{\"@type\":\"Organization\",\"@id\":\"https:\/\/now-news.de\/de\/#organization\",\"name\":\"Just Now News\",\"url\":\"https:\/\/now-news.de\/de\/\",\"logo\":{\"@type\":\"ImageObject\",\"inLanguage\":\"de\",\"@id\":\"https:\/\/now-news.de\/de\/#\/schema\/logo\/image\/\",\"url\":\"http:\/\/just-now.news\/de\/wp-content\/uploads\/sites\/3\/2022\/04\/logo500x500.jpg\",\"contentUrl\":\"http:\/\/just-now.news\/de\/wp-content\/uploads\/sites\/3\/2022\/04\/logo500x500.jpg\",\"width\":500,\"height\":500,\"caption\":\"Just Now News\"},\"image\":{\"@id\":\"https:\/\/now-news.de\/de\/#\/schema\/logo\/image\/\"},\"sameAs\":[\"https:\/\/www.facebook.com\/wirmachenauf\",\"https:\/\/x.com\/WirMachenAuf_de\"]},{\"@type\":\"Person\",\"@id\":\"https:\/\/now-news.de\/de\/#\/schema\/person\/fb534a4e865501d8b3285208df34a9b5\",\"name\":\"rtnews\",\"image\":{\"@type\":\"ImageObject\",\"inLanguage\":\"de\",\"@id\":\"https:\/\/now-news.de\/de\/#\/schema\/person\/image\/\",\"url\":\"https:\/\/secure.gravatar.com\/avatar\/82aafea7d8127119dd649515f56e2117?s=96&d=mm&r=g\",\"contentUrl\":\"https:\/\/secure.gravatar.com\/avatar\/82aafea7d8127119dd649515f56e2117?s=96&d=mm&r=g\",\"caption\":\"rtnews\"},\"url\":\"https:\/\/now-news.de\/de\/author\/rnews\/\"}]}<\/script>\n<!-- \/ Yoast SEO Premium plugin. -->","yoast_head_json":{"title":"Tim Walz als Vizekandidat der Demokraten nominiert: &quot;Es ist die Ehre meines Lebens&quot; - just-now.NEWS Deutschland","robots":{"index":"index","follow":"follow","max-snippet":"max-snippet:-1","max-image-preview":"max-image-preview:large","max-video-preview":"max-video-preview:-1"},"canonical":"https:\/\/now-news.de\/de\/deutschland\/tim-walz-als-vizekandidat-der-demokraten-nominiert-es-ist-die-ehre-meines-lebens\/","og_locale":"de_DE","og_type":"article","og_title":"Tim Walz als Vizekandidat der Demokraten nominiert: &quot;Es ist die Ehre meines Lebens&quot;","og_description":"Minnesotas Gouverneur Tim Walz hat seine Nominierung als Vizepr\u00e4sidentschaftskandidat der Demokratischen Partei f\u00fcr die Wahlen im November angenommen. Bei einer Rede in Chicago dankte er Kamala Harris und Pr\u00e4sident Joe Biden f\u00fcr ihr Vertrauen und ihre F\u00fchrung. Der Gouverneur von Minnesota Tim Walz hat offiziell bekanntgegeben, dass er als Vizepr\u00e4sident der Vereinigten Staaten f\u00fcr die [&hellip;]","og_url":"https:\/\/now-news.de\/de\/deutschland\/tim-walz-als-vizekandidat-der-demokraten-nominiert-es-ist-die-ehre-meines-lebens\/","og_site_name":"just-now.NEWS Deutschland","article_publisher":"https:\/\/www.facebook.com\/wirmachenauf","article_published_time":"2024-08-22T12:52:06+00:00","og_image":[{"url":"https:\/\/now-news.de\/de\/wp-content\/uploads\/sites\/3\/2024\/08\/66c72f4348fbef1e0671de43.jpg"}],"author":"rtnews","twitter_card":"summary_large_image","twitter_creator":"@WirMachenAuf_de","twitter_site":"@WirMachenAuf_de","twitter_misc":{"Verfasst von":"rtnews","Gesch\u00e4tzte Lesezeit":"4\u00a0Minuten"},"schema":{"@context":"https:\/\/schema.org","@graph":[{"@type":"Article","@id":"https:\/\/now-news.de\/de\/deutschland\/tim-walz-als-vizekandidat-der-demokraten-nominiert-es-ist-die-ehre-meines-lebens\/#article","isPartOf":{"@id":"https:\/\/now-news.de\/de\/deutschland\/tim-walz-als-vizekandidat-der-demokraten-nominiert-es-ist-die-ehre-meines-lebens\/"},"author":{"name":"rtnews","@id":"https:\/\/now-news.de\/de\/#\/schema\/person\/fb534a4e865501d8b3285208df34a9b5"},"headline":"Tim Walz als Vizekandidat der Demokraten nominiert: &quot;Es ist die Ehre meines Lebens&quot;","datePublished":"2024-08-22T12:52:06+00:00","dateModified":"2024-08-22T12:52:06+00:00","mainEntityOfPage":{"@id":"https:\/\/now-news.de\/de\/deutschland\/tim-walz-als-vizekandidat-der-demokraten-nominiert-es-ist-die-ehre-meines-lebens\/"},"wordCount":854,"commentCount":0,"publisher":{"@id":"https:\/\/now-news.de\/de\/#organization"},"image":{"@id":"https:\/\/now-news.de\/de\/deutschland\/tim-walz-als-vizekandidat-der-demokraten-nominiert-es-ist-die-ehre-meines-lebens\/#primaryimage"},"thumbnailUrl":"https:\/\/now-news.de\/de\/wp-content\/uploads\/sites\/3\/2024\/08\/Tim-Walz-als-Vizekandidat-der-Demokraten-nominiert-quotEs-ist-die.jpg","keywords":["als","Demokraten","der","die","Ehre","ist","Lebensquot","meines","nominiert","quotEs","Tim","VizeKandidat","Walz"],"articleSection":["Deutschland","Russland"],"inLanguage":"de","potentialAction":[{"@type":"CommentAction","name":"Comment","target":["https:\/\/now-news.de\/de\/deutschland\/tim-walz-als-vizekandidat-der-demokraten-nominiert-es-ist-die-ehre-meines-lebens\/#respond"]}]},{"@type":"WebPage","@id":"https:\/\/now-news.de\/de\/deutschland\/tim-walz-als-vizekandidat-der-demokraten-nominiert-es-ist-die-ehre-meines-lebens\/","url":"https:\/\/now-news.de\/de\/deutschland\/tim-walz-als-vizekandidat-der-demokraten-nominiert-es-ist-die-ehre-meines-lebens\/","name":"Tim Walz als Vizekandidat der Demokraten nominiert: &quot;Es ist die Ehre meines Lebens&quot; - just-now.NEWS Deutschland","isPartOf":{"@id":"https:\/\/now-news.de\/de\/#website"},"primaryImageOfPage":{"@id":"https:\/\/now-news.de\/de\/deutschland\/tim-walz-als-vizekandidat-der-demokraten-nominiert-es-ist-die-ehre-meines-lebens\/#primaryimage"},"image":{"@id":"https:\/\/now-news.de\/de\/deutschland\/tim-walz-als-vizekandidat-der-demokraten-nominiert-es-ist-die-ehre-meines-lebens\/#primaryimage"},"thumbnailUrl":"https:\/\/now-news.de\/de\/wp-content\/uploads\/sites\/3\/2024\/08\/Tim-Walz-als-Vizekandidat-der-Demokraten-nominiert-quotEs-ist-die.jpg","datePublished":"2024-08-22T12:52:06+00:00","dateModified":"2024-08-22T12:52:06+00:00","breadcrumb":{"@id":"https:\/\/now-news.de\/de\/deutschland\/tim-walz-als-vizekandidat-der-demokraten-nominiert-es-ist-die-ehre-meines-lebens\/#breadcrumb"},"inLanguage":"de","potentialAction":[{"@type":"ReadAction","target":["https:\/\/now-news.de\/de\/deutschland\/tim-walz-als-vizekandidat-der-demokraten-nominiert-es-ist-die-ehre-meines-lebens\/"]}]},{"@type":"ImageObject","inLanguage":"de","@id":"https:\/\/now-news.de\/de\/deutschland\/tim-walz-als-vizekandidat-der-demokraten-nominiert-es-ist-die-ehre-meines-lebens\/#primaryimage","url":"https:\/\/now-news.de\/de\/wp-content\/uploads\/sites\/3\/2024\/08\/Tim-Walz-als-Vizekandidat-der-Demokraten-nominiert-quotEs-ist-die.jpg","contentUrl":"https:\/\/now-news.de\/de\/wp-content\/uploads\/sites\/3\/2024\/08\/Tim-Walz-als-Vizekandidat-der-Demokraten-nominiert-quotEs-ist-die.jpg","width":460,"height":259,"caption":"Tim Walz als Vizekandidat der Demokraten nominiert: &quot;Es ist die Ehre meines Lebens&quot;"},{"@type":"BreadcrumbList","@id":"https:\/\/now-news.de\/de\/deutschland\/tim-walz-als-vizekandidat-der-demokraten-nominiert-es-ist-die-ehre-meines-lebens\/#breadcrumb","itemListElement":[{"@type":"ListItem","position":1,"name":"Home","item":"https:\/\/now-news.de\/de\/"},{"@type":"ListItem","position":2,"name":"Tim Walz als Vizekandidat der Demokraten nominiert: &quot;Es ist die Ehre meines Lebens&quot;"}]},{"@type":"WebSite","@id":"https:\/\/now-news.de\/de\/#website","url":"https:\/\/now-news.de\/de\/","name":"just-now.NEWS Deutschland","description":"Das Portal f\u00fcr unzensierte Nachrichten aus der Welt","publisher":{"@id":"https:\/\/now-news.de\/de\/#organization"},"potentialAction":[{"@type":"SearchAction","target":{"@type":"EntryPoint","urlTemplate":"https:\/\/now-news.de\/de\/?s={search_term_string}"},"query-input":"required name=search_term_string"}],"inLanguage":"de"},{"@type":"Organization","@id":"https:\/\/now-news.de\/de\/#organization","name":"Just Now News","url":"https:\/\/now-news.de\/de\/","logo":{"@type":"ImageObject","inLanguage":"de","@id":"https:\/\/now-news.de\/de\/#\/schema\/logo\/image\/","url":"http:\/\/just-now.news\/de\/wp-content\/uploads\/sites\/3\/2022\/04\/logo500x500.jpg","contentUrl":"http:\/\/just-now.news\/de\/wp-content\/uploads\/sites\/3\/2022\/04\/logo500x500.jpg","width":500,"height":500,"caption":"Just Now News"},"image":{"@id":"https:\/\/now-news.de\/de\/#\/schema\/logo\/image\/"},"sameAs":["https:\/\/www.facebook.com\/wirmachenauf","https:\/\/x.com\/WirMachenAuf_de"]},{"@type":"Person","@id":"https:\/\/now-news.de\/de\/#\/schema\/person\/fb534a4e865501d8b3285208df34a9b5","name":"rtnews","image":{"@type":"ImageObject","inLanguage":"de","@id":"https:\/\/now-news.de\/de\/#\/schema\/person\/image\/","url":"https:\/\/secure.gravatar.com\/avatar\/82aafea7d8127119dd649515f56e2117?s=96&d=mm&r=g","contentUrl":"https:\/\/secure.gravatar.com\/avatar\/82aafea7d8127119dd649515f56e2117?s=96&d=mm&r=g","caption":"rtnews"},"url":"https:\/\/now-news.de\/de\/author\/rnews\/"}]}},"_links":{"self":[{"href":"https:\/\/now-news.de\/de\/wp-json\/wp\/v2\/posts\/67256"}],"collection":[{"href":"https:\/\/now-news.de\/de\/wp-json\/wp\/v2\/posts"}],"about":[{"href":"https:\/\/now-news.de\/de\/wp-json\/wp\/v2\/types\/post"}],"author":[{"embeddable":true,"href":"https:\/\/now-news.de\/de\/wp-json\/wp\/v2\/users\/3"}],"replies":[{"embeddable":true,"href":"https:\/\/now-news.de\/de\/wp-json\/wp\/v2\/comments?post=67256"}],"version-history":[{"count":0,"href":"https:\/\/now-news.de\/de\/wp-json\/wp\/v2\/posts\/67256\/revisions"}],"wp:featuredmedia":[{"embeddable":true,"href":"https:\/\/now-news.de\/de\/wp-json\/wp\/v2\/media\/67257"}],"wp:attachment":[{"href":"https:\/\/now-news.de\/de\/wp-json\/wp\/v2\/media?parent=67256"}],"wp:term":[{"taxonomy":"category","embeddable":true,"href":"https:\/\/now-news.de\/de\/wp-json\/wp\/v2\/categories?post=67256"},{"taxonomy":"post_tag","embeddable":true,"href":"https:\/\/now-news.de\/de\/wp-json\/wp\/v2\/tags?post=67256"}],"curies":[{"name":"wp","href":"https:\/\/api.w.org\/{rel}","templated":true}]}}