{"id":67244,"date":"2024-08-22T13:44:01","date_gmt":"2024-08-22T11:44:01","guid":{"rendered":"https:\/\/now-news.de\/de\/deutschland\/finnland-diskutiert-stationierung-von-nato-truppen\/"},"modified":"2024-08-22T13:44:01","modified_gmt":"2024-08-22T11:44:01","slug":"finnland-diskutiert-stationierung-von-nato-truppen","status":"publish","type":"post","link":"https:\/\/now-news.de\/de\/deutschland\/finnland-diskutiert-stationierung-von-nato-truppen\/","title":{"rendered":"Finnland diskutiert Stationierung von NATO-Truppen"},"content":{"rendered":"<p><img decoding=\"async\" src=\"https:\/\/now-news.de\/de\/wp-content\/uploads\/sites\/3\/2024\/08\/66c718d3b480cc323e66029d.jpg\" \/><\/p>\n<div class=\"Text-root Text-type_1 \">\n                Finnland nimmt Gespr\u00e4che \u00fcber die Entsendung von NATO-Truppen ins Land auf. Laut Angaben des Verteidigungsministers sei dies notwendig, um auf Spannungen an der Grenze zu reagieren. Die Diskussionen sollen im Herbst und Winter fortgesetzt werden.\n            <\/div>\n<p><\/p>\n<div class=\"Text-root Text-type_5 ArticleView-text ViewText-root \">\n<p>Helsinki hat Verhandlungen mit mehreren NATO-Staaten \u00fcber die Entsendung von Truppen des Milit\u00e4rb\u00fcndnisses nach Finnland begonnen. Wie der Verteidigungsminister Antti H\u00e4kk\u00e4nen berichtete, bestehe das Ziel darin, Finnlands Sicherheit in Krisen zu gew\u00e4hrleisten, auch wenn das Land von keiner direkten milit\u00e4rischen Gefahr bedroht w\u00e4re.<\/p>\n<p>Beispielsweise k\u00f6nnte eine &#8220;angespannte Atmosph\u00e4re an der Grenze&#8221; milit\u00e4rische \u00dcbungen mit Verb\u00fcndeten erforderlich machen, teilte H\u00e4kk\u00e4nen mit. In diesem Fall k\u00e4men NATO-Einheiten zur Ausbildung befristet nach Finnland, w\u00fcrden aber, falls erforderlich, dauerhaft pr\u00e4sent bleiben.<\/p>\n<p>H\u00e4kk\u00e4nen lehnte es ab, Angaben \u00fcber die Gr\u00f6\u00dfe des ausl\u00e4ndischen Kontingents und den geplanten Standort zu machen, betonte jedoch, es sollte &#8220;gro\u00df genug&#8221; sein, um eine ausreichende Pr\u00e4senz in Krisen zu gew\u00e4hrleisten&#8221;. Der Gro\u00dfteil der Finanzierung w\u00fcrde auf die NATO entfallen, wobei auch Helsinki einen wesentlichen Beitrag zahlen m\u00fcsste.<\/p>\n<p>Der Verteidigungsminister versicherte, dass die Gespr\u00e4che im Herbst und Winter fortgesetzt w\u00fcrden. Ein Treffen der NATO-Verteidigungsminister zu diesem Thema finde im Februar statt. Bei dem einem Treffen im Mai einigten sich die Minister auf die Einrichtung einer Kommandostelle f\u00fcr NATO-Bodentruppen in Finnland.\u00a0<\/p>\n<p><strong>Mehr zum Thema \u2013<\/strong>\u00a0<a rel=\"nofollow noopener\" target=\"_blank\" href=\"https:\/\/freedert.online\/europa\/210949-helsinki-parlament-einstimmig-fuer-verteidigungsabkommen\/\">Helsinki: Parlament einstimmig f\u00fcr Verteidigungsabkommen mit den USA<\/a><\/p>\n<\/div>\n<p><br \/>\n<br \/><a href=\"https:\/\/de.rt.com\/international\/216483-finnland-diskutiert-stationierung-von-nato-truppen\/\">Source link <\/a><\/p>\n","protected":false},"excerpt":{"rendered":"<p>Finnland nimmt Gespr\u00e4che \u00fcber die Entsendung von NATO-Truppen ins Land auf. Laut Angaben des Verteidigungsministers sei dies notwendig, um auf Spannungen an der Grenze zu reagieren. Die Diskussionen sollen im Herbst und Winter fortgesetzt werden. Helsinki hat Verhandlungen mit mehreren NATO-Staaten \u00fcber die Entsendung von Truppen des Milit\u00e4rb\u00fcndnisses nach Finnland begonnen. Wie der Verteidigungsminister Antti [&hellip;]<\/p>\n","protected":false},"author":3,"featured_media":67245,"comment_status":"open","ping_status":"open","sticky":false,"template":"","format":"standard","meta":{"_yoast_indexnow_last_ping":["1724327310"],"wp_automatic_camp":["217"],"415002bee168e759c462034ded1da508":["Finnland diskutiert Stationierung von NATO-Truppen"],"original_link":["https:\/\/de.rt.com\/international\/216483-finnland-diskutiert-stationierung-von-nato-truppen\/"],"_thumbnail_id":["67245"],"jnews_social_counter_last_update":["1777340526"],"_wptgpro_p2tg_sent2tg":["a:1:{i:23737;s:19:\"2024-08-22 13:49:33\";}"]},"categories":[19,23],"tags":[20437,1906,28530,30549,50],"yoast_head":"<!-- This site is optimized with the Yoast SEO Premium plugin v22.7 (Yoast SEO v22.7) - https:\/\/yoast.com\/wordpress\/plugins\/seo\/ -->\n<title>Finnland diskutiert Stationierung von NATO-Truppen - just-now.NEWS Deutschland<\/title>\n<meta name=\"robots\" content=\"index, follow, max-snippet:-1, max-image-preview:large, max-video-preview:-1\" \/>\n<link rel=\"canonical\" href=\"https:\/\/now-news.de\/de\/deutschland\/finnland-diskutiert-stationierung-von-nato-truppen\/\" \/>\n<meta property=\"og:locale\" content=\"de_DE\" \/>\n<meta property=\"og:type\" content=\"article\" \/>\n<meta property=\"og:title\" content=\"Finnland diskutiert Stationierung von NATO-Truppen\" \/>\n<meta property=\"og:description\" content=\"Finnland nimmt Gespr\u00e4che \u00fcber die Entsendung von NATO-Truppen ins Land auf. Laut Angaben des Verteidigungsministers sei dies notwendig, um auf Spannungen an der Grenze zu reagieren. Die Diskussionen sollen im Herbst und Winter fortgesetzt werden. Helsinki hat Verhandlungen mit mehreren NATO-Staaten \u00fcber die Entsendung von Truppen des Milit\u00e4rb\u00fcndnisses nach Finnland begonnen. Wie der Verteidigungsminister Antti [&hellip;]\" \/>\n<meta property=\"og:url\" content=\"https:\/\/now-news.de\/de\/deutschland\/finnland-diskutiert-stationierung-von-nato-truppen\/\" \/>\n<meta property=\"og:site_name\" content=\"just-now.NEWS Deutschland\" \/>\n<meta property=\"article:publisher\" content=\"https:\/\/www.facebook.com\/wirmachenauf\" \/>\n<meta property=\"article:published_time\" content=\"2024-08-22T11:44:01+00:00\" \/>\n<meta property=\"og:image\" content=\"https:\/\/now-news.de\/de\/wp-content\/uploads\/sites\/3\/2024\/08\/66c718d3b480cc323e66029d.jpg\" \/>\n<meta name=\"author\" content=\"rtnews\" \/>\n<meta name=\"twitter:card\" content=\"summary_large_image\" \/>\n<meta name=\"twitter:creator\" content=\"@WirMachenAuf_de\" \/>\n<meta name=\"twitter:site\" content=\"@WirMachenAuf_de\" \/>\n<meta name=\"twitter:label1\" content=\"Verfasst von\" \/>\n\t<meta name=\"twitter:data1\" content=\"rtnews\" \/>\n\t<meta name=\"twitter:label2\" content=\"Gesch\u00e4tzte Lesezeit\" \/>\n\t<meta name=\"twitter:data2\" content=\"1\u00a0Minute\" \/>\n<script type=\"application\/ld+json\" class=\"yoast-schema-graph\">{\"@context\":\"https:\/\/schema.org\",\"@graph\":[{\"@type\":\"Article\",\"@id\":\"https:\/\/now-news.de\/de\/deutschland\/finnland-diskutiert-stationierung-von-nato-truppen\/#article\",\"isPartOf\":{\"@id\":\"https:\/\/now-news.de\/de\/deutschland\/finnland-diskutiert-stationierung-von-nato-truppen\/\"},\"author\":{\"name\":\"rtnews\",\"@id\":\"https:\/\/now-news.de\/de\/#\/schema\/person\/fb534a4e865501d8b3285208df34a9b5\"},\"headline\":\"Finnland diskutiert Stationierung von NATO-Truppen\",\"datePublished\":\"2024-08-22T11:44:01+00:00\",\"dateModified\":\"2024-08-22T11:44:01+00:00\",\"mainEntityOfPage\":{\"@id\":\"https:\/\/now-news.de\/de\/deutschland\/finnland-diskutiert-stationierung-von-nato-truppen\/\"},\"wordCount\":252,\"commentCount\":0,\"publisher\":{\"@id\":\"https:\/\/now-news.de\/de\/#organization\"},\"image\":{\"@id\":\"https:\/\/now-news.de\/de\/deutschland\/finnland-diskutiert-stationierung-von-nato-truppen\/#primaryimage\"},\"thumbnailUrl\":\"https:\/\/now-news.de\/de\/wp-content\/uploads\/sites\/3\/2024\/08\/Finnland-diskutiert-Stationierung-von-NATO-Truppen.jpg\",\"keywords\":[\"diskutiert\",\"Finnland\",\"NATOTruppen\",\"Stationierung\",\"von\"],\"articleSection\":[\"Deutschland\",\"Russland\"],\"inLanguage\":\"de\",\"potentialAction\":[{\"@type\":\"CommentAction\",\"name\":\"Comment\",\"target\":[\"https:\/\/now-news.de\/de\/deutschland\/finnland-diskutiert-stationierung-von-nato-truppen\/#respond\"]}]},{\"@type\":\"WebPage\",\"@id\":\"https:\/\/now-news.de\/de\/deutschland\/finnland-diskutiert-stationierung-von-nato-truppen\/\",\"url\":\"https:\/\/now-news.de\/de\/deutschland\/finnland-diskutiert-stationierung-von-nato-truppen\/\",\"name\":\"Finnland diskutiert Stationierung von NATO-Truppen - just-now.NEWS Deutschland\",\"isPartOf\":{\"@id\":\"https:\/\/now-news.de\/de\/#website\"},\"primaryImageOfPage\":{\"@id\":\"https:\/\/now-news.de\/de\/deutschland\/finnland-diskutiert-stationierung-von-nato-truppen\/#primaryimage\"},\"image\":{\"@id\":\"https:\/\/now-news.de\/de\/deutschland\/finnland-diskutiert-stationierung-von-nato-truppen\/#primaryimage\"},\"thumbnailUrl\":\"https:\/\/now-news.de\/de\/wp-content\/uploads\/sites\/3\/2024\/08\/Finnland-diskutiert-Stationierung-von-NATO-Truppen.jpg\",\"datePublished\":\"2024-08-22T11:44:01+00:00\",\"dateModified\":\"2024-08-22T11:44:01+00:00\",\"breadcrumb\":{\"@id\":\"https:\/\/now-news.de\/de\/deutschland\/finnland-diskutiert-stationierung-von-nato-truppen\/#breadcrumb\"},\"inLanguage\":\"de\",\"potentialAction\":[{\"@type\":\"ReadAction\",\"target\":[\"https:\/\/now-news.de\/de\/deutschland\/finnland-diskutiert-stationierung-von-nato-truppen\/\"]}]},{\"@type\":\"ImageObject\",\"inLanguage\":\"de\",\"@id\":\"https:\/\/now-news.de\/de\/deutschland\/finnland-diskutiert-stationierung-von-nato-truppen\/#primaryimage\",\"url\":\"https:\/\/now-news.de\/de\/wp-content\/uploads\/sites\/3\/2024\/08\/Finnland-diskutiert-Stationierung-von-NATO-Truppen.jpg\",\"contentUrl\":\"https:\/\/now-news.de\/de\/wp-content\/uploads\/sites\/3\/2024\/08\/Finnland-diskutiert-Stationierung-von-NATO-Truppen.jpg\",\"width\":460,\"height\":259,\"caption\":\"Finnland diskutiert Stationierung von NATO-Truppen\"},{\"@type\":\"BreadcrumbList\",\"@id\":\"https:\/\/now-news.de\/de\/deutschland\/finnland-diskutiert-stationierung-von-nato-truppen\/#breadcrumb\",\"itemListElement\":[{\"@type\":\"ListItem\",\"position\":1,\"name\":\"Home\",\"item\":\"https:\/\/now-news.de\/de\/\"},{\"@type\":\"ListItem\",\"position\":2,\"name\":\"Finnland diskutiert Stationierung von NATO-Truppen\"}]},{\"@type\":\"WebSite\",\"@id\":\"https:\/\/now-news.de\/de\/#website\",\"url\":\"https:\/\/now-news.de\/de\/\",\"name\":\"just-now.NEWS Deutschland\",\"description\":\"Das Portal f\u00fcr unzensierte Nachrichten aus der Welt\",\"publisher\":{\"@id\":\"https:\/\/now-news.de\/de\/#organization\"},\"potentialAction\":[{\"@type\":\"SearchAction\",\"target\":{\"@type\":\"EntryPoint\",\"urlTemplate\":\"https:\/\/now-news.de\/de\/?s={search_term_string}\"},\"query-input\":\"required name=search_term_string\"}],\"inLanguage\":\"de\"},{\"@type\":\"Organization\",\"@id\":\"https:\/\/now-news.de\/de\/#organization\",\"name\":\"Just Now News\",\"url\":\"https:\/\/now-news.de\/de\/\",\"logo\":{\"@type\":\"ImageObject\",\"inLanguage\":\"de\",\"@id\":\"https:\/\/now-news.de\/de\/#\/schema\/logo\/image\/\",\"url\":\"http:\/\/just-now.news\/de\/wp-content\/uploads\/sites\/3\/2022\/04\/logo500x500.jpg\",\"contentUrl\":\"http:\/\/just-now.news\/de\/wp-content\/uploads\/sites\/3\/2022\/04\/logo500x500.jpg\",\"width\":500,\"height\":500,\"caption\":\"Just Now News\"},\"image\":{\"@id\":\"https:\/\/now-news.de\/de\/#\/schema\/logo\/image\/\"},\"sameAs\":[\"https:\/\/www.facebook.com\/wirmachenauf\",\"https:\/\/x.com\/WirMachenAuf_de\"]},{\"@type\":\"Person\",\"@id\":\"https:\/\/now-news.de\/de\/#\/schema\/person\/fb534a4e865501d8b3285208df34a9b5\",\"name\":\"rtnews\",\"image\":{\"@type\":\"ImageObject\",\"inLanguage\":\"de\",\"@id\":\"https:\/\/now-news.de\/de\/#\/schema\/person\/image\/\",\"url\":\"https:\/\/secure.gravatar.com\/avatar\/82aafea7d8127119dd649515f56e2117?s=96&d=mm&r=g\",\"contentUrl\":\"https:\/\/secure.gravatar.com\/avatar\/82aafea7d8127119dd649515f56e2117?s=96&d=mm&r=g\",\"caption\":\"rtnews\"},\"url\":\"https:\/\/now-news.de\/de\/author\/rnews\/\"}]}<\/script>\n<!-- \/ Yoast SEO Premium plugin. -->","yoast_head_json":{"title":"Finnland diskutiert Stationierung von NATO-Truppen - just-now.NEWS Deutschland","robots":{"index":"index","follow":"follow","max-snippet":"max-snippet:-1","max-image-preview":"max-image-preview:large","max-video-preview":"max-video-preview:-1"},"canonical":"https:\/\/now-news.de\/de\/deutschland\/finnland-diskutiert-stationierung-von-nato-truppen\/","og_locale":"de_DE","og_type":"article","og_title":"Finnland diskutiert Stationierung von NATO-Truppen","og_description":"Finnland nimmt Gespr\u00e4che \u00fcber die Entsendung von NATO-Truppen ins Land auf. Laut Angaben des Verteidigungsministers sei dies notwendig, um auf Spannungen an der Grenze zu reagieren. Die Diskussionen sollen im Herbst und Winter fortgesetzt werden. Helsinki hat Verhandlungen mit mehreren NATO-Staaten \u00fcber die Entsendung von Truppen des Milit\u00e4rb\u00fcndnisses nach Finnland begonnen. Wie der Verteidigungsminister Antti [&hellip;]","og_url":"https:\/\/now-news.de\/de\/deutschland\/finnland-diskutiert-stationierung-von-nato-truppen\/","og_site_name":"just-now.NEWS Deutschland","article_publisher":"https:\/\/www.facebook.com\/wirmachenauf","article_published_time":"2024-08-22T11:44:01+00:00","og_image":[{"url":"https:\/\/now-news.de\/de\/wp-content\/uploads\/sites\/3\/2024\/08\/66c718d3b480cc323e66029d.jpg"}],"author":"rtnews","twitter_card":"summary_large_image","twitter_creator":"@WirMachenAuf_de","twitter_site":"@WirMachenAuf_de","twitter_misc":{"Verfasst von":"rtnews","Gesch\u00e4tzte Lesezeit":"1\u00a0Minute"},"schema":{"@context":"https:\/\/schema.org","@graph":[{"@type":"Article","@id":"https:\/\/now-news.de\/de\/deutschland\/finnland-diskutiert-stationierung-von-nato-truppen\/#article","isPartOf":{"@id":"https:\/\/now-news.de\/de\/deutschland\/finnland-diskutiert-stationierung-von-nato-truppen\/"},"author":{"name":"rtnews","@id":"https:\/\/now-news.de\/de\/#\/schema\/person\/fb534a4e865501d8b3285208df34a9b5"},"headline":"Finnland diskutiert Stationierung von NATO-Truppen","datePublished":"2024-08-22T11:44:01+00:00","dateModified":"2024-08-22T11:44:01+00:00","mainEntityOfPage":{"@id":"https:\/\/now-news.de\/de\/deutschland\/finnland-diskutiert-stationierung-von-nato-truppen\/"},"wordCount":252,"commentCount":0,"publisher":{"@id":"https:\/\/now-news.de\/de\/#organization"},"image":{"@id":"https:\/\/now-news.de\/de\/deutschland\/finnland-diskutiert-stationierung-von-nato-truppen\/#primaryimage"},"thumbnailUrl":"https:\/\/now-news.de\/de\/wp-content\/uploads\/sites\/3\/2024\/08\/Finnland-diskutiert-Stationierung-von-NATO-Truppen.jpg","keywords":["diskutiert","Finnland","NATOTruppen","Stationierung","von"],"articleSection":["Deutschland","Russland"],"inLanguage":"de","potentialAction":[{"@type":"CommentAction","name":"Comment","target":["https:\/\/now-news.de\/de\/deutschland\/finnland-diskutiert-stationierung-von-nato-truppen\/#respond"]}]},{"@type":"WebPage","@id":"https:\/\/now-news.de\/de\/deutschland\/finnland-diskutiert-stationierung-von-nato-truppen\/","url":"https:\/\/now-news.de\/de\/deutschland\/finnland-diskutiert-stationierung-von-nato-truppen\/","name":"Finnland diskutiert Stationierung von NATO-Truppen - just-now.NEWS Deutschland","isPartOf":{"@id":"https:\/\/now-news.de\/de\/#website"},"primaryImageOfPage":{"@id":"https:\/\/now-news.de\/de\/deutschland\/finnland-diskutiert-stationierung-von-nato-truppen\/#primaryimage"},"image":{"@id":"https:\/\/now-news.de\/de\/deutschland\/finnland-diskutiert-stationierung-von-nato-truppen\/#primaryimage"},"thumbnailUrl":"https:\/\/now-news.de\/de\/wp-content\/uploads\/sites\/3\/2024\/08\/Finnland-diskutiert-Stationierung-von-NATO-Truppen.jpg","datePublished":"2024-08-22T11:44:01+00:00","dateModified":"2024-08-22T11:44:01+00:00","breadcrumb":{"@id":"https:\/\/now-news.de\/de\/deutschland\/finnland-diskutiert-stationierung-von-nato-truppen\/#breadcrumb"},"inLanguage":"de","potentialAction":[{"@type":"ReadAction","target":["https:\/\/now-news.de\/de\/deutschland\/finnland-diskutiert-stationierung-von-nato-truppen\/"]}]},{"@type":"ImageObject","inLanguage":"de","@id":"https:\/\/now-news.de\/de\/deutschland\/finnland-diskutiert-stationierung-von-nato-truppen\/#primaryimage","url":"https:\/\/now-news.de\/de\/wp-content\/uploads\/sites\/3\/2024\/08\/Finnland-diskutiert-Stationierung-von-NATO-Truppen.jpg","contentUrl":"https:\/\/now-news.de\/de\/wp-content\/uploads\/sites\/3\/2024\/08\/Finnland-diskutiert-Stationierung-von-NATO-Truppen.jpg","width":460,"height":259,"caption":"Finnland diskutiert Stationierung von NATO-Truppen"},{"@type":"BreadcrumbList","@id":"https:\/\/now-news.de\/de\/deutschland\/finnland-diskutiert-stationierung-von-nato-truppen\/#breadcrumb","itemListElement":[{"@type":"ListItem","position":1,"name":"Home","item":"https:\/\/now-news.de\/de\/"},{"@type":"ListItem","position":2,"name":"Finnland diskutiert Stationierung von NATO-Truppen"}]},{"@type":"WebSite","@id":"https:\/\/now-news.de\/de\/#website","url":"https:\/\/now-news.de\/de\/","name":"just-now.NEWS Deutschland","description":"Das Portal f\u00fcr unzensierte Nachrichten aus der Welt","publisher":{"@id":"https:\/\/now-news.de\/de\/#organization"},"potentialAction":[{"@type":"SearchAction","target":{"@type":"EntryPoint","urlTemplate":"https:\/\/now-news.de\/de\/?s={search_term_string}"},"query-input":"required name=search_term_string"}],"inLanguage":"de"},{"@type":"Organization","@id":"https:\/\/now-news.de\/de\/#organization","name":"Just Now News","url":"https:\/\/now-news.de\/de\/","logo":{"@type":"ImageObject","inLanguage":"de","@id":"https:\/\/now-news.de\/de\/#\/schema\/logo\/image\/","url":"http:\/\/just-now.news\/de\/wp-content\/uploads\/sites\/3\/2022\/04\/logo500x500.jpg","contentUrl":"http:\/\/just-now.news\/de\/wp-content\/uploads\/sites\/3\/2022\/04\/logo500x500.jpg","width":500,"height":500,"caption":"Just Now News"},"image":{"@id":"https:\/\/now-news.de\/de\/#\/schema\/logo\/image\/"},"sameAs":["https:\/\/www.facebook.com\/wirmachenauf","https:\/\/x.com\/WirMachenAuf_de"]},{"@type":"Person","@id":"https:\/\/now-news.de\/de\/#\/schema\/person\/fb534a4e865501d8b3285208df34a9b5","name":"rtnews","image":{"@type":"ImageObject","inLanguage":"de","@id":"https:\/\/now-news.de\/de\/#\/schema\/person\/image\/","url":"https:\/\/secure.gravatar.com\/avatar\/82aafea7d8127119dd649515f56e2117?s=96&d=mm&r=g","contentUrl":"https:\/\/secure.gravatar.com\/avatar\/82aafea7d8127119dd649515f56e2117?s=96&d=mm&r=g","caption":"rtnews"},"url":"https:\/\/now-news.de\/de\/author\/rnews\/"}]}},"_links":{"self":[{"href":"https:\/\/now-news.de\/de\/wp-json\/wp\/v2\/posts\/67244"}],"collection":[{"href":"https:\/\/now-news.de\/de\/wp-json\/wp\/v2\/posts"}],"about":[{"href":"https:\/\/now-news.de\/de\/wp-json\/wp\/v2\/types\/post"}],"author":[{"embeddable":true,"href":"https:\/\/now-news.de\/de\/wp-json\/wp\/v2\/users\/3"}],"replies":[{"embeddable":true,"href":"https:\/\/now-news.de\/de\/wp-json\/wp\/v2\/comments?post=67244"}],"version-history":[{"count":0,"href":"https:\/\/now-news.de\/de\/wp-json\/wp\/v2\/posts\/67244\/revisions"}],"wp:featuredmedia":[{"embeddable":true,"href":"https:\/\/now-news.de\/de\/wp-json\/wp\/v2\/media\/67245"}],"wp:attachment":[{"href":"https:\/\/now-news.de\/de\/wp-json\/wp\/v2\/media?parent=67244"}],"wp:term":[{"taxonomy":"category","embeddable":true,"href":"https:\/\/now-news.de\/de\/wp-json\/wp\/v2\/categories?post=67244"},{"taxonomy":"post_tag","embeddable":true,"href":"https:\/\/now-news.de\/de\/wp-json\/wp\/v2\/tags?post=67244"}],"curies":[{"name":"wp","href":"https:\/\/api.w.org\/{rel}","templated":true}]}}