{"id":67212,"date":"2024-08-21T21:18:55","date_gmt":"2024-08-21T19:18:55","guid":{"rendered":"https:\/\/now-news.de\/de\/deutschland\/sahra-wagenknecht-stellt-bedingungen-fuer-moegliche-koalitionen-in-sachsen-und-thueringen\/"},"modified":"2024-08-21T21:18:55","modified_gmt":"2024-08-21T19:18:55","slug":"sahra-wagenknecht-stellt-bedingungen-fuer-moegliche-koalitionen-in-sachsen-und-thueringen","status":"publish","type":"post","link":"https:\/\/now-news.de\/de\/deutschland\/sahra-wagenknecht-stellt-bedingungen-fuer-moegliche-koalitionen-in-sachsen-und-thueringen\/","title":{"rendered":"Sahra Wagenknecht stellt Bedingungen f\u00fcr m\u00f6gliche Koalitionen in Sachsen und Th\u00fcringen"},"content":{"rendered":"<p><img decoding=\"async\" src=\"https:\/\/now-news.de\/de\/wp-content\/uploads\/sites\/3\/2024\/08\/66c63f28b480cc6ab54bea7d.jpg\" \/><\/p>\n<div class=\"Text-root Text-type_1 \">\n                In gleich drei ostdeutschen Bundesl\u00e4ndern wird im September der Landtag neu gew\u00e4hlt und in allen drei zeichnet sich nach den Wahlen eine schwierige Regierungsbildung ab. Dabei k\u00f6nnte das B\u00fcndnis Sahra Wagenknecht zum Z\u00fcnglein an der Waage werden. H\u00e4lt die &#8220;rote Sahra&#8221; dann, was sie heute verspricht?\n            <\/div>\n<p><\/p>\n<div class=\"Text-root Text-type_5 ArticleView-text ViewText-root \">\n<p>Bei Wahlkampfauftritten in Sachsen und Th\u00fcringen hat Sahra Wagenknecht Bedingungen formuliert, die ihre potenziellen Koalitionspartner erf\u00fcllen m\u00fcssten, damit sich das von ihr gef\u00fchrte B\u00fcndnis Sahra Wagenknecht (BSW) nach den Wahlen in Brandenburg, Sachsen und Th\u00fcringen an Landesregierungen beteiligt.<\/p>\n<p>Wie die <em>Tagesschau<\/em> am Mittwoch berichtet, geht es dabei in erster Linie um die Friedens- und Sicherheitspolitik. Auch der Ukraine-Krieg spielt eine Rolle.\u00a0Eine vom BSW mitgetragene Landesregierung m\u00fcsse sich f\u00fcr sofortige Verhandlungen zwischen Russland und der Ukraine, gegen Waffenlieferungen an Kiew und gegen die geplante Stationierung von US-Mittelstrecken-Raketen in Deutschland aussprechen.<\/p>\n<p>Wie berichtet wird, warnt Wagenknecht in nahezu jeder Wahlkampfrede,\u00a0mit der Raketen-Stationierung w\u00fcrde Deutschland zur Zielscheibe russischer Atomwaffen. Der\u00a0Krieg in der Ukraine\u00a0m\u00fcsse sofort durch Verhandlungen beendet werden.<\/p>\n<p>Je nach Wahlausgang k\u00f6nnte das BSW nach dem aktuellen Stand der Umfragen in Brandenburg auch einer SPD-, in Sachsen nur einer CDU-gef\u00fchrten Landesregierung zur Wahl verhelfen. In Th\u00fcringen k\u00e4men unter Umst\u00e4nden neben der CDU als Koalitionspartner auch eine Dreierkoalition mit Linken und der SPD in Betracht; in diesem Fall k\u00f6nnte das BSW sogar die st\u00e4rkste Kraft im m\u00f6glichen Regierungsb\u00fcndnis werden und deutet schon jetzt vorsorglich Anspruch auf den Ministerpr\u00e4sidentenposten f\u00fcr seine Spitzenkandidatin Katja Wolf an. Koalitionen mit der AfD haben Vertreter des BSW bislang ausgeschlossen. Allerdings pl\u00e4dierte Wagenknecht selbst vor Kurzem f\u00fcr &#8220;einen anderen Umgang&#8221; mit der Partei.\u00a0<\/p>\n<p>Insgesamt zeichnet sich nach den Landtagswahlen in allen drei Bundesl\u00e4ndern eine schwierige Regierungsbildung ab, da mindestens eine der Oppositionsparteien \u2013 AfD oder BSW \u2013 f\u00fcr eine rechnerische Mehrheit mit an Bord m\u00fcsste.\u00a0<\/p>\n<p><strong>Mehr zum Thema<\/strong> &#8211; <a rel=\"nofollow noopener\" target=\"_blank\" href=\"https:\/\/freedert.online\/inland\/213931-fuer-diplomatie-und-gegen-kriegsvorbereitung\/\">&#8220;F\u00fcr Diplomatie und gegen Kriegsvorbereitung&#8221; \u2013 BSW kn\u00fcpft Regierungsbeteiligung an Friedensfrage<\/a><\/p>\n<\/div>\n<p><br \/>\n<br \/><a href=\"https:\/\/de.rt.com\/inland\/216428-sahra-wagenknecht-stellt-bedingungen-fuer\/\">Source link <\/a><\/p>\n","protected":false},"excerpt":{"rendered":"<p>In gleich drei ostdeutschen Bundesl\u00e4ndern wird im September der Landtag neu gew\u00e4hlt und in allen drei zeichnet sich nach den Wahlen eine schwierige Regierungsbildung ab. Dabei k\u00f6nnte das B\u00fcndnis Sahra Wagenknecht zum Z\u00fcnglein an der Waage werden. H\u00e4lt die &#8220;rote Sahra&#8221; dann, was sie heute verspricht? Bei Wahlkampfauftritten in Sachsen und Th\u00fcringen hat Sahra Wagenknecht [&hellip;]<\/p>\n","protected":false},"author":3,"featured_media":67213,"comment_status":"open","ping_status":"open","sticky":false,"template":"","format":"standard","meta":{"_yoast_indexnow_last_ping":["1724268398"],"wp_automatic_camp":["217"],"78dbda9a94c310b4eb7b31910ae9cfdf":["Sahra Wagenknecht stellt Bedingungen f\u00fcr m\u00f6gliche Koalitionen in Sachsen und Th\u00fcringen"],"original_link":["https:\/\/de.rt.com\/inland\/216428-sahra-wagenknecht-stellt-bedingungen-fuer\/"],"_thumbnail_id":["67213"],"jnews_social_counter_last_update":["1777607562"],"_wptgpro_p2tg_sent2tg":["a:1:{i:23737;s:19:\"2024-08-21 21:27:57\";}"]},"categories":[19,23],"tags":[20908,221,53401,26307,5488,22541,15979,8673,140,17968],"yoast_head":"<!-- This site is optimized with the Yoast SEO Premium plugin v22.7 (Yoast SEO v22.7) - https:\/\/yoast.com\/wordpress\/plugins\/seo\/ -->\n<title>Sahra Wagenknecht stellt Bedingungen f\u00fcr m\u00f6gliche Koalitionen in Sachsen und Th\u00fcringen - just-now.NEWS Deutschland<\/title>\n<meta name=\"robots\" content=\"index, follow, max-snippet:-1, max-image-preview:large, max-video-preview:-1\" \/>\n<link rel=\"canonical\" href=\"https:\/\/now-news.de\/de\/deutschland\/sahra-wagenknecht-stellt-bedingungen-fuer-moegliche-koalitionen-in-sachsen-und-thueringen\/\" \/>\n<meta property=\"og:locale\" content=\"de_DE\" \/>\n<meta property=\"og:type\" content=\"article\" \/>\n<meta property=\"og:title\" content=\"Sahra Wagenknecht stellt Bedingungen f\u00fcr m\u00f6gliche Koalitionen in Sachsen und Th\u00fcringen\" \/>\n<meta property=\"og:description\" content=\"In gleich drei ostdeutschen Bundesl\u00e4ndern wird im September der Landtag neu gew\u00e4hlt und in allen drei zeichnet sich nach den Wahlen eine schwierige Regierungsbildung ab. Dabei k\u00f6nnte das B\u00fcndnis Sahra Wagenknecht zum Z\u00fcnglein an der Waage werden. H\u00e4lt die &#8220;rote Sahra&#8221; dann, was sie heute verspricht? Bei Wahlkampfauftritten in Sachsen und Th\u00fcringen hat Sahra Wagenknecht [&hellip;]\" \/>\n<meta property=\"og:url\" content=\"https:\/\/now-news.de\/de\/deutschland\/sahra-wagenknecht-stellt-bedingungen-fuer-moegliche-koalitionen-in-sachsen-und-thueringen\/\" \/>\n<meta property=\"og:site_name\" content=\"just-now.NEWS Deutschland\" \/>\n<meta property=\"article:publisher\" content=\"https:\/\/www.facebook.com\/wirmachenauf\" \/>\n<meta property=\"article:published_time\" content=\"2024-08-21T19:18:55+00:00\" \/>\n<meta property=\"og:image\" content=\"https:\/\/now-news.de\/de\/wp-content\/uploads\/sites\/3\/2024\/08\/66c63f28b480cc6ab54bea7d.jpg\" \/>\n<meta name=\"author\" content=\"rtnews\" \/>\n<meta name=\"twitter:card\" content=\"summary_large_image\" \/>\n<meta name=\"twitter:creator\" content=\"@WirMachenAuf_de\" \/>\n<meta name=\"twitter:site\" content=\"@WirMachenAuf_de\" \/>\n<meta name=\"twitter:label1\" content=\"Verfasst von\" \/>\n\t<meta name=\"twitter:data1\" content=\"rtnews\" \/>\n\t<meta name=\"twitter:label2\" content=\"Gesch\u00e4tzte Lesezeit\" \/>\n\t<meta name=\"twitter:data2\" content=\"2\u00a0Minuten\" \/>\n<script type=\"application\/ld+json\" class=\"yoast-schema-graph\">{\"@context\":\"https:\/\/schema.org\",\"@graph\":[{\"@type\":\"Article\",\"@id\":\"https:\/\/now-news.de\/de\/deutschland\/sahra-wagenknecht-stellt-bedingungen-fuer-moegliche-koalitionen-in-sachsen-und-thueringen\/#article\",\"isPartOf\":{\"@id\":\"https:\/\/now-news.de\/de\/deutschland\/sahra-wagenknecht-stellt-bedingungen-fuer-moegliche-koalitionen-in-sachsen-und-thueringen\/\"},\"author\":{\"name\":\"rtnews\",\"@id\":\"https:\/\/now-news.de\/de\/#\/schema\/person\/fb534a4e865501d8b3285208df34a9b5\"},\"headline\":\"Sahra Wagenknecht stellt Bedingungen f\u00fcr m\u00f6gliche Koalitionen in Sachsen und Th\u00fcringen\",\"datePublished\":\"2024-08-21T19:18:55+00:00\",\"dateModified\":\"2024-08-21T19:18:55+00:00\",\"mainEntityOfPage\":{\"@id\":\"https:\/\/now-news.de\/de\/deutschland\/sahra-wagenknecht-stellt-bedingungen-fuer-moegliche-koalitionen-in-sachsen-und-thueringen\/\"},\"wordCount\":358,\"commentCount\":0,\"publisher\":{\"@id\":\"https:\/\/now-news.de\/de\/#organization\"},\"image\":{\"@id\":\"https:\/\/now-news.de\/de\/deutschland\/sahra-wagenknecht-stellt-bedingungen-fuer-moegliche-koalitionen-in-sachsen-und-thueringen\/#primaryimage\"},\"thumbnailUrl\":\"https:\/\/now-news.de\/de\/wp-content\/uploads\/sites\/3\/2024\/08\/Sahra-Wagenknecht-stellt-Bedingungen-fuer-moegliche-Koalitionen-in-Sachsen-und.jpg\",\"keywords\":[\"Bedingungen\",\"f\u00fcr\",\"Koalitionen\",\"m\u00f6gliche\",\"Sachsen\",\"Sahra\",\"stellt\",\"Th\u00fcringen\",\"und\",\"Wagenknecht\"],\"articleSection\":[\"Deutschland\",\"Russland\"],\"inLanguage\":\"de\",\"potentialAction\":[{\"@type\":\"CommentAction\",\"name\":\"Comment\",\"target\":[\"https:\/\/now-news.de\/de\/deutschland\/sahra-wagenknecht-stellt-bedingungen-fuer-moegliche-koalitionen-in-sachsen-und-thueringen\/#respond\"]}]},{\"@type\":\"WebPage\",\"@id\":\"https:\/\/now-news.de\/de\/deutschland\/sahra-wagenknecht-stellt-bedingungen-fuer-moegliche-koalitionen-in-sachsen-und-thueringen\/\",\"url\":\"https:\/\/now-news.de\/de\/deutschland\/sahra-wagenknecht-stellt-bedingungen-fuer-moegliche-koalitionen-in-sachsen-und-thueringen\/\",\"name\":\"Sahra Wagenknecht stellt Bedingungen f\u00fcr m\u00f6gliche Koalitionen in Sachsen und Th\u00fcringen - just-now.NEWS Deutschland\",\"isPartOf\":{\"@id\":\"https:\/\/now-news.de\/de\/#website\"},\"primaryImageOfPage\":{\"@id\":\"https:\/\/now-news.de\/de\/deutschland\/sahra-wagenknecht-stellt-bedingungen-fuer-moegliche-koalitionen-in-sachsen-und-thueringen\/#primaryimage\"},\"image\":{\"@id\":\"https:\/\/now-news.de\/de\/deutschland\/sahra-wagenknecht-stellt-bedingungen-fuer-moegliche-koalitionen-in-sachsen-und-thueringen\/#primaryimage\"},\"thumbnailUrl\":\"https:\/\/now-news.de\/de\/wp-content\/uploads\/sites\/3\/2024\/08\/Sahra-Wagenknecht-stellt-Bedingungen-fuer-moegliche-Koalitionen-in-Sachsen-und.jpg\",\"datePublished\":\"2024-08-21T19:18:55+00:00\",\"dateModified\":\"2024-08-21T19:18:55+00:00\",\"breadcrumb\":{\"@id\":\"https:\/\/now-news.de\/de\/deutschland\/sahra-wagenknecht-stellt-bedingungen-fuer-moegliche-koalitionen-in-sachsen-und-thueringen\/#breadcrumb\"},\"inLanguage\":\"de\",\"potentialAction\":[{\"@type\":\"ReadAction\",\"target\":[\"https:\/\/now-news.de\/de\/deutschland\/sahra-wagenknecht-stellt-bedingungen-fuer-moegliche-koalitionen-in-sachsen-und-thueringen\/\"]}]},{\"@type\":\"ImageObject\",\"inLanguage\":\"de\",\"@id\":\"https:\/\/now-news.de\/de\/deutschland\/sahra-wagenknecht-stellt-bedingungen-fuer-moegliche-koalitionen-in-sachsen-und-thueringen\/#primaryimage\",\"url\":\"https:\/\/now-news.de\/de\/wp-content\/uploads\/sites\/3\/2024\/08\/Sahra-Wagenknecht-stellt-Bedingungen-fuer-moegliche-Koalitionen-in-Sachsen-und.jpg\",\"contentUrl\":\"https:\/\/now-news.de\/de\/wp-content\/uploads\/sites\/3\/2024\/08\/Sahra-Wagenknecht-stellt-Bedingungen-fuer-moegliche-Koalitionen-in-Sachsen-und.jpg\",\"width\":460,\"height\":259,\"caption\":\"Sahra Wagenknecht stellt Bedingungen f\u00fcr m\u00f6gliche Koalitionen in Sachsen und Th\u00fcringen\"},{\"@type\":\"BreadcrumbList\",\"@id\":\"https:\/\/now-news.de\/de\/deutschland\/sahra-wagenknecht-stellt-bedingungen-fuer-moegliche-koalitionen-in-sachsen-und-thueringen\/#breadcrumb\",\"itemListElement\":[{\"@type\":\"ListItem\",\"position\":1,\"name\":\"Home\",\"item\":\"https:\/\/now-news.de\/de\/\"},{\"@type\":\"ListItem\",\"position\":2,\"name\":\"Sahra Wagenknecht stellt Bedingungen f\u00fcr m\u00f6gliche Koalitionen in Sachsen und Th\u00fcringen\"}]},{\"@type\":\"WebSite\",\"@id\":\"https:\/\/now-news.de\/de\/#website\",\"url\":\"https:\/\/now-news.de\/de\/\",\"name\":\"just-now.NEWS Deutschland\",\"description\":\"Das Portal f\u00fcr unzensierte Nachrichten aus der Welt\",\"publisher\":{\"@id\":\"https:\/\/now-news.de\/de\/#organization\"},\"potentialAction\":[{\"@type\":\"SearchAction\",\"target\":{\"@type\":\"EntryPoint\",\"urlTemplate\":\"https:\/\/now-news.de\/de\/?s={search_term_string}\"},\"query-input\":\"required name=search_term_string\"}],\"inLanguage\":\"de\"},{\"@type\":\"Organization\",\"@id\":\"https:\/\/now-news.de\/de\/#organization\",\"name\":\"Just Now News\",\"url\":\"https:\/\/now-news.de\/de\/\",\"logo\":{\"@type\":\"ImageObject\",\"inLanguage\":\"de\",\"@id\":\"https:\/\/now-news.de\/de\/#\/schema\/logo\/image\/\",\"url\":\"http:\/\/just-now.news\/de\/wp-content\/uploads\/sites\/3\/2022\/04\/logo500x500.jpg\",\"contentUrl\":\"http:\/\/just-now.news\/de\/wp-content\/uploads\/sites\/3\/2022\/04\/logo500x500.jpg\",\"width\":500,\"height\":500,\"caption\":\"Just Now News\"},\"image\":{\"@id\":\"https:\/\/now-news.de\/de\/#\/schema\/logo\/image\/\"},\"sameAs\":[\"https:\/\/www.facebook.com\/wirmachenauf\",\"https:\/\/x.com\/WirMachenAuf_de\"]},{\"@type\":\"Person\",\"@id\":\"https:\/\/now-news.de\/de\/#\/schema\/person\/fb534a4e865501d8b3285208df34a9b5\",\"name\":\"rtnews\",\"image\":{\"@type\":\"ImageObject\",\"inLanguage\":\"de\",\"@id\":\"https:\/\/now-news.de\/de\/#\/schema\/person\/image\/\",\"url\":\"https:\/\/secure.gravatar.com\/avatar\/82aafea7d8127119dd649515f56e2117?s=96&d=mm&r=g\",\"contentUrl\":\"https:\/\/secure.gravatar.com\/avatar\/82aafea7d8127119dd649515f56e2117?s=96&d=mm&r=g\",\"caption\":\"rtnews\"},\"url\":\"https:\/\/now-news.de\/de\/author\/rnews\/\"}]}<\/script>\n<!-- \/ Yoast SEO Premium plugin. -->","yoast_head_json":{"title":"Sahra Wagenknecht stellt Bedingungen f\u00fcr m\u00f6gliche Koalitionen in Sachsen und Th\u00fcringen - just-now.NEWS Deutschland","robots":{"index":"index","follow":"follow","max-snippet":"max-snippet:-1","max-image-preview":"max-image-preview:large","max-video-preview":"max-video-preview:-1"},"canonical":"https:\/\/now-news.de\/de\/deutschland\/sahra-wagenknecht-stellt-bedingungen-fuer-moegliche-koalitionen-in-sachsen-und-thueringen\/","og_locale":"de_DE","og_type":"article","og_title":"Sahra Wagenknecht stellt Bedingungen f\u00fcr m\u00f6gliche Koalitionen in Sachsen und Th\u00fcringen","og_description":"In gleich drei ostdeutschen Bundesl\u00e4ndern wird im September der Landtag neu gew\u00e4hlt und in allen drei zeichnet sich nach den Wahlen eine schwierige Regierungsbildung ab. Dabei k\u00f6nnte das B\u00fcndnis Sahra Wagenknecht zum Z\u00fcnglein an der Waage werden. H\u00e4lt die &#8220;rote Sahra&#8221; dann, was sie heute verspricht? Bei Wahlkampfauftritten in Sachsen und Th\u00fcringen hat Sahra Wagenknecht [&hellip;]","og_url":"https:\/\/now-news.de\/de\/deutschland\/sahra-wagenknecht-stellt-bedingungen-fuer-moegliche-koalitionen-in-sachsen-und-thueringen\/","og_site_name":"just-now.NEWS Deutschland","article_publisher":"https:\/\/www.facebook.com\/wirmachenauf","article_published_time":"2024-08-21T19:18:55+00:00","og_image":[{"url":"https:\/\/now-news.de\/de\/wp-content\/uploads\/sites\/3\/2024\/08\/66c63f28b480cc6ab54bea7d.jpg"}],"author":"rtnews","twitter_card":"summary_large_image","twitter_creator":"@WirMachenAuf_de","twitter_site":"@WirMachenAuf_de","twitter_misc":{"Verfasst von":"rtnews","Gesch\u00e4tzte Lesezeit":"2\u00a0Minuten"},"schema":{"@context":"https:\/\/schema.org","@graph":[{"@type":"Article","@id":"https:\/\/now-news.de\/de\/deutschland\/sahra-wagenknecht-stellt-bedingungen-fuer-moegliche-koalitionen-in-sachsen-und-thueringen\/#article","isPartOf":{"@id":"https:\/\/now-news.de\/de\/deutschland\/sahra-wagenknecht-stellt-bedingungen-fuer-moegliche-koalitionen-in-sachsen-und-thueringen\/"},"author":{"name":"rtnews","@id":"https:\/\/now-news.de\/de\/#\/schema\/person\/fb534a4e865501d8b3285208df34a9b5"},"headline":"Sahra Wagenknecht stellt Bedingungen f\u00fcr m\u00f6gliche Koalitionen in Sachsen und Th\u00fcringen","datePublished":"2024-08-21T19:18:55+00:00","dateModified":"2024-08-21T19:18:55+00:00","mainEntityOfPage":{"@id":"https:\/\/now-news.de\/de\/deutschland\/sahra-wagenknecht-stellt-bedingungen-fuer-moegliche-koalitionen-in-sachsen-und-thueringen\/"},"wordCount":358,"commentCount":0,"publisher":{"@id":"https:\/\/now-news.de\/de\/#organization"},"image":{"@id":"https:\/\/now-news.de\/de\/deutschland\/sahra-wagenknecht-stellt-bedingungen-fuer-moegliche-koalitionen-in-sachsen-und-thueringen\/#primaryimage"},"thumbnailUrl":"https:\/\/now-news.de\/de\/wp-content\/uploads\/sites\/3\/2024\/08\/Sahra-Wagenknecht-stellt-Bedingungen-fuer-moegliche-Koalitionen-in-Sachsen-und.jpg","keywords":["Bedingungen","f\u00fcr","Koalitionen","m\u00f6gliche","Sachsen","Sahra","stellt","Th\u00fcringen","und","Wagenknecht"],"articleSection":["Deutschland","Russland"],"inLanguage":"de","potentialAction":[{"@type":"CommentAction","name":"Comment","target":["https:\/\/now-news.de\/de\/deutschland\/sahra-wagenknecht-stellt-bedingungen-fuer-moegliche-koalitionen-in-sachsen-und-thueringen\/#respond"]}]},{"@type":"WebPage","@id":"https:\/\/now-news.de\/de\/deutschland\/sahra-wagenknecht-stellt-bedingungen-fuer-moegliche-koalitionen-in-sachsen-und-thueringen\/","url":"https:\/\/now-news.de\/de\/deutschland\/sahra-wagenknecht-stellt-bedingungen-fuer-moegliche-koalitionen-in-sachsen-und-thueringen\/","name":"Sahra Wagenknecht stellt Bedingungen f\u00fcr m\u00f6gliche Koalitionen in Sachsen und Th\u00fcringen - just-now.NEWS Deutschland","isPartOf":{"@id":"https:\/\/now-news.de\/de\/#website"},"primaryImageOfPage":{"@id":"https:\/\/now-news.de\/de\/deutschland\/sahra-wagenknecht-stellt-bedingungen-fuer-moegliche-koalitionen-in-sachsen-und-thueringen\/#primaryimage"},"image":{"@id":"https:\/\/now-news.de\/de\/deutschland\/sahra-wagenknecht-stellt-bedingungen-fuer-moegliche-koalitionen-in-sachsen-und-thueringen\/#primaryimage"},"thumbnailUrl":"https:\/\/now-news.de\/de\/wp-content\/uploads\/sites\/3\/2024\/08\/Sahra-Wagenknecht-stellt-Bedingungen-fuer-moegliche-Koalitionen-in-Sachsen-und.jpg","datePublished":"2024-08-21T19:18:55+00:00","dateModified":"2024-08-21T19:18:55+00:00","breadcrumb":{"@id":"https:\/\/now-news.de\/de\/deutschland\/sahra-wagenknecht-stellt-bedingungen-fuer-moegliche-koalitionen-in-sachsen-und-thueringen\/#breadcrumb"},"inLanguage":"de","potentialAction":[{"@type":"ReadAction","target":["https:\/\/now-news.de\/de\/deutschland\/sahra-wagenknecht-stellt-bedingungen-fuer-moegliche-koalitionen-in-sachsen-und-thueringen\/"]}]},{"@type":"ImageObject","inLanguage":"de","@id":"https:\/\/now-news.de\/de\/deutschland\/sahra-wagenknecht-stellt-bedingungen-fuer-moegliche-koalitionen-in-sachsen-und-thueringen\/#primaryimage","url":"https:\/\/now-news.de\/de\/wp-content\/uploads\/sites\/3\/2024\/08\/Sahra-Wagenknecht-stellt-Bedingungen-fuer-moegliche-Koalitionen-in-Sachsen-und.jpg","contentUrl":"https:\/\/now-news.de\/de\/wp-content\/uploads\/sites\/3\/2024\/08\/Sahra-Wagenknecht-stellt-Bedingungen-fuer-moegliche-Koalitionen-in-Sachsen-und.jpg","width":460,"height":259,"caption":"Sahra Wagenknecht stellt Bedingungen f\u00fcr m\u00f6gliche Koalitionen in Sachsen und Th\u00fcringen"},{"@type":"BreadcrumbList","@id":"https:\/\/now-news.de\/de\/deutschland\/sahra-wagenknecht-stellt-bedingungen-fuer-moegliche-koalitionen-in-sachsen-und-thueringen\/#breadcrumb","itemListElement":[{"@type":"ListItem","position":1,"name":"Home","item":"https:\/\/now-news.de\/de\/"},{"@type":"ListItem","position":2,"name":"Sahra Wagenknecht stellt Bedingungen f\u00fcr m\u00f6gliche Koalitionen in Sachsen und Th\u00fcringen"}]},{"@type":"WebSite","@id":"https:\/\/now-news.de\/de\/#website","url":"https:\/\/now-news.de\/de\/","name":"just-now.NEWS Deutschland","description":"Das Portal f\u00fcr unzensierte Nachrichten aus der Welt","publisher":{"@id":"https:\/\/now-news.de\/de\/#organization"},"potentialAction":[{"@type":"SearchAction","target":{"@type":"EntryPoint","urlTemplate":"https:\/\/now-news.de\/de\/?s={search_term_string}"},"query-input":"required name=search_term_string"}],"inLanguage":"de"},{"@type":"Organization","@id":"https:\/\/now-news.de\/de\/#organization","name":"Just Now News","url":"https:\/\/now-news.de\/de\/","logo":{"@type":"ImageObject","inLanguage":"de","@id":"https:\/\/now-news.de\/de\/#\/schema\/logo\/image\/","url":"http:\/\/just-now.news\/de\/wp-content\/uploads\/sites\/3\/2022\/04\/logo500x500.jpg","contentUrl":"http:\/\/just-now.news\/de\/wp-content\/uploads\/sites\/3\/2022\/04\/logo500x500.jpg","width":500,"height":500,"caption":"Just Now News"},"image":{"@id":"https:\/\/now-news.de\/de\/#\/schema\/logo\/image\/"},"sameAs":["https:\/\/www.facebook.com\/wirmachenauf","https:\/\/x.com\/WirMachenAuf_de"]},{"@type":"Person","@id":"https:\/\/now-news.de\/de\/#\/schema\/person\/fb534a4e865501d8b3285208df34a9b5","name":"rtnews","image":{"@type":"ImageObject","inLanguage":"de","@id":"https:\/\/now-news.de\/de\/#\/schema\/person\/image\/","url":"https:\/\/secure.gravatar.com\/avatar\/82aafea7d8127119dd649515f56e2117?s=96&d=mm&r=g","contentUrl":"https:\/\/secure.gravatar.com\/avatar\/82aafea7d8127119dd649515f56e2117?s=96&d=mm&r=g","caption":"rtnews"},"url":"https:\/\/now-news.de\/de\/author\/rnews\/"}]}},"_links":{"self":[{"href":"https:\/\/now-news.de\/de\/wp-json\/wp\/v2\/posts\/67212"}],"collection":[{"href":"https:\/\/now-news.de\/de\/wp-json\/wp\/v2\/posts"}],"about":[{"href":"https:\/\/now-news.de\/de\/wp-json\/wp\/v2\/types\/post"}],"author":[{"embeddable":true,"href":"https:\/\/now-news.de\/de\/wp-json\/wp\/v2\/users\/3"}],"replies":[{"embeddable":true,"href":"https:\/\/now-news.de\/de\/wp-json\/wp\/v2\/comments?post=67212"}],"version-history":[{"count":0,"href":"https:\/\/now-news.de\/de\/wp-json\/wp\/v2\/posts\/67212\/revisions"}],"wp:featuredmedia":[{"embeddable":true,"href":"https:\/\/now-news.de\/de\/wp-json\/wp\/v2\/media\/67213"}],"wp:attachment":[{"href":"https:\/\/now-news.de\/de\/wp-json\/wp\/v2\/media?parent=67212"}],"wp:term":[{"taxonomy":"category","embeddable":true,"href":"https:\/\/now-news.de\/de\/wp-json\/wp\/v2\/categories?post=67212"},{"taxonomy":"post_tag","embeddable":true,"href":"https:\/\/now-news.de\/de\/wp-json\/wp\/v2\/tags?post=67212"}],"curies":[{"name":"wp","href":"https:\/\/api.w.org\/{rel}","templated":true}]}}