{"id":67204,"date":"2024-08-21T20:14:22","date_gmt":"2024-08-21T18:14:22","guid":{"rendered":"https:\/\/now-news.de\/de\/deutschland\/salvini-der-westen-riskiert-den-dritten-weltkrieg\/"},"modified":"2024-08-21T20:14:22","modified_gmt":"2024-08-21T18:14:22","slug":"salvini-der-westen-riskiert-den-dritten-weltkrieg","status":"publish","type":"post","link":"https:\/\/now-news.de\/de\/deutschland\/salvini-der-westen-riskiert-den-dritten-weltkrieg\/","title":{"rendered":"Salvini: Der Westen riskiert den Dritten Weltkrieg"},"content":{"rendered":"<p><img decoding=\"async\" src=\"https:\/\/now-news.de\/de\/wp-content\/uploads\/sites\/3\/2024\/08\/66c6145548fbef1e0671dd8b.jpg\" \/><\/p>\n<div class=\"Text-root Text-type_1 \">\n                Der italienische Vize-Premierminister Matteo Salvini sagte, die westlichen Unterst\u00fctzer der Ukraine k\u00f6nnten den Dritten Weltkrieg ausl\u00f6sen, wenn sie Kiew mit Waffen versorgen, mit denen Ziele auf russischem Boden angegriffen werden.\n            <\/div>\n<p><\/p>\n<div class=\"Text-root Text-type_5 ArticleView-text ViewText-root \">\n<p>Die westlichen Unterst\u00fctzer der Ukraine k\u00f6nnten den Dritten Weltkrieg ausl\u00f6sen, wenn sie Kiew mit Waffen versorgen, mit denen Ziele auf russischem Boden angegriffen werden k\u00f6nnen, so der italienische Vizepremier Matteo Salvini.<\/p>\n<p>Russische Regierungsvertreter hatten erkl\u00e4rt, dass das ukrainische Milit\u00e4r bei seinem Einmarsch im Gebiet Kursk vom Westen gelieferte Waffen eingesetzt hat. Mehrere westliche Medien haben in letzter Zeit Artikel ver\u00f6ffentlicht, die dies ebenfalls belegen. Eine Reihe von Unterst\u00fctzern Kiews hat ebenfalls \u00f6ffentlich gr\u00fcnes Licht f\u00fcr den Einsatz der von ihnen gelieferten Waffen auf russischem Boden gegeben.<\/p>\n<p>Salvini, der auch Minister f\u00fcr Infrastruktur und Verkehr ist und der Partei Lega Nord vorsteht, sagte am Mittwoch in einem Gespr\u00e4ch mit der Zeitung <em>Il Sussidiario<\/em>, dass die &#8220;Entsendung von Waffen, um auch auf russischem Territorium zuzuschlagen und zu t\u00f6ten, eine Katastrophe w\u00e4re, das Vorzimmer eines dramatischen Weltkonflikts&#8221;.<\/p>\n<p>Der stellvertretende Ministerpr\u00e4sident f\u00fcgte jedoch hinzu, seine rechtsgerichtete Partei habe nichts dagegen, &#8220;humanit\u00e4re und milit\u00e4rische Hilfe zu leisten, um der Ukraine die M\u00f6glichkeit zu geben, sich selbst zu verteidigen&#8221;.<\/p>\n<p>Im Vorfeld der Wahlen zum Europ\u00e4ischen Parlament im Juni hatte Salvini die Italiener aufgefordert, linke Parteien nicht gewinnen zu lassen, da diese zusammen mit dem franz\u00f6sischen Pr\u00e4sidenten Emmanuel Macron die Aussicht auf einen Dritten Weltkrieg gef\u00e4hrlich real machen w\u00fcrden.<\/p>\n<p>&#8220;Ich fordere nachdr\u00fccklich dazu auf, gegen den Krieg zu stimmen, um gef\u00e4hrliche Bombenleger wie Macron zu isolieren&#8221;, sagte er zu dieser Zeit. Salvini lobte auch die italienische Regierung f\u00fcr ihre entschlossene Haltung gegen\u00fcber denjenigen in Europa, die \u00fcber eine m\u00f6gliche Stationierung westlicher Truppen in der Ukraine sprechen, nachdem er zuvor den franz\u00f6sischen Pr\u00e4sidenten daf\u00fcr kritisiert hatte, dies nicht auszuschlie\u00dfen.<\/p>\n<p>Der stellvertretende Ministerpr\u00e4sident erkl\u00e4rte im Juni, dass &#8220;wir die Entsendung jeglicher Art von Waffen nicht mehr genehmigen werden, wenn wir nicht die Gewissheit haben, dass diese Waffen nicht f\u00fcr Angriffe und T\u00f6tungen innerhalb Russlands verwendet werden&#8221;.<\/p>\n<p>&#8220;Das w\u00e4re der Vorfall, der uns geradewegs in den Dritten Weltkrieg f\u00fchrt&#8221;, sagte er damals.<\/p>\n<p>Ende Mai berief sich Verteidigungsminister Guido Crosetto auf die italienische Verfassung und betonte, dass die Waffen, die Italien an die Ukraine liefert, nur auf dem Territorium des Landes eingesetzt werden d\u00fcrfen. Au\u00dfenminister Antonio Tajani schloss sich dieser Auffassung an und erkl\u00e4rte gegen\u00fcber Reportern: &#8220;Wir k\u00e4mpfen nicht gegen Russland. Wir verteidigen die Ukraine, das ist nicht dasselbe.&#8221; Etwa zur gleichen Zeit bezeichnete Salvini NATO-Generalsekret\u00e4r Jens Stoltenberg als &#8220;gef\u00e4hrlichen Gentleman&#8221;, nachdem dieser vorgeschlagen hatte, Kiew zu gestatten, Ziele tief in Russland mit westlichen Waffen anzugreifen.<\/p>\n<p>Auch Ministerpr\u00e4sidentin Giorgia Meloni \u00e4u\u00dferte sich ungl\u00e4ubig dar\u00fcber, &#8220;warum Stoltenberg so etwas gesagt hat&#8221;.<\/p>\n<p><strong>Mehr zum Thema \u202c\u2012<\/strong>\u00a0<a rel=\"nofollow noopener\" target=\"_blank\" href=\"https:\/\/freedert.online\/kurzclips\/video\/208223-salvini-zu-macron-geh-selbst\/\">Salvini zu Macron: Geh selbst an die Front und lass die Italiener in Ruhe! <\/a><\/p>\n<div class=\"EmbedBlock-root EmbedBlock-externalVideo EmbedBlock-odysee\">\n<div class=\"VkEmbed\"><iframe class=\"lazyload\" data-src=\"https:\/\/odysee.com\/%24\/embed\/%40RTDE%3Ae%2FSalvini-zu-Macron-Geh-selbst-an-die-Front-und-lass-die-Italiener-in-Ruhe%3Ae\" frameborder=\"0\" width=\"853\" height=\"480\" allowfullscreen><\/iframe><\/div>\n<\/div>\n<\/div>\n<p><br \/>\n<br \/><a href=\"https:\/\/de.rt.com\/international\/216422-salvini-westen-riskiert-dritten-weltkrieg\/\">Source link <\/a><\/p>\n","protected":false},"excerpt":{"rendered":"<p>Der italienische Vize-Premierminister Matteo Salvini sagte, die westlichen Unterst\u00fctzer der Ukraine k\u00f6nnten den Dritten Weltkrieg ausl\u00f6sen, wenn sie Kiew mit Waffen versorgen, mit denen Ziele auf russischem Boden angegriffen werden. Die westlichen Unterst\u00fctzer der Ukraine k\u00f6nnten den Dritten Weltkrieg ausl\u00f6sen, wenn sie Kiew mit Waffen versorgen, mit denen Ziele auf russischem Boden angegriffen werden k\u00f6nnen, [&hellip;]<\/p>\n","protected":false},"author":3,"featured_media":67205,"comment_status":"open","ping_status":"open","sticky":false,"template":"","format":"standard","meta":{"_yoast_indexnow_last_ping":["1724264577"],"wp_automatic_camp":["217"],"9dd5e50c5af89ea0bb92a24694c9cd9a":["Salvini: Der Westen riskiert den Dritten Weltkrieg"],"original_link":["https:\/\/de.rt.com\/international\/216422-salvini-westen-riskiert-dritten-weltkrieg\/"],"_thumbnail_id":["67205"],"_wptgpro_p2tg_sent2tg":["a:1:{i:23737;s:19:\"2024-08-21 20:25:05\";}"],"jnews_social_counter_last_update":["1777155073"]},"categories":[19,23],"tags":[48,82,1726,21134,55244,3226,378],"yoast_head":"<!-- This site is optimized with the Yoast SEO Premium plugin v22.7 (Yoast SEO v22.7) - https:\/\/yoast.com\/wordpress\/plugins\/seo\/ -->\n<title>Salvini: Der Westen riskiert den Dritten Weltkrieg - just-now.NEWS Deutschland<\/title>\n<meta name=\"robots\" content=\"index, follow, max-snippet:-1, max-image-preview:large, max-video-preview:-1\" \/>\n<link rel=\"canonical\" href=\"https:\/\/now-news.de\/de\/deutschland\/salvini-der-westen-riskiert-den-dritten-weltkrieg\/\" \/>\n<meta property=\"og:locale\" content=\"de_DE\" \/>\n<meta property=\"og:type\" content=\"article\" \/>\n<meta property=\"og:title\" content=\"Salvini: Der Westen riskiert den Dritten Weltkrieg\" \/>\n<meta property=\"og:description\" content=\"Der italienische Vize-Premierminister Matteo Salvini sagte, die westlichen Unterst\u00fctzer der Ukraine k\u00f6nnten den Dritten Weltkrieg ausl\u00f6sen, wenn sie Kiew mit Waffen versorgen, mit denen Ziele auf russischem Boden angegriffen werden. Die westlichen Unterst\u00fctzer der Ukraine k\u00f6nnten den Dritten Weltkrieg ausl\u00f6sen, wenn sie Kiew mit Waffen versorgen, mit denen Ziele auf russischem Boden angegriffen werden k\u00f6nnen, [&hellip;]\" \/>\n<meta property=\"og:url\" content=\"https:\/\/now-news.de\/de\/deutschland\/salvini-der-westen-riskiert-den-dritten-weltkrieg\/\" \/>\n<meta property=\"og:site_name\" content=\"just-now.NEWS Deutschland\" \/>\n<meta property=\"article:publisher\" content=\"https:\/\/www.facebook.com\/wirmachenauf\" \/>\n<meta property=\"article:published_time\" content=\"2024-08-21T18:14:22+00:00\" \/>\n<meta property=\"og:image\" content=\"https:\/\/now-news.de\/de\/wp-content\/uploads\/sites\/3\/2024\/08\/66c6145548fbef1e0671dd8b.jpg\" \/>\n<meta name=\"author\" content=\"rtnews\" \/>\n<meta name=\"twitter:card\" content=\"summary_large_image\" \/>\n<meta name=\"twitter:creator\" content=\"@WirMachenAuf_de\" \/>\n<meta name=\"twitter:site\" content=\"@WirMachenAuf_de\" \/>\n<meta name=\"twitter:label1\" content=\"Verfasst von\" \/>\n\t<meta name=\"twitter:data1\" content=\"rtnews\" \/>\n\t<meta name=\"twitter:label2\" content=\"Gesch\u00e4tzte Lesezeit\" \/>\n\t<meta name=\"twitter:data2\" content=\"3\u00a0Minuten\" \/>\n<script type=\"application\/ld+json\" class=\"yoast-schema-graph\">{\"@context\":\"https:\/\/schema.org\",\"@graph\":[{\"@type\":\"Article\",\"@id\":\"https:\/\/now-news.de\/de\/deutschland\/salvini-der-westen-riskiert-den-dritten-weltkrieg\/#article\",\"isPartOf\":{\"@id\":\"https:\/\/now-news.de\/de\/deutschland\/salvini-der-westen-riskiert-den-dritten-weltkrieg\/\"},\"author\":{\"name\":\"rtnews\",\"@id\":\"https:\/\/now-news.de\/de\/#\/schema\/person\/fb534a4e865501d8b3285208df34a9b5\"},\"headline\":\"Salvini: Der Westen riskiert den Dritten Weltkrieg\",\"datePublished\":\"2024-08-21T18:14:22+00:00\",\"dateModified\":\"2024-08-21T18:14:22+00:00\",\"mainEntityOfPage\":{\"@id\":\"https:\/\/now-news.de\/de\/deutschland\/salvini-der-westen-riskiert-den-dritten-weltkrieg\/\"},\"wordCount\":519,\"commentCount\":0,\"publisher\":{\"@id\":\"https:\/\/now-news.de\/de\/#organization\"},\"image\":{\"@id\":\"https:\/\/now-news.de\/de\/deutschland\/salvini-der-westen-riskiert-den-dritten-weltkrieg\/#primaryimage\"},\"thumbnailUrl\":\"https:\/\/now-news.de\/de\/wp-content\/uploads\/sites\/3\/2024\/08\/Salvini-Der-Westen-riskiert-den-Dritten-Weltkrieg.jpg\",\"keywords\":[\"den\",\"der\",\"dritten\",\"riskiert\",\"Salvini\",\"Weltkrieg\",\"Westen\"],\"articleSection\":[\"Deutschland\",\"Russland\"],\"inLanguage\":\"de\",\"potentialAction\":[{\"@type\":\"CommentAction\",\"name\":\"Comment\",\"target\":[\"https:\/\/now-news.de\/de\/deutschland\/salvini-der-westen-riskiert-den-dritten-weltkrieg\/#respond\"]}]},{\"@type\":\"WebPage\",\"@id\":\"https:\/\/now-news.de\/de\/deutschland\/salvini-der-westen-riskiert-den-dritten-weltkrieg\/\",\"url\":\"https:\/\/now-news.de\/de\/deutschland\/salvini-der-westen-riskiert-den-dritten-weltkrieg\/\",\"name\":\"Salvini: Der Westen riskiert den Dritten Weltkrieg - just-now.NEWS Deutschland\",\"isPartOf\":{\"@id\":\"https:\/\/now-news.de\/de\/#website\"},\"primaryImageOfPage\":{\"@id\":\"https:\/\/now-news.de\/de\/deutschland\/salvini-der-westen-riskiert-den-dritten-weltkrieg\/#primaryimage\"},\"image\":{\"@id\":\"https:\/\/now-news.de\/de\/deutschland\/salvini-der-westen-riskiert-den-dritten-weltkrieg\/#primaryimage\"},\"thumbnailUrl\":\"https:\/\/now-news.de\/de\/wp-content\/uploads\/sites\/3\/2024\/08\/Salvini-Der-Westen-riskiert-den-Dritten-Weltkrieg.jpg\",\"datePublished\":\"2024-08-21T18:14:22+00:00\",\"dateModified\":\"2024-08-21T18:14:22+00:00\",\"breadcrumb\":{\"@id\":\"https:\/\/now-news.de\/de\/deutschland\/salvini-der-westen-riskiert-den-dritten-weltkrieg\/#breadcrumb\"},\"inLanguage\":\"de\",\"potentialAction\":[{\"@type\":\"ReadAction\",\"target\":[\"https:\/\/now-news.de\/de\/deutschland\/salvini-der-westen-riskiert-den-dritten-weltkrieg\/\"]}]},{\"@type\":\"ImageObject\",\"inLanguage\":\"de\",\"@id\":\"https:\/\/now-news.de\/de\/deutschland\/salvini-der-westen-riskiert-den-dritten-weltkrieg\/#primaryimage\",\"url\":\"https:\/\/now-news.de\/de\/wp-content\/uploads\/sites\/3\/2024\/08\/Salvini-Der-Westen-riskiert-den-Dritten-Weltkrieg.jpg\",\"contentUrl\":\"https:\/\/now-news.de\/de\/wp-content\/uploads\/sites\/3\/2024\/08\/Salvini-Der-Westen-riskiert-den-Dritten-Weltkrieg.jpg\",\"width\":460,\"height\":259,\"caption\":\"Salvini: Der Westen riskiert den Dritten Weltkrieg\"},{\"@type\":\"BreadcrumbList\",\"@id\":\"https:\/\/now-news.de\/de\/deutschland\/salvini-der-westen-riskiert-den-dritten-weltkrieg\/#breadcrumb\",\"itemListElement\":[{\"@type\":\"ListItem\",\"position\":1,\"name\":\"Home\",\"item\":\"https:\/\/now-news.de\/de\/\"},{\"@type\":\"ListItem\",\"position\":2,\"name\":\"Salvini: Der Westen riskiert den Dritten Weltkrieg\"}]},{\"@type\":\"WebSite\",\"@id\":\"https:\/\/now-news.de\/de\/#website\",\"url\":\"https:\/\/now-news.de\/de\/\",\"name\":\"just-now.NEWS Deutschland\",\"description\":\"Das Portal f\u00fcr unzensierte Nachrichten aus der Welt\",\"publisher\":{\"@id\":\"https:\/\/now-news.de\/de\/#organization\"},\"potentialAction\":[{\"@type\":\"SearchAction\",\"target\":{\"@type\":\"EntryPoint\",\"urlTemplate\":\"https:\/\/now-news.de\/de\/?s={search_term_string}\"},\"query-input\":\"required name=search_term_string\"}],\"inLanguage\":\"de\"},{\"@type\":\"Organization\",\"@id\":\"https:\/\/now-news.de\/de\/#organization\",\"name\":\"Just Now News\",\"url\":\"https:\/\/now-news.de\/de\/\",\"logo\":{\"@type\":\"ImageObject\",\"inLanguage\":\"de\",\"@id\":\"https:\/\/now-news.de\/de\/#\/schema\/logo\/image\/\",\"url\":\"http:\/\/just-now.news\/de\/wp-content\/uploads\/sites\/3\/2022\/04\/logo500x500.jpg\",\"contentUrl\":\"http:\/\/just-now.news\/de\/wp-content\/uploads\/sites\/3\/2022\/04\/logo500x500.jpg\",\"width\":500,\"height\":500,\"caption\":\"Just Now News\"},\"image\":{\"@id\":\"https:\/\/now-news.de\/de\/#\/schema\/logo\/image\/\"},\"sameAs\":[\"https:\/\/www.facebook.com\/wirmachenauf\",\"https:\/\/x.com\/WirMachenAuf_de\"]},{\"@type\":\"Person\",\"@id\":\"https:\/\/now-news.de\/de\/#\/schema\/person\/fb534a4e865501d8b3285208df34a9b5\",\"name\":\"rtnews\",\"image\":{\"@type\":\"ImageObject\",\"inLanguage\":\"de\",\"@id\":\"https:\/\/now-news.de\/de\/#\/schema\/person\/image\/\",\"url\":\"https:\/\/secure.gravatar.com\/avatar\/82aafea7d8127119dd649515f56e2117?s=96&d=mm&r=g\",\"contentUrl\":\"https:\/\/secure.gravatar.com\/avatar\/82aafea7d8127119dd649515f56e2117?s=96&d=mm&r=g\",\"caption\":\"rtnews\"},\"url\":\"https:\/\/now-news.de\/de\/author\/rnews\/\"}]}<\/script>\n<!-- \/ Yoast SEO Premium plugin. -->","yoast_head_json":{"title":"Salvini: Der Westen riskiert den Dritten Weltkrieg - just-now.NEWS Deutschland","robots":{"index":"index","follow":"follow","max-snippet":"max-snippet:-1","max-image-preview":"max-image-preview:large","max-video-preview":"max-video-preview:-1"},"canonical":"https:\/\/now-news.de\/de\/deutschland\/salvini-der-westen-riskiert-den-dritten-weltkrieg\/","og_locale":"de_DE","og_type":"article","og_title":"Salvini: Der Westen riskiert den Dritten Weltkrieg","og_description":"Der italienische Vize-Premierminister Matteo Salvini sagte, die westlichen Unterst\u00fctzer der Ukraine k\u00f6nnten den Dritten Weltkrieg ausl\u00f6sen, wenn sie Kiew mit Waffen versorgen, mit denen Ziele auf russischem Boden angegriffen werden. Die westlichen Unterst\u00fctzer der Ukraine k\u00f6nnten den Dritten Weltkrieg ausl\u00f6sen, wenn sie Kiew mit Waffen versorgen, mit denen Ziele auf russischem Boden angegriffen werden k\u00f6nnen, [&hellip;]","og_url":"https:\/\/now-news.de\/de\/deutschland\/salvini-der-westen-riskiert-den-dritten-weltkrieg\/","og_site_name":"just-now.NEWS Deutschland","article_publisher":"https:\/\/www.facebook.com\/wirmachenauf","article_published_time":"2024-08-21T18:14:22+00:00","og_image":[{"url":"https:\/\/now-news.de\/de\/wp-content\/uploads\/sites\/3\/2024\/08\/66c6145548fbef1e0671dd8b.jpg"}],"author":"rtnews","twitter_card":"summary_large_image","twitter_creator":"@WirMachenAuf_de","twitter_site":"@WirMachenAuf_de","twitter_misc":{"Verfasst von":"rtnews","Gesch\u00e4tzte Lesezeit":"3\u00a0Minuten"},"schema":{"@context":"https:\/\/schema.org","@graph":[{"@type":"Article","@id":"https:\/\/now-news.de\/de\/deutschland\/salvini-der-westen-riskiert-den-dritten-weltkrieg\/#article","isPartOf":{"@id":"https:\/\/now-news.de\/de\/deutschland\/salvini-der-westen-riskiert-den-dritten-weltkrieg\/"},"author":{"name":"rtnews","@id":"https:\/\/now-news.de\/de\/#\/schema\/person\/fb534a4e865501d8b3285208df34a9b5"},"headline":"Salvini: Der Westen riskiert den Dritten Weltkrieg","datePublished":"2024-08-21T18:14:22+00:00","dateModified":"2024-08-21T18:14:22+00:00","mainEntityOfPage":{"@id":"https:\/\/now-news.de\/de\/deutschland\/salvini-der-westen-riskiert-den-dritten-weltkrieg\/"},"wordCount":519,"commentCount":0,"publisher":{"@id":"https:\/\/now-news.de\/de\/#organization"},"image":{"@id":"https:\/\/now-news.de\/de\/deutschland\/salvini-der-westen-riskiert-den-dritten-weltkrieg\/#primaryimage"},"thumbnailUrl":"https:\/\/now-news.de\/de\/wp-content\/uploads\/sites\/3\/2024\/08\/Salvini-Der-Westen-riskiert-den-Dritten-Weltkrieg.jpg","keywords":["den","der","dritten","riskiert","Salvini","Weltkrieg","Westen"],"articleSection":["Deutschland","Russland"],"inLanguage":"de","potentialAction":[{"@type":"CommentAction","name":"Comment","target":["https:\/\/now-news.de\/de\/deutschland\/salvini-der-westen-riskiert-den-dritten-weltkrieg\/#respond"]}]},{"@type":"WebPage","@id":"https:\/\/now-news.de\/de\/deutschland\/salvini-der-westen-riskiert-den-dritten-weltkrieg\/","url":"https:\/\/now-news.de\/de\/deutschland\/salvini-der-westen-riskiert-den-dritten-weltkrieg\/","name":"Salvini: Der Westen riskiert den Dritten Weltkrieg - just-now.NEWS Deutschland","isPartOf":{"@id":"https:\/\/now-news.de\/de\/#website"},"primaryImageOfPage":{"@id":"https:\/\/now-news.de\/de\/deutschland\/salvini-der-westen-riskiert-den-dritten-weltkrieg\/#primaryimage"},"image":{"@id":"https:\/\/now-news.de\/de\/deutschland\/salvini-der-westen-riskiert-den-dritten-weltkrieg\/#primaryimage"},"thumbnailUrl":"https:\/\/now-news.de\/de\/wp-content\/uploads\/sites\/3\/2024\/08\/Salvini-Der-Westen-riskiert-den-Dritten-Weltkrieg.jpg","datePublished":"2024-08-21T18:14:22+00:00","dateModified":"2024-08-21T18:14:22+00:00","breadcrumb":{"@id":"https:\/\/now-news.de\/de\/deutschland\/salvini-der-westen-riskiert-den-dritten-weltkrieg\/#breadcrumb"},"inLanguage":"de","potentialAction":[{"@type":"ReadAction","target":["https:\/\/now-news.de\/de\/deutschland\/salvini-der-westen-riskiert-den-dritten-weltkrieg\/"]}]},{"@type":"ImageObject","inLanguage":"de","@id":"https:\/\/now-news.de\/de\/deutschland\/salvini-der-westen-riskiert-den-dritten-weltkrieg\/#primaryimage","url":"https:\/\/now-news.de\/de\/wp-content\/uploads\/sites\/3\/2024\/08\/Salvini-Der-Westen-riskiert-den-Dritten-Weltkrieg.jpg","contentUrl":"https:\/\/now-news.de\/de\/wp-content\/uploads\/sites\/3\/2024\/08\/Salvini-Der-Westen-riskiert-den-Dritten-Weltkrieg.jpg","width":460,"height":259,"caption":"Salvini: Der Westen riskiert den Dritten Weltkrieg"},{"@type":"BreadcrumbList","@id":"https:\/\/now-news.de\/de\/deutschland\/salvini-der-westen-riskiert-den-dritten-weltkrieg\/#breadcrumb","itemListElement":[{"@type":"ListItem","position":1,"name":"Home","item":"https:\/\/now-news.de\/de\/"},{"@type":"ListItem","position":2,"name":"Salvini: Der Westen riskiert den Dritten Weltkrieg"}]},{"@type":"WebSite","@id":"https:\/\/now-news.de\/de\/#website","url":"https:\/\/now-news.de\/de\/","name":"just-now.NEWS Deutschland","description":"Das Portal f\u00fcr unzensierte Nachrichten aus der Welt","publisher":{"@id":"https:\/\/now-news.de\/de\/#organization"},"potentialAction":[{"@type":"SearchAction","target":{"@type":"EntryPoint","urlTemplate":"https:\/\/now-news.de\/de\/?s={search_term_string}"},"query-input":"required name=search_term_string"}],"inLanguage":"de"},{"@type":"Organization","@id":"https:\/\/now-news.de\/de\/#organization","name":"Just Now News","url":"https:\/\/now-news.de\/de\/","logo":{"@type":"ImageObject","inLanguage":"de","@id":"https:\/\/now-news.de\/de\/#\/schema\/logo\/image\/","url":"http:\/\/just-now.news\/de\/wp-content\/uploads\/sites\/3\/2022\/04\/logo500x500.jpg","contentUrl":"http:\/\/just-now.news\/de\/wp-content\/uploads\/sites\/3\/2022\/04\/logo500x500.jpg","width":500,"height":500,"caption":"Just Now News"},"image":{"@id":"https:\/\/now-news.de\/de\/#\/schema\/logo\/image\/"},"sameAs":["https:\/\/www.facebook.com\/wirmachenauf","https:\/\/x.com\/WirMachenAuf_de"]},{"@type":"Person","@id":"https:\/\/now-news.de\/de\/#\/schema\/person\/fb534a4e865501d8b3285208df34a9b5","name":"rtnews","image":{"@type":"ImageObject","inLanguage":"de","@id":"https:\/\/now-news.de\/de\/#\/schema\/person\/image\/","url":"https:\/\/secure.gravatar.com\/avatar\/82aafea7d8127119dd649515f56e2117?s=96&d=mm&r=g","contentUrl":"https:\/\/secure.gravatar.com\/avatar\/82aafea7d8127119dd649515f56e2117?s=96&d=mm&r=g","caption":"rtnews"},"url":"https:\/\/now-news.de\/de\/author\/rnews\/"}]}},"_links":{"self":[{"href":"https:\/\/now-news.de\/de\/wp-json\/wp\/v2\/posts\/67204"}],"collection":[{"href":"https:\/\/now-news.de\/de\/wp-json\/wp\/v2\/posts"}],"about":[{"href":"https:\/\/now-news.de\/de\/wp-json\/wp\/v2\/types\/post"}],"author":[{"embeddable":true,"href":"https:\/\/now-news.de\/de\/wp-json\/wp\/v2\/users\/3"}],"replies":[{"embeddable":true,"href":"https:\/\/now-news.de\/de\/wp-json\/wp\/v2\/comments?post=67204"}],"version-history":[{"count":0,"href":"https:\/\/now-news.de\/de\/wp-json\/wp\/v2\/posts\/67204\/revisions"}],"wp:featuredmedia":[{"embeddable":true,"href":"https:\/\/now-news.de\/de\/wp-json\/wp\/v2\/media\/67205"}],"wp:attachment":[{"href":"https:\/\/now-news.de\/de\/wp-json\/wp\/v2\/media?parent=67204"}],"wp:term":[{"taxonomy":"category","embeddable":true,"href":"https:\/\/now-news.de\/de\/wp-json\/wp\/v2\/categories?post=67204"},{"taxonomy":"post_tag","embeddable":true,"href":"https:\/\/now-news.de\/de\/wp-json\/wp\/v2\/tags?post=67204"}],"curies":[{"name":"wp","href":"https:\/\/api.w.org\/{rel}","templated":true}]}}