{"id":67192,"date":"2024-08-21T17:25:49","date_gmt":"2024-08-21T15:25:49","guid":{"rendered":"https:\/\/now-news.de\/de\/deutschland\/ausgetauschter-russischer-oppositionspolitiker-lehnt-asyl-in-deutschland-ab\/"},"modified":"2024-08-21T17:25:49","modified_gmt":"2024-08-21T15:25:49","slug":"ausgetauschter-russischer-oppositionspolitiker-lehnt-asyl-in-deutschland-ab","status":"publish","type":"post","link":"https:\/\/now-news.de\/de\/deutschland\/ausgetauschter-russischer-oppositionspolitiker-lehnt-asyl-in-deutschland-ab\/","title":{"rendered":"Ausgetauschter russischer Oppositionspolitiker lehnt Asyl in Deutschland ab"},"content":{"rendered":"<p><img decoding=\"async\" src=\"https:\/\/now-news.de\/de\/wp-content\/uploads\/sites\/3\/2024\/08\/66c5fb54b480cc3dc00fb984.jpg\" \/><\/p>\n<div class=\"Text-root Text-type_1 \">\n                Der russische Oppositionspolitiker Ilja Jaschin will kein politisches Asyl in Deutschland beantragen. Er sei unfreiwillig aus Russland verbracht worden. Sein Ziel sei die R\u00fcckkehr in sein Heimatland. Jaschin war Anfang August mit anderen Gefangenen ausgetauscht worden.\n            <\/div>\n<p><\/p>\n<div class=\"Text-root Text-type_5 ArticleView-text ViewText-root \">\n<p>Der Anfang August im Rahmen eines Gefangenenaustauschs nach Deutschland verbrachte russische Oppositionspolitiker Ilja Jaschin will kein politisches Asyl in Deutschland beantragen, berichtet das Nachrichtenportal\u00a0<em>Bloomberg<\/em>. Er verfolge stattdessen das Ziel, nach Russland zur\u00fcckzukehren.<\/p>\n<p>Er sei gegen seinen Willen und im Versto\u00df gegen die russische Verfassung aus Russland deportiert worden, sagte Jaschin. Nun plant er, in Deutschland statt Asyl eine Aufenthaltsgenehmigung zu beantragen. Sein Ziel sei, sich in Europa f\u00fcr eine Ausweitung der Sanktionen gegen Russland starkzumachen. Statt bisher 2000 m\u00fcssten mindestens 20.000 Personen aus dem russischen Machtapparat sanktioniert werden. Ein Sprecher des Ausw\u00e4rtigen Amtes lehnte eine Stellungnahme ab.\u00a0<\/p>\n<p>Jaschin war im Dezember 2022 zu einer langj\u00e4hrigen Haftstrafe wegen Verleumdung der russischen Armee verurteilt worden. Unter anderem hat er die russische Armee f\u00fcr die Gr\u00e4ueltaten von Butscha verantwortlich gemacht.<\/p>\n<p>In Russland gilt Butscha als Inszenierung. Gest\u00fctzt wird diese These durch Ungereimtheiten in der Chronologie der geschilderten Ereignisse, den mangelnden Willen zur Aufkl\u00e4rung und der Verweigerung der Zusammenarbeit ukrainischer Beh\u00f6rden mit Russland. Hinzu kommt die Tatsache, dass der Abzug russischer Truppen im Rahmen der damals laufenden Verhandlungen als Zeichen des guten Willens Russlands eingeleitet wurde. Er geschah freiwillig. Russland deutet Butscha daher als Hinterhalt, mit dem die bereits weit fortgeschrittenen Verhandlungen zwischen der Ukraine und Russland hintertrieben werden sollten.\u00a0<\/p>\n<p>Bereits Wochen vor dem Austausch hat Jaschin ge\u00e4u\u00dfert, er lehne einen Austausch ab. Unter Verweis auf die russische Verfassung, die eine Deportation russischer B\u00fcrger verbietet, reichte er Einspruch ein, dem aber kein Geh\u00f6r geschenkt wurde. Jaschin wolle weiterhin die Stimme der Opposition in Russland sein, bekannte er.\u00a0<\/p>\n<p>Der Oppositionspolitiker wurde am 1. August mit zahlreichen anderen russischen Gefangenen gegen russische Staatsb\u00fcrger\u00a0ausgetauscht, die im Westen in politischer Haft sa\u00dfen. Nach Russland zur\u00fcckgekehrt, berichteten einige von ihnen von Folter \u00e4hnlichen Methoden. So verbrachte der in der Berliner Justizvollzugsanstalt Tegel inhaftierte Wadim Krassikow 23 Stunden am Tag in Einzelhaft. Der in den USA inhaftierte Roman Selesnjow wurde eigenen Angaben zufolge alle zwei Stunden geweckt. Ihm wurde zudem dringend notwendige medikament\u00f6se Behandlung verweigert.<\/p>\n<p><strong>Mehr zum Thema<\/strong>\u00a0\u2013 <a rel=\"nofollow noopener\" target=\"_blank\" href=\"https:\/\/freedert.online\/international\/214382-groesster-gefangenenaustausch-seit-kalten-krieg\/\">Gr\u00f6\u00dfter Gefangenenaustausch seit dem Kalten Krieg \u2013 Wer war beteiligt?<\/a><\/p>\n<\/div>\n<p><br \/>\n<br \/><a href=\"https:\/\/de.rt.com\/inland\/216414-ausgetauschter-russischer-oppositionspolitiker-lehnt-asyl\/\">Source link <\/a><\/p>\n","protected":false},"excerpt":{"rendered":"<p>Der russische Oppositionspolitiker Ilja Jaschin will kein politisches Asyl in Deutschland beantragen. Er sei unfreiwillig aus Russland verbracht worden. Sein Ziel sei die R\u00fcckkehr in sein Heimatland. Jaschin war Anfang August mit anderen Gefangenen ausgetauscht worden. Der Anfang August im Rahmen eines Gefangenenaustauschs nach Deutschland verbrachte russische Oppositionspolitiker Ilja Jaschin will kein politisches Asyl in [&hellip;]<\/p>\n","protected":false},"author":3,"featured_media":67193,"comment_status":"open","ping_status":"open","sticky":false,"template":"","format":"standard","meta":{"_yoast_indexnow_last_ping":["1724257894"],"wp_automatic_camp":["217"],"4a170fe48f50f94670fb8f4d1a1a8a18":["Ausgetauschter russischer Oppositionspolitiker lehnt Asyl in Deutschland ab"],"original_link":["https:\/\/de.rt.com\/inland\/216414-ausgetauschter-russischer-oppositionspolitiker-lehnt-asyl\/"],"_thumbnail_id":["67193"],"_wptgpro_p2tg_sent2tg":["a:1:{i:23737;s:19:\"2024-08-21 18:32:36\";}"],"jnews_social_counter_last_update":["1777188316"]},"categories":[19,23],"tags":[23273,13776,179,2034,33377,793],"yoast_head":"<!-- This site is optimized with the Yoast SEO Premium plugin v22.7 (Yoast SEO v22.7) - https:\/\/yoast.com\/wordpress\/plugins\/seo\/ -->\n<title>Ausgetauschter russischer Oppositionspolitiker lehnt Asyl in Deutschland ab - just-now.NEWS Deutschland<\/title>\n<meta name=\"robots\" content=\"index, follow, max-snippet:-1, max-image-preview:large, max-video-preview:-1\" \/>\n<link rel=\"canonical\" href=\"https:\/\/now-news.de\/de\/deutschland\/ausgetauschter-russischer-oppositionspolitiker-lehnt-asyl-in-deutschland-ab\/\" \/>\n<meta property=\"og:locale\" content=\"de_DE\" \/>\n<meta property=\"og:type\" content=\"article\" \/>\n<meta property=\"og:title\" content=\"Ausgetauschter russischer Oppositionspolitiker lehnt Asyl in Deutschland ab\" \/>\n<meta property=\"og:description\" content=\"Der russische Oppositionspolitiker Ilja Jaschin will kein politisches Asyl in Deutschland beantragen. Er sei unfreiwillig aus Russland verbracht worden. Sein Ziel sei die R\u00fcckkehr in sein Heimatland. Jaschin war Anfang August mit anderen Gefangenen ausgetauscht worden. Der Anfang August im Rahmen eines Gefangenenaustauschs nach Deutschland verbrachte russische Oppositionspolitiker Ilja Jaschin will kein politisches Asyl in [&hellip;]\" \/>\n<meta property=\"og:url\" content=\"https:\/\/now-news.de\/de\/deutschland\/ausgetauschter-russischer-oppositionspolitiker-lehnt-asyl-in-deutschland-ab\/\" \/>\n<meta property=\"og:site_name\" content=\"just-now.NEWS Deutschland\" \/>\n<meta property=\"article:publisher\" content=\"https:\/\/www.facebook.com\/wirmachenauf\" \/>\n<meta property=\"article:published_time\" content=\"2024-08-21T15:25:49+00:00\" \/>\n<meta property=\"og:image\" content=\"https:\/\/now-news.de\/de\/wp-content\/uploads\/sites\/3\/2024\/08\/66c5fb54b480cc3dc00fb984.jpg\" \/>\n<meta name=\"author\" content=\"rtnews\" \/>\n<meta name=\"twitter:card\" content=\"summary_large_image\" \/>\n<meta name=\"twitter:creator\" content=\"@WirMachenAuf_de\" \/>\n<meta name=\"twitter:site\" content=\"@WirMachenAuf_de\" \/>\n<meta name=\"twitter:label1\" content=\"Verfasst von\" \/>\n\t<meta name=\"twitter:data1\" content=\"rtnews\" \/>\n\t<meta name=\"twitter:label2\" content=\"Gesch\u00e4tzte Lesezeit\" \/>\n\t<meta name=\"twitter:data2\" content=\"2\u00a0Minuten\" \/>\n<script type=\"application\/ld+json\" class=\"yoast-schema-graph\">{\"@context\":\"https:\/\/schema.org\",\"@graph\":[{\"@type\":\"Article\",\"@id\":\"https:\/\/now-news.de\/de\/deutschland\/ausgetauschter-russischer-oppositionspolitiker-lehnt-asyl-in-deutschland-ab\/#article\",\"isPartOf\":{\"@id\":\"https:\/\/now-news.de\/de\/deutschland\/ausgetauschter-russischer-oppositionspolitiker-lehnt-asyl-in-deutschland-ab\/\"},\"author\":{\"name\":\"rtnews\",\"@id\":\"https:\/\/now-news.de\/de\/#\/schema\/person\/fb534a4e865501d8b3285208df34a9b5\"},\"headline\":\"Ausgetauschter russischer Oppositionspolitiker lehnt Asyl in Deutschland ab\",\"datePublished\":\"2024-08-21T15:25:49+00:00\",\"dateModified\":\"2024-08-21T15:25:49+00:00\",\"mainEntityOfPage\":{\"@id\":\"https:\/\/now-news.de\/de\/deutschland\/ausgetauschter-russischer-oppositionspolitiker-lehnt-asyl-in-deutschland-ab\/\"},\"wordCount\":401,\"commentCount\":0,\"publisher\":{\"@id\":\"https:\/\/now-news.de\/de\/#organization\"},\"image\":{\"@id\":\"https:\/\/now-news.de\/de\/deutschland\/ausgetauschter-russischer-oppositionspolitiker-lehnt-asyl-in-deutschland-ab\/#primaryimage\"},\"thumbnailUrl\":\"https:\/\/now-news.de\/de\/wp-content\/uploads\/sites\/3\/2024\/08\/Ausgetauschter-russischer-Oppositionspolitiker-lehnt-Asyl-in-Deutschland-ab.jpg\",\"keywords\":[\"ASYL\",\"Ausgetauschter\",\"Deutschland\",\"lehnt\",\"Oppositionspolitiker\",\"Russischer\"],\"articleSection\":[\"Deutschland\",\"Russland\"],\"inLanguage\":\"de\",\"potentialAction\":[{\"@type\":\"CommentAction\",\"name\":\"Comment\",\"target\":[\"https:\/\/now-news.de\/de\/deutschland\/ausgetauschter-russischer-oppositionspolitiker-lehnt-asyl-in-deutschland-ab\/#respond\"]}]},{\"@type\":\"WebPage\",\"@id\":\"https:\/\/now-news.de\/de\/deutschland\/ausgetauschter-russischer-oppositionspolitiker-lehnt-asyl-in-deutschland-ab\/\",\"url\":\"https:\/\/now-news.de\/de\/deutschland\/ausgetauschter-russischer-oppositionspolitiker-lehnt-asyl-in-deutschland-ab\/\",\"name\":\"Ausgetauschter russischer Oppositionspolitiker lehnt Asyl in Deutschland ab - just-now.NEWS Deutschland\",\"isPartOf\":{\"@id\":\"https:\/\/now-news.de\/de\/#website\"},\"primaryImageOfPage\":{\"@id\":\"https:\/\/now-news.de\/de\/deutschland\/ausgetauschter-russischer-oppositionspolitiker-lehnt-asyl-in-deutschland-ab\/#primaryimage\"},\"image\":{\"@id\":\"https:\/\/now-news.de\/de\/deutschland\/ausgetauschter-russischer-oppositionspolitiker-lehnt-asyl-in-deutschland-ab\/#primaryimage\"},\"thumbnailUrl\":\"https:\/\/now-news.de\/de\/wp-content\/uploads\/sites\/3\/2024\/08\/Ausgetauschter-russischer-Oppositionspolitiker-lehnt-Asyl-in-Deutschland-ab.jpg\",\"datePublished\":\"2024-08-21T15:25:49+00:00\",\"dateModified\":\"2024-08-21T15:25:49+00:00\",\"breadcrumb\":{\"@id\":\"https:\/\/now-news.de\/de\/deutschland\/ausgetauschter-russischer-oppositionspolitiker-lehnt-asyl-in-deutschland-ab\/#breadcrumb\"},\"inLanguage\":\"de\",\"potentialAction\":[{\"@type\":\"ReadAction\",\"target\":[\"https:\/\/now-news.de\/de\/deutschland\/ausgetauschter-russischer-oppositionspolitiker-lehnt-asyl-in-deutschland-ab\/\"]}]},{\"@type\":\"ImageObject\",\"inLanguage\":\"de\",\"@id\":\"https:\/\/now-news.de\/de\/deutschland\/ausgetauschter-russischer-oppositionspolitiker-lehnt-asyl-in-deutschland-ab\/#primaryimage\",\"url\":\"https:\/\/now-news.de\/de\/wp-content\/uploads\/sites\/3\/2024\/08\/Ausgetauschter-russischer-Oppositionspolitiker-lehnt-Asyl-in-Deutschland-ab.jpg\",\"contentUrl\":\"https:\/\/now-news.de\/de\/wp-content\/uploads\/sites\/3\/2024\/08\/Ausgetauschter-russischer-Oppositionspolitiker-lehnt-Asyl-in-Deutschland-ab.jpg\",\"width\":460,\"height\":259,\"caption\":\"Ausgetauschter russischer Oppositionspolitiker lehnt Asyl in Deutschland ab\"},{\"@type\":\"BreadcrumbList\",\"@id\":\"https:\/\/now-news.de\/de\/deutschland\/ausgetauschter-russischer-oppositionspolitiker-lehnt-asyl-in-deutschland-ab\/#breadcrumb\",\"itemListElement\":[{\"@type\":\"ListItem\",\"position\":1,\"name\":\"Home\",\"item\":\"https:\/\/now-news.de\/de\/\"},{\"@type\":\"ListItem\",\"position\":2,\"name\":\"Ausgetauschter russischer Oppositionspolitiker lehnt Asyl in Deutschland ab\"}]},{\"@type\":\"WebSite\",\"@id\":\"https:\/\/now-news.de\/de\/#website\",\"url\":\"https:\/\/now-news.de\/de\/\",\"name\":\"just-now.NEWS Deutschland\",\"description\":\"Das Portal f\u00fcr unzensierte Nachrichten aus der Welt\",\"publisher\":{\"@id\":\"https:\/\/now-news.de\/de\/#organization\"},\"potentialAction\":[{\"@type\":\"SearchAction\",\"target\":{\"@type\":\"EntryPoint\",\"urlTemplate\":\"https:\/\/now-news.de\/de\/?s={search_term_string}\"},\"query-input\":\"required name=search_term_string\"}],\"inLanguage\":\"de\"},{\"@type\":\"Organization\",\"@id\":\"https:\/\/now-news.de\/de\/#organization\",\"name\":\"Just Now News\",\"url\":\"https:\/\/now-news.de\/de\/\",\"logo\":{\"@type\":\"ImageObject\",\"inLanguage\":\"de\",\"@id\":\"https:\/\/now-news.de\/de\/#\/schema\/logo\/image\/\",\"url\":\"http:\/\/just-now.news\/de\/wp-content\/uploads\/sites\/3\/2022\/04\/logo500x500.jpg\",\"contentUrl\":\"http:\/\/just-now.news\/de\/wp-content\/uploads\/sites\/3\/2022\/04\/logo500x500.jpg\",\"width\":500,\"height\":500,\"caption\":\"Just Now News\"},\"image\":{\"@id\":\"https:\/\/now-news.de\/de\/#\/schema\/logo\/image\/\"},\"sameAs\":[\"https:\/\/www.facebook.com\/wirmachenauf\",\"https:\/\/x.com\/WirMachenAuf_de\"]},{\"@type\":\"Person\",\"@id\":\"https:\/\/now-news.de\/de\/#\/schema\/person\/fb534a4e865501d8b3285208df34a9b5\",\"name\":\"rtnews\",\"image\":{\"@type\":\"ImageObject\",\"inLanguage\":\"de\",\"@id\":\"https:\/\/now-news.de\/de\/#\/schema\/person\/image\/\",\"url\":\"https:\/\/secure.gravatar.com\/avatar\/82aafea7d8127119dd649515f56e2117?s=96&d=mm&r=g\",\"contentUrl\":\"https:\/\/secure.gravatar.com\/avatar\/82aafea7d8127119dd649515f56e2117?s=96&d=mm&r=g\",\"caption\":\"rtnews\"},\"url\":\"https:\/\/now-news.de\/de\/author\/rnews\/\"}]}<\/script>\n<!-- \/ Yoast SEO Premium plugin. -->","yoast_head_json":{"title":"Ausgetauschter russischer Oppositionspolitiker lehnt Asyl in Deutschland ab - just-now.NEWS Deutschland","robots":{"index":"index","follow":"follow","max-snippet":"max-snippet:-1","max-image-preview":"max-image-preview:large","max-video-preview":"max-video-preview:-1"},"canonical":"https:\/\/now-news.de\/de\/deutschland\/ausgetauschter-russischer-oppositionspolitiker-lehnt-asyl-in-deutschland-ab\/","og_locale":"de_DE","og_type":"article","og_title":"Ausgetauschter russischer Oppositionspolitiker lehnt Asyl in Deutschland ab","og_description":"Der russische Oppositionspolitiker Ilja Jaschin will kein politisches Asyl in Deutschland beantragen. Er sei unfreiwillig aus Russland verbracht worden. Sein Ziel sei die R\u00fcckkehr in sein Heimatland. Jaschin war Anfang August mit anderen Gefangenen ausgetauscht worden. Der Anfang August im Rahmen eines Gefangenenaustauschs nach Deutschland verbrachte russische Oppositionspolitiker Ilja Jaschin will kein politisches Asyl in [&hellip;]","og_url":"https:\/\/now-news.de\/de\/deutschland\/ausgetauschter-russischer-oppositionspolitiker-lehnt-asyl-in-deutschland-ab\/","og_site_name":"just-now.NEWS Deutschland","article_publisher":"https:\/\/www.facebook.com\/wirmachenauf","article_published_time":"2024-08-21T15:25:49+00:00","og_image":[{"url":"https:\/\/now-news.de\/de\/wp-content\/uploads\/sites\/3\/2024\/08\/66c5fb54b480cc3dc00fb984.jpg"}],"author":"rtnews","twitter_card":"summary_large_image","twitter_creator":"@WirMachenAuf_de","twitter_site":"@WirMachenAuf_de","twitter_misc":{"Verfasst von":"rtnews","Gesch\u00e4tzte Lesezeit":"2\u00a0Minuten"},"schema":{"@context":"https:\/\/schema.org","@graph":[{"@type":"Article","@id":"https:\/\/now-news.de\/de\/deutschland\/ausgetauschter-russischer-oppositionspolitiker-lehnt-asyl-in-deutschland-ab\/#article","isPartOf":{"@id":"https:\/\/now-news.de\/de\/deutschland\/ausgetauschter-russischer-oppositionspolitiker-lehnt-asyl-in-deutschland-ab\/"},"author":{"name":"rtnews","@id":"https:\/\/now-news.de\/de\/#\/schema\/person\/fb534a4e865501d8b3285208df34a9b5"},"headline":"Ausgetauschter russischer Oppositionspolitiker lehnt Asyl in Deutschland ab","datePublished":"2024-08-21T15:25:49+00:00","dateModified":"2024-08-21T15:25:49+00:00","mainEntityOfPage":{"@id":"https:\/\/now-news.de\/de\/deutschland\/ausgetauschter-russischer-oppositionspolitiker-lehnt-asyl-in-deutschland-ab\/"},"wordCount":401,"commentCount":0,"publisher":{"@id":"https:\/\/now-news.de\/de\/#organization"},"image":{"@id":"https:\/\/now-news.de\/de\/deutschland\/ausgetauschter-russischer-oppositionspolitiker-lehnt-asyl-in-deutschland-ab\/#primaryimage"},"thumbnailUrl":"https:\/\/now-news.de\/de\/wp-content\/uploads\/sites\/3\/2024\/08\/Ausgetauschter-russischer-Oppositionspolitiker-lehnt-Asyl-in-Deutschland-ab.jpg","keywords":["ASYL","Ausgetauschter","Deutschland","lehnt","Oppositionspolitiker","Russischer"],"articleSection":["Deutschland","Russland"],"inLanguage":"de","potentialAction":[{"@type":"CommentAction","name":"Comment","target":["https:\/\/now-news.de\/de\/deutschland\/ausgetauschter-russischer-oppositionspolitiker-lehnt-asyl-in-deutschland-ab\/#respond"]}]},{"@type":"WebPage","@id":"https:\/\/now-news.de\/de\/deutschland\/ausgetauschter-russischer-oppositionspolitiker-lehnt-asyl-in-deutschland-ab\/","url":"https:\/\/now-news.de\/de\/deutschland\/ausgetauschter-russischer-oppositionspolitiker-lehnt-asyl-in-deutschland-ab\/","name":"Ausgetauschter russischer Oppositionspolitiker lehnt Asyl in Deutschland ab - just-now.NEWS Deutschland","isPartOf":{"@id":"https:\/\/now-news.de\/de\/#website"},"primaryImageOfPage":{"@id":"https:\/\/now-news.de\/de\/deutschland\/ausgetauschter-russischer-oppositionspolitiker-lehnt-asyl-in-deutschland-ab\/#primaryimage"},"image":{"@id":"https:\/\/now-news.de\/de\/deutschland\/ausgetauschter-russischer-oppositionspolitiker-lehnt-asyl-in-deutschland-ab\/#primaryimage"},"thumbnailUrl":"https:\/\/now-news.de\/de\/wp-content\/uploads\/sites\/3\/2024\/08\/Ausgetauschter-russischer-Oppositionspolitiker-lehnt-Asyl-in-Deutschland-ab.jpg","datePublished":"2024-08-21T15:25:49+00:00","dateModified":"2024-08-21T15:25:49+00:00","breadcrumb":{"@id":"https:\/\/now-news.de\/de\/deutschland\/ausgetauschter-russischer-oppositionspolitiker-lehnt-asyl-in-deutschland-ab\/#breadcrumb"},"inLanguage":"de","potentialAction":[{"@type":"ReadAction","target":["https:\/\/now-news.de\/de\/deutschland\/ausgetauschter-russischer-oppositionspolitiker-lehnt-asyl-in-deutschland-ab\/"]}]},{"@type":"ImageObject","inLanguage":"de","@id":"https:\/\/now-news.de\/de\/deutschland\/ausgetauschter-russischer-oppositionspolitiker-lehnt-asyl-in-deutschland-ab\/#primaryimage","url":"https:\/\/now-news.de\/de\/wp-content\/uploads\/sites\/3\/2024\/08\/Ausgetauschter-russischer-Oppositionspolitiker-lehnt-Asyl-in-Deutschland-ab.jpg","contentUrl":"https:\/\/now-news.de\/de\/wp-content\/uploads\/sites\/3\/2024\/08\/Ausgetauschter-russischer-Oppositionspolitiker-lehnt-Asyl-in-Deutschland-ab.jpg","width":460,"height":259,"caption":"Ausgetauschter russischer Oppositionspolitiker lehnt Asyl in Deutschland ab"},{"@type":"BreadcrumbList","@id":"https:\/\/now-news.de\/de\/deutschland\/ausgetauschter-russischer-oppositionspolitiker-lehnt-asyl-in-deutschland-ab\/#breadcrumb","itemListElement":[{"@type":"ListItem","position":1,"name":"Home","item":"https:\/\/now-news.de\/de\/"},{"@type":"ListItem","position":2,"name":"Ausgetauschter russischer Oppositionspolitiker lehnt Asyl in Deutschland ab"}]},{"@type":"WebSite","@id":"https:\/\/now-news.de\/de\/#website","url":"https:\/\/now-news.de\/de\/","name":"just-now.NEWS Deutschland","description":"Das Portal f\u00fcr unzensierte Nachrichten aus der Welt","publisher":{"@id":"https:\/\/now-news.de\/de\/#organization"},"potentialAction":[{"@type":"SearchAction","target":{"@type":"EntryPoint","urlTemplate":"https:\/\/now-news.de\/de\/?s={search_term_string}"},"query-input":"required name=search_term_string"}],"inLanguage":"de"},{"@type":"Organization","@id":"https:\/\/now-news.de\/de\/#organization","name":"Just Now News","url":"https:\/\/now-news.de\/de\/","logo":{"@type":"ImageObject","inLanguage":"de","@id":"https:\/\/now-news.de\/de\/#\/schema\/logo\/image\/","url":"http:\/\/just-now.news\/de\/wp-content\/uploads\/sites\/3\/2022\/04\/logo500x500.jpg","contentUrl":"http:\/\/just-now.news\/de\/wp-content\/uploads\/sites\/3\/2022\/04\/logo500x500.jpg","width":500,"height":500,"caption":"Just Now News"},"image":{"@id":"https:\/\/now-news.de\/de\/#\/schema\/logo\/image\/"},"sameAs":["https:\/\/www.facebook.com\/wirmachenauf","https:\/\/x.com\/WirMachenAuf_de"]},{"@type":"Person","@id":"https:\/\/now-news.de\/de\/#\/schema\/person\/fb534a4e865501d8b3285208df34a9b5","name":"rtnews","image":{"@type":"ImageObject","inLanguage":"de","@id":"https:\/\/now-news.de\/de\/#\/schema\/person\/image\/","url":"https:\/\/secure.gravatar.com\/avatar\/82aafea7d8127119dd649515f56e2117?s=96&d=mm&r=g","contentUrl":"https:\/\/secure.gravatar.com\/avatar\/82aafea7d8127119dd649515f56e2117?s=96&d=mm&r=g","caption":"rtnews"},"url":"https:\/\/now-news.de\/de\/author\/rnews\/"}]}},"_links":{"self":[{"href":"https:\/\/now-news.de\/de\/wp-json\/wp\/v2\/posts\/67192"}],"collection":[{"href":"https:\/\/now-news.de\/de\/wp-json\/wp\/v2\/posts"}],"about":[{"href":"https:\/\/now-news.de\/de\/wp-json\/wp\/v2\/types\/post"}],"author":[{"embeddable":true,"href":"https:\/\/now-news.de\/de\/wp-json\/wp\/v2\/users\/3"}],"replies":[{"embeddable":true,"href":"https:\/\/now-news.de\/de\/wp-json\/wp\/v2\/comments?post=67192"}],"version-history":[{"count":0,"href":"https:\/\/now-news.de\/de\/wp-json\/wp\/v2\/posts\/67192\/revisions"}],"wp:featuredmedia":[{"embeddable":true,"href":"https:\/\/now-news.de\/de\/wp-json\/wp\/v2\/media\/67193"}],"wp:attachment":[{"href":"https:\/\/now-news.de\/de\/wp-json\/wp\/v2\/media?parent=67192"}],"wp:term":[{"taxonomy":"category","embeddable":true,"href":"https:\/\/now-news.de\/de\/wp-json\/wp\/v2\/categories?post=67192"},{"taxonomy":"post_tag","embeddable":true,"href":"https:\/\/now-news.de\/de\/wp-json\/wp\/v2\/tags?post=67192"}],"curies":[{"name":"wp","href":"https:\/\/api.w.org\/{rel}","templated":true}]}}