{"id":67190,"date":"2024-08-21T17:40:30","date_gmt":"2024-08-21T15:40:30","guid":{"rendered":"https:\/\/now-news.de\/de\/deutschland\/obama-jetzt-liegt-es-an-uns-fuer-das-amerika-zu-kaempfen-an-das-wir-glauben\/"},"modified":"2024-08-21T17:40:30","modified_gmt":"2024-08-21T15:40:30","slug":"obama-jetzt-liegt-es-an-uns-fuer-das-amerika-zu-kaempfen-an-das-wir-glauben","status":"publish","type":"post","link":"https:\/\/now-news.de\/de\/deutschland\/obama-jetzt-liegt-es-an-uns-fuer-das-amerika-zu-kaempfen-an-das-wir-glauben\/","title":{"rendered":"Obama: &quot;Jetzt liegt es an uns, f\u00fcr das Amerika zu k\u00e4mpfen, an das wir glauben&quot;"},"content":{"rendered":"<p><img decoding=\"async\" src=\"https:\/\/now-news.de\/de\/wp-content\/uploads\/sites\/3\/2024\/08\/66c5ed7648fbef22c0693699.jpg\" \/><\/p>\n<div class=\"Text-root Text-type_1 \">\n                Auf dem Parteitag der US-Demokraten in Chicago erkl\u00e4rte Ex-Pr\u00e4sident Obama, die bevorstehenden Pr\u00e4sidentschaftswahlen seien eine entscheidende Schlacht um das Amerika, an das die Demokraten glauben. Er kritisierte Trump als 78-j\u00e4hrigen Milliard\u00e4r, der st\u00e4ndig \u00fcber seine Probleme klagt.\n            <\/div>\n<p><\/p>\n<div class=\"Text-root Text-type_5 ArticleView-text ViewText-root \">\n<p>Barack Obama, der ehemalige US-Pr\u00e4sident und Hauptredner am zweiten Tag des Parteitags der Demokraten, der derzeit in Chicago stattfindet, erkl\u00e4rte in seiner Rede, dass es bei den bevorstehenden Pr\u00e4sidentschaftswahlen in den USA einen Kampf um das Amerika geben werde, an das die Demokraten glauben.\u00a0In seiner Ansprache an die Teilnehmer des Parteitags sagte er:<\/p>\n<blockquote>\n<p><em>&#8220;Jetzt liegt es nur an uns, f\u00fcr das Amerika zu k\u00e4mpfen, an das wir glauben. T\u00e4uscht euch nicht, das wird ein Kampf.&#8221;<\/em><\/p>\n<\/blockquote>\n<p>Ferner kritisierte der Politiker auch Ex-Pr\u00e4sident Donald Trump und nannte ihn einen 78-j\u00e4hrigen Milliard\u00e4r, der nicht aufh\u00f6rt, \u00fcber seine Probleme zu jammern, seit er aus seinem goldenen Fahrstuhl ausgestiegen sei. Obama fragte rhetorisch:<\/p>\n<blockquote>\n<p><em>&#8220;Die Menschen, die sich heute Abend hier versammelt haben und \u00fcber den Ausgang dieser Wahlen entscheiden werden, stellen sich sehr einfache Fragen: &#8216;Wer wird f\u00fcr mich k\u00e4mpfen, wer wird \u00fcber meine Zukunft, die Zukunft meiner Kinder und unsere gemeinsame Zukunft nachdenken?'&#8221;\u00a0<\/em><\/p>\n<\/blockquote>\n<p>Seiner Meinung nach steht fest: Donald Trump verliert dar\u00fcber keinen Schlaf. Im selben Moment erkl\u00e4rte Obama\u00a0in seiner Rede, dass Kamala Harris jemand ist, der die Menschen sehe und h\u00f6re und jeden einzelnen Tag aufstehe und f\u00fcr sie k\u00e4mpfe:<\/p>\n<div class=\"EmbedBlock-root EmbedBlock-twitter\">\n<div class=\"TwitterEmbed\">\n<blockquote class=\"twitter-tweet lazyload\" data-twitter=\"twitter-tweet\">\n<p lang=\"en\" dir=\"ltr\">.<a rel=\"nofollow noopener\" target=\"_blank\" href=\"https:\/\/twitter.com\/KamalaHarris?ref_src=twsrc%5Etfw\">@KamalaHarris<\/a> and <a rel=\"nofollow noopener\" target=\"_blank\" href=\"https:\/\/twitter.com\/Tim_Walz?ref_src=twsrc%5Etfw\">@Tim_Walz<\/a> believe in an America where &#8220;We the People&#8221; includes everyone. Because that&#8217;s the only way this American experiment works. And despite what our politics might suggest, I think most Americans understand that. <a rel=\"nofollow noopener\" target=\"_blank\" href=\"https:\/\/t.co\/hGZnK7A0ys\">pic.twitter.com\/hGZnK7A0ys<\/a><\/p>\n<p>\u2014 Barack Obama (@BarackObama) <a rel=\"nofollow noopener\" target=\"_blank\" href=\"https:\/\/twitter.com\/BarackObama\/status\/1826137932643565687?ref_src=twsrc%5Etfw\">August 21, 2024<\/a><\/p><\/blockquote>\n<\/div>\n<\/div>\n<p>Am Mittwoch hat in der amerikanischen Stadt Chicago der dritte Tag des nationalen Parteitags der US-Demokraten begonnen. Hauptthema des vorletzten Parteitags ist der &#8220;Kampf f\u00fcr die Freiheiten&#8221; der Amerikaner. Auf dem Programm der Parteisitzungen stehen unter anderem Diskussionen zu den Themen &#8220;Alles, was man \u00fcber Trumps Agenda wissen muss&#8221;, &#8220;K\u00fcnstliche Intelligenz und Deepfakes bei den Wahlen 2024&#8221; und &#8220;Israel nach dem 7. Oktober&#8221;.\u00a0Es\u00a0sollten der ehemalige Pr\u00e4sident Bill Clinton und der Vizepr\u00e4sidentschaftskandidat <a rel=\"nofollow noopener\" target=\"_blank\" href=\"https:\/\/freedert.online\/nordamerika\/215003-harris-vize-tim-walz-turboliberaler\/\">Tim Walz<\/a> als Hauptredner in der United Centre Sports Arena auftreten.\u00a0Interessant ist, dass Clintons Ehefrau, die ehemalige Au\u00dfenministerin Hillary Clinton, das Recht erhielt, am ersten Tag des Parteitags zu sprechen.<\/p>\n<p>Seitdem werden, wie ein Korrespondent von <em>RIA Nowosti<\/em> best\u00e4tigte, regelm\u00e4\u00dfig Textnachrichten im Namen der ehemaligen First Lady, ehemaligen Au\u00dfenministerin und ehemaligen Pr\u00e4sidentschaftskandidatin der USA, die 2016 gegen Donald Trump verloren hatte, verschickt, in denen um Spenden zur Unterst\u00fctzung der Wahlkampagne von Harris gebeten wird. Ob Harris am Mittwoch pers\u00f6nlich vor den Parteitagsteilnehmern auftreten wird, ist noch unklar, ihre offizielle Rede zur Annahme der Pr\u00e4sidentschaftskandidatur ist jedoch weiterhin f\u00fcr Donnerstag geplant.<\/p>\n<p>Am Dienstag haben die Delegierten der Partei in der gr\u00f6\u00dften Stadt des US-Bundesstaates Illinois ihre Rolle im Vorwahlkampf erf\u00fcllt und Vizepr\u00e4sidentin Kamala Harris nach einer feierlichen Abstimmung offiziell als Pr\u00e4sidentschaftskandidatin nominiert. Als Belohnung f\u00fcr ihre Arbeit schalteten die Organisatoren Harris per Video zu. Sie befand sich zum Zeitpunkt der Ergebnis-Bekanntgabe in Milwaukee und dankte den Delegierten auf dem Parteitag aus der Ferne. Ihr Auftritt war jedoch genauso kurz wie <a rel=\"nofollow noopener\" target=\"_blank\" href=\"https:\/\/freedert.online\/nordamerika\/216175-seid-ihr-bereit-freiheit-zu\/\">am ersten Tag<\/a> des Parteitreffens und dauerte nur wenige Minuten.<\/p>\n<p>Am 5. November finden in den USA Pr\u00e4sidentschaftswahlen statt. Die Republikanische Partei hat den ehemaligen Pr\u00e4sidenten des Landes, Donald Trump, offiziell als Pr\u00e4sidentschaftskandidaten nominiert. <\/p>\n<p><strong>Mehr zum Thema<\/strong>\u00a0\u2013\u00a0<a rel=\"nofollow noopener\" target=\"_blank\" href=\"https:\/\/freedert.online\/international\/214434-us-wahlkampf-trump-will-unterstuetzung\/\">US-Wahlkampf: Trump will Unterst\u00fctzung von schwarzen W\u00e4hlern gewinnen<\/a><\/p>\n<div class=\"EmbedBlock-root EmbedBlock-externalVideo EmbedBlock-odysee\">\n<div class=\"VkEmbed\"><iframe class=\"lazyload\" data-src=\"https:\/\/odysee.com\/%24\/embed\/%40RTDE%3Ae%2FCaleb-Maupin--Kamala-Harris-zutiefst-reaktion%C3%A4r-und-Feind-der-Schwarzen%3A9\" frameborder=\"0\" width=\"853\" height=\"480\" allowfullscreen><\/iframe><\/div>\n<\/div>\n<\/div>\n<p><script async src=\"https:\/\/platform.twitter.com\/widgets.js\" charset=\"utf-8\"><\/script><br \/>\n<br \/><br \/>\n<br \/><a href=\"https:\/\/de.rt.com\/nordamerika\/216406-obama-jetzt-liegt-es-an-uns-fuer-amerika-zu-kaempfen-an-das-wir-glauben\/\">Source link <\/a><\/p>\n","protected":false},"excerpt":{"rendered":"<p>Auf dem Parteitag der US-Demokraten in Chicago erkl\u00e4rte Ex-Pr\u00e4sident Obama, die bevorstehenden Pr\u00e4sidentschaftswahlen seien eine entscheidende Schlacht um das Amerika, an das die Demokraten glauben. Er kritisierte Trump als 78-j\u00e4hrigen Milliard\u00e4r, der st\u00e4ndig \u00fcber seine Probleme klagt. Barack Obama, der ehemalige US-Pr\u00e4sident und Hauptredner am zweiten Tag des Parteitags der Demokraten, der derzeit in Chicago [&hellip;]<\/p>\n","protected":false},"author":3,"featured_media":67191,"comment_status":"open","ping_status":"open","sticky":false,"template":"","format":"standard","meta":{"_yoast_indexnow_last_ping":["1724256922"],"wp_automatic_camp":["217"],"f46244d3262e58e60461e5105810969d":["Obama: &quot;Jetzt liegt es an uns, f\u00fcr das Amerika zu k\u00e4mpfen, an das wir glauben&quot;"],"original_link":["https:\/\/de.rt.com\/nordamerika\/216406-obama-jetzt-liegt-es-an-uns-fuer-amerika-zu-kaempfen-an-das-wir-glauben\/"],"_thumbnail_id":["67191"],"_wptgpro_p2tg_sent2tg":["a:1:{i:23737;s:19:\"2024-08-21 18:16:30\";}"],"jnews_social_counter_last_update":["1777613436"]},"categories":[19,23],"tags":[4437,427,221,57756,12240,3953,4902,39592,311,1801],"yoast_head":"<!-- This site is optimized with the Yoast SEO Premium plugin v22.7 (Yoast SEO v22.7) - https:\/\/yoast.com\/wordpress\/plugins\/seo\/ -->\n<title>Obama: &quot;Jetzt liegt es an uns, f\u00fcr das Amerika zu k\u00e4mpfen, an das wir glauben&quot; - just-now.NEWS Deutschland<\/title>\n<meta name=\"robots\" content=\"index, follow, max-snippet:-1, max-image-preview:large, max-video-preview:-1\" \/>\n<link rel=\"canonical\" href=\"https:\/\/now-news.de\/de\/deutschland\/obama-jetzt-liegt-es-an-uns-fuer-das-amerika-zu-kaempfen-an-das-wir-glauben\/\" \/>\n<meta property=\"og:locale\" content=\"de_DE\" \/>\n<meta property=\"og:type\" content=\"article\" \/>\n<meta property=\"og:title\" content=\"Obama: &quot;Jetzt liegt es an uns, f\u00fcr das Amerika zu k\u00e4mpfen, an das wir glauben&quot;\" \/>\n<meta property=\"og:description\" content=\"Auf dem Parteitag der US-Demokraten in Chicago erkl\u00e4rte Ex-Pr\u00e4sident Obama, die bevorstehenden Pr\u00e4sidentschaftswahlen seien eine entscheidende Schlacht um das Amerika, an das die Demokraten glauben. Er kritisierte Trump als 78-j\u00e4hrigen Milliard\u00e4r, der st\u00e4ndig \u00fcber seine Probleme klagt. Barack Obama, der ehemalige US-Pr\u00e4sident und Hauptredner am zweiten Tag des Parteitags der Demokraten, der derzeit in Chicago [&hellip;]\" \/>\n<meta property=\"og:url\" content=\"https:\/\/now-news.de\/de\/deutschland\/obama-jetzt-liegt-es-an-uns-fuer-das-amerika-zu-kaempfen-an-das-wir-glauben\/\" \/>\n<meta property=\"og:site_name\" content=\"just-now.NEWS Deutschland\" \/>\n<meta property=\"article:publisher\" content=\"https:\/\/www.facebook.com\/wirmachenauf\" \/>\n<meta property=\"article:published_time\" content=\"2024-08-21T15:40:30+00:00\" \/>\n<meta property=\"og:image\" content=\"https:\/\/now-news.de\/de\/wp-content\/uploads\/sites\/3\/2024\/08\/66c5ed7648fbef22c0693699.jpg\" \/>\n<meta name=\"author\" content=\"rtnews\" \/>\n<meta name=\"twitter:card\" content=\"summary_large_image\" \/>\n<meta name=\"twitter:creator\" content=\"@WirMachenAuf_de\" \/>\n<meta name=\"twitter:site\" content=\"@WirMachenAuf_de\" \/>\n<meta name=\"twitter:label1\" content=\"Verfasst von\" \/>\n\t<meta name=\"twitter:data1\" content=\"rtnews\" \/>\n\t<meta name=\"twitter:label2\" content=\"Gesch\u00e4tzte Lesezeit\" \/>\n\t<meta name=\"twitter:data2\" content=\"3\u00a0Minuten\" \/>\n<script type=\"application\/ld+json\" class=\"yoast-schema-graph\">{\"@context\":\"https:\/\/schema.org\",\"@graph\":[{\"@type\":\"Article\",\"@id\":\"https:\/\/now-news.de\/de\/deutschland\/obama-jetzt-liegt-es-an-uns-fuer-das-amerika-zu-kaempfen-an-das-wir-glauben\/#article\",\"isPartOf\":{\"@id\":\"https:\/\/now-news.de\/de\/deutschland\/obama-jetzt-liegt-es-an-uns-fuer-das-amerika-zu-kaempfen-an-das-wir-glauben\/\"},\"author\":{\"name\":\"rtnews\",\"@id\":\"https:\/\/now-news.de\/de\/#\/schema\/person\/fb534a4e865501d8b3285208df34a9b5\"},\"headline\":\"Obama: &quot;Jetzt liegt es an uns, f\u00fcr das Amerika zu k\u00e4mpfen, an das wir glauben&quot;\",\"datePublished\":\"2024-08-21T15:40:30+00:00\",\"dateModified\":\"2024-08-21T15:40:30+00:00\",\"mainEntityOfPage\":{\"@id\":\"https:\/\/now-news.de\/de\/deutschland\/obama-jetzt-liegt-es-an-uns-fuer-das-amerika-zu-kaempfen-an-das-wir-glauben\/\"},\"wordCount\":625,\"commentCount\":0,\"publisher\":{\"@id\":\"https:\/\/now-news.de\/de\/#organization\"},\"image\":{\"@id\":\"https:\/\/now-news.de\/de\/deutschland\/obama-jetzt-liegt-es-an-uns-fuer-das-amerika-zu-kaempfen-an-das-wir-glauben\/#primaryimage\"},\"thumbnailUrl\":\"https:\/\/now-news.de\/de\/wp-content\/uploads\/sites\/3\/2024\/08\/Obama-quotJetzt-liegt-es-an-uns-fuer-das-Amerika-zu.jpg\",\"keywords\":[\"Amerika\",\"das\",\"f\u00fcr\",\"glaubenquot\",\"k\u00e4mpfen\",\"liegt\",\"Obama\",\"quotJetzt\",\"uns\",\"Wir\"],\"articleSection\":[\"Deutschland\",\"Russland\"],\"inLanguage\":\"de\",\"potentialAction\":[{\"@type\":\"CommentAction\",\"name\":\"Comment\",\"target\":[\"https:\/\/now-news.de\/de\/deutschland\/obama-jetzt-liegt-es-an-uns-fuer-das-amerika-zu-kaempfen-an-das-wir-glauben\/#respond\"]}]},{\"@type\":\"WebPage\",\"@id\":\"https:\/\/now-news.de\/de\/deutschland\/obama-jetzt-liegt-es-an-uns-fuer-das-amerika-zu-kaempfen-an-das-wir-glauben\/\",\"url\":\"https:\/\/now-news.de\/de\/deutschland\/obama-jetzt-liegt-es-an-uns-fuer-das-amerika-zu-kaempfen-an-das-wir-glauben\/\",\"name\":\"Obama: &quot;Jetzt liegt es an uns, f\u00fcr das Amerika zu k\u00e4mpfen, an das wir glauben&quot; - just-now.NEWS Deutschland\",\"isPartOf\":{\"@id\":\"https:\/\/now-news.de\/de\/#website\"},\"primaryImageOfPage\":{\"@id\":\"https:\/\/now-news.de\/de\/deutschland\/obama-jetzt-liegt-es-an-uns-fuer-das-amerika-zu-kaempfen-an-das-wir-glauben\/#primaryimage\"},\"image\":{\"@id\":\"https:\/\/now-news.de\/de\/deutschland\/obama-jetzt-liegt-es-an-uns-fuer-das-amerika-zu-kaempfen-an-das-wir-glauben\/#primaryimage\"},\"thumbnailUrl\":\"https:\/\/now-news.de\/de\/wp-content\/uploads\/sites\/3\/2024\/08\/Obama-quotJetzt-liegt-es-an-uns-fuer-das-Amerika-zu.jpg\",\"datePublished\":\"2024-08-21T15:40:30+00:00\",\"dateModified\":\"2024-08-21T15:40:30+00:00\",\"breadcrumb\":{\"@id\":\"https:\/\/now-news.de\/de\/deutschland\/obama-jetzt-liegt-es-an-uns-fuer-das-amerika-zu-kaempfen-an-das-wir-glauben\/#breadcrumb\"},\"inLanguage\":\"de\",\"potentialAction\":[{\"@type\":\"ReadAction\",\"target\":[\"https:\/\/now-news.de\/de\/deutschland\/obama-jetzt-liegt-es-an-uns-fuer-das-amerika-zu-kaempfen-an-das-wir-glauben\/\"]}]},{\"@type\":\"ImageObject\",\"inLanguage\":\"de\",\"@id\":\"https:\/\/now-news.de\/de\/deutschland\/obama-jetzt-liegt-es-an-uns-fuer-das-amerika-zu-kaempfen-an-das-wir-glauben\/#primaryimage\",\"url\":\"https:\/\/now-news.de\/de\/wp-content\/uploads\/sites\/3\/2024\/08\/Obama-quotJetzt-liegt-es-an-uns-fuer-das-Amerika-zu.jpg\",\"contentUrl\":\"https:\/\/now-news.de\/de\/wp-content\/uploads\/sites\/3\/2024\/08\/Obama-quotJetzt-liegt-es-an-uns-fuer-das-Amerika-zu.jpg\",\"width\":460,\"height\":259,\"caption\":\"Obama: &quot;Jetzt liegt es an uns, f\u00fcr das Amerika zu k\u00e4mpfen, an das wir glauben&quot;\"},{\"@type\":\"BreadcrumbList\",\"@id\":\"https:\/\/now-news.de\/de\/deutschland\/obama-jetzt-liegt-es-an-uns-fuer-das-amerika-zu-kaempfen-an-das-wir-glauben\/#breadcrumb\",\"itemListElement\":[{\"@type\":\"ListItem\",\"position\":1,\"name\":\"Home\",\"item\":\"https:\/\/now-news.de\/de\/\"},{\"@type\":\"ListItem\",\"position\":2,\"name\":\"Obama: &quot;Jetzt liegt es an uns, f\u00fcr das Amerika zu k\u00e4mpfen, an das wir glauben&quot;\"}]},{\"@type\":\"WebSite\",\"@id\":\"https:\/\/now-news.de\/de\/#website\",\"url\":\"https:\/\/now-news.de\/de\/\",\"name\":\"just-now.NEWS Deutschland\",\"description\":\"Das Portal f\u00fcr unzensierte Nachrichten aus der Welt\",\"publisher\":{\"@id\":\"https:\/\/now-news.de\/de\/#organization\"},\"potentialAction\":[{\"@type\":\"SearchAction\",\"target\":{\"@type\":\"EntryPoint\",\"urlTemplate\":\"https:\/\/now-news.de\/de\/?s={search_term_string}\"},\"query-input\":\"required name=search_term_string\"}],\"inLanguage\":\"de\"},{\"@type\":\"Organization\",\"@id\":\"https:\/\/now-news.de\/de\/#organization\",\"name\":\"Just Now News\",\"url\":\"https:\/\/now-news.de\/de\/\",\"logo\":{\"@type\":\"ImageObject\",\"inLanguage\":\"de\",\"@id\":\"https:\/\/now-news.de\/de\/#\/schema\/logo\/image\/\",\"url\":\"http:\/\/just-now.news\/de\/wp-content\/uploads\/sites\/3\/2022\/04\/logo500x500.jpg\",\"contentUrl\":\"http:\/\/just-now.news\/de\/wp-content\/uploads\/sites\/3\/2022\/04\/logo500x500.jpg\",\"width\":500,\"height\":500,\"caption\":\"Just Now News\"},\"image\":{\"@id\":\"https:\/\/now-news.de\/de\/#\/schema\/logo\/image\/\"},\"sameAs\":[\"https:\/\/www.facebook.com\/wirmachenauf\",\"https:\/\/x.com\/WirMachenAuf_de\"]},{\"@type\":\"Person\",\"@id\":\"https:\/\/now-news.de\/de\/#\/schema\/person\/fb534a4e865501d8b3285208df34a9b5\",\"name\":\"rtnews\",\"image\":{\"@type\":\"ImageObject\",\"inLanguage\":\"de\",\"@id\":\"https:\/\/now-news.de\/de\/#\/schema\/person\/image\/\",\"url\":\"https:\/\/secure.gravatar.com\/avatar\/82aafea7d8127119dd649515f56e2117?s=96&d=mm&r=g\",\"contentUrl\":\"https:\/\/secure.gravatar.com\/avatar\/82aafea7d8127119dd649515f56e2117?s=96&d=mm&r=g\",\"caption\":\"rtnews\"},\"url\":\"https:\/\/now-news.de\/de\/author\/rnews\/\"}]}<\/script>\n<!-- \/ Yoast SEO Premium plugin. -->","yoast_head_json":{"title":"Obama: &quot;Jetzt liegt es an uns, f\u00fcr das Amerika zu k\u00e4mpfen, an das wir glauben&quot; - just-now.NEWS Deutschland","robots":{"index":"index","follow":"follow","max-snippet":"max-snippet:-1","max-image-preview":"max-image-preview:large","max-video-preview":"max-video-preview:-1"},"canonical":"https:\/\/now-news.de\/de\/deutschland\/obama-jetzt-liegt-es-an-uns-fuer-das-amerika-zu-kaempfen-an-das-wir-glauben\/","og_locale":"de_DE","og_type":"article","og_title":"Obama: &quot;Jetzt liegt es an uns, f\u00fcr das Amerika zu k\u00e4mpfen, an das wir glauben&quot;","og_description":"Auf dem Parteitag der US-Demokraten in Chicago erkl\u00e4rte Ex-Pr\u00e4sident Obama, die bevorstehenden Pr\u00e4sidentschaftswahlen seien eine entscheidende Schlacht um das Amerika, an das die Demokraten glauben. Er kritisierte Trump als 78-j\u00e4hrigen Milliard\u00e4r, der st\u00e4ndig \u00fcber seine Probleme klagt. Barack Obama, der ehemalige US-Pr\u00e4sident und Hauptredner am zweiten Tag des Parteitags der Demokraten, der derzeit in Chicago [&hellip;]","og_url":"https:\/\/now-news.de\/de\/deutschland\/obama-jetzt-liegt-es-an-uns-fuer-das-amerika-zu-kaempfen-an-das-wir-glauben\/","og_site_name":"just-now.NEWS Deutschland","article_publisher":"https:\/\/www.facebook.com\/wirmachenauf","article_published_time":"2024-08-21T15:40:30+00:00","og_image":[{"url":"https:\/\/now-news.de\/de\/wp-content\/uploads\/sites\/3\/2024\/08\/66c5ed7648fbef22c0693699.jpg"}],"author":"rtnews","twitter_card":"summary_large_image","twitter_creator":"@WirMachenAuf_de","twitter_site":"@WirMachenAuf_de","twitter_misc":{"Verfasst von":"rtnews","Gesch\u00e4tzte Lesezeit":"3\u00a0Minuten"},"schema":{"@context":"https:\/\/schema.org","@graph":[{"@type":"Article","@id":"https:\/\/now-news.de\/de\/deutschland\/obama-jetzt-liegt-es-an-uns-fuer-das-amerika-zu-kaempfen-an-das-wir-glauben\/#article","isPartOf":{"@id":"https:\/\/now-news.de\/de\/deutschland\/obama-jetzt-liegt-es-an-uns-fuer-das-amerika-zu-kaempfen-an-das-wir-glauben\/"},"author":{"name":"rtnews","@id":"https:\/\/now-news.de\/de\/#\/schema\/person\/fb534a4e865501d8b3285208df34a9b5"},"headline":"Obama: &quot;Jetzt liegt es an uns, f\u00fcr das Amerika zu k\u00e4mpfen, an das wir glauben&quot;","datePublished":"2024-08-21T15:40:30+00:00","dateModified":"2024-08-21T15:40:30+00:00","mainEntityOfPage":{"@id":"https:\/\/now-news.de\/de\/deutschland\/obama-jetzt-liegt-es-an-uns-fuer-das-amerika-zu-kaempfen-an-das-wir-glauben\/"},"wordCount":625,"commentCount":0,"publisher":{"@id":"https:\/\/now-news.de\/de\/#organization"},"image":{"@id":"https:\/\/now-news.de\/de\/deutschland\/obama-jetzt-liegt-es-an-uns-fuer-das-amerika-zu-kaempfen-an-das-wir-glauben\/#primaryimage"},"thumbnailUrl":"https:\/\/now-news.de\/de\/wp-content\/uploads\/sites\/3\/2024\/08\/Obama-quotJetzt-liegt-es-an-uns-fuer-das-Amerika-zu.jpg","keywords":["Amerika","das","f\u00fcr","glaubenquot","k\u00e4mpfen","liegt","Obama","quotJetzt","uns","Wir"],"articleSection":["Deutschland","Russland"],"inLanguage":"de","potentialAction":[{"@type":"CommentAction","name":"Comment","target":["https:\/\/now-news.de\/de\/deutschland\/obama-jetzt-liegt-es-an-uns-fuer-das-amerika-zu-kaempfen-an-das-wir-glauben\/#respond"]}]},{"@type":"WebPage","@id":"https:\/\/now-news.de\/de\/deutschland\/obama-jetzt-liegt-es-an-uns-fuer-das-amerika-zu-kaempfen-an-das-wir-glauben\/","url":"https:\/\/now-news.de\/de\/deutschland\/obama-jetzt-liegt-es-an-uns-fuer-das-amerika-zu-kaempfen-an-das-wir-glauben\/","name":"Obama: &quot;Jetzt liegt es an uns, f\u00fcr das Amerika zu k\u00e4mpfen, an das wir glauben&quot; - just-now.NEWS Deutschland","isPartOf":{"@id":"https:\/\/now-news.de\/de\/#website"},"primaryImageOfPage":{"@id":"https:\/\/now-news.de\/de\/deutschland\/obama-jetzt-liegt-es-an-uns-fuer-das-amerika-zu-kaempfen-an-das-wir-glauben\/#primaryimage"},"image":{"@id":"https:\/\/now-news.de\/de\/deutschland\/obama-jetzt-liegt-es-an-uns-fuer-das-amerika-zu-kaempfen-an-das-wir-glauben\/#primaryimage"},"thumbnailUrl":"https:\/\/now-news.de\/de\/wp-content\/uploads\/sites\/3\/2024\/08\/Obama-quotJetzt-liegt-es-an-uns-fuer-das-Amerika-zu.jpg","datePublished":"2024-08-21T15:40:30+00:00","dateModified":"2024-08-21T15:40:30+00:00","breadcrumb":{"@id":"https:\/\/now-news.de\/de\/deutschland\/obama-jetzt-liegt-es-an-uns-fuer-das-amerika-zu-kaempfen-an-das-wir-glauben\/#breadcrumb"},"inLanguage":"de","potentialAction":[{"@type":"ReadAction","target":["https:\/\/now-news.de\/de\/deutschland\/obama-jetzt-liegt-es-an-uns-fuer-das-amerika-zu-kaempfen-an-das-wir-glauben\/"]}]},{"@type":"ImageObject","inLanguage":"de","@id":"https:\/\/now-news.de\/de\/deutschland\/obama-jetzt-liegt-es-an-uns-fuer-das-amerika-zu-kaempfen-an-das-wir-glauben\/#primaryimage","url":"https:\/\/now-news.de\/de\/wp-content\/uploads\/sites\/3\/2024\/08\/Obama-quotJetzt-liegt-es-an-uns-fuer-das-Amerika-zu.jpg","contentUrl":"https:\/\/now-news.de\/de\/wp-content\/uploads\/sites\/3\/2024\/08\/Obama-quotJetzt-liegt-es-an-uns-fuer-das-Amerika-zu.jpg","width":460,"height":259,"caption":"Obama: &quot;Jetzt liegt es an uns, f\u00fcr das Amerika zu k\u00e4mpfen, an das wir glauben&quot;"},{"@type":"BreadcrumbList","@id":"https:\/\/now-news.de\/de\/deutschland\/obama-jetzt-liegt-es-an-uns-fuer-das-amerika-zu-kaempfen-an-das-wir-glauben\/#breadcrumb","itemListElement":[{"@type":"ListItem","position":1,"name":"Home","item":"https:\/\/now-news.de\/de\/"},{"@type":"ListItem","position":2,"name":"Obama: &quot;Jetzt liegt es an uns, f\u00fcr das Amerika zu k\u00e4mpfen, an das wir glauben&quot;"}]},{"@type":"WebSite","@id":"https:\/\/now-news.de\/de\/#website","url":"https:\/\/now-news.de\/de\/","name":"just-now.NEWS Deutschland","description":"Das Portal f\u00fcr unzensierte Nachrichten aus der Welt","publisher":{"@id":"https:\/\/now-news.de\/de\/#organization"},"potentialAction":[{"@type":"SearchAction","target":{"@type":"EntryPoint","urlTemplate":"https:\/\/now-news.de\/de\/?s={search_term_string}"},"query-input":"required name=search_term_string"}],"inLanguage":"de"},{"@type":"Organization","@id":"https:\/\/now-news.de\/de\/#organization","name":"Just Now News","url":"https:\/\/now-news.de\/de\/","logo":{"@type":"ImageObject","inLanguage":"de","@id":"https:\/\/now-news.de\/de\/#\/schema\/logo\/image\/","url":"http:\/\/just-now.news\/de\/wp-content\/uploads\/sites\/3\/2022\/04\/logo500x500.jpg","contentUrl":"http:\/\/just-now.news\/de\/wp-content\/uploads\/sites\/3\/2022\/04\/logo500x500.jpg","width":500,"height":500,"caption":"Just Now News"},"image":{"@id":"https:\/\/now-news.de\/de\/#\/schema\/logo\/image\/"},"sameAs":["https:\/\/www.facebook.com\/wirmachenauf","https:\/\/x.com\/WirMachenAuf_de"]},{"@type":"Person","@id":"https:\/\/now-news.de\/de\/#\/schema\/person\/fb534a4e865501d8b3285208df34a9b5","name":"rtnews","image":{"@type":"ImageObject","inLanguage":"de","@id":"https:\/\/now-news.de\/de\/#\/schema\/person\/image\/","url":"https:\/\/secure.gravatar.com\/avatar\/82aafea7d8127119dd649515f56e2117?s=96&d=mm&r=g","contentUrl":"https:\/\/secure.gravatar.com\/avatar\/82aafea7d8127119dd649515f56e2117?s=96&d=mm&r=g","caption":"rtnews"},"url":"https:\/\/now-news.de\/de\/author\/rnews\/"}]}},"_links":{"self":[{"href":"https:\/\/now-news.de\/de\/wp-json\/wp\/v2\/posts\/67190"}],"collection":[{"href":"https:\/\/now-news.de\/de\/wp-json\/wp\/v2\/posts"}],"about":[{"href":"https:\/\/now-news.de\/de\/wp-json\/wp\/v2\/types\/post"}],"author":[{"embeddable":true,"href":"https:\/\/now-news.de\/de\/wp-json\/wp\/v2\/users\/3"}],"replies":[{"embeddable":true,"href":"https:\/\/now-news.de\/de\/wp-json\/wp\/v2\/comments?post=67190"}],"version-history":[{"count":0,"href":"https:\/\/now-news.de\/de\/wp-json\/wp\/v2\/posts\/67190\/revisions"}],"wp:featuredmedia":[{"embeddable":true,"href":"https:\/\/now-news.de\/de\/wp-json\/wp\/v2\/media\/67191"}],"wp:attachment":[{"href":"https:\/\/now-news.de\/de\/wp-json\/wp\/v2\/media?parent=67190"}],"wp:term":[{"taxonomy":"category","embeddable":true,"href":"https:\/\/now-news.de\/de\/wp-json\/wp\/v2\/categories?post=67190"},{"taxonomy":"post_tag","embeddable":true,"href":"https:\/\/now-news.de\/de\/wp-json\/wp\/v2\/tags?post=67190"}],"curies":[{"name":"wp","href":"https:\/\/api.w.org\/{rel}","templated":true}]}}