{"id":67159,"date":"2024-08-21T10:44:59","date_gmt":"2024-08-21T08:44:59","guid":{"rendered":"https:\/\/now-news.de\/de\/deutschland\/sollten-die-usa-europa-aufgeben-im-allerbesten-eigeninteresse-wird-auch-das-undenkbare-gedacht\/"},"modified":"2024-08-21T10:44:59","modified_gmt":"2024-08-21T08:44:59","slug":"sollten-die-usa-europa-aufgeben-im-allerbesten-eigeninteresse-wird-auch-das-undenkbare-gedacht","status":"publish","type":"post","link":"https:\/\/now-news.de\/de\/deutschland\/sollten-die-usa-europa-aufgeben-im-allerbesten-eigeninteresse-wird-auch-das-undenkbare-gedacht\/","title":{"rendered":"Sollten die USA Europa aufgeben?  Im allerbesten Eigeninteresse wird auch das Undenkbare gedacht"},"content":{"rendered":"<p><img decoding=\"async\" src=\"https:\/\/now-news.de\/de\/wp-content\/uploads\/sites\/3\/2024\/08\/66c4e34048fbef7f006e1cbe.jpg\" \/><\/p>\n<div class=\"Text-root Text-type_1 \">\n                Auch wenn die nachfolgend skizzierten Ansichten des US-amerikanischen Politik-Establishments bisher nur die Meinung einer Minderheit darstellen: Dahinter kommt eine erfrischende Idee zum Vorschein. Diese neue Idee sollte jedoch den ersten Schritt zu einer umfassenden Neuordnung darstellen.\n            <\/div>\n<p><\/p>\n<div class=\"Text-root Text-type_5 ArticleView-text ViewText-root \">\n<p><em>Von Tarik Cyril Amar<\/em><\/p>\n<p><em>Foreign Affairs<\/em> hat einen <a rel=\"nofollow noopener\" target=\"_blank\" href=\"https:\/\/www.foreignaffairs.com\/europe\/post-american-europe-justin-logan-joshua-shifrinson\">bemerkenswerten Artikel<\/a> ver\u00f6ffentlicht. Unter dem Titel &#8220;A Post-American Europe: It&#8217;s Time for Washington to Europeanize NATO and Give Up Responsibility for the Continent&#8217;s Security&#8221; (Ein post-amerikanisches Europa: Es ist Zeit f\u00fcr Washington, die NATO zu europ\u00e4isieren und die Verantwortung f\u00fcr die Sicherheit des Kontinents abzugeben) bringen die Autoren Justin Logan und Joshua Shifrinson im Wesentlichen ein einfaches Argument vor: Die USA sollten die Verteidigung Europas den Europ\u00e4ern \u00fcberlassen, da es nicht mehr in Washingtons Interesse liege, diese Aufgabe f\u00fcr sie zu \u00fcbernehmen. Au\u00dferdem, so f\u00fcgen Logan und Shifrinson hinzu, haben die Europ\u00e4er eindeutig die Ressourcen \u2013 wirtschaftlich und demografisch \u2013, um f\u00fcr sich selbst zu sorgen.<\/p>\n<p>Dies ist ein kluges St\u00fcck, das in der Sprache des Realismus geschrieben ist, im Sinne der weit verbreiteten Denkschule \u00fcber internationale Beziehungen und Geopolitik, die auf zwei Pr\u00e4missen beruht: dass die Interessen der Staaten definiert und rational verstanden werden k\u00f6nnen; und dass die Staatsf\u00fchrungen in den meisten F\u00e4llen versuchen, gem\u00e4\u00df diesen Interessen zu handeln. Logan und Shifrinson bem\u00fchen sich auch, im weiteren Sinne des Wortes realistisch zu sein, indem sie beispielsweise anerkennen, dass Russland nicht darauf aus ist, \u00fcber die europ\u00e4ischen NATO-Mitgliedstaaten &#8220;herzufallen&#8221;, und keine hegemoniale Bedrohung f\u00fcr sie darstellt. Dadurch hebt sich ihr Beitrag von dem &#8220;Werte&#8221;-Gerede und der ideologischen Panikmache ab, die heute leider oft als politische Analyse durchgehen.<\/p>\n<p>Abgesehen von seiner erfrischenden Qualit\u00e4t gibt es noch andere Gr\u00fcnde, diesem Artikel Aufmerksamkeit zu schenken. <em>Foreign Affairs<\/em>, das zum einflussreichen Council on Foreign Relations geh\u00f6rt, ist die \u00e4ltere der beiden Zeitschriften (die andere ist <em>Foreign Policy<\/em>), die die Agenda der Debatte im internationalen politischen Establishment der USA (mit freundlicher Genehmigung von Pr\u00e4sident Obamas ehemaligem Nationalen Sicherheitsberater Ben Rhodes, auch bekannt als &#8220;the Blob&#8221;) bestimmen oder widerspiegeln. <a rel=\"nofollow noopener\" target=\"_blank\" href=\"https:\/\/www.cato.org\/people\/justin-logan\">Logan<\/a> ist Direktor f\u00fcr verteidigungs- und au\u00dfenpolitische Studien am <a rel=\"nofollow noopener\" target=\"_blank\" href=\"https:\/\/www.cato.org\/\">Cato Institute<\/a>, einem einflussreichen libert\u00e4r-konservativen Think-Tank. <a rel=\"nofollow noopener\" target=\"_blank\" href=\"https:\/\/cissm.umd.edu\/our-community\/faculty-staff\/joshua-shifrinson\">Shifrinson<\/a> ist ein prominenter, wenn auch im heutigen Klima sicherlich nicht allseits beliebter Experte f\u00fcr US-Au\u00dfenpolitik, der wiederholt unpopul\u00e4re Positionen vertreten hat. So hat er den Westen daran erinnert , dass <a rel=\"nofollow noopener\" target=\"_blank\" href=\"https:\/\/www.latimes.com\/opinion\/op-ed\/la-oe-shifrinson-russia-us-nato-deal--20160530-snap-story.html\">Versprechen<\/a>, die Russland nach dem Ende des Kalten Krieges gemacht wurden, tats\u00e4chlich gebrochen wurden; und er hat das \u00fcberm\u00e4\u00dfige amerikanische Engagement in der Ukraine sowie die <a rel=\"nofollow noopener\" target=\"_blank\" href=\"https:\/\/cissm.umd.edu\/research-impact\/publications\/has-nato-enlargement-enhanced-us-national-security\">NATO-Erweiterung<\/a>\u00a0<a rel=\"nofollow noopener\" target=\"_blank\" href=\"https:\/\/nationalinterest.org\/feature\/what-americas-interest-ukraine-war-205555\">kritisiert<\/a>.<\/p>\n<p>F\u00fcr Logan und Shifrinson haben die USA in Bezug auf Europa nur ein einziges nationales Interesse, das die \u00dcbernahme seiner Verteidigung rechtfertigen kann: &#8220;Die wirtschaftliche und milit\u00e4rische Macht des Kontinents geteilt zu halten&#8221;, um die Entstehung eines regionalen Hegemons zu verhindern, sei es Deutschland \u2013 das dies zweimal versucht hat,\u00a0aber zweimal mit US-Hilfe besiegt wurde \u2013 oder die ehemalige Sowjetunion, bei der eigentlich unklar ist, ob sie \u00fcberhaupt jemals die Absicht hatte, eine gesamteurop\u00e4ische Hegemonie aufzubauen (Was nat\u00fcrlich nicht dasselbe ist wie die osteurop\u00e4ische Einflusssph\u00e4re, die sie zwischen 1945 und 1989 aufrechterhielt). Auf jeden Fall dachte Washington, dass es das k\u00f6nnte.<\/p>\n<p>Heute, so argumentieren Logan und Shifrinson, ist die Gefahr eines solchen europ\u00e4ischen Hegemons, der Ressourcen b\u00fcndeln k\u00f6nnte, um letztlich die Macht der USA auf die eine oder andere Weise herauszufordern, verschwunden. Insbesondere betonen sie \u2013 zu Recht \u2013, dass Russland keine solche Bedrohung darstellt. Daraus folgern sie: &#8220;Da kein Kandidat f\u00fcr die europ\u00e4ische Hegemonie lauert, besteht f\u00fcr die Vereinigten Staaten keine Notwendigkeit mehr, die dominierende Rolle in der Region zu \u00fcbernehmen.&#8221;<\/p>\n<p>Ihre Argumentation hat freilich eine Kehrseite, die zum Beispiel f\u00fcr die Leser im Baltikum sehr unangenehm sein d\u00fcrfte. Mit dem scharfen, kalten Blick von Realisten erkennen sie einen Unterschied zwischen den Teilen Europas, die unter keinen Umst\u00e4nden unter russischen Einfluss geraten d\u00fcrfen \u2013 &#8220;die Kerngebiete der milit\u00e4rischen und wirtschaftlichen Macht&#8221; \u2013 und den kleinen Nationen in Osteuropa, die f\u00fcr das nationale Interesse der USA einfach nicht viel bedeuten. &#8220;Frankreich und Lettland&#8221;, schreiben sie mit erfrischender Offenheit, &#8220;sind beides europ\u00e4ische L\u00e4nder, aber ihre Verteidigungsbed\u00fcrfnisse \u2013 und ihre Bedeutung f\u00fcr die Vereinigten Staaten \u2013 sind unterschiedlich.&#8221; Es ist immer ein be\u00e4ngstigendes Gef\u00fchl, wenn die Politiker der &#8220;unverzichtbaren Nation&#8221; einem sagen, dass die eigene Nation entbehrlich ist.<\/p>\n<p>Logan und Shifrinson formulieren einige Empfehlungen. Im Gro\u00dfen und Ganzen laufen sie auf einen allm\u00e4hlichen \u2013 aber nicht langsamen \u2013 R\u00fcckzug aus der Sicherheitsversorgung der Europ\u00e4er hinaus. Gleichzeitig sollen die Europ\u00e4er mit harten Bandagen angefasst werden, um ihre miserable Eigenst\u00e4ndigkeit in Bezug auf Ausgaben, Waffenherstellung und die Aufstellung eigener modernisierter Armeen zu f\u00f6rdern. Nicht zuletzt w\u00fcrden die USA zwar in der NATO bleiben, aber die Europ\u00e4er dazu dr\u00e4ngen, die Organisation zu f\u00fchren \u2013 und nat\u00fcrlich auch zu finanzieren. F\u00fcr Washington w\u00e4re das das Beste aus beiden Welten: kein Austritt oder keine Aufl\u00f6sung der NATO, ein Fu\u00df in der T\u00fcr und ein Platz am Tisch, aber nicht mehr die Notwendigkeit, sie zum Funktionieren zu bringen.<\/p>\n<p>F\u00fcr die USA verweisen Logan und Shifrinson auf die gro\u00dfen Vorteile einer solchen Politik vor dem Hintergrund einer, wie wir in den 1990er Jahren zu sagen pflegten, &#8220;imperialen \u00dcberdehnung&#8221;. Ein Land, das &#8220;auf 35 Billionen Dollar Schulden, ein j\u00e4hrliches Haushaltsdefizit von 1,5 Billionen Dollar, eine wachsende Herausforderung in Asien und ausgepr\u00e4gte politische Spaltungen starrt &#8230; ohne Anzeichen f\u00fcr eine Verbesserung der Haushaltslage oder Anzeichen daf\u00fcr, dass der innenpolitische Druck nachl\u00e4sst&#8221;, sollte aufhorchen, wenn es darauf hingewiesen wird, dass die gesch\u00e4tzten &#8220;Haushaltseinsparungen durch den Verzicht auf die konventionelle Abschreckungsmission in Europa&#8221; mindestens 70\u201380 Milliarden Dollar pro Jahr betragen w\u00fcrden. Ganz zu schweigen von der Verringerung der milit\u00e4rischen Risiken, der politischen Kopfschmerzen und \u2013 seien wir ehrlich \u2013 der Anf\u00e4lligkeit f\u00fcr wiederkehrendes Genervtsein von Europa.<\/p>\n<p>So weit, so plausibel. In mancher Hinsicht ist es schwer, diesem Argument zu widersprechen. Ja, die USA sollten sich aus Europa zur\u00fcckziehen, und ja, das w\u00e4re auch f\u00fcr Europa gut. Und wenn schon, dann sollte sich Washington noch gr\u00fcndlicher zur\u00fcckziehen, als Logan und Shifrinson vorschlagen. Sie haben auch Recht, dass dieser R\u00fcckzug der USA aus der Vorherrschaft in Europa sp\u00e4testens 1991 h\u00e4tte beginnen m\u00fcssen. Das h\u00e4tte uns allen viele peinliche Ergebnisse und blutigen \u00c4rger erspart, einschlie\u00dflich Kaja Kallas als de facto EU-Au\u00dfenminister und den Krieg in und um die Ukraine.<\/p>\n<p>Apropos, der Zeitpunkt dieses Artikels in <em>Foreign Affairs<\/em> ist\u00a0freilich auch von Bedeutung. Was diesen Krieg betrifft, so implizieren Logan und Shifrinson nat\u00fcrlich, dass er auch den Europ\u00e4ern \u00fcberlassen w\u00fcrde, was eine andere Art ist zu sagen, dass die USA ihre Verluste begrenzen und die Ukraine verlieren lassen sollten (was sie ohnehin tun werden). Das ist eine Position, die sich mit dem deckt, was wir \u00fcber das Denken des Pr\u00e4sidentschaftskandidaten Donald Trump wissen (was\u00a0freilich nicht unbedingt zuverl\u00e4ssig ist).<\/p>\n<p>Doch seit die Demokraten sich endlich von der B\u00fcrde des offensichtlich senilen Kandidaten Joe Biden befreit haben, ist es nicht mehr so einfach, vorherzusagen, wer die Pr\u00e4sidentschaftswahlen im November gewinnen wird. W\u00e4re ein Sieg Trumps immer noch eine ausgemachte Sache, wie es fr\u00fcher der Fall war, w\u00e4re es leicht vorherzusagen, dass Logans und Shifrinsons allgemeiner Aufruf, die Europ\u00e4er nicht l\u00e4nger zu verh\u00e4tscheln (um Harry Truman zu paraphrasieren), auch bei einer k\u00fcnftigen Administration Anklang finden wird. Aber selbst unter einer Pr\u00e4sidentschaft von Kamala Harris w\u00fcrde der Druck der wirtschaftlichen \u00dcberlastung und der innenpolitischen Polarisierung anhalten. Eines ist sicher: Die Frage nach einem R\u00fcckzug der USA aus Europa wird sich nicht von selbst erledigen.<\/p>\n<p>Bei aller Scharfsinnigkeit, die sie an den Tag legen, hat die Argumentation von Logan und Shifrinson jedoch auch etwas seltsam Altbackenes. Auch wenn sie eine Alternative zum derzeitigen amerikanischen Mainstream formulieren, ist ihre Analyse\u00a0\u2013 zumindest so weit sie in ihrem <em>Foreign Affairs<\/em>-Artikel geht\u00a0\u2013 seltsam &#8220;eurozentrisch&#8221; und eng &#8220;transatlantisch&#8221;. Sie versprechen, dass die Freisetzung von US-Ressourcen in Europa diese f\u00fcr &#8220;Asien&#8221; verf\u00fcgbar machen w\u00fcrde. Aber es scheint, als w\u00fcrden sie zwei wichtige Entwicklungen des letzten Vierteljahrhunderts au\u00dfer Acht lassen: die Entstehung einer neuen multipolaren Ordnung und das Entstehen eines de facto chinesisch-russischen B\u00fcndnisses. Nimmt man BRICS+-M\u00e4chte wie Indien hinzu, so zeichnen sich die Umrisse eines k\u00fcnftigen geopolitischen Pols ab, der nicht nur durch wirtschaftliche und milit\u00e4rische St\u00e4rke, sondern auch durch st\u00e4ndig wachsende Anziehungskraft gekennzeichnet ist.<\/p>\n<p>Mit anderen Worten: Der Raum, um den es eigentlich geht, ist Eurasien, nicht Europa. Und obwohl es stimmt, dass traditionelle oder ehemalige europ\u00e4ische Gro\u00dfm\u00e4chte wie Gro\u00dfbritannien, Frankreich und Deutschland kaum die F\u00e4higkeit zur Hegemonie entwickeln werden (was, insbesondere unter realistischen Pr\u00e4missen, die Absichten \u00fcbertrumpft), w\u00fcrde ein marginalisiertes Europa in einer Welt mit einer neuen eurasischen Hegemonie nicht einmal abseits bleiben wollen; stattdessen w\u00fcrden seine Eliten lernen, ihre Loyalit\u00e4ten zu verlagern. In einem solchen Szenario w\u00fcrden die USA Europa jedoch nicht nur verlassen, sondern verlieren. Der von Logan und Shifrinson vorgestellte Endzustand, in dem Amerika nicht mehr gezwungen ist, Europa zu verteidigen, und ein neues, selbst\u00e4ndiges Europa dennoch sicher an der Seite Washingtons bleibt, wird wahrscheinlich nur eine \u00dcbergangsphase sein. Und das sollte es auch sein.<\/p>\n<p><em>\u00dcbersetzt aus dem <a rel=\"nofollow noopener\" target=\"_blank\" href=\"https:\/\/rurtnews.com\/news\/602695-us-abandon-europe-nato\/\">Englischen<\/a>.<\/em><\/p>\n<p><em><strong>Tarik Cyril Amar<\/strong>\u00a0ist Historiker an der Ko\u00e7-Universit\u00e4t in Istanbul. Er befasst sich mit Russland, der Ukraine und Osteuropa, der Geschichte des Zweiten Weltkriegs, dem kulturellen Kalten Krieg und der Erinnerungspolitik. Man findet ihn auf X unter\u00a0<a rel=\"nofollow noopener\" target=\"_blank\" href=\"https:\/\/twitter.com\/tarikcyrilamar\">@tarikcyrilamar<\/a>.<\/em><\/p>\n<p><strong>Mehr zum Thema<\/strong> &#8211; <a rel=\"nofollow noopener\" target=\"_blank\" href=\"https:\/\/dert.tech\/international\/215862-wie-ueberzeugt-man-putin-dass\/\">Wie \u00fcberzeugt man Putin, dass der Westen in der Ukraine l\u00e4nger durchh\u00e4lt als Russland?<\/a><\/p>\n<\/div>\n<p><script async src=\"https:\/\/platform.twitter.com\/widgets.js\" charset=\"utf-8\"><\/script><br \/>\n<br \/><br \/>\n<br \/><a href=\"https:\/\/de.rt.com\/nordamerika\/216287-im-allerbesten-eigeninteresse-bislang-undenkbare\/\">Source link <\/a><\/p>\n","protected":false},"excerpt":{"rendered":"<p>Auch wenn die nachfolgend skizzierten Ansichten des US-amerikanischen Politik-Establishments bisher nur die Meinung einer Minderheit darstellen: Dahinter kommt eine erfrischende Idee zum Vorschein. Diese neue Idee sollte jedoch den ersten Schritt zu einer umfassenden Neuordnung darstellen. Von Tarik Cyril Amar Foreign Affairs hat einen bemerkenswerten Artikel ver\u00f6ffentlicht. Unter dem Titel &#8220;A Post-American Europe: It&#8217;s Time [&hellip;]<\/p>\n","protected":false},"author":3,"featured_media":67160,"comment_status":"open","ping_status":"open","sticky":false,"template":"","format":"standard","meta":{"_yoast_indexnow_last_ping":["1724230835"],"wp_automatic_camp":["217"],"d47f1c6d9d77c214a61c0dff4501d03d":["Sollten die USA Europa aufgeben?  Im allerbesten Eigeninteresse wird auch das Undenkbare gedacht"],"original_link":["https:\/\/de.rt.com\/nordamerika\/216287-im-allerbesten-eigeninteresse-bislang-undenkbare\/"],"_thumbnail_id":["67160"],"_wptgpro_p2tg_sent2tg":["a:1:{i:23737;s:19:\"2024-08-21 11:01:53\";}"],"jnews_social_counter_last_update":["1777411156"]},"categories":[19,23],"tags":[57745,1475,22926,427,45,57746,1370,23965,4275,57747,193,374],"yoast_head":"<!-- This site is optimized with the Yoast SEO Premium plugin v22.7 (Yoast SEO v22.7) - https:\/\/yoast.com\/wordpress\/plugins\/seo\/ -->\n<title>Sollten die USA Europa aufgeben? Im allerbesten Eigeninteresse wird auch das Undenkbare gedacht - just-now.NEWS Deutschland<\/title>\n<meta name=\"robots\" content=\"index, follow, max-snippet:-1, max-image-preview:large, max-video-preview:-1\" \/>\n<link rel=\"canonical\" href=\"https:\/\/now-news.de\/de\/deutschland\/sollten-die-usa-europa-aufgeben-im-allerbesten-eigeninteresse-wird-auch-das-undenkbare-gedacht\/\" \/>\n<meta property=\"og:locale\" content=\"de_DE\" \/>\n<meta property=\"og:type\" content=\"article\" \/>\n<meta property=\"og:title\" content=\"Sollten die USA Europa aufgeben? Im allerbesten Eigeninteresse wird auch das Undenkbare gedacht\" \/>\n<meta property=\"og:description\" content=\"Auch wenn die nachfolgend skizzierten Ansichten des US-amerikanischen Politik-Establishments bisher nur die Meinung einer Minderheit darstellen: Dahinter kommt eine erfrischende Idee zum Vorschein. Diese neue Idee sollte jedoch den ersten Schritt zu einer umfassenden Neuordnung darstellen. Von Tarik Cyril Amar Foreign Affairs hat einen bemerkenswerten Artikel ver\u00f6ffentlicht. Unter dem Titel &#8220;A Post-American Europe: It&#8217;s Time [&hellip;]\" \/>\n<meta property=\"og:url\" content=\"https:\/\/now-news.de\/de\/deutschland\/sollten-die-usa-europa-aufgeben-im-allerbesten-eigeninteresse-wird-auch-das-undenkbare-gedacht\/\" \/>\n<meta property=\"og:site_name\" content=\"just-now.NEWS Deutschland\" \/>\n<meta property=\"article:publisher\" content=\"https:\/\/www.facebook.com\/wirmachenauf\" \/>\n<meta property=\"article:published_time\" content=\"2024-08-21T08:44:59+00:00\" \/>\n<meta property=\"og:image\" content=\"https:\/\/now-news.de\/de\/wp-content\/uploads\/sites\/3\/2024\/08\/66c4e34048fbef7f006e1cbe.jpg\" \/>\n<meta name=\"author\" content=\"rtnews\" \/>\n<meta name=\"twitter:card\" content=\"summary_large_image\" \/>\n<meta name=\"twitter:creator\" content=\"@WirMachenAuf_de\" \/>\n<meta name=\"twitter:site\" content=\"@WirMachenAuf_de\" \/>\n<meta name=\"twitter:label1\" content=\"Verfasst von\" \/>\n\t<meta name=\"twitter:data1\" content=\"rtnews\" \/>\n\t<meta name=\"twitter:label2\" content=\"Gesch\u00e4tzte Lesezeit\" \/>\n\t<meta name=\"twitter:data2\" content=\"8\u00a0Minuten\" \/>\n<script type=\"application\/ld+json\" class=\"yoast-schema-graph\">{\"@context\":\"https:\/\/schema.org\",\"@graph\":[{\"@type\":\"Article\",\"@id\":\"https:\/\/now-news.de\/de\/deutschland\/sollten-die-usa-europa-aufgeben-im-allerbesten-eigeninteresse-wird-auch-das-undenkbare-gedacht\/#article\",\"isPartOf\":{\"@id\":\"https:\/\/now-news.de\/de\/deutschland\/sollten-die-usa-europa-aufgeben-im-allerbesten-eigeninteresse-wird-auch-das-undenkbare-gedacht\/\"},\"author\":{\"name\":\"rtnews\",\"@id\":\"https:\/\/now-news.de\/de\/#\/schema\/person\/fb534a4e865501d8b3285208df34a9b5\"},\"headline\":\"Sollten die USA Europa aufgeben? Im allerbesten Eigeninteresse wird auch das Undenkbare gedacht\",\"datePublished\":\"2024-08-21T08:44:59+00:00\",\"dateModified\":\"2024-08-21T08:44:59+00:00\",\"mainEntityOfPage\":{\"@id\":\"https:\/\/now-news.de\/de\/deutschland\/sollten-die-usa-europa-aufgeben-im-allerbesten-eigeninteresse-wird-auch-das-undenkbare-gedacht\/\"},\"wordCount\":1650,\"commentCount\":0,\"publisher\":{\"@id\":\"https:\/\/now-news.de\/de\/#organization\"},\"image\":{\"@id\":\"https:\/\/now-news.de\/de\/deutschland\/sollten-die-usa-europa-aufgeben-im-allerbesten-eigeninteresse-wird-auch-das-undenkbare-gedacht\/#primaryimage\"},\"thumbnailUrl\":\"https:\/\/now-news.de\/de\/wp-content\/uploads\/sites\/3\/2024\/08\/Sollten-die-USA-Europa-aufgeben-Im-allerbesten-Eigeninteresse-wird-auch.jpg\",\"keywords\":[\"allerbesten\",\"auch\",\"Aufgeben\",\"das\",\"die\",\"Eigeninteresse\",\"Europa\",\"gedacht\",\"sollten\",\"Undenkbare\",\"USA\",\"wird\"],\"articleSection\":[\"Deutschland\",\"Russland\"],\"inLanguage\":\"de\",\"potentialAction\":[{\"@type\":\"CommentAction\",\"name\":\"Comment\",\"target\":[\"https:\/\/now-news.de\/de\/deutschland\/sollten-die-usa-europa-aufgeben-im-allerbesten-eigeninteresse-wird-auch-das-undenkbare-gedacht\/#respond\"]}]},{\"@type\":\"WebPage\",\"@id\":\"https:\/\/now-news.de\/de\/deutschland\/sollten-die-usa-europa-aufgeben-im-allerbesten-eigeninteresse-wird-auch-das-undenkbare-gedacht\/\",\"url\":\"https:\/\/now-news.de\/de\/deutschland\/sollten-die-usa-europa-aufgeben-im-allerbesten-eigeninteresse-wird-auch-das-undenkbare-gedacht\/\",\"name\":\"Sollten die USA Europa aufgeben? Im allerbesten Eigeninteresse wird auch das Undenkbare gedacht - just-now.NEWS Deutschland\",\"isPartOf\":{\"@id\":\"https:\/\/now-news.de\/de\/#website\"},\"primaryImageOfPage\":{\"@id\":\"https:\/\/now-news.de\/de\/deutschland\/sollten-die-usa-europa-aufgeben-im-allerbesten-eigeninteresse-wird-auch-das-undenkbare-gedacht\/#primaryimage\"},\"image\":{\"@id\":\"https:\/\/now-news.de\/de\/deutschland\/sollten-die-usa-europa-aufgeben-im-allerbesten-eigeninteresse-wird-auch-das-undenkbare-gedacht\/#primaryimage\"},\"thumbnailUrl\":\"https:\/\/now-news.de\/de\/wp-content\/uploads\/sites\/3\/2024\/08\/Sollten-die-USA-Europa-aufgeben-Im-allerbesten-Eigeninteresse-wird-auch.jpg\",\"datePublished\":\"2024-08-21T08:44:59+00:00\",\"dateModified\":\"2024-08-21T08:44:59+00:00\",\"breadcrumb\":{\"@id\":\"https:\/\/now-news.de\/de\/deutschland\/sollten-die-usa-europa-aufgeben-im-allerbesten-eigeninteresse-wird-auch-das-undenkbare-gedacht\/#breadcrumb\"},\"inLanguage\":\"de\",\"potentialAction\":[{\"@type\":\"ReadAction\",\"target\":[\"https:\/\/now-news.de\/de\/deutschland\/sollten-die-usa-europa-aufgeben-im-allerbesten-eigeninteresse-wird-auch-das-undenkbare-gedacht\/\"]}]},{\"@type\":\"ImageObject\",\"inLanguage\":\"de\",\"@id\":\"https:\/\/now-news.de\/de\/deutschland\/sollten-die-usa-europa-aufgeben-im-allerbesten-eigeninteresse-wird-auch-das-undenkbare-gedacht\/#primaryimage\",\"url\":\"https:\/\/now-news.de\/de\/wp-content\/uploads\/sites\/3\/2024\/08\/Sollten-die-USA-Europa-aufgeben-Im-allerbesten-Eigeninteresse-wird-auch.jpg\",\"contentUrl\":\"https:\/\/now-news.de\/de\/wp-content\/uploads\/sites\/3\/2024\/08\/Sollten-die-USA-Europa-aufgeben-Im-allerbesten-Eigeninteresse-wird-auch.jpg\",\"width\":460,\"height\":259,\"caption\":\"Sollten die USA Europa aufgeben? Im allerbesten Eigeninteresse wird auch das Undenkbare gedacht\"},{\"@type\":\"BreadcrumbList\",\"@id\":\"https:\/\/now-news.de\/de\/deutschland\/sollten-die-usa-europa-aufgeben-im-allerbesten-eigeninteresse-wird-auch-das-undenkbare-gedacht\/#breadcrumb\",\"itemListElement\":[{\"@type\":\"ListItem\",\"position\":1,\"name\":\"Home\",\"item\":\"https:\/\/now-news.de\/de\/\"},{\"@type\":\"ListItem\",\"position\":2,\"name\":\"Sollten die USA Europa aufgeben? Im allerbesten Eigeninteresse wird auch das Undenkbare gedacht\"}]},{\"@type\":\"WebSite\",\"@id\":\"https:\/\/now-news.de\/de\/#website\",\"url\":\"https:\/\/now-news.de\/de\/\",\"name\":\"just-now.NEWS Deutschland\",\"description\":\"Das Portal f\u00fcr unzensierte Nachrichten aus der Welt\",\"publisher\":{\"@id\":\"https:\/\/now-news.de\/de\/#organization\"},\"potentialAction\":[{\"@type\":\"SearchAction\",\"target\":{\"@type\":\"EntryPoint\",\"urlTemplate\":\"https:\/\/now-news.de\/de\/?s={search_term_string}\"},\"query-input\":\"required name=search_term_string\"}],\"inLanguage\":\"de\"},{\"@type\":\"Organization\",\"@id\":\"https:\/\/now-news.de\/de\/#organization\",\"name\":\"Just Now News\",\"url\":\"https:\/\/now-news.de\/de\/\",\"logo\":{\"@type\":\"ImageObject\",\"inLanguage\":\"de\",\"@id\":\"https:\/\/now-news.de\/de\/#\/schema\/logo\/image\/\",\"url\":\"http:\/\/just-now.news\/de\/wp-content\/uploads\/sites\/3\/2022\/04\/logo500x500.jpg\",\"contentUrl\":\"http:\/\/just-now.news\/de\/wp-content\/uploads\/sites\/3\/2022\/04\/logo500x500.jpg\",\"width\":500,\"height\":500,\"caption\":\"Just Now News\"},\"image\":{\"@id\":\"https:\/\/now-news.de\/de\/#\/schema\/logo\/image\/\"},\"sameAs\":[\"https:\/\/www.facebook.com\/wirmachenauf\",\"https:\/\/x.com\/WirMachenAuf_de\"]},{\"@type\":\"Person\",\"@id\":\"https:\/\/now-news.de\/de\/#\/schema\/person\/fb534a4e865501d8b3285208df34a9b5\",\"name\":\"rtnews\",\"image\":{\"@type\":\"ImageObject\",\"inLanguage\":\"de\",\"@id\":\"https:\/\/now-news.de\/de\/#\/schema\/person\/image\/\",\"url\":\"https:\/\/secure.gravatar.com\/avatar\/82aafea7d8127119dd649515f56e2117?s=96&d=mm&r=g\",\"contentUrl\":\"https:\/\/secure.gravatar.com\/avatar\/82aafea7d8127119dd649515f56e2117?s=96&d=mm&r=g\",\"caption\":\"rtnews\"},\"url\":\"https:\/\/now-news.de\/de\/author\/rnews\/\"}]}<\/script>\n<!-- \/ Yoast SEO Premium plugin. -->","yoast_head_json":{"title":"Sollten die USA Europa aufgeben? Im allerbesten Eigeninteresse wird auch das Undenkbare gedacht - just-now.NEWS Deutschland","robots":{"index":"index","follow":"follow","max-snippet":"max-snippet:-1","max-image-preview":"max-image-preview:large","max-video-preview":"max-video-preview:-1"},"canonical":"https:\/\/now-news.de\/de\/deutschland\/sollten-die-usa-europa-aufgeben-im-allerbesten-eigeninteresse-wird-auch-das-undenkbare-gedacht\/","og_locale":"de_DE","og_type":"article","og_title":"Sollten die USA Europa aufgeben? Im allerbesten Eigeninteresse wird auch das Undenkbare gedacht","og_description":"Auch wenn die nachfolgend skizzierten Ansichten des US-amerikanischen Politik-Establishments bisher nur die Meinung einer Minderheit darstellen: Dahinter kommt eine erfrischende Idee zum Vorschein. Diese neue Idee sollte jedoch den ersten Schritt zu einer umfassenden Neuordnung darstellen. Von Tarik Cyril Amar Foreign Affairs hat einen bemerkenswerten Artikel ver\u00f6ffentlicht. Unter dem Titel &#8220;A Post-American Europe: It&#8217;s Time [&hellip;]","og_url":"https:\/\/now-news.de\/de\/deutschland\/sollten-die-usa-europa-aufgeben-im-allerbesten-eigeninteresse-wird-auch-das-undenkbare-gedacht\/","og_site_name":"just-now.NEWS Deutschland","article_publisher":"https:\/\/www.facebook.com\/wirmachenauf","article_published_time":"2024-08-21T08:44:59+00:00","og_image":[{"url":"https:\/\/now-news.de\/de\/wp-content\/uploads\/sites\/3\/2024\/08\/66c4e34048fbef7f006e1cbe.jpg"}],"author":"rtnews","twitter_card":"summary_large_image","twitter_creator":"@WirMachenAuf_de","twitter_site":"@WirMachenAuf_de","twitter_misc":{"Verfasst von":"rtnews","Gesch\u00e4tzte Lesezeit":"8\u00a0Minuten"},"schema":{"@context":"https:\/\/schema.org","@graph":[{"@type":"Article","@id":"https:\/\/now-news.de\/de\/deutschland\/sollten-die-usa-europa-aufgeben-im-allerbesten-eigeninteresse-wird-auch-das-undenkbare-gedacht\/#article","isPartOf":{"@id":"https:\/\/now-news.de\/de\/deutschland\/sollten-die-usa-europa-aufgeben-im-allerbesten-eigeninteresse-wird-auch-das-undenkbare-gedacht\/"},"author":{"name":"rtnews","@id":"https:\/\/now-news.de\/de\/#\/schema\/person\/fb534a4e865501d8b3285208df34a9b5"},"headline":"Sollten die USA Europa aufgeben? Im allerbesten Eigeninteresse wird auch das Undenkbare gedacht","datePublished":"2024-08-21T08:44:59+00:00","dateModified":"2024-08-21T08:44:59+00:00","mainEntityOfPage":{"@id":"https:\/\/now-news.de\/de\/deutschland\/sollten-die-usa-europa-aufgeben-im-allerbesten-eigeninteresse-wird-auch-das-undenkbare-gedacht\/"},"wordCount":1650,"commentCount":0,"publisher":{"@id":"https:\/\/now-news.de\/de\/#organization"},"image":{"@id":"https:\/\/now-news.de\/de\/deutschland\/sollten-die-usa-europa-aufgeben-im-allerbesten-eigeninteresse-wird-auch-das-undenkbare-gedacht\/#primaryimage"},"thumbnailUrl":"https:\/\/now-news.de\/de\/wp-content\/uploads\/sites\/3\/2024\/08\/Sollten-die-USA-Europa-aufgeben-Im-allerbesten-Eigeninteresse-wird-auch.jpg","keywords":["allerbesten","auch","Aufgeben","das","die","Eigeninteresse","Europa","gedacht","sollten","Undenkbare","USA","wird"],"articleSection":["Deutschland","Russland"],"inLanguage":"de","potentialAction":[{"@type":"CommentAction","name":"Comment","target":["https:\/\/now-news.de\/de\/deutschland\/sollten-die-usa-europa-aufgeben-im-allerbesten-eigeninteresse-wird-auch-das-undenkbare-gedacht\/#respond"]}]},{"@type":"WebPage","@id":"https:\/\/now-news.de\/de\/deutschland\/sollten-die-usa-europa-aufgeben-im-allerbesten-eigeninteresse-wird-auch-das-undenkbare-gedacht\/","url":"https:\/\/now-news.de\/de\/deutschland\/sollten-die-usa-europa-aufgeben-im-allerbesten-eigeninteresse-wird-auch-das-undenkbare-gedacht\/","name":"Sollten die USA Europa aufgeben? Im allerbesten Eigeninteresse wird auch das Undenkbare gedacht - just-now.NEWS Deutschland","isPartOf":{"@id":"https:\/\/now-news.de\/de\/#website"},"primaryImageOfPage":{"@id":"https:\/\/now-news.de\/de\/deutschland\/sollten-die-usa-europa-aufgeben-im-allerbesten-eigeninteresse-wird-auch-das-undenkbare-gedacht\/#primaryimage"},"image":{"@id":"https:\/\/now-news.de\/de\/deutschland\/sollten-die-usa-europa-aufgeben-im-allerbesten-eigeninteresse-wird-auch-das-undenkbare-gedacht\/#primaryimage"},"thumbnailUrl":"https:\/\/now-news.de\/de\/wp-content\/uploads\/sites\/3\/2024\/08\/Sollten-die-USA-Europa-aufgeben-Im-allerbesten-Eigeninteresse-wird-auch.jpg","datePublished":"2024-08-21T08:44:59+00:00","dateModified":"2024-08-21T08:44:59+00:00","breadcrumb":{"@id":"https:\/\/now-news.de\/de\/deutschland\/sollten-die-usa-europa-aufgeben-im-allerbesten-eigeninteresse-wird-auch-das-undenkbare-gedacht\/#breadcrumb"},"inLanguage":"de","potentialAction":[{"@type":"ReadAction","target":["https:\/\/now-news.de\/de\/deutschland\/sollten-die-usa-europa-aufgeben-im-allerbesten-eigeninteresse-wird-auch-das-undenkbare-gedacht\/"]}]},{"@type":"ImageObject","inLanguage":"de","@id":"https:\/\/now-news.de\/de\/deutschland\/sollten-die-usa-europa-aufgeben-im-allerbesten-eigeninteresse-wird-auch-das-undenkbare-gedacht\/#primaryimage","url":"https:\/\/now-news.de\/de\/wp-content\/uploads\/sites\/3\/2024\/08\/Sollten-die-USA-Europa-aufgeben-Im-allerbesten-Eigeninteresse-wird-auch.jpg","contentUrl":"https:\/\/now-news.de\/de\/wp-content\/uploads\/sites\/3\/2024\/08\/Sollten-die-USA-Europa-aufgeben-Im-allerbesten-Eigeninteresse-wird-auch.jpg","width":460,"height":259,"caption":"Sollten die USA Europa aufgeben? Im allerbesten Eigeninteresse wird auch das Undenkbare gedacht"},{"@type":"BreadcrumbList","@id":"https:\/\/now-news.de\/de\/deutschland\/sollten-die-usa-europa-aufgeben-im-allerbesten-eigeninteresse-wird-auch-das-undenkbare-gedacht\/#breadcrumb","itemListElement":[{"@type":"ListItem","position":1,"name":"Home","item":"https:\/\/now-news.de\/de\/"},{"@type":"ListItem","position":2,"name":"Sollten die USA Europa aufgeben? Im allerbesten Eigeninteresse wird auch das Undenkbare gedacht"}]},{"@type":"WebSite","@id":"https:\/\/now-news.de\/de\/#website","url":"https:\/\/now-news.de\/de\/","name":"just-now.NEWS Deutschland","description":"Das Portal f\u00fcr unzensierte Nachrichten aus der Welt","publisher":{"@id":"https:\/\/now-news.de\/de\/#organization"},"potentialAction":[{"@type":"SearchAction","target":{"@type":"EntryPoint","urlTemplate":"https:\/\/now-news.de\/de\/?s={search_term_string}"},"query-input":"required name=search_term_string"}],"inLanguage":"de"},{"@type":"Organization","@id":"https:\/\/now-news.de\/de\/#organization","name":"Just Now News","url":"https:\/\/now-news.de\/de\/","logo":{"@type":"ImageObject","inLanguage":"de","@id":"https:\/\/now-news.de\/de\/#\/schema\/logo\/image\/","url":"http:\/\/just-now.news\/de\/wp-content\/uploads\/sites\/3\/2022\/04\/logo500x500.jpg","contentUrl":"http:\/\/just-now.news\/de\/wp-content\/uploads\/sites\/3\/2022\/04\/logo500x500.jpg","width":500,"height":500,"caption":"Just Now News"},"image":{"@id":"https:\/\/now-news.de\/de\/#\/schema\/logo\/image\/"},"sameAs":["https:\/\/www.facebook.com\/wirmachenauf","https:\/\/x.com\/WirMachenAuf_de"]},{"@type":"Person","@id":"https:\/\/now-news.de\/de\/#\/schema\/person\/fb534a4e865501d8b3285208df34a9b5","name":"rtnews","image":{"@type":"ImageObject","inLanguage":"de","@id":"https:\/\/now-news.de\/de\/#\/schema\/person\/image\/","url":"https:\/\/secure.gravatar.com\/avatar\/82aafea7d8127119dd649515f56e2117?s=96&d=mm&r=g","contentUrl":"https:\/\/secure.gravatar.com\/avatar\/82aafea7d8127119dd649515f56e2117?s=96&d=mm&r=g","caption":"rtnews"},"url":"https:\/\/now-news.de\/de\/author\/rnews\/"}]}},"_links":{"self":[{"href":"https:\/\/now-news.de\/de\/wp-json\/wp\/v2\/posts\/67159"}],"collection":[{"href":"https:\/\/now-news.de\/de\/wp-json\/wp\/v2\/posts"}],"about":[{"href":"https:\/\/now-news.de\/de\/wp-json\/wp\/v2\/types\/post"}],"author":[{"embeddable":true,"href":"https:\/\/now-news.de\/de\/wp-json\/wp\/v2\/users\/3"}],"replies":[{"embeddable":true,"href":"https:\/\/now-news.de\/de\/wp-json\/wp\/v2\/comments?post=67159"}],"version-history":[{"count":0,"href":"https:\/\/now-news.de\/de\/wp-json\/wp\/v2\/posts\/67159\/revisions"}],"wp:featuredmedia":[{"embeddable":true,"href":"https:\/\/now-news.de\/de\/wp-json\/wp\/v2\/media\/67160"}],"wp:attachment":[{"href":"https:\/\/now-news.de\/de\/wp-json\/wp\/v2\/media?parent=67159"}],"wp:term":[{"taxonomy":"category","embeddable":true,"href":"https:\/\/now-news.de\/de\/wp-json\/wp\/v2\/categories?post=67159"},{"taxonomy":"post_tag","embeddable":true,"href":"https:\/\/now-news.de\/de\/wp-json\/wp\/v2\/tags?post=67159"}],"curies":[{"name":"wp","href":"https:\/\/api.w.org\/{rel}","templated":true}]}}