{"id":67153,"date":"2024-08-21T09:21:50","date_gmt":"2024-08-21T07:21:50","guid":{"rendered":"https:\/\/now-news.de\/de\/deutschland\/mann-im-frankfurter-hauptbahnhof-erschossen\/"},"modified":"2024-08-21T09:21:50","modified_gmt":"2024-08-21T07:21:50","slug":"mann-im-frankfurter-hauptbahnhof-erschossen","status":"publish","type":"post","link":"https:\/\/now-news.de\/de\/deutschland\/mann-im-frankfurter-hauptbahnhof-erschossen\/","title":{"rendered":"Mann im Frankfurter Hauptbahnhof erschossen"},"content":{"rendered":"<p><img decoding=\"async\" src=\"https:\/\/now-news.de\/de\/wp-content\/uploads\/sites\/3\/2024\/08\/66c585a5b480cc34a011a1ad.jpg\" \/><\/p>\n<div class=\"Text-root Text-type_1 \">\n                Im Frankfurter Hauptbahnhof ist am Dienstagabend ein Mann erschossen worden. Der mutma\u00dfliche T\u00e4ter konnte festgenommen werden. Durch den Gro\u00dfeinsatz der Polizei war der Zugverkehr f\u00fcr kurze Zeit unterbrochen. Die Hintergr\u00fcnde der Tat sind unklar.\n            <\/div>\n<p><\/p>\n<div class=\"Text-root Text-type_5 ArticleView-text ViewText-root \">\n<p>Am\u00a0Hauptbahnhof von Frankfurt am Main ist am Dienstagabend ein Mann erschossen worden. Wie ein Polizeisprecher mitteilte, ereignete sich das T\u00f6tungsdelikt gegen 21 Uhr vor einem Gleis mitten im Bahnhof.<\/p>\n<p>Der mutma\u00dfliche T\u00e4ter\u00a0versuchte\u00a0demnach zu fliehen. Die Bundespolizei habe ihn aber wenige Meter vom Tatort festnehmen k\u00f6nnen. Der Mann soll am Mittwochvormittag einem Haftrichter vorgef\u00fchrt werden.<\/p>\n<p>Zu den Hintergr\u00fcnden der Tat gab es zun\u00e4chst keine Angaben. Auch zur Identit\u00e4t von T\u00e4ter und Opfer\u00a0\u00e4u\u00dferte sich\u00a0die Polizei\u00a0vorerst nicht weiter. T\u00e4ter und Opfer seien identifiziert, weitere Einzelheiten w\u00fcrden im Laufe des Tages bekanntgegeben.<\/p>\n<p>Wegen des Polizeieinsatzes war der Frankfurter Hauptbahnhof am Dienstagabend f\u00fcr Z\u00fcge und Passagiere etwa 25 Minuten lang gesperrt. Nach Aufhebung der Sperrung lief der Einsatz weiter: Die Spurensicherung und die Mordkommission waren f\u00fcr Ermittlungen vor Ort. Gegen 4:30 Uhr wurde der Einsatz nach Angaben der Bundespolizei beendet und auch der betroffene Bereich um den Tatort wieder freigegeben.<\/p>\n<p><strong>Mehr zum Thema<\/strong> &#8211; <a rel=\"nofollow noopener\" target=\"_blank\" href=\"https:\/\/freedert.online\/inland\/213063-niedersachen-18-jaehriger-asylbewerber-tritt-familienvater-in-den-tod\/\">Niedersachsen: 18-j\u00e4hriger Asylbewerber tritt Familienvater in den Tod<\/a><\/p>\n<div class=\"EmbedBlock-root EmbedBlock-externalVideo EmbedBlock-rumble\">\n<div class=\"VkEmbed\"><iframe class=\"lazyload\" data-src=\"https:\/\/rumble.com\/embed\/v5734sd\" frameborder=\"0\" width=\"853\" height=\"480\" allowfullscreen><\/iframe><\/div>\n<\/div>\n<\/div>\n<p><br \/>\n<br \/><a href=\"https:\/\/de.rt.com\/inland\/216306-mann-im-frankfurter-hauptbahnhof-erschossen\/\">Source link <\/a><\/p>\n","protected":false},"excerpt":{"rendered":"<p>Im Frankfurter Hauptbahnhof ist am Dienstagabend ein Mann erschossen worden. Der mutma\u00dfliche T\u00e4ter konnte festgenommen werden. Durch den Gro\u00dfeinsatz der Polizei war der Zugverkehr f\u00fcr kurze Zeit unterbrochen. Die Hintergr\u00fcnde der Tat sind unklar. Am\u00a0Hauptbahnhof von Frankfurt am Main ist am Dienstagabend ein Mann erschossen worden. Wie ein Polizeisprecher mitteilte, ereignete sich das T\u00f6tungsdelikt gegen [&hellip;]<\/p>\n","protected":false},"author":3,"featured_media":67154,"comment_status":"open","ping_status":"open","sticky":false,"template":"","format":"standard","meta":{"_yoast_indexnow_last_ping":["1724225088"],"wp_automatic_camp":["217"],"038caf5b5e9390febd3523a96f3557ef":["Mann im Frankfurter Hauptbahnhof erschossen"],"original_link":["https:\/\/de.rt.com\/inland\/216306-mann-im-frankfurter-hauptbahnhof-erschossen\/"],"_thumbnail_id":["67154"],"jnews_social_counter_last_update":["1776933701"],"_wptgpro_p2tg_sent2tg":["a:1:{i:23737;s:19:\"2024-08-21 09:26:00\";}"]},"categories":[19,23],"tags":[5189,26909,44864,8042],"yoast_head":"<!-- This site is optimized with the Yoast SEO Premium plugin v22.7 (Yoast SEO v22.7) - https:\/\/yoast.com\/wordpress\/plugins\/seo\/ -->\n<title>Mann im Frankfurter Hauptbahnhof erschossen - just-now.NEWS Deutschland<\/title>\n<meta name=\"robots\" content=\"index, follow, max-snippet:-1, max-image-preview:large, max-video-preview:-1\" \/>\n<link rel=\"canonical\" href=\"https:\/\/now-news.de\/de\/deutschland\/mann-im-frankfurter-hauptbahnhof-erschossen\/\" \/>\n<meta property=\"og:locale\" content=\"de_DE\" \/>\n<meta property=\"og:type\" content=\"article\" \/>\n<meta property=\"og:title\" content=\"Mann im Frankfurter Hauptbahnhof erschossen\" \/>\n<meta property=\"og:description\" content=\"Im Frankfurter Hauptbahnhof ist am Dienstagabend ein Mann erschossen worden. Der mutma\u00dfliche T\u00e4ter konnte festgenommen werden. Durch den Gro\u00dfeinsatz der Polizei war der Zugverkehr f\u00fcr kurze Zeit unterbrochen. Die Hintergr\u00fcnde der Tat sind unklar. Am\u00a0Hauptbahnhof von Frankfurt am Main ist am Dienstagabend ein Mann erschossen worden. Wie ein Polizeisprecher mitteilte, ereignete sich das T\u00f6tungsdelikt gegen [&hellip;]\" \/>\n<meta property=\"og:url\" content=\"https:\/\/now-news.de\/de\/deutschland\/mann-im-frankfurter-hauptbahnhof-erschossen\/\" \/>\n<meta property=\"og:site_name\" content=\"just-now.NEWS Deutschland\" \/>\n<meta property=\"article:publisher\" content=\"https:\/\/www.facebook.com\/wirmachenauf\" \/>\n<meta property=\"article:published_time\" content=\"2024-08-21T07:21:50+00:00\" \/>\n<meta property=\"og:image\" content=\"https:\/\/now-news.de\/de\/wp-content\/uploads\/sites\/3\/2024\/08\/66c585a5b480cc34a011a1ad.jpg\" \/>\n<meta name=\"author\" content=\"rtnews\" \/>\n<meta name=\"twitter:card\" content=\"summary_large_image\" \/>\n<meta name=\"twitter:creator\" content=\"@WirMachenAuf_de\" \/>\n<meta name=\"twitter:site\" content=\"@WirMachenAuf_de\" \/>\n<meta name=\"twitter:label1\" content=\"Verfasst von\" \/>\n\t<meta name=\"twitter:data1\" content=\"rtnews\" \/>\n\t<meta name=\"twitter:label2\" content=\"Gesch\u00e4tzte Lesezeit\" \/>\n\t<meta name=\"twitter:data2\" content=\"1\u00a0Minute\" \/>\n<script type=\"application\/ld+json\" class=\"yoast-schema-graph\">{\"@context\":\"https:\/\/schema.org\",\"@graph\":[{\"@type\":\"Article\",\"@id\":\"https:\/\/now-news.de\/de\/deutschland\/mann-im-frankfurter-hauptbahnhof-erschossen\/#article\",\"isPartOf\":{\"@id\":\"https:\/\/now-news.de\/de\/deutschland\/mann-im-frankfurter-hauptbahnhof-erschossen\/\"},\"author\":{\"name\":\"rtnews\",\"@id\":\"https:\/\/now-news.de\/de\/#\/schema\/person\/fb534a4e865501d8b3285208df34a9b5\"},\"headline\":\"Mann im Frankfurter Hauptbahnhof erschossen\",\"datePublished\":\"2024-08-21T07:21:50+00:00\",\"dateModified\":\"2024-08-21T07:21:50+00:00\",\"mainEntityOfPage\":{\"@id\":\"https:\/\/now-news.de\/de\/deutschland\/mann-im-frankfurter-hauptbahnhof-erschossen\/\"},\"wordCount\":223,\"commentCount\":0,\"publisher\":{\"@id\":\"https:\/\/now-news.de\/de\/#organization\"},\"image\":{\"@id\":\"https:\/\/now-news.de\/de\/deutschland\/mann-im-frankfurter-hauptbahnhof-erschossen\/#primaryimage\"},\"thumbnailUrl\":\"https:\/\/now-news.de\/de\/wp-content\/uploads\/sites\/3\/2024\/08\/Mann-im-Frankfurter-Hauptbahnhof-erschossen.jpg\",\"keywords\":[\"erschossen\",\"Frankfurter\",\"Hauptbahnhof\",\"Mann\"],\"articleSection\":[\"Deutschland\",\"Russland\"],\"inLanguage\":\"de\",\"potentialAction\":[{\"@type\":\"CommentAction\",\"name\":\"Comment\",\"target\":[\"https:\/\/now-news.de\/de\/deutschland\/mann-im-frankfurter-hauptbahnhof-erschossen\/#respond\"]}]},{\"@type\":\"WebPage\",\"@id\":\"https:\/\/now-news.de\/de\/deutschland\/mann-im-frankfurter-hauptbahnhof-erschossen\/\",\"url\":\"https:\/\/now-news.de\/de\/deutschland\/mann-im-frankfurter-hauptbahnhof-erschossen\/\",\"name\":\"Mann im Frankfurter Hauptbahnhof erschossen - just-now.NEWS Deutschland\",\"isPartOf\":{\"@id\":\"https:\/\/now-news.de\/de\/#website\"},\"primaryImageOfPage\":{\"@id\":\"https:\/\/now-news.de\/de\/deutschland\/mann-im-frankfurter-hauptbahnhof-erschossen\/#primaryimage\"},\"image\":{\"@id\":\"https:\/\/now-news.de\/de\/deutschland\/mann-im-frankfurter-hauptbahnhof-erschossen\/#primaryimage\"},\"thumbnailUrl\":\"https:\/\/now-news.de\/de\/wp-content\/uploads\/sites\/3\/2024\/08\/Mann-im-Frankfurter-Hauptbahnhof-erschossen.jpg\",\"datePublished\":\"2024-08-21T07:21:50+00:00\",\"dateModified\":\"2024-08-21T07:21:50+00:00\",\"breadcrumb\":{\"@id\":\"https:\/\/now-news.de\/de\/deutschland\/mann-im-frankfurter-hauptbahnhof-erschossen\/#breadcrumb\"},\"inLanguage\":\"de\",\"potentialAction\":[{\"@type\":\"ReadAction\",\"target\":[\"https:\/\/now-news.de\/de\/deutschland\/mann-im-frankfurter-hauptbahnhof-erschossen\/\"]}]},{\"@type\":\"ImageObject\",\"inLanguage\":\"de\",\"@id\":\"https:\/\/now-news.de\/de\/deutschland\/mann-im-frankfurter-hauptbahnhof-erschossen\/#primaryimage\",\"url\":\"https:\/\/now-news.de\/de\/wp-content\/uploads\/sites\/3\/2024\/08\/Mann-im-Frankfurter-Hauptbahnhof-erschossen.jpg\",\"contentUrl\":\"https:\/\/now-news.de\/de\/wp-content\/uploads\/sites\/3\/2024\/08\/Mann-im-Frankfurter-Hauptbahnhof-erschossen.jpg\",\"width\":460,\"height\":259,\"caption\":\"Mann im Frankfurter Hauptbahnhof erschossen\"},{\"@type\":\"BreadcrumbList\",\"@id\":\"https:\/\/now-news.de\/de\/deutschland\/mann-im-frankfurter-hauptbahnhof-erschossen\/#breadcrumb\",\"itemListElement\":[{\"@type\":\"ListItem\",\"position\":1,\"name\":\"Home\",\"item\":\"https:\/\/now-news.de\/de\/\"},{\"@type\":\"ListItem\",\"position\":2,\"name\":\"Mann im Frankfurter Hauptbahnhof erschossen\"}]},{\"@type\":\"WebSite\",\"@id\":\"https:\/\/now-news.de\/de\/#website\",\"url\":\"https:\/\/now-news.de\/de\/\",\"name\":\"just-now.NEWS Deutschland\",\"description\":\"Das Portal f\u00fcr unzensierte Nachrichten aus der Welt\",\"publisher\":{\"@id\":\"https:\/\/now-news.de\/de\/#organization\"},\"potentialAction\":[{\"@type\":\"SearchAction\",\"target\":{\"@type\":\"EntryPoint\",\"urlTemplate\":\"https:\/\/now-news.de\/de\/?s={search_term_string}\"},\"query-input\":\"required name=search_term_string\"}],\"inLanguage\":\"de\"},{\"@type\":\"Organization\",\"@id\":\"https:\/\/now-news.de\/de\/#organization\",\"name\":\"Just Now News\",\"url\":\"https:\/\/now-news.de\/de\/\",\"logo\":{\"@type\":\"ImageObject\",\"inLanguage\":\"de\",\"@id\":\"https:\/\/now-news.de\/de\/#\/schema\/logo\/image\/\",\"url\":\"http:\/\/just-now.news\/de\/wp-content\/uploads\/sites\/3\/2022\/04\/logo500x500.jpg\",\"contentUrl\":\"http:\/\/just-now.news\/de\/wp-content\/uploads\/sites\/3\/2022\/04\/logo500x500.jpg\",\"width\":500,\"height\":500,\"caption\":\"Just Now News\"},\"image\":{\"@id\":\"https:\/\/now-news.de\/de\/#\/schema\/logo\/image\/\"},\"sameAs\":[\"https:\/\/www.facebook.com\/wirmachenauf\",\"https:\/\/x.com\/WirMachenAuf_de\"]},{\"@type\":\"Person\",\"@id\":\"https:\/\/now-news.de\/de\/#\/schema\/person\/fb534a4e865501d8b3285208df34a9b5\",\"name\":\"rtnews\",\"image\":{\"@type\":\"ImageObject\",\"inLanguage\":\"de\",\"@id\":\"https:\/\/now-news.de\/de\/#\/schema\/person\/image\/\",\"url\":\"https:\/\/secure.gravatar.com\/avatar\/82aafea7d8127119dd649515f56e2117?s=96&d=mm&r=g\",\"contentUrl\":\"https:\/\/secure.gravatar.com\/avatar\/82aafea7d8127119dd649515f56e2117?s=96&d=mm&r=g\",\"caption\":\"rtnews\"},\"url\":\"https:\/\/now-news.de\/de\/author\/rnews\/\"}]}<\/script>\n<!-- \/ Yoast SEO Premium plugin. -->","yoast_head_json":{"title":"Mann im Frankfurter Hauptbahnhof erschossen - just-now.NEWS Deutschland","robots":{"index":"index","follow":"follow","max-snippet":"max-snippet:-1","max-image-preview":"max-image-preview:large","max-video-preview":"max-video-preview:-1"},"canonical":"https:\/\/now-news.de\/de\/deutschland\/mann-im-frankfurter-hauptbahnhof-erschossen\/","og_locale":"de_DE","og_type":"article","og_title":"Mann im Frankfurter Hauptbahnhof erschossen","og_description":"Im Frankfurter Hauptbahnhof ist am Dienstagabend ein Mann erschossen worden. Der mutma\u00dfliche T\u00e4ter konnte festgenommen werden. Durch den Gro\u00dfeinsatz der Polizei war der Zugverkehr f\u00fcr kurze Zeit unterbrochen. Die Hintergr\u00fcnde der Tat sind unklar. Am\u00a0Hauptbahnhof von Frankfurt am Main ist am Dienstagabend ein Mann erschossen worden. Wie ein Polizeisprecher mitteilte, ereignete sich das T\u00f6tungsdelikt gegen [&hellip;]","og_url":"https:\/\/now-news.de\/de\/deutschland\/mann-im-frankfurter-hauptbahnhof-erschossen\/","og_site_name":"just-now.NEWS Deutschland","article_publisher":"https:\/\/www.facebook.com\/wirmachenauf","article_published_time":"2024-08-21T07:21:50+00:00","og_image":[{"url":"https:\/\/now-news.de\/de\/wp-content\/uploads\/sites\/3\/2024\/08\/66c585a5b480cc34a011a1ad.jpg"}],"author":"rtnews","twitter_card":"summary_large_image","twitter_creator":"@WirMachenAuf_de","twitter_site":"@WirMachenAuf_de","twitter_misc":{"Verfasst von":"rtnews","Gesch\u00e4tzte Lesezeit":"1\u00a0Minute"},"schema":{"@context":"https:\/\/schema.org","@graph":[{"@type":"Article","@id":"https:\/\/now-news.de\/de\/deutschland\/mann-im-frankfurter-hauptbahnhof-erschossen\/#article","isPartOf":{"@id":"https:\/\/now-news.de\/de\/deutschland\/mann-im-frankfurter-hauptbahnhof-erschossen\/"},"author":{"name":"rtnews","@id":"https:\/\/now-news.de\/de\/#\/schema\/person\/fb534a4e865501d8b3285208df34a9b5"},"headline":"Mann im Frankfurter Hauptbahnhof erschossen","datePublished":"2024-08-21T07:21:50+00:00","dateModified":"2024-08-21T07:21:50+00:00","mainEntityOfPage":{"@id":"https:\/\/now-news.de\/de\/deutschland\/mann-im-frankfurter-hauptbahnhof-erschossen\/"},"wordCount":223,"commentCount":0,"publisher":{"@id":"https:\/\/now-news.de\/de\/#organization"},"image":{"@id":"https:\/\/now-news.de\/de\/deutschland\/mann-im-frankfurter-hauptbahnhof-erschossen\/#primaryimage"},"thumbnailUrl":"https:\/\/now-news.de\/de\/wp-content\/uploads\/sites\/3\/2024\/08\/Mann-im-Frankfurter-Hauptbahnhof-erschossen.jpg","keywords":["erschossen","Frankfurter","Hauptbahnhof","Mann"],"articleSection":["Deutschland","Russland"],"inLanguage":"de","potentialAction":[{"@type":"CommentAction","name":"Comment","target":["https:\/\/now-news.de\/de\/deutschland\/mann-im-frankfurter-hauptbahnhof-erschossen\/#respond"]}]},{"@type":"WebPage","@id":"https:\/\/now-news.de\/de\/deutschland\/mann-im-frankfurter-hauptbahnhof-erschossen\/","url":"https:\/\/now-news.de\/de\/deutschland\/mann-im-frankfurter-hauptbahnhof-erschossen\/","name":"Mann im Frankfurter Hauptbahnhof erschossen - just-now.NEWS Deutschland","isPartOf":{"@id":"https:\/\/now-news.de\/de\/#website"},"primaryImageOfPage":{"@id":"https:\/\/now-news.de\/de\/deutschland\/mann-im-frankfurter-hauptbahnhof-erschossen\/#primaryimage"},"image":{"@id":"https:\/\/now-news.de\/de\/deutschland\/mann-im-frankfurter-hauptbahnhof-erschossen\/#primaryimage"},"thumbnailUrl":"https:\/\/now-news.de\/de\/wp-content\/uploads\/sites\/3\/2024\/08\/Mann-im-Frankfurter-Hauptbahnhof-erschossen.jpg","datePublished":"2024-08-21T07:21:50+00:00","dateModified":"2024-08-21T07:21:50+00:00","breadcrumb":{"@id":"https:\/\/now-news.de\/de\/deutschland\/mann-im-frankfurter-hauptbahnhof-erschossen\/#breadcrumb"},"inLanguage":"de","potentialAction":[{"@type":"ReadAction","target":["https:\/\/now-news.de\/de\/deutschland\/mann-im-frankfurter-hauptbahnhof-erschossen\/"]}]},{"@type":"ImageObject","inLanguage":"de","@id":"https:\/\/now-news.de\/de\/deutschland\/mann-im-frankfurter-hauptbahnhof-erschossen\/#primaryimage","url":"https:\/\/now-news.de\/de\/wp-content\/uploads\/sites\/3\/2024\/08\/Mann-im-Frankfurter-Hauptbahnhof-erschossen.jpg","contentUrl":"https:\/\/now-news.de\/de\/wp-content\/uploads\/sites\/3\/2024\/08\/Mann-im-Frankfurter-Hauptbahnhof-erschossen.jpg","width":460,"height":259,"caption":"Mann im Frankfurter Hauptbahnhof erschossen"},{"@type":"BreadcrumbList","@id":"https:\/\/now-news.de\/de\/deutschland\/mann-im-frankfurter-hauptbahnhof-erschossen\/#breadcrumb","itemListElement":[{"@type":"ListItem","position":1,"name":"Home","item":"https:\/\/now-news.de\/de\/"},{"@type":"ListItem","position":2,"name":"Mann im Frankfurter Hauptbahnhof erschossen"}]},{"@type":"WebSite","@id":"https:\/\/now-news.de\/de\/#website","url":"https:\/\/now-news.de\/de\/","name":"just-now.NEWS Deutschland","description":"Das Portal f\u00fcr unzensierte Nachrichten aus der Welt","publisher":{"@id":"https:\/\/now-news.de\/de\/#organization"},"potentialAction":[{"@type":"SearchAction","target":{"@type":"EntryPoint","urlTemplate":"https:\/\/now-news.de\/de\/?s={search_term_string}"},"query-input":"required name=search_term_string"}],"inLanguage":"de"},{"@type":"Organization","@id":"https:\/\/now-news.de\/de\/#organization","name":"Just Now News","url":"https:\/\/now-news.de\/de\/","logo":{"@type":"ImageObject","inLanguage":"de","@id":"https:\/\/now-news.de\/de\/#\/schema\/logo\/image\/","url":"http:\/\/just-now.news\/de\/wp-content\/uploads\/sites\/3\/2022\/04\/logo500x500.jpg","contentUrl":"http:\/\/just-now.news\/de\/wp-content\/uploads\/sites\/3\/2022\/04\/logo500x500.jpg","width":500,"height":500,"caption":"Just Now News"},"image":{"@id":"https:\/\/now-news.de\/de\/#\/schema\/logo\/image\/"},"sameAs":["https:\/\/www.facebook.com\/wirmachenauf","https:\/\/x.com\/WirMachenAuf_de"]},{"@type":"Person","@id":"https:\/\/now-news.de\/de\/#\/schema\/person\/fb534a4e865501d8b3285208df34a9b5","name":"rtnews","image":{"@type":"ImageObject","inLanguage":"de","@id":"https:\/\/now-news.de\/de\/#\/schema\/person\/image\/","url":"https:\/\/secure.gravatar.com\/avatar\/82aafea7d8127119dd649515f56e2117?s=96&d=mm&r=g","contentUrl":"https:\/\/secure.gravatar.com\/avatar\/82aafea7d8127119dd649515f56e2117?s=96&d=mm&r=g","caption":"rtnews"},"url":"https:\/\/now-news.de\/de\/author\/rnews\/"}]}},"_links":{"self":[{"href":"https:\/\/now-news.de\/de\/wp-json\/wp\/v2\/posts\/67153"}],"collection":[{"href":"https:\/\/now-news.de\/de\/wp-json\/wp\/v2\/posts"}],"about":[{"href":"https:\/\/now-news.de\/de\/wp-json\/wp\/v2\/types\/post"}],"author":[{"embeddable":true,"href":"https:\/\/now-news.de\/de\/wp-json\/wp\/v2\/users\/3"}],"replies":[{"embeddable":true,"href":"https:\/\/now-news.de\/de\/wp-json\/wp\/v2\/comments?post=67153"}],"version-history":[{"count":0,"href":"https:\/\/now-news.de\/de\/wp-json\/wp\/v2\/posts\/67153\/revisions"}],"wp:featuredmedia":[{"embeddable":true,"href":"https:\/\/now-news.de\/de\/wp-json\/wp\/v2\/media\/67154"}],"wp:attachment":[{"href":"https:\/\/now-news.de\/de\/wp-json\/wp\/v2\/media?parent=67153"}],"wp:term":[{"taxonomy":"category","embeddable":true,"href":"https:\/\/now-news.de\/de\/wp-json\/wp\/v2\/categories?post=67153"},{"taxonomy":"post_tag","embeddable":true,"href":"https:\/\/now-news.de\/de\/wp-json\/wp\/v2\/tags?post=67153"}],"curies":[{"name":"wp","href":"https:\/\/api.w.org\/{rel}","templated":true}]}}