{"id":67116,"date":"2024-08-20T18:46:54","date_gmt":"2024-08-20T16:46:54","guid":{"rendered":"https:\/\/now-news.de\/de\/deutschland\/aserbaidschan-beantragt-brics-beitritt\/"},"modified":"2024-08-20T18:46:54","modified_gmt":"2024-08-20T16:46:54","slug":"aserbaidschan-beantragt-brics-beitritt","status":"publish","type":"post","link":"https:\/\/now-news.de\/de\/deutschland\/aserbaidschan-beantragt-brics-beitritt\/","title":{"rendered":"Aserbaidschan beantragt BRICS-Beitritt"},"content":{"rendered":"<p><img decoding=\"async\" src=\"https:\/\/now-news.de\/de\/wp-content\/uploads\/sites\/3\/2024\/08\/66c4b538b480cc57e66cf0a9.jpg\" \/><\/p>\n<div class=\"Text-root Text-type_1 \">\n                Aserbaidschan m\u00f6chte der BRICS-Gruppe beitreten. Einen entsprechenden Antrag hat das Land am Dienstag eingereicht.\n            <\/div>\n<p><\/p>\n<div class=\"Text-root Text-type_5 ArticleView-text ViewText-root \">\n<p>Aserbaidschan hat offiziell den Beitritt zur BRICS-Gruppe beantragt. Dies gab die Nachrichtenagentur <em>Report<\/em> mit Verweis auf den Sprecher des aserbaidschanischen Au\u00dfenministeriums bekannt.<\/p>\n<p>Zuvor am 18. August hatte der aserbaidschanische Botschafter in Moskau, Polad B\u00fclb\u00fclo\u011flu, erkl\u00e4rt, dass die Mitgliedschaft des Landes in Arbeit sei. Am n\u00e4chsten Tag traf der russische Pr\u00e4sident Wladimir Putin zu einem Besuch in Baku ein.<\/p>\n<p>Aserbaidschans Wunsch, der BRICS beizutreten, wurde in der gemeinsamen Erkl\u00e4rung \u00fcber den Aufbau einer strategischen Zusammenarbeit zwischen Baku und Peking verankert, die Anfang Juli im Rahmen des Gipfels der Shanghaier Organisation f\u00fcr Zusammenarbeit in Astana verabschiedet wurde, erinnert <em>Report<\/em>.<\/p>\n<p>Die letzte BRICS-Erweiterung fand im Januar 2024 statt. Sp\u00e4ter erkl\u00e4rte der russische Au\u00dfenminister Sergei Lawrow, die Organisation habe eine &#8220;Pause&#8221; bei der Aufnahme neuer Mitglieder beschlossen.<\/p>\n<p><strong>Mehr zum Thema \u2013<\/strong>\u00a0<a rel=\"nofollow noopener\" target=\"_blank\" href=\"https:\/\/freedert.online\/international\/213945-medien-brics-ueberholt-durch-schnelle\/\">Medien: BRICS \u00fcberholt durch schnelle Expansion alle westlichen B\u00fcndnisse<\/a><\/p>\n<\/div>\n<p><br \/>\n<br \/><a href=\"https:\/\/de.rt.com\/international\/216265-aserbaidschan-beantragt-brics-beitritt\/\">Source link <\/a><\/p>\n","protected":false},"excerpt":{"rendered":"<p>Aserbaidschan m\u00f6chte der BRICS-Gruppe beitreten. Einen entsprechenden Antrag hat das Land am Dienstag eingereicht. Aserbaidschan hat offiziell den Beitritt zur BRICS-Gruppe beantragt. Dies gab die Nachrichtenagentur Report mit Verweis auf den Sprecher des aserbaidschanischen Au\u00dfenministeriums bekannt. Zuvor am 18. August hatte der aserbaidschanische Botschafter in Moskau, Polad B\u00fclb\u00fclo\u011flu, erkl\u00e4rt, dass die Mitgliedschaft des Landes in [&hellip;]<\/p>\n","protected":false},"author":3,"featured_media":67117,"comment_status":"open","ping_status":"open","sticky":false,"template":"","format":"standard","meta":{"_yoast_indexnow_last_ping":["1724172602"],"wp_automatic_camp":["217"],"4b396bbcf89618257a47bbcde734787d":["Aserbaidschan beantragt BRICS-Beitritt"],"original_link":["https:\/\/de.rt.com\/international\/216265-aserbaidschan-beantragt-brics-beitritt\/"],"_thumbnail_id":["67117"],"jnews_social_counter_last_update":["1777197542"],"_wptgpro_p2tg_sent2tg":["a:1:{i:23737;s:19:\"2024-08-20 18:51:02\";}"]},"categories":[19,23],"tags":[10003,12779,45601],"yoast_head":"<!-- This site is optimized with the Yoast SEO Premium plugin v22.7 (Yoast SEO v22.7) - https:\/\/yoast.com\/wordpress\/plugins\/seo\/ -->\n<title>Aserbaidschan beantragt BRICS-Beitritt - just-now.NEWS Deutschland<\/title>\n<meta name=\"robots\" content=\"index, follow, max-snippet:-1, max-image-preview:large, max-video-preview:-1\" \/>\n<link rel=\"canonical\" href=\"https:\/\/now-news.de\/de\/deutschland\/aserbaidschan-beantragt-brics-beitritt\/\" \/>\n<meta property=\"og:locale\" content=\"de_DE\" \/>\n<meta property=\"og:type\" content=\"article\" \/>\n<meta property=\"og:title\" content=\"Aserbaidschan beantragt BRICS-Beitritt\" \/>\n<meta property=\"og:description\" content=\"Aserbaidschan m\u00f6chte der BRICS-Gruppe beitreten. Einen entsprechenden Antrag hat das Land am Dienstag eingereicht. Aserbaidschan hat offiziell den Beitritt zur BRICS-Gruppe beantragt. Dies gab die Nachrichtenagentur Report mit Verweis auf den Sprecher des aserbaidschanischen Au\u00dfenministeriums bekannt. Zuvor am 18. August hatte der aserbaidschanische Botschafter in Moskau, Polad B\u00fclb\u00fclo\u011flu, erkl\u00e4rt, dass die Mitgliedschaft des Landes in [&hellip;]\" \/>\n<meta property=\"og:url\" content=\"https:\/\/now-news.de\/de\/deutschland\/aserbaidschan-beantragt-brics-beitritt\/\" \/>\n<meta property=\"og:site_name\" content=\"just-now.NEWS Deutschland\" \/>\n<meta property=\"article:publisher\" content=\"https:\/\/www.facebook.com\/wirmachenauf\" \/>\n<meta property=\"article:published_time\" content=\"2024-08-20T16:46:54+00:00\" \/>\n<meta property=\"og:image\" content=\"https:\/\/now-news.de\/de\/wp-content\/uploads\/sites\/3\/2024\/08\/66c4b538b480cc57e66cf0a9.jpg\" \/>\n<meta name=\"author\" content=\"rtnews\" \/>\n<meta name=\"twitter:card\" content=\"summary_large_image\" \/>\n<meta name=\"twitter:creator\" content=\"@WirMachenAuf_de\" \/>\n<meta name=\"twitter:site\" content=\"@WirMachenAuf_de\" \/>\n<meta name=\"twitter:label1\" content=\"Verfasst von\" \/>\n\t<meta name=\"twitter:data1\" content=\"rtnews\" \/>\n\t<meta name=\"twitter:label2\" content=\"Gesch\u00e4tzte Lesezeit\" \/>\n\t<meta name=\"twitter:data2\" content=\"1\u00a0Minute\" \/>\n<script type=\"application\/ld+json\" class=\"yoast-schema-graph\">{\"@context\":\"https:\/\/schema.org\",\"@graph\":[{\"@type\":\"Article\",\"@id\":\"https:\/\/now-news.de\/de\/deutschland\/aserbaidschan-beantragt-brics-beitritt\/#article\",\"isPartOf\":{\"@id\":\"https:\/\/now-news.de\/de\/deutschland\/aserbaidschan-beantragt-brics-beitritt\/\"},\"author\":{\"name\":\"rtnews\",\"@id\":\"https:\/\/now-news.de\/de\/#\/schema\/person\/fb534a4e865501d8b3285208df34a9b5\"},\"headline\":\"Aserbaidschan beantragt BRICS-Beitritt\",\"datePublished\":\"2024-08-20T16:46:54+00:00\",\"dateModified\":\"2024-08-20T16:46:54+00:00\",\"mainEntityOfPage\":{\"@id\":\"https:\/\/now-news.de\/de\/deutschland\/aserbaidschan-beantragt-brics-beitritt\/\"},\"wordCount\":167,\"commentCount\":0,\"publisher\":{\"@id\":\"https:\/\/now-news.de\/de\/#organization\"},\"image\":{\"@id\":\"https:\/\/now-news.de\/de\/deutschland\/aserbaidschan-beantragt-brics-beitritt\/#primaryimage\"},\"thumbnailUrl\":\"https:\/\/now-news.de\/de\/wp-content\/uploads\/sites\/3\/2024\/08\/Aserbaidschan-beantragt-BRICS-Beitritt.jpg\",\"keywords\":[\"Aserbaidschan\",\"beantragt\",\"BRICSBeitritt\"],\"articleSection\":[\"Deutschland\",\"Russland\"],\"inLanguage\":\"de\",\"potentialAction\":[{\"@type\":\"CommentAction\",\"name\":\"Comment\",\"target\":[\"https:\/\/now-news.de\/de\/deutschland\/aserbaidschan-beantragt-brics-beitritt\/#respond\"]}]},{\"@type\":\"WebPage\",\"@id\":\"https:\/\/now-news.de\/de\/deutschland\/aserbaidschan-beantragt-brics-beitritt\/\",\"url\":\"https:\/\/now-news.de\/de\/deutschland\/aserbaidschan-beantragt-brics-beitritt\/\",\"name\":\"Aserbaidschan beantragt BRICS-Beitritt - just-now.NEWS Deutschland\",\"isPartOf\":{\"@id\":\"https:\/\/now-news.de\/de\/#website\"},\"primaryImageOfPage\":{\"@id\":\"https:\/\/now-news.de\/de\/deutschland\/aserbaidschan-beantragt-brics-beitritt\/#primaryimage\"},\"image\":{\"@id\":\"https:\/\/now-news.de\/de\/deutschland\/aserbaidschan-beantragt-brics-beitritt\/#primaryimage\"},\"thumbnailUrl\":\"https:\/\/now-news.de\/de\/wp-content\/uploads\/sites\/3\/2024\/08\/Aserbaidschan-beantragt-BRICS-Beitritt.jpg\",\"datePublished\":\"2024-08-20T16:46:54+00:00\",\"dateModified\":\"2024-08-20T16:46:54+00:00\",\"breadcrumb\":{\"@id\":\"https:\/\/now-news.de\/de\/deutschland\/aserbaidschan-beantragt-brics-beitritt\/#breadcrumb\"},\"inLanguage\":\"de\",\"potentialAction\":[{\"@type\":\"ReadAction\",\"target\":[\"https:\/\/now-news.de\/de\/deutschland\/aserbaidschan-beantragt-brics-beitritt\/\"]}]},{\"@type\":\"ImageObject\",\"inLanguage\":\"de\",\"@id\":\"https:\/\/now-news.de\/de\/deutschland\/aserbaidschan-beantragt-brics-beitritt\/#primaryimage\",\"url\":\"https:\/\/now-news.de\/de\/wp-content\/uploads\/sites\/3\/2024\/08\/Aserbaidschan-beantragt-BRICS-Beitritt.jpg\",\"contentUrl\":\"https:\/\/now-news.de\/de\/wp-content\/uploads\/sites\/3\/2024\/08\/Aserbaidschan-beantragt-BRICS-Beitritt.jpg\",\"width\":460,\"height\":259,\"caption\":\"Aserbaidschan beantragt BRICS-Beitritt\"},{\"@type\":\"BreadcrumbList\",\"@id\":\"https:\/\/now-news.de\/de\/deutschland\/aserbaidschan-beantragt-brics-beitritt\/#breadcrumb\",\"itemListElement\":[{\"@type\":\"ListItem\",\"position\":1,\"name\":\"Home\",\"item\":\"https:\/\/now-news.de\/de\/\"},{\"@type\":\"ListItem\",\"position\":2,\"name\":\"Aserbaidschan beantragt BRICS-Beitritt\"}]},{\"@type\":\"WebSite\",\"@id\":\"https:\/\/now-news.de\/de\/#website\",\"url\":\"https:\/\/now-news.de\/de\/\",\"name\":\"just-now.NEWS Deutschland\",\"description\":\"Das Portal f\u00fcr unzensierte Nachrichten aus der Welt\",\"publisher\":{\"@id\":\"https:\/\/now-news.de\/de\/#organization\"},\"potentialAction\":[{\"@type\":\"SearchAction\",\"target\":{\"@type\":\"EntryPoint\",\"urlTemplate\":\"https:\/\/now-news.de\/de\/?s={search_term_string}\"},\"query-input\":\"required name=search_term_string\"}],\"inLanguage\":\"de\"},{\"@type\":\"Organization\",\"@id\":\"https:\/\/now-news.de\/de\/#organization\",\"name\":\"Just Now News\",\"url\":\"https:\/\/now-news.de\/de\/\",\"logo\":{\"@type\":\"ImageObject\",\"inLanguage\":\"de\",\"@id\":\"https:\/\/now-news.de\/de\/#\/schema\/logo\/image\/\",\"url\":\"http:\/\/just-now.news\/de\/wp-content\/uploads\/sites\/3\/2022\/04\/logo500x500.jpg\",\"contentUrl\":\"http:\/\/just-now.news\/de\/wp-content\/uploads\/sites\/3\/2022\/04\/logo500x500.jpg\",\"width\":500,\"height\":500,\"caption\":\"Just Now News\"},\"image\":{\"@id\":\"https:\/\/now-news.de\/de\/#\/schema\/logo\/image\/\"},\"sameAs\":[\"https:\/\/www.facebook.com\/wirmachenauf\",\"https:\/\/x.com\/WirMachenAuf_de\"]},{\"@type\":\"Person\",\"@id\":\"https:\/\/now-news.de\/de\/#\/schema\/person\/fb534a4e865501d8b3285208df34a9b5\",\"name\":\"rtnews\",\"image\":{\"@type\":\"ImageObject\",\"inLanguage\":\"de\",\"@id\":\"https:\/\/now-news.de\/de\/#\/schema\/person\/image\/\",\"url\":\"https:\/\/secure.gravatar.com\/avatar\/82aafea7d8127119dd649515f56e2117?s=96&d=mm&r=g\",\"contentUrl\":\"https:\/\/secure.gravatar.com\/avatar\/82aafea7d8127119dd649515f56e2117?s=96&d=mm&r=g\",\"caption\":\"rtnews\"},\"url\":\"https:\/\/now-news.de\/de\/author\/rnews\/\"}]}<\/script>\n<!-- \/ Yoast SEO Premium plugin. -->","yoast_head_json":{"title":"Aserbaidschan beantragt BRICS-Beitritt - just-now.NEWS Deutschland","robots":{"index":"index","follow":"follow","max-snippet":"max-snippet:-1","max-image-preview":"max-image-preview:large","max-video-preview":"max-video-preview:-1"},"canonical":"https:\/\/now-news.de\/de\/deutschland\/aserbaidschan-beantragt-brics-beitritt\/","og_locale":"de_DE","og_type":"article","og_title":"Aserbaidschan beantragt BRICS-Beitritt","og_description":"Aserbaidschan m\u00f6chte der BRICS-Gruppe beitreten. Einen entsprechenden Antrag hat das Land am Dienstag eingereicht. Aserbaidschan hat offiziell den Beitritt zur BRICS-Gruppe beantragt. Dies gab die Nachrichtenagentur Report mit Verweis auf den Sprecher des aserbaidschanischen Au\u00dfenministeriums bekannt. Zuvor am 18. August hatte der aserbaidschanische Botschafter in Moskau, Polad B\u00fclb\u00fclo\u011flu, erkl\u00e4rt, dass die Mitgliedschaft des Landes in [&hellip;]","og_url":"https:\/\/now-news.de\/de\/deutschland\/aserbaidschan-beantragt-brics-beitritt\/","og_site_name":"just-now.NEWS Deutschland","article_publisher":"https:\/\/www.facebook.com\/wirmachenauf","article_published_time":"2024-08-20T16:46:54+00:00","og_image":[{"url":"https:\/\/now-news.de\/de\/wp-content\/uploads\/sites\/3\/2024\/08\/66c4b538b480cc57e66cf0a9.jpg"}],"author":"rtnews","twitter_card":"summary_large_image","twitter_creator":"@WirMachenAuf_de","twitter_site":"@WirMachenAuf_de","twitter_misc":{"Verfasst von":"rtnews","Gesch\u00e4tzte Lesezeit":"1\u00a0Minute"},"schema":{"@context":"https:\/\/schema.org","@graph":[{"@type":"Article","@id":"https:\/\/now-news.de\/de\/deutschland\/aserbaidschan-beantragt-brics-beitritt\/#article","isPartOf":{"@id":"https:\/\/now-news.de\/de\/deutschland\/aserbaidschan-beantragt-brics-beitritt\/"},"author":{"name":"rtnews","@id":"https:\/\/now-news.de\/de\/#\/schema\/person\/fb534a4e865501d8b3285208df34a9b5"},"headline":"Aserbaidschan beantragt BRICS-Beitritt","datePublished":"2024-08-20T16:46:54+00:00","dateModified":"2024-08-20T16:46:54+00:00","mainEntityOfPage":{"@id":"https:\/\/now-news.de\/de\/deutschland\/aserbaidschan-beantragt-brics-beitritt\/"},"wordCount":167,"commentCount":0,"publisher":{"@id":"https:\/\/now-news.de\/de\/#organization"},"image":{"@id":"https:\/\/now-news.de\/de\/deutschland\/aserbaidschan-beantragt-brics-beitritt\/#primaryimage"},"thumbnailUrl":"https:\/\/now-news.de\/de\/wp-content\/uploads\/sites\/3\/2024\/08\/Aserbaidschan-beantragt-BRICS-Beitritt.jpg","keywords":["Aserbaidschan","beantragt","BRICSBeitritt"],"articleSection":["Deutschland","Russland"],"inLanguage":"de","potentialAction":[{"@type":"CommentAction","name":"Comment","target":["https:\/\/now-news.de\/de\/deutschland\/aserbaidschan-beantragt-brics-beitritt\/#respond"]}]},{"@type":"WebPage","@id":"https:\/\/now-news.de\/de\/deutschland\/aserbaidschan-beantragt-brics-beitritt\/","url":"https:\/\/now-news.de\/de\/deutschland\/aserbaidschan-beantragt-brics-beitritt\/","name":"Aserbaidschan beantragt BRICS-Beitritt - just-now.NEWS Deutschland","isPartOf":{"@id":"https:\/\/now-news.de\/de\/#website"},"primaryImageOfPage":{"@id":"https:\/\/now-news.de\/de\/deutschland\/aserbaidschan-beantragt-brics-beitritt\/#primaryimage"},"image":{"@id":"https:\/\/now-news.de\/de\/deutschland\/aserbaidschan-beantragt-brics-beitritt\/#primaryimage"},"thumbnailUrl":"https:\/\/now-news.de\/de\/wp-content\/uploads\/sites\/3\/2024\/08\/Aserbaidschan-beantragt-BRICS-Beitritt.jpg","datePublished":"2024-08-20T16:46:54+00:00","dateModified":"2024-08-20T16:46:54+00:00","breadcrumb":{"@id":"https:\/\/now-news.de\/de\/deutschland\/aserbaidschan-beantragt-brics-beitritt\/#breadcrumb"},"inLanguage":"de","potentialAction":[{"@type":"ReadAction","target":["https:\/\/now-news.de\/de\/deutschland\/aserbaidschan-beantragt-brics-beitritt\/"]}]},{"@type":"ImageObject","inLanguage":"de","@id":"https:\/\/now-news.de\/de\/deutschland\/aserbaidschan-beantragt-brics-beitritt\/#primaryimage","url":"https:\/\/now-news.de\/de\/wp-content\/uploads\/sites\/3\/2024\/08\/Aserbaidschan-beantragt-BRICS-Beitritt.jpg","contentUrl":"https:\/\/now-news.de\/de\/wp-content\/uploads\/sites\/3\/2024\/08\/Aserbaidschan-beantragt-BRICS-Beitritt.jpg","width":460,"height":259,"caption":"Aserbaidschan beantragt BRICS-Beitritt"},{"@type":"BreadcrumbList","@id":"https:\/\/now-news.de\/de\/deutschland\/aserbaidschan-beantragt-brics-beitritt\/#breadcrumb","itemListElement":[{"@type":"ListItem","position":1,"name":"Home","item":"https:\/\/now-news.de\/de\/"},{"@type":"ListItem","position":2,"name":"Aserbaidschan beantragt BRICS-Beitritt"}]},{"@type":"WebSite","@id":"https:\/\/now-news.de\/de\/#website","url":"https:\/\/now-news.de\/de\/","name":"just-now.NEWS Deutschland","description":"Das Portal f\u00fcr unzensierte Nachrichten aus der Welt","publisher":{"@id":"https:\/\/now-news.de\/de\/#organization"},"potentialAction":[{"@type":"SearchAction","target":{"@type":"EntryPoint","urlTemplate":"https:\/\/now-news.de\/de\/?s={search_term_string}"},"query-input":"required name=search_term_string"}],"inLanguage":"de"},{"@type":"Organization","@id":"https:\/\/now-news.de\/de\/#organization","name":"Just Now News","url":"https:\/\/now-news.de\/de\/","logo":{"@type":"ImageObject","inLanguage":"de","@id":"https:\/\/now-news.de\/de\/#\/schema\/logo\/image\/","url":"http:\/\/just-now.news\/de\/wp-content\/uploads\/sites\/3\/2022\/04\/logo500x500.jpg","contentUrl":"http:\/\/just-now.news\/de\/wp-content\/uploads\/sites\/3\/2022\/04\/logo500x500.jpg","width":500,"height":500,"caption":"Just Now News"},"image":{"@id":"https:\/\/now-news.de\/de\/#\/schema\/logo\/image\/"},"sameAs":["https:\/\/www.facebook.com\/wirmachenauf","https:\/\/x.com\/WirMachenAuf_de"]},{"@type":"Person","@id":"https:\/\/now-news.de\/de\/#\/schema\/person\/fb534a4e865501d8b3285208df34a9b5","name":"rtnews","image":{"@type":"ImageObject","inLanguage":"de","@id":"https:\/\/now-news.de\/de\/#\/schema\/person\/image\/","url":"https:\/\/secure.gravatar.com\/avatar\/82aafea7d8127119dd649515f56e2117?s=96&d=mm&r=g","contentUrl":"https:\/\/secure.gravatar.com\/avatar\/82aafea7d8127119dd649515f56e2117?s=96&d=mm&r=g","caption":"rtnews"},"url":"https:\/\/now-news.de\/de\/author\/rnews\/"}]}},"_links":{"self":[{"href":"https:\/\/now-news.de\/de\/wp-json\/wp\/v2\/posts\/67116"}],"collection":[{"href":"https:\/\/now-news.de\/de\/wp-json\/wp\/v2\/posts"}],"about":[{"href":"https:\/\/now-news.de\/de\/wp-json\/wp\/v2\/types\/post"}],"author":[{"embeddable":true,"href":"https:\/\/now-news.de\/de\/wp-json\/wp\/v2\/users\/3"}],"replies":[{"embeddable":true,"href":"https:\/\/now-news.de\/de\/wp-json\/wp\/v2\/comments?post=67116"}],"version-history":[{"count":0,"href":"https:\/\/now-news.de\/de\/wp-json\/wp\/v2\/posts\/67116\/revisions"}],"wp:featuredmedia":[{"embeddable":true,"href":"https:\/\/now-news.de\/de\/wp-json\/wp\/v2\/media\/67117"}],"wp:attachment":[{"href":"https:\/\/now-news.de\/de\/wp-json\/wp\/v2\/media?parent=67116"}],"wp:term":[{"taxonomy":"category","embeddable":true,"href":"https:\/\/now-news.de\/de\/wp-json\/wp\/v2\/categories?post=67116"},{"taxonomy":"post_tag","embeddable":true,"href":"https:\/\/now-news.de\/de\/wp-json\/wp\/v2\/tags?post=67116"}],"curies":[{"name":"wp","href":"https:\/\/api.w.org\/{rel}","templated":true}]}}