{"id":67110,"date":"2024-08-20T17:44:48","date_gmt":"2024-08-20T15:44:48","guid":{"rendered":"https:\/\/now-news.de\/de\/deutschland\/jemen-krieg-saudischer-kronprinz-soll-unterschrift-seines-vaters-gefaelscht-haben\/"},"modified":"2024-08-20T17:44:48","modified_gmt":"2024-08-20T15:44:48","slug":"jemen-krieg-saudischer-kronprinz-soll-unterschrift-seines-vaters-gefaelscht-haben","status":"publish","type":"post","link":"https:\/\/now-news.de\/de\/deutschland\/jemen-krieg-saudischer-kronprinz-soll-unterschrift-seines-vaters-gefaelscht-haben\/","title":{"rendered":"Jemen-Krieg: Saudischer Kronprinz soll Unterschrift seines Vaters gef\u00e4lscht haben"},"content":{"rendered":"<p><img decoding=\"async\" src=\"https:\/\/now-news.de\/de\/wp-content\/uploads\/sites\/3\/2024\/08\/66c498ad48fbef78fd165fb5.jpg\" \/><\/p>\n<div class=\"Text-root Text-type_1 \">\n                Ein ehemaliger saudischer Geheimdienstmitarbeiter hat Mohammed bin Salman beschuldigt, den schlechten geistigen Zustand seines Vaters seinerzeit ausgenutzt haben, um im Jemen milit\u00e4risch einzugreifen und einen brutalen Krieg anzuzetteln.\n            <\/div>\n<p><\/p>\n<div class=\"Text-root Text-type_5 ArticleView-text ViewText-root \">\n<p>Ein ehemals hoher Beamter des saudischen K\u00f6nigshauses\u00a0hat schwere Vorw\u00fcrfe gegen den Kronprinzen Mohammed bin Salman erhoben. Der Sohn von K\u00f6nig Salman ibn Abd al-Aziz soll 2015 die Unterschrift seines Vaters unter dem Dekret gef\u00e4lscht haben, das den Beginn des jahrelangen und brutalen Kriegs gegen die Menschen im\u00a0Jemen\u00a0markierte.<\/p>\n<p>Im Gespr\u00e4ch mit dem britischen Sender <em>BBC<\/em> erkl\u00e4rte der im Exil lebende ehemalige saudische General, Minister und Berater von bin Salman, Saad al-Jabri, dass das k\u00f6nigliche Dekret die Berater damals \u00fcberrascht habe. Grund daf\u00fcr sei gewesen, dass die\u00a0USA\u00a0bereits gewarnt hatten, lediglich eine Luftkriegskampagne gegen die Huthi im Jemen zu unterst\u00fctzen. Doch das Dekret von K\u00f6nig Salman habe ausdr\u00fccklich eine Bodenoperation erlaubt.<\/p>\n<p>Diese Anschuldigung kommt zu einer Zeit,\u00a0wo Prinz Mohammed als faktischer Anf\u00fchrer Saudi-Arabiens fungiert und sich h\u00e4ufig anstelle seines Vaters, des 88-j\u00e4hrigen K\u00f6nigs Salman, mit den Staatsoberh\u00e4uptern trifft.<\/p>\n<p>&#8220;Er hat die Unterschrift seines Vaters unter dem k\u00f6niglichen Dekret gef\u00e4lscht&#8221;, sagte al-Jabri. &#8220;Die geistige Leistungsf\u00e4higkeit des K\u00f6nigs lie\u00df nach.&#8221; Der ehemalige Berater des Kronprinzen sagte, dass die Quelle seiner Behauptung &#8220;glaubw\u00fcrdig&#8221; und &#8220;verl\u00e4sslich&#8221; sei sowie in Verbindung zum Innenministerium stehe. Al-Jabri hatte damals in der Beh\u00f6rde als Generalstabschef gedient.<\/p>\n<p>Seit September 2014 tobt\u00a0der mittlerweile eingefrorene\u00a0Krieg im Jemen,\u00a0in dem die von\u00a0Saudi-Arabien\u00a0gef\u00fchrte\u00a0Milit\u00e4rkoalition\u00a0mit Unterst\u00fctzung westlicher L\u00e4nder abertausende Zivilisten get\u00f6tet hat, um die Huthi-Bewegung aus der Hauptstadt Sanaa zu verdr\u00e4ngen.\u00a0Seit 2022 gilt im Jemen eine Waffenruhe, die weitgehend eingehalten wird.<\/p>\n<p><strong>Mehr zum Thema<\/strong> &#8211; <a rel=\"nofollow noopener\" target=\"_blank\" href=\"https:\/\/freedert.online\/der-nahe-osten\/215720-bin-salman-deutet-an-normalisierungsabkommen-mit-israel-koennte-sein-leben-gefaehrden\/\">Bin Salman deutet an: Normalisierungsabkommen mit Israel k\u00f6nnte sein Leben gef\u00e4hrden<\/a><\/p>\n<div class=\"EmbedBlock-root EmbedBlock-externalVideo EmbedBlock-rumble\">\n<div class=\"VkEmbed\"><iframe class=\"lazyload\" data-src=\"https:\/\/rumble.com\/embed\/v5984v8\" frameborder=\"0\" width=\"853\" height=\"480\" allowfullscreen><\/iframe><\/div>\n<\/div>\n<\/div>\n<p><br \/>\n<br \/><a href=\"https:\/\/de.rt.com\/international\/216246-jemen-krieg-saudi-kronprinz-soll\/\">Source link <\/a><\/p>\n","protected":false},"excerpt":{"rendered":"<p>Ein ehemaliger saudischer Geheimdienstmitarbeiter hat Mohammed bin Salman beschuldigt, den schlechten geistigen Zustand seines Vaters seinerzeit ausgenutzt haben, um im Jemen milit\u00e4risch einzugreifen und einen brutalen Krieg anzuzetteln. Ein ehemals hoher Beamter des saudischen K\u00f6nigshauses\u00a0hat schwere Vorw\u00fcrfe gegen den Kronprinzen Mohammed bin Salman erhoben. Der Sohn von K\u00f6nig Salman ibn Abd al-Aziz soll 2015 die [&hellip;]<\/p>\n","protected":false},"author":3,"featured_media":67111,"comment_status":"open","ping_status":"open","sticky":false,"template":"","format":"standard","meta":{"_yoast_indexnow_last_ping":["1724169633"],"wp_automatic_camp":["217"],"62bd1f05face65340ef9e3ec563129e3":["Jemen-Krieg: Saudischer Kronprinz soll Unterschrift seines Vaters gef\u00e4lscht haben"],"original_link":["https:\/\/de.rt.com\/international\/216246-jemen-krieg-saudi-kronprinz-soll\/"],"_thumbnail_id":["67111"],"jnews_social_counter_last_update":["1777331528"],"_wptgpro_p2tg_sent2tg":["a:1:{i:23737;s:19:\"2024-08-20 18:01:59\";}"]},"categories":[19,23],"tags":[29628,771,43616,22847,25306,841,766,25541,26036],"yoast_head":"<!-- This site is optimized with the Yoast SEO Premium plugin v22.7 (Yoast SEO v22.7) - https:\/\/yoast.com\/wordpress\/plugins\/seo\/ -->\n<title>Jemen-Krieg: Saudischer Kronprinz soll Unterschrift seines Vaters gef\u00e4lscht haben - just-now.NEWS Deutschland<\/title>\n<meta name=\"robots\" content=\"index, follow, max-snippet:-1, max-image-preview:large, max-video-preview:-1\" \/>\n<link rel=\"canonical\" href=\"https:\/\/now-news.de\/de\/deutschland\/jemen-krieg-saudischer-kronprinz-soll-unterschrift-seines-vaters-gefaelscht-haben\/\" \/>\n<meta property=\"og:locale\" content=\"de_DE\" \/>\n<meta property=\"og:type\" content=\"article\" \/>\n<meta property=\"og:title\" content=\"Jemen-Krieg: Saudischer Kronprinz soll Unterschrift seines Vaters gef\u00e4lscht haben\" \/>\n<meta property=\"og:description\" content=\"Ein ehemaliger saudischer Geheimdienstmitarbeiter hat Mohammed bin Salman beschuldigt, den schlechten geistigen Zustand seines Vaters seinerzeit ausgenutzt haben, um im Jemen milit\u00e4risch einzugreifen und einen brutalen Krieg anzuzetteln. Ein ehemals hoher Beamter des saudischen K\u00f6nigshauses\u00a0hat schwere Vorw\u00fcrfe gegen den Kronprinzen Mohammed bin Salman erhoben. Der Sohn von K\u00f6nig Salman ibn Abd al-Aziz soll 2015 die [&hellip;]\" \/>\n<meta property=\"og:url\" content=\"https:\/\/now-news.de\/de\/deutschland\/jemen-krieg-saudischer-kronprinz-soll-unterschrift-seines-vaters-gefaelscht-haben\/\" \/>\n<meta property=\"og:site_name\" content=\"just-now.NEWS Deutschland\" \/>\n<meta property=\"article:publisher\" content=\"https:\/\/www.facebook.com\/wirmachenauf\" \/>\n<meta property=\"article:published_time\" content=\"2024-08-20T15:44:48+00:00\" \/>\n<meta property=\"og:image\" content=\"https:\/\/now-news.de\/de\/wp-content\/uploads\/sites\/3\/2024\/08\/66c498ad48fbef78fd165fb5.jpg\" \/>\n<meta name=\"author\" content=\"rtnews\" \/>\n<meta name=\"twitter:card\" content=\"summary_large_image\" \/>\n<meta name=\"twitter:creator\" content=\"@WirMachenAuf_de\" \/>\n<meta name=\"twitter:site\" content=\"@WirMachenAuf_de\" \/>\n<meta name=\"twitter:label1\" content=\"Verfasst von\" \/>\n\t<meta name=\"twitter:data1\" content=\"rtnews\" \/>\n\t<meta name=\"twitter:label2\" content=\"Gesch\u00e4tzte Lesezeit\" \/>\n\t<meta name=\"twitter:data2\" content=\"2\u00a0Minuten\" \/>\n<script type=\"application\/ld+json\" class=\"yoast-schema-graph\">{\"@context\":\"https:\/\/schema.org\",\"@graph\":[{\"@type\":\"Article\",\"@id\":\"https:\/\/now-news.de\/de\/deutschland\/jemen-krieg-saudischer-kronprinz-soll-unterschrift-seines-vaters-gefaelscht-haben\/#article\",\"isPartOf\":{\"@id\":\"https:\/\/now-news.de\/de\/deutschland\/jemen-krieg-saudischer-kronprinz-soll-unterschrift-seines-vaters-gefaelscht-haben\/\"},\"author\":{\"name\":\"rtnews\",\"@id\":\"https:\/\/now-news.de\/de\/#\/schema\/person\/fb534a4e865501d8b3285208df34a9b5\"},\"headline\":\"Jemen-Krieg: Saudischer Kronprinz soll Unterschrift seines Vaters gef\u00e4lscht haben\",\"datePublished\":\"2024-08-20T15:44:48+00:00\",\"dateModified\":\"2024-08-20T15:44:48+00:00\",\"mainEntityOfPage\":{\"@id\":\"https:\/\/now-news.de\/de\/deutschland\/jemen-krieg-saudischer-kronprinz-soll-unterschrift-seines-vaters-gefaelscht-haben\/\"},\"wordCount\":321,\"commentCount\":0,\"publisher\":{\"@id\":\"https:\/\/now-news.de\/de\/#organization\"},\"image\":{\"@id\":\"https:\/\/now-news.de\/de\/deutschland\/jemen-krieg-saudischer-kronprinz-soll-unterschrift-seines-vaters-gefaelscht-haben\/#primaryimage\"},\"thumbnailUrl\":\"https:\/\/now-news.de\/de\/wp-content\/uploads\/sites\/3\/2024\/08\/Jemen-Krieg-Saudischer-Kronprinz-soll-Unterschrift-seines-Vaters-gefaelscht-haben.jpg\",\"keywords\":[\"gef\u00e4lscht\",\"haben\",\"JemenKrieg\",\"Kronprinz\",\"Saudischer\",\"seines\",\"soll\",\"Unterschrift\",\"Vaters\"],\"articleSection\":[\"Deutschland\",\"Russland\"],\"inLanguage\":\"de\",\"potentialAction\":[{\"@type\":\"CommentAction\",\"name\":\"Comment\",\"target\":[\"https:\/\/now-news.de\/de\/deutschland\/jemen-krieg-saudischer-kronprinz-soll-unterschrift-seines-vaters-gefaelscht-haben\/#respond\"]}]},{\"@type\":\"WebPage\",\"@id\":\"https:\/\/now-news.de\/de\/deutschland\/jemen-krieg-saudischer-kronprinz-soll-unterschrift-seines-vaters-gefaelscht-haben\/\",\"url\":\"https:\/\/now-news.de\/de\/deutschland\/jemen-krieg-saudischer-kronprinz-soll-unterschrift-seines-vaters-gefaelscht-haben\/\",\"name\":\"Jemen-Krieg: Saudischer Kronprinz soll Unterschrift seines Vaters gef\u00e4lscht haben - just-now.NEWS Deutschland\",\"isPartOf\":{\"@id\":\"https:\/\/now-news.de\/de\/#website\"},\"primaryImageOfPage\":{\"@id\":\"https:\/\/now-news.de\/de\/deutschland\/jemen-krieg-saudischer-kronprinz-soll-unterschrift-seines-vaters-gefaelscht-haben\/#primaryimage\"},\"image\":{\"@id\":\"https:\/\/now-news.de\/de\/deutschland\/jemen-krieg-saudischer-kronprinz-soll-unterschrift-seines-vaters-gefaelscht-haben\/#primaryimage\"},\"thumbnailUrl\":\"https:\/\/now-news.de\/de\/wp-content\/uploads\/sites\/3\/2024\/08\/Jemen-Krieg-Saudischer-Kronprinz-soll-Unterschrift-seines-Vaters-gefaelscht-haben.jpg\",\"datePublished\":\"2024-08-20T15:44:48+00:00\",\"dateModified\":\"2024-08-20T15:44:48+00:00\",\"breadcrumb\":{\"@id\":\"https:\/\/now-news.de\/de\/deutschland\/jemen-krieg-saudischer-kronprinz-soll-unterschrift-seines-vaters-gefaelscht-haben\/#breadcrumb\"},\"inLanguage\":\"de\",\"potentialAction\":[{\"@type\":\"ReadAction\",\"target\":[\"https:\/\/now-news.de\/de\/deutschland\/jemen-krieg-saudischer-kronprinz-soll-unterschrift-seines-vaters-gefaelscht-haben\/\"]}]},{\"@type\":\"ImageObject\",\"inLanguage\":\"de\",\"@id\":\"https:\/\/now-news.de\/de\/deutschland\/jemen-krieg-saudischer-kronprinz-soll-unterschrift-seines-vaters-gefaelscht-haben\/#primaryimage\",\"url\":\"https:\/\/now-news.de\/de\/wp-content\/uploads\/sites\/3\/2024\/08\/Jemen-Krieg-Saudischer-Kronprinz-soll-Unterschrift-seines-Vaters-gefaelscht-haben.jpg\",\"contentUrl\":\"https:\/\/now-news.de\/de\/wp-content\/uploads\/sites\/3\/2024\/08\/Jemen-Krieg-Saudischer-Kronprinz-soll-Unterschrift-seines-Vaters-gefaelscht-haben.jpg\",\"width\":460,\"height\":259,\"caption\":\"Jemen-Krieg: Saudischer Kronprinz soll Unterschrift seines Vaters gef\u00e4lscht haben\"},{\"@type\":\"BreadcrumbList\",\"@id\":\"https:\/\/now-news.de\/de\/deutschland\/jemen-krieg-saudischer-kronprinz-soll-unterschrift-seines-vaters-gefaelscht-haben\/#breadcrumb\",\"itemListElement\":[{\"@type\":\"ListItem\",\"position\":1,\"name\":\"Home\",\"item\":\"https:\/\/now-news.de\/de\/\"},{\"@type\":\"ListItem\",\"position\":2,\"name\":\"Jemen-Krieg: Saudischer Kronprinz soll Unterschrift seines Vaters gef\u00e4lscht haben\"}]},{\"@type\":\"WebSite\",\"@id\":\"https:\/\/now-news.de\/de\/#website\",\"url\":\"https:\/\/now-news.de\/de\/\",\"name\":\"just-now.NEWS Deutschland\",\"description\":\"Das Portal f\u00fcr unzensierte Nachrichten aus der Welt\",\"publisher\":{\"@id\":\"https:\/\/now-news.de\/de\/#organization\"},\"potentialAction\":[{\"@type\":\"SearchAction\",\"target\":{\"@type\":\"EntryPoint\",\"urlTemplate\":\"https:\/\/now-news.de\/de\/?s={search_term_string}\"},\"query-input\":\"required name=search_term_string\"}],\"inLanguage\":\"de\"},{\"@type\":\"Organization\",\"@id\":\"https:\/\/now-news.de\/de\/#organization\",\"name\":\"Just Now News\",\"url\":\"https:\/\/now-news.de\/de\/\",\"logo\":{\"@type\":\"ImageObject\",\"inLanguage\":\"de\",\"@id\":\"https:\/\/now-news.de\/de\/#\/schema\/logo\/image\/\",\"url\":\"http:\/\/just-now.news\/de\/wp-content\/uploads\/sites\/3\/2022\/04\/logo500x500.jpg\",\"contentUrl\":\"http:\/\/just-now.news\/de\/wp-content\/uploads\/sites\/3\/2022\/04\/logo500x500.jpg\",\"width\":500,\"height\":500,\"caption\":\"Just Now News\"},\"image\":{\"@id\":\"https:\/\/now-news.de\/de\/#\/schema\/logo\/image\/\"},\"sameAs\":[\"https:\/\/www.facebook.com\/wirmachenauf\",\"https:\/\/x.com\/WirMachenAuf_de\"]},{\"@type\":\"Person\",\"@id\":\"https:\/\/now-news.de\/de\/#\/schema\/person\/fb534a4e865501d8b3285208df34a9b5\",\"name\":\"rtnews\",\"image\":{\"@type\":\"ImageObject\",\"inLanguage\":\"de\",\"@id\":\"https:\/\/now-news.de\/de\/#\/schema\/person\/image\/\",\"url\":\"https:\/\/secure.gravatar.com\/avatar\/82aafea7d8127119dd649515f56e2117?s=96&d=mm&r=g\",\"contentUrl\":\"https:\/\/secure.gravatar.com\/avatar\/82aafea7d8127119dd649515f56e2117?s=96&d=mm&r=g\",\"caption\":\"rtnews\"},\"url\":\"https:\/\/now-news.de\/de\/author\/rnews\/\"}]}<\/script>\n<!-- \/ Yoast SEO Premium plugin. -->","yoast_head_json":{"title":"Jemen-Krieg: Saudischer Kronprinz soll Unterschrift seines Vaters gef\u00e4lscht haben - just-now.NEWS Deutschland","robots":{"index":"index","follow":"follow","max-snippet":"max-snippet:-1","max-image-preview":"max-image-preview:large","max-video-preview":"max-video-preview:-1"},"canonical":"https:\/\/now-news.de\/de\/deutschland\/jemen-krieg-saudischer-kronprinz-soll-unterschrift-seines-vaters-gefaelscht-haben\/","og_locale":"de_DE","og_type":"article","og_title":"Jemen-Krieg: Saudischer Kronprinz soll Unterschrift seines Vaters gef\u00e4lscht haben","og_description":"Ein ehemaliger saudischer Geheimdienstmitarbeiter hat Mohammed bin Salman beschuldigt, den schlechten geistigen Zustand seines Vaters seinerzeit ausgenutzt haben, um im Jemen milit\u00e4risch einzugreifen und einen brutalen Krieg anzuzetteln. Ein ehemals hoher Beamter des saudischen K\u00f6nigshauses\u00a0hat schwere Vorw\u00fcrfe gegen den Kronprinzen Mohammed bin Salman erhoben. Der Sohn von K\u00f6nig Salman ibn Abd al-Aziz soll 2015 die [&hellip;]","og_url":"https:\/\/now-news.de\/de\/deutschland\/jemen-krieg-saudischer-kronprinz-soll-unterschrift-seines-vaters-gefaelscht-haben\/","og_site_name":"just-now.NEWS Deutschland","article_publisher":"https:\/\/www.facebook.com\/wirmachenauf","article_published_time":"2024-08-20T15:44:48+00:00","og_image":[{"url":"https:\/\/now-news.de\/de\/wp-content\/uploads\/sites\/3\/2024\/08\/66c498ad48fbef78fd165fb5.jpg"}],"author":"rtnews","twitter_card":"summary_large_image","twitter_creator":"@WirMachenAuf_de","twitter_site":"@WirMachenAuf_de","twitter_misc":{"Verfasst von":"rtnews","Gesch\u00e4tzte Lesezeit":"2\u00a0Minuten"},"schema":{"@context":"https:\/\/schema.org","@graph":[{"@type":"Article","@id":"https:\/\/now-news.de\/de\/deutschland\/jemen-krieg-saudischer-kronprinz-soll-unterschrift-seines-vaters-gefaelscht-haben\/#article","isPartOf":{"@id":"https:\/\/now-news.de\/de\/deutschland\/jemen-krieg-saudischer-kronprinz-soll-unterschrift-seines-vaters-gefaelscht-haben\/"},"author":{"name":"rtnews","@id":"https:\/\/now-news.de\/de\/#\/schema\/person\/fb534a4e865501d8b3285208df34a9b5"},"headline":"Jemen-Krieg: Saudischer Kronprinz soll Unterschrift seines Vaters gef\u00e4lscht haben","datePublished":"2024-08-20T15:44:48+00:00","dateModified":"2024-08-20T15:44:48+00:00","mainEntityOfPage":{"@id":"https:\/\/now-news.de\/de\/deutschland\/jemen-krieg-saudischer-kronprinz-soll-unterschrift-seines-vaters-gefaelscht-haben\/"},"wordCount":321,"commentCount":0,"publisher":{"@id":"https:\/\/now-news.de\/de\/#organization"},"image":{"@id":"https:\/\/now-news.de\/de\/deutschland\/jemen-krieg-saudischer-kronprinz-soll-unterschrift-seines-vaters-gefaelscht-haben\/#primaryimage"},"thumbnailUrl":"https:\/\/now-news.de\/de\/wp-content\/uploads\/sites\/3\/2024\/08\/Jemen-Krieg-Saudischer-Kronprinz-soll-Unterschrift-seines-Vaters-gefaelscht-haben.jpg","keywords":["gef\u00e4lscht","haben","JemenKrieg","Kronprinz","Saudischer","seines","soll","Unterschrift","Vaters"],"articleSection":["Deutschland","Russland"],"inLanguage":"de","potentialAction":[{"@type":"CommentAction","name":"Comment","target":["https:\/\/now-news.de\/de\/deutschland\/jemen-krieg-saudischer-kronprinz-soll-unterschrift-seines-vaters-gefaelscht-haben\/#respond"]}]},{"@type":"WebPage","@id":"https:\/\/now-news.de\/de\/deutschland\/jemen-krieg-saudischer-kronprinz-soll-unterschrift-seines-vaters-gefaelscht-haben\/","url":"https:\/\/now-news.de\/de\/deutschland\/jemen-krieg-saudischer-kronprinz-soll-unterschrift-seines-vaters-gefaelscht-haben\/","name":"Jemen-Krieg: Saudischer Kronprinz soll Unterschrift seines Vaters gef\u00e4lscht haben - just-now.NEWS Deutschland","isPartOf":{"@id":"https:\/\/now-news.de\/de\/#website"},"primaryImageOfPage":{"@id":"https:\/\/now-news.de\/de\/deutschland\/jemen-krieg-saudischer-kronprinz-soll-unterschrift-seines-vaters-gefaelscht-haben\/#primaryimage"},"image":{"@id":"https:\/\/now-news.de\/de\/deutschland\/jemen-krieg-saudischer-kronprinz-soll-unterschrift-seines-vaters-gefaelscht-haben\/#primaryimage"},"thumbnailUrl":"https:\/\/now-news.de\/de\/wp-content\/uploads\/sites\/3\/2024\/08\/Jemen-Krieg-Saudischer-Kronprinz-soll-Unterschrift-seines-Vaters-gefaelscht-haben.jpg","datePublished":"2024-08-20T15:44:48+00:00","dateModified":"2024-08-20T15:44:48+00:00","breadcrumb":{"@id":"https:\/\/now-news.de\/de\/deutschland\/jemen-krieg-saudischer-kronprinz-soll-unterschrift-seines-vaters-gefaelscht-haben\/#breadcrumb"},"inLanguage":"de","potentialAction":[{"@type":"ReadAction","target":["https:\/\/now-news.de\/de\/deutschland\/jemen-krieg-saudischer-kronprinz-soll-unterschrift-seines-vaters-gefaelscht-haben\/"]}]},{"@type":"ImageObject","inLanguage":"de","@id":"https:\/\/now-news.de\/de\/deutschland\/jemen-krieg-saudischer-kronprinz-soll-unterschrift-seines-vaters-gefaelscht-haben\/#primaryimage","url":"https:\/\/now-news.de\/de\/wp-content\/uploads\/sites\/3\/2024\/08\/Jemen-Krieg-Saudischer-Kronprinz-soll-Unterschrift-seines-Vaters-gefaelscht-haben.jpg","contentUrl":"https:\/\/now-news.de\/de\/wp-content\/uploads\/sites\/3\/2024\/08\/Jemen-Krieg-Saudischer-Kronprinz-soll-Unterschrift-seines-Vaters-gefaelscht-haben.jpg","width":460,"height":259,"caption":"Jemen-Krieg: Saudischer Kronprinz soll Unterschrift seines Vaters gef\u00e4lscht haben"},{"@type":"BreadcrumbList","@id":"https:\/\/now-news.de\/de\/deutschland\/jemen-krieg-saudischer-kronprinz-soll-unterschrift-seines-vaters-gefaelscht-haben\/#breadcrumb","itemListElement":[{"@type":"ListItem","position":1,"name":"Home","item":"https:\/\/now-news.de\/de\/"},{"@type":"ListItem","position":2,"name":"Jemen-Krieg: Saudischer Kronprinz soll Unterschrift seines Vaters gef\u00e4lscht haben"}]},{"@type":"WebSite","@id":"https:\/\/now-news.de\/de\/#website","url":"https:\/\/now-news.de\/de\/","name":"just-now.NEWS Deutschland","description":"Das Portal f\u00fcr unzensierte Nachrichten aus der Welt","publisher":{"@id":"https:\/\/now-news.de\/de\/#organization"},"potentialAction":[{"@type":"SearchAction","target":{"@type":"EntryPoint","urlTemplate":"https:\/\/now-news.de\/de\/?s={search_term_string}"},"query-input":"required name=search_term_string"}],"inLanguage":"de"},{"@type":"Organization","@id":"https:\/\/now-news.de\/de\/#organization","name":"Just Now News","url":"https:\/\/now-news.de\/de\/","logo":{"@type":"ImageObject","inLanguage":"de","@id":"https:\/\/now-news.de\/de\/#\/schema\/logo\/image\/","url":"http:\/\/just-now.news\/de\/wp-content\/uploads\/sites\/3\/2022\/04\/logo500x500.jpg","contentUrl":"http:\/\/just-now.news\/de\/wp-content\/uploads\/sites\/3\/2022\/04\/logo500x500.jpg","width":500,"height":500,"caption":"Just Now News"},"image":{"@id":"https:\/\/now-news.de\/de\/#\/schema\/logo\/image\/"},"sameAs":["https:\/\/www.facebook.com\/wirmachenauf","https:\/\/x.com\/WirMachenAuf_de"]},{"@type":"Person","@id":"https:\/\/now-news.de\/de\/#\/schema\/person\/fb534a4e865501d8b3285208df34a9b5","name":"rtnews","image":{"@type":"ImageObject","inLanguage":"de","@id":"https:\/\/now-news.de\/de\/#\/schema\/person\/image\/","url":"https:\/\/secure.gravatar.com\/avatar\/82aafea7d8127119dd649515f56e2117?s=96&d=mm&r=g","contentUrl":"https:\/\/secure.gravatar.com\/avatar\/82aafea7d8127119dd649515f56e2117?s=96&d=mm&r=g","caption":"rtnews"},"url":"https:\/\/now-news.de\/de\/author\/rnews\/"}]}},"_links":{"self":[{"href":"https:\/\/now-news.de\/de\/wp-json\/wp\/v2\/posts\/67110"}],"collection":[{"href":"https:\/\/now-news.de\/de\/wp-json\/wp\/v2\/posts"}],"about":[{"href":"https:\/\/now-news.de\/de\/wp-json\/wp\/v2\/types\/post"}],"author":[{"embeddable":true,"href":"https:\/\/now-news.de\/de\/wp-json\/wp\/v2\/users\/3"}],"replies":[{"embeddable":true,"href":"https:\/\/now-news.de\/de\/wp-json\/wp\/v2\/comments?post=67110"}],"version-history":[{"count":0,"href":"https:\/\/now-news.de\/de\/wp-json\/wp\/v2\/posts\/67110\/revisions"}],"wp:featuredmedia":[{"embeddable":true,"href":"https:\/\/now-news.de\/de\/wp-json\/wp\/v2\/media\/67111"}],"wp:attachment":[{"href":"https:\/\/now-news.de\/de\/wp-json\/wp\/v2\/media?parent=67110"}],"wp:term":[{"taxonomy":"category","embeddable":true,"href":"https:\/\/now-news.de\/de\/wp-json\/wp\/v2\/categories?post=67110"},{"taxonomy":"post_tag","embeddable":true,"href":"https:\/\/now-news.de\/de\/wp-json\/wp\/v2\/tags?post=67110"}],"curies":[{"name":"wp","href":"https:\/\/api.w.org\/{rel}","templated":true}]}}