{"id":67027,"date":"2024-08-19T16:29:50","date_gmt":"2024-08-19T14:29:50","guid":{"rendered":"https:\/\/now-news.de\/de\/deutschland\/trendwaffe-messer-fuenf-tage-fuenf-messer-ereignisse-mit-verletzten-und-toten-in-deutschland\/"},"modified":"2024-08-19T16:29:50","modified_gmt":"2024-08-19T14:29:50","slug":"trendwaffe-messer-fuenf-tage-fuenf-messer-ereignisse-mit-verletzten-und-toten-in-deutschland","status":"publish","type":"post","link":"https:\/\/now-news.de\/de\/deutschland\/trendwaffe-messer-fuenf-tage-fuenf-messer-ereignisse-mit-verletzten-und-toten-in-deutschland\/","title":{"rendered":"&quot;Trendwaffe Messer?&quot; \u2013 F\u00fcnf Tage, f\u00fcnf Messer-Ereignisse mit Verletzten und Toten in Deutschland"},"content":{"rendered":"<div class=\"Text-root Text-type_1 \">\n                Das Magazin Der Spiegel erkl\u00e4rt mit der fragenden Formulierung &#8220;Trendwaffe Messer?&#8221;, dass &#8220;rund 90 Prozent der schweren Gewalttaten&#8221; in Deutschland &#8220;mit anderen Waffen begangen&#8221; werden. Das stetige Unsicherheitsgef\u00fchl der B\u00fcrger wird damit nur bedingt gelindert.\n            <\/div>\n<p><\/p>\n<div class=\"Text-root Text-type_5 ArticleView-text ViewText-root \">\n<p><em>Von\u00a0Joseph Turner<\/em><\/p>\n<p>Der Aufmacher\u00a0eines aktuellen\u00a0<em>Spiegel<\/em>&#8211;<a rel=\"nofollow noopener\" target=\"_blank\" href=\"https:\/\/www.spiegel.de\/panorama\/justiz\/kriminalitaet-der-fokus-auf-messer-hat-mit-der-realitaet-nichts-zu-tun-kommentar-a-366aa8da-2049-4299-b762-ae16d7a5a87a\">Artikels<\/a> mit der \u00dcberschrift: &#8220;Kriminalit\u00e4t in Deutschland \u2013 Der Fokus auf das Messer hilft im Kampf gegen Gewalt nicht weiter&#8221; (Bezahlschranke), bezieht sich unter anderem auf\u00a0eine\u00a0<em>Bild<\/em>&#8211;<a rel=\"nofollow noopener\" target=\"_blank\" href=\"https:\/\/www.bild.de\/news\/inland\/messer-gewalt-ticker-das-passierte-die-vergangenen-drei-tage-66bb222fc4b0815eb4e33f98\">Schlagzeile<\/a> vom 14. August. Diese lautete:<\/p>\n<p><em>&#8220;Das Protokoll \u2013 72 Stunden Messer-Gewalt in Deutschland&#8221;<\/em><\/p>\n<p>Der <em>Bild<\/em>-Artikel listet n\u00fcchtern darlegend 13 &#8220;Messer-Ereignisse&#8221; und umschreibt die jeweiligen Auswirkungen der Tatereignisse mit insgesamt 14 verletzten Beteiligten.<\/p>\n<p>Im &#8220;<em>Spiegel<\/em>-Leitartikel&#8221; von\u00a0Philipp Kollenbroich hei\u00dft es einleitend, den roten Faden des Artikels vorgebend:<\/p>\n<p><em>&#8220;Messer, Messer, \u00fcberall Messer. Den politisch-medialen Diskurs in Deutschland hat eine regelrechte Obsession mit Stichwaffen erfasst.&#8221;\u00a0<\/em><\/p>\n<p>&#8220;Obsession&#8221; oder journalistische Informationspflicht zu mittlerweile ann\u00e4hernd t\u00e4glichen Ereignissen und Polizeiberichten quer durch die Bundesl\u00e4nder? Herr Kollenbroich schreibt von &#8220;exzessiver Berichterstattung \u00fcber einzelne T\u00f6tungsdelikte mit Messern&#8221;, um argumentativ zu behaupten, dass dies &#8220;mit der Realit\u00e4t wenig bis gar nichts zu tun hat&#8221;, da &#8220;nach jahrelangen, historischen R\u00fcckg\u00e4ngen Deutschland seit 2022 einen Anstieg von Gewalttaten insgesamt verzeichnet.&#8221;<\/p>\n<p>Also alles reine Panikmache zum Thema vollkommen \u00fcberbewerteter Aktivit\u00e4ten zweier Gruppen\u00a0\u2013 der &#8220;Hobbyk\u00f6che mit ihrer fetischhaften Freude an japanischen Fleischmessern, die dreistellige Betr\u00e4ge kosten&#8221;; und der &#8220;W\u00fctenden, Verunsicherten, die nur klarzukommen meinen, wenn sie das Haus mit einer Stahlklinge verlassen.&#8221;<\/p>\n<p>So allen Ernstes pr\u00e4sentiert von <em>Spiegel<\/em>-Chefredakteur\u00a0Dirk Kurbjuweit in einer Analyse vom 18. August.<\/p>\n<figure class=\"RTImage-root\">\n<div class=\"RTImage-image RTImage-original\"><picture class=\"Picture-root Picture-original\"><!--[if IE 9]><video style=\"display: none;\"><![endif]--><source media=\"(-webkit-min-device-pixel-ratio: 2) and (min-resolution: 120dpi)\" data-srcset=\" \nhttps:\/\/now-news.de\/de\/wp-content\/uploads\/sites\/3\/2024\/08\/66c32c3eb480cc7abd0cad4a.jpg 850w,\n                https:\/\/now-news.de\/de\/wp-content\/uploads\/sites\/3\/2024\/08\/66c32c3eb480cc7abd0cad4a.jpg 1960w,            \" ><source data-srcset=\" \nhttps:\/\/now-news.de\/de\/wp-content\/uploads\/sites\/3\/2024\/08\/66c32c3eb480cc7abd0cad4a.jpg 460w,\n              https:\/\/now-news.de\/de\/wp-content\/uploads\/sites\/3\/2024\/08\/66c32c3eb480cc7abd0cad4a.jpg 980w,\n            \" ><!--[if IE 9]><\/video><![endif]--><img decoding=\"async\" data- src=\"data:image\/png;base64,iVBORw0KGgoAAAANSUhEUgAAABAAAAAJCAQAAACRI2S5AAAAEElEQVR42mNkIAAYRxWAAQAG9gAKqv6+AwAAAABJRU5ErkJggg==\" class=\"Picture-root Picture-original lazyload\" data-src=\"https:\/\/now-news.de\/de\/wp-content\/uploads\/sites\/3\/2024\/08\/66c32c3eb480cc7abd0cad4a.jpg\" alt=\"\"><\/source><\/source><\/picture><!-- noscript pattern --><noscript><img decoding=\"async\" src=\"https:\/\/now-news.de\/de\/wp-content\/uploads\/sites\/3\/2024\/08\/66c32c3eb480cc7abd0cad4a.jpg\" alt=\"\"><\/noscript><\/div><figcaption class=\"RTImage-footer\"><span class=\"RTImage-caption\"><\/span><span class=\"RTImage-source\"><span class=\"RTImage-captionItem\">Screenshot: Webseite Der Spiegel<\/span><\/span><\/figcaption><\/figure>\n<p>Die sich seit Monaten forcierende Berichterstattung ergibt in der schnellen und unkomplizierten Google-Recherche f\u00fcr die letzten f\u00fcnf Tage oberfl\u00e4chlich f\u00fcr jeden Tag einen &#8220;Messer-Vorfall&#8221;, dies in Verbindung mit mehreren teils schwerverletzten Opfern und bis dato zwei Toten. Chronologisch seit dem 14. August:<\/p>\n<ul>\n<li><a rel=\"nofollow noopener\" target=\"_blank\" href=\"https:\/\/www1.wdr.de\/nachrichten\/ruhrgebiet\/gelsenkirchen-frau-erstochen100.html\"><em>WDR-Lokalzeit<\/em><\/a>:\u00a0In Gelsenkirchen ist eine Frau durch Messerstiche get\u00f6tet worden;\u00a0<\/li>\n<li><em><a rel=\"nofollow noopener\" target=\"_blank\" href=\"https:\/\/www.rnd.de\/panorama\/paderborn-13-jaehriger-verletzt-14-jaehrigen-lebensgefaehrlich-mit-messer-IPNOFQOB35NMFIR4NQVBP2MPAQ.html\">RND<\/a><\/em>:<em><em>\u00a0<\/em><\/em>Mordkommission ermittelt bei Paderborn \u2013 13-J\u00e4hriger attackiert 14-J\u00e4hrigen: Jugendlicher lebensgef\u00e4hrlich verletzt;<\/li>\n<li><a rel=\"nofollow noopener\" target=\"_blank\" href=\"https:\/\/www.nordkurier.de\/regional\/pasewalk\/40-jaehriger-mann-mit-messer-angegriffen-und-verletzt-2805847\"><em>Nordkurier<\/em><\/a>: Pasewalk: 40-j\u00e4hriger Mann mit Messer angegriffen und verletzt;<\/li>\n<li><em><a rel=\"nofollow noopener\" target=\"_blank\" href=\"https:\/\/lwz24.de\/2024\/08\/18\/fieser-angriff-mit-messer-in-bielefeld-21-jaehriger-lebensgefaehrlich-verletzt\/\">Lippische Wochenzeitung<\/a><\/em>: Fieser Angriff mit Messer in Bielefeld: 21-J\u00e4hriger lebensgef\u00e4hrlich verletzt;<\/li>\n<li><a rel=\"nofollow noopener\" target=\"_blank\" href=\"https:\/\/www.br.de\/nachrichten\/bayern\/mann-stirbt-in-schwabach-auf-offener-strasse-an-stichverletzungen,ULsOQer\"><em>BR24<\/em><\/a>: Mann stirbt in Schwabach auf offener Stra\u00dfe an Stichverletzungen.<\/li>\n<\/ul>\n<p>Die &#8220;exzessive Berichterstattung&#8221; \u00fcber Messertaten\u00a0wird mittlerweile auch \u00fcber die <em>ARD<\/em>&#8211;<em>Tagesschau<\/em> gef\u00fcttert. So musste die Redaktion wohl oder \u00fcbel bereits am 6. August best\u00e4tigend dar\u00fcber <a rel=\"nofollow noopener\" target=\"_blank\" href=\"https:\/\/www.tagesschau.de\/inland\/regional\/berlin\/rbb-berliner-charit-registriert-deutlich-mehr-stichverletzungen-100.html\">informieren<\/a>, dass in der Hauptstadt die &#8220;Zahl der Patienten mit\u00a0Stichverletzungen deutlich ansteigt&#8221;, aber nicht, weil sich die <em>Bild<\/em>-Redaktion in Berlin befindet, sondern da &#8220;Charit\u00e9-Mediziner Alarm schlagen&#8221; und die werden es wohl ja durch ihre t\u00e4gliche Arbeit wissen.\u00a0<\/p>\n<p>&#8220;Die Debatte \u00fcber Messergewalt ist nicht neu&#8221;, wei\u00df Herr\u00a0Kollenbroich vom <em>Spiegel<\/em>, um statistisch seine Argumentationslinie mit der Information zu untermauern, dass &#8220;in Deutschland immer weniger Menschen an Messergewalt sterben&#8221;, da von &#8220;2009 bis 2023 die Statistik einen R\u00fcckgang von 0,2 auf 0,15 Todesf\u00e4lle pro 100.000 Einwohner&#8221; belegt. Sind die Alarmsignale der\u00a0Charit\u00e9-Mediziner also unangebrachtes Sirenengeheul?<\/p>\n<p>Herr Kollenbroich pr\u00e4sentiert eine weitere Statistik zum Thema: &#8220;Registrierte Kriminalit\u00e4t in Berlin&#8221;. Diese besagt demnach:<\/p>\n<p><em>&#8220;W\u00e4hrend die absoluten Werte rauf- und runtergehen, bleibt der Anteil der Messertaten bei den einzelnen Delikten weitgehend konstant. Bei der schweren und gef\u00e4hrlichen K\u00f6rperverletzung liegt er zwischen 6,1 Prozent (im Jahr 2013) und 8,4 Prozent (2018), beim Raub zwischen 14,7 Prozent (2015) und 18,0 Prozent (2017).&#8221;<\/em><\/p>\n<p>Berlins\u00a0Innensenatorin Iris Spranger\u00a0(SPD) teilte dem <em>Tagesspiegel<\/em> im M\u00e4rz mit, dass im Jahr 2022 &#8220;bei den 3.500 Straftaten, bei denen Messer zum Einsatz kamen, jeder Dritte der 4.528 Verd\u00e4chtigen unter 21 Jahre alt gewesen sei.&#8221;<\/p>\n<p>Die <em>Berliner Zeitung<\/em>\u00a0<a rel=\"nofollow noopener\" target=\"_blank\" href=\"https:\/\/www.berliner-zeitung.de\/politik-gesellschaft\/berlin-buerger-ueber-messergewalt-koennen-unsere-kinder-nicht-mehr-zum-spielen-rausschicken-li.2244370\">titelte<\/a>\u00a0am 13. August (Bezahlschranke):<\/p>\n<p><em>&#8220;Berliner \u00fcber Messergewalt: &#8216;Wir k\u00f6nnen unsere Kinder nicht mehr zum Spielen hinausschicken.'&#8221;<\/em><\/p>\n<p>Der Artikel verr\u00e4t, dass es am Wochenende des 10. und 11. August &#8220;allein drei Messerattacken\u00a0in Berlin gab.&#8221; Herr Kollenbroich m\u00f6chte derweil in seinem Artikel etwas Philosophisches mit auf den Weg geben:<\/p>\n<p><em>&#8220;Die Zahl der Messerdelikte steigt, und zwar im Gleichschritt mit Gewaltdelikten insgesamt \u2013 \u00e4hnlich einem Schiff im Hafen, das ebenfalls nach oben geht, wenn die Flut kommt. Das Waffenrecht f\u00fcr Messer zu versch\u00e4rfen, die Verbreitung und den Verkauf zu beschr\u00e4nken, w\u00e4re daher richtig.&#8221;<\/em>\u00a0<\/p>\n<p>Bundesinnenministerin Nancy Faeser solle jetzt endlich ruhig aktiv werden. Das <a rel=\"nofollow noopener\" target=\"_blank\" href=\"https:\/\/www.spiegel.de\/politik\/deutschland\/news-messerverbot-nancy-faeser-die-lage-am-sonntag-a-bd3dbade-9153-4ae3-a43c-eecf203975f9\">empfiehlt<\/a> auch der <em>Spiegel<\/em>-Chefredakteur, denn:<\/p>\n<p><em>&#8220;Es macht einen riesigen Unterschied, ob bei einem Streit, der j\u00e4h ausbricht, ein Messer zur Hand ist oder nicht. Deshalb liegt Bundesinnenministerin Nancy Faeser richtig, wenn sie verbieten will, dass man Klingen \u00fcber sechs Zentimeter L\u00e4nge in der \u00d6ffentlichkeit mit sich tr\u00e4gt. Der Umgang mit Springmessern soll komplett verboten werden. Ein solches Gesetz kann nicht alle Probleme l\u00f6sen, aber es lohnt sich f\u00fcr die geretteten Leben.&#8221;<\/em><\/p>\n<p>Und beendet vor allem endg\u00fcltig die nervige und \u00fcberfl\u00fcssige &#8220;exzessive Berichterstattung \u00fcber einzelne T\u00f6tungsdelikte mit Messern&#8221;. Der Fernglasblick aus dem journalistischen Elfenbeinturm, samt belehrender Lebenstipps, wird soweit nicht zu verhindern sein. Besorgte, betroffene und verunsicherte B\u00fcrger orientieren sich lebensnaher an der bedauerlichen Berichterstattung von Realit\u00e4ten, auch wenn diese wenig erbaulich bei der <em>Bild<\/em>\u00a0gewohnt knallhart zum j\u00fcngsten Ereignis in\u00a0Schwabach lautet:<\/p>\n<p><em>&#8220;Mann tot, Frau verletzt: Gro\u00dffahndung nach Messer-Killer in Bayern&#8221;<\/em><\/p>\n<p><strong>Mehr zum Thema &#8211; <\/strong><a rel=\"nofollow noopener\" target=\"_blank\" href=\"https:\/\/freedert.online\/meinung\/214643-messermaenner-oder-warum-verschweigen-herkunft\/\">Messerm\u00e4nner \u2013 Warum das Verschweigen der Herkunft mehr schadet als n\u00fctzt<\/a><\/p>\n<\/div>\n<p><br \/>\n<br \/><a href=\"https:\/\/de.rt.com\/inland\/216110-fuenf-tage-fuenf-messer-ereignisse\/\">Source link <\/a><\/p>\n","protected":false},"excerpt":{"rendered":"<p>Das Magazin Der Spiegel erkl\u00e4rt mit der fragenden Formulierung &#8220;Trendwaffe Messer?&#8221;, dass &#8220;rund 90 Prozent der schweren Gewalttaten&#8221; in Deutschland &#8220;mit anderen Waffen begangen&#8221; werden. Das stetige Unsicherheitsgef\u00fchl der B\u00fcrger wird damit nur bedingt gelindert. Von\u00a0Joseph Turner Der Aufmacher\u00a0eines aktuellen\u00a0Spiegel&#8211;Artikels mit der \u00dcberschrift: &#8220;Kriminalit\u00e4t in Deutschland \u2013 Der Fokus auf das Messer hilft im Kampf [&hellip;]<\/p>\n","protected":false},"author":3,"featured_media":67028,"comment_status":"open","ping_status":"open","sticky":false,"template":"","format":"standard","meta":{"_yoast_indexnow_last_ping":["1724077960"],"wp_automatic_camp":["217"],"c294ed23089aa23889e5857accfc7082":["&quot;Trendwaffe Messer?&quot; \u2013 F\u00fcnf Tage, f\u00fcnf Messer-Ereignisse mit Verletzten und Toten in Deutschland"],"original_link":["https:\/\/de.rt.com\/inland\/216110-fuenf-tage-fuenf-messer-ereignisse\/"],"_thumbnail_id":["67028"],"jnews_social_counter_last_update":["1776879659"],"_wptgpro_p2tg_sent2tg":["a:1:{i:23737;s:19:\"2024-08-19 16:33:48\";}"]},"categories":[19,23],"tags":[179,4905,57688,57687,419,57686,3654,2564,140,1165],"yoast_head":"<!-- This site is optimized with the Yoast SEO Premium plugin v22.7 (Yoast SEO v22.7) - https:\/\/yoast.com\/wordpress\/plugins\/seo\/ -->\n<title>&quot;Trendwaffe Messer?&quot; \u2013 F\u00fcnf Tage, f\u00fcnf Messer-Ereignisse mit Verletzten und Toten in Deutschland - just-now.NEWS Deutschland<\/title>\n<meta name=\"robots\" content=\"index, follow, max-snippet:-1, max-image-preview:large, max-video-preview:-1\" \/>\n<link rel=\"canonical\" href=\"https:\/\/now-news.de\/de\/deutschland\/trendwaffe-messer-fuenf-tage-fuenf-messer-ereignisse-mit-verletzten-und-toten-in-deutschland\/\" \/>\n<meta property=\"og:locale\" content=\"de_DE\" \/>\n<meta property=\"og:type\" content=\"article\" \/>\n<meta property=\"og:title\" content=\"&quot;Trendwaffe Messer?&quot; \u2013 F\u00fcnf Tage, f\u00fcnf Messer-Ereignisse mit Verletzten und Toten in Deutschland\" \/>\n<meta property=\"og:description\" content=\"Das Magazin Der Spiegel erkl\u00e4rt mit der fragenden Formulierung &#8220;Trendwaffe Messer?&#8221;, dass &#8220;rund 90 Prozent der schweren Gewalttaten&#8221; in Deutschland &#8220;mit anderen Waffen begangen&#8221; werden. Das stetige Unsicherheitsgef\u00fchl der B\u00fcrger wird damit nur bedingt gelindert. Von\u00a0Joseph Turner Der Aufmacher\u00a0eines aktuellen\u00a0Spiegel&#8211;Artikels mit der \u00dcberschrift: &#8220;Kriminalit\u00e4t in Deutschland \u2013 Der Fokus auf das Messer hilft im Kampf [&hellip;]\" \/>\n<meta property=\"og:url\" content=\"https:\/\/now-news.de\/de\/deutschland\/trendwaffe-messer-fuenf-tage-fuenf-messer-ereignisse-mit-verletzten-und-toten-in-deutschland\/\" \/>\n<meta property=\"og:site_name\" content=\"just-now.NEWS Deutschland\" \/>\n<meta property=\"article:publisher\" content=\"https:\/\/www.facebook.com\/wirmachenauf\" \/>\n<meta property=\"article:published_time\" content=\"2024-08-19T14:29:50+00:00\" \/>\n<meta property=\"og:image\" content=\"https:\/\/now-news.de\/de\/wp-content\/uploads\/sites\/3\/2024\/08\/66c32c3eb480cc7abd0cad4a.jpg\" \/>\n<meta name=\"author\" content=\"rtnews\" \/>\n<meta name=\"twitter:card\" content=\"summary_large_image\" \/>\n<meta name=\"twitter:creator\" content=\"@WirMachenAuf_de\" \/>\n<meta name=\"twitter:site\" content=\"@WirMachenAuf_de\" \/>\n<meta name=\"twitter:label1\" content=\"Verfasst von\" \/>\n\t<meta name=\"twitter:data1\" content=\"rtnews\" \/>\n\t<meta name=\"twitter:label2\" content=\"Gesch\u00e4tzte Lesezeit\" \/>\n\t<meta name=\"twitter:data2\" content=\"4\u00a0Minuten\" \/>\n<script type=\"application\/ld+json\" class=\"yoast-schema-graph\">{\"@context\":\"https:\/\/schema.org\",\"@graph\":[{\"@type\":\"Article\",\"@id\":\"https:\/\/now-news.de\/de\/deutschland\/trendwaffe-messer-fuenf-tage-fuenf-messer-ereignisse-mit-verletzten-und-toten-in-deutschland\/#article\",\"isPartOf\":{\"@id\":\"https:\/\/now-news.de\/de\/deutschland\/trendwaffe-messer-fuenf-tage-fuenf-messer-ereignisse-mit-verletzten-und-toten-in-deutschland\/\"},\"author\":{\"name\":\"rtnews\",\"@id\":\"https:\/\/now-news.de\/de\/#\/schema\/person\/fb534a4e865501d8b3285208df34a9b5\"},\"headline\":\"&quot;Trendwaffe Messer?&quot; \u2013 F\u00fcnf Tage, f\u00fcnf Messer-Ereignisse mit Verletzten und Toten in Deutschland\",\"datePublished\":\"2024-08-19T14:29:50+00:00\",\"dateModified\":\"2024-08-19T14:29:50+00:00\",\"mainEntityOfPage\":{\"@id\":\"https:\/\/now-news.de\/de\/deutschland\/trendwaffe-messer-fuenf-tage-fuenf-messer-ereignisse-mit-verletzten-und-toten-in-deutschland\/\"},\"wordCount\":868,\"commentCount\":0,\"publisher\":{\"@id\":\"https:\/\/now-news.de\/de\/#organization\"},\"image\":{\"@id\":\"https:\/\/now-news.de\/de\/deutschland\/trendwaffe-messer-fuenf-tage-fuenf-messer-ereignisse-mit-verletzten-und-toten-in-deutschland\/#primaryimage\"},\"thumbnailUrl\":\"https:\/\/now-news.de\/de\/wp-content\/uploads\/sites\/3\/2024\/08\/quotTrendwaffe-Messerquot-\u2013-Fuenf-Tage-fuenf-Messer-Ereignisse-mit-Verletzten-und.jpg\",\"keywords\":[\"Deutschland\",\"f\u00fcnf\",\"MesserEreignisse\",\"Messerquot\",\"mit\",\"quotTrendwaffe\",\"Tage\",\"Toten\",\"und\",\"Verletzten\"],\"articleSection\":[\"Deutschland\",\"Russland\"],\"inLanguage\":\"de\",\"potentialAction\":[{\"@type\":\"CommentAction\",\"name\":\"Comment\",\"target\":[\"https:\/\/now-news.de\/de\/deutschland\/trendwaffe-messer-fuenf-tage-fuenf-messer-ereignisse-mit-verletzten-und-toten-in-deutschland\/#respond\"]}]},{\"@type\":\"WebPage\",\"@id\":\"https:\/\/now-news.de\/de\/deutschland\/trendwaffe-messer-fuenf-tage-fuenf-messer-ereignisse-mit-verletzten-und-toten-in-deutschland\/\",\"url\":\"https:\/\/now-news.de\/de\/deutschland\/trendwaffe-messer-fuenf-tage-fuenf-messer-ereignisse-mit-verletzten-und-toten-in-deutschland\/\",\"name\":\"&quot;Trendwaffe Messer?&quot; \u2013 F\u00fcnf Tage, f\u00fcnf Messer-Ereignisse mit Verletzten und Toten in Deutschland - just-now.NEWS Deutschland\",\"isPartOf\":{\"@id\":\"https:\/\/now-news.de\/de\/#website\"},\"primaryImageOfPage\":{\"@id\":\"https:\/\/now-news.de\/de\/deutschland\/trendwaffe-messer-fuenf-tage-fuenf-messer-ereignisse-mit-verletzten-und-toten-in-deutschland\/#primaryimage\"},\"image\":{\"@id\":\"https:\/\/now-news.de\/de\/deutschland\/trendwaffe-messer-fuenf-tage-fuenf-messer-ereignisse-mit-verletzten-und-toten-in-deutschland\/#primaryimage\"},\"thumbnailUrl\":\"https:\/\/now-news.de\/de\/wp-content\/uploads\/sites\/3\/2024\/08\/quotTrendwaffe-Messerquot-\u2013-Fuenf-Tage-fuenf-Messer-Ereignisse-mit-Verletzten-und.jpg\",\"datePublished\":\"2024-08-19T14:29:50+00:00\",\"dateModified\":\"2024-08-19T14:29:50+00:00\",\"breadcrumb\":{\"@id\":\"https:\/\/now-news.de\/de\/deutschland\/trendwaffe-messer-fuenf-tage-fuenf-messer-ereignisse-mit-verletzten-und-toten-in-deutschland\/#breadcrumb\"},\"inLanguage\":\"de\",\"potentialAction\":[{\"@type\":\"ReadAction\",\"target\":[\"https:\/\/now-news.de\/de\/deutschland\/trendwaffe-messer-fuenf-tage-fuenf-messer-ereignisse-mit-verletzten-und-toten-in-deutschland\/\"]}]},{\"@type\":\"ImageObject\",\"inLanguage\":\"de\",\"@id\":\"https:\/\/now-news.de\/de\/deutschland\/trendwaffe-messer-fuenf-tage-fuenf-messer-ereignisse-mit-verletzten-und-toten-in-deutschland\/#primaryimage\",\"url\":\"https:\/\/now-news.de\/de\/wp-content\/uploads\/sites\/3\/2024\/08\/quotTrendwaffe-Messerquot-\u2013-Fuenf-Tage-fuenf-Messer-Ereignisse-mit-Verletzten-und.jpg\",\"contentUrl\":\"https:\/\/now-news.de\/de\/wp-content\/uploads\/sites\/3\/2024\/08\/quotTrendwaffe-Messerquot-\u2013-Fuenf-Tage-fuenf-Messer-Ereignisse-mit-Verletzten-und.jpg\",\"width\":1179,\"height\":917,\"caption\":\"&quot;Trendwaffe Messer?&quot; \u2013 F\u00fcnf Tage, f\u00fcnf Messer-Ereignisse mit Verletzten und Toten in Deutschland\"},{\"@type\":\"BreadcrumbList\",\"@id\":\"https:\/\/now-news.de\/de\/deutschland\/trendwaffe-messer-fuenf-tage-fuenf-messer-ereignisse-mit-verletzten-und-toten-in-deutschland\/#breadcrumb\",\"itemListElement\":[{\"@type\":\"ListItem\",\"position\":1,\"name\":\"Home\",\"item\":\"https:\/\/now-news.de\/de\/\"},{\"@type\":\"ListItem\",\"position\":2,\"name\":\"&quot;Trendwaffe Messer?&quot; \u2013 F\u00fcnf Tage, f\u00fcnf Messer-Ereignisse mit Verletzten und Toten in Deutschland\"}]},{\"@type\":\"WebSite\",\"@id\":\"https:\/\/now-news.de\/de\/#website\",\"url\":\"https:\/\/now-news.de\/de\/\",\"name\":\"just-now.NEWS Deutschland\",\"description\":\"Das Portal f\u00fcr unzensierte Nachrichten aus der Welt\",\"publisher\":{\"@id\":\"https:\/\/now-news.de\/de\/#organization\"},\"potentialAction\":[{\"@type\":\"SearchAction\",\"target\":{\"@type\":\"EntryPoint\",\"urlTemplate\":\"https:\/\/now-news.de\/de\/?s={search_term_string}\"},\"query-input\":\"required name=search_term_string\"}],\"inLanguage\":\"de\"},{\"@type\":\"Organization\",\"@id\":\"https:\/\/now-news.de\/de\/#organization\",\"name\":\"Just Now News\",\"url\":\"https:\/\/now-news.de\/de\/\",\"logo\":{\"@type\":\"ImageObject\",\"inLanguage\":\"de\",\"@id\":\"https:\/\/now-news.de\/de\/#\/schema\/logo\/image\/\",\"url\":\"http:\/\/just-now.news\/de\/wp-content\/uploads\/sites\/3\/2022\/04\/logo500x500.jpg\",\"contentUrl\":\"http:\/\/just-now.news\/de\/wp-content\/uploads\/sites\/3\/2022\/04\/logo500x500.jpg\",\"width\":500,\"height\":500,\"caption\":\"Just Now News\"},\"image\":{\"@id\":\"https:\/\/now-news.de\/de\/#\/schema\/logo\/image\/\"},\"sameAs\":[\"https:\/\/www.facebook.com\/wirmachenauf\",\"https:\/\/x.com\/WirMachenAuf_de\"]},{\"@type\":\"Person\",\"@id\":\"https:\/\/now-news.de\/de\/#\/schema\/person\/fb534a4e865501d8b3285208df34a9b5\",\"name\":\"rtnews\",\"image\":{\"@type\":\"ImageObject\",\"inLanguage\":\"de\",\"@id\":\"https:\/\/now-news.de\/de\/#\/schema\/person\/image\/\",\"url\":\"https:\/\/secure.gravatar.com\/avatar\/82aafea7d8127119dd649515f56e2117?s=96&d=mm&r=g\",\"contentUrl\":\"https:\/\/secure.gravatar.com\/avatar\/82aafea7d8127119dd649515f56e2117?s=96&d=mm&r=g\",\"caption\":\"rtnews\"},\"url\":\"https:\/\/now-news.de\/de\/author\/rnews\/\"}]}<\/script>\n<!-- \/ Yoast SEO Premium plugin. -->","yoast_head_json":{"title":"&quot;Trendwaffe Messer?&quot; \u2013 F\u00fcnf Tage, f\u00fcnf Messer-Ereignisse mit Verletzten und Toten in Deutschland - just-now.NEWS Deutschland","robots":{"index":"index","follow":"follow","max-snippet":"max-snippet:-1","max-image-preview":"max-image-preview:large","max-video-preview":"max-video-preview:-1"},"canonical":"https:\/\/now-news.de\/de\/deutschland\/trendwaffe-messer-fuenf-tage-fuenf-messer-ereignisse-mit-verletzten-und-toten-in-deutschland\/","og_locale":"de_DE","og_type":"article","og_title":"&quot;Trendwaffe Messer?&quot; \u2013 F\u00fcnf Tage, f\u00fcnf Messer-Ereignisse mit Verletzten und Toten in Deutschland","og_description":"Das Magazin Der Spiegel erkl\u00e4rt mit der fragenden Formulierung &#8220;Trendwaffe Messer?&#8221;, dass &#8220;rund 90 Prozent der schweren Gewalttaten&#8221; in Deutschland &#8220;mit anderen Waffen begangen&#8221; werden. Das stetige Unsicherheitsgef\u00fchl der B\u00fcrger wird damit nur bedingt gelindert. Von\u00a0Joseph Turner Der Aufmacher\u00a0eines aktuellen\u00a0Spiegel&#8211;Artikels mit der \u00dcberschrift: &#8220;Kriminalit\u00e4t in Deutschland \u2013 Der Fokus auf das Messer hilft im Kampf [&hellip;]","og_url":"https:\/\/now-news.de\/de\/deutschland\/trendwaffe-messer-fuenf-tage-fuenf-messer-ereignisse-mit-verletzten-und-toten-in-deutschland\/","og_site_name":"just-now.NEWS Deutschland","article_publisher":"https:\/\/www.facebook.com\/wirmachenauf","article_published_time":"2024-08-19T14:29:50+00:00","og_image":[{"url":"https:\/\/now-news.de\/de\/wp-content\/uploads\/sites\/3\/2024\/08\/66c32c3eb480cc7abd0cad4a.jpg"}],"author":"rtnews","twitter_card":"summary_large_image","twitter_creator":"@WirMachenAuf_de","twitter_site":"@WirMachenAuf_de","twitter_misc":{"Verfasst von":"rtnews","Gesch\u00e4tzte Lesezeit":"4\u00a0Minuten"},"schema":{"@context":"https:\/\/schema.org","@graph":[{"@type":"Article","@id":"https:\/\/now-news.de\/de\/deutschland\/trendwaffe-messer-fuenf-tage-fuenf-messer-ereignisse-mit-verletzten-und-toten-in-deutschland\/#article","isPartOf":{"@id":"https:\/\/now-news.de\/de\/deutschland\/trendwaffe-messer-fuenf-tage-fuenf-messer-ereignisse-mit-verletzten-und-toten-in-deutschland\/"},"author":{"name":"rtnews","@id":"https:\/\/now-news.de\/de\/#\/schema\/person\/fb534a4e865501d8b3285208df34a9b5"},"headline":"&quot;Trendwaffe Messer?&quot; \u2013 F\u00fcnf Tage, f\u00fcnf Messer-Ereignisse mit Verletzten und Toten in Deutschland","datePublished":"2024-08-19T14:29:50+00:00","dateModified":"2024-08-19T14:29:50+00:00","mainEntityOfPage":{"@id":"https:\/\/now-news.de\/de\/deutschland\/trendwaffe-messer-fuenf-tage-fuenf-messer-ereignisse-mit-verletzten-und-toten-in-deutschland\/"},"wordCount":868,"commentCount":0,"publisher":{"@id":"https:\/\/now-news.de\/de\/#organization"},"image":{"@id":"https:\/\/now-news.de\/de\/deutschland\/trendwaffe-messer-fuenf-tage-fuenf-messer-ereignisse-mit-verletzten-und-toten-in-deutschland\/#primaryimage"},"thumbnailUrl":"https:\/\/now-news.de\/de\/wp-content\/uploads\/sites\/3\/2024\/08\/quotTrendwaffe-Messerquot-\u2013-Fuenf-Tage-fuenf-Messer-Ereignisse-mit-Verletzten-und.jpg","keywords":["Deutschland","f\u00fcnf","MesserEreignisse","Messerquot","mit","quotTrendwaffe","Tage","Toten","und","Verletzten"],"articleSection":["Deutschland","Russland"],"inLanguage":"de","potentialAction":[{"@type":"CommentAction","name":"Comment","target":["https:\/\/now-news.de\/de\/deutschland\/trendwaffe-messer-fuenf-tage-fuenf-messer-ereignisse-mit-verletzten-und-toten-in-deutschland\/#respond"]}]},{"@type":"WebPage","@id":"https:\/\/now-news.de\/de\/deutschland\/trendwaffe-messer-fuenf-tage-fuenf-messer-ereignisse-mit-verletzten-und-toten-in-deutschland\/","url":"https:\/\/now-news.de\/de\/deutschland\/trendwaffe-messer-fuenf-tage-fuenf-messer-ereignisse-mit-verletzten-und-toten-in-deutschland\/","name":"&quot;Trendwaffe Messer?&quot; \u2013 F\u00fcnf Tage, f\u00fcnf Messer-Ereignisse mit Verletzten und Toten in Deutschland - just-now.NEWS Deutschland","isPartOf":{"@id":"https:\/\/now-news.de\/de\/#website"},"primaryImageOfPage":{"@id":"https:\/\/now-news.de\/de\/deutschland\/trendwaffe-messer-fuenf-tage-fuenf-messer-ereignisse-mit-verletzten-und-toten-in-deutschland\/#primaryimage"},"image":{"@id":"https:\/\/now-news.de\/de\/deutschland\/trendwaffe-messer-fuenf-tage-fuenf-messer-ereignisse-mit-verletzten-und-toten-in-deutschland\/#primaryimage"},"thumbnailUrl":"https:\/\/now-news.de\/de\/wp-content\/uploads\/sites\/3\/2024\/08\/quotTrendwaffe-Messerquot-\u2013-Fuenf-Tage-fuenf-Messer-Ereignisse-mit-Verletzten-und.jpg","datePublished":"2024-08-19T14:29:50+00:00","dateModified":"2024-08-19T14:29:50+00:00","breadcrumb":{"@id":"https:\/\/now-news.de\/de\/deutschland\/trendwaffe-messer-fuenf-tage-fuenf-messer-ereignisse-mit-verletzten-und-toten-in-deutschland\/#breadcrumb"},"inLanguage":"de","potentialAction":[{"@type":"ReadAction","target":["https:\/\/now-news.de\/de\/deutschland\/trendwaffe-messer-fuenf-tage-fuenf-messer-ereignisse-mit-verletzten-und-toten-in-deutschland\/"]}]},{"@type":"ImageObject","inLanguage":"de","@id":"https:\/\/now-news.de\/de\/deutschland\/trendwaffe-messer-fuenf-tage-fuenf-messer-ereignisse-mit-verletzten-und-toten-in-deutschland\/#primaryimage","url":"https:\/\/now-news.de\/de\/wp-content\/uploads\/sites\/3\/2024\/08\/quotTrendwaffe-Messerquot-\u2013-Fuenf-Tage-fuenf-Messer-Ereignisse-mit-Verletzten-und.jpg","contentUrl":"https:\/\/now-news.de\/de\/wp-content\/uploads\/sites\/3\/2024\/08\/quotTrendwaffe-Messerquot-\u2013-Fuenf-Tage-fuenf-Messer-Ereignisse-mit-Verletzten-und.jpg","width":1179,"height":917,"caption":"&quot;Trendwaffe Messer?&quot; \u2013 F\u00fcnf Tage, f\u00fcnf Messer-Ereignisse mit Verletzten und Toten in Deutschland"},{"@type":"BreadcrumbList","@id":"https:\/\/now-news.de\/de\/deutschland\/trendwaffe-messer-fuenf-tage-fuenf-messer-ereignisse-mit-verletzten-und-toten-in-deutschland\/#breadcrumb","itemListElement":[{"@type":"ListItem","position":1,"name":"Home","item":"https:\/\/now-news.de\/de\/"},{"@type":"ListItem","position":2,"name":"&quot;Trendwaffe Messer?&quot; \u2013 F\u00fcnf Tage, f\u00fcnf Messer-Ereignisse mit Verletzten und Toten in Deutschland"}]},{"@type":"WebSite","@id":"https:\/\/now-news.de\/de\/#website","url":"https:\/\/now-news.de\/de\/","name":"just-now.NEWS Deutschland","description":"Das Portal f\u00fcr unzensierte Nachrichten aus der Welt","publisher":{"@id":"https:\/\/now-news.de\/de\/#organization"},"potentialAction":[{"@type":"SearchAction","target":{"@type":"EntryPoint","urlTemplate":"https:\/\/now-news.de\/de\/?s={search_term_string}"},"query-input":"required name=search_term_string"}],"inLanguage":"de"},{"@type":"Organization","@id":"https:\/\/now-news.de\/de\/#organization","name":"Just Now News","url":"https:\/\/now-news.de\/de\/","logo":{"@type":"ImageObject","inLanguage":"de","@id":"https:\/\/now-news.de\/de\/#\/schema\/logo\/image\/","url":"http:\/\/just-now.news\/de\/wp-content\/uploads\/sites\/3\/2022\/04\/logo500x500.jpg","contentUrl":"http:\/\/just-now.news\/de\/wp-content\/uploads\/sites\/3\/2022\/04\/logo500x500.jpg","width":500,"height":500,"caption":"Just Now News"},"image":{"@id":"https:\/\/now-news.de\/de\/#\/schema\/logo\/image\/"},"sameAs":["https:\/\/www.facebook.com\/wirmachenauf","https:\/\/x.com\/WirMachenAuf_de"]},{"@type":"Person","@id":"https:\/\/now-news.de\/de\/#\/schema\/person\/fb534a4e865501d8b3285208df34a9b5","name":"rtnews","image":{"@type":"ImageObject","inLanguage":"de","@id":"https:\/\/now-news.de\/de\/#\/schema\/person\/image\/","url":"https:\/\/secure.gravatar.com\/avatar\/82aafea7d8127119dd649515f56e2117?s=96&d=mm&r=g","contentUrl":"https:\/\/secure.gravatar.com\/avatar\/82aafea7d8127119dd649515f56e2117?s=96&d=mm&r=g","caption":"rtnews"},"url":"https:\/\/now-news.de\/de\/author\/rnews\/"}]}},"_links":{"self":[{"href":"https:\/\/now-news.de\/de\/wp-json\/wp\/v2\/posts\/67027"}],"collection":[{"href":"https:\/\/now-news.de\/de\/wp-json\/wp\/v2\/posts"}],"about":[{"href":"https:\/\/now-news.de\/de\/wp-json\/wp\/v2\/types\/post"}],"author":[{"embeddable":true,"href":"https:\/\/now-news.de\/de\/wp-json\/wp\/v2\/users\/3"}],"replies":[{"embeddable":true,"href":"https:\/\/now-news.de\/de\/wp-json\/wp\/v2\/comments?post=67027"}],"version-history":[{"count":0,"href":"https:\/\/now-news.de\/de\/wp-json\/wp\/v2\/posts\/67027\/revisions"}],"wp:featuredmedia":[{"embeddable":true,"href":"https:\/\/now-news.de\/de\/wp-json\/wp\/v2\/media\/67028"}],"wp:attachment":[{"href":"https:\/\/now-news.de\/de\/wp-json\/wp\/v2\/media?parent=67027"}],"wp:term":[{"taxonomy":"category","embeddable":true,"href":"https:\/\/now-news.de\/de\/wp-json\/wp\/v2\/categories?post=67027"},{"taxonomy":"post_tag","embeddable":true,"href":"https:\/\/now-news.de\/de\/wp-json\/wp\/v2\/tags?post=67027"}],"curies":[{"name":"wp","href":"https:\/\/api.w.org\/{rel}","templated":true}]}}