{"id":67013,"date":"2024-08-19T13:50:20","date_gmt":"2024-08-19T11:50:20","guid":{"rendered":"https:\/\/now-news.de\/de\/deutschland\/westen-muss-preis-fuer-terror-der-ukraine-im-gebiet-kursk-zahlen\/"},"modified":"2024-08-19T13:50:20","modified_gmt":"2024-08-19T11:50:20","slug":"westen-muss-preis-fuer-terror-der-ukraine-im-gebiet-kursk-zahlen","status":"publish","type":"post","link":"https:\/\/now-news.de\/de\/deutschland\/westen-muss-preis-fuer-terror-der-ukraine-im-gebiet-kursk-zahlen\/","title":{"rendered":"Westen muss Preis f\u00fcr Terror der Ukraine im Gebiet Kursk zahlen"},"content":{"rendered":"<p><img decoding=\"async\" src=\"https:\/\/now-news.de\/de\/wp-content\/uploads\/sites\/3\/2024\/08\/66c33200b480cc1b8d51d158.jpg\" \/><\/p>\n<div class=\"Text-root Text-type_1 \">\n                Ende der Woche zerst\u00f6rten die ukrainischen Streitkr\u00e4fte mehrere Br\u00fccken im Gebiet Kursk durch HIMARS-Mehrfachraketenwerfer aus US-Produktion. Ist es an der Zeit f\u00fcr eine spiegelbildliche Antwort, n\u00e4mlich dass Moskau Waffen an die Gegner des Westens liefert?\n            <\/div>\n<p><\/p>\n<div class=\"Text-root Text-type_5 ArticleView-text ViewText-root \">\n<p><em>Von <\/em><em>Jewgeni Posdnjakow<\/em><strong><\/strong><\/p>\n<p>Die ukrainischen Streitkr\u00e4fte haben erstmals Raketen aus westlicher Produktion eingesetzt, um eine Br\u00fccke im Gebiet Kursk anzugreifen. Nach Angaben der offiziellen Vertreterin des russischen Au\u00dfenministeriums, Maria Sacharowa, soll das ukrainische Milit\u00e4r dabei ein HIMARS-Mehrfachraketenwerfersystem eingesetzt haben. Infolge des feindlichen Angriffs wurde die Verkehrsinfrastruktur \u00fcber den Fluss Sejm im Bezirk Gluschkowo vollst\u00e4ndig zerst\u00f6rt.<strong><\/strong><\/p>\n<p>Der Westen k\u00f6nne sich von solchen Handlungen seines Verb\u00fcndeten &#8220;nicht reinwaschen&#8221;, so Sacharowa. Sie betonte, dass die von der ukrainischen Armee begangenen Verbrechen bereits zum Werk der westlichen politischen Eliten und der gesamten &#8220;NATO-Bruderschaft&#8221; geworden seien.<strong><\/strong><\/p>\n<p>Die Angriffe der ukrainischen Streitkr\u00e4fte haben zu Komplikationen bei der Evakuierung der Zivilbev\u00f6lkerung gef\u00fchrt. Drei\u00dfig Siedlungen, darunter Tjotkino, Popowo-Leschatschi und Wolfino, sind von der Au\u00dfenwelt abgeschnitten. Nach Angaben der \u00f6rtlichen Bev\u00f6lkerung wurde auch die Br\u00fccke im Dorf Swannoje beschossen. Die Zeitung <em>Wsgljad<\/em>\u00a0<a rel=\"nofollow noopener\" target=\"_blank\" href=\"https:\/\/vz.ru\/society\/2024\/8\/17\/1282568.html\">erl\u00e4uterte<\/a> ausf\u00fchrlich den Grund f\u00fcr diese Aktionen der ukrainischen Armee.<strong><\/strong><\/p>\n<p>Laut Oleg Iwannikow, Experte des Duma-Ausschusses f\u00fcr Verteidigung und Oberstleutnant der Reserve, k\u00f6nnen die Angriffe der ukrainischen Streitkr\u00e4fte als Versuch gewertet werden, &#8220;russische B\u00fcrger zu entf\u00fchren&#8221; und sie &#8220;direkt als Geiseln zu nehmen&#8221;. Der Feind r\u00e4che sich an der Zivilbev\u00f6lkerung f\u00fcr seine eigenen &#8220;milit\u00e4rischen Misserfolge und Niederlagen&#8221;.<strong><\/strong><\/p>\n<p>Bereits im Juni r\u00e4umte Wladimir Putin die M\u00f6glichkeit ein, als Reaktion auf den Einsatz US-amerikanischer und europ\u00e4ischer Langstreckenwaffen durch ukrainische Streitkr\u00e4fte auf russischem Hoheitsgebiet Waffen an die Gegnerstaaten der westlichen L\u00e4nder zu liefern. Der stellvertretende Vorsitzende des russischen Sicherheitsrates, Dmitri Medwedew, \u00e4u\u00dferte sich ebenfalls zu diesem Thema. Ihm zufolge k\u00f6nnten diese Waffen\u00a0an alle US-Gegner\u00a0gehen, schrieb <em>TASS<\/em>.\u00a0Und Medwedew f\u00fcgte hinzu:<strong><\/strong><\/p>\n<blockquote>\n<p><em>&#8220;<\/em><em>Es k\u00f6nnte sich um jeden handeln, der Pindostan (die USA) und seine\u00a0Vasallen als Feinde betrachtet. Unabh\u00e4ngig von ihren politischen \u00dcberzeugungen und ihrer internationalen Anerkennung.<\/em><em>&#8220;<\/em><strong><\/strong><\/p>\n<\/blockquote>\n<p>Gleichzeitig hat die Erwartung einer Reaktion Moskaus auf die Aktionen der ukrainischen Streitkr\u00e4fte in der Grenzregion bereits bei einigen europ\u00e4ischen Staaten Besorgnis ausgel\u00f6st. So erkl\u00e4rte Deutschland, dass es f\u00fcr die Ukraine unm\u00f6glich sei, einige von Deutschland gelieferte Waffen in Zukunft einzusetzen. Das Bundesverteidigungsministerium betonte zudem, dass in naher Zukunft keine Entscheidungen \u00fcber weitere Unterst\u00fctzungszusagen f\u00fcr die ukrainischen Streitkr\u00e4fte getroffen werden k\u00f6nnten.<strong><\/strong><\/p>\n<p>Der Milit\u00e4rexperte Maxim Klimow sieht m\u00f6gliche russische Waffenlieferungen allerdings kritisch. Er sagt:<strong><\/strong><\/p>\n<blockquote>\n<p><em>&#8220;<\/em><em>Das Thema der Intensivierung von Waffenlieferungen an andere L\u00e4nder als Reaktion auf die aktuellen Aktionen der ukrainischen Streitkr\u00e4fte ist \u00e4u\u00dferst heikel. Die Lieferung von milit\u00e4rischer Ausr\u00fcstung an Iran oder an diesem Land nahestehende Verb\u00e4nde k\u00f6nnte die Lage im Nahen Osten erheblich verkomplizieren und die Spannungen am Roten Meer erh\u00f6hen.<\/em><em>&#8220;<\/em><strong><\/strong><\/p>\n<\/blockquote>\n<p>Klimow\u00a0weist zudem darauf hin:<strong><\/strong><\/p>\n<blockquote>\n<p><em>&#8220;<\/em><em>Gleichzeitig ist dieses Wassergebiet f\u00fcr Russland in wirtschaftlicher Hinsicht von grundlegender Bedeutung. Auch unsere \u00d6llieferungen an andere Staaten laufen durch dieses Gebiet. \u00dcbertriebene Ma\u00dfnahmen k\u00f6nnten also auch\u00a0negative Auswirkungen auf unser finanzielles Wohlergehen haben, was in der gegenw\u00e4rtigen Situation nicht w\u00fcnschenswert ist.<\/em><em>&#8220;<\/em><strong><\/strong><\/p>\n<\/blockquote>\n<p>Der Gespr\u00e4chspartner unterstreicht:<strong><\/strong><\/p>\n<blockquote>\n<p><em>&#8220;<\/em><em>Wenn die Lieferung unserer Waffen an die Gegner des Westens zunimmt, k\u00f6nnten solche Aktionen von den USA \u00e4u\u00dferst scharf wahrgenommen werden.<\/em><strong><\/strong><\/p>\n<p><em>Als Reaktion darauf k\u00f6nnen sie den Transfer von Langstreckensystemen an die ukrainischen Streitkr\u00e4fte aktivieren, zum Beispiel die gleichen HIMARS-Mehrfachraketenwerfer. Generell kann die derzeitige Situation als \u00e4u\u00dferst schwierig bezeichnet werden.<\/em><em>&#8220;<\/em><strong><\/strong><\/p>\n<\/blockquote>\n<p>Und Klimow betont:<strong><\/strong><\/p>\n<blockquote>\n<p><em>&#8220;<\/em><em>Dennoch k\u00f6nnen die Aktionen der ukrainischen Streitkr\u00e4fte in der russischen Grenzregion durchaus als Rechtfertigung daf\u00fcr dienen, mit der Umsetzung der Warnung von Wladimir Putin zu beginnen. Dieser Prozess sollte jedoch rational angegangen werden, indem die Vor- und Nachteile in jedem einzelnen Fall abgewogen werden.<\/em><em>&#8220;<\/em><strong><\/strong><\/p>\n<\/blockquote>\n<p>F\u00fcr eine Intensivierung der Waffenlieferungen an Staaten, die derzeit Gegner des Westens sind, gibt es alle notwendigen Gr\u00fcnde, stimmt Wadim Kosjulin, Leiter des Zentrums des Instituts f\u00fcr aktuelle internationale Probleme an der Diplomatischen Akademie des russischen Au\u00dfenministeriums, zu. Um diesen Prozess in Gang zu setzen, m\u00fcsse seiner Meinung nach jedoch gekl\u00e4rt werden, inwieweit die USA an den Operationen der ukrainischen Streitkr\u00e4fte im russischen Grenzgebiet beteiligt sind. Er ist zuversichtlich:<strong><\/strong><\/p>\n<blockquote>\n<p><em>&#8220;<\/em><em>Wir sehen eine gewisse Verwirrung auf Seiten Washingtons. Daher k\u00f6nnen Aktionen, die dem Wei\u00dfen Haus m\u00f6glicherweise schaden k\u00f6nnten, aufgeschoben werden. Wenn jedoch im Informationsraum Informationen auftauchen, dass die Vereinigten Staaten bei der Organisation der ukrainischen Pl\u00e4ne geholfen haben, muss man dem Westen eine entschiedene Antwort geben.<\/em><em>&#8220;<\/em><strong><\/strong><\/p>\n<\/blockquote>\n<p>Der Gespr\u00e4chspartner f\u00fcgt hinzu:<strong><\/strong><\/p>\n<blockquote>\n<p><em>&#8220;<\/em><em>Meiner Meinung nach wird der Ausbau der Lieferungen an die Gegner der westlichen Staaten nicht zu einer Eskalation im Dialog zwischen Moskau und Washington f\u00fchren.<\/em><strong><\/strong><\/p>\n<p><em>Derzeit sind die Vereinigten Staaten nicht bereit, auf solche russischen Initiativen entschieden zu reagieren. Das Wei\u00dfe Haus wird sich wahrscheinlich auf ver\u00e4rgerte Kommentare beschr\u00e4nken, die dazu aufrufen, den Status quo zu erhalten.<\/em><em>&#8220;<\/em><strong><\/strong><\/p>\n<\/blockquote>\n<p>Und der\u00a0Experte stellt klar:<strong><\/strong><\/p>\n<blockquote>\n<p><em>&#8220;<\/em><em>Es ist wichtig zu erkennen, dass der derzeitige Vorsto\u00df der ukrainischen Streitkr\u00e4fte in die Grenzregion nicht sehr erfolgreich ist. In dieser Hinsicht kann eine Erh\u00f6hung des Spannungsgrades f\u00fcr die USA von Nachteil sein, da sie kein Vertrauen in die Effektivit\u00e4t der Aktionen der ukrainischen Armee haben.<\/em><em>&#8220;<\/em><strong><\/strong><\/p>\n<\/blockquote>\n<p>Nach Ansicht von Senator Konstantin Dolgow muss der Westen einen Preis f\u00fcr die Terrorisierung der russischen Grenzregion durch die Ukraine zahlen. Er sagt:<strong><\/strong><\/p>\n<blockquote>\n<p><em>&#8220;<\/em><em>Letztlich sind die USA und die EU direkte Komplizen der Verbrechen der ukrainischen Streitkr\u00e4fte. Die Regierungen dieser Akteure versorgen Selenskijs B\u00fcro mit t\u00f6dlichen Waffen und ermutigen ihn zu einem weiteren dummen Streich.<\/em><em>&#8220;<\/em><strong><\/strong><\/p>\n<\/blockquote>\n<p>Der Gespr\u00e4chspartner unterstreicht:<strong><\/strong><\/p>\n<blockquote>\n<p><em>&#8220;<\/em><em>All dies sind geplante Aktionen, die im Rahmen der globalen Konfrontation zwischen dem Westen und Russland stattfinden. Daher werden die Vergeltungsma\u00dfnahmen Moskaus noch folgen. Sie k\u00f6nnen dabei ganz anderer Natur sein. Nun hat sich der Vormarsch der russischen Streitkr\u00e4fte in mehreren Frontabschnitten gleichzeitig intensiviert \u2013 auch das macht unseren Gegnern das Leben schwer.<\/em><em>&#8220;<\/em><strong><\/strong><\/p>\n<\/blockquote>\n<p>Der Senator gibt zu bedenken:<\/p>\n<blockquote>\n<p><em>&#8220;<\/em><em>Was die Lieferung von Waffen an Staaten \u2013 Gegner der USA \u2013 betrifft, so ist diese Praxis nat\u00fcrlich auch eine Reaktion auf die Aktionen der Streitkr\u00e4fte der Ukraine. Ein solcher Seitenhieb in Richtung der westlichen L\u00e4nder ist nur nat\u00fcrlich. Denn, wie ich bereits betont habe, sind sie an den Verbrechen der Ukraine mitschuldig. Allerdings sollte unser Pr\u00e4sident bei dieser Initiative das letzte Wort haben.<\/em><em>&#8220;<\/em><strong><\/strong><\/p>\n<\/blockquote>\n<p>Und Dolgow schlussfolgert:<strong><\/strong><\/p>\n<blockquote>\n<p><em>&#8220;<\/em><em>Ich bin sicher, dass er die bestm\u00f6gliche Entscheidung treffen wird, die allen aktuellen Gegebenheiten entspricht. Dennoch ist bereits jetzt klar, dass fr\u00fcher oder sp\u00e4ter alle an den Verbrechen der ukrainischen Streitkr\u00e4fte Beteiligten die verdiente\u00a0Strafe erhalten werden. In welcher Form das geschehen wird, ist eine andere Frage.<\/em><em>&#8220;<\/em><strong><\/strong><\/p>\n<\/blockquote>\n<p><em>\u00dcbersetzt aus dem\u00a0Russischen. Der Artikel ist am 18.\u00a0August\u00a02024 zuerst auf der Webseite der Zeitung WSGLJAD <\/em><a rel=\"nofollow noopener\" target=\"_blank\" href=\"https:\/\/m.vz.ru\/politics\/2024\/8\/18\/1282665.html\"><em>erschienen<\/em><\/a><em>.<\/em><\/p>\n<p><strong><em>Jewgeni Posdnjakow<\/em><\/strong><em> ist ein russischer Journalist, Fernseh- und Radiomoderator.<\/em><\/p>\n<p><strong>Mehr zum Thema<\/strong> &#8211; <a rel=\"nofollow noopener\" target=\"_blank\" href=\"https:\/\/freedert.online\/europa\/216047-guardian-analyse-kursk-offensive-koennte\/\">Guardian-Analyse: Kursk-Offensive k\u00f6nnte prek\u00e4re Lage der ukrainischen Armee versch\u00e4rfen<\/a><\/p>\n<\/div>\n<p><br \/>\n<br \/><a href=\"https:\/\/de.rt.com\/international\/216111-westen-muss-preis-fuer-terror\/\">Source link <\/a><\/p>\n","protected":false},"excerpt":{"rendered":"<p>Ende der Woche zerst\u00f6rten die ukrainischen Streitkr\u00e4fte mehrere Br\u00fccken im Gebiet Kursk durch HIMARS-Mehrfachraketenwerfer aus US-Produktion. Ist es an der Zeit f\u00fcr eine spiegelbildliche Antwort, n\u00e4mlich dass Moskau Waffen an die Gegner des Westens liefert? Von Jewgeni Posdnjakow Die ukrainischen Streitkr\u00e4fte haben erstmals Raketen aus westlicher Produktion eingesetzt, um eine Br\u00fccke im Gebiet Kursk anzugreifen. [&hellip;]<\/p>\n","protected":false},"author":3,"featured_media":67014,"comment_status":"open","ping_status":"open","sticky":false,"template":"","format":"standard","meta":{"_yoast_indexnow_last_ping":["1724068383"],"wp_automatic_camp":["217"],"00eee40ec301e51f20b57d216dfeb9c6":["Westen muss Preis f\u00fcr Terror der Ukraine im Gebiet Kursk zahlen"],"original_link":["https:\/\/de.rt.com\/international\/216111-westen-muss-preis-fuer-terror\/"],"_thumbnail_id":["67014"],"jnews_social_counter_last_update":["1777207093"],"_wptgpro_p2tg_sent2tg":["a:1:{i:23737;s:19:\"2024-08-19 13:54:24\";}"]},"categories":[19,23],"tags":[82,221,23009,11476,534,1176,8903,127,378,14138],"yoast_head":"<!-- This site is optimized with the Yoast SEO Premium plugin v22.7 (Yoast SEO v22.7) - https:\/\/yoast.com\/wordpress\/plugins\/seo\/ -->\n<title>Westen muss Preis f\u00fcr Terror der Ukraine im Gebiet Kursk zahlen - just-now.NEWS Deutschland<\/title>\n<meta name=\"robots\" content=\"index, follow, max-snippet:-1, max-image-preview:large, max-video-preview:-1\" \/>\n<link rel=\"canonical\" href=\"https:\/\/now-news.de\/de\/deutschland\/westen-muss-preis-fuer-terror-der-ukraine-im-gebiet-kursk-zahlen\/\" \/>\n<meta property=\"og:locale\" content=\"de_DE\" \/>\n<meta property=\"og:type\" content=\"article\" \/>\n<meta property=\"og:title\" content=\"Westen muss Preis f\u00fcr Terror der Ukraine im Gebiet Kursk zahlen\" \/>\n<meta property=\"og:description\" content=\"Ende der Woche zerst\u00f6rten die ukrainischen Streitkr\u00e4fte mehrere Br\u00fccken im Gebiet Kursk durch HIMARS-Mehrfachraketenwerfer aus US-Produktion. Ist es an der Zeit f\u00fcr eine spiegelbildliche Antwort, n\u00e4mlich dass Moskau Waffen an die Gegner des Westens liefert? Von Jewgeni Posdnjakow Die ukrainischen Streitkr\u00e4fte haben erstmals Raketen aus westlicher Produktion eingesetzt, um eine Br\u00fccke im Gebiet Kursk anzugreifen. [&hellip;]\" \/>\n<meta property=\"og:url\" content=\"https:\/\/now-news.de\/de\/deutschland\/westen-muss-preis-fuer-terror-der-ukraine-im-gebiet-kursk-zahlen\/\" \/>\n<meta property=\"og:site_name\" content=\"just-now.NEWS Deutschland\" \/>\n<meta property=\"article:publisher\" content=\"https:\/\/www.facebook.com\/wirmachenauf\" \/>\n<meta property=\"article:published_time\" content=\"2024-08-19T11:50:20+00:00\" \/>\n<meta property=\"og:image\" content=\"https:\/\/now-news.de\/de\/wp-content\/uploads\/sites\/3\/2024\/08\/66c33200b480cc1b8d51d158.jpg\" \/>\n<meta name=\"author\" content=\"rtnews\" \/>\n<meta name=\"twitter:card\" content=\"summary_large_image\" \/>\n<meta name=\"twitter:creator\" content=\"@WirMachenAuf_de\" \/>\n<meta name=\"twitter:site\" content=\"@WirMachenAuf_de\" \/>\n<meta name=\"twitter:label1\" content=\"Verfasst von\" \/>\n\t<meta name=\"twitter:data1\" content=\"rtnews\" \/>\n\t<meta name=\"twitter:label2\" content=\"Gesch\u00e4tzte Lesezeit\" \/>\n\t<meta name=\"twitter:data2\" content=\"6\u00a0Minuten\" \/>\n<script type=\"application\/ld+json\" class=\"yoast-schema-graph\">{\"@context\":\"https:\/\/schema.org\",\"@graph\":[{\"@type\":\"Article\",\"@id\":\"https:\/\/now-news.de\/de\/deutschland\/westen-muss-preis-fuer-terror-der-ukraine-im-gebiet-kursk-zahlen\/#article\",\"isPartOf\":{\"@id\":\"https:\/\/now-news.de\/de\/deutschland\/westen-muss-preis-fuer-terror-der-ukraine-im-gebiet-kursk-zahlen\/\"},\"author\":{\"name\":\"rtnews\",\"@id\":\"https:\/\/now-news.de\/de\/#\/schema\/person\/fb534a4e865501d8b3285208df34a9b5\"},\"headline\":\"Westen muss Preis f\u00fcr Terror der Ukraine im Gebiet Kursk zahlen\",\"datePublished\":\"2024-08-19T11:50:20+00:00\",\"dateModified\":\"2024-08-19T11:50:20+00:00\",\"mainEntityOfPage\":{\"@id\":\"https:\/\/now-news.de\/de\/deutschland\/westen-muss-preis-fuer-terror-der-ukraine-im-gebiet-kursk-zahlen\/\"},\"wordCount\":1207,\"commentCount\":0,\"publisher\":{\"@id\":\"https:\/\/now-news.de\/de\/#organization\"},\"image\":{\"@id\":\"https:\/\/now-news.de\/de\/deutschland\/westen-muss-preis-fuer-terror-der-ukraine-im-gebiet-kursk-zahlen\/#primaryimage\"},\"thumbnailUrl\":\"https:\/\/now-news.de\/de\/wp-content\/uploads\/sites\/3\/2024\/08\/Westen-muss-Preis-fuer-Terror-der-Ukraine-im-Gebiet-Kursk.jpg\",\"keywords\":[\"der\",\"f\u00fcr\",\"Gebiet\",\"Kursk\",\"muss\",\"Preis\",\"terror\",\"ukraine\",\"Westen\",\"zahlen\"],\"articleSection\":[\"Deutschland\",\"Russland\"],\"inLanguage\":\"de\",\"potentialAction\":[{\"@type\":\"CommentAction\",\"name\":\"Comment\",\"target\":[\"https:\/\/now-news.de\/de\/deutschland\/westen-muss-preis-fuer-terror-der-ukraine-im-gebiet-kursk-zahlen\/#respond\"]}]},{\"@type\":\"WebPage\",\"@id\":\"https:\/\/now-news.de\/de\/deutschland\/westen-muss-preis-fuer-terror-der-ukraine-im-gebiet-kursk-zahlen\/\",\"url\":\"https:\/\/now-news.de\/de\/deutschland\/westen-muss-preis-fuer-terror-der-ukraine-im-gebiet-kursk-zahlen\/\",\"name\":\"Westen muss Preis f\u00fcr Terror der Ukraine im Gebiet Kursk zahlen - just-now.NEWS Deutschland\",\"isPartOf\":{\"@id\":\"https:\/\/now-news.de\/de\/#website\"},\"primaryImageOfPage\":{\"@id\":\"https:\/\/now-news.de\/de\/deutschland\/westen-muss-preis-fuer-terror-der-ukraine-im-gebiet-kursk-zahlen\/#primaryimage\"},\"image\":{\"@id\":\"https:\/\/now-news.de\/de\/deutschland\/westen-muss-preis-fuer-terror-der-ukraine-im-gebiet-kursk-zahlen\/#primaryimage\"},\"thumbnailUrl\":\"https:\/\/now-news.de\/de\/wp-content\/uploads\/sites\/3\/2024\/08\/Westen-muss-Preis-fuer-Terror-der-Ukraine-im-Gebiet-Kursk.jpg\",\"datePublished\":\"2024-08-19T11:50:20+00:00\",\"dateModified\":\"2024-08-19T11:50:20+00:00\",\"breadcrumb\":{\"@id\":\"https:\/\/now-news.de\/de\/deutschland\/westen-muss-preis-fuer-terror-der-ukraine-im-gebiet-kursk-zahlen\/#breadcrumb\"},\"inLanguage\":\"de\",\"potentialAction\":[{\"@type\":\"ReadAction\",\"target\":[\"https:\/\/now-news.de\/de\/deutschland\/westen-muss-preis-fuer-terror-der-ukraine-im-gebiet-kursk-zahlen\/\"]}]},{\"@type\":\"ImageObject\",\"inLanguage\":\"de\",\"@id\":\"https:\/\/now-news.de\/de\/deutschland\/westen-muss-preis-fuer-terror-der-ukraine-im-gebiet-kursk-zahlen\/#primaryimage\",\"url\":\"https:\/\/now-news.de\/de\/wp-content\/uploads\/sites\/3\/2024\/08\/Westen-muss-Preis-fuer-Terror-der-Ukraine-im-Gebiet-Kursk.jpg\",\"contentUrl\":\"https:\/\/now-news.de\/de\/wp-content\/uploads\/sites\/3\/2024\/08\/Westen-muss-Preis-fuer-Terror-der-Ukraine-im-Gebiet-Kursk.jpg\",\"width\":460,\"height\":259,\"caption\":\"Westen muss Preis f\u00fcr Terror der Ukraine im Gebiet Kursk zahlen\"},{\"@type\":\"BreadcrumbList\",\"@id\":\"https:\/\/now-news.de\/de\/deutschland\/westen-muss-preis-fuer-terror-der-ukraine-im-gebiet-kursk-zahlen\/#breadcrumb\",\"itemListElement\":[{\"@type\":\"ListItem\",\"position\":1,\"name\":\"Home\",\"item\":\"https:\/\/now-news.de\/de\/\"},{\"@type\":\"ListItem\",\"position\":2,\"name\":\"Westen muss Preis f\u00fcr Terror der Ukraine im Gebiet Kursk zahlen\"}]},{\"@type\":\"WebSite\",\"@id\":\"https:\/\/now-news.de\/de\/#website\",\"url\":\"https:\/\/now-news.de\/de\/\",\"name\":\"just-now.NEWS Deutschland\",\"description\":\"Das Portal f\u00fcr unzensierte Nachrichten aus der Welt\",\"publisher\":{\"@id\":\"https:\/\/now-news.de\/de\/#organization\"},\"potentialAction\":[{\"@type\":\"SearchAction\",\"target\":{\"@type\":\"EntryPoint\",\"urlTemplate\":\"https:\/\/now-news.de\/de\/?s={search_term_string}\"},\"query-input\":\"required name=search_term_string\"}],\"inLanguage\":\"de\"},{\"@type\":\"Organization\",\"@id\":\"https:\/\/now-news.de\/de\/#organization\",\"name\":\"Just Now News\",\"url\":\"https:\/\/now-news.de\/de\/\",\"logo\":{\"@type\":\"ImageObject\",\"inLanguage\":\"de\",\"@id\":\"https:\/\/now-news.de\/de\/#\/schema\/logo\/image\/\",\"url\":\"http:\/\/just-now.news\/de\/wp-content\/uploads\/sites\/3\/2022\/04\/logo500x500.jpg\",\"contentUrl\":\"http:\/\/just-now.news\/de\/wp-content\/uploads\/sites\/3\/2022\/04\/logo500x500.jpg\",\"width\":500,\"height\":500,\"caption\":\"Just Now News\"},\"image\":{\"@id\":\"https:\/\/now-news.de\/de\/#\/schema\/logo\/image\/\"},\"sameAs\":[\"https:\/\/www.facebook.com\/wirmachenauf\",\"https:\/\/x.com\/WirMachenAuf_de\"]},{\"@type\":\"Person\",\"@id\":\"https:\/\/now-news.de\/de\/#\/schema\/person\/fb534a4e865501d8b3285208df34a9b5\",\"name\":\"rtnews\",\"image\":{\"@type\":\"ImageObject\",\"inLanguage\":\"de\",\"@id\":\"https:\/\/now-news.de\/de\/#\/schema\/person\/image\/\",\"url\":\"https:\/\/secure.gravatar.com\/avatar\/82aafea7d8127119dd649515f56e2117?s=96&d=mm&r=g\",\"contentUrl\":\"https:\/\/secure.gravatar.com\/avatar\/82aafea7d8127119dd649515f56e2117?s=96&d=mm&r=g\",\"caption\":\"rtnews\"},\"url\":\"https:\/\/now-news.de\/de\/author\/rnews\/\"}]}<\/script>\n<!-- \/ Yoast SEO Premium plugin. -->","yoast_head_json":{"title":"Westen muss Preis f\u00fcr Terror der Ukraine im Gebiet Kursk zahlen - just-now.NEWS Deutschland","robots":{"index":"index","follow":"follow","max-snippet":"max-snippet:-1","max-image-preview":"max-image-preview:large","max-video-preview":"max-video-preview:-1"},"canonical":"https:\/\/now-news.de\/de\/deutschland\/westen-muss-preis-fuer-terror-der-ukraine-im-gebiet-kursk-zahlen\/","og_locale":"de_DE","og_type":"article","og_title":"Westen muss Preis f\u00fcr Terror der Ukraine im Gebiet Kursk zahlen","og_description":"Ende der Woche zerst\u00f6rten die ukrainischen Streitkr\u00e4fte mehrere Br\u00fccken im Gebiet Kursk durch HIMARS-Mehrfachraketenwerfer aus US-Produktion. Ist es an der Zeit f\u00fcr eine spiegelbildliche Antwort, n\u00e4mlich dass Moskau Waffen an die Gegner des Westens liefert? Von Jewgeni Posdnjakow Die ukrainischen Streitkr\u00e4fte haben erstmals Raketen aus westlicher Produktion eingesetzt, um eine Br\u00fccke im Gebiet Kursk anzugreifen. [&hellip;]","og_url":"https:\/\/now-news.de\/de\/deutschland\/westen-muss-preis-fuer-terror-der-ukraine-im-gebiet-kursk-zahlen\/","og_site_name":"just-now.NEWS Deutschland","article_publisher":"https:\/\/www.facebook.com\/wirmachenauf","article_published_time":"2024-08-19T11:50:20+00:00","og_image":[{"url":"https:\/\/now-news.de\/de\/wp-content\/uploads\/sites\/3\/2024\/08\/66c33200b480cc1b8d51d158.jpg"}],"author":"rtnews","twitter_card":"summary_large_image","twitter_creator":"@WirMachenAuf_de","twitter_site":"@WirMachenAuf_de","twitter_misc":{"Verfasst von":"rtnews","Gesch\u00e4tzte Lesezeit":"6\u00a0Minuten"},"schema":{"@context":"https:\/\/schema.org","@graph":[{"@type":"Article","@id":"https:\/\/now-news.de\/de\/deutschland\/westen-muss-preis-fuer-terror-der-ukraine-im-gebiet-kursk-zahlen\/#article","isPartOf":{"@id":"https:\/\/now-news.de\/de\/deutschland\/westen-muss-preis-fuer-terror-der-ukraine-im-gebiet-kursk-zahlen\/"},"author":{"name":"rtnews","@id":"https:\/\/now-news.de\/de\/#\/schema\/person\/fb534a4e865501d8b3285208df34a9b5"},"headline":"Westen muss Preis f\u00fcr Terror der Ukraine im Gebiet Kursk zahlen","datePublished":"2024-08-19T11:50:20+00:00","dateModified":"2024-08-19T11:50:20+00:00","mainEntityOfPage":{"@id":"https:\/\/now-news.de\/de\/deutschland\/westen-muss-preis-fuer-terror-der-ukraine-im-gebiet-kursk-zahlen\/"},"wordCount":1207,"commentCount":0,"publisher":{"@id":"https:\/\/now-news.de\/de\/#organization"},"image":{"@id":"https:\/\/now-news.de\/de\/deutschland\/westen-muss-preis-fuer-terror-der-ukraine-im-gebiet-kursk-zahlen\/#primaryimage"},"thumbnailUrl":"https:\/\/now-news.de\/de\/wp-content\/uploads\/sites\/3\/2024\/08\/Westen-muss-Preis-fuer-Terror-der-Ukraine-im-Gebiet-Kursk.jpg","keywords":["der","f\u00fcr","Gebiet","Kursk","muss","Preis","terror","ukraine","Westen","zahlen"],"articleSection":["Deutschland","Russland"],"inLanguage":"de","potentialAction":[{"@type":"CommentAction","name":"Comment","target":["https:\/\/now-news.de\/de\/deutschland\/westen-muss-preis-fuer-terror-der-ukraine-im-gebiet-kursk-zahlen\/#respond"]}]},{"@type":"WebPage","@id":"https:\/\/now-news.de\/de\/deutschland\/westen-muss-preis-fuer-terror-der-ukraine-im-gebiet-kursk-zahlen\/","url":"https:\/\/now-news.de\/de\/deutschland\/westen-muss-preis-fuer-terror-der-ukraine-im-gebiet-kursk-zahlen\/","name":"Westen muss Preis f\u00fcr Terror der Ukraine im Gebiet Kursk zahlen - just-now.NEWS Deutschland","isPartOf":{"@id":"https:\/\/now-news.de\/de\/#website"},"primaryImageOfPage":{"@id":"https:\/\/now-news.de\/de\/deutschland\/westen-muss-preis-fuer-terror-der-ukraine-im-gebiet-kursk-zahlen\/#primaryimage"},"image":{"@id":"https:\/\/now-news.de\/de\/deutschland\/westen-muss-preis-fuer-terror-der-ukraine-im-gebiet-kursk-zahlen\/#primaryimage"},"thumbnailUrl":"https:\/\/now-news.de\/de\/wp-content\/uploads\/sites\/3\/2024\/08\/Westen-muss-Preis-fuer-Terror-der-Ukraine-im-Gebiet-Kursk.jpg","datePublished":"2024-08-19T11:50:20+00:00","dateModified":"2024-08-19T11:50:20+00:00","breadcrumb":{"@id":"https:\/\/now-news.de\/de\/deutschland\/westen-muss-preis-fuer-terror-der-ukraine-im-gebiet-kursk-zahlen\/#breadcrumb"},"inLanguage":"de","potentialAction":[{"@type":"ReadAction","target":["https:\/\/now-news.de\/de\/deutschland\/westen-muss-preis-fuer-terror-der-ukraine-im-gebiet-kursk-zahlen\/"]}]},{"@type":"ImageObject","inLanguage":"de","@id":"https:\/\/now-news.de\/de\/deutschland\/westen-muss-preis-fuer-terror-der-ukraine-im-gebiet-kursk-zahlen\/#primaryimage","url":"https:\/\/now-news.de\/de\/wp-content\/uploads\/sites\/3\/2024\/08\/Westen-muss-Preis-fuer-Terror-der-Ukraine-im-Gebiet-Kursk.jpg","contentUrl":"https:\/\/now-news.de\/de\/wp-content\/uploads\/sites\/3\/2024\/08\/Westen-muss-Preis-fuer-Terror-der-Ukraine-im-Gebiet-Kursk.jpg","width":460,"height":259,"caption":"Westen muss Preis f\u00fcr Terror der Ukraine im Gebiet Kursk zahlen"},{"@type":"BreadcrumbList","@id":"https:\/\/now-news.de\/de\/deutschland\/westen-muss-preis-fuer-terror-der-ukraine-im-gebiet-kursk-zahlen\/#breadcrumb","itemListElement":[{"@type":"ListItem","position":1,"name":"Home","item":"https:\/\/now-news.de\/de\/"},{"@type":"ListItem","position":2,"name":"Westen muss Preis f\u00fcr Terror der Ukraine im Gebiet Kursk zahlen"}]},{"@type":"WebSite","@id":"https:\/\/now-news.de\/de\/#website","url":"https:\/\/now-news.de\/de\/","name":"just-now.NEWS Deutschland","description":"Das Portal f\u00fcr unzensierte Nachrichten aus der Welt","publisher":{"@id":"https:\/\/now-news.de\/de\/#organization"},"potentialAction":[{"@type":"SearchAction","target":{"@type":"EntryPoint","urlTemplate":"https:\/\/now-news.de\/de\/?s={search_term_string}"},"query-input":"required name=search_term_string"}],"inLanguage":"de"},{"@type":"Organization","@id":"https:\/\/now-news.de\/de\/#organization","name":"Just Now News","url":"https:\/\/now-news.de\/de\/","logo":{"@type":"ImageObject","inLanguage":"de","@id":"https:\/\/now-news.de\/de\/#\/schema\/logo\/image\/","url":"http:\/\/just-now.news\/de\/wp-content\/uploads\/sites\/3\/2022\/04\/logo500x500.jpg","contentUrl":"http:\/\/just-now.news\/de\/wp-content\/uploads\/sites\/3\/2022\/04\/logo500x500.jpg","width":500,"height":500,"caption":"Just Now News"},"image":{"@id":"https:\/\/now-news.de\/de\/#\/schema\/logo\/image\/"},"sameAs":["https:\/\/www.facebook.com\/wirmachenauf","https:\/\/x.com\/WirMachenAuf_de"]},{"@type":"Person","@id":"https:\/\/now-news.de\/de\/#\/schema\/person\/fb534a4e865501d8b3285208df34a9b5","name":"rtnews","image":{"@type":"ImageObject","inLanguage":"de","@id":"https:\/\/now-news.de\/de\/#\/schema\/person\/image\/","url":"https:\/\/secure.gravatar.com\/avatar\/82aafea7d8127119dd649515f56e2117?s=96&d=mm&r=g","contentUrl":"https:\/\/secure.gravatar.com\/avatar\/82aafea7d8127119dd649515f56e2117?s=96&d=mm&r=g","caption":"rtnews"},"url":"https:\/\/now-news.de\/de\/author\/rnews\/"}]}},"_links":{"self":[{"href":"https:\/\/now-news.de\/de\/wp-json\/wp\/v2\/posts\/67013"}],"collection":[{"href":"https:\/\/now-news.de\/de\/wp-json\/wp\/v2\/posts"}],"about":[{"href":"https:\/\/now-news.de\/de\/wp-json\/wp\/v2\/types\/post"}],"author":[{"embeddable":true,"href":"https:\/\/now-news.de\/de\/wp-json\/wp\/v2\/users\/3"}],"replies":[{"embeddable":true,"href":"https:\/\/now-news.de\/de\/wp-json\/wp\/v2\/comments?post=67013"}],"version-history":[{"count":0,"href":"https:\/\/now-news.de\/de\/wp-json\/wp\/v2\/posts\/67013\/revisions"}],"wp:featuredmedia":[{"embeddable":true,"href":"https:\/\/now-news.de\/de\/wp-json\/wp\/v2\/media\/67014"}],"wp:attachment":[{"href":"https:\/\/now-news.de\/de\/wp-json\/wp\/v2\/media?parent=67013"}],"wp:term":[{"taxonomy":"category","embeddable":true,"href":"https:\/\/now-news.de\/de\/wp-json\/wp\/v2\/categories?post=67013"},{"taxonomy":"post_tag","embeddable":true,"href":"https:\/\/now-news.de\/de\/wp-json\/wp\/v2\/tags?post=67013"}],"curies":[{"name":"wp","href":"https:\/\/api.w.org\/{rel}","templated":true}]}}